{"id":9992,"date":"2024-11-21T14:55:57","date_gmt":"2024-11-21T11:55:57","guid":{"rendered":"https:\/\/www.turna.com\/blog\/?p=9992"},"modified":"2025-07-11T15:45:14","modified_gmt":"2025-07-11T12:45:14","slug":"almanya-gezilecek-yerler","status":"publish","type":"post","link":"https:\/\/www.turna.com\/blog\/almanya-gezilecek-yerler","title":{"rendered":"Almanya&#8217;da Gezilecek Yerler"},"content":{"rendered":"<div id=\"ez-toc-container\" class=\"ez-toc-v2_0_82_2 counter-hierarchy ez-toc-counter ez-toc-black ez-toc-container-direction\">\n<div class=\"ez-toc-title-container\">\n<p class=\"ez-toc-title\" style=\"cursor:inherit\">\u0130\u00e7indekiler<\/p>\n<span class=\"ez-toc-title-toggle\"><a href=\"#\" class=\"ez-toc-pull-right ez-toc-btn ez-toc-btn-xs ez-toc-btn-default ez-toc-toggle\" aria-label=\"\u0130\u00e7indekiler Tablosunu A\u00e7\/Kapat\"><span class=\"ez-toc-js-icon-con\"><span class=\"\"><span class=\"eztoc-hide\" style=\"display:none;\">Toggle<\/span><span class=\"ez-toc-icon-toggle-span\"><svg style=\"fill: #ffffff;color:#ffffff\" xmlns=\"http:\/\/www.w3.org\/2000\/svg\" class=\"list-377408\" width=\"20px\" height=\"20px\" viewBox=\"0 0 24 24\" fill=\"none\"><path d=\"M6 6H4v2h2V6zm14 0H8v2h12V6zM4 11h2v2H4v-2zm16 0H8v2h12v-2zM4 16h2v2H4v-2zm16 0H8v2h12v-2z\" fill=\"currentColor\"><\/path><\/svg><svg style=\"fill: #ffffff;color:#ffffff\" class=\"arrow-unsorted-368013\" xmlns=\"http:\/\/www.w3.org\/2000\/svg\" width=\"10px\" height=\"10px\" viewBox=\"0 0 24 24\" version=\"1.2\" baseProfile=\"tiny\"><path d=\"M18.2 9.3l-6.2-6.3-6.2 6.3c-.2.2-.3.4-.3.7s.1.5.3.7c.2.2.4.3.7.3h11c.3 0 .5-.1.7-.3.2-.2.3-.5.3-.7s-.1-.5-.3-.7zM5.8 14.7l6.2 6.3 6.2-6.3c.2-.2.3-.5.3-.7s-.1-.5-.3-.7c-.2-.2-.4-.3-.7-.3h-11c-.3 0-.5.1-.7.3-.2.2-.3.5-.3.7s.1.5.3.7z\"\/><\/svg><\/span><\/span><\/span><\/a><\/span><\/div>\n<nav><ul class='ez-toc-list ez-toc-list-level-1 eztoc-toggle-hide-by-default' ><li class='ez-toc-page-1 ez-toc-heading-level-2'><a class=\"ez-toc-link ez-toc-heading-1\" href=\"https:\/\/www.turna.com\/blog\/almanya-gezilecek-yerler\/#almanyada_gormeniz_gereken_40_yer\" >Almanya&#8217;da G\u00f6rmeniz Gereken 40 Yer<\/a><ul class='ez-toc-list-level-3' ><li class='ez-toc-heading-level-3'><a class=\"ez-toc-link ez-toc-heading-2\" href=\"https:\/\/www.turna.com\/blog\/almanya-gezilecek-yerler\/#1_brandenburg_kapisi\" >1.\u00a0Brandenburg Kap\u0131s\u0131<\/a><\/li><li class='ez-toc-page-1 ez-toc-heading-level-3'><a class=\"ez-toc-link ez-toc-heading-3\" href=\"https:\/\/www.turna.com\/blog\/almanya-gezilecek-yerler\/#2_east_side_gallery\" >2. East Side Gallery<\/a><\/li><li class='ez-toc-page-1 ez-toc-heading-level-3'><a class=\"ez-toc-link ez-toc-heading-4\" href=\"https:\/\/www.turna.com\/blog\/almanya-gezilecek-yerler\/#3_alexanderplatz\" >3.\u00a0Alexanderplatz<\/a><\/li><li class='ez-toc-page-1 ez-toc-heading-level-3'><a class=\"ez-toc-link ez-toc-heading-5\" href=\"https:\/\/www.turna.com\/blog\/almanya-gezilecek-yerler\/#4_maulbronn_manastir_kompleksi\" >4.\u00a0Maulbronn Manast\u0131r Kompleksi<\/a><\/li><li class='ez-toc-page-1 ez-toc-heading-level-3'><a class=\"ez-toc-link ez-toc-heading-6\" href=\"https:\/\/www.turna.com\/blog\/almanya-gezilecek-yerler\/#5_schnoor\" >5.\u00a0Schnoor<\/a><\/li><li class='ez-toc-page-1 ez-toc-heading-level-3'><a class=\"ez-toc-link ez-toc-heading-7\" href=\"https:\/\/www.turna.com\/blog\/almanya-gezilecek-yerler\/#6leipzig\" >6.Leipzig<\/a><\/li><li class='ez-toc-page-1 ez-toc-heading-level-3'><a class=\"ez-toc-link ez-toc-heading-8\" href=\"https:\/\/www.turna.com\/blog\/almanya-gezilecek-yerler\/#7rugen_adasi\" >7.Rugen Adas\u0131<\/a><\/li><li class='ez-toc-page-1 ez-toc-heading-level-3'><a class=\"ez-toc-link ez-toc-heading-9\" href=\"https:\/\/www.turna.com\/blog\/almanya-gezilecek-yerler\/#8romantik_rhine\" >8.Romantik Rhine<\/a><\/li><li class='ez-toc-page-1 ez-toc-heading-level-3'><a class=\"ez-toc-link ez-toc-heading-10\" href=\"https:\/\/www.turna.com\/blog\/almanya-gezilecek-yerler\/#9koln\" >9.K\u00f6ln<\/a><\/li><li class='ez-toc-page-1 ez-toc-heading-level-3'><a class=\"ez-toc-link ez-toc-heading-11\" href=\"https:\/\/www.turna.com\/blog\/almanya-gezilecek-yerler\/#10dresden\" >10.Dresden<\/a><\/li><li class='ez-toc-page-1 ez-toc-heading-level-3'><a class=\"ez-toc-link ez-toc-heading-12\" href=\"https:\/\/www.turna.com\/blog\/almanya-gezilecek-yerler\/#11lubeck\" >11.Lubeck<\/a><\/li><li class='ez-toc-page-1 ez-toc-heading-level-3'><a class=\"ez-toc-link ez-toc-heading-13\" href=\"https:\/\/www.turna.com\/blog\/almanya-gezilecek-yerler\/#12heidelberg\" >12.Heidelberg<\/a><\/li><li class='ez-toc-page-1 ez-toc-heading-level-3'><a class=\"ez-toc-link ez-toc-heading-14\" href=\"https:\/\/www.turna.com\/blog\/almanya-gezilecek-yerler\/#13frankfurt\" >13.Frankfurt<\/a><\/li><li class='ez-toc-page-1 ez-toc-heading-level-3'><a class=\"ez-toc-link ez-toc-heading-15\" href=\"https:\/\/www.turna.com\/blog\/almanya-gezilecek-yerler\/#14munih\" >14.M\u00fcnih<\/a><\/li><li class='ez-toc-page-1 ez-toc-heading-level-3'><a class=\"ez-toc-link ez-toc-heading-16\" href=\"https:\/\/www.turna.com\/blog\/almanya-gezilecek-yerler\/#15berlin\" >15.Berlin<\/a><\/li><li class='ez-toc-page-1 ez-toc-heading-level-3'><a class=\"ez-toc-link ez-toc-heading-17\" href=\"https:\/\/www.turna.com\/blog\/almanya-gezilecek-yerler\/#16neuschwanstein_satosu\" >16.Neuschwanstein \u015eatosu<\/a><\/li><li class='ez-toc-page-1 ez-toc-heading-level-3'><a class=\"ez-toc-link ez-toc-heading-18\" href=\"https:\/\/www.turna.com\/blog\/almanya-gezilecek-yerler\/#17koln_katedrali\" >17.K\u00f6ln Katedrali<\/a><\/li><li class='ez-toc-page-1 ez-toc-heading-level-3'><a class=\"ez-toc-link ez-toc-heading-19\" href=\"https:\/\/www.turna.com\/blog\/almanya-gezilecek-yerler\/#18heidelberg_kalesi\" >18.Heidelberg Kalesi<\/a><\/li><li class='ez-toc-page-1 ez-toc-heading-level-3'><a class=\"ez-toc-link ez-toc-heading-20\" href=\"https:\/\/www.turna.com\/blog\/almanya-gezilecek-yerler\/#19aachen_katedrali\" >19.Aachen Katedrali<\/a><\/li><li class='ez-toc-page-1 ez-toc-heading-level-3'><a class=\"ez-toc-link ez-toc-heading-21\" href=\"https:\/\/www.turna.com\/blog\/almanya-gezilecek-yerler\/#20bergama_muzesi\" >20.Bergama M\u00fczesi<\/a><\/li><li class='ez-toc-page-1 ez-toc-heading-level-3'><a class=\"ez-toc-link ez-toc-heading-22\" href=\"https:\/\/www.turna.com\/blog\/almanya-gezilecek-yerler\/#21frauenkirche\" >21.Frauenkirche<\/a><\/li><li class='ez-toc-page-1 ez-toc-heading-level-3'><a class=\"ez-toc-link ez-toc-heading-23\" href=\"https:\/\/www.turna.com\/blog\/almanya-gezilecek-yerler\/#22rothenburg_ob_der_tauber\" >22.Rothenburg ob der Tauber<\/a><\/li><li class='ez-toc-page-1 ez-toc-heading-level-3'><a class=\"ez-toc-link ez-toc-heading-24\" href=\"https:\/\/www.turna.com\/blog\/almanya-gezilecek-yerler\/#23berlin_katedrali\" >23.Berlin Katedrali<\/a><\/li><li class='ez-toc-page-1 ez-toc-heading-level-3'><a class=\"ez-toc-link ez-toc-heading-25\" href=\"https:\/\/www.turna.com\/blog\/almanya-gezilecek-yerler\/#24linderhof_sarayi\" >24.Linderhof Saray\u0131<\/a><\/li><li class='ez-toc-page-1 ez-toc-heading-level-3'><a class=\"ez-toc-link ez-toc-heading-26\" href=\"https:\/\/www.turna.com\/blog\/almanya-gezilecek-yerler\/#25deutsches_muzesi\" >25.Deutsches M\u00fczesi<\/a><\/li><li class='ez-toc-page-1 ez-toc-heading-level-3'><a class=\"ez-toc-link ez-toc-heading-27\" href=\"https:\/\/www.turna.com\/blog\/almanya-gezilecek-yerler\/#26asam_kilisesi_asamkirche\" >26.Asam Kilisesi (Asamkirche)<\/a><\/li><li class='ez-toc-page-1 ez-toc-heading-level-3'><a class=\"ez-toc-link ez-toc-heading-28\" href=\"https:\/\/www.turna.com\/blog\/almanya-gezilecek-yerler\/#27geierlay_asma_koprusu\" >27.Geierlay Asma K\u00f6pr\u00fcs\u00fc<\/a><\/li><li class='ez-toc-page-1 ez-toc-heading-level-3'><a class=\"ez-toc-link ez-toc-heading-29\" href=\"https:\/\/www.turna.com\/blog\/almanya-gezilecek-yerler\/#28alman_tarih_muzesi_deutsches_historisches_museum\" >28.Alman Tarih M\u00fczesi (Deutsches Historisches Museum)<\/a><\/li><li class='ez-toc-page-1 ez-toc-heading-level-3'><a class=\"ez-toc-link ez-toc-heading-30\" href=\"https:\/\/www.turna.com\/blog\/almanya-gezilecek-yerler\/#29miniatur_wunderland\" >29.Miniatur Wunderland<\/a><\/li><li class='ez-toc-page-1 ez-toc-heading-level-3'><a class=\"ez-toc-link ez-toc-heading-31\" href=\"https:\/\/www.turna.com\/blog\/almanya-gezilecek-yerler\/#30triberg_selaleleri\" >30.Triberg \u015eelaleleri<\/a><\/li><li class='ez-toc-page-1 ez-toc-heading-level-3'><a class=\"ez-toc-link ez-toc-heading-32\" href=\"https:\/\/www.turna.com\/blog\/almanya-gezilecek-yerler\/#31stuttgart_sehir_kutuphanesi\" >31.Stuttgart \u015eehir K\u00fct\u00fcphanesi<\/a><\/li><li class='ez-toc-page-1 ez-toc-heading-level-3'><a class=\"ez-toc-link ez-toc-heading-33\" href=\"https:\/\/www.turna.com\/blog\/almanya-gezilecek-yerler\/#32zugspitze_dagi\" >32.Zugspitze Da\u011f\u0131<\/a><\/li><li class='ez-toc-page-1 ez-toc-heading-level-3'><a class=\"ez-toc-link ez-toc-heading-34\" href=\"https:\/\/www.turna.com\/blog\/almanya-gezilecek-yerler\/#33holokost_aniti\" >33.Holokost An\u0131t\u0131<\/a><\/li><li class='ez-toc-page-1 ez-toc-heading-level-3'><a class=\"ez-toc-link ez-toc-heading-35\" href=\"https:\/\/www.turna.com\/blog\/almanya-gezilecek-yerler\/#34harz_ulusal_parki\" >34.Harz Ulusal Park\u0131<\/a><\/li><li class='ez-toc-page-1 ez-toc-heading-level-3'><a class=\"ez-toc-link ez-toc-heading-36\" href=\"https:\/\/www.turna.com\/blog\/almanya-gezilecek-yerler\/#35mainau_adasi\" >35.Mainau Adas\u0131<\/a><\/li><li class='ez-toc-page-1 ez-toc-heading-level-3'><a class=\"ez-toc-link ez-toc-heading-37\" href=\"https:\/\/www.turna.com\/blog\/almanya-gezilecek-yerler\/#36ozeaneum_akvaryumu\" >36.Ozeaneum Akvaryumu<\/a><\/li><li class='ez-toc-page-1 ez-toc-heading-level-3'><a class=\"ez-toc-link ez-toc-heading-38\" href=\"https:\/\/www.turna.com\/blog\/almanya-gezilecek-yerler\/#37wies_hac_kilisesi\" >37.Wies Hac Kilisesi<\/a><\/li><li class='ez-toc-page-1 ez-toc-heading-level-3'><a class=\"ez-toc-link ez-toc-heading-39\" href=\"https:\/\/www.turna.com\/blog\/almanya-gezilecek-yerler\/#38konstanz_golu\" >38.Konstanz G\u00f6l\u00fc<\/a><\/li><li class='ez-toc-page-1 ez-toc-heading-level-3'><a class=\"ez-toc-link ez-toc-heading-40\" href=\"https:\/\/www.turna.com\/blog\/almanya-gezilecek-yerler\/#39planten_un_blomen_park\" >39.Planten un Blomen Park<\/a><\/li><li class='ez-toc-page-1 ez-toc-heading-level-3'><a class=\"ez-toc-link ez-toc-heading-41\" href=\"https:\/\/www.turna.com\/blog\/almanya-gezilecek-yerler\/#40hamburg_uluslararasi_denizcilik_muzesi\" >40.Hamburg Uluslararas\u0131 Denizcilik M\u00fczesi<\/a><\/li><\/ul><\/li><\/ul><\/nav><\/div>\n\n<p>D\u00fczenli ya\u015fam\u0131 sevenler i\u00e7in olduk\u00e7a cazip bir yerle\u015fim merkezi olan <a href=\"https:\/\/www.turna.com\/blog\/ulkeler\/avrupa\/almanya\" target=\"_blank\" rel=\"noopener noreferrer\">Almanya<\/a>, \u0130kinci D\u00fcnya Sava\u015f\u0131&#8217;n\u0131n ard\u0131ndan h\u0131zl\u0131 bir ekonomik ve siyasi b\u00fcy\u00fcme yakalayarak, d\u00fcnyan\u0131n en \u00f6nemli \u00fclkeleri aras\u0131na girdi. Bu g\u00fc\u00e7l\u00fc y\u00fcz\u00fcn\u00fcn yan\u0131 s\u0131ra say\u0131s\u0131z m\u00fczeye ev sahipli\u011fi yapan tarihi \u015fehirleri, nefes kesen g\u00f6r\u00fcn\u00fcmleriyle kendine hayran b\u0131rakan do\u011fal g\u00fczellikleri ve zengin k\u00fclt\u00fcrel dokusuyla da bilinen Almanya, Avrupa turuna \u00e7\u0131kan gezginlerin ve turistlerin g\u00f6zde rotalar\u0131 aras\u0131nda. \u0130\u015fte bu etkileyici \u00fclkede g\u00f6rmeniz gereken yerlerden baz\u0131lar\u0131.<\/p>\n\n\n\n<h2 class=\"wp-block-heading has-text-align-center has-neeon-button-dark-gray-color has-text-color has-link-color wp-elements-295714862d0919c50b699d31bc93d7dd\"><span class=\"ez-toc-section\" id=\"almanyada_gormeniz_gereken_40_yer\"><\/span><strong><strong>Almanya&#8217;da G\u00f6rmeniz Gereken 40 Yer<\/strong><\/strong><span class=\"ez-toc-section-end\"><\/span><\/h2>\n\n\n\n<h3 class=\"wp-block-heading has-text-align-center has-neeon-button-dark-gray-color has-text-color has-link-color wp-elements-6d4574849bf007251d79358ee7ab27b8\"><span class=\"ez-toc-section\" id=\"1_brandenburg_kapisi\"><\/span><strong><strong><strong>1.\u00a0Brandenburg Kap\u0131s\u0131<\/strong><\/strong><\/strong><span class=\"ez-toc-section-end\"><\/span><\/h3>\n\n\n\n<figure class=\"wp-block-image size-large\"><img decoding=\"async\" src=\"https:\/\/res.cloudinary.com\/turna\/image\/upload\/v1732192202\/wordpress-contents\/Brandenburg_Kap%C4%B1s%C4%B1%C4%B1.jpg\" alt=\"\"\/><\/figure>\n\n\n\n<p>G\u00f6rkemli g\u00f6r\u00fcnt\u00fcs\u00fcyle \u00fclkenin en \u00e7ok ziyaret\u00e7i \u00e7eken yap\u0131lar\u0131 aras\u0131nda bulunan <strong>Brandenburg Kap\u0131s\u0131 (Brandenburg Gate)<\/strong>, Berlin s\u0131n\u0131rlar\u0131 i\u00e7inde kal\u0131yor. Hem \u015fehrin hem de \u00fclkenin sembol yap\u0131lar\u0131ndan biri olarak kabul edilen bu tarihi kap\u0131, Neo-klasik mimarisi ve ta\u015f s\u00fcslemeleriyle 1791 y\u0131l\u0131ndan bu yana ayakta.<\/p>\n\n\n\n<h3 class=\"wp-block-heading has-text-align-center has-neeon-button-dark-gray-color has-text-color has-link-color wp-elements-c548fb1e8a77037516e4a72fbe8d3242\"><span class=\"ez-toc-section\" id=\"2_east_side_gallery\"><\/span><strong><strong><strong>2. East Side Gallery<\/strong><\/strong><\/strong><span class=\"ez-toc-section-end\"><\/span><\/h3>\n\n\n\n<p>D\u00fcnyan\u0131n en b\u00fcy\u00fck a\u00e7\u0131k hava galerisi olan <strong>East Side Gallery<\/strong>,&nbsp;Berlin Duvar\u0131&#8217;n\u0131n 1.3 kilometrelik b\u00f6l\u00fcm\u00fcn\u00fc kapl\u0131yor.&nbsp;Berlin&#8217;in Friedrichshain-Kreuzberg semtinde yer alan bu galeri, ayn\u0131 zamanda uluslararas\u0131 bir \u00f6zg\u00fcrl\u00fck an\u0131t\u0131 olarak kabul ediliyor. J\u00fcrgen Grosse (INDIANO), Dimitri Vrubel, Siegfrid Santoni, Bodo Sperling, Kasra Alavi gibi \u00fcnl\u00fc sanat\u00e7\u0131lar\u0131n eserleriyle kapl\u0131 olan East Side Gallery, \u00fclkenin en pop\u00fcler yerlerinden biri.<\/p>\n\n\n\n<h3 class=\"wp-block-heading has-text-align-center has-neeon-button-dark-gray-color has-text-color has-link-color wp-elements-1515518fe10adaaeda373114e8534d75\"><span class=\"ez-toc-section\" id=\"3_alexanderplatz\"><\/span><strong><strong><strong>3.\u00a0Alexanderplatz<\/strong><\/strong><\/strong><span class=\"ez-toc-section-end\"><\/span><\/h3>\n\n\n\n<figure class=\"wp-block-image\"><img width=\"800\" height=\"500\" data-public-id=\"Alexanderplatz_ax85ih\/Alexanderplatz_ax85ih.jpg\" fetchpriority=\"high\" decoding=\"async\" src=\"https:\/\/res.cloudinary.com\/turna\/images\/w_800,h_500,c_scale\/f_auto,q_auto:low\/v1508592837\/Alexanderplatz_ax85ih\/Alexanderplatz_ax85ih.jpg?_i=AA\" alt=\"\" class=\"wp-post-9992 wp-image-10000\" data-format=\"jpg\" data-transformations=\"f_auto,q_auto:low\" data-version=\"1508592837\" data-seo=\"1\" srcset=\"https:\/\/res.cloudinary.com\/turna\/images\/f_auto,q_auto:low\/v1508592837\/Alexanderplatz_ax85ih\/Alexanderplatz_ax85ih.jpg?_i=AA 800w, https:\/\/res.cloudinary.com\/turna\/images\/w_300,h_188,c_scale\/f_auto,q_auto:low\/v1508592837\/Alexanderplatz_ax85ih\/Alexanderplatz_ax85ih.jpg?_i=AA 300w, https:\/\/res.cloudinary.com\/turna\/images\/w_672,h_420,c_scale\/f_auto,q_auto:low\/v1508592837\/Alexanderplatz_ax85ih\/Alexanderplatz_ax85ih.jpg?_i=AA 672w, https:\/\/res.cloudinary.com\/turna\/images\/w_640,h_400,c_scale\/f_auto,q_auto:low\/v1508592837\/Alexanderplatz_ax85ih\/Alexanderplatz_ax85ih.jpg?_i=AA 640w, https:\/\/res.cloudinary.com\/turna\/images\/w_681,h_426,c_scale\/f_auto,q_auto:low\/v1508592837\/Alexanderplatz_ax85ih\/Alexanderplatz_ax85ih.jpg?_i=AA 681w\" sizes=\"(max-width: 800px) 100vw, 800px\" \/><\/figure>\n\n\n\n<p>Berlinliler taraf\u0131ndan Alex ismiyle de bilinen&nbsp;<strong>Alexanderplatz<\/strong>, \u015fehrin \u00f6nemli meydanlar\u0131 aras\u0131nda yer al\u0131yor. Berlin&#8217;in&nbsp;en hareketli ve canl\u0131 noktalar\u0131ndan biri olan bu meydan, hem turistlerin hem de yerel halk\u0131n en pop\u00fcler bulu\u015fma noktalar\u0131ndan. Berlin Duvar\u0131&#8217;n\u0131n y\u0131k\u0131lmas\u0131n\u0131n ard\u0131ndan olduk\u00e7a kapsaml\u0131 bir restorasyon s\u00fcrecinden ge\u00e7en meydan \u00e7evresi, g\u00f6z kama\u015ft\u0131ran g\u00f6r\u00fcnt\u00fcs\u00fcyle \u015fehrin en etkileyici yerlerinden.<\/p>\n\n\n\n<h3 class=\"wp-block-heading has-text-align-center has-neeon-button-dark-gray-color has-text-color has-link-color wp-elements-685040cd4b351c553ae7ac44c656b6c5\"><span class=\"ez-toc-section\" id=\"4_maulbronn_manastir_kompleksi\"><\/span><strong><strong><strong>4.\u00a0Maulbronn Manast\u0131r Kompleksi<\/strong><\/strong><\/strong><span class=\"ez-toc-section-end\"><\/span><\/h3>\n\n\n\n<p>Stuttgart \u015fehir merkezine yakla\u015f\u0131k 40 kilometre uzakl\u0131ktaki <strong>Maulbronn Manast\u0131r Kompleksi<\/strong>,<strong>&nbsp;<\/strong>1993 y\u0131l\u0131ndan bu yana UNESCO D\u00fcnya Miras\u0131 Listesinde yer al\u0131yor.&nbsp;1147 y\u0131l\u0131nda Cistercian rahipleri taraf\u0131ndan kurulan bu tarihi yap\u0131, k\u00fclt\u00fcrel geziler yapmay\u0131 seven gezginlerin g\u00f6zde ziyaret adresleri aras\u0131nda bulunuyor.<\/p>\n\n\n\n<h3 class=\"wp-block-heading has-text-align-center has-neeon-button-dark-gray-color has-text-color has-link-color wp-elements-0392efd20d51b01936604e27c74e7442\"><span class=\"ez-toc-section\" id=\"5_schnoor\"><\/span><strong><strong><strong>5.\u00a0Schnoor<\/strong><\/strong><\/strong><span class=\"ez-toc-section-end\"><\/span><\/h3>\n\n\n\n<figure class=\"wp-block-image\"><img width=\"800\" height=\"500\" data-public-id=\"Schnoor_zx69j3\/Schnoor_zx69j3.jpg\" decoding=\"async\" src=\"https:\/\/res.cloudinary.com\/turna\/images\/w_800,h_500,c_scale\/f_auto,q_auto:low\/v1508592808\/Schnoor_zx69j3\/Schnoor_zx69j3.jpg?_i=AA\" alt=\"\" class=\"wp-post-9992 wp-image-9999\" data-format=\"jpg\" data-transformations=\"f_auto,q_auto:low\" data-version=\"1508592808\" data-seo=\"1\" srcset=\"https:\/\/res.cloudinary.com\/turna\/images\/f_auto,q_auto:low\/v1508592808\/Schnoor_zx69j3\/Schnoor_zx69j3.jpg?_i=AA 800w, https:\/\/res.cloudinary.com\/turna\/images\/w_300,h_188,c_scale\/f_auto,q_auto:low\/v1508592808\/Schnoor_zx69j3\/Schnoor_zx69j3.jpg?_i=AA 300w, https:\/\/res.cloudinary.com\/turna\/images\/w_672,h_420,c_scale\/f_auto,q_auto:low\/v1508592808\/Schnoor_zx69j3\/Schnoor_zx69j3.jpg?_i=AA 672w, https:\/\/res.cloudinary.com\/turna\/images\/w_640,h_400,c_scale\/f_auto,q_auto:low\/v1508592808\/Schnoor_zx69j3\/Schnoor_zx69j3.jpg?_i=AA 640w, https:\/\/res.cloudinary.com\/turna\/images\/w_681,h_426,c_scale\/f_auto,q_auto:low\/v1508592808\/Schnoor_zx69j3\/Schnoor_zx69j3.jpg?_i=AA 681w\" sizes=\"(max-width: 800px) 100vw, 800px\" \/><\/figure>\n\n\n\n<p>Bremen \u015fehrine ba\u011fl\u0131 bir Orta \u00c7a\u011f b\u00f6lgesi olan&nbsp;<strong>Schnoor<\/strong>, uzun y\u0131llar bal\u0131k\u00e7\u0131lar ve t\u00fcccarlara ev sahipli\u011fi yapt\u0131. Ta\u015f ve tu\u011fladan yap\u0131lan evleri, hediyelik e\u015fya d\u00fckkanlar\u0131, \u015firin kafeleri ve tarihi yap\u0131lar\u0131yla \u00f6ne \u00e7\u0131kan bu b\u00f6lgede 14. y\u00fczy\u0131ldan kalma&nbsp;Aziz John Kilisesi,&nbsp;Schifferhaus ve&nbsp;Landherrnamt binas\u0131 gibi turistik yerleri mutlaka g\u00f6rmelisiniz.<\/p>\n\n\n\n<h3 class=\"wp-block-heading has-text-align-center has-neeon-button-dark-gray-color has-text-color has-link-color wp-elements-be6af874f1a1671610053c2d154adf9e\"><span class=\"ez-toc-section\" id=\"6leipzig\"><\/span><strong><strong><strong>6.Leipzig<\/strong><\/strong><\/strong><span class=\"ez-toc-section-end\"><\/span><\/h3>\n\n\n\n<figure class=\"wp-block-image size-large\"><img decoding=\"async\" src=\"https:\/\/res.cloudinary.com\/turna\/image\/upload\/v1732185996\/wordpress-contents\/leipzig.jpg\" alt=\"\"\/><\/figure>\n\n\n\n<p>Saksonya\u2019n\u0131n en b\u00fcy\u00fck \u015fehri olan Leipzig renkli sanat hayat\u0131 ve Bach, Wagner ve Mendelsshon gibi me\u015fhur m\u00fczik dehalar\u0131 ile \u015fekillenmi\u015f k\u00fclt\u00fcr\u00fc ile biliniyor. Gelen turistler Bach\u2019\u0131n m\u00fcziklerini bir zamanlar koro liderli\u011fi yapt\u0131\u011f\u0131 ve \u015fimdi de g\u00f6m\u00fcl\u00fc oldu\u011fu St. Thomas Kilisesinde dinleyebiliyorlar. Tarihi b\u00f6lgelere ek olarak eski belediye binas\u0131, Napoleonic an\u0131t\u0131 ve Reichsgericht gibi ola\u011fan\u00fcst\u00fc yap\u0131lara da sahip. Avrupa\u2019n\u0131n en b\u00fcy\u00fck meydanlar\u0131ndan biri olan Augustusplatz Almanya\u2019n\u0131n en eski ikinci \u00fcniversitesinin ana kamp\u00fcs\u00fcnde bulunuyor.<\/p>\n\n\n\n<h3 class=\"wp-block-heading has-text-align-center has-neeon-button-dark-gray-color has-text-color has-link-color wp-elements-f1de4628fd87e91e9af3d9c3e3c24317\"><span class=\"ez-toc-section\" id=\"7rugen_adasi\"><\/span><strong><strong><strong>7.Rugen Adas\u0131<\/strong><\/strong><\/strong><span class=\"ez-toc-section-end\"><\/span><\/h3>\n\n\n\n<p>Balt\u0131k denizinde yer alan Rugen Adas\u0131 Almanya\u2019n\u0131n en b\u00fcy\u00fck adas\u0131 ve Rugen k\u00f6pr\u00fcs\u00fcyle anakaraya ba\u011flan\u0131yor. B\u00fcy\u00fcleyici villalar, romantik deniz kenar\u0131 resortlar\u0131 ve harika plajlar\u0131 ile turistleri cezbetmeyi ba\u015farsa da adan\u0131n as\u0131l etkinli\u011fi Jasmun Ulusal Park\u0131. 161 metre y\u00fcksekli\u011fe ula\u015fan tebe\u015fir kayalar\u0131 ger\u00e7ekten e\u015fsiz bir g\u00f6r\u00fcnt\u00fc sunuyor. Rugen Adas\u0131n\u0131n bir di\u011fer \u00f6nemli \u00f6zelli\u011fi de Arkona Burnu. Do\u011fu Almanya\u2019n\u0131n en kuzey ucu olan burunda ziyaret\u00e7iler eski bir deniz fenerini, harabe haldeki bir Slav kalesini ve \u00e7ok sevimli bir bal\u0131k\u00e7\u0131 k\u00f6y\u00fcn\u00fc ziyaret edebilirler.<\/p>\n\n\n\n<h3 class=\"wp-block-heading has-text-align-center has-neeon-button-dark-gray-color has-text-color has-link-color wp-elements-b444093a31237b5545aeff484fce5798\"><span class=\"ez-toc-section\" id=\"8romantik_rhine\"><\/span><strong><strong><strong>8.Romantik Rhine<\/strong><\/strong><\/strong><span class=\"ez-toc-section-end\"><\/span><\/h3>\n\n\n\n<p>Bingen ve Bonn \u015fehirleri aras\u0131nda uzanan Rhine, Rhine ge\u00e7idi ad\u0131 verilen bir jeolojik olu\u015fumla ak\u0131p giden bir nehir. Bu b\u00f6lge i\u00e7erisine 40 orta\u00e7a\u011f kalesi, muhte\u015fem k\u00f6yler ve \u00fcz\u00fcm ba\u011flar\u0131 yer al\u0131yor. B\u00f6lgenin en \u00f6nemli do\u011fal \u00f6zelli\u011fi ise Rhine ge\u00e7idinin en derin ve en dar b\u00f6lgesi olan Lorelei. Daha \u00f6nceleri bir\u00e7ok tekne kazas\u0131na yol a\u00e7m\u0131\u015f olan \u00e7ok tehlikeli bir ta\u015f olu\u015fumuna sahip.<\/p>\n\n\n\n<h3 class=\"wp-block-heading has-text-align-center has-neeon-button-dark-gray-color has-text-color has-link-color wp-elements-29e0f44af7017a52d8e2396d04cf44be\"><span class=\"ez-toc-section\" id=\"9koln\"><\/span><strong><strong><strong>9.K\u00f6ln<\/strong><\/strong><\/strong><span class=\"ez-toc-section-end\"><\/span><\/h3>\n\n\n\n<figure class=\"wp-block-image size-large\"><img decoding=\"async\" src=\"https:\/\/res.cloudinary.com\/turna\/image\/upload\/v1732186004\/wordpress-contents\/k%C3%B6ln.jpg\" alt=\"\"\/><\/figure>\n\n\n\n<p>Rhine Nehrinin \u00fczerinde yer alan K\u00f6ln Almanya\u2019da en fazla ziyaret edilen yerlerden biri. \u015eehirde \u00e7ok fazla etkinlik, \u00e7\u0131lg\u0131n bir gece hayat\u0131 ve \u00e7ok ilgin\u00e7 bir sanat ve k\u00fclt\u00fcr ak\u0131m\u0131 yer al\u0131yor. K\u00f6ln bu \u00e7\u0131lg\u0131n gece hayat\u0131na ra\u011fmen ayn\u0131 zamanda Katedraller, Gotik kiliseler ve \u00e7ok daha fazlas\u0131 olan Romanesk kiliselerin en muhte\u015fem \u00f6rneklerini g\u00f6rebilece\u011finiz orta\u00e7a\u011f yap\u0131lar\u0131n\u0131n da bulundu\u011fu bir \u015fehir.<\/p>\n\n\n\n<h3 class=\"wp-block-heading has-text-align-center has-neeon-button-dark-gray-color has-text-color has-link-color wp-elements-d4596548c6b3996155155aa6c891aaf8\"><span class=\"ez-toc-section\" id=\"10dresden\"><\/span><strong><strong><strong>10.Dresden<\/strong><\/strong><\/strong><span class=\"ez-toc-section-end\"><\/span><\/h3>\n\n\n\n<figure class=\"wp-block-image size-large\"><img decoding=\"async\" src=\"https:\/\/res.cloudinary.com\/turna\/image\/upload\/v1731652084\/wordpress-contents\/Dresden.jpg\" alt=\"\"\/><\/figure>\n\n\n\n<p>1. D\u00fcnya Sava\u015f\u0131nda \u00e7ok a\u011f\u0131r hasarl\u0131 olmas\u0131na ra\u011fmen Dresden sahip oldu\u011fu paha bi\u00e7ilmez sanat ve mimari koleksiyonlar\u0131 ile biliniyor. Y\u0131llar sonra \u015fehir neredeyse tamamen onar\u0131larak o eski ihti\u015fam\u0131n\u0131n b\u00fcy\u00fck bir k\u0131sm\u0131n\u0131 geri kazand\u0131. Saksonya federal devletinin ba\u015fkenti olan \u015fehir Frauenkirshe kaderali ba\u015fta olmak \u00fczere bir\u00e7ok tarihi b\u00f6lgeye de sahip. Semper Opera gibi k\u00fclt\u00fcrel enstit\u00fcler de yine \u015fehrin bir\u00e7ok yerinde bulunabiliyor.<\/p>\n\n\n\n<h3 class=\"wp-block-heading has-text-align-center has-neeon-button-dark-gray-color has-text-color has-link-color wp-elements-8ab27f28a8e145198afd74f9bec56290\"><span class=\"ez-toc-section\" id=\"11lubeck\"><\/span><strong><strong><strong>11.Lubeck<\/strong><\/strong><\/strong><span class=\"ez-toc-section-end\"><\/span><\/h3>\n\n\n\n<p>Balt\u0131k denizinin en b\u00fcy\u00fck deniz sporlar\u0131na sahip olan L\u00fcbeck Almanya\u2019n\u0131n en kuzey b\u00f6l\u00fcm\u00fc olan Schleswig-Holstein\u2019da yer al\u0131yor. 1143 y\u0131l\u0131nda kurulan L\u00fcbeck, y\u0131llarca Hansa Birli\u011finin ba\u015fkenti olarak g\u00f6rev yapt\u0131. II. D\u00fcnya Sava\u015f\u0131nda ilk bombalar\u0131n at\u0131ld\u0131\u011f\u0131 ve tahrip edilen \u015fehir olsa da L\u00fcbeck halen orta\u00e7a\u011f mimarisini \u00e7ok ba\u015far\u0131l\u0131 bir bi\u00e7imde korumaya devam ediyor ve bu da buray\u0131 turistler i\u00e7in \u00e7ok \u00e7ekici bir b\u00f6lge haline getiriyor. Altstadt\u2019\u0131n dar sokaklar\u0131 muhte\u015fem katedralin, 12. Y\u00fczy\u0131l belediye binas\u0131n\u0131n ve eski \u015fehir merkezi olan Holstentor\u2019un g\u00f6rkemli havas\u0131n\u0131 ya\u015fat\u0131yor.<\/p>\n\n\n\n<h3 class=\"wp-block-heading has-text-align-center has-neeon-button-dark-gray-color has-text-color has-link-color wp-elements-1a6ba5118079ed2119e8cb1afed125fe\"><span class=\"ez-toc-section\" id=\"12heidelberg\"><\/span><strong><strong><strong>12.Heidelberg<\/strong><\/strong><\/strong><span class=\"ez-toc-section-end\"><\/span><\/h3>\n\n\n\n<figure class=\"wp-block-image size-large\"><img decoding=\"async\" src=\"https:\/\/res.cloudinary.com\/turna\/image\/upload\/v1731652085\/wordpress-contents\/Heidelberg.jpg\" alt=\"\"\/><\/figure>\n\n\n\n<p>Tarihi eski k\u00f6pr\u00fc, Heidelberg Kalesi, Kutsal Ruh Kilisesi ve \u015e\u00f6valye St. George House gibi orta\u00e7a\u011f hazinelerine sahip olan \u015fehir turistler i\u00e7in tam bir tarihi \u015f\u00f6len. \u015eehrin merkezi olan Hapustrasse ana cadde ve publar, restoranlar, m\u00fczeler, sanat galerileri, d\u00fckk\u00e2nlar ve \u00e7e\u015fit \u00e7e\u015fit bira satan marketlerle dolup ta\u015f\u0131yor. Almanya\u2019n\u0131n en eski \u00fcniversitesi ne ev sahipli\u011fi yapan Heidelberg\u2019in akademik tarihi bir zamanlar profes\u00f6r ve filozoflar\u0131n y\u00fcr\u00fcd\u00fc\u011f\u00fc yol olan \u201cFilozofun Yolu\u201dna kadar uzan\u0131yor.<\/p>\n\n\n\n<h3 class=\"wp-block-heading has-text-align-center has-neeon-button-dark-gray-color has-text-color has-link-color wp-elements-f720234b6fe0df0124e651e706462922\"><span class=\"ez-toc-section\" id=\"13frankfurt\"><\/span><strong><strong><strong>13.Frankfurt<\/strong><\/strong><\/strong><span class=\"ez-toc-section-end\"><\/span><\/h3>\n\n\n\n<figure class=\"wp-block-image size-large\"><img decoding=\"async\" src=\"https:\/\/res.cloudinary.com\/turna\/image\/upload\/v1732186011\/wordpress-contents\/frankfurt.jpg\" alt=\"\"\/><\/figure>\n\n\n\n<p>Frankfurt, Almanya\u2019n\u0131n finans ve k\u00fclt\u00fcr merkezi olarak modern g\u00f6kdelenlerin aras\u0131nda tarihin izlerini ta\u015f\u0131yan e\u015fsiz bir \u015fehir. Avrupa\u2019n\u0131n en b\u00fcy\u00fck havaalanlar\u0131ndan birine ev sahipli\u011fi yapan bu kozmopolit metropol, R\u00f6mer Meydan\u0131\u2019ndaki Orta \u00c7a\u011f mimarisinden Main Tower\u2019\u0131n panoramik manzaralar\u0131na, \u00fcnl\u00fc yazar Goethe\u2019nin do\u011fdu\u011fu evden, Main Nehri boyunca uzanan sanat dolu m\u00fcze \u015feridine kadar say\u0131s\u0131z g\u00fczelli\u011fi bir arada sunuyor.<\/p>\n\n\n\n<h3 class=\"wp-block-heading has-text-align-center has-neeon-button-dark-gray-color has-text-color has-link-color wp-elements-a4c9a5b7018a3c15d0b057f9b42b2113\"><span class=\"ez-toc-section\" id=\"14munih\"><\/span><strong><strong><strong>14.M\u00fcnih<\/strong><\/strong><\/strong><span class=\"ez-toc-section-end\"><\/span><\/h3>\n\n\n\n<p>Me\u015fhur Oktoberfest festivali ile her sene g\u00fcndemde olan M\u00fcnih i\u00e7inde bulundurdu\u011fu muhte\u015fem k\u00fclt\u00fcr atmosferiyle kesinlikle gidilebilecek en g\u00fczel yerlerin ba\u015f\u0131nda geliyor. Bir\u00e7ok sofistike operalara, tiyatrolara ev sahipli\u011fi yap\u0131yor. \u015eehir merkezi klasik ve modern mimarinin harika bir kar\u015f\u0131m\u0131 demek yalan olmaz. Tarihi kiliseler, orta\u00e7a\u011f duvarlar\u0131 ve kraliyet saraylar\u0131 ile al\u0131\u015fveri\u015f merkezleri, gece kul\u00fcpleri neredeyse i\u00e7 i\u00e7e ge\u00e7iyor. M\u00fcnih\u2019in Oktoberfest festivali 1810 y\u0131l\u0131ndaki bir kraliyet d\u00fc\u011f\u00fcn\u00fc ile ba\u015flad\u0131. G\u00fcn\u00fcm\u00fczde ise bu me\u015fhur bira festivali her y\u0131l milyonlarca ziyaret\u00e7iyi devasa bira bardaklar\u0131 ve \u00e7ad\u0131rlar\u0131nda litrelerce bira i\u00e7mek i\u00e7in \u00e7ok cazip bir davet sunuyor.<\/p>\n\n\n\n<h3 class=\"wp-block-heading has-text-align-center has-neeon-button-dark-gray-color has-text-color has-link-color wp-elements-6710fb401eab1df762a09110d5bf9322\"><span class=\"ez-toc-section\" id=\"15berlin\"><\/span><strong><strong><strong>15.Berlin<\/strong><\/strong><\/strong><span class=\"ez-toc-section-end\"><\/span><\/h3>\n\n\n\n<figure class=\"wp-block-image size-large\"><img decoding=\"async\" src=\"https:\/\/res.cloudinary.com\/turna\/image\/upload\/v1732186032\/wordpress-contents\/berlin1.jpg\" alt=\"\"\/><\/figure>\n\n\n\n<p>Almanya\u2019n\u0131n ba\u015fkenti olan Berlin II. D\u00fcnya Sava\u015f\u0131ndaki tarihi ve so\u011fuk sava\u015f d\u00f6neminde Almanya\u2019y\u0131 Do\u011fu ve Bat\u0131 \u015feklinde ikiye ay\u0131ran duvar\u0131 ile hat\u0131rlan\u0131yor. 1989\u2019da duvar\u0131n y\u0131k\u0131lmas\u0131yla etnik gruplar\u0131n ve g\u00f6r\u00fclebilecek y\u00fczlerce yerin, k\u00fclt\u00fcr\u00fcn ve gece hayat\u0131n\u0131n tekrar birle\u015fti\u011fi \u00e7ok b\u00fcy\u00fck bir \u015fehir haline geri d\u00f6nd\u00fc. Duvar\u0131n y\u0131k\u0131lm\u0131\u015f olmas\u0131na kar\u015f\u0131n halen baz\u0131 b\u00f6lgelerde par\u00e7alar\u0131 kalm\u0131\u015f durumda, g\u00f6rmek isterseniz Checkpoint Charlie ve Reichstag taraf\u0131na bakabilirsiniz.<\/p>\n\n\n\n<h3 class=\"wp-block-heading has-text-align-center has-neeon-button-dark-gray-color has-text-color has-link-color wp-elements-d2d5497f50b9efadad8b7dbf73431cd6\"><span class=\"ez-toc-section\" id=\"16neuschwanstein_satosu\"><\/span><strong><strong><strong>16.Neuschwanstein \u015eatosu<\/strong><\/strong><\/strong><span class=\"ez-toc-section-end\"><\/span><\/h3>\n\n\n\n<figure class=\"wp-block-image size-large\"><img decoding=\"async\" src=\"https:\/\/res.cloudinary.com\/turna\/image\/upload\/v1731652084\/wordpress-contents\/Neuschwanstein.jpg\" alt=\"\"\/><\/figure>\n\n\n\n<p>Bavyera&#8217;n\u0131n b\u00fcy\u00fcleyici da\u011flar\u0131n\u0131n aras\u0131nda bir masal diyar\u0131\u2026 Neuschwanstein \u015eatosu, Disneyland\u2019\u0131n \u00fcnl\u00fc \u015fatosuna ilham olmu\u015f ger\u00e7ek bir sanat eseri. 19. y\u00fczy\u0131lda II. Ludwig\u2019in yapt\u0131rd\u0131\u011f\u0131 bu \u015fato, Gotik ve Romanesk mimarinin kusursuz bir birle\u015fimi. \u015eatonun ihti\u015faml\u0131 kuleleri, sisli da\u011flarla \u00e7evrili nefes kesici manzaras\u0131yla birle\u015fince kendinizi adeta bir peri masal\u0131n\u0131n kahraman\u0131 gibi hissediyorsunuz. Bavyera\u2019n\u0131n en ikonik simgelerinden biri olan bu \u015fato, her y\u0131l milyonlarca ziyaret\u00e7iyi kendine hayran b\u0131rak\u0131yor. Foto\u011fraf makinenizi yan\u0131n\u0131za almay\u0131 unutmay\u0131n!<\/p>\n\n\n\n<h3 class=\"wp-block-heading has-text-align-center has-neeon-button-dark-gray-color has-text-color has-link-color wp-elements-8833f49d8e64a713c3478dc43ffd7584\"><span class=\"ez-toc-section\" id=\"17koln_katedrali\"><\/span><strong><strong><strong>17.K\u00f6ln Katedrali<\/strong><\/strong><\/strong><span class=\"ez-toc-section-end\"><\/span><\/h3>\n\n\n\n<figure class=\"wp-block-image size-large\"><img decoding=\"async\" src=\"https:\/\/res.cloudinary.com\/turna\/image\/upload\/v1732186041\/wordpress-contents\/koln_katedrali.jpg\" alt=\"\"\/><\/figure>\n\n\n\n<p>Avrupa\u2019n\u0131n en g\u00f6rkemli gotik yap\u0131lar\u0131ndan biriyle tan\u0131\u015fmaya haz\u0131r olun: K\u00f6ln Katedrali. Almanya\u2019n\u0131n en \u00e7ok ziyaret edilen yap\u0131s\u0131 olan bu katedral, in\u015fas\u0131 tam 632 y\u0131l s\u00fcren bir m\u00fchendislik mucizesi. 157 metreyi a\u015fan kuleleriyle katedral, Avrupa\u2019n\u0131n en uzun dini yap\u0131lar\u0131ndan biri olma unvan\u0131n\u0131 ta\u015f\u0131yor. Ayr\u0131ca Katedral\u2019in tepesine \u00e7\u0131kmay\u0131 g\u00f6ze al\u0131rsan\u0131z, K\u00f6ln \u015fehrinin b\u00fcy\u00fcleyici panoramik manzaras\u0131 size unutulmaz bir deneyim sunacak.<\/p>\n\n\n\n<h3 class=\"wp-block-heading has-text-align-center has-neeon-button-dark-gray-color has-text-color has-link-color wp-elements-cb55b8de50a844bfbca098c74ff82633\"><span class=\"ez-toc-section\" id=\"18heidelberg_kalesi\"><\/span><strong><strong><strong>18.Heidelberg Kalesi<\/strong><\/strong><\/strong><span class=\"ez-toc-section-end\"><\/span><\/h3>\n\n\n\n<figure class=\"wp-block-image size-large\"><img decoding=\"async\" src=\"https:\/\/res.cloudinary.com\/turna\/image\/upload\/v1732188908\/wordpress-contents\/Heidelberg_Kalesi.jpg\" alt=\"\"\/><\/figure>\n\n\n\n<p>Heidelberg Kalesi, Almanya&#8217;n\u0131n en romantik \u015fehirlerinden biri olan Heidelberg&#8217;in tepesinde t\u00fcm ihti\u015fam\u0131yla y\u00fckseliyor. Orta \u00c7a\u011f\u2019dan R\u00f6nesans\u2019a uzanan etkileyici bir tarihe tan\u0131kl\u0131k eden bu kale, ayn\u0131 zamanda d\u00fcnyan\u0131n en b\u00fcy\u00fck \u015farap f\u0131\u00e7\u0131lar\u0131ndan birine ev sahipli\u011fi yap\u0131yor. Kaleye \u00e7\u0131kt\u0131\u011f\u0131n\u0131zda \u015fehir merkezinin b\u00fcy\u00fcleyici manzaras\u0131n\u0131 izleyebilirsiniz. Heidelberg Kalesi, foto\u011fraf tutkunlar\u0131 i\u00e7in yeni bir macera.<\/p>\n\n\n\n<h3 class=\"wp-block-heading has-text-align-center has-neeon-button-dark-gray-color has-text-color has-link-color wp-elements-cb1c9f0f118a8353033e9d2afe3cd1e4\"><span class=\"ez-toc-section\" id=\"19aachen_katedrali\"><\/span><strong><strong><strong>19.Aachen Katedrali<\/strong><\/strong><\/strong><span class=\"ez-toc-section-end\"><\/span><\/h3>\n\n\n\n<p>Almanya&#8217;n\u0131n en eski katedrali olan Aachen Katedrali, tarih ve mimarinin m\u00fckemmel bir bulu\u015fma noktas\u0131. UNESCO D\u00fcnya Miras\u0131 listesinde yer alan bu b\u00fcy\u00fcleyici yap\u0131, Kutsal Roma \u0130mparatoru Charlemagne taraf\u0131ndan 8. y\u00fczy\u0131lda yapt\u0131r\u0131lm\u0131\u015f. Gotik ve Romanesk tarzlar\u0131n kusursuz bir kar\u0131\u015f\u0131m\u0131n\u0131 sergileyen katedral, i\u00e7erideki alt\u0131n i\u015flemeli mozaikleri ve ihti\u015faml\u0131 Charlemagne Taht\u0131 ile ziyaret\u00e7ilerini b\u00fcy\u00fcl\u00fcyor. Aachen\u2019e geldi\u011finizde bu \u015faheseri mutlaka g\u00f6rmelisiniz.<\/p>\n\n\n\n<h3 class=\"wp-block-heading has-text-align-center has-neeon-button-dark-gray-color has-text-color has-link-color wp-elements-10b4f48f46c5a51822852f5fe889e22d\"><span class=\"ez-toc-section\" id=\"20bergama_muzesi\"><\/span><strong><strong><strong>20.Bergama M\u00fczesi<\/strong><\/strong><\/strong><span class=\"ez-toc-section-end\"><\/span><\/h3>\n\n\n\n<p>Berlin\u2019in kalbinde, Museuminsel\u2019de (M\u00fcze Adas\u0131) yer alan Bergama M\u00fczesi, sizi antik d\u00fcnyaya g\u00f6t\u00fcr\u00fcyor. M\u00fcze, Antik Yunan, Roma ve Yak\u0131n Do\u011fu medeniyetlerinin en \u00e7arp\u0131c\u0131 eserlerini bir araya getiriyor. K\u00fclt\u00fcrel bir gezi planl\u0131yorsan\u0131z, bu m\u00fcze sizin i\u00e7in adeta bir hazine. Berlin\u2019e gelip de Bergama M\u00fczesi\u2019ni g\u00f6rmeden d\u00f6nmek b\u00fcy\u00fck bir kay\u0131p olur.&nbsp;&nbsp;<\/p>\n\n\n\n<h3 class=\"wp-block-heading has-text-align-center has-neeon-button-dark-gray-color has-text-color has-link-color wp-elements-50046965c4e91cdf92775fefce912d5a\"><span class=\"ez-toc-section\" id=\"21frauenkirche\"><\/span><strong><strong><strong>21.Frauenkirche<\/strong><\/strong><\/strong><span class=\"ez-toc-section-end\"><\/span><\/h3>\n\n\n\n<figure class=\"wp-block-image size-large\"><img decoding=\"async\" src=\"https:\/\/res.cloudinary.com\/turna\/image\/upload\/v1732188915\/wordpress-contents\/Frauenkirche.jpg\" alt=\"\"\/><\/figure>\n\n\n\n<p>Frauenkirche, Dresden\u2019in simgesi haline gelmi\u015f muhte\u015fem bir barok kilise. II. D\u00fcnya Sava\u015f\u0131\u2019nda tamamen y\u0131k\u0131lan ve daha sonra k\u00fcllerinden do\u011fan bu yap\u0131, \u015fehir i\u00e7in bir umut ve bar\u0131\u015f sembol\u00fc. Kubbesi ile Dresden\u2019in siluetini s\u00fcsleyen Frauenkirche, i\u00e7eride de g\u00f6z al\u0131c\u0131 bir g\u00fczelli\u011fe sahip. Dresden\u2019in manzaras\u0131na kar\u015f\u0131 b\u00fcy\u00fclenmek i\u00e7in mutlaka Frauenkirche\u2019ye u\u011framal\u0131s\u0131n\u0131z.<\/p>\n\n\n\n<h3 class=\"wp-block-heading has-text-align-center has-neeon-button-dark-gray-color has-text-color has-link-color wp-elements-b382afe87e0f3aa02229673df7d4633d\"><span class=\"ez-toc-section\" id=\"22rothenburg_ob_der_tauber\"><\/span><strong><strong><strong>22.Rothenburg ob der Tauber<\/strong><\/strong><\/strong><span class=\"ez-toc-section-end\"><\/span><\/h3>\n\n\n\n<figure class=\"wp-block-image size-large\"><img decoding=\"async\" src=\"https:\/\/res.cloudinary.com\/turna\/image\/upload\/v1732188922\/wordpress-contents\/Rothenburg_ob_der_Tauber.jpg\" alt=\"\"\/><\/figure>\n\n\n\n<p>Masallardan f\u0131rlam\u0131\u015f gibi g\u00f6r\u00fcnen bir yer ar\u0131yorsan\u0131z, Rothenburg tam da arad\u0131\u011f\u0131n\u0131z yer. Orta \u00c7a\u011f\u2019dan g\u00fcn\u00fcm\u00fcze kadar neredeyse hi\u00e7 de\u011fi\u015fmeden gelmi\u015f bu \u015fehir, ta\u015f sokaklar\u0131 ve renkli ah\u015fap evleri ziyaret\u00e7ilerini b\u00fcy\u00fcl\u00fcyor. \u015eehrin me\u015fhur Pl\u00f6nlein Meydan\u0131, d\u00fcnyan\u0131n en \u00e7ok foto\u011fraflanan noktalar\u0131ndan biri. Almanya\u2019daki romantik \u015fehirlerin en \u00f6nemli duraklar\u0131ndan biri olan bu \u015fehirde her k\u00f6\u015fe bir foto\u011fraf karesi gibi.<\/p>\n\n\n\n<h3 class=\"wp-block-heading has-text-align-center has-neeon-button-dark-gray-color has-text-color has-link-color wp-elements-f4b4d58839643923f83a9354950a5084\"><span class=\"ez-toc-section\" id=\"23berlin_katedrali\"><\/span><strong><strong><strong>23.Berlin Katedrali<\/strong><\/strong><\/strong><span class=\"ez-toc-section-end\"><\/span><\/h3>\n\n\n\n<figure class=\"wp-block-image size-large\"><img decoding=\"async\" src=\"https:\/\/res.cloudinary.com\/turna\/image\/upload\/v1732188948\/wordpress-contents\/Berlin_Katedralii.jpg\" alt=\"\"\/><\/figure>\n\n\n\n<p>Berlin\u2019in kalbinde yer alan Berlin Katedrali, ihti\u015fam\u0131 ve g\u00f6rkemiyle g\u00f6z kama\u015ft\u0131r\u0131yor. Barok tarz\u0131yla dikkat \u00e7eken bu yap\u0131, bir ibadethane olman\u0131n yan\u0131nda bir sanat eseri. E\u011fer 270 basama\u011f\u0131 \u00e7\u0131kmaya cesaretiniz varsa, katedralin en \u00fcst\u00fcnden Berlin \u015fehrinin panoramik manzaras\u0131na tan\u0131k olabilirsiniz. M\u00fcze Adas\u0131\u2019nda bir tur planl\u0131yorsan\u0131z, Berlin Katedrali kesinlikle listenizde olmal\u0131.<\/p>\n\n\n\n<h3 class=\"wp-block-heading has-text-align-center has-neeon-button-dark-gray-color has-text-color has-link-color wp-elements-a9da905e32c830645669edb4a8a2af6d\"><span class=\"ez-toc-section\" id=\"24linderhof_sarayi\"><\/span><strong><strong><strong>24.Linderhof Saray\u0131<\/strong><\/strong><\/strong><span class=\"ez-toc-section-end\"><\/span><\/h3>\n\n\n\n<p>Alpler\u2019in eteklerinde sakl\u0131 bir saray: Linderhof Saray\u0131! Bavyera Kral\u0131 II. Ludwig\u2019in en sevdi\u011fi saray olan bu yap\u0131, Versailles Saray\u0131\u2019ndan esinlenmi\u015f bir \u015faheser. Barok tarz\u0131 mimarisi, zarif bah\u00e7eleri ve i\u00e7 mekanlar\u0131n alt\u0131n i\u015flemeleriyle b\u00fcy\u00fclenmeye haz\u0131r olun. Saray\u0131n i\u00e7inde yer alan Aynalar Salonu ve muhte\u015fem avizeler, zenginli\u011fiyle adeta ba\u015f d\u00f6nd\u00fcr\u00fcyor.<\/p>\n\n\n\n<h3 class=\"wp-block-heading has-text-align-center has-neeon-button-dark-gray-color has-text-color has-link-color wp-elements-823b14ec6da3ba1d0853750ed33b3389\"><span class=\"ez-toc-section\" id=\"25deutsches_muzesi\"><\/span><strong><strong><strong>25.Deutsches M\u00fczesi<\/strong><\/strong><\/strong><span class=\"ez-toc-section-end\"><\/span><\/h3>\n\n\n\n<figure class=\"wp-block-image size-large\"><img decoding=\"async\" src=\"https:\/\/res.cloudinary.com\/turna\/image\/upload\/v1732188957\/wordpress-contents\/Deutsches_M%C3%BCzesi.jpg\" alt=\"\"\/><\/figure>\n\n\n\n<p>M\u00fcnih\u2019in kalbinde, bilim ve teknolojinin b\u00fcy\u00fcl\u00fc d\u00fcnyas\u0131n\u0131 ke\u015ffetmek ister misiniz? Deutsches M\u00fczesi (Deutsches Museum), d\u00fcnyan\u0131n en b\u00fcy\u00fck bilim ve teknoloji m\u00fczesi. Havac\u0131l\u0131ktan denizcili\u011fe, astronomiden ileti\u015fim teknolojilerine kadar say\u0131s\u0131z alandaki koleksiyonlar\u0131yla hem bilgi dolu hem de e\u011flenceli bir g\u00fcn sunuyor. M\u00fcze, m\u00fchendislik merakl\u0131lar\u0131na ve her ya\u015ftan ziyaret\u00e7iye hitap ediyor. M\u00fcnih\u2019e giderseniz buray\u0131 mutlaka ke\u015ffedin.<\/p>\n\n\n\n<h3 class=\"wp-block-heading has-text-align-center has-neeon-button-dark-gray-color has-text-color has-link-color wp-elements-13b82dcded41f057fa071c744d559e0d\"><span class=\"ez-toc-section\" id=\"26asam_kilisesi_asamkirche\"><\/span><strong><strong><strong>26.Asam Kilisesi (Asamkirche)<\/strong><\/strong><\/strong><span class=\"ez-toc-section-end\"><\/span><\/h3>\n\n\n\n<p>M\u00fcnih\u2019teki Asam Kilisesi, Barok mimarinin en g\u00fczel \u00f6rneklerinden biri. Asam karde\u015fler taraf\u0131ndan 18. y\u00fczy\u0131lda in\u015fa edilen bu kilise, hem sanatsal detaylar\u0131 hem de manevi atmosferiyle b\u00fcy\u00fcl\u00fcyor. Alt\u0131n s\u00fcslemeler, freskler ve g\u00f6rkemli mermer i\u015flemeler, kilisenin i\u00e7 mekan\u0131n\u0131 bir sanat galerisinden farks\u0131z hale getiriyor. K\u00fc\u00e7\u00fck boyutuna ra\u011fmen \u015fa\u015f\u0131rt\u0131c\u0131 derecede etkileyici olan Asamkirche, g\u00f6zlerinizi alamayaca\u011f\u0131n\u0131z bir estetik \u015f\u00f6len.<\/p>\n\n\n\n<h3 class=\"wp-block-heading has-text-align-center has-neeon-button-dark-gray-color has-text-color has-link-color wp-elements-7930c3ed54666e1b1a5a3d65eff8afed\"><span class=\"ez-toc-section\" id=\"27geierlay_asma_koprusu\"><\/span><strong><strong><strong>27.Geierlay Asma K\u00f6pr\u00fcs\u00fc<\/strong><\/strong><\/strong><span class=\"ez-toc-section-end\"><\/span><\/h3>\n\n\n\n<p>Adrenalin tutkunlar\u0131 i\u00e7in e\u015fsiz bir macera sunan Geierlay Asma K\u00f6pr\u00fcs\u00fc, Almanya\u2019n\u0131n en uzun asma k\u00f6pr\u00fclerinden biri. Hunsr\u00fcck b\u00f6lgesindeki yemye\u015fil ormanlar\u0131n \u00fczerinde, 360 metre uzunlu\u011funda ve 100 metre y\u00fcksekli\u011finde yer alan bu k\u00f6pr\u00fc, hem cesaretinizi hem de foto\u011fraf\u00e7\u0131l\u0131k yeteneklerinizi test ediyor. K\u00f6pr\u00fcy\u00fc ge\u00e7erken \u00e7evrenizdeki do\u011fan\u0131n nefes kesici manzaras\u0131n\u0131n keyfini \u00e7\u0131karabilir ve unutamayaca\u011f\u0131n\u0131z bir macera ya\u015fayabilirsiniz.<\/p>\n\n\n\n<h3 class=\"wp-block-heading has-text-align-center has-neeon-button-dark-gray-color has-text-color has-link-color wp-elements-bc19e0e89a2834075f8373817ff47181\"><span class=\"ez-toc-section\" id=\"28alman_tarih_muzesi_deutsches_historisches_museum\"><\/span><strong><strong><strong>28.Alman Tarih M\u00fczesi (Deutsches Historisches Museum)<\/strong><\/strong><\/strong><span class=\"ez-toc-section-end\"><\/span><\/h3>\n\n\n\n<figure class=\"wp-block-image size-large\"><img decoding=\"async\" src=\"https:\/\/res.cloudinary.com\/turna\/image\/upload\/v1732188972\/wordpress-contents\/Alman_Tarih_M%C3%BCzesi.jpg\" alt=\"\"\/><\/figure>\n\n\n\n<p>Berlin\u2019de yer alan Alman Tarih M\u00fczesi, Almanya\u2019n\u0131n zengin ge\u00e7mi\u015fine \u0131\u015f\u0131k tutan ola\u011fan\u00fcst\u00fc bir k\u00fclt\u00fcrel deneyim. Antik \u00e7a\u011flardan modern tarihe kadar uzanan koleksiyonlar\u0131yla Almanya\u2019n\u0131n siyasal, sosyal ve k\u00fclt\u00fcrel evrimini g\u00f6zler \u00f6n\u00fcne seriyor. Gotik z\u0131rhlardan Nazi d\u00f6nemine ait belgelere kadar tarih dolu galerilerde dola\u015f\u0131rken kendinizi tarihin i\u00e7inde kaybolmu\u015f hissedeceksiniz. Tarih tutkunlar\u0131 i\u00e7in Berlin\u2019deki bu m\u00fcze ka\u00e7\u0131r\u0131lmamas\u0131 gereken bir durak.<\/p>\n\n\n\n<h3 class=\"wp-block-heading has-text-align-center has-neeon-button-dark-gray-color has-text-color has-link-color wp-elements-1a47738473a65be5175c0c6d6e287c0c\"><span class=\"ez-toc-section\" id=\"29miniatur_wunderland\"><\/span><strong><strong><strong>29.Miniatur Wunderland<\/strong><\/strong><\/strong><span class=\"ez-toc-section-end\"><\/span><\/h3>\n\n\n\n<p>Hamburg\u2019da bulunan Miniatur Wunderland, d\u00fcnyan\u0131n en b\u00fcy\u00fck minyat\u00fcr demir yolu sergisi olarak ziyaret\u00e7ileri bekliyor. Alpler\u2019den Amerika\u2019ya, \u0130skandinavya\u2019dan Hamburg\u2019un kendisine kadar bir\u00e7ok b\u00f6lgenin detayl\u0131 ve yarat\u0131c\u0131 minyat\u00fcr modellerini burada g\u00f6rebilirsiniz. Trenlerin, arabalar\u0131n ve hatta u\u00e7aklar\u0131n hareket etti\u011fi bu b\u00fcy\u00fcleyici sergi, \u00e7ocuklar kadar yeti\u015fkinleri de kendine hayran b\u0131rak\u0131yor.<\/p>\n\n\n\n<h3 class=\"wp-block-heading has-text-align-center has-neeon-button-dark-gray-color has-text-color has-link-color wp-elements-1c5d9bb35ffc0efb205fb259c82c7b8a\"><span class=\"ez-toc-section\" id=\"30triberg_selaleleri\"><\/span><strong><strong><strong>30.Triberg \u015eelaleleri<\/strong><\/strong><\/strong><span class=\"ez-toc-section-end\"><\/span><\/h3>\n\n\n\n<p>\u00dclkenin b\u00fcy\u00fcleyici do\u011fas\u0131n\u0131n tam ortas\u0131nda bulunan Triberg \u015eelaleleri, Almanya\u2019n\u0131n en y\u00fcksek \u015felalelerinden biri. 163 metre boyunca akan bu etkileyici \u015felaleler, \u00e7evresindeki yemye\u015fil ormanlarla birle\u015ferek bir do\u011fa harikas\u0131 yarat\u0131yor. \u015eelalelerin \u00e7evresinde y\u00fcr\u00fcy\u00fc\u015f yapabilece\u011finiz bak\u0131ml\u0131 patikalar bulunuyor ve gece saatlerinde \u015felaleler \u0131\u015f\u0131kland\u0131r\u0131larak romantik bir atmosfer sunuyor.<\/p>\n\n\n\n<h3 class=\"wp-block-heading has-text-align-center has-neeon-button-dark-gray-color has-text-color has-link-color wp-elements-1f2bc2fa56f719ad27d6aa45d00db9f9\"><span class=\"ez-toc-section\" id=\"31stuttgart_sehir_kutuphanesi\"><\/span><strong><strong><strong>31.Stuttgart \u015eehir K\u00fct\u00fcphanesi<\/strong><\/strong><\/strong><span class=\"ez-toc-section-end\"><\/span><\/h3>\n\n\n\n<p>Modern mimarinin ve minimalist tasar\u0131m\u0131n bir \u015faheseri olan Stuttgart \u015eehir K\u00fct\u00fcphanesi, bir k\u00fct\u00fcphane oldu\u011fu kadar bir sanat eseri. D\u0131\u015f cephesi k\u00fcp \u015feklindeki beyaz bloklarla sade ve \u015f\u0131k bir g\u00f6r\u00fcn\u00fcm sunarken, i\u00e7 mekan\u0131ndaki a\u00e7\u0131k renk tonlar\u0131 ve sade tasar\u0131m b\u00fcy\u00fcleyici bir estetik olu\u015fturuyor. Kitap tutkunuysan\u0131z veya g\u00fczel bir Almanya hat\u0131ras\u0131 almak istiyorsan\u0131z, bu k\u00fct\u00fcphaneye mutlaka u\u011framal\u0131s\u0131n\u0131z.<\/p>\n\n\n\n<h3 class=\"wp-block-heading has-text-align-center has-neeon-button-dark-gray-color has-text-color has-link-color wp-elements-5c35214cf34594b29bee4368b72d56f5\"><span class=\"ez-toc-section\" id=\"32zugspitze_dagi\"><\/span><strong><strong><strong>32.Zugspitze Da\u011f\u0131<\/strong><\/strong><\/strong><span class=\"ez-toc-section-end\"><\/span><\/h3>\n\n\n\n<figure class=\"wp-block-image size-large\"><img decoding=\"async\" src=\"https:\/\/res.cloudinary.com\/turna\/image\/upload\/v1732188971\/wordpress-contents\/Zugspitze.jpg\" alt=\"\"\/><\/figure>\n\n\n\n<p>Almanya\u2019n\u0131n en y\u00fcksek zirvesi olan Zugspitze Da\u011f\u0131, Alpler\u2019in e\u015fsiz manzaralar\u0131n\u0131 ke\u015ffetmek isteyen do\u011fa tutkunlar\u0131 i\u00e7in m\u00fckemmel bir adres. 2.962 metre y\u00fckseklikte yer alan zirveye, etkileyici bir teleferik yolculu\u011fu ile ula\u015fabiliyorsunuz. Zirveye vard\u0131\u011f\u0131n\u0131zda, karla kapl\u0131 da\u011flar\u0131n ve uzak vadilerin manzaras\u0131 kar\u015f\u0131s\u0131nda nefesiniz kesilecek. Ayr\u0131ca da\u011f\u0131n \u00e7evresindeki kayak merkezleri, k\u0131\u015f sporlar\u0131 i\u00e7in ideal bir ortam sunuyor. Zugspitze, y\u0131l\u0131n her d\u00f6nemi unutulmaz bir macera.<\/p>\n\n\n\n<h3 class=\"wp-block-heading has-text-align-center has-neeon-button-dark-gray-color has-text-color has-link-color wp-elements-19d45fee04d624c4f76aaa72b69cdddc\"><span class=\"ez-toc-section\" id=\"33holokost_aniti\"><\/span><strong><strong><strong>33.Holokost An\u0131t\u0131<\/strong><\/strong><\/strong><span class=\"ez-toc-section-end\"><\/span><\/h3>\n\n\n\n<figure class=\"wp-block-image size-large\"><img decoding=\"async\" src=\"https:\/\/res.cloudinary.com\/turna\/image\/upload\/v1732188971\/wordpress-contents\/Holokost_An%C4%B1t%C4%B1.jpg\" alt=\"\"\/><\/figure>\n\n\n\n<p>Berlin\u2019de yer alan Holokost An\u0131t\u0131, II. D\u00fcnya Sava\u015f\u0131 s\u0131ras\u0131nda hayat\u0131n\u0131 kaybeden Yahudi kurbanlar\u0131n an\u0131s\u0131na yap\u0131lm\u0131\u015f etkileyici bir sanat eseri. An\u0131t, 2.711 adet beton bloktan olu\u015fuyor ve labirentimsi yap\u0131da y\u00fcr\u00fcmeniz gereliyor. Ziyaret\u00e7iler, bu soyut ve \u00e7arp\u0131c\u0131 tasar\u0131m\u0131n i\u00e7inde, tarihin a\u011f\u0131rl\u0131\u011f\u0131n\u0131 derinden hissediyor. An\u0131t\u0131n hemen alt\u0131nda yer alan bilgi merkezi ise Holokost hakk\u0131nda daha fazla bilgi edinmek isteyenler i\u00e7in bir rehber niteli\u011finde. Berlin\u2019e gelip bu anlaml\u0131 yeri ziyaret etmeden d\u00f6nmeyin.<\/p>\n\n\n\n<h3 class=\"wp-block-heading has-text-align-center has-neeon-button-dark-gray-color has-text-color has-link-color wp-elements-622cf83b60078ce52878d2d8000f0145\"><span class=\"ez-toc-section\" id=\"34harz_ulusal_parki\"><\/span><strong><strong><strong>34.Harz Ulusal Park\u0131<\/strong><\/strong><\/strong><span class=\"ez-toc-section-end\"><\/span><\/h3>\n\n\n\n<p>Efsanelerle dolu bir do\u011fa harikas\u0131: Harz Ulusal Park\u0131. Almanya\u2019n\u0131n kuzeyindeki bu b\u00fcy\u00fcleyici park, yemye\u015fil ormanlar ve \u015felaleler gibi do\u011fal g\u00fczelliklerle dolu. Y\u00fcr\u00fcy\u00fc\u015f ve bisiklet parkurlar\u0131, do\u011faseverler i\u00e7in ke\u015ffedilecek harika manzaralar sunuyor. Park ayn\u0131 zamanda Orta \u00c7a\u011f\u2019dan kalma kaleleri ve b\u00fcy\u00fcleyici k\u00f6yleriyle de \u00fcnl\u00fc. Efsanelere konu olmu\u015f bu parkta y\u00fcr\u00fcy\u00fc\u015f yapmadan Almanya\u2019dan ayr\u0131lmay\u0131n.<\/p>\n\n\n\n<h3 class=\"wp-block-heading has-text-align-center has-neeon-button-dark-gray-color has-text-color has-link-color wp-elements-e93cd6fdaa1b6612734102c77e722ecb\"><span class=\"ez-toc-section\" id=\"35mainau_adasi\"><\/span><strong><strong><strong>35.Mainau Adas\u0131<\/strong><\/strong><\/strong><span class=\"ez-toc-section-end\"><\/span><\/h3>\n\n\n\n<figure class=\"wp-block-image size-large\"><img decoding=\"async\" src=\"https:\/\/res.cloudinary.com\/turna\/image\/upload\/v1732188971\/wordpress-contents\/Mainau.jpg\" alt=\"\"\/><\/figure>\n\n\n\n<p>E\u011fer do\u011fayla i\u00e7 i\u00e7e bir g\u00fcn ge\u00e7irmek istiyorsan\u0131z, Mainau Adas\u0131 tam size g\u00f6re. Mainau, Konstanz G\u00f6l\u00fc\u2019nde yer alan rengarenk bir cennet. Tropikal bitkilerden g\u00fcl bah\u00e7elerine, kelebek seralar\u0131ndan tarihi bir \u015fatoya kadar ke\u015ffedilecek bir\u00e7ok g\u00fczellik sizi bekliyor. Almanya\u2019n\u0131n bu do\u011fal harikas\u0131, hem huzurlu bir y\u00fcr\u00fcy\u00fc\u015f hem de bol bol harika kareler sunuyor.<\/p>\n\n\n\n<h3 class=\"wp-block-heading has-text-align-center has-neeon-button-dark-gray-color has-text-color has-link-color wp-elements-1b3db5a33af88c8d63a844b7b90f514c\"><span class=\"ez-toc-section\" id=\"36ozeaneum_akvaryumu\"><\/span><strong><strong><strong>36.Ozeaneum Akvaryumu<\/strong><\/strong><\/strong><span class=\"ez-toc-section-end\"><\/span><\/h3>\n\n\n\n<p>Almanya\u2019n\u0131n Balt\u0131k k\u0131y\u0131s\u0131nda bulunan Stralsund \u015fehri, sizi denizlerin b\u00fcy\u00fcleyici d\u00fcnyas\u0131 olan Ozeaneum Akvaryumu ile bulu\u015fturuyor. Avrupa\u2019n\u0131n en etkileyici akvaryumlar\u0131ndan biri olan Ozeaneum, Balt\u0131k ve Kuzey Denizi\u2019nden tropikal okyanuslara kadar uzanan zengin bir deniz ya\u015fam\u0131n\u0131 g\u00f6zler \u00f6n\u00fcne seriyor. Devasa akvaryum tanklar\u0131, rengarenk bal\u0131klar ve mercanlar sizi su alt\u0131n\u0131n gizemli d\u00fcnyas\u0131na g\u00f6t\u00fcr\u00fcyor. \u00d6zellikle \u00e7ocuklar\u0131n \u00e7ok sevece\u011fi bu mekan, hem e\u011flenceli hem de \u00f6\u011fretici bir deneyim.<\/p>\n\n\n\n<h3 class=\"wp-block-heading has-text-align-center has-neeon-button-dark-gray-color has-text-color has-link-color wp-elements-55fe843f18c1ce807f37dca4738095a8\"><span class=\"ez-toc-section\" id=\"37wies_hac_kilisesi\"><\/span><strong><strong><strong>37.Wies Hac Kilisesi<\/strong><\/strong><\/strong><span class=\"ez-toc-section-end\"><\/span><\/h3>\n\n\n\n<p>Bavyera\u2019n\u0131n k\u0131rsal\u0131nda, yemye\u015fil meralar\u0131n ortas\u0131nda parlayan Wies Kilisesi, Rokoko mimarisinin en etkileyici \u00f6rneklerinden biri. \u0130\u00e7eriye ad\u0131m att\u0131\u011f\u0131n\u0131zda alt\u0131n s\u00fcslemeler, fresklerle bezeli tavan ve zarif detaylar sizi b\u00fcy\u00fcl\u00fc bir atmosfere ta\u015f\u0131yor. Kilisenin manevi huzurunun yan\u0131 s\u0131ra estetik g\u00fczelli\u011fi de UNESCO D\u00fcnya Miras\u0131 stat\u00fcs\u00fcn\u00fc fazlas\u0131yla hak ediyor.<\/p>\n\n\n\n<h3 class=\"wp-block-heading has-text-align-center has-neeon-button-dark-gray-color has-text-color has-link-color wp-elements-c7fc7e057da86be1e5d1ef6f8a33d781\"><span class=\"ez-toc-section\" id=\"38konstanz_golu\"><\/span><strong><strong><strong>38.Konstanz G\u00f6l\u00fc<\/strong><\/strong><\/strong><span class=\"ez-toc-section-end\"><\/span><\/h3>\n\n\n\n<figure class=\"wp-block-image size-large\"><img decoding=\"async\" src=\"https:\/\/res.cloudinary.com\/turna\/image\/upload\/v1732188970\/wordpress-contents\/Konstanz_G%C3%B6l%C3%BC.jpg\" alt=\"\"\/><\/figure>\n\n\n\n<p>Almanya, \u0130svi\u00e7re ve Avusturya s\u0131n\u0131r\u0131nda yer alan Konstanz G\u00f6l\u00fc, do\u011fa tutkunlar\u0131 i\u00e7in mutlaka ziyaret edilmesi gereken bir yer. G\u00f6l\u00fcn \u00e7evresindeki \u00fcz\u00fcm ba\u011flar\u0131 ve da\u011f manzaralar\u0131, huzurlu bir tatil i\u00e7in arad\u0131\u011f\u0131n\u0131z her \u015fey. Ayr\u0131ca g\u00f6lde yap\u0131lan feribot turlar\u0131, bisiklet yollar\u0131, plajlar ve tarihi Konstanz \u015fehri, g\u00f6l \u00e7evresindeki ke\u015fiflerinizi daha da keyifli hale getirecek.<\/p>\n\n\n\n<h3 class=\"wp-block-heading has-text-align-center has-neeon-button-dark-gray-color has-text-color has-link-color wp-elements-cba27dfcfbe058e54b0321576f680dee\"><span class=\"ez-toc-section\" id=\"39planten_un_blomen_park\"><\/span><strong><strong><strong>39.Planten un Blomen Park<\/strong><\/strong><\/strong><span class=\"ez-toc-section-end\"><\/span><\/h3>\n\n\n\n<p>Hamburg\u2019un merkezinde yer alan Planten un Blomen Park, huzur bulabilece\u011finiz yemye\u015fil bir park. Bu park, botanik bah\u00e7eleri, su oyunlar\u0131 ve \u00f6zellikle yaz aylar\u0131nda d\u00fczenlenen \u0131\u015f\u0131k ve m\u00fczik g\u00f6sterileriyle \u00fcnl\u00fc. Burada \u00e7ocuk oyun alanlar\u0131nda miniklerle e\u011flenebilir ya da g\u00f6letlerin yan\u0131nda sakin bir y\u00fcr\u00fcy\u00fc\u015fe \u00e7\u0131kabilirsiniz. Hamburg\u2019u iyice ke\u015ffetmek istiyorsan\u0131z bu park mutlaka listenizde olmal\u0131.<\/p>\n\n\n\n<h3 class=\"wp-block-heading has-text-align-center has-neeon-button-dark-gray-color has-text-color has-link-color wp-elements-0ab4eeaaba23698e00c87549ba59a461\"><span class=\"ez-toc-section\" id=\"40hamburg_uluslararasi_denizcilik_muzesi\"><\/span><strong><strong><strong>40.Hamburg Uluslararas\u0131 Denizcilik M\u00fczesi<\/strong><\/strong><\/strong><span class=\"ez-toc-section-end\"><\/span><\/h3>\n\n\n\n<p>Hamburg Uluslararas\u0131 Denizcilik M\u00fczesi, d\u00fcnyan\u0131n en b\u00fcy\u00fck \u00f6zel denizcilik koleksiyonlar\u0131ndan biri. Tarihi bir ambar binas\u0131nda yer alan bu etkileyici m\u00fczede, antik gemi modellerinden modern deniz teknolojilerine kadar her \u015feyi bulabilirsiniz. \u00d6zellikle gemi maketleri ve haritalar, hem tarih merakl\u0131lar\u0131n\u0131 hem de \u00e7ocuklar\u0131 b\u00fcy\u00fcleyecek t\u00fcrden.<\/p>\n\n\n\n<p>Avrupa Birli\u011fi \u00fcyesi olan Almanya, \u00fclkeyi ziyaret etmek isteyen T\u00fcrk vatanda\u015flar\u0131ndan Schengen vizesi talep ediyor. Bu nedenle yola \u00e7\u0131kmadan \u00f6nce vize i\u015flemlerinizi tamamlamay\u0131 ihmal etmeyin. Bu g\u00f6z al\u0131c\u0131 \u00fclkenin sokaklar\u0131nda unutulmaz bir seyahat deneyimi ya\u015famak ve ke\u015ffedilmemi\u015f yerlerini g\u00f6rmek istiyorsan\u0131z <a href=\"https:\/\/www.turna.com\/ucak-bileti\/almanya\" target=\"_blank\" rel=\"noopener noreferrer\">Almanya u\u00e7ak bileti<\/a> kampanyalar\u0131n\u0131 de\u011ferlendirebilirsiniz.<\/p>\n\n\n\n<p> <strong>NOT<\/strong>: <strong><a rel=\"noreferrer noopener\" href=\"https:\/\/www.turna.com\/sikca-sorulan-sorular\/almanya-vizesi\" target=\"_blank\">Almanya vizesi<\/a><\/strong> hakk\u0131nda da Turna.com \u00fczerinden detayl\u0131 bilgi alabilirsiniz. <\/p>\n\n\n\n<p><\/p>\n\n    <div class=\"xs_social_share_widget xs_share_url after_content \t\tmain_content  wslu-style-1 wslu-share-box-shaped wslu-fill-colored wslu-none wslu-share-horizontal wslu-theme-font-no wslu-main_content\">\n\n\t\t\n        <ul>\n\t\t\t        <\/ul>\n    <\/div> \n","protected":false},"excerpt":{"rendered":"<p>D\u00fczenli ya\u015fam\u0131 sevenler i\u00e7in olduk\u00e7a cazip bir yerle\u015fim merkezi olan Almanya, \u0130kinci D\u00fcnya Sava\u015f\u0131&#8217;n\u0131n ard\u0131ndan h\u0131zl\u0131 bir ekonomik ve siyasi b\u00fcy\u00fcme yakalayarak, d\u00fcnyan\u0131n en \u00f6nemli \u00fclkeleri aras\u0131na girdi. Bu g\u00fc\u00e7l\u00fc y\u00fcz\u00fcn\u00fcn yan\u0131 s\u0131ra say\u0131s\u0131z m\u00fczeye ev sahipli\u011fi yapan tarihi \u015fehirleri, nefes kesen g\u00f6r\u00fcn\u00fcmleriyle kendine hayran b\u0131rakan do\u011fal g\u00fczellikleri ve zengin k\u00fclt\u00fcrel dokusuyla da bilinen Almanya, [&hellip;]<\/p>\n","protected":false},"author":45,"featured_media":23433,"comment_status":"open","ping_status":"open","sticky":false,"template":"","format":"standard","meta":{"rop_custom_images_group":[],"rop_custom_messages_group":[],"rop_publish_now":"initial","rop_publish_now_accounts":[],"rop_publish_now_history":[],"rop_publish_now_status":"pending","_cloudinary_featured_overwrite":false,"footnotes":""},"categories":[110],"tags":[120,2492,1198],"class_list":["post-9992","post","type-post","status-publish","format-standard","has-post-thumbnail","hentry","category-almanya","tag-almanya","tag-paderborn-lippstadt","tag-stuttgart"],"_links":{"self":[{"href":"https:\/\/www.turna.com\/blog\/wp-json\/wp\/v2\/posts\/9992","targetHints":{"allow":["GET"]}}],"collection":[{"href":"https:\/\/www.turna.com\/blog\/wp-json\/wp\/v2\/posts"}],"about":[{"href":"https:\/\/www.turna.com\/blog\/wp-json\/wp\/v2\/types\/post"}],"author":[{"embeddable":true,"href":"https:\/\/www.turna.com\/blog\/wp-json\/wp\/v2\/users\/45"}],"replies":[{"embeddable":true,"href":"https:\/\/www.turna.com\/blog\/wp-json\/wp\/v2\/comments?post=9992"}],"version-history":[{"count":0,"href":"https:\/\/www.turna.com\/blog\/wp-json\/wp\/v2\/posts\/9992\/revisions"}],"wp:featuredmedia":[{"embeddable":true,"href":"https:\/\/www.turna.com\/blog\/wp-json\/wp\/v2\/media\/23433"}],"wp:attachment":[{"href":"https:\/\/www.turna.com\/blog\/wp-json\/wp\/v2\/media?parent=9992"}],"wp:term":[{"taxonomy":"category","embeddable":true,"href":"https:\/\/www.turna.com\/blog\/wp-json\/wp\/v2\/categories?post=9992"},{"taxonomy":"post_tag","embeddable":true,"href":"https:\/\/www.turna.com\/blog\/wp-json\/wp\/v2\/tags?post=9992"}],"curies":[{"name":"wp","href":"https:\/\/api.w.org\/{rel}","templated":true}]}}