{"id":9988,"date":"2025-03-21T12:30:13","date_gmt":"2025-03-21T09:30:13","guid":{"rendered":"https:\/\/www.turna.com\/blog\/?p=9988"},"modified":"2025-07-08T17:12:13","modified_gmt":"2025-07-08T14:12:13","slug":"isvicre-gezilecek-yerler","status":"publish","type":"post","link":"https:\/\/www.turna.com\/blog\/isvicre-gezilecek-yerler","title":{"rendered":"\u0130svi\u00e7re&#8217;de G\u00f6rmeniz Gereken 15 Yer"},"content":{"rendered":"<div id=\"ez-toc-container\" class=\"ez-toc-v2_0_82_2 counter-hierarchy ez-toc-counter ez-toc-black ez-toc-container-direction\">\n<div class=\"ez-toc-title-container\">\n<p class=\"ez-toc-title\" style=\"cursor:inherit\">\u0130\u00e7indekiler<\/p>\n<span class=\"ez-toc-title-toggle\"><a href=\"#\" class=\"ez-toc-pull-right ez-toc-btn ez-toc-btn-xs ez-toc-btn-default ez-toc-toggle\" aria-label=\"\u0130\u00e7indekiler Tablosunu A\u00e7\/Kapat\"><span class=\"ez-toc-js-icon-con\"><span class=\"\"><span class=\"eztoc-hide\" style=\"display:none;\">Toggle<\/span><span class=\"ez-toc-icon-toggle-span\"><svg style=\"fill: #ffffff;color:#ffffff\" xmlns=\"http:\/\/www.w3.org\/2000\/svg\" class=\"list-377408\" width=\"20px\" height=\"20px\" viewBox=\"0 0 24 24\" fill=\"none\"><path d=\"M6 6H4v2h2V6zm14 0H8v2h12V6zM4 11h2v2H4v-2zm16 0H8v2h12v-2zM4 16h2v2H4v-2zm16 0H8v2h12v-2z\" fill=\"currentColor\"><\/path><\/svg><svg style=\"fill: #ffffff;color:#ffffff\" class=\"arrow-unsorted-368013\" xmlns=\"http:\/\/www.w3.org\/2000\/svg\" width=\"10px\" height=\"10px\" viewBox=\"0 0 24 24\" version=\"1.2\" baseProfile=\"tiny\"><path d=\"M18.2 9.3l-6.2-6.3-6.2 6.3c-.2.2-.3.4-.3.7s.1.5.3.7c.2.2.4.3.7.3h11c.3 0 .5-.1.7-.3.2-.2.3-.5.3-.7s-.1-.5-.3-.7zM5.8 14.7l6.2 6.3 6.2-6.3c.2-.2.3-.5.3-.7s-.1-.5-.3-.7c-.2-.2-.4-.3-.7-.3h-11c-.3 0-.5.1-.7.3-.2.2-.3.5-.3.7s.1.5.3.7z\"\/><\/svg><\/span><\/span><\/span><\/a><\/span><\/div>\n<nav><ul class='ez-toc-list ez-toc-list-level-1 eztoc-toggle-hide-by-default' ><li class='ez-toc-page-1 ez-toc-heading-level-2'><a class=\"ez-toc-link ez-toc-heading-1\" href=\"https:\/\/www.turna.com\/blog\/isvicre-gezilecek-yerler\/#isvicrede_gormeniz_gereken_15_yer\" >\u0130svi\u00e7re&#8217;de G\u00f6rmeniz Gereken 15 Yer<\/a><ul class='ez-toc-list-level-3' ><li class='ez-toc-heading-level-3'><a class=\"ez-toc-link ez-toc-heading-2\" href=\"https:\/\/www.turna.com\/blog\/isvicre-gezilecek-yerler\/#1_st_pierre_katedrali\" >1. St. Pierre Katedrali<\/a><\/li><li class='ez-toc-page-1 ez-toc-heading-level-3'><a class=\"ez-toc-link ez-toc-heading-3\" href=\"https:\/\/www.turna.com\/blog\/isvicre-gezilecek-yerler\/#2_maggiore_golu\" >2.\u00a0Maggiore G\u00f6l\u00fc<\/a><\/li><li class='ez-toc-page-1 ez-toc-heading-level-3'><a class=\"ez-toc-link ez-toc-heading-4\" href=\"https:\/\/www.turna.com\/blog\/isvicre-gezilecek-yerler\/#3_altstadt\" >3.\u00a0Altstadt<\/a><\/li><li class='ez-toc-page-1 ez-toc-heading-level-3'><a class=\"ez-toc-link ez-toc-heading-5\" href=\"https:\/\/www.turna.com\/blog\/isvicre-gezilecek-yerler\/#4_basel_manastiri\" >4. Basel Manast\u0131r\u0131<\/a><\/li><li class='ez-toc-page-1 ez-toc-heading-level-3'><a class=\"ez-toc-link ez-toc-heading-6\" href=\"https:\/\/www.turna.com\/blog\/isvicre-gezilecek-yerler\/#5_lavaux_sarap_baglari\" >5.\u00a0Lavaux \u015earap Ba\u011flar\u0131<\/a><\/li><li class='ez-toc-page-1 ez-toc-heading-level-3'><a class=\"ez-toc-link ez-toc-heading-7\" href=\"https:\/\/www.turna.com\/blog\/isvicre-gezilecek-yerler\/#5_zurih_golu\" >5.\u00a0Z\u00fcrih G\u00f6l\u00fc<\/a><\/li><li class='ez-toc-page-1 ez-toc-heading-level-3'><a class=\"ez-toc-link ez-toc-heading-8\" href=\"https:\/\/www.turna.com\/blog\/isvicre-gezilecek-yerler\/#6_ren_selalesi\" >6.\u00a0Ren \u015eelalesi<\/a><\/li><li class='ez-toc-page-1 ez-toc-heading-level-3'><a class=\"ez-toc-link ez-toc-heading-9\" href=\"https:\/\/www.turna.com\/blog\/isvicre-gezilecek-yerler\/#7_cenevre_botanik_bahcesi\" >7.\u00a0Cenevre Botanik Bah\u00e7esi<\/a><\/li><li class='ez-toc-page-1 ez-toc-heading-level-3'><a class=\"ez-toc-link ez-toc-heading-10\" href=\"https:\/\/www.turna.com\/blog\/isvicre-gezilecek-yerler\/#8_kapell_koprusu\" >8.\u00a0Kapell K\u00f6pr\u00fcs\u00fc<\/a><\/li><li class='ez-toc-page-1 ez-toc-heading-level-3'><a class=\"ez-toc-link ez-toc-heading-11\" href=\"https:\/\/www.turna.com\/blog\/isvicre-gezilecek-yerler\/#9_blausee\" >9.\u00a0Blausee<\/a><\/li><li class='ez-toc-page-1 ez-toc-heading-level-3'><a class=\"ez-toc-link ez-toc-heading-12\" href=\"https:\/\/www.turna.com\/blog\/isvicre-gezilecek-yerler\/#10_jet_deau_fiskiyesi\" >10.\u00a0Jet d&#8217;Eau F\u0131skiyesi<\/a><\/li><li class='ez-toc-page-1 ez-toc-heading-level-3'><a class=\"ez-toc-link ez-toc-heading-13\" href=\"https:\/\/www.turna.com\/blog\/isvicre-gezilecek-yerler\/#11_freddie_mercury_muzesi\" >11.\u00a0Freddie Mercury M\u00fczesi<\/a><\/li><li class='ez-toc-page-1 ez-toc-heading-level-3'><a class=\"ez-toc-link ez-toc-heading-14\" href=\"https:\/\/www.turna.com\/blog\/isvicre-gezilecek-yerler\/#12_zurih_opera_binasi\" >12.\u00a0Z\u00fcrih Opera Binas\u0131<\/a><\/li><li class='ez-toc-page-1 ez-toc-heading-level-3'><a class=\"ez-toc-link ez-toc-heading-15\" href=\"https:\/\/www.turna.com\/blog\/isvicre-gezilecek-yerler\/#13_schilthorn\" >13.\u00a0Schilthorn\u00a0<\/a><\/li><li class='ez-toc-page-1 ez-toc-heading-level-3'><a class=\"ez-toc-link ez-toc-heading-16\" href=\"https:\/\/www.turna.com\/blog\/isvicre-gezilecek-yerler\/#14_einstein_muzesi\" >14.\u00a0Einstein M\u00fczesi<\/a><\/li><\/ul><\/li><\/ul><\/nav><\/div>\n\n<p>D\u00fcnyada su\u00e7 oran\u0131 en d\u00fc\u015f\u00fck \u00fclkelerden biri olan <a href=\"https:\/\/www.turna.com\/blog\/ulkeler\/avrupa\/isvicre\" target=\"_blank\" rel=\"noopener noreferrer\"><strong>\u0130svi\u00e7re<\/strong><\/a>, g\u00fcven dolu sokaklar\u0131, huzurlu atmosferi, yard\u0131msever insanlar\u0131 ve g\u00f6z kama\u015ft\u0131ran do\u011fal g\u00fczellikleriyle Bat\u0131 Avrupa\u2019n\u0131n en pop\u00fcler turizm destinasyonlar\u0131ndan biri. Kuzeyinde Almanya, bat\u0131s\u0131nda Fransa, g\u00fcneyinde \u0130talya, do\u011fusunda ise Avusturya ile Lihten\u015ftayn bulunan \u0130svi\u00e7re, Alpler, \u0130svi\u00e7re Platosu ve Jura Da\u011flar\u0131 aras\u0131nda konumlanan denize k\u0131y\u0131s\u0131 olmayan bir \u00fclke. Ekonomik anlamda da olduk\u00e7a g\u00fc\u00e7l\u00fc bir yap\u0131ya sahip olan bu etkileyici \u00fclke, ki\u015fi ba\u015f\u0131na d\u00fc\u015fen milli gelir bak\u0131m\u0131ndan d\u00fcnyan\u0131n en zengin \u00fclkeleri aras\u0131nda bulunuyor.<\/p>\n\n\n\n<h2 class=\"wp-block-heading has-text-align-center has-neeon-button-dark-gray-color has-text-color has-link-color wp-elements-167304e2fea006fb9b536632253fef52\"><span class=\"ez-toc-section\" id=\"isvicrede_gormeniz_gereken_15_yer\"><\/span><strong><strong><strong><strong><strong><strong><strong>\u0130svi\u00e7re&#8217;de G\u00f6rmeniz Gereken 15 Yer<\/strong><\/strong><\/strong><\/strong><\/strong><\/strong><\/strong><span class=\"ez-toc-section-end\"><\/span><\/h2>\n\n\n\n<h3 class=\"wp-block-heading has-text-align-center has-neeon-button-dark-gray-color has-text-color has-link-color wp-elements-4901af13fe3a980a1645b02cf9414381\"><span class=\"ez-toc-section\" id=\"1_st_pierre_katedrali\"><\/span><strong><strong><strong><strong><strong>1. St. Pierre Katedrali<\/strong><\/strong><\/strong><\/strong><\/strong><span class=\"ez-toc-section-end\"><\/span><\/h3>\n\n\n\n<figure class=\"wp-block-image\"><img width=\"800\" height=\"500\" data-public-id=\"St-Pierre-Katedrali-Cenevre_beud2b\/St-Pierre-Katedrali-Cenevre_beud2b.jpg\" fetchpriority=\"high\" decoding=\"async\" src=\"https:\/\/res.cloudinary.com\/turna\/images\/w_800,h_500,c_scale\/f_auto,q_auto\/f_auto,q_auto:low\/v1508769908\/St-Pierre-Katedrali-Cenevre_beud2b\/St-Pierre-Katedrali-Cenevre_beud2b.jpg?_i=AA\" alt=\"\" class=\"wp-post-9988 wp-image-10018\" data-format=\"jpg\" data-transformations=\"f_auto,q_auto\/f_auto,q_auto:low\" data-version=\"1508769908\" data-seo=\"1\" srcset=\"https:\/\/res.cloudinary.com\/turna\/images\/f_auto,q_auto\/f_auto,q_auto\/f_auto,q_auto:low\/v1508769908\/St-Pierre-Katedrali-Cenevre_beud2b\/St-Pierre-Katedrali-Cenevre_beud2b.jpg?_i=AA 800w, https:\/\/res.cloudinary.com\/turna\/images\/w_300,h_188,c_scale\/f_auto,q_auto\/f_auto,q_auto\/f_auto,q_auto:low\/v1508769908\/St-Pierre-Katedrali-Cenevre_beud2b\/St-Pierre-Katedrali-Cenevre_beud2b.jpg?_i=AA 300w, https:\/\/res.cloudinary.com\/turna\/images\/w_672,h_420,c_scale\/f_auto,q_auto\/f_auto,q_auto\/f_auto,q_auto:low\/v1508769908\/St-Pierre-Katedrali-Cenevre_beud2b\/St-Pierre-Katedrali-Cenevre_beud2b.jpg?_i=AA 672w, https:\/\/res.cloudinary.com\/turna\/images\/w_640,h_400,c_scale\/f_auto,q_auto\/f_auto,q_auto\/f_auto,q_auto:low\/v1508769908\/St-Pierre-Katedrali-Cenevre_beud2b\/St-Pierre-Katedrali-Cenevre_beud2b.jpg?_i=AA 640w, https:\/\/res.cloudinary.com\/turna\/images\/w_681,h_426,c_scale\/f_auto,q_auto\/f_auto,q_auto\/f_auto,q_auto:low\/v1508769908\/St-Pierre-Katedrali-Cenevre_beud2b\/St-Pierre-Katedrali-Cenevre_beud2b.jpg?_i=AA 681w\" sizes=\"(max-width: 800px) 100vw, 800px\" \/><\/figure>\n\n\n\n<p>\u00dclkenin en hareketli \u015fehirlerinden biri olan Cenevre&#8217;de yer alan <strong>St. Pierre Katedrali<\/strong>, Gotik mimarisinin yan\u0131 s\u0131ra bundan 855 y\u0131l \u00f6ncesine dayanan k\u00f6kl\u00fc ge\u00e7mi\u015fiyle de olduk\u00e7a \u00fcnl\u00fc. \u015eehre gelen turistlerin u\u011framadan ge\u00e7medi\u011fi yap\u0131lar aras\u0131nda ilk s\u0131ralarda bulunan&nbsp;St. Pierre Katedrali&#8217;nde \u015fehri 360 derece g\u00f6r\u00fcnt\u00fcs\u00fcn\u00fc izleyebilece\u011finiz iki kule de mevcut.<\/p>\n\n\n\n<h3 class=\"wp-block-heading has-text-align-center has-neeon-button-dark-gray-color has-text-color has-link-color wp-elements-e7a3b806052e3e555cbaa1708dc3d7d3\"><span class=\"ez-toc-section\" id=\"2_maggiore_golu\"><\/span><strong><strong><strong><strong><strong>2.\u00a0Maggiore G\u00f6l\u00fc<\/strong><\/strong><\/strong><\/strong><\/strong><span class=\"ez-toc-section-end\"><\/span><\/h3>\n\n\n\n<p>Romantik \u00e7iftleri cezbeden g\u00f6z al\u0131c\u0131 manzaras\u0131yla haf\u0131zalara kaz\u0131nan <strong>Maggiore G\u00f6l\u00fc<\/strong>, \u0130svi\u00e7re&#8217;nin g\u00fcneyinde \u00d6n-Alpler b\u00f6lgesinde bulunan eski buzul g\u00f6llerinden biri. Yakla\u015f\u0131k 212 kilometrekarelik y\u00fcz \u00f6l\u00e7\u00fcm\u00fcyle \u00fclkenin en b\u00fcy\u00fck g\u00f6lleri aras\u0131nda bulunan Maggiore G\u00f6l\u00fc, \u00e7evresinde bulunan \u00f6zel bah\u00e7elerin g\u00fczelli\u011fiyle de an\u0131l\u0131yor.<\/p>\n\n\n\n<h3 class=\"wp-block-heading has-text-align-center has-neeon-button-dark-gray-color has-text-color has-link-color wp-elements-ba5147411599ab00ca3877093cdc65b1\"><span class=\"ez-toc-section\" id=\"3_altstadt\"><\/span><strong><strong><strong><strong><strong>3.\u00a0Altstadt<\/strong><\/strong><\/strong><\/strong><\/strong><span class=\"ez-toc-section-end\"><\/span><\/h3>\n\n\n\n<figure class=\"wp-block-image\"><img width=\"800\" height=\"500\" data-public-id=\"Altstadt-Bern_s5wcrt\/Altstadt-Bern_s5wcrt.jpg\" decoding=\"async\" src=\"https:\/\/res.cloudinary.com\/turna\/images\/w_800,h_500,c_scale\/f_auto,q_auto:low\/v1508769831\/Altstadt-Bern_s5wcrt\/Altstadt-Bern_s5wcrt.jpg?_i=AA\" alt=\"\" class=\"wp-post-9988 wp-image-10017\" data-format=\"jpg\" data-transformations=\"f_auto,q_auto:low\" data-version=\"1508769831\" data-seo=\"1\" srcset=\"https:\/\/res.cloudinary.com\/turna\/images\/f_auto,q_auto:low\/v1508769831\/Altstadt-Bern_s5wcrt\/Altstadt-Bern_s5wcrt.jpg?_i=AA 800w, https:\/\/res.cloudinary.com\/turna\/images\/w_300,h_188,c_scale\/f_auto,q_auto:low\/v1508769831\/Altstadt-Bern_s5wcrt\/Altstadt-Bern_s5wcrt.jpg?_i=AA 300w, https:\/\/res.cloudinary.com\/turna\/images\/w_672,h_420,c_scale\/f_auto,q_auto:low\/v1508769831\/Altstadt-Bern_s5wcrt\/Altstadt-Bern_s5wcrt.jpg?_i=AA 672w, https:\/\/res.cloudinary.com\/turna\/images\/w_640,h_400,c_scale\/f_auto,q_auto:low\/v1508769831\/Altstadt-Bern_s5wcrt\/Altstadt-Bern_s5wcrt.jpg?_i=AA 640w, https:\/\/res.cloudinary.com\/turna\/images\/w_681,h_426,c_scale\/f_auto,q_auto:low\/v1508769831\/Altstadt-Bern_s5wcrt\/Altstadt-Bern_s5wcrt.jpg?_i=AA 681w\" sizes=\"(max-width: 800px) 100vw, 800px\" \/><\/figure>\n\n\n\n<p>\u00dclkede Orta \u00c7a\u011f esintileri ta\u015f\u0131yan tarihi bir b\u00f6lge olan <strong>Altstadt<\/strong> b\u00f6lgesi, Bern \u015fehri s\u0131n\u0131rlar\u0131nda kal\u0131yor. 12 ve 15. y\u00fczy\u0131llar aras\u0131nda in\u015fa edilen bu tarihi yerle\u015fim yeri 1983 y\u0131l\u0131ndan bu yana UNESCO D\u00fcnya Miras\u0131 Listesi&#8217;nde yer al\u0131yor. 100.6 metre y\u00fcksekli\u011fiyle \u0130svi\u00e7re\u2019nin en y\u00fcksek katedrali olan&nbsp;Berner M\u00fcnster (Bern Katedrali)&#8217;e de ev sahipli\u011fi yapan bu b\u00f6lge, her y\u0131l y\u00fcz binlerce turist taraf\u0131ndan ziyaret ediliyor.<\/p>\n\n\n\n<h3 class=\"wp-block-heading has-text-align-center has-neeon-button-dark-gray-color has-text-color has-link-color wp-elements-be80a323d5074a7a864c22ed483b4e04\"><span class=\"ez-toc-section\" id=\"4_basel_manastiri\"><\/span><strong><strong><strong><strong><strong>4. Basel Manast\u0131r\u0131 <\/strong><\/strong><\/strong><\/strong><\/strong><span class=\"ez-toc-section-end\"><\/span><\/h3>\n\n\n\n<p>\u00dclkenin k\u00fclt\u00fcr sanat merkezi olarak an\u0131lan Basel \u015fehrinde in\u015fa edilen <strong>Basel Manast\u0131r\u0131<\/strong>, \u0130svi\u00e7re Ulusal Miraslar\u0131 aras\u0131nda bulunuyor. 1356 y\u0131l\u0131nda ya\u015fanan b\u00fcy\u00fck Basel depreminde b\u00fcy\u00fck hasar g\u00f6ren ve tamamen y\u0131k\u0131lan bu manast\u0131r, 1421 y\u0131l\u0131nda yeniden in\u015fa edildi. Katolik d\u00fcnyas\u0131 i\u00e7in olduk\u00e7a \u00f6nemli bir ibadethane olan Basel Manast\u0131r\u0131, Romaneks ve Gotik mimarisiyle de \u00f6ne \u00e7\u0131k\u0131yor.<\/p>\n\n\n\n<h3 class=\"wp-block-heading has-text-align-center has-neeon-button-dark-gray-color has-text-color has-link-color wp-elements-3af04514a3ec970310af37850157778a\"><span class=\"ez-toc-section\" id=\"5_lavaux_sarap_baglari\"><\/span><strong><strong><strong><strong><strong>5.\u00a0Lavaux \u015earap Ba\u011flar\u0131<\/strong><\/strong><\/strong><\/strong><\/strong><span class=\"ez-toc-section-end\"><\/span><\/h3>\n\n\n\n<figure class=\"wp-block-image\"><img width=\"800\" height=\"500\" data-public-id=\"Lavaux_paalbw\/Lavaux_paalbw.jpg\" decoding=\"async\" src=\"https:\/\/res.cloudinary.com\/turna\/images\/w_800,h_500,c_scale\/f_auto,q_auto:low\/v1508769810\/Lavaux_paalbw\/Lavaux_paalbw.jpg?_i=AA\" alt=\"\" class=\"wp-post-9988 wp-image-10016\" data-format=\"jpg\" data-transformations=\"f_auto,q_auto:low\" data-version=\"1508769810\" data-seo=\"1\" srcset=\"https:\/\/res.cloudinary.com\/turna\/images\/f_auto,q_auto:low\/v1508769810\/Lavaux_paalbw\/Lavaux_paalbw.jpg?_i=AA 800w, https:\/\/res.cloudinary.com\/turna\/images\/w_300,h_188,c_scale\/f_auto,q_auto:low\/v1508769810\/Lavaux_paalbw\/Lavaux_paalbw.jpg?_i=AA 300w, https:\/\/res.cloudinary.com\/turna\/images\/w_672,h_420,c_scale\/f_auto,q_auto:low\/v1508769810\/Lavaux_paalbw\/Lavaux_paalbw.jpg?_i=AA 672w, https:\/\/res.cloudinary.com\/turna\/images\/w_640,h_400,c_scale\/f_auto,q_auto:low\/v1508769810\/Lavaux_paalbw\/Lavaux_paalbw.jpg?_i=AA 640w, https:\/\/res.cloudinary.com\/turna\/images\/w_681,h_426,c_scale\/f_auto,q_auto:low\/v1508769810\/Lavaux_paalbw\/Lavaux_paalbw.jpg?_i=AA 681w\" sizes=\"(max-width: 800px) 100vw, 800px\" \/><\/figure>\n\n\n\n<p>Montreux s\u0131n\u0131rlar\u0131 i\u00e7indeki Cully kasabas\u0131nda yer alan <strong>Lavaux \u015earap Ba\u011flar\u0131<\/strong>,&nbsp;UNESCO D\u00fcnya Miras\u0131 Listesi\u2019ne girmi\u015f muhte\u015fem bir yer. \u015earap ma\u011fazalar\u0131 ve ta\u015f evlerle \u00e7evrili Cully kasabas\u0131n\u0131, hareketli bir turizm merkezine d\u00f6n\u00fc\u015ft\u00fcren bu ba\u011flar, g\u00f6z kama\u015ft\u0131ran manzaras\u0131yla foto\u011fraf merakl\u0131lar\u0131 i\u00e7in de olduk\u00e7a cezbedici. 11. y\u00fczy\u0131ldan bu yana \u00fcz\u00fcm yeti\u015ftirilen bu ba\u011flar 12 bin 500 metrekarelik bir alan\u0131 kapl\u0131yor.<\/p>\n\n\n\n<h3 class=\"wp-block-heading has-text-align-center has-neeon-button-dark-gray-color has-text-color has-link-color wp-elements-b0db36b7535464b2366ec062ac1e16da\"><span class=\"ez-toc-section\" id=\"5_zurih_golu\"><\/span><strong><strong><strong><strong><strong>5.\u00a0Z\u00fcrih G\u00f6l\u00fc<\/strong><\/strong><\/strong><\/strong><\/strong><span class=\"ez-toc-section-end\"><\/span><\/h3>\n\n\n\n<figure class=\"wp-block-image size-large\"><img decoding=\"async\" src=\"https:\/\/res.cloudinary.com\/turna\/image\/upload\/v1742545470\/wordpress-contents\/Z%C3%BCrih_G%C3%B6l%C3%BC.jpg\" alt=\"\"\/><\/figure>\n\n\n\n<p>\u0130svi\u00e7re\u2019nin en pop\u00fcler g\u00f6llerinden biri olan <strong>Z\u00fcrih G\u00f6l\u00fc<\/strong>, huzur dolu atmosferi ve manzaras\u0131yla yeni yerler ke\u015ffetmek isteyenler i\u00e7in birebir. G\u00f6l kenar\u0131nda y\u00fcr\u00fcy\u00fc\u015fe \u00e7\u0131kabilir, bisiklet s\u00fcrebilir, tekne turlar\u0131na kat\u0131labilir ya da g\u00fcn bat\u0131m\u0131nda romantik bir ak\u015fam ge\u00e7irebilirsiniz. Yaz aylar\u0131nda y\u00fczme ve su sporlar\u0131 yapabilece\u011finiz bu g\u00f6lde, k\u0131\u015f\u0131n ise buz gibi manzaran\u0131n tad\u0131n\u0131 \u00e7\u0131karabilirsiniz. Ayr\u0131ca g\u00f6l k\u0131y\u0131s\u0131ndaki kafelerde oturup s\u0131cak bir kahve e\u015fli\u011finde huzurun tad\u0131n\u0131 \u00e7\u0131karabilirsiniz.<\/p>\n\n\n\n<h3 class=\"wp-block-heading has-text-align-center has-neeon-button-dark-gray-color has-text-color has-link-color wp-elements-de142826398055e0a5831048503bc87c\"><span class=\"ez-toc-section\" id=\"6_ren_selalesi\"><\/span><strong><strong><strong><strong><strong>6.\u00a0Ren \u015eelalesi<\/strong><\/strong><\/strong><\/strong><\/strong><span class=\"ez-toc-section-end\"><\/span><\/h3>\n\n\n\n<p>Avrupa\u2019n\u0131n en b\u00fcy\u00fck \u015felalesi olan <strong>Ren \u015eelalesi<\/strong>, do\u011fan\u0131n g\u00fcc\u00fcn\u00fc hissedebilece\u011finiz b\u00fcy\u00fcleyici bir yer. \u015eelalenin yan\u0131nda yer alan seyir teraslar\u0131ndan co\u015fkulu su d\u00f6k\u00fcl\u00fc\u015f\u00fcn\u00fc izleyebilir, isterseniz bot turlar\u0131na kat\u0131larak suya biraz daha yak\u0131ndan bakabilirsiniz. Burada ayr\u0131ca macera severler i\u00e7in kaya t\u0131rman\u0131\u015f\u0131, kano ve rafting gibi etkinlikler de bulunuyor. Yak\u0131n\u0131nda bulunan tarihi Laufen \u015eatosu ise \u015felaleye farkl\u0131 bir a\u00e7\u0131dan bakmak isteyenler i\u00e7in ideal bir yer.<\/p>\n\n\n\n<h3 class=\"wp-block-heading has-text-align-center has-neeon-button-dark-gray-color has-text-color has-link-color wp-elements-4b7be82db288f9f2b5328444170e9454\"><span class=\"ez-toc-section\" id=\"7_cenevre_botanik_bahcesi\"><\/span><strong><strong><strong><strong><strong>7.\u00a0Cenevre Botanik Bah\u00e7esi<\/strong><\/strong><\/strong><\/strong><\/strong><span class=\"ez-toc-section-end\"><\/span><\/h3>\n\n\n\n<figure class=\"wp-block-image size-large\"><img decoding=\"async\" src=\"https:\/\/res.cloudinary.com\/turna\/image\/upload\/v1742545471\/wordpress-contents\/Cenevre_Botanik_Bah%C3%A7esi.jpg\" alt=\"\"\/><\/figure>\n\n\n\n<p>Cenevre\u2019de bulunan bu botanik bah\u00e7e, do\u011faya merakl\u0131 olanlar i\u00e7in tam bir cennet! 12 binden fazla bitki t\u00fcr\u00fcne ev sahipli\u011fi yapan bah\u00e7ede, rengarenk \u00e7i\u00e7eklerin ve nadir bulunan bitkilerin aras\u0131na dal\u0131p harika foto\u011fraflar \u00e7ekebilirsiniz. \u0130\u00e7erisindeki kelebek evi ve tropik bitkilerin bulundu\u011fu seralar da olduk\u00e7a ilgi \u00e7ekici. Bah\u00e7ede y\u00fcr\u00fcy\u00fc\u015f yaparken bol oksijenin tad\u0131n\u0131 \u00e7\u0131karmay\u0131 unutmay\u0131n!<\/p>\n\n\n\n<h3 class=\"wp-block-heading has-text-align-center has-neeon-button-dark-gray-color has-text-color has-link-color wp-elements-542c8d4104bec82631784889240eb2b6\"><span class=\"ez-toc-section\" id=\"8_kapell_koprusu\"><\/span><strong><strong><strong><strong><strong>8.\u00a0Kapell K\u00f6pr\u00fcs\u00fc<\/strong><\/strong><\/strong><\/strong><\/strong><span class=\"ez-toc-section-end\"><\/span><\/h3>\n\n\n\n<figure class=\"wp-block-image size-large\"><img decoding=\"async\" src=\"https:\/\/res.cloudinary.com\/turna\/image\/upload\/v1742545470\/wordpress-contents\/Kapell_K%C3%B6pr%C3%BCs%C3%BC.jpg\" alt=\"\"\/><\/figure>\n\n\n\n<p>Luzern \u015fehrinde yer alan bu tarihi tahta k\u00f6pr\u00fc, \u0130svi\u00e7re\u2019nin en ikonik yap\u0131lar\u0131ndan biri. 14. y\u00fczy\u0131ldan kalma <strong>Kapell K\u00f6pr\u00fcs\u00fc<\/strong>, \u00e7at\u0131l\u0131 yap\u0131s\u0131 ve i\u00e7indeki tarihi resimlerle ziyaret\u00e7ilerine adeta zaman yolculu\u011fu yapt\u0131r\u0131yor. 700 ya\u015f\u0131ndaki k\u00f6pr\u00fcn\u00fcn yan\u0131ndaki su kulesi ise ge\u00e7mi\u015fte hapishane olarak kullan\u0131lm\u0131\u015f. \u015eimdi ise \u015fehrin en g\u00fczel manzaralar\u0131ndan birini sunan bir noktaya d\u00f6n\u00fc\u015fm\u00fc\u015f durumda.&nbsp;<\/p>\n\n\n\n<h3 class=\"wp-block-heading has-text-align-center has-neeon-button-dark-gray-color has-text-color has-link-color wp-elements-14aa2eae3e71bd4d5ef2501506694abc\"><span class=\"ez-toc-section\" id=\"9_blausee\"><\/span><strong><strong><strong><strong><strong>9.\u00a0Blausee<\/strong><\/strong><\/strong><\/strong><\/strong><span class=\"ez-toc-section-end\"><\/span><\/h3>\n\n\n\n<figure class=\"wp-block-image size-large\"><img decoding=\"async\" src=\"https:\/\/res.cloudinary.com\/turna\/image\/upload\/v1742545471\/wordpress-contents\/Blausee.jpg\" alt=\"\"\/><\/figure>\n\n\n\n<p>Berrak ve turkuaz rengiyle \u00fcnl\u00fc <strong>Blausee G\u00f6l\u00fc<\/strong>, tam anlam\u0131yla bir do\u011fa harikas\u0131. Efsaneye g\u00f6re, buran\u0131n rengini bir a\u015f\u0131k kad\u0131n\u0131n g\u00f6zya\u015flar\u0131ndan ald\u0131\u011f\u0131n\u0131 s\u00f6yl\u00fcyorlar. Kim bilir? Ama kesin olan bir \u015fey var: Burada do\u011fan\u0131n tad\u0131n\u0131 \u00e7\u0131karmak i\u00e7in bol bol zaman ge\u00e7irmek isteyeceksiniz. \u00c7evresindeki do\u011fa y\u00fcr\u00fcy\u00fc\u015f parkurlar\u0131, ziyaret\u00e7ilerine e\u015fsiz bir deneyim sunuyor. Ayr\u0131ca g\u00f6lde cam tabanl\u0131 bot turlar\u0131 yaparak suyun alt\u0131ndaki harika g\u00f6r\u00fcnt\u00fcleri izleyebilirsiniz. Kameralar\u0131n\u0131z\u0131 haz\u0131rlay\u0131n \u00e7\u00fcnk\u00fc bu mavi harikada foto\u011fraf \u00e7ekmeye doyamayacaks\u0131n\u0131z.<\/p>\n\n\n\n<h3 class=\"wp-block-heading has-text-align-center has-neeon-button-dark-gray-color has-text-color has-link-color wp-elements-cc0496d8bdd7096d40ea76693f52ee9c\"><span class=\"ez-toc-section\" id=\"10_jet_deau_fiskiyesi\"><\/span><strong><strong><strong><strong><strong>10.\u00a0Jet d&#8217;Eau F\u0131skiyesi<\/strong><\/strong><\/strong><\/strong><\/strong><span class=\"ez-toc-section-end\"><\/span><\/h3>\n\n\n\n<figure class=\"wp-block-image size-large\"><img decoding=\"async\" src=\"https:\/\/res.cloudinary.com\/turna\/image\/upload\/v1742545471\/wordpress-contents\/Jet_d_Eau_F%C4%B1skiyesi.jpg\" alt=\"\"\/><\/figure>\n\n\n\n<p>Cenevre\u2019nin simgesi haline gelen bu devasa f\u0131skiye, tam 140 metreye kadar su f\u0131\u015fk\u0131rt\u0131yor! \u015eehrin neredeyse her noktas\u0131ndan g\u00f6r\u00fclebilen <strong>Jet d\u2019Eau<\/strong>, foto\u011fraf \u00e7ekmek ve suyun enerjisini hissetmek i\u00e7in harika bir nokta. \u00d6zellikle gece saatlerinde \u0131\u015f\u0131kland\u0131r\u0131lm\u0131\u015f haliyle bamba\u015fka bir atmosfere b\u00fcr\u00fcn\u00fcyor. \u0130sve\u00e7\u2019e gelirseniz mutlaka listenizde olmas\u0131 gereken bir yer.<\/p>\n\n\n\n<h3 class=\"wp-block-heading has-text-align-center has-neeon-button-dark-gray-color has-text-color has-link-color wp-elements-5fbb41c896df724548fd639be894416e\"><span class=\"ez-toc-section\" id=\"11_freddie_mercury_muzesi\"><\/span><strong><strong><strong><strong><strong>11.\u00a0Freddie Mercury M\u00fczesi<\/strong><\/strong><\/strong><\/strong><\/strong><span class=\"ez-toc-section-end\"><\/span><\/h3>\n\n\n\n<p>Queen grubunun efsanevi solisti Freddie Mercury\u2019nin an\u0131s\u0131n\u0131 ya\u015fatan bu m\u00fcze, Montreux\u2019de yer al\u0131yor. Mercury\u2019nin burada zaman ge\u00e7irdi\u011fi d\u00f6nemlere dair e\u015fyalar ve foto\u011fraflar sergileniyor. E\u011fer bir Queen hayran\u0131ysan\u0131z, buras\u0131 tam size g\u00f6re. Ayr\u0131ca m\u00fczenin \u00f6n\u00fcnde bulunan Freddie Mercury heykeli, hayranlar\u0131 taraf\u0131ndan s\u0131kl\u0131kla ziyaret edilen \u00f6nemli bir simge haline gelmi\u015f durumda. Freddie Mercury\u2019nin burada 6 alb\u00fcm kaydetti\u011fini de belirtmeden ge\u00e7meyelim.<\/p>\n\n\n\n<h3 class=\"wp-block-heading has-text-align-center has-neeon-button-dark-gray-color has-text-color has-link-color wp-elements-5f45493467d6a9a9edfdfde77f004129\"><span class=\"ez-toc-section\" id=\"12_zurih_opera_binasi\"><\/span><strong><strong><strong><strong><strong>12.\u00a0Z\u00fcrih Opera Binas\u0131<\/strong><\/strong><\/strong><\/strong><\/strong><span class=\"ez-toc-section-end\"><\/span><\/h3>\n\n\n\n<p>Sanata ve m\u00fczikseverlere hitap eden <strong>Z\u00fcrih Opera Binas\u0131<\/strong>, Avrupa\u2019n\u0131n en prestijli sahnelerinden biri. Burada bir opera ya da bale g\u00f6sterisi izlemek, \u0130svi\u00e7re seyahatinizi unutulmaz k\u0131lacak deneyimlerden biri olabilir. Bina, muhte\u015fem akusti\u011fi ve etkileyici mimarisi ile de b\u00fcy\u00fcleyici bir atmosfere sahip. Sezon boyunca d\u00fcnyan\u0131n en \u00fcnl\u00fc sanat\u00e7\u0131lar\u0131n\u0131n performanslar\u0131n\u0131 burada izleyebilirsiniz. Tatilinizi bu performans zamanlar\u0131na g\u00f6re ayarlamay\u0131 unutmay\u0131n.<\/p>\n\n\n\n<h3 class=\"wp-block-heading has-text-align-center has-neeon-button-dark-gray-color has-text-color has-link-color wp-elements-75dc8172157ecc116edb8ebf64aa5b48\"><span class=\"ez-toc-section\" id=\"13_schilthorn\"><\/span><strong><strong><strong><strong><strong>13.\u00a0Schilthorn\u00a0<\/strong><\/strong><\/strong><\/strong><\/strong><span class=\"ez-toc-section-end\"><\/span><\/h3>\n\n\n\n<figure class=\"wp-block-image size-large\"><img decoding=\"async\" src=\"https:\/\/res.cloudinary.com\/turna\/image\/upload\/v1742545470\/wordpress-contents\/Schilthorn.jpg\" alt=\"\"\/><\/figure>\n\n\n\n<p>Macera sevenler i\u00e7in <strong>Schilthorn<\/strong>, kesinlikle \u0130svi\u00e7re\u2019nin en \u00e7arp\u0131c\u0131 noktalar\u0131ndan biri. Buras\u0131, efsanevi James Bond filmlerinde bile kullan\u0131lm\u0131\u015f. 2970 metre y\u00fckseklikten muhte\u015fem Alpler manzaras\u0131n\u0131 izlemek isterseniz, buraya teleferikle \u00e7\u0131kman\u0131z\u0131 \u015fiddetle tavsiye ederiz! Ayr\u0131ca zirvede bulunan Piz Gloria restoran\u0131nda yemek yiyerek muhte\u015fem bir panoramik manzaran\u0131n keyfini \u00e7\u0131karabilirsiniz.<\/p>\n\n\n\n<h3 class=\"wp-block-heading has-text-align-center has-neeon-button-dark-gray-color has-text-color has-link-color wp-elements-fd05f520131de99078467149d16684f6\"><span class=\"ez-toc-section\" id=\"14_einstein_muzesi\"><\/span><strong><strong><strong><strong><strong>14.\u00a0Einstein M\u00fczesi<\/strong><\/strong><\/strong><\/strong><\/strong><span class=\"ez-toc-section-end\"><\/span><\/h3>\n\n\n\n<p>D\u00fcnyan\u0131n en b\u00fcy\u00fck dahilerinden biri olan Albert Einstein\u2019\u0131n hayat\u0131n\u0131 ke\u015ffetmek ister misiniz? Bern\u2019de bulunan <strong>Einstein M\u00fczesi<\/strong>, onun bilimsel \u00e7al\u0131\u015fmalar\u0131n\u0131 ve ki\u015fisel hayat\u0131na dair ilgin\u00e7 detaylar\u0131 sunuyor. Einstein\u2019\u0131n ya\u015fad\u0131\u011f\u0131 evin bir k\u0131sm\u0131 korunarak m\u00fcze haline getirilmi\u015f ve burada \u00f6zel e\u015fyalar\u0131 sergileniyor. Bilime ve tarihe merakl\u0131ysan\u0131z, buray\u0131 mutlaka ziyaret etmelisiniz.<\/p>\n\n\n\n<p>Siz de bu b\u00fcy\u00fcleyici co\u011frafyay\u0131 ke\u015ffetmek istiyorsan\u0131z, <a href=\"https:\/\/www.turna.com\/ucak-bileti\/isvicre\" target=\"_blank\" rel=\"noopener noreferrer\"><strong>\u0130svi\u00e7re u\u00e7ak bileti<\/strong><\/a> kampanyalar\u0131na g\u00f6z atabilirsiniz.<\/p>\n\n    <div class=\"xs_social_share_widget xs_share_url after_content \t\tmain_content  wslu-style-1 wslu-share-box-shaped wslu-fill-colored wslu-none wslu-share-horizontal wslu-theme-font-no wslu-main_content\">\n\n\t\t\n        <ul>\n\t\t\t        <\/ul>\n    <\/div> \n","protected":false},"excerpt":{"rendered":"<p>D\u00fcnyada su\u00e7 oran\u0131 en d\u00fc\u015f\u00fck \u00fclkelerden biri olan \u0130svi\u00e7re, g\u00fcven dolu sokaklar\u0131, huzurlu atmosferi, yard\u0131msever insanlar\u0131 ve g\u00f6z kama\u015ft\u0131ran do\u011fal g\u00fczellikleriyle Bat\u0131 Avrupa\u2019n\u0131n en pop\u00fcler turizm destinasyonlar\u0131ndan biri. Kuzeyinde Almanya, bat\u0131s\u0131nda Fransa, g\u00fcneyinde \u0130talya, do\u011fusunda ise Avusturya ile Lihten\u015ftayn bulunan \u0130svi\u00e7re, Alpler, \u0130svi\u00e7re Platosu ve Jura Da\u011flar\u0131 aras\u0131nda konumlanan denize k\u0131y\u0131s\u0131 olmayan bir \u00fclke. Ekonomik [&hellip;]<\/p>\n","protected":false},"author":45,"featured_media":687,"comment_status":"open","ping_status":"open","sticky":false,"template":"","format":"standard","meta":{"rop_custom_images_group":[],"rop_custom_messages_group":[],"rop_publish_now":"initial","rop_publish_now_accounts":[],"rop_publish_now_history":[],"rop_publish_now_status":"pending","_cloudinary_featured_overwrite":false,"footnotes":""},"categories":[169],"tags":[1987,170,1897,5339,887],"class_list":["post-9988","post","type-post","status-publish","format-standard","has-post-thumbnail","hentry","category-isvicre","tag-basel-mulhouse","tag-bern","tag-cenevre","tag-flight","tag-isvicre"],"_links":{"self":[{"href":"https:\/\/www.turna.com\/blog\/wp-json\/wp\/v2\/posts\/9988","targetHints":{"allow":["GET"]}}],"collection":[{"href":"https:\/\/www.turna.com\/blog\/wp-json\/wp\/v2\/posts"}],"about":[{"href":"https:\/\/www.turna.com\/blog\/wp-json\/wp\/v2\/types\/post"}],"author":[{"embeddable":true,"href":"https:\/\/www.turna.com\/blog\/wp-json\/wp\/v2\/users\/45"}],"replies":[{"embeddable":true,"href":"https:\/\/www.turna.com\/blog\/wp-json\/wp\/v2\/comments?post=9988"}],"version-history":[{"count":0,"href":"https:\/\/www.turna.com\/blog\/wp-json\/wp\/v2\/posts\/9988\/revisions"}],"wp:featuredmedia":[{"embeddable":true,"href":"https:\/\/www.turna.com\/blog\/wp-json\/wp\/v2\/media\/687"}],"wp:attachment":[{"href":"https:\/\/www.turna.com\/blog\/wp-json\/wp\/v2\/media?parent=9988"}],"wp:term":[{"taxonomy":"category","embeddable":true,"href":"https:\/\/www.turna.com\/blog\/wp-json\/wp\/v2\/categories?post=9988"},{"taxonomy":"post_tag","embeddable":true,"href":"https:\/\/www.turna.com\/blog\/wp-json\/wp\/v2\/tags?post=9988"}],"curies":[{"name":"wp","href":"https:\/\/api.w.org\/{rel}","templated":true}]}}