{"id":9985,"date":"2023-05-09T08:28:00","date_gmt":"2023-05-09T05:28:00","guid":{"rendered":"https:\/\/www.turna.com\/blog\/?p=9985"},"modified":"2025-12-09T12:19:29","modified_gmt":"2025-12-09T09:19:29","slug":"ispanya-yapilacak-seyler","status":"publish","type":"post","link":"https:\/\/www.turna.com\/blog\/ispanya-yapilacak-seyler","title":{"rendered":"\u0130spanya\u2019da Ne Yap\u0131l\u0131r? 7 Unutulmaz Deneyim"},"content":{"rendered":"<div id=\"ez-toc-container\" class=\"ez-toc-v2_0_82_2 counter-hierarchy ez-toc-counter ez-toc-black ez-toc-container-direction\">\n<div class=\"ez-toc-title-container\">\n<p class=\"ez-toc-title\" style=\"cursor:inherit\">\u0130\u00e7indekiler<\/p>\n<span class=\"ez-toc-title-toggle\"><a href=\"#\" class=\"ez-toc-pull-right ez-toc-btn ez-toc-btn-xs ez-toc-btn-default ez-toc-toggle\" aria-label=\"\u0130\u00e7indekiler Tablosunu A\u00e7\/Kapat\"><span class=\"ez-toc-js-icon-con\"><span class=\"\"><span class=\"eztoc-hide\" style=\"display:none;\">Toggle<\/span><span class=\"ez-toc-icon-toggle-span\"><svg style=\"fill: #ffffff;color:#ffffff\" xmlns=\"http:\/\/www.w3.org\/2000\/svg\" class=\"list-377408\" width=\"20px\" height=\"20px\" viewBox=\"0 0 24 24\" fill=\"none\"><path d=\"M6 6H4v2h2V6zm14 0H8v2h12V6zM4 11h2v2H4v-2zm16 0H8v2h12v-2zM4 16h2v2H4v-2zm16 0H8v2h12v-2z\" fill=\"currentColor\"><\/path><\/svg><svg style=\"fill: #ffffff;color:#ffffff\" class=\"arrow-unsorted-368013\" xmlns=\"http:\/\/www.w3.org\/2000\/svg\" width=\"10px\" height=\"10px\" viewBox=\"0 0 24 24\" version=\"1.2\" baseProfile=\"tiny\"><path d=\"M18.2 9.3l-6.2-6.3-6.2 6.3c-.2.2-.3.4-.3.7s.1.5.3.7c.2.2.4.3.7.3h11c.3 0 .5-.1.7-.3.2-.2.3-.5.3-.7s-.1-.5-.3-.7zM5.8 14.7l6.2 6.3 6.2-6.3c.2-.2.3-.5.3-.7s-.1-.5-.3-.7c-.2-.2-.4-.3-.7-.3h-11c-.3 0-.5.1-.7.3-.2.2-.3.5-.3.7s.1.5.3.7z\"\/><\/svg><\/span><\/span><\/span><\/a><\/span><\/div>\n<nav><ul class='ez-toc-list ez-toc-list-level-1 eztoc-toggle-hide-by-default' ><li class='ez-toc-page-1 ez-toc-heading-level-2'><a class=\"ez-toc-link ez-toc-heading-1\" href=\"https:\/\/www.turna.com\/blog\/ispanya-yapilacak-seyler\/#ispanyada_ne_yapilir\" >\u0130spanya\u2019da Ne Yap\u0131l\u0131r?<\/a><ul class='ez-toc-list-level-3' ><li class='ez-toc-heading-level-3'><a class=\"ez-toc-link ez-toc-heading-2\" href=\"https:\/\/www.turna.com\/blog\/ispanya-yapilacak-seyler\/#1_sevillada_tarihi_yapilar_arasinda_kaybolun\" >1. Sevilla\u2019da Tarihi Yap\u0131lar Aras\u0131nda Kaybolun<\/a><\/li><li class='ez-toc-page-1 ez-toc-heading-level-3'><a class=\"ez-toc-link ez-toc-heading-3\" href=\"https:\/\/www.turna.com\/blog\/ispanya-yapilacak-seyler\/#2_nefis_tapas_cesitlerinin_tadina_bakin\" >2. Nefis Tapas \u00c7e\u015fitlerinin Tad\u0131na Bak\u0131n<\/a><\/li><li class='ez-toc-page-1 ez-toc-heading-level-3'><a class=\"ez-toc-link ez-toc-heading-4\" href=\"https:\/\/www.turna.com\/blog\/ispanya-yapilacak-seyler\/#3_tulum_beachin_essiz_gunbatimi_manzarasini_izleyin\" >3. Tulum Beach\u2019in E\u015fsiz G\u00fcnbat\u0131m\u0131 Manzaras\u0131n\u0131 \u0130zleyin<\/a><\/li><li class='ez-toc-page-1 ez-toc-heading-level-3'><a class=\"ez-toc-link ez-toc-heading-5\" href=\"https:\/\/www.turna.com\/blog\/ispanya-yapilacak-seyler\/#4_ibiza_plajlarinda_gunesin_ve_yuzmenin_keyfini_cikarin\" >4. \u0130biza Plajlar\u0131nda G\u00fcne\u015fin ve Y\u00fczmenin Keyfini \u00c7\u0131kar\u0131n<\/a><\/li><li class='ez-toc-page-1 ez-toc-heading-level-3'><a class=\"ez-toc-link ez-toc-heading-6\" href=\"https:\/\/www.turna.com\/blog\/ispanya-yapilacak-seyler\/#5_sabaha_kadar_suren_eglencelere_katilin\" >5. Sabaha Kadar S\u00fcren E\u011flencelere Kat\u0131l\u0131n<\/a><\/li><li class='ez-toc-page-1 ez-toc-heading-level-3'><a class=\"ez-toc-link ez-toc-heading-7\" href=\"https:\/\/www.turna.com\/blog\/ispanya-yapilacak-seyler\/#6_futbol_heyecanini_doyasiya_hissedeceginiz_bir_mac_izleyin\" >6. Futbol Heyecan\u0131n\u0131 Doyas\u0131ya Hissedece\u011finiz Bir Ma\u00e7 \u0130zleyin<\/a><\/li><li class='ez-toc-page-1 ez-toc-heading-level-3'><a class=\"ez-toc-link ez-toc-heading-8\" href=\"https:\/\/www.turna.com\/blog\/ispanya-yapilacak-seyler\/#7_seyahatinizi_festival_donemine_denk_getirip_unutulmaz_anlar_yasayin\" >7. Seyahatinizi Festival D\u00f6nemine Denk Getirip Unutulmaz Anlar Ya\u015fay\u0131n<\/a><\/li><\/ul><\/li><\/ul><\/nav><\/div>\n\n<p>\u0130spanya, tarihi, k\u00fclt\u00fcr\u00fc, do\u011fal g\u00fczellikleri ve yemekleri ile dolu dolu bir seyahat ge\u00e7irebilece\u011finiz harika bir \u00fclke. Bu g\u00fczel \u00fclkeye bir seyahat planl\u0131yorsan\u0131z neler yapabilirim diye d\u00fc\u015f\u00fcn\u00fcyorsunuz. <strong>\u0130spanya&#8217;da ne yap\u0131l\u0131r<\/strong> sorusunun bir \u00e7ok cevab\u0131 var. Tarihi yerleri ziyaret ederek \u0130spanyol k\u00fclt\u00fcr\u00fcn\u00fc daha yak\u0131ndan tan\u0131yabilirsiniz. Alhambra Saray\u0131, La Sagrada Familia ve Prado M\u00fczesi gibi yerler turistlerin s\u0131kl\u0131kla ziyaret etti\u011fi yerler aras\u0131nda.<\/p>\n\n\n\n<p>\u0130spanya, ayn\u0131 zamanda d\u00fcnya \u00e7ap\u0131nda \u00fcnl\u00fc yemekleriyle de biliniyor. Paella, tapas, gazpacho ve churros gibi yemeklerin tad\u0131na bakabilirsiniz. Plajlar\u0131 da olduk\u00e7a \u00fcnl\u00fc olan \u0130spanya&#8217;da, Costa del Sol, Costa Blanca ve Balear Adalar\u0131&#8217;ndaki plajlar turistlerin favori tercihleri aras\u0131nda. <\/p>\n\n\n\n<p>Sierra Nevada Da\u011flar\u0131, Picos de Europa Milli Park\u0131 ve G\u00fcney \u0130spanya&#8217;daki beyaz k\u00f6yler ziyaret edilebilir. Gece hayat\u0131yla da \u00fcnl\u00fc olan \u0130spanya&#8217;da, Madrid, Barcelona ve Ibiza gibi \u015fehirlerde gece kul\u00fcpleri ve barlar sizi bekliyor. \u00dclkenin tarihi ve k\u00fclt\u00fcrel zenginlikleri, g\u00fczel plajlar\u0131, lezzetli yemekleri ve canl\u0131 gece hayat\u0131 gibi bir\u00e7ok aktivite ile keyifli bir tatil ge\u00e7irebilirsiniz.<\/p>\n\n\n\n<h2 class=\"wp-block-heading has-text-align-center has-neeon-button-dark-gray-color has-text-color has-link-color wp-elements-82d185ae3b47cf144a8c8641844ab6b4\"><span class=\"ez-toc-section\" id=\"ispanyada_ne_yapilir\"><\/span><strong><strong><strong><strong>\u0130spanya\u2019da Ne Yap\u0131l\u0131r?<\/strong><\/strong><\/strong><\/strong><span class=\"ez-toc-section-end\"><\/span><\/h2>\n\n\n\n<figure class=\"wp-block-image size-large\"><img width=\"800\" height=\"500\" data-public-id=\"ispanyada_ne_yap\u0131l\u0131r\/ispanyada_ne_yap\u0131l\u0131r.jpg\" decoding=\"async\" src=\"https:\/\/res.cloudinary.com\/turna\/images\/w_800,h_500,c_scale\/f_auto,q_auto:low\/v1682427561\/ispanyada_ne_yap\u0131l\u0131r\/ispanyada_ne_yap\u0131l\u0131r.jpg?_i=AA\" alt=\"\u0130spanyada Ne Yap\u0131l\u0131r\" class=\"wp-post-0 wp-image-21761\" data-format=\"jpg\" data-transformations=\"f_auto,q_auto:low\" data-version=\"1682427561\" data-seo=\"1\" srcset=\"https:\/\/res.cloudinary.com\/turna\/images\/f_auto,q_auto:low\/v1682427561\/ispanyada_ne_yap\u0131l\u0131r\/ispanyada_ne_yap\u0131l\u0131r.jpg?_i=AA 800w, https:\/\/res.cloudinary.com\/turna\/images\/w_300,h_188,c_scale\/f_auto,q_auto:low\/v1682427561\/ispanyada_ne_yap\u0131l\u0131r\/ispanyada_ne_yap\u0131l\u0131r.jpg?_i=AA 300w, https:\/\/res.cloudinary.com\/turna\/images\/w_672,h_420,c_scale\/f_auto,q_auto:low\/v1682427561\/ispanyada_ne_yap\u0131l\u0131r\/ispanyada_ne_yap\u0131l\u0131r.jpg?_i=AA 672w, https:\/\/res.cloudinary.com\/turna\/images\/w_640,h_400,c_scale\/f_auto,q_auto:low\/v1682427561\/ispanyada_ne_yap\u0131l\u0131r\/ispanyada_ne_yap\u0131l\u0131r.jpg?_i=AA 640w, https:\/\/res.cloudinary.com\/turna\/images\/w_681,h_426,c_scale\/f_auto,q_auto:low\/v1682427561\/ispanyada_ne_yap\u0131l\u0131r\/ispanyada_ne_yap\u0131l\u0131r.jpg?_i=AA 681w\" sizes=\"(max-width: 800px) 100vw, 800px\" \/><\/figure>\n\n\n\n<p>S\u0131cakkanl\u0131 insanlar\u0131, kalbinizin ritmini de\u011fi\u015ftiren etkileyici m\u00fczikleri, g\u00f6z al\u0131c\u0131 do\u011fal g\u00fczellikleri ve enfes lezzetler bulabilece\u011finiz y\u00f6resel yemekleriyle Avrupa\u2019n\u0131n pop\u00fcler turizm destinasyonlar\u0131ndan biri olan <strong><a href=\"https:\/\/goo.gl\/maps\/YD8ubnjT1BQoGsJr9\" target=\"_blank\" rel=\"noreferrer noopener\">\u0130spanya<\/a><\/strong>, tatilde deniz, kum ve g\u00fcne\u015f keyfi yapmak isteyenler i\u00e7in de olduk\u00e7a cezbedici plajlara sahip. G\u00fcnbat\u0131m\u0131nda sevdi\u011finizle birlikte romantik dakikalar ya\u015fayabilece\u011finiz manzaralar\u0131 ve sabaha dek s\u00fcren \u00e7\u0131lg\u0131n e\u011flenceleriyle de kendine hayran b\u0131rakan bu \u00fclke, Avrupa seyahatlerinin vazge\u00e7ilmez rotalar\u0131 aras\u0131nda. \u0130\u015fte \u0130spanya gezinizde mutlaka yapman\u0131z gereken \u015feylerden baz\u0131lar\u0131.<\/p>\n\n\n\n<h3 class=\"wp-block-heading has-text-align-center has-neeon-button-dark-gray-color has-text-color has-link-color wp-elements-e87c680162cba94283cc94d487dda5f5\"><span class=\"ez-toc-section\" id=\"1_sevillada_tarihi_yapilar_arasinda_kaybolun\"><\/span><strong><strong><strong><strong>1. Sevilla\u2019da Tarihi Yap\u0131lar Aras\u0131nda Kaybolun<\/strong><\/strong><\/strong><\/strong><span class=\"ez-toc-section-end\"><\/span><\/h3>\n\n\n\n<figure class=\"wp-block-image\"><img width=\"800\" height=\"500\" data-public-id=\"Sevilla_lktbd7\/Sevilla_lktbd7.jpg\" fetchpriority=\"high\" decoding=\"async\" src=\"https:\/\/res.cloudinary.com\/turna\/images\/w_800,h_500,c_scale\/f_auto,q_auto:low\/v1508593258\/Sevilla_lktbd7\/Sevilla_lktbd7.jpg?_i=AA\" alt=\"\u0130spanyada Ne Yap\u0131l\u0131r tarihi yerler\" class=\"wp-post-9985 wp-image-10007\" data-format=\"jpg\" data-transformations=\"f_auto,q_auto:low\" data-version=\"1508593258\" data-seo=\"1\" srcset=\"https:\/\/res.cloudinary.com\/turna\/images\/f_auto,q_auto:low\/v1508593258\/Sevilla_lktbd7\/Sevilla_lktbd7.jpg?_i=AA 800w, https:\/\/res.cloudinary.com\/turna\/images\/w_300,h_188,c_scale\/f_auto,q_auto:low\/v1508593258\/Sevilla_lktbd7\/Sevilla_lktbd7.jpg?_i=AA 300w, https:\/\/res.cloudinary.com\/turna\/images\/w_672,h_420,c_scale\/f_auto,q_auto:low\/v1508593258\/Sevilla_lktbd7\/Sevilla_lktbd7.jpg?_i=AA 672w, https:\/\/res.cloudinary.com\/turna\/images\/w_640,h_400,c_scale\/f_auto,q_auto:low\/v1508593258\/Sevilla_lktbd7\/Sevilla_lktbd7.jpg?_i=AA 640w, https:\/\/res.cloudinary.com\/turna\/images\/w_681,h_426,c_scale\/f_auto,q_auto:low\/v1508593258\/Sevilla_lktbd7\/Sevilla_lktbd7.jpg?_i=AA 681w\" sizes=\"(max-width: 800px) 100vw, 800px\" \/><\/figure>\n\n\n\n<p>Zengin k\u00fclt\u00fcrel dokusuyla \u00fclkeye k\u00fclt\u00fcr gezisi i\u00e7in gelen turistlerin ilk duraklar\u0131ndan biri olan Sevilla, Alcazar Saray\u0131, Sevilla Katedrali, Torre del Oro ve Plaza de Espana gibi g\u00f6z kama\u015ft\u0131ran tarihi yap\u0131lar\u0131yla b\u00fcy\u00fcleyici bir yerle\u015fim yeri. E\u011fer siz de k\u00fclt\u00fcrel ve tarihi mek\u00e2nlar\u0131 ke\u015ffetmekten keyif al\u0131yorsan\u0131z bu \u015fehirde akl\u0131n\u0131z\u0131 ba\u015f\u0131n\u0131zdan alacak say\u0131s\u0131z adres bulabilirsiniz. Sevilla, ayr\u0131ca flamenko m\u00fczi\u011fi ve dans\u0131 ile de \u00fcnl\u00fc. Bu y\u00fczden, bir flamenko g\u00f6sterisi izlemek yap\u0131lacaklar listenize eklemeniz gerekenlerden bence.<\/p>\n\n\n\n<h3 class=\"wp-block-heading has-text-align-center has-neeon-button-dark-gray-color has-text-color has-link-color wp-elements-80f2223cb18f7de0b1d59c1de15306d9\"><span class=\"ez-toc-section\" id=\"2_nefis_tapas_cesitlerinin_tadina_bakin\"><\/span><strong><strong><strong><strong>2. Nefis Tapas \u00c7e\u015fitlerinin Tad\u0131na Bak\u0131n<\/strong><\/strong><\/strong><\/strong><span class=\"ez-toc-section-end\"><\/span><\/h3>\n\n\n\n<figure class=\"wp-block-image size-large\"><img width=\"800\" height=\"500\" data-public-id=\"Tapas-1\/Tapas-1.jpg\" decoding=\"async\" src=\"https:\/\/res.cloudinary.com\/turna\/images\/w_800,h_500,c_scale\/f_auto,q_auto:low\/v1603954933\/Tapas-1\/Tapas-1.jpg?_i=AA\" alt=\"\u0130spanyada Ne Yap\u0131l\u0131r ispanya yemekleri\" class=\"wp-post-9985 wp-image-17619\" data-format=\"jpg\" data-transformations=\"f_auto,q_auto:low\" data-version=\"1603954933\" data-seo=\"1\" srcset=\"https:\/\/res.cloudinary.com\/turna\/images\/f_auto,q_auto:low\/v1603954933\/Tapas-1\/Tapas-1.jpg?_i=AA 800w, https:\/\/res.cloudinary.com\/turna\/images\/w_300,h_188,c_scale\/f_auto,q_auto:low\/v1603954933\/Tapas-1\/Tapas-1.jpg?_i=AA 300w, https:\/\/res.cloudinary.com\/turna\/images\/w_672,h_420,c_scale\/f_auto,q_auto:low\/v1603954933\/Tapas-1\/Tapas-1.jpg?_i=AA 672w, https:\/\/res.cloudinary.com\/turna\/images\/w_640,h_400,c_scale\/f_auto,q_auto:low\/v1603954933\/Tapas-1\/Tapas-1.jpg?_i=AA 640w, https:\/\/res.cloudinary.com\/turna\/images\/w_681,h_426,c_scale\/f_auto,q_auto:low\/v1603954933\/Tapas-1\/Tapas-1.jpg?_i=AA 681w\" sizes=\"(max-width: 800px) 100vw, 800px\" \/><\/figure>\n\n\n\n<p>\u0130spanya hakk\u0131nda biraz ara\u015ft\u0131rma yapan herkes bu \u00fclke insanlar\u0131n\u0131n i\u00e7kiyle aras\u0131n\u0131n ne kadar iyi oldu\u011funu bilir. \u0130\u00e7ki sofralar\u0131n\u0131 s\u00fcsleyen \u00e7e\u015fit \u00e7e\u015fit mezeler ise \u0130spanyal\u0131lar\u0131n vazge\u00e7ilmezlerinden. Bu k\u00fc\u00e7\u00fck at\u0131\u015ft\u0131rmal\u0131klara \u0130spanya\u2019da tapas deniliyor. Siz de bu \u00fclkeye gitti\u011finizde i\u00e7kinizin yan\u0131nda birka\u00e7 \u00e7e\u015fit tapas sipari\u015f etmeyi unutmay\u0131n.<\/p>\n\n\n\n<p>\u0130spanya, d\u00fcnya mutfa\u011f\u0131ndaki en zengin ve lezzetli mutfaklardan biri. \u0130spanya&#8217;y\u0131 ziyaret etti\u011finizde mutlaka denemeniz gereken bir\u00e7ok lezzetli yemek ve i\u00e7ecek var. Paella, gazpacho, patatas bravas, churros bunlardan baz\u0131lar\u0131.<\/p>\n\n\n\n<p><strong><a href=\"https:\/\/www.turna.com\/blog\/ispanya-yemekleri-ispanyaya-goturen-lezzetler\" target=\"_blank\" rel=\"noreferrer noopener\">\u0130spanya yemekleri<\/a><\/strong> ilginizi \u00e7ekiyorsa bu i\u00e7eri\u011fime de g\u00f6z at\u0131n derim.<\/p>\n\n\n\n<h3 class=\"wp-block-heading has-text-align-center has-neeon-button-dark-gray-color has-text-color has-link-color wp-elements-e5dc6a09f35195a9e25e51e06e65b0b8\"><span class=\"ez-toc-section\" id=\"3_tulum_beachin_essiz_gunbatimi_manzarasini_izleyin\"><\/span><strong><strong><strong><strong>3. Tulum Beach\u2019in E\u015fsiz G\u00fcnbat\u0131m\u0131 Manzaras\u0131n\u0131 \u0130zleyin<\/strong><\/strong><\/strong><\/strong><span class=\"ez-toc-section-end\"><\/span><\/h3>\n\n\n\n<figure class=\"wp-block-image\"><img width=\"800\" height=\"500\" data-public-id=\"Tulum-Beach_ceyopd\/Tulum-Beach_ceyopd.jpg\" decoding=\"async\" src=\"https:\/\/res.cloudinary.com\/turna\/images\/w_800,h_500,c_scale\/f_auto,q_auto\/f_auto,q_auto:low\/v1508593236\/Tulum-Beach_ceyopd\/Tulum-Beach_ceyopd.jpg?_i=AA\" alt=\"\u0130spanyada Ne Yap\u0131l\u0131r plajlar\" class=\"wp-post-9985 wp-image-10006\" data-format=\"jpg\" data-transformations=\"f_auto,q_auto\/f_auto,q_auto:low\" data-version=\"1508593236\" data-seo=\"1\" srcset=\"https:\/\/res.cloudinary.com\/turna\/images\/f_auto,q_auto\/f_auto,q_auto\/f_auto,q_auto:low\/v1508593236\/Tulum-Beach_ceyopd\/Tulum-Beach_ceyopd.jpg?_i=AA 800w, https:\/\/res.cloudinary.com\/turna\/images\/w_300,h_188,c_scale\/f_auto,q_auto\/f_auto,q_auto\/f_auto,q_auto:low\/v1508593236\/Tulum-Beach_ceyopd\/Tulum-Beach_ceyopd.jpg?_i=AA 300w, https:\/\/res.cloudinary.com\/turna\/images\/w_672,h_420,c_scale\/f_auto,q_auto\/f_auto,q_auto\/f_auto,q_auto:low\/v1508593236\/Tulum-Beach_ceyopd\/Tulum-Beach_ceyopd.jpg?_i=AA 672w, https:\/\/res.cloudinary.com\/turna\/images\/w_640,h_400,c_scale\/f_auto,q_auto\/f_auto,q_auto\/f_auto,q_auto:low\/v1508593236\/Tulum-Beach_ceyopd\/Tulum-Beach_ceyopd.jpg?_i=AA 640w, https:\/\/res.cloudinary.com\/turna\/images\/w_681,h_426,c_scale\/f_auto,q_auto\/f_auto,q_auto\/f_auto,q_auto:low\/v1508593236\/Tulum-Beach_ceyopd\/Tulum-Beach_ceyopd.jpg?_i=AA 681w\" sizes=\"(max-width: 800px) 100vw, 800px\" \/><\/figure>\n\n\n\n<p>Bembeyaz kumlar\u0131 ve turkuaz renkli sular\u0131yla yaz aylar\u0131n\u0131n en kalabal\u0131k tatil noktalar\u0131ndan olan Tulum Beach\u2019te, deniz keyfinin yan\u0131 s\u0131ra d\u00fcnyan\u0131n en iyi g\u00fcnbat\u0131m\u0131 manzaralar\u0131ndan birine tan\u0131k olma \u015fans\u0131n\u0131 ka\u00e7\u0131rmay\u0131n. G\u00fcnbat\u0131m\u0131n\u0131n ard\u0131ndan Tulum kasabas\u0131ndaki sala\u015f restoranlara oturup tazecik deniz mahsullerinin tad\u0131na bakmay\u0131 da ihmal etmeyin.<\/p>\n\n\n\n<h3 class=\"wp-block-heading has-text-align-center has-neeon-button-dark-gray-color has-text-color has-link-color wp-elements-0c5055d8a39b0466207f9c4abb5147ab\"><span class=\"ez-toc-section\" id=\"4_ibiza_plajlarinda_gunesin_ve_yuzmenin_keyfini_cikarin\"><\/span><strong><strong><strong><strong>4. \u0130biza Plajlar\u0131nda G\u00fcne\u015fin ve Y\u00fczmenin Keyfini \u00c7\u0131kar\u0131n<\/strong><\/strong><\/strong><\/strong><span class=\"ez-toc-section-end\"><\/span><\/h3>\n\n\n\n<figure class=\"wp-block-image size-large\"><img width=\"800\" height=\"500\" data-public-id=\"Ibiza-Plajlari\/Ibiza-Plajlari.jpg\" decoding=\"async\" src=\"https:\/\/res.cloudinary.com\/turna\/images\/w_800,h_500,c_scale\/f_auto,q_auto:low\/v1640503322\/Ibiza-Plajlari\/Ibiza-Plajlari.jpg?_i=AA\" alt=\"\u0130biza\" class=\"wp-post-9985 wp-image-20410\" data-format=\"jpg\" data-transformations=\"f_auto,q_auto:low\" data-version=\"1640503322\" data-seo=\"1\" srcset=\"https:\/\/res.cloudinary.com\/turna\/images\/f_auto,q_auto:low\/v1640503322\/Ibiza-Plajlari\/Ibiza-Plajlari.jpg?_i=AA 800w, https:\/\/res.cloudinary.com\/turna\/images\/w_300,h_188,c_scale\/f_auto,q_auto:low\/v1640503322\/Ibiza-Plajlari\/Ibiza-Plajlari.jpg?_i=AA 300w, https:\/\/res.cloudinary.com\/turna\/images\/w_672,h_420,c_scale\/f_auto,q_auto:low\/v1640503322\/Ibiza-Plajlari\/Ibiza-Plajlari.jpg?_i=AA 672w, https:\/\/res.cloudinary.com\/turna\/images\/w_640,h_400,c_scale\/f_auto,q_auto:low\/v1640503322\/Ibiza-Plajlari\/Ibiza-Plajlari.jpg?_i=AA 640w, https:\/\/res.cloudinary.com\/turna\/images\/w_681,h_426,c_scale\/f_auto,q_auto:low\/v1640503322\/Ibiza-Plajlari\/Ibiza-Plajlari.jpg?_i=AA 681w\" sizes=\"(max-width: 800px) 100vw, 800px\" \/><\/figure>\n\n\n\n<p>Avrupa\u2019daki en muhte\u015fem plajlardan baz\u0131lar\u0131na ev sahipli\u011fi yapan \u0130spanya\u2019n\u0131n en me\u015fhur tatil noktalar\u0131ndan biri de \u0130biza. Bu b\u00fcy\u00fcleyici tatil adresine gitti\u011finizde; g\u00fcnbat\u0131m\u0131 manzaras\u0131yla \u00fcnl\u00fc Cala Conta, s\u0131\u011f sular\u0131yla bilinen Sa Caleta Plaj\u0131, Ibizatown\u2019a iki kilometre uzakl\u0131ktaki Talamanca, dal\u0131\u015f merakl\u0131lar\u0131 i\u00e7in harika g\u00f6r\u00fcnt\u00fcler saklayan Cala Xuclar gibi harika plajlar\u0131 g\u00f6rmeden ayr\u0131lmay\u0131n.<\/p>\n\n\n\n<h3 class=\"wp-block-heading has-text-align-center has-neeon-button-dark-gray-color has-text-color has-link-color wp-elements-61a407d94ae64e671978dc5b4a8607c0\"><span class=\"ez-toc-section\" id=\"5_sabaha_kadar_suren_eglencelere_katilin\"><\/span><strong><strong><strong><strong>5. Sabaha Kadar S\u00fcren E\u011flencelere Kat\u0131l\u0131n<\/strong><\/strong><\/strong><\/strong><span class=\"ez-toc-section-end\"><\/span><\/h3>\n\n\n\n<figure class=\"wp-block-image size-large\"><img decoding=\"async\" src=\"https:\/\/res.cloudinary.com\/turna\/image\/upload\/v1682427560\/ispanya_gece_hayat%C4%B1.jpg\" alt=\"ispanya gece hayat\u0131\"\/><\/figure>\n\n\n\n<p>\u0130biza, kalabal\u0131k plaj partileri, i\u00e7inizi k\u0131p\u0131r k\u0131p\u0131r eden m\u00fczikleri ve hareketli sokaklar\u0131yla d\u00fcnyan\u0131n en \u00f6nemli e\u011flence merkezlerinden. Bu nedenle \u0130spanya\u2019da e\u011flencenin kalbi \u0130biza\u2019da at\u0131yor demek hi\u00e7 de yanl\u0131\u015f olmaz. Sabaha kadar s\u00fcren \u00e7\u0131lg\u0131n partileri ve hemen hemen her zevke hitap eden e\u011flence mek\u00e2nlar\u0131yla \u00fclkeye gelen turistlere unutulmaz anlar ya\u015fatan bu tatil cennetinde kusursuz bir e\u011flence deneyimi ya\u015fayabilirsiniz.<\/p>\n\n\n\n<h3 class=\"wp-block-heading has-text-align-center has-neeon-button-dark-gray-color has-text-color has-link-color wp-elements-c45144dbd0aba7fc9fa3bb43874647d8\"><span class=\"ez-toc-section\" id=\"6_futbol_heyecanini_doyasiya_hissedeceginiz_bir_mac_izleyin\"><\/span><strong><strong><strong><strong>6. Futbol Heyecan\u0131n\u0131 Doyas\u0131ya Hissedece\u011finiz Bir Ma\u00e7 \u0130zleyin<\/strong><\/strong><\/strong><\/strong><span class=\"ez-toc-section-end\"><\/span><\/h3>\n\n\n\n<figure class=\"wp-block-image size-large\"><img decoding=\"async\" src=\"https:\/\/res.cloudinary.com\/turna\/image\/upload\/v1682427561\/ispanya_futbol_ma%C3%A7%C4%B1.jpg\" alt=\"\u0130spanya futbol ma\u00e7\u0131\"\/><\/figure>\n\n\n\n<p>\u0130spanya&#8217;da ne yap\u0131l\u0131r diye alakas\u0131z birine bile sorsan\u0131z size futbol ma\u00e7\u0131 izlenir cevab\u0131n\u0131 verebilir. \u0130spanya, futbolun en b\u00fcy\u00fck \u00fclkelerinden biri ve d\u00fcnyan\u0131n en \u00fcnl\u00fc futbol tak\u0131mlar\u0131ndan baz\u0131lar\u0131na ev sahipli\u011fi yap\u0131yor. \u0130spanya&#8217;ya giden bir turist olarak, futbol ma\u00e7\u0131 izlemek kesinlikle unutulmaz bir deneyim olabilir.<\/p>\n\n\n\n<p>Biletler genellikle ma\u00e7 tarihinden \u00f6nce sat\u0131n al\u0131nmal\u0131, \u00e7\u00fcnk\u00fc pop\u00fcler ma\u00e7lar \u00e7ok \u00e7abuk t\u00fckeniyor. Ma\u00e7 g\u00fcn\u00fc stadyuma erken gitmek, atmosferi hissetmek ve taraftarlar\u0131n co\u015fkusuna kat\u0131lmak i\u00e7in en iyi yol. Ma\u00e7 \u00f6ncesi ve sonras\u0131 sokaklarda taraftarlar\u0131n \u015fark\u0131lar s\u00f6yledi\u011fi ve tak\u0131mlar\u0131n\u0131 destekledi\u011fi bir\u00e7ok bar ve restoran var. Bu yerler, ma\u00e7 \u00f6ncesi ve sonras\u0131 kutlamalar\u0131n tad\u0131n\u0131 \u00e7\u0131karmak i\u00e7in harika.<\/p>\n\n\n\n<p>\u0130spanya&#8217;da futbol ma\u00e7\u0131 izlemek, \u0130spanyol k\u00fclt\u00fcr\u00fcn\u00fcn \u00f6nemli bir par\u00e7as\u0131 ve futbol severler i\u00e7in unutulmaz bir deneyim olacakt\u0131r. Hem Real Madrid hem de Barcelona&#8217;n\u0131n stadyumlar\u0131, d\u00fcnyan\u0131n en \u00fcnl\u00fc futbol stadyumlar\u0131 aras\u0131nda. Bu stadyumlar\u0131 ziyaret etmek bile heyecan verici.<\/p>\n\n\n\n<h3 class=\"wp-block-heading has-text-align-center has-neeon-button-dark-gray-color has-text-color has-link-color wp-elements-49c9935d2ff224cf5b17c031451a3634\"><span class=\"ez-toc-section\" id=\"7_seyahatinizi_festival_donemine_denk_getirip_unutulmaz_anlar_yasayin\"><\/span><strong><strong><strong><strong>7. Seyahatinizi Festival D\u00f6nemine Denk Getirip Unutulmaz Anlar Ya\u015fay\u0131n<\/strong><\/strong><\/strong><\/strong><span class=\"ez-toc-section-end\"><\/span><\/h3>\n\n\n\n<figure class=\"wp-block-image size-large\"><img decoding=\"async\" src=\"https:\/\/res.cloudinary.com\/turna\/image\/upload\/v1682427561\/la_tomatina_festival_ispanya.jpg\" alt=\"\u0130spanya festivalleri\"\/><\/figure>\n\n\n\n<p>\u0130spanya, d\u00fcnyan\u0131n en renkli ve canl\u0131 festivallerine ev sahipli\u011fi yap\u0131yor. \u0130spanyol halk\u0131, hayat\u0131n tad\u0131n\u0131 \u00e7\u0131karmak i\u00e7in her t\u00fcrl\u00fc f\u0131rsat\u0131 de\u011ferlendiren canl\u0131 ve co\u015fkulu bir k\u00fclt\u00fcre sahip. \u0130spanya&#8217;da yap\u0131lan festivallerin \u00e7o\u011fu, \u0130spanyol tarihindeki gelenek ve k\u00fclt\u00fcrle ilgili.<\/p>\n\n\n\n<p>\u0130spanya&#8217;da d\u00fczenlenen en me\u015fhur festival, &#8220;La Tomatina&#8221; ad\u0131 verilen ve Valensiya&#8217;da her y\u0131l A\u011fustos ay\u0131n\u0131n son \u00c7ar\u015famba g\u00fcn\u00fc ger\u00e7ekle\u015fen domates sava\u015f\u0131. Bu festivalde, binlerce insan sokaklarda toplan\u0131yor ve birbirlerine domates atarak e\u011fleniyor. La Tomatina, d\u00fcnya \u00e7ap\u0131nda pop\u00fcler bir festival ve her y\u0131l turistlerin kat\u0131l\u0131m\u0131 ile daha da b\u00fcy\u00fck hale geliyor.<\/p>\n\n\n\n<p>Festival s\u0131ras\u0131nda, \u0130spanyol halk\u0131 geleneksel giysileri giyiyor, sokaklarda m\u00fczik, dans ve g\u00f6steriler yap\u0131yor, birbirleriyle sosyalle\u015fiyor. Ayr\u0131ca, festival d\u00f6nemi turistler i\u00e7in m\u00fckemmel bir zaman olabilir \u00e7\u00fcnk\u00fc \u0130spanya&#8217;n\u0131n bir\u00e7ok yerinde konserler, yar\u0131\u015fmalar, fuarlar ve di\u011fer etkinlikler d\u00fczenleniyor. Festival d\u00f6neminde \u0130spanya&#8217;ya gitmek, \u0130spanyol k\u00fclt\u00fcr\u00fcn\u00fc daha iyi anlamak i\u00e7in harika bir f\u0131rsat.<\/p>\n\n\n\n<p>Siz de \u0130spanya&#8217;da ne yap\u0131l\u0131r sorusunun cevaplar\u0131n\u0131 yerinde deneyimlemek istiyorsan\u0131z,&nbsp;<a href=\"https:\/\/www.turna.com\/ucak-bileti\/ispanya\" target=\"_blank\" rel=\"noopener\">\u0130spanya u\u00e7ak bileti<\/a> f\u0131rsatlar\u0131n\u0131 de\u011ferlendirebilirsiniz.<\/p>\n\n    <div class=\"xs_social_share_widget xs_share_url after_content \t\tmain_content  wslu-style-1 wslu-share-box-shaped wslu-fill-colored wslu-none wslu-share-horizontal wslu-theme-font-no wslu-main_content\">\n\n\t\t\n        <ul>\n\t\t\t        <\/ul>\n    <\/div> \n","protected":false},"excerpt":{"rendered":"<p>\u0130spanya, tarihi, k\u00fclt\u00fcr\u00fc, do\u011fal g\u00fczellikleri ve yemekleri ile dolu dolu bir seyahat ge\u00e7irebilece\u011finiz harika bir \u00fclke. Bu g\u00fczel \u00fclkeye bir seyahat planl\u0131yorsan\u0131z neler yapabilirim diye d\u00fc\u015f\u00fcn\u00fcyorsunuz. \u0130spanya&#8217;da ne yap\u0131l\u0131r sorusunun bir \u00e7ok cevab\u0131 var. Tarihi yerleri ziyaret ederek \u0130spanyol k\u00fclt\u00fcr\u00fcn\u00fc daha yak\u0131ndan tan\u0131yabilirsiniz. Alhambra Saray\u0131, La Sagrada Familia ve Prado M\u00fczesi gibi yerler turistlerin s\u0131kl\u0131kla ziyaret etti\u011fi yerler aras\u0131nda.<\/p>\n","protected":false},"author":34,"featured_media":21761,"comment_status":"open","ping_status":"open","sticky":false,"template":"","format":"standard","meta":{"rop_custom_images_group":[],"rop_custom_messages_group":[],"rop_publish_now":"initial","rop_publish_now_accounts":[],"rop_publish_now_history":[],"rop_publish_now_status":"pending","_cloudinary_featured_overwrite":false,"footnotes":""},"categories":[165],"tags":[1753,317,2502,2399,2668],"class_list":["post-9985","post","type-post","status-publish","format-standard","has-post-thumbnail","hentry","category-ispanya","tag-ibiza","tag-ispanya","tag-la-coruna","tag-las-palmas","tag-santander"],"_links":{"self":[{"href":"https:\/\/www.turna.com\/blog\/wp-json\/wp\/v2\/posts\/9985","targetHints":{"allow":["GET"]}}],"collection":[{"href":"https:\/\/www.turna.com\/blog\/wp-json\/wp\/v2\/posts"}],"about":[{"href":"https:\/\/www.turna.com\/blog\/wp-json\/wp\/v2\/types\/post"}],"author":[{"embeddable":true,"href":"https:\/\/www.turna.com\/blog\/wp-json\/wp\/v2\/users\/34"}],"replies":[{"embeddable":true,"href":"https:\/\/www.turna.com\/blog\/wp-json\/wp\/v2\/comments?post=9985"}],"version-history":[{"count":0,"href":"https:\/\/www.turna.com\/blog\/wp-json\/wp\/v2\/posts\/9985\/revisions"}],"wp:featuredmedia":[{"embeddable":true,"href":"https:\/\/www.turna.com\/blog\/wp-json\/wp\/v2\/media\/21761"}],"wp:attachment":[{"href":"https:\/\/www.turna.com\/blog\/wp-json\/wp\/v2\/media?parent=9985"}],"wp:term":[{"taxonomy":"category","embeddable":true,"href":"https:\/\/www.turna.com\/blog\/wp-json\/wp\/v2\/categories?post=9985"},{"taxonomy":"post_tag","embeddable":true,"href":"https:\/\/www.turna.com\/blog\/wp-json\/wp\/v2\/tags?post=9985"}],"curies":[{"name":"wp","href":"https:\/\/api.w.org\/{rel}","templated":true}]}}