{"id":9831,"date":"2017-10-02T23:35:54","date_gmt":"2017-10-02T20:35:54","guid":{"rendered":"https:\/\/www.turna.com\/blog\/?p=9831"},"modified":"2017-10-02T23:35:54","modified_gmt":"2017-10-02T20:35:54","slug":"malmo-yapilacak-seyler","status":"publish","type":"post","link":"https:\/\/www.turna.com\/blog\/malmo-yapilacak-seyler","title":{"rendered":"Malm\u00f6&#8217;de Yapman\u0131z Gereken 5 \u015eey"},"content":{"rendered":"<div id=\"ez-toc-container\" class=\"ez-toc-v2_0_82_2 counter-hierarchy ez-toc-counter ez-toc-black ez-toc-container-direction\">\n<div class=\"ez-toc-title-container\">\n<p class=\"ez-toc-title\" style=\"cursor:inherit\">\u0130\u00e7indekiler<\/p>\n<span class=\"ez-toc-title-toggle\"><a href=\"#\" class=\"ez-toc-pull-right ez-toc-btn ez-toc-btn-xs ez-toc-btn-default ez-toc-toggle\" aria-label=\"\u0130\u00e7indekiler Tablosunu A\u00e7\/Kapat\"><span class=\"ez-toc-js-icon-con\"><span class=\"\"><span class=\"eztoc-hide\" style=\"display:none;\">Toggle<\/span><span class=\"ez-toc-icon-toggle-span\"><svg style=\"fill: #ffffff;color:#ffffff\" xmlns=\"http:\/\/www.w3.org\/2000\/svg\" class=\"list-377408\" width=\"20px\" height=\"20px\" viewBox=\"0 0 24 24\" fill=\"none\"><path d=\"M6 6H4v2h2V6zm14 0H8v2h12V6zM4 11h2v2H4v-2zm16 0H8v2h12v-2zM4 16h2v2H4v-2zm16 0H8v2h12v-2z\" fill=\"currentColor\"><\/path><\/svg><svg style=\"fill: #ffffff;color:#ffffff\" class=\"arrow-unsorted-368013\" xmlns=\"http:\/\/www.w3.org\/2000\/svg\" width=\"10px\" height=\"10px\" viewBox=\"0 0 24 24\" version=\"1.2\" baseProfile=\"tiny\"><path d=\"M18.2 9.3l-6.2-6.3-6.2 6.3c-.2.2-.3.4-.3.7s.1.5.3.7c.2.2.4.3.7.3h11c.3 0 .5-.1.7-.3.2-.2.3-.5.3-.7s-.1-.5-.3-.7zM5.8 14.7l6.2 6.3 6.2-6.3c.2-.2.3-.5.3-.7s-.1-.5-.3-.7c-.2-.2-.4-.3-.7-.3h-11c-.3 0-.5.1-.7.3-.2.2-.3.5-.3.7s.1.5.3.7z\"\/><\/svg><\/span><\/span><\/span><\/a><\/span><\/div>\n<nav><ul class='ez-toc-list ez-toc-list-level-1 eztoc-toggle-hide-by-default' ><li class='ez-toc-page-1 ez-toc-heading-level-2'><a class=\"ez-toc-link ez-toc-heading-1\" href=\"https:\/\/www.turna.com\/blog\/malmo-yapilacak-seyler\/#malmode_yapmaniz_gereken_5_sey\" >Malm\u00f6&#8217;de Yapman\u0131z Gereken 5 \u015eey\u00a0<\/a><ul class='ez-toc-list-level-3' ><li class='ez-toc-heading-level-3'><a class=\"ez-toc-link ez-toc-heading-2\" href=\"https:\/\/www.turna.com\/blog\/malmo-yapilacak-seyler\/#1_st_petri_kilisesini_gorun\" >1. St. Petri Kilisesi&#8217;ni g\u00f6r\u00fcn<\/a><\/li><li class='ez-toc-page-1 ez-toc-heading-level-3'><a class=\"ez-toc-link ez-toc-heading-3\" href=\"https:\/\/www.turna.com\/blog\/malmo-yapilacak-seyler\/#2_oresund_koprusunun_harika_manzarasini_izleyin\" >2.\u00a0Oresund K\u00f6pr\u00fcs\u00fc&#8217;n\u00fcn harika manzaras\u0131n\u0131 izleyin<\/a><\/li><li class='ez-toc-page-1 ez-toc-heading-level-3'><a class=\"ez-toc-link ez-toc-heading-4\" href=\"https:\/\/www.turna.com\/blog\/malmo-yapilacak-seyler\/#3_stortorget_caddesinde_alisveris_cilginligina_katilin\" >3. Stortorget Caddesi&#8217;nde al\u0131\u015fveri\u015f \u00e7\u0131lg\u0131nl\u0131\u011f\u0131na kat\u0131l\u0131n<\/a><\/li><li class='ez-toc-page-1 ez-toc-heading-level-3'><a class=\"ez-toc-link ez-toc-heading-5\" href=\"https:\/\/www.turna.com\/blog\/malmo-yapilacak-seyler\/#4_malmohus_kalesini_gezin\" >4.\u00a0Malm\u00f6hus Kalesi&#8217;ni gezin<\/a><\/li><li class='ez-toc-page-1 ez-toc-heading-level-3'><a class=\"ez-toc-link ez-toc-heading-6\" href=\"https:\/\/www.turna.com\/blog\/malmo-yapilacak-seyler\/#5_kungsparkenda_kucuk_bir_mola_verin\" >5.\u00a0Kungsparken&#8217;da k\u00fc\u00e7\u00fck bir mola verin<\/a><\/li><\/ul><\/li><\/ul><\/nav><\/div>\n<p><strong>Malm\u00f6<\/strong>, g\u00fclery\u00fczl\u00fc insanlar\u0131 ve di\u011fer Kuzey \u015fehirlerine g\u00f6re daha \u0131l\u0131man hissedilen iklimiyle <a href=\"https:\/\/www.turna.com\/blog\/ulkeler\/avrupa\/isvec\" target=\"_blank\" rel=\"noopener\">\u0130sve\u00e7<\/a>&#8216;in sevilen seyahat rotalar\u0131ndan. E\u011fer siz de Kuzey&#8217;in huzur dolu d\u00fcnyas\u0131n\u0131 ke\u015ffetmek istiyorsan\u0131z Malm\u00f6 en uygun ba\u015flang\u0131\u00e7 se\u00e7eneklerinden biri olabilir. \u0130sve\u00e7 Avrupa Birli\u011fi \u00fcyesi oldu\u011fu i\u00e7in bu \u015fehre do\u011fru yola \u00e7\u0131kmadan \u00f6nce Schengen vizenizi almay\u0131 unutmay\u0131n. Ayr\u0131ca her ne kadar \u0131l\u0131man oldu\u011funu s\u00f6ylesek de kal\u0131n montlar\u0131n\u0131z\u0131 valize koymay\u0131 ihmal etmeyin. Sonu\u00e7ta ne kadar \u0131l\u0131man olursa olsun kuzey kuzeydir.<\/p>\n<h2><span class=\"ez-toc-section\" id=\"malmode_yapmaniz_gereken_5_sey\"><\/span><strong>Malm\u00f6&#8217;de Yapman\u0131z Gereken 5 \u015eey\u00a0<\/strong><span class=\"ez-toc-section-end\"><\/span><\/h2>\n<h3><span class=\"ez-toc-section\" id=\"1_st_petri_kilisesini_gorun\"><\/span><strong>1. St. Petri Kilisesi&#8217;ni g\u00f6r\u00fcn<\/strong><span class=\"ez-toc-section-end\"><\/span><\/h3>\n<p><img width=\"800\" height=\"500\" data-public-id=\"St-Petri-Malmo_ugzobb\/St-Petri-Malmo_ugzobb.jpg\" fetchpriority=\"high\" decoding=\"async\" class=\"alignnone wp-post-9831 wp-image-9838\" src=\"https:\/\/res.cloudinary.com\/turna\/images\/w_800,h_500,c_scale\/f_auto,q_auto:low\/v1506976446\/St-Petri-Malmo_ugzobb\/St-Petri-Malmo_ugzobb.jpg?_i=AA\" data-format=\"jpg\" data-transformations=\"f_auto,q_auto:low\" data-version=\"1506976446\" data-seo=\"1\" \/><\/p>\n<p>\u015eehrin en \u00f6nemli tarihi yap\u0131lar\u0131ndan olan\u00a0<strong>St. Petri Kilisesi<\/strong>, 14. y\u00fczy\u0131ldan bu yana ayakta. \u0130sve\u00e7 Gotik mimarisini merak edenler i\u00e7in en etkileyici \u00f6rneklerden biri olan\u00a0St. Petri Kilisesi, tu\u011flayla \u00f6r\u00fclen d\u0131\u015f cephesi ve y\u00fcksek kulesiyle olduk\u00e7a etkileyici bir g\u00f6r\u00fcn\u00fcm olu\u015fturuyor. \u015eehirdeki en eski tarihi ibadethane olarak bilinen bu kilise turistlerin de u\u011frak adreslerinden.<\/p>\n<h3><span class=\"ez-toc-section\" id=\"2_oresund_koprusunun_harika_manzarasini_izleyin\"><\/span><strong>2.\u00a0Oresund K\u00f6pr\u00fcs\u00fc&#8217;n\u00fcn harika manzaras\u0131n\u0131 izleyin<\/strong><span class=\"ez-toc-section-end\"><\/span><\/h3>\n<p>Kopenhag ile Malm\u00f6\u2019y\u00fc birbirine ba\u011flayan bu <strong>Oresund K\u00f6pr\u00fcs\u00fc<\/strong>&#8216;nde hem demiryolu hem de karayolu var. Yap\u0131 asl\u0131nda bir t\u00fcnel ve bir k\u00f6pr\u00fcden olu\u015fuyor. Tren hem deniz alt\u0131ndaki t\u00fcneli hem de k\u00f6pr\u00fcy\u00fc kullan\u0131yor. K\u00f6pr\u00fcn\u00fcn \u00fczerinden giderken bo\u011faza s\u0131ra s\u0131ra dizilen r\u00fczgar g\u00fcllerini izleyebilirsiniz.<\/p>\n<h3><span class=\"ez-toc-section\" id=\"3_stortorget_caddesinde_alisveris_cilginligina_katilin\"><\/span><strong>3. Stortorget Caddesi&#8217;nde al\u0131\u015fveri\u015f \u00e7\u0131lg\u0131nl\u0131\u011f\u0131na kat\u0131l\u0131n<\/strong><span class=\"ez-toc-section-end\"><\/span><\/h3>\n<p><img width=\"800\" height=\"500\" data-public-id=\"Stortorget-Malmo_a9osmu\/Stortorget-Malmo_a9osmu.jpg\" decoding=\"async\" class=\"alignnone wp-post-9831 wp-image-9839\" src=\"https:\/\/res.cloudinary.com\/turna\/images\/w_800,h_500,c_scale\/f_auto,q_auto:low\/v1506976462\/Stortorget-Malmo_a9osmu\/Stortorget-Malmo_a9osmu.jpg?_i=AA\" data-format=\"jpg\" data-transformations=\"f_auto,q_auto:low\" data-version=\"1506976462\" data-seo=\"1\" \/><\/p>\n<p>Kar\u015f\u0131l\u0131kl\u0131 ma\u011fazalar\u0131n, restoranlar\u0131n ve kafelerin bulundu\u011fu <strong>Stortorget Caddesi<\/strong>, ara\u00e7 trafi\u011fine kapal\u0131 bir al\u0131\u015fveri\u015f caddesi. Bu cadde \u00fczerinde dekorasyon \u00fcr\u00fcnleri satan lokal ma\u011fazalar da bulunuyor. Gustav Adolfs Torg\u2019a kadar uzanan bu cadde hediyelik e\u015fya almak isteyenlere say\u0131s\u0131z alternatif sunuyor.<\/p>\n<h3><span class=\"ez-toc-section\" id=\"4_malmohus_kalesini_gezin\"><\/span><strong>4.\u00a0Malm\u00f6hus Kalesi&#8217;ni gezin<\/strong><span class=\"ez-toc-section-end\"><\/span><\/h3>\n<p>\u015eehrin en eski tarihi b\u00f6lgesi olan\u00a0<strong>Malm\u00f6hus Kalesi<\/strong>, \u015fehrin Danimarka topraklar\u0131nda oldu\u011fu d\u00f6nemlerde en iyi korunan kalesiydi ve be\u015f y\u0131l boyunca hapishane olarak kullan\u0131ld\u0131. G\u00fcn\u00fcm\u00fczde m\u00fcze olarak hizmet veren bu kalenin \u00e7evresi sularla \u00e7evrili. M\u00fczede Orta \u00c7a\u011f d\u00f6neminden kalan i\u015fkence aletleri de sergileniyor. Turuncu kiremitli bu kale \u015fehrin mutlaka g\u00f6r\u00fclmesi gereken yerlerinden biri.<\/p>\n<h3><span class=\"ez-toc-section\" id=\"5_kungsparkenda_kucuk_bir_mola_verin\"><\/span><strong>5.\u00a0Kungsparken&#8217;da k\u00fc\u00e7\u00fck bir mola verin<\/strong><span class=\"ez-toc-section-end\"><\/span><\/h3>\n<p><img width=\"800\" height=\"500\" data-public-id=\"Kungsparken-Malmo_g1jyjj\/Kungsparken-Malmo_g1jyjj.jpg\" decoding=\"async\" class=\"alignnone wp-post-9831 wp-image-9840\" src=\"https:\/\/res.cloudinary.com\/turna\/images\/w_800,h_500,c_scale\/f_auto,q_auto:low\/v1506976481\/Kungsparken-Malmo_g1jyjj\/Kungsparken-Malmo_g1jyjj.jpg?_i=AA\" data-format=\"jpg\" data-transformations=\"f_auto,q_auto:low\" data-version=\"1506976481\" data-seo=\"1\" \/>\u015eehrin i\u00e7ine kurulmu\u015f kocaman parklara ev sahipli\u011fi yapan bu \u015fehirde, g\u00f6rmeniz gereken en \u00f6nemli park ise\u00a0<strong>Kungsparken<\/strong>.\u00a0Malm\u00f6\u2019n\u00fcn en eski park\u0131 olarak bilinen Kungsparken, \u00e7evreyi saran devasa a\u011fa\u00e7lar\u0131n ve g\u00f6llerin olu\u015fturdu\u011fu muhte\u015fem manzaras\u0131yla \u00fcnl\u00fc. Siz de t\u00fcm g\u00fcn \u015fehri dola\u015ft\u0131ktan sonra burada k\u00fc\u00e7\u00fck bir mola verip, do\u011fan\u0131n sesini dinleyerek enerji depolayabilirsiniz.<\/p>\n<p><a href=\"https:\/\/www.turna.com\/ucak-bileti\/malmo\" target=\"_blank\" rel=\"noopener\">Malm\u00f6 u\u00e7ak bileti<\/a> kampanyalar\u0131na g\u00f6z atarak bu \u015fehri daha yak\u0131ndan tan\u0131ma ve etkileyici g\u00fczelli\u011fini yerinde g\u00f6rme \u015fans\u0131 yakalayabilirsiniz.<\/p>\n\n    <div class=\"xs_social_share_widget xs_share_url after_content \t\tmain_content  wslu-style-1 wslu-share-box-shaped wslu-fill-colored wslu-none wslu-share-horizontal wslu-theme-font-no wslu-main_content\">\n\n\t\t\n        <ul>\n\t\t\t        <\/ul>\n    <\/div> \n","protected":false},"excerpt":{"rendered":"<p>Malm\u00f6, g\u00fclery\u00fczl\u00fc insanlar\u0131 ve di\u011fer Kuzey \u015fehirlerine g\u00f6re daha \u0131l\u0131man hissedilen iklimiyle \u0130sve\u00e7&#8216;in sevilen seyahat rotalar\u0131ndan. E\u011fer siz de Kuzey&#8217;in huzur dolu d\u00fcnyas\u0131n\u0131 ke\u015ffetmek istiyorsan\u0131z Malm\u00f6 en uygun ba\u015flang\u0131\u00e7 se\u00e7eneklerinden biri olabilir. \u0130sve\u00e7 Avrupa Birli\u011fi \u00fcyesi oldu\u011fu i\u00e7in bu \u015fehre do\u011fru yola \u00e7\u0131kmadan \u00f6nce Schengen vizenizi almay\u0131 unutmay\u0131n. Ayr\u0131ca her ne kadar \u0131l\u0131man oldu\u011funu s\u00f6ylesek [&hellip;]<\/p>\n","protected":false},"author":14,"featured_media":9840,"comment_status":"open","ping_status":"open","sticky":false,"template":"","format":"standard","meta":{"rop_custom_images_group":[],"rop_custom_messages_group":[],"rop_publish_now":"initial","rop_publish_now_accounts":[],"rop_publish_now_history":[],"rop_publish_now_status":"pending","_cloudinary_featured_overwrite":false,"footnotes":""},"categories":[1207],"tags":[1208],"class_list":["post-9831","post","type-post","status-publish","format-standard","has-post-thumbnail","hentry","category-isvec","tag-malmo"],"_links":{"self":[{"href":"https:\/\/www.turna.com\/blog\/wp-json\/wp\/v2\/posts\/9831","targetHints":{"allow":["GET"]}}],"collection":[{"href":"https:\/\/www.turna.com\/blog\/wp-json\/wp\/v2\/posts"}],"about":[{"href":"https:\/\/www.turna.com\/blog\/wp-json\/wp\/v2\/types\/post"}],"author":[{"embeddable":true,"href":"https:\/\/www.turna.com\/blog\/wp-json\/wp\/v2\/users\/14"}],"replies":[{"embeddable":true,"href":"https:\/\/www.turna.com\/blog\/wp-json\/wp\/v2\/comments?post=9831"}],"version-history":[{"count":0,"href":"https:\/\/www.turna.com\/blog\/wp-json\/wp\/v2\/posts\/9831\/revisions"}],"wp:featuredmedia":[{"embeddable":true,"href":"https:\/\/www.turna.com\/blog\/wp-json\/wp\/v2\/media\/9840"}],"wp:attachment":[{"href":"https:\/\/www.turna.com\/blog\/wp-json\/wp\/v2\/media?parent=9831"}],"wp:term":[{"taxonomy":"category","embeddable":true,"href":"https:\/\/www.turna.com\/blog\/wp-json\/wp\/v2\/categories?post=9831"},{"taxonomy":"post_tag","embeddable":true,"href":"https:\/\/www.turna.com\/blog\/wp-json\/wp\/v2\/tags?post=9831"}],"curies":[{"name":"wp","href":"https:\/\/api.w.org\/{rel}","templated":true}]}}