{"id":9759,"date":"2017-10-07T00:05:18","date_gmt":"2017-10-06T21:05:18","guid":{"rendered":"https:\/\/www.turna.com\/blog\/?p=9759"},"modified":"2020-01-27T15:46:27","modified_gmt":"2020-01-27T12:46:27","slug":"munihte-yapilacak-seyler","status":"publish","type":"post","link":"https:\/\/www.turna.com\/blog\/munihte-yapilacak-seyler","title":{"rendered":"M\u00fcnih&#8217;te Yapman\u0131z Gereken 5 \u015eey"},"content":{"rendered":"<div id=\"ez-toc-container\" class=\"ez-toc-v2_0_82_2 counter-hierarchy ez-toc-counter ez-toc-black ez-toc-container-direction\">\n<div class=\"ez-toc-title-container\">\n<p class=\"ez-toc-title\" style=\"cursor:inherit\">\u0130\u00e7indekiler<\/p>\n<span class=\"ez-toc-title-toggle\"><a href=\"#\" class=\"ez-toc-pull-right ez-toc-btn ez-toc-btn-xs ez-toc-btn-default ez-toc-toggle\" aria-label=\"\u0130\u00e7indekiler Tablosunu A\u00e7\/Kapat\"><span class=\"ez-toc-js-icon-con\"><span class=\"\"><span class=\"eztoc-hide\" style=\"display:none;\">Toggle<\/span><span class=\"ez-toc-icon-toggle-span\"><svg style=\"fill: #ffffff;color:#ffffff\" xmlns=\"http:\/\/www.w3.org\/2000\/svg\" class=\"list-377408\" width=\"20px\" height=\"20px\" viewBox=\"0 0 24 24\" fill=\"none\"><path d=\"M6 6H4v2h2V6zm14 0H8v2h12V6zM4 11h2v2H4v-2zm16 0H8v2h12v-2zM4 16h2v2H4v-2zm16 0H8v2h12v-2z\" fill=\"currentColor\"><\/path><\/svg><svg style=\"fill: #ffffff;color:#ffffff\" class=\"arrow-unsorted-368013\" xmlns=\"http:\/\/www.w3.org\/2000\/svg\" width=\"10px\" height=\"10px\" viewBox=\"0 0 24 24\" version=\"1.2\" baseProfile=\"tiny\"><path d=\"M18.2 9.3l-6.2-6.3-6.2 6.3c-.2.2-.3.4-.3.7s.1.5.3.7c.2.2.4.3.7.3h11c.3 0 .5-.1.7-.3.2-.2.3-.5.3-.7s-.1-.5-.3-.7zM5.8 14.7l6.2 6.3 6.2-6.3c.2-.2.3-.5.3-.7s-.1-.5-.3-.7c-.2-.2-.4-.3-.7-.3h-11c-.3 0-.5.1-.7.3-.2.2-.3.5-.3.7s.1.5.3.7z\"\/><\/svg><\/span><\/span><\/span><\/a><\/span><\/div>\n<nav><ul class='ez-toc-list ez-toc-list-level-1 eztoc-toggle-hide-by-default' ><li class='ez-toc-page-1 ez-toc-heading-level-2'><a class=\"ez-toc-link ez-toc-heading-1\" href=\"https:\/\/www.turna.com\/blog\/munihte-yapilacak-seyler\/#munihte_yapmaniz_gereken_5_sey\" >M\u00fcnih&#8217;te Yapman\u0131z Gereken 5 \u015eey&nbsp;<\/a><ul class='ez-toc-list-level-3' ><li class='ez-toc-heading-level-3'><a class=\"ez-toc-link ez-toc-heading-2\" href=\"https:\/\/www.turna.com\/blog\/munihte-yapilacak-seyler\/#1_tarihi_sehir_kapilarini_gorun\" >1. Tarihi \u015fehir kap\u0131lar\u0131n\u0131 g\u00f6r\u00fcn<\/a><\/li><li class='ez-toc-page-1 ez-toc-heading-level-3'><a class=\"ez-toc-link ez-toc-heading-3\" href=\"https:\/\/www.turna.com\/blog\/munihte-yapilacak-seyler\/#2_marienplatz_meydanina_ugrayin\" >2. Marienplatz Meydan\u0131&#8217;na u\u011fray\u0131n<\/a><\/li><li class='ez-toc-page-1 ez-toc-heading-level-3'><a class=\"ez-toc-link ez-toc-heading-4\" href=\"https:\/\/www.turna.com\/blog\/munihte-yapilacak-seyler\/#3_muzeleri_gezip_sehri_daha_yakindan_taniyin\" >3. M\u00fczeleri gezip \u015fehri daha yak\u0131ndan tan\u0131y\u0131n<\/a><\/li><li class='ez-toc-page-1 ez-toc-heading-level-3'><a class=\"ez-toc-link ez-toc-heading-5\" href=\"https:\/\/www.turna.com\/blog\/munihte-yapilacak-seyler\/#4_octoberfestte_eglencenin_doruklarina_cikin\" >4. OctoberFest\u2019te e\u011flencenin doruklar\u0131na \u00e7\u0131k\u0131n<\/a><\/li><li class='ez-toc-page-1 ez-toc-heading-level-3'><a class=\"ez-toc-link ez-toc-heading-6\" href=\"https:\/\/www.turna.com\/blog\/munihte-yapilacak-seyler\/#5_dachau_toplama_kampinda_savasin_izlerini_gorun\" >5. Dachau Toplama Kamp\u0131\u2019nda sava\u015f\u0131n izlerini g\u00f6r\u00fcn<\/a><\/li><\/ul><\/li><\/ul><\/nav><\/div>\n<p><a href=\"https:\/\/www.turna.com\/blog\/ulkeler\/avrupa\/almanya\" target=\"_blank\" rel=\"noopener noreferrer\">Almanya<\/a>&#8216;n\u0131n en pop\u00fcler \u015fehirlerinden biri olan <strong>M\u00fcnih<\/strong>&#8216;i ke\u015ffetmek istiyor ama gezinize nereden ba\u015flayaca\u011f\u0131n\u0131z\u0131 bilemiyor musunuz? \u00d6yleyse \u015fehrin ge\u00e7mi\u015fine ve g\u00fcndelik ya\u015fam\u0131na dair pek \u00e7ok detay saklayan tarihi yap\u0131lar\u0131, \u015firin kafeleri, m\u00fczeleri ve yerel pazar\u0131 ziyaret ederek kendinize keyifli bir gezi rotas\u0131 olu\u015fturabilirsiniz.&nbsp;Bunlar tamam ama bana biraz daha detay gerek diyorsan\u0131z, bu etkileyici \u015fehirde neler yapabilece\u011finize bir g\u00f6z atal\u0131m.<\/p>\n<h2><span class=\"ez-toc-section\" id=\"munihte_yapmaniz_gereken_5_sey\"><\/span><strong>M\u00fcnih&#8217;te Yapman\u0131z Gereken 5 \u015eey&nbsp;<\/strong><span class=\"ez-toc-section-end\"><\/span><\/h2>\n<h3><span class=\"ez-toc-section\" id=\"1_tarihi_sehir_kapilarini_gorun\"><\/span><strong>1. Tarihi \u015fehir kap\u0131lar\u0131n\u0131 g\u00f6r\u00fcn<\/strong><span class=\"ez-toc-section-end\"><\/span><\/h3>\n<p><img width=\"800\" height=\"500\" data-public-id=\"Munih-Old-Town_ciec17\/Munih-Old-Town_ciec17.jpg\" fetchpriority=\"high\" decoding=\"async\" class=\"alignnone wp-post-9759 wp-image-9868\" src=\"https:\/\/res.cloudinary.com\/turna\/images\/w_800,h_500,c_scale\/f_auto,q_auto:low\/v1507328992\/Munih-Old-Town_ciec17\/Munih-Old-Town_ciec17.jpg?_i=AA\" data-format=\"jpg\" data-transformations=\"f_auto,q_auto:low\" data-version=\"1507328992\" data-seo=\"1\" \/><\/p>\n<p>\u015eehrin tarihi dokusunu ke\u015ffetmek isteyenler, Old City (Eski \u015eehir) B\u00f6lgesini mutlaka g\u00f6rmeli. Bu tarihi b\u00f6lgeye girerken sizi tarihi&nbsp;<strong>Sendlinger Tor<\/strong>,&nbsp;<strong>Isartor<\/strong>&nbsp;ve&nbsp;<strong>Karlstor<\/strong> kap\u0131lar\u0131n\u0131n ihti\u015faml\u0131 g\u00f6r\u00fcnt\u00fcs\u00fc kar\u015f\u0131layacak. 14. y\u00fczy\u0131ldan bu yana ayakta duran bu kap\u0131lar, g\u00fcn\u00fcm\u00fczde \u015fehrin en hareketli caddelerinin ucunda bulunuyor.<\/p>\n<h3><span class=\"ez-toc-section\" id=\"2_marienplatz_meydanina_ugrayin\"><\/span><strong>2. Marienplatz Meydan\u0131&#8217;na u\u011fray\u0131n<\/strong><span class=\"ez-toc-section-end\"><\/span><\/h3>\n<p>\u015eehrin kalbinin att\u0131\u011f\u0131 tarihi bir meydan olan&nbsp;<strong>Marienplatz<\/strong>, eski ve yeni belediye binalar\u0131na da ev sahipli\u011fi yap\u0131yor. \u015eehre gelen turistlerin u\u011frak noktalar\u0131 aras\u0131nda bulunan bu meydana gitti\u011finizde, etrafta s\u0131ralanan \u015firin kafelere oturup g\u00fcndelik ya\u015fam\u0131n ak\u0131\u015f\u0131n\u0131 seyrederken, meydan\u0131 \u00e7evreleyen tarihi yap\u0131lar\u0131n g\u00f6z al\u0131c\u0131 mimarisini incelemeyi de unutmay\u0131n.<\/p>\n<h3><span class=\"ez-toc-section\" id=\"3_muzeleri_gezip_sehri_daha_yakindan_taniyin\"><\/span><strong>3. M\u00fczeleri gezip \u015fehri daha yak\u0131ndan tan\u0131y\u0131n<\/strong><span class=\"ez-toc-section-end\"><\/span><\/h3>\n<p><img width=\"800\" height=\"500\" data-public-id=\"Deutsches-Museum_nua12w\/Deutsches-Museum_nua12w.jpg\" decoding=\"async\" class=\"alignnone wp-post-9759 wp-image-9869\" src=\"https:\/\/res.cloudinary.com\/turna\/images\/w_800,h_500,c_scale\/f_auto,q_auto:low\/v1507329008\/Deutsches-Museum_nua12w\/Deutsches-Museum_nua12w.jpg?_i=AA\" data-format=\"jpg\" data-transformations=\"f_auto,q_auto:low\" data-version=\"1507329008\" data-seo=\"1\" \/><\/p>\n<p>M\u00fcze ziyaretlerini seviyorsan\u0131z M\u00fcnih&#8217;in birbirinden farkl\u0131 m\u00fczeleri aras\u0131nda keyifli bir geziye haz\u0131r olun.&nbsp;D\u00fcnyan\u0131n en b\u00fcy\u00fck teknoloji ve bilim m\u00fczesi olan&nbsp;<strong>Deutsches Museum<\/strong>,&nbsp;Monet, Van Gogh gibi \u00fcnl\u00fc sanat\u00e7\u0131lar\u0131n eserlerine ev sahipli\u011fi yapan&nbsp;<strong>Neue Pinakothek<\/strong> ve&nbsp;19. y\u00fczy\u0131ldan kalma&nbsp;art nouve eserlerin bulundu\u011fu&nbsp;<strong>Bavyera Ulusal M\u00fczesi (Bayerisches Nationalmuseum)<\/strong>&nbsp;\u015fehirde g\u00f6rebilece\u011finiz m\u00fczelerden baz\u0131lar\u0131.<\/p>\n<h3><span class=\"ez-toc-section\" id=\"4_octoberfestte_eglencenin_doruklarina_cikin\"><\/span><strong>4. OctoberFest\u2019te e\u011flencenin doruklar\u0131na \u00e7\u0131k\u0131n<\/strong><span class=\"ez-toc-section-end\"><\/span><\/h3>\n<p>\u0130smini Prenses Therese&#8217;dan alan Theresienwiese&#8217;de d\u00fczenlenen&nbsp;<strong>OctoberFest<\/strong>, \u00e7o\u011fu ki\u015finin akl\u0131nda s\u0131n\u0131rs\u0131z bira i\u00e7ilen bir festival olarak kalsa da etkinli\u011fin ba\u015flang\u0131c\u0131 bir evlilik kutlamas\u0131na dayan\u0131yor. \u0130lk kez 1810 y\u0131l\u0131nda Bavyera Prensi Ludwig ve Prenses Therese&#8217;nin evlilik t\u00f6renlerini kutlamak i\u00e7in yap\u0131lan bu e\u011flence, y\u0131llar i\u00e7inde \u015fekil de\u011fi\u015ftirerek geleneksel ve b\u00fcy\u00fck bira \u00fcreticilerinin \u00e7ad\u0131rlar\u0131yla dolu bir gen\u00e7lik festivaline d\u00f6n\u00fc\u015ft\u00fc.<\/p>\n<h3><span class=\"ez-toc-section\" id=\"5_dachau_toplama_kampinda_savasin_izlerini_gorun\"><\/span><strong>5. Dachau Toplama Kamp\u0131\u2019nda sava\u015f\u0131n izlerini g\u00f6r\u00fcn<\/strong><span class=\"ez-toc-section-end\"><\/span><\/h3>\n<p><img width=\"800\" height=\"500\" data-public-id=\"Dachau-Munih_wrkm3c\/Dachau-Munih_wrkm3c.jpg\" decoding=\"async\" class=\"alignnone wp-post-9759 wp-image-9871\" src=\"https:\/\/res.cloudinary.com\/turna\/images\/w_800,h_500,c_scale\/f_auto,q_auto:low\/v1507329020\/Dachau-Munih_wrkm3c\/Dachau-Munih_wrkm3c.jpg?_i=AA\" data-format=\"jpg\" data-transformations=\"f_auto,q_auto:low\" data-version=\"1507329020\" data-seo=\"1\" \/><\/p>\n<p>\u0130kinci D\u00fcnya Sava\u015f\u0131nda ya\u015fanan i\u015fkencelerin unutulmamas\u0131n\u0131 sa\u011flayan <strong>Dachau Toplama Kamp\u0131<\/strong>, \u015fehir merkezine 16 kilometre uzakl\u0131kta bulunuyor. \u00dclkede i\u015fg\u00fcc\u00fcn\u00fc art\u0131rmak amac\u0131yla kuruldu\u011fu s\u00f6ylenen ve Avrupa&#8217;daki di\u011fer \u00f6l\u00fcm kamplar\u0131na da \u00f6rnek olan Dachau&#8217;da&nbsp;yakla\u015f\u0131k 40 bin ki\u015finin \u00f6ld\u00fcr\u00fcld\u00fc\u011f\u00fc tahmin ediliyor.<\/p>\n<p>Siz de bu \u015fehrin sokaklar\u0131nda e\u011flencenin tad\u0131n\u0131 \u00e7\u0131karmak istiyorsan\u0131z <a href=\"https:\/\/www.turna.com\/ucak-bileti\/munih\" target=\"_blank\" rel=\"noopener noreferrer\">M\u00fcnih u\u00e7ak bileti<\/a> kampanyalar\u0131n\u0131 takip ederek seyahat plan\u0131n\u0131za h\u0131zl\u0131 bir ba\u015flang\u0131\u00e7 yapabilirsiniz. Seyahatiniz s\u0131ras\u0131nda Almanya&#8217;n\u0131n ya\u011fmurlu havas\u0131na haz\u0131rl\u0131ks\u0131z yakalanmamak i\u00e7in yan\u0131n\u0131za \u015femsiye ve ya\u011fmurlu\u011funuzu almay\u0131 da unutmay\u0131n.<\/p>\n\n\n<p> <strong>NOT<\/strong>: <strong><a rel=\"noreferrer noopener\" href=\"https:\/\/www.turna.com\/sikca-sorulan-sorular\/almanya-vizesi\" target=\"_blank\">Almanya vizesi<\/a><\/strong> hakk\u0131nda da Turna.com \u00fczerinden detayl\u0131 bilgi alabilirsiniz. <\/p>\n\n    <div class=\"xs_social_share_widget xs_share_url after_content \t\tmain_content  wslu-style-1 wslu-share-box-shaped wslu-fill-colored wslu-none wslu-share-horizontal wslu-theme-font-no wslu-main_content\">\n\n\t\t\n        <ul>\n\t\t\t        <\/ul>\n    <\/div> \n","protected":false},"excerpt":{"rendered":"<p>Almanya&#8216;n\u0131n en pop\u00fcler \u015fehirlerinden biri olan M\u00fcnih&#8216;i ke\u015ffetmek istiyor ama gezinize nereden ba\u015flayaca\u011f\u0131n\u0131z\u0131 bilemiyor musunuz? \u00d6yleyse \u015fehrin ge\u00e7mi\u015fine ve g\u00fcndelik ya\u015fam\u0131na dair pek \u00e7ok detay saklayan tarihi yap\u0131lar\u0131, \u015firin kafeleri, m\u00fczeleri ve yerel pazar\u0131 ziyaret ederek kendinize keyifli bir gezi rotas\u0131 olu\u015fturabilirsiniz.&nbsp;Bunlar tamam ama bana biraz daha detay gerek diyorsan\u0131z, bu etkileyici \u015fehirde neler yapabilece\u011finize [&hellip;]<\/p>\n","protected":false},"author":14,"featured_media":9868,"comment_status":"open","ping_status":"open","sticky":false,"template":"","format":"standard","meta":{"rop_custom_images_group":[],"rop_custom_messages_group":[],"rop_publish_now":"initial","rop_publish_now_accounts":[],"rop_publish_now_history":[],"rop_publish_now_status":"pending","_cloudinary_featured_overwrite":false,"footnotes":""},"categories":[110],"tags":[211,115],"class_list":["post-9759","post","type-post","status-publish","format-standard","has-post-thumbnail","hentry","category-almanya","tag-munich","tag-munih"],"_links":{"self":[{"href":"https:\/\/www.turna.com\/blog\/wp-json\/wp\/v2\/posts\/9759","targetHints":{"allow":["GET"]}}],"collection":[{"href":"https:\/\/www.turna.com\/blog\/wp-json\/wp\/v2\/posts"}],"about":[{"href":"https:\/\/www.turna.com\/blog\/wp-json\/wp\/v2\/types\/post"}],"author":[{"embeddable":true,"href":"https:\/\/www.turna.com\/blog\/wp-json\/wp\/v2\/users\/14"}],"replies":[{"embeddable":true,"href":"https:\/\/www.turna.com\/blog\/wp-json\/wp\/v2\/comments?post=9759"}],"version-history":[{"count":0,"href":"https:\/\/www.turna.com\/blog\/wp-json\/wp\/v2\/posts\/9759\/revisions"}],"wp:featuredmedia":[{"embeddable":true,"href":"https:\/\/www.turna.com\/blog\/wp-json\/wp\/v2\/media\/9868"}],"wp:attachment":[{"href":"https:\/\/www.turna.com\/blog\/wp-json\/wp\/v2\/media?parent=9759"}],"wp:term":[{"taxonomy":"category","embeddable":true,"href":"https:\/\/www.turna.com\/blog\/wp-json\/wp\/v2\/categories?post=9759"},{"taxonomy":"post_tag","embeddable":true,"href":"https:\/\/www.turna.com\/blog\/wp-json\/wp\/v2\/tags?post=9759"}],"curies":[{"name":"wp","href":"https:\/\/api.w.org\/{rel}","templated":true}]}}