{"id":9752,"date":"2017-10-01T18:36:29","date_gmt":"2017-10-01T15:36:29","guid":{"rendered":"https:\/\/www.turna.com\/blog\/?p=9752"},"modified":"2019-09-05T15:43:10","modified_gmt":"2019-09-05T12:43:10","slug":"van-yapilacak-seyler","status":"publish","type":"post","link":"https:\/\/www.turna.com\/blog\/van-yapilacak-seyler","title":{"rendered":"Van&#8217;da Yapman\u0131z Gereken 5 \u015eey"},"content":{"rendered":"<div id=\"ez-toc-container\" class=\"ez-toc-v2_0_82_2 counter-hierarchy ez-toc-counter ez-toc-black ez-toc-container-direction\">\n<div class=\"ez-toc-title-container\">\n<p class=\"ez-toc-title\" style=\"cursor:inherit\">\u0130\u00e7indekiler<\/p>\n<span class=\"ez-toc-title-toggle\"><a href=\"#\" class=\"ez-toc-pull-right ez-toc-btn ez-toc-btn-xs ez-toc-btn-default ez-toc-toggle\" aria-label=\"\u0130\u00e7indekiler Tablosunu A\u00e7\/Kapat\"><span class=\"ez-toc-js-icon-con\"><span class=\"\"><span class=\"eztoc-hide\" style=\"display:none;\">Toggle<\/span><span class=\"ez-toc-icon-toggle-span\"><svg style=\"fill: #ffffff;color:#ffffff\" xmlns=\"http:\/\/www.w3.org\/2000\/svg\" class=\"list-377408\" width=\"20px\" height=\"20px\" viewBox=\"0 0 24 24\" fill=\"none\"><path d=\"M6 6H4v2h2V6zm14 0H8v2h12V6zM4 11h2v2H4v-2zm16 0H8v2h12v-2zM4 16h2v2H4v-2zm16 0H8v2h12v-2z\" fill=\"currentColor\"><\/path><\/svg><svg style=\"fill: #ffffff;color:#ffffff\" class=\"arrow-unsorted-368013\" xmlns=\"http:\/\/www.w3.org\/2000\/svg\" width=\"10px\" height=\"10px\" viewBox=\"0 0 24 24\" version=\"1.2\" baseProfile=\"tiny\"><path d=\"M18.2 9.3l-6.2-6.3-6.2 6.3c-.2.2-.3.4-.3.7s.1.5.3.7c.2.2.4.3.7.3h11c.3 0 .5-.1.7-.3.2-.2.3-.5.3-.7s-.1-.5-.3-.7zM5.8 14.7l6.2 6.3 6.2-6.3c.2-.2.3-.5.3-.7s-.1-.5-.3-.7c-.2-.2-.4-.3-.7-.3h-11c-.3 0-.5.1-.7.3-.2.2-.3.5-.3.7s.1.5.3.7z\"\/><\/svg><\/span><\/span><\/span><\/a><\/span><\/div>\n<nav><ul class='ez-toc-list ez-toc-list-level-1 eztoc-toggle-hide-by-default' ><li class='ez-toc-page-1 ez-toc-heading-level-2'><a class=\"ez-toc-link ez-toc-heading-1\" href=\"https:\/\/www.turna.com\/blog\/van-yapilacak-seyler\/#vanda_yapmaniz_gereken_5_sey\" >Van&#8217;da Yapman\u0131z Gereken 5 \u015eey<\/a><ul class='ez-toc-list-level-3' ><li class='ez-toc-heading-level-3'><a class=\"ez-toc-link ez-toc-heading-2\" href=\"https:\/\/www.turna.com\/blog\/van-yapilacak-seyler\/#1_van_kahvaltisiyla_gune_mutlu_baslayin\" >1. Van kahvalt\u0131s\u0131yla g\u00fcne mutlu ba\u015flay\u0131n<\/a><\/li><li class='ez-toc-page-1 ez-toc-heading-level-3'><a class=\"ez-toc-link ez-toc-heading-3\" href=\"https:\/\/www.turna.com\/blog\/van-yapilacak-seyler\/#2_van_golunun_essiz_manzarasini_seyredin\" >2. Van G\u00f6l\u00fc&#8217;n\u00fcn e\u015fsiz manzaras\u0131n\u0131 seyredin<\/a><\/li><li class='ez-toc-page-1 ez-toc-heading-level-3'><a class=\"ez-toc-link ez-toc-heading-4\" href=\"https:\/\/www.turna.com\/blog\/van-yapilacak-seyler\/#3_akdamar_adasini_gezin\" >3. Akdamar Adas\u0131&#8217;n\u0131 gezin<\/a><\/li><li class='ez-toc-page-1 ez-toc-heading-level-3'><a class=\"ez-toc-link ez-toc-heading-5\" href=\"https:\/\/www.turna.com\/blog\/van-yapilacak-seyler\/#4_muradiye_selalesinin_sularinda_serinleyin\" >4. Muradiye \u015eelalesi&#8217;nin sular\u0131nda serinleyin<\/a><\/li><li class='ez-toc-page-1 ez-toc-heading-level-3'><a class=\"ez-toc-link ez-toc-heading-6\" href=\"https:\/\/www.turna.com\/blog\/van-yapilacak-seyler\/#5_bahcesarayda_rafting_yapin\" >5. Bah\u00e7esaray&#8217;da rafting yap\u0131n<\/a><\/li><\/ul><\/li><\/ul><\/nav><\/div>\n<p>Muhte\u015fem do\u011fas\u0131 ve k\u00fclt\u00fcrel dokusuyla g\u00f6n\u00fclleri fetheden <strong>Van<\/strong>, <a href=\"https:\/\/www.turna.com\/blog\/turkiye\" target=\"_blank\" rel=\"noopener noreferrer\">T\u00fcrkiye<\/a>&#8216;nin en etkileyici \u015fehirlerinden. Bakir do\u011fas\u0131 ve birbirinden harika manzaralar\u0131yla kendine hayran b\u0131rakan bu \u015fehirde, uzun do\u011fa y\u00fcr\u00fcy\u00fc\u015fleri yaparak, b\u00f6lgenin ke\u015ffedilmemi\u015f g\u00fczelliklerini g\u00f6rme imkan\u0131 bulabilirsiniz. Bir d\u00f6nem Van G\u00f6l\u00fc canavar\u0131yla ad\u0131ndan s\u00f6z ettiren bu \u015fehre gitti\u011finizde tarihi ve k\u00fclt\u00fcrel yap\u0131lar\u0131 gezmenin yan\u0131 s\u0131ra damak \u00e7atlatan lezzetlere sahip y\u00f6resel yemekleri tatmay\u0131 da unutmay\u0131n. \u0130\u015fte Van gezinizde mutlaka yapman\u0131z gereken \u015feylerden baz\u0131lar\u0131.<\/p>\n<h2><span class=\"ez-toc-section\" id=\"vanda_yapmaniz_gereken_5_sey\"><\/span><strong>Van&#8217;da Yapman\u0131z Gereken 5 \u015eey<\/strong><span class=\"ez-toc-section-end\"><\/span><\/h2>\n<h3><span class=\"ez-toc-section\" id=\"1_van_kahvaltisiyla_gune_mutlu_baslayin\"><\/span><strong>1. Van kahvalt\u0131s\u0131yla g\u00fcne mutlu ba\u015flay\u0131n<\/strong><span class=\"ez-toc-section-end\"><\/span><\/h3>\n<p><img width=\"800\" height=\"500\" data-public-id=\"Van-Kahvaltisi_cj6lwt\/Van-Kahvaltisi_cj6lwt.jpg\" fetchpriority=\"high\" decoding=\"async\" class=\"alignnone wp-post-9752 wp-image-9816\" src=\"https:\/\/res.cloudinary.com\/turna\/images\/w_800,h_500,c_scale\/f_auto,q_auto:low\/v1506881129\/Van-Kahvaltisi_cj6lwt\/Van-Kahvaltisi_cj6lwt.jpg?_i=AA\" data-format=\"jpg\" data-transformations=\"f_auto,q_auto:low\" data-version=\"1506881129\" data-seo=\"1\" \/><\/p>\n<p>Otlu peyniri, karakovan bal\u0131, yumurta ve unun \u015fahane birle\u015fiminden olu\u015fan murtugas\u0131 ve y\u00f6reye \u00f6zg\u00fc 20 \u00e7e\u015fit kahvalt\u0131l\u0131k \u00fcr\u00fcn\u00fcyle hem g\u00f6ze hem de mideye hitap eden Van kahvalt\u0131s\u0131n\u0131n \u00fcn\u00fc d\u00fcnyay\u0131 a\u015fm\u0131\u015f durumda. \u00d6yle ki bu kahvalt\u0131 zengin \u00fcr\u00fcn \u00e7e\u015fitlili\u011fiyle Guinnes Rekorlar Kitab\u0131na bile girdi. E\u011fer seyahatinizde g\u00fcne mutlu ba\u015flamak istiyorsan\u0131z bu enfes kahvalt\u0131y\u0131 ka\u00e7\u0131rmamal\u0131s\u0131n\u0131z.<\/p>\n<h3><span class=\"ez-toc-section\" id=\"2_van_golunun_essiz_manzarasini_seyredin\"><\/span><strong>2. Van G\u00f6l\u00fc&#8217;n\u00fcn e\u015fsiz manzaras\u0131n\u0131 seyredin<\/strong><span class=\"ez-toc-section-end\"><\/span><\/h3>\n<p><strong>Van G\u00f6l\u00fc<\/strong> canavar\u0131 efsanesini duymayan kalmad\u0131 ama aram\u0131zda hala Van G\u00f6l\u00fc&#8217;n\u00fcn e\u015fsiz manzaras\u0131n\u0131 g\u00f6rmeyenler var. Siz de bu \u015fehre gitti\u011finizde say\u0131s\u0131 y\u00fcz\u00fc a\u015fan canavar hikayelerini Vanl\u0131lar\u0131n a\u011fz\u0131ndan dinlerken bir yandan da g\u00f6l\u00fcn g\u00f6z al\u0131c\u0131 g\u00f6r\u00fcnt\u00fcs\u00fcn\u00fc seyredebilirsiniz. Y\u00fcz\u00f6l\u00e7\u00fcm\u00fc bak\u0131m\u0131ndan T\u00fcrkiye&#8217;nin en b\u00fcy\u00fck g\u00f6l\u00fc olarak kabul edilen bu do\u011fa harikas\u0131 ayn\u0131 zamanda d\u00fcnyan\u0131n en b\u00fcy\u00fck sodal\u0131 g\u00f6l\u00fc.<\/p>\n<h3><span class=\"ez-toc-section\" id=\"3_akdamar_adasini_gezin\"><\/span><strong>3. Akdamar Adas\u0131&#8217;n\u0131 gezin<\/strong><span class=\"ez-toc-section-end\"><\/span><\/h3>\n<p><img width=\"800\" height=\"500\" data-public-id=\"Akdamar-Adasi_o8qgvx\/Akdamar-Adasi_o8qgvx.jpg\" decoding=\"async\" class=\"alignnone wp-post-9752 wp-image-9818\" src=\"https:\/\/res.cloudinary.com\/turna\/images\/w_800,h_500,c_scale\/f_auto,q_auto:low\/v1506881191\/Akdamar-Adasi_o8qgvx\/Akdamar-Adasi_o8qgvx.jpg?_i=AA\" data-format=\"jpg\" data-transformations=\"f_auto,q_auto:low\" data-version=\"1506881191\" data-seo=\"1\" \/>Geva\u015f il\u00e7esi s\u0131n\u0131rlar\u0131ndaki\u00a0<strong>Akdamar Adas\u0131<\/strong>&#8216;nda Ermeniler taraf\u0131ndan in\u015fa edilen tarihi <strong>Akdamar Kilisesi<\/strong>\u00a0yer al\u0131yor. Do\u011fas\u0131 ve tarihi dokusuyla g\u00f6renleri b\u00fcy\u00fcleyen bu adan\u0131n \u00fcnl\u00fc bir efsanesi de var. Rivayete g\u00f6re Ermeni bir kesi\u015fin k\u0131z\u0131 olan Tamara, civar k\u00f6yden bir \u00e7obana a\u015f\u0131k olur. Tamara&#8217;n\u0131n babas\u0131 ise bu a\u015fka izin vermedi\u011fi i\u00e7in \u00e7oban\u0131n g\u00f6l sular\u0131nda bo\u011fulmas\u0131n\u0131 sa\u011flar. \u00c7oban\u0131n bo\u011fulurken s\u00f6yledi\u011fi son s\u00f6zler Ah Tamara oldu\u011fu i\u00e7in de adaya Ah Tamara ismi verilir. Bu isim de zamanla Akdamar&#8217;a d\u00f6n\u00fc\u015f\u00fcr.<\/p>\n<h3><span class=\"ez-toc-section\" id=\"4_muradiye_selalesinin_sularinda_serinleyin\"><\/span><strong>4. Muradiye \u015eelalesi&#8217;nin sular\u0131nda serinleyin<\/strong><span class=\"ez-toc-section-end\"><\/span><\/h3>\n<p>Muradiye il\u00e7esinin Karahan k\u00f6y\u00fc yak\u0131nlar\u0131nda bulunan <strong>Muradiye \u015eelalesi<\/strong> yaz aylar\u0131nda serinlemek isteyenlerin u\u011frak adreslerinden. 50 metreyi bulan y\u00fcksekli\u011fi ve \u00e7evresini saran harika bitki \u00f6rt\u00fcs\u00fcyle muazzam bir uyum olu\u015fturan bu \u015felale, \u00e7evresindeki mesire alanlar\u0131 sayesinde piknik yapmak isteyenlerin de bulu\u015fma noktas\u0131 oluyor. E\u011fer do\u011fan\u0131n kollar\u0131nda huzurlu bir mola vermek istiyorsan\u0131z, Muradiye \u015eelalesi&#8217;ni mutlaka g\u00f6rmelisiniz.<\/p>\n<h3><span class=\"ez-toc-section\" id=\"5_bahcesarayda_rafting_yapin\"><\/span><strong>5. Bah\u00e7esaray&#8217;da rafting yap\u0131n<\/strong><span class=\"ez-toc-section-end\"><\/span><\/h3>\n<p><img width=\"800\" height=\"500\" data-public-id=\"Bahcesaray-Rafting_cgeatj\/Bahcesaray-Rafting_cgeatj.jpg\" decoding=\"async\" class=\"alignnone wp-post-9752 wp-image-9819\" src=\"https:\/\/res.cloudinary.com\/turna\/images\/w_800,h_500,c_scale\/f_auto,q_auto:low\/v1506881209\/Bahcesaray-Rafting_cgeatj\/Bahcesaray-Rafting_cgeatj.jpg?_i=AA\" data-format=\"jpg\" data-transformations=\"f_auto,q_auto:low\" data-version=\"1506881209\" data-seo=\"1\" \/><\/p>\n<p>Adrenalin ba\u011f\u0131ml\u0131lar\u0131n\u0131n rafting veya \u00e7e\u015fitli outdoor etkinliklerine kat\u0131larak \u00e7\u0131lg\u0131n bir macera ya\u015fayabilece\u011fi <strong>Bah\u00e7esaray<\/strong>, \u015fehir merkezine 110 kilometre uzakl\u0131kta. Yemye\u015fil vadileri ve ihti\u015faml\u0131 da\u011flar\u0131yla cennetten bir k\u00f6\u015feyi and\u0131ran bu yer g\u00fcn\u00fcbirlik ziyaret i\u00e7in uygun bir adres. E\u011fer kamp yapmay\u0131 seviyorsan\u0131z civarda bulunan kamp alanlar\u0131nda ya da g\u00f6z\u00fcn\u00fcze kestirdi\u011finiz uygun bir alanda \u00e7ad\u0131r\u0131n\u0131z\u0131 kurarak do\u011fan\u0131n keyfini \u00e7\u0131karabilirsiniz.<\/p>\n<p>\u015eehri doyas\u0131ya gezmek ve misafirperver y\u00f6re halk\u0131 aras\u0131nda daha \u00e7ok zaman ge\u00e7irmek i\u00e7in <a href=\"https:\/\/www.turna.com\/ucak-bileti\/van\" target=\"_blank\" rel=\"noopener noreferrer\">Van u\u00e7ak bileti<\/a> f\u0131rsatlar\u0131na g\u00f6z atmay\u0131 unutmay\u0131n.<\/p>\n\n    <div class=\"xs_social_share_widget xs_share_url after_content \t\tmain_content  wslu-style-1 wslu-share-box-shaped wslu-fill-colored wslu-none wslu-share-horizontal wslu-theme-font-no wslu-main_content\">\n\n\t\t\n        <ul>\n\t\t\t        <\/ul>\n    <\/div> \n","protected":false},"excerpt":{"rendered":"<p>Muhte\u015fem do\u011fas\u0131 ve k\u00fclt\u00fcrel dokusuyla g\u00f6n\u00fclleri fetheden Van, T\u00fcrkiye&#8216;nin en etkileyici \u015fehirlerinden. Bakir do\u011fas\u0131 ve birbirinden harika manzaralar\u0131yla kendine hayran b\u0131rakan bu \u015fehirde, uzun do\u011fa y\u00fcr\u00fcy\u00fc\u015fleri yaparak, b\u00f6lgenin ke\u015ffedilmemi\u015f g\u00fczelliklerini g\u00f6rme imkan\u0131 bulabilirsiniz. Bir d\u00f6nem Van G\u00f6l\u00fc canavar\u0131yla ad\u0131ndan s\u00f6z ettiren bu \u015fehre gitti\u011finizde tarihi ve k\u00fclt\u00fcrel yap\u0131lar\u0131 gezmenin yan\u0131 s\u0131ra damak \u00e7atlatan lezzetlere sahip [&hellip;]<\/p>\n","protected":false},"author":29,"featured_media":9816,"comment_status":"open","ping_status":"open","sticky":false,"template":"","format":"standard","meta":{"rop_custom_images_group":[],"rop_custom_messages_group":[],"rop_publish_now":"initial","rop_publish_now_accounts":[],"rop_publish_now_history":[],"rop_publish_now_status":"pending","_cloudinary_featured_overwrite":false,"footnotes":""},"categories":[84,1869],"tags":[252],"class_list":["post-9752","post","type-post","status-publish","format-standard","has-post-thumbnail","hentry","category-turkiye","category-van","tag-van"],"_links":{"self":[{"href":"https:\/\/www.turna.com\/blog\/wp-json\/wp\/v2\/posts\/9752","targetHints":{"allow":["GET"]}}],"collection":[{"href":"https:\/\/www.turna.com\/blog\/wp-json\/wp\/v2\/posts"}],"about":[{"href":"https:\/\/www.turna.com\/blog\/wp-json\/wp\/v2\/types\/post"}],"author":[{"embeddable":true,"href":"https:\/\/www.turna.com\/blog\/wp-json\/wp\/v2\/users\/29"}],"replies":[{"embeddable":true,"href":"https:\/\/www.turna.com\/blog\/wp-json\/wp\/v2\/comments?post=9752"}],"version-history":[{"count":0,"href":"https:\/\/www.turna.com\/blog\/wp-json\/wp\/v2\/posts\/9752\/revisions"}],"wp:featuredmedia":[{"embeddable":true,"href":"https:\/\/www.turna.com\/blog\/wp-json\/wp\/v2\/media\/9816"}],"wp:attachment":[{"href":"https:\/\/www.turna.com\/blog\/wp-json\/wp\/v2\/media?parent=9752"}],"wp:term":[{"taxonomy":"category","embeddable":true,"href":"https:\/\/www.turna.com\/blog\/wp-json\/wp\/v2\/categories?post=9752"},{"taxonomy":"post_tag","embeddable":true,"href":"https:\/\/www.turna.com\/blog\/wp-json\/wp\/v2\/tags?post=9752"}],"curies":[{"name":"wp","href":"https:\/\/api.w.org\/{rel}","templated":true}]}}