{"id":9718,"date":"2017-09-28T15:14:38","date_gmt":"2017-09-28T12:14:38","guid":{"rendered":"https:\/\/www.turna.com\/blog\/?p=9718"},"modified":"2024-09-17T10:59:27","modified_gmt":"2024-09-17T07:59:27","slug":"fars-diyarinda-bir-cennet-isfahan","status":"publish","type":"post","link":"https:\/\/www.turna.com\/blog\/fars-diyarinda-bir-cennet-isfahan","title":{"rendered":"Fars Diyar\u0131nda Bir Cennet: Isfahan"},"content":{"rendered":"<p>Baz\u0131 kentler, baz\u0131 yerlerin kalbidir. Kimi \u015fehirler kimi \u00fclkelerin g\u00f6z bebe\u011fidir. Baz\u0131 beldeler baz\u0131 b\u00f6lgelerin incisidir&#8230; Bu da b\u00f6yle uzay\u0131p giden benzetmeler silsilesidir. Isfahan ise bunlardan hi\u00e7biri. Ama \u00e7ok daha fazlas\u0131. Hatta i\u00e7inde Isfahan ge\u00e7en bir gezi yaz\u0131s\u0131nda s\u00f6ylemek adettendir illaki; <a href=\"https:\/\/www.turna.com\/ucak-bileti\/esfahan\">Isfahan<\/a> cihan\u0131n yar\u0131s\u0131 eder. Biz de\u011fil \u015fair s\u00f6ylemi\u015f bunu. \u015eairler, hayalperesttirler evet, ama yalan s\u00f6ylemezler. Isfahan ger\u00e7ekten de cihan\u0131n yar\u0131s\u0131 eder.<\/p>\n<p>Ha, ben g\u00f6rd\u00fcm m\u00fc ki cihan\u0131n tamam\u0131n\u0131, hay\u0131r. U\u00e7ak bileti bulduk\u00e7a, elimin yetti\u011fi her yere ayak basmaya gayret ediyorum, hepsi bu. Ama Isfahan pek \u00e7ok kentin veremedi\u011fi bir s\u0131cakl\u0131k verdi bana. Ve Isfahan&#8217;a siz de bir kez ayak bast\u0131ktan sonra, eminim yine gidip g\u00f6rmek isteyeceksinizdir.<\/p>\n<p>Safavi Devleti zamanlar\u0131n\u0131n ba\u015fkenti olan bu g\u00fczel mi g\u00fczel kent, g\u00fcn\u00fcm\u00fczde \u00fclkenin \u00fc\u00e7\u00fcnc\u00fc b\u00fcy\u00fck \u015fehri. Ama Isfahan&#8217;\u0131n ihti\u015fam\u0131 bu b\u00fcy\u00fckl\u00fckten gelmiyor. Ba\u015fkaca \u015feyler var. \u0130ran&#8217;\u0131 ziyaret eden pek \u00e7ok ki\u015fi akl\u0131nda sadece Isfahan&#8217;la d\u00f6n\u00fcyorsa bir sebebi olmal\u0131. Tek bir kentten \u00fclkenin en g\u00fczel yeri diye bahsetmek elbette haks\u0131zl\u0131k olur, ayn\u0131 \u015fekilde \u0130ran&#8217;dan da salt \u00fclke diye bahsetmek eksik kal\u0131r. Diyar s\u00f6zc\u00fc\u011f\u00fc daha \u00e7ok yak\u0131\u015f\u0131yor san\u0131r\u0131m buraya. Sahiden de <a href=\"https:\/\/www.turna.com\/ucak-bileti\/iran\">\u0130ran<\/a> sanki efsunlu bir diyar, Isfahan da bunun hakk\u0131n\u0131 veren en g\u00fczel yeri.<\/p>\n<p><img width=\"800\" height=\"500\" data-public-id=\"isfahan_1_zdklzn\/isfahan_1_zdklzn.jpg\" fetchpriority=\"high\" decoding=\"async\" class=\"alignnone wp-post-9718 wp-image-9798\" src=\"https:\/\/res.cloudinary.com\/turna\/images\/w_800,h_500,c_scale\/f_auto,q_auto\/f_auto,q_auto:low\/v1506601670\/isfahan_1_zdklzn\/isfahan_1_zdklzn.jpg?_i=AA\" data-format=\"jpg\" data-transformations=\"f_auto,q_auto\/f_auto,q_auto:low\" data-version=\"1506601670\" data-seo=\"1\" srcset=\"https:\/\/res.cloudinary.com\/turna\/images\/f_auto,q_auto\/f_auto,q_auto\/f_auto,q_auto:low\/v1506601670\/isfahan_1_zdklzn\/isfahan_1_zdklzn.jpg?_i=AA 800w, https:\/\/res.cloudinary.com\/turna\/images\/w_300,h_188,c_scale\/f_auto,q_auto\/f_auto,q_auto\/f_auto,q_auto:low\/v1506601670\/isfahan_1_zdklzn\/isfahan_1_zdklzn.jpg?_i=AA 300w, https:\/\/res.cloudinary.com\/turna\/images\/w_672,h_420,c_scale\/f_auto,q_auto\/f_auto,q_auto\/f_auto,q_auto:low\/v1506601670\/isfahan_1_zdklzn\/isfahan_1_zdklzn.jpg?_i=AA 672w, https:\/\/res.cloudinary.com\/turna\/images\/w_640,h_400,c_scale\/f_auto,q_auto\/f_auto,q_auto\/f_auto,q_auto:low\/v1506601670\/isfahan_1_zdklzn\/isfahan_1_zdklzn.jpg?_i=AA 640w, https:\/\/res.cloudinary.com\/turna\/images\/w_681,h_426,c_scale\/f_auto,q_auto\/f_auto,q_auto\/f_auto,q_auto:low\/v1506601670\/isfahan_1_zdklzn\/isfahan_1_zdklzn.jpg?_i=AA 681w\" sizes=\"(max-width: 800px) 100vw, 800px\" \/><strong>\u0130ran: Gitmek ya da Gitmemek<\/strong><\/p>\n<p>Neredeyse son k\u0131rk y\u0131ld\u0131r \u015feriat rejimiyle y\u00f6netilen \u0130ran \u0130slam Cumhuriyeti, konu seyahat olunca insan\u0131 \u015f\u00f6yle bir duraksat\u0131yor. \u0130nsanlar\u0131 kategorize etmek hi\u00e7 de do\u011fru de\u011fil tabii ama, kategorize etmeye k\u0131yamad\u0131\u011f\u0131m\u0131z bu insanlar tam da burada ikiye ayr\u0131l\u0131yor: Hep \u0130ran&#8217;\u0131 merak edenler, &#8216;Yok can\u0131m orada ne i\u015fim olur&#8217; diyenler.<\/p>\n<p>Oray\u0131 hep merak edenlerin, hatta ben gibi d\u00fc\u015flerinde dahi \u0130ran&#8217;a gidenlerin i\u015fi kolay, i\u015f bir u\u00e7ak biletine bakar. &#8216;Yok can\u0131m orada ne i\u015fim olur&#8217;cular\u0131n ise, bu Isfahan g\u00fczellemesiyle o gizemli diyara merak duyaca\u011f\u0131ndan hi\u00e7 \u015f\u00fcphem yok.<\/p>\n<p>Nak\u015f-\u0131 Cihan&#8217;dan, Si-O-Se Pol&#8217;den, Mescid-i Cuma&#8217;dan, He\u015ft Behe\u015ft&#8217;ten bahsetmeden \u00f6nce \u0130ran&#8217;da sizi neler bekliyor, balland\u0131ra balland\u0131ra bundan bahsetmek isterim. \u00c7\u00fcnk\u00fc bahsetti\u011fim o g\u00fczel, o &#8220;g\u00f6r\u00fclmesi gereken&#8221; yerlere pek\u00e2l\u00e2 Google g\u00f6rseller arac\u0131l\u0131\u011f\u0131yla da eri\u015febilirsiniz. Ama \u0130ran&#8217;da, yaln\u0131z Isfahan&#8217;da de\u011fil, herhangi alelade bir kentte bile birka\u00e7 g\u00fcn ge\u00e7irmenin tad\u0131n\u0131n hi\u00e7bir g\u00f6rselle tarifi yok. S\u00f6zler de pek k\u00e2fi gelmez belki ama yine de bahsetmekte fayda var.<\/p>\n<p>Orta Do\u011fu&#8217;nun, hatta biraz daha iddial\u0131 konu\u015fay\u0131m, cihan\u0131n en g\u00fcvenli \u00fclkesine geliyorsunuz \u00f6ncelikle. Belki \u00e7o\u011fu zaman kendi mahallenizde bile gece vakti y\u00fcr\u00fcmekten imtina edersiniz, bir yerlerden ge\u00e7 olmadan vakitlice kalkmak istersiniz. Fakat \u0130ran&#8217;da evinize d\u00f6nmek i\u00e7in aceleye gerek yok. Sokaklar g\u00fcn\u00fcn her saati g\u00fcvenli.<\/p>\n<p>Peki otele de\u011fil de eve d\u00f6nmek ne demek? \u0130ran&#8217;a gidince otellerde de konaklan\u0131r elbet ama sokakta selamla\u015ft\u0131\u011f\u0131n\u0131z, adres sordu\u011funuz, muhabbet etti\u011finiz herkes sizi en az bir kez evinde a\u011f\u0131rlamak isteyecektir. Bundan ka\u00e7\u0131\u015f yok. \u0130ran ne mutlu ki hi\u00e7 ama hi\u00e7 yozla\u015fmam\u0131\u015f, dokusunu yitirmemi\u015f bir yer. &#8220;Tanr\u0131 misafirli\u011fi&#8221; kavram\u0131 ger\u00e7ekten ya\u015f\u0131yor. Sokakta birilerinin sizi fark edip eve davet etmesini de beklemeksizin \u00e7at kap\u0131 bir eve dahi gitseniz kimse sizi geri \u00e7evirmeyecektir. Misafire kap\u0131lar her daim ard\u0131na kadar a\u00e7\u0131k. Bu sebeple de \u0130ran&#8217;\u0131 yaln\u0131z \u00fclke diye nitelemektense, ba\u015fa her daim ho\u015f \u015feylerin gelece\u011fi gizemli mutlu bir diyar olarak nitelemeyi ye\u011flerim.<\/p>\n<p><strong>Para, Pul, \u0130nsanl\u0131k<\/strong><\/p>\n<p>Bu g\u00fczel diyar\u0131n \u00e7ok s\u0131f\u0131rl\u0131 para biriminin ismi Riyal. \u00c7ok s\u0131f\u0131rl\u0131 oldu\u011fundan, ya da neden bilmiyorum, insanlar bir s\u0131f\u0131r at\u0131p T\u00fcmen diyor Riyal yerine. Kafan\u0131z kar\u0131\u015ft\u0131 m\u0131? Seyahatinizin ilk g\u00fcnlerinde kar\u0131\u015fabilir, normaldir. Asl\u0131nda basit: Y\u00fcz bin Riyal = On bin T\u00fcmen.<\/p>\n<p>O on bin T\u00fcmen de on Lira&#8217;ya yak\u0131n bir para ediyor. Ama \u0130ran&#8217;da b\u00f6yle s\u0131f\u0131rlar\u0131n, paralar\u0131n pek de \u00f6nemi yok. Al\u0131\u015fveri\u015f yapt\u0131\u011f\u0131n\u0131z esnaf, yemek yedi\u011finiz restoran sahibi, yabanc\u0131 oldu\u011funuzu anlay\u0131nca paran\u0131z\u0131 kabul etmek istemeyecektir. Bunu istisnas\u0131z her seferinde ya\u015fayacaks\u0131n\u0131z. \u0130ran \u00e7ok uluslu, \u00e7ok dilli bir memleket. Kuzeyden g\u00fcneye farkl\u0131 etnik kimlikler var. Al\u0131\u015fveri\u015f yapt\u0131\u011f\u0131n\u0131z her b\u00f6lgenin de kendi dilinde, paray\u0131 her uzatt\u0131\u011f\u0131n\u0131zda &#8220;senin paran burada ge\u00e7mez&#8221; manas\u0131na gelen s\u00f6zler duyacaks\u0131n\u0131z. Isfahan da Fars elinde oldu\u011fundan burada al\u0131\u015fveri\u015f yap\u0131nca bu laf\u0131 s\u0131k s\u0131k Fars\u00e7a i\u015fiteceksiniz. L\u00fctfen o inceli\u011fe o nezakete ald\u0131rmadan paray\u0131 birka\u00e7 \u0131srar sonras\u0131nda uzat\u0131n. \u0130nsanl\u0131k var tamam ama adamlar a\u00e7 m\u0131 kals\u0131n?<\/p>\n<p>Bir de d\u00fcr\u00fcstl\u00fckle s\u00f6yleyeyim, asl\u0131nda Isfahan \u0130ran i\u00e7inde esnaf\u0131n\u0131n biraz pinti olmas\u0131yla nam salm\u0131\u015f bir yer. Belki b\u00fcy\u00fck belki turistik bir kent oldu\u011fundand\u0131r. Fakat pintisi bile b\u00f6yle bonk\u00f6r iken, k\u00fc\u00e7\u00fck kentlisi, k\u00f6yl\u00fcs\u00fc nas\u0131ld\u0131r \u0130ran&#8217;\u0131n var\u0131n siz d\u00fc\u015f\u00fcn\u00fcn. Bu sebeple Isfahan&#8217;a kadar gelmi\u015fken derinlere inmeyi de unutmay\u0131n l\u00fctfen.<\/p>\n<p>Seyahatler, \u015fehir gezmekle de\u011fil, kasaba k\u00f6ylerde kaybolarak anlam kazan\u0131yor bence.<br \/>\nIsfahan&#8217;a u\u00e7ak bileti bulduktan sonra, k\u00f6ye kasabaya inme i\u015fini de kara yoluyla halledebilirsiniz. \u0130ran&#8217;da ula\u015f\u0131m upucuz \u00e7\u00fcnk\u00fc. Bir litre benzinin yakla\u015f\u0131k bir Lira gibi bir fiyat\u0131 var. \u0130nsanlar da bunun bilincinde ki, en k\u0131sa mesafede bile taksiye biniyorlar. Her memlekette oldu\u011fu gibi burada da biraz &#8220;h\u0131nz\u0131r&#8221; biraz &#8220;parag\u00f6z&#8221; taksiciler var elbet. G\u00f6z\u00fcn\u00fcz\u00fc d\u00f6rt a\u00e7arsan\u0131z taksicileri az hasarla savu\u015fturabilirsiniz. &#8220;Senin paran burada ge\u00e7mez&#8221; onlar\u0131n lugat\u0131na girmemi\u015f hen\u00fcz maalesef. Ama olsun, \u0130ran bunlarla da g\u00fczel. Zaten Isfahan i\u00e7indeki hemen hemen t\u00fcm tarihi yerler birbirine yak\u0131n oldu\u011fundan buralarda taksiye ihtiya\u00e7 duymayacaks\u0131n\u0131z.<\/p>\n<p><img width=\"667\" height=\"500\" data-public-id=\"isfahan-carpet_1_auvd5w\/isfahan-carpet_1_auvd5w.jpg\" decoding=\"async\" class=\"alignnone wp-post-9718 wp-image-9799\" src=\"https:\/\/res.cloudinary.com\/turna\/images\/w_667,h_500,c_scale\/f_auto,q_auto:low\/v1506601805\/isfahan-carpet_1_auvd5w\/isfahan-carpet_1_auvd5w.jpg?_i=AA\" data-format=\"jpg\" data-transformations=\"f_auto,q_auto:low\" data-version=\"1506601805\" data-seo=\"1\" srcset=\"https:\/\/res.cloudinary.com\/turna\/images\/f_auto,q_auto:low\/v1506601805\/isfahan-carpet_1_auvd5w\/isfahan-carpet_1_auvd5w.jpg?_i=AA 667w, https:\/\/res.cloudinary.com\/turna\/images\/w_300,h_225,c_scale\/f_auto,q_auto:low\/v1506601805\/isfahan-carpet_1_auvd5w\/isfahan-carpet_1_auvd5w.jpg?_i=AA 300w, https:\/\/res.cloudinary.com\/turna\/images\/w_560,h_420,c_scale\/f_auto,q_auto:low\/v1506601805\/isfahan-carpet_1_auvd5w\/isfahan-carpet_1_auvd5w.jpg?_i=AA 560w, https:\/\/res.cloudinary.com\/turna\/images\/w_80,h_60,c_scale\/f_auto,q_auto:low\/v1506601805\/isfahan-carpet_1_auvd5w\/isfahan-carpet_1_auvd5w.jpg?_i=AA 80w, https:\/\/res.cloudinary.com\/turna\/images\/w_100,h_75,c_scale\/f_auto,q_auto:low\/v1506601805\/isfahan-carpet_1_auvd5w\/isfahan-carpet_1_auvd5w.jpg?_i=AA 100w, https:\/\/res.cloudinary.com\/turna\/images\/w_180,h_135,c_scale\/f_auto,q_auto:low\/v1506601805\/isfahan-carpet_1_auvd5w\/isfahan-carpet_1_auvd5w.jpg?_i=AA 180w, https:\/\/res.cloudinary.com\/turna\/images\/w_238,h_178,c_scale\/f_auto,q_auto:low\/v1506601805\/isfahan-carpet_1_auvd5w\/isfahan-carpet_1_auvd5w.jpg?_i=AA 238w, https:\/\/res.cloudinary.com\/turna\/images\/w_640,h_480,c_scale\/f_auto,q_auto:low\/v1506601805\/isfahan-carpet_1_auvd5w\/isfahan-carpet_1_auvd5w.jpg?_i=AA 640w\" sizes=\"(max-width: 667px) 100vw, 667px\" \/><\/p>\n<p><strong>Do\u011fru Zaman<\/strong><\/p>\n<p>Serin bir eyl\u00fcl g\u00fcn\u00fcnde, yahut tomurcuklar hen\u00fcz filizlenirken mart nisan dolaylar\u0131nda\u00a0 turunuza ba\u015flaman\u0131z\u0131 \u00f6neririm. \u00d6b\u00fcr t\u00fcrl\u00fc Isfahan seyahati sizin i\u00e7in zul\u00fcm olur, y\u00fcr\u00fcyerek sokaklar\u0131n tad\u0131na varmak yerine, taksilere mahkum kal\u0131rs\u0131n\u0131z. Takside de serin serin gidece\u011fim diye d\u00fc\u015f\u00fcnmeyin hi\u00e7. Klima falan ne gezer. \u00c7ok \u00e7ok pencereyi a\u00e7ars\u0131n\u0131z, o da y\u00fcz\u00fcn\u00fcze y\u00fcz\u00fcn\u00fcze s\u0131cak hava \u00fcfler.<\/p>\n<p>\u0130ran&#8217;\u0131n kuzeyi yemye\u015fil, da\u011fl\u0131k, serinlik ama g\u00fcneyi yaz aylar\u0131nda \u00e7ok s\u0131cak ve bunalt\u0131c\u0131. Isfahan tam olarak g\u00fcneyde say\u0131lmasa da yaz tatilinde bu \u015fehre gelmek isteyenlere tek tavsiyem, yaz tatilinde buraya gelmemeleridir. \u015eeriat rejimi nedeniyle erkekseniz bacaklar\u0131n\u0131z\u0131 ve kolunuzun yar\u0131s\u0131n\u0131, kad\u0131n iseniz \u0130slami hicab kurallar\u0131na g\u00f6re v\u00fccudunuzun \u00f6rt\u00fcnmesi gereken k\u0131s\u0131mlar\u0131n\u0131 \u00f6rtmek zorundas\u0131n\u0131z. Bu da al\u0131\u015f\u0131k olmayanlar\u0131n s\u0131caktan daha fazla etkilenmesine neden olabilir. S\u00f6z\u00fcn \u00f6z\u00fc biraz \u015feriat hasebiyle biraz da hava \u015fartlar\u0131 y\u00fcz\u00fcnden bu kente gelme vaktiniz, alaca\u011f\u0131n\u0131z hazz\u0131 b\u00fcy\u00fck \u00f6l\u00e7\u00fcde etkileyecektir.<\/p>\n<p><strong>Nak\u015f-\u0131 Cihan Meydan\u0131<\/strong><\/p>\n<p>\u0130slam Devrimi sonras\u0131 ismi \u0130mam Humeyni Meydan\u0131 olarak de\u011fi\u015fmi\u015f olsa da, halk\u0131n dilinde ve tabelalardaki parantez i\u00e7lerinde buras\u0131 hala Nak\u015f-\u0131 Cihan Meydan\u0131. Nak\u015f-\u0131 Cihan ismi ne kadar hissiyatl\u0131; cihan\u0131n haritas\u0131 manas\u0131na geliyor.<\/p>\n<p>D\u00fcnyan\u0131n ikinci b\u00fcy\u00fck kent meydan\u0131ym\u0131\u015f, gecesi ayr\u0131 g\u00fcnd\u00fcz\u00fc ayr\u0131 g\u00fczel. Bu koca meydan iki u\u00e7tan kapal\u0131 \u00e7ar\u015f\u0131lara, iki camiye, bir saraya ve her g\u00fcn milletlerce insana ev sahipli\u011fi yap\u0131yor. Seyahatinizin ilk g\u00fcnlerinde ad\u0131m ataca\u011f\u0131n\u0131z ilk yer buras\u0131 olacakt\u0131r. Serin bir eyl\u00fcl g\u00fcn\u00fcnde buradaysan\u0131z e\u011fer, belki de t\u00fcm g\u00fcn\u00fcn\u00fcz\u00fc s\u0131k\u0131lmadan ge\u00e7irebilirsiniz. Meydan\u0131n etraf\u0131n\u0131 turlamak i\u00e7in ise maalesef faytonlar var. Dilerim ki faytonla de\u011fil kendi imkanlar\u0131n\u0131zla turlars\u0131n\u0131z bu meydan\u0131.<\/p>\n<p>Bu arada Nak\u015f-\u0131 Cihan,\u00a0 Unesco&#8217;nun D\u00fcnya Miras\u0131 listesinde yer al\u0131yor. Mademki bu bir gezi yaz\u0131s\u0131, b\u00f6yle can al\u0131c\u0131 bilgiler vermek boynumun borcudur. Ama Isfahan&#8217;da bu k\u00fclt\u00fcr miraslar\u0131ndan daha nicesi var.<\/p>\n<p><strong>Ali Gapu Saray\u0131<\/strong><\/p>\n<p>Meydan bir saraya ev sahipli\u011fi yap\u0131yordu ya hani, i\u015fte Ali Gapu bu saray\u0131n ismi. Rivayete g\u00f6re \u015eah Abbas merasimleri hep bu saraydan izlermi\u015f. Siz de alt\u0131 katl\u0131 bu saray\u0131n en \u00fcst kat\u0131na \u00e7\u0131karak enfes bir Nak\u015f-\u0131 Cihan manzaras\u0131 seyredebilirsiniz. \u00dcstelik meydan\u0131n en g\u00fczel foto\u011fraf\u0131n\u0131 da buradan \u00e7ekebilirsiniz.<\/p>\n<p><strong>Mescid-i Cuma<\/strong><\/p>\n<p>Ta sekizinci y\u00fczy\u0131ldan kalma bu cami de yine D\u00fcnya Miras\u0131 listesinde ve olduk\u00e7a iyi korunmu\u015f. \u0130ran y\u00fczy\u0131llarca ba\u015fka ba\u015fka medeniyetlere ev sahipli\u011fi yapt\u0131\u011f\u0131ndan mimariye de bu yans\u0131m\u0131\u015f. \u015eiiler i\u00e7in kutsal say\u0131lan g\u00fcnlere denk gelmezseniz camiyi \u00fccretsiz ziyaret edebilirsiniz. \u00c7ok b\u00fcy\u00fck ve al\u0131\u015f\u0131lagelmi\u015fin d\u0131\u015f\u0131nda bir yap\u0131s\u0131 var. Bu arada Mescid-i Cuma gibi b\u00fcy\u00fck ve di\u011ferlerine nazaran daha m\u00fchim camilerde, kap\u0131daki g\u00f6revliler giri\u015fte \u00fczerinize toz alma aparat\u0131yla bir \u015fey s\u00fcr\u00fcyorlar. G\u00fcl suyuna benzer bir kokuymu\u015f bu. Ba\u015fta tozunuzun al\u0131nd\u0131\u011f\u0131 hissine kap\u0131labilirsiniz.<\/p>\n<p>Bir de Mescid-i Cuma&#8217;ya foto\u011fraf makinas\u0131yla girmemeniz daha iyi olacakt\u0131r, pek ho\u015f kar\u015f\u0131lam\u0131yor ve izin vermiyorlar \u00e7\u00fcnk\u00fc. Kameran\u0131z\u0131 emanete b\u0131rakman\u0131z\u0131 rica ediyorlar.<\/p>\n<p><strong>Si-O-Se Pol<\/strong><\/p>\n<p>Nak\u015f-\u0131 Cihan Meydan\u0131&#8217;ndan sonra bana kal\u0131rsa \u015fehrin en g\u00fczel yeri Si-O-Se k\u00f6pr\u00fcs\u00fc. Zaten meydana da olduk\u00e7a yak\u0131n.<\/p>\n<p>Bir \u015fehrin dokusunu, hikayelerini en iyi orada ya\u015fayanlardan \u00f6\u011frenebilirsiniz. Yedi kat yabanc\u0131dan ayak\u00fcst\u00fc tarih dersi dinlemek gibisi yok. K\u00f6pr\u00fcde turlarken rastla\u015ft\u0131\u011f\u0131n\u0131z insanlar muhakkak size buran\u0131n hikayesini anlatacakt\u0131r.<\/p>\n<p>K\u00f6pr\u00fcn\u00fcn mimar\u0131, zaman\u0131nda \u00fclkeye esir olarak getirilip sonradan koca Fars Eyaleti&#8217;ne vali olarak, \u015eah&#8217;tan sonra en \u00f6nemli ikinci adam konumuna gelen Allahverdi Han. K\u00f6pr\u00fcy\u00fc de &#8220;soylu&#8221;luk zamanlar\u0131nda in\u015fa ediyor tabii. E k\u00f6pr\u00fcye neden kendi ad\u0131n\u0131 vermemi\u015f diyeceksiniz, o vermese de k\u00f6pr\u00fc Allahverdi Han k\u00f6pr\u00fcs\u00fc olarak da biliniyor zaten.<\/p>\n<p>Art\u0131k memleketinden zorla al\u0131n\u0131p g\u00f6t\u00fcr\u00fcld\u00fc\u011f\u00fc i\u00e7in mi, anadiline \u00f6zlem duydu\u011fu i\u00e7in mi nedir, k\u00f6pr\u00fcye bu &#8216;Otuz \u00dc\u00e7&#8217; ad\u0131n\u0131 veriyor. Si o se otuz \u00fc\u00e7 demek yani Fars\u00e7a&#8217;da. Otuz \u00fc\u00e7 ise k\u00f6pr\u00fcdeki kemer say\u0131s\u0131 de\u011fil, G\u00fcrc\u00fc alfabesindeki harf say\u0131s\u0131 imi\u015f. Allahverdi Han da k\u00f6pr\u00fcye bu \u015fekilde imzas\u0131n\u0131 at\u0131p nesilden nesile anlat\u0131lagelmi\u015f.<\/p>\n<p>Kemerlerin aras\u0131na t\u00fcnemi\u015f a\u015f\u0131klarla, t\u00fcrk\u00fc s\u00f6yleyenlere, bir ucundan \u00f6b\u00fcr\u00fcne volta atanlarla k\u00f6pr\u00fcde \u00e7ok g\u00fczel bir g\u00fcn ge\u00e7irebilirsiniz. Ama k\u00f6pr\u00fc gece \u0131\u015f\u0131klarla da bir ba\u015fka g\u00fczel. Asl\u0131nda Isfahan gece ayr\u0131 g\u00fcnd\u00fcz ayr\u0131 g\u00fczel.<\/p>\n<p>Si-O-Se k\u00f6pr\u00fcs\u00fc alt\u0131ndan akan Zayende Nehri \u00fczerine konu\u015flanm\u0131\u015f ba\u015fka k\u00f6pr\u00fcler de var, hatta Isfahan&#8217;da y\u0131\u011f\u0131nla k\u00f6pr\u00fc var. Khaju K\u00f6pr\u00fcs\u00fc, Urgan K\u00f6pr\u00fcs\u00fc, Kelle k\u00f6pr\u00fcs\u00fc bunlardan ba\u015fl\u0131calar\u0131. Ama Isfahan, Si-O-Se Pol ile \u00f6zde\u015fle\u015fmi\u015f bir kere, ilk poz mecburen burada verilecek.<\/p>\n<p><img width=\"667\" height=\"500\" data-public-id=\"isfahan-si-o-se-pol_1_xj0joq\/isfahan-si-o-se-pol_1_xj0joq.jpg\" decoding=\"async\" class=\"alignnone wp-post-9718 wp-image-9797\" src=\"https:\/\/res.cloudinary.com\/turna\/images\/w_667,h_500,c_scale\/f_auto,q_auto:low\/v1506601844\/isfahan-si-o-se-pol_1_xj0joq\/isfahan-si-o-se-pol_1_xj0joq.jpg?_i=AA\" data-format=\"jpg\" data-transformations=\"f_auto,q_auto:low\" data-version=\"1506601844\" data-seo=\"1\" srcset=\"https:\/\/res.cloudinary.com\/turna\/images\/f_auto,q_auto:low\/v1506601844\/isfahan-si-o-se-pol_1_xj0joq\/isfahan-si-o-se-pol_1_xj0joq.jpg?_i=AA 667w, https:\/\/res.cloudinary.com\/turna\/images\/w_300,h_225,c_scale\/f_auto,q_auto:low\/v1506601844\/isfahan-si-o-se-pol_1_xj0joq\/isfahan-si-o-se-pol_1_xj0joq.jpg?_i=AA 300w, https:\/\/res.cloudinary.com\/turna\/images\/w_560,h_420,c_scale\/f_auto,q_auto:low\/v1506601844\/isfahan-si-o-se-pol_1_xj0joq\/isfahan-si-o-se-pol_1_xj0joq.jpg?_i=AA 560w, https:\/\/res.cloudinary.com\/turna\/images\/w_80,h_60,c_scale\/f_auto,q_auto:low\/v1506601844\/isfahan-si-o-se-pol_1_xj0joq\/isfahan-si-o-se-pol_1_xj0joq.jpg?_i=AA 80w, https:\/\/res.cloudinary.com\/turna\/images\/w_100,h_75,c_scale\/f_auto,q_auto:low\/v1506601844\/isfahan-si-o-se-pol_1_xj0joq\/isfahan-si-o-se-pol_1_xj0joq.jpg?_i=AA 100w, https:\/\/res.cloudinary.com\/turna\/images\/w_180,h_135,c_scale\/f_auto,q_auto:low\/v1506601844\/isfahan-si-o-se-pol_1_xj0joq\/isfahan-si-o-se-pol_1_xj0joq.jpg?_i=AA 180w, https:\/\/res.cloudinary.com\/turna\/images\/w_238,h_178,c_scale\/f_auto,q_auto:low\/v1506601844\/isfahan-si-o-se-pol_1_xj0joq\/isfahan-si-o-se-pol_1_xj0joq.jpg?_i=AA 238w, https:\/\/res.cloudinary.com\/turna\/images\/w_640,h_480,c_scale\/f_auto,q_auto:low\/v1506601844\/isfahan-si-o-se-pol_1_xj0joq\/isfahan-si-o-se-pol_1_xj0joq.jpg?_i=AA 640w\" sizes=\"(max-width: 667px) 100vw, 667px\" \/><\/p>\n<p><strong>Culfa Mahallesi<\/strong><\/p>\n<p>Mahalleye ad\u0131m att\u0131\u011f\u0131n\u0131z andan itibaren \u015fehrin t\u00fcm atmosferi bir anda de\u011fi\u015fiyor. Hani \u015fu Si-O-Se Pol alt\u0131ndan akan nehir var ya, i\u015fte bu nehrin g\u00fcney ve kuzey yakas\u0131 adeta iki ayr\u0131 alem. \u015eah Abbas zaman\u0131nda burada alt\u0131n \u00e7a\u011flar\u0131n\u0131 ya\u015fayan Ermenilerin n\u00fcfusu \u015fu an bir hayli az da olsa, mahalle inad\u0131na \u00f6zg\u00fcr. Burada sanki yaln\u0131zca &#8220;rich kids of Esfahan&#8221; h\u00fck\u00fcm s\u00fcr\u00fcyor sanki.<\/p>\n<p>Tipik \u0130ran restoranlar\u0131n\u0131n yan\u0131 s\u0131ra, l\u00fcks kafe ve bistrolar var burada. Berber d\u00fckkanlar\u0131 yok mesela, &#8220;hair styling&#8221; tabelalar\u0131 var. Arabalar daha haval\u0131 bu semtte. Nispeten daha modern giyimli insanlar var.<\/p>\n<p>Maziden ne kalm\u0131\u015f peki? Vank Katedrali en g\u00f6rkemlisi olmak \u00fczere pek \u00e7ok kilise var. K\u00f6pr\u00fc ziyaretinden sonra \u015fehrin bu yakas\u0131na ge\u00e7menizi elbette \u00f6neririm. \u0130ran i\u00e7inde ba\u015fka bir diyara ad\u0131m atmak gibi ayn\u0131.<\/p>\n<p><strong>He\u015ft Behe\u015ft<\/strong><\/p>\n<p>Yani diyor ki Yedi Cennet. Yine Safavi zaman\u0131ndan kalma bu saray restorasyon \u00e7al\u0131\u015fmalar\u0131yla ayakta duruyor. Hatta bana kal\u0131rsa saray\u0131n i\u00e7inden \u00e7ok bah\u00e7e d\u00fczenlemesi dikkat \u00e7ekiyor. D\u00fcr\u00fcst\u00e7e s\u00f6ylemek gerekirse de Ali Gapu Saray\u0131&#8217;n\u0131n \u00e7inilerle, renklerle bezeli i\u00e7 d\u00fczenlemesi gibi bir \u015f\u00f6len yok i\u00e7erisinde. Hatta d\u0131\u015far\u0131dan uzaktan izlemesi daha g\u00fczel. \u00c7\u00fcnk\u00fc, hariciler, \u0130ranl\u0131lar\u0131n \u00f6dedi\u011fi paran\u0131n neredeyse yedi kat\u0131n\u0131 \u00f6deyerek m\u00fczeleri, saraylar\u0131 ziyaret ediyorlar.<\/p>\n<p>\u00c7ehel S\u00fctun, Sallanan Minare, oran\u0131n hemen yan\u0131 ba\u015f\u0131ndaki Ate\u015f Kadehi de Isfahan&#8217;da g\u00f6r\u00fclmeye de\u011fer yerlerden. Fakat unutmay\u0131n, buralara giri\u015f \u0130ranl\u0131lar i\u00e7in sadece \u00fc\u00e7 bin T\u00fcmen. Haricilere ise yirmi bin.<\/p>\n<p>Isfahan&#8217;da da \u0130ran&#8217;\u0131n hemen her kentinde oldu\u011fu gibi parklar, bah\u00e7eler \u00e7ok d\u00fczenli. \u00c7\u00fcnk\u00fc parklar asl\u0131nda vatanda\u015f\u0131n yeg\u00e2ne sosyalle\u015fme alan\u0131. \u00c7ay\u0131n\u0131, yeme\u011fini alan insanlar bazen geceyi parkta da ge\u00e7irebiliyor. \u00c7\u00fcnk\u00fc hemen her ailenin bir \u00e7ad\u0131r\u0131 var. Her parkta de\u011fil ama merkezi b\u00fcy\u00fck parklarda yirmi d\u00f6rt saat g\u00fcvenlik de mevcut. G\u00fcvenlik g\u00f6revlisi de\u011fil, ger\u00e7ekten polis. Seyyar bir karakollar\u0131 da var.<\/p>\n<p>Konaklamak i\u00e7in pek \u00e7ok se\u00e7enek mevcut. \u0130lk akla gelen, sokakta avare avare dolan\u0131p, birinin sizi evine davet etmesini beklemek. Hay\u0131r ben planl\u0131 programl\u0131 bir insan\u0131m diyorsan\u0131z ba\u015fka se\u00e7enekler de var elbet. \u015eeriat\u0131n bir cilvesi olarak, hostel k\u00fclt\u00fcr\u00fc yok maalesef. Sadece oteller var. Fakat odan\u0131z\u0131 internetteki otel rezervasyonu sitelerinden ay\u0131rma \u015fans\u0131n\u0131z yok. Yani otel rezervasyonu i\u00e7in ya o otelin sitesini bulup bir \u015fekilde ileti\u015fime ge\u00e7eceksiniz ya da otelin kap\u0131s\u0131na kadar gideceksiniz. Otel d\u0131\u015f\u0131nda, e\u011fer bir \u00e7ad\u0131r\u0131n\u0131z varsa muhakkak \u0130ran&#8217;a gelirken getirin. \u0130ran kamp i\u00e7in de gayet uygun ve g\u00fcvenli.<\/p>\n<p>Madem uygun bir u\u00e7ak biletiyle buralara dek geldiniz, gelmi\u015fken Kashan&#8217;a, Yezd&#8217;e ve elbette ki <a href=\"https:\/\/www.turna.com\/ucak-bileti\/shiraz\">\u015eiraz<\/a>&#8216;a u\u011framay\u0131 ihmal etmeyin. Cihan\u0131n yar\u0131s\u0131 Isfahan&#8217;sa \u00f6b\u00fcr yar\u0131s\u0131 da bu \u00fc\u00e7\u00fcd\u00fcr belki, gidip g\u00f6rmeden bilemezsiniz.<\/p>\n\n    <div class=\"xs_social_share_widget xs_share_url after_content \t\tmain_content  wslu-style-1 wslu-share-box-shaped wslu-fill-colored wslu-none wslu-share-horizontal wslu-theme-font-no wslu-main_content\">\n\n\t\t\n        <ul>\n\t\t\t        <\/ul>\n    <\/div> \n","protected":false},"excerpt":{"rendered":"<p>Baz\u0131 kentler, baz\u0131 yerlerin kalbidir. Kimi \u015fehirler kimi \u00fclkelerin g\u00f6z bebe\u011fidir. Baz\u0131 beldeler baz\u0131 b\u00f6lgelerin incisidir&#8230; Bu da b\u00f6yle uzay\u0131p giden benzetmeler silsilesidir. Isfahan ise bunlardan hi\u00e7biri. Ama \u00e7ok daha fazlas\u0131. Hatta i\u00e7inde Isfahan ge\u00e7en bir gezi yaz\u0131s\u0131nda s\u00f6ylemek adettendir illaki; Isfahan cihan\u0131n yar\u0131s\u0131 eder. Biz de\u011fil \u015fair s\u00f6ylemi\u015f bunu. \u015eairler, hayalperesttirler evet, ama yalan [&hellip;]<\/p>\n","protected":false},"author":20,"featured_media":9798,"comment_status":"open","ping_status":"open","sticky":false,"template":"","format":"standard","meta":{"rop_custom_images_group":[],"rop_custom_messages_group":[],"rop_publish_now":"initial","rop_publish_now_accounts":[],"rop_publish_now_history":[],"rop_publish_now_status":"pending","_cloudinary_featured_overwrite":false,"footnotes":""},"categories":[320],"tags":[322,1000,2566],"class_list":["post-9718","post","type-post","status-publish","format-standard","has-post-thumbnail","hentry","category-iran","tag-iran","tag-esfahan","tag-mashhad"],"_links":{"self":[{"href":"https:\/\/www.turna.com\/blog\/wp-json\/wp\/v2\/posts\/9718","targetHints":{"allow":["GET"]}}],"collection":[{"href":"https:\/\/www.turna.com\/blog\/wp-json\/wp\/v2\/posts"}],"about":[{"href":"https:\/\/www.turna.com\/blog\/wp-json\/wp\/v2\/types\/post"}],"author":[{"embeddable":true,"href":"https:\/\/www.turna.com\/blog\/wp-json\/wp\/v2\/users\/20"}],"replies":[{"embeddable":true,"href":"https:\/\/www.turna.com\/blog\/wp-json\/wp\/v2\/comments?post=9718"}],"version-history":[{"count":0,"href":"https:\/\/www.turna.com\/blog\/wp-json\/wp\/v2\/posts\/9718\/revisions"}],"wp:featuredmedia":[{"embeddable":true,"href":"https:\/\/www.turna.com\/blog\/wp-json\/wp\/v2\/media\/9798"}],"wp:attachment":[{"href":"https:\/\/www.turna.com\/blog\/wp-json\/wp\/v2\/media?parent=9718"}],"wp:term":[{"taxonomy":"category","embeddable":true,"href":"https:\/\/www.turna.com\/blog\/wp-json\/wp\/v2\/categories?post=9718"},{"taxonomy":"post_tag","embeddable":true,"href":"https:\/\/www.turna.com\/blog\/wp-json\/wp\/v2\/tags?post=9718"}],"curies":[{"name":"wp","href":"https:\/\/api.w.org\/{rel}","templated":true}]}}