{"id":9627,"date":"2021-04-16T09:11:00","date_gmt":"2021-04-16T06:11:00","guid":{"rendered":"https:\/\/www.turna.com\/blog\/?p=9627"},"modified":"2025-12-11T09:45:49","modified_gmt":"2025-12-11T06:45:49","slug":"trilye-gezilecek-yerler","status":"publish","type":"post","link":"https:\/\/www.turna.com\/blog\/trilye-gezilecek-yerler","title":{"rendered":"Trilye Gezilecek Yerler"},"content":{"rendered":"<div id=\"ez-toc-container\" class=\"ez-toc-v2_0_82_2 counter-hierarchy ez-toc-counter ez-toc-black ez-toc-container-direction\">\n<div class=\"ez-toc-title-container\">\n<p class=\"ez-toc-title\" style=\"cursor:inherit\">\u0130\u00e7indekiler<\/p>\n<span class=\"ez-toc-title-toggle\"><a href=\"#\" class=\"ez-toc-pull-right ez-toc-btn ez-toc-btn-xs ez-toc-btn-default ez-toc-toggle\" aria-label=\"\u0130\u00e7indekiler Tablosunu A\u00e7\/Kapat\"><span class=\"ez-toc-js-icon-con\"><span class=\"\"><span class=\"eztoc-hide\" style=\"display:none;\">Toggle<\/span><span class=\"ez-toc-icon-toggle-span\"><svg style=\"fill: #ffffff;color:#ffffff\" xmlns=\"http:\/\/www.w3.org\/2000\/svg\" class=\"list-377408\" width=\"20px\" height=\"20px\" viewBox=\"0 0 24 24\" fill=\"none\"><path d=\"M6 6H4v2h2V6zm14 0H8v2h12V6zM4 11h2v2H4v-2zm16 0H8v2h12v-2zM4 16h2v2H4v-2zm16 0H8v2h12v-2z\" fill=\"currentColor\"><\/path><\/svg><svg style=\"fill: #ffffff;color:#ffffff\" class=\"arrow-unsorted-368013\" xmlns=\"http:\/\/www.w3.org\/2000\/svg\" width=\"10px\" height=\"10px\" viewBox=\"0 0 24 24\" version=\"1.2\" baseProfile=\"tiny\"><path d=\"M18.2 9.3l-6.2-6.3-6.2 6.3c-.2.2-.3.4-.3.7s.1.5.3.7c.2.2.4.3.7.3h11c.3 0 .5-.1.7-.3.2-.2.3-.5.3-.7s-.1-.5-.3-.7zM5.8 14.7l6.2 6.3 6.2-6.3c.2-.2.3-.5.3-.7s-.1-.5-.3-.7c-.2-.2-.4-.3-.7-.3h-11c-.3 0-.5.1-.7.3-.2.2-.3.5-.3.7s.1.5.3.7z\"\/><\/svg><\/span><\/span><\/span><\/a><\/span><\/div>\n<nav><ul class='ez-toc-list ez-toc-list-level-1 eztoc-toggle-hide-by-default' ><li class='ez-toc-page-1 ez-toc-heading-level-2'><a class=\"ez-toc-link ez-toc-heading-1\" href=\"https:\/\/www.turna.com\/blog\/trilye-gezilecek-yerler\/#tirilye_gezilecek_yerler\" >Tirilye Gezilecek Yerler<\/a><ul class='ez-toc-list-level-3' ><li class='ez-toc-heading-level-3'><a class=\"ez-toc-link ez-toc-heading-2\" href=\"https:\/\/www.turna.com\/blog\/trilye-gezilecek-yerler\/#trilyede_ne_yenir\" >Trilye\u2019de ne yenir<\/a><\/li><li class='ez-toc-page-1 ez-toc-heading-level-3'><a class=\"ez-toc-link ez-toc-heading-3\" href=\"https:\/\/www.turna.com\/blog\/trilye-gezilecek-yerler\/#trilyeye_nasil_gidilir\" >Trilye&#8217;ye nas\u0131l gidilir<\/a><\/li><\/ul><\/li><\/ul><\/nav><\/div>\n\n<p><strong>Bursa<\/strong>\u2019n\u0131n zeytine ad\u0131n\u0131 veren \u015firin il\u00e7esi <strong>Trilye<\/strong>, <strong>Mudanya<\/strong>\u2019ya 20 dakika mesafedeki sahil \u015feridinde yer alan eski bir Rum kasabas\u0131. Tam manas\u0131yla de\u011fil ama yine de tarihi dokusunu g\u00fcn\u00fcm\u00fcze kadar korunmay\u0131 ba\u015farm\u0131\u015f. Trilye ve \u00e7evresi antik \u00e7a\u011flardan beri yerle\u015fime a\u00e7\u0131k olmu\u015f. Tam da bu nedenle sokaklar\u0131nda dola\u015f\u0131rken farkl\u0131 medeniyetlerin dokusunu g\u00f6rebiliyorsunuz.<\/p>\n\n\n\n<p>Tarihi dokusunu g\u00fcn\u00fcm\u00fcze kadar koruyan Tirilye, deniz k\u0131y\u0131s\u0131nda tepelere dek uzanan zeytinliklerin eteklerindeki vadi i\u00e7inde, e\u015fsiz bir atmosfere sahip. Misya,&nbsp;Trak,&nbsp;Antik Roma, Bizans ve Osmanl\u0131 hakimiyetlerini ya\u015fayan il\u00e7enin, dar sokaklar\u0131ndaki iki-\u00fc\u00e7 katl\u0131 ah\u015fap ve ta\u015f evler, adeta \u015firinlik abideleri.<\/p>\n\n\n\n<p><img width=\"800\" height=\"500\" data-public-id=\"Trilye-Gezi_oynsfn\/Trilye-Gezi_oynsfn.jpg\" fetchpriority=\"high\" decoding=\"async\" src=\"https:\/\/res.cloudinary.com\/turna\/images\/w_800,h_500,c_scale\/f_auto,q_auto\/f_auto,q_auto:low\/v1511211014\/Trilye-Gezi_oynsfn\/Trilye-Gezi_oynsfn.jpg?_i=AA\" class=\"wp-post-0 wp-image-10344\" data-format=\"jpg\" data-transformations=\"f_auto,q_auto\/f_auto,q_auto:low\" data-version=\"1511211014\" data-seo=\"1\" srcset=\"https:\/\/res.cloudinary.com\/turna\/images\/f_auto,q_auto\/f_auto,q_auto\/f_auto,q_auto:low\/v1511211014\/Trilye-Gezi_oynsfn\/Trilye-Gezi_oynsfn.jpg?_i=AA 800w, https:\/\/res.cloudinary.com\/turna\/images\/w_300,h_188,c_scale\/f_auto,q_auto\/f_auto,q_auto\/f_auto,q_auto:low\/v1511211014\/Trilye-Gezi_oynsfn\/Trilye-Gezi_oynsfn.jpg?_i=AA 300w, https:\/\/res.cloudinary.com\/turna\/images\/w_672,h_420,c_scale\/f_auto,q_auto\/f_auto,q_auto\/f_auto,q_auto:low\/v1511211014\/Trilye-Gezi_oynsfn\/Trilye-Gezi_oynsfn.jpg?_i=AA 672w, https:\/\/res.cloudinary.com\/turna\/images\/w_640,h_400,c_scale\/f_auto,q_auto\/f_auto,q_auto\/f_auto,q_auto:low\/v1511211014\/Trilye-Gezi_oynsfn\/Trilye-Gezi_oynsfn.jpg?_i=AA 640w, https:\/\/res.cloudinary.com\/turna\/images\/w_681,h_426,c_scale\/f_auto,q_auto\/f_auto,q_auto\/f_auto,q_auto:low\/v1511211014\/Trilye-Gezi_oynsfn\/Trilye-Gezi_oynsfn.jpg?_i=AA 681w\" sizes=\"(max-width: 800px) 100vw, 800px\" \/><\/p>\n\n\n\n<p><strong>Tirilye<\/strong>, G\u00fcney Marmara&#8217;n\u0131n en \u00e7ok ziyaret edilen hafta sonu rotalar\u0131 aras\u0131nda. Marmara\u2019ya k\u0131y\u0131s\u0131 olan \u015firin bir belde, Bursa&#8217;n\u0131n <strong>Mudanya<\/strong> il\u00e7esinin sadece 11 km uza\u011f\u0131nda. Mudanya\u2019dan arabayla 10 dakikada Trilye&#8217;ye gidiliyor.<\/p>\n\n\n\n<p>\u0130smini barbunya bal\u0131\u011f\u0131 demek olan &#8216;trigliya&#8217; kelimesinden ald\u0131\u011f\u0131 ve Rumca 3 aziz anlam\u0131na geldi\u011fi de s\u00f6yleniyor. Tarihi Misyal\u0131lar, Traklar, Antik Romal\u0131lar ve Bizansl\u0131lara uzanan Trilye\u2019de eski yap\u0131lar\u0131n bir k\u0131sm\u0131 halen ayakta. 1330\u2019dan itibaren Osmanl\u0131 hakimiyetine giren beldenin<\/p>\n\n\n\n<p>Kay\u0131tlara g\u00f6re, Trilye&#8217;de 1908 y\u0131l\u0131nda 820 hane bulunuyordu. 19. y\u00fczy\u0131l sonlar\u0131na do\u011fru ise Tirilye&#8217;de 109 T\u00fcrk ve 3 bin 657 Rum vatanda\u015f\u0131n\u0131n ya\u015fad\u0131\u011f\u0131 biliniyor. Rumlar b\u00f6lgede art\u0131k yoklar. Ayn\u0131 isimli Yunanistan&#8217;da kurulmu\u015f karde\u015f kasaba Trilye&#8217;de ya\u015fayanlar eski g\u00fcnleri yad etmek i\u00e7in T\u00fcrkiye&#8217;ye, bu sevimli beldeye geliyor.<\/p>\n\n\n\n<p>Kasaban\u0131n ad\u0131 1963\u2019de Zeytinba\u011f\u0131 olarak de\u011fi\u015ftirilse de 2011\u2019de tekrar Trilye ad\u0131n\u0131 alm\u0131\u015f. Tirilye sakinleri, \u00e7ok eski zamanlardan beri zeytincilikle u\u011fra\u015f\u0131yor. Rumlar d\u00f6nemindeki 50 kadar ya\u011fhaneden g\u00fcn\u00fcm\u00fczde halen \u00e7al\u0131\u015f\u0131r durumda olanlar bulunuyor.<\/p>\n\n\n\n<h2 class=\"wp-block-heading has-text-align-center\"><span class=\"ez-toc-section\" id=\"tirilye_gezilecek_yerler\"><\/span><strong>Tirilye Gezilecek Yerler<\/strong><span class=\"ez-toc-section-end\"><\/span><\/h2>\n\n\n\n<p><strong>Trilye<\/strong>, k\u0131rm\u0131z\u0131 kiremitli tarihi evleri, dar sokaklar\u0131, tarih dolu mekanlar\u0131 ile ilk bak\u0131\u015fta kendini sevdiriyor. Son y\u0131llarda ilgi g\u00f6rmeye ba\u015flayan belde, sit alan\u0131 oldu\u011fundan \u00f6zg\u00fcn yap\u0131s\u0131n\u0131 bozulmam\u0131\u015f. K\u00f6y\u00fc y\u00fcr\u00fcyerek bir saatte gezilebilir. G\u00f6r\u00fclmesi gereken yerler birka\u00e7 y\u0131k\u0131k tarihi bina ve foto\u011frafl\u0131k sokaklardan ibaret.<\/p>\n\n\n\n<p>Osmanl\u0131larca camiye d\u00f6n\u00fc\u015ft\u00fcrd\u00fc\u011f\u00fc ve Fatih Camii ad\u0131n\u0131 alan B\u00fcy\u00fck Kilise; duvarlar\u0131na tarihte ilk kez resim yap\u0131lan Kemerli Kilise ve ev olarak kullan\u0131lan D\u00fcndar Evi (Yuannes Kilisesi) ayakta kalmay\u0131 ba\u015farm\u0131\u015f.<\/p>\n\n\n\n<figure class=\"wp-block-image\"><img width=\"800\" height=\"500\" data-public-id=\"Trilye_cqyqhg\/Trilye_cqyqhg.jpg\" decoding=\"async\" src=\"https:\/\/res.cloudinary.com\/turna\/images\/w_800,h_500,c_scale\/f_auto,q_auto:low\/v1511211028\/Trilye_cqyqhg\/Trilye_cqyqhg.jpg?_i=AA\" alt=\"\" class=\"wp-post-9627 wp-image-10345\" data-format=\"jpg\" data-transformations=\"f_auto,q_auto:low\" data-version=\"1511211028\" data-seo=\"1\" srcset=\"https:\/\/res.cloudinary.com\/turna\/images\/f_auto,q_auto:low\/v1511211028\/Trilye_cqyqhg\/Trilye_cqyqhg.jpg?_i=AA 800w, https:\/\/res.cloudinary.com\/turna\/images\/w_300,h_188,c_scale\/f_auto,q_auto:low\/v1511211028\/Trilye_cqyqhg\/Trilye_cqyqhg.jpg?_i=AA 300w, https:\/\/res.cloudinary.com\/turna\/images\/w_672,h_420,c_scale\/f_auto,q_auto:low\/v1511211028\/Trilye_cqyqhg\/Trilye_cqyqhg.jpg?_i=AA 672w, https:\/\/res.cloudinary.com\/turna\/images\/w_640,h_400,c_scale\/f_auto,q_auto:low\/v1511211028\/Trilye_cqyqhg\/Trilye_cqyqhg.jpg?_i=AA 640w, https:\/\/res.cloudinary.com\/turna\/images\/w_681,h_426,c_scale\/f_auto,q_auto:low\/v1511211028\/Trilye_cqyqhg\/Trilye_cqyqhg.jpg?_i=AA 681w\" sizes=\"(max-width: 800px) 100vw, 800px\" \/><\/figure>\n\n\n\n<p><strong>Kemerli Kilise:<\/strong> Panagia Pontobasilissa ya da Trilye&#8217;deki ad\u0131yla Kemerli Kilise&#8217;nin, duvarlar\u0131na resim yap\u0131lan ilk kilise oldu\u011fu s\u00f6yleniyor. Trilye hristiyanl\u0131\u011f\u0131n eski d\u00f6nemlerinde ilgi g\u00f6rm\u00fc\u015f ve \u00e7evresinde \u00e7ok say\u0131da kilise, manast\u0131r in\u015fa edilmi\u015f. Maalesef g\u00fcn\u00fcm\u00fcze kadar sadece 3 kilise ve 1 manast\u0131r ula\u015fabilmi\u015f. \u0130\u015fte 13. y\u00fczy\u0131l sonlar\u0131nda yap\u0131ld\u0131\u011f\u0131 kabul edilen Kemerli Kilise de bunlardan birisi.<\/p>\n\n\n\n<p>Baz\u0131 el yazmas\u0131 eserlerde, kilisenin Panagia Pantobasillissa\u2019ya (Hz.Meryem&#8217;e) adand\u0131\u011f\u0131 ge\u00e7iyor. Kilise, do\u011fu-bat\u0131 do\u011frultusunda uzanan Yunan ha\u00e7\u0131 \u015femas\u0131 \u015feklinde tasarlanm\u0131\u015f. \u0130lk yap\u0131n\u0131n duvar tekni\u011fi g\u00f6z \u00f6n\u00fcnde bulundurularak, 13\u2019nc\u00fc y\u00fczy\u0131l sonlar\u0131nda tekrar yap\u0131ld\u0131\u011f\u0131 d\u00fc\u015f\u00fcn\u00fclen kilisenin H\u0131ristiyan d\u00fcnyas\u0131 i\u00e7in \u00f6nemi b\u00fcy\u00fck.<\/p>\n\n\n\n<p><strong>Ta\u015f Mektep:<\/strong> Papaz Okulu 1909\u2019da neo-klasik tarzda yap\u0131lm\u0131\u015f. K\u0131br\u0131s Eski Cumhurba\u015fkan\u0131 Ba\u015fpiskopos Makarios\u2019un e\u011fitim ald\u0131\u011f\u0131 okul 1924\u2019lerde \u015fehit \u00e7ocuklar\u0131, \u00f6ks\u00fcz, yetimler i\u00e7in Dar-\u00fcl eytam (\u00d6ks\u00fcz Yurdu) olarak kullan\u0131lm\u0131\u015f. 1980&#8217;li y\u0131llara kadar okul olarak hizmet veren Ta\u015f Mektep bug\u00fcn maalesef \u00e7ok bak\u0131ms\u0131z durumda.<\/p>\n\n\n\n<figure class=\"wp-block-image size-large\"><img width=\"800\" height=\"500\" data-public-id=\"tas-mektep-trilye\/tas-mektep-trilye.jpg\" decoding=\"async\" src=\"https:\/\/res.cloudinary.com\/turna\/images\/w_800,h_500,c_scale\/f_auto,q_auto:low\/v1618510839\/tas-mektep-trilye\/tas-mektep-trilye.jpg?_i=AA\" alt=\"tas mektep trilye\" class=\"wp-post-9627 wp-image-18899\" data-format=\"jpg\" data-transformations=\"f_auto,q_auto:low\" data-version=\"1618510839\" data-seo=\"1\" srcset=\"https:\/\/res.cloudinary.com\/turna\/images\/f_auto,q_auto:low\/v1618510839\/tas-mektep-trilye\/tas-mektep-trilye.jpg?_i=AA 800w, https:\/\/res.cloudinary.com\/turna\/images\/w_300,h_188,c_scale\/f_auto,q_auto:low\/v1618510839\/tas-mektep-trilye\/tas-mektep-trilye.jpg?_i=AA 300w, https:\/\/res.cloudinary.com\/turna\/images\/w_672,h_420,c_scale\/f_auto,q_auto:low\/v1618510839\/tas-mektep-trilye\/tas-mektep-trilye.jpg?_i=AA 672w, https:\/\/res.cloudinary.com\/turna\/images\/w_640,h_400,c_scale\/f_auto,q_auto:low\/v1618510839\/tas-mektep-trilye\/tas-mektep-trilye.jpg?_i=AA 640w, https:\/\/res.cloudinary.com\/turna\/images\/w_681,h_426,c_scale\/f_auto,q_auto:low\/v1618510839\/tas-mektep-trilye\/tas-mektep-trilye.jpg?_i=AA 681w\" sizes=\"(max-width: 800px) 100vw, 800px\" \/><\/figure>\n\n\n\n<p><strong>Fatih Camii<\/strong>: 1560\u2019ta yap\u0131lan Aya Todori Kilisesi g\u00fcn\u00fcm\u00fczde F\u00e2tih C\u00e2mii olarak ibadete a\u00e7\u0131k. Giri\u015finde Bizans s\u00fctun ba\u015fl\u0131klar\u0131na sahip caminin 19 m y\u00fcksekli\u011findeki kubbesi etkileyici.&nbsp;Hemen yan\u0131nda yer alan Osmanl\u0131 Hamam\u0131n\u0131 da g\u00f6r\u00fcn.<\/p>\n\n\n\n<p><strong>Osmanl\u0131 Hamam (Avlulu Hamam):<\/strong> Fatih Cami hemen yan\u0131nda yer alan hamam Yavuz Sultan Selim taraf\u0131ndan yapt\u0131r\u0131lm\u0131\u015f. Bug\u00fcn k\u00fclt\u00fcr merkezi olarak kullan\u0131lmak \u00fczere restorasyon \u00e7al\u0131\u015fmalar\u0131na devam ediyor.<\/p>\n\n\n\n<p><strong>Medikion Manast\u0131r\u0131:<\/strong> Tirilye&#8217;den E\u015fkel Liman\u0131&#8217;na giden karayolu \u00fczerinde yer al\u0131yor. Hemen yak\u0131n\u0131nda Rum Mezarl\u0131\u011f\u0131 var. 8. y\u00fczy\u0131lda kuruldu\u011fu bilinen ve \u00e7iftlik olarak kullan\u0131lan manast\u0131r\u0131n sadece duvarlar\u0131, a\u011f\u0131rl\u0131\u011f\u0131 200 kilo gelen g\u00f6rkemli giri\u015f kap\u0131lar\u0131 g\u00fcn\u00fcm\u00fcze ula\u015fabilmi\u015f.<\/p>\n\n\n\n<p><strong>D\u00fcndar Evi:<\/strong> D\u00fcndar Evi olarak kullan\u0131lan yap\u0131 Rumlardan kalan Yuannes Kilisesi asl\u0131nda. 3 katl\u0131 yap\u0131ya kemerli ta\u015f bir kap\u0131dan giriliyor. 3. yy\u2019dan kalma oldu\u011fu s\u00f6ylenen kilisenin duvarlar\u0131na kaz\u0131nm\u0131\u015f isimler insan\u0131n i\u00e7ini ac\u0131t\u0131yor.<\/p>\n\n\n\n<p>Tirilye\u2019de ayr\u0131ca g\u00fcn\u00fcm\u00fcze dek sa\u011flam kalan pek \u00e7ok \u00e7e\u015fme de bulunuyor. Bizans d\u00f6nemine ait <strong>Sofal\u0131 \u00c7e\u015fme<\/strong>, 70 tonluk sarn\u0131c\u0131 ve ilgi \u00e7ekici mermer kabartmalar\u0131yla, Eskipazar Caddesi \u00fczerinde bulunuyor.<\/p>\n\n\n\n<p>Tirilye\u2019de Roma d\u00f6neminden kalan Kapanca b\u00f6lgesindeki antik liman her tarih d\u00f6neminde en \u00f6nemli k\u0131y\u0131 ula\u015f\u0131m\u0131n\u0131n stratejik odak noktas\u0131 olmu\u015f. Buras\u0131 ayr\u0131ca, bereketli topraklar\u0131ndan elde edilen \u00fcr\u00fcnleri \u0130stanbul\u2019a, Bizans \u0130mparatorlu\u011fu\u2019nun merkezine aktaran, kendi ticareti a\u00e7\u0131s\u0131ndan da i\u015flevsel \u00f6nemi b\u00fcy\u00fck olan bir liman kenti g\u00f6revi g\u00f6rm\u00fc\u015f.<\/p>\n\n\n\n<p>709\u2019da kurulan Hagios Ioannes Theologos (Pelekete) <strong>Aya Yani Manast\u0131r\u0131<\/strong> ise g\u00fcn\u00fcm\u00fcze y\u0131k\u0131k kilisesi ve duvar kal\u0131nt\u0131lar\u0131 ula\u015fan tarihi Tirilye dokular\u0131ndan. Tirilye&#8217;den E\u015fkel Liman\u0131&#8217;na giden karayolunun \u00fczerindeki <strong>Medikion Manast\u0131r\u0131<\/strong>, 8. y\u00fczy\u0131la ait.<\/p>\n\n\n\n<h3 class=\"wp-block-heading has-text-align-center\"><span class=\"ez-toc-section\" id=\"trilyede_ne_yenir\"><\/span><strong>Trilye\u2019de ne yenir<\/strong><span class=\"ez-toc-section-end\"><\/span><\/h3>\n\n\n\n<figure class=\"wp-block-image\"><img width=\"800\" height=\"500\" loading=\"lazy\" decoding=\"async\" src=\"data:image\/svg+xml;base64,PHN2ZyB4bWxucz0iaHR0cDovL3d3dy53My5vcmcvMjAwMC9zdmciIHdpZHRoPSI4MDAiIGhlaWdodD0iNTAwIj48cmVjdCB3aWR0aD0iMTAwJSIgaGVpZ2h0PSIxMDAlIj48YW5pbWF0ZSBhdHRyaWJ1dGVOYW1lPSJmaWxsIiB2YWx1ZXM9InJnYmEoMTUzLDE1MywxNTMsMC41KTtyZ2JhKDE1MywxNTMsMTUzLDAuMSk7cmdiYSgxNTMsMTUzLDE1MywwLjUpIiBkdXI9IjJzIiByZXBlYXRDb3VudD0iaW5kZWZpbml0ZSIgLz48L3JlY3Q+PC9zdmc+\" alt=\"\" class=\"wp-post-9627 wp-image-10346\" data-public-id=\"Trilye-Gezisi_mu4uyp\/Trilye-Gezisi_mu4uyp.jpg\" data-format=\"jpg\" data-transformations=\"f_auto,q_auto:low\" data-version=\"1511211042\" data-seo=\"1\" data-size=\"800 500\" data-srcset=\"https:\/\/res.cloudinary.com\/turna\/images\/f_auto,q_auto:low\/v1511211042\/Trilye-Gezisi_mu4uyp\/Trilye-Gezisi_mu4uyp.jpg?_i=AA 800w, https:\/\/res.cloudinary.com\/turna\/images\/w_300,h_188,c_scale\/f_auto,q_auto:low\/v1511211042\/Trilye-Gezisi_mu4uyp\/Trilye-Gezisi_mu4uyp.jpg?_i=AA 300w, https:\/\/res.cloudinary.com\/turna\/images\/w_672,h_420,c_scale\/f_auto,q_auto:low\/v1511211042\/Trilye-Gezisi_mu4uyp\/Trilye-Gezisi_mu4uyp.jpg?_i=AA 672w, https:\/\/res.cloudinary.com\/turna\/images\/w_640,h_400,c_scale\/f_auto,q_auto:low\/v1511211042\/Trilye-Gezisi_mu4uyp\/Trilye-Gezisi_mu4uyp.jpg?_i=AA 640w, https:\/\/res.cloudinary.com\/turna\/images\/w_681,h_426,c_scale\/f_auto,q_auto:low\/v1511211042\/Trilye-Gezisi_mu4uyp\/Trilye-Gezisi_mu4uyp.jpg?_i=AA 681w\" data-sizes=\"(max-width: 800px) 100vw, 800px\" data-delivery=\"upload\" onload=\";window.CLDBind?CLDBind(this):null;\" data-cloudinary=\"lazy\" \/><\/figure>\n\n\n\n<p>Ailelerin i\u015fletti\u011fi tahta masal, rengarenk \u00f6rt\u00fcl\u00fc bal\u0131k lokantalar\u0131 ile \u00e7ay bah\u00e7eleri, Trilye sahilinde s\u0131ralan\u0131yor. Eski radyosundan \u015fark\u0131lar y\u00fckselen, \u00f6zel ambalaj\u0131nda zeytinya\u011f\u0131 ve hediyelik e\u015fyalar bulabilece\u011finiz Savarona Restoran&#8217;a u\u011fray\u0131n. Liman Restoran, \u015eekerev, Mahur ve T\u00fcrk yemekleriyle \u00fcnl\u00fc Mehmet Ali Restoran da ra\u011fbet g\u00f6ren lezzet duraklar\u0131ndan.<\/p>\n\n\n\n<p>Burada zeytin, zeytinya\u011f\u0131 ve bal\u0131k \u00fc\u00e7l\u00fcs\u00fc sofralar\u0131n ba\u015f tac\u0131. Mevsimine g\u00f6re bal\u0131k yemek en iyisi tercih. Trilye barbunya bal\u0131\u011f\u0131n\u0131n ana vatan\u0131 desek hi\u00e7 abart\u0131l\u0131 olmaz. Yemeklere esas lezzeti verense Trilye zeytinya\u011f\u0131. Zeytinya\u011f\u0131n\u0131n tad\u0131n\u0131 daha da iyi almak i\u00e7in \u00fcst\u00fcne kekik ve pul biber d\u00f6k\u00fcp odun ekme\u011fine bat\u0131r\u0131n.<\/p>\n\n\n\n<p>Tarihi \u00c7aml\u0131 Kahve, as\u0131rl\u0131k \u00e7\u0131narlar\u0131n alt\u0131nda, Trilye&#8217;nin balkonu olarak biliniyor. Fatih Camii yak\u0131n\u0131ndaki tepedeki yer alan kahvede denize ve zeytin bah\u00e7elerine bakarak \u00e7ay i\u00e7ebilirsiniz. Tam bir tepe oldu\u011fu i\u00e7in, her yer ayaklar\u0131n\u0131z\u0131n alt\u0131nda kal\u0131yor.<\/p>\n\n\n\n<p>Trilye&#8217;nin zeytini d\u00fcnyaca \u00fcnl\u00fc. Tirilye\u2019nin zeytini d\u00fcnya literat\u00fcr\u00fcne&nbsp;bile ge\u00e7en bir \u00fcr\u00fcn. Halk\u0131n da ba\u015fl\u0131ca ge\u00e7im kayna\u011f\u0131. Trilye zeytini ger\u00e7ekten ba\u015fka zeytinlere benzemiyor. &#8216;Tirilye&#8217; ismindeki bu zeytin t\u00fcr\u00fc, ufak \u00e7ekirdekli, orta ye\u015fil renkte, ince kabuklu ve \u00e7ok lezzetli.<\/p>\n\n\n\n<p>Ba\u015fka bir yerde bulmas\u0131 zor. \u0130sterseniz k\u00f6yl\u00fcler zeytinleri kargo ile g\u00f6nderiyorlar. Zeytin ve zeytin \u00fcr\u00fcnlerini Trilye&#8217;nin her k\u00f6\u015fesinde bulabilirsiniz. Gitmi\u015fken zeytin yemeden ve zeytinya\u011f\u0131 almadan Tirilye\u2019den ayr\u0131lmay\u0131n!<\/p>\n\n\n\n<figure class=\"wp-block-image size-large\"><img width=\"800\" height=\"500\" loading=\"lazy\" decoding=\"async\" src=\"data:image\/svg+xml;base64,PHN2ZyB4bWxucz0iaHR0cDovL3d3dy53My5vcmcvMjAwMC9zdmciIHdpZHRoPSI4MDAiIGhlaWdodD0iNTAwIj48cmVjdCB3aWR0aD0iMTAwJSIgaGVpZ2h0PSIxMDAlIj48YW5pbWF0ZSBhdHRyaWJ1dGVOYW1lPSJmaWxsIiB2YWx1ZXM9InJnYmEoMTUzLDE1MywxNTMsMC41KTtyZ2JhKDE1MywxNTMsMTUzLDAuMSk7cmdiYSgxNTMsMTUzLDE1MywwLjUpIiBkdXI9IjJzIiByZXBlYXRDb3VudD0iaW5kZWZpbml0ZSIgLz48L3JlY3Q+PC9zdmc+\" alt=\"Kemerli Kilise\" class=\"wp-post-9627 wp-image-18900\" data-public-id=\"kemerli-kilise\/kemerli-kilise.jpg\" data-format=\"jpg\" data-transformations=\"f_auto,q_auto:low\" data-version=\"1618510954\" data-seo=\"1\" data-size=\"800 500\" data-srcset=\"https:\/\/res.cloudinary.com\/turna\/images\/f_auto,q_auto:low\/v1618510954\/kemerli-kilise\/kemerli-kilise.jpg?_i=AA 800w, https:\/\/res.cloudinary.com\/turna\/images\/w_300,h_188,c_scale\/f_auto,q_auto:low\/v1618510954\/kemerli-kilise\/kemerli-kilise.jpg?_i=AA 300w, https:\/\/res.cloudinary.com\/turna\/images\/w_672,h_420,c_scale\/f_auto,q_auto:low\/v1618510954\/kemerli-kilise\/kemerli-kilise.jpg?_i=AA 672w, https:\/\/res.cloudinary.com\/turna\/images\/w_640,h_400,c_scale\/f_auto,q_auto:low\/v1618510954\/kemerli-kilise\/kemerli-kilise.jpg?_i=AA 640w, https:\/\/res.cloudinary.com\/turna\/images\/w_681,h_426,c_scale\/f_auto,q_auto:low\/v1618510954\/kemerli-kilise\/kemerli-kilise.jpg?_i=AA 681w\" data-sizes=\"(max-width: 800px) 100vw, 800px\" data-delivery=\"upload\" onload=\";window.CLDBind?CLDBind(this):null;\" data-cloudinary=\"lazy\" \/><\/figure>\n\n\n\n<p>Orta boyda, k\u00fc\u00e7\u00fck \u00e7ekirdekli ve \u00e7ekirde\u011fi meyvesine yap\u0131\u015fmayan Trilye zeytini salamura y\u00f6ntemiyle 3-4 y\u0131l saklanabiliyor. Olgunla\u015fm\u0131\u015f ye\u015fil zeytinlerden k\u0131rma, \u00e7izme ve az tuzlu konserve zeytin \u00fcretiliyor. Y\u00f6renin zeytini ya\u011f yap\u0131m\u0131 i\u00e7in de ideal.<\/p>\n\n\n\n<p>Trilye halk\u0131n\u0131n %90&#8217;\u0131 ge\u00e7imini zeytincilikle sa\u011fl\u0131yor. Bal\u0131k\u00e7\u0131l\u0131k eskiden oldu\u011fu gibi bug\u00fcn de \u00f6nemli bir ge\u00e7im kayna\u011f\u0131. Trilye&#8217;de ba\u011fc\u0131l\u0131k, \u015farap\u00e7\u0131l\u0131k, ipek\u00e7ilik de ge\u00e7mi\u015fte kalan u\u011fra\u015flar aras\u0131nda yer al\u0131yor.<\/p>\n\n\n\n<h3 class=\"wp-block-heading has-text-align-center\"><span class=\"ez-toc-section\" id=\"trilyeye_nasil_gidilir\"><\/span><strong>Trilye&#8217;ye nas\u0131l gidilir<\/strong><span class=\"ez-toc-section-end\"><\/span><\/h3>\n\n\n\n<figure><iframe src=\"https:\/\/www.google.com\/maps\/embed?pb=!1m18!1m12!1m3!1d12155.949445717175!2d28.7825586870006!3d40.38697271989566!2m3!1f0!2f0!3f0!3m2!1i1024!2i768!4f13.1!3m3!1m2!1s0x14ca73c7371baafd%3A0xabeedc5aaaa158a!2sZeytinba%C4%9F%C4%B1%2C+Tirilye+Mahallesi%2C+16960+Mudanya%2FBursa!5e0!3m2!1str!2str!4v1538650193266\" width=\"100%\" height=\"320\" allowfullscreen=\"allowfullscreen\"><\/iframe><\/figure>\n\n\n\n<p>Trilye, G\u00fcney Marmara&#8217;da. Mudanya&#8217;ya kalkan deniz otob\u00fcs\u00fcne binmek, \u0130stanbul&#8217;dan ara\u00e7s\u0131z gelecekler i\u00e7in en kolay yol. Deniz yolunu eklersek \u0130stanbul Trilye aras\u0131 135 km. \u0130stanbul Yenikap\u0131&#8217;dan deniz otob\u00fcs\u00fc ile Mudanya&#8217;ya geldikten sonra, oradan yar\u0131m saatte bir kalkan minib\u00fcslerle Trilye&#8217;ye ula\u015fabilirsiniz. 10 km&#8217;lik Trilye-Mudanya yolu, zeytinlikler ve insan\u0131n i\u00e7ini a\u00e7an manzaralarla dolu.<\/p>\n\n\n\n<p>\u0130stanbul&#8217;dan Bursa y\u00f6n\u00fcne otomobili ile gidenlerse Gemlik&#8217;i 3 km. ge\u00e7tikten sonra Eng\u00fcr\u00fcc\u00fck sapa\u011f\u0131ndan girerek Kur\u015funlu, G\u00fczelyal\u0131, Mudanya \u00fczerinden Trilye&#8217;ye ula\u015fabilir. Ayr\u0131ca Trilye&#8217;den g\u00fcneye giden ve nefis manzaralar g\u00f6rece\u011finiz karayolu sizi \u0130zmir yoluna ba\u011fl\u0131yor.<\/p>\n\n\n\n<p>En uygun Bursa otob\u00fcs bileti fiyatlar\u0131n\u0131 yakalamak i\u00e7in en az 4 g\u00fcn \u00f6ncesinden biletini sat\u0131n alman\u0131 tavsiye ediyoruz. En uygun <strong><a href=\"https:\/\/www.turna.com\/otobus-bileti\/bursa\">Bursa otob\u00fcs bileti<\/a><\/strong> i\u00e7in turna.com otob\u00fcs bileti sayfas\u0131na bakabilirsiniz.<\/p>\n\n\n\n<p>Akl\u0131n\u0131zda olsun, karayollar\u0131 y\u00f6n levhalar\u0131nda Trilye de\u011fil <strong>Zeytinba\u011f\u0131<\/strong> yazar. Yol biraz virajl\u0131 oldu\u011fu i\u00e7in dikkat etmek gerekiyor. Yol g\u00fczergaH\u0131nda baz\u0131 izleme yerlerinde mola verip manzaran\u0131n keyfini de \u00e7\u0131kar\u0131n. Bursa-Trilye aras\u0131 ise 40 km.<\/p>\n\n\n\n<p><strong>Trilye k\u00f6y\u00fc<\/strong>, zeytinleri, tarihi yerleri ve tertemiz havas\u0131 ile \u00f6zellikle \u0130stanbul\u2019dan yap\u0131lacak g\u00fcn\u00fcbirlik geziler i\u00e7in bire bir. Bu sevimli beldeye hen\u00fcz turistik bir yer demek g\u00fc\u00e7, \u00e7\u00fcnk\u00fc h\u00e2l\u00e2 k\u00f6y atmosferine sahip. <\/p>\n\n\n\n<p>Trilye&#8217;nin Rum mimarisinin \u00f6rneklerini g\u00f6rebilece\u011finiz evleri bak\u0131ms\u0131z ve biraz h\u00fcz\u00fcnl\u00fc de olsalar da s\u0131ra s\u0131ra saks\u0131lardaki \u00e7i\u00e7ekleri, ho\u015f pencereleri, otantik kap\u0131lar\u0131 ile bir hafta sonu ka\u00e7ama\u011f\u0131n\u0131 hak ediyor.<\/p>\n\n    <div class=\"xs_social_share_widget xs_share_url after_content \t\tmain_content  wslu-style-1 wslu-share-box-shaped wslu-fill-colored wslu-none wslu-share-horizontal wslu-theme-font-no wslu-main_content\">\n\n\t\t\n        <ul>\n\t\t\t        <\/ul>\n    <\/div> \n","protected":false},"excerpt":{"rendered":"<p>Bursa\u2019n\u0131n zeytine ad\u0131n\u0131 veren \u015firin il\u00e7esi Trilye, Mudanya\u2019ya 20 dakika mesafedeki sahil \u015feridinde yer alan eski bir Rum kasabas\u0131. Tam manas\u0131yla de\u011fil ama yine de tarihi dokusunu g\u00fcn\u00fcm\u00fcze kadar korunmay\u0131 ba\u015farm\u0131\u015f. Trilye ve \u00e7evresi antik \u00e7a\u011flardan beri yerle\u015fime a\u00e7\u0131k olmu\u015f. Tam da bu nedenle sokaklar\u0131nda dola\u015f\u0131rken farkl\u0131 medeniyetlerin dokusunu g\u00f6rebiliyorsunuz. Tarihi dokusunu g\u00fcn\u00fcm\u00fcze kadar koruyan [&hellip;]<\/p>\n","protected":false},"author":29,"featured_media":10344,"comment_status":"open","ping_status":"open","sticky":false,"template":"","format":"standard","meta":{"rop_custom_images_group":[],"rop_custom_messages_group":[],"rop_publish_now":"initial","rop_publish_now_accounts":[],"rop_publish_now_history":[],"rop_publish_now_status":"pending","_cloudinary_featured_overwrite":false,"footnotes":""},"categories":[84,1820],"tags":[347,2630,497,1408],"class_list":["post-9627","post","type-post","status-publish","format-standard","has-post-thumbnail","hentry","category-turkiye","category-bursa","tag-bursa","tag-inegol","tag-mudanya","tag-trilye"],"_links":{"self":[{"href":"https:\/\/www.turna.com\/blog\/wp-json\/wp\/v2\/posts\/9627","targetHints":{"allow":["GET"]}}],"collection":[{"href":"https:\/\/www.turna.com\/blog\/wp-json\/wp\/v2\/posts"}],"about":[{"href":"https:\/\/www.turna.com\/blog\/wp-json\/wp\/v2\/types\/post"}],"author":[{"embeddable":true,"href":"https:\/\/www.turna.com\/blog\/wp-json\/wp\/v2\/users\/29"}],"replies":[{"embeddable":true,"href":"https:\/\/www.turna.com\/blog\/wp-json\/wp\/v2\/comments?post=9627"}],"version-history":[{"count":0,"href":"https:\/\/www.turna.com\/blog\/wp-json\/wp\/v2\/posts\/9627\/revisions"}],"wp:featuredmedia":[{"embeddable":true,"href":"https:\/\/www.turna.com\/blog\/wp-json\/wp\/v2\/media\/10344"}],"wp:attachment":[{"href":"https:\/\/www.turna.com\/blog\/wp-json\/wp\/v2\/media?parent=9627"}],"wp:term":[{"taxonomy":"category","embeddable":true,"href":"https:\/\/www.turna.com\/blog\/wp-json\/wp\/v2\/categories?post=9627"},{"taxonomy":"post_tag","embeddable":true,"href":"https:\/\/www.turna.com\/blog\/wp-json\/wp\/v2\/tags?post=9627"}],"curies":[{"name":"wp","href":"https:\/\/api.w.org\/{rel}","templated":true}]}}