{"id":9598,"date":"2024-12-05T12:02:24","date_gmt":"2024-12-05T09:02:24","guid":{"rendered":"https:\/\/www.turna.com\/blog\/?p=9598"},"modified":"2025-07-10T17:17:01","modified_gmt":"2025-07-10T14:17:01","slug":"assos-gezilecek-yerler","status":"publish","type":"post","link":"https:\/\/www.turna.com\/blog\/assos-gezilecek-yerler","title":{"rendered":"Assos Gezilecek Yerler: Tarih ve Do\u011fan\u0131n \u015e\u00f6leni"},"content":{"rendered":"<div id=\"ez-toc-container\" class=\"ez-toc-v2_0_82_2 counter-hierarchy ez-toc-counter ez-toc-black ez-toc-container-direction\">\n<div class=\"ez-toc-title-container\">\n<p class=\"ez-toc-title\" style=\"cursor:inherit\">\u0130\u00e7indekiler<\/p>\n<span class=\"ez-toc-title-toggle\"><a href=\"#\" class=\"ez-toc-pull-right ez-toc-btn ez-toc-btn-xs ez-toc-btn-default ez-toc-toggle\" aria-label=\"\u0130\u00e7indekiler Tablosunu A\u00e7\/Kapat\"><span class=\"ez-toc-js-icon-con\"><span class=\"\"><span class=\"eztoc-hide\" style=\"display:none;\">Toggle<\/span><span class=\"ez-toc-icon-toggle-span\"><svg style=\"fill: #ffffff;color:#ffffff\" xmlns=\"http:\/\/www.w3.org\/2000\/svg\" class=\"list-377408\" width=\"20px\" height=\"20px\" viewBox=\"0 0 24 24\" fill=\"none\"><path d=\"M6 6H4v2h2V6zm14 0H8v2h12V6zM4 11h2v2H4v-2zm16 0H8v2h12v-2zM4 16h2v2H4v-2zm16 0H8v2h12v-2z\" fill=\"currentColor\"><\/path><\/svg><svg style=\"fill: #ffffff;color:#ffffff\" class=\"arrow-unsorted-368013\" xmlns=\"http:\/\/www.w3.org\/2000\/svg\" width=\"10px\" height=\"10px\" viewBox=\"0 0 24 24\" version=\"1.2\" baseProfile=\"tiny\"><path d=\"M18.2 9.3l-6.2-6.3-6.2 6.3c-.2.2-.3.4-.3.7s.1.5.3.7c.2.2.4.3.7.3h11c.3 0 .5-.1.7-.3.2-.2.3-.5.3-.7s-.1-.5-.3-.7zM5.8 14.7l6.2 6.3 6.2-6.3c.2-.2.3-.5.3-.7s-.1-.5-.3-.7c-.2-.2-.4-.3-.7-.3h-11c-.3 0-.5.1-.7.3-.2.2-.3.5-.3.7s.1.5.3.7z\"\/><\/svg><\/span><\/span><\/span><\/a><\/span><\/div>\n<nav><ul class='ez-toc-list ez-toc-list-level-1 eztoc-toggle-hide-by-default' ><li class='ez-toc-page-1 ez-toc-heading-level-2'><a class=\"ez-toc-link ez-toc-heading-1\" href=\"https:\/\/www.turna.com\/blog\/assos-gezilecek-yerler\/#assos_gezilecek_yerler\" >Assos Gezilecek Yerler<\/a><ul class='ez-toc-list-level-3' ><li class='ez-toc-heading-level-3'><a class=\"ez-toc-link ez-toc-heading-2\" href=\"https:\/\/www.turna.com\/blog\/assos-gezilecek-yerler\/#1_assos_antik_kenti\" >1. Assos Antik Kenti<\/a><\/li><li class='ez-toc-page-1 ez-toc-heading-level-3'><a class=\"ez-toc-link ez-toc-heading-3\" href=\"https:\/\/www.turna.com\/blog\/assos-gezilecek-yerler\/#2_athena_tapinagi\" >2. Athena Tap\u0131na\u011f\u0131<\/a><\/li><li class='ez-toc-page-1 ez-toc-heading-level-3'><a class=\"ez-toc-link ez-toc-heading-4\" href=\"https:\/\/www.turna.com\/blog\/assos-gezilecek-yerler\/#3_assos_limani\" >3. Assos Liman\u0131<\/a><\/li><li class='ez-toc-page-1 ez-toc-heading-level-3'><a class=\"ez-toc-link ez-toc-heading-5\" href=\"https:\/\/www.turna.com\/blog\/assos-gezilecek-yerler\/#4_zeus_altari\" >4. Zeus Altar\u0131<\/a><\/li><li class='ez-toc-page-1 ez-toc-heading-level-3'><a class=\"ez-toc-link ez-toc-heading-6\" href=\"https:\/\/www.turna.com\/blog\/assos-gezilecek-yerler\/#5_behramkale\" >5. Behramkale<\/a><\/li><li class='ez-toc-page-1 ez-toc-heading-level-3'><a class=\"ez-toc-link ez-toc-heading-7\" href=\"https:\/\/www.turna.com\/blog\/assos-gezilecek-yerler\/#6_hudavendigar_camii_ve_koprusu\" >6. H\u00fcdavendigar Camii ve K\u00f6pr\u00fcs\u00fc<\/a><\/li><li class='ez-toc-page-1 ez-toc-heading-level-3'><a class=\"ez-toc-link ez-toc-heading-8\" href=\"https:\/\/www.turna.com\/blog\/assos-gezilecek-yerler\/#7_sivrice_plaji\" >7. Sivrice Plaj\u0131<\/a><\/li><li class='ez-toc-page-1 ez-toc-heading-level-3'><a class=\"ez-toc-link ez-toc-heading-9\" href=\"https:\/\/www.turna.com\/blog\/assos-gezilecek-yerler\/#8_kadirga_plaji\" >8. Kad\u0131rga Plaj\u0131<\/a><\/li><li class='ez-toc-page-1 ez-toc-heading-level-3'><a class=\"ez-toc-link ez-toc-heading-10\" href=\"https:\/\/www.turna.com\/blog\/assos-gezilecek-yerler\/#9_akliman_sahili\" >9. Akliman Sahili<\/a><\/li><li class='ez-toc-page-1 ez-toc-heading-level-3'><a class=\"ez-toc-link ez-toc-heading-11\" href=\"https:\/\/www.turna.com\/blog\/assos-gezilecek-yerler\/#10_adatepe\" >10. Adatepe<\/a><\/li><li class='ez-toc-page-1 ez-toc-heading-level-3'><a class=\"ez-toc-link ez-toc-heading-12\" href=\"https:\/\/www.turna.com\/blog\/assos-gezilecek-yerler\/#11_koruoba_koyu\" >11. Koruoba Koyu<\/a><\/li><li class='ez-toc-page-1 ez-toc-heading-level-3'><a class=\"ez-toc-link ez-toc-heading-13\" href=\"https:\/\/www.turna.com\/blog\/assos-gezilecek-yerler\/#12_yesilyurt\" >12. Ye\u015filyurt<\/a><\/li><\/ul><\/li><li class='ez-toc-page-1 ez-toc-heading-level-2'><a class=\"ez-toc-link ez-toc-heading-14\" href=\"https:\/\/www.turna.com\/blog\/assos-gezilecek-yerler\/#assos_kac_gunde_gezilir\" >Assos Ka\u00e7 G\u00fcnde Gezilir?<\/a><\/li><li class='ez-toc-page-1 ez-toc-heading-level-2'><a class=\"ez-toc-link ez-toc-heading-15\" href=\"https:\/\/www.turna.com\/blog\/assos-gezilecek-yerler\/#assosta_ne_yenir\" >Assos\u2019ta Ne Yenir?<\/a><ul class='ez-toc-list-level-3' ><li class='ez-toc-heading-level-3'><a class=\"ez-toc-link ez-toc-heading-16\" href=\"https:\/\/www.turna.com\/blog\/assos-gezilecek-yerler\/#assos_gun_batimi_nerede_izlenir\" >Assos g\u00fcn bat\u0131m\u0131 nerede izlenir?<\/a><\/li><\/ul><\/li><\/ul><\/nav><\/div>\n\n<p>Merhaba seyahat severler! Bug\u00fcn sizlere unutulmaz bir tatil rotas\u0131 sunmak i\u00e7in buraday\u0131m: <strong>Assos gezilecek yerler<\/strong>! E\u011fer sakin ve tarihi bir atmosferde ruhunuzu dinlendirmek istiyorsan\u0131z, yan\u0131 ba\u015f\u0131n\u0131zdaki bu gizemli k\u00f6\u015feyi kesinlikle ka\u00e7\u0131rmamal\u0131s\u0131n\u0131z. Assos, tarihin derinliklerinde gizlenmi\u015f hikayeleriyle sizi b\u00fcy\u00fcleyecek bir yer. Gelin, bu benzersiz k\u00f6\u015fede kaybolup ke\u015ffetmenin yeni bir anlam\u0131n\u0131 yakalayal\u0131m! Haz\u0131rsan\u0131z, ruhunuza serinletici bir meltemin e\u015flik etti\u011fi bu yolculu\u011fa \u00e7\u0131kmak i\u00e7in haz\u0131rl\u0131klar\u0131n\u0131z\u0131 yap\u0131n. \u0130\u015fte size Assos&#8217;ta gezilecek yerlerin kap\u0131lar\u0131n\u0131 aralayacak bir rehber!<\/p>\n\n\n\n<h2 class=\"wp-block-heading has-text-align-center has-neeon-button-dark-gray-color has-text-color has-link-color wp-elements-06ba4a61920437beeec78f9523cc9346\"><span class=\"ez-toc-section\" id=\"assos_gezilecek_yerler\"><\/span><strong><strong>Assos Gezilecek Yerler<\/strong><\/strong><span class=\"ez-toc-section-end\"><\/span><\/h2>\n\n\n\n<figure class=\"wp-block-image size-large\"><img width=\"800\" height=\"500\" decoding=\"async\" src=\"data:image\/svg+xml;base64,PHN2ZyB4bWxucz0iaHR0cDovL3d3dy53My5vcmcvMjAwMC9zdmciIHdpZHRoPSI4MDAiIGhlaWdodD0iNTAwIj48cmVjdCB3aWR0aD0iMTAwJSIgaGVpZ2h0PSIxMDAlIj48YW5pbWF0ZSBhdHRyaWJ1dGVOYW1lPSJmaWxsIiB2YWx1ZXM9InJnYmEoMTUzLDE1MywxNTMsMC41KTtyZ2JhKDE1MywxNTMsMTUzLDAuMSk7cmdiYSgxNTMsMTUzLDE1MywwLjUpIiBkdXI9IjJzIiByZXBlYXRDb3VudD0iaW5kZWZpbml0ZSIgLz48L3JlY3Q+PC9zdmc+\" alt=\"Assos Gezilecek Yerler\" data-public-id=\"assos_gezilecek_yerler\/assos_gezilecek_yerler.jpg\" class=\"wp-post-9598 wp-image-21862\" data-format=\"jpg\" data-transformations=\"f_auto,q_auto:low\" data-version=\"1689252257\" data-seo=\"1\" data-size=\"800 500\" data-srcset=\"https:\/\/res.cloudinary.com\/turna\/images\/f_auto,q_auto:low\/v1689252257\/assos_gezilecek_yerler\/assos_gezilecek_yerler.jpg?_i=AA 800w, https:\/\/res.cloudinary.com\/turna\/images\/w_300,h_188,c_scale\/f_auto,q_auto:low\/v1689252257\/assos_gezilecek_yerler\/assos_gezilecek_yerler.jpg?_i=AA 300w, https:\/\/res.cloudinary.com\/turna\/images\/w_672,h_420,c_scale\/f_auto,q_auto:low\/v1689252257\/assos_gezilecek_yerler\/assos_gezilecek_yerler.jpg?_i=AA 672w, https:\/\/res.cloudinary.com\/turna\/images\/w_640,h_400,c_scale\/f_auto,q_auto:low\/v1689252257\/assos_gezilecek_yerler\/assos_gezilecek_yerler.jpg?_i=AA 640w, https:\/\/res.cloudinary.com\/turna\/images\/w_681,h_426,c_scale\/f_auto,q_auto:low\/v1689252257\/assos_gezilecek_yerler\/assos_gezilecek_yerler.jpg?_i=AA 681w\" data-sizes=\"(max-width: 800px) 100vw, 800px\" data-delivery=\"upload\" onload=\";window.CLDBind?CLDBind(this):null;\" data-cloudinary=\"lazy\" \/><\/figure>\n\n\n\n<p>Assos&#8217;a ad\u0131m att\u0131\u011f\u0131n\u0131zda, bir zaman makinesine binmi\u015f gibi hissedeceksiniz! Bu \u015firin yer, sadece tarihin de\u011fil, ayn\u0131 zamanda do\u011fan\u0131n da b\u00fcy\u00fcs\u00fcn\u00fc \u00fczerinde ta\u015f\u0131yor. Assos, derin tarihi ge\u00e7mi\u015fiyle sizi ge\u00e7mi\u015fe yolculu\u011fa \u00e7\u0131karacak antik kal\u0131nt\u0131lar\u0131 ve yap\u0131lar\u0131yla dolu. Athena Tap\u0131na\u011f\u0131&#8217;n\u0131n heybeti kar\u015f\u0131s\u0131nda kendinizi bir tanr\u0131 ya da tanr\u0131\u00e7a gibi hissedecek, Antik Liman&#8217;\u0131n sakin sular\u0131nda zaman\u0131n ak\u0131\u015f\u0131n\u0131 unutacaks\u0131n\u0131z.<\/p>\n\n\n\n<p>Burada sadece tarih de\u011fil, Assos&#8217;un do\u011fal g\u00fczellikleri de sizi b\u00fcy\u00fcleyecek. Assos Kalesi&#8217;nin tepesine \u00e7\u0131kt\u0131\u011f\u0131n\u0131zda, g\u00f6zlerinizi kama\u015ft\u0131ran bir manzara ile kar\u015f\u0131la\u015facaks\u0131n\u0131z. Turkuaz renkteki deniz, etraf\u0131 saran ye\u015fillikler ve birbirinden g\u00fczel plajlar, size hayat\u0131n tad\u0131n\u0131 \u00e7\u0131karmay\u0131 \u00f6\u011fretecek. Bir g\u00fcn harcayaca\u011f\u0131n\u0131z Behramkale K\u00f6y\u00fc&#8217;nde ise, do\u011fan\u0131n i\u00e7inde huzurlu bir soluk alacaks\u0131n\u0131z. Ta\u015f evler, dar sokaklar ve geleneksel el sanatlar\u0131yla s\u00fcsl\u00fc at\u00f6lyeler, size kendinizi ba\u015fka bir zamanda hissettirecek. Assos&#8217;a ad\u0131m att\u0131\u011f\u0131n\u0131zda, tarih ve do\u011fa aras\u0131nda m\u00fckemmel bir dengeye \u015fahit olacak, ruhunuzun derinliklerine dokunan bir ser\u00fcvene \u00e7\u0131kacaks\u0131n\u0131z.<\/p>\n\n\n\n<p><strong>Assos Gezilecek Yerler<\/strong><\/p>\n\n\n\n<ul class=\"wp-block-list\">\n<li>Assos Antik Kenti<\/li>\n\n\n\n<li>Athena Tap\u0131na\u011f\u0131<\/li>\n\n\n\n<li>Assos Liman\u0131<\/li>\n\n\n\n<li>Zeus Altar\u0131<\/li>\n\n\n\n<li>Behramkale<\/li>\n\n\n\n<li>H\u00fcdavendigar Camii ve K\u00f6pr\u00fcs\u00fc<\/li>\n\n\n\n<li>Sivrice Plaj\u0131<\/li>\n\n\n\n<li>Kad\u0131rga Plaj\u0131<\/li>\n\n\n\n<li>Akliman Sahili<\/li>\n\n\n\n<li>Adatepe<\/li>\n\n\n\n<li>Koruoba Koyu<\/li>\n\n\n\n<li>Ye\u015filyurt<span id=\"docs-internal-guid-6381158e-7fff-1634-5477-ee753e9cdf4c\"><div><span style=\"font-size: 11pt; font-family: Arial, sans-serif; background-color: transparent; font-variant-numeric: normal; font-variant-east-asian: normal; font-variant-alternates: normal; font-variant-position: normal; vertical-align: baseline;\"><\/span><\/div><\/span><\/li>\n<\/ul>\n\n\n\n<p>Assos&#8217;un haritadaki konumu <strong><a href=\"https:\/\/goo.gl\/maps\/NupAVX2TD7N4HQHz8\" target=\"_blank\" rel=\"noreferrer noopener\">burada.<\/a><\/strong><\/p>\n\n\n\n<h3 class=\"wp-block-heading has-text-align-center has-neeon-button-dark-gray-color has-text-color has-link-color wp-elements-ef30ee9dec124b903ba1ad511906b2f6\"><span class=\"ez-toc-section\" id=\"1_assos_antik_kenti\"><\/span><strong><strong><strong>1. Assos Antik Kenti<\/strong><\/strong><\/strong><span class=\"ez-toc-section-end\"><\/span><\/h3>\n\n\n\n<figure class=\"wp-block-image size-large\"><img decoding=\"async\" src=\"https:\/\/res.cloudinary.com\/turna\/image\/upload\/v1689252257\/assos_antik_kenti.jpg\" alt=\"Assos Gezilecek Yerler antik kent\"\/><\/figure>\n\n\n\n<p>M\u00d6 6. y\u00fczy\u0131la dek uzanan <strong>Assos Antik Kenti<\/strong>, s\u00f6nm\u00fc\u015f bir volkanik tepe \u00fczerine, andezit kayal\u0131klar\u0131 aras\u0131na, denizden 236 metre y\u00fcksekli\u011fe kurulu. \u0130lk arkeolojik kaz\u0131lar\u0131n 1881\u2019de ba\u015flad\u0131\u011f\u0131 antik kentin en \u00f6nemli yap\u0131lar\u0131n\u0131n ba\u015f\u0131nda e\u015fsiz manzaras\u0131yla Athena Tap\u0131na\u011f\u0131 geliyor.<\/p>\n\n\n\n<p>Arkaik \u00c7a\u011f&#8217;da Anadolu&#8217;da yap\u0131lan ilk ve tek dor d\u00fczenindeki tap\u0131nak, halen olduk\u00e7a b\u00fcy\u00fcleyici. 12 Olimpos Tanr\u0131s\u0131ndan biri olan Zeus\u2019un k\u0131z\u0131 Athena, kentin koruyucu tanr\u0131\u00e7as\u0131 olarak kabul ediliyordu. <\/p>\n\n\n\n<p>Midilli Adas\u0131\u2019na t\u00fcm g\u00f6rkemiyle y\u00fckselen tap\u0131na\u011f\u0131n kutsal odas\u0131nda bulunan tanr\u0131\u00e7a heykeli ise ne yaz\u0131k ki, 1800&#8217;l\u00fc y\u0131llarda Amerikal\u0131lar taraf\u0131ndan g\u00f6t\u00fcr\u00fclm\u00fc\u015f. S\u00fctunlar\u0131n \u00fczerlerindeki kabartmalar\u0131n bir k\u0131sm\u0131 Boston M\u00fczesi, Louvre M\u00fczesi ve \u0130stanbul Arkeoloji M\u00fczesi\u2019nde sergileniyor. <\/p>\n\n\n\n<p>abartmalarda Herakles ile ilgili bir hik\u00e2ye anlat\u0131l\u0131yor. Antik Kentte Athena Tap\u0131na\u011f\u0131\u2019n\u0131n yan\u0131 s\u0131ra, 3200 metre uzunlu\u011funda 20 metre y\u00fcksekli\u011findeki surlar\u0131, 9 y\u00fczy\u0131l boyunca mezarl\u0131k olarak kullan\u0131ld\u0131\u011f\u0131 tespit edilen Nekropol\u00fc, kentin g\u00fcney yamac\u0131nda Midilli Adas\u0131&#8217;na kar\u015f\u0131 kurulu, 2500 ki\u015fi kapasiteli Amfi Tiyatro\u2019yu, insanlar\u0131n bir araya geldi\u011fi kentin en hareketli yeri olan Agora\u2019y\u0131 g\u00f6rebilirsiniz.<\/p>\n\n\n\n<h3 class=\"wp-block-heading has-text-align-center has-neeon-button-dark-gray-color has-text-color has-link-color wp-elements-6ea6d309a4d737b85b3dfcb3241082d8\"><span class=\"ez-toc-section\" id=\"2_athena_tapinagi\"><\/span><strong><strong><strong>2. Athena Tap\u0131na\u011f\u0131<\/strong><\/strong><\/strong><span class=\"ez-toc-section-end\"><\/span><\/h3>\n\n\n\n<figure class=\"wp-block-image size-large is-style-default\"><img width=\"800\" height=\"500\" data-public-id=\"Assos-Antik-Kenti-Turkiye\/Assos-Antik-Kenti-Turkiye.jpg\" fetchpriority=\"high\" decoding=\"async\" src=\"https:\/\/res.cloudinary.com\/turna\/images\/w_800,h_500,c_scale\/f_auto,q_auto:low\/v1624170033\/Assos-Antik-Kenti-Turkiye\/Assos-Antik-Kenti-Turkiye.jpg?_i=AA\" alt=\"Assos Gezilecek Yerler Athena tap\u0131na\u011f\u0131\" class=\"wp-post-9598 wp-image-19338\" data-format=\"jpg\" data-transformations=\"f_auto,q_auto:low\" data-version=\"1624170033\" data-seo=\"1\" srcset=\"https:\/\/res.cloudinary.com\/turna\/images\/f_auto,q_auto:low\/v1624170033\/Assos-Antik-Kenti-Turkiye\/Assos-Antik-Kenti-Turkiye.jpg?_i=AA 800w, https:\/\/res.cloudinary.com\/turna\/images\/w_300,h_188,c_scale\/f_auto,q_auto:low\/v1624170033\/Assos-Antik-Kenti-Turkiye\/Assos-Antik-Kenti-Turkiye.jpg?_i=AA 300w, https:\/\/res.cloudinary.com\/turna\/images\/w_672,h_420,c_scale\/f_auto,q_auto:low\/v1624170033\/Assos-Antik-Kenti-Turkiye\/Assos-Antik-Kenti-Turkiye.jpg?_i=AA 672w, https:\/\/res.cloudinary.com\/turna\/images\/w_640,h_400,c_scale\/f_auto,q_auto:low\/v1624170033\/Assos-Antik-Kenti-Turkiye\/Assos-Antik-Kenti-Turkiye.jpg?_i=AA 640w, https:\/\/res.cloudinary.com\/turna\/images\/w_681,h_426,c_scale\/f_auto,q_auto:low\/v1624170033\/Assos-Antik-Kenti-Turkiye\/Assos-Antik-Kenti-Turkiye.jpg?_i=AA 681w\" sizes=\"(max-width: 800px) 100vw, 800px\" \/><\/figure>\n\n\n\n<p>Assos Antik Kenti\u2019nin en y\u00fcksek noktas\u0131na in\u015fa edilen ve Arkaik \u00c7a\u011f\u2019da Anadolu&#8217;da yap\u0131lan ilk ve tek Dor d\u00fczenindeki tap\u0131nak olan Athena Tap\u0131na\u011f\u0131; Zeus\u2019un k\u0131z\u0131 kentin koruyucu tanr\u0131\u00e7as\u0131 olan Athena ad\u0131na in\u015fa edilmi\u015f.<\/p>\n\n\n\n<p>Sa\u011flam s\u00fctunlardan \u00e7\u0131kar\u0131lan \u00f6rnek kal\u0131plarla d\u00f6k\u00fclen yeni s\u00fctunlar\u0131n ayakta oldu\u011fu tap\u0131na\u011f\u0131n kutsal odas\u0131nda bulunan tanr\u0131\u00e7a heykeli 1800&#8217;lerde Amerikal\u0131lar taraf\u0131ndan g\u00f6t\u00fcr\u00fclm\u00fc\u015f.<\/p>\n\n\n\n<p>S\u00fctunlar\u0131n \u00fczerlerindeki frizlerin bir k\u0131sm\u0131 ise g\u00fcn\u00fcm\u00fczde Boston M\u00fczesi, Louvre M\u00fczesi ve \u0130stanbul Arkeoloji M\u00fczesi&#8217;nde bulunuyor.<\/p>\n\n\n\n<h3 class=\"wp-block-heading has-text-align-center has-neeon-button-dark-gray-color has-text-color has-link-color wp-elements-41d62aa581ae8a983ff048e594ee26f0\"><span class=\"ez-toc-section\" id=\"3_assos_limani\"><\/span><strong><strong><strong>3. Assos Liman\u0131<\/strong><\/strong><\/strong><span class=\"ez-toc-section-end\"><\/span><\/h3>\n\n\n\n<figure class=\"wp-block-image size-large\"><img width=\"800\" height=\"500\" decoding=\"async\" src=\"data:image\/svg+xml;base64,PHN2ZyB4bWxucz0iaHR0cDovL3d3dy53My5vcmcvMjAwMC9zdmciIHdpZHRoPSI4MDAiIGhlaWdodD0iNTAwIj48cmVjdCB3aWR0aD0iMTAwJSIgaGVpZ2h0PSIxMDAlIj48YW5pbWF0ZSBhdHRyaWJ1dGVOYW1lPSJmaWxsIiB2YWx1ZXM9InJnYmEoMTUzLDE1MywxNTMsMC41KTtyZ2JhKDE1MywxNTMsMTUzLDAuMSk7cmdiYSgxNTMsMTUzLDE1MywwLjUpIiBkdXI9IjJzIiByZXBlYXRDb3VudD0iaW5kZWZpbml0ZSIgLz48L3JlY3Q+PC9zdmc+\" alt=\"Assos Liman\u0131\" data-public-id=\"assos_gezilecek_yerler\/assos_gezilecek_yerler.jpg\" class=\"wp-post-9598 wp-image-21862\" data-format=\"jpg\" data-transformations=\"f_auto,q_auto:low\" data-version=\"1689252257\" data-seo=\"1\" data-size=\"800 500\" data-srcset=\"https:\/\/res.cloudinary.com\/turna\/images\/f_auto,q_auto:low\/v1689252257\/assos_gezilecek_yerler\/assos_gezilecek_yerler.jpg?_i=AA 800w, https:\/\/res.cloudinary.com\/turna\/images\/w_300,h_188,c_scale\/f_auto,q_auto:low\/v1689252257\/assos_gezilecek_yerler\/assos_gezilecek_yerler.jpg?_i=AA 300w, https:\/\/res.cloudinary.com\/turna\/images\/w_672,h_420,c_scale\/f_auto,q_auto:low\/v1689252257\/assos_gezilecek_yerler\/assos_gezilecek_yerler.jpg?_i=AA 672w, https:\/\/res.cloudinary.com\/turna\/images\/w_640,h_400,c_scale\/f_auto,q_auto:low\/v1689252257\/assos_gezilecek_yerler\/assos_gezilecek_yerler.jpg?_i=AA 640w, https:\/\/res.cloudinary.com\/turna\/images\/w_681,h_426,c_scale\/f_auto,q_auto:low\/v1689252257\/assos_gezilecek_yerler\/assos_gezilecek_yerler.jpg?_i=AA 681w\" data-sizes=\"(max-width: 800px) 100vw, 800px\" data-delivery=\"upload\" onload=\";window.CLDBind?CLDBind(this):null;\" data-cloudinary=\"lazy\" \/><\/figure>\n\n\n\n<p><strong>Assos Liman\u0131<\/strong>, darac\u0131k ta\u015f sokaklardan olu\u015fan, y\u00fczy\u0131ll\u0131k ta\u015f yap\u0131lar\u0131n yer ald\u0131\u011f\u0131, tesislerin \u00f6nlerindeki ah\u015fap iskelelerden denize girmenin m\u00fcmk\u00fcn oldu\u011fu olduk\u00e7a \u015firin bir b\u00f6lge. Tarihi dokusu, samimi atmosferi, bal\u0131k restoranlar\u0131, \u00e7ay bah\u00e7eleri, dondurmac\u0131lar ve hediyelik e\u015fya tezgahlar\u0131yla \u00e7evrili sahil y\u00fczy\u0131llar \u00f6ncesinin antik havas\u0131n\u0131 koruyor.<\/p>\n\n\n\n<p>Bozulmam\u0131\u015f mimarisi, restoran, bar ve otelleriyle b\u00f6lgenin kalbi olan Antik Assos Liman\u0131, Assos b\u00f6lgesinin en \u00e7ekici yerlerinden biri. K\u0131y\u0131da s\u0131ra s\u0131ra bal\u0131k restoranlar\u0131n\u0131n oldu\u011fu Antik Liman mendire\u011fi, k\u0131rm\u0131z\u0131 ve ye\u015fil fenerleri antik kentin s\u00fctunlar\u0131n\u0131n \u00fczerine konmu\u015f. <\/p>\n\n\n\n<p>Mendire\u011fin k\u0131rm\u0131z\u0131 ve ye\u015fil fenerleri antik kentin s\u00fctunlar\u0131n\u0131n \u00fczerinde bulunuyor. Ak\u015famlar\u0131 mendirekte oturmak, bal\u0131k tutmak da bir gelenek olmu\u015f durumda. 2000\u2019de geni\u015fletilen mendirek ise, bir\u00e7ok bal\u0131k\u00e7\u0131 teknesine bar\u0131nak olmu\u015f.<\/p>\n\n\n\n<h3 class=\"wp-block-heading has-text-align-center has-neeon-button-dark-gray-color has-text-color has-link-color wp-elements-0e082e0bc500221fc26bb83e2573ba05\"><span class=\"ez-toc-section\" id=\"4_zeus_altari\"><\/span><strong><strong><strong>4. Zeus Altar\u0131<\/strong><\/strong><\/strong><span class=\"ez-toc-section-end\"><\/span><\/h3>\n\n\n\n<p>Assos\u2019a gelmi\u015fken <strong>Zeus Altar\u0131<\/strong>\u2019n\u0131 ziyaret etmeden olmaz! Kazda\u011flar\u0131\u2019n\u0131n muhte\u015fem manzaras\u0131yla birle\u015filen bu tarihi nokta, antik mitolojiye g\u00f6re Zeus\u2019un Truva Sava\u015f\u0131\u2019n\u0131 izledi\u011fi yer olarak biliniyor. Tepeden bakt\u0131\u011f\u0131n\u0131zda Edremit K\u00f6rfezi\u2019nin u\u00e7suz bucaks\u0131z mavili\u011fi ve ye\u015filin her tonuyla Kazda\u011flar\u0131\u2019n\u0131n birle\u015fti\u011fi panoramik bir manzara sizi kar\u015f\u0131layacak. \u00d6zellikle g\u00fcn bat\u0131m\u0131nda buran\u0131n b\u00fcy\u00fcs\u00fc bir ba\u015fka. Foto\u011fraf makinenizi yan\u0131n\u0131za almay\u0131 unutmay\u0131n, buray\u0131 unutmak istemeyeceksiniz. Bir ipucu daha: Yan\u0131n\u0131za rahat y\u00fcr\u00fcy\u00fc\u015f ayakkab\u0131lar\u0131n\u0131z\u0131 al\u0131n, patika biraz engebeli olabilir. Ayr\u0131ca termosla bir kahve ya da \u00e7ay al\u0131p bu manzaran\u0131n tad\u0131n\u0131 \u00e7\u0131karmay\u0131 da unutmay\u0131n!<br><\/p>\n\n\n\n<h3 class=\"wp-block-heading has-text-align-center has-neeon-button-dark-gray-color has-text-color has-link-color wp-elements-de89ed0229bbf75641a408cd6ecdd2d6\"><span class=\"ez-toc-section\" id=\"5_behramkale\"><\/span><strong><strong><strong>5. Behramkale<\/strong><\/strong><\/strong><span class=\"ez-toc-section-end\"><\/span><\/h3>\n\n\n\n<figure class=\"wp-block-image size-large\"><img decoding=\"async\" src=\"https:\/\/res.cloudinary.com\/turna\/image\/upload\/v1689252257\/behramkale_k%C3%B6y%C3%BC.jpg\" alt=\" Behramkale\"\/><\/figure>\n\n\n\n<p><strong>Behramkale K\u00f6y\u00fc<\/strong>, Osmanl\u0131 d\u00f6neminde kurulmu\u015f, 30 senedir sit alan\u0131 olarak koruma alt\u0131nda bulunan \u015firin bir k\u00f6y. K\u00f6y i\u00e7inde Assos mimarisinin ta\u015f i\u015f\u00e7ili\u011finin g\u00fczel \u00f6rneklerini g\u00f6rmek m\u00fcmk\u00fcnken, tarihi dokusunu koruyan sokaklarda dola\u015fmak pek keyifli.<\/p>\n\n\n\n<p>Assos Antik Kenti \u00d6ren Yeri, k\u00f6y\u00fcn en y\u00fcksek tepesinde bulunuyor. Buraya ta\u015fla kapl\u0131 bir yoku\u015fu y\u00fcr\u00fcyerek var\u0131l\u0131yor. \u00d6ren yerine \u00e7\u0131kan yoku\u015f \u00fczerinde, k\u00f6yl\u00fc kad\u0131nlar\u0131n evde \u00fcrettikleri \u00e7e\u015fitli malzemeleri sa\u011fl\u0131 sollu satt\u0131klar\u0131 tezgahlarda zeytinya\u011f\u0131ndan y\u00f6resel \u00fcr\u00fcnlere, el is\u00e7ili\u011fi hediyeliklere dek pek \u00e7ok \u015fey var.<\/p>\n\n\n\n<p><strong>Behramkale gezilecek yerler<\/strong> i\u00e7inde 14. y\u00fczy\u0131lda Osmanl\u0131 d\u00f6neminden kalma <strong>H\u00fcdavendigar Camii<\/strong> ve <strong>H\u00fcdavendigar K\u00f6pr\u00fcs\u00fc<\/strong> yer al\u0131yor.<\/p>\n\n\n\n<h3 class=\"wp-block-heading has-text-align-center has-neeon-button-dark-gray-color has-text-color has-link-color wp-elements-7592a620c2202075db3f92f5313b2b36\"><span class=\"ez-toc-section\" id=\"6_hudavendigar_camii_ve_koprusu\"><\/span><strong><strong><strong>6. H\u00fcdavendigar Camii ve K\u00f6pr\u00fcs\u00fc<\/strong><\/strong><\/strong><span class=\"ez-toc-section-end\"><\/span><\/h3>\n\n\n\n<figure class=\"wp-block-image size-large is-style-default\"><img width=\"800\" height=\"500\" data-public-id=\"Hudavendigar-Camii-Assos\/Hudavendigar-Camii-Assos.jpg\" decoding=\"async\" src=\"https:\/\/res.cloudinary.com\/turna\/images\/w_800,h_500,c_scale\/f_auto,q_auto:low\/v1624170391\/Hudavendigar-Camii-Assos\/Hudavendigar-Camii-Assos.jpg?_i=AA\" alt=\"Hudavendigar-Camii-Assos\" class=\"wp-post-9598 wp-image-19340\" data-format=\"jpg\" data-transformations=\"f_auto,q_auto:low\" data-version=\"1624170391\" data-seo=\"1\" srcset=\"https:\/\/res.cloudinary.com\/turna\/images\/f_auto,q_auto:low\/v1624170391\/Hudavendigar-Camii-Assos\/Hudavendigar-Camii-Assos.jpg?_i=AA 800w, https:\/\/res.cloudinary.com\/turna\/images\/w_300,h_188,c_scale\/f_auto,q_auto:low\/v1624170391\/Hudavendigar-Camii-Assos\/Hudavendigar-Camii-Assos.jpg?_i=AA 300w, https:\/\/res.cloudinary.com\/turna\/images\/w_672,h_420,c_scale\/f_auto,q_auto:low\/v1624170391\/Hudavendigar-Camii-Assos\/Hudavendigar-Camii-Assos.jpg?_i=AA 672w, https:\/\/res.cloudinary.com\/turna\/images\/w_640,h_400,c_scale\/f_auto,q_auto:low\/v1624170391\/Hudavendigar-Camii-Assos\/Hudavendigar-Camii-Assos.jpg?_i=AA 640w, https:\/\/res.cloudinary.com\/turna\/images\/w_681,h_426,c_scale\/f_auto,q_auto:low\/v1624170391\/Hudavendigar-Camii-Assos\/Hudavendigar-Camii-Assos.jpg?_i=AA 681w\" sizes=\"(max-width: 800px) 100vw, 800px\" \/><\/figure>\n\n\n\n<p>Birinci Murat taraf\u0131ndan on d\u00f6rd\u00fcnc\u00fc y\u00fczy\u0131lda, tek kubbeli ve kare planl\u0131 olarak in\u015fa edilen H\u00fcdavendigar Camii\u2019nin giri\u015fini eski Cornelius kentinin kap\u0131s\u0131 olu\u015fturuyor. Antik kent s\u0131n\u0131rlar\u0131 i\u00e7erisindeki tepede yer alan caminin i\u00e7inde yer alan kad\u0131rga resimlerinin Osmanl\u0131 cami mimarisinde pek kar\u015f\u0131la\u015f\u0131lmayan bir \u00f6rnek oldu\u011fu biliniyor.<\/p>\n\n\n\n<p>Yine 1. Murat taraf\u0131ndan on d\u00f6rd\u00fcnc\u00fc y\u00fczy\u0131lda in\u015fa edilen ve Tuzla \u00c7ay\u0131 \u00fczerinde yer alan H\u00fcdavendigar K\u00f6pr\u00fcs\u00fc\u2019n\u00fcn kemerleri halen orijinalli\u011fini koruyor. Ara\u00e7 trafi\u011fine kapal\u0131 olan k\u00f6pr\u00fc yakla\u015f\u0131k 600 y\u0131ld\u0131r ayakta duruyor.<\/p>\n\n\n\n<h3 class=\"wp-block-heading has-text-align-center has-neeon-button-dark-gray-color has-text-color has-link-color wp-elements-98894c0f765bd3dab27aef845cc73120\"><span class=\"ez-toc-section\" id=\"7_sivrice_plaji\"><\/span><strong><strong><strong>7. Sivrice Plaj\u0131<\/strong><\/strong><\/strong><span class=\"ez-toc-section-end\"><\/span><\/h3>\n\n\n\n<figure class=\"wp-block-image size-large\"><img decoding=\"async\" src=\"https:\/\/res.cloudinary.com\/turna\/image\/upload\/v1733386363\/wordpress-contents\/underwater.jpg\" alt=\"\"\/><\/figure>\n\n\n\n<p>Assos\u2019un g\u00fcr\u00fclt\u00fcden uzak, sakl\u0131 bir cennetini ke\u015ffetmek i\u00e7in rotan\u0131z\u0131 <strong>Sivrice Plaj\u0131<\/strong>\u2019na \u00e7evirin. Merkezden yakla\u015f\u0131k 10 km uzakl\u0131kta, masmavi deniz ve \u00e7ak\u0131l ta\u015fl\u0131 bir sahil sizi bekliyor. B\u00fcy\u00fck otellerin ve kalabal\u0131\u011f\u0131n olmad\u0131\u011f\u0131 bu plaj, do\u011fayla ba\u015f ba\u015fa kalmak isteyenler i\u00e7in ideal. Denizin berrakl\u0131\u011f\u0131 \u00f6yle g\u00fczel ki, y\u00fczd\u00fck\u00e7e kendinizi adeta bir akvaryumun i\u00e7inde hissediyorsunuz.<br><br>Sivrice, dalgas\u0131z ve sakin denizi sayesinde \u00e7ocuklu aileler i\u00e7in de olduk\u00e7a uygun. Sahil boyunca s\u0131ralanan lokantalarda da taptaze deniz \u00fcr\u00fcnlerini tatmadan d\u00f6nmeyin. Bizim size \u00f6nerimiz ise buraya gelirken yan\u0131n\u0131zda deniz ayakkab\u0131s\u0131 getirin; \u00e7ak\u0131l ta\u015flar\u0131 ayaklar\u0131n\u0131z\u0131 rahats\u0131z edebilir. Ayr\u0131ca \u015fnorkelinizi de unutmay\u0131n; deniz alt\u0131 da bir o kadar etkileyici!<\/p>\n\n\n\n<h3 class=\"wp-block-heading has-text-align-center has-neeon-button-dark-gray-color has-text-color has-link-color wp-elements-fecd67b84627763386219496c1d8a274\"><span class=\"ez-toc-section\" id=\"8_kadirga_plaji\"><\/span><strong><strong><strong>8. Kad\u0131rga Plaj\u0131<\/strong><\/strong><\/strong><span class=\"ez-toc-section-end\"><\/span><\/h3>\n\n\n\n<figure class=\"wp-block-image size-large is-style-default\"><img width=\"800\" height=\"500\" data-public-id=\"Kadirga-Plaji\/Kadirga-Plaji.jpg\" decoding=\"async\" src=\"https:\/\/res.cloudinary.com\/turna\/images\/w_800,h_500,c_scale\/f_auto,q_auto:low\/v1624170389\/Kadirga-Plaji\/Kadirga-Plaji.jpg?_i=AA\" alt=\"Kad\u0131rga Plaj\u0131\" class=\"wp-post-9598 wp-image-19341\" data-format=\"jpg\" data-transformations=\"f_auto,q_auto:low\" data-version=\"1624170389\" data-seo=\"1\" srcset=\"https:\/\/res.cloudinary.com\/turna\/images\/f_auto,q_auto:low\/v1624170389\/Kadirga-Plaji\/Kadirga-Plaji.jpg?_i=AA 800w, https:\/\/res.cloudinary.com\/turna\/images\/w_300,h_188,c_scale\/f_auto,q_auto:low\/v1624170389\/Kadirga-Plaji\/Kadirga-Plaji.jpg?_i=AA 300w, https:\/\/res.cloudinary.com\/turna\/images\/w_672,h_420,c_scale\/f_auto,q_auto:low\/v1624170389\/Kadirga-Plaji\/Kadirga-Plaji.jpg?_i=AA 672w, https:\/\/res.cloudinary.com\/turna\/images\/w_640,h_400,c_scale\/f_auto,q_auto:low\/v1624170389\/Kadirga-Plaji\/Kadirga-Plaji.jpg?_i=AA 640w, https:\/\/res.cloudinary.com\/turna\/images\/w_681,h_426,c_scale\/f_auto,q_auto:low\/v1624170389\/Kadirga-Plaji\/Kadirga-Plaji.jpg?_i=AA 681w\" sizes=\"(max-width: 800px) 100vw, 800px\" \/><\/figure>\n\n\n\n<p>P\u0131r\u0131l p\u0131r\u0131l denizi, serin sular\u0131 ve uzun kumsal\u0131yla Kad\u0131rga Plaj\u0131, Assos&#8217;un hemen g\u00fcneyinde, kara yoluyla iki kilometre mesafede yer alan bir koy. Assos b\u00f6lgesinde denize girmek i\u00e7in en pop\u00fcler yer olan Kad\u0131rga, her b\u00fct\u00e7eye uygun otel ve kamping alanlar\u0131yla dolu. Geni\u015f, uzun ve ta\u015fl\u0131k bir plaj\u0131 bulunan Kad\u0131rga&#8217;n\u0131n berrak denizi de mavi bayrakl\u0131. <\/p>\n\n\n\n<p>Osmanl\u0131 d\u00f6neminde donanman\u0131n merkez \u00fcss\u00fc olan Midilli Adas\u0131\u2019ndan sava\u015fa giden ve d\u00f6n\u00fc\u015fte hasarl\u0131 olan kad\u0131rgalar bu koya getirilip, y\u00f6renin me\u015fe ve kay\u0131n a\u011fa\u00e7lar\u0131 ile tamir edilirmi\u015f. Kad\u0131rgalar bu koya \u00e7ekildi\u011fi i\u00e7in bu isimle an\u0131lan koyda ak\u015fam\u00fczeri ba\u015flayan imbat r\u00fczg\u00e2rlar\u0131 ise ayr\u0131 g\u00fczel.<\/p>\n\n\n\n<h3 class=\"wp-block-heading has-text-align-center has-neeon-button-dark-gray-color has-text-color has-link-color wp-elements-bdbb6e3e31a60401c3dbac5137f866bf\"><span class=\"ez-toc-section\" id=\"9_akliman_sahili\"><\/span><strong><strong><strong>9. Akliman Sahili<\/strong><\/strong><\/strong><span class=\"ez-toc-section-end\"><\/span><\/h3>\n\n\n\n<p>Sakin ve huzur dolu olan bu sahil, hem denize girmek hem de piknik yapmak i\u00e7in harika bir yer. Sahili \u00e7evreleyen yemye\u015fil do\u011fa, buray\u0131 adeta bir kartpostal gibi g\u00f6steriyor. Sahil, \u015fehre biraz uzak bir mesafede yer al\u0131yor ama bu da buran\u0131n sakinli\u011fini ve huzurunu koruyan en \u00f6nemli etkenlerden biri.<br><br>Akliman, do\u011fall\u0131\u011f\u0131 bozulmam\u0131\u015f ender yerlerden biri. Burada herhangi bir tesis olmad\u0131\u011f\u0131 i\u00e7in yan\u0131n\u0131za ihtiya\u00e7 duyabilece\u011finiz her \u015feyi alman\u0131z gerekiyor. Yan\u0131n\u0131za yiyecek, i\u00e7ecek ve bir piknik \u00f6rt\u00fcs\u00fc almay\u0131 unutmay\u0131n. Ayr\u0131ca do\u011fan\u0131n temizli\u011fini korumak i\u00e7in \u00e7\u00f6plerinizi mutlaka toplay\u0131n.<\/p>\n\n\n\n<h3 class=\"wp-block-heading has-text-align-center has-neeon-button-dark-gray-color has-text-color has-link-color wp-elements-538493bbfb641c6961cd46da4e3bb59e\"><span class=\"ez-toc-section\" id=\"10_adatepe\"><\/span><strong><strong><strong>10. Adatepe<\/strong><\/strong><\/strong><span class=\"ez-toc-section-end\"><\/span><\/h3>\n\n\n\n<figure class=\"wp-block-image size-large\"><img decoding=\"async\" src=\"https:\/\/res.cloudinary.com\/turna\/image\/upload\/v1689252257\/adatepe.jpg\" alt=\"Assos gezilecek yerler Adatepe\"\/><\/figure>\n\n\n\n<p><strong>Assos&#8217;a yak\u0131n yerler<\/strong> ar\u0131yorsan\u0131z <strong>Adatepe K\u00f6y\u00fc<\/strong> gidebilece\u011finiz ilk yerlerden. Kaz Da\u011f\u0131 k\u00f6ylerinin i\u00e7inde en dikkat \u00e7ekenlerinden. Zira k\u00f6ye girmeden hemen \u00f6nce <strong>Zeus Altar\u0131<\/strong>&#8216;n\u0131n giri\u015fi ile kar\u015f\u0131la\u015f\u0131yorsunuz. Burada b\u00fct\u00fcn k\u00f6rfezi g\u00f6rebilece\u011finiz harika bir deniz manzaras\u0131 bekliyor sizi.<\/p>\n\n\n\n<p>\u0130lyada&#8217;da bahsedilen ve Zeus ile Hera&#8217;n\u0131n Troya Sava\u015f\u0131n\u0131 izledikleri antik Gargaros Tepesi\u2019nin de buras\u0131 oldu\u011fu d\u00fc\u015f\u00fcn\u00fcl\u00fcyor. Bir m\u00fcbadele yerle\u015fimi olan Adatepe 1989\u2019da sit alan\u0131 ilan edilerek eski ta\u015f evler koruma alt\u0131na al\u0131nm\u0131\u015f.<\/p>\n\n\n\n<p>K\u00f6y meydan\u0131ndaki 400 ya\u015f\u0131ndaki dev \u00e7\u0131nar a\u011fac\u0131n\u0131n etraf\u0131ndaki otantik kahveler turistlere i\u00e7in b\u00fct\u00fcn y\u0131l a\u00e7\u0131k. Zeytincilikle u\u011fra\u015f\u0131lan k\u00f6yde zeytinya\u011f\u0131 ve sabun alabilece\u011finiz d\u00fckkanlar da bulunuyor.<\/p>\n\n\n\n<p>Adatepe\u2019de ayr\u0131ca, 1947-1985 y\u0131llar\u0131 aras\u0131nda faaliyet g\u00f6steren Ta\u015fmektep\u2019i ve T\u00fcrkiye&#8217;de t\u00fcr\u00fcn\u00fcn ilk \u00f6rne\u011fi kabul edilen Adatepe Zeytinya\u011f\u0131 M\u00fczesi\u2019ni ziyaret edebilirsiniz.<\/p>\n\n\n\n<h3 class=\"wp-block-heading has-text-align-center has-neeon-button-dark-gray-color has-text-color has-link-color wp-elements-f4d0619baa2c84b756c4a23da6bdb619\"><span class=\"ez-toc-section\" id=\"11_koruoba_koyu\"><\/span><strong><strong><strong>11. Koruoba Koyu<\/strong><\/strong><\/strong><span class=\"ez-toc-section-end\"><\/span><\/h3>\n\n\n\n<p><strong>Koruoba Koyu<\/strong>, kalabal\u0131ktan ka\u00e7\u0131p yaln\u0131zca dalgalar\u0131n ve ku\u015flar\u0131n sesini dinlemek isteyenler i\u00e7in bi\u00e7ilmi\u015f kaftan. Buraya ula\u015fmak biraz zahmetli belki ancak bu do\u011fal g\u00fczelli\u011fi g\u00f6rd\u00fc\u011f\u00fcn\u00fczde her \u015feyin buna de\u011fdi\u011fini anlayacaks\u0131n\u0131z. Deniz suyu kristal berrakl\u0131\u011f\u0131nda, koy ise \u00e7evresi \u00e7am a\u011fa\u00e7lar\u0131yla kapl\u0131. Ege\u2019nin tertemiz havas\u0131n\u0131 i\u00e7inize \u00e7ekerken denizin keyfini \u00e7\u0131karabilir, g\u00fcne\u015fin tad\u0131n\u0131 doyas\u0131ya ya\u015fayabilirsiniz. Hat\u0131rlatmakta fayda var: Koyda tesis olmad\u0131\u011f\u0131ndan ihtiya\u00e7lar\u0131n\u0131z\u0131 \u00f6nceden temin etmelisiniz. Ayr\u0131ca bir kamp sandalyesi ve \u015femsiye alarak g\u00fcn boyu burada rahat\u00e7a vakit ge\u00e7irebilirsiniz.<\/p>\n\n\n\n<h3 class=\"wp-block-heading has-text-align-center has-neeon-button-dark-gray-color has-text-color has-link-color wp-elements-c14df21b5151bb86f50986955bdb0e6d\"><span class=\"ez-toc-section\" id=\"12_yesilyurt\"><\/span><strong><strong><strong>12. Ye\u015filyurt<\/strong><\/strong><\/strong><span class=\"ez-toc-section-end\"><\/span><\/h3>\n\n\n\n<figure class=\"wp-block-image size-large\"><img decoding=\"async\" src=\"https:\/\/res.cloudinary.com\/turna\/image\/upload\/v1689252257\/ye%C5%9Filyurt.jpg\" alt=\"Assos gezilecek yerler Ye\u015filyurt\"\/><\/figure>\n\n\n\n<p>Kaz Da\u011flar\u0131&#8217;n\u0131n butik otelleriyle \u00fcnl\u00fc k\u00f6y\u00fc <strong>Ye\u015filyurt<\/strong> (B\u00fcy\u00fck \u00c7etmi), K\u00fc\u00e7\u00fckkuyu Sahiline 3 km uzakl\u0131kta, zeytin ve \u00e7am a\u011fa\u00e7lar\u0131 ile \u00e7evrili, Kaz Da\u011flar\u0131&#8217;n\u0131n yama\u00e7lar\u0131nda e\u015fsiz k\u00f6rfez manzaras\u0131na sahip bir Ege g\u00fczelli\u011fi.<\/p>\n\n\n\n<p>Eski evler restore edildi\u011fi bir sit alan\u0131 olan Ye\u015filyurt\u2019ta, sakinlerin \u00e7o\u011funu Y\u00f6r\u00fckler olu\u015fturuyor. Zeytincilikle u\u011fra\u015fan k\u00f6y halk\u0131n\u0131n \u00fcrettikleri ev yap\u0131m\u0131 sal\u00e7a, tarhana, kurutulmu\u015f otlar, kapari, zeytin, zeytinya\u011f\u0131 ve re\u00e7el \u00e7e\u015fitlerini mutlaka denemelisiniz!<\/p>\n\n\n\n<h2 class=\"wp-block-heading has-text-align-center has-neeon-button-dark-gray-color has-text-color has-link-color wp-elements-9635d7a0272ac6be671777f4e6e10daf\"><span class=\"ez-toc-section\" id=\"assos_kac_gunde_gezilir\"><\/span><strong><strong>Assos Ka\u00e7 G\u00fcnde Gezilir?<\/strong><\/strong><span class=\"ez-toc-section-end\"><\/span><\/h2>\n\n\n\n<p>Assos\u2019u ke\u015ffetmek i\u00e7in harcad\u0131\u011f\u0131n\u0131z g\u00fcn say\u0131s\u0131, ki\u015fisel ilgi alanlar\u0131n\u0131za, gezilecek yerler listesine ve yava\u015f yava\u015f keyfini \u00e7\u0131karmak isteyip istemedi\u011finize ba\u011fl\u0131 olarak de\u011fi\u015febilir.<\/p>\n\n\n\n<p>E\u011fer tarihe merakl\u0131 bir ruha sahipseniz ve antik kal\u0131nt\u0131lar aras\u0131nda dola\u015farak tarihi hissetmek istiyorsan\u0131z, Assos\u2019un zengin tarihine ad\u0131m atmak i\u00e7in en az<strong>&nbsp;2-3 g\u00fcn<\/strong>&nbsp;ay\u0131rman\u0131z\u0131 tavsiye ederim. Burada antik tiyatronun yank\u0131lar\u0131 aras\u0131nda zaman yolculu\u011funa \u00e7\u0131kmak ve Athena Tap\u0131na\u011f\u0131\u2019n\u0131n g\u00f6rkemini ke\u015ffetmek, ruhunuzu besleyecek unutulmaz anlar ya\u015fatacakt\u0131r.<\/p>\n\n\n\n<p>Deniz ve g\u00fcne\u015fin keyfini \u00e7\u0131karmak, rahatlat\u0131c\u0131 plajlar\u0131n tad\u0131n\u0131 \u00e7\u0131karmak isterseniz, ekstra birka\u00e7 g\u00fcn daha eklemenizi \u00f6neririm.<\/p>\n\n\n\n<h2 class=\"wp-block-heading has-text-align-center has-neeon-button-dark-gray-color has-text-color has-link-color wp-elements-a17dbf7bbc3eca900b77e233cdbec4d6\"><span class=\"ez-toc-section\" id=\"assosta_ne_yenir\"><\/span><strong><strong>Assos\u2019ta Ne Yenir?<\/strong><\/strong><span class=\"ez-toc-section-end\"><\/span><\/h2>\n\n\n\n<p>Assos, Ege\u2019nin muhte\u015fem lezzetlerini sunan bir gastronomi cenneti. Deniz \u00fcr\u00fcnleri, zeytinya\u011fl\u0131lar, otlar ve y\u00f6resel lezzetlerle dolu bir mutfak k\u00fclt\u00fcr\u00fcne sahip. Assos\u2019ta ne yenir sorusuna verilecek cevaplarla dama\u011f\u0131n\u0131zda bir \u015f\u00f6len ya\u015fataca\u011f\u0131m. \u0130\u015fte Assos\u2019ta mutlaka tad\u0131lmas\u0131 gereken lezzetlerden baz\u0131lar\u0131:<\/p>\n\n\n\n<ol class=\"wp-block-list\">\n<li><strong>Zeytinya\u011fl\u0131lar:&nbsp;<\/strong>Ege\u2019nin bereketli topraklar\u0131nda yeti\u015fen zeytin a\u011fa\u00e7lar\u0131ndan elde edilen zeytinya\u011f\u0131, Assos\u2019un sofralar\u0131nda ba\u015frol\u00fc oynar. Kabak \u00e7i\u00e7e\u011fi dolmas\u0131, enginar, zeytinya\u011fl\u0131 b\u00f6r\u00fclce gibi nefis zeytinya\u011fl\u0131 yemeklerini mutlaka denemelisiniz.<\/li>\n\n\n\n<li><strong>Deniz \u00dcr\u00fcnleri:<\/strong>&nbsp;Assos\u2019un k\u0131y\u0131 kasabas\u0131 olmas\u0131 sebebiyle taze ve lezzetli deniz \u00fcr\u00fcnleri de bolca bulunur. Kalamar tava, levrek, \u00e7ipura, ahtapot gibi Ege\u2019nin e\u015fsiz bal\u0131k ve deniz \u00fcr\u00fcnleriyle keyifli bir bal\u0131k ziyafeti \u00e7ekebilirsiniz.<\/li>\n\n\n\n<li><strong>Kuzu Tand\u0131r:&nbsp;<\/strong>Ege\u2019nin me\u015fhur kuzu tand\u0131r\u0131, y\u00f6resel restoranlarda m\u00fckemmel bir \u015fekilde sunuluyor. Ustalar\u0131n elinden \u00e7\u0131kan kuzu tand\u0131r, tatmadan d\u00f6n\u00fclmemesi gerekenlerden.<\/li>\n\n\n\n<li><strong>Sak\u0131zl\u0131 Lokum:<\/strong>&nbsp;Sak\u0131z a\u011fa\u00e7lar\u0131n\u0131n bol oldu\u011fu bu b\u00f6lgede, geleneksel y\u00f6ntemlerle yap\u0131lan sak\u0131zl\u0131 lokumlar, tatl\u0131 bir mola i\u00e7in harika bir se\u00e7enek.<\/li>\n\n\n\n<li><strong>Adatepe Zeytinya\u011f\u0131 ve Sirkesi:<\/strong>&nbsp;Assos\u2019un kom\u015fusu olan Adatepe, zeytinya\u011f\u0131 ve sirke \u00fcretimi ile \u00fcnl\u00fc. Gitmi\u015fken kendinize ve sevdiklerinize hediye alabilirsiniz.<\/li>\n<\/ol>\n\n\n\n<p>Assos gezilecek yerler sizin de seyahat planlar\u0131n\u0131z aras\u0131ndaysa <strong><a href=\"https:\/\/www.turna.com\/ucak-bileti\/canakkale\" target=\"_blank\" rel=\"noreferrer noopener\">\u00c7anakkale u\u00e7ak bileti<\/a><\/strong> fiyatlar\u0131n\u0131 mutlaka inceleyin. Assos\u2019a&nbsp;90 km uzakl\u0131kta bulunan <strong>\u00c7anakkale Havaliman\u0131<\/strong>\u2019ndan \u00c7anakkale \u015fehir merkezine taksi, ara\u00e7 kiralama, otob\u00fcsler ve \u00f6zel servisler ile ula\u015f\u0131m imk\u00e2n\u0131 bulundu\u011fu gibi, \u00f6zel arac\u0131n\u0131zla da \u015fehir merkezine ula\u015fabilirsiniz.<\/p>\n\n\n\n<p>\u0130stanbul\u2019dan 6, \u0130zmir\u2019den 3 saat uzakl\u0131kta bulunan Assos\u2019a, \u0130stanbul&#8217;dan, Biga-\u00c7an-Bayrami\u00e7-Ezine g\u00fczerg\u00e2h\u0131 izlenerek Edremit K\u00f6rfezi&#8217;ne, buradan da biraz virajl\u0131 olan Assos\u2019a gelebilirsiniz. <a href=\"https:\/\/www.turna.com\/otobus-bileti\/canakkale\"><strong>\u00c7anakkale otob\u00fcs bileti<\/strong><\/a> se\u00e7eneklerine g\u00f6z at\u0131n.<\/p>\n\n\n<div id=\"rank-math-faq\" class=\"rank-math-block\">\n<div class=\"rank-math-list \">\n<div id=\"faq-question-685a8035b75b5\" class=\"rank-math-list-item\">\n<h3 class=\"rank-math-question \"><span class=\"ez-toc-section\" id=\"assos_gun_batimi_nerede_izlenir\"><\/span>Assos g\u00fcn bat\u0131m\u0131 nerede izlenir?<span class=\"ez-toc-section-end\"><\/span><\/h3>\n<div class=\"rank-math-answer \">\n\n<p>Volkanik bir tepeye kurulmu\u015f olan Assos&#8217;ta, Athena Tap\u0131na\u011f\u0131&#8217;nda g\u00fcne\u015fin bat\u0131\u015f\u0131n\u0131 izlemek muhte\u015fem.<\/p>\n\n<\/div>\n<\/div>\n<\/div>\n<\/div>\n    <div class=\"xs_social_share_widget xs_share_url after_content \t\tmain_content  wslu-style-1 wslu-share-box-shaped wslu-fill-colored wslu-none wslu-share-horizontal wslu-theme-font-no wslu-main_content\">\n\n\t\t\n        <ul>\n\t\t\t        <\/ul>\n    <\/div> \n","protected":false},"excerpt":{"rendered":"<p>Merhaba seyahat severler! Bug\u00fcn sizlere unutulmaz bir tatil rotas\u0131 sunmak i\u00e7in buraday\u0131m: Assos gezilecek yerler! E\u011fer sakin ve tarihi bir atmosferde ruhunuzu dinlendirmek istiyorsan\u0131z, yan\u0131 ba\u015f\u0131n\u0131zdaki bu gizemli k\u00f6\u015feyi kesinlikle ka\u00e7\u0131rmamal\u0131s\u0131n\u0131z. Assos, tarihin derinliklerinde gizlenmi\u015f hikayeleriyle sizi b\u00fcy\u00fcleyecek bir yer. Gelin, bu benzersiz k\u00f6\u015fede kaybolup ke\u015ffetmenin yeni bir anlam\u0131n\u0131 yakalayal\u0131m! Haz\u0131rsan\u0131z, ruhunuza serinletici bir meltemin e\u015flik etti\u011fi bu yolculu\u011fa \u00e7\u0131kmak i\u00e7in haz\u0131rl\u0131klar\u0131n\u0131z\u0131 yap\u0131n. \u0130\u015fte size Assos&#8217;ta gezilecek yerlerin kap\u0131lar\u0131n\u0131 aralayacak bir rehber!<\/p>\n","protected":false},"author":34,"featured_media":21862,"comment_status":"open","ping_status":"open","sticky":false,"template":"","format":"standard","meta":{"rop_custom_images_group":[],"rop_custom_messages_group":[],"rop_publish_now":"initial","rop_publish_now_accounts":[],"rop_publish_now_history":[],"rop_publish_now_status":"pending","_cloudinary_featured_overwrite":false,"footnotes":""},"categories":[1821],"tags":[1375,247,261],"class_list":["post-9598","post","type-post","status-publish","format-standard","has-post-thumbnail","hentry","category-canakkale","tag-assos","tag-canakkale","tag-edremit"],"_links":{"self":[{"href":"https:\/\/www.turna.com\/blog\/wp-json\/wp\/v2\/posts\/9598","targetHints":{"allow":["GET"]}}],"collection":[{"href":"https:\/\/www.turna.com\/blog\/wp-json\/wp\/v2\/posts"}],"about":[{"href":"https:\/\/www.turna.com\/blog\/wp-json\/wp\/v2\/types\/post"}],"author":[{"embeddable":true,"href":"https:\/\/www.turna.com\/blog\/wp-json\/wp\/v2\/users\/34"}],"replies":[{"embeddable":true,"href":"https:\/\/www.turna.com\/blog\/wp-json\/wp\/v2\/comments?post=9598"}],"version-history":[{"count":0,"href":"https:\/\/www.turna.com\/blog\/wp-json\/wp\/v2\/posts\/9598\/revisions"}],"wp:featuredmedia":[{"embeddable":true,"href":"https:\/\/www.turna.com\/blog\/wp-json\/wp\/v2\/media\/21862"}],"wp:attachment":[{"href":"https:\/\/www.turna.com\/blog\/wp-json\/wp\/v2\/media?parent=9598"}],"wp:term":[{"taxonomy":"category","embeddable":true,"href":"https:\/\/www.turna.com\/blog\/wp-json\/wp\/v2\/categories?post=9598"},{"taxonomy":"post_tag","embeddable":true,"href":"https:\/\/www.turna.com\/blog\/wp-json\/wp\/v2\/tags?post=9598"}],"curies":[{"name":"wp","href":"https:\/\/api.w.org\/{rel}","templated":true}]}}