{"id":9375,"date":"2024-11-07T12:21:59","date_gmt":"2024-11-07T09:21:59","guid":{"rendered":"https:\/\/www.turna.com\/blog\/?p=9375"},"modified":"2025-08-25T16:01:49","modified_gmt":"2025-08-25T13:01:49","slug":"zonguldak-gezilecek-yerler","status":"publish","type":"post","link":"https:\/\/www.turna.com\/blog\/zonguldak-gezilecek-yerler","title":{"rendered":"Zonguldak&#8217;ta G\u00f6rmeniz Gereken 16 Yer"},"content":{"rendered":"<div id=\"ez-toc-container\" class=\"ez-toc-v2_0_82_2 counter-hierarchy ez-toc-counter ez-toc-black ez-toc-container-direction\">\n<div class=\"ez-toc-title-container\">\n<p class=\"ez-toc-title\" style=\"cursor:inherit\">\u0130\u00e7indekiler<\/p>\n<span class=\"ez-toc-title-toggle\"><a href=\"#\" class=\"ez-toc-pull-right ez-toc-btn ez-toc-btn-xs ez-toc-btn-default ez-toc-toggle\" aria-label=\"\u0130\u00e7indekiler Tablosunu A\u00e7\/Kapat\"><span class=\"ez-toc-js-icon-con\"><span class=\"\"><span class=\"eztoc-hide\" style=\"display:none;\">Toggle<\/span><span class=\"ez-toc-icon-toggle-span\"><svg style=\"fill: #ffffff;color:#ffffff\" xmlns=\"http:\/\/www.w3.org\/2000\/svg\" class=\"list-377408\" width=\"20px\" height=\"20px\" viewBox=\"0 0 24 24\" fill=\"none\"><path d=\"M6 6H4v2h2V6zm14 0H8v2h12V6zM4 11h2v2H4v-2zm16 0H8v2h12v-2zM4 16h2v2H4v-2zm16 0H8v2h12v-2z\" fill=\"currentColor\"><\/path><\/svg><svg style=\"fill: #ffffff;color:#ffffff\" class=\"arrow-unsorted-368013\" xmlns=\"http:\/\/www.w3.org\/2000\/svg\" width=\"10px\" height=\"10px\" viewBox=\"0 0 24 24\" version=\"1.2\" baseProfile=\"tiny\"><path d=\"M18.2 9.3l-6.2-6.3-6.2 6.3c-.2.2-.3.4-.3.7s.1.5.3.7c.2.2.4.3.7.3h11c.3 0 .5-.1.7-.3.2-.2.3-.5.3-.7s-.1-.5-.3-.7zM5.8 14.7l6.2 6.3 6.2-6.3c.2-.2.3-.5.3-.7s-.1-.5-.3-.7c-.2-.2-.4-.3-.7-.3h-11c-.3 0-.5.1-.7.3-.2.2-.3.5-.3.7s.1.5.3.7z\"\/><\/svg><\/span><\/span><\/span><\/a><\/span><\/div>\n<nav><ul class='ez-toc-list ez-toc-list-level-1 eztoc-toggle-hide-by-default' ><li class='ez-toc-page-1 ez-toc-heading-level-2'><a class=\"ez-toc-link ez-toc-heading-1\" href=\"https:\/\/www.turna.com\/blog\/zonguldak-gezilecek-yerler\/#zonguldakta_gormeniz_gereken_16_yer\" >Zonguldak&#8217;ta G\u00f6rmeniz Gereken 16 Yer<\/a><ul class='ez-toc-list-level-3' ><li class='ez-toc-heading-level-3'><a class=\"ez-toc-link ez-toc-heading-2\" href=\"https:\/\/www.turna.com\/blog\/zonguldak-gezilecek-yerler\/#1_filyos_kalesi\" >1. Filyos Kalesi<\/a><\/li><li class='ez-toc-page-1 ez-toc-heading-level-3'><a class=\"ez-toc-link ez-toc-heading-3\" href=\"https:\/\/www.turna.com\/blog\/zonguldak-gezilecek-yerler\/#2_halil_pasa_konagi\" >2.\u00a0Halil Pa\u015fa Kona\u011f\u0131<\/a><\/li><li class='ez-toc-page-1 ez-toc-heading-level-3'><a class=\"ez-toc-link ez-toc-heading-4\" href=\"https:\/\/www.turna.com\/blog\/zonguldak-gezilecek-yerler\/#3_kozlu_iliksu_kaplicasi\" >3.\u00a0Kozlu Il\u0131ksu Kapl\u0131cas\u0131<\/a><\/li><li class='ez-toc-page-1 ez-toc-heading-level-3'><a class=\"ez-toc-link ez-toc-heading-5\" href=\"https:\/\/www.turna.com\/blog\/zonguldak-gezilecek-yerler\/#4_gokgol_magarasi\" >4.\u00a0G\u00f6kg\u00f6l Ma\u011faras\u0131<\/a><\/li><li class='ez-toc-page-1 ez-toc-heading-level-3'><a class=\"ez-toc-link ez-toc-heading-6\" href=\"https:\/\/www.turna.com\/blog\/zonguldak-gezilecek-yerler\/#5_kizilcapinar_baraj_golu\" >5.\u00a0K\u0131z\u0131lcap\u0131nar Baraj G\u00f6l\u00fc<\/a><\/li><li class='ez-toc-page-1 ez-toc-heading-level-3'><a class=\"ez-toc-link ez-toc-heading-7\" href=\"https:\/\/www.turna.com\/blog\/zonguldak-gezilecek-yerler\/#6_cehennemagzi_magaralari\" >6. Cehennema\u011fz\u0131 Ma\u011faralar\u0131<\/a><\/li><li class='ez-toc-page-1 ez-toc-heading-level-3'><a class=\"ez-toc-link ez-toc-heading-8\" href=\"https:\/\/www.turna.com\/blog\/zonguldak-gezilecek-yerler\/#7_zonguldak_maden_muzesi\" >7. Zonguldak Maden M\u00fczesi<\/a><\/li><li class='ez-toc-page-1 ez-toc-heading-level-3'><a class=\"ez-toc-link ez-toc-heading-9\" href=\"https:\/\/www.turna.com\/blog\/zonguldak-gezilecek-yerler\/#8_tios_antik_kenti\" >8. Tios Antik Kenti<\/a><\/li><li class='ez-toc-page-1 ez-toc-heading-level-3'><a class=\"ez-toc-link ez-toc-heading-10\" href=\"https:\/\/www.turna.com\/blog\/zonguldak-gezilecek-yerler\/#9_bastoncular_carsisi\" >9. Bastoncular \u00c7ar\u015f\u0131s\u0131<\/a><\/li><li class='ez-toc-page-1 ez-toc-heading-level-3'><a class=\"ez-toc-link ez-toc-heading-11\" href=\"https:\/\/www.turna.com\/blog\/zonguldak-gezilecek-yerler\/#10_zonguldak_feneri\" >10. Zonguldak Feneri<\/a><\/li><li class='ez-toc-page-1 ez-toc-heading-level-3'><a class=\"ez-toc-link ez-toc-heading-12\" href=\"https:\/\/www.turna.com\/blog\/zonguldak-gezilecek-yerler\/#11kapuz_plaji\" >11.Kapuz Plaj\u0131<\/a><\/li><li class='ez-toc-page-1 ez-toc-heading-level-3'><a class=\"ez-toc-link ez-toc-heading-13\" href=\"https:\/\/www.turna.com\/blog\/zonguldak-gezilecek-yerler\/#12_gazi_alemdar_muzesi\" >12. Gazi Alemdar M\u00fczesi<\/a><\/li><li class='ez-toc-page-1 ez-toc-heading-level-3'><a class=\"ez-toc-link ez-toc-heading-14\" href=\"https:\/\/www.turna.com\/blog\/zonguldak-gezilecek-yerler\/#13_filyos_plaji\" >13. Filyos Plaj\u0131<\/a><\/li><li class='ez-toc-page-1 ez-toc-heading-level-3'><a class=\"ez-toc-link ez-toc-heading-15\" href=\"https:\/\/www.turna.com\/blog\/zonguldak-gezilecek-yerler\/#14_sofular_magarasi\" >14. Sofular Ma\u011faras\u0131<\/a><\/li><li class='ez-toc-page-1 ez-toc-heading-level-3'><a class=\"ez-toc-link ez-toc-heading-16\" href=\"https:\/\/www.turna.com\/blog\/zonguldak-gezilecek-yerler\/#15_varagel_tuneli\" >15. Varagel T\u00fcneli<\/a><\/li><li class='ez-toc-page-1 ez-toc-heading-level-3'><a class=\"ez-toc-link ez-toc-heading-17\" href=\"https:\/\/www.turna.com\/blog\/zonguldak-gezilecek-yerler\/#16_zonguldak_kent_ormani\" >16. Zonguldak Kent Orman\u0131<\/a><\/li><\/ul><\/li><\/ul><\/nav><\/div>\n\n<p>\u00dclkemizde &#8216;kara elmas&#8217; olarak an\u0131lan ta\u015f k\u00f6m\u00fcr\u00fcn\u00fcn ba\u015fkenti olan <strong>Zonguldak<\/strong>, <a href=\"https:\/\/www.turna.com\/blog\/turkiye\" target=\"_blank\" rel=\"noopener noreferrer\">T\u00fcrkiye<\/a>&#8216;nin Karadeniz k\u0131y\u0131lar\u0131nda yer alan \u00f6nemli liman \u015fehirlerinden biri. Maden sekt\u00f6r\u00fcn\u00fcn yan\u0131 s\u0131ra deniz ticareti anlam\u0131nda da \u00f6ne \u00e7\u0131kan bu \u015fehir, Milattan \u00d6nce 2500&#8217;l\u00fc y\u0131llara dayanan tarihi boyunca Hititler, Persler, Sel\u00e7uklular ve Osmanl\u0131lar gibi pek \u00e7ok medeniyete ev sahipli\u011fi yapt\u0131. Do\u011fal g\u00fczellikleri, tarihi yap\u0131lar\u0131, ma\u011faralar\u0131 derken gezilip g\u00f6r\u00fclecek turistik noktalar\u0131yla hayranl\u0131k uyand\u0131ran Zonguldak, yakla\u015f\u0131k 250 binlik n\u00fcfusuyla sakin ve etkileyici bir \u015fehir.<\/p>\n\n\n\n<h2 class=\"wp-block-heading has-text-align-center has-neeon-button-dark-gray-color has-text-color has-link-color wp-elements-195c4c94fcf31afcf061d5994125a37e\"><span class=\"ez-toc-section\" id=\"zonguldakta_gormeniz_gereken_16_yer\"><\/span><strong><strong><strong>Zonguldak&#8217;ta G\u00f6rmeniz Gereken 16 Yer<\/strong><\/strong><\/strong><span class=\"ez-toc-section-end\"><\/span><\/h2>\n\n\n\n<h3 class=\"wp-block-heading has-text-align-center has-neeon-button-dark-gray-color has-text-color has-link-color wp-elements-9bac82792222747dc7ad85eccdd42db3\"><span class=\"ez-toc-section\" id=\"1_filyos_kalesi\"><\/span><strong><strong><strong><strong>1. Filyos Kalesi<\/strong><\/strong><\/strong><\/strong><span class=\"ez-toc-section-end\"><\/span><\/h3>\n\n\n\n<figure class=\"wp-block-image\"><img width=\"800\" height=\"500\" data-public-id=\"Filyos-Kalesi_shqqvn\/Filyos-Kalesi_shqqvn.jpg\" fetchpriority=\"high\" decoding=\"async\" src=\"https:\/\/res.cloudinary.com\/turna\/images\/w_800,h_500,c_scale\/f_auto,q_auto\/f_auto,q_auto:low\/v1504968112\/Filyos-Kalesi_shqqvn\/Filyos-Kalesi_shqqvn.jpg?_i=AA\" alt=\"\" class=\"wp-post-9375 wp-image-9524\" data-format=\"jpg\" data-transformations=\"f_auto,q_auto\/f_auto,q_auto:low\" data-version=\"1504968112\" data-seo=\"1\" srcset=\"https:\/\/res.cloudinary.com\/turna\/images\/f_auto,q_auto\/f_auto,q_auto:low\/v1504968112\/Filyos-Kalesi_shqqvn\/Filyos-Kalesi_shqqvn.jpg?_i=AA 800w, https:\/\/res.cloudinary.com\/turna\/images\/w_300,h_188,c_scale\/f_auto,q_auto\/f_auto,q_auto:low\/v1504968112\/Filyos-Kalesi_shqqvn\/Filyos-Kalesi_shqqvn.jpg?_i=AA 300w, https:\/\/res.cloudinary.com\/turna\/images\/w_672,h_420,c_scale\/f_auto,q_auto\/f_auto,q_auto:low\/v1504968112\/Filyos-Kalesi_shqqvn\/Filyos-Kalesi_shqqvn.jpg?_i=AA 672w, https:\/\/res.cloudinary.com\/turna\/images\/w_640,h_400,c_scale\/f_auto,q_auto\/f_auto,q_auto:low\/v1504968112\/Filyos-Kalesi_shqqvn\/Filyos-Kalesi_shqqvn.jpg?_i=AA 640w, https:\/\/res.cloudinary.com\/turna\/images\/w_681,h_426,c_scale\/f_auto,q_auto\/f_auto,q_auto:low\/v1504968112\/Filyos-Kalesi_shqqvn\/Filyos-Kalesi_shqqvn.jpg?_i=AA 681w\" sizes=\"(max-width: 800px) 100vw, 800px\" \/><\/figure>\n\n\n\n<p>Roma d\u00f6neminde in\u015fa edildi\u011fi tahmin edilen ve Filyos \/ Tieion Antik Kenti&#8217;nde yer alan <strong>Filyos Kalesi<\/strong>, g\u00f6rkemli g\u00f6r\u00fcnt\u00fcs\u00fc ve tarihi y\u00f6n\u00fcyle \u015fehrin en \u00e7ok ziyaret edilen noktalar\u0131ndan. Karadeniz k\u0131y\u0131lar\u0131na bakan bir burun \u00fczerinde in\u015fa edilen bu yap\u0131, 2003 y\u0131l\u0131nda yap\u0131lan restorasyonun ard\u0131ndan bug\u00fcnk\u00fc g\u00f6r\u00fcn\u00fcm\u00fcne kavu\u015ftu.<\/p>\n\n\n\n<h3 class=\"wp-block-heading has-text-align-center has-neeon-button-dark-gray-color has-text-color has-link-color wp-elements-4e8e69cc4d1ac911400138f15065bb32\"><span class=\"ez-toc-section\" id=\"2_halil_pasa_konagi\"><\/span><strong><strong><strong><strong>2.\u00a0Halil Pa\u015fa Kona\u011f\u0131<\/strong><\/strong><\/strong><\/strong><span class=\"ez-toc-section-end\"><\/span><\/h3>\n\n\n\n<p>Orta sofal\u0131 bir plan tipine g\u00f6re in\u015fa edilen<strong> Halil Pa\u015fa Kona\u011f\u0131 (Ere\u011fli M\u00fczesi)<\/strong>,\u00a0Padi\u015fah 2. Abd\u00fclhamit d\u00f6neminde Sancak Beyi Halil Pa\u015fa Karamahmuto\u011flu taraf\u0131ndan yapt\u0131r\u0131ld\u0131. Eski bir kilisenin \u00fczerine in\u015fa edilen g\u00fcn\u00fcm\u00fczde ise m\u00fczeye d\u00f6n\u00fc\u015ft\u00fcr\u00fclerek ziyarete a\u00e7\u0131lan bu konakta,\u00a0Hellen, Roma, Bizans,\u00a0Lidya, Grek, Abbasi, Emevi, Sel\u00e7uklu ve Osmanl\u0131 d\u00f6neminden kalma eserler sergileniyor.<\/p>\n\n\n\n<h3 class=\"wp-block-heading has-text-align-center has-neeon-button-dark-gray-color has-text-color has-link-color wp-elements-8d9b3c3205e2dcd18ef35c6c6b6c986e\"><span class=\"ez-toc-section\" id=\"3_kozlu_iliksu_kaplicasi\"><\/span><strong><strong><strong><strong>3.\u00a0Kozlu Il\u0131ksu Kapl\u0131cas\u0131<\/strong><\/strong><\/strong><\/strong><span class=\"ez-toc-section-end\"><\/span><\/h3>\n\n\n\n<p><strong>Kozlu Il\u0131ksu Kapl\u0131cas\u0131<\/strong>&#8216;ndan \u00e7\u0131kan \u015fifal\u0131 sular\u0131n mide ve ba\u011f\u0131rsak problemi ya\u015fayan hastalara iyi geldi\u011fi s\u00f6yleniyor. Zonguldak&#8217;\u0131n Il\u0131ksu mahallesinde bulunan bu kapl\u0131ca \u00f6zellikle yaz aylar\u0131nda olduk\u00e7a kalabal\u0131k oluyor. E\u011fer hem dinlenmek hem de \u015fifa bulmak istiyorsan\u0131z bu kapl\u0131caya u\u011framadan \u015fehirden ayr\u0131lmay\u0131n.<\/p>\n\n\n\n<h3 class=\"wp-block-heading has-text-align-center has-neeon-button-dark-gray-color has-text-color has-link-color wp-elements-0242f8d465a5bc93275e4553e0ba35b9\"><span class=\"ez-toc-section\" id=\"4_gokgol_magarasi\"><\/span><strong><strong><strong><strong>4.\u00a0G\u00f6kg\u00f6l Ma\u011faras\u0131<\/strong><\/strong><\/strong><\/strong><span class=\"ez-toc-section-end\"><\/span><\/h3>\n\n\n\n<figure class=\"wp-block-image\"><img width=\"800\" height=\"500\" data-public-id=\"Gokgol-Magarasi_dou77z\/Gokgol-Magarasi_dou77z.jpg\" decoding=\"async\" src=\"https:\/\/res.cloudinary.com\/turna\/images\/w_800,h_500,c_scale\/f_auto,q_auto\/f_auto,q_auto:low\/v1504968211\/Gokgol-Magarasi_dou77z\/Gokgol-Magarasi_dou77z.jpg?_i=AA\" alt=\"\" class=\"wp-post-9375 wp-image-9525\" data-format=\"jpg\" data-transformations=\"f_auto,q_auto\/f_auto,q_auto:low\" data-version=\"1504968211\" data-seo=\"1\" srcset=\"https:\/\/res.cloudinary.com\/turna\/images\/f_auto,q_auto\/f_auto,q_auto:low\/v1504968211\/Gokgol-Magarasi_dou77z\/Gokgol-Magarasi_dou77z.jpg?_i=AA 800w, https:\/\/res.cloudinary.com\/turna\/images\/w_300,h_188,c_scale\/f_auto,q_auto\/f_auto,q_auto:low\/v1504968211\/Gokgol-Magarasi_dou77z\/Gokgol-Magarasi_dou77z.jpg?_i=AA 300w, https:\/\/res.cloudinary.com\/turna\/images\/w_672,h_420,c_scale\/f_auto,q_auto\/f_auto,q_auto:low\/v1504968211\/Gokgol-Magarasi_dou77z\/Gokgol-Magarasi_dou77z.jpg?_i=AA 672w, https:\/\/res.cloudinary.com\/turna\/images\/w_640,h_400,c_scale\/f_auto,q_auto\/f_auto,q_auto:low\/v1504968211\/Gokgol-Magarasi_dou77z\/Gokgol-Magarasi_dou77z.jpg?_i=AA 640w, https:\/\/res.cloudinary.com\/turna\/images\/w_681,h_426,c_scale\/f_auto,q_auto\/f_auto,q_auto:low\/v1504968211\/Gokgol-Magarasi_dou77z\/Gokgol-Magarasi_dou77z.jpg?_i=AA 681w\" sizes=\"(max-width: 800px) 100vw, 800px\" \/><\/figure>\n\n\n\n<p>Travertenleri, sark\u0131tlar\u0131, damlata\u015flar\u0131 ve gizemli atmosferiyle \u015fehrin en pop\u00fcler turistik adreslerinden biri olan <strong>G\u00f6kg\u00f6l Ma\u011faras\u0131<\/strong>, \u015fehrin en uzun ikinci ma\u011faras\u0131 olarak biliniyor. Toplam \u00fc\u00e7 bin 350 metre uzunlu\u011fundaki bu ma\u011faran\u0131n yaln\u0131zca 875 metrelik b\u00f6l\u00fcm\u00fc ziyarete a\u00e7\u0131k. Er\u00e7ek deresi civar\u0131nda bulunan bu ma\u011fara fosil k\u0131s\u0131m, aktif k\u0131s\u0131m ve yar\u0131 aktif yan kollar olma \u00fczere \u00fc\u00e7 b\u00f6l\u00fcmden olu\u015fuyor.<\/p>\n\n\n\n<h3 class=\"wp-block-heading has-text-align-center has-neeon-button-dark-gray-color has-text-color has-link-color wp-elements-b336cdb0e5463daa7134984c4e5d6173\"><span class=\"ez-toc-section\" id=\"5_kizilcapinar_baraj_golu\"><\/span><strong><strong><strong><strong>5.\u00a0K\u0131z\u0131lcap\u0131nar Baraj G\u00f6l\u00fc<\/strong><\/strong><\/strong><\/strong><span class=\"ez-toc-section-end\"><\/span><\/h3>\n\n\n\n<p><img width=\"800\" height=\"500\" data-public-id=\"Kizilcapinar-Baraj-Golu_hrik4g\/Kizilcapinar-Baraj-Golu_hrik4g.jpg\" decoding=\"async\" class=\"alignnone wp-post-9375 wp-image-9526\" src=\"https:\/\/res.cloudinary.com\/turna\/images\/w_800,h_500,c_scale\/f_auto,q_auto\/f_auto,q_auto:low\/v1504968224\/Kizilcapinar-Baraj-Golu_hrik4g\/Kizilcapinar-Baraj-Golu_hrik4g.jpg?_i=AA\" data-format=\"jpg\" data-transformations=\"f_auto,q_auto\/f_auto,q_auto:low\" data-version=\"1504968224\" data-seo=\"1\" srcset=\"https:\/\/res.cloudinary.com\/turna\/images\/f_auto,q_auto\/f_auto,q_auto:low\/v1504968224\/Kizilcapinar-Baraj-Golu_hrik4g\/Kizilcapinar-Baraj-Golu_hrik4g.jpg?_i=AA 800w, https:\/\/res.cloudinary.com\/turna\/images\/w_300,h_188,c_scale\/f_auto,q_auto\/f_auto,q_auto:low\/v1504968224\/Kizilcapinar-Baraj-Golu_hrik4g\/Kizilcapinar-Baraj-Golu_hrik4g.jpg?_i=AA 300w, https:\/\/res.cloudinary.com\/turna\/images\/w_672,h_420,c_scale\/f_auto,q_auto\/f_auto,q_auto:low\/v1504968224\/Kizilcapinar-Baraj-Golu_hrik4g\/Kizilcapinar-Baraj-Golu_hrik4g.jpg?_i=AA 672w, https:\/\/res.cloudinary.com\/turna\/images\/w_640,h_400,c_scale\/f_auto,q_auto\/f_auto,q_auto:low\/v1504968224\/Kizilcapinar-Baraj-Golu_hrik4g\/Kizilcapinar-Baraj-Golu_hrik4g.jpg?_i=AA 640w, https:\/\/res.cloudinary.com\/turna\/images\/w_681,h_426,c_scale\/f_auto,q_auto\/f_auto,q_auto:low\/v1504968224\/Kizilcapinar-Baraj-Golu_hrik4g\/Kizilcapinar-Baraj-Golu_hrik4g.jpg?_i=AA 681w\" sizes=\"(max-width: 800px) 100vw, 800px\" \/><\/p>\n\n\n\n<p>Do\u011fayla i\u00e7 i\u00e7e olmay\u0131 sevenlerin vazge\u00e7ilmez rotalar\u0131ndan biri olan\u00a0<strong>K\u0131z\u0131lcap\u0131nar Baraj G\u00f6l\u00fc<\/strong>, bahar ve yaz aylar\u0131nda piknik\u00e7ilerin de bulu\u015fma noktas\u0131 oluyor. K\u0131zlar \u00e7ay\u0131 \u00fczerine kurulan ve \u015fehrin en etkileyici manzaralar\u0131ndan birine sahip olan bu baraj g\u00f6l\u00fc, 1990&#8217;l\u0131 y\u0131llardan bu yana hizmet veriyor.<\/p>\n\n\n\n<h3 class=\"wp-block-heading has-text-align-center has-neeon-button-dark-gray-color has-text-color has-link-color wp-elements-aa194b4a70683c4d13a0331934be2305\"><span class=\"ez-toc-section\" id=\"6_cehennemagzi_magaralari\"><\/span><strong><strong><strong><strong>6. Cehennema\u011fz\u0131 Ma\u011faralar\u0131<\/strong><\/strong><\/strong><\/strong><span class=\"ez-toc-section-end\"><\/span><\/h3>\n\n\n\n<p>Mitolojik hikayelerle dolu olan <strong>Cehennema\u011fz\u0131 Ma\u011faralar\u0131<\/strong>, ad\u0131ndan da anla\u015f\u0131laca\u011f\u0131 \u00fczere gizemli bir atmosfere sahip. Ere\u011fli il\u00e7esinde yer alan ma\u011faralar, mitolojide Herk\u00fcl\u2019\u00fcn 12 g\u00f6revi aras\u0131nda yer alan cehennem kap\u0131lar\u0131n\u0131 simgeliyor. \u015eehre gelen ziyaret\u00e7ilerin ilk u\u011frad\u0131\u011f\u0131 yerlerden olan Cehennema\u011fz\u0131 Ma\u011faralar\u0131, i\u00e7erisindeki b\u00fcy\u00fcleyici yap\u0131s\u0131yla insan\u0131 resmen ba\u015fka bir d\u00fcnyaya ta\u015f\u0131yor. Ma\u011faralar\u0131n i\u00e7inde yer alan dar ge\u00e7itler ve ta\u015f dokular, ziyaret\u00e7ilere eski medeniyetlerin izlerini hissettiriyor.<\/p>\n\n\n\n<p>Bu e\u015fsiz ma\u011faralar\u0131n serin ve gizemli havas\u0131, yaz aylar\u0131nda s\u0131caklardan ka\u00e7anlar i\u00e7in de ideal bir rota. Zonguldak\u2019a gelmi\u015fken hem mitolojiyi hissetmek hem de do\u011fan\u0131n i\u00e7indeki bu do\u011fal harikay\u0131 ke\u015ffetmek isteyenlere kesinlikle tavsiye ediliyor.<\/p>\n\n\n\n<h3 class=\"wp-block-heading has-text-align-center has-neeon-button-dark-gray-color has-text-color has-link-color wp-elements-07aaaaaa48c8b7664071a78e82da69be\"><span class=\"ez-toc-section\" id=\"7_zonguldak_maden_muzesi\"><\/span><strong><strong><strong><strong>7. Zonguldak Maden M\u00fczesi<\/strong><\/strong><\/strong><\/strong><span class=\"ez-toc-section-end\"><\/span><\/h3>\n\n\n\n<p>Zonguldak\u2019\u0131n sanayi miras\u0131n\u0131 ve k\u00f6m\u00fcr madencili\u011fi tarihini en iyi yans\u0131tan yerlerden biri olan <strong>Zonguldak Maden M\u00fczesi<\/strong>, T\u00fcrkiye&#8217;nin ilk ve tek maden m\u00fczesi olma \u00f6zelli\u011fine sahip. M\u00fcze, k\u00f6m\u00fcr\u00fcn nas\u0131l \u00e7\u0131kar\u0131ld\u0131\u011f\u0131n\u0131, madencilerin zorlu ya\u015fam\u0131n\u0131 ve b\u00f6lgedeki k\u00f6m\u00fcr k\u00fclt\u00fcr\u00fcn\u00fc t\u00fcm detaylar\u0131yla ziyaret\u00e7ilere sunuyor. \u00c7ocuklar ve yeti\u015fkinler i\u00e7in ayr\u0131 ayr\u0131 d\u00fczenlenmi\u015f interaktif b\u00f6l\u00fcmleri ile herkesin ilgisini \u00e7ekecek bir deneyim.<\/p>\n\n\n\n<p>Zonguldak\u2019\u0131n k\u00f6m\u00fcr madencili\u011findeki \u00f6nemini ve ge\u00e7mi\u015ften g\u00fcn\u00fcm\u00fcze geli\u015fen maden teknolojilerini a\u00e7\u0131ld\u0131\u011f\u0131 2016 y\u0131l\u0131ndan beri g\u00f6zler \u00f6n\u00fcne seren bu m\u00fcze, tarih ve k\u00fclt\u00fcr merakl\u0131lar\u0131n\u0131n g\u00f6rmesi gereken bir durak.<\/p>\n\n\n\n<h3 class=\"wp-block-heading has-text-align-center has-neeon-button-dark-gray-color has-text-color has-link-color wp-elements-02fd7ba5f13d86324fe533f28875f53c\"><span class=\"ez-toc-section\" id=\"8_tios_antik_kenti\"><\/span><strong><strong><strong><strong>8. Tios Antik Kenti<\/strong><\/strong><\/strong><\/strong><span class=\"ez-toc-section-end\"><\/span><\/h3>\n\n\n\n<p>Zonguldak&#8217;ta antik \u00e7a\u011flara do\u011fru bir yolculu\u011fa \u00e7\u0131kmak isteyenler i\u00e7in Filyos\u2019ta bulunan <strong>Tios Antik Kenti<\/strong>, b\u00fcy\u00fcleyici bir tarih deneyimi. Tarihi Roma d\u00f6nemine kadar uzanan bu antik kent, b\u00f6lgenin antik \u00e7a\u011flardaki \u00f6nemini g\u00f6steren kal\u0131nt\u0131larla dolu. Tiyatro, sur duvarlar\u0131 ve hamam kal\u0131nt\u0131lar\u0131yla g\u00f6z kama\u015ft\u0131ran bu tarihi yerle\u015fim, arkeoloji merakl\u0131lar\u0131 i\u00e7in adeta bir a\u00e7\u0131k hava m\u00fczesi. Her ad\u0131mda ge\u00e7mi\u015fe do\u011fru bir yolculuk hissi veren Tios Antik Kenti, tarihin izini s\u00fcren gezginleri kendine \u00e7ekiyor. Kenti dola\u015f\u0131rken adeta antik \u00e7a\u011flarda ya\u015f\u0131yormu\u015f gibi hissedeceksiniz.<\/p>\n\n\n\n<h3 class=\"wp-block-heading has-text-align-center has-neeon-button-dark-gray-color has-text-color has-link-color wp-elements-c0aa2916bb31863ec37a9f4782346f2c\"><span class=\"ez-toc-section\" id=\"9_bastoncular_carsisi\"><\/span><strong><strong><strong><strong>9. Bastoncular \u00c7ar\u015f\u0131s\u0131<\/strong><\/strong><\/strong><\/strong><span class=\"ez-toc-section-end\"><\/span><\/h3>\n\n\n\n<p>Zonguldak\u2019\u0131n el eme\u011fi g\u00f6z nuru \u00fcr\u00fcnleriyle \u00fcnl\u00fc <strong>Bastoncular \u00c7ar\u015f\u0131s\u0131<\/strong>, y\u00f6resel hediyelikler almak isteyenlerin u\u011frak noktas\u0131. Bu \u00e7ar\u015f\u0131da ah\u015faptan yap\u0131lan ve birbirinden farkl\u0131 desenlerle s\u00fcslenen bastonlar, Zonguldak\u2019\u0131n el sanatlar\u0131n\u0131n bir g\u00f6stergesi olarak ziyaret\u00e7ilere sunuluyor. Her biri el yap\u0131m\u0131 olan bu bastonlar, ge\u00e7mi\u015fin ustal\u0131k gerektiren zanaat\u0131n\u0131 bug\u00fcne ta\u015f\u0131yor. Bu tarihi \u00e7ar\u015f\u0131y\u0131 gezerek \u015fehrin k\u00fclt\u00fcr\u00fcn\u00fc daha yak\u0131ndan tan\u0131may\u0131, sevdiklerinize \u00f6zel Zonguldak hat\u0131ras\u0131 hediyelikler almay\u0131 unutmay\u0131n.<\/p>\n\n\n\n<h3 class=\"wp-block-heading has-text-align-center has-neeon-button-dark-gray-color has-text-color has-link-color wp-elements-416c98a77e65b13bbec580f325194816\"><span class=\"ez-toc-section\" id=\"10_zonguldak_feneri\"><\/span><strong><strong><strong><strong>10. Zonguldak Feneri<\/strong><\/strong><\/strong><\/strong><span class=\"ez-toc-section-end\"><\/span><\/h3>\n\n\n\n<figure class=\"wp-block-image\"><img decoding=\"async\" src=\"https:\/\/res.cloudinary.com\/turna\/image\/upload\/v1730970487\/wordpress-contents\/zonguldak-kapaz-lighthouse.jpg\" alt=\"\"\/><\/figure>\n\n\n\n<p>Zonguldak\u2019\u0131n k\u0131y\u0131 \u015feridini ayd\u0131nlatan ve \u015fehrin simgelerinden biri olan <strong>Zonguldak Feneri<\/strong>, \u015fehir merkezine olduk\u00e7a yak\u0131n bir konumda Karadeniz\u2019in dalgalar\u0131 aras\u0131nda dimdik y\u00fckselerek ziyaret\u00e7ileri bekliyor. Geceleri \u0131\u015f\u0131\u011f\u0131yla denizcilere yol g\u00f6steren bu fener, ayn\u0131 zamanda harika bir manzara noktas\u0131 olarak da \u00f6ne \u00e7\u0131k\u0131yor. \u00d6zellikle g\u00fcn bat\u0131m\u0131nda ziyaret ederek denizle bulu\u015fan g\u00fcne\u015fin k\u0131z\u0131l rengini izlemek mutlaka yap\u0131lacaklar listenizde yer almal\u0131. 1908 y\u0131l\u0131nda in\u015fa edilen feneri ziyaret ettikten sonra k\u0131y\u0131 boyunca k\u0131sa bir y\u00fcr\u00fcy\u00fc\u015f yaparak Karadeniz\u2019in serin r\u00fczgar\u0131n\u0131 hissedebilirsiniz.<\/p>\n\n\n\n<h3 class=\"wp-block-heading has-text-align-center has-neeon-button-dark-gray-color has-text-color has-link-color wp-elements-f54fd80f05367962a8cc4216b3d6d712\"><span class=\"ez-toc-section\" id=\"11kapuz_plaji\"><\/span><strong><strong><strong><strong>11.Kapuz Plaj\u0131 <\/strong><\/strong><\/strong><\/strong><span class=\"ez-toc-section-end\"><\/span><\/h3>\n\n\n\n<p><strong>Kapuz Plaj\u0131<\/strong>, Zonguldak\u2019\u0131n do\u011fa harikalar\u0131yla \u00fcnl\u00fc k\u0131y\u0131lar\u0131ndan biri ve \u00f6zellikle yaz aylar\u0131nda hem yerel halk\u0131n hem de turistlerin g\u00f6zdesi haline geliyor. Alt\u0131n sar\u0131s\u0131 kumsal\u0131 ve tertemiz deniziyle dikkat \u00e7eken bu plaj, Karadeniz\u2019in dalgalar\u0131 e\u015fli\u011finde huzurlu bir tatil isteyenler i\u00e7in m\u00fckemmel bir durak. Plaj\u0131n en sevilen \u00f6zelliklerinden biri ise dalgalar\u0131n getirdi\u011fi serin Karadeniz r\u00fczgar\u0131 ile s\u0131caktan bunalmadan keyifli bir g\u00fcn ge\u00e7irilebilmesi.<\/p>\n\n\n\n<p>Kapuz Plaj\u0131, \u00e7ocuklu ailelerden gen\u00e7 gruplara kadar herkesin rahatl\u0131kla vakit ge\u00e7irebilece\u011fi bir ortam. Sahil boyunca s\u0131ralanan \u015fezlonglarda g\u00fcne\u015flenebilir, serin sulara dalarak yorgunlu\u011funuzu atabilirsiniz. Ayr\u0131ca \u00e7evresinde yer alan kafeler ve restoranlar, deniz keyfinin ard\u0131ndan Karadeniz mutfa\u011f\u0131n\u0131n leziz tatlar\u0131n\u0131 deneyimlemeniz i\u00e7in g\u00fczel bir f\u0131rsat sunuyor. Zonguldak\u2019\u0131 ziyaret etti\u011finizde, Kapuz Plaj\u0131\u2019nda denizin ve g\u00fcne\u015fin tad\u0131n\u0131 \u00e7\u0131kararak kendinize unutulmaz bir g\u00fcn hediye etmeyi unutmay\u0131n.<\/p>\n\n\n\n<h3 class=\"wp-block-heading has-text-align-center has-neeon-button-dark-gray-color has-text-color has-link-color wp-elements-5c70b313561f241da1c40440774056f8\"><span class=\"ez-toc-section\" id=\"12_gazi_alemdar_muzesi\"><\/span><strong><strong><strong><strong>12. Gazi Alemdar M\u00fczesi<\/strong><\/strong><\/strong><\/strong><span class=\"ez-toc-section-end\"><\/span><\/h3>\n\n\n\n<p>Milli m\u00fccadele d\u00f6neminde \u00f6nemli bir role sahip olan <strong>Gazi Alemdar Gemisi<\/strong>&#8216;nin hikayesini bu m\u00fczede ke\u015ffedebilirsiniz. Kurtulu\u015f Sava\u015f\u0131 s\u0131ras\u0131nda d\u00fc\u015fmana kar\u015f\u0131 direni\u015fi temsil eden Alemdar, T\u00fcrkiye\u2019nin ba\u011f\u0131ms\u0131zl\u0131k m\u00fccadelesinin sembollerinden biri. Zonguldak Ere\u011fli\u2019de bulunan m\u00fcze, geminin asl\u0131na uygun maketi ve i\u00e7erdi\u011fi tarihi e\u015fyalarla ziyaret\u00e7ileri o g\u00fcnlere g\u00f6t\u00fcr\u00fcyor. Gazi Alemdar M\u00fczesi, tarih merakl\u0131lar\u0131 i\u00e7in T\u00fcrkiye&#8217;nin zorlu m\u00fccadele d\u00f6nemlerini anlatan etkileyici bir durak. Tarihe merakl\u0131ysan\u0131z veya Kurtulu\u015f Sava\u015f\u0131 d\u00f6nemini hissetmek istiyorsan\u0131z bu m\u00fczeyi mutlaka ziyaret etmelisiniz.<\/p>\n\n\n\n<h3 class=\"wp-block-heading has-text-align-center has-neeon-button-dark-gray-color has-text-color has-link-color wp-elements-1c61f050931838d5915b3b8d27f51b64\"><span class=\"ez-toc-section\" id=\"13_filyos_plaji\"><\/span><strong><strong><strong><strong>13. Filyos Plaj\u0131<\/strong><\/strong><\/strong><\/strong><span class=\"ez-toc-section-end\"><\/span><\/h3>\n\n\n\n<figure class=\"wp-block-image\"><img decoding=\"async\" src=\"https:\/\/res.cloudinary.com\/turna\/image\/upload\/v1730970487\/wordpress-contents\/filyos-beach.jpg\" alt=\"\"\/><\/figure>\n\n\n\n<p>Karadeniz\u2019in sakl\u0131 g\u00fczelliklerinden biri olan <strong>Filyos Plaj\u0131<\/strong>, Zonguldak\u2019\u0131n \u00c7aycuma il\u00e7esine ba\u011fl\u0131 Filyos beldesinde yer al\u0131yor. Geni\u015f ve alt\u0131n rengi kumlar\u0131, masmavi denizi ve yemye\u015fil do\u011fas\u0131yla ziyaret\u00e7ilerine huzur dolu bir atmosfer sunuyor. Plajda su sporlar\u0131, kamp alanlar\u0131 ve y\u00fcr\u00fcy\u00fc\u015f parkurlar\u0131 gibi farkl\u0131 aktivite imkanlar\u0131 da mevcut. Aileler ve do\u011faseverler i\u00e7in uygun olan bu plaj, ayn\u0131 zamanda bal\u0131k\u00e7\u0131l\u0131k yapmay\u0131 sevenler i\u00e7in de olduk\u00e7a cazip. Filyos\u2019un tertemiz denizi, el de\u011fmemi\u015f do\u011fas\u0131 ve muhte\u015fem g\u00fcnbat\u0131m\u0131 manzaras\u0131, buray\u0131 b\u00f6lgedeki en \u00f6zel plajlardan biri haline getiriyor.<\/p>\n\n\n\n<h3 class=\"wp-block-heading has-text-align-center has-neeon-button-dark-gray-color has-text-color has-link-color wp-elements-3259f90a721b24524a61face3cbbcc0f\"><span class=\"ez-toc-section\" id=\"14_sofular_magarasi\"><\/span><strong><strong><strong><strong>14. Sofular Ma\u011faras\u0131<\/strong><\/strong><\/strong><\/strong><span class=\"ez-toc-section-end\"><\/span><\/h3>\n\n\n\n<p>Do\u011fa harikas\u0131 <strong>Sofular Ma\u011faras\u0131<\/strong>, Zonguldak\u2019\u0131n do\u011fal g\u00fczelliklerini ke\u015ffetmek isteyenlerin rotas\u0131nda mutlaka olmal\u0131. Yakla\u015f\u0131k 1500 metre uzunlu\u011fundaki bu ma\u011fara, i\u00e7inde bar\u0131nd\u0131rd\u0131\u011f\u0131 sark\u0131tlar ve dikitlerle sizi b\u00fcy\u00fcleyecek. Ma\u011faran\u0131n i\u00e7indeki havan\u0131n serinli\u011fi ve nem oran\u0131, yaz\u0131n s\u0131ca\u011f\u0131ndan ka\u00e7mak i\u00e7in de harika bir f\u0131rsat. Sofular Ma\u011faras\u0131, Zonguldak\u2019\u0131n misafirlerine sundu\u011fu e\u015fsiz g\u00fczelliklerden sadece biri. Ma\u011fara i\u00e7erisindeki gizemli atmosferi soluyarak, \u015fehrin sakl\u0131 hazinelerini ke\u015ffe \u00e7\u0131kabilirsiniz. \u00dcstelik ma\u011fara \u015fehir merkezine de olduk\u00e7a yak\u0131n.<\/p>\n\n\n\n<h3 class=\"wp-block-heading has-text-align-center has-neeon-button-dark-gray-color has-text-color has-link-color wp-elements-df6981d43753a5acd4c8dd84d6f843e7\"><span class=\"ez-toc-section\" id=\"15_varagel_tuneli\"><\/span><strong><strong><strong><strong>15. Varagel T\u00fcneli<\/strong><\/strong><\/strong><\/strong><span class=\"ez-toc-section-end\"><\/span><\/h3>\n\n\n\n<p>Madencili\u011fin zorlu d\u00f6nemlerinden kalma <strong>Varagel T\u00fcneli<\/strong>, Zonguldak\u2019\u0131n end\u00fcstriyel miras\u0131n\u0131 g\u00f6zler \u00f6n\u00fcne seriyor. Bu t\u00fcnel vakti zaman\u0131nda k\u00f6m\u00fcr madenlerinden \u00e7\u0131kar\u0131lan k\u00f6m\u00fcrlerin ta\u015f\u0131nmas\u0131 i\u00e7in kullan\u0131lm\u0131\u015f, bug\u00fcn ise merakl\u0131 ziyaret\u00e7ilere a\u00e7\u0131k. Ziyaret\u00e7ilerine tarihi bir yolculuk sunan t\u00fcnel, b\u00f6lgenin sanayi ge\u00e7mi\u015fine dair \u00f6nemli izler ta\u015f\u0131yor. Yakla\u015f\u0131k 200 metre uzunlu\u011fundaki Varagel T\u00fcneli&#8217;nde ge\u00e7mi\u015fin madencilik \u015fartlar\u0131n\u0131 ve kullan\u0131lan teknolojiyi g\u00f6zlemleyebilir, madencilerin ne kadar zor ko\u015fullarda \u00e7al\u0131\u015ft\u0131\u011f\u0131n\u0131 daha iyi anlayabilirsiniz.<\/p>\n\n\n\n<h3 class=\"wp-block-heading has-text-align-center has-neeon-button-dark-gray-color has-text-color has-link-color wp-elements-69815f7bc4e85f9e70c6eeb2d1fe6650\"><span class=\"ez-toc-section\" id=\"16_zonguldak_kent_ormani\"><\/span><strong><strong><strong><strong>16. Zonguldak Kent Orman\u0131<\/strong><\/strong><\/strong><\/strong><span class=\"ez-toc-section-end\"><\/span><\/h3>\n\n\n\n<figure class=\"wp-block-image\"><img decoding=\"async\" src=\"https:\/\/res.cloudinary.com\/turna\/image\/upload\/v1730970782\/wordpress-contents\/orman-zonguldak.jpg\" alt=\"\"\/><\/figure>\n\n\n\n<p>\u015eehrin g\u00fcr\u00fclt\u00fcs\u00fcnden uzakla\u015f\u0131p do\u011fa ile ba\u015f ba\u015fa kalmak isteyenlerin g\u00f6zdesi <strong>Zonguldak Kent Orman\u0131<\/strong>, muhte\u015fem bir nokta. Yemye\u015fil do\u011fas\u0131, y\u00fcr\u00fcy\u00fc\u015f parkurlar\u0131 ve piknik alanlar\u0131yla do\u011fa severleri cezbediyor. Aileniz ya da arkada\u015flar\u0131n\u0131zla g\u00fczel bir g\u00fcn ge\u00e7irmek i\u00e7in ideal olan bu ormanda, Karadeniz\u2019in serin havas\u0131 ve temiz oksijen sizi yenileyecek.<br>\u015eehir merkezinden yaln\u0131zca 20 dakika uzakl\u0131kta olan orman\u0131n d\u00f6rt bir yan\u0131nda ku\u015f sesleri e\u015fli\u011finde y\u00fcr\u00fcy\u00fc\u015f yaparken Zonguldak&#8217;\u0131n do\u011fal g\u00fczelliklerini ke\u015ffetmek de m\u00fcmk\u00fcn. \u00d6zellikle bahar ve yaz aylar\u0131nda ziyaret ederek, do\u011fan\u0131n t\u00fcm renklerini burada g\u00f6rebilirsiniz.<\/p>\n\n\n\n<p>Siz de <strong><a href=\"https:\/\/www.turna.com\/ucak-bileti\/zonguldak\" target=\"_blank\" rel=\"noopener noreferrer\">Zonguldak u\u00e7ak bileti<\/a> <\/strong>kampanyalar\u0131n\u0131 takip ederek bu etkileyici \u015fehri ke\u015ffedip, do\u011fal ve tarihi g\u00fczellikleri aras\u0131nda keyifli bir seyahat ger\u00e7ekle\u015ftirebilirsiniz. \u015eimdi yeni yerler g\u00f6rmek ve ruhunuzu dinlendirmek i\u00e7in yola \u00e7\u0131kma zaman\u0131!<\/p>\n\n    <div class=\"xs_social_share_widget xs_share_url after_content \t\tmain_content  wslu-style-1 wslu-share-box-shaped wslu-fill-colored wslu-none wslu-share-horizontal wslu-theme-font-no wslu-main_content\">\n\n\t\t\n        <ul>\n\t\t\t        <\/ul>\n    <\/div> \n","protected":false},"excerpt":{"rendered":"<p>\u00dclkemizde &#8216;kara elmas&#8217; olarak an\u0131lan ta\u015f k\u00f6m\u00fcr\u00fcn\u00fcn ba\u015fkenti olan Zonguldak, T\u00fcrkiye&#8216;nin Karadeniz k\u0131y\u0131lar\u0131nda yer alan \u00f6nemli liman \u015fehirlerinden biri. Maden sekt\u00f6r\u00fcn\u00fcn yan\u0131 s\u0131ra deniz ticareti anlam\u0131nda da \u00f6ne \u00e7\u0131kan bu \u015fehir, Milattan \u00d6nce 2500&#8217;l\u00fc y\u0131llara dayanan tarihi boyunca Hititler, Persler, Sel\u00e7uklular ve Osmanl\u0131lar gibi pek \u00e7ok medeniyete ev sahipli\u011fi yapt\u0131. Do\u011fal g\u00fczellikleri, tarihi yap\u0131lar\u0131, ma\u011faralar\u0131 [&hellip;]<\/p>\n","protected":false},"author":45,"featured_media":9524,"comment_status":"open","ping_status":"open","sticky":false,"template":"","format":"standard","meta":{"rop_custom_images_group":[],"rop_custom_messages_group":[],"rop_publish_now":"initial","rop_publish_now_accounts":[],"rop_publish_now_history":[],"rop_publish_now_status":"pending","_cloudinary_featured_overwrite":false,"footnotes":""},"categories":[84,1871],"tags":[5340,1325],"class_list":["post-9375","post","type-post","status-publish","format-standard","has-post-thumbnail","hentry","category-turkiye","category-zonguldak","tag-bus","tag-zonguldak"],"_links":{"self":[{"href":"https:\/\/www.turna.com\/blog\/wp-json\/wp\/v2\/posts\/9375","targetHints":{"allow":["GET"]}}],"collection":[{"href":"https:\/\/www.turna.com\/blog\/wp-json\/wp\/v2\/posts"}],"about":[{"href":"https:\/\/www.turna.com\/blog\/wp-json\/wp\/v2\/types\/post"}],"author":[{"embeddable":true,"href":"https:\/\/www.turna.com\/blog\/wp-json\/wp\/v2\/users\/45"}],"replies":[{"embeddable":true,"href":"https:\/\/www.turna.com\/blog\/wp-json\/wp\/v2\/comments?post=9375"}],"version-history":[{"count":0,"href":"https:\/\/www.turna.com\/blog\/wp-json\/wp\/v2\/posts\/9375\/revisions"}],"wp:featuredmedia":[{"embeddable":true,"href":"https:\/\/www.turna.com\/blog\/wp-json\/wp\/v2\/media\/9524"}],"wp:attachment":[{"href":"https:\/\/www.turna.com\/blog\/wp-json\/wp\/v2\/media?parent=9375"}],"wp:term":[{"taxonomy":"category","embeddable":true,"href":"https:\/\/www.turna.com\/blog\/wp-json\/wp\/v2\/categories?post=9375"},{"taxonomy":"post_tag","embeddable":true,"href":"https:\/\/www.turna.com\/blog\/wp-json\/wp\/v2\/tags?post=9375"}],"curies":[{"name":"wp","href":"https:\/\/api.w.org\/{rel}","templated":true}]}}