{"id":925,"date":"2023-09-07T11:15:00","date_gmt":"2023-09-07T08:15:00","guid":{"rendered":"https:\/\/www.turna.com\/blog\/?p=925"},"modified":"2025-12-08T15:15:20","modified_gmt":"2025-12-08T12:15:20","slug":"egenin-tatil-cenneti-ayvalik","status":"publish","type":"post","link":"https:\/\/www.turna.com\/blog\/egenin-tatil-cenneti-ayvalik","title":{"rendered":"Ayval\u0131k Gezi Rehberi: Kuzey Ege\u2019nin Tatil Cenneti"},"content":{"rendered":"<div id=\"ez-toc-container\" class=\"ez-toc-v2_0_82_2 counter-hierarchy ez-toc-counter ez-toc-black ez-toc-container-direction\">\n<div class=\"ez-toc-title-container\">\n<p class=\"ez-toc-title\" style=\"cursor:inherit\">\u0130\u00e7indekiler<\/p>\n<span class=\"ez-toc-title-toggle\"><a href=\"#\" class=\"ez-toc-pull-right ez-toc-btn ez-toc-btn-xs ez-toc-btn-default ez-toc-toggle\" aria-label=\"\u0130\u00e7indekiler Tablosunu A\u00e7\/Kapat\"><span class=\"ez-toc-js-icon-con\"><span class=\"\"><span class=\"eztoc-hide\" style=\"display:none;\">Toggle<\/span><span class=\"ez-toc-icon-toggle-span\"><svg style=\"fill: #ffffff;color:#ffffff\" xmlns=\"http:\/\/www.w3.org\/2000\/svg\" class=\"list-377408\" width=\"20px\" height=\"20px\" viewBox=\"0 0 24 24\" fill=\"none\"><path d=\"M6 6H4v2h2V6zm14 0H8v2h12V6zM4 11h2v2H4v-2zm16 0H8v2h12v-2zM4 16h2v2H4v-2zm16 0H8v2h12v-2z\" fill=\"currentColor\"><\/path><\/svg><svg style=\"fill: #ffffff;color:#ffffff\" class=\"arrow-unsorted-368013\" xmlns=\"http:\/\/www.w3.org\/2000\/svg\" width=\"10px\" height=\"10px\" viewBox=\"0 0 24 24\" version=\"1.2\" baseProfile=\"tiny\"><path d=\"M18.2 9.3l-6.2-6.3-6.2 6.3c-.2.2-.3.4-.3.7s.1.5.3.7c.2.2.4.3.7.3h11c.3 0 .5-.1.7-.3.2-.2.3-.5.3-.7s-.1-.5-.3-.7zM5.8 14.7l6.2 6.3 6.2-6.3c.2-.2.3-.5.3-.7s-.1-.5-.3-.7c-.2-.2-.4-.3-.7-.3h-11c-.3 0-.5.1-.7.3-.2.2-.3.5-.3.7s.1.5.3.7z\"\/><\/svg><\/span><\/span><\/span><\/a><\/span><\/div>\n<nav><ul class='ez-toc-list ez-toc-list-level-1 eztoc-toggle-hide-by-default' ><li class='ez-toc-page-1 ez-toc-heading-level-2'><a class=\"ez-toc-link ez-toc-heading-1\" href=\"https:\/\/www.turna.com\/blog\/egenin-tatil-cenneti-ayvalik\/#ayvalik_gezi_rehberi\" >Ayval\u0131k Gezi Rehberi<\/a><ul class='ez-toc-list-level-3' ><li class='ez-toc-heading-level-3'><a class=\"ez-toc-link ez-toc-heading-2\" href=\"https:\/\/www.turna.com\/blog\/egenin-tatil-cenneti-ayvalik\/#ayvalik_nerede\" >Ayval\u0131k Nerede?<\/a><\/li><li class='ez-toc-page-1 ez-toc-heading-level-3'><a class=\"ez-toc-link ez-toc-heading-3\" href=\"https:\/\/www.turna.com\/blog\/egenin-tatil-cenneti-ayvalik\/#ayvalika_nasil_gidilir\" >Ayval\u0131k\u2019a Nas\u0131l Gidilir?<\/a><\/li><li class='ez-toc-page-1 ez-toc-heading-level-3'><a class=\"ez-toc-link ez-toc-heading-4\" href=\"https:\/\/www.turna.com\/blog\/egenin-tatil-cenneti-ayvalik\/#ayvalik_kac_gunde_gezilir\" >Ayval\u0131k Ka\u00e7 G\u00fcnde Gezilir?<\/a><\/li><li class='ez-toc-page-1 ez-toc-heading-level-3'><a class=\"ez-toc-link ez-toc-heading-5\" href=\"https:\/\/www.turna.com\/blog\/egenin-tatil-cenneti-ayvalik\/#ayvalikta_nerede_kalinir\" >Ayval\u0131k&#8217;ta Nerede Kal\u0131n\u0131r?<\/a><\/li><li class='ez-toc-page-1 ez-toc-heading-level-3'><a class=\"ez-toc-link ez-toc-heading-6\" href=\"https:\/\/www.turna.com\/blog\/egenin-tatil-cenneti-ayvalik\/#ayvalikta_ne_yenir\" >Ayval\u0131k&#8217;ta Ne Yenir?<\/a><\/li><li class='ez-toc-page-1 ez-toc-heading-level-3'><a class=\"ez-toc-link ez-toc-heading-7\" href=\"https:\/\/www.turna.com\/blog\/egenin-tatil-cenneti-ayvalik\/#ayvalikta_gezilecek_yerler\" >Ayval\u0131k&#8217;ta Gezilecek Yerler<\/a><\/li><\/ul><\/li><\/ul><\/nav><\/div>\n\n<p>Bug\u00fcn sizleri Ege&#8217;nin incisi, tarih ve do\u011fan\u0131n m\u00fckemmel bir bulu\u015fma noktas\u0131 olan Ayval\u0131k&#8217;a g\u00f6t\u00fcrece\u011fim. <strong>Ayval\u0131k gezi rehberi<\/strong> ile bu \u015fahane \u015fehirde unutulmaz an\u0131lar biriktirmeye haz\u0131r olun. Bu k\u0131lavuzla, Ayval\u0131k&#8217;ta neler yapman\u0131z gerekti\u011fini ad\u0131m ad\u0131m ke\u015ffedeceksiniz. Haz\u0131rsan\u0131z, ba\u015flayal\u0131m ve Ayval\u0131k maceran\u0131z\u0131 ba\u015flatal\u0131m!<\/p>\n\n\n\n<h2 class=\"wp-block-heading has-text-align-center has-neeon-button-dark-gray-color has-text-color has-link-color wp-elements-8bb8c81870c27e2aed187cab2ce1a526\"><span class=\"ez-toc-section\" id=\"ayvalik_gezi_rehberi\"><\/span><strong>Ayval\u0131k Gezi Rehberi<\/strong><span class=\"ez-toc-section-end\"><\/span><\/h2>\n\n\n\n<figure class=\"wp-block-image size-large\"><img width=\"800\" height=\"500\" decoding=\"async\" src=\"data:image\/svg+xml;base64,PHN2ZyB4bWxucz0iaHR0cDovL3d3dy53My5vcmcvMjAwMC9zdmciIHdpZHRoPSI4MDAiIGhlaWdodD0iNTAwIj48cmVjdCB3aWR0aD0iMTAwJSIgaGVpZ2h0PSIxMDAlIj48YW5pbWF0ZSBhdHRyaWJ1dGVOYW1lPSJmaWxsIiB2YWx1ZXM9InJnYmEoMTUzLDE1MywxNTMsMC41KTtyZ2JhKDE1MywxNTMsMTUzLDAuMSk7cmdiYSgxNTMsMTUzLDE1MywwLjUpIiBkdXI9IjJzIiByZXBlYXRDb3VudD0iaW5kZWZpbml0ZSIgLz48L3JlY3Q+PC9zdmc+\" alt=\"Ayval\u0131k Gezi Rehberi\" data-public-id=\"Ayval\u0131k_hlpbxx\/Ayval\u0131k_hlpbxx.jpg\" class=\"wp-post-925 wp-image-22031\" data-format=\"jpg\" data-transformations=\"f_auto,q_auto:low\" data-version=\"1566339654\" data-seo=\"1\" data-size=\"800 500\" data-srcset=\"https:\/\/res.cloudinary.com\/turna\/images\/f_auto,q_auto:low\/v1566339654\/Ayval\u0131k_hlpbxx\/Ayval\u0131k_hlpbxx.jpg?_i=AA 800w, https:\/\/res.cloudinary.com\/turna\/images\/w_300,h_188,c_scale\/f_auto,q_auto:low\/v1566339654\/Ayval\u0131k_hlpbxx\/Ayval\u0131k_hlpbxx.jpg?_i=AA 300w, https:\/\/res.cloudinary.com\/turna\/images\/w_672,h_420,c_scale\/f_auto,q_auto:low\/v1566339654\/Ayval\u0131k_hlpbxx\/Ayval\u0131k_hlpbxx.jpg?_i=AA 672w, https:\/\/res.cloudinary.com\/turna\/images\/w_640,h_400,c_scale\/f_auto,q_auto:low\/v1566339654\/Ayval\u0131k_hlpbxx\/Ayval\u0131k_hlpbxx.jpg?_i=AA 640w, https:\/\/res.cloudinary.com\/turna\/images\/w_681,h_426,c_scale\/f_auto,q_auto:low\/v1566339654\/Ayval\u0131k_hlpbxx\/Ayval\u0131k_hlpbxx.jpg?_i=AA 681w\" data-sizes=\"(max-width: 800px) 100vw, 800px\" data-delivery=\"upload\" onload=\";window.CLDBind?CLDBind(this):null;\" data-cloudinary=\"lazy\" \/><\/figure>\n\n\n\n<p>Ege Denizi k\u0131y\u0131s\u0131nda, Bal\u0131kesir\u2019e ba\u011fl\u0131 bir il\u00e7e olan <strong>Ayval\u0131k<\/strong>, T\u00fcrkiye\u2019nin en \u00f6nemli turizm merkezleri aras\u0131nda yer al\u0131yor. 70 bini a\u015fan n\u00fcfusa sahip olan il\u00e7e, yaz aylar\u0131nda tatil yapmak isteyenlerin ak\u0131n\u0131na u\u011fruyor. Farkl\u0131 uygarl\u0131klar\u0131n ya\u015fam\u0131n\u0131n izlerine tan\u0131kl\u0131k edilen Ayval\u0131k, do\u011fal g\u00fczellikleri, tarihi evleri ve s\u0131cakkanl\u0131 insanlar\u0131yla keyifli bir seyahat rotas\u0131.<\/p>\n\n\n\n<p>Antik \u00c7a\u011f\u2019da bir t\u00fcr yabani ayva olan Kidonia ismiyle an\u0131lan il\u00e7eye ilk yerle\u015fenlerin Yunanistan\u2019\u0131n Midilli adas\u0131n\u0131n Kydona K\u00f6y\u00fc ya da Girit adas\u0131n\u0131n Kydonies b\u00f6lgesinden gelenler oldu\u011fu tahmin ediliyor. M\u00d6 330\u2019dan bu yana Kydonie ismiyle an\u0131lan yerle\u015fim yeri, Midilli adas\u0131 ile kar\u015f\u0131 kar\u015f\u0131ya. Ayval\u0131k&#8217;a bir seyahat planl\u0131yorsan\u0131z ihtiyac\u0131n\u0131z olabilecek t\u00fcm bilgileri Ayval\u0131k gezi rehberi i\u00e7inde bulabilirsiniz.<\/p>\n\n\n\n<h3 class=\"wp-block-heading has-text-align-center has-neeon-button-dark-gray-color has-text-color has-link-color wp-elements-9547d6d3f70fbc2c79638da3d9517004\"><span class=\"ez-toc-section\" id=\"ayvalik_nerede\"><\/span><strong>Ayval\u0131k Nerede? <\/strong><span class=\"ez-toc-section-end\"><\/span><\/h3>\n\n\n\n<p>Bal\u0131kesir\u2019in Ege B\u00f6lgesi\u2019ndeki tek il\u00e7esi olan Ayval\u0131k, Midilli Adas\u0131\u2019n\u0131n tam kar\u015f\u0131s\u0131nda yer al\u0131yor. \u00c7am ormanlar\u0131, zeytinlikleri, do\u011fal plajlar\u0131, ada ve tak\u0131madalar\u0131yla ziyaret\u00e7ilerini etkileyen il\u00e7enin g\u00fcneyinde \u0130zmir\u2019e ba\u011fl\u0131 Bergama ve Dikili, kuzeydo\u011fusunda G\u00f6me\u00e7 ve bat\u0131s\u0131nda ise Ege Denizi bulunuyor.<\/p>\n\n\n\n<p>Ayval\u0131k konumu <strong><a href=\"https:\/\/goo.gl\/maps\/oNx5yBAicZxTc9De7\" target=\"_blank\" rel=\"noreferrer noopener\">burada.<\/a><\/strong><\/p>\n\n\n\n<h3 class=\"wp-block-heading has-text-align-center has-neeon-button-dark-gray-color has-text-color has-link-color wp-elements-47bb0786e3b5f8eb6b3232698d6a6b72\"><span class=\"ez-toc-section\" id=\"ayvalika_nasil_gidilir\"><\/span><strong>Ayval\u0131k\u2019a Nas\u0131l Gidilir?<\/strong><span class=\"ez-toc-section-end\"><\/span><\/h3>\n\n\n\n<p>Ayval\u0131k\u2019a gitmenin en kolay yolu u\u00e7akla Edremit K\u00f6rfez Havaliman\u0131\u2019na bir <strong><a href=\"https:\/\/www.turna.com\/ucak-bileti\/edremit\" target=\"_blank\" rel=\"noreferrer noopener\">u\u00e7ak bileti<\/a><\/strong> almak. Edremit K\u00f6rfez Havaliman\u0131\u2019na \u0130stanbul, Ankara ve Tokat\u2019tan direkt u\u00e7u\u015f ger\u00e7ekle\u015ftiriliyor. Sezona ba\u011fl\u0131 olarak u\u00e7ak bileti bulman\u0131n zorla\u015ft\u0131\u011f\u0131 Edremit yolculu\u011fu i\u00e7in aylar \u00f6ncesinden rezervasyon yapt\u0131rmak gerekebiliyor. Edremit K\u00f6rfez Havaliman\u0131 ile Ayval\u0131k aras\u0131ndaki mesafe 40 km. Ara\u00e7 kiralama se\u00e7ene\u011fi, HAVA\u015e ya da taksi kullanarak yakla\u015f\u0131k yar\u0131m saatte il\u00e7eye gidilebiliyor.<\/p>\n\n\n\n<p>Ayval\u0131k, \u0130stanbul\u2019a 480 km, \u0130zmir\u2019den 215 km, Ankara\u2019dan ise 623 km uzakl\u0131kta. \u0130l\u00e7eye T\u00fcrkiye\u2019nin d\u00f6rt bir yan\u0131ndan \u015fehirleraras\u0131 otob\u00fcs seferleri d\u00fczenleniyor.<\/p>\n\n\n\n<h3 class=\"wp-block-heading has-text-align-center has-neeon-button-dark-gray-color has-text-color has-link-color wp-elements-33e3e6439821e863109c18b76303a9a6\"><span class=\"ez-toc-section\" id=\"ayvalik_kac_gunde_gezilir\"><\/span><strong>Ayval\u0131k Ka\u00e7 G\u00fcnde Gezilir?<\/strong><span class=\"ez-toc-section-end\"><\/span><\/h3>\n\n\n\n<figure class=\"wp-block-image size-large\"><img decoding=\"async\" src=\"https:\/\/res.cloudinary.com\/turna\/image\/upload\/v1647899734\/ayval%C4%B1k_bal%C4%B1kesir_t6qr4d.jpg\" alt=\"Ayval\u0131k Gezi Rehberi \"\/><\/figure>\n\n\n\n<p>Ayval\u0131k&#8217;\u0131 gezmek i\u00e7in ne kadar s\u00fcre ay\u0131rman\u0131z gerekti\u011fi, ki\u015fisel tercihlerinize, ilgi alanlar\u0131n\u0131za ve ne kadar detayl\u0131 bir gezi yapmak istedi\u011finize ba\u011fl\u0131 olarak de\u011fi\u015febilir. E\u011fer Ayval\u0131k&#8217;\u0131 sadece k\u0131sa bir tatil veya <strong>hafta sonu ka\u00e7ama\u011f\u0131<\/strong> olarak d\u00fc\u015f\u00fcn\u00fcyorsan\u0131z, 1 veya 2 g\u00fcn yeterli olabilir. Bu s\u00fcre i\u00e7inde Ayval\u0131k&#8217;\u0131n merkezini, Cunda Adas\u0131&#8217;n\u0131 ve yak\u0131n \u00e7evresini ke\u015ffedebilirsiniz. Plajlarda dinlenip denizin tad\u0131n\u0131 \u00e7\u0131karabilirsiniz.<\/p>\n\n\n\n<p>Daha fazla zaman ay\u0131rmak isterseniz, <strong>3 ila 4 g\u00fcn<\/strong> boyunca Ayval\u0131k ve \u00e7evresini daha detayl\u0131 olarak gezebilirsiniz. Bu s\u00fcre i\u00e7inde tarihi sokaklar\u0131 ke\u015ffetmek, yerel lezzetleri denemek i\u00e7in daha fazla zaman\u0131n\u0131z olur.<\/p>\n\n\n\n<p>Ayval\u0131k&#8217;\u0131 t\u00fcm detaylar\u0131yla ke\u015ffetmek istiyorsan\u0131z, <strong>5 g\u00fcn veya daha fazla<\/strong> bir s\u00fcre ay\u0131rman\u0131z iyi bir se\u00e7enek olabilir. Bu s\u00fcre i\u00e7inde \u00e7evresindeki di\u011fer k\u00f6yleri, antik kal\u0131nt\u0131lar\u0131 ve do\u011fal g\u00fczellikleri de ziyaret edebilirsiniz.<\/p>\n\n\n\n<h3 class=\"wp-block-heading has-text-align-center has-neeon-button-dark-gray-color has-text-color has-link-color wp-elements-45ebd09e9215f377d3b45cc7e9943aea\"><span class=\"ez-toc-section\" id=\"ayvalikta_nerede_kalinir\"><\/span><strong>Ayval\u0131k&#8217;ta Nerede Kal\u0131n\u0131r?<\/strong><span class=\"ez-toc-section-end\"><\/span><\/h3>\n\n\n\n<p>Ayval\u0131k&#8217;ta konaklamak i\u00e7in bir\u00e7ok se\u00e7enek bulunuyor. Burada, farkl\u0131 b\u00fct\u00e7elere ve tercihlere uygun otel \u00f6nerileri sunuyorum:<\/p>\n\n\n\n<ol class=\"wp-block-list\">\n<li><strong>Cunda Adas\u0131:<\/strong> Ayval\u0131k&#8217;\u0131n en \u00fcnl\u00fc konaklama b\u00f6lgesi olan Cunda Adas\u0131, tarihi ta\u015f evleri, \u015firin sokaklar\u0131 ve denize s\u0131f\u0131r otelleri ile \u00fcnl\u00fc. \u00d6zellikle Cunda Adas\u0131&#8217;nda konaklamak, Ayval\u0131k deneyimini tam anlam\u0131yla ya\u015faman\u0131z\u0131 sa\u011flar. Cunda Adas\u0131&#8217;nda baz\u0131 otel \u00f6nerileri:<br><br><strong>Cunda Fora Hotel:<\/strong> Denize s\u0131f\u0131r konumuyla \u00fcnl\u00fc bu otel, \u015f\u0131k ve rahat odalar sunar.<br><strong>Cunda Deniz Hotel:<\/strong> Tarihi bir konakta bulunan bu otel, karakteristik bir Ayval\u0131k deneyimi sunar.<\/li>\n\n\n\n<li><strong>Ayval\u0131k Merkez:<\/strong> Ayval\u0131k&#8217;\u0131n merkezindeki oteller, restoranlara ve di\u011fer turistik yerlere kolay eri\u015fim sa\u011flar. \u00d6nerilen oteller aras\u0131nda:<br><br><strong>Villa Pietra Butik Otel:<\/strong> Denize yak\u0131n, temiz ve konforlu bir otel.<br><strong>Tarihi Belk\u0131s Konukevi:<\/strong> Merkezi konumu ve ho\u015f atmosferi ile tarihi bir konaktan d\u00f6n\u00fc\u015ft\u00fcr\u00fclen bu keyifli oteli mutlaka inceleyin.<\/li>\n\n\n\n<li><strong>Sar\u0131msakl\u0131 Plaj\u0131:<\/strong> Sar\u0131msakl\u0131, g\u00fczel plaj\u0131 ve aktiviteleri ile \u00fcnl\u00fcd\u00fcr. Burada konaklamak isterseniz:<br><br><strong>Sar\u0131msakl\u0131 Beach Hotel:<\/strong> Plaja sadece birka\u00e7 ad\u0131m uzakl\u0131kta olan bu otel, deniz manzaras\u0131 sunar.<br><strong>Hotel Billurcu:<\/strong> Aile dostu bir otel olan Hotel Billurcu, plaja yak\u0131n bir konumda bulunur.<\/li>\n<\/ol>\n\n\n\n<h3 class=\"wp-block-heading has-text-align-center has-neeon-button-dark-gray-color has-text-color has-link-color wp-elements-f154e34e590f66dbb3a8416c92083582\"><span class=\"ez-toc-section\" id=\"ayvalikta_ne_yenir\"><\/span><strong>Ayval\u0131k&#8217;ta Ne Yenir?<\/strong><span class=\"ez-toc-section-end\"><\/span><\/h3>\n\n\n\n<figure class=\"wp-block-image size-large\"><img decoding=\"async\" src=\"https:\/\/res.cloudinary.com\/turna\/image\/upload\/v1693944850\/ayval%C4%B1k_t%C3%BCrk_kahvesi.jpg\" alt=\"Ayval\u0131k'ta Ne Yenir\"\/><\/figure>\n\n\n\n<p>&#8220;Ayval\u0131k&#8217;ta Ne Yenir&#8221; sorusuyla bir gastronomi hazinesini ke\u015ffetmeye haz\u0131r olun! Bu \u015firin Ege kasabas\u0131nda, taze deniz \u00fcr\u00fcnleriyle dolu zengin bir mutfak sizi bekliyor. \u0130lk olarak, Ayval\u0131k&#8217;\u0131n me\u015fhur zeytinya\u011fl\u0131 yemeklerini denemelisiniz. Ayr\u0131ca, Ayval\u0131k&#8217;ta taze bal\u0131k yemeden d\u00f6nmemelisiniz. Sahil boyunca s\u0131ralanan restoranlarda g\u00fcnl\u00fck avlanm\u0131\u015f bal\u0131klardan yap\u0131lan nefis mezeler ve ana yemekler sizi bekliyor. <strong><a href=\"https:\/\/www.turna.com\/blog\/ayvalikta-ne-yenir\" target=\"_blank\" rel=\"noreferrer noopener\">Bu yaz\u0131mdan<\/a><\/strong> daha detayl\u0131 bilgi alabilirsiniz.<\/p>\n\n\n\n<h3 class=\"wp-block-heading has-text-align-center has-neeon-button-dark-gray-color has-text-color has-link-color wp-elements-182466fe6b0718fd2d22feebb9265509\"><span class=\"ez-toc-section\" id=\"ayvalikta_gezilecek_yerler\"><\/span><strong>Ayval\u0131k&#8217;ta Gezilecek Yerler<\/strong><span class=\"ez-toc-section-end\"><\/span><\/h3>\n\n\n\n<figure class=\"wp-block-image size-large\"><img width=\"800\" height=\"500\" decoding=\"async\" src=\"data:image\/svg+xml;base64,PHN2ZyB4bWxucz0iaHR0cDovL3d3dy53My5vcmcvMjAwMC9zdmciIHdpZHRoPSI4MDAiIGhlaWdodD0iNTAwIj48cmVjdCB3aWR0aD0iMTAwJSIgaGVpZ2h0PSIxMDAlIj48YW5pbWF0ZSBhdHRyaWJ1dGVOYW1lPSJmaWxsIiB2YWx1ZXM9InJnYmEoMTUzLDE1MywxNTMsMC41KTtyZ2JhKDE1MywxNTMsMTUzLDAuMSk7cmdiYSgxNTMsMTUzLDE1MywwLjUpIiBkdXI9IjJzIiByZXBlYXRDb3VudD0iaW5kZWZpbml0ZSIgLz48L3JlY3Q+PC9zdmc+\" alt=\"Ayval\u0131k&#039;ta Gezilecek Yerler\" data-public-id=\"ayval\u0131k\/ayval\u0131k.jpg\" class=\"wp-post-925 wp-image-22033\" data-format=\"jpg\" data-transformations=\"f_auto,q_auto:low\" data-version=\"1692961060\" data-seo=\"1\" data-size=\"800 500\" data-srcset=\"https:\/\/res.cloudinary.com\/turna\/images\/f_auto,q_auto:low\/v1692961060\/ayval\u0131k\/ayval\u0131k.jpg?_i=AA 800w, https:\/\/res.cloudinary.com\/turna\/images\/w_300,h_188,c_scale\/f_auto,q_auto:low\/v1692961060\/ayval\u0131k\/ayval\u0131k.jpg?_i=AA 300w, https:\/\/res.cloudinary.com\/turna\/images\/w_672,h_420,c_scale\/f_auto,q_auto:low\/v1692961060\/ayval\u0131k\/ayval\u0131k.jpg?_i=AA 672w, https:\/\/res.cloudinary.com\/turna\/images\/w_640,h_400,c_scale\/f_auto,q_auto:low\/v1692961060\/ayval\u0131k\/ayval\u0131k.jpg?_i=AA 640w, https:\/\/res.cloudinary.com\/turna\/images\/w_681,h_426,c_scale\/f_auto,q_auto:low\/v1692961060\/ayval\u0131k\/ayval\u0131k.jpg?_i=AA 681w\" data-sizes=\"(max-width: 800px) 100vw, 800px\" data-delivery=\"upload\" onload=\";window.CLDBind?CLDBind(this):null;\" data-cloudinary=\"lazy\" \/><\/figure>\n\n\n\n<p>Ayval\u0131k, tarihi ve do\u011fal g\u00fczellikleriyle dolu bir destinasyon olarak sizi b\u00fcy\u00fcleyecek. \u0130\u015fte Ayval\u0131k&#8217;ta mutlaka ziyaret etmeniz gereken baz\u0131 yerler:<\/p>\n\n\n\n<ol class=\"wp-block-list\">\n<li><strong>Cunda Adas\u0131:<\/strong> Tarihi ta\u015f evleri, dar sokaklar\u0131 ve sahil manzaras\u0131 ile Cunda Adas\u0131, Ayval\u0131k&#8217;\u0131n en \u00fcnl\u00fc cazibe merkezlerinden biri. Burada, rengarenk kap\u0131lar\u0131 foto\u011fraflayabilir, tarihi kiliseleri ziyaret edebilir, tarihi ta\u015f kahvede bir mola verebilirsiniz.<\/li>\n\n\n\n<li><strong>Taksiyarhis Kilisesi:<\/strong> Cunda Adas\u0131&#8217;nda bulunan bu kilise, etkileyici mimarisiyle g\u00f6z kama\u015ft\u0131r\u0131yor. \u0130\u00e7 mekan\u0131ndaki freskler ve tarihi dokusu sizi b\u00fcy\u00fcleyecek.<\/li>\n\n\n\n<li><strong>Ayval\u0131k Adalar Turu:<\/strong> Ayval\u0131k&#8217;\u0131n \u00e7evresinde yer alan adalar\u0131 ke\u015ffetmek i\u00e7in tekne turlar\u0131 d\u00fczenleniyor. Cunda, Maden, Lale ve \u015eeytan adalar\u0131 gibi adalar\u0131n do\u011fal g\u00fczelliklerinin tad\u0131n\u0131 \u00e7\u0131karabilirsiniz.<\/li>\n\n\n\n<li><strong>\u015eeytan Sofras\u0131:<\/strong> \u015eehrin y\u00fcksek bir noktas\u0131nda bulunan bu tepe, harika bir manzara sunuyor. G\u00fcn bat\u0131m\u0131 izlemek i\u00e7in m\u00fckemmel bir nokta.<\/li>\n\n\n\n<li><strong>Sar\u0131msakl\u0131 Plaj\u0131:<\/strong> Ayval\u0131k&#8217;\u0131n g\u00fczel plajlar\u0131ndan biri olan Sar\u0131msakl\u0131 Plaj\u0131, temiz denizi ve alt\u0131n kumlar\u0131yla \u00fcnl\u00fc. Burada g\u00fcne\u015flenip denize girebilirsiniz.<\/li>\n\n\n\n<li><strong>Yeni\u00e7arohori (K\u00fc\u00e7\u00fckk\u00f6y):<\/strong> Yeni\u00e7arohori, Ayval\u0131k&#8217;\u0131n gizli cenneti. Bu \u015firin k\u00f6y, do\u011fal g\u00fczellikleri ve tarihi dokusuyla sakin bir ka\u00e7amak i\u00e7in m\u00fckemmel bir se\u00e7enek.<\/li>\n<\/ol>\n\n\n\n<p><strong><a href=\"https:\/\/www.turna.com\/blog\/ayvalikta-ne-yapilir\" target=\"_blank\" rel=\"noreferrer noopener\">Ayval\u0131k&#8217;ta Ne Yap\u0131l\u0131r<\/a><\/strong> yaz\u0131m\u0131 da mutlaka okuman\u0131z\u0131 \u00f6neririm.<\/p>\n\n    <div class=\"xs_social_share_widget xs_share_url after_content \t\tmain_content  wslu-style-1 wslu-share-box-shaped wslu-fill-colored wslu-none wslu-share-horizontal wslu-theme-font-no wslu-main_content\">\n\n\t\t\n        <ul>\n\t\t\t        <\/ul>\n    <\/div> \n","protected":false},"excerpt":{"rendered":"<p>Bug\u00fcn sizleri Ege&#8217;nin incisi, tarih ve do\u011fan\u0131n m\u00fckemmel bir bulu\u015fma noktas\u0131 olan Ayval\u0131k&#8217;a g\u00f6t\u00fcrece\u011fim. Ayval\u0131k gezi rehberi ile bu \u015fahane \u015fehirde unutulmaz an\u0131lar biriktirmeye haz\u0131r olun. Bu k\u0131lavuzla, Ayval\u0131k&#8217;ta neler yapman\u0131z gerekti\u011fini ad\u0131m ad\u0131m ke\u015ffedeceksiniz. Haz\u0131rsan\u0131z, ba\u015flayal\u0131m ve Ayval\u0131k maceran\u0131z\u0131 ba\u015flatal\u0131m!<\/p>\n","protected":false},"author":34,"featured_media":22031,"comment_status":"open","ping_status":"open","sticky":false,"template":"","format":"standard","meta":{"rop_custom_images_group":[],"rop_custom_messages_group":[],"rop_publish_now":"initial","rop_publish_now_accounts":[],"rop_publish_now_history":[],"rop_publish_now_status":"pending","_cloudinary_featured_overwrite":false,"footnotes":""},"categories":[84],"tags":[287,261],"class_list":["post-925","post","type-post","status-publish","format-standard","has-post-thumbnail","hentry","category-turkiye","tag-ayvalik","tag-edremit"],"_links":{"self":[{"href":"https:\/\/www.turna.com\/blog\/wp-json\/wp\/v2\/posts\/925","targetHints":{"allow":["GET"]}}],"collection":[{"href":"https:\/\/www.turna.com\/blog\/wp-json\/wp\/v2\/posts"}],"about":[{"href":"https:\/\/www.turna.com\/blog\/wp-json\/wp\/v2\/types\/post"}],"author":[{"embeddable":true,"href":"https:\/\/www.turna.com\/blog\/wp-json\/wp\/v2\/users\/34"}],"replies":[{"embeddable":true,"href":"https:\/\/www.turna.com\/blog\/wp-json\/wp\/v2\/comments?post=925"}],"version-history":[{"count":0,"href":"https:\/\/www.turna.com\/blog\/wp-json\/wp\/v2\/posts\/925\/revisions"}],"wp:featuredmedia":[{"embeddable":true,"href":"https:\/\/www.turna.com\/blog\/wp-json\/wp\/v2\/media\/22031"}],"wp:attachment":[{"href":"https:\/\/www.turna.com\/blog\/wp-json\/wp\/v2\/media?parent=925"}],"wp:term":[{"taxonomy":"category","embeddable":true,"href":"https:\/\/www.turna.com\/blog\/wp-json\/wp\/v2\/categories?post=925"},{"taxonomy":"post_tag","embeddable":true,"href":"https:\/\/www.turna.com\/blog\/wp-json\/wp\/v2\/tags?post=925"}],"curies":[{"name":"wp","href":"https:\/\/api.w.org\/{rel}","templated":true}]}}