{"id":9067,"date":"2017-09-07T12:36:12","date_gmt":"2017-09-07T09:36:12","guid":{"rendered":"https:\/\/www.turna.com\/blog\/?p=9067"},"modified":"2024-09-16T10:01:02","modified_gmt":"2024-09-16T07:01:02","slug":"bogota-gezilecek-yerler","status":"publish","type":"post","link":"https:\/\/www.turna.com\/blog\/bogota-gezilecek-yerler","title":{"rendered":"Bogota Gezilecek Yerler: Bogota&#8217;ya Nas\u0131l Gidilir?"},"content":{"rendered":"<p><strong>Kolombiya<\/strong>&#8216;n\u0131n ba\u015fkenti ve en b\u00fcy\u00fck\u00a0\u015fehri olan <strong>Bogot\u00e1<\/strong> (Santaf\u00e9 de Bogot\u00e1), ayn\u0131 zamanda G\u00fcney Amerika&#8217;n\u0131n en h\u0131zl\u0131 b\u00fcy\u00fcyen\u00a0metropollerinden. Rak\u0131m\u0131ndan\u00a0dolay\u0131\u00a0<strong>La Paz <\/strong>ve <strong>Quito<\/strong>&#8216;dan sonra d\u00fcnyan\u0131n en y\u00fcksek \u00fc\u00e7\u00fcnc\u00fc ba\u015fkenti olan Bogot\u00e1, \u00fclkenin ana ula\u015f\u0131m noktas\u0131nda yer al\u0131yor. Kent bir yandan da bir\u00e7ok\u00a0\u00fcniversitesi, e\u011fitim kurumu, m\u00fczesi ve an\u0131tlar\u0131yla Kolombiya&#8217;n\u0131n en \u00f6nemli iktisadi ve k\u00fclt\u00fcr merkezi.<\/p>\n<p>D\u00fc\u015f\u00fcld\u00fc\u011f\u00fc gibi g\u00fcvensiz olmayan \u015fehir merkezi, rengarenk sokaklar\u0131 ve grafitileri ile huzurlu \u015fehir imaj\u0131na sahip Bogot\u00e1\u2019da 365 g\u00fcn hava s\u0131cakl\u0131\u011f\u0131 10 ile 20 dereceler aras\u0131nda geziniyor, t\u00fcm y\u0131l bahar mevsimi ya\u015fan\u0131yor ve s\u00fcrekli ya\u011fmur ya\u011f\u0131yor. \u00c7\u00fcnk\u00fc konum olarak neredeyse ekvatorun \u00fczerinde olmas\u0131na ra\u011fmen deniz seviyesinden 2600 m y\u00fckseklikte. Hayat\u0131n\u0131zda g\u00f6rece\u011finiz en s\u0131cak kanl\u0131 insanlarla kar\u015f\u0131la\u015faca\u011f\u0131n\u0131z Bogot\u00e1\u2019da gezilip g\u00f6r\u00fclecek say\u0131s\u0131z adres var.<\/p>\n<p>Eski ile yeninin harmanlanmas\u0131yla meydana gelen Bogota\u2019n\u0131n s\u00f6m\u00fcrge zamanlar\u0131ndan kalma yap\u0131lar\u0131yla tarihte zaman atlatan <strong>La Candelaria<\/strong>, sporun, do\u011fan\u0131n, e\u011flence ve sanatsal aktivitelerin dolup ta\u015ft\u0131\u011f\u0131 <strong>El Salitre<\/strong> ile \u015fehrin yeni yap\u0131lanan modern b\u00f6lgesi <strong>Chapinero<\/strong>\u2019y\u0131 mutlaka gezin.<\/p>\n<p><img width=\"800\" height=\"500\" data-public-id=\"Bogota-Gezi-Rehberi_ijcbqd\/Bogota-Gezi-Rehberi_ijcbqd.jpg\" fetchpriority=\"high\" decoding=\"async\" class=\"alignnone wp-post-9067 wp-image-9515\" src=\"https:\/\/res.cloudinary.com\/turna\/images\/w_800,h_500,c_scale\/f_auto,q_auto\/f_auto,q_auto:low\/v1504863398\/Bogota-Gezi-Rehberi_ijcbqd\/Bogota-Gezi-Rehberi_ijcbqd.jpg?_i=AA\" data-format=\"jpg\" data-transformations=\"f_auto,q_auto\/f_auto,q_auto:low\" data-version=\"1504863398\" data-seo=\"1\" srcset=\"https:\/\/res.cloudinary.com\/turna\/images\/f_auto,q_auto\/f_auto,q_auto\/f_auto,q_auto:low\/v1504863398\/Bogota-Gezi-Rehberi_ijcbqd\/Bogota-Gezi-Rehberi_ijcbqd.jpg?_i=AA 800w, https:\/\/res.cloudinary.com\/turna\/images\/w_300,h_188,c_scale\/f_auto,q_auto\/f_auto,q_auto\/f_auto,q_auto:low\/v1504863398\/Bogota-Gezi-Rehberi_ijcbqd\/Bogota-Gezi-Rehberi_ijcbqd.jpg?_i=AA 300w, https:\/\/res.cloudinary.com\/turna\/images\/w_672,h_420,c_scale\/f_auto,q_auto\/f_auto,q_auto\/f_auto,q_auto:low\/v1504863398\/Bogota-Gezi-Rehberi_ijcbqd\/Bogota-Gezi-Rehberi_ijcbqd.jpg?_i=AA 672w, https:\/\/res.cloudinary.com\/turna\/images\/w_640,h_400,c_scale\/f_auto,q_auto\/f_auto,q_auto\/f_auto,q_auto:low\/v1504863398\/Bogota-Gezi-Rehberi_ijcbqd\/Bogota-Gezi-Rehberi_ijcbqd.jpg?_i=AA 640w, https:\/\/res.cloudinary.com\/turna\/images\/w_681,h_426,c_scale\/f_auto,q_auto\/f_auto,q_auto\/f_auto,q_auto:low\/v1504863398\/Bogota-Gezi-Rehberi_ijcbqd\/Bogota-Gezi-Rehberi_ijcbqd.jpg?_i=AA 681w\" sizes=\"(max-width: 800px) 100vw, 800px\" \/><\/p>\n<p><strong>Botero M\u00fczesi<\/strong>, kentin tarihi b\u00f6lgesi La Candelaria\u2019n\u0131n sokaklar\u0131 ve gece d\u0131\u015far\u0131 \u00e7\u0131kmay\u0131 sevenler i\u00e7in haftan\u0131n 7 g\u00fcn\u00fc hareketli olan gece hayat\u0131 Bogota\u2019da ilk akla gelen yerler ve aktiviteler. <strong>Alt\u0131n M\u00fczesi<\/strong>\u2019nde (El Museo de Oro), <a href=\"https:\/\/www.turna.com\/blog\/ulkeler\/avrupa\/ispanya\" target=\"_blank\" rel=\"noopener noreferrer\"><strong>\u0130spanya<\/strong><\/a>\u2019n\u0131n s\u00f6m\u00fcrgeci ge\u00e7mi\u015fine ve Latin Amerika\u2019n\u0131n yeralt\u0131 kaynaklar\u0131n\u0131n Avrupa\u2019ya yolculu\u011funu \u00f6\u011frenebilir, \u015fehir merkezine 2 saat uzakl\u0131ktaki <strong>Tuz Katedrali<\/strong>\u2019ni (La Catedral de Sal) ve yine merkeze 3 saat uzakl\u0131ktaki <strong>Guatepe Kayas\u0131<\/strong>\u2019n\u0131 (Piedra de Guatape) ziyaret edebilirsiniz.<\/p>\n<p><img width=\"800\" height=\"500\" data-public-id=\"Bogota_hnpvwj\/Bogota_hnpvwj.jpg\" decoding=\"async\" class=\"alignnone wp-post-9067 wp-image-9516\" src=\"https:\/\/res.cloudinary.com\/turna\/images\/w_800,h_500,c_scale\/f_auto,q_auto\/f_auto,q_auto:low\/v1504863417\/Bogota_hnpvwj\/Bogota_hnpvwj.jpg?_i=AA\" data-format=\"jpg\" data-transformations=\"f_auto,q_auto\/f_auto,q_auto:low\" data-version=\"1504863417\" data-seo=\"1\" srcset=\"https:\/\/res.cloudinary.com\/turna\/images\/f_auto,q_auto\/f_auto,q_auto\/f_auto,q_auto:low\/v1504863417\/Bogota_hnpvwj\/Bogota_hnpvwj.jpg?_i=AA 800w, https:\/\/res.cloudinary.com\/turna\/images\/w_300,h_188,c_scale\/f_auto,q_auto\/f_auto,q_auto\/f_auto,q_auto:low\/v1504863417\/Bogota_hnpvwj\/Bogota_hnpvwj.jpg?_i=AA 300w, https:\/\/res.cloudinary.com\/turna\/images\/w_672,h_420,c_scale\/f_auto,q_auto\/f_auto,q_auto\/f_auto,q_auto:low\/v1504863417\/Bogota_hnpvwj\/Bogota_hnpvwj.jpg?_i=AA 672w, https:\/\/res.cloudinary.com\/turna\/images\/w_640,h_400,c_scale\/f_auto,q_auto\/f_auto,q_auto\/f_auto,q_auto:low\/v1504863417\/Bogota_hnpvwj\/Bogota_hnpvwj.jpg?_i=AA 640w, https:\/\/res.cloudinary.com\/turna\/images\/w_681,h_426,c_scale\/f_auto,q_auto\/f_auto,q_auto\/f_auto,q_auto:low\/v1504863417\/Bogota_hnpvwj\/Bogota_hnpvwj.jpg?_i=AA 681w\" sizes=\"(max-width: 800px) 100vw, 800px\" \/><\/p>\n<p>Kentin meydanlar\u0131nda dolanarak bir \u015feyler at\u0131\u015ft\u0131r\u0131p Kolombiya\u2019n\u0131n nefis kahvesini denedikten sonra, \u00e7e\u015fit \u00e7e\u015fit meyvelerden yap\u0131lm\u0131\u015f kokteyllerini tadabilir, gezilecek yerleri ke\u015ffe devam edebilirsiniz. \u015eehirdeki tarihi yap\u0131lar\u0131n \u00e7o\u011funun bulundu\u011fu <strong>Eje Ambiental<\/strong>, bohem hayat\u0131n merkezi <strong>Chorro de Quevedo<\/strong>, <strong>Primada Katedrali<\/strong>, f\u00fcnik\u00fclerle \u00e7\u0131k\u0131p kentin panoramik manzaras\u0131n\u0131 izleyebilece\u011finiz <strong>Cerro de Monserrate<\/strong> mutlaka g\u00f6r\u00fclmeli. Di\u011fer yandan kentin en y\u00fcksek yap\u0131s\u0131 olan <strong>Torre Colpatria, K\u00fclt\u00fcrel Miras M\u00fczesi<\/strong>, <strong>Z\u00fcmr\u00fct M\u00fczesi<\/strong>, <strong>Bogota Modern Sanatlar M\u00fczesi<\/strong> ve <strong>Ulusal M\u00fcze<\/strong> ile <strong>Jos\u00e9 Celestino Mutis Botanik Bah\u00e7esi <\/strong>ise kentte ziyaret edebilece\u011finiz di\u011fer adresler.<\/p>\n<p><img width=\"800\" height=\"500\" data-public-id=\"Bogota-Gezilecek-Yerler_ft4mkr\/Bogota-Gezilecek-Yerler_ft4mkr.jpg\" decoding=\"async\" class=\"alignnone wp-post-9067 wp-image-9517\" src=\"https:\/\/res.cloudinary.com\/turna\/images\/w_800,h_500,c_scale\/f_auto,q_auto\/f_auto,q_auto:low\/v1504863434\/Bogota-Gezilecek-Yerler_ft4mkr\/Bogota-Gezilecek-Yerler_ft4mkr.jpg?_i=AA\" data-format=\"jpg\" data-transformations=\"f_auto,q_auto\/f_auto,q_auto:low\" data-version=\"1504863434\" data-seo=\"1\" srcset=\"https:\/\/res.cloudinary.com\/turna\/images\/f_auto,q_auto\/f_auto,q_auto\/f_auto,q_auto:low\/v1504863434\/Bogota-Gezilecek-Yerler_ft4mkr\/Bogota-Gezilecek-Yerler_ft4mkr.jpg?_i=AA 800w, https:\/\/res.cloudinary.com\/turna\/images\/w_300,h_188,c_scale\/f_auto,q_auto\/f_auto,q_auto\/f_auto,q_auto:low\/v1504863434\/Bogota-Gezilecek-Yerler_ft4mkr\/Bogota-Gezilecek-Yerler_ft4mkr.jpg?_i=AA 300w, https:\/\/res.cloudinary.com\/turna\/images\/w_672,h_420,c_scale\/f_auto,q_auto\/f_auto,q_auto\/f_auto,q_auto:low\/v1504863434\/Bogota-Gezilecek-Yerler_ft4mkr\/Bogota-Gezilecek-Yerler_ft4mkr.jpg?_i=AA 672w, https:\/\/res.cloudinary.com\/turna\/images\/w_640,h_400,c_scale\/f_auto,q_auto\/f_auto,q_auto\/f_auto,q_auto:low\/v1504863434\/Bogota-Gezilecek-Yerler_ft4mkr\/Bogota-Gezilecek-Yerler_ft4mkr.jpg?_i=AA 640w, https:\/\/res.cloudinary.com\/turna\/images\/w_681,h_426,c_scale\/f_auto,q_auto\/f_auto,q_auto\/f_auto,q_auto:low\/v1504863434\/Bogota-Gezilecek-Yerler_ft4mkr\/Bogota-Gezilecek-Yerler_ft4mkr.jpg?_i=AA 681w\" sizes=\"(max-width: 800px) 100vw, 800px\" \/><\/p>\n<h3><strong>Bogota\u2019ya nas\u0131l gidilir?<\/strong><\/h3>\n<p>Bogota\u2019ya \u0130stanbul\u2019dan 14 saatlik u\u00e7ak yolculu\u011fuyla ula\u015f\u0131m m\u00fcmk\u00fcn. Bogota Havaliman\u0131, ayn\u0131 zamanda El Dorado Uluslararas\u0131 Havaliman\u0131 ad\u0131yla da biliniyor. <a href=\"https:\/\/www.turna.com\/blog\/ulkeler\/guney-amerika\" target=\"_blank\" rel=\"noopener noreferrer\"><strong>G\u00fcney Amerika<\/strong><\/a>\u2019n\u0131n en b\u00fcy\u00fck havalimanlar\u0131ndan olan Bogota Havaliman\u0131, \u015fehrin 15 km bat\u0131s\u0131nda yer al\u0131yor. Bu orijinal G\u00fcney Amerika kentini ke\u015ffetmenin en kolay yolu bir <a href=\"https:\/\/www.turna.com\/ucak-bileti\/kolombiya\" target=\"_blank\" rel=\"noopener noreferrer\"><strong>Bogoto u\u00e7ak bileti<\/strong><\/a> almak!<\/p>\n\n    <div class=\"xs_social_share_widget xs_share_url after_content \t\tmain_content  wslu-style-1 wslu-share-box-shaped wslu-fill-colored wslu-none wslu-share-horizontal wslu-theme-font-no wslu-main_content\">\n\n\t\t\n        <ul>\n\t\t\t        <\/ul>\n    <\/div> \n","protected":false},"excerpt":{"rendered":"<p>Kolombiya&#8216;n\u0131n ba\u015fkenti ve en b\u00fcy\u00fck\u00a0\u015fehri olan Bogot\u00e1 (Santaf\u00e9 de Bogot\u00e1), ayn\u0131 zamanda G\u00fcney Amerika&#8217;n\u0131n en h\u0131zl\u0131 b\u00fcy\u00fcyen\u00a0metropollerinden. Rak\u0131m\u0131ndan\u00a0dolay\u0131\u00a0La Paz ve Quito&#8216;dan sonra d\u00fcnyan\u0131n en y\u00fcksek \u00fc\u00e7\u00fcnc\u00fc ba\u015fkenti olan Bogot\u00e1, \u00fclkenin ana ula\u015f\u0131m noktas\u0131nda yer al\u0131yor. Kent bir yandan da bir\u00e7ok\u00a0\u00fcniversitesi, e\u011fitim kurumu, m\u00fczesi ve an\u0131tlar\u0131yla Kolombiya&#8217;n\u0131n en \u00f6nemli iktisadi ve k\u00fclt\u00fcr merkezi. D\u00fc\u015f\u00fcld\u00fc\u011f\u00fc gibi g\u00fcvensiz [&hellip;]<\/p>\n","protected":false},"author":29,"featured_media":9516,"comment_status":"open","ping_status":"open","sticky":false,"template":"","format":"standard","meta":{"rop_custom_images_group":[],"rop_custom_messages_group":[],"rop_publish_now":"initial","rop_publish_now_accounts":[],"rop_publish_now_history":[],"rop_publish_now_status":"pending","_cloudinary_featured_overwrite":false,"footnotes":""},"categories":[1359],"tags":[1355,2413,562],"class_list":["post-9067","post","type-post","status-publish","format-standard","has-post-thumbnail","hentry","category-kolombiya","tag-bogota","tag-cartagena","tag-kolombiya"],"_links":{"self":[{"href":"https:\/\/www.turna.com\/blog\/wp-json\/wp\/v2\/posts\/9067","targetHints":{"allow":["GET"]}}],"collection":[{"href":"https:\/\/www.turna.com\/blog\/wp-json\/wp\/v2\/posts"}],"about":[{"href":"https:\/\/www.turna.com\/blog\/wp-json\/wp\/v2\/types\/post"}],"author":[{"embeddable":true,"href":"https:\/\/www.turna.com\/blog\/wp-json\/wp\/v2\/users\/29"}],"replies":[{"embeddable":true,"href":"https:\/\/www.turna.com\/blog\/wp-json\/wp\/v2\/comments?post=9067"}],"version-history":[{"count":0,"href":"https:\/\/www.turna.com\/blog\/wp-json\/wp\/v2\/posts\/9067\/revisions"}],"wp:featuredmedia":[{"embeddable":true,"href":"https:\/\/www.turna.com\/blog\/wp-json\/wp\/v2\/media\/9516"}],"wp:attachment":[{"href":"https:\/\/www.turna.com\/blog\/wp-json\/wp\/v2\/media?parent=9067"}],"wp:term":[{"taxonomy":"category","embeddable":true,"href":"https:\/\/www.turna.com\/blog\/wp-json\/wp\/v2\/categories?post=9067"},{"taxonomy":"post_tag","embeddable":true,"href":"https:\/\/www.turna.com\/blog\/wp-json\/wp\/v2\/tags?post=9067"}],"curies":[{"name":"wp","href":"https:\/\/api.w.org\/{rel}","templated":true}]}}