{"id":8874,"date":"2025-05-13T14:10:38","date_gmt":"2025-05-13T11:10:38","guid":{"rendered":"https:\/\/www.turna.com\/blog\/?p=8874"},"modified":"2025-06-30T16:28:30","modified_gmt":"2025-06-30T13:28:30","slug":"valencia-gezilecek-yerler","status":"publish","type":"post","link":"https:\/\/www.turna.com\/blog\/valencia-gezilecek-yerler","title":{"rendered":"Valencia Gezilecek Yerler: \u0130spanya&#8217;n\u0131n G\u00fc\u00e7l\u00fc \u015eehri"},"content":{"rendered":"<div id=\"ez-toc-container\" class=\"ez-toc-v2_0_82_2 counter-hierarchy ez-toc-counter ez-toc-black ez-toc-container-direction\">\n<div class=\"ez-toc-title-container\">\n<p class=\"ez-toc-title\" style=\"cursor:inherit\">\u0130\u00e7indekiler<\/p>\n<span class=\"ez-toc-title-toggle\"><a href=\"#\" class=\"ez-toc-pull-right ez-toc-btn ez-toc-btn-xs ez-toc-btn-default ez-toc-toggle\" aria-label=\"\u0130\u00e7indekiler Tablosunu A\u00e7\/Kapat\"><span class=\"ez-toc-js-icon-con\"><span class=\"\"><span class=\"eztoc-hide\" style=\"display:none;\">Toggle<\/span><span class=\"ez-toc-icon-toggle-span\"><svg style=\"fill: #ffffff;color:#ffffff\" xmlns=\"http:\/\/www.w3.org\/2000\/svg\" class=\"list-377408\" width=\"20px\" height=\"20px\" viewBox=\"0 0 24 24\" fill=\"none\"><path d=\"M6 6H4v2h2V6zm14 0H8v2h12V6zM4 11h2v2H4v-2zm16 0H8v2h12v-2zM4 16h2v2H4v-2zm16 0H8v2h12v-2z\" fill=\"currentColor\"><\/path><\/svg><svg style=\"fill: #ffffff;color:#ffffff\" class=\"arrow-unsorted-368013\" xmlns=\"http:\/\/www.w3.org\/2000\/svg\" width=\"10px\" height=\"10px\" viewBox=\"0 0 24 24\" version=\"1.2\" baseProfile=\"tiny\"><path d=\"M18.2 9.3l-6.2-6.3-6.2 6.3c-.2.2-.3.4-.3.7s.1.5.3.7c.2.2.4.3.7.3h11c.3 0 .5-.1.7-.3.2-.2.3-.5.3-.7s-.1-.5-.3-.7zM5.8 14.7l6.2 6.3 6.2-6.3c.2-.2.3-.5.3-.7s-.1-.5-.3-.7c-.2-.2-.4-.3-.7-.3h-11c-.3 0-.5.1-.7.3-.2.2-.3.5-.3.7s.1.5.3.7z\"\/><\/svg><\/span><\/span><\/span><\/a><\/span><\/div>\n<nav><ul class='ez-toc-list ez-toc-list-level-1 eztoc-toggle-hide-by-default' ><li class='ez-toc-page-1 ez-toc-heading-level-2'><a class=\"ez-toc-link ez-toc-heading-1\" href=\"https:\/\/www.turna.com\/blog\/valencia-gezilecek-yerler\/#valencia_gezilecek_yerler\" >Valencia Gezilecek Yerler<\/a><ul class='ez-toc-list-level-3' ><li class='ez-toc-heading-level-3'><a class=\"ez-toc-link ez-toc-heading-2\" href=\"https:\/\/www.turna.com\/blog\/valencia-gezilecek-yerler\/#valencia_cathedral\" >Valencia Cathedral<\/a><\/li><li class='ez-toc-page-1 ez-toc-heading-level-3'><a class=\"ez-toc-link ez-toc-heading-3\" href=\"https:\/\/www.turna.com\/blog\/valencia-gezilecek-yerler\/#city_of_arts_and_sciences\" >City of Arts and Sciences<\/a><\/li><li class='ez-toc-page-1 ez-toc-heading-level-3'><a class=\"ez-toc-link ez-toc-heading-4\" href=\"https:\/\/www.turna.com\/blog\/valencia-gezilecek-yerler\/#llotja_de_la_seda_la_lonja\" >Llotja de la Seda La Lonja<\/a><\/li><li class='ez-toc-page-1 ez-toc-heading-level-3'><a class=\"ez-toc-link ez-toc-heading-5\" href=\"https:\/\/www.turna.com\/blog\/valencia-gezilecek-yerler\/#mercado_central\" >Mercado Central<\/a><\/li><li class='ez-toc-page-1 ez-toc-heading-level-3'><a class=\"ez-toc-link ez-toc-heading-6\" href=\"https:\/\/www.turna.com\/blog\/valencia-gezilecek-yerler\/#turia_bahceleri\" >Turia Bah\u00e7eleri<\/a><\/li><li class='ez-toc-page-1 ez-toc-heading-level-3'><a class=\"ez-toc-link ez-toc-heading-7\" href=\"https:\/\/www.turna.com\/blog\/valencia-gezilecek-yerler\/#albufera_doga_parki\" >Albufera Do\u011fa Park\u0131<\/a><\/li><li class='ez-toc-page-1 ez-toc-heading-level-3'><a class=\"ez-toc-link ez-toc-heading-8\" href=\"https:\/\/www.turna.com\/blog\/valencia-gezilecek-yerler\/#bioparc_valencia\" >Bioparc Valencia<\/a><\/li><li class='ez-toc-page-1 ez-toc-heading-level-3'><a class=\"ez-toc-link ez-toc-heading-9\" href=\"https:\/\/www.turna.com\/blog\/valencia-gezilecek-yerler\/#plaza_de_la_reina\" >Plaza de la Reina<\/a><\/li><li class='ez-toc-page-1 ez-toc-heading-level-3'><a class=\"ez-toc-link ez-toc-heading-10\" href=\"https:\/\/www.turna.com\/blog\/valencia-gezilecek-yerler\/#convento_de_santo_domingo\" >Convento de Santo Domingo<\/a><\/li><li class='ez-toc-page-1 ez-toc-heading-level-3'><a class=\"ez-toc-link ez-toc-heading-11\" href=\"https:\/\/www.turna.com\/blog\/valencia-gezilecek-yerler\/#malvarrosa_plaji\" >Malvarrosa Plaj\u0131<\/a><\/li><li class='ez-toc-page-1 ez-toc-heading-level-3'><a class=\"ez-toc-link ez-toc-heading-12\" href=\"https:\/\/www.turna.com\/blog\/valencia-gezilecek-yerler\/#quart_kuleleri\" >Quart Kuleleri<\/a><\/li><\/ul><\/li><li class='ez-toc-page-1 ez-toc-heading-level-2'><a class=\"ez-toc-link ez-toc-heading-13\" href=\"https:\/\/www.turna.com\/blog\/valencia-gezilecek-yerler\/#valenciada_ne_yenir_ne_icilir\" >Valencia\u2019da Ne Yenir, Ne \u0130\u00e7ilir?<\/a><\/li><li class='ez-toc-page-1 ez-toc-heading-level-2'><a class=\"ez-toc-link ez-toc-heading-14\" href=\"https:\/\/www.turna.com\/blog\/valencia-gezilecek-yerler\/#valenciada_nerede_kalinir\" >Valencia\u2019da Nerede Kal\u0131n\u0131r?<\/a><\/li><li class='ez-toc-page-1 ez-toc-heading-level-2'><a class=\"ez-toc-link ez-toc-heading-15\" href=\"https:\/\/www.turna.com\/blog\/valencia-gezilecek-yerler\/#valenciada_bunlari_yapmadan_donmeyin\" >Valencia\u2019da Bunlar\u0131 Yapmadan D\u00f6nmeyin!<\/a><\/li><\/ul><\/nav><\/div>\n\n<p>Valencia, \u0130spanya&#8217;n\u0131n do\u011fu sahilinde yer alan ve Akdeniz&#8217;in mavisiyle \u00e7evrili g\u00fczel bir \u015fehir. Turistlerin yo\u011fun ilgisini \u00e7eken Valencia, tarihi dokusu, modern mimarisi, zengin k\u00fclt\u00fcr\u00fc ve lezzetli yemekleriyle her y\u0131l milyonlarca ziyaret\u00e7iyi a\u011f\u0131rl\u0131yor. Bu yaz\u0131da, Valencia gezilecek yerler hakk\u0131nda size rehberlik ederek, \u015fehrin en g\u00fczel noktalar\u0131n\u0131 ke\u015ffetmenize yard\u0131mc\u0131 olaca\u011f\u0131m. Haz\u0131rsan\u0131z, Valencia&#8217;n\u0131n ke\u015ffedilmeyi bekleyen s\u0131rlar\u0131n\u0131 ortaya \u00e7\u0131karal\u0131m!<\/p>\n\n\n\n<h2 class=\"wp-block-heading has-text-align-center has-neeon-button-dark-gray-color has-text-color has-link-color wp-elements-861fec3a600fc034abe7a2fcd80dca16\"><span class=\"ez-toc-section\" id=\"valencia_gezilecek_yerler\"><\/span><strong><strong><strong><strong><strong><strong>Valencia Gezilecek Yerler<\/strong><\/strong><\/strong><\/strong><\/strong><\/strong><span class=\"ez-toc-section-end\"><\/span><\/h2>\n\n\n\n<figure class=\"wp-block-image size-large\"><img width=\"800\" height=\"500\" decoding=\"async\" src=\"data:image\/svg+xml;base64,PHN2ZyB4bWxucz0iaHR0cDovL3d3dy53My5vcmcvMjAwMC9zdmciIHdpZHRoPSI4MDAiIGhlaWdodD0iNTAwIj48cmVjdCB3aWR0aD0iMTAwJSIgaGVpZ2h0PSIxMDAlIj48YW5pbWF0ZSBhdHRyaWJ1dGVOYW1lPSJmaWxsIiB2YWx1ZXM9InJnYmEoMTUzLDE1MywxNTMsMC41KTtyZ2JhKDE1MywxNTMsMTUzLDAuMSk7cmdiYSgxNTMsMTUzLDE1MywwLjUpIiBkdXI9IjJzIiByZXBlYXRDb3VudD0iaW5kZWZpbml0ZSIgLz48L3JlY3Q+PC9zdmc+\" alt=\"Valencia Gezilecek Yerler\" data-public-id=\"valencia_gezilecek_yerler\/valencia_gezilecek_yerler.jpg\" class=\"wp-post-8874 wp-image-21763\" data-format=\"jpg\" data-transformations=\"f_auto,q_auto:low\" data-version=\"1682513644\" data-seo=\"1\" data-size=\"800 500\" data-srcset=\"https:\/\/res.cloudinary.com\/turna\/images\/f_auto,q_auto:low\/v1682513644\/valencia_gezilecek_yerler\/valencia_gezilecek_yerler.jpg?_i=AA 800w, https:\/\/res.cloudinary.com\/turna\/images\/w_300,h_188,c_scale\/f_auto,q_auto:low\/v1682513644\/valencia_gezilecek_yerler\/valencia_gezilecek_yerler.jpg?_i=AA 300w, https:\/\/res.cloudinary.com\/turna\/images\/w_672,h_420,c_scale\/f_auto,q_auto:low\/v1682513644\/valencia_gezilecek_yerler\/valencia_gezilecek_yerler.jpg?_i=AA 672w, https:\/\/res.cloudinary.com\/turna\/images\/w_640,h_400,c_scale\/f_auto,q_auto:low\/v1682513644\/valencia_gezilecek_yerler\/valencia_gezilecek_yerler.jpg?_i=AA 640w, https:\/\/res.cloudinary.com\/turna\/images\/w_681,h_426,c_scale\/f_auto,q_auto:low\/v1682513644\/valencia_gezilecek_yerler\/valencia_gezilecek_yerler.jpg?_i=AA 681w\" data-sizes=\"(max-width: 800px) 100vw, 800px\" data-delivery=\"upload\" onload=\";window.CLDBind?CLDBind(this):null;\" data-cloudinary=\"lazy\" \/><\/figure>\n\n\n\n<p>\u0130smi Latince&#8217;de, &#8216;g\u00fc\u00e7l\u00fc, kuvvetli&#8217; anlam\u0131na geldi\u011fi i\u00e7in \u0130spanya&#8217;n\u0131n g\u00fc\u00e7l\u00fc \u015fehri olarak an\u0131lan <strong><a href=\"https:\/\/goo.gl\/maps\/2Uyino5yBme2wkhg7\" target=\"_blank\" rel=\"noreferrer noopener\">Valencia<\/a><\/strong>, y\u0131llara meydan okuyan tarihi dokusunun yan\u0131 s\u0131ra rengarenk gece hayat\u0131 ve festivalleriyle de \u00f6ne \u00e7\u0131k\u0131yor. Madrid ve Barcelona&#8217;dan sonra \u00fclkenin n\u00fcfus bak\u0131m\u0131ndan en kalabal\u0131k \u00fc\u00e7\u00fcnc\u00fc \u015fehri olan Valencia, yaz aylar\u0131nda daha hareketli ve canl\u0131 bir atmosfere sahip. Modern ve tarihi mimarinin etkileyici bir uyum olu\u015fturdu\u011fu bu harika \u015fehirde mavi sularla \u00e7evrili plajlara u\u011fray\u0131p, yaz aylar\u0131n\u0131n tad\u0131n\u0131 \u00e7\u0131karmay\u0131 ihmal etmeyin.<\/p>\n\n\n\n<p>Valencia&#8217;da mutlaka g\u00f6r\u00fclmesi gereken yerler aras\u0131nda Ciudad de las Artes y las Ciencias, Mercado Central, Lonja de la Seda, Bioparc Valencia, Plaza de la Reina ve Valencia Katedrali gibi turistik yerler bulunuyor. Ayr\u0131ca, El Carmen, Ruzafa ve Eixample gibi semtleri de ke\u015ffetmenizi \u00f6neririm. Bu b\u00f6lgeler, sokak sanat\u0131, butik ma\u011fazalar ve yeme-i\u00e7me mekanlar\u0131yla \u00fcnl\u00fc. Valencia&#8217;n\u0131n do\u011fal g\u00fczellikleri de unutulmamal\u0131. Albufera Do\u011fa Park\u0131, Malvarrosa Plaj\u0131 ve Turia Nehri Park\u0131 gibi do\u011fal alanlar, \u015fehrin g\u00fczelli\u011fini tamaml\u0131yor.<\/p>\n\n\n\n<h3 class=\"wp-block-heading has-text-align-center has-neeon-button-dark-gray-color has-text-color has-link-color wp-elements-ef5a12da8296edcbdd38aa4eb514fe1c\"><span class=\"ez-toc-section\" id=\"valencia_cathedral\"><\/span><strong><strong><strong><strong>Valencia Cathedral<\/strong><\/strong><\/strong><\/strong><span class=\"ez-toc-section-end\"><\/span><\/h3>\n\n\n\n<figure class=\"wp-block-image size-large\"><img decoding=\"async\" src=\"https:\/\/res.cloudinary.com\/turna\/image\/upload\/v1682513290\/Valencia_Cathedral.jpg\" alt=\"Valencia Gezilecek Yerler Valencia Cathedral\"\/><\/figure>\n\n\n\n<p>End\u00fcl\u00fcsl\u00fc Araplar taraf\u0131ndan 13. y\u00fczy\u0131lda cami olarak in\u015fa edilen&nbsp;Valencia Cathedral (Catedral de Santa Mar\u00eda de Valencia), Gotik, Barok ve Neo-klasik d\u00f6nemlerin izini ta\u015f\u0131yan b\u00fcy\u00fcleyici mimarisiyle hayranl\u0131k uyand\u0131r\u0131yor. Katedral, 13. y\u00fczy\u0131lda in\u015fa edilmi\u015f ve Valencia&#8217;n\u0131n en \u00f6nemli tarihi yap\u0131lar\u0131ndan biri.<\/p>\n\n\n\n<p>\u0130\u00e7inde, \u0130spanya&#8217;n\u0131n en b\u00fcy\u00fck gotik resimli tavanlar\u0131ndan biri bulunan, 15. y\u00fczy\u0131ldan kalma bir kilise var. Ayr\u0131ca, Katedral&#8217;de bulunan Kutsal K\u00e2se, \u0130sa&#8217;n\u0131n Son Ak\u015fam Yeme\u011fi s\u0131ras\u0131nda kulland\u0131\u011f\u0131 d\u00fc\u015f\u00fcn\u00fclen bir k\u00e2se olarak kabul ediliyor ve her y\u0131l binlerce hac\u0131 taraf\u0131ndan ziyaret ediliyor. Valencia Katedrali, \u015fehirde ziyaret edilmesi gereken en \u00f6nemli turistik yerlerden. Bu harika yap\u0131y\u0131 g\u00f6rmek isteyenler&nbsp;Plaza de la Virgin Meydan\u0131&#8217;na u\u011framal\u0131.<\/p>\n\n\n\n<h3 class=\"wp-block-heading has-text-align-center has-neeon-button-dark-gray-color has-text-color has-link-color wp-elements-37e93167aeac42dc72ce51e79484469c\"><span class=\"ez-toc-section\" id=\"city_of_arts_and_sciences\"><\/span><strong><strong><strong><strong><strong>City of Arts and Sciences<\/strong><\/strong><\/strong><\/strong><\/strong><span class=\"ez-toc-section-end\"><\/span><\/h3>\n\n\n\n<figure class=\"wp-block-image size-large\"><img decoding=\"async\" src=\"https:\/\/res.cloudinary.com\/turna\/image\/upload\/v1682513289\/City_of_Arts_and_Sciences.jpg\" alt=\"City of Arts and Sciences\"\/><\/figure>\n\n\n\n<p>Valencia City of Arts and Sciences (Sanat ve Bilimler \u015eehri), Avrupa&#8217;n\u0131n en b\u00fcy\u00fck ve modern bilim merkezlerinden biri. Yap\u0131m\u0131 1998 y\u0131l\u0131nda tamamlanan bu futuristik kompleks, Santiago Calatrava ve F\u00e9lix Candela taraf\u0131ndan tasarlanm\u0131\u015f.<\/p>\n\n\n\n<p>\u015eehrin eski nehri yata\u011f\u0131ndaki bir arazide yer alan kompleks, \u00e7e\u015fitli m\u00fczeler, bir IMAX sinemas\u0131, bir opera salonu, bir bilim m\u00fczesi, bir okyanus park\u0131 ve daha bir\u00e7ok etkileyici yap\u0131dan olu\u015fuyor. Valencia City of Arts and Sciences, sadece bilimsel a\u00e7\u0131dan de\u011fil, ayn\u0131 zamanda mimarisiyle de b\u00fcy\u00fcleyici bir turistik yer. Burada ak\u0131ll\u0131 \u015fehirlerin gelece\u011fi hakk\u0131nda bilgi edinebilir, interaktif deneyimler ya\u015fayabilir ve sanat\u0131n ve bilimin bir araya geldi\u011fi benzersiz bir d\u00fcnya ke\u015ffedebilirsiniz.<\/p>\n\n\n\n<h3 class=\"wp-block-heading has-text-align-center has-neeon-button-dark-gray-color has-text-color has-link-color wp-elements-f3f1c8f6b754afb8baf3cecda563a0b7\"><span class=\"ez-toc-section\" id=\"llotja_de_la_seda_la_lonja\"><\/span><strong><strong><strong><strong><strong><strong>Llotja de la Seda La Lonja<\/strong><\/strong><\/strong><\/strong><\/strong><\/strong><span class=\"ez-toc-section-end\"><\/span><\/h3>\n\n\n\n<figure class=\"wp-block-image size-large\"><img decoding=\"async\" src=\"https:\/\/res.cloudinary.com\/turna\/image\/upload\/v1682513290\/Llotja_de_la_Seda_La_Lonja.jpg\" alt=\"Llotja de la Seda La Lonja\"\/><\/figure>\n\n\n\n<p>Llotja de la Seda, Valencia&#8217;da bulunan bir Gotik yap\u0131. \u0130spanya&#8217;da en \u00f6nemli tarihi an\u0131tlardan biri olarak kabul edilen Llotja de la Seda, 15. y\u00fczy\u0131lda yap\u0131lm\u0131\u015f ve \u0130pek Borsas\u0131 olarak kullan\u0131lm\u0131\u015f. UNESCO D\u00fcnya Miras\u0131 Listesi&#8217;nde yer alan bu yap\u0131, Gotik tarzda in\u015fa edilmi\u015f, dikkat \u00e7ekici bir i\u00e7 avluya, g\u00fczel bir bah\u00e7eye ve b\u00fcy\u00fcleyici bir salona sahip.<\/p>\n\n\n\n<p>Salon, ince i\u015f\u00e7ilikle yap\u0131lm\u0131\u015f y\u00fcksek tavanlar\u0131, mermer s\u00fctunlar\u0131 ve zengin s\u00fcslemeleri ile \u00fcnl\u00fc. Llotja de la Seda, Valencia&#8217;da g\u00f6r\u00fclmeye de\u011fer tarihi ve mimari yap\u0131lar\u0131n en \u00f6nemlilerinden ve \u015fehirdeki gezinizde kesinlikle listenizde yer almas\u0131 gereken yerlerden biri. Llotja de la Seda La Lonja&#8217;y\u0131 ziyaret etti\u011finizde Consulado del Mar ve&nbsp;portakal bah\u00e7esini g\u00f6rmeyi de ihmal etmeyin.<\/p>\n\n\n\n<h3 class=\"wp-block-heading has-text-align-center has-neeon-button-dark-gray-color has-text-color has-link-color wp-elements-f138c6a6fc7511636af978b6ba571997\"><span class=\"ez-toc-section\" id=\"mercado_central\"><\/span><strong><strong><strong><strong><strong><strong><strong>Mercado Central<\/strong><\/strong><\/strong><\/strong><\/strong><\/strong><\/strong><span class=\"ez-toc-section-end\"><\/span><\/h3>\n\n\n\n<figure class=\"wp-block-image size-large\"><img decoding=\"async\" src=\"https:\/\/res.cloudinary.com\/turna\/image\/upload\/v1682513288\/Mercado_Central.jpg\" alt=\"Mercado Central Valencia gezilecek yerler\"\/><\/figure>\n\n\n\n<p>Yerel pazarlar\u0131 dola\u015fmay\u0131 ve y\u00f6resel tatlar\u0131 ke\u015ffetmeyi seviyorsan\u0131z, \u015fehrin en b\u00fcy\u00fck kapal\u0131 pazar\u0131 olan Mercado Central (Central Market)&#8217;a u\u011framan\u0131z gerek. 1914 y\u0131l\u0131ndan bu yana \u015fehrin meyve, sebze, et ve bal\u0131k gibi g\u0131da ihtiya\u00e7lar\u0131n\u0131 kar\u015f\u0131layan bu eski pazarda yerel halk\u0131n damak tad\u0131na dair k\u00fc\u00e7\u00fck t\u00fcyolar edinebilirsiniz.<\/p>\n\n\n\n<h3 class=\"wp-block-heading has-text-align-center has-neeon-button-dark-gray-color has-text-color has-link-color wp-elements-d56d741a810cb1ccdece591b18ab609a\"><span class=\"ez-toc-section\" id=\"turia_bahceleri\"><\/span><strong><strong><strong><strong><strong><strong><strong><strong>Turia Bah\u00e7eleri<\/strong><\/strong><\/strong><\/strong><\/strong><\/strong><\/strong><\/strong><span class=\"ez-toc-section-end\"><\/span><\/h3>\n\n\n\n<figure class=\"wp-block-image size-large\"><img decoding=\"async\" src=\"https:\/\/res.cloudinary.com\/turna\/image\/upload\/v1682513289\/Turia_bah%C3%A7eleri.jpg\" alt=\"Turia Bah\u00e7eleri\"\/><\/figure>\n\n\n\n<p>Turia Nehri&#8217;nin sebep oldu\u011fu sel ta\u015fk\u0131n\u0131 y\u00fcz\u00fcnden 81 ki\u015fi hayat\u0131n\u0131 kaybedince, \u015fehirde baz\u0131 d\u00fczenlemelere gidilerek, nehrin g\u00fczergah\u0131 de\u011fi\u015ftirildi. G\u00fcn\u00fcm\u00fczde bisiklet yollar\u0131 ve y\u00fcr\u00fcy\u00fc\u015f parkurlar\u0131yla \u00e7evrili bir rekreasyon alan\u0131na d\u00f6n\u00fc\u015ft\u00fcr\u00fclen eski nehir b\u00f6lgesi ise&nbsp;Turia Bah\u00e7eleri (Jardines del Turia) ismini ald\u0131.&nbsp;City of Arts and Sciences yak\u0131nlar\u0131nda yer alan bu bah\u00e7elere gidip, ye\u015filin ve huzurun tad\u0131n\u0131 \u00e7\u0131karabilirsiniz.<\/p>\n\n\n\n<h3 class=\"wp-block-heading has-text-align-center has-neeon-button-dark-gray-color has-text-color has-link-color wp-elements-853bfabfa36e0d4c66771a0e9c6bb1a3\"><span class=\"ez-toc-section\" id=\"albufera_doga_parki\"><\/span><strong><strong><strong><strong><strong><strong><strong><strong><strong>Albufera Do\u011fa Park\u0131<\/strong><\/strong><\/strong><\/strong><\/strong><\/strong><\/strong><\/strong><\/strong><span class=\"ez-toc-section-end\"><\/span><\/h3>\n\n\n\n<figure class=\"wp-block-image size-large\"><img decoding=\"async\" src=\"https:\/\/res.cloudinary.com\/turna\/image\/upload\/v1682513290\/Albufera_Do%C4%9Fa_Park%C4%B1.jpg\" alt=\"Albufera Do\u011fa Park\u0131\"\/><\/figure>\n\n\n\n<p>Albufera Do\u011fa Park\u0131, Valencia&#8217; \u015fehrinin&#8217;n\u0131n g\u00fcneyinde yer alan 21.000 hektarl\u0131k bir alan\u0131 kapsayan bir sulak alan do\u011fa park\u0131. Bu muhte\u015fem do\u011fal alan, ender rastlanan tuzlu tatl\u0131 su g\u00f6l\u00fc ekosistemleri aras\u0131nda yer al\u0131yor ve ku\u015flar\u0131n, bal\u0131klar\u0131n ve bitkilerin ya\u015famas\u0131 i\u00e7in ideal bir habitat sunuyor.<\/p>\n\n\n\n<p>Burada, flamingolar, \u00f6rdekler, bal\u0131k\u00e7\u0131l ku\u015flar\u0131, tarla tav\u015fanlar\u0131, su samurlar\u0131 ve daha pek \u00e7ok canl\u0131 t\u00fcr\u00fc g\u00f6r\u00fclebilir. Ayr\u0131ca, Albufera Do\u011fa Park\u0131&#8217;n\u0131n bir di\u011fer \u00f6zelli\u011fi, &#8220;paella&#8221; ad\u0131 verilen geleneksel bir yemek olan safranl\u0131 pirin\u00e7 yeme\u011finin yap\u0131m\u0131nda kullan\u0131lan pirin\u00e7 tarlalar\u0131n\u0131n burada yer almas\u0131. Bu nedenle, Albufera Do\u011fa Park\u0131, hem do\u011fal g\u00fczellikleri hem de gastronomik \u00f6zellikleri ile Valencia b\u00f6lgesinin en \u00f6nemli turistik yerlerinden biri.<\/p>\n\n\n\n<h3 class=\"wp-block-heading has-text-align-center has-neeon-button-dark-gray-color has-text-color has-link-color wp-elements-b5a8e738ca5ba71322d1d4fffb98c52c\"><span class=\"ez-toc-section\" id=\"bioparc_valencia\"><\/span><strong><strong><strong><strong><strong><strong><strong><strong><strong><strong>Bioparc Valencia<\/strong><\/strong><\/strong><\/strong><\/strong><\/strong><\/strong><\/strong><\/strong><\/strong><span class=\"ez-toc-section-end\"><\/span><\/h3>\n\n\n\n<figure class=\"wp-block-image size-large\"><img decoding=\"async\" src=\"https:\/\/res.cloudinary.com\/turna\/image\/upload\/v1682513288\/Bioparc_Valencia.jpg\" alt=\"Bioparc Valencia\"\/><\/figure>\n\n\n\n<p>Bioparc Valencia, bir hayvanat bah\u00e7esi ve koruma alan\u0131. Bu hayvanat bah\u00e7esi, Afrika k\u0131tas\u0131n\u0131n do\u011fal ya\u015fam alanlar\u0131n\u0131 taklit eden modern bir tasar\u0131ma sahip. Bu nedenle, Bioparc Valencia&#8217;da Afrika&#8217;n\u0131n farkl\u0131 b\u00f6lgelerinden gelen hayvanlar sergileniyor ve orijinal ya\u015fam alanlar\u0131na \u00e7ok yak\u0131n bir deneyim ya\u015fayabilirsiniz. Bioparc Valencia&#8217;da, aslanlar, zebralar, fil, goril, \u00e7ita ve \u00e7ok daha fazla hayvan t\u00fcr\u00fc g\u00f6rebilirsiniz.<\/p>\n\n\n\n<h3 class=\"wp-block-heading has-text-align-center has-neeon-button-dark-gray-color has-text-color has-link-color wp-elements-e4a6511995bf9001c532e02d8824a88e\"><span class=\"ez-toc-section\" id=\"plaza_de_la_reina\"><\/span><strong><strong><strong><strong><strong><strong><strong><strong><strong><strong><strong>Plaza de la Reina<\/strong><\/strong><\/strong><\/strong><\/strong><\/strong><\/strong><\/strong><\/strong><\/strong><\/strong><span class=\"ez-toc-section-end\"><\/span><\/h3>\n\n\n\n<figure class=\"wp-block-image size-large\"><img decoding=\"async\" src=\"https:\/\/res.cloudinary.com\/turna\/image\/upload\/v1682513290\/Plaza_de_la_Reina.jpg\" alt=\"Plaza de la Reina\"\/><\/figure>\n\n\n\n<p>Plaza de la Reina, Valencia&#8217;n\u0131n tarihi merkezinde yer alan meydanlardan biri. Buras\u0131, Valencia Katedrali&#8217;nin hemen yan\u0131nda ve El Miguelete \u00e7an kulesi ile Lonja de la Seda gibi di\u011fer tarihi yap\u0131lar\u0131n yak\u0131n\u0131nda bulunuyor. Plaza de la Reina, tarihi bir meydan olmas\u0131n\u0131n yan\u0131 s\u0131ra, ayn\u0131 zamanda bir\u00e7ok restoran, kafe ve ma\u011faza gibi ticari i\u015fletmelere de ev sahipli\u011fi yap\u0131yor. Meydan, \u015fehrin tarihi ve k\u00fclt\u00fcrel dokusunu ke\u015ffetmek i\u00e7in harika bir ba\u015flang\u0131\u00e7 noktas\u0131. Ayr\u0131ca, burada ger\u00e7ekle\u015ftirilen \u00e7e\u015fitli etkinlikler, konserler ve festival gibi etkinlikler de Plaza de la Reina&#8217;y\u0131 ziyaret etmek i\u00e7in harika bir sebep.<\/p>\n\n\n\n<h3 class=\"wp-block-heading has-text-align-center has-neeon-button-dark-gray-color has-text-color has-link-color wp-elements-6a87979b7d1556a0aa1ac8114088e2f2\"><span class=\"ez-toc-section\" id=\"convento_de_santo_domingo\"><\/span><strong><strong><strong><strong><strong><strong><strong><strong><strong><strong><strong><strong>Convento de Santo Domingo<\/strong><\/strong><\/strong><\/strong><\/strong><\/strong><\/strong><\/strong><\/strong><\/strong><\/strong><\/strong><span class=\"ez-toc-section-end\"><\/span><\/h3>\n\n\n\n<p>Valensiya\u2019n\u0131n g\u00f6zden ka\u00e7an ama mimari a\u00e7\u0131dan en etkileyici yap\u0131lar\u0131ndan biri de Convento de Santo Domingo. 13. y\u00fczy\u0131ldan g\u00fcn\u00fcm\u00fcze ula\u015fan bu Dominiken manast\u0131r\u0131, Gotik, Barok ve R\u00f6nesans tarzlar\u0131n\u0131n zarif bir birle\u015fimini sunuyor. \u00d6zellikle \u015e\u00f6valyeler Salonu ve y\u00fcksek tavanl\u0131 kemerleriyle dikkat \u00e7eken bu yap\u0131, Valensiya\u2019n\u0131n tarihi dokusunu derinlemesine hissetmek isteyenler i\u00e7in mutlaka g\u00f6r\u00fclmesi gereken duraklar aras\u0131nda yer al\u0131yor. <\/p>\n\n\n\n<h3 class=\"wp-block-heading has-text-align-center has-neeon-button-dark-gray-color has-text-color has-link-color wp-elements-98159fb0bece007669707ea6fe727fca\"><span class=\"ez-toc-section\" id=\"malvarrosa_plaji\"><\/span><strong><strong><strong><strong><strong><strong><strong><strong><strong><strong><strong><strong>Malvarrosa Plaj\u0131<\/strong><\/strong><\/strong><\/strong><\/strong><\/strong><\/strong><\/strong><\/strong><\/strong><\/strong><\/strong><span class=\"ez-toc-section-end\"><\/span><\/h3>\n\n\n\n<figure class=\"wp-block-image size-large\"><img decoding=\"async\" src=\"https:\/\/res.cloudinary.com\/turna\/image\/upload\/v1682513289\/malvarossa_plaj%C4%B1.jpg\" alt=\"Malvarrosa Plaj\u0131\"\/><\/figure>\n\n\n\n<p>Malvarrosa Plaj\u0131, Valencia&#8217;n\u0131n en pop\u00fcler plajlar\u0131ndan biri. Bu uzun ve geni\u015f plaj, Middelhav Denizi&#8217;nin s\u0131cak sular\u0131na bakan geni\u015f bir kumlu sahil \u015feridine sahip. Sahil boyunca bir\u00e7ok restoran, kafe ve bar bulunuyor. Malvarrosa Plaj\u0131, sadece y\u00fczme ve g\u00fcne\u015flenmek i\u00e7in de\u011fil, ayn\u0131 zamanda plaj voleybolu, y\u00fcr\u00fcy\u00fc\u015f ve bisiklet gibi \u00e7e\u015fitli aktiviteler i\u00e7in de pop\u00fcler. Ayr\u0131ca, plajda y\u0131l boyunca \u00e7e\u015fitli etkinlikler de d\u00fczenleniyor.<\/p>\n\n\n\n<p>Valencia gezilecek yerler tarihi, k\u00fclt\u00fcrel, do\u011fal ve modern cazibe merkezleriyle herkesin ilgisini \u00e7ekecek bir\u00e7ok \u00f6zelli\u011fe sahip. Her biri kendine \u00f6zg\u00fc bir karaktere ve g\u00fczelli\u011fe sahip olan bu yerler, Valencia&#8217;n\u0131n zenginliklerini ke\u015ffetmek isteyen gezginler i\u00e7in m\u00fckemmel bir se\u00e7im. Siz de <a href=\"https:\/\/www.turna.com\/ucak-bileti\/valencia\" target=\"_blank\" rel=\"noopener noreferrer\"><strong>Valencia u\u00e7ak bileti<\/strong><\/a> kampanyalar\u0131na g\u00f6z atarak, \u0130spanya&#8217;n\u0131n bu k\u00fclt\u00fcr sanat \u015fehrini ke\u015ffe ba\u015flayabilirsiniz.<\/p>\n\n\n\n<h3 class=\"wp-block-heading has-text-align-center has-neeon-button-dark-gray-color has-text-color has-link-color wp-elements-a993c4f3a7c5ed9c5023e092a10e9f75\"><span class=\"ez-toc-section\" id=\"quart_kuleleri\"><\/span><strong><strong><strong><strong><strong><strong><strong><strong><strong><strong><strong><strong>Quart Kuleleri<\/strong><\/strong><\/strong><\/strong><\/strong><\/strong><\/strong><\/strong><\/strong><\/strong><\/strong><\/strong><span class=\"ez-toc-section-end\"><\/span><\/h3>\n\n\n\n<p>Valencia\u2019n\u0131n tarih kokan yap\u0131lar\u0131ndan biri olarak dikkat \u00e7eken Quart Kuleleri\u2019nin 15. y\u00fczy\u0131lda \u015fehir surlar\u0131n\u0131n bir par\u00e7as\u0131 olarak in\u015fa edildi\u011fi biliniyor. Gotik mimarinin izlerini ta\u015f\u0131yan bu etkileyici kuleler, ge\u00e7mi\u015fte \u015fehri savunmak i\u00e7in kullan\u0131lm\u0131\u015f. Hatta kulelerin \u00fczerinde hala Frans\u0131z top g\u00fcllelerinin izlerini g\u00f6rmek m\u00fcmk\u00fcn. \u015eehrin ge\u00e7mi\u015fine dokunmak isteyenler i\u00e7in Quart Kuleleri, Valencia\u2019n\u0131n en g\u00fc\u00e7l\u00fc sembolleri aras\u0131nda bulunuyor.<\/p>\n\n\n\n<h2 class=\"wp-block-heading has-text-align-center has-neeon-button-dark-gray-color has-text-color has-link-color wp-elements-68df27889c5e02870d06add406127a46\"><span class=\"ez-toc-section\" id=\"valenciada_ne_yenir_ne_icilir\"><\/span><strong><strong><strong><strong><strong><strong><strong><strong><strong><strong><strong><strong><strong><strong>Valencia\u2019da Ne Yenir, Ne \u0130\u00e7ilir?<\/strong><\/strong><\/strong><\/strong><\/strong><\/strong><\/strong><\/strong><\/strong><\/strong><\/strong><\/strong><\/strong><\/strong><span class=\"ez-toc-section-end\"><\/span><\/h2>\n\n\n\n<figure class=\"wp-block-image size-large\"><img decoding=\"async\" src=\"https:\/\/res.cloudinary.com\/turna\/image\/upload\/v1747128081\/wordpress-contents\/valenciya.jpg\" alt=\"\"\/><\/figure>\n\n\n\n<p>Valencia, Akdeniz\u2019in c\u00f6mert lezzetleriyle tan\u0131\u015fmak i\u00e7in e\u015fsiz bir rota. Bu \u015fehir, yaln\u0131zca b\u00f6lgeye&nbsp;ait bir pirin\u00e7 yeme\u011fi \u00e7e\u015fidi olan paella\u2019n\u0131n do\u011fdu\u011fu yer de\u011fil; ayn\u0131 zamanda fideua, tortilla, tapas ve gazpacho gibi lezzetlerle de damaklar\u0131 \u015fenlendiriyor. \u015eehrin simgesi haline gelmi\u015f olan portakallar da, meyve suyu ve tatl\u0131 formunda sofralarda kendine yer buluyor. Mercado Central\u2019in renkli tezgahlar\u0131nda taze \u00fcr\u00fcnlerin kokusu e\u015fli\u011finde gezinmek, Valencia\u2019n\u0131n gastronomik ruhunu anlaman\u0131n en iyi yollar\u0131 aras\u0131nda bulunuyor. Sahil kenar\u0131nda, yerel malzemelerle haz\u0131rlanm\u0131\u015f deniz mahsull\u00fc bir paella ile g\u00fcn\u00fc ta\u00e7land\u0131rmadan bu rotadan sak\u0131n ayr\u0131lmay\u0131n. <\/p>\n\n\n\n<h2 class=\"wp-block-heading has-text-align-center has-neeon-button-dark-gray-color has-text-color has-link-color wp-elements-33662ae991790a500f742f4c61610b6d\"><span class=\"ez-toc-section\" id=\"valenciada_nerede_kalinir\"><\/span><strong><strong><strong><strong><strong><strong><strong><strong><strong><strong><strong><strong><strong><strong>Valencia\u2019da Nerede Kal\u0131n\u0131r?<\/strong><\/strong><\/strong><\/strong><\/strong><\/strong><\/strong><\/strong><\/strong><\/strong><\/strong><\/strong><\/strong><\/strong><span class=\"ez-toc-section-end\"><\/span><\/h2>\n\n\n\n<figure class=\"wp-block-image size-full\"><img width=\"800\" height=\"500\" data-public-id=\"y\u00fcksek_sezonda_ekonomik_otel\/y\u00fcksek_sezonda_ekonomik_otel.jpg\" fetchpriority=\"high\" decoding=\"async\" src=\"https:\/\/res.cloudinary.com\/turna\/images\/w_800,h_500,c_scale\/f_auto,q_auto:low\/v1660562990\/y\u00fcksek_sezonda_ekonomik_otel\/y\u00fcksek_sezonda_ekonomik_otel.jpg?_i=AA\" alt=\"y\u00fcksek sezonda ekonomik otel\" class=\"wp-post-8874 wp-image-21069\" data-format=\"jpg\" data-transformations=\"f_auto,q_auto:low\" data-version=\"1660562990\" data-seo=\"1\" srcset=\"https:\/\/res.cloudinary.com\/turna\/images\/f_auto,q_auto:low\/v1660562990\/y\u00fcksek_sezonda_ekonomik_otel\/y\u00fcksek_sezonda_ekonomik_otel.jpg?_i=AA 800w, https:\/\/res.cloudinary.com\/turna\/images\/w_300,h_188,c_scale\/f_auto,q_auto:low\/v1660562990\/y\u00fcksek_sezonda_ekonomik_otel\/y\u00fcksek_sezonda_ekonomik_otel.jpg?_i=AA 300w, https:\/\/res.cloudinary.com\/turna\/images\/w_672,h_420,c_scale\/f_auto,q_auto:low\/v1660562990\/y\u00fcksek_sezonda_ekonomik_otel\/y\u00fcksek_sezonda_ekonomik_otel.jpg?_i=AA 672w, https:\/\/res.cloudinary.com\/turna\/images\/w_640,h_400,c_scale\/f_auto,q_auto:low\/v1660562990\/y\u00fcksek_sezonda_ekonomik_otel\/y\u00fcksek_sezonda_ekonomik_otel.jpg?_i=AA 640w, https:\/\/res.cloudinary.com\/turna\/images\/w_681,h_426,c_scale\/f_auto,q_auto:low\/v1660562990\/y\u00fcksek_sezonda_ekonomik_otel\/y\u00fcksek_sezonda_ekonomik_otel.jpg?_i=AA 681w\" sizes=\"(max-width: 800px) 100vw, 800px\" \/><\/figure>\n\n\n\n<p>Valencia, hem kendine has ruhu hem de \u00f6zel manzaralar\u0131yla konaklama deneyimini \u00f6zel k\u0131lmay\u0131 ba\u015far\u0131yor. Eski \u015fehrin dar sokaklar\u0131nda konumlanan butik oteller, tarihi atmosferin tam kalbinde uyanmak isteyenler i\u00e7in ideal bir se\u00e7im oluyor. \u015eehirdeki \u00e7a\u011fda\u015f y\u00fcz\u00fc g\u00f6rmek isteyenler i\u00e7in ise Sanat ve Bilim \u015eehri \u00e7evresindeki tasar\u0131m otelleri modern ve konforlu bir konaklama alternatifi sunuyor. Denizle i\u00e7 i\u00e7e bir deneyim arayanlar\u0131n ise rotas\u0131n\u0131 Malvarrosa k\u0131y\u0131s\u0131ndaki sahil otellerine \u00e7evirmesi gerekiyor. <\/p>\n\n\n\n<p>Hotel Las Arenas Balneario Resort deniz manzaral\u0131 odalar\u0131, ayr\u0131cal\u0131kl\u0131 bir konaklama vadeden l\u00fcks dizayn\u0131 ve geni\u015f hizmet yelpazesiyle ke\u015ffetmeniz gereken oteller aras\u0131nda. The Westin Valencia ve Hotel ILUNION Aqua 4 ise \u015f\u0131k tasar\u0131m\u0131 ve zengin men\u00fcleriyle kalbinizi \u00e7almaya aday. Only YOU Hotel Valencia ve Melia Valencia da romantik \u00e7ift ka\u00e7amaklar\u0131 i\u00e7in e\u015fsiz birer alternatif. <strong><a href=\"https:\/\/www.turna.com\/otel\/valencia\">Valencia otelleri<\/a><\/strong> uygun fiyatlar ve geni\u015f bir se\u00e7enek yelpazesiyle Turna&#8217;da ke\u015ffinizi bekliyor!<\/p>\n\n\n\n<h2 class=\"wp-block-heading has-text-align-center has-neeon-button-dark-gray-color has-text-color has-link-color wp-elements-1d8c5821a014a544a5278693c242226d\"><span class=\"ez-toc-section\" id=\"valenciada_bunlari_yapmadan_donmeyin\"><\/span><strong><strong><strong><strong><strong><strong><strong><strong><strong><strong><strong><strong><strong><strong>Valencia\u2019da Bunlar\u0131 Yapmadan D\u00f6nmeyin!<\/strong><\/strong><\/strong><\/strong><\/strong><\/strong><\/strong><\/strong><\/strong><\/strong><\/strong><\/strong><\/strong><\/strong><span class=\"ez-toc-section-end\"><\/span><\/h2>\n\n\n\n<figure class=\"wp-block-image size-large\"><img decoding=\"async\" src=\"https:\/\/res.cloudinary.com\/turna\/image\/upload\/v1747127155\/wordpress-contents\/valencia.jpg\" alt=\"\"\/><\/figure>\n\n\n\n<ul class=\"wp-block-list\">\n<li>Valencia Katedrali\u2019ne \u00e7\u0131k\u0131n ve El Miguelete\u2019den \u015fehrin panoramik manzaras\u0131na tan\u0131kl\u0131k edin.<\/li>\n\n\n\n<li>Bir sahil restoran\u0131nda, Albufera pirinciyle yap\u0131lm\u0131\u015f geleneksel paellay\u0131 mutlaka deneyin.<\/li>\n\n\n\n<li>El Carmen sokaklar\u0131nda duvar resimlerinin izini s\u00fcr\u00fcn ve sokak sanat\u0131n\u0131n farkl\u0131 renkleriyle tan\u0131\u015f\u0131n.<\/li>\n\n\n\n<li>Turia Bah\u00e7eleri\u2019nde y\u00fcr\u00fcy\u00fc\u015f yap\u0131n, \u015fehrin kalabal\u0131\u011f\u0131n\u0131n ortas\u0131nda do\u011fayla ba\u015f ba\u015fa kal\u0131n.<\/li>\n\n\n\n<li>Sanat ve Bilim \u015eehri\u2019nde gelece\u011fin teknolojileriyle tan\u0131\u015f\u0131n.<\/li>\n\n\n\n<li>Bioparc Valencia\u2019da do\u011fal ortamlar\u0131nda g\u00f6zlemleyebilece\u011finiz vah\u015fi hayvanlar\u0131 ke\u015ffedin.<\/li>\n\n\n\n<li>Malvarrosa Plaj\u0131\u2019nda g\u00fcn bat\u0131m\u0131n\u0131 izleyin ve g\u00fcn\u00fc hafif deniz esintileriyle noktalay\u0131n.<\/li>\n\n\n\n<li>Mercado Central\u2019de yerel \u00fcr\u00fcnlerden al\u0131\u015fveri\u015f yap\u0131n ve b\u00f6lgenin \u00fcnl\u00fc portakal suyunu deneyin.<\/li>\n<\/ul>\n\n    <div class=\"xs_social_share_widget xs_share_url after_content \t\tmain_content  wslu-style-1 wslu-share-box-shaped wslu-fill-colored wslu-none wslu-share-horizontal wslu-theme-font-no wslu-main_content\">\n\n\t\t\n        <ul>\n\t\t\t        <\/ul>\n    <\/div> \n","protected":false},"excerpt":{"rendered":"<p>Valencia, \u0130spanya&#8217;n\u0131n do\u011fu sahilinde yer alan ve Akdeniz&#8217;in mavisiyle \u00e7evrili g\u00fczel bir \u015fehir. Turistlerin yo\u011fun ilgisini \u00e7eken Valencia, tarihi dokusu, modern mimarisi, zengin k\u00fclt\u00fcr\u00fc ve lezzetli yemekleriyle her y\u0131l milyonlarca ziyaret\u00e7iyi a\u011f\u0131rl\u0131yor. Bu yaz\u0131da, Valencia gezilecek yerler hakk\u0131nda size rehberlik ederek, \u015fehrin en g\u00fczel noktalar\u0131n\u0131 ke\u015ffetmenize yard\u0131mc\u0131 olaca\u011f\u0131m. Haz\u0131rsan\u0131z, Valencia&#8217;n\u0131n ke\u015ffedilmeyi bekleyen s\u0131rlar\u0131n\u0131 ortaya \u00e7\u0131karal\u0131m!<\/p>\n","protected":false},"author":34,"featured_media":21763,"comment_status":"open","ping_status":"open","sticky":false,"template":"","format":"standard","meta":{"rop_custom_images_group":[],"rop_custom_messages_group":[],"rop_publish_now":"initial","rop_publish_now_accounts":[],"rop_publish_now_history":[],"rop_publish_now_status":"pending","_cloudinary_featured_overwrite":false,"footnotes":""},"categories":[165],"tags":[2393,317,1232],"class_list":["post-8874","post","type-post","status-publish","format-standard","has-post-thumbnail","hentry","category-ispanya","tag-alicante","tag-ispanya","tag-valencia"],"_links":{"self":[{"href":"https:\/\/www.turna.com\/blog\/wp-json\/wp\/v2\/posts\/8874","targetHints":{"allow":["GET"]}}],"collection":[{"href":"https:\/\/www.turna.com\/blog\/wp-json\/wp\/v2\/posts"}],"about":[{"href":"https:\/\/www.turna.com\/blog\/wp-json\/wp\/v2\/types\/post"}],"author":[{"embeddable":true,"href":"https:\/\/www.turna.com\/blog\/wp-json\/wp\/v2\/users\/34"}],"replies":[{"embeddable":true,"href":"https:\/\/www.turna.com\/blog\/wp-json\/wp\/v2\/comments?post=8874"}],"version-history":[{"count":0,"href":"https:\/\/www.turna.com\/blog\/wp-json\/wp\/v2\/posts\/8874\/revisions"}],"wp:featuredmedia":[{"embeddable":true,"href":"https:\/\/www.turna.com\/blog\/wp-json\/wp\/v2\/media\/21763"}],"wp:attachment":[{"href":"https:\/\/www.turna.com\/blog\/wp-json\/wp\/v2\/media?parent=8874"}],"wp:term":[{"taxonomy":"category","embeddable":true,"href":"https:\/\/www.turna.com\/blog\/wp-json\/wp\/v2\/categories?post=8874"},{"taxonomy":"post_tag","embeddable":true,"href":"https:\/\/www.turna.com\/blog\/wp-json\/wp\/v2\/tags?post=8874"}],"curies":[{"name":"wp","href":"https:\/\/api.w.org\/{rel}","templated":true}]}}