{"id":8856,"date":"2017-07-20T01:01:43","date_gmt":"2017-07-19T22:01:43","guid":{"rendered":"https:\/\/www.turna.com\/blog\/?p=8856"},"modified":"2020-01-27T16:10:02","modified_gmt":"2020-01-27T13:10:02","slug":"bahreyn-gorulecek-yerler","status":"publish","type":"post","link":"https:\/\/www.turna.com\/blog\/bahreyn-gorulecek-yerler","title":{"rendered":"Bahreyn Gezilecek Yerler: Bahreyn&#8217;de G\u00f6r\u00fclmesi Gereken 5 Yer"},"content":{"rendered":"<div id=\"ez-toc-container\" class=\"ez-toc-v2_0_82_2 counter-hierarchy ez-toc-counter ez-toc-black ez-toc-container-direction\">\n<div class=\"ez-toc-title-container\">\n<p class=\"ez-toc-title\" style=\"cursor:inherit\">\u0130\u00e7indekiler<\/p>\n<span class=\"ez-toc-title-toggle\"><a href=\"#\" class=\"ez-toc-pull-right ez-toc-btn ez-toc-btn-xs ez-toc-btn-default ez-toc-toggle\" aria-label=\"\u0130\u00e7indekiler Tablosunu A\u00e7\/Kapat\"><span class=\"ez-toc-js-icon-con\"><span class=\"\"><span class=\"eztoc-hide\" style=\"display:none;\">Toggle<\/span><span class=\"ez-toc-icon-toggle-span\"><svg style=\"fill: #ffffff;color:#ffffff\" xmlns=\"http:\/\/www.w3.org\/2000\/svg\" class=\"list-377408\" width=\"20px\" height=\"20px\" viewBox=\"0 0 24 24\" fill=\"none\"><path d=\"M6 6H4v2h2V6zm14 0H8v2h12V6zM4 11h2v2H4v-2zm16 0H8v2h12v-2zM4 16h2v2H4v-2zm16 0H8v2h12v-2z\" fill=\"currentColor\"><\/path><\/svg><svg style=\"fill: #ffffff;color:#ffffff\" class=\"arrow-unsorted-368013\" xmlns=\"http:\/\/www.w3.org\/2000\/svg\" width=\"10px\" height=\"10px\" viewBox=\"0 0 24 24\" version=\"1.2\" baseProfile=\"tiny\"><path d=\"M18.2 9.3l-6.2-6.3-6.2 6.3c-.2.2-.3.4-.3.7s.1.5.3.7c.2.2.4.3.7.3h11c.3 0 .5-.1.7-.3.2-.2.3-.5.3-.7s-.1-.5-.3-.7zM5.8 14.7l6.2 6.3 6.2-6.3c.2-.2.3-.5.3-.7s-.1-.5-.3-.7c-.2-.2-.4-.3-.7-.3h-11c-.3 0-.5.1-.7.3-.2.2-.3.5-.3.7s.1.5.3.7z\"\/><\/svg><\/span><\/span><\/span><\/a><\/span><\/div>\n<nav><ul class='ez-toc-list ez-toc-list-level-1 eztoc-toggle-hide-by-default' ><li class='ez-toc-page-1 ez-toc-heading-level-2'><a class=\"ez-toc-link ez-toc-heading-1\" href=\"https:\/\/www.turna.com\/blog\/bahreyn-gorulecek-yerler\/#bahreynde_gorulmesi_gereken_5_yer\" >Bahreyn&#8217;de G\u00f6r\u00fclmesi Gereken 5 Yer<\/a><ul class='ez-toc-list-level-3' ><li class='ez-toc-heading-level-3'><a class=\"ez-toc-link ez-toc-heading-2\" href=\"https:\/\/www.turna.com\/blog\/bahreyn-gorulecek-yerler\/#1_bahreyn_ulusal_muzesi\" >1. Bahreyn Ulusal M\u00fczesi<\/a><\/li><li class='ez-toc-page-1 ez-toc-heading-level-3'><a class=\"ez-toc-link ez-toc-heading-3\" href=\"https:\/\/www.turna.com\/blog\/bahreyn-gorulecek-yerler\/#2_bahreyn_kalesi\" >2. Bahreyn Kalesi<\/a><\/li><li class='ez-toc-page-1 ez-toc-heading-level-3'><a class=\"ez-toc-link ez-toc-heading-4\" href=\"https:\/\/www.turna.com\/blog\/bahreyn-gorulecek-yerler\/#3_fatih_camii\" >3.&nbsp;Fatih Camii<\/a><\/li><li class='ez-toc-page-1 ez-toc-heading-level-3'><a class=\"ez-toc-link ez-toc-heading-5\" href=\"https:\/\/www.turna.com\/blog\/bahreyn-gorulecek-yerler\/#4_tree_of_life\" >4. Tree of Life<\/a><\/li><li class='ez-toc-page-1 ez-toc-heading-level-3'><a class=\"ez-toc-link ez-toc-heading-6\" href=\"https:\/\/www.turna.com\/blog\/bahreyn-gorulecek-yerler\/#5_manama_carsisi\" >5. Manama \u00c7ar\u015f\u0131s\u0131<\/a><\/li><\/ul><\/li><\/ul><\/nav><\/div>\n<p><a href=\"https:\/\/www.turna.com\/blog\/ulkeler\/asya\" target=\"_blank\" rel=\"noopener noreferrer\">Asya<\/a>&#8216;da Basra K\u00f6rfezi \u00fczerinde yer alan bir ada \u00fclkesi olan <strong>Bahreyn<\/strong>, irili ufakl\u0131 30 ada ve adac\u0131ktan olu\u015fuyor. \u0130smi Arap\u00e7a&#8217;da &#8216;iki deniz&#8217; anlam\u0131na gelen bu yerle\u015fim yeri, Maldivler ve <a href=\"https:\/\/www.turna.com\/ucak-bileti\/singapur\" target=\"_blank\" rel=\"noopener noreferrer\"><strong>Singapur<\/strong><\/a>&#8216;dan sonra Asya&#8217;n\u0131n en k\u00fc\u00e7\u00fck \u00fc\u00e7\u00fcnc\u00fc \u00fclkesi. Asya&#8217;n\u0131n Turizm Ba\u015fkenti, Arap Turizmi Ba\u015fkenti, Arap K\u00fclt\u00fcr Ba\u015fkenti gibi pek \u00e7ok unvan\u0131 bulunan bu \u00fclke, \u00e7ok uluslu ve \u00e7ok k\u00fclt\u00fcrl\u00fc bir yap\u0131ya sahip.<\/p>\n<p>Kaliteli e\u011fitim ve sa\u011fl\u0131k sisteminin yan\u0131 s\u0131ra ya\u015fam \u015fartlar\u0131n\u0131n uygunlu\u011fuyla da \u00f6ne \u00e7\u0131kan \u00e7\u0131kan bu k\u00fc\u00e7\u00fck \u00fclke,&nbsp;bat\u0131da <a href=\"https:\/\/www.turna.com\/ucak-bileti\/suudi-arabistan\" target=\"_blank\" rel=\"noopener noreferrer\"><strong>Suudi Arabistan<\/strong><\/a>, g\u00fcneydo\u011fuda da <a href=\"https:\/\/www.turna.com\/ucak-bileti\/katar\" target=\"_blank\" rel=\"noopener noreferrer\"><strong>Katar<\/strong><\/a>&#8216;la kom\u015fu. Suudi Arabistan&#8217;la Bahreyn aras\u0131ndaki ula\u015f\u0131m\u0131 kolayla\u015ft\u0131rmak i\u00e7in a\u00e7\u0131lan 25 kilometre uzunlu\u011fundaki Kral&nbsp;Fahd Ge\u00e7idi ise iki \u00fclke aras\u0131ndaki en \u00f6nemli ba\u011flant\u0131 noktas\u0131 olarak kabul ediliyor.&nbsp;Renkli e\u011flence ya\u015fam\u0131yla Arap turistlerin ka\u00e7amak mekan\u0131 haline gelen bu \u00fclkede i\u00e7ki t\u00fcketimi de serbest.<\/p>\n<h2><span class=\"ez-toc-section\" id=\"bahreynde_gorulmesi_gereken_5_yer\"><\/span><strong>Bahreyn&#8217;de G\u00f6r\u00fclmesi Gereken 5 Yer<\/strong><span class=\"ez-toc-section-end\"><\/span><\/h2>\n<h3><span class=\"ez-toc-section\" id=\"1_bahreyn_ulusal_muzesi\"><\/span><strong>1. Bahreyn Ulusal M\u00fczesi<\/strong><span class=\"ez-toc-section-end\"><\/span><\/h3>\n<p><img width=\"800\" height=\"500\" data-public-id=\"Bahreyn-Muzesi_zlaxsj\/Bahreyn-Muzesi_zlaxsj.jpg\" fetchpriority=\"high\" decoding=\"async\" class=\"alignnone wp-post-8856 wp-image-8992\" src=\"https:\/\/res.cloudinary.com\/turna\/images\/w_800,h_500,c_scale\/f_auto,q_auto:low\/v1500415990\/Bahreyn-Muzesi_zlaxsj\/Bahreyn-Muzesi_zlaxsj.jpg?_i=AA\" data-format=\"jpg\" data-transformations=\"f_auto,q_auto:low\" data-version=\"1500415990\" data-seo=\"1\" \/><\/p>\n<p>\u015eehrin eski arkeolojik eserlerinin sergilendi\u011fi <strong>Bahreyn Ulusal M\u00fczesi<\/strong>,&nbsp;Manama&#8217;daki Kral Faysal Yolu yak\u0131nlar\u0131nda bulunuyor. Yap\u0131m\u0131 s\u0131ras\u0131nda 30 milyon dolar harcanan bu m\u00fcze, 27 bin 800 metrekarelik bir alan \u00fczerine kurulu. Dokuz farkl\u0131 galeriden meydana gelen m\u00fczenin hemen yan\u0131nda yer alan Ulusal tiyatro da g\u00f6r\u00fclmeye de\u011fer.<\/p>\n<h3><span class=\"ez-toc-section\" id=\"2_bahreyn_kalesi\"><\/span><strong>2. Bahreyn Kalesi<\/strong><span class=\"ez-toc-section-end\"><\/span><\/h3>\n<p>Portekiz Kalesi ismiyle de bilinen <strong>Bahreyn Kalesi (Qal&#8217;at al-Bahreyn)<\/strong>, 2005 y\u0131l\u0131ndan bu yana UNESCO D\u00fcnya Miras\u0131 Listesinde yer al\u0131yor.&nbsp;Arap Yar\u0131madas\u0131 \u00fczerinde bulunan bu arkeolojik b\u00f6lge, Dilmun Uygarl\u0131\u011f\u0131&#8217;na da ba\u015fkentlik yapmas\u0131n\u0131n yan\u0131 s\u0131ra yedi farkl\u0131 medeniyete daha ev sahipli\u011fi yapm\u0131\u015f.<\/p>\n<h3><span class=\"ez-toc-section\" id=\"3_fatih_camii\"><\/span><strong>3.&nbsp;Fatih Camii<\/strong><span class=\"ez-toc-section-end\"><\/span><\/h3>\n<p><img width=\"800\" height=\"500\" data-public-id=\"Al-Fateh-Camii-Bahreyn_cd40nw\/Al-Fateh-Camii-Bahreyn_cd40nw.jpg\" decoding=\"async\" class=\"alignnone wp-post-8856 wp-image-8991\" src=\"https:\/\/res.cloudinary.com\/turna\/images\/w_800,h_500,c_scale\/f_auto,q_auto:low\/v1500415975\/Al-Fateh-Camii-Bahreyn_cd40nw\/Al-Fateh-Camii-Bahreyn_cd40nw.jpg?_i=AA\" data-format=\"jpg\" data-transformations=\"f_auto,q_auto:low\" data-version=\"1500415975\" data-seo=\"1\" \/>Ayn\u0131 anda 7 bin ki\u015finin ibadet edebilece\u011fi kadar geni\u015f bir alana sahip olan <strong>Fatih Camii (Al-Fateh Camisi)<\/strong> 6 bin 500 metrekarelik bir alan \u00fczerine in\u015fa edildi. G\u00fcn\u00fcm\u00fczde d\u00fcnyan\u0131n en b\u00fcy\u00fck camilerinden biri olarak kabul edilen bu cami, ayn\u0131 zamanda&nbsp;d\u00fcnyan\u0131n en b\u00fcy\u00fck fiberglas kubbesine de sahip. Cuma g\u00fcnleri turistlerin ziyaretine kapal\u0131 olan cami, haftan\u0131n di\u011fer g\u00fcnlerinde 09.00 &#8211; 19.00 saatleri aras\u0131nda gezilebilir.<\/p>\n<h3><span class=\"ez-toc-section\" id=\"4_tree_of_life\"><\/span><strong>4. <\/strong><strong>Tree of Life<\/strong><span class=\"ez-toc-section-end\"><\/span><\/h3>\n<p><strong>Tree of Life (Hayat A\u011fac\u0131)<\/strong>, \u00fclkeye gelen turistlerin en \u00e7ok ziyaret etti\u011fi yerlerden biri. \u00c7\u00f6l\u00fcn ortas\u0131nda kendi ba\u015f\u0131na ayakta kalan bu a\u011fa\u00e7, ihtiyac\u0131 olan suyu yerin 53 metre alt\u0131ndan al\u0131yor. Ya\u015f\u0131n\u0131n 500 y\u0131la dayand\u0131\u011f\u0131 tahmin edilen bu a\u011fac\u0131n uzaydan bile g\u00f6r\u00fcnd\u00fc\u011f\u00fc s\u00f6yleniyor.<\/p>\n<h3><span class=\"ez-toc-section\" id=\"5_manama_carsisi\"><\/span><strong>5. Manama \u00c7ar\u015f\u0131s\u0131<\/strong><span class=\"ez-toc-section-end\"><\/span><\/h3>\n<p><img width=\"800\" height=\"500\" data-public-id=\"Manama-Souq_qwpxhy\/Manama-Souq_qwpxhy.jpg\" decoding=\"async\" class=\"alignnone wp-post-8856 wp-image-8989\" src=\"https:\/\/res.cloudinary.com\/turna\/images\/w_800,h_500,c_scale\/f_auto,q_auto:low\/v1500415959\/Manama-Souq_qwpxhy\/Manama-Souq_qwpxhy.jpg?_i=AA\" data-format=\"jpg\" data-transformations=\"f_auto,q_auto:low\" data-version=\"1500415959\" data-seo=\"1\" \/>Al\u0131\u015fveri\u015f yapmaktan keyif alanlar i\u00e7in renkli bir adres olan <strong>Manama \u00c7ar\u015f\u0131s\u0131<\/strong>, ad\u0131ndan da anla\u015f\u0131laca\u011f\u0131 gibi ba\u015fkent Manama&#8217;da yer al\u0131yor. Giyim, antika, m\u00fccevher, elektronik, hal\u0131, baharat derken hemen hemen arad\u0131\u011f\u0131n\u0131z her \u015feyi bulabilece\u011finiz bu hareketli \u00e7ar\u015f\u0131, labirenti and\u0131ran sokaklar\u0131yla \u00fclkenin en canl\u0131 noktalar\u0131ndan biri.<\/p>\n<p>Siz de <a href=\"https:\/\/www.turna.com\/ucak-bileti\/bahreyn\" target=\"_blank\" rel=\"noopener noreferrer\"><strong>Bahreyn u\u00e7ak bileti<\/strong><\/a> f\u0131rsatlar\u0131n\u0131 de\u011ferlendirerek bu etkileyici \u00fclkeye do\u011fru yola \u00e7\u0131kabilirsiniz.<\/p>\n\n\n<p>        <strong>NOT:<\/strong> <strong><a rel=\"noreferrer noopener\" href=\"https:\/\/www.turna.com\/sikca-sorulan-sorular\/bahreyn-vizesi\" target=\"_blank\">Bahreyn vizesi<\/a><\/strong> hakk\u0131nda detayl\u0131 bilgilere de Turna.com \u00fczerinden ula\u015fabilirsiniz.           <\/p>\n\n    <div class=\"xs_social_share_widget xs_share_url after_content \t\tmain_content  wslu-style-1 wslu-share-box-shaped wslu-fill-colored wslu-none wslu-share-horizontal wslu-theme-font-no wslu-main_content\">\n\n\t\t\n        <ul>\n\t\t\t        <\/ul>\n    <\/div> \n","protected":false},"excerpt":{"rendered":"<p>Asya&#8216;da Basra K\u00f6rfezi \u00fczerinde yer alan bir ada \u00fclkesi olan Bahreyn, irili ufakl\u0131 30 ada ve adac\u0131ktan olu\u015fuyor. \u0130smi Arap\u00e7a&#8217;da &#8216;iki deniz&#8217; anlam\u0131na gelen bu yerle\u015fim yeri, Maldivler ve Singapur&#8216;dan sonra Asya&#8217;n\u0131n en k\u00fc\u00e7\u00fck \u00fc\u00e7\u00fcnc\u00fc \u00fclkesi. Asya&#8217;n\u0131n Turizm Ba\u015fkenti, Arap Turizmi Ba\u015fkenti, Arap K\u00fclt\u00fcr Ba\u015fkenti gibi pek \u00e7ok unvan\u0131 bulunan bu \u00fclke, \u00e7ok uluslu ve [&hellip;]<\/p>\n","protected":false},"author":14,"featured_media":8991,"comment_status":"open","ping_status":"open","sticky":false,"template":"","format":"standard","meta":{"rop_custom_images_group":[],"rop_custom_messages_group":[],"rop_publish_now":"initial","rop_publish_now_accounts":[],"rop_publish_now_history":[],"rop_publish_now_status":"pending","_cloudinary_featured_overwrite":false,"footnotes":""},"categories":[1233],"tags":[981],"class_list":["post-8856","post","type-post","status-publish","format-standard","has-post-thumbnail","hentry","category-bahreyn","tag-bahreyn"],"_links":{"self":[{"href":"https:\/\/www.turna.com\/blog\/wp-json\/wp\/v2\/posts\/8856","targetHints":{"allow":["GET"]}}],"collection":[{"href":"https:\/\/www.turna.com\/blog\/wp-json\/wp\/v2\/posts"}],"about":[{"href":"https:\/\/www.turna.com\/blog\/wp-json\/wp\/v2\/types\/post"}],"author":[{"embeddable":true,"href":"https:\/\/www.turna.com\/blog\/wp-json\/wp\/v2\/users\/14"}],"replies":[{"embeddable":true,"href":"https:\/\/www.turna.com\/blog\/wp-json\/wp\/v2\/comments?post=8856"}],"version-history":[{"count":0,"href":"https:\/\/www.turna.com\/blog\/wp-json\/wp\/v2\/posts\/8856\/revisions"}],"wp:featuredmedia":[{"embeddable":true,"href":"https:\/\/www.turna.com\/blog\/wp-json\/wp\/v2\/media\/8991"}],"wp:attachment":[{"href":"https:\/\/www.turna.com\/blog\/wp-json\/wp\/v2\/media?parent=8856"}],"wp:term":[{"taxonomy":"category","embeddable":true,"href":"https:\/\/www.turna.com\/blog\/wp-json\/wp\/v2\/categories?post=8856"},{"taxonomy":"post_tag","embeddable":true,"href":"https:\/\/www.turna.com\/blog\/wp-json\/wp\/v2\/tags?post=8856"}],"curies":[{"name":"wp","href":"https:\/\/api.w.org\/{rel}","templated":true}]}}