{"id":8775,"date":"2017-07-03T09:35:01","date_gmt":"2017-07-03T06:35:01","guid":{"rendered":"https:\/\/www.turna.com\/blog\/?p=8775"},"modified":"2017-07-04T09:38:50","modified_gmt":"2017-07-04T06:38:50","slug":"gdansk-gorulecek-yerler","status":"publish","type":"post","link":"https:\/\/www.turna.com\/blog\/gdansk-gorulecek-yerler","title":{"rendered":"Balt\u0131k Denizi&#8217;nin \u0130ncisi: Gdansk"},"content":{"rendered":"<div id=\"ez-toc-container\" class=\"ez-toc-v2_0_82_2 counter-hierarchy ez-toc-counter ez-toc-black ez-toc-container-direction\">\n<div class=\"ez-toc-title-container\">\n<p class=\"ez-toc-title\" style=\"cursor:inherit\">\u0130\u00e7indekiler<\/p>\n<span class=\"ez-toc-title-toggle\"><a href=\"#\" class=\"ez-toc-pull-right ez-toc-btn ez-toc-btn-xs ez-toc-btn-default ez-toc-toggle\" aria-label=\"\u0130\u00e7indekiler Tablosunu A\u00e7\/Kapat\"><span class=\"ez-toc-js-icon-con\"><span class=\"\"><span class=\"eztoc-hide\" style=\"display:none;\">Toggle<\/span><span class=\"ez-toc-icon-toggle-span\"><svg style=\"fill: #ffffff;color:#ffffff\" xmlns=\"http:\/\/www.w3.org\/2000\/svg\" class=\"list-377408\" width=\"20px\" height=\"20px\" viewBox=\"0 0 24 24\" fill=\"none\"><path d=\"M6 6H4v2h2V6zm14 0H8v2h12V6zM4 11h2v2H4v-2zm16 0H8v2h12v-2zM4 16h2v2H4v-2zm16 0H8v2h12v-2z\" fill=\"currentColor\"><\/path><\/svg><svg style=\"fill: #ffffff;color:#ffffff\" class=\"arrow-unsorted-368013\" xmlns=\"http:\/\/www.w3.org\/2000\/svg\" width=\"10px\" height=\"10px\" viewBox=\"0 0 24 24\" version=\"1.2\" baseProfile=\"tiny\"><path d=\"M18.2 9.3l-6.2-6.3-6.2 6.3c-.2.2-.3.4-.3.7s.1.5.3.7c.2.2.4.3.7.3h11c.3 0 .5-.1.7-.3.2-.2.3-.5.3-.7s-.1-.5-.3-.7zM5.8 14.7l6.2 6.3 6.2-6.3c.2-.2.3-.5.3-.7s-.1-.5-.3-.7c-.2-.2-.4-.3-.7-.3h-11c-.3 0-.5.1-.7.3-.2.2-.3.5-.3.7s.1.5.3.7z\"\/><\/svg><\/span><\/span><\/span><\/a><\/span><\/div>\n<nav><ul class='ez-toc-list ez-toc-list-level-1 eztoc-toggle-hide-by-default' ><li class='ez-toc-page-1 ez-toc-heading-level-2'><a class=\"ez-toc-link ez-toc-heading-1\" href=\"https:\/\/www.turna.com\/blog\/gdansk-gorulecek-yerler\/#gdanskta_gorebileceginiz_turistik_yerler\" >Gdansk&#8217;ta G\u00f6rebilece\u011finiz Turistik Yerler<\/a><ul class='ez-toc-list-level-3' ><li class='ez-toc-heading-level-3'><a class=\"ez-toc-link ez-toc-heading-2\" href=\"https:\/\/www.turna.com\/blog\/gdansk-gorulecek-yerler\/#1_dlugi_targ\" >1.\u00a0D\u0142ugi Targ<\/a><\/li><li class='ez-toc-page-1 ez-toc-heading-level-3'><a class=\"ez-toc-link ez-toc-heading-3\" href=\"https:\/\/www.turna.com\/blog\/gdansk-gorulecek-yerler\/#2_golden_gate\" >2.\u00a0Golden Gate<\/a><\/li><li class='ez-toc-page-1 ez-toc-heading-level-3'><a class=\"ez-toc-link ez-toc-heading-4\" href=\"https:\/\/www.turna.com\/blog\/gdansk-gorulecek-yerler\/#3_gdansk_national_museum\" >3. Gdansk National Museum<\/a><\/li><li class='ez-toc-page-1 ez-toc-heading-level-3'><a class=\"ez-toc-link ez-toc-heading-5\" href=\"https:\/\/www.turna.com\/blog\/gdansk-gorulecek-yerler\/#4_green_gate\" >4.\u00a0Green Gate<\/a><\/li><li class='ez-toc-page-1 ez-toc-heading-level-3'><a class=\"ez-toc-link ez-toc-heading-6\" href=\"https:\/\/www.turna.com\/blog\/gdansk-gorulecek-yerler\/#5_meryem_ana_kilisesi\" >5. Meryem Ana Kilisesi<\/a><\/li><\/ul><\/li><\/ul><\/nav><\/div>\n<p><a href=\"https:\/\/www.turna.com\/blog\/ulkeler\/avrupa\/polonya\" target=\"_blank\" rel=\"noopener\">Polonya<\/a>&#8216;n\u0131n Balt\u0131k Denizi k\u0131y\u0131s\u0131nda bulunan <strong>Gdansk<\/strong>, bin y\u0131ll\u0131k tarihi ve zengin k\u00fclt\u00fcrel dokusuyla Avrupa&#8217;n\u0131n en muhte\u015fem Orta \u00c7a\u011f \u015fehirlerinden biri. Sopot ve Gdynia \u015fehirleriyle birlikte Polonya&#8217;n\u0131n Tricity (\u00fc\u00e7leme \u015fehir) olarak bilinen yerle\u015fim yerlerinden biri olan Gdansk, bu \u015firin Balt\u0131k \u015fehirlerinin en b\u00fcy\u00fc\u011f\u00fc konumunda.\u00a0Uzun y\u0131llar Almanya ve Polonya aras\u0131nda gidip gelen \u0130kinci D\u00fcnya Sava\u015f\u0131 sonras\u0131nda ise Polonya s\u0131n\u0131rlar\u0131nda kalmas\u0131na karar verilen bu tarihi \u015fehir, Almanlar aras\u0131nda Danzig ismiyle de an\u0131l\u0131yor. B\u00f6lgenin \u00f6nemli limanlar\u0131ndan birine ev sahipli\u011fi yapan \u015fehir, ayn\u0131 zamanda d\u00fcnyan\u0131n kehribar ba\u015fkenti olmas\u0131yla da \u00fcnl\u00fc.<\/p>\n<h2><span class=\"ez-toc-section\" id=\"gdanskta_gorebileceginiz_turistik_yerler\"><\/span><strong>Gdansk&#8217;ta G\u00f6rebilece\u011finiz Turistik Yerler<\/strong><span class=\"ez-toc-section-end\"><\/span><\/h2>\n<h3><span class=\"ez-toc-section\" id=\"1_dlugi_targ\"><\/span><strong>1.\u00a0D\u0142ugi Targ<\/strong><span class=\"ez-toc-section-end\"><\/span><\/h3>\n<p><img width=\"800\" height=\"500\" data-public-id=\"Dlugi-Targ_qjjqof\/Dlugi-Targ_qjjqof.jpg\" fetchpriority=\"high\" decoding=\"async\" class=\"alignnone wp-post-8775 wp-image-8784\" src=\"https:\/\/res.cloudinary.com\/turna\/images\/w_800,h_500,c_scale\/f_auto,q_auto:low\/v1499150304\/Dlugi-Targ_qjjqof\/Dlugi-Targ_qjjqof.jpg?_i=AA\" data-format=\"jpg\" data-transformations=\"f_auto,q_auto:low\" data-version=\"1499150304\" data-seo=\"1\" \/><\/p>\n<p>\u00c7evresinde 17. y\u00fczy\u0131ldan kalma tarihi binalar bulunan\u00a0<strong>D\u0142ugi Targ (Uzun<\/strong> <strong>Pazar)<\/strong>, \u015fehrin en kalabal\u0131k noktalar\u0131ndan biri. Yaln\u0131zca yaya trafi\u011fine a\u00e7\u0131k olan bu tarihi meydanda, Barok mimariyle in\u015fa edilen \u015fehir kap\u0131lar\u0131 da bulunuyor. Bu g\u00f6rkemli kap\u0131lar, krallar\u0131n \u015fehre giri\u015f yapt\u0131\u011f\u0131 noktalar oldu\u011fu i\u00e7in kap\u0131lar\u0131n yer ald\u0131\u011f\u0131 b\u00f6lge, &#8216;Kraliyet Yolu&#8217; olarak da an\u0131l\u0131yor.<\/p>\n<h3><span class=\"ez-toc-section\" id=\"2_golden_gate\"><\/span><strong>2.\u00a0Golden Gate <\/strong><span class=\"ez-toc-section-end\"><\/span><\/h3>\n<p>D\u0142ugi Targ&#8217;\u0131n sonunda yer alan bir \u015fehir kap\u0131s\u0131 olan <strong>Golden Gate<\/strong>, 1612- 1614 y\u0131llar\u0131 aras\u0131nda in\u015fa edildi. O d\u00f6nemlerde \u015fehrin s\u0131n\u0131r\u0131n\u0131 belirleyen yap\u0131lar aras\u0131nda bulunan Golden Gate, ihti\u015faml\u0131 g\u00f6r\u00fcn\u00fcm\u00fcyle \u015fehre gelen turistleri kendine hayran b\u0131rak\u0131yor.<\/p>\n<h3><span class=\"ez-toc-section\" id=\"3_gdansk_national_museum\"><\/span><strong>3. Gdansk National Museum<\/strong><span class=\"ez-toc-section-end\"><\/span><\/h3>\n<p>19. y\u00fczy\u0131ldan bu yana \u015fehrin en \u00f6nemli k\u00fclt\u00fcrel mekanlar\u0131 aras\u0131nda yer alan<strong>\u00a0Gdansk National Museum (Gda\u0144sk Ulusal M\u00fczesi)<\/strong>;\u00a0Etnografya, Ye\u015fil Kap\u0131, Antik Sanat, Modern Sanat, Szlachta Gelenekleri M\u00fczesi,\u00a0Gdansk Foto\u011fraf Galerisi ve National Anthem<br \/>\nM\u00fczesi olmak \u00fczere yedi farkl\u0131 b\u00f6l\u00fcmden olu\u015fuyor.<\/p>\n<h3><span class=\"ez-toc-section\" id=\"4_green_gate\"><\/span><strong>4.\u00a0Green Gate<\/strong><span class=\"ez-toc-section-end\"><\/span><\/h3>\n<p><img width=\"800\" height=\"500\" data-public-id=\"Green-Gate_y4jm4v\/Green-Gate_y4jm4v.jpg\" decoding=\"async\" class=\"alignnone wp-post-8775 wp-image-8783\" src=\"https:\/\/res.cloudinary.com\/turna\/images\/w_800,h_500,c_scale\/f_auto,q_auto:low\/v1499150285\/Green-Gate_y4jm4v\/Green-Gate_y4jm4v.jpg?_i=AA\" data-format=\"jpg\" data-transformations=\"f_auto,q_auto:low\" data-version=\"1499150285\" data-seo=\"1\" \/><\/p>\n<p>D\u0142ugi Targ&#8217;\u0131n giri\u015f b\u00f6l\u00fcm\u00fcnde in\u015fa edilen <strong>Green Gate (Ye\u015fil Kap\u0131)<\/strong>, Kraliyet Yolu denilen alandaki \u00f6nemli yap\u0131lardan biri. 16. y\u00fczy\u0131l\u0131n ikinci yar\u0131s\u0131nda yap\u0131lan bu kap\u0131, muhte\u015fem mimarisi ile Motlawa Nehri k\u0131y\u0131s\u0131nda harika bir g\u00f6r\u00fcn\u00fcm olu\u015fturuyor.<\/p>\n<h3><span class=\"ez-toc-section\" id=\"5_meryem_ana_kilisesi\"><\/span><strong>5. Meryem Ana Kilisesi<\/strong><span class=\"ez-toc-section-end\"><\/span><\/h3>\n<p><img width=\"800\" height=\"500\" data-public-id=\"Meryem-Kilisesi-Gdansk_dqsrma\/Meryem-Kilisesi-Gdansk_dqsrma.jpg\" decoding=\"async\" class=\"alignnone wp-post-8775 wp-image-8781\" src=\"https:\/\/res.cloudinary.com\/turna\/images\/w_800,h_500,c_scale\/f_auto,q_auto:low\/v1499150267\/Meryem-Kilisesi-Gdansk_dqsrma\/Meryem-Kilisesi-Gdansk_dqsrma.jpg?_i=AA\" data-format=\"jpg\" data-transformations=\"f_auto,q_auto:low\" data-version=\"1499150267\" data-seo=\"1\" \/><\/p>\n<p>Tamamlanmas\u0131 yakla\u015f\u0131k 150 y\u0131l s\u00fcren ve g\u00fcn\u00fcm\u00fczde Avrupa&#8217;n\u0131n tu\u011fladan yap\u0131lm\u0131\u015f en b\u00fcy\u00fck kilisesi olan <strong>Meryem Ana Kilisesi (St.\u00a0Mary&#8217;s Church)<\/strong>, \u0130kinci D\u00fcnya Sava\u015f\u0131 s\u0131ras\u0131nda b\u00fcy\u00fck hasar g\u00f6rd\u00fc. Sava\u015f sonras\u0131nda restore edilerek bug\u00fcnk\u00fc g\u00f6r\u00fcn\u00fcm\u00fcne kavu\u015fan bu ibadethane, yakla\u015f\u0131k 32 bin ki\u015finin ayn\u0131 anda ibadet edebilece\u011fi kadar b\u00fcy\u00fck bir alana sahip.<\/p>\n<p>Avrupa Birli\u011fi \u00fcyesi olan Polonya, \u015fehri ziyaret etmek isteyen T\u00fcrk vatanda\u015flar\u0131ndan Schengen vizesi talep ediyor. Bu nedenle yolculuk planlar\u0131n\u0131z\u0131 yaparken vize i\u015flemlerine \u00f6ncelik vermeyi ihmal etmeyin. E\u011fer bu Orta \u00c7a\u011f \u015fehrini daha yak\u0131ndan g\u00f6rmek ve sokaklar\u0131n b\u00fcy\u00fcleyici atmosferini ke\u015ffetmek istiyorsan\u0131z, <a href=\"https:\/\/www.turna.com\/ucak-bileti\/gdansk\" target=\"_blank\" rel=\"noopener\">Gdansk u\u00e7ak bileti<\/a> kampanyalar\u0131n\u0131 inceleyebilirsiniz.<\/p>\n\n    <div class=\"xs_social_share_widget xs_share_url after_content \t\tmain_content  wslu-style-1 wslu-share-box-shaped wslu-fill-colored wslu-none wslu-share-horizontal wslu-theme-font-no wslu-main_content\">\n\n\t\t\n        <ul>\n\t\t\t        <\/ul>\n    <\/div> \n","protected":false},"excerpt":{"rendered":"<p>Polonya&#8216;n\u0131n Balt\u0131k Denizi k\u0131y\u0131s\u0131nda bulunan Gdansk, bin y\u0131ll\u0131k tarihi ve zengin k\u00fclt\u00fcrel dokusuyla Avrupa&#8217;n\u0131n en muhte\u015fem Orta \u00c7a\u011f \u015fehirlerinden biri. Sopot ve Gdynia \u015fehirleriyle birlikte Polonya&#8217;n\u0131n Tricity (\u00fc\u00e7leme \u015fehir) olarak bilinen yerle\u015fim yerlerinden biri olan Gdansk, bu \u015firin Balt\u0131k \u015fehirlerinin en b\u00fcy\u00fc\u011f\u00fc konumunda.\u00a0Uzun y\u0131llar Almanya ve Polonya aras\u0131nda gidip gelen \u0130kinci D\u00fcnya Sava\u015f\u0131 sonras\u0131nda ise [&hellip;]<\/p>\n","protected":false},"author":14,"featured_media":8784,"comment_status":"open","ping_status":"open","sticky":false,"template":"","format":"standard","meta":{"rop_custom_images_group":[],"rop_custom_messages_group":[],"rop_publish_now":"initial","rop_publish_now_accounts":[],"rop_publish_now_history":[],"rop_publish_now_status":"pending","_cloudinary_featured_overwrite":false,"footnotes":""},"categories":[989],"tags":[1224,884],"class_list":["post-8775","post","type-post","status-publish","format-standard","has-post-thumbnail","hentry","category-polonya","tag-gdansk","tag-polonya"],"_links":{"self":[{"href":"https:\/\/www.turna.com\/blog\/wp-json\/wp\/v2\/posts\/8775","targetHints":{"allow":["GET"]}}],"collection":[{"href":"https:\/\/www.turna.com\/blog\/wp-json\/wp\/v2\/posts"}],"about":[{"href":"https:\/\/www.turna.com\/blog\/wp-json\/wp\/v2\/types\/post"}],"author":[{"embeddable":true,"href":"https:\/\/www.turna.com\/blog\/wp-json\/wp\/v2\/users\/14"}],"replies":[{"embeddable":true,"href":"https:\/\/www.turna.com\/blog\/wp-json\/wp\/v2\/comments?post=8775"}],"version-history":[{"count":0,"href":"https:\/\/www.turna.com\/blog\/wp-json\/wp\/v2\/posts\/8775\/revisions"}],"wp:featuredmedia":[{"embeddable":true,"href":"https:\/\/www.turna.com\/blog\/wp-json\/wp\/v2\/media\/8784"}],"wp:attachment":[{"href":"https:\/\/www.turna.com\/blog\/wp-json\/wp\/v2\/media?parent=8775"}],"wp:term":[{"taxonomy":"category","embeddable":true,"href":"https:\/\/www.turna.com\/blog\/wp-json\/wp\/v2\/categories?post=8775"},{"taxonomy":"post_tag","embeddable":true,"href":"https:\/\/www.turna.com\/blog\/wp-json\/wp\/v2\/tags?post=8775"}],"curies":[{"name":"wp","href":"https:\/\/api.w.org\/{rel}","templated":true}]}}