{"id":8714,"date":"2025-10-14T11:57:37","date_gmt":"2025-10-14T08:57:37","guid":{"rendered":"https:\/\/www.turna.com\/blog\/?p=8714"},"modified":"2025-10-14T11:58:12","modified_gmt":"2025-10-14T08:58:12","slug":"sili-gezilecek-yerler","status":"publish","type":"post","link":"https:\/\/www.turna.com\/blog\/sili-gezilecek-yerler","title":{"rendered":"\u015eili Gezilecek Yerler: \u015eili&#8217;de G\u00f6r\u00fclmesi Gereken 15 Yer"},"content":{"rendered":"<div id=\"ez-toc-container\" class=\"ez-toc-v2_0_82_2 counter-hierarchy ez-toc-counter ez-toc-black ez-toc-container-direction\">\n<div class=\"ez-toc-title-container\">\n<p class=\"ez-toc-title\" style=\"cursor:inherit\">\u0130\u00e7indekiler<\/p>\n<span class=\"ez-toc-title-toggle\"><a href=\"#\" class=\"ez-toc-pull-right ez-toc-btn ez-toc-btn-xs ez-toc-btn-default ez-toc-toggle\" aria-label=\"\u0130\u00e7indekiler Tablosunu A\u00e7\/Kapat\"><span class=\"ez-toc-js-icon-con\"><span class=\"\"><span class=\"eztoc-hide\" style=\"display:none;\">Toggle<\/span><span class=\"ez-toc-icon-toggle-span\"><svg style=\"fill: #ffffff;color:#ffffff\" xmlns=\"http:\/\/www.w3.org\/2000\/svg\" class=\"list-377408\" width=\"20px\" height=\"20px\" viewBox=\"0 0 24 24\" fill=\"none\"><path d=\"M6 6H4v2h2V6zm14 0H8v2h12V6zM4 11h2v2H4v-2zm16 0H8v2h12v-2zM4 16h2v2H4v-2zm16 0H8v2h12v-2z\" fill=\"currentColor\"><\/path><\/svg><svg style=\"fill: #ffffff;color:#ffffff\" class=\"arrow-unsorted-368013\" xmlns=\"http:\/\/www.w3.org\/2000\/svg\" width=\"10px\" height=\"10px\" viewBox=\"0 0 24 24\" version=\"1.2\" baseProfile=\"tiny\"><path d=\"M18.2 9.3l-6.2-6.3-6.2 6.3c-.2.2-.3.4-.3.7s.1.5.3.7c.2.2.4.3.7.3h11c.3 0 .5-.1.7-.3.2-.2.3-.5.3-.7s-.1-.5-.3-.7zM5.8 14.7l6.2 6.3 6.2-6.3c.2-.2.3-.5.3-.7s-.1-.5-.3-.7c-.2-.2-.4-.3-.7-.3h-11c-.3 0-.5.1-.7.3-.2.2-.3.5-.3.7s.1.5.3.7z\"\/><\/svg><\/span><\/span><\/span><\/a><\/span><\/div>\n<nav><ul class='ez-toc-list ez-toc-list-level-1 eztoc-toggle-hide-by-default' ><li class='ez-toc-page-1 ez-toc-heading-level-2'><a class=\"ez-toc-link ez-toc-heading-1\" href=\"https:\/\/www.turna.com\/blog\/sili-gezilecek-yerler\/#silide_gormeniz_gereken_15_yer\" >\u015eili&#8217;de G\u00f6rmeniz Gereken 15 Yer\u00a0<\/a><ul class='ez-toc-list-level-3' ><li class='ez-toc-heading-level-3'><a class=\"ez-toc-link ez-toc-heading-2\" href=\"https:\/\/www.turna.com\/blog\/sili-gezilecek-yerler\/#1_plaza_de_armas\" >1. Plaza de Armas<\/a><\/li><li class='ez-toc-page-1 ez-toc-heading-level-3'><a class=\"ez-toc-link ez-toc-heading-3\" href=\"https:\/\/www.turna.com\/blog\/sili-gezilecek-yerler\/#2_catedral_metropolitana_de_santiago\" >2.&nbsp;Catedral Metropolitana de Santiago<\/a><\/li><li class='ez-toc-page-1 ez-toc-heading-level-3'><a class=\"ez-toc-link ez-toc-heading-4\" href=\"https:\/\/www.turna.com\/blog\/sili-gezilecek-yerler\/#3_san_cristobal_tepesi\" >3.&nbsp;San Crist\u00f3bal Tepesi&nbsp;<\/a><\/li><li class='ez-toc-page-1 ez-toc-heading-level-3'><a class=\"ez-toc-link ez-toc-heading-5\" href=\"https:\/\/www.turna.com\/blog\/sili-gezilecek-yerler\/#4_atacama_colu\" >4.&nbsp;Atacama \u00c7\u00f6l\u00fc<\/a><\/li><li class='ez-toc-page-1 ez-toc-heading-level-3'><a class=\"ez-toc-link ez-toc-heading-6\" href=\"https:\/\/www.turna.com\/blog\/sili-gezilecek-yerler\/#5_museo_nacional_de_bellas_artes\" >5.&nbsp;Museo Nacional de Bellas Artes&nbsp;<\/a><\/li><li class='ez-toc-page-1 ez-toc-heading-level-3'><a class=\"ez-toc-link ez-toc-heading-7\" href=\"https:\/\/www.turna.com\/blog\/sili-gezilecek-yerler\/#6_rapa_nui\" >6. Rapa Nui<\/a><\/li><li class='ez-toc-page-1 ez-toc-heading-level-3'><a class=\"ez-toc-link ez-toc-heading-8\" href=\"https:\/\/www.turna.com\/blog\/sili-gezilecek-yerler\/#7_carretera_austral\" >7. Carretera Austral<\/a><\/li><li class='ez-toc-page-1 ez-toc-heading-level-3'><a class=\"ez-toc-link ez-toc-heading-9\" href=\"https:\/\/www.turna.com\/blog\/sili-gezilecek-yerler\/#8_valparaiso\" >8. Valparaiso<\/a><\/li><li class='ez-toc-page-1 ez-toc-heading-level-3'><a class=\"ez-toc-link ez-toc-heading-10\" href=\"https:\/\/www.turna.com\/blog\/sili-gezilecek-yerler\/#9_torres_del_paine_ulusal_parki\" >9. Torres del Paine Ulusal Park\u0131<\/a><\/li><li class='ez-toc-page-1 ez-toc-heading-level-3'><a class=\"ez-toc-link ez-toc-heading-11\" href=\"https:\/\/www.turna.com\/blog\/sili-gezilecek-yerler\/#10_villarrica_yanardagi\" >10. Villarrica Yanarda\u011f\u0131<\/a><\/li><li class='ez-toc-page-1 ez-toc-heading-level-3'><a class=\"ez-toc-link ez-toc-heading-12\" href=\"https:\/\/www.turna.com\/blog\/sili-gezilecek-yerler\/#11_punta_de_lobos\" >11. Punta de Lobos<\/a><\/li><li class='ez-toc-page-1 ez-toc-heading-level-3'><a class=\"ez-toc-link ez-toc-heading-13\" href=\"https:\/\/www.turna.com\/blog\/sili-gezilecek-yerler\/#12_conguillio_milli_parki\" >12. Conguill\u00edo Milli Park\u0131<\/a><\/li><li class='ez-toc-page-1 ez-toc-heading-level-3'><a class=\"ez-toc-link ez-toc-heading-14\" href=\"https:\/\/www.turna.com\/blog\/sili-gezilecek-yerler\/#13_chiloe_adasi\" >13. Chiloe Adas\u0131<\/a><\/li><li class='ez-toc-page-1 ez-toc-heading-level-3'><a class=\"ez-toc-link ez-toc-heading-15\" href=\"https:\/\/www.turna.com\/blog\/sili-gezilecek-yerler\/#14_queulat_buzulu\" >14. Queulat Buzulu<\/a><\/li><li class='ez-toc-page-1 ez-toc-heading-level-3'><a class=\"ez-toc-link ez-toc-heading-16\" href=\"https:\/\/www.turna.com\/blog\/sili-gezilecek-yerler\/#15_mermer_magaralar\" >15. Mermer Ma\u011faralar<\/a><\/li><\/ul><\/li><li class='ez-toc-page-1 ez-toc-heading-level-2'><a class=\"ez-toc-link ez-toc-heading-17\" href=\"https:\/\/www.turna.com\/blog\/sili-gezilecek-yerler\/#silide_denemeniz_gereken_lezzetler\" >\u015eili\u2019de Denemeniz Gereken Lezzetler<\/a><\/li><li class='ez-toc-page-1 ez-toc-heading-level-2'><a class=\"ez-toc-link ez-toc-heading-18\" href=\"https:\/\/www.turna.com\/blog\/sili-gezilecek-yerler\/#silide_mutlaka_sans_vermeniz_gereken_deneyimler\" >\u015eili\u2019de Mutlaka \u015eans Vermeniz Gereken Deneyimler<\/a><\/li><\/ul><\/nav><\/div>\n\n<p>Do\u011fuda <a href=\"https:\/\/www.turna.com\/blog\/ulkeler\/guney-amerika\/arjantin\" target=\"_blank\" rel=\"noopener noreferrer\"><strong>Arjantin<\/strong><\/a>, kuzeyde <a href=\"https:\/\/www.turna.com\/blog\/ulkeler\/guney-amerika\/peru\" target=\"_blank\" rel=\"noopener noreferrer\"><strong>Peru<\/strong><\/a>, kuzeydo\u011fuda ise <a href=\"https:\/\/www.turna.com\/blog\/ulkeler\/guney-amerika\/bolivya\" target=\"_blank\" rel=\"noopener noreferrer\"><strong>Bolivya<\/strong><\/a> ile kom\u015fu olan <strong>\u015eili<\/strong>, 19 milyonu a\u015fk\u0131n n\u00fcfusuyla G\u00fcney Amerika&#8217;n\u0131n en kalabal\u0131k ve modern \u00fclkelerinden. 1810 y\u0131l\u0131na kadar \u0130spanyol s\u00f6m\u00fcrgesi alt\u0131nda ya\u015fayan \u015eili, b\u00f6lgeye can katan bak\u0131r madeni i\u015fletmecili\u011fi sayesinde k\u0131tan\u0131n ekonomik anlamda en g\u00fc\u00e7l\u00fc \u00fclkelerinden biri haline geldi. Ekonomik ve siyasi ge\u00e7mi\u015fini bir kenara b\u0131rak\u0131p biraz da \u00fclkenin muhte\u015fem do\u011fas\u0131ndan, unutulmaz manzaralar\u0131ndan ve dinamik gece hayat\u0131ndan s\u00f6z edelim. Zira bu \u00fclkede turistleri ve gezginleri cezbedecek say\u0131s\u0131z aktivite ve do\u011fal g\u00fczellik mevcut.<\/p>\n\n\n\n<h2 class=\"wp-block-heading\"><span class=\"ez-toc-section\" id=\"silide_gormeniz_gereken_15_yer\"><\/span><strong>\u015eili&#8217;de G\u00f6rmeniz Gereken 15 Yer\u00a0<\/strong><span class=\"ez-toc-section-end\"><\/span><\/h2>\n\n\n\n<h3 class=\"wp-block-heading\"><span class=\"ez-toc-section\" id=\"1_plaza_de_armas\"><\/span><strong>1. Plaza de Armas<\/strong><span class=\"ez-toc-section-end\"><\/span><\/h3>\n\n\n\n<figure class=\"wp-block-image size-large\"><img decoding=\"async\" src=\"https:\/\/res.cloudinary.com\/turna\/image\/upload\/v1760426111\/wordpress-contents\/Plaza_de_Armas_%C5%9Fili.jpg\" alt=\"\"\/><\/figure>\n\n\n\n<p>\u00dclkenin ba\u015fkenti olan <a href=\"https:\/\/www.turna.com\/ucak-bileti\/santiago-chile\" target=\"_blank\" rel=\"noopener noreferrer\"><strong>Santiago<\/strong><\/a>&#8216;ya yolunuz d\u00fc\u015ferse \u015fehrin ana meydan\u0131 olarak bilinen\u00a0Plaza de Armas&#8217;a mutlaka u\u011fray\u0131n. \u015eehrin en hareketli ve kalabal\u0131k yerlerinden biri olarak \u00f6ne \u00e7\u0131kan bu meydan, Santiago&#8217;ya gelenlerin bulu\u015fma noktas\u0131. Ayr\u0131ca, bu meydan\u0131n \u00e7evresinde ihtiya\u00e7 duydu\u011funuz her \u015feyi bulabilirsiniz.<\/p>\n\n\n\n<h3 class=\"wp-block-heading\"><span class=\"ez-toc-section\" id=\"2_catedral_metropolitana_de_santiago\"><\/span><strong>2.&nbsp;Catedral Metropolitana de Santiago<\/strong><span class=\"ez-toc-section-end\"><\/span><\/h3>\n\n\n\n<p>Catedral Metropolitana de Santiago (Santiago Katedrali), tarihi dokusu ve ihti\u015faml\u0131 mimarisiyle \u015eili&#8217;nin \u00f6nde gelen yap\u0131lar\u0131ndan biri. 1748 &#8211; 1800 y\u0131llar\u0131 aras\u0131nda in\u015fa edilen bu ibadethaneyi gezmek isteyenlerden herhangi bir \u00fccret istenmiyor. G\u00fcn\u00fcm\u00fczde hala ibadete a\u00e7\u0131k olan bu yap\u0131 her g\u00fcn y\u00fczlerce ziyaret\u00e7iyi a\u011f\u0131rl\u0131yor.<\/p>\n\n\n\n<h3 class=\"wp-block-heading\"><span class=\"ez-toc-section\" id=\"3_san_cristobal_tepesi\"><\/span><strong>3.&nbsp;San Crist\u00f3bal Tepesi&nbsp;<\/strong><span class=\"ez-toc-section-end\"><\/span><\/h3>\n\n\n\n<figure class=\"wp-block-image is-resized\"><img width=\"800\" height=\"500\" data-public-id=\"San-Cristobal-Hill-_mkjdzv\/San-Cristobal-Hill-_mkjdzv.jpg\" fetchpriority=\"high\" decoding=\"async\" src=\"https:\/\/res.cloudinary.com\/turna\/images\/w_800,h_500,c_scale\/f_auto,q_auto\/f_auto,q_auto:low\/v1508101418\/San-Cristobal-Hill-_mkjdzv\/San-Cristobal-Hill-_mkjdzv.jpg?_i=AA\" alt=\"\" class=\"wp-post-8714 wp-image-9955\" style=\"width:1200px;height:auto\" data-format=\"jpg\" data-transformations=\"f_auto,q_auto\/f_auto,q_auto:low\" data-version=\"1508101418\" data-seo=\"1\" srcset=\"https:\/\/res.cloudinary.com\/turna\/images\/f_auto,q_auto\/f_auto,q_auto\/f_auto,q_auto:low\/v1508101418\/San-Cristobal-Hill-_mkjdzv\/San-Cristobal-Hill-_mkjdzv.jpg?_i=AA 800w, https:\/\/res.cloudinary.com\/turna\/images\/w_300,h_188,c_scale\/f_auto,q_auto\/f_auto,q_auto\/f_auto,q_auto:low\/v1508101418\/San-Cristobal-Hill-_mkjdzv\/San-Cristobal-Hill-_mkjdzv.jpg?_i=AA 300w, https:\/\/res.cloudinary.com\/turna\/images\/w_672,h_420,c_scale\/f_auto,q_auto\/f_auto,q_auto\/f_auto,q_auto:low\/v1508101418\/San-Cristobal-Hill-_mkjdzv\/San-Cristobal-Hill-_mkjdzv.jpg?_i=AA 672w, https:\/\/res.cloudinary.com\/turna\/images\/w_640,h_400,c_scale\/f_auto,q_auto\/f_auto,q_auto\/f_auto,q_auto:low\/v1508101418\/San-Cristobal-Hill-_mkjdzv\/San-Cristobal-Hill-_mkjdzv.jpg?_i=AA 640w, https:\/\/res.cloudinary.com\/turna\/images\/w_681,h_426,c_scale\/f_auto,q_auto\/f_auto,q_auto\/f_auto,q_auto:low\/v1508101418\/San-Cristobal-Hill-_mkjdzv\/San-Cristobal-Hill-_mkjdzv.jpg?_i=AA 681w\" sizes=\"(max-width: 800px) 100vw, 800px\" \/><\/figure>\n\n\n\n<p>E\u011fer \u015fehir manzaras\u0131 izlemeyi ve bu e\u015fsiz anlar\u0131 foto\u011fraf karelerinde \u00f6l\u00fcms\u00fczle\u015ftirmeyi seviyorsan\u0131z\u00a0San Crist\u00f3bal Tepesi&#8217;ni mutlaka ziyaret etmelisiniz. G\u00f6renleri kendine hayran b\u0131rakan b\u00fcy\u00fcleyici manzaras\u0131yla \u00fcnlenen bu tepenin yan\u0131 s\u0131ra\u00a0Santiago\u2019nun ilk kuruldu\u011fu yerle\u015fim yeri olan\u00a0Santa Luc\u00eda Tepesi\u00a0de \u00fclkede manzara keyfi ya\u015fatt\u0131ran noktalardan.<\/p>\n\n\n\n<h3 class=\"wp-block-heading\"><span class=\"ez-toc-section\" id=\"4_atacama_colu\"><\/span><strong>4.&nbsp;Atacama \u00c7\u00f6l\u00fc<\/strong><span class=\"ez-toc-section-end\"><\/span><\/h3>\n\n\n\n<p>Biraz macera biraz da heyecan ar\u0131yorsan\u0131z d\u00fcnyan\u0131n en \u00fcnl\u00fc \u00e7\u00f6llerinden biri olarak an\u0131lan\u00a0Atacama \u00c7\u00f6l\u00fc&#8217;n\u00fc g\u00f6rmelisiniz. \u00dclkenin kuzey b\u00f6lgesinde yer alan bu devasa \u00e7\u00f6l yakla\u015f\u0131k 105 bin kilometrelik bir alan\u0131 kapl\u0131yor.\u00a0Aymara, Chinchorro ve Diaguita gibi say\u0131s\u0131z kavme ev sahipli\u011fi yapan bu \u00e7\u00f6lde bir rasathane de bulunuyor.<\/p>\n\n\n\n<h3 class=\"wp-block-heading\"><span class=\"ez-toc-section\" id=\"5_museo_nacional_de_bellas_artes\"><\/span><strong>5.&nbsp;<\/strong><strong>Museo Nacional de Bellas Artes&nbsp;<\/strong><span class=\"ez-toc-section-end\"><\/span><\/h3>\n\n\n\n<figure class=\"wp-block-image is-resized\"><img width=\"800\" height=\"500\" data-public-id=\"Museo-Nacional-Bellas-Artes_lhijb0\/Museo-Nacional-Bellas-Artes_lhijb0.jpg\" decoding=\"async\" src=\"https:\/\/res.cloudinary.com\/turna\/images\/w_800,h_500,c_scale\/f_auto,q_auto\/f_auto,q_auto:low\/v1508101402\/Museo-Nacional-Bellas-Artes_lhijb0\/Museo-Nacional-Bellas-Artes_lhijb0.jpg?_i=AA\" alt=\"\" class=\"wp-post-8714 wp-image-9954\" style=\"width:1200px;height:auto\" data-format=\"jpg\" data-transformations=\"f_auto,q_auto\/f_auto,q_auto:low\" data-version=\"1508101402\" data-seo=\"1\" srcset=\"https:\/\/res.cloudinary.com\/turna\/images\/f_auto,q_auto\/f_auto,q_auto\/f_auto,q_auto:low\/v1508101402\/Museo-Nacional-Bellas-Artes_lhijb0\/Museo-Nacional-Bellas-Artes_lhijb0.jpg?_i=AA 800w, https:\/\/res.cloudinary.com\/turna\/images\/w_300,h_188,c_scale\/f_auto,q_auto\/f_auto,q_auto\/f_auto,q_auto:low\/v1508101402\/Museo-Nacional-Bellas-Artes_lhijb0\/Museo-Nacional-Bellas-Artes_lhijb0.jpg?_i=AA 300w, https:\/\/res.cloudinary.com\/turna\/images\/w_672,h_420,c_scale\/f_auto,q_auto\/f_auto,q_auto\/f_auto,q_auto:low\/v1508101402\/Museo-Nacional-Bellas-Artes_lhijb0\/Museo-Nacional-Bellas-Artes_lhijb0.jpg?_i=AA 672w, https:\/\/res.cloudinary.com\/turna\/images\/w_640,h_400,c_scale\/f_auto,q_auto\/f_auto,q_auto\/f_auto,q_auto:low\/v1508101402\/Museo-Nacional-Bellas-Artes_lhijb0\/Museo-Nacional-Bellas-Artes_lhijb0.jpg?_i=AA 640w, https:\/\/res.cloudinary.com\/turna\/images\/w_681,h_426,c_scale\/f_auto,q_auto\/f_auto,q_auto\/f_auto,q_auto:low\/v1508101402\/Museo-Nacional-Bellas-Artes_lhijb0\/Museo-Nacional-Bellas-Artes_lhijb0.jpg?_i=AA 681w\" sizes=\"(max-width: 800px) 100vw, 800px\" \/><\/figure>\n\n\n\n<p>G\u00fcney Amerika k\u0131tas\u0131n\u0131n en eski ve kapsaml\u0131 m\u00fczelerinden biri olan\u00a0Museo Nacional de Bellas Artes (MNBA G\u00fczel Sanatlar M\u00fczesi), sanat a\u015f\u0131\u011f\u0131 gezginlerin vazge\u00e7ilmez adreslerinden. Ba\u015fta \u015eili olmak \u00fczere G\u00fcney Amerika&#8217;da ya\u015fayan pek \u00e7ok sanat\u00e7\u0131ya ait eserlerin sergilendi\u011fi bu m\u00fczeye giri\u015f ise \u00fccretsiz.<\/p>\n\n\n\n<p>\u0130stanbul \u00fczerinden Bogota, Madrid ya da Miami aktarmal\u0131 olarak seyahat edebilece\u011finiz bu \u00fclke T\u00fcrk vatanda\u015flar\u0131ndan 90 g\u00fcne kadar vize talep etmiyor. Bu nedenle yola \u00e7\u0131kmadan \u00f6nce yapman\u0131z gereken tek \u015fey valizinizi haz\u0131rlay\u0131p <strong><a href=\"https:\/\/www.turna.com\/ucak-bileti\/sili\" target=\"_blank\" rel=\"noopener noreferrer\">\u015eili u\u00e7ak bileti<\/a><\/strong> almak.<\/p>\n\n\n\n<h3 class=\"wp-block-heading\"><span class=\"ez-toc-section\" id=\"6_rapa_nui\"><\/span>6. Rapa Nui<span class=\"ez-toc-section-end\"><\/span><\/h3>\n\n\n\n<figure class=\"wp-block-image size-large\"><img decoding=\"async\" src=\"https:\/\/res.cloudinary.com\/turna\/image\/upload\/v1760428911\/wordpress-contents\/rapa_nui_%C5%9Fili.jpg\" alt=\"\"\/><\/figure>\n\n\n\n<p>Rapa Nui, devasa ta\u015f heykelleriyle \u015eili\u2019nin ke\u015ffe de\u011fer en gizemli duraklar\u0131 aras\u0131nda yer al\u0131yor. Pasifik Okyanusu\u2019nun ortas\u0131nda konumlanan bu b\u00fcy\u00fcleyici ada, beyaz kumlu plajlar\u0131, turkuaz sular\u0131 ve bin y\u0131ll\u0131k k\u00fclt\u00fcr\u00fcyle her y\u0131l binlerce gezgini kendine \u00e7ekiyor.\u00a0<\/p>\n\n\n\n<h3 class=\"wp-block-heading\"><span class=\"ez-toc-section\" id=\"7_carretera_austral\"><\/span>7. Carretera Austral<span class=\"ez-toc-section-end\"><\/span><\/h3>\n\n\n\n<p>\u015eili\u2019nin g\u00fcneyinde, Puerto Montt\u2019tan ba\u015flay\u0131p Villa O\u2019Higgins\u2019e uzanan 1.200 kilometrelik Carretera Austral yolu, \u00fclkenin en b\u00fcy\u00fcleyici manzaralar\u0131na ev sahipli\u011fi yap\u0131yor. Bu rota boyunca Patagonya\u2019n\u0131n vah\u015fi do\u011fas\u0131, buzullar, g\u00f6ller ve yemye\u015fil vadiler ke\u015ffinizi bekliyor.<\/p>\n\n\n\n<h3 class=\"wp-block-heading\"><span class=\"ez-toc-section\" id=\"8_valparaiso\"><\/span>8. Valparaiso<span class=\"ez-toc-section-end\"><\/span><\/h3>\n\n\n\n<figure class=\"wp-block-image size-large\"><img decoding=\"async\" src=\"https:\/\/res.cloudinary.com\/turna\/image\/upload\/v1760429311\/wordpress-contents\/Valparaiso.jpg\" alt=\"\"\/><\/figure>\n\n\n\n<p>D\u00fcnya Miras\u0131 Listesi&#8217;nde yer alan Valparaiso, Pasifik k\u0131y\u0131s\u0131nda kurulu rengarenk bir \u015fehir olarak masal tad\u0131nda bir ke\u015fif vadediyor. Bu rotada evler, denize bakan tepelerin eteklerine in\u015fa edilmi\u015f, enfes deniz mahsulleri, duvar resimleriyle dolu sokaklar ve bohem ya\u015fam tarz\u0131yla Valparaiso ke\u015ffedilmesi gereken \u015eili rotalar\u0131 aras\u0131nda yer al\u0131yor.<\/p>\n\n\n\n<h3 class=\"wp-block-heading\"><span class=\"ez-toc-section\" id=\"9_torres_del_paine_ulusal_parki\"><\/span>9. Torres del Paine Ulusal Park\u0131<span class=\"ez-toc-section-end\"><\/span><\/h3>\n\n\n\n<p>\u015eili\u2019nin en g\u00fcneyinde konumlanan Torres del Paine, g\u00f6rkemli da\u011f s\u0131ralar\u0131yla ve etkileyici manzaralar\u0131yla konuklar\u0131n\u0131 b\u00fcy\u00fcl\u00fcyor.\u00a0 Patagonya\u2019n\u0131n kalbinde, muhte\u015fem do\u011fa y\u00fcr\u00fcy\u00fc\u015f rotalar\u0131 ve saf g\u00fczelli\u011fiyle gezginlere ilham veriyor. G\u00f6l, buzul ve vadilerle \u00e7evrili bu milli parkta g\u00fcn do\u011fumunda zirvelerin pembeye b\u00fcr\u00fcn\u00fc\u015f\u00fcn\u00fc izlemek unutulmaz bir deneyim vadediyor.<\/p>\n\n\n\n<h3 class=\"wp-block-heading\"><span class=\"ez-toc-section\" id=\"10_villarrica_yanardagi\"><\/span>10. Villarrica Yanarda\u011f\u0131<span class=\"ez-toc-section-end\"><\/span><\/h3>\n\n\n\n<figure class=\"wp-block-image size-large\"><img decoding=\"async\" src=\"https:\/\/res.cloudinary.com\/turna\/image\/upload\/v1760429475\/wordpress-contents\/Villarrica_Yanarda%C4%9F%C4%B1.jpg\" alt=\"\"\/><\/figure>\n\n\n\n<p>\u015eili\u2019nin g\u00fcneyindeki Zona Sur b\u00f6lgesinde konumlanan Villarrica Yanarda\u011f\u0131, \u00fclkenin en etkileyici do\u011fa harikalar\u0131 aras\u0131nda yer al\u0131yor. Yaz aylar\u0131nda olduk\u00e7a hareketli olan bu b\u00f6lge, \u00f6zellikle macera tutkunu gezginler i\u00e7in b\u00fcy\u00fcleyici bir rota sunuyor. Aktivite seviyesi d\u00f6nemsel olarak de\u011fi\u015fti\u011finden zirveye \u00e7\u0131kmak her zaman m\u00fcmk\u00fcn olmasa da, \u00e7evresindeki kapl\u0131calar ve g\u00f6ller, do\u011fayla i\u00e7 i\u00e7e huzurlu bir mola i\u00e7in e\u015fsiz bir f\u0131rsat sunuyor.<\/p>\n\n\n\n<h3 class=\"wp-block-heading\"><span class=\"ez-toc-section\" id=\"11_punta_de_lobos\"><\/span>11. Punta de Lobos<span class=\"ez-toc-section-end\"><\/span><\/h3>\n\n\n\n<p>\u015eili\u2019nin s\u00f6rf ba\u015fkenti olarak bilinen Pichilemu yak\u0131nlar\u0131nda konumlanan Punta de Lobos, Pasifik k\u0131y\u0131s\u0131nda huzurla hareketin bulu\u015ftu\u011fu e\u015fsiz bir rota. Dev dalgalar\u0131yla d\u00fcnya \u00e7ap\u0131nda \u00fcne sahip olan bu sahil kasabas\u0131, hem profesyonel s\u00f6rf\u00e7\u00fcler hem de sahil atmosferini seven gezginler i\u00e7in b\u00fcy\u00fcleyici bir durak.\u00a0<\/p>\n\n\n\n<h3 class=\"wp-block-heading\"><span class=\"ez-toc-section\" id=\"12_conguillio_milli_parki\"><\/span>12. Conguill\u00edo Milli Park\u0131<span class=\"ez-toc-section-end\"><\/span><\/h3>\n\n\n\n<p>\u015eili\u2019nin do\u011fusunda, Araucaia b\u00f6lgesinde yer alan Conguillio Milli Park\u0131, \u00fclkenin en etkileyici do\u011fal alanlar\u0131 aras\u0131nda yer al\u0131yor. Binlerce y\u0131ll\u0131k araucaria a\u011fa\u00e7lar\u0131, volkanik g\u00f6ller ve Llaima Yanarda\u011f\u0131\u2019n\u0131n b\u00fcy\u00fcleyici siluetiyle \u00e7evrili bu park, do\u011fa tutkunlar\u0131 i\u00e7in ke\u015ffedilmesi gereken bir durak.<\/p>\n\n\n\n<h3 class=\"wp-block-heading\"><span class=\"ez-toc-section\" id=\"13_chiloe_adasi\"><\/span>13. Chiloe Adas\u0131<span class=\"ez-toc-section-end\"><\/span><\/h3>\n\n\n\n<figure class=\"wp-block-image size-large\"><img decoding=\"async\" src=\"https:\/\/res.cloudinary.com\/turna\/image\/upload\/v1760429750\/wordpress-contents\/Chiloe_Adas%C4%B1.jpg\" alt=\"\"\/><\/figure>\n\n\n\n<p>Chiloe Adas\u0131, \u015eili\u2019nin en \u00f6zg\u00fcn ve b\u00fcy\u00fcleyici destinasyonlar\u0131ndan biri. Rengarenk kaz\u0131k evleri, UNESCO D\u00fcnya Miras\u0131 Listesi\u2019ndeki ah\u015fap kiliseleri ve canl\u0131 deniz k\u00fclt\u00fcr\u00fcyle bu ada, ziyaret\u00e7ilerine benzersiz bir atmosfer sunuyor.\u00a0 El de\u011fmemi\u015f do\u011fas\u0131yla renkli bir k\u00fclt\u00fcr\u00fcn i\u00e7 i\u00e7e ge\u00e7ti\u011fi Chiloe, \u015eili\u2019de ke\u015ffedilecek en \u00f6zel duraklar aras\u0131nda bulunuyor.<\/p>\n\n\n\n<h3 class=\"wp-block-heading\"><span class=\"ez-toc-section\" id=\"14_queulat_buzulu\"><\/span>14. Queulat Buzulu<span class=\"ez-toc-section-end\"><\/span><\/h3>\n\n\n\n<p>Patagonya\u2019n\u0131n kalbinde, Carretera Austral rotas\u0131 \u00fczerinde yer alan Queulat Milli Park\u0131, do\u011fa severlerin b\u00fcy\u00fclenece\u011fi bir durak. Yo\u011fun ormanlar\u0131n aras\u0131ndan ilerleyen y\u00fcr\u00fcy\u00fc\u015f patikalar\u0131 gezginleri devasa buz k\u00fctlesinin bir fiyordun \u00fczerinde as\u0131l\u0131ym\u0131\u015f gibi g\u00f6r\u00fcnd\u00fc\u011f\u00fc e\u015fsiz manzaralara ula\u015ft\u0131r\u0131yor. Queulat, \u015eili\u2019nin vah\u015fi g\u00fczelli\u011fini en saf haliyle deneyimleyebilece\u011finiz g\u00f6z al\u0131c\u0131 g\u00fczellikte bir do\u011fa harikas\u0131.<\/p>\n\n\n\n<h3 class=\"wp-block-heading\"><span class=\"ez-toc-section\" id=\"15_mermer_magaralar\"><\/span>15. Mermer Ma\u011faralar<span class=\"ez-toc-section-end\"><\/span><\/h3>\n\n\n\n<p>Puerto R\u00edo Tranquilo k\u0131y\u0131s\u0131nda yer alan Mermer Ma\u011faralar, \u015eili\u2019nin en b\u00fcy\u00fcleyici do\u011fal mucizeleri aras\u0131nda bulunuyor. G\u00fcney Amerika\u2019n\u0131n ikinci b\u00fcy\u00fck g\u00f6l\u00fc olan General Carrera G\u00f6l\u00fc \u00fczerinde, suyun binlerce y\u0131l boyunca mermer kayalar\u0131 oymas\u0131yla olu\u015fan bu ma\u011faralar, \u0131\u015f\u0131\u011f\u0131n yans\u0131mas\u0131yla mavi ve beyaz\u0131n b\u00fcy\u00fcleyici tonlar\u0131na b\u00fcr\u00fcn\u00fcyor. K\u0131sa bir tekne yolculu\u011fuyla ula\u015fabilece\u011finiz bu do\u011fal sanat eseri, Patagonya\u2019n\u0131n ruhunu en saf haliyle hissettiren rota olarak \u015eili gezilecek yerler listenize mutlaka eklenmeli.<\/p>\n\n\n\n<h2 class=\"wp-block-heading\"><span class=\"ez-toc-section\" id=\"silide_denemeniz_gereken_lezzetler\"><\/span><strong>\u015eili\u2019de Denemeniz Gereken Lezzetler<\/strong><span class=\"ez-toc-section-end\"><\/span><\/h2>\n\n\n\n<figure class=\"wp-block-image size-large\"><img decoding=\"async\" src=\"https:\/\/res.cloudinary.com\/turna\/image\/upload\/v1760430182\/wordpress-contents\/sili_yemekleri.jpg\" alt=\"\"\/><\/figure>\n\n\n\n<p>\u015eili mutfa\u011f\u0131, Pasifik\u2019in tazeli\u011fiyle And Da\u011flar\u0131\u2019n\u0131n bereketini tek sofrada bulu\u015fturuyor. Sokaklarda \u00e7\u0131t\u0131r empanadalar, Chiloe Adas\u0131\u2019nda deniz \u00fcr\u00fcnleriyle haz\u0131rlanan geleneksel g\u00fcve\u00e7 yeme\u011fi curanto ve ev sofralar\u0131nda buharda pi\u015fen s\u0131cak cazuela sofralar\u0131n olmazsa olmazlar\u0131 aras\u0131nda yer al\u0131yor. Tatl\u0131 m\u0131s\u0131rla kaplanan pastel de choclo ve limonla marine edilmi\u015f taze ceviche bu rotada mutlaka \u015fans vermeniz gereken lezzetler aras\u0131nda yer al\u0131yor.<\/p>\n\n\n\n<h2 class=\"wp-block-heading\"><span class=\"ez-toc-section\" id=\"silide_mutlaka_sans_vermeniz_gereken_deneyimler\"><\/span><strong>\u015eili\u2019de Mutlaka \u015eans Vermeniz Gereken Deneyimler<\/strong><span class=\"ez-toc-section-end\"><\/span><\/h2>\n\n\n\n<figure class=\"wp-block-image size-large\"><img decoding=\"async\" src=\"https:\/\/res.cloudinary.com\/turna\/image\/upload\/v1760430617\/wordpress-contents\/sili.jpg\" alt=\"\"\/><\/figure>\n\n\n\n<ul class=\"wp-block-list\">\n<li>\ud83d\uddff Rapa Nui\u2019deki gizemli heykellere yak\u0131ndan bak\u0131n.<\/li>\n\n\n\n<li>\ud83c\udfd4\ufe0f Torres del Paine y\u00fcr\u00fcy\u00fc\u015flerinde Patagonya\u2019n\u0131n r\u00fczgar\u0131n\u0131 y\u00fcz\u00fcn\u00fczde hissedin.<\/li>\n\n\n\n<li>\ud83c\udf0c Atacama \u00c7\u00f6l\u00fc\u2019nde d\u00fcnyan\u0131n en parlak y\u0131ld\u0131zlar\u0131n\u0131 izleyin.<\/li>\n\n\n\n<li>\ud83c\udfa8 Valpara\u00edso\u2019nun duvar resimleriyle dolu yoku\u015flar\u0131nda sanat dolu saatler ge\u00e7irin.<\/li>\n\n\n\n<li>\ud83d\ude97 Carretera Austral boyunca uzanan g\u00f6z al\u0131c\u0131 manzaralara tan\u0131kl\u0131k edin.<\/li>\n\n\n\n<li>\ud83c\udf32 Conguill\u00edo Milli Park\u0131\u2019nda kadim a\u011fa\u00e7lar aras\u0131nda do\u011fan\u0131n sesini dinleyin.<\/li>\n\n\n\n<li>\ud83c\udf0a Punta de Lobos\u2019ta dev dalgalar\u0131 izleyin.<\/li>\n\n\n\n<li>\ud83c\udf08 Chiloe Adas\u0131\u2019nda renkli palafito evlerinin aras\u0131nda unutulmaz foto\u011fraf karelerine imza at\u0131n<\/li>\n<\/ul>\n\n\n\n<p><br><\/p>\n\n\n\n<p><br><br><\/p>\n\n\n\n<p><br><\/p>\n\n\n\n<p><br><\/p>\n\n\n\n<p><br><\/p>\n\n\n\n<p><br><\/p>\n\n\n\n<p><br><br><\/p>\n\n\n\n<p><br><\/p>\n\n\n\n<p><br><\/p>\n\n    <div class=\"xs_social_share_widget xs_share_url after_content \t\tmain_content  wslu-style-1 wslu-share-box-shaped wslu-fill-colored wslu-none wslu-share-horizontal wslu-theme-font-no wslu-main_content\">\n\n\t\t\n        <ul>\n\t\t\t        <\/ul>\n    <\/div> \n","protected":false},"excerpt":{"rendered":"<p>Do\u011fuda Arjantin, kuzeyde Peru, kuzeydo\u011fuda ise Bolivya ile kom\u015fu olan \u015eili, 19 milyonu a\u015fk\u0131n n\u00fcfusuyla G\u00fcney Amerika&#8217;n\u0131n en kalabal\u0131k ve modern \u00fclkelerinden. 1810 y\u0131l\u0131na kadar \u0130spanyol s\u00f6m\u00fcrgesi alt\u0131nda ya\u015fayan \u015eili, b\u00f6lgeye can katan bak\u0131r madeni i\u015fletmecili\u011fi sayesinde k\u0131tan\u0131n ekonomik anlamda en g\u00fc\u00e7l\u00fc \u00fclkelerinden biri haline geldi. Ekonomik ve siyasi ge\u00e7mi\u015fini bir kenara b\u0131rak\u0131p biraz da [&hellip;]<\/p>\n","protected":false},"author":9,"featured_media":9956,"comment_status":"open","ping_status":"open","sticky":false,"template":"","format":"standard","meta":{"rop_custom_images_group":[],"rop_custom_messages_group":[],"rop_publish_now":"initial","rop_publish_now_accounts":[],"rop_publish_now_history":[],"rop_publish_now_status":"pending","_cloudinary_featured_overwrite":false,"footnotes":""},"categories":[1388],"tags":[1353,648],"class_list":["post-8714","post","type-post","status-publish","format-standard","has-post-thumbnail","hentry","category-sili","tag-santiago-chile","tag-sili"],"_links":{"self":[{"href":"https:\/\/www.turna.com\/blog\/wp-json\/wp\/v2\/posts\/8714","targetHints":{"allow":["GET"]}}],"collection":[{"href":"https:\/\/www.turna.com\/blog\/wp-json\/wp\/v2\/posts"}],"about":[{"href":"https:\/\/www.turna.com\/blog\/wp-json\/wp\/v2\/types\/post"}],"author":[{"embeddable":true,"href":"https:\/\/www.turna.com\/blog\/wp-json\/wp\/v2\/users\/9"}],"replies":[{"embeddable":true,"href":"https:\/\/www.turna.com\/blog\/wp-json\/wp\/v2\/comments?post=8714"}],"version-history":[{"count":0,"href":"https:\/\/www.turna.com\/blog\/wp-json\/wp\/v2\/posts\/8714\/revisions"}],"wp:featuredmedia":[{"embeddable":true,"href":"https:\/\/www.turna.com\/blog\/wp-json\/wp\/v2\/media\/9956"}],"wp:attachment":[{"href":"https:\/\/www.turna.com\/blog\/wp-json\/wp\/v2\/media?parent=8714"}],"wp:term":[{"taxonomy":"category","embeddable":true,"href":"https:\/\/www.turna.com\/blog\/wp-json\/wp\/v2\/categories?post=8714"},{"taxonomy":"post_tag","embeddable":true,"href":"https:\/\/www.turna.com\/blog\/wp-json\/wp\/v2\/tags?post=8714"}],"curies":[{"name":"wp","href":"https:\/\/api.w.org\/{rel}","templated":true}]}}