{"id":8605,"date":"2024-07-09T13:01:00","date_gmt":"2024-07-09T10:01:00","guid":{"rendered":"https:\/\/www.turna.com\/blog\/?p=8605"},"modified":"2025-12-08T14:16:37","modified_gmt":"2025-12-08T11:16:37","slug":"korfu-gezilecek-yerler","status":"publish","type":"post","link":"https:\/\/www.turna.com\/blog\/korfu-gezilecek-yerler","title":{"rendered":"Corfu Gezi Rehberi: Adriyatik&#8217;in Mavi Cenneti"},"content":{"rendered":"<div id=\"ez-toc-container\" class=\"ez-toc-v2_0_82_2 counter-hierarchy ez-toc-counter ez-toc-black ez-toc-container-direction\">\n<div class=\"ez-toc-title-container\">\n<p class=\"ez-toc-title\" style=\"cursor:inherit\">\u0130\u00e7indekiler<\/p>\n<span class=\"ez-toc-title-toggle\"><a href=\"#\" class=\"ez-toc-pull-right ez-toc-btn ez-toc-btn-xs ez-toc-btn-default ez-toc-toggle\" aria-label=\"\u0130\u00e7indekiler Tablosunu A\u00e7\/Kapat\"><span class=\"ez-toc-js-icon-con\"><span class=\"\"><span class=\"eztoc-hide\" style=\"display:none;\">Toggle<\/span><span class=\"ez-toc-icon-toggle-span\"><svg style=\"fill: #ffffff;color:#ffffff\" xmlns=\"http:\/\/www.w3.org\/2000\/svg\" class=\"list-377408\" width=\"20px\" height=\"20px\" viewBox=\"0 0 24 24\" fill=\"none\"><path d=\"M6 6H4v2h2V6zm14 0H8v2h12V6zM4 11h2v2H4v-2zm16 0H8v2h12v-2zM4 16h2v2H4v-2zm16 0H8v2h12v-2z\" fill=\"currentColor\"><\/path><\/svg><svg style=\"fill: #ffffff;color:#ffffff\" class=\"arrow-unsorted-368013\" xmlns=\"http:\/\/www.w3.org\/2000\/svg\" width=\"10px\" height=\"10px\" viewBox=\"0 0 24 24\" version=\"1.2\" baseProfile=\"tiny\"><path d=\"M18.2 9.3l-6.2-6.3-6.2 6.3c-.2.2-.3.4-.3.7s.1.5.3.7c.2.2.4.3.7.3h11c.3 0 .5-.1.7-.3.2-.2.3-.5.3-.7s-.1-.5-.3-.7zM5.8 14.7l6.2 6.3 6.2-6.3c.2-.2.3-.5.3-.7s-.1-.5-.3-.7c-.2-.2-.4-.3-.7-.3h-11c-.3 0-.5.1-.7.3-.2.2-.3.5-.3.7s.1.5.3.7z\"\/><\/svg><\/span><\/span><\/span><\/a><\/span><\/div>\n<nav><ul class='ez-toc-list ez-toc-list-level-1 eztoc-toggle-hide-by-default' ><li class='ez-toc-page-1 ez-toc-heading-level-2'><a class=\"ez-toc-link ez-toc-heading-1\" href=\"https:\/\/www.turna.com\/blog\/korfu-gezilecek-yerler\/#corfu_hakkinda_hap_bilgiler\" >Corfu Hakk\u0131nda Hap Bilgiler<\/a><ul class='ez-toc-list-level-3' ><li class='ez-toc-heading-level-3'><a class=\"ez-toc-link ez-toc-heading-2\" href=\"https:\/\/www.turna.com\/blog\/korfu-gezilecek-yerler\/#corfu_nerede_nasil_gidilir\" >Corfu Nerede &amp; Nas\u0131l Gidilir?<\/a><\/li><li class='ez-toc-page-1 ez-toc-heading-level-3'><a class=\"ez-toc-link ez-toc-heading-3\" href=\"https:\/\/www.turna.com\/blog\/korfu-gezilecek-yerler\/#korfu_adasina_ne_zaman_gidilir\" >Korfu Adas\u0131&#8217;na Ne Zaman Gidilir?<\/a><\/li><li class='ez-toc-page-1 ez-toc-heading-level-3'><a class=\"ez-toc-link ez-toc-heading-4\" href=\"https:\/\/www.turna.com\/blog\/korfu-gezilecek-yerler\/#korfuda_ne_yenir\" >Korfu&#8217;da Ne Yenir?<\/a><\/li><li class='ez-toc-page-1 ez-toc-heading-level-3'><a class=\"ez-toc-link ez-toc-heading-5\" href=\"https:\/\/www.turna.com\/blog\/korfu-gezilecek-yerler\/#mutlaka_tadilmasi_gerekenler\" >Mutlaka Tad\u0131lmas\u0131 Gerekenler:<\/a><\/li><li class='ez-toc-page-1 ez-toc-heading-level-3'><a class=\"ez-toc-link ez-toc-heading-6\" href=\"https:\/\/www.turna.com\/blog\/korfu-gezilecek-yerler\/#korfuda_nerede_kalinir\" >Korfu&#8217;da Nerede Kal\u0131n\u0131r?<\/a><\/li><li class='ez-toc-page-1 ez-toc-heading-level-3'><a class=\"ez-toc-link ez-toc-heading-7\" href=\"https:\/\/www.turna.com\/blog\/korfu-gezilecek-yerler\/#otel_onerileri\" >Otel \u00d6nerileri:<\/a><\/li><\/ul><\/li><li class='ez-toc-page-1 ez-toc-heading-level-2'><a class=\"ez-toc-link ez-toc-heading-8\" href=\"https:\/\/www.turna.com\/blog\/korfu-gezilecek-yerler\/#korfu_adasi_gezilecek_yerler\" >Korfu Adas\u0131 Gezilecek Yerler<\/a><ul class='ez-toc-list-level-3' ><li class='ez-toc-heading-level-3'><a class=\"ez-toc-link ez-toc-heading-9\" href=\"https:\/\/www.turna.com\/blog\/korfu-gezilecek-yerler\/#korfu_town\" >Korfu Town<\/a><\/li><li class='ez-toc-page-1 ez-toc-heading-level-3'><a class=\"ez-toc-link ez-toc-heading-10\" href=\"https:\/\/www.turna.com\/blog\/korfu-gezilecek-yerler\/#achilleion\" >Achilleion<\/a><\/li><li class='ez-toc-page-1 ez-toc-heading-level-3'><a class=\"ez-toc-link ez-toc-heading-11\" href=\"https:\/\/www.turna.com\/blog\/korfu-gezilecek-yerler\/#angelokastro\" >Angelokastro<\/a><\/li><li class='ez-toc-page-1 ez-toc-heading-level-3'><a class=\"ez-toc-link ez-toc-heading-12\" href=\"https:\/\/www.turna.com\/blog\/korfu-gezilecek-yerler\/#korfu_kalesi\" >Korfu Kalesi<\/a><\/li><li class='ez-toc-page-1 ez-toc-heading-level-3'><a class=\"ez-toc-link ez-toc-heading-13\" href=\"https:\/\/www.turna.com\/blog\/korfu-gezilecek-yerler\/#corfu_museum_of_asian_art\" >Corfu Museum Of Asian Art<\/a><\/li><li class='ez-toc-page-1 ez-toc-heading-level-3'><a class=\"ez-toc-link ez-toc-heading-14\" href=\"https:\/\/www.turna.com\/blog\/korfu-gezilecek-yerler\/#old_perithia\" >Old Perithia<\/a><\/li><li class='ez-toc-page-1 ez-toc-heading-level-3'><a class=\"ez-toc-link ez-toc-heading-15\" href=\"https:\/\/www.turna.com\/blog\/korfu-gezilecek-yerler\/#porto_timoni_plaji\" >Porto Timoni Plaj\u0131<\/a><\/li><li class='ez-toc-page-1 ez-toc-heading-level-3'><a class=\"ez-toc-link ez-toc-heading-16\" href=\"https:\/\/www.turna.com\/blog\/korfu-gezilecek-yerler\/#agios_spiridon_plaji\" >Agios Spiridon Plaj\u0131<\/a><\/li><li class='ez-toc-page-1 ez-toc-heading-level-3'><a class=\"ez-toc-link ez-toc-heading-17\" href=\"https:\/\/www.turna.com\/blog\/korfu-gezilecek-yerler\/#barbati_plaji\" >Barbati Plaj\u0131<\/a><\/li><\/ul><\/li><\/ul><\/nav><\/div>\n\n<p>Merhaba macera severler! Haz\u0131rsan\u0131z sizi Adriyatik&#8217;in mavi cenneti Corfu&#8217;ya g\u00f6t\u00fcr\u00fcyoruz! <strong>Corfu Gezi Rehberi<\/strong> i\u00e7eri\u011fimizle, bu b\u00fcy\u00fcleyici Yunan adas\u0131n\u0131 ke\u015ffederken kendinizi bir masal\u0131n i\u00e7inde bulacaks\u0131n\u0131z. Zeytin a\u011fa\u00e7lar\u0131n\u0131n g\u00f6lgesinde, kristal berrakl\u0131\u011f\u0131nda denizlerde y\u00fczerken, tarihi sokaklar\u0131nda kaybolurken her an\u0131 dolu dolu ya\u015fayacaks\u0131n\u0131z. Corfu&#8217;nun e\u015fsiz plajlar\u0131, zengin tarihi ve s\u0131cakkanl\u0131 insanlar\u0131yla tan\u0131\u015fmaya haz\u0131r m\u0131s\u0131n\u0131z? Haydi, valizlerinizi toplay\u0131n ve Adriyatik&#8217;in bu m\u00fccevherine do\u011fru yola \u00e7\u0131k\u0131n!<\/p>\n\n\n\n<h2 class=\"wp-block-heading has-text-align-center has-neeon-button-dark-gray-color has-text-color has-link-color wp-elements-e11377ed8eb4b5b76e49fa9fb0a9fca0\"><span class=\"ez-toc-section\" id=\"corfu_hakkinda_hap_bilgiler\"><\/span><strong>Corfu Hakk\u0131nda Hap Bilgiler<\/strong><span class=\"ez-toc-section-end\"><\/span><\/h2>\n\n\n\n<figure class=\"wp-block-image size-large\"><img width=\"800\" height=\"500\" decoding=\"async\" src=\"data:image\/svg+xml;base64,PHN2ZyB4bWxucz0iaHR0cDovL3d3dy53My5vcmcvMjAwMC9zdmciIHdpZHRoPSI4MDAiIGhlaWdodD0iNTAwIj48cmVjdCB3aWR0aD0iMTAwJSIgaGVpZ2h0PSIxMDAlIj48YW5pbWF0ZSBhdHRyaWJ1dGVOYW1lPSJmaWxsIiB2YWx1ZXM9InJnYmEoMTUzLDE1MywxNTMsMC41KTtyZ2JhKDE1MywxNTMsMTUzLDAuMSk7cmdiYSgxNTMsMTUzLDE1MywwLjUpIiBkdXI9IjJzIiByZXBlYXRDb3VudD0iaW5kZWZpbml0ZSIgLz48L3JlY3Q+PC9zdmc+\" alt=\"Corfu Gezi Rehberi\" data-public-id=\"wordpress-contents\/korfu_gezi_rehberi\/korfu_gezi_rehberi.jpg\" class=\"wp-post-8605 wp-image-22768\" data-format=\"jpg\" data-transformations=\"f_auto,q_auto:low\" data-version=\"1720531578\" data-seo=\"1\" data-size=\"800 500\" data-srcset=\"https:\/\/res.cloudinary.com\/turna\/images\/f_auto,q_auto:low\/v1720531578\/wordpress-contents\/korfu_gezi_rehberi\/korfu_gezi_rehberi.jpg?_i=AA 800w, https:\/\/res.cloudinary.com\/turna\/images\/w_300,h_188,c_scale\/f_auto,q_auto:low\/v1720531578\/wordpress-contents\/korfu_gezi_rehberi\/korfu_gezi_rehberi.jpg?_i=AA 300w, https:\/\/res.cloudinary.com\/turna\/images\/w_672,h_420,c_scale\/f_auto,q_auto:low\/v1720531578\/wordpress-contents\/korfu_gezi_rehberi\/korfu_gezi_rehberi.jpg?_i=AA 672w, https:\/\/res.cloudinary.com\/turna\/images\/w_640,h_400,c_scale\/f_auto,q_auto:low\/v1720531578\/wordpress-contents\/korfu_gezi_rehberi\/korfu_gezi_rehberi.jpg?_i=AA 640w, https:\/\/res.cloudinary.com\/turna\/images\/w_681,h_426,c_scale\/f_auto,q_auto:low\/v1720531578\/wordpress-contents\/korfu_gezi_rehberi\/korfu_gezi_rehberi.jpg?_i=AA 681w\" data-sizes=\"(max-width: 800px) 100vw, 800px\" data-delivery=\"upload\" onload=\";window.CLDBind?CLDBind(this):null;\" data-cloudinary=\"lazy\" \/><\/figure>\n\n\n\n<p>Berrak ve masmavi sulara sahip plajlar\u0131, tarihi dokusuyla b\u00fcy\u00fcleyen sokaklar\u0131 ve mimarisi, damaklarda unutulmaz tatlar b\u0131rakan yemekleriyle cennetten bir k\u00f6\u015feyi and\u0131ran <strong>Korfu<\/strong>, Adriyatik k\u0131y\u0131lar\u0131n\u0131 s\u00fcsleyen enfes bir ada. Bu \u015firin adan\u0131n 100 bini a\u015fan n\u00fcfusu, \u00f6zellikle yaz aylar\u0131nda daha da kalabal\u0131kla\u015f\u0131yor. Bu hareketlenme sayesinde c\u0131v\u0131l c\u0131v\u0131l bir g\u00f6r\u00fcn\u00fcme kavu\u015fan bu etkileyici ada, tertemiz sular\u0131 ve tarihi yerlerinin yan\u0131 s\u0131ra nefes kesen g\u00fczellikteki do\u011fas\u0131yla da hayranl\u0131k uyand\u0131r\u0131yor. Kendinizi huzurun kollar\u0131nda hissettiren bir tatil i\u00e7in rotan\u0131z\u0131 bu nefis adaya \u00e7evirmelisiniz. Yunanistan&#8217;\u0131n g\u00fcneybat\u0131s\u0131nda kalan bu adan\u0131n g\u00f6r\u00fclecek yerlerini merak edenler, bu yaz\u0131 sizin i\u00e7in.<\/p>\n\n\n\n<h3 class=\"wp-block-heading has-text-align-center has-neeon-button-dark-gray-color has-text-color has-link-color wp-elements-c413c1ca2251f807af573777ed90482c\"><span class=\"ez-toc-section\" id=\"corfu_nerede_nasil_gidilir\"><\/span><strong>Corfu Nerede &amp; Nas\u0131l Gidilir?<\/strong><span class=\"ez-toc-section-end\"><\/span><\/h3>\n\n\n\n<figure class=\"wp-block-image size-large\"><img decoding=\"async\" src=\"https:\/\/res.cloudinary.com\/turna\/image\/upload\/v1720531577\/wordpress-contents\/korfu_nerede_nas%C4%B1l_gidilir.jpg\" alt=\"Corfu Gezi Rehberi Korfu nerede\"\/><\/figure>\n\n\n\n<p><strong><a href=\"https:\/\/maps.app.goo.gl\/Pj2wAmttTi12gJVL6\" target=\"_blank\" rel=\"noreferrer noopener\">Corfu<\/a><\/strong>, Yunanistan&#8217;\u0131n kuzeybat\u0131s\u0131nda, \u0130yonya Denizi&#8217;nde yer alan b\u00fcy\u00fcleyici bir ada. Peki, <strong>Korfu adas\u0131na T\u00fcrkiye&#8217;den nas\u0131l gidilir?<\/strong> T\u00fcrkiye&#8217;den Corfu&#8217;ya ula\u015fman\u0131n birka\u00e7 yolu var. \u0130stanbul&#8217;dan veya \u0130zmir&#8217;den Atina&#8217;ya direkt u\u00e7u\u015f yapabilir ve ard\u0131ndan Atina&#8217;dan Corfu&#8217;ya aktarmal\u0131 u\u00e7u\u015flarla devam edebilirsiniz. Ayr\u0131ca, T\u00fcrkiye&#8217;nin Ege k\u0131y\u0131lar\u0131ndaki baz\u0131 limanlardan, Bodrum ve Marmaris&#8217;ten, Yunanistan&#8217;\u0131n \u0130yonya adalar\u0131na feribot seferleri bulunuyor. Bu feribot seferleriyle \u00f6nce Yunanistan&#8217;a ge\u00e7ip, ard\u0131ndan Corfu&#8217;ya ula\u015fabilirsiniz. Denizin ve g\u00f6ky\u00fcz\u00fcn\u00fcn mavili\u011finde yolculuk yaparken, Corfu&#8217;nun g\u00fczelliklerini ke\u015ffetmek i\u00e7in sab\u0131rs\u0131zlanacaks\u0131n\u0131z!<\/p>\n\n\n\n<p>Siz de r\u00fcya gibi anlar ya\u015fayaca\u011f\u0131n\u0131z bir tatil i\u00e7in&nbsp;<a href=\"https:\/\/www.turna.com\/ucak-bileti\/kerkyra\" target=\"_blank\" rel=\"noreferrer noopener\"><strong>Korfu u\u00e7ak bileti<\/strong><\/a> f\u0131rsatlar\u0131na g\u00f6z atabilirsiniz. Korfu birbirinden g\u00fczel koylar\u0131 ve e\u015fsiz plajlar\u0131yla sizi bekliyor.<\/p>\n\n\n\n<h3 class=\"wp-block-heading has-text-align-center has-neeon-button-dark-gray-color has-text-color has-link-color wp-elements-a6788ca36754f3a30e1573daa7e3637d\"><span class=\"ez-toc-section\" id=\"korfu_adasina_ne_zaman_gidilir\"><\/span><strong>Korfu Adas\u0131&#8217;na Ne Zaman Gidilir?<\/strong><span class=\"ez-toc-section-end\"><\/span><\/h3>\n\n\n\n<p>Korfu Adas\u0131&#8217;n\u0131 ziyaret etmek i\u00e7in en ideal zaman, <strong>bahar ve yaz aylar\u0131d\u0131r<\/strong>. Nisan ve haziran aylar\u0131 aras\u0131nda ada, mis gibi \u00e7i\u00e7ek kokular\u0131 ve ye\u015filin binbir tonuyla ziyaret\u00e7ilerini b\u00fcy\u00fcl\u00fcyor. Deniz suyu s\u0131cakl\u0131klar\u0131 y\u00fczmek i\u00e7in ideal ve turist kalabal\u0131klar\u0131 hen\u00fcz yo\u011funla\u015fmam\u0131\u015f oluyor.<\/p>\n\n\n\n<p>Temmuz ve a\u011fustos aylar\u0131nda ise ada en hareketli d\u00f6nemini ya\u015f\u0131yor. Bu aylarda s\u0131cakl\u0131klar olduk\u00e7a y\u00fcksek ve plajlar, deniz ve g\u00fcne\u015fin tad\u0131n\u0131 \u00e7\u0131karan tatilcilerle dolar ta\u015f\u0131yor. E\u011fer kalabal\u0131klardan ho\u015flan\u0131yorsan\u0131z, yaz aylar\u0131 tam size g\u00f6re!<\/p>\n\n\n\n<h3 class=\"wp-block-heading has-text-align-center has-neeon-button-dark-gray-color has-text-color has-link-color wp-elements-c5a2fe53371156d04b69b19549fa176e\"><span class=\"ez-toc-section\" id=\"korfuda_ne_yenir\"><\/span><strong>Korfu&#8217;da Ne Yenir?<\/strong><span class=\"ez-toc-section-end\"><\/span><\/h3>\n\n\n\n<figure class=\"wp-block-image size-large\"><img decoding=\"async\" src=\"https:\/\/res.cloudinary.com\/turna\/image\/upload\/v1720531577\/wordpress-contents\/korfuda_ne_yenir.jpg\" alt=\"Korfu'da Ne Yenir? Corfu gezi rehberi\"\/><\/figure>\n\n\n\n<p>Korfu, sadece do\u011fal g\u00fczellikleriyle de\u011fil, ayn\u0131 zamanda zengin mutfa\u011f\u0131yla da etkiliyor. Adan\u0131n mutfa\u011f\u0131, Yunan ve \u0130talyan etkilerinin m\u00fckemmel bir harman\u0131. Taze deniz \u00fcr\u00fcnleri, zeytinya\u011fl\u0131 mezeler, leziz peynirler ve aromatik otlarla haz\u0131rlanan yemekler, Korfu&#8217;da gastronomik bir \u015f\u00f6len sunuyor. Korfu&#8217;da yemek yemek, adan\u0131n k\u00fclt\u00fcrel miras\u0131n\u0131 ve s\u0131cak misafirperverli\u011fini hissetmenin en keyifli yollar\u0131ndan biri.<\/p>\n\n\n\n<h3 class=\"wp-block-heading\"><span class=\"ez-toc-section\" id=\"mutlaka_tadilmasi_gerekenler\"><\/span>Mutlaka Tad\u0131lmas\u0131 Gerekenler:<span class=\"ez-toc-section-end\"><\/span><\/h3>\n\n\n\n<ol class=\"wp-block-list\">\n<li><strong>Sofrito<\/strong>: \u0130nce dilimlenmi\u015f dana eti, beyaz \u015farap, sar\u0131msak ve maydanozla pi\u015firilen bu yemek, Korfu&#8217;nun en \u00fcnl\u00fc lezzetlerinden biri.<\/li>\n\n\n\n<li><strong>Pastitsada<\/strong>: Baharatl\u0131 domates sosunda pi\u015firilen et veya tavukla yap\u0131lan bu yemek, genellikle kal\u0131n makarna ile servis ediliyor.<\/li>\n\n\n\n<li><strong>Bourdeto<\/strong>: Baharatl\u0131 k\u0131rm\u0131z\u0131 sosla pi\u015firilen bal\u0131k yeme\u011fi, Korfu&#8217;nun deniz \u00fcr\u00fcnleri mutfa\u011f\u0131n\u0131n ba\u015f tac\u0131.<\/li>\n\n\n\n<li><strong>Stifado<\/strong>: So\u011fan, domates ve baharatlarla pi\u015firilen et g\u00fcveci, \u00f6zellikle k\u0131\u015f aylar\u0131nda \u00e7ok tercih ediliyor.<\/li>\n\n\n\n<li><strong>Kumquat Lik\u00f6r\u00fc<\/strong>: Korfu&#8217;nun sembolik meyvesi kumquattan yap\u0131lan bu tatl\u0131 lik\u00f6r, yemek sonras\u0131nda keyifle yudumlan\u0131yor.<\/li>\n<\/ol>\n\n\n\n<h3 class=\"wp-block-heading has-text-align-center has-neeon-button-dark-gray-color has-text-color has-link-color wp-elements-964768d07f3fcf05dc6f6f8e5d729365\"><span class=\"ez-toc-section\" id=\"korfuda_nerede_kalinir\"><\/span><strong>Korfu&#8217;da Nerede Kal\u0131n\u0131r?<\/strong><span class=\"ez-toc-section-end\"><\/span><\/h3>\n\n\n\n<p>Korfu Adas\u0131, farkl\u0131 b\u00fct\u00e7elere ve tatil beklentilerine uygun pek \u00e7ok konaklama se\u00e7ene\u011fi sunuyor. Adan\u0131n ba\u015fkenti olan Corfu Town, tarih\u00ee ve k\u00fclt\u00fcrel zenginliklere yak\u0131n olmay\u0131 tercih edenler i\u00e7in ideal bir konum. Bu b\u00f6lgede \u015firin butik otellerden l\u00fcks konaklama se\u00e7eneklerine kadar bir\u00e7ok alternatif bulunuyor. Plaj severler i\u00e7in Glyfada, Paleokastritsa ve Sidari gibi sahil b\u00f6lgeleri m\u00fckemmel se\u00e7enekler sunuyor. Ayr\u0131ca, daha sakin ve huzurlu bir tatil arayanlar i\u00e7in adan\u0131n i\u00e7 k\u0131s\u0131mlar\u0131ndaki geleneksel k\u00f6ylerde konaklamak da keyifli bir deneyim olabilir.<\/p>\n\n\n\n<h3 class=\"wp-block-heading\"><span class=\"ez-toc-section\" id=\"otel_onerileri\"><\/span>Otel \u00d6nerileri:<span class=\"ez-toc-section-end\"><\/span><\/h3>\n\n\n\n<ol class=\"wp-block-list\">\n<li><strong>Corfu Palace Hotel<\/strong>: Corfu Town&#8217;da yer alan bu be\u015f y\u0131ld\u0131zl\u0131 otel, l\u00fcks ve konforu bir arada sunuyor. Tarih\u00ee yerlere yak\u0131n konumuyla k\u00fclt\u00fcrel geziler i\u00e7in ideal.<\/li>\n\n\n\n<li><strong>Mayor La Grotta Verde Grand Resort<\/strong>: Agios Gordios&#8217;ta yer alan bu yeti\u015fkin oteli, muhte\u015fem deniz manzaras\u0131 ve geni\u015f plaj\u0131 ile romantik bir ka\u00e7amak arayanlar i\u00e7in m\u00fckemmel.<\/li>\n\n\n\n<li><strong>Akrotiri Beach Resort Hotel<\/strong>: Paleokastritsa&#8217;da yer alan bu otel, nefes kesen deniz manzaras\u0131 ve sundu\u011fu \u00e7e\u015fitli olanaklarla hem rahatlama hem de e\u011flenceyi bir arada sunuyor.<\/li>\n<\/ol>\n\n\n\n<h2 class=\"wp-block-heading has-text-align-center has-neeon-button-dark-gray-color has-text-color has-link-color wp-elements-4457499b5b18cbfb44d6051897800769\"><span class=\"ez-toc-section\" id=\"korfu_adasi_gezilecek_yerler\"><\/span><strong>Korfu Adas\u0131 Gezilecek Yerler<\/strong><span class=\"ez-toc-section-end\"><\/span><\/h2>\n\n\n\n<h3 class=\"wp-block-heading has-text-align-center has-neeon-button-dark-gray-color has-text-color has-link-color wp-elements-29cff2b7b023d4d494938795e65cf8ff\"><span class=\"ez-toc-section\" id=\"korfu_town\"><\/span><strong>Korfu Town<\/strong><span class=\"ez-toc-section-end\"><\/span><\/h3>\n\n\n\n<figure class=\"wp-block-image size-large\"><img decoding=\"async\" src=\"https:\/\/res.cloudinary.com\/turna\/image\/upload\/v1720531577\/wordpress-contents\/corfu_town.jpg\" alt=\"Korfu Town Corfu gezi rehberi\"\/><figcaption class=\"wp-element-caption\">Corfu Gezi Rehberi<\/figcaption><\/figure>\n\n\n\n<p>Venedik d\u00f6neminden bu yana ayakta kalmay\u0131 ba\u015faran yap\u0131lar\u0131,&nbsp;Arnavut kald\u0131r\u0131ml\u0131 etkileyici sokaklar\u0131yla adan\u0131n ba\u015fkenti konumunda bulunan&nbsp;<strong>Korfu Town<\/strong>, ayn\u0131 zamanda Korfu&#8217;nun en eski yerle\u015fim yeri. UNESCO D\u00fcnya Miras\u0131 Listesi&#8217;nde yer alan bu b\u00f6lge, masal sayfalar\u0131ndan f\u0131rlam\u0131\u015f gibi duruyor.<\/p>\n\n\n\n<p>Konum <strong><a href=\"https:\/\/maps.app.goo.gl\/nhvpMnyqEuaHQJzJA\" target=\"_blank\" rel=\"noreferrer noopener\">burada.<\/a><\/strong><\/p>\n\n\n\n<h3 class=\"wp-block-heading has-text-align-center has-neeon-button-dark-gray-color has-text-color has-link-color wp-elements-0b68a6f0b1f20d04928c53f39f2e4c15\"><span class=\"ez-toc-section\" id=\"achilleion\"><\/span><strong>Achilleion<\/strong><span class=\"ez-toc-section-end\"><\/span><\/h3>\n\n\n\n<figure class=\"wp-block-image size-large\"><img decoding=\"async\" src=\"https:\/\/res.cloudinary.com\/turna\/image\/upload\/v1720531578\/wordpress-contents\/Achilleion.jpg\" alt=\"Achilleion\"\/><\/figure>\n\n\n\n<p>Korfu&#8217;da mutlaka g\u00f6r\u00fclmesi gereken yerlerin ba\u015f\u0131nda Achilleion Saray\u0131 geliyor! Avusturya \u0130mparatori\u00e7esi Sisi taraf\u0131ndan 1890 y\u0131l\u0131nda in\u015fa ettirilen bu b\u00fcy\u00fcleyici saray, antik Yunan tanr\u0131lar\u0131n\u0131n ve kahramanlar\u0131n\u0131n heykelleriyle dolu. Saray\u0131n muhte\u015fem bah\u00e7elerinde dola\u015f\u0131rken, nefes kesen manzaralar e\u015fli\u011finde kendinizi adeta bir tarih sahnesinde bulacaks\u0131n\u0131z. \u0130mparatori\u00e7enin zarafetini yans\u0131tan detaylarla dolu i\u00e7 mekanlar\u0131 ke\u015ffetmek ve saray\u0131n efsanevi atmosferinde bir gezintiye \u00e7\u0131kmak, unutulmaz bir deneyim sunuyor. Achilleion Saray\u0131, Korfu&#8217;daki tatilinizin en b\u00fcy\u00fcleyici duraklar\u0131ndan biri olacak!<\/p>\n\n\n\n<p>Konum <strong><a href=\"https:\/\/maps.app.goo.gl\/8AVKzDkD1FCvAXXd8\" target=\"_blank\" rel=\"noreferrer noopener\">burada.<\/a><\/strong><\/p>\n\n\n\n<h3 class=\"wp-block-heading has-text-align-center has-neeon-button-dark-gray-color has-text-color has-link-color wp-elements-46a612fe344739d17e6cdeb947270396\"><span class=\"ez-toc-section\" id=\"angelokastro\"><\/span><strong>Angelokastro<\/strong><span class=\"ez-toc-section-end\"><\/span><\/h3>\n\n\n\n<figure class=\"wp-block-image size-large\"><img decoding=\"async\" src=\"https:\/\/res.cloudinary.com\/turna\/image\/upload\/v1720531577\/wordpress-contents\/angelokastro.jpg\" alt=\"Angelokastro\"\/><\/figure>\n\n\n\n<p>Korfu&#8217;nun kuzeybat\u0131s\u0131nda y\u00fckselen Angelokastro, adan\u0131n en b\u00fcy\u00fcleyici tarihi yap\u0131lar\u0131ndan biri! Bu Bizans kalesi, da\u011f\u0131n tepesinde konumlanm\u0131\u015f ve nefes kesen panoramik manzaralar sunuyor. Kaleye t\u0131rman\u0131rken, yol boyunca e\u015fsiz do\u011fal g\u00fczelliklerle kar\u015f\u0131la\u015facak ve her ad\u0131mda tarihin derinliklerine yolculuk yapacaks\u0131n\u0131z. Zirveye ula\u015ft\u0131\u011f\u0131n\u0131zda, masmavi \u0130yonya Denizi&#8217;nin ve Korfu&#8217;nun yemye\u015fil tepelerinin manzaras\u0131 sizi b\u00fcy\u00fcleyecek. Angelokastro, hem tarih merakl\u0131lar\u0131 hem de do\u011fa severler i\u00e7in unutulmaz bir durak!<\/p>\n\n\n\n<p>Konum <strong><a href=\"https:\/\/maps.app.goo.gl\/KxETcHyLH3nMn2Tx9\" target=\"_blank\" rel=\"noreferrer noopener\">burada.<\/a><\/strong><\/p>\n\n\n\n<h3 class=\"wp-block-heading has-text-align-center has-neeon-button-dark-gray-color has-text-color has-link-color wp-elements-72398c5ec552ab63efb56f4a1dadb6d5\"><span class=\"ez-toc-section\" id=\"korfu_kalesi\"><\/span><strong>Korfu Kalesi<\/strong><span class=\"ez-toc-section-end\"><\/span><\/h3>\n\n\n\n<figure class=\"wp-block-image size-large\"><img decoding=\"async\" src=\"https:\/\/res.cloudinary.com\/turna\/image\/upload\/v1720531578\/wordpress-contents\/korfu_kalesi.jpg\" alt=\"Korfu Kalesi\"\/><\/figure>\n\n\n\n<p>Venedik ve Bizans d\u00f6neminden kalma tarihi izler ta\u015f\u0131yan&nbsp;Korfu Kalesi, g\u00fcn\u00fcm\u00fczde askeri hastane ve m\u00fczik okulu haline d\u00f6n\u00fc\u015fm\u00fc\u015f. Korfu Town b\u00f6lgesinde yer alan bu tarihi yap\u0131n\u0131n i\u00e7erisinde 1840&#8217;l\u0131 y\u0131llarda in\u015fa edilen&nbsp;St. George Kilisesi de bulunuyor. Adaya gelen turistlerin en s\u0131k ziyaret etti\u011fi yerlerden olan bu yap\u0131da iki tane kule y\u00fckseliyor.<\/p>\n\n\n\n<p>Konum <strong><a href=\"https:\/\/maps.app.goo.gl\/ohM8XvnRHu6Mefkv9\" target=\"_blank\" rel=\"noreferrer noopener\">burada.<\/a><\/strong><\/p>\n\n\n\n<h3 class=\"wp-block-heading has-text-align-center has-neeon-button-dark-gray-color has-text-color has-link-color wp-elements-e8c0908354dcd96d3138fa8344ca5a41\"><span class=\"ez-toc-section\" id=\"corfu_museum_of_asian_art\"><\/span><strong>Corfu Museum Of Asian Art<\/strong><span class=\"ez-toc-section-end\"><\/span><\/h3>\n\n\n\n<p>Corfu gezi rehberi kapsam\u0131nda ke\u015ffetmeniz gereken en ilgin\u00e7 noktalardan biri de Corfu Museum Of Asian Art! Corfu Town&#8217;daki etkileyici Saint Michael ve Saint George Saray\u0131&#8217;nda yer alan bu m\u00fcze, Asya sanat\u0131n\u0131n b\u00fcy\u00fcleyici koleksiyonlar\u0131n\u0131 sergiliyor. Japonya&#8217;dan Hindistan&#8217;a, \u00c7in&#8217;den Nepal&#8217;e uzanan geni\u015f bir co\u011frafyan\u0131n sanatsal miras\u0131n\u0131 burada g\u00f6rebilirsiniz. Zarif heykeller, antik seramikler ve g\u00f6z al\u0131c\u0131 tekstil \u00fcr\u00fcnleri aras\u0131nda dola\u015f\u0131rken, adeta Asya&#8217;n\u0131n kalbine bir yolculuk yapacaks\u0131n\u0131z. Corfu&#8217;da b\u00f6ylesine zengin ve \u00e7e\u015fitli bir k\u00fclt\u00fcrel deneyim ya\u015fayarak gezinize benzersiz bir dokunu\u015f kat\u0131n!<\/p>\n\n\n\n<p>Konum <strong><a href=\"https:\/\/maps.app.goo.gl\/G4bwA5wpVBczE2W2A\" target=\"_blank\" rel=\"noreferrer noopener\">burada.<\/a><\/strong><\/p>\n\n\n\n<h3 class=\"wp-block-heading has-text-align-center has-neeon-button-dark-gray-color has-text-color has-link-color wp-elements-cd3b6b9bf81f25f32074d07d7ae886ab\"><span class=\"ez-toc-section\" id=\"old_perithia\"><\/span><strong>Old Perithia<\/strong><span class=\"ez-toc-section-end\"><\/span><\/h3>\n\n\n\n<p>Korfu&#8217;nun en gizemli ve b\u00fcy\u00fcleyici k\u00f6ylerinden biri olan Old Perithia, adan\u0131n do\u011fal g\u00fczellikleri ve tarihi dokusuyla sizi b\u00fcy\u00fcleyecek bir yolculu\u011fa davet ediyor. Adan\u0131n kuzeyindeki Pantokrator Da\u011f\u0131&#8217;n\u0131n eteklerinde yer alan bu k\u00f6y, ta\u015f yap\u0131lar\u0131, dar sokaklar\u0131 ve antik kal\u0131nt\u0131lar\u0131yla adeta bir a\u00e7\u0131k hava m\u00fczesini and\u0131r\u0131yor. Burada y\u00fcr\u00fcrken ge\u00e7mi\u015fin izlerini takip edecek, yerel ta\u015f evlerin aras\u0131nda dola\u015f\u0131rken eski zamanlar\u0131n atmosferini soluyacaks\u0131n\u0131z.<\/p>\n\n\n\n<p>Konum <strong><a href=\"https:\/\/maps.app.goo.gl\/ZAT3W6fUHVVB4KKD7\" target=\"_blank\" rel=\"noreferrer noopener\">burada.<\/a><\/strong><\/p>\n\n\n\n<h3 class=\"wp-block-heading has-text-align-center has-neeon-button-dark-gray-color has-text-color has-link-color wp-elements-3f93d93ea27788c6352b945d18ebf523\"><span class=\"ez-toc-section\" id=\"porto_timoni_plaji\"><\/span><strong>Porto Timoni Plaj\u0131<\/strong><span class=\"ez-toc-section-end\"><\/span><\/h3>\n\n\n\n<figure class=\"wp-block-image size-large\"><img decoding=\"async\" src=\"https:\/\/res.cloudinary.com\/turna\/image\/upload\/v1720531578\/wordpress-contents\/porto_timoni_plaj%C4%B1.jpg\" alt=\"Porto Timoni Plaj\u0131\"\/><figcaption class=\"wp-element-caption\">Corfu Gezi Rehberi<\/figcaption><\/figure>\n\n\n\n<p>Korfu&#8217;nun muhte\u015fem g\u00fczelliklerinden biri olan Porto Timoni Plaj\u0131, adan\u0131n kuzeybat\u0131s\u0131nda yer al\u0131yor ve \u00e7ift koydan olu\u015fuyor. Bu benzersiz plaj, kristal berrakl\u0131\u011f\u0131ndaki turkuaz sular\u0131 ve alt\u0131n kumlar\u0131yla adeta bir cennet k\u00f6\u015fesi. Plaja ula\u015fmak i\u00e7in k\u00fc\u00e7\u00fck bir y\u00fcr\u00fcy\u00fc\u015f yapman\u0131z gerek. Ancak buna fazlas\u0131yla de\u011fer zira yol boyunca do\u011fan\u0131n sundu\u011fu muhte\u015fem manzaralar sizi b\u00fcy\u00fcleyecek. Porto Timoni, sakin ve do\u011fal bir ortam arayanlar i\u00e7in m\u00fckemmel bir se\u00e7enek.<\/p>\n\n\n\n<p>Konum <strong><a href=\"https:\/\/maps.app.goo.gl\/aV8yeiHhoqZkLpG99\" target=\"_blank\" rel=\"noreferrer noopener\">burada.<\/a><\/strong><\/p>\n\n\n\n<h3 class=\"wp-block-heading has-text-align-center has-neeon-button-dark-gray-color has-text-color has-link-color wp-elements-4d421b24ff7d7b307fb95adbaf999367\"><span class=\"ez-toc-section\" id=\"agios_spiridon_plaji\"><\/span><strong>Agios Spiridon Plaj\u0131<\/strong><span class=\"ez-toc-section-end\"><\/span><\/h3>\n\n\n\n<p><strong>Korfu plajlar\u0131<\/strong> aras\u0131nda \u00f6ne \u00e7\u0131kan Agios Spiridon Plaj\u0131, sakin ve muhte\u015fem manzaral\u0131 bir kum plaj. Temizli\u011fi ve g\u00fcvenli\u011fi nedeniyle Mavi Bayrak \u00f6d\u00fcl\u00fc alm\u0131\u015f olan plaj\u0131 Antinioti Lag\u00fcn\u00fc&#8217;nden ay\u0131ran ince bir kum \u015feridi bulunuyor; bu sulak alan, benzersiz flora ve faunaya sahip. Plajda, \u015fezlonglar, \u015femsiyeler ve su sporlar\u0131 imkanlar\u0131 bulunuyor. Yak\u0131n\u0131nda birka\u00e7 tavernalar, mini marketler ve pansiyonlar da var. Plajdan \u00e7ok uzak olmayan bir mesafede, Agia Ekarterini Manast\u0131r\u0131&#8217;n\u0131 ke\u015ffedebilirsiniz.<\/p>\n\n\n\n<p>Konum <strong><a href=\"https:\/\/maps.app.goo.gl\/jmT1Fuzmj5xMoarS6\" target=\"_blank\" rel=\"noreferrer noopener\">burada.<\/a><\/strong><\/p>\n\n\n\n<h3 class=\"wp-block-heading has-text-align-center has-neeon-button-dark-gray-color has-text-color has-link-color wp-elements-f0b1be55e5f94247519f0d91de91667d\"><span class=\"ez-toc-section\" id=\"barbati_plaji\"><\/span><strong>Barbati Plaj\u0131<\/strong><span class=\"ez-toc-section-end\"><\/span><\/h3>\n\n\n\n<figure class=\"wp-block-image size-large\"><img decoding=\"async\" src=\"https:\/\/res.cloudinary.com\/turna\/image\/upload\/v1720531577\/wordpress-contents\/barbati_plaj%C4%B1.jpg\" alt=\"Barbati Plaj\u0131\"\/><\/figure>\n\n\n\n<p>Barbati Plaj\u0131, Korfu&#8217;nun do\u011fal g\u00fczelliklerle bezenmi\u015f incilerinden biri. Adan\u0131n kuzeydo\u011fusunda yer alan bu plaj, do\u011fal g\u00fczellikleriyle \u00f6ne \u00e7\u0131k\u0131yor; g\u00fcne\u015flenirken veya su sporlar\u0131 yaparken an\u0131n keyfini \u00e7\u0131karmak i\u00e7in m\u00fckemmel bir yer. Plaj boyunca beach barlar ve restoranlar bulunuyor. Buras\u0131 g\u00fcn bat\u0131m\u0131n\u0131 izlemek i\u00e7in de ideal bir nokta. Korfu planlar\u0131n\u0131za Barbati&#8217;yi mutlaka dahil edin.<\/p>\n\n\n\n<p>Konum <strong><a href=\"https:\/\/maps.app.goo.gl\/66Ms6UaKXdP3XGUZ7\" target=\"_blank\" rel=\"noreferrer noopener\">burada.<\/a><\/strong><\/p>\n\n    <div class=\"xs_social_share_widget xs_share_url after_content \t\tmain_content  wslu-style-1 wslu-share-box-shaped wslu-fill-colored wslu-none wslu-share-horizontal wslu-theme-font-no wslu-main_content\">\n\n\t\t\n        <ul>\n\t\t\t        <\/ul>\n    <\/div> \n","protected":false},"excerpt":{"rendered":"<p>Merhaba macera severler! Haz\u0131rsan\u0131z sizi Adriyatik&#8217;in mavi cenneti Corfu&#8217;ya g\u00f6t\u00fcr\u00fcyoruz! Corfu Gezi Rehberi i\u00e7eri\u011fimizle, bu b\u00fcy\u00fcleyici Yunan adas\u0131n\u0131 ke\u015ffederken kendinizi bir masal\u0131n i\u00e7inde bulacaks\u0131n\u0131z. Zeytin a\u011fa\u00e7lar\u0131n\u0131n g\u00f6lgesinde, kristal berrakl\u0131\u011f\u0131nda denizlerde y\u00fczerken, tarihi sokaklar\u0131nda kaybolurken her an\u0131 dolu dolu ya\u015fayacaks\u0131n\u0131z. Corfu&#8217;nun e\u015fsiz plajlar\u0131, zengin tarihi ve s\u0131cakkanl\u0131 insanlar\u0131yla tan\u0131\u015fmaya haz\u0131r m\u0131s\u0131n\u0131z? Haydi, valizlerinizi toplay\u0131n ve Adriyatik&#8217;in bu m\u00fccevherine do\u011fru yola \u00e7\u0131k\u0131n!<\/p>\n","protected":false},"author":34,"featured_media":22768,"comment_status":"closed","ping_status":"closed","sticky":false,"template":"","format":"standard","meta":{"rop_custom_images_group":[],"rop_custom_messages_group":[],"rop_publish_now":"initial","rop_publish_now_accounts":[],"rop_publish_now_history":[],"rop_publish_now_status":"pending","_cloudinary_featured_overwrite":false,"footnotes":""},"categories":[18],"tags":[1213,10],"class_list":["post-8605","post","type-post","status-publish","format-standard","has-post-thumbnail","hentry","category-yunanistan","tag-kerkyra","tag-yunanistan"],"_links":{"self":[{"href":"https:\/\/www.turna.com\/blog\/wp-json\/wp\/v2\/posts\/8605","targetHints":{"allow":["GET"]}}],"collection":[{"href":"https:\/\/www.turna.com\/blog\/wp-json\/wp\/v2\/posts"}],"about":[{"href":"https:\/\/www.turna.com\/blog\/wp-json\/wp\/v2\/types\/post"}],"author":[{"embeddable":true,"href":"https:\/\/www.turna.com\/blog\/wp-json\/wp\/v2\/users\/34"}],"replies":[{"embeddable":true,"href":"https:\/\/www.turna.com\/blog\/wp-json\/wp\/v2\/comments?post=8605"}],"version-history":[{"count":0,"href":"https:\/\/www.turna.com\/blog\/wp-json\/wp\/v2\/posts\/8605\/revisions"}],"wp:featuredmedia":[{"embeddable":true,"href":"https:\/\/www.turna.com\/blog\/wp-json\/wp\/v2\/media\/22768"}],"wp:attachment":[{"href":"https:\/\/www.turna.com\/blog\/wp-json\/wp\/v2\/media?parent=8605"}],"wp:term":[{"taxonomy":"category","embeddable":true,"href":"https:\/\/www.turna.com\/blog\/wp-json\/wp\/v2\/categories?post=8605"},{"taxonomy":"post_tag","embeddable":true,"href":"https:\/\/www.turna.com\/blog\/wp-json\/wp\/v2\/tags?post=8605"}],"curies":[{"name":"wp","href":"https:\/\/api.w.org\/{rel}","templated":true}]}}