{"id":8556,"date":"2017-09-09T13:31:50","date_gmt":"2017-09-09T10:31:50","guid":{"rendered":"https:\/\/www.turna.com\/blog\/?p=8556"},"modified":"2017-09-09T17:48:29","modified_gmt":"2017-09-09T14:48:29","slug":"minskte-gezilecek-yerler","status":"publish","type":"post","link":"https:\/\/www.turna.com\/blog\/minskte-gezilecek-yerler","title":{"rendered":"Minsk&#8217;de G\u00f6rmeniz Gereken 5 Yer"},"content":{"rendered":"<div id=\"ez-toc-container\" class=\"ez-toc-v2_0_82_2 counter-hierarchy ez-toc-counter ez-toc-black ez-toc-container-direction\">\n<div class=\"ez-toc-title-container\">\n<p class=\"ez-toc-title\" style=\"cursor:inherit\">\u0130\u00e7indekiler<\/p>\n<span class=\"ez-toc-title-toggle\"><a href=\"#\" class=\"ez-toc-pull-right ez-toc-btn ez-toc-btn-xs ez-toc-btn-default ez-toc-toggle\" aria-label=\"\u0130\u00e7indekiler Tablosunu A\u00e7\/Kapat\"><span class=\"ez-toc-js-icon-con\"><span class=\"\"><span class=\"eztoc-hide\" style=\"display:none;\">Toggle<\/span><span class=\"ez-toc-icon-toggle-span\"><svg style=\"fill: #ffffff;color:#ffffff\" xmlns=\"http:\/\/www.w3.org\/2000\/svg\" class=\"list-377408\" width=\"20px\" height=\"20px\" viewBox=\"0 0 24 24\" fill=\"none\"><path d=\"M6 6H4v2h2V6zm14 0H8v2h12V6zM4 11h2v2H4v-2zm16 0H8v2h12v-2zM4 16h2v2H4v-2zm16 0H8v2h12v-2z\" fill=\"currentColor\"><\/path><\/svg><svg style=\"fill: #ffffff;color:#ffffff\" class=\"arrow-unsorted-368013\" xmlns=\"http:\/\/www.w3.org\/2000\/svg\" width=\"10px\" height=\"10px\" viewBox=\"0 0 24 24\" version=\"1.2\" baseProfile=\"tiny\"><path d=\"M18.2 9.3l-6.2-6.3-6.2 6.3c-.2.2-.3.4-.3.7s.1.5.3.7c.2.2.4.3.7.3h11c.3 0 .5-.1.7-.3.2-.2.3-.5.3-.7s-.1-.5-.3-.7zM5.8 14.7l6.2 6.3 6.2-6.3c.2-.2.3-.5.3-.7s-.1-.5-.3-.7c-.2-.2-.4-.3-.7-.3h-11c-.3 0-.5.1-.7.3-.2.2-.3.5-.3.7s.1.5.3.7z\"\/><\/svg><\/span><\/span><\/span><\/a><\/span><\/div>\n<nav><ul class='ez-toc-list ez-toc-list-level-1 eztoc-toggle-hide-by-default' ><li class='ez-toc-page-1 ez-toc-heading-level-2'><a class=\"ez-toc-link ez-toc-heading-1\" href=\"https:\/\/www.turna.com\/blog\/minskte-gezilecek-yerler\/#minskde_gormeniz_gereken_5_yer\" >Minsk&#8217;de G\u00f6rmeniz Gereken 5 Yer<\/a><ul class='ez-toc-list-level-3' ><li class='ez-toc-heading-level-3'><a class=\"ez-toc-link ez-toc-heading-2\" href=\"https:\/\/www.turna.com\/blog\/minskte-gezilecek-yerler\/#1_aziz_simon_ve_helena_kilisesi\" >1. Aziz Simon ve Helena Kilisesi<\/a><\/li><li class='ez-toc-page-1 ez-toc-heading-level-3'><a class=\"ez-toc-link ez-toc-heading-3\" href=\"https:\/\/www.turna.com\/blog\/minskte-gezilecek-yerler\/#2_gozyasi_adasi\" >2. G\u00f6zya\u015f\u0131 Adas\u0131<\/a><\/li><li class='ez-toc-page-1 ez-toc-heading-level-3'><a class=\"ez-toc-link ez-toc-heading-4\" href=\"https:\/\/www.turna.com\/blog\/minskte-gezilecek-yerler\/#3_zafer_meydani\" >3. Zafer Meydan\u0131<\/a><\/li><li class='ez-toc-page-1 ez-toc-heading-level-3'><a class=\"ez-toc-link ez-toc-heading-5\" href=\"https:\/\/www.turna.com\/blog\/minskte-gezilecek-yerler\/#4_belarus_ulusal_sanat_muzesi\" >4. Belarus Ulusal Sanat M\u00fczesi<\/a><\/li><li class='ez-toc-page-1 ez-toc-heading-level-3'><a class=\"ez-toc-link ez-toc-heading-6\" href=\"https:\/\/www.turna.com\/blog\/minskte-gezilecek-yerler\/#5_kutsal_ruh_katedrali\" >5. Kutsal Ruh Katedrali<\/a><\/li><\/ul><\/li><\/ul><\/nav><\/div>\n<p>Avrupa&#8217;n\u0131n sanat ve k\u00fclt\u00fcr ba\u015fkentleri aras\u0131nda bulunan <strong>Minsk<\/strong>, birbirinden e\u015fsiz koleksiyonlar\u0131n sergilendi\u011fi sanat galerileri, m\u00fczeleri ve k\u00fct\u00fcphaneleriyle konuklar\u0131na sanatla i\u00e7 i\u00e7e bir seyahat f\u0131rsat\u0131 sunuyor. Trafik karma\u015fas\u0131ndan, g\u00fcr\u00fclt\u00fcden ve stresten uzak keyifli bir tatil yapmak isteyenleri cezbeden bu \u015fehirde, kendinizi do\u011fan\u0131n ve sanat\u0131n kollar\u0131na b\u0131rak\u0131n.\u00a0Parklar\u0131, do\u011fal g\u00fczellikleri, k\u00fclt\u00fcrel dokusu, gece hayat\u0131 ve sanatsal etkinlikleriyle kendine hayran b\u0131rakan bu \u015fehir,\u00a0<a href=\"https:\/\/www.turna.com\/blog\/ulkeler\/avrupa\/belarus\" target=\"_blank\" rel=\"noopener\">Belarus<\/a> (Beyaz Rusya)&#8217;un ve Ba\u011f\u0131ms\u0131z Devletler Toplulu\u011fu\u2019nun ba\u015fkenti unvan\u0131na da sahip.<\/p>\n<h2><span class=\"ez-toc-section\" id=\"minskde_gormeniz_gereken_5_yer\"><\/span><strong>Minsk&#8217;de G\u00f6rmeniz Gereken 5 Yer<\/strong><span class=\"ez-toc-section-end\"><\/span><\/h2>\n<h3><span class=\"ez-toc-section\" id=\"1_aziz_simon_ve_helena_kilisesi\"><\/span><strong>1. Aziz Simon ve Helena Kilisesi<\/strong><span class=\"ez-toc-section-end\"><\/span><\/h3>\n<p><img width=\"800\" height=\"500\" data-public-id=\"St-Simon-Katedrali_drrf0c\/St-Simon-Katedrali_drrf0c.jpg\" fetchpriority=\"high\" decoding=\"async\" class=\"alignnone wp-post-8556 wp-image-9529\" src=\"https:\/\/res.cloudinary.com\/turna\/images\/w_800,h_500,c_scale\/f_auto,q_auto:low\/v1504968306\/St-Simon-Katedrali_drrf0c\/St-Simon-Katedrali_drrf0c.jpg?_i=AA\" data-format=\"jpg\" data-transformations=\"f_auto,q_auto:low\" data-version=\"1504968306\" data-seo=\"1\" \/><\/p>\n<p>Yap\u0131m\u0131nda kullan\u0131lan k\u0131rm\u0131z\u0131 renkli tu\u011flalar nedeniyle K\u0131rm\u0131z\u0131 Tu\u011fla Kilisesi olarak da bilinen\u00a0<strong>Aziz Simon ve Helena Kilisesi<\/strong>,\u00a01905-1910\u00a0y\u0131llar\u0131 aras\u0131nda in\u015fa edildi.\u00a0Sava\u015f d\u00f6neminde k\u00fclt\u00fcrel faaliyetler i\u00e7in kullan\u0131lan bu ibadethane, kilisenin yap\u0131m\u0131na maddi destekte bulunan\u00a0Edward Woynillowicz&#8217;in hayat\u0131n\u0131 kaybeden iki \u00e7ocu\u011funun ad\u0131n\u0131 ta\u015f\u0131yor.<\/p>\n<h3><span class=\"ez-toc-section\" id=\"2_gozyasi_adasi\"><\/span><strong>2. G\u00f6zya\u015f\u0131 Adas\u0131<\/strong><span class=\"ez-toc-section-end\"><\/span><\/h3>\n<p>Svislac Nehri \u00fczerinde yer alan yapay bir ada olan\u00a0<strong>G\u00f6zya\u015f\u0131 Adas\u0131\u00a0(Island of Tears)<\/strong>, bir k\u00f6pr\u00fc arac\u0131l\u0131\u011f\u0131yla \u015fehrin tarihi b\u00f6lgesi olarak \u00fcnlenen\u00a0Trinity B\u00f6lgesi\u2019ne ba\u011flan\u0131yor. Bu adada yer alan ve\u00a0<strong>1979-1988<\/strong>\u00a0y\u0131llar\u0131 aras\u0131nda Afganistan&#8217;da hayat\u0131n\u0131 kaybeden askerler an\u0131s\u0131na in\u015fa edilen \u015fapel ise adan\u0131n en \u00e7ok ziyaret edilen yerlerinden.<\/p>\n<h3><span class=\"ez-toc-section\" id=\"3_zafer_meydani\"><\/span><strong>3. Zafer Meydan\u0131<\/strong><span class=\"ez-toc-section-end\"><\/span><\/h3>\n<p><img width=\"800\" height=\"500\" data-public-id=\"Victory-Square-Minsk_uugdnv\/Victory-Square-Minsk_uugdnv.jpg\" decoding=\"async\" class=\"alignnone wp-post-8556 wp-image-9530\" src=\"https:\/\/res.cloudinary.com\/turna\/images\/w_800,h_500,c_scale\/f_auto,q_auto:low\/v1504968378\/Victory-Square-Minsk_uugdnv\/Victory-Square-Minsk_uugdnv.jpg?_i=AA\" data-format=\"jpg\" data-transformations=\"f_auto,q_auto:low\" data-version=\"1504968378\" data-seo=\"1\" \/><\/p>\n<p>Ba\u011f\u0131ms\u0131zl\u0131k Bulvar\u0131 ile Zakharau Caddesi\u2019nin kesi\u015fim noktas\u0131nda konumlanan\u00a0<strong>Zafer Meydan\u0131\u00a0(Victory Square)<\/strong>, \u015fehrin en kalabal\u0131k ve hareketli noktalar\u0131ndan. Ortas\u0131nda Sovyet d\u00f6neminde ordunun verdi\u011fi\u00a0Zafer Ni\u015fan\u0131\u2019n\u0131n bir kopyas\u0131 yer alan bu meydan, \u015fehrin sembol yerlerinden biri.<\/p>\n<h3><span class=\"ez-toc-section\" id=\"4_belarus_ulusal_sanat_muzesi\"><\/span><strong>4. Belarus Ulusal Sanat M\u00fczesi<\/strong><span class=\"ez-toc-section-end\"><\/span><\/h3>\n<p>\u0130\u00e7inde 30 binden fazla eser, 6 farkl\u0131 koleksiyonun yan\u0131 s\u0131ra sanal sergiler ve \u00e7e\u015fitli k\u00fclt\u00fcr sanat etkinlikleri d\u00fczenlenen\u00a0<strong>Belarus Ulusal Sanat M\u00fczesi\u00a0(National Art Museum of the Republic of Belarus)<\/strong>, 1939 y\u0131l\u0131ndan bu yana a\u00e7\u0131k. Uzun y\u0131llar sanat galerisi olarak kullan\u0131lan 1957 y\u0131l\u0131ndan bu yana da m\u00fcze stat\u00fcs\u00fcne kavu\u015fan bu mekan, Lenin Caddesi \u00fczerinde yer al\u0131yor.<\/p>\n<h3><span class=\"ez-toc-section\" id=\"5_kutsal_ruh_katedrali\"><\/span><strong>5. Kutsal Ruh Katedrali<\/strong><span class=\"ez-toc-section-end\"><\/span><\/h3>\n<p><img width=\"800\" height=\"500\" data-public-id=\"Holy-Spirit-Cathedral-Minsk_iweir5\/Holy-Spirit-Cathedral-Minsk_iweir5.jpg\" decoding=\"async\" class=\"alignnone wp-post-8556 wp-image-9531\" src=\"https:\/\/res.cloudinary.com\/turna\/images\/w_800,h_500,c_scale\/f_auto,q_auto:low\/v1504968490\/Holy-Spirit-Cathedral-Minsk_iweir5\/Holy-Spirit-Cathedral-Minsk_iweir5.jpg?_i=AA\" data-format=\"jpg\" data-transformations=\"f_auto,q_auto:low\" data-version=\"1504968490\" data-seo=\"1\" \/>Barok tarz\u0131 muhte\u015fem mimarisiyle g\u00f6renleri kendine hayran b\u0131rakan\u00a0<strong>Kutsal Ruh Katedrali<\/strong>\u00a0(Holy Spirit Cathedral), 1633 ve 1642\u00a0y\u0131llar\u0131 aras\u0131nda in\u015fa edildi.\u00a0Baroernadine rahipleri i\u00e7in yapt\u0131r\u0131lan bu katedral, bir yang\u0131n sonucunda hasar g\u00f6r\u00fcnce, Bol\u015fevik d\u00f6nemine dek kapal\u0131 kalm\u0131\u015f ama g\u00fcn\u00fcm\u00fczde restore edilerek yeniden ziyarete a\u00e7\u0131ld\u0131.<\/p>\n<p>Zengin k\u00fclt\u00fcrel dokusu, sanata y\u00f6n veren k\u00f6kl\u00fc yap\u0131s\u0131 ve enfes do\u011fas\u0131n\u0131n yan\u0131 s\u0131ra samimi ve misafirperver insanlar\u0131yla da cezbedici bir imaj olu\u015fturan bu \u015fehri mutlaka ke\u015ffetmelisiniz. <a href=\"https:\/\/www.turna.com\/ucak-bileti\/minsk\" target=\"_blank\" rel=\"noopener\">Minsk u\u00e7ak bileti<\/a> kampanyalar\u0131na g\u00f6z atarak bu \u015fehri ve birbirinden g\u00fczel turistik noktalar\u0131n\u0131 g\u00f6rme \u015fans\u0131n\u0131 yakalay\u0131n.<\/p>\n\n    <div class=\"xs_social_share_widget xs_share_url after_content \t\tmain_content  wslu-style-1 wslu-share-box-shaped wslu-fill-colored wslu-none wslu-share-horizontal wslu-theme-font-no wslu-main_content\">\n\n\t\t\n        <ul>\n\t\t\t        <\/ul>\n    <\/div> \n","protected":false},"excerpt":{"rendered":"<p>Avrupa&#8217;n\u0131n sanat ve k\u00fclt\u00fcr ba\u015fkentleri aras\u0131nda bulunan Minsk, birbirinden e\u015fsiz koleksiyonlar\u0131n sergilendi\u011fi sanat galerileri, m\u00fczeleri ve k\u00fct\u00fcphaneleriyle konuklar\u0131na sanatla i\u00e7 i\u00e7e bir seyahat f\u0131rsat\u0131 sunuyor. Trafik karma\u015fas\u0131ndan, g\u00fcr\u00fclt\u00fcden ve stresten uzak keyifli bir tatil yapmak isteyenleri cezbeden bu \u015fehirde, kendinizi do\u011fan\u0131n ve sanat\u0131n kollar\u0131na b\u0131rak\u0131n.\u00a0Parklar\u0131, do\u011fal g\u00fczellikleri, k\u00fclt\u00fcrel dokusu, gece hayat\u0131 ve sanatsal etkinlikleriyle kendine [&hellip;]<\/p>\n","protected":false},"author":14,"featured_media":9530,"comment_status":"open","ping_status":"open","sticky":false,"template":"","format":"standard","meta":{"rop_custom_images_group":[],"rop_custom_messages_group":[],"rop_publish_now":"initial","rop_publish_now_accounts":[],"rop_publish_now_history":[],"rop_publish_now_status":"pending","_cloudinary_featured_overwrite":false,"footnotes":""},"categories":[1246],"tags":[1228],"class_list":["post-8556","post","type-post","status-publish","format-standard","has-post-thumbnail","hentry","category-belarus","tag-minsk"],"_links":{"self":[{"href":"https:\/\/www.turna.com\/blog\/wp-json\/wp\/v2\/posts\/8556","targetHints":{"allow":["GET"]}}],"collection":[{"href":"https:\/\/www.turna.com\/blog\/wp-json\/wp\/v2\/posts"}],"about":[{"href":"https:\/\/www.turna.com\/blog\/wp-json\/wp\/v2\/types\/post"}],"author":[{"embeddable":true,"href":"https:\/\/www.turna.com\/blog\/wp-json\/wp\/v2\/users\/14"}],"replies":[{"embeddable":true,"href":"https:\/\/www.turna.com\/blog\/wp-json\/wp\/v2\/comments?post=8556"}],"version-history":[{"count":0,"href":"https:\/\/www.turna.com\/blog\/wp-json\/wp\/v2\/posts\/8556\/revisions"}],"wp:featuredmedia":[{"embeddable":true,"href":"https:\/\/www.turna.com\/blog\/wp-json\/wp\/v2\/media\/9530"}],"wp:attachment":[{"href":"https:\/\/www.turna.com\/blog\/wp-json\/wp\/v2\/media?parent=8556"}],"wp:term":[{"taxonomy":"category","embeddable":true,"href":"https:\/\/www.turna.com\/blog\/wp-json\/wp\/v2\/categories?post=8556"},{"taxonomy":"post_tag","embeddable":true,"href":"https:\/\/www.turna.com\/blog\/wp-json\/wp\/v2\/tags?post=8556"}],"curies":[{"name":"wp","href":"https:\/\/api.w.org\/{rel}","templated":true}]}}