{"id":8550,"date":"2021-03-29T08:38:00","date_gmt":"2021-03-29T05:38:00","guid":{"rendered":"https:\/\/www.turna.com\/blog\/?p=8550"},"modified":"2025-12-11T09:27:13","modified_gmt":"2025-12-11T06:27:13","slug":"annecy-gezilecek-yerler-fransa","status":"publish","type":"post","link":"https:\/\/www.turna.com\/blog\/annecy-gezilecek-yerler-fransa","title":{"rendered":"Annecy Gezilecek Yerler"},"content":{"rendered":"<div id=\"ez-toc-container\" class=\"ez-toc-v2_0_82_2 counter-hierarchy ez-toc-counter ez-toc-black ez-toc-container-direction\">\n<div class=\"ez-toc-title-container\">\n<p class=\"ez-toc-title\" style=\"cursor:inherit\">\u0130\u00e7indekiler<\/p>\n<span class=\"ez-toc-title-toggle\"><a href=\"#\" class=\"ez-toc-pull-right ez-toc-btn ez-toc-btn-xs ez-toc-btn-default ez-toc-toggle\" aria-label=\"\u0130\u00e7indekiler Tablosunu A\u00e7\/Kapat\"><span class=\"ez-toc-js-icon-con\"><span class=\"\"><span class=\"eztoc-hide\" style=\"display:none;\">Toggle<\/span><span class=\"ez-toc-icon-toggle-span\"><svg style=\"fill: #ffffff;color:#ffffff\" xmlns=\"http:\/\/www.w3.org\/2000\/svg\" class=\"list-377408\" width=\"20px\" height=\"20px\" viewBox=\"0 0 24 24\" fill=\"none\"><path d=\"M6 6H4v2h2V6zm14 0H8v2h12V6zM4 11h2v2H4v-2zm16 0H8v2h12v-2zM4 16h2v2H4v-2zm16 0H8v2h12v-2z\" fill=\"currentColor\"><\/path><\/svg><svg style=\"fill: #ffffff;color:#ffffff\" class=\"arrow-unsorted-368013\" xmlns=\"http:\/\/www.w3.org\/2000\/svg\" width=\"10px\" height=\"10px\" viewBox=\"0 0 24 24\" version=\"1.2\" baseProfile=\"tiny\"><path d=\"M18.2 9.3l-6.2-6.3-6.2 6.3c-.2.2-.3.4-.3.7s.1.5.3.7c.2.2.4.3.7.3h11c.3 0 .5-.1.7-.3.2-.2.3-.5.3-.7s-.1-.5-.3-.7zM5.8 14.7l6.2 6.3 6.2-6.3c.2-.2.3-.5.3-.7s-.1-.5-.3-.7c-.2-.2-.4-.3-.7-.3h-11c-.3 0-.5.1-.7.3-.2.2-.3.5-.3.7s.1.5.3.7z\"\/><\/svg><\/span><\/span><\/span><\/a><\/span><\/div>\n<nav><ul class='ez-toc-list ez-toc-list-level-1 eztoc-toggle-hide-by-default' ><li class='ez-toc-page-1 ez-toc-heading-level-2'><a class=\"ez-toc-link ez-toc-heading-1\" href=\"https:\/\/www.turna.com\/blog\/annecy-gezilecek-yerler-fransa\/#annecy_gezilecek_yerler\" >Annecy Gezilecek Yerler<\/a><ul class='ez-toc-list-level-3' ><li class='ez-toc-heading-level-3'><a class=\"ez-toc-link ez-toc-heading-2\" href=\"https:\/\/www.turna.com\/blog\/annecy-gezilecek-yerler-fransa\/#1_annecy_golu\" >1. Annecy G\u00f6l\u00fc<\/a><\/li><li class='ez-toc-page-1 ez-toc-heading-level-3'><a class=\"ez-toc-link ez-toc-heading-3\" href=\"https:\/\/www.turna.com\/blog\/annecy-gezilecek-yerler-fransa\/#2_annecy_tarih_muzesi\" >2. Annecy Tarih M\u00fczesi<\/a><\/li><li class='ez-toc-page-1 ez-toc-heading-level-3'><a class=\"ez-toc-link ez-toc-heading-4\" href=\"https:\/\/www.turna.com\/blog\/annecy-gezilecek-yerler-fransa\/#3_thiou_koprusu\" >3. Thiou K\u00f6pr\u00fcs\u00fc<\/a><\/li><li class='ez-toc-page-1 ez-toc-heading-level-3'><a class=\"ez-toc-link ez-toc-heading-5\" href=\"https:\/\/www.turna.com\/blog\/annecy-gezilecek-yerler-fransa\/#4_asiklar_koprusu\" >4. A\u015f\u0131klar K\u00f6pr\u00fcs\u00fc<\/a><\/li><li class='ez-toc-page-1 ez-toc-heading-level-3'><a class=\"ez-toc-link ez-toc-heading-6\" href=\"https:\/\/www.turna.com\/blog\/annecy-gezilecek-yerler-fransa\/#5_old_annecy\" >5. Old Annecy<\/a><\/li><li class='ez-toc-page-1 ez-toc-heading-level-3'><a class=\"ez-toc-link ez-toc-heading-7\" href=\"https:\/\/www.turna.com\/blog\/annecy-gezilecek-yerler-fransa\/#annecye_nasil_gidilir\" >Annecy&#8217;e nas\u0131l gidilir<\/a><\/li><\/ul><\/li><\/ul><\/nav><\/div>\n\n<p><strong>Annecy<\/strong>, Fransa\u2019n\u0131n G\u00fcney do\u011fusunda \u0130svi\u00e7re s\u0131n\u0131r\u0131na \u00e7ok yak\u0131n k\u00fc\u00e7\u00fck ve \u015firin bir tatil merkezi. Fransa&#8217;n\u0131n Lyon veya \u0130svi\u00e7re&#8217;nin Cenevre kasabalar\u0131na yolunuz d\u00fc\u015ferse, Annecy listenizde mutlaka yer almal\u0131. \u0130\u00e7inden ge\u00e7en kanallar nedeniyle <a href=\"https:\/\/www.turna.com\/blog\/ulkeler\/avrupa\/fransa\" target=\"_blank\" rel=\"noreferrer noopener\"><strong>Fransa<\/strong><\/a>\u2019n\u0131n Venedik&#8217;i olarak da an\u0131lan Annecy, \u00fclkenin \u0130svi\u00e7re s\u0131n\u0131r\u0131 yak\u0131nlar\u0131nda Annecy G\u00f6l\u00fc\u2019n\u00fcn ise kuzey ucunda kurulu. <\/p>\n\n\n\n<p>Romantik atmosferiyle balay\u0131 \u00e7iftleri i\u00e7in de olduk\u00e7a ideal bir seyahat rotas\u0131. Alp da\u011flar\u0131n\u0131n muazzam manzaras\u0131na kar\u015f\u0131 ho\u015f zamanlar ge\u00e7irebilece\u011finiz bu \u015fehir, k\u0131\u015f aylar\u0131nda kayak severlerin u\u011frak adresi haline geliyor.<\/p>\n\n\n\n<figure class=\"wp-block-image size-large\"><img width=\"800\" height=\"500\" data-public-id=\"annecy-gezilecek-yerler\/annecy-gezilecek-yerler.jpg\" fetchpriority=\"high\" decoding=\"async\" src=\"https:\/\/res.cloudinary.com\/turna\/images\/w_800,h_500,c_scale\/f_auto,q_auto:low\/v1616918088\/annecy-gezilecek-yerler\/annecy-gezilecek-yerler.jpg?_i=AA\" alt=\"annecy gezilecek yerler\" class=\"wp-post-8550 wp-image-18780\" data-format=\"jpg\" data-transformations=\"f_auto,q_auto:low\" data-version=\"1616918088\" data-seo=\"1\" srcset=\"https:\/\/res.cloudinary.com\/turna\/images\/f_auto,q_auto:low\/v1616918088\/annecy-gezilecek-yerler\/annecy-gezilecek-yerler.jpg?_i=AA 800w, https:\/\/res.cloudinary.com\/turna\/images\/w_300,h_188,c_scale\/f_auto,q_auto:low\/v1616918088\/annecy-gezilecek-yerler\/annecy-gezilecek-yerler.jpg?_i=AA 300w, https:\/\/res.cloudinary.com\/turna\/images\/w_672,h_420,c_scale\/f_auto,q_auto:low\/v1616918088\/annecy-gezilecek-yerler\/annecy-gezilecek-yerler.jpg?_i=AA 672w, https:\/\/res.cloudinary.com\/turna\/images\/w_640,h_400,c_scale\/f_auto,q_auto:low\/v1616918088\/annecy-gezilecek-yerler\/annecy-gezilecek-yerler.jpg?_i=AA 640w, https:\/\/res.cloudinary.com\/turna\/images\/w_681,h_426,c_scale\/f_auto,q_auto:low\/v1616918088\/annecy-gezilecek-yerler\/annecy-gezilecek-yerler.jpg?_i=AA 681w\" sizes=\"(max-width: 800px) 100vw, 800px\" \/><\/figure>\n\n\n\n<p>\u015eehir Avrupa\u2019n\u0131n en temiz g\u00f6l\u00fcn\u00fcn yan\u0131nda kurulmu\u015f ve \u015fehrin i\u00e7inden kanallar ge\u00e7iyor. Kanallar\u0131n \u00fczerine kurulmu\u015f tarihi ve g\u00fczel k\u00f6pr\u00fcleri, g\u00f6l\u00fcn kar\u015f\u0131 k\u0131y\u0131s\u0131nda bulunan Alp da\u011flar\u0131n\u0131n e\u015fsiz manzaras\u0131, eski \u015fehrin bozulmam\u0131\u015f tarihi dokusu bu \u015fehri g\u00fczelle\u015ftiriyor. \u015eehir k\u0131\u015f\u0131n kayak\u00e7\u0131lar\u0131n, yaz\u0131n su sporlar\u0131 yapan tatilcilerin favori mekanlar\u0131 aras\u0131nda yer al\u0131yor.<\/p>\n\n\n\n<p><a href=\"https:\/\/www.turna.com\/blog\/ulkeler\/avrupa\/fransa\" target=\"_blank\" rel=\"noreferrer noopener\"><strong>Fransa<\/strong><\/a>\u2019n\u0131n Savoie b\u00f6lgesinde, Alplerin g\u00f6rkemi aras\u0131nda minik bir g\u00f6l kenar\u0131nda kurulu, b\u00fcy\u00fcleyici bir yer olan <strong>Anncy<\/strong>, sevimli ve huzur dolu bir g\u00fcney Fransa kasabas\u0131. <\/p>\n\n\n\n<p>Romantik atmosferiyle r\u00fcya gibi, minicik bir \u015fehir olan Anncy\u2019nin, uzun kadife perdeli, y\u00fcksek duvarl\u0131 eski restoranlar\u0131, gole bakan zevkli d\u00f6\u015fenmi\u015f ufak odal\u0131 otelleri, enfes lezzetteki bal\u0131klar\u0131 ve sanki o yapraklara ilk siz bas\u0131yormu\u015fsunuz izlenimi veren harika patikalar\u0131 bulunuyor.<\/p>\n\n\n\n<h2 class=\"wp-block-heading has-text-align-center\"><span class=\"ez-toc-section\" id=\"annecy_gezilecek_yerler\"><\/span><strong>Annecy Gezilecek Yerler<\/strong><span class=\"ez-toc-section-end\"><\/span><\/h2>\n\n\n\n<p>Tam bir kartpostal kasabas\u0131 olan, g\u00f6l\u00fc, Alp zirveleri ve her k\u00f6\u015fesiyle huzurlu Annecy, kalabal\u0131ktan, g\u00fcr\u00fclt\u00fcden, aceleden, kirli sokaklardan, karma\u015fadan uzak e\u015fsiz bir yerle\u015fim. <\/p>\n\n\n\n<p>Kasaban\u0131n eski yerle\u015fim b\u00f6lgesi sokak sokak gezilecek kadar g\u00fczel. Nehrin \u00fczerinden ge\u00e7ti\u011finiz romantik k\u00f6pr\u00fcler, Orta \u00c7a\u011f \u015fatolar\u0131, Arnavut kald\u0131r\u0131ml\u0131 darac\u0131k ve renkli ba\u015fka sokaklar, \u015farap, \u00e7ay, peynir satan minik minik d\u00fckkanlarla bamba\u015fka ambiyansa sahip bir b\u00f6lge.<\/p>\n\n\n\n<h3 class=\"wp-block-heading has-text-align-center\"><span class=\"ez-toc-section\" id=\"1_annecy_golu\"><\/span><strong>1. Annecy G\u00f6l\u00fc<\/strong><span class=\"ez-toc-section-end\"><\/span><\/h3>\n\n\n\n<figure class=\"wp-block-image\"><img width=\"800\" height=\"500\" data-public-id=\"Annecy-Golu_mcsfqb\/Annecy-Golu_mcsfqb.jpg\" decoding=\"async\" src=\"https:\/\/res.cloudinary.com\/turna\/images\/w_800,h_500,c_scale\/f_auto,q_auto:low\/v1503091933\/Annecy-Golu_mcsfqb\/Annecy-Golu_mcsfqb.jpg?_i=AA\" alt=\"\" class=\"wp-post-8550 wp-image-9293\" data-format=\"jpg\" data-transformations=\"f_auto,q_auto:low\" data-version=\"1503091933\" data-seo=\"1\" srcset=\"https:\/\/res.cloudinary.com\/turna\/images\/f_auto,q_auto:low\/v1503091933\/Annecy-Golu_mcsfqb\/Annecy-Golu_mcsfqb.jpg?_i=AA 800w, https:\/\/res.cloudinary.com\/turna\/images\/w_300,h_188,c_scale\/f_auto,q_auto:low\/v1503091933\/Annecy-Golu_mcsfqb\/Annecy-Golu_mcsfqb.jpg?_i=AA 300w, https:\/\/res.cloudinary.com\/turna\/images\/w_672,h_420,c_scale\/f_auto,q_auto:low\/v1503091933\/Annecy-Golu_mcsfqb\/Annecy-Golu_mcsfqb.jpg?_i=AA 672w, https:\/\/res.cloudinary.com\/turna\/images\/w_640,h_400,c_scale\/f_auto,q_auto:low\/v1503091933\/Annecy-Golu_mcsfqb\/Annecy-Golu_mcsfqb.jpg?_i=AA 640w, https:\/\/res.cloudinary.com\/turna\/images\/w_681,h_426,c_scale\/f_auto,q_auto:low\/v1503091933\/Annecy-Golu_mcsfqb\/Annecy-Golu_mcsfqb.jpg?_i=AA 681w\" sizes=\"(max-width: 800px) 100vw, 800px\" \/><\/figure>\n\n\n\n<p><strong>Annecy G\u00f6l\u00fc<\/strong>, hem manzaras\u0131 hem de temiz havas\u0131yla g\u00f6renleri kendine hayran b\u0131rakan bir g\u00fczelli\u011fe sahip. Avrupa&#8217;n\u0131n en temiz g\u00f6l\u00fc olarak biliniyor. Berrakl\u0131\u011f\u0131yla i\u00e7me suyu kadar temiz bir g\u00f6r\u00fcn\u00fcm olu\u015fturan bu harika g\u00f6l \u00e7evresinde, sevdi\u011finizle el ele dola\u015f\u0131p manzaran\u0131n tad\u0131n\u0131 \u00e7\u0131karabilirsiniz.<\/p>\n\n\n\n<p>Anncy\u2019nin ortas\u0131ndan&nbsp;ge\u00e7en kanalla ikiye ayr\u0131lan ve pek \u00e7ok yerinde k\u00f6pr\u00fclerle ba\u011flanan ana caddesi, Monmartre\u2019yi and\u0131ran ressamlar, el i\u015fi \u00fcr\u00fcnleri satanlar ve akordeon \u00e7alanlarla dolu.<\/p>\n\n\n\n<p>Annecy G\u00f6l\u00fc&#8217;n\u00fcn kenar\u0131nda ise y\u00fcr\u00fcy\u00fc\u015f yapan, paten kayan, skateboard yapan, bisiklet s\u00fcren ya da sadece g\u00fcne\u015flenen insanlar\u0131 g\u00f6rmek m\u00fcmk\u00fcn. Di\u011fer yandan deniz bisikletiyle g\u00f6l\u00fcn \u00e7evresini dola\u015fabilirsiniz.<\/p>\n\n\n\n<p>Annecy G\u00f6l\u00fc&#8217;n\u00fcn bir taraf\u0131nda Alp Da\u011flar\u0131, di\u011fer yan\u0131nda tarihi Annecy \u015fehri bulunuyor. Ayr\u0131ca deniz bisikletleri ya da g\u00f6l \u00e7evresini gezdiren tekne turlar\u0131na kat\u0131l\u0131p bu g\u00fczelli\u011fi daha yak\u0131ndan ke\u015ffetme f\u0131rsat\u0131 da yakalayabilirsiniz.<\/p>\n\n\n\n<p>Tekne turu yapabilece\u011finiz bir \u00e7ok \u015firket bulunuyor. \u00c7e\u015fitli rotalar ve fiyatlar mevcut. G\u00f6lde ayr\u0131ca yelken kul\u00fcpleri de bulunuyor. Deniz bisikleti kiralayarak gezmek de m\u00fcmk\u00fcn.<\/p>\n\n\n\n<p><strong>Bateaux To\u00e9<\/strong>: May\u0131s \u2013 Eyl\u00fcl aylar\u0131 aras\u0131nda hizmet veriyor. Ah\u015fap antika g\u00f6r\u00fcn\u00fcml\u00fc tekneleri ile g\u00f6lde gezmenin keyifli bir gezinti yapabilirsiniz. \u0130leti\u015fim: &#8220;Pont des Amours&#8221; \u2013 A\u015f\u0131klar K\u00f6pr\u00fcs\u00fc yak\u0131n\u0131nda duraklar\u0131 bulunuyor.<\/p>\n\n\n\n<p><strong>Bateaux Dupraz<\/strong>: Mart- Kas\u0131m aylar\u0131 aras\u0131nda tekne turlar\u0131 d\u00fczenliyor.<\/p>\n\n\n\n<p><strong>Lake Safari<\/strong>: Temmuz \u2013 A\u011fustos aylar\u0131 aras\u0131nda d\u00fczenlenen turlara kat\u0131labilirsiniz. Konaklad\u0131\u011f\u0131n\u0131z yerden sizi alma hizmeti de var.<\/p>\n\n\n\n<p><strong>Compagnie des Bateaux du lac d&#8217;Annecy<\/strong>: Yemekli g\u00f6l turlar\u0131 d\u00fczenliyor.<\/p>\n\n\n\n<p><strong>Annecy G\u00f6l\u00fc The Boat<\/strong>: Katamaran ile g\u00f6l \u00e7evresini gezebilirsiniz. <\/p>\n\n\n\n<h3 class=\"wp-block-heading has-text-align-center\"><span class=\"ez-toc-section\" id=\"2_annecy_tarih_muzesi\"><\/span><strong>2. Annecy Tarih M\u00fczesi<\/strong><span class=\"ez-toc-section-end\"><\/span><\/h3>\n\n\n\n<figure class=\"wp-block-image size-large\"><img width=\"800\" height=\"500\" data-public-id=\"Annecy-Gezilecek-Yerleri\/Annecy-Gezilecek-Yerleri.jpg\" decoding=\"async\" src=\"https:\/\/res.cloudinary.com\/turna\/images\/w_800,h_500,c_scale\/f_auto,q_auto:low\/v1616917012\/Annecy-Gezilecek-Yerleri\/Annecy-Gezilecek-Yerleri.jpg?_i=AA\" alt=\"Annecy Gezilecek Yerleri\" class=\"wp-post-8550 wp-image-18778\" data-format=\"jpg\" data-transformations=\"f_auto,q_auto:low\" data-version=\"1616917012\" data-seo=\"1\" srcset=\"https:\/\/res.cloudinary.com\/turna\/images\/f_auto,q_auto:low\/v1616917012\/Annecy-Gezilecek-Yerleri\/Annecy-Gezilecek-Yerleri.jpg?_i=AA 800w, https:\/\/res.cloudinary.com\/turna\/images\/w_300,h_188,c_scale\/f_auto,q_auto:low\/v1616917012\/Annecy-Gezilecek-Yerleri\/Annecy-Gezilecek-Yerleri.jpg?_i=AA 300w, https:\/\/res.cloudinary.com\/turna\/images\/w_672,h_420,c_scale\/f_auto,q_auto:low\/v1616917012\/Annecy-Gezilecek-Yerleri\/Annecy-Gezilecek-Yerleri.jpg?_i=AA 672w, https:\/\/res.cloudinary.com\/turna\/images\/w_640,h_400,c_scale\/f_auto,q_auto:low\/v1616917012\/Annecy-Gezilecek-Yerleri\/Annecy-Gezilecek-Yerleri.jpg?_i=AA 640w, https:\/\/res.cloudinary.com\/turna\/images\/w_681,h_426,c_scale\/f_auto,q_auto:low\/v1616917012\/Annecy-Gezilecek-Yerleri\/Annecy-Gezilecek-Yerleri.jpg?_i=AA 681w\" sizes=\"(max-width: 800px) 100vw, 800px\" \/><\/figure>\n\n\n\n<p><strong>Annecy Tarih M\u00fczesi<\/strong> (Le Palais de l\u2019\u00cele), eski bir Orta \u00e7a\u011f hapishanesi. \u015eimdilerde tarih merakl\u0131s\u0131 gezginlerin bulu\u015fma noktalar\u0131ndan biri. K\u00fclt\u00fcrel geziler yapmay\u0131 sevenlerin birbirinden etkileyici tarihi par\u00e7alar ve koleksiyonlar kar\u015f\u0131s\u0131nda mest olaca\u011f\u0131n\u0131z bir m\u00fcze..<\/p>\n\n\n\n<p>Kanallar aras\u0131nda bulunan konumuyla turistler taraf\u0131ndan en \u00e7ok foto\u011fraf\u0131 \u00e7ekilen ve be\u011feni toplayan yer. Giri\u015f \u00fccret : 3.50 \u20ac (-12 ya\u015f ve alt\u0131 \u00fccretsiz). Ziyaret saatler Haziran-Eyl\u00fcl: 10.30-18.00; Ekim-May\u0131s aras\u0131 10.00-12.00 \/ 14.00-17.00. Sal\u0131 g\u00fcnleri kapal\u0131. Bu linkten kontrol edebilirsiniz : http:\/\/musees.annecy.fr\/eng<\/p>\n\n\n\n<h3 class=\"wp-block-heading has-text-align-center\"><span class=\"ez-toc-section\" id=\"3_thiou_koprusu\"><\/span><strong>3. Thiou K\u00f6pr\u00fcs\u00fc<\/strong><span class=\"ez-toc-section-end\"><\/span><\/h3>\n\n\n\n<figure class=\"wp-block-image\"><img width=\"800\" height=\"500\" loading=\"lazy\" decoding=\"async\" src=\"data:image\/svg+xml;base64,PHN2ZyB4bWxucz0iaHR0cDovL3d3dy53My5vcmcvMjAwMC9zdmciIHdpZHRoPSI4MDAiIGhlaWdodD0iNTAwIj48cmVjdCB3aWR0aD0iMTAwJSIgaGVpZ2h0PSIxMDAlIj48YW5pbWF0ZSBhdHRyaWJ1dGVOYW1lPSJmaWxsIiB2YWx1ZXM9InJnYmEoMTUzLDE1MywxNTMsMC41KTtyZ2JhKDE1MywxNTMsMTUzLDAuMSk7cmdiYSgxNTMsMTUzLDE1MywwLjUpIiBkdXI9IjJzIiByZXBlYXRDb3VudD0iaW5kZWZpbml0ZSIgLz48L3JlY3Q+PC9zdmc+\" alt=\"\" class=\"wp-post-8550 wp-image-9294\" data-public-id=\"Thiou-Koprusu_mum224\/Thiou-Koprusu_mum224.jpg\" data-format=\"jpg\" data-transformations=\"f_auto,q_auto:low\" data-version=\"1503091945\" data-seo=\"1\" data-size=\"800 500\" data-srcset=\"https:\/\/res.cloudinary.com\/turna\/images\/f_auto,q_auto:low\/v1503091945\/Thiou-Koprusu_mum224\/Thiou-Koprusu_mum224.jpg?_i=AA 800w, https:\/\/res.cloudinary.com\/turna\/images\/w_300,h_188,c_scale\/f_auto,q_auto:low\/v1503091945\/Thiou-Koprusu_mum224\/Thiou-Koprusu_mum224.jpg?_i=AA 300w, https:\/\/res.cloudinary.com\/turna\/images\/w_672,h_420,c_scale\/f_auto,q_auto:low\/v1503091945\/Thiou-Koprusu_mum224\/Thiou-Koprusu_mum224.jpg?_i=AA 672w, https:\/\/res.cloudinary.com\/turna\/images\/w_640,h_400,c_scale\/f_auto,q_auto:low\/v1503091945\/Thiou-Koprusu_mum224\/Thiou-Koprusu_mum224.jpg?_i=AA 640w, https:\/\/res.cloudinary.com\/turna\/images\/w_681,h_426,c_scale\/f_auto,q_auto:low\/v1503091945\/Thiou-Koprusu_mum224\/Thiou-Koprusu_mum224.jpg?_i=AA 681w\" data-sizes=\"(max-width: 800px) 100vw, 800px\" data-delivery=\"upload\" onload=\";window.CLDBind?CLDBind(this):null;\" data-cloudinary=\"lazy\" \/><\/figure>\n\n\n\n<p><strong>Thiou K\u00f6pr\u00fcs\u00fc<\/strong> (Bridge of the Thiou, foto\u011fraf tutkunlar\u0131n\u0131n \u00e7ekim yapmak i\u00e7in tercih etti\u011fi yerlerden biri. Eski \u015fehir merkezinde bulunan bu tarihi k\u00f6pr\u00fc, \u015fehrin en pop\u00fcler turistik yap\u0131lar\u0131ndan oldu\u011fu i\u00e7in \u00fczerinde hi\u00e7 eksilmeyen bir kalabal\u0131kla kar\u015f\u0131la\u015ft\u0131\u011f\u0131n\u0131zda paniklemeyin. Onlar\u0131n aras\u0131na kar\u0131\u015f\u0131n ve manzaran\u0131n tad\u0131n\u0131 \u00e7\u0131kar\u0131n.<\/p>\n\n\n\n<h3 class=\"wp-block-heading has-text-align-center\"><span class=\"ez-toc-section\" id=\"4_asiklar_koprusu\"><\/span><strong>4. A\u015f\u0131klar K\u00f6pr\u00fcs\u00fc<\/strong><span class=\"ez-toc-section-end\"><\/span><\/h3>\n\n\n\n<p><strong>A\u015f\u0131klar K\u00f6pr\u00fcs\u00fc<\/strong>&#8216;n\u00fcn (Lover\u2019s Bridge) Frans\u0131zca ismi ise Pont des Amours. Vasse kanal\u0131n\u0131n giri\u015finde yer alan bu tarihi k\u00f6pr\u00fc, isminden de anla\u015f\u0131laca\u011f\u0131 \u00fczere \u015fehre gelen a\u015f\u0131klar\u0131n bulu\u015fma noktalar\u0131ndan. Muhte\u015fem manzaras\u0131yla isminin hakk\u0131n\u0131 veren bu k\u00f6pr\u00fc, yaz aylar\u0131nda do\u011fan\u0131n k\u0131\u015f aylar\u0131nda ise beyaz \u00f6rt\u00fcn\u00fcn g\u00fczelli\u011fiyle s\u00fcsleniyor.<\/p>\n\n\n\n<h3 class=\"wp-block-heading has-text-align-center\"><span class=\"ez-toc-section\" id=\"5_old_annecy\"><\/span><strong>5. Old Annecy<\/strong><span class=\"ez-toc-section-end\"><\/span><\/h3>\n\n\n\n<figure class=\"wp-block-image size-large\"><img width=\"800\" height=\"500\" loading=\"lazy\" decoding=\"async\" src=\"data:image\/svg+xml;base64,PHN2ZyB4bWxucz0iaHR0cDovL3d3dy53My5vcmcvMjAwMC9zdmciIHdpZHRoPSI4MDAiIGhlaWdodD0iNTAwIj48cmVjdCB3aWR0aD0iMTAwJSIgaGVpZ2h0PSIxMDAlIj48YW5pbWF0ZSBhdHRyaWJ1dGVOYW1lPSJmaWxsIiB2YWx1ZXM9InJnYmEoMTUzLDE1MywxNTMsMC41KTtyZ2JhKDE1MywxNTMsMTUzLDAuMSk7cmdiYSgxNTMsMTUzLDE1MywwLjUpIiBkdXI9IjJzIiByZXBlYXRDb3VudD0iaW5kZWZpbml0ZSIgLz48L3JlY3Q+PC9zdmc+\" alt=\"Old Annecy\" class=\"wp-post-8550 wp-image-18788\" data-public-id=\"Old-Annecy\/Old-Annecy.jpeg\" data-format=\"jpeg\" data-transformations=\"f_auto,q_auto:low\" data-version=\"1616999680\" data-seo=\"1\" data-size=\"800 500\" data-srcset=\"https:\/\/res.cloudinary.com\/turna\/images\/f_auto,q_auto:low\/v1616999680\/Old-Annecy\/Old-Annecy.jpeg?_i=AA 800w, https:\/\/res.cloudinary.com\/turna\/images\/w_300,h_188,c_scale\/f_auto,q_auto:low\/v1616999680\/Old-Annecy\/Old-Annecy.jpeg?_i=AA 300w, https:\/\/res.cloudinary.com\/turna\/images\/w_672,h_420,c_scale\/f_auto,q_auto:low\/v1616999680\/Old-Annecy\/Old-Annecy.jpeg?_i=AA 672w, https:\/\/res.cloudinary.com\/turna\/images\/w_640,h_400,c_scale\/f_auto,q_auto:low\/v1616999680\/Old-Annecy\/Old-Annecy.jpeg?_i=AA 640w, https:\/\/res.cloudinary.com\/turna\/images\/w_681,h_426,c_scale\/f_auto,q_auto:low\/v1616999680\/Old-Annecy\/Old-Annecy.jpeg?_i=AA 681w\" data-sizes=\"(max-width: 800px) 100vw, 800px\" data-delivery=\"upload\" onload=\";window.CLDBind?CLDBind(this):null;\" data-cloudinary=\"lazy\" \/><\/figure>\n\n\n\n<p><strong>Eski \u015eehir<\/strong> (Old Annecy), Romal\u0131lar d\u00f6neminden kalma tarihi bir yerle\u015fim yeri. \u015eehrin tarihi dokusunu hissedebilece\u011finiz \u015fahane bir yer. Eski \u015fehir merkezinde yayalara ayr\u0131lm\u0131\u015f b\u00f6lgede zevkli bir y\u00fcr\u00fcy\u00fc\u015f yapabilirsiniz. Bu b\u00f6lgede restaurantlar, kafeler, dondurmac\u0131lar, el sanatlar\u0131 satan d\u00fckkanlar yan yana s\u0131ralanm\u0131\u015f.<\/p>\n\n\n\n<p>\u00d6zellikle haftasonlar\u0131nda olduk\u00e7a kalabal\u0131k olan Eski \u015eehir, mimarisi ve k\u00f6kl\u00fc tarihinin yan\u0131 s\u0131ra ara\u00e7 trafi\u011fine kapal\u0131 y\u00fcr\u00fcy\u00fc\u015f b\u00f6lgesi, hediyelik e\u015fya d\u00fckkanlar\u0131, kafeleri ve restoranlar\u0131yla da \u015fehrin cazibe merkezi oluyor.<\/p>\n\n\n\n<h3 class=\"wp-block-heading has-text-align-center\"><span class=\"ez-toc-section\" id=\"annecye_nasil_gidilir\"><\/span><strong>Annecy&#8217;e nas\u0131l gidilir<\/strong><span class=\"ez-toc-section-end\"><\/span><\/h3>\n\n\n\n<figure class=\"wp-block-image size-large\"><img width=\"800\" height=\"500\" loading=\"lazy\" decoding=\"async\" src=\"data:image\/svg+xml;base64,PHN2ZyB4bWxucz0iaHR0cDovL3d3dy53My5vcmcvMjAwMC9zdmciIHdpZHRoPSI4MDAiIGhlaWdodD0iNTAwIj48cmVjdCB3aWR0aD0iMTAwJSIgaGVpZ2h0PSIxMDAlIj48YW5pbWF0ZSBhdHRyaWJ1dGVOYW1lPSJmaWxsIiB2YWx1ZXM9InJnYmEoMTUzLDE1MywxNTMsMC41KTtyZ2JhKDE1MywxNTMsMTUzLDAuMSk7cmdiYSgxNTMsMTUzLDE1MywwLjUpIiBkdXI9IjJzIiByZXBlYXRDb3VudD0iaW5kZWZpbml0ZSIgLz48L3JlY3Q+PC9zdmc+\" alt=\"Annecy Fransa\" class=\"wp-post-8550 wp-image-18777\" data-public-id=\"Annecy-Fransa\/Annecy-Fransa.jpg\" data-format=\"jpg\" data-transformations=\"f_auto,q_auto:low\" data-version=\"1616917015\" data-seo=\"1\" data-size=\"800 500\" data-srcset=\"https:\/\/res.cloudinary.com\/turna\/images\/f_auto,q_auto:low\/v1616917015\/Annecy-Fransa\/Annecy-Fransa.jpg?_i=AA 800w, https:\/\/res.cloudinary.com\/turna\/images\/w_300,h_188,c_scale\/f_auto,q_auto:low\/v1616917015\/Annecy-Fransa\/Annecy-Fransa.jpg?_i=AA 300w, https:\/\/res.cloudinary.com\/turna\/images\/w_672,h_420,c_scale\/f_auto,q_auto:low\/v1616917015\/Annecy-Fransa\/Annecy-Fransa.jpg?_i=AA 672w, https:\/\/res.cloudinary.com\/turna\/images\/w_640,h_400,c_scale\/f_auto,q_auto:low\/v1616917015\/Annecy-Fransa\/Annecy-Fransa.jpg?_i=AA 640w, https:\/\/res.cloudinary.com\/turna\/images\/w_681,h_426,c_scale\/f_auto,q_auto:low\/v1616917015\/Annecy-Fransa\/Annecy-Fransa.jpg?_i=AA 681w\" data-sizes=\"(max-width: 800px) 100vw, 800px\" data-delivery=\"upload\" onload=\";window.CLDBind?CLDBind(this):null;\" data-cloudinary=\"lazy\" \/><\/figure>\n\n\n\n<p>Fransa\u2019n\u0131n en g\u00fczel k\u00f6\u015felerinden olan Anncy, <a href=\"https:\/\/www.turna.com\/blog\/ulkeler\/avrupa\/isvicre\" target=\"_blank\" rel=\"noreferrer noopener\">\u0130svi\u00e7re<\/a> s\u0131n\u0131r\u0131nda, Fransa ve <a href=\"https:\/\/www.turna.com\/blog\/ulkeler\/avrupa\" target=\"_blank\" rel=\"noreferrer noopener\">Avrupa<\/a>\u2019n\u0131n \u00f6nemli kayak merkezlerinin yan\u0131 ba\u015f\u0131ndaki Albertville \u015fehrine \u00e7ok yak\u0131n bir konuma sahip.<\/p>\n\n\n\n<p>Daha \u00e7ok \u0130ngilizler taraf\u0131ndan ziyaret edilen turistik bir yer olan Anncy\u2019e Cenevre&#8217;den kara yoluyla Frans\u0131z ve \u0130svi\u00e7re k\u00f6yleri, k\u00fc\u00e7\u00fck kasabalar\u0131 aras\u0131nda ormanl\u0131k yollardan ge\u00e7erek ula\u015f\u0131yor, g\u00f6rd\u00fc\u011f\u00fcn\u00fcz her an\u0131 kay\u0131t alt\u0131na almak istiyorsunuz.<\/p>\n\n\n\n<p>Annecy, Cenevre Havaalan\u0131ndan 50 km uzakl\u0131kta bulunuyor. Havaliman\u0131n\u0131n bir Fransa&#8217;ya, bir de \u0130svi\u00e7re&#8217;ye \u00e7\u0131kan iki kap\u0131s\u0131 bulunuyor. Turna.com u\u00e7ak bileti sayfas\u0131ndan uygun fiyata <a href=\"https:\/\/www.turna.com\/ucak-bileti\/cenevre\">Cenevre u\u00e7ak bileti<\/a> bulabilirsiniz. Ayr\u0131ca Turna.com \u00fczerinden&nbsp;<a href=\"https:\/\/www.turna.com\/sikca-sorulan-sorular\/fransa-vizesi\">Fransa vizesi<\/a>&nbsp;hakk\u0131nda detayl\u0131 bilgilere de ula\u015fabilirsiniz.<\/p>\n\n\n\n<p>\u0130stanbul&#8217;dan THY ve Pegasus Havayollar\u0131 ile Cenevre ve Lyon&#8217;a direk u\u00e7abilirsiniz. Annecy Havaalan\u0131 kasaba merkezden 6km uzakl\u0131kta yer al\u0131yor. Havaalan\u0131n\u0131ndan no 6 ve no 10 otob\u00fcsleriyle direkt Annecy ula\u015f\u0131m\u0131 var. Di\u011fer yandan Annecy\u2019e Lyon\u2019dan da tren ve otob\u00fcs ile ula\u015f\u0131m m\u00fcmk\u00fcn.<\/p>\n\n\n\n<p>Mimarisiyle masal diyarlar\u0131n\u0131 and\u0131ran renkli ve huzur dolu bir \u015fehir olan <strong>Annecy<\/strong>&#8216;de, zaman\u0131n nas\u0131l ak\u0131p gitti\u011fini anlayamayacaks\u0131n\u0131z. Bu etkileyici \u015fehri gezmek i\u00e7in seyahat plan\u0131n\u0131zda en az bir g\u00fcn ay\u0131rmay\u0131 ihmal etmeyin.<\/p>\n\n    <div class=\"xs_social_share_widget xs_share_url after_content \t\tmain_content  wslu-style-1 wslu-share-box-shaped wslu-fill-colored wslu-none wslu-share-horizontal wslu-theme-font-no wslu-main_content\">\n\n\t\t\n        <ul>\n\t\t\t        <\/ul>\n    <\/div> \n","protected":false},"excerpt":{"rendered":"<p>Annecy, Fransa\u2019n\u0131n G\u00fcney do\u011fusunda \u0130svi\u00e7re s\u0131n\u0131r\u0131na \u00e7ok yak\u0131n k\u00fc\u00e7\u00fck ve \u015firin bir tatil merkezi. Fransa&#8217;n\u0131n Lyon veya \u0130svi\u00e7re&#8217;nin Cenevre kasabalar\u0131na yolunuz d\u00fc\u015ferse, Annecy listenizde mutlaka yer almal\u0131. \u0130\u00e7inden ge\u00e7en kanallar nedeniyle Fransa\u2019n\u0131n Venedik&#8217;i olarak da an\u0131lan Annecy, \u00fclkenin \u0130svi\u00e7re s\u0131n\u0131r\u0131 yak\u0131nlar\u0131nda Annecy G\u00f6l\u00fc\u2019n\u00fcn ise kuzey ucunda kurulu. Romantik atmosferiyle balay\u0131 \u00e7iftleri i\u00e7in de olduk\u00e7a ideal [&hellip;]<\/p>\n","protected":false},"author":29,"featured_media":18780,"comment_status":"open","ping_status":"open","sticky":false,"template":"","format":"standard","meta":{"rop_custom_images_group":[],"rop_custom_messages_group":[],"rop_publish_now":"initial","rop_publish_now_accounts":[],"rop_publish_now_history":[],"rop_publish_now_status":"pending","_cloudinary_featured_overwrite":false,"footnotes":""},"categories":[101],"tags":[2616,1231,2575,379,2461],"class_list":["post-8550","post","type-post","status-publish","format-standard","has-post-thumbnail","hentry","category-fransa","tag-ajaccio","tag-annecy","tag-caen","tag-fransa","tag-lille"],"_links":{"self":[{"href":"https:\/\/www.turna.com\/blog\/wp-json\/wp\/v2\/posts\/8550","targetHints":{"allow":["GET"]}}],"collection":[{"href":"https:\/\/www.turna.com\/blog\/wp-json\/wp\/v2\/posts"}],"about":[{"href":"https:\/\/www.turna.com\/blog\/wp-json\/wp\/v2\/types\/post"}],"author":[{"embeddable":true,"href":"https:\/\/www.turna.com\/blog\/wp-json\/wp\/v2\/users\/29"}],"replies":[{"embeddable":true,"href":"https:\/\/www.turna.com\/blog\/wp-json\/wp\/v2\/comments?post=8550"}],"version-history":[{"count":0,"href":"https:\/\/www.turna.com\/blog\/wp-json\/wp\/v2\/posts\/8550\/revisions"}],"wp:featuredmedia":[{"embeddable":true,"href":"https:\/\/www.turna.com\/blog\/wp-json\/wp\/v2\/media\/18780"}],"wp:attachment":[{"href":"https:\/\/www.turna.com\/blog\/wp-json\/wp\/v2\/media?parent=8550"}],"wp:term":[{"taxonomy":"category","embeddable":true,"href":"https:\/\/www.turna.com\/blog\/wp-json\/wp\/v2\/categories?post=8550"},{"taxonomy":"post_tag","embeddable":true,"href":"https:\/\/www.turna.com\/blog\/wp-json\/wp\/v2\/tags?post=8550"}],"curies":[{"name":"wp","href":"https:\/\/api.w.org\/{rel}","templated":true}]}}