{"id":8467,"date":"2023-03-03T11:45:00","date_gmt":"2023-03-03T08:45:00","guid":{"rendered":"https:\/\/www.turna.com\/blog\/?p=8467"},"modified":"2025-12-09T10:15:14","modified_gmt":"2025-12-09T07:15:14","slug":"bergen-gezilecek-yerler","status":"publish","type":"post","link":"https:\/\/www.turna.com\/blog\/bergen-gezilecek-yerler","title":{"rendered":"Bergen Gezilecek Yerler: G\u00f6r\u00fclecek 8 Yer"},"content":{"rendered":"<div id=\"ez-toc-container\" class=\"ez-toc-v2_0_82_2 counter-hierarchy ez-toc-counter ez-toc-black ez-toc-container-direction\">\n<div class=\"ez-toc-title-container\">\n<p class=\"ez-toc-title\" style=\"cursor:inherit\">\u0130\u00e7indekiler<\/p>\n<span class=\"ez-toc-title-toggle\"><a href=\"#\" class=\"ez-toc-pull-right ez-toc-btn ez-toc-btn-xs ez-toc-btn-default ez-toc-toggle\" aria-label=\"\u0130\u00e7indekiler Tablosunu A\u00e7\/Kapat\"><span class=\"ez-toc-js-icon-con\"><span class=\"\"><span class=\"eztoc-hide\" style=\"display:none;\">Toggle<\/span><span class=\"ez-toc-icon-toggle-span\"><svg style=\"fill: #ffffff;color:#ffffff\" xmlns=\"http:\/\/www.w3.org\/2000\/svg\" class=\"list-377408\" width=\"20px\" height=\"20px\" viewBox=\"0 0 24 24\" fill=\"none\"><path d=\"M6 6H4v2h2V6zm14 0H8v2h12V6zM4 11h2v2H4v-2zm16 0H8v2h12v-2zM4 16h2v2H4v-2zm16 0H8v2h12v-2z\" fill=\"currentColor\"><\/path><\/svg><svg style=\"fill: #ffffff;color:#ffffff\" class=\"arrow-unsorted-368013\" xmlns=\"http:\/\/www.w3.org\/2000\/svg\" width=\"10px\" height=\"10px\" viewBox=\"0 0 24 24\" version=\"1.2\" baseProfile=\"tiny\"><path d=\"M18.2 9.3l-6.2-6.3-6.2 6.3c-.2.2-.3.4-.3.7s.1.5.3.7c.2.2.4.3.7.3h11c.3 0 .5-.1.7-.3.2-.2.3-.5.3-.7s-.1-.5-.3-.7zM5.8 14.7l6.2 6.3 6.2-6.3c.2-.2.3-.5.3-.7s-.1-.5-.3-.7c-.2-.2-.4-.3-.7-.3h-11c-.3 0-.5.1-.7.3-.2.2-.3.5-.3.7s.1.5.3.7z\"\/><\/svg><\/span><\/span><\/span><\/a><\/span><\/div>\n<nav><ul class='ez-toc-list ez-toc-list-level-1 eztoc-toggle-hide-by-default' ><li class='ez-toc-page-1 ez-toc-heading-level-2'><a class=\"ez-toc-link ez-toc-heading-1\" href=\"https:\/\/www.turna.com\/blog\/bergen-gezilecek-yerler\/#bergen_gezilecek_yerler\" >Bergen Gezilecek Yerler<\/a><ul class='ez-toc-list-level-3' ><li class='ez-toc-heading-level-3'><a class=\"ez-toc-link ez-toc-heading-2\" href=\"https:\/\/www.turna.com\/blog\/bergen-gezilecek-yerler\/#1_bryggen\" >1. Bryggen<\/a><\/li><li class='ez-toc-page-1 ez-toc-heading-level-3'><a class=\"ez-toc-link ez-toc-heading-3\" href=\"https:\/\/www.turna.com\/blog\/bergen-gezilecek-yerler\/#2_bergen_limani\" >2. Bergen Liman\u0131<\/a><\/li><li class='ez-toc-page-1 ez-toc-heading-level-3'><a class=\"ez-toc-link ez-toc-heading-4\" href=\"https:\/\/www.turna.com\/blog\/bergen-gezilecek-yerler\/#3_hansa_ticaret_birligi_muzesi\" >3. Hansa Ticaret Birli\u011fi M\u00fczesi<\/a><\/li><li class='ez-toc-page-1 ez-toc-heading-level-3'><a class=\"ez-toc-link ez-toc-heading-5\" href=\"https:\/\/www.turna.com\/blog\/bergen-gezilecek-yerler\/#4_bryggen_muzesi\" >4. Bryggen M\u00fczesi<\/a><\/li><li class='ez-toc-page-1 ez-toc-heading-level-3'><a class=\"ez-toc-link ez-toc-heading-6\" href=\"https:\/\/www.turna.com\/blog\/bergen-gezilecek-yerler\/#5_azize_mary_kilisesi\" >5. Azize Mary Kilisesi<\/a><\/li><li class='ez-toc-page-1 ez-toc-heading-level-3'><a class=\"ez-toc-link ez-toc-heading-7\" href=\"https:\/\/www.turna.com\/blog\/bergen-gezilecek-yerler\/#6_bergenhus_kalesi\" >6. Bergenhus Kalesi<\/a><\/li><li class='ez-toc-page-1 ez-toc-heading-level-3'><a class=\"ez-toc-link ez-toc-heading-8\" href=\"https:\/\/www.turna.com\/blog\/bergen-gezilecek-yerler\/#7_dekoratif_sanatlar_muzesi\" >7. Dekoratif Sanatlar M\u00fczesi<\/a><\/li><li class='ez-toc-page-1 ez-toc-heading-level-3'><a class=\"ez-toc-link ez-toc-heading-9\" href=\"https:\/\/www.turna.com\/blog\/bergen-gezilecek-yerler\/#8_bergen_akvaryumu\" >8. Bergen Akvaryumu<\/a><\/li><\/ul><\/li><\/ul><\/nav><\/div>\n\n<p>UNESCO D\u00fcnya Miras Alan\u0131 kapsam\u0131nda yer alan b\u00fcy\u00fcleyici fiyortlara ev sahipli\u011fi yapan <strong>Bergen<\/strong>, bat\u0131 Norve\u00e7 fiyortlar\u0131n\u0131 ziyaret etmek isteyenlerin ge\u00e7i\u015f noktas\u0131nda bulunuyor.&nbsp;1070\u2019te Kral Olaf Kyrre taraf\u0131ndan ke\u015ffedilen ismi, <a href=\"https:\/\/www.turna.com\/blog\/ulkeler\/avrupa\/norvec\" target=\"_blank\" rel=\"noopener noreferrer\"><strong>Norve\u00e7<\/strong><\/a> dilinde &#8216;yedi da\u011f\u0131n aras\u0131nda kalan ova&#8217; anlam\u0131na gelen \u015fehir, Norve\u00e7\u2019in ticaret, k\u00fclt\u00fcr ve sanat alanlar\u0131nda da en geli\u015fmi\u015f merkezlerinden biri. Hadi gelin <strong>Bergen gezilecek yerler<\/strong> listesinin alt\u0131n\u0131 \u00fcst\u00fcne getirelim.<\/p>\n\n\n\n<h2 class=\"wp-block-heading has-text-align-center has-neeon-button-dark-gray-color has-text-color has-link-color wp-elements-7df5aa96f848098ab621c8b1cd3578b8\"><span class=\"ez-toc-section\" id=\"bergen_gezilecek_yerler\"><\/span><strong><strong><strong><strong>Bergen Gezilecek Yerler<\/strong><\/strong><\/strong><\/strong><span class=\"ez-toc-section-end\"><\/span><\/h2>\n\n\n\n<p>Norve\u00e7&#8217;in en b\u00fcy\u00fck ikinci \u015fehri Bergen. Orta \u00c7a\u011f\u2019dan g\u00fcn\u00fcm\u00fcze gelen tarihi dokular\u0131 ve do\u011fan\u0131n sundu\u011fu g\u00fczellikleri ile kendine has bir atmosfere sahip. Norve\u00e7&#8217;in k\u00fclt\u00fcr sanat kenti olan Bergen&#8217;de pop\u00fcler m\u00fczik etkinlikleri oluyor. Bu \u015fehirde g\u00f6r\u00fclecek \u00e7ok yer, yap\u0131lacak \u00e7ok \u015fey var.<\/p>\n\n\n\n<p><strong>Bergen Gezilecek Yerler<\/strong><\/p>\n\n\n\n<ol class=\"wp-block-list\">\n<li>Bryggen<\/li>\n\n\n\n<li>Bergen Liman\u0131<\/li>\n\n\n\n<li>Hansa Ticaret Birli\u011fi M\u00fczesi<\/li>\n\n\n\n<li>Bryggen M\u00fczesi<\/li>\n\n\n\n<li>Azize Mary Kilisesi<\/li>\n\n\n\n<li>Bergenhus Kalesi<\/li>\n\n\n\n<li>Dekoratif Sanatlar M\u00fczesi<\/li>\n\n\n\n<li>Bergen Akvaryumu<\/li>\n<\/ol>\n\n\n\n<h3 class=\"wp-block-heading has-text-align-center has-neeon-button-dark-gray-color has-text-color has-link-color wp-elements-637a9894a60f0f806fec1d4ac5e52815\"><span class=\"ez-toc-section\" id=\"1_bryggen\"><\/span><strong><strong><strong><strong>1. Bryggen<\/strong><\/strong><\/strong><\/strong><span class=\"ez-toc-section-end\"><\/span><\/h3>\n\n\n\n<figure class=\"wp-block-image\"><img width=\"800\" height=\"500\" data-public-id=\"Bryggen-Gezilecek-Yerler_jpczvw\/Bryggen-Gezilecek-Yerler_jpczvw.jpg\" fetchpriority=\"high\" decoding=\"async\" src=\"https:\/\/res.cloudinary.com\/turna\/images\/w_800,h_500,c_scale\/f_auto,q_auto:low\/v1500415801\/Bryggen-Gezilecek-Yerler_jpczvw\/Bryggen-Gezilecek-Yerler_jpczvw.jpg?_i=AA\" alt=\"Bryggen\" class=\"wp-post-8467 wp-image-8984\" data-format=\"jpg\" data-transformations=\"f_auto,q_auto:low\" data-version=\"1500415801\" data-seo=\"1\" srcset=\"https:\/\/res.cloudinary.com\/turna\/images\/f_auto,q_auto:low\/v1500415801\/Bryggen-Gezilecek-Yerler_jpczvw\/Bryggen-Gezilecek-Yerler_jpczvw.jpg?_i=AA 800w, https:\/\/res.cloudinary.com\/turna\/images\/w_300,h_188,c_scale\/f_auto,q_auto:low\/v1500415801\/Bryggen-Gezilecek-Yerler_jpczvw\/Bryggen-Gezilecek-Yerler_jpczvw.jpg?_i=AA 300w, https:\/\/res.cloudinary.com\/turna\/images\/w_672,h_420,c_scale\/f_auto,q_auto:low\/v1500415801\/Bryggen-Gezilecek-Yerler_jpczvw\/Bryggen-Gezilecek-Yerler_jpczvw.jpg?_i=AA 672w, https:\/\/res.cloudinary.com\/turna\/images\/w_640,h_400,c_scale\/f_auto,q_auto:low\/v1500415801\/Bryggen-Gezilecek-Yerler_jpczvw\/Bryggen-Gezilecek-Yerler_jpczvw.jpg?_i=AA 640w, https:\/\/res.cloudinary.com\/turna\/images\/w_681,h_426,c_scale\/f_auto,q_auto:low\/v1500415801\/Bryggen-Gezilecek-Yerler_jpczvw\/Bryggen-Gezilecek-Yerler_jpczvw.jpg?_i=AA 681w\" sizes=\"(max-width: 800px) 100vw, 800px\" \/><\/figure>\n\n\n\n<p><strong>Bryggen<\/strong>, Bergen Liman\u0131 k\u0131y\u0131s\u0131nda yer al\u0131yor. Orta \u00c7a\u011f\u2019da kentin ticaret merkezi olan reng\u00e2renk biti\u015fik ah\u015fap evleriyle g\u00fcl\u00fcmseyen \u015firin tarihi semt. UNESCO D\u00fcnya Miras\u0131 Listesi\u2019nde koruma at\u0131nda yer alan b\u00f6lgede d\u00f6nemin ticarethaneleri olan evlerde g\u00fcn\u00fcm\u00fczde kafe, restoran ve sanat at\u00f6lyeleri olarak hizmet veriyor.<\/p>\n\n\n\n<ul class=\"wp-block-list\">\n<li>Bryggen konumu <strong><a href=\"https:\/\/goo.gl\/maps\/694e9r82c1pN6mPy8\" target=\"_blank\" rel=\"noreferrer noopener\">burada.<\/a><\/strong><\/li>\n<\/ul>\n\n\n\n<h3 class=\"wp-block-heading has-text-align-center has-neeon-button-dark-gray-color has-text-color has-link-color wp-elements-9d66071ed4c634d21cd69d6a5765e2a3\"><span class=\"ez-toc-section\" id=\"2_bergen_limani\"><\/span><strong><strong><strong><strong>2. Bergen Liman\u0131<\/strong><\/strong><\/strong><\/strong><span class=\"ez-toc-section-end\"><\/span><\/h3>\n\n\n\n<p><strong>Bergen Liman\u0131<\/strong>, 1350-1750\u2019lilerde d\u00f6nemin \u00fcnl\u00fc ticaret toplulu\u011fu olan Hansa Grubu\u2019na ait ticari gemilerin s\u0131kl\u0131kla u\u011frad\u0131\u011f\u0131 yer. G\u00fcn\u00fcm\u00fczde ise renkli evlerin \u00e7evreledi\u011fi liman\u0131n sonunda, \u015fehrin en \u00fcnl\u00fc al\u0131\u015fveri\u015f duraklar\u0131ndan biri olan, i\u00e7erisinde taze meyve, sebze, bal\u0131k ve hediyelik e\u015fyalar\u0131n sat\u0131ld\u0131\u011f\u0131 Bal\u0131k Pazar\u0131 kuruluyor.<\/p>\n\n\n\n<ul class=\"wp-block-list\">\n<li>Bergen Liman\u0131 konumu <strong><a href=\"https:\/\/goo.gl\/maps\/dygWj6W5s9wJ2NYM9\" target=\"_blank\" rel=\"noreferrer noopener\">burada.<\/a><\/strong><\/li>\n<\/ul>\n\n\n\n<h3 class=\"wp-block-heading has-text-align-center has-neeon-button-dark-gray-color has-text-color has-link-color wp-elements-0076bc46d42a58736394094c1ac1e194\"><span class=\"ez-toc-section\" id=\"3_hansa_ticaret_birligi_muzesi\"><\/span><strong><strong><strong><strong>3. Hansa Ticaret Birli\u011fi M\u00fczesi<\/strong><\/strong><\/strong><\/strong><span class=\"ez-toc-section-end\"><\/span><\/h3>\n\n\n\n<p><strong>Hansa Ticaret Birli\u011fi M\u00fczesi<\/strong>, Bergen\u2019in en eski ah\u015fap dokular\u0131ndan birinde ziyaret\u00e7ilerini kar\u015f\u0131l\u0131yor. D\u00f6nemin zengin bir Hansa t\u00fcccar\u0131na ait olan yap\u0131da, Orta \u00c7a\u011f\u2019da Hansa Birli\u011fi\u2019ne \u00fcye olan bir t\u00fcccar\u0131n g\u00fcnl\u00fck hayat\u0131na ve i\u015f ya\u015fam\u0131na dair ayr\u0131nt\u0131l\u0131 bilgiler sunuluyor.<\/p>\n\n\n\n<ul class=\"wp-block-list\">\n<li>Hansa Ticaret Birli\u011fi M\u00fczesi konumu <strong><a href=\"https:\/\/goo.gl\/maps\/gkd9ch1Vcu8hkFma9\" target=\"_blank\" rel=\"noreferrer noopener\">burada.<\/a><\/strong><\/li>\n<\/ul>\n\n\n\n<h3 class=\"wp-block-heading has-text-align-center has-neeon-button-dark-gray-color has-text-color has-link-color wp-elements-86bc413baa307adf383a88ca5e1b393c\"><span class=\"ez-toc-section\" id=\"4_bryggen_muzesi\"><\/span><strong><strong><strong><strong>4. Bryggen M\u00fczesi<\/strong><\/strong><\/strong><\/strong><span class=\"ez-toc-section-end\"><\/span><\/h3>\n\n\n\n<figure class=\"wp-block-image\"><img width=\"800\" height=\"500\" data-public-id=\"Bryggen-Museum_ycadkx\/Bryggen-Museum_ycadkx.jpg\" decoding=\"async\" src=\"https:\/\/res.cloudinary.com\/turna\/images\/w_800,h_500,c_scale\/f_auto,q_auto:low\/v1500415847\/Bryggen-Museum_ycadkx\/Bryggen-Museum_ycadkx.jpg?_i=AA\" alt=\"Bryggen M\u00fczesi Bergen gezilecek yerler\" class=\"wp-post-8467 wp-image-8985\" data-format=\"jpg\" data-transformations=\"f_auto,q_auto:low\" data-version=\"1500415847\" data-seo=\"1\" srcset=\"https:\/\/res.cloudinary.com\/turna\/images\/f_auto,q_auto:low\/v1500415847\/Bryggen-Museum_ycadkx\/Bryggen-Museum_ycadkx.jpg?_i=AA 800w, https:\/\/res.cloudinary.com\/turna\/images\/w_300,h_188,c_scale\/f_auto,q_auto:low\/v1500415847\/Bryggen-Museum_ycadkx\/Bryggen-Museum_ycadkx.jpg?_i=AA 300w, https:\/\/res.cloudinary.com\/turna\/images\/w_672,h_420,c_scale\/f_auto,q_auto:low\/v1500415847\/Bryggen-Museum_ycadkx\/Bryggen-Museum_ycadkx.jpg?_i=AA 672w, https:\/\/res.cloudinary.com\/turna\/images\/w_640,h_400,c_scale\/f_auto,q_auto:low\/v1500415847\/Bryggen-Museum_ycadkx\/Bryggen-Museum_ycadkx.jpg?_i=AA 640w, https:\/\/res.cloudinary.com\/turna\/images\/w_681,h_426,c_scale\/f_auto,q_auto:low\/v1500415847\/Bryggen-Museum_ycadkx\/Bryggen-Museum_ycadkx.jpg?_i=AA 681w\" sizes=\"(max-width: 800px) 100vw, 800px\" \/><\/figure>\n\n\n\n<p><strong>Bryggen M\u00fczesi<\/strong>, \u015fehrin eski ah\u015fap yap\u0131lar\u0131ndan birinin \u00fczerine in\u015fa edilen bir arkeoloji m\u00fczesi. M\u00fczede, Bryggen\u2019in ge\u00e7mi\u015fine do\u011fru keyifli bir yolculu\u011fa \u00e7\u0131kabilir, sergilenen arkeolojik buluntular\u0131, yerel objeleri ve deniz ticaretine ili\u015fkin bilgi ve belgeleri g\u00f6rebilirsiniz.<\/p>\n\n\n\n<ul class=\"wp-block-list\">\n<li>Bryggen M\u00fczesi konumu <strong><a href=\"https:\/\/goo.gl\/maps\/9HxpZLc6N8gYQmsg7\" target=\"_blank\" rel=\"noreferrer noopener\">burada.<\/a><\/strong><\/li>\n<\/ul>\n\n\n\n<h3 class=\"wp-block-heading has-text-align-center has-neeon-button-dark-gray-color has-text-color has-link-color wp-elements-8f21f4214fab5cef9e6cc18ea67d433f\"><span class=\"ez-toc-section\" id=\"5_azize_mary_kilisesi\"><\/span><strong><strong><strong><strong>5. Azize Mary Kilisesi<\/strong><\/strong><\/strong><\/strong><span class=\"ez-toc-section-end\"><\/span><\/h3>\n\n\n\n<p><strong>Azize Mary Kilisesi<\/strong>, Bergen\u2019de halen kullan\u0131lan en eski yap\u0131 \u00f6zelli\u011fine sahip olan 12\u2019inci y\u00fczy\u0131l tarihli ta\u015f bir kilise. Roma mimarisinin en g\u00fczel \u00f6rneklerinden biri olan kilise, \u015fehrin al\u00e7ak k\u0131rm\u0131z\u0131 \u00e7at\u0131l\u0131 binalar\u0131n\u0131n aras\u0131nda g\u00f6\u011fe y\u00fckselen mavi u\u00e7lu ikiz kuleleriyle dikkat \u00e7ekiyor.<\/p>\n\n\n\n<ul class=\"wp-block-list\">\n<li>Azize Mary Kilisesi konumu <strong><a href=\"https:\/\/goo.gl\/maps\/uuaJyKjPMVEwYshk9\" target=\"_blank\" rel=\"noreferrer noopener\">burada.<\/a><\/strong><\/li>\n<\/ul>\n\n\n\n<h3 class=\"wp-block-heading has-text-align-center has-neeon-button-dark-gray-color has-text-color has-link-color wp-elements-18f72acf1f86ecb15d9d09be419e98c5\"><span class=\"ez-toc-section\" id=\"6_bergenhus_kalesi\"><\/span><strong><strong><strong><strong>6. Bergenhus Kalesi<\/strong><\/strong><\/strong><\/strong><span class=\"ez-toc-section-end\"><\/span><\/h3>\n\n\n\n<figure class=\"wp-block-image\"><img width=\"800\" height=\"500\" data-public-id=\"Bergenhus-Kalesi_xzt6nu\/Bergenhus-Kalesi_xzt6nu.jpg\" decoding=\"async\" src=\"https:\/\/res.cloudinary.com\/turna\/images\/w_800,h_500,c_scale\/f_auto,q_auto:low\/v1500415870\/Bergenhus-Kalesi_xzt6nu\/Bergenhus-Kalesi_xzt6nu.jpg?_i=AA\" alt=\"Bergenhus Kalesi Bergen gezilecek yerler\" class=\"wp-post-8467 wp-image-8986\" data-format=\"jpg\" data-transformations=\"f_auto,q_auto:low\" data-version=\"1500415870\" data-seo=\"1\" srcset=\"https:\/\/res.cloudinary.com\/turna\/images\/f_auto,q_auto:low\/v1500415870\/Bergenhus-Kalesi_xzt6nu\/Bergenhus-Kalesi_xzt6nu.jpg?_i=AA 800w, https:\/\/res.cloudinary.com\/turna\/images\/w_300,h_188,c_scale\/f_auto,q_auto:low\/v1500415870\/Bergenhus-Kalesi_xzt6nu\/Bergenhus-Kalesi_xzt6nu.jpg?_i=AA 300w, https:\/\/res.cloudinary.com\/turna\/images\/w_672,h_420,c_scale\/f_auto,q_auto:low\/v1500415870\/Bergenhus-Kalesi_xzt6nu\/Bergenhus-Kalesi_xzt6nu.jpg?_i=AA 672w, https:\/\/res.cloudinary.com\/turna\/images\/w_640,h_400,c_scale\/f_auto,q_auto:low\/v1500415870\/Bergenhus-Kalesi_xzt6nu\/Bergenhus-Kalesi_xzt6nu.jpg?_i=AA 640w, https:\/\/res.cloudinary.com\/turna\/images\/w_681,h_426,c_scale\/f_auto,q_auto:low\/v1500415870\/Bergenhus-Kalesi_xzt6nu\/Bergenhus-Kalesi_xzt6nu.jpg?_i=AA 681w\" sizes=\"(max-width: 800px) 100vw, 800px\" \/><\/figure>\n\n\n\n<p><strong>Bergenhus Kalesi<\/strong>, Norve\u00e7\u2019in g\u00fcn\u00fcm\u00fcze dek gelmeyi ba\u015faran en iyi korunmu\u015f kalesi. Yap\u0131ld\u0131\u011f\u0131 tarih olan 13. y\u00fczy\u0131ldan itibaren Norve\u00e7 krallar\u0131n\u0131n saray\u0131 olarak kullan\u0131lan yap\u0131, \u0130kinci D\u00fcnya Sava\u015f\u0131 esnas\u0131nda zarar g\u00f6rd\u00fc\u011f\u00fcnden, sava\u015f\u0131n ard\u0131ndan yenilenmi\u015f.<\/p>\n\n\n\n<ul class=\"wp-block-list\">\n<li>Bergenhus Kalesi konumu <strong><a href=\"https:\/\/goo.gl\/maps\/AEhwZzEsbbmHBBTB9\" target=\"_blank\" rel=\"noreferrer noopener\">burada.<\/a><\/strong><\/li>\n<\/ul>\n\n\n\n<h3 class=\"wp-block-heading has-text-align-center has-neeon-button-dark-gray-color has-text-color has-link-color wp-elements-f88a67671d47ca10c49e7343a774e44c\"><span class=\"ez-toc-section\" id=\"7_dekoratif_sanatlar_muzesi\"><\/span><strong><strong><strong><strong>7. Dekoratif Sanatlar M\u00fczesi<\/strong><\/strong><\/strong><\/strong><span class=\"ez-toc-section-end\"><\/span><\/h3>\n\n\n\n<p><strong>Dekoratif Sanatlar M\u00fczesi<\/strong>, Norve\u00e7\u2019teki en b\u00fcy\u00fck \u00c7in resimleri koleksiyonunu bar\u0131nd\u0131ran ve dekoratif sanat eserleri ile farkl\u0131 tasar\u0131m \u00fcr\u00fcnlerini modern ve radikal sergiler e\u015fli\u011finde sunmas\u0131yla \u00fcnl\u00fc.<\/p>\n\n\n\n<ul class=\"wp-block-list\">\n<li>Dekoratif Sanatlar M\u00fczesi konumu <strong><a href=\"https:\/\/goo.gl\/maps\/wdJQ1PDAeVmRcAvU9\" target=\"_blank\" rel=\"noreferrer noopener\">burada.<\/a><\/strong><\/li>\n<\/ul>\n\n\n\n<h3 class=\"wp-block-heading has-text-align-center has-neeon-button-dark-gray-color has-text-color has-link-color wp-elements-20ddee97e6c65b8a3179278108c458de\"><span class=\"ez-toc-section\" id=\"8_bergen_akvaryumu\"><\/span><strong><strong><strong><strong>8. Bergen Akvaryumu<\/strong><\/strong><\/strong><\/strong><span class=\"ez-toc-section-end\"><\/span><\/h3>\n\n\n\n<p>Bergen Yar\u0131madas\u0131\u2019n\u0131n sonunda bulunan akvaryum, Avrupa&#8217;n\u0131n en fazla bal\u0131\u011fa sahip akvaryumu. Kutup denizlerinde ya\u015fam ve su s\u00fcr\u00fcngenleri gibi sergiler olduk\u00e7a ilgi \u00e7ekici. Ancak akvaryumun en heyecan verici b\u00f6l\u00fcm\u00fc penguenlerin ve denizaslanlar\u0131n\u0131n oldu\u011fu alan. Bergen gezilecek yerler listenize dahil etmelisiniz.<\/p>\n\n\n\n<ul class=\"wp-block-list\">\n<li>Bergen Akvaryumu konumu <strong><a href=\"https:\/\/goo.gl\/maps\/ANLPCMyyhzxUz9AH9\" target=\"_blank\" rel=\"noreferrer noopener\">burada.<\/a><\/strong><\/li>\n<\/ul>\n\n\n\n<p>Siz de <strong><a href=\"https:\/\/www.turna.com\/ucak-bileti\/bergen\" target=\"_blank\" rel=\"noopener noreferrer\">Bergen u\u00e7ak bileti<\/a> <\/strong>f\u0131rsatlar\u0131na g\u00f6z atarak bu harika \u015fehri daha yak\u0131ndan ke\u015ffedebilirsiniz.<\/p>\n\n    <div class=\"xs_social_share_widget xs_share_url after_content \t\tmain_content  wslu-style-1 wslu-share-box-shaped wslu-fill-colored wslu-none wslu-share-horizontal wslu-theme-font-no wslu-main_content\">\n\n\t\t\n        <ul>\n\t\t\t        <\/ul>\n    <\/div> \n","protected":false},"excerpt":{"rendered":"<p>UNESCO D\u00fcnya Miras Alan\u0131 kapsam\u0131nda yer alan b\u00fcy\u00fcleyici fiyortlara ev sahipli\u011fi yapan Bergen, bat\u0131 Norve\u00e7 fiyortlar\u0131n\u0131 ziyaret etmek isteyenlerin ge\u00e7i\u015f noktas\u0131nda bulunuyor.\u00a01070\u2019te Kral Olaf Kyrre taraf\u0131ndan ke\u015ffedilen ismi, Norve\u00e7 dilinde &#8216;yedi da\u011f\u0131n aras\u0131nda kalan ova&#8217; anlam\u0131na gelen \u015fehir, Norve\u00e7\u2019in ticaret, k\u00fclt\u00fcr ve sanat alanlar\u0131nda da en geli\u015fmi\u015f merkezlerinden biri. Hadi gelin Bergen gezilecek yerler listesinin alt\u0131n\u0131 \u00fcst\u00fcne getirelim.<\/p>\n","protected":false},"author":34,"featured_media":8984,"comment_status":"open","ping_status":"open","sticky":false,"template":"","format":"standard","meta":{"rop_custom_images_group":[],"rop_custom_messages_group":[],"rop_publish_now":"initial","rop_publish_now_accounts":[],"rop_publish_now_history":[],"rop_publish_now_status":"pending","_cloudinary_featured_overwrite":false,"footnotes":""},"categories":[904],"tags":[1204,751],"class_list":["post-8467","post","type-post","status-publish","format-standard","has-post-thumbnail","hentry","category-norvec","tag-bergen","tag-norvec"],"_links":{"self":[{"href":"https:\/\/www.turna.com\/blog\/wp-json\/wp\/v2\/posts\/8467","targetHints":{"allow":["GET"]}}],"collection":[{"href":"https:\/\/www.turna.com\/blog\/wp-json\/wp\/v2\/posts"}],"about":[{"href":"https:\/\/www.turna.com\/blog\/wp-json\/wp\/v2\/types\/post"}],"author":[{"embeddable":true,"href":"https:\/\/www.turna.com\/blog\/wp-json\/wp\/v2\/users\/34"}],"replies":[{"embeddable":true,"href":"https:\/\/www.turna.com\/blog\/wp-json\/wp\/v2\/comments?post=8467"}],"version-history":[{"count":0,"href":"https:\/\/www.turna.com\/blog\/wp-json\/wp\/v2\/posts\/8467\/revisions"}],"wp:featuredmedia":[{"embeddable":true,"href":"https:\/\/www.turna.com\/blog\/wp-json\/wp\/v2\/media\/8984"}],"wp:attachment":[{"href":"https:\/\/www.turna.com\/blog\/wp-json\/wp\/v2\/media?parent=8467"}],"wp:term":[{"taxonomy":"category","embeddable":true,"href":"https:\/\/www.turna.com\/blog\/wp-json\/wp\/v2\/categories?post=8467"},{"taxonomy":"post_tag","embeddable":true,"href":"https:\/\/www.turna.com\/blog\/wp-json\/wp\/v2\/tags?post=8467"}],"curies":[{"name":"wp","href":"https:\/\/api.w.org\/{rel}","templated":true}]}}