{"id":8465,"date":"2023-03-02T16:05:00","date_gmt":"2023-03-02T13:05:00","guid":{"rendered":"https:\/\/www.turna.com\/blog\/?p=8465"},"modified":"2025-12-09T10:12:25","modified_gmt":"2025-12-09T07:12:25","slug":"oslo-gezilecek-yerler","status":"publish","type":"post","link":"https:\/\/www.turna.com\/blog\/oslo-gezilecek-yerler","title":{"rendered":"Oslo Gezilecek Yerler: G\u00f6r\u00fclmesi Gereken 8 Yer"},"content":{"rendered":"<div id=\"ez-toc-container\" class=\"ez-toc-v2_0_82_2 counter-hierarchy ez-toc-counter ez-toc-black ez-toc-container-direction\">\n<div class=\"ez-toc-title-container\">\n<p class=\"ez-toc-title\" style=\"cursor:inherit\">\u0130\u00e7indekiler<\/p>\n<span class=\"ez-toc-title-toggle\"><a href=\"#\" class=\"ez-toc-pull-right ez-toc-btn ez-toc-btn-xs ez-toc-btn-default ez-toc-toggle\" aria-label=\"\u0130\u00e7indekiler Tablosunu A\u00e7\/Kapat\"><span class=\"ez-toc-js-icon-con\"><span class=\"\"><span class=\"eztoc-hide\" style=\"display:none;\">Toggle<\/span><span class=\"ez-toc-icon-toggle-span\"><svg style=\"fill: #ffffff;color:#ffffff\" xmlns=\"http:\/\/www.w3.org\/2000\/svg\" class=\"list-377408\" width=\"20px\" height=\"20px\" viewBox=\"0 0 24 24\" fill=\"none\"><path d=\"M6 6H4v2h2V6zm14 0H8v2h12V6zM4 11h2v2H4v-2zm16 0H8v2h12v-2zM4 16h2v2H4v-2zm16 0H8v2h12v-2z\" fill=\"currentColor\"><\/path><\/svg><svg style=\"fill: #ffffff;color:#ffffff\" class=\"arrow-unsorted-368013\" xmlns=\"http:\/\/www.w3.org\/2000\/svg\" width=\"10px\" height=\"10px\" viewBox=\"0 0 24 24\" version=\"1.2\" baseProfile=\"tiny\"><path d=\"M18.2 9.3l-6.2-6.3-6.2 6.3c-.2.2-.3.4-.3.7s.1.5.3.7c.2.2.4.3.7.3h11c.3 0 .5-.1.7-.3.2-.2.3-.5.3-.7s-.1-.5-.3-.7zM5.8 14.7l6.2 6.3 6.2-6.3c.2-.2.3-.5.3-.7s-.1-.5-.3-.7c-.2-.2-.4-.3-.7-.3h-11c-.3 0-.5.1-.7.3-.2.2-.3.5-.3.7s.1.5.3.7z\"\/><\/svg><\/span><\/span><\/span><\/a><\/span><\/div>\n<nav><ul class='ez-toc-list ez-toc-list-level-1 eztoc-toggle-hide-by-default' ><li class='ez-toc-page-1 ez-toc-heading-level-2'><a class=\"ez-toc-link ez-toc-heading-1\" href=\"https:\/\/www.turna.com\/blog\/oslo-gezilecek-yerler\/#oslo_gezilecek_yerler\" >Oslo Gezilecek Yerler<\/a><ul class='ez-toc-list-level-3' ><li class='ez-toc-heading-level-3'><a class=\"ez-toc-link ez-toc-heading-2\" href=\"https:\/\/www.turna.com\/blog\/oslo-gezilecek-yerler\/#1_the_national_gallery\" >1. The National Gallery<\/a><\/li><li class='ez-toc-page-1 ez-toc-heading-level-3'><a class=\"ez-toc-link ez-toc-heading-3\" href=\"https:\/\/www.turna.com\/blog\/oslo-gezilecek-yerler\/#2_astrup_fearnley_museet\" >2. Astrup Fearnley Museet<\/a><\/li><li class='ez-toc-page-1 ez-toc-heading-level-3'><a class=\"ez-toc-link ez-toc-heading-4\" href=\"https:\/\/www.turna.com\/blog\/oslo-gezilecek-yerler\/#3_munch_museet\" >3. Munch Museet<\/a><\/li><li class='ez-toc-page-1 ez-toc-heading-level-3'><a class=\"ez-toc-link ez-toc-heading-5\" href=\"https:\/\/www.turna.com\/blog\/oslo-gezilecek-yerler\/#4_vigeland_sculpture_park\" >4. Vigeland Sculpture Park<\/a><\/li><li class='ez-toc-page-1 ez-toc-heading-level-3'><a class=\"ez-toc-link ez-toc-heading-6\" href=\"https:\/\/www.turna.com\/blog\/oslo-gezilecek-yerler\/#5_damstredet\" >5. Damstredet<\/a><\/li><li class='ez-toc-page-1 ez-toc-heading-level-3'><a class=\"ez-toc-link ez-toc-heading-7\" href=\"https:\/\/www.turna.com\/blog\/oslo-gezilecek-yerler\/#6_akershus_kalesi\" >6. Akershus Kalesi<\/a><\/li><li class='ez-toc-page-1 ez-toc-heading-level-3'><a class=\"ez-toc-link ez-toc-heading-8\" href=\"https:\/\/www.turna.com\/blog\/oslo-gezilecek-yerler\/#7_oslo_opera_binasi\" >7. Oslo Opera Binas\u0131<\/a><\/li><li class='ez-toc-page-1 ez-toc-heading-level-3'><a class=\"ez-toc-link ez-toc-heading-9\" href=\"https:\/\/www.turna.com\/blog\/oslo-gezilecek-yerler\/#8_oslo_katedrali\" >8. Oslo Katedrali<\/a><\/li><\/ul><\/li><li class='ez-toc-page-1 ez-toc-heading-level-2'><a class=\"ez-toc-link ez-toc-heading-10\" href=\"https:\/\/www.turna.com\/blog\/oslo-gezilecek-yerler\/#oslo_hakkinda_hap_bilgiler\" >Oslo Hakk\u0131nda Hap Bilgiler<\/a><ul class='ez-toc-list-level-3' ><li class='ez-toc-heading-level-3'><a class=\"ez-toc-link ez-toc-heading-11\" href=\"https:\/\/www.turna.com\/blog\/oslo-gezilecek-yerler\/#osloya_nasil_gidilir\" >Oslo&#8217;ya Nas\u0131l Gidilir?<\/a><\/li><li class='ez-toc-page-1 ez-toc-heading-level-3'><a class=\"ez-toc-link ez-toc-heading-12\" href=\"https:\/\/www.turna.com\/blog\/oslo-gezilecek-yerler\/#osloya_ne_zaman_gidilir\" >Oslo&#8217;ya Ne Zaman Gidilir?<\/a><\/li><li class='ez-toc-page-1 ez-toc-heading-level-3'><a class=\"ez-toc-link ez-toc-heading-13\" href=\"https:\/\/www.turna.com\/blog\/oslo-gezilecek-yerler\/#osloda_ne_yenir\" >Oslo&#8217;da Ne Yenir?<\/a><\/li><\/ul><\/li><\/ul><\/nav><\/div>\n\n<p><strong><a href=\"https:\/\/www.turna.com\/blog\/norvec-gezilecek-yerler\" target=\"_blank\" rel=\"noreferrer noopener\">Norve\u00e7 gezilecek yerler<\/a><\/strong> listesinin ilk s\u0131ralar\u0131nda yer alan <strong>Oslo<\/strong>, geli\u015fmi\u015fli\u011fin simgesi olarak an\u0131lan Norve\u00e7\u2019in ba\u015fkenti. Bu nezih bir \u015fehir, Avrupa\u2019da huzur ve sakin bir tatil plan\u0131 yapanlar i\u00e7in ka\u00e7\u0131r\u0131lmamas\u0131 gereken bir destinasyon. Bu harika \u00fclkenin bu \u015fahane \u015fehrinde ke\u015ffedilecek \u00e7ok \u015fey var. <strong>Oslo gezilecek yerler<\/strong> her y\u0131l milyonlarca turist taraf\u0131ndan ziyaret ediliyor.<\/p>\n\n\n\n<h2 class=\"wp-block-heading has-text-align-center has-neeon-button-dark-gray-color has-text-color has-link-color wp-elements-fafeb97666438dc630d5b2908274fe6b\"><span class=\"ez-toc-section\" id=\"oslo_gezilecek_yerler\"><\/span><strong><strong><strong><strong>Oslo Gezilecek Yerler<\/strong><\/strong><\/strong><\/strong><span class=\"ez-toc-section-end\"><\/span><\/h2>\n\n\n\n<figure class=\"wp-block-image size-large\"><img width=\"800\" height=\"500\" data-public-id=\"oslo_gezilecek_yerler\/oslo_gezilecek_yerler.jpg\" decoding=\"async\" src=\"https:\/\/res.cloudinary.com\/turna\/images\/w_800,h_500,c_scale\/f_auto,q_auto:low\/v1677788181\/oslo_gezilecek_yerler\/oslo_gezilecek_yerler.jpg?_i=AA\" alt=\"Oslo Gezilecek Yerler\" class=\"wp-post-0 wp-image-21643\" data-format=\"jpg\" data-transformations=\"f_auto,q_auto:low\" data-version=\"1677788181\" data-seo=\"1\" srcset=\"https:\/\/res.cloudinary.com\/turna\/images\/f_auto,q_auto:low\/v1677788181\/oslo_gezilecek_yerler\/oslo_gezilecek_yerler.jpg?_i=AA 800w, https:\/\/res.cloudinary.com\/turna\/images\/w_300,h_188,c_scale\/f_auto,q_auto:low\/v1677788181\/oslo_gezilecek_yerler\/oslo_gezilecek_yerler.jpg?_i=AA 300w, https:\/\/res.cloudinary.com\/turna\/images\/w_672,h_420,c_scale\/f_auto,q_auto:low\/v1677788181\/oslo_gezilecek_yerler\/oslo_gezilecek_yerler.jpg?_i=AA 672w, https:\/\/res.cloudinary.com\/turna\/images\/w_640,h_400,c_scale\/f_auto,q_auto:low\/v1677788181\/oslo_gezilecek_yerler\/oslo_gezilecek_yerler.jpg?_i=AA 640w, https:\/\/res.cloudinary.com\/turna\/images\/w_681,h_426,c_scale\/f_auto,q_auto:low\/v1677788181\/oslo_gezilecek_yerler\/oslo_gezilecek_yerler.jpg?_i=AA 681w\" sizes=\"(max-width: 800px) 100vw, 800px\" \/><\/figure>\n\n\n\n<p>\u0130skandinavya\u2019n\u0131n d\u00f6rd\u00fcnc\u00fc en b\u00fcy\u00fck kenti olsa da karma\u015fadan uzak, dingin ve huzurlu bir hali var Oslo&#8217;nun. \u0130nsan\u0131 \u00e7abucak sar\u0131p sarmal\u0131yor. \u0130skandinav \u00fclkeleri aras\u0131nda refah d\u00fczeyi ve ya\u015fam standartlar\u0131 bak\u0131m\u0131ndan \u00f6nde gelen yerle\u015fim yerlerinden olan Oslo olduk\u00e7a pahal\u0131 bir \u015fehir. Bu nedenle yola \u00e7\u0131kmadan \u00f6nce mali anlamda tedbirli olmakta yarar var. Hadi bu g\u00fczel \u015fehirde mutlaka g\u00f6rmeniz gereken yerlere birlikte g\u00f6z atal\u0131m.<\/p>\n\n\n\n<p><strong>Oslo Gezilecek Yerler<\/strong><\/p>\n\n\n\n<ol class=\"wp-block-list\">\n<li>The National Gallery<\/li>\n\n\n\n<li>Astrup Fearnley Museet<\/li>\n\n\n\n<li>Munch Museet<\/li>\n\n\n\n<li>Vigeland Sculpture Park<\/li>\n\n\n\n<li>Damstredet<\/li>\n\n\n\n<li>Akershus Kalesi<\/li>\n\n\n\n<li>Oslo Opera Binas\u0131<\/li>\n\n\n\n<li>Oslo Katedrali<\/li>\n<\/ol>\n\n\n\n<h3 class=\"wp-block-heading has-text-align-center has-neeon-button-dark-gray-color has-text-color has-link-color wp-elements-58dea6d69055a1efd2ee58a9338df9cb\"><span class=\"ez-toc-section\" id=\"1_the_national_gallery\"><\/span><strong><strong><strong><strong>1. The National Gallery<\/strong><\/strong><\/strong><\/strong><span class=\"ez-toc-section-end\"><\/span><\/h3>\n\n\n\n<figure class=\"wp-block-image\"><img width=\"1197\" height=\"673\" data-public-id=\"The-National-Gallery-Oslo_swv9h6\/The-National-Gallery-Oslo_swv9h6.png\" fetchpriority=\"high\" decoding=\"async\" src=\"https:\/\/res.cloudinary.com\/turna\/images\/w_1197,h_673,c_scale\/f_auto,q_auto:low\/v1497541853\/The-National-Gallery-Oslo_swv9h6\/The-National-Gallery-Oslo_swv9h6.png?_i=AA\" alt=\"The National Gallery Oslo gezilecek yerler\" class=\"wp-post-8465 wp-image-8523\" data-format=\"png\" data-transformations=\"f_auto,q_auto:low\" data-version=\"1497541853\" data-seo=\"1\" srcset=\"https:\/\/res.cloudinary.com\/turna\/images\/f_auto,q_auto:low\/v1497541853\/The-National-Gallery-Oslo_swv9h6\/The-National-Gallery-Oslo_swv9h6.png?_i=AA 1197w, https:\/\/res.cloudinary.com\/turna\/images\/w_800,h_450,c_scale\/f_auto,q_auto:low\/v1497541853\/The-National-Gallery-Oslo_swv9h6\/The-National-Gallery-Oslo_swv9h6.png?_i=AA 800w, https:\/\/res.cloudinary.com\/turna\/images\/w_1024,h_576,c_scale\/f_auto,q_auto:low\/v1497541853\/The-National-Gallery-Oslo_swv9h6\/The-National-Gallery-Oslo_swv9h6.png?_i=AA 1024w, https:\/\/res.cloudinary.com\/turna\/images\/w_300,h_169,c_scale\/f_auto,q_auto:low\/v1497541853\/The-National-Gallery-Oslo_swv9h6\/The-National-Gallery-Oslo_swv9h6.png?_i=AA 300w, https:\/\/res.cloudinary.com\/turna\/images\/w_747,h_420,c_scale\/f_auto,q_auto:low\/v1497541853\/The-National-Gallery-Oslo_swv9h6\/The-National-Gallery-Oslo_swv9h6.png?_i=AA 747w, https:\/\/res.cloudinary.com\/turna\/images\/w_640,h_360,c_scale\/f_auto,q_auto:low\/v1497541853\/The-National-Gallery-Oslo_swv9h6\/The-National-Gallery-Oslo_swv9h6.png?_i=AA 640w, https:\/\/res.cloudinary.com\/turna\/images\/w_681,h_383,c_scale\/f_auto,q_auto:low\/v1497541853\/The-National-Gallery-Oslo_swv9h6\/The-National-Gallery-Oslo_swv9h6.png?_i=AA 681w\" sizes=\"(max-width: 1197px) 100vw, 1197px\" \/><\/figure>\n\n\n\n<p><strong>The National Gallery<\/strong>, Oslo\u2019nun olmazsa olmaz ziyaret noktalar\u0131ndan biri. Norve\u00e7\u2019in en b\u00fcy\u00fck resim ve heykel koleksiyonuna sahip olan bu g\u00f6rkemli m\u00fczede, Edvard Munch\u2019un The Scream eserinin yan\u0131 s\u0131ra Cezanne ve Manet\u2019nin tablolar\u0131n\u0131 da g\u00f6rme \u015fans\u0131 yakalayabilirsiniz.<\/p>\n\n\n\n<ul class=\"wp-block-list\">\n<li>The National Gallery konumu <strong><a href=\"https:\/\/goo.gl\/maps\/HG9oFdw2913LneGy7\" target=\"_blank\" rel=\"noreferrer noopener\">burada.<\/a><\/strong><\/li>\n<\/ul>\n\n\n\n<h3 class=\"wp-block-heading has-text-align-center has-neeon-button-dark-gray-color has-text-color has-link-color wp-elements-01aa0381ce2ef49c05f100c2d362be7b\"><span class=\"ez-toc-section\" id=\"2_astrup_fearnley_museet\"><\/span><strong><strong><strong><strong>2. Astrup Fearnley Museet<\/strong><\/strong><\/strong><\/strong><span class=\"ez-toc-section-end\"><\/span><\/h3>\n\n\n\n<figure class=\"wp-block-image size-large\"><img decoding=\"async\" src=\"https:\/\/res.cloudinary.com\/turna\/image\/upload\/v1677788181\/Astrup_Fearnley_Museum.jpg\" alt=\"Astrup Fearnley Museet\"\/><\/figure>\n\n\n\n<p>Tjuvholmen\u2019de yer alan ve mimarisi ile de dikkatinizi \u00e7ekecek olan <strong>Astrup Fearnley Museum<\/strong>, e\u011fer modern sanata ilginiz varsa size \u2018iyi ki Oslo\u2019ya gelmi\u015fim\u2019 dedirtecek cinsten bir modern sanat m\u00fczesi. M\u00fczede Norve\u00e7li sanat\u00e7\u0131lar\u0131n yan\u0131 s\u0131ra d\u00fcnyan\u0131n d\u00f6rt bir taraf\u0131ndan sanat\u00e7\u0131lar\u0131n \u00e7al\u0131\u015fmalar\u0131yla da kar\u015f\u0131la\u015fabilmeniz m\u00fcmk\u00fcn.<\/p>\n\n\n\n<ul class=\"wp-block-list\">\n<li>Astrup Fearnley Museet konumu <strong><a href=\"https:\/\/goo.gl\/maps\/FzLZyE1zUmYSHqNW9\" target=\"_blank\" rel=\"noreferrer noopener\">burada.<\/a><\/strong><\/li>\n<\/ul>\n\n\n\n<h3 class=\"wp-block-heading has-text-align-center has-neeon-button-dark-gray-color has-text-color has-link-color wp-elements-8109c40cf36ef0b7069fb0acde740143\"><span class=\"ez-toc-section\" id=\"3_munch_museet\"><\/span><strong><strong><strong><strong>3. Munch Museet<\/strong><\/strong><\/strong><\/strong><span class=\"ez-toc-section-end\"><\/span><\/h3>\n\n\n\n<figure class=\"wp-block-image size-large\"><img decoding=\"async\" src=\"https:\/\/res.cloudinary.com\/turna\/image\/upload\/v1677788180\/Munch_m%C3%BCzesi.jpg\" alt=\"Munch Museet\"\/><\/figure>\n\n\n\n<p>National Gallery\u2019de g\u00f6rd\u00fc\u011f\u00fcn\u00fcz Edvard Munch eserleri yeterli gelmedi ise istikamet Edvard Munch\u2019un ki\u015fisel m\u00fczesi. Munch\u2019un hayat\u0131 hakk\u0131nda daha fazla bilgiye sahip olmak ve daha fazla eserini g\u00f6rmek niyetindeyseniz bu <strong>Munch Museet<\/strong>&#8216;te arad\u0131\u011f\u0131n\u0131z\u0131 bulabilirsiniz. M\u00fczeyi gezmeye ba\u015flamadan \u00f6nce sanat\u00e7\u0131 ile ilgili haz\u0131rlanm\u0131\u015f olan tan\u0131t\u0131c\u0131 video \u00e7al\u0131\u015fmas\u0131n\u0131 izlemeyi unutmay\u0131n, o \u015fekilde eserlerini incelemek \u00e7ok daha anlaml\u0131 oluyor.<\/p>\n\n\n\n<ul class=\"wp-block-list\">\n<li>Munch Museet konumu <strong><a href=\"https:\/\/goo.gl\/maps\/sPtfpsiCMWNo5DMp6\" target=\"_blank\" rel=\"noreferrer noopener\">burada.<\/a><\/strong><\/li>\n<\/ul>\n\n\n\n<h3 class=\"wp-block-heading has-text-align-center has-neeon-button-dark-gray-color has-text-color has-link-color wp-elements-30f287e4c41fb5a9a2304c96e51f7b82\"><span class=\"ez-toc-section\" id=\"4_vigeland_sculpture_park\"><\/span><strong><strong><strong><strong>4. Vigeland Sculpture Park<\/strong><\/strong><\/strong><\/strong><span class=\"ez-toc-section-end\"><\/span><\/h3>\n\n\n\n<figure class=\"wp-block-image is-resized\"><img width=\"800\" height=\"500\" data-public-id=\"Vigeland-Sculpture-Oslo_iyrudt\/Vigeland-Sculpture-Oslo_iyrudt.jpg\" decoding=\"async\" src=\"https:\/\/res.cloudinary.com\/turna\/images\/w_800,h_500,c_scale\/f_auto,q_auto:low\/v1497541903\/Vigeland-Sculpture-Oslo_iyrudt\/Vigeland-Sculpture-Oslo_iyrudt.jpg?_i=AA\" alt=\"Vigeland Sculpture Park\" class=\"wp-post-8465 wp-image-8527\" style=\"width:672px;height:419px\" data-format=\"jpg\" data-transformations=\"f_auto,q_auto:low\" data-version=\"1497541903\" data-seo=\"1\" srcset=\"https:\/\/res.cloudinary.com\/turna\/images\/f_auto,q_auto:low\/v1497541903\/Vigeland-Sculpture-Oslo_iyrudt\/Vigeland-Sculpture-Oslo_iyrudt.jpg?_i=AA 800w, https:\/\/res.cloudinary.com\/turna\/images\/w_300,h_188,c_scale\/f_auto,q_auto:low\/v1497541903\/Vigeland-Sculpture-Oslo_iyrudt\/Vigeland-Sculpture-Oslo_iyrudt.jpg?_i=AA 300w, https:\/\/res.cloudinary.com\/turna\/images\/w_672,h_420,c_scale\/f_auto,q_auto:low\/v1497541903\/Vigeland-Sculpture-Oslo_iyrudt\/Vigeland-Sculpture-Oslo_iyrudt.jpg?_i=AA 672w, https:\/\/res.cloudinary.com\/turna\/images\/w_640,h_400,c_scale\/f_auto,q_auto:low\/v1497541903\/Vigeland-Sculpture-Oslo_iyrudt\/Vigeland-Sculpture-Oslo_iyrudt.jpg?_i=AA 640w, https:\/\/res.cloudinary.com\/turna\/images\/w_681,h_426,c_scale\/f_auto,q_auto:low\/v1497541903\/Vigeland-Sculpture-Oslo_iyrudt\/Vigeland-Sculpture-Oslo_iyrudt.jpg?_i=AA 681w\" sizes=\"(max-width: 800px) 100vw, 800px\" \/><\/figure>\n\n\n\n<p>Y\u0131lda ortalama 1 milyon ziyaret\u00e7i ile Oslo\u2019nun gelmi\u015f ge\u00e7mi\u015f en turistik noktalar\u0131ndan biri olan <strong>Vigeland Sculpture Park (Vigeland Heykel Park\u0131<\/strong>), Gustav Vigeland\u2019a ait 200\u2019den fazla heykelin sergilendi\u011fi bir a\u00e7\u0131k hava m\u00fczesi. Oslo\u2019nun en b\u00fcy\u00fck parklar\u0131ndan biri olan Frogner Park\u2019\u0131n bir par\u00e7as\u0131 olarak her ikisini bir arada gezebilece\u011finiz gibi, haz\u0131r oralara kadar gitmi\u015fken park\u0131n en pop\u00fcler heykeli olan Angry Boy heykelini g\u00f6rmeyi de ihmal etmeyin.<\/p>\n\n\n\n<ul class=\"wp-block-list\">\n<li>Vigeland Sculpture Park konumu <strong><a href=\"https:\/\/goo.gl\/maps\/mnfGQEHMKzQ5xMbu8\" target=\"_blank\" rel=\"noreferrer noopener\">burada.<\/a><\/strong><\/li>\n<\/ul>\n\n\n\n<h3 class=\"wp-block-heading has-text-align-center has-neeon-button-dark-gray-color has-text-color has-link-color wp-elements-8634b1caeeb5556598bc21b41d5b5097\"><span class=\"ez-toc-section\" id=\"5_damstredet\"><\/span><strong><strong><strong><strong>5. Damstredet<\/strong><\/strong><\/strong><\/strong><span class=\"ez-toc-section-end\"><\/span><\/h3>\n\n\n\n<figure class=\"wp-block-image\"><img width=\"1698\" height=\"1131\" data-public-id=\"Damstredet-Oslo_emlcrt\/Damstredet-Oslo_emlcrt.jpg\" decoding=\"async\" src=\"https:\/\/res.cloudinary.com\/turna\/images\/w_1698,h_1131,c_scale\/f_auto,q_auto:low\/v1497541981\/Damstredet-Oslo_emlcrt\/Damstredet-Oslo_emlcrt.jpg?_i=AA\" alt=\"Damstredet Oslo gezilecek yerler\" class=\"wp-post-8465 wp-image-8528\" data-format=\"jpg\" data-transformations=\"f_auto,q_auto:low\" data-version=\"1497541981\" data-seo=\"1\" srcset=\"https:\/\/res.cloudinary.com\/turna\/images\/f_auto,q_auto:low\/v1497541981\/Damstredet-Oslo_emlcrt\/Damstredet-Oslo_emlcrt.jpg?_i=AA 1698w, https:\/\/res.cloudinary.com\/turna\/images\/w_800,h_533,c_scale\/f_auto,q_auto:low\/v1497541981\/Damstredet-Oslo_emlcrt\/Damstredet-Oslo_emlcrt.jpg?_i=AA 800w, https:\/\/res.cloudinary.com\/turna\/images\/w_1024,h_682,c_scale\/f_auto,q_auto:low\/v1497541981\/Damstredet-Oslo_emlcrt\/Damstredet-Oslo_emlcrt.jpg?_i=AA 1024w, https:\/\/res.cloudinary.com\/turna\/images\/w_300,h_200,c_scale\/f_auto,q_auto:low\/v1497541981\/Damstredet-Oslo_emlcrt\/Damstredet-Oslo_emlcrt.jpg?_i=AA 300w, https:\/\/res.cloudinary.com\/turna\/images\/w_1536,h_1023,c_scale\/f_auto,q_auto:low\/v1497541981\/Damstredet-Oslo_emlcrt\/Damstredet-Oslo_emlcrt.jpg?_i=AA 1536w, https:\/\/res.cloudinary.com\/turna\/images\/w_631,h_420,c_scale\/f_auto,q_auto:low\/v1497541981\/Damstredet-Oslo_emlcrt\/Damstredet-Oslo_emlcrt.jpg?_i=AA 631w, https:\/\/res.cloudinary.com\/turna\/images\/w_640,h_426,c_scale\/f_auto,q_auto:low\/v1497541981\/Damstredet-Oslo_emlcrt\/Damstredet-Oslo_emlcrt.jpg?_i=AA 640w, https:\/\/res.cloudinary.com\/turna\/images\/w_681,h_454,c_scale\/f_auto,q_auto:low\/v1497541981\/Damstredet-Oslo_emlcrt\/Damstredet-Oslo_emlcrt.jpg?_i=AA 681w\" sizes=\"(max-width: 1698px) 100vw, 1698px\" \/><\/figure>\n\n\n\n<p>Norve\u00e7, hatta \u0130skandinavya deyince g\u00f6z\u00fcn\u00fcz\u00fcn \u00f6n\u00fcne \u00e7at\u0131lar\u0131 karla kaplanm\u0131\u015f renkli, k\u0131sa k\u0131sa evler geliyorsa, <strong>Damstredet<\/strong>\u2019e gidin. Buras\u0131 kartpostallardan f\u0131rlam\u0131\u015f gibi bir g\u00f6r\u00fcnt\u00fcye sahip. Sokak boyunca yer alan ah\u015fap evlerin \u00e7o\u011fu 18. y\u00fczy\u0131l sonlar\u0131nda yap\u0131lm\u0131\u015f ve d\u00f6nem d\u00f6nem yenilenseler bile o eski doku korundu\u011fu i\u00e7in ger\u00e7ekten inan\u0131lmaz sevimli bir g\u00f6r\u00fcnt\u00fcye sahipler.<\/p>\n\n\n\n<ul class=\"wp-block-list\">\n<li>Damstredet konumu <strong><a href=\"https:\/\/goo.gl\/maps\/767z5mUZx1wsQaWZ9\" target=\"_blank\" rel=\"noreferrer noopener\">burada.<\/a><\/strong><\/li>\n<\/ul>\n\n\n\n<h3 class=\"wp-block-heading has-text-align-center has-neeon-button-dark-gray-color has-text-color has-link-color wp-elements-f83ae43b6ef3c4bfbee82ce4582e8f32\"><span class=\"ez-toc-section\" id=\"6_akershus_kalesi\"><\/span><strong><strong><strong><strong>6. Akershus Kalesi<\/strong><\/strong><\/strong><\/strong><span class=\"ez-toc-section-end\"><\/span><\/h3>\n\n\n\n<figure class=\"wp-block-image size-large\"><img decoding=\"async\" src=\"https:\/\/res.cloudinary.com\/turna\/image\/upload\/v1677788181\/akershus_kalesi.jpg\" alt=\"Akershus Kalesi\"\/><\/figure>\n\n\n\n<p><strong>Akershus Kalesi<\/strong>, Oslo&#8217;da mutlaka g\u00f6rmeniz gereken bir&nbsp;Orta\u00e7a\u011f&nbsp;kalesi. Kale, 13. y\u00fczy\u0131l\u0131n sonlar\u0131nda Oslo&#8217;yu korumak amac\u0131yla in\u015fa edilmi\u015f. Ayn\u0131 zamanda kraliyetin ikamet etti\u011fi yer ve&nbsp;hapishane&nbsp;olarak da kullan\u0131lm\u0131\u015ft\u0131r. Tarihe \u0131\u015f\u0131k tutan bu b\u00fcy\u00fcleyici yeri ziyaret etmeden d\u00f6nmeyin.<\/p>\n\n\n\n<ul class=\"wp-block-list\">\n<li>Akershus Kalesi konumu <strong><a href=\"https:\/\/goo.gl\/maps\/owzPnveVxWa1bMZr5\" target=\"_blank\" rel=\"noreferrer noopener\">burada.<\/a><\/strong><\/li>\n<\/ul>\n\n\n\n<h3 class=\"wp-block-heading has-text-align-center has-neeon-button-dark-gray-color has-text-color has-link-color wp-elements-5728a1a821e9d42a0fb33cc9928566f6\"><span class=\"ez-toc-section\" id=\"7_oslo_opera_binasi\"><\/span><strong><strong><strong><strong>7. <\/strong>Oslo Opera Binas\u0131<\/strong><\/strong><\/strong><span class=\"ez-toc-section-end\"><\/span><\/h3>\n\n\n\n<figure class=\"wp-block-image size-large\"><img decoding=\"async\" src=\"https:\/\/res.cloudinary.com\/turna\/image\/upload\/v1677788181\/oslo_opera_binas%C4%B1.jpg\" alt=\"Oslo opera binas\u0131\"\/><\/figure>\n\n\n\n<ul class=\"wp-block-list\">\n<li>Oslo Opera Binas\u0131 konumu <strong><a href=\"https:\/\/goo.gl\/maps\/ho2qoSF59VqrDDVDA\" target=\"_blank\" rel=\"noreferrer noopener\">burada.<\/a><\/strong><\/li>\n<\/ul>\n\n\n\n<h3 class=\"wp-block-heading has-text-align-center has-neeon-button-dark-gray-color has-text-color has-link-color wp-elements-9a34a5d9872ce59840ea63879aeeb24d\"><span class=\"ez-toc-section\" id=\"8_oslo_katedrali\"><\/span><strong><strong><strong><strong>8. <\/strong>Oslo Katedrali<\/strong><\/strong><\/strong><span class=\"ez-toc-section-end\"><\/span><\/h3>\n\n\n\n<figure class=\"wp-block-image size-large\"><img decoding=\"async\" src=\"https:\/\/res.cloudinary.com\/turna\/image\/upload\/v1677788181\/oslo_katedral.jpg\" alt=\"Oslo Katedrali\"\/><\/figure>\n\n\n\n<p>Oslo Katedrali 1697 y\u0131l\u0131ndan bu yana halen kullan\u0131mda olan bir tarih miras\u0131. Barok tarz\u0131 mimariye sahip yap\u0131 olduk\u00e7a g\u00f6rkemli. Vitraylar\u0131yla g\u00f6z kama\u015ft\u0131ran katedralde \u00e7ar\u015f\u0131 salonlar\u0131nda yerel k\u00fclt\u00fcrden izler ta\u015f\u0131yan \u00fcr\u00fcnlerden sat\u0131n alabilirsiniz.<\/p>\n\n\n\n<ul class=\"wp-block-list\">\n<li>Oslo Katedrali konumu <strong><a href=\"https:\/\/goo.gl\/maps\/xPBjVEEAPd6LoUuH8\" target=\"_blank\" rel=\"noreferrer noopener\">burada.<\/a><\/strong><\/li>\n<\/ul>\n\n\n\n<h2 class=\"wp-block-heading has-text-align-center has-neeon-button-dark-gray-color has-text-color has-link-color wp-elements-82238d2d53bde6d5a4baeb24db4b146f\"><span class=\"ez-toc-section\" id=\"oslo_hakkinda_hap_bilgiler\"><\/span><strong><strong><strong><strong>Oslo Hakk\u0131nda Hap Bilgiler<\/strong><\/strong><\/strong><\/strong><span class=\"ez-toc-section-end\"><\/span><\/h2>\n\n\n\n<h3 class=\"wp-block-heading has-text-align-center has-neeon-button-dark-gray-color has-text-color has-link-color wp-elements-e01d1a9e7fcc47c7b21c21d907119f79\"><span class=\"ez-toc-section\" id=\"osloya_nasil_gidilir\"><\/span><strong><strong><strong><strong>Oslo&#8217;ya Nas\u0131l Gidilir?<\/strong><\/strong><\/strong><\/strong><span class=\"ez-toc-section-end\"><\/span><\/h3>\n\n\n\n<p>Oslo&#8217;ya T\u00fcrkiye&#8217;den direkt ve aktarmal\u0131 u\u00e7u\u015flarla ula\u015fabilirsiniz. Siz de <a href=\"https:\/\/www.turna.com\/ucak-bileti\/oslo\" target=\"_blank\" rel=\"noopener\">Oslo u\u00e7ak bileti<\/a> f\u0131rsatlar\u0131na g\u00f6z atarak, b\u00fcy\u00fcleyici manzaralar ve ho\u015f an\u0131larla dolu bir \u0130skandinavya seyahati yapabilirsiniz. Keyif dolu bir tatil i\u00e7in haz\u0131rlanma vakti geldi.<\/p>\n\n\n\n<h3 class=\"wp-block-heading has-text-align-center has-neeon-button-dark-gray-color has-text-color has-link-color wp-elements-25d93a998e07455d295761771df2b0fd\"><span class=\"ez-toc-section\" id=\"osloya_ne_zaman_gidilir\"><\/span><strong><strong><strong><strong>Oslo&#8217;ya Ne Zaman Gidilir?<\/strong><\/strong><\/strong><\/strong><span class=\"ez-toc-section-end\"><\/span><\/h3>\n\n\n\n<p>Oslo\u2019da k\u0131\u015f aylar\u0131 olduk\u00e7a so\u011fuk oldu\u011fu i\u00e7in so\u011fuk havada gezmek sizin i\u00e7in sorun te\u015fkil ediyorsa bu d\u00f6nemi es ge\u00e7in derim. K\u0131\u015f\u0131n giderseniz zorlu hava ko\u015fuluna haz\u0131rl\u0131kl\u0131 olmal\u0131s\u0131n\u0131z. Zira hava s\u0131cakl\u0131\u011f\u0131 eksi derecelere kadar d\u00fc\u015f\u00fcyor. E\u011fer Oslo\u2019da y\u00fcr\u00fcyerek gezmek isterseniz ve hava da g\u00fczel olsun derseniz en iyi d\u00f6nemler&nbsp;<strong>Nisan-Eyl\u00fcl<\/strong>&nbsp;aras\u0131.<\/p>\n\n\n\n<h3 class=\"wp-block-heading has-text-align-center has-neeon-button-dark-gray-color has-text-color has-link-color wp-elements-a5dceac0dd6c19db2b8e9f47516c3bd7\"><span class=\"ez-toc-section\" id=\"osloda_ne_yenir\"><\/span><strong><strong><strong><strong>Oslo&#8217;da Ne Yenir?<\/strong><\/strong><\/strong><\/strong><span class=\"ez-toc-section-end\"><\/span><\/h3>\n\n\n\n<p>Oslo&#8217;da a\u00e7 kalman\u0131z pek de m\u00fcmk\u00fcn de\u011fil. Geleneksel yemekler ilginizi \u00e7ekmese dahi d\u00fcnya mutfa\u011f\u0131ndan bir \u00e7ok lezzeti bulabilece\u011finiz olduk\u00e7a g\u00fczel restoranlar var \u015fehirde. \u00dclkenin y\u00f6resel lezzetlerini tatmak isterseniz Lefke, Farikal, Pinnekj\u00f8tt, Somon denemeniz gereken ba\u015fl\u0131ca lezzetlerden.<\/p>\n\n    <div class=\"xs_social_share_widget xs_share_url after_content \t\tmain_content  wslu-style-1 wslu-share-box-shaped wslu-fill-colored wslu-none wslu-share-horizontal wslu-theme-font-no wslu-main_content\">\n\n\t\t\n        <ul>\n\t\t\t        <\/ul>\n    <\/div> \n","protected":false},"excerpt":{"rendered":"<p>Norve\u00e7 gezilecek yerler listesinin ilk s\u0131ralar\u0131nda yer alan Oslo, geli\u015fmi\u015fli\u011fin simgesi olarak an\u0131lan Norve\u00e7\u2019in ba\u015fkenti. Bu nezih bir \u015fehir, Avrupa\u2019da huzur ve sakin bir tatil plan\u0131 yapanlar i\u00e7in ka\u00e7\u0131r\u0131lmamas\u0131 gereken bir destinasyon. Bu harika \u00fclkenin bu \u015fahane \u015fehrinde ke\u015ffedilecek \u00e7ok \u015fey var. Oslo gezilecek yerler her y\u0131l milyonlarca turist taraf\u0131ndan ziyaret ediliyor.<\/p>\n","protected":false},"author":34,"featured_media":21643,"comment_status":"open","ping_status":"open","sticky":false,"template":"","format":"standard","meta":{"rop_custom_images_group":[],"rop_custom_messages_group":[],"rop_publish_now":"initial","rop_publish_now_accounts":[],"rop_publish_now_history":[],"rop_publish_now_status":"pending","_cloudinary_featured_overwrite":false,"footnotes":""},"categories":[904],"tags":[751,968],"class_list":["post-8465","post","type-post","status-publish","format-standard","has-post-thumbnail","hentry","category-norvec","tag-norvec","tag-oslo"],"_links":{"self":[{"href":"https:\/\/www.turna.com\/blog\/wp-json\/wp\/v2\/posts\/8465","targetHints":{"allow":["GET"]}}],"collection":[{"href":"https:\/\/www.turna.com\/blog\/wp-json\/wp\/v2\/posts"}],"about":[{"href":"https:\/\/www.turna.com\/blog\/wp-json\/wp\/v2\/types\/post"}],"author":[{"embeddable":true,"href":"https:\/\/www.turna.com\/blog\/wp-json\/wp\/v2\/users\/34"}],"replies":[{"embeddable":true,"href":"https:\/\/www.turna.com\/blog\/wp-json\/wp\/v2\/comments?post=8465"}],"version-history":[{"count":0,"href":"https:\/\/www.turna.com\/blog\/wp-json\/wp\/v2\/posts\/8465\/revisions"}],"wp:featuredmedia":[{"embeddable":true,"href":"https:\/\/www.turna.com\/blog\/wp-json\/wp\/v2\/media\/21643"}],"wp:attachment":[{"href":"https:\/\/www.turna.com\/blog\/wp-json\/wp\/v2\/media?parent=8465"}],"wp:term":[{"taxonomy":"category","embeddable":true,"href":"https:\/\/www.turna.com\/blog\/wp-json\/wp\/v2\/categories?post=8465"},{"taxonomy":"post_tag","embeddable":true,"href":"https:\/\/www.turna.com\/blog\/wp-json\/wp\/v2\/tags?post=8465"}],"curies":[{"name":"wp","href":"https:\/\/api.w.org\/{rel}","templated":true}]}}