{"id":8463,"date":"2017-06-15T18:49:43","date_gmt":"2017-06-15T15:49:43","guid":{"rendered":"https:\/\/www.turna.com\/blog\/?p=8463"},"modified":"2017-06-15T18:49:43","modified_gmt":"2017-06-15T15:49:43","slug":"malmo-gezilecek-yerler","status":"publish","type":"post","link":"https:\/\/www.turna.com\/blog\/malmo-gezilecek-yerler","title":{"rendered":"\u0130skandinavya&#8217;n\u0131n S\u0131cakkanl\u0131 \u015eehri: Malm\u00f6"},"content":{"rendered":"<div id=\"ez-toc-container\" class=\"ez-toc-v2_0_82_2 counter-hierarchy ez-toc-counter ez-toc-black ez-toc-container-direction\">\n<div class=\"ez-toc-title-container\">\n<p class=\"ez-toc-title\" style=\"cursor:inherit\">\u0130\u00e7indekiler<\/p>\n<span class=\"ez-toc-title-toggle\"><a href=\"#\" class=\"ez-toc-pull-right ez-toc-btn ez-toc-btn-xs ez-toc-btn-default ez-toc-toggle\" aria-label=\"\u0130\u00e7indekiler Tablosunu A\u00e7\/Kapat\"><span class=\"ez-toc-js-icon-con\"><span class=\"\"><span class=\"eztoc-hide\" style=\"display:none;\">Toggle<\/span><span class=\"ez-toc-icon-toggle-span\"><svg style=\"fill: #ffffff;color:#ffffff\" xmlns=\"http:\/\/www.w3.org\/2000\/svg\" class=\"list-377408\" width=\"20px\" height=\"20px\" viewBox=\"0 0 24 24\" fill=\"none\"><path d=\"M6 6H4v2h2V6zm14 0H8v2h12V6zM4 11h2v2H4v-2zm16 0H8v2h12v-2zM4 16h2v2H4v-2zm16 0H8v2h12v-2z\" fill=\"currentColor\"><\/path><\/svg><svg style=\"fill: #ffffff;color:#ffffff\" class=\"arrow-unsorted-368013\" xmlns=\"http:\/\/www.w3.org\/2000\/svg\" width=\"10px\" height=\"10px\" viewBox=\"0 0 24 24\" version=\"1.2\" baseProfile=\"tiny\"><path d=\"M18.2 9.3l-6.2-6.3-6.2 6.3c-.2.2-.3.4-.3.7s.1.5.3.7c.2.2.4.3.7.3h11c.3 0 .5-.1.7-.3.2-.2.3-.5.3-.7s-.1-.5-.3-.7zM5.8 14.7l6.2 6.3 6.2-6.3c.2-.2.3-.5.3-.7s-.1-.5-.3-.7c-.2-.2-.4-.3-.7-.3h-11c-.3 0-.5.1-.7.3-.2.2-.3.5-.3.7s.1.5.3.7z\"\/><\/svg><\/span><\/span><\/span><\/a><\/span><\/div>\n<nav><ul class='ez-toc-list ez-toc-list-level-1 eztoc-toggle-hide-by-default' ><li class='ez-toc-page-1 ez-toc-heading-level-2'><a class=\"ez-toc-link ez-toc-heading-1\" href=\"https:\/\/www.turna.com\/blog\/malmo-gezilecek-yerler\/#malmode_mutlaka_gorulmesi_gereken_turistik_yerler\" >Malm\u00f6\u2019de Mutlaka G\u00f6r\u00fclmesi Gereken Turistik Yerler<\/a><ul class='ez-toc-list-level-3' ><li class='ez-toc-heading-level-3'><a class=\"ez-toc-link ez-toc-heading-2\" href=\"https:\/\/www.turna.com\/blog\/malmo-gezilecek-yerler\/#1_st_petri_kilisesi\" >1. St. Petri Kilisesi<\/a><\/li><li class='ez-toc-page-1 ez-toc-heading-level-3'><a class=\"ez-toc-link ez-toc-heading-3\" href=\"https:\/\/www.turna.com\/blog\/malmo-gezilecek-yerler\/#2_stortorget_belediye_binasi\" >2. Stortorget (Belediye Binas\u0131)<\/a><\/li><li class='ez-toc-page-1 ez-toc-heading-level-3'><a class=\"ez-toc-link ez-toc-heading-4\" href=\"https:\/\/www.turna.com\/blog\/malmo-gezilecek-yerler\/#3_lilla_torg\" >3. Lilla Torg<\/a><\/li><li class='ez-toc-page-1 ez-toc-heading-level-3'><a class=\"ez-toc-link ez-toc-heading-5\" href=\"https:\/\/www.turna.com\/blog\/malmo-gezilecek-yerler\/#4_kungsparken\" >4. Kungsparken<\/a><\/li><li class='ez-toc-page-1 ez-toc-heading-level-3'><a class=\"ez-toc-link ez-toc-heading-6\" href=\"https:\/\/www.turna.com\/blog\/malmo-gezilecek-yerler\/#5_malmo_opera_binasi\" >5. Malm\u00f6 Opera Binas\u0131<\/a><\/li><li class='ez-toc-page-1 ez-toc-heading-level-3'><a class=\"ez-toc-link ez-toc-heading-7\" href=\"https:\/\/www.turna.com\/blog\/malmo-gezilecek-yerler\/#6_oresund_bridge\" >6. Oresund Bridge<\/a><\/li><li class='ez-toc-page-1 ez-toc-heading-level-3'><a class=\"ez-toc-link ez-toc-heading-8\" href=\"https:\/\/www.turna.com\/blog\/malmo-gezilecek-yerler\/#7_malmo_stadsbibliotek\" >7. Malmo Stadsbibliotek<\/a><\/li><li class='ez-toc-page-1 ez-toc-heading-level-3'><a class=\"ez-toc-link ez-toc-heading-9\" href=\"https:\/\/www.turna.com\/blog\/malmo-gezilecek-yerler\/#8_teknoloji_ve_endustri_muzesi\" >8. Teknoloji ve End\u00fcstri M\u00fczesi<\/a><\/li><\/ul><\/li><\/ul><\/nav><\/div>\n<p><strong>Malm\u00f6<\/strong>, Danimarka\u2019n\u0131n Kopenhag \u015fehrine ba\u011flanan uzun k\u00f6pr\u00fcs\u00fc, parklar\u0131 ve tarihi binalar\u0131yla \u00f6ne \u00e7\u0131kan bir yerle\u015fim yeri. \u00dclkenin g\u00fcneyinde, Sk\u00e5ne b\u00f6lgesinde yer alan Malm\u00f6; \u0130sve\u00e7\u2019in en b\u00fcy\u00fck \u00fc\u00e7\u00fcnc\u00fc, \u0130skandinavya \u00fclkelerinin ise en b\u00fcy\u00fck alt\u0131nc\u0131 \u015fehri. \u00dclkenin en hareketli limanlar\u0131ndan birine sahip olan \u015fehir, Ba\u015fkent Kopenhag\u2019a 20 kilometre uzakl\u0131kta bulunuyor. \u0130sve\u00e7\u2019in en \u00e7ok g\u00f6\u00e7 alan \u015fehirleri aras\u0131nda g\u00f6sterilen Malm\u00f6, gezilip g\u00f6r\u00fclecek yerler bak\u0131m\u0131ndan da bir hayli zengin bir co\u011frafya.<a href=\"https:\/\/www.turna.com\/blog\/ulkeler\/avrupa\" target=\"_blank\" rel=\"noopener\"> Avrupa<\/a> seyahatlerinin sevilen rotalar\u0131 aras\u0131ndaki bu \u015firin \u015fehri ziyaret etmek i\u00e7in Schengen vizenizi almay\u0131 da ihmal etmeyin.<\/p>\n<h2><span class=\"ez-toc-section\" id=\"malmode_mutlaka_gorulmesi_gereken_turistik_yerler\"><\/span><strong>Malm\u00f6\u2019de Mutlaka G\u00f6r\u00fclmesi Gereken Turistik Yerler<\/strong><span class=\"ez-toc-section-end\"><\/span><\/h2>\n<h3><span class=\"ez-toc-section\" id=\"1_st_petri_kilisesi\"><\/span><strong>1. St. Petri Kilisesi<\/strong><span class=\"ez-toc-section-end\"><\/span><\/h3>\n<p><img width=\"800\" height=\"500\" data-public-id=\"St-Petri-Malmo_myuoy7\/St-Petri-Malmo_myuoy7.jpg\" fetchpriority=\"high\" decoding=\"async\" class=\"alignnone wp-post-8463 wp-image-8513\" src=\"https:\/\/res.cloudinary.com\/turna\/images\/w_800,h_500,c_scale\/f_auto,q_auto:low\/v1497541610\/St-Petri-Malmo_myuoy7\/St-Petri-Malmo_myuoy7.jpg?_i=AA\" data-format=\"jpg\" data-transformations=\"f_auto,q_auto:low\" data-version=\"1497541610\" data-seo=\"1\" \/><\/p>\n<p>14.y\u00fczy\u0131lda yapt\u0131r\u0131lm\u0131\u015f \u0130sve\u00e7 gotik mimarisinin en \u00f6nemli eserlerinden biri olan <strong>St. Petri Kilisesi<\/strong> tu\u011flal\u0131 d\u0131\u015f cephesi ve y\u00fcksek kulesiyle dikkat \u00e7ekiyor. Kentin en eski yap\u0131lar\u0131ndan da biri ayn\u0131 zamanda.<\/p>\n<h3><span class=\"ez-toc-section\" id=\"2_stortorget_belediye_binasi\"><\/span><strong>2. Stortorget (Belediye Binas\u0131)<\/strong><span class=\"ez-toc-section-end\"><\/span><\/h3>\n<p><img width=\"800\" height=\"500\" data-public-id=\"Stortorget-Malmo_x4l7qk\/Stortorget-Malmo_x4l7qk.jpg\" decoding=\"async\" class=\"alignnone wp-post-8463 wp-image-8514\" src=\"https:\/\/res.cloudinary.com\/turna\/images\/w_800,h_500,c_scale\/f_auto,q_auto:low\/v1497541623\/Stortorget-Malmo_x4l7qk\/Stortorget-Malmo_x4l7qk.jpg?_i=AA\" data-format=\"jpg\" data-transformations=\"f_auto,q_auto:low\" data-version=\"1497541623\" data-seo=\"1\" \/>\u015eehrin en g\u00f6steri\u015fli binalar\u0131ndan birisi de\u00a0<strong>Stortorget (Belediye Binas\u0131)<\/strong>. K\u0131rm\u0131z\u0131 tu\u011flal\u0131 gri ta\u015f kabartmalar\u0131 olan, \u00fczerinde kuleleri ve bu kulelerin i\u00e7erisinde heykellerin bulundu\u011fu g\u00fczel bir bina.<\/p>\n<h3><span class=\"ez-toc-section\" id=\"3_lilla_torg\"><\/span><strong>3. Lilla Torg<\/strong><span class=\"ez-toc-section-end\"><\/span><\/h3>\n<p><img width=\"800\" height=\"500\" data-public-id=\"Lilla-Torg-Malmo_cu6yai\/Lilla-Torg-Malmo_cu6yai.jpg\" decoding=\"async\" class=\"alignnone wp-post-8463 wp-image-8515\" src=\"https:\/\/res.cloudinary.com\/turna\/images\/w_800,h_500,c_scale\/f_auto,q_auto:low\/v1497541639\/Lilla-Torg-Malmo_cu6yai\/Lilla-Torg-Malmo_cu6yai.jpg?_i=AA\" data-format=\"jpg\" data-transformations=\"f_auto,q_auto:low\" data-version=\"1497541639\" data-seo=\"1\" \/><strong>Lilla Torg<\/strong>, \u015fehrin en hareketli bulu\u015fma noktas\u0131. \u015eehrin en eski Pazar yerlerinden biri olan Lilla Torg\u2019da g\u00fcn\u00fcm\u00fczde \u00e7ok g\u00fczel kafe ve restoranlar hizmet veriyor.<\/p>\n<h3><span class=\"ez-toc-section\" id=\"4_kungsparken\"><\/span><strong>4. Kungsparken<\/strong><span class=\"ez-toc-section-end\"><\/span><\/h3>\n<p><img width=\"800\" height=\"500\" data-public-id=\"Kungsparken-Malmo_u3sjvo\/Kungsparken-Malmo_u3sjvo.jpg\" loading=\"lazy\" decoding=\"async\" class=\"alignnone wp-post-8463 wp-image-8517\" src=\"https:\/\/res.cloudinary.com\/turna\/images\/w_800,h_500,c_scale\/f_auto,q_auto:low\/v1497541656\/Kungsparken-Malmo_u3sjvo\/Kungsparken-Malmo_u3sjvo.jpg?_i=AA\" data-format=\"jpg\" data-transformations=\"f_auto,q_auto:low\" data-version=\"1497541656\" data-seo=\"1\" \/><\/p>\n<p>\u0130sve\u00e7\u2019in genelinde oldu\u011fu gibi bu \u015fehirde de g\u00fczel ve ye\u015fil parklar var. \u015eehrin en \u00fcnl\u00fc park\u0131 ise <strong>Kungsparken<\/strong>. Buras\u0131 \u00e7ok \u00e7e\u015fitli bitkilerin eski as\u0131rl\u0131k a\u011fa\u00e7lar\u0131n bulundu\u011fu sessiz sakin ve g\u00fczel y\u00fcr\u00fcy\u00fc\u015fler yapabilece\u011finiz bir park.<\/p>\n<h3><span class=\"ez-toc-section\" id=\"5_malmo_opera_binasi\"><\/span><strong>5. Malm\u00f6 Opera Binas\u0131<\/strong><span class=\"ez-toc-section-end\"><\/span><\/h3>\n<p><img width=\"800\" height=\"500\" data-public-id=\"Malmo-Opera-House_rciou9\/Malmo-Opera-House_rciou9.jpg\" loading=\"lazy\" decoding=\"async\" class=\"alignnone wp-post-8463 wp-image-8518\" src=\"https:\/\/res.cloudinary.com\/turna\/images\/w_800,h_500,c_scale\/f_auto,q_auto:low\/v1497541674\/Malmo-Opera-House_rciou9\/Malmo-Opera-House_rciou9.jpg?_i=AA\" data-format=\"jpg\" data-transformations=\"f_auto,q_auto:low\" data-version=\"1497541674\" data-seo=\"1\" \/><\/p>\n<p>\u015eehirde biraz da sanatsal bir \u015feyler yapmak isterseniz <strong>Opera Binas\u0131<\/strong>\u2019na gidebilirsiniz. Hatta imkan\u0131n\u0131z varsa burada bir g\u00f6steri izlemeyi de ihmal etmeyin.<\/p>\n<h3><span class=\"ez-toc-section\" id=\"6_oresund_bridge\"><\/span><strong>6. Oresund Bridge<\/strong><span class=\"ez-toc-section-end\"><\/span><\/h3>\n<p><img width=\"800\" height=\"500\" data-public-id=\"Oresund-Bridge_vmxcva\/Oresund-Bridge_vmxcva.jpg\" loading=\"lazy\" decoding=\"async\" class=\"alignnone wp-post-8463 wp-image-8519\" src=\"https:\/\/res.cloudinary.com\/turna\/images\/w_800,h_500,c_scale\/f_auto,q_auto:low\/v1497541696\/Oresund-Bridge_vmxcva\/Oresund-Bridge_vmxcva.jpg?_i=AA\" data-format=\"jpg\" data-transformations=\"f_auto,q_auto:low\" data-version=\"1497541696\" data-seo=\"1\" \/><strong>Oresund Bridge<\/strong>, alt kat\u0131nda tren \u00fcst kat\u0131nda arabalar\u0131n gidebildi\u011fi \u0130sve\u00e7\u2019in Malm\u00f6 \u015fehriyle Danimarka\u2019n\u0131n Kopenhag kentlerini birbirine ba\u011flayan d\u00fcnyan\u0131n en uzun k\u00f6pr\u00fclerinden biri. Manzaras\u0131 \u00e7ok g\u00fczel bu f\u0131rsat\u0131 de\u011ferlendirin.<\/p>\n<h3><span class=\"ez-toc-section\" id=\"7_malmo_stadsbibliotek\"><\/span><strong>7. Malmo Stadsbibliotek<\/strong><span class=\"ez-toc-section-end\"><\/span><\/h3>\n<p><img width=\"800\" height=\"500\" data-public-id=\"Malmo-Stadsbibliotek_ah8xkl\/Malmo-Stadsbibliotek_ah8xkl.jpg\" loading=\"lazy\" decoding=\"async\" class=\"alignnone wp-post-8463 wp-image-8520\" src=\"https:\/\/res.cloudinary.com\/turna\/images\/w_800,h_500,c_scale\/f_auto,q_auto:low\/v1497541715\/Malmo-Stadsbibliotek_ah8xkl\/Malmo-Stadsbibliotek_ah8xkl.jpg?_i=AA\" data-format=\"jpg\" data-transformations=\"f_auto,q_auto:low\" data-version=\"1497541715\" data-seo=\"1\" \/>Modern ve cam a\u011f\u0131rl\u0131kl\u0131 d\u0131\u015f cephesiyle dikkat \u00e7eken g\u00fczel bir k\u00fct\u00fcphaneyi olan\u00a0<strong>Malmo Stadsbibliotek<\/strong>&#8216;e u\u011fray\u0131p,\u00a0\u00fccretsiz kitap gazete dergi vs okuyarak keyifli bir mola verebilirsiniz.<\/p>\n<h3><span class=\"ez-toc-section\" id=\"8_teknoloji_ve_endustri_muzesi\"><\/span><strong>8. Teknoloji ve End\u00fcstri M\u00fczesi<\/strong><span class=\"ez-toc-section-end\"><\/span><\/h3>\n<p><img width=\"800\" height=\"500\" data-public-id=\"Malmo-Teknoloji-Muzesi_hh8odm\/Malmo-Teknoloji-Muzesi_hh8odm.jpg\" loading=\"lazy\" decoding=\"async\" class=\"alignnone wp-post-8463 wp-image-8521\" src=\"https:\/\/res.cloudinary.com\/turna\/images\/w_800,h_500,c_scale\/f_auto,q_auto:low\/v1497541734\/Malmo-Teknoloji-Muzesi_hh8odm\/Malmo-Teknoloji-Muzesi_hh8odm.jpg?_i=AA\" data-format=\"jpg\" data-transformations=\"f_auto,q_auto:low\" data-version=\"1497541734\" data-seo=\"1\" \/><\/p>\n<p>Size adeta zamanda yolculuk yap\u0131yormu\u015fsunuz hissi uyand\u0131racak olan <strong>Teknoloji ve End\u00fcstri M\u00fczesi<\/strong>&#8216;nde ge\u00e7mi\u015ften bu g\u00fcne pek \u00e7ok e\u015fya bulabilirsiniz. Buharl\u0131 trenden, dev eski pusulalara kadar \u00e7ok \u00e7e\u015fitli e\u015fyalar sergileniyor.<\/p>\n<p>T\u00fcrkiye\u2019den aktarmal\u0131 u\u00e7u\u015flarla seyahat edilebilen bu \u015fehir i\u00e7in seyahat planlar\u0131 yapmadan \u00f6nce <a href=\"https:\/\/www.turna.com\/ucak-bileti\/malmo\" target=\"_blank\" rel=\"noopener\">Malm\u00f6 u\u00e7ak bileti<\/a> kampanyalar\u0131na g\u00f6z atarak seyahatinizi daha ekonomik hale d\u00f6n\u00fc\u015ft\u00fcrebilirsiniz. \u0130skandinav co\u011frafyas\u0131n\u0131 ke\u015ffetmek isteyenler i\u00e7in yola \u00e7\u0131kma zaman\u0131!<\/p>\n\n    <div class=\"xs_social_share_widget xs_share_url after_content \t\tmain_content  wslu-style-1 wslu-share-box-shaped wslu-fill-colored wslu-none wslu-share-horizontal wslu-theme-font-no wslu-main_content\">\n\n\t\t\n        <ul>\n\t\t\t        <\/ul>\n    <\/div> \n","protected":false},"excerpt":{"rendered":"<p>Malm\u00f6, Danimarka\u2019n\u0131n Kopenhag \u015fehrine ba\u011flanan uzun k\u00f6pr\u00fcs\u00fc, parklar\u0131 ve tarihi binalar\u0131yla \u00f6ne \u00e7\u0131kan bir yerle\u015fim yeri. \u00dclkenin g\u00fcneyinde, Sk\u00e5ne b\u00f6lgesinde yer alan Malm\u00f6; \u0130sve\u00e7\u2019in en b\u00fcy\u00fck \u00fc\u00e7\u00fcnc\u00fc, \u0130skandinavya \u00fclkelerinin ise en b\u00fcy\u00fck alt\u0131nc\u0131 \u015fehri. \u00dclkenin en hareketli limanlar\u0131ndan birine sahip olan \u015fehir, Ba\u015fkent Kopenhag\u2019a 20 kilometre uzakl\u0131kta bulunuyor. \u0130sve\u00e7\u2019in en \u00e7ok g\u00f6\u00e7 alan \u015fehirleri aras\u0131nda [&hellip;]<\/p>\n","protected":false},"author":14,"featured_media":8514,"comment_status":"open","ping_status":"open","sticky":false,"template":"","format":"standard","meta":{"rop_custom_images_group":[],"rop_custom_messages_group":[],"rop_publish_now":"initial","rop_publish_now_accounts":[],"rop_publish_now_history":[],"rop_publish_now_status":"pending","_cloudinary_featured_overwrite":false,"footnotes":""},"categories":[1207],"tags":[561,1208],"class_list":["post-8463","post","type-post","status-publish","format-standard","has-post-thumbnail","hentry","category-isvec","tag-isvec","tag-malmo"],"_links":{"self":[{"href":"https:\/\/www.turna.com\/blog\/wp-json\/wp\/v2\/posts\/8463","targetHints":{"allow":["GET"]}}],"collection":[{"href":"https:\/\/www.turna.com\/blog\/wp-json\/wp\/v2\/posts"}],"about":[{"href":"https:\/\/www.turna.com\/blog\/wp-json\/wp\/v2\/types\/post"}],"author":[{"embeddable":true,"href":"https:\/\/www.turna.com\/blog\/wp-json\/wp\/v2\/users\/14"}],"replies":[{"embeddable":true,"href":"https:\/\/www.turna.com\/blog\/wp-json\/wp\/v2\/comments?post=8463"}],"version-history":[{"count":0,"href":"https:\/\/www.turna.com\/blog\/wp-json\/wp\/v2\/posts\/8463\/revisions"}],"wp:featuredmedia":[{"embeddable":true,"href":"https:\/\/www.turna.com\/blog\/wp-json\/wp\/v2\/media\/8514"}],"wp:attachment":[{"href":"https:\/\/www.turna.com\/blog\/wp-json\/wp\/v2\/media?parent=8463"}],"wp:term":[{"taxonomy":"category","embeddable":true,"href":"https:\/\/www.turna.com\/blog\/wp-json\/wp\/v2\/categories?post=8463"},{"taxonomy":"post_tag","embeddable":true,"href":"https:\/\/www.turna.com\/blog\/wp-json\/wp\/v2\/tags?post=8463"}],"curies":[{"name":"wp","href":"https:\/\/api.w.org\/{rel}","templated":true}]}}