{"id":8459,"date":"2025-07-17T09:50:37","date_gmt":"2025-07-17T06:50:37","guid":{"rendered":"https:\/\/www.turna.com\/blog\/?p=8459"},"modified":"2025-07-17T09:50:39","modified_gmt":"2025-07-17T06:50:39","slug":"malaga-gorulecek-yerler","status":"publish","type":"post","link":"https:\/\/www.turna.com\/blog\/malaga-gorulecek-yerler","title":{"rendered":"Malaga&#8217;da G\u00f6r\u00fclmesi Gereken 10 Harika Yer"},"content":{"rendered":"<div id=\"ez-toc-container\" class=\"ez-toc-v2_0_82_2 counter-hierarchy ez-toc-counter ez-toc-black ez-toc-container-direction\">\n<div class=\"ez-toc-title-container\">\n<p class=\"ez-toc-title\" style=\"cursor:inherit\">\u0130\u00e7indekiler<\/p>\n<span class=\"ez-toc-title-toggle\"><a href=\"#\" class=\"ez-toc-pull-right ez-toc-btn ez-toc-btn-xs ez-toc-btn-default ez-toc-toggle\" aria-label=\"\u0130\u00e7indekiler Tablosunu A\u00e7\/Kapat\"><span class=\"ez-toc-js-icon-con\"><span class=\"\"><span class=\"eztoc-hide\" style=\"display:none;\">Toggle<\/span><span class=\"ez-toc-icon-toggle-span\"><svg style=\"fill: #ffffff;color:#ffffff\" xmlns=\"http:\/\/www.w3.org\/2000\/svg\" class=\"list-377408\" width=\"20px\" height=\"20px\" viewBox=\"0 0 24 24\" fill=\"none\"><path d=\"M6 6H4v2h2V6zm14 0H8v2h12V6zM4 11h2v2H4v-2zm16 0H8v2h12v-2zM4 16h2v2H4v-2zm16 0H8v2h12v-2z\" fill=\"currentColor\"><\/path><\/svg><svg style=\"fill: #ffffff;color:#ffffff\" class=\"arrow-unsorted-368013\" xmlns=\"http:\/\/www.w3.org\/2000\/svg\" width=\"10px\" height=\"10px\" viewBox=\"0 0 24 24\" version=\"1.2\" baseProfile=\"tiny\"><path d=\"M18.2 9.3l-6.2-6.3-6.2 6.3c-.2.2-.3.4-.3.7s.1.5.3.7c.2.2.4.3.7.3h11c.3 0 .5-.1.7-.3.2-.2.3-.5.3-.7s-.1-.5-.3-.7zM5.8 14.7l6.2 6.3 6.2-6.3c.2-.2.3-.5.3-.7s-.1-.5-.3-.7c-.2-.2-.4-.3-.7-.3h-11c-.3 0-.5.1-.7.3-.2.2-.3.5-.3.7s.1.5.3.7z\"\/><\/svg><\/span><\/span><\/span><\/a><\/span><\/div>\n<nav><ul class='ez-toc-list ez-toc-list-level-1 eztoc-toggle-hide-by-default' ><li class='ez-toc-page-1 ez-toc-heading-level-2'><a class=\"ez-toc-link ez-toc-heading-1\" href=\"https:\/\/www.turna.com\/blog\/malaga-gorulecek-yerler\/#malagada_gorulmesi_gereken_10_harika_yer\" >Malaga&#8217;da G\u00f6r\u00fclmesi Gereken 10 Harika Yer<\/a><ul class='ez-toc-list-level-3' ><li class='ez-toc-heading-level-3'><a class=\"ez-toc-link ez-toc-heading-2\" href=\"https:\/\/www.turna.com\/blog\/malaga-gorulecek-yerler\/#1_gibralfaro_tarikin_feneri\" >1. Gibralfaro (Tar\u0131k&#8217;\u0131n Feneri)<\/a><\/li><li class='ez-toc-page-1 ez-toc-heading-level-3'><a class=\"ez-toc-link ez-toc-heading-3\" href=\"https:\/\/www.turna.com\/blog\/malaga-gorulecek-yerler\/#2_gibralfaro_kalesi\" >2. Gibralfaro Kalesi<\/a><\/li><li class='ez-toc-page-1 ez-toc-heading-level-3'><a class=\"ez-toc-link ez-toc-heading-4\" href=\"https:\/\/www.turna.com\/blog\/malaga-gorulecek-yerler\/#3_picasso_muzesi\" >3. Picasso M\u00fczesi<\/a><\/li><li class='ez-toc-page-1 ez-toc-heading-level-3'><a class=\"ez-toc-link ez-toc-heading-5\" href=\"https:\/\/www.turna.com\/blog\/malaga-gorulecek-yerler\/#4_ronda\" >4. Ronda<\/a><\/li><li class='ez-toc-page-1 ez-toc-heading-level-3'><a class=\"ez-toc-link ez-toc-heading-6\" href=\"https:\/\/www.turna.com\/blog\/malaga-gorulecek-yerler\/#5_marbella_ve_puerta_banus\" >5. Marbella ve Puerta Banus<\/a><\/li><li class='ez-toc-page-1 ez-toc-heading-level-3'><a class=\"ez-toc-link ez-toc-heading-7\" href=\"https:\/\/www.turna.com\/blog\/malaga-gorulecek-yerler\/#6_teatro_romano\" >6. Teatro Romano\u00a0<\/a><\/li><li class='ez-toc-page-1 ez-toc-heading-level-3'><a class=\"ez-toc-link ez-toc-heading-8\" href=\"https:\/\/www.turna.com\/blog\/malaga-gorulecek-yerler\/#7_alcazaba_de_malaga\" >7. Alcazaba de Malaga\u00a0<\/a><\/li><li class='ez-toc-page-1 ez-toc-heading-level-3'><a class=\"ez-toc-link ez-toc-heading-9\" href=\"https:\/\/www.turna.com\/blog\/malaga-gorulecek-yerler\/#8_fundacion_picasso\" >8. Fundacion Picasso\u00a0<\/a><\/li><li class='ez-toc-page-1 ez-toc-heading-level-3'><a class=\"ez-toc-link ez-toc-heading-10\" href=\"https:\/\/www.turna.com\/blog\/malaga-gorulecek-yerler\/#9_malaga_katedrali\" >9. Malaga Katedrali<\/a><\/li><li class='ez-toc-page-1 ez-toc-heading-level-3'><a class=\"ez-toc-link ez-toc-heading-11\" href=\"https:\/\/www.turna.com\/blog\/malaga-gorulecek-yerler\/#10_jardin_botanico\" >10. Jardin Botanico<\/a><\/li><li class='ez-toc-page-1 ez-toc-heading-level-3'><a class=\"ez-toc-link ez-toc-heading-12\" href=\"https:\/\/www.turna.com\/blog\/malaga-gorulecek-yerler\/#bonus_malaga_plajlari\" >Bonus: Malaga Plajlar\u0131<\/a><\/li><\/ul><\/li><\/ul><\/nav><\/div>\n\n<p><strong>Malaga<\/strong>,&nbsp;<a href=\"https:\/\/www.turna.com\/blog\/ulkeler\/avrupa\/ispanya\" target=\"_blank\" rel=\"noopener noreferrer\">\u0130spanya<\/a>&#8216;n\u0131n g\u00fcneyinde&nbsp;Costa del Sol denilen G\u00fcne\u015f Sahilleri \u00fczerine kurulu bir liman \u015fehri. \u015eehir Cebelitar\u0131k Bo\u011faz\u0131na 100, en yak\u0131n Kuzey Afrika sahiline ise 130 kilometre uzakl\u0131kta yer al\u0131yor. \u0130spanya&#8217;n\u0131n&nbsp;End\u00fcl\u00fcs&nbsp;B\u00f6lgesi&#8217;nde bulunan&nbsp;Malaga,&nbsp;Sevilla&#8217;dan sonra End\u00fcl\u00fcs&#8217;\u00fcn en b\u00fcy\u00fck \u015fehri konumunda.<\/p>\n\n\n\n<h2 class=\"wp-block-heading has-text-align-center has-neeon-button-dark-gray-color has-text-color has-link-color wp-elements-8a22928ff74be64daad496deb4e0004d\"><span class=\"ez-toc-section\" id=\"malagada_gorulmesi_gereken_10_harika_yer\"><\/span><strong><strong>Malaga&#8217;da G\u00f6r\u00fclmesi Gereken 10 Harika Yer<\/strong><\/strong><span class=\"ez-toc-section-end\"><\/span><\/h2>\n\n\n\n<h3 class=\"wp-block-heading has-text-align-center has-neeon-button-dark-gray-color has-text-color has-link-color wp-elements-07265e9fee8018242638c5c9be53c61b\"><span class=\"ez-toc-section\" id=\"1_gibralfaro_tarikin_feneri\"><\/span><strong><strong><strong>1. Gibralfaro (Tar\u0131k&#8217;\u0131n Feneri)<\/strong><\/strong><\/strong><span class=\"ez-toc-section-end\"><\/span><\/h3>\n\n\n\n<figure class=\"wp-block-image\"><img width=\"800\" height=\"500\" data-public-id=\"Gibralfaro-Malaga_pzh8go\/Gibralfaro-Malaga_pzh8go.jpg\" fetchpriority=\"high\" decoding=\"async\" src=\"https:\/\/res.cloudinary.com\/turna\/images\/w_800,h_500,c_scale\/f_auto,q_auto:low\/v1500128314\/Gibralfaro-Malaga_pzh8go\/Gibralfaro-Malaga_pzh8go.jpg?_i=AA\" alt=\"\" class=\"wp-post-8459 wp-image-8944\" data-format=\"jpg\" data-transformations=\"f_auto,q_auto:low\" data-version=\"1500128314\" data-seo=\"1\" srcset=\"https:\/\/res.cloudinary.com\/turna\/images\/q_auto\/f_auto,q_auto:low\/v1500128314\/Gibralfaro-Malaga_pzh8go\/Gibralfaro-Malaga_pzh8go.jpg?_i=AA 800w, https:\/\/res.cloudinary.com\/turna\/images\/w_300,h_188,c_scale\/q_auto\/f_auto,q_auto:low\/v1500128314\/Gibralfaro-Malaga_pzh8go\/Gibralfaro-Malaga_pzh8go.jpg?_i=AA 300w, https:\/\/res.cloudinary.com\/turna\/images\/w_672,h_420,c_scale\/q_auto\/f_auto,q_auto:low\/v1500128314\/Gibralfaro-Malaga_pzh8go\/Gibralfaro-Malaga_pzh8go.jpg?_i=AA 672w, https:\/\/res.cloudinary.com\/turna\/images\/w_640,h_400,c_scale\/q_auto\/f_auto,q_auto:low\/v1500128314\/Gibralfaro-Malaga_pzh8go\/Gibralfaro-Malaga_pzh8go.jpg?_i=AA 640w, https:\/\/res.cloudinary.com\/turna\/images\/w_681,h_426,c_scale\/q_auto\/f_auto,q_auto:low\/v1500128314\/Gibralfaro-Malaga_pzh8go\/Gibralfaro-Malaga_pzh8go.jpg?_i=AA 681w\" sizes=\"(max-width: 800px) 100vw, 800px\" \/><\/figure>\n\n\n\n<p>Tarihi \u015fehrin kuruldu\u011fu <strong>Gibralfaro (Tar\u0131k\u2019\u0131n feneri)<\/strong>&nbsp;tepesinden, Malaga\u2019y\u0131 ku\u015f bak\u0131\u015f\u0131 g\u00f6rebiliyorsunuz. Foto\u011fraf makinenizi yan\u0131n\u0131za almazsan\u0131z \u00fcz\u00fclebilirsiniz. Burada hala Fenikeliler\u2018den kalma az da olsa kal\u0131nt\u0131lar var. Fenikeliler\u2019e ait surlar\u0131 \u015fehirdeki Picasso M\u00fczesi\u2019nde g\u00f6rebilirsiniz. Ama ayakta duran kal\u0131nt\u0131lar\u0131n b\u00fcy\u00fck bir b\u00f6l\u00fcm\u00fc End\u00fcl\u00fcs d\u00f6nemine ait.<\/p>\n\n\n\n<h3 class=\"wp-block-heading has-text-align-center has-neeon-button-dark-gray-color has-text-color has-link-color wp-elements-b798b24f3cbc7ed248cd0642ae8c1910\"><span class=\"ez-toc-section\" id=\"2_gibralfaro_kalesi\"><\/span><strong><strong><strong>2. Gibralfaro Kalesi<\/strong><\/strong><\/strong><span class=\"ez-toc-section-end\"><\/span><\/h3>\n\n\n\n<p><strong>Gibralfaro Kalesi<\/strong>, 11. y\u00fczy\u0131lda End\u00fcl\u00fcs Taifalar idaresi s\u0131ras\u0131nda ufak emirliklere b\u00f6l\u00fcnm\u00fc\u015fken yap\u0131lm\u0131\u015f. 13 ve 14. y\u00fczy\u0131lda ise Nasrid Hanedan\u0131 zaman\u0131nda geni\u015fletilmi\u015f. Gibralfaro Kalesi korunakl\u0131 bir yolla Alcazaba adl\u0131 di\u011fer bir kaleye ba\u011flan\u0131yor. Bu kale Arap d\u00f6neminde emirin ikamet etti\u011fi yermi\u015f.<\/p>\n\n\n\n<h3 class=\"wp-block-heading has-text-align-center has-neeon-button-dark-gray-color has-text-color has-link-color wp-elements-8e8ecda6173e46fffb51fb5803233d06\"><span class=\"ez-toc-section\" id=\"3_picasso_muzesi\"><\/span><strong><strong><strong>3. Picasso M\u00fczesi<\/strong><\/strong><\/strong><span class=\"ez-toc-section-end\"><\/span><\/h3>\n\n\n\n<figure class=\"wp-block-image\"><img width=\"800\" height=\"500\" data-public-id=\"Picasso-Muzesi-Malga_zc2oev\/Picasso-Muzesi-Malga_zc2oev.jpg\" decoding=\"async\" src=\"https:\/\/res.cloudinary.com\/turna\/images\/w_800,h_500,c_scale\/f_auto,q_auto:low\/v1500128339\/Picasso-Muzesi-Malga_zc2oev\/Picasso-Muzesi-Malga_zc2oev.jpg?_i=AA\" alt=\"\" class=\"wp-post-8459 wp-image-8946\" data-format=\"jpg\" data-transformations=\"f_auto,q_auto:low\" data-version=\"1500128339\" data-seo=\"1\" srcset=\"https:\/\/res.cloudinary.com\/turna\/images\/q_auto\/f_auto,q_auto:low\/v1500128339\/Picasso-Muzesi-Malga_zc2oev\/Picasso-Muzesi-Malga_zc2oev.jpg?_i=AA 800w, https:\/\/res.cloudinary.com\/turna\/images\/w_300,h_188,c_scale\/q_auto\/f_auto,q_auto:low\/v1500128339\/Picasso-Muzesi-Malga_zc2oev\/Picasso-Muzesi-Malga_zc2oev.jpg?_i=AA 300w, https:\/\/res.cloudinary.com\/turna\/images\/w_672,h_420,c_scale\/q_auto\/f_auto,q_auto:low\/v1500128339\/Picasso-Muzesi-Malga_zc2oev\/Picasso-Muzesi-Malga_zc2oev.jpg?_i=AA 672w, https:\/\/res.cloudinary.com\/turna\/images\/w_640,h_400,c_scale\/q_auto\/f_auto,q_auto:low\/v1500128339\/Picasso-Muzesi-Malga_zc2oev\/Picasso-Muzesi-Malga_zc2oev.jpg?_i=AA 640w, https:\/\/res.cloudinary.com\/turna\/images\/w_681,h_426,c_scale\/q_auto\/f_auto,q_auto:low\/v1500128339\/Picasso-Muzesi-Malga_zc2oev\/Picasso-Muzesi-Malga_zc2oev.jpg?_i=AA 681w\" sizes=\"(max-width: 800px) 100vw, 800px\" \/><\/figure>\n\n\n\n<p><strong>Picasso M\u00fczesi<\/strong>&#8216;nden de anla\u015f\u0131laca\u011f\u0131 \u00fczere \u00fcnl\u00fc ressam Picasso, Malaga\u2019da do\u011far ve sonras\u0131nda Barcelona, Paris, Antibes gibi \u015fehirlerde bir\u00e7ok \u00f6nemli eser b\u0131rak\u0131r. Be\u015f dakikal\u0131k bir y\u00fcr\u00fcy\u00fc\u015f\u00fcn ard\u0131ndan Merced meydan\u0131na ula\u015ft\u0131\u011f\u0131n\u0131zda buras\u0131n\u0131n Picasso\u2019nun do\u011fdu\u011fu yer oldu\u011fu etraftaki resimlerden hatta tapas satan kafelerdeki Picasso g\u00f6rsellerinden bile anla\u015f\u0131l\u0131yor.<\/p>\n\n\n\n<h3 class=\"wp-block-heading has-text-align-center has-neeon-button-dark-gray-color has-text-color has-link-color wp-elements-946845165f1a556b50dff513ea4dfd6c\"><span class=\"ez-toc-section\" id=\"4_ronda\"><\/span><strong><strong><strong>4. Ronda<\/strong><\/strong><\/strong><span class=\"ez-toc-section-end\"><\/span><\/h3>\n\n\n\n<figure class=\"wp-block-image\"><img width=\"800\" height=\"500\" data-public-id=\"Ronda-Malaga_cbnuw9\/Ronda-Malaga_cbnuw9.jpg\" decoding=\"async\" src=\"https:\/\/res.cloudinary.com\/turna\/images\/w_800,h_500,c_scale\/f_auto,q_auto:low\/v1500128354\/Ronda-Malaga_cbnuw9\/Ronda-Malaga_cbnuw9.jpg?_i=AA\" alt=\"\" class=\"wp-post-8459 wp-image-8947\" data-format=\"jpg\" data-transformations=\"f_auto,q_auto:low\" data-version=\"1500128354\" data-seo=\"1\" srcset=\"https:\/\/res.cloudinary.com\/turna\/images\/q_auto\/f_auto,q_auto:low\/v1500128354\/Ronda-Malaga_cbnuw9\/Ronda-Malaga_cbnuw9.jpg?_i=AA 800w, https:\/\/res.cloudinary.com\/turna\/images\/w_300,h_188,c_scale\/q_auto\/f_auto,q_auto:low\/v1500128354\/Ronda-Malaga_cbnuw9\/Ronda-Malaga_cbnuw9.jpg?_i=AA 300w, https:\/\/res.cloudinary.com\/turna\/images\/w_672,h_420,c_scale\/q_auto\/f_auto,q_auto:low\/v1500128354\/Ronda-Malaga_cbnuw9\/Ronda-Malaga_cbnuw9.jpg?_i=AA 672w, https:\/\/res.cloudinary.com\/turna\/images\/w_640,h_400,c_scale\/q_auto\/f_auto,q_auto:low\/v1500128354\/Ronda-Malaga_cbnuw9\/Ronda-Malaga_cbnuw9.jpg?_i=AA 640w, https:\/\/res.cloudinary.com\/turna\/images\/w_681,h_426,c_scale\/q_auto\/f_auto,q_auto:low\/v1500128354\/Ronda-Malaga_cbnuw9\/Ronda-Malaga_cbnuw9.jpg?_i=AA 681w\" sizes=\"(max-width: 800px) 100vw, 800px\" \/><\/figure>\n\n\n\n<p><strong>Ronda<\/strong>, Malaga, SpainMalaga\u2019da bir gece kalma imkan\u0131n\u0131z olursa \u015fehrin 100 km bat\u0131s\u0131nda yer alan Ronda\u2019y\u0131 da muhakkak ziyaret etmelisiniz. \u0130lk defa Keltler taraf\u0131ndan in\u015fa edilen sonras\u0131nda da Fenikellilerce geli\u015ftirilen iki tepe ve onu ba\u011flayan bir k\u00f6pr\u00fc \u00fczerine kurulu bu b\u00f6lge sundu\u011fu g\u00f6rsel \u015f\u00f6lenle belki de Malaga\u2019n\u0131n en fazla g\u00f6r\u00fclmeyi hak eden yeri.<\/p>\n\n\n\n<h3 class=\"wp-block-heading has-text-align-center has-neeon-button-dark-gray-color has-text-color has-link-color wp-elements-24d17446af453e3a8ced5c8984c4a595\"><span class=\"ez-toc-section\" id=\"5_marbella_ve_puerta_banus\"><\/span><strong><strong><strong>5. Marbella ve Puerta Banus<\/strong><\/strong><\/strong><span class=\"ez-toc-section-end\"><\/span><\/h3>\n\n\n\n<figure class=\"wp-block-image\"><img width=\"800\" height=\"500\" data-public-id=\"Marbella_xsbnpu\/Marbella_xsbnpu.jpg\" loading=\"lazy\" decoding=\"async\" src=\"https:\/\/res.cloudinary.com\/turna\/images\/w_800,h_500,c_scale\/f_auto,q_auto:low\/v1500128370\/Marbella_xsbnpu\/Marbella_xsbnpu.jpg?_i=AA\" alt=\"\" class=\"wp-post-8459 wp-image-8948\" data-format=\"jpg\" data-transformations=\"f_auto,q_auto:low\" data-version=\"1500128370\" data-seo=\"1\" srcset=\"https:\/\/res.cloudinary.com\/turna\/images\/q_auto\/f_auto,q_auto:low\/v1500128370\/Marbella_xsbnpu\/Marbella_xsbnpu.jpg?_i=AA 800w, https:\/\/res.cloudinary.com\/turna\/images\/w_300,h_188,c_scale\/q_auto\/f_auto,q_auto:low\/v1500128370\/Marbella_xsbnpu\/Marbella_xsbnpu.jpg?_i=AA 300w, https:\/\/res.cloudinary.com\/turna\/images\/w_672,h_420,c_scale\/q_auto\/f_auto,q_auto:low\/v1500128370\/Marbella_xsbnpu\/Marbella_xsbnpu.jpg?_i=AA 672w, https:\/\/res.cloudinary.com\/turna\/images\/w_640,h_400,c_scale\/q_auto\/f_auto,q_auto:low\/v1500128370\/Marbella_xsbnpu\/Marbella_xsbnpu.jpg?_i=AA 640w, https:\/\/res.cloudinary.com\/turna\/images\/w_681,h_426,c_scale\/q_auto\/f_auto,q_auto:low\/v1500128370\/Marbella_xsbnpu\/Marbella_xsbnpu.jpg?_i=AA 681w\" sizes=\"(max-width: 800px) 100vw, 800px\" \/><\/figure>\n\n\n\n<p>\u015eehirdeki ikinci g\u00fcn\u00fcn\u00fczde g\u00f6r\u00fclebilecek yerlerden biri de <strong>Marbella ve Puerta Banus<\/strong>. Marbella \u00f6zellikle Araplar\u0131n yazl\u0131k evlerinin oldu\u011fu olduk\u00e7a zengin bir yerle\u015fim birimi. Puerta Banus da yine Marbella b\u00f6lgesinde yer al\u0131yor. Yat limanlar\u0131, l\u00fcks al\u0131\u015fveri\u015f merkezleri ve restoranlar\u0131yla Puerta Banus d\u00fcnya jet setini her y\u0131l \u0130spanya\u2019ya \u00e7ekmeyi ba\u015far\u0131yor.<\/p>\n\n\n\n<h3 class=\"wp-block-heading has-text-align-center has-neeon-button-dark-gray-color has-text-color has-link-color wp-elements-245204245a981558e0d21152a89d980d\"><span class=\"ez-toc-section\" id=\"6_teatro_romano\"><\/span>6. <strong><strong>Teatro Romano\u00a0<\/strong><\/strong><span class=\"ez-toc-section-end\"><\/span><\/h3>\n\n\n\n<p>Milattan \u00f6nce 1. y\u00fczy\u0131lda in\u015fa edilen Teatro Romano (Roman Theatre), Alkazaba Kalesi\u2019nin giri\u015finde yer al\u0131yor. Kentin en eski tarihi yap\u0131s\u0131 olarak kay\u0131tlara ge\u00e7mi\u015f tiyatro, kentin Roma egemenli\u011finde oldu\u011fu d\u00f6nemden kalan tek yap\u0131 konumunda. Par\u00e7alar\u0131 kale yap\u0131m\u0131nda kullan\u0131ld\u0131\u011f\u0131 i\u00e7in yap\u0131sal \u00f6zelli\u011finin bir k\u0131sm\u0131n\u0131 kaybeden tiyatronun 2010 y\u0131l\u0131nda a\u00e7\u0131lan ziyaret\u00e7i merkezinden tarihi bilgiler \u00f6\u011frenebilir, \u00e7evreden \u00e7\u0131kar\u0131lan el aletlerini ve seramik e\u015fyalar\u0131 inceleyebilirsiniz.<\/p>\n\n\n\n<h3 class=\"wp-block-heading has-text-align-center has-neeon-button-dark-gray-color has-text-color has-link-color wp-elements-aad49e4d8b1ad63d69f1d1f0287956e6\"><span class=\"ez-toc-section\" id=\"7_alcazaba_de_malaga\"><\/span>7. <strong><strong>Alcazaba de Malaga\u00a0<\/strong><\/strong><span class=\"ez-toc-section-end\"><\/span><\/h3>\n\n\n\n<figure class=\"wp-block-image size-large\"><img decoding=\"async\" src=\"https:\/\/res.cloudinary.com\/turna\/image\/upload\/v1752734859\/wordpress-contents\/Alcazaba_de_Malaga.jpg\" alt=\"\"\/><\/figure>\n\n\n\n<p>Alcazaba de Malaga (Alkazaba Kalesi), 11. y\u00fczy\u0131l\u0131n ba\u015flar\u0131nda Hammudi Hanedan\u0131 taraf\u0131ndan in\u015fa ettirildi. Ad\u0131n\u0131 kale kelimesinin Arap\u00e7a kar\u015f\u0131l\u0131\u011f\u0131ndan alan bu yap\u0131n\u0131n giri\u015finde, ta\u015flar\u0131n\u0131n bir k\u0131sm\u0131 in\u015fa s\u00fcrecinde kullan\u0131lan Roma tiyatrosunun kal\u0131nt\u0131s\u0131 yer al\u0131yor. G\u00fcn\u00fcm\u00fczde arkeoloji m\u00fczesine ev sahipli\u011fi yapan kale, y\u00fcksek konumu sayesinde \u015fehrin ve Akdeniz\u2019in nefes kesen manzaras\u0131n\u0131 g\u00f6zler \u00f6n\u00fcne seriyor.<\/p>\n\n\n\n<h3 class=\"wp-block-heading has-text-align-center has-neeon-button-dark-gray-color has-text-color has-link-color wp-elements-dfa66925ff4675f438239abcf6968827\"><span class=\"ez-toc-section\" id=\"8_fundacion_picasso\"><\/span>8. <strong><strong>Fundacion Picasso\u00a0<\/strong><\/strong><span class=\"ez-toc-section-end\"><\/span><\/h3>\n\n\n\n<p>Pablo Ruiz Picasso Vakf\u0131\u2019n\u0131n genel merkezine de ev sahipli\u011fi yapan Fundacion Picasso (Picasso Do\u011fum Yeri M\u00fczesi), Merced Meydan\u0131\u2019nda bulunuyor. D\u00fcnyaca \u00fcnl\u00fc ressam\u0131n, do\u011fdu\u011fu y\u0131l olan 1881\u2019den 1884\u2019e kadar ya\u015fad\u0131\u011f\u0131 bina i\u00e7erisinde hizmet veren m\u00fczede Picasso\u2019nun yan\u0131 s\u0131ra Mir\u00f3, Chagall ve Max Ernst gibi \u00f6nemli isimlerin \u00e7izimlerinin yer ald\u0131\u011f\u0131 kitaplar sergileniyor. M\u00fczede ana serginin d\u0131\u015f\u0131nda y\u0131l i\u00e7erisinde \u00e7ok say\u0131da k\u00fclt\u00fcrel aktivite d\u00fczenleniyor.<\/p>\n\n\n\n<h3 class=\"wp-block-heading has-text-align-center has-neeon-button-dark-gray-color has-text-color has-link-color wp-elements-dd4f5415fb93c0de546e1abf10f33ef0\"><span class=\"ez-toc-section\" id=\"9_malaga_katedrali\"><\/span>9. <strong><strong>Malaga Katedrali<\/strong><\/strong><span class=\"ez-toc-section-end\"><\/span><\/h3>\n\n\n\n<figure class=\"wp-block-image size-large\"><img decoding=\"async\" src=\"https:\/\/res.cloudinary.com\/turna\/image\/upload\/v1752734859\/wordpress-contents\/Malaga_Katedrali.jpg\" alt=\"\"\/><\/figure>\n\n\n\n<p>D\u0131\u015f k\u0131sm\u0131 Barok, i\u00e7 k\u0131sm\u0131 ise R\u00f6nesans stilli Malaga Cathedral (Malaga Katedrali), Diego de Siloe\u2019nin \u00e7izimleri esas al\u0131narak, Alkazaba ve Gibralfaro kalelerinin y\u0131k\u0131lan b\u00f6l\u00fcmlerinin \u00fczerine in\u015fa edildi. Yap\u0131m\u0131 1528\u2019de ba\u015flay\u0131p, 1782\u2019de biten katedral ikinci kulesi bitirilmedi\u011fi i\u00e7in yerel halk taraf\u0131ndan La Manquita (Tek Kollu Kad\u0131n) olarak adland\u0131r\u0131l\u0131yor. Katedralin i\u00e7erisinde 16. ve 19. y\u00fczy\u0131llar aras\u0131nda yap\u0131lm\u0131\u015f dini resimlerin, heykellerin ve el yazmalar\u0131n\u0131n sergilendi\u011fi bir m\u00fcze de hizmet veriyor.<\/p>\n\n\n\n<h3 class=\"wp-block-heading has-text-align-center has-neeon-button-dark-gray-color has-text-color has-link-color wp-elements-6095209caf0db0845ff07c29b64cce6b\"><span class=\"ez-toc-section\" id=\"10_jardin_botanico\"><\/span>10. <strong><strong>Jardin Botanico<\/strong><\/strong><span class=\"ez-toc-section-end\"><\/span><\/h3>\n\n\n\n<p>Malaga\u2019da biraz olsun \u015fehirden uzakla\u015f\u0131p nefes almak isterseniz, Jardin Botanico tam da arad\u0131\u011f\u0131n\u0131z yer olabilir. Buras\u0131 1855\u2019te kurulmu\u015f, \u00f6yle rastgele bir bah\u00e7e de\u011fil; 2.500\u2019den fazla bitki t\u00fcr\u00fcn\u00fcn bir araya geldi\u011fi, ger\u00e7ekten \u00f6zenle olu\u015fturulmu\u015f bir yer. Y\u00fcr\u00fcrken her k\u00f6\u015fede farkl\u0131 bir renk, farkl\u0131 bir koku sizi kar\u015f\u0131l\u0131yor. Sessizlik i\u00e7inde sadece ku\u015f seslerini duymak, asfalt\u0131n ve g\u00fcr\u00fclt\u00fcn\u00fcn uza\u011f\u0131nda bir iki saat ge\u00e7irmek isteyenler i\u00e7in birebir. Yolunuz d\u00fc\u015ferse, \u015f\u00f6yle sakin bir y\u00fcr\u00fcy\u00fc\u015f yapmadan d\u00f6nmemelisiniz.<\/p>\n\n\n\n<h3 class=\"wp-block-heading\"><span class=\"ez-toc-section\" id=\"bonus_malaga_plajlari\"><\/span><strong>Bonus: Malaga Plajlar\u0131<\/strong><span class=\"ez-toc-section-end\"><\/span><\/h3>\n\n\n\n<p>Malum \u015fehir \u0130spanya\u2019n\u0131n en \u00f6nemli yazl\u0131k destinasyonlar\u0131ndan biri. Tarihi kadar plajlar\u0131 ile de me\u015fhur bir tatil beldesi buras\u0131. \u015eehrin en pop\u00fcler plajlar\u0131 ise Malagueta, Palo ve Pedregalejo.<\/p>\n\n\n\n<p><a href=\"https:\/\/www.turna.com\/ucak-bileti\/malaga\" target=\"_blank\" rel=\"noopener noreferrer\">Malaga u\u00e7ak bileti<\/a>nizi al\u0131p, \u0130spanya&#8217;n\u0131n birbirinden g\u00fczel sokaklar\u0131nda keyif dolu bir tatil yapma f\u0131rsat\u0131n\u0131 ka\u00e7\u0131rmay\u0131n.<\/p>\n\n    <div class=\"xs_social_share_widget xs_share_url after_content \t\tmain_content  wslu-style-1 wslu-share-box-shaped wslu-fill-colored wslu-none wslu-share-horizontal wslu-theme-font-no wslu-main_content\">\n\n\t\t\n        <ul>\n\t\t\t        <\/ul>\n    <\/div> \n","protected":false},"excerpt":{"rendered":"<p>Malaga,&nbsp;\u0130spanya&#8216;n\u0131n g\u00fcneyinde&nbsp;Costa del Sol denilen G\u00fcne\u015f Sahilleri \u00fczerine kurulu bir liman \u015fehri. \u015eehir Cebelitar\u0131k Bo\u011faz\u0131na 100, en yak\u0131n Kuzey Afrika sahiline ise 130 kilometre uzakl\u0131kta yer al\u0131yor. \u0130spanya&#8217;n\u0131n&nbsp;End\u00fcl\u00fcs&nbsp;B\u00f6lgesi&#8217;nde bulunan&nbsp;Malaga,&nbsp;Sevilla&#8217;dan sonra End\u00fcl\u00fcs&#8217;\u00fcn en b\u00fcy\u00fck \u015fehri konumunda. Malaga&#8217;da G\u00f6r\u00fclmesi Gereken 10 Harika Yer 1. Gibralfaro (Tar\u0131k&#8217;\u0131n Feneri) Tarihi \u015fehrin kuruldu\u011fu Gibralfaro (Tar\u0131k\u2019\u0131n feneri)&nbsp;tepesinden, Malaga\u2019y\u0131 ku\u015f bak\u0131\u015f\u0131 g\u00f6rebiliyorsunuz. [&hellip;]<\/p>\n","protected":false},"author":29,"featured_media":8948,"comment_status":"open","ping_status":"open","sticky":false,"template":"","format":"standard","meta":{"rop_custom_images_group":[],"rop_custom_messages_group":[],"rop_publish_now":"initial","rop_publish_now_accounts":[],"rop_publish_now_history":[],"rop_publish_now_status":"pending","_cloudinary_featured_overwrite":false,"footnotes":""},"categories":[165],"tags":[317,1205],"class_list":["post-8459","post","type-post","status-publish","format-standard","has-post-thumbnail","hentry","category-ispanya","tag-ispanya","tag-malaga"],"_links":{"self":[{"href":"https:\/\/www.turna.com\/blog\/wp-json\/wp\/v2\/posts\/8459","targetHints":{"allow":["GET"]}}],"collection":[{"href":"https:\/\/www.turna.com\/blog\/wp-json\/wp\/v2\/posts"}],"about":[{"href":"https:\/\/www.turna.com\/blog\/wp-json\/wp\/v2\/types\/post"}],"author":[{"embeddable":true,"href":"https:\/\/www.turna.com\/blog\/wp-json\/wp\/v2\/users\/29"}],"replies":[{"embeddable":true,"href":"https:\/\/www.turna.com\/blog\/wp-json\/wp\/v2\/comments?post=8459"}],"version-history":[{"count":0,"href":"https:\/\/www.turna.com\/blog\/wp-json\/wp\/v2\/posts\/8459\/revisions"}],"wp:featuredmedia":[{"embeddable":true,"href":"https:\/\/www.turna.com\/blog\/wp-json\/wp\/v2\/media\/8948"}],"wp:attachment":[{"href":"https:\/\/www.turna.com\/blog\/wp-json\/wp\/v2\/media?parent=8459"}],"wp:term":[{"taxonomy":"category","embeddable":true,"href":"https:\/\/www.turna.com\/blog\/wp-json\/wp\/v2\/categories?post=8459"},{"taxonomy":"post_tag","embeddable":true,"href":"https:\/\/www.turna.com\/blog\/wp-json\/wp\/v2\/tags?post=8459"}],"curies":[{"name":"wp","href":"https:\/\/api.w.org\/{rel}","templated":true}]}}