{"id":8399,"date":"2017-07-18T00:56:14","date_gmt":"2017-07-17T21:56:14","guid":{"rendered":"https:\/\/www.turna.com\/blog\/?p=8399"},"modified":"2019-08-07T12:11:53","modified_gmt":"2019-08-07T09:11:53","slug":"budva-gorulecek-yerler","status":"publish","type":"post","link":"https:\/\/www.turna.com\/blog\/budva-gorulecek-yerler","title":{"rendered":"Adriyatik&#8217;in Plaj Cenneti: Budva"},"content":{"rendered":"<div id=\"ez-toc-container\" class=\"ez-toc-v2_0_82_2 counter-hierarchy ez-toc-counter ez-toc-black ez-toc-container-direction\">\n<div class=\"ez-toc-title-container\">\n<p class=\"ez-toc-title\" style=\"cursor:inherit\">\u0130\u00e7indekiler<\/p>\n<span class=\"ez-toc-title-toggle\"><a href=\"#\" class=\"ez-toc-pull-right ez-toc-btn ez-toc-btn-xs ez-toc-btn-default ez-toc-toggle\" aria-label=\"\u0130\u00e7indekiler Tablosunu A\u00e7\/Kapat\"><span class=\"ez-toc-js-icon-con\"><span class=\"\"><span class=\"eztoc-hide\" style=\"display:none;\">Toggle<\/span><span class=\"ez-toc-icon-toggle-span\"><svg style=\"fill: #ffffff;color:#ffffff\" xmlns=\"http:\/\/www.w3.org\/2000\/svg\" class=\"list-377408\" width=\"20px\" height=\"20px\" viewBox=\"0 0 24 24\" fill=\"none\"><path d=\"M6 6H4v2h2V6zm14 0H8v2h12V6zM4 11h2v2H4v-2zm16 0H8v2h12v-2zM4 16h2v2H4v-2zm16 0H8v2h12v-2z\" fill=\"currentColor\"><\/path><\/svg><svg style=\"fill: #ffffff;color:#ffffff\" class=\"arrow-unsorted-368013\" xmlns=\"http:\/\/www.w3.org\/2000\/svg\" width=\"10px\" height=\"10px\" viewBox=\"0 0 24 24\" version=\"1.2\" baseProfile=\"tiny\"><path d=\"M18.2 9.3l-6.2-6.3-6.2 6.3c-.2.2-.3.4-.3.7s.1.5.3.7c.2.2.4.3.7.3h11c.3 0 .5-.1.7-.3.2-.2.3-.5.3-.7s-.1-.5-.3-.7zM5.8 14.7l6.2 6.3 6.2-6.3c.2-.2.3-.5.3-.7s-.1-.5-.3-.7c-.2-.2-.4-.3-.7-.3h-11c-.3 0-.5.1-.7.3-.2.2-.3.5-.3.7s.1.5.3.7z\"\/><\/svg><\/span><\/span><\/span><\/a><\/span><\/div>\n<nav><ul class='ez-toc-list ez-toc-list-level-1 eztoc-toggle-hide-by-default' ><li class='ez-toc-page-1 ez-toc-heading-level-2'><a class=\"ez-toc-link ez-toc-heading-1\" href=\"https:\/\/www.turna.com\/blog\/budva-gorulecek-yerler\/#budvada_gorulmesi_gereken_yerler\" >Budva\u2019da G\u00f6r\u00fclmesi Gereken Yerler<\/a><ul class='ez-toc-list-level-3' ><li class='ez-toc-heading-level-3'><a class=\"ez-toc-link ez-toc-heading-2\" href=\"https:\/\/www.turna.com\/blog\/budva-gorulecek-yerler\/#1_old_town\" >1. Old Town\u00a0<\/a><\/li><li class='ez-toc-page-1 ez-toc-heading-level-3'><a class=\"ez-toc-link ez-toc-heading-3\" href=\"https:\/\/www.turna.com\/blog\/budva-gorulecek-yerler\/#2_budva_sehir_muzesi\" >2. Budva \u015eehir M\u00fczesi<\/a><\/li><li class='ez-toc-page-1 ez-toc-heading-level-3'><a class=\"ez-toc-link ez-toc-heading-4\" href=\"https:\/\/www.turna.com\/blog\/budva-gorulecek-yerler\/#3_budva_modern_galerisi\" >3. Budva Modern Galerisi<\/a><\/li><li class='ez-toc-page-1 ez-toc-heading-level-3'><a class=\"ez-toc-link ez-toc-heading-5\" href=\"https:\/\/www.turna.com\/blog\/budva-gorulecek-yerler\/#4_sveti_stefan\" >4. Sveti Stefan<\/a><\/li><li class='ez-toc-page-1 ez-toc-heading-level-3'><a class=\"ez-toc-link ez-toc-heading-6\" href=\"https:\/\/www.turna.com\/blog\/budva-gorulecek-yerler\/#5_sveti_nikola_adasi\" >5. Sveti Nikola Adas\u0131<\/a><\/li><li class='ez-toc-page-1 ez-toc-heading-level-3'><a class=\"ez-toc-link ez-toc-heading-7\" href=\"https:\/\/www.turna.com\/blog\/budva-gorulecek-yerler\/#6_etnografya_muzesi\" >6. Etno\u011frafya M\u00fczesi<\/a><\/li><\/ul><\/li><\/ul><\/nav><\/div>\n<p><strong>Budva<\/strong> gezilecek yer zenginli\u011fi bak\u0131m\u0131ndan\u00a0Adriyatik\u2018in ve<a href=\"https:\/\/www.turna.com\/blog\/ulkeler\/avrupa\" target=\"_blank\" rel=\"noopener noreferrer\"> Avrupa<\/a>&#8216;n\u0131n en \u00fcnl\u00fc tatil beldelerinden.\u00a0Mini Dubrovnik olarak adland\u0131r\u0131lan \u015fehir sahip oldu\u011fu do\u011fal g\u00fczellikleri ve denizi ile gezginleri kendine hayran b\u0131rak\u0131yor. Bu y\u00fczden e\u011fer yaz aylar\u0131nda \u015fehri ziyaret etmeyi planl\u0131yorsan\u0131z mayonuzu almay\u0131 unutmay\u0131n. \u00d6zellikle Rusya ve \u00e7evredeki \u00fclkelerin jet sosyetesinin ak\u0131n\u0131na u\u011frayan bu \u015fehrin Balkan turu d\u00fc\u015f\u00fcnen gezginlerin gezi rotalar\u0131nda yer almas\u0131 gerekiyor.<\/p>\n<h2><span class=\"ez-toc-section\" id=\"budvada_gorulmesi_gereken_yerler\"><\/span><strong>Budva\u2019da G\u00f6r\u00fclmesi Gereken Yerler<\/strong><span class=\"ez-toc-section-end\"><\/span><\/h2>\n<h3><span class=\"ez-toc-section\" id=\"1_old_town\"><\/span><strong>1. Old Town\u00a0<\/strong><span class=\"ez-toc-section-end\"><\/span><\/h3>\n<p><img width=\"800\" height=\"500\" data-public-id=\"Budva-Old-Town_g1xzhn\/Budva-Old-Town_g1xzhn.jpg\" fetchpriority=\"high\" decoding=\"async\" class=\"alignnone wp-post-8399 wp-image-8978\" src=\"https:\/\/res.cloudinary.com\/turna\/images\/w_800,h_500,c_scale\/f_auto,q_auto:low\/v1500415668\/Budva-Old-Town_g1xzhn\/Budva-Old-Town_g1xzhn.jpg?_i=AA\" data-format=\"jpg\" data-transformations=\"f_auto,q_auto:low\" data-version=\"1500415668\" data-seo=\"1\" \/><\/p>\n<p>Budva\u2019n\u0131n yo\u011fun ilgi g\u00f6ren b\u00f6lgelerinden biri olan <strong>Old Town (Stari Grad)<\/strong>, Budva\u2019n\u0131n g\u00fcney ucunda yer alan kayal\u0131k bir zemin \u00fczerinde konumlan\u0131yor. Yunan ve Romal\u0131lara ev sahipli\u011fi yapan b\u00f6lgede g\u00fcn\u00fcm\u00fcze kadar ula\u015fm\u0131\u015f olan yap\u0131lar\u0131n b\u00fcy\u00fck \u00e7o\u011funlu\u011fu ise Venedik h\u00e2kimiyeti alt\u0131ndayken yap\u0131lm\u0131\u015ft\u0131r. Kale duvarlar\u0131 arkas\u0131nda kalan Old Town\u2019\u0131n ta\u015f sokaklar\u0131nda gezerken kendinizi Orta \u00c7a\u011f d\u00f6neminde hissedebilirsiniz.<\/p>\n<h3><span class=\"ez-toc-section\" id=\"2_budva_sehir_muzesi\"><\/span><strong>2. Budva \u015eehir M\u00fczesi<\/strong><span class=\"ez-toc-section-end\"><\/span><\/h3>\n<p>Old Town\u2019da bulunan <strong>Budva \u015eehir M\u00fczesi<\/strong>\u2019nde, 1957-1958 y\u0131llar\u0131nda yap\u0131lan arkeolojik kaz\u0131lar sonucu \u00e7\u0131kar\u0131lan materyaller sergileniyor. M\u00fczede Yunan, Roma ve Bizans d\u00f6neminde kalma par\u00e7alar, geleneksel k\u0131yafetler, denizcilik ekipmanlar\u0131, silahlar, mobilyalar ve g\u00fcnl\u00fck e\u015fyalardan \u00f6rnekler bulabilirsiniz.<\/p>\n<h3><span class=\"ez-toc-section\" id=\"3_budva_modern_galerisi\"><\/span><strong>3. Budva Modern Galerisi<\/strong><span class=\"ez-toc-section-end\"><\/span><\/h3>\n<p><img width=\"800\" height=\"500\" data-public-id=\"Budva-Art-Gallery_a8mqj7\/Budva-Art-Gallery_a8mqj7.jpg\" decoding=\"async\" class=\"alignnone wp-post-8399 wp-image-8979\" src=\"https:\/\/res.cloudinary.com\/turna\/images\/w_800,h_500,c_scale\/f_auto,q_auto:low\/v1500415686\/Budva-Art-Gallery_a8mqj7\/Budva-Art-Gallery_a8mqj7.jpg?_i=AA\" data-format=\"jpg\" data-transformations=\"f_auto,q_auto:low\" data-version=\"1500415686\" data-seo=\"1\" \/><\/p>\n<p>Yugoslavya d\u00f6nemine ait modern sanat \u00fcr\u00fcnlerini bulabilece\u011finiz <strong>Budva Modern Galerisi<\/strong>, Budva \u015eehir M\u00fczesi\u2019ne olduk\u00e7a yak\u0131n. Galeride sergi d\u00fczenleyen sanat\u00e7\u0131lar\u0131n her biri en az bir eserini galeriye ba\u011f\u0131\u015flam\u0131\u015f ve ortaya 400 modern sanat eserine sahip bu olu\u015fum \u00e7\u0131km\u0131\u015f. Modern sanata ilginiz ve vaktiniz varsa galeriyi mutlaka gezmelisiniz.<\/p>\n<h3><span class=\"ez-toc-section\" id=\"4_sveti_stefan\"><\/span><strong>4. Sveti Stefan<\/strong><span class=\"ez-toc-section-end\"><\/span><\/h3>\n<p><img width=\"800\" height=\"500\" data-public-id=\"Sveti-Stefan_qhsdy3\/Sveti-Stefan_qhsdy3.jpg\" decoding=\"async\" class=\"alignnone wp-post-8399 wp-image-8980\" src=\"https:\/\/res.cloudinary.com\/turna\/images\/w_800,h_500,c_scale\/f_auto,q_auto:low\/v1500415701\/Sveti-Stefan_qhsdy3\/Sveti-Stefan_qhsdy3.jpg?_i=AA\" data-format=\"jpg\" data-transformations=\"f_auto,q_auto:low\" data-version=\"1500415701\" data-seo=\"1\" \/><\/p>\n<p><strong>Sveti Stefan<\/strong> adas\u0131n\u0131n tarihi 15. y\u00fczy\u0131la kadar uzan\u0131yor. \u00d6nceleri kara ile ba\u011flant\u0131s\u0131 olmayan bir bal\u0131k\u00e7\u0131 kasabas\u0131 olan Stevi Stefan daha sonra \u00fcnl\u00fc bir oteller zincirinin aday\u0131 otuz y\u0131ll\u0131\u011f\u0131na kiralamas\u0131 sonucunda apayr\u0131 bir i\u015flev kazanarak Prenses Margaret, Sylvester Stalone, Claudia Schiffer ve Sofia Loren gibi d\u00fcnyaca \u00fcnl\u00fc y\u0131ld\u0131zlar\u0131 a\u011f\u0131rlad\u0131. Ada, Budva merkezine 15 dakikal\u0131k bir mesafede.<\/p>\n<h3><span class=\"ez-toc-section\" id=\"5_sveti_nikola_adasi\"><\/span><strong>5. Sveti Nikola Adas\u0131<\/strong><span class=\"ez-toc-section-end\"><\/span><\/h3>\n<p><img width=\"800\" height=\"500\" data-public-id=\"Sveti-Nikola-Island_upmoav\/Sveti-Nikola-Island_upmoav.jpg\" loading=\"lazy\" decoding=\"async\" class=\"alignnone wp-post-8399 wp-image-8981\" src=\"data:image\/svg+xml;base64,PHN2ZyB4bWxucz0iaHR0cDovL3d3dy53My5vcmcvMjAwMC9zdmciIHdpZHRoPSI4MDAiIGhlaWdodD0iNTAwIj48cmVjdCB3aWR0aD0iMTAwJSIgaGVpZ2h0PSIxMDAlIj48YW5pbWF0ZSBhdHRyaWJ1dGVOYW1lPSJmaWxsIiB2YWx1ZXM9InJnYmEoMTUzLDE1MywxNTMsMC41KTtyZ2JhKDE1MywxNTMsMTUzLDAuMSk7cmdiYSgxNTMsMTUzLDE1MywwLjUpIiBkdXI9IjJzIiByZXBlYXRDb3VudD0iaW5kZWZpbml0ZSIgLz48L3JlY3Q+PC9zdmc+\" data-format=\"jpg\" data-transformations=\"f_auto,q_auto\/f_auto,q_auto:low\" data-version=\"1500415718\" data-seo=\"1\" data-size=\"800 500\" data-delivery=\"upload\" onload=\";window.CLDBind?CLDBind(this):null;\" data-cloudinary=\"lazy\" \/><\/p>\n<p>Hawaii olarak adland\u0131r\u0131lan <strong>Sveti Nikola Adas\u0131<\/strong> Budva\u2019ya yaln\u0131zca bir kilometre uzakl\u0131kta. \u00dc\u00e7 adet de kumsal\u0131 bulunan adaya bot taksi ya da sandalla ula\u015f\u0131m sa\u011flan\u0131yor. Bot taksinin \u00fccreti gidi\u015f-d\u00f6n\u00fc\u015f ortalama 3-5 euro. Do\u011fal yap\u0131s\u0131 bozulmadan kalan adada \u00e7ok say\u0131da farkl\u0131 bitki ve hayvan \u00e7e\u015fidi g\u00f6rebilirsiniz.<\/p>\n<h3><span class=\"ez-toc-section\" id=\"6_etnografya_muzesi\"><\/span><strong>6. Etno\u011frafya M\u00fczesi<\/strong><span class=\"ez-toc-section-end\"><\/span><\/h3>\n<p>Budva\u2019n\u0131n k\u00f6kl\u00fc tarihine ra\u011fmen bu m\u00fcze sadece son yirmi y\u0131ll\u0131k s\u00fcreci yans\u0131tan <strong>Etno\u011frafya M\u00fczesi<\/strong>\u2019nde Budva tarihi ile ilgili resimli bilgilere ula\u015fabilirsiniz. Ayr\u0131ca Helenistik d\u00f6neme ait eserler, vazolar, tak\u0131lar\u0131n da sergilendi\u011fi m\u00fczede Yunan, Romal\u0131, Bizans, Slav ve Budva\u2019y\u0131 etkileyen di\u011fer topluluklarla ilgili eserler de g\u00f6r\u00fclebilir.<\/p>\n<p>Budva&#8217;ya T\u00fcrkiye&#8217;den direkt u\u00e7u\u015f bulunmuyor. Bu nedenle <a href=\"https:\/\/www.turna.com\/ucak-bileti\/podgorica\" target=\"_blank\" rel=\"noopener noreferrer\">Podgorica u\u00e7ak bileti<\/a>nizi al\u0131p \u015fehre ula\u015ft\u0131ktan sonra otob\u00fcsler arac\u0131l\u0131\u011f\u0131yla Budya&#8217;da gidebilir ve Balkanlar\u0131n bu e\u015fsiz \u015fehrini yak\u0131ndan tan\u0131y\u0131p unutulmaz bir seyahat yapabilirsiniz.<\/p>\n\n    <div class=\"xs_social_share_widget xs_share_url after_content \t\tmain_content  wslu-style-1 wslu-share-box-shaped wslu-fill-colored wslu-none wslu-share-horizontal wslu-theme-font-no wslu-main_content\">\n\n\t\t\n        <ul>\n\t\t\t        <\/ul>\n    <\/div> \n","protected":false},"excerpt":{"rendered":"<p>Budva gezilecek yer zenginli\u011fi bak\u0131m\u0131ndan\u00a0Adriyatik\u2018in ve Avrupa&#8216;n\u0131n en \u00fcnl\u00fc tatil beldelerinden.\u00a0Mini Dubrovnik olarak adland\u0131r\u0131lan \u015fehir sahip oldu\u011fu do\u011fal g\u00fczellikleri ve denizi ile gezginleri kendine hayran b\u0131rak\u0131yor. Bu y\u00fczden e\u011fer yaz aylar\u0131nda \u015fehri ziyaret etmeyi planl\u0131yorsan\u0131z mayonuzu almay\u0131 unutmay\u0131n. \u00d6zellikle Rusya ve \u00e7evredeki \u00fclkelerin jet sosyetesinin ak\u0131n\u0131na u\u011frayan bu \u015fehrin Balkan turu d\u00fc\u015f\u00fcnen gezginlerin gezi rotalar\u0131nda [&hellip;]<\/p>\n","protected":false},"author":29,"featured_media":8981,"comment_status":"open","ping_status":"open","sticky":false,"template":"","format":"standard","meta":{"rop_custom_images_group":[],"rop_custom_messages_group":[],"rop_publish_now":"initial","rop_publish_now_accounts":[],"rop_publish_now_history":[],"rop_publish_now_status":"pending","_cloudinary_featured_overwrite":false,"footnotes":""},"categories":[1195],"tags":[1200,660],"class_list":["post-8399","post","type-post","status-publish","format-standard","has-post-thumbnail","hentry","category-karadag","tag-budva","tag-karadag"],"_links":{"self":[{"href":"https:\/\/www.turna.com\/blog\/wp-json\/wp\/v2\/posts\/8399","targetHints":{"allow":["GET"]}}],"collection":[{"href":"https:\/\/www.turna.com\/blog\/wp-json\/wp\/v2\/posts"}],"about":[{"href":"https:\/\/www.turna.com\/blog\/wp-json\/wp\/v2\/types\/post"}],"author":[{"embeddable":true,"href":"https:\/\/www.turna.com\/blog\/wp-json\/wp\/v2\/users\/29"}],"replies":[{"embeddable":true,"href":"https:\/\/www.turna.com\/blog\/wp-json\/wp\/v2\/comments?post=8399"}],"version-history":[{"count":0,"href":"https:\/\/www.turna.com\/blog\/wp-json\/wp\/v2\/posts\/8399\/revisions"}],"wp:featuredmedia":[{"embeddable":true,"href":"https:\/\/www.turna.com\/blog\/wp-json\/wp\/v2\/media\/8981"}],"wp:attachment":[{"href":"https:\/\/www.turna.com\/blog\/wp-json\/wp\/v2\/media?parent=8399"}],"wp:term":[{"taxonomy":"category","embeddable":true,"href":"https:\/\/www.turna.com\/blog\/wp-json\/wp\/v2\/categories?post=8399"},{"taxonomy":"post_tag","embeddable":true,"href":"https:\/\/www.turna.com\/blog\/wp-json\/wp\/v2\/tags?post=8399"}],"curies":[{"name":"wp","href":"https:\/\/api.w.org\/{rel}","templated":true}]}}