{"id":8397,"date":"2017-06-24T00:23:22","date_gmt":"2017-06-23T21:23:22","guid":{"rendered":"https:\/\/www.turna.com\/blog\/?p=8397"},"modified":"2020-01-27T15:46:46","modified_gmt":"2020-01-27T12:46:46","slug":"hannover-gezilecek-yerler","status":"publish","type":"post","link":"https:\/\/www.turna.com\/blog\/hannover-gezilecek-yerler","title":{"rendered":"Almanya&#8217;n\u0131n Fuar Ba\u015fkenti: Hannover"},"content":{"rendered":"<div id=\"ez-toc-container\" class=\"ez-toc-v2_0_82_2 counter-hierarchy ez-toc-counter ez-toc-black ez-toc-container-direction\">\n<div class=\"ez-toc-title-container\">\n<p class=\"ez-toc-title\" style=\"cursor:inherit\">\u0130\u00e7indekiler<\/p>\n<span class=\"ez-toc-title-toggle\"><a href=\"#\" class=\"ez-toc-pull-right ez-toc-btn ez-toc-btn-xs ez-toc-btn-default ez-toc-toggle\" aria-label=\"\u0130\u00e7indekiler Tablosunu A\u00e7\/Kapat\"><span class=\"ez-toc-js-icon-con\"><span class=\"\"><span class=\"eztoc-hide\" style=\"display:none;\">Toggle<\/span><span class=\"ez-toc-icon-toggle-span\"><svg style=\"fill: #ffffff;color:#ffffff\" xmlns=\"http:\/\/www.w3.org\/2000\/svg\" class=\"list-377408\" width=\"20px\" height=\"20px\" viewBox=\"0 0 24 24\" fill=\"none\"><path d=\"M6 6H4v2h2V6zm14 0H8v2h12V6zM4 11h2v2H4v-2zm16 0H8v2h12v-2zM4 16h2v2H4v-2zm16 0H8v2h12v-2z\" fill=\"currentColor\"><\/path><\/svg><svg style=\"fill: #ffffff;color:#ffffff\" class=\"arrow-unsorted-368013\" xmlns=\"http:\/\/www.w3.org\/2000\/svg\" width=\"10px\" height=\"10px\" viewBox=\"0 0 24 24\" version=\"1.2\" baseProfile=\"tiny\"><path d=\"M18.2 9.3l-6.2-6.3-6.2 6.3c-.2.2-.3.4-.3.7s.1.5.3.7c.2.2.4.3.7.3h11c.3 0 .5-.1.7-.3.2-.2.3-.5.3-.7s-.1-.5-.3-.7zM5.8 14.7l6.2 6.3 6.2-6.3c.2-.2.3-.5.3-.7s-.1-.5-.3-.7c-.2-.2-.4-.3-.7-.3h-11c-.3 0-.5.1-.7.3-.2.2-.3.5-.3.7s.1.5.3.7z\"\/><\/svg><\/span><\/span><\/span><\/a><\/span><\/div>\n<nav><ul class='ez-toc-list ez-toc-list-level-1 eztoc-toggle-hide-by-default' ><li class='ez-toc-page-1 ez-toc-heading-level-2'><a class=\"ez-toc-link ez-toc-heading-1\" href=\"https:\/\/www.turna.com\/blog\/hannover-gezilecek-yerler\/#hannover_sehrinde_gezilecek_yerler\" >Hannover \u015eehrinde Gezilecek Yerler<\/a><ul class='ez-toc-list-level-3' ><li class='ez-toc-heading-level-3'><a class=\"ez-toc-link ez-toc-heading-2\" href=\"https:\/\/www.turna.com\/blog\/hannover-gezilecek-yerler\/#1_herrenhausen_bahceleri\" >1. Herrenhausen Bah\u00e7eleri<\/a><\/li><li class='ez-toc-page-1 ez-toc-heading-level-3'><a class=\"ez-toc-link ez-toc-heading-3\" href=\"https:\/\/www.turna.com\/blog\/hannover-gezilecek-yerler\/#2_sprengel_muzesi\" >2. Sprengel M\u00fczesi<\/a><\/li><li class='ez-toc-page-1 ez-toc-heading-level-3'><a class=\"ez-toc-link ez-toc-heading-4\" href=\"https:\/\/www.turna.com\/blog\/hannover-gezilecek-yerler\/#3_nana_heykelleri\" >3. Nana Heykelleri<\/a><\/li><li class='ez-toc-page-1 ez-toc-heading-level-3'><a class=\"ez-toc-link ez-toc-heading-5\" href=\"https:\/\/www.turna.com\/blog\/hannover-gezilecek-yerler\/#4_hayvanat_bahcesi\" >4. Hayvanat Bah\u00e7esi<\/a><\/li><li class='ez-toc-page-1 ez-toc-heading-level-3'><a class=\"ez-toc-link ez-toc-heading-6\" href=\"https:\/\/www.turna.com\/blog\/hannover-gezilecek-yerler\/#5_eski_sehir\" >5. Eski \u015eehir<\/a><\/li><\/ul><\/li><\/ul><\/nav><\/div>\n<p><a href=\"https:\/\/www.turna.com\/blog\/ulkeler\/avrupa\/almanya\" target=\"_blank\" rel=\"noopener noreferrer\">Almanya<\/a>\u2019n\u0131n fuarlar kenti <strong>Hannover<\/strong>, birbirinden g\u00fczel ye\u015fil alanlar\u0131 ve parklar\u0131yla gezginler aras\u0131nda \u00fcn yapm\u0131\u015f durumda. Trafik sorununun ya\u015fanmad\u0131\u011f\u0131 ender Avrupa kentlerinden biri olan Hannover\u2019da toplu ula\u015f\u0131m a\u011f\u0131 ve yolcular\u0131 bu a\u011fa y\u00f6nlendiren sistem olduk\u00e7a geli\u015fmi\u015f durumda. \u0130leri d\u00fczeydeki bu sistemde kullan\u0131lan tramvay, otob\u00fcs ve banliy\u00f6 trenleriyle gitmek istedi\u011finiz noktaya k\u0131sa s\u00fcreler i\u00e7erisinde ula\u015fabilirsiniz.<\/p>\n<h2><span class=\"ez-toc-section\" id=\"hannover_sehrinde_gezilecek_yerler\"><\/span><strong>Hannover \u015eehrinde Gezilecek Yerler<\/strong><span class=\"ez-toc-section-end\"><\/span><\/h2>\n<h3><span class=\"ez-toc-section\" id=\"1_herrenhausen_bahceleri\"><\/span><strong>1. Herrenhausen Bah\u00e7eleri<\/strong><span class=\"ez-toc-section-end\"><\/span><\/h3>\n<p><img width=\"800\" height=\"500\" data-public-id=\"Herrenhauser-Garten_m1ouj7\/Herrenhauser-Garten_m1ouj7.jpg\" fetchpriority=\"high\" decoding=\"async\" class=\"alignnone wp-post-8397 wp-image-8632\" src=\"https:\/\/res.cloudinary.com\/turna\/images\/w_800,h_500,c_scale\/f_auto,q_auto:low\/v1498252966\/Herrenhauser-Garten_m1ouj7\/Herrenhauser-Garten_m1ouj7.jpg?_i=AA\" data-format=\"jpg\" data-transformations=\"f_auto,q_auto:low\" data-version=\"1498252966\" data-seo=\"1\" \/>Avrupa\u2019daki Barok tarz\u0131 bah\u00e7eler i\u00e7erisinde en tan\u0131nm\u0131\u015flar\u0131ndan birisi <strong>olan Herrenhausen Bah\u00e7eleri (Herrenh\u00e4usen G\u00e4rten)<\/strong>, Versay Saray\u0131\u2019n\u0131n bah\u00e7elerinden ilham al\u0131narak 1692-1714 y\u0131llar\u0131 aras\u0131ndan in\u015fa edilmi\u015f. Pop\u00fcler ye\u015fil alan, \u0130ngiliz bah\u00e7eleri \u00f6rnek al\u0131narak tasarlanan Georgengarten ve Welfengarten ile sebze yeti\u015ftirilen alandan botanik bah\u00e7esine d\u00f6n\u00fc\u015ft\u00fcr\u00fclen Berggarten\u2019in birle\u015fiminden olu\u015fuyor. 2. D\u00fcnya Sava\u015f\u0131\u2019nda tamamen tahrip olan Herrenhausen Kalesi\u2019nin arazisine kurulan bah\u00e7eleri yaz d\u00f6neminde yap\u0131lan festivalleri ve konserleri g\u00f6rmek i\u00e7in Hannover gezilecek yerler listenize ekleyebilirsiniz.<\/p>\n<h3><span class=\"ez-toc-section\" id=\"2_sprengel_muzesi\"><\/span><strong>2. Sprengel M\u00fczesi<\/strong><span class=\"ez-toc-section-end\"><\/span><\/h3>\n<p>Modern sanatlar alan\u0131nda Almanya\u2019n\u0131n en etkileyici koleksiyonuna sahip olan <strong>Sprengel M\u00fczesi (Sprengel Museum)<\/strong>, Bernhard Sprengel\u2019in ki\u015fisel koleksiyonunu ba\u011f\u0131\u015flamas\u0131 ve binas\u0131n\u0131n in\u015fas\u0131na finansal destek vermesi ile 1979\u2019da a\u00e7\u0131lm\u0131\u015f. Bar\u0131nd\u0131rd\u0131\u011f\u0131 sanat eserlerinin say\u0131s\u0131n\u0131n artmas\u0131 sonucu binas\u0131 1992\u2019de ve 2010\u2019da geni\u015fletilen m\u00fczede Max Ernst, Fernand Leger, Pablo Picasso, Emil Nolde gibi \u00fcnl\u00fc ressamlar\u0131n \u00e7al\u0131\u015fmalar\u0131n\u0131 inceleyebilir, k\u00fct\u00fcphanesinde 20. ve 21. y\u00fczy\u0131l modern sanat ak\u0131m\u0131na dair bilgilere ula\u015fabilirsiniz.<\/p>\n<h3><span class=\"ez-toc-section\" id=\"3_nana_heykelleri\"><\/span><strong>3. Nana Heykelleri<\/strong><span class=\"ez-toc-section-end\"><\/span><\/h3>\n<p><img width=\"800\" height=\"500\" data-public-id=\"The-Nanas-Sculptures_fs3v3p\/The-Nanas-Sculptures_fs3v3p.jpg\" decoding=\"async\" class=\"alignnone wp-post-8397 wp-image-8631\" src=\"https:\/\/res.cloudinary.com\/turna\/images\/w_800,h_500,c_scale\/f_auto,q_auto:low\/v1498252950\/The-Nanas-Sculptures_fs3v3p\/The-Nanas-Sculptures_fs3v3p.jpg?_i=AA\" data-format=\"jpg\" data-transformations=\"f_auto,q_auto:low\" data-version=\"1498252950\" data-seo=\"1\" \/><\/p>\n<p>2000 y\u0131l\u0131nda kendisine verilen \u00f6d\u00fcle minnettarl\u0131\u011f\u0131n\u0131 kendisine ait 300 \u00e7al\u0131\u015fmay\u0131 Sprengel M\u00fczesi\u2019ne ba\u011f\u0131\u015flayarak g\u00f6steren Niki de Saint Phalle taraf\u0131ndan 1960\u2019l\u0131 y\u0131llarda kad\u0131n hareketlerini desteklemek i\u00e7in yarat\u0131lan <strong>Nana Heykelleri (The Nanas Sculptures)<\/strong>, 1974\u2019ten bu yana kentin en pop\u00fcler mek\u00e2nlar\u0131 aras\u0131nda say\u0131l\u0131yor. \u0130lgi \u00e7ekici k\u0131vr\u0131mlar\u0131 ve parlak renkleriyle g\u00f6ze \u00e7arpan Sophie, Caroline, Charlotte isimli heykellerin d\u0131\u015f\u0131nda K\u00f6nigsworther Meydan\u0131\u2019na do\u011fru y\u00fcr\u00fcrseniz, 8 farkl\u0131 sanat\u00e7\u0131 taraf\u0131ndan yap\u0131lm\u0131\u015f heykelleri de g\u00f6rebilirsiniz. A\u00e7\u0131k hava m\u00fczesi g\u00f6r\u00fcn\u00fcm\u00fcndeki alanda gezintiniz bitti\u011finde, yak\u0131n\u0131ndaki bit pazar\u0131na g\u00f6z atabilirsiniz.<\/p>\n<h3><span class=\"ez-toc-section\" id=\"4_hayvanat_bahcesi\"><\/span><strong>4. Hayvanat Bah\u00e7esi<\/strong><span class=\"ez-toc-section-end\"><\/span><\/h3>\n<p>\u015eehir merkezindeki 22 hektarl\u0131k bir alan \u00fczerine yay\u0131lan <strong>Hannover Hayvanat Bah\u00e7esi <\/strong>(Erlebnis Zoo Hannover), 1865 y\u0131l\u0131nda kurulmu\u015f. \u00d6zellikle \u00e7ocuklu ailelerin Hannover gezilecek yerler listelerine ekleyebilecekleri hayvanat bah\u00e7esi, 5 kilometre uzunlu\u011fundaki bir patikayla birbirine ba\u011flanm\u0131\u015f 8 farkl\u0131 tema alan\u0131na sahip. Almanya\u2019n\u0131n en eski 5. do\u011fal ya\u015fam park\u0131nda 250\u2019ye yak\u0131n t\u00fcre ait 3.400 hayvan bar\u0131n\u0131yor. Hayvanat bah\u00e7esi i\u00e7erisinde gezmekten s\u0131k\u0131lanlar i\u00e7in oyun alanlar\u0131 ve restoranlar faaliyet g\u00f6steriyor.<\/p>\n<h3><span class=\"ez-toc-section\" id=\"5_eski_sehir\"><\/span><strong>5. Eski \u015eehir<\/strong><span class=\"ez-toc-section-end\"><\/span><\/h3>\n<p><img width=\"800\" height=\"500\" data-public-id=\"Altstadt-Hannover_ryfstv\/Altstadt-Hannover_ryfstv.jpg\" decoding=\"async\" class=\"alignnone wp-post-8397 wp-image-8630\" src=\"https:\/\/res.cloudinary.com\/turna\/images\/w_800,h_500,c_scale\/f_auto,q_auto:low\/v1498252934\/Altstadt-Hannover_ryfstv\/Altstadt-Hannover_ryfstv.jpg?_i=AA\" data-format=\"jpg\" data-transformations=\"f_auto,q_auto:low\" data-version=\"1498252934\" data-seo=\"1\" \/><\/p>\n<p>D\u00fcnya Sava\u015f\u0131 s\u0131ras\u0131nda bombaland\u0131\u011f\u0131 i\u00e7in b\u00fcy\u00fck zarar g\u00f6ren; ancak ba\u015far\u0131l\u0131 bir yenileme program\u0131yla k\u0131sa s\u00fcre i\u00e7erisinde eski g\u00f6rkemini yeniden kazanan <strong>Eski \u015eehir<\/strong> B\u00f6lgesi (Altstadt), Hannover\u2019in tarihi k\u0131sm\u0131n\u0131 olu\u015fturuyor. Kimi binalar\u0131nda sava\u015f\u0131n izlerini g\u00f6rebilece\u011finiz yerle\u015fim b\u00f6lgesinde ziyaret edebilece\u011finiz mek\u00e2nlar\u0131n ba\u015f\u0131nda \u00c7ar\u015f\u0131 Kilisesi, Eski Belediye Binas\u0131 ve Balhof Binas\u0131 geliyor. Gezintiniz s\u0131ras\u0131nda soluklanabilece\u011finiz pek \u00e7ok kafenin ve restoran\u0131n bulundu\u011fu b\u00f6lgede ayr\u0131ca \u015eehir M\u00fczesi faaliyet g\u00f6steriyor.<\/p>\n<p>Siz de <a href=\"https:\/\/www.turna.com\/ucak-bileti\/hannover\" target=\"_blank\" rel=\"noopener noreferrer\">Hannover u\u00e7ak bileti<\/a> f\u0131rsatlar\u0131n\u0131 takip ederek bu etkileyici \u015fehri ve sokaklar\u0131n\u0131 ke\u015ffe \u00e7\u0131kabilirsiniz.<\/p>\n\n\n<p> <strong>NOT<\/strong>: <strong><a rel=\"noreferrer noopener\" href=\"https:\/\/www.turna.com\/sikca-sorulan-sorular\/almanya-vizesi\" target=\"_blank\">Almanya vizesi<\/a><\/strong> hakk\u0131nda da Turna.com \u00fczerinden detayl\u0131 bilgi alabilirsiniz. <\/p>\n\n    <div class=\"xs_social_share_widget xs_share_url after_content \t\tmain_content  wslu-style-1 wslu-share-box-shaped wslu-fill-colored wslu-none wslu-share-horizontal wslu-theme-font-no wslu-main_content\">\n\n\t\t\n        <ul>\n\t\t\t        <\/ul>\n    <\/div> \n","protected":false},"excerpt":{"rendered":"<p>Almanya\u2019n\u0131n fuarlar kenti Hannover, birbirinden g\u00fczel ye\u015fil alanlar\u0131 ve parklar\u0131yla gezginler aras\u0131nda \u00fcn yapm\u0131\u015f durumda. Trafik sorununun ya\u015fanmad\u0131\u011f\u0131 ender Avrupa kentlerinden biri olan Hannover\u2019da toplu ula\u015f\u0131m a\u011f\u0131 ve yolcular\u0131 bu a\u011fa y\u00f6nlendiren sistem olduk\u00e7a geli\u015fmi\u015f durumda. \u0130leri d\u00fczeydeki bu sistemde kullan\u0131lan tramvay, otob\u00fcs ve banliy\u00f6 trenleriyle gitmek istedi\u011finiz noktaya k\u0131sa s\u00fcreler i\u00e7erisinde ula\u015fabilirsiniz. Hannover \u015eehrinde [&hellip;]<\/p>\n","protected":false},"author":14,"featured_media":8630,"comment_status":"open","ping_status":"open","sticky":false,"template":"","format":"standard","meta":{"rop_custom_images_group":[],"rop_custom_messages_group":[],"rop_publish_now":"initial","rop_publish_now_accounts":[],"rop_publish_now_history":[],"rop_publish_now_status":"pending","_cloudinary_featured_overwrite":false,"footnotes":""},"categories":[110],"tags":[120,1199],"class_list":["post-8397","post","type-post","status-publish","format-standard","has-post-thumbnail","hentry","category-almanya","tag-almanya","tag-hannover"],"_links":{"self":[{"href":"https:\/\/www.turna.com\/blog\/wp-json\/wp\/v2\/posts\/8397","targetHints":{"allow":["GET"]}}],"collection":[{"href":"https:\/\/www.turna.com\/blog\/wp-json\/wp\/v2\/posts"}],"about":[{"href":"https:\/\/www.turna.com\/blog\/wp-json\/wp\/v2\/types\/post"}],"author":[{"embeddable":true,"href":"https:\/\/www.turna.com\/blog\/wp-json\/wp\/v2\/users\/14"}],"replies":[{"embeddable":true,"href":"https:\/\/www.turna.com\/blog\/wp-json\/wp\/v2\/comments?post=8397"}],"version-history":[{"count":0,"href":"https:\/\/www.turna.com\/blog\/wp-json\/wp\/v2\/posts\/8397\/revisions"}],"wp:featuredmedia":[{"embeddable":true,"href":"https:\/\/www.turna.com\/blog\/wp-json\/wp\/v2\/media\/8630"}],"wp:attachment":[{"href":"https:\/\/www.turna.com\/blog\/wp-json\/wp\/v2\/media?parent=8397"}],"wp:term":[{"taxonomy":"category","embeddable":true,"href":"https:\/\/www.turna.com\/blog\/wp-json\/wp\/v2\/categories?post=8397"},{"taxonomy":"post_tag","embeddable":true,"href":"https:\/\/www.turna.com\/blog\/wp-json\/wp\/v2\/tags?post=8397"}],"curies":[{"name":"wp","href":"https:\/\/api.w.org\/{rel}","templated":true}]}}