{"id":8395,"date":"2017-08-05T00:40:01","date_gmt":"2017-08-04T21:40:01","guid":{"rendered":"https:\/\/www.turna.com\/blog\/?p=8395"},"modified":"2022-01-03T12:18:13","modified_gmt":"2022-01-03T09:18:13","slug":"stutgart-gezilecek-yerler","status":"publish","type":"post","link":"https:\/\/www.turna.com\/blog\/stutgart-gezilecek-yerler","title":{"rendered":"Stuttgart\u2019ta Gezilecek 8 Turistik Yer"},"content":{"rendered":"<div id=\"ez-toc-container\" class=\"ez-toc-v2_0_82_2 counter-hierarchy ez-toc-counter ez-toc-black ez-toc-container-direction\">\n<div class=\"ez-toc-title-container\">\n<p class=\"ez-toc-title\" style=\"cursor:inherit\">\u0130\u00e7indekiler<\/p>\n<span class=\"ez-toc-title-toggle\"><a href=\"#\" class=\"ez-toc-pull-right ez-toc-btn ez-toc-btn-xs ez-toc-btn-default ez-toc-toggle\" aria-label=\"\u0130\u00e7indekiler Tablosunu A\u00e7\/Kapat\"><span class=\"ez-toc-js-icon-con\"><span class=\"\"><span class=\"eztoc-hide\" style=\"display:none;\">Toggle<\/span><span class=\"ez-toc-icon-toggle-span\"><svg style=\"fill: #ffffff;color:#ffffff\" xmlns=\"http:\/\/www.w3.org\/2000\/svg\" class=\"list-377408\" width=\"20px\" height=\"20px\" viewBox=\"0 0 24 24\" fill=\"none\"><path d=\"M6 6H4v2h2V6zm14 0H8v2h12V6zM4 11h2v2H4v-2zm16 0H8v2h12v-2zM4 16h2v2H4v-2zm16 0H8v2h12v-2z\" fill=\"currentColor\"><\/path><\/svg><svg style=\"fill: #ffffff;color:#ffffff\" class=\"arrow-unsorted-368013\" xmlns=\"http:\/\/www.w3.org\/2000\/svg\" width=\"10px\" height=\"10px\" viewBox=\"0 0 24 24\" version=\"1.2\" baseProfile=\"tiny\"><path d=\"M18.2 9.3l-6.2-6.3-6.2 6.3c-.2.2-.3.4-.3.7s.1.5.3.7c.2.2.4.3.7.3h11c.3 0 .5-.1.7-.3.2-.2.3-.5.3-.7s-.1-.5-.3-.7zM5.8 14.7l6.2 6.3 6.2-6.3c.2-.2.3-.5.3-.7s-.1-.5-.3-.7c-.2-.2-.4-.3-.7-.3h-11c-.3 0-.5.1-.7.3-.2.2-.3.5-.3.7s.1.5.3.7z\"\/><\/svg><\/span><\/span><\/span><\/a><\/span><\/div>\n<nav><ul class='ez-toc-list ez-toc-list-level-1 eztoc-toggle-hide-by-default' ><li class='ez-toc-page-1 ez-toc-heading-level-2'><a class=\"ez-toc-link ez-toc-heading-1\" href=\"https:\/\/www.turna.com\/blog\/stutgart-gezilecek-yerler\/#stuttgart_sehrinde_gezilmesi_gereken_yerler\" >Stuttgart \u015eehrinde Gezilmesi Gereken Yerler<\/a><ul class='ez-toc-list-level-3' ><li class='ez-toc-heading-level-3'><a class=\"ez-toc-link ez-toc-heading-2\" href=\"https:\/\/www.turna.com\/blog\/stutgart-gezilecek-yerler\/#1_mercedes_benz_muzesi\" >1. Mercedes Benz M\u00fczesi<\/a><\/li><li class='ez-toc-page-1 ez-toc-heading-level-3'><a class=\"ez-toc-link ez-toc-heading-3\" href=\"https:\/\/www.turna.com\/blog\/stutgart-gezilecek-yerler\/#2_guzel_sanatlar_muzesi\" >2. G\u00fczel Sanatlar M\u00fczesi<\/a><\/li><li class='ez-toc-page-1 ez-toc-heading-level-3'><a class=\"ez-toc-link ez-toc-heading-4\" href=\"https:\/\/www.turna.com\/blog\/stutgart-gezilecek-yerler\/#3_johanneskirche_kilisesi\" >3. Johanneskirche Kilisesi<\/a><\/li><li class='ez-toc-page-1 ez-toc-heading-level-3'><a class=\"ez-toc-link ez-toc-heading-5\" href=\"https:\/\/www.turna.com\/blog\/stutgart-gezilecek-yerler\/#4_yalnizlik_kalesi\" >4. Yaln\u0131zl\u0131k Kalesi<\/a><\/li><li class='ez-toc-page-1 ez-toc-heading-level-3'><a class=\"ez-toc-link ez-toc-heading-6\" href=\"https:\/\/www.turna.com\/blog\/stutgart-gezilecek-yerler\/#5_wilhelma_hayvanat_bahcesi\" >5. Wilhelma Hayvanat Bah\u00e7esi<\/a><\/li><li class='ez-toc-page-1 ez-toc-heading-level-3'><a class=\"ez-toc-link ez-toc-heading-7\" href=\"https:\/\/www.turna.com\/blog\/stutgart-gezilecek-yerler\/#6_saray_meydani_schlossplatz\" >6. Saray Meydan\u0131 (Schlossplatz)<\/a><\/li><li class='ez-toc-page-1 ez-toc-heading-level-3'><a class=\"ez-toc-link ez-toc-heading-8\" href=\"https:\/\/www.turna.com\/blog\/stutgart-gezilecek-yerler\/#7_maulbronn_manastir_kompleksi\" >7. Maulbronn Manast\u0131r Kompleksi<\/a><\/li><\/ul><\/li><\/ul><\/nav><\/div>\n<p><a href=\"https:\/\/www.turna.com\/blog\/ulkeler\/avrupa\/almanya\" target=\"_blank\" rel=\"noopener noreferrer\">Almanya<\/a>\u2019da otomobil sanayinin kalbinin att\u0131\u011f\u0131 <strong>Stuttgart<\/strong>\u2019ta hem otomobil d\u00fcnyas\u0131na ait \u00f6nemli m\u00fczeler hem de tarihi yap\u0131lar yer al\u0131yor. Almanya\u2019n\u0131n end\u00fcstriyel anlamda en aktif \u015fehri olan&nbsp;Stuttgart&nbsp;Porsche, Mercedes-Benz, Bosch, SAP gibi kendi alanlar\u0131nda d\u00fcnyan\u0131n en b\u00fcy\u00fck markalar\u0131 haline gelmi\u015f \u015firketlere ev sahipli\u011fi yap\u0131yor. Da\u011fl\u0131k bir b\u00f6lge \u00fczerine kurulu kent ayr\u0131ca do\u011fal g\u00fczelliklerin tarihi binalarla b\u00fct\u00fcnle\u015fti\u011fi yap\u0131s\u0131yla dikkat \u00e7ekiyor. Kentin bu \u00f6zelliklerinden dolay\u0131 \u015fehirdeki&nbsp;gezilecek yerler&nbsp;listesinin b\u00fcy\u00fck \u00e7o\u011funlu\u011fu end\u00fcstriyel m\u00fczelerden, parklardan ve bir zamanlar W\u00fcrttemberg Hanedan\u0131\u2019n\u0131n kulland\u0131\u011f\u0131 \u015fatolardan olu\u015fuyor.<\/p>\n<h2><span class=\"ez-toc-section\" id=\"stuttgart_sehrinde_gezilmesi_gereken_yerler\"><\/span><strong>Stuttgart \u015eehrinde Gezilmesi Gereken Yerler<\/strong><span class=\"ez-toc-section-end\"><\/span><\/h2>\n<h3><span class=\"ez-toc-section\" id=\"1_mercedes_benz_muzesi\"><\/span><strong>1. Mercedes Benz M\u00fczesi<\/strong><span class=\"ez-toc-section-end\"><\/span><\/h3>\n<p><img width=\"800\" height=\"500\" data-public-id=\"Mercedes-Muzesi-Stuttgart_zzqkyi\/Mercedes-Muzesi-Stuttgart_zzqkyi.jpg\" fetchpriority=\"high\" decoding=\"async\" class=\"alignnone wp-post-8395 wp-image-9136\" src=\"https:\/\/res.cloudinary.com\/turna\/images\/w_800,h_500,c_scale\/f_auto,q_auto\/f_auto,q_auto:low\/v1501882755\/Mercedes-Muzesi-Stuttgart_zzqkyi\/Mercedes-Muzesi-Stuttgart_zzqkyi.jpg?_i=AA\" data-format=\"jpg\" data-transformations=\"f_auto,q_auto\/f_auto,q_auto:low\" data-version=\"1501882755\" data-seo=\"1\" srcset=\"https:\/\/res.cloudinary.com\/turna\/images\/f_auto,q_auto\/f_auto,q_auto\/f_auto,q_auto:low\/v1501882755\/Mercedes-Muzesi-Stuttgart_zzqkyi\/Mercedes-Muzesi-Stuttgart_zzqkyi.jpg?_i=AA 800w, https:\/\/res.cloudinary.com\/turna\/images\/w_300,h_188,c_scale\/f_auto,q_auto\/f_auto,q_auto\/f_auto,q_auto:low\/v1501882755\/Mercedes-Muzesi-Stuttgart_zzqkyi\/Mercedes-Muzesi-Stuttgart_zzqkyi.jpg?_i=AA 300w, https:\/\/res.cloudinary.com\/turna\/images\/w_672,h_420,c_scale\/f_auto,q_auto\/f_auto,q_auto\/f_auto,q_auto:low\/v1501882755\/Mercedes-Muzesi-Stuttgart_zzqkyi\/Mercedes-Muzesi-Stuttgart_zzqkyi.jpg?_i=AA 672w, https:\/\/res.cloudinary.com\/turna\/images\/w_640,h_400,c_scale\/f_auto,q_auto\/f_auto,q_auto\/f_auto,q_auto:low\/v1501882755\/Mercedes-Muzesi-Stuttgart_zzqkyi\/Mercedes-Muzesi-Stuttgart_zzqkyi.jpg?_i=AA 640w, https:\/\/res.cloudinary.com\/turna\/images\/w_681,h_426,c_scale\/f_auto,q_auto\/f_auto,q_auto\/f_auto,q_auto:low\/v1501882755\/Mercedes-Muzesi-Stuttgart_zzqkyi\/Mercedes-Muzesi-Stuttgart_zzqkyi.jpg?_i=AA 681w\" sizes=\"(max-width: 800px) 100vw, 800px\" \/>Almanya\u2019da otomobilin kalbinin att\u0131\u011f\u0131 \u015fehir olarak an\u0131lan Stuttgart\u2019\u0131n en pop\u00fcler turistik noktas\u0131 da Mercedes Benz M\u00fczesi. Pazartesi g\u00fcnleri kapal\u0131 olan bu 9 katl\u0131 m\u00fczede, 160 otomobil ve bir\u00e7ok farkl\u0131 sergi yer al\u0131yor.<\/p>\n<h3><span class=\"ez-toc-section\" id=\"2_guzel_sanatlar_muzesi\"><\/span><strong>2. G\u00fczel Sanatlar M\u00fczesi<\/strong><span class=\"ez-toc-section-end\"><\/span><\/h3>\n<p>\u015eehir merkezinde k\u00fcp \u015feklinde camdan yap\u0131lm\u0131\u015f bir bina olarak in\u015fa edilen <strong>G\u00fczel Sanatlar M\u00fczesi<\/strong>, Alman sanat\u00e7\u0131lar\u0131n\u0131n eserlerine ev sahipli\u011fi yap\u0131yor. Cam piramit \u015feklindeki bu m\u00fcze i\u00e7erisinde kafe ve restoranlar da bulunuyor.<\/p>\n<h3><span class=\"ez-toc-section\" id=\"3_johanneskirche_kilisesi\"><\/span><strong>3. Johanneskirche Kilisesi<\/strong><span class=\"ez-toc-section-end\"><\/span><\/h3>\n<p><img width=\"800\" height=\"500\" data-public-id=\"Johanneskirche-Kilisesi_zyczys\/Johanneskirche-Kilisesi_zyczys.jpg\" decoding=\"async\" class=\"alignnone wp-post-8395 wp-image-9137\" src=\"https:\/\/res.cloudinary.com\/turna\/images\/w_800,h_500,c_scale\/f_auto,q_auto\/f_auto,q_auto:low\/v1501882767\/Johanneskirche-Kilisesi_zyczys\/Johanneskirche-Kilisesi_zyczys.jpg?_i=AA\" data-format=\"jpg\" data-transformations=\"f_auto,q_auto\/f_auto,q_auto:low\" data-version=\"1501882767\" data-seo=\"1\" srcset=\"https:\/\/res.cloudinary.com\/turna\/images\/f_auto,q_auto\/f_auto,q_auto\/f_auto,q_auto:low\/v1501882767\/Johanneskirche-Kilisesi_zyczys\/Johanneskirche-Kilisesi_zyczys.jpg?_i=AA 800w, https:\/\/res.cloudinary.com\/turna\/images\/w_300,h_188,c_scale\/f_auto,q_auto\/f_auto,q_auto\/f_auto,q_auto:low\/v1501882767\/Johanneskirche-Kilisesi_zyczys\/Johanneskirche-Kilisesi_zyczys.jpg?_i=AA 300w, https:\/\/res.cloudinary.com\/turna\/images\/w_672,h_420,c_scale\/f_auto,q_auto\/f_auto,q_auto\/f_auto,q_auto:low\/v1501882767\/Johanneskirche-Kilisesi_zyczys\/Johanneskirche-Kilisesi_zyczys.jpg?_i=AA 672w, https:\/\/res.cloudinary.com\/turna\/images\/w_640,h_400,c_scale\/f_auto,q_auto\/f_auto,q_auto\/f_auto,q_auto:low\/v1501882767\/Johanneskirche-Kilisesi_zyczys\/Johanneskirche-Kilisesi_zyczys.jpg?_i=AA 640w, https:\/\/res.cloudinary.com\/turna\/images\/w_681,h_426,c_scale\/f_auto,q_auto\/f_auto,q_auto\/f_auto,q_auto:low\/v1501882767\/Johanneskirche-Kilisesi_zyczys\/Johanneskirche-Kilisesi_zyczys.jpg?_i=AA 681w\" sizes=\"(max-width: 800px) 100vw, 800px\" \/><\/p>\n<p>Neo gotik tarzda in\u015fa edilmi\u015f Protestan Kilisesi olan <strong>Johanneskirche Kilisesi<\/strong>\u2019nin yap\u0131m\u0131na 1864 y\u0131l\u0131nda ba\u015flanm\u0131\u015f. G\u00f6l kenar\u0131nda yer alan bu g\u00f6rkemli kilise, II. D\u00fcnya Sava\u015f\u0131\u2019nda \u00e7ok zarar g\u00f6rm\u00fc\u015f. Hatta kubbesi y\u0131k\u0131lm\u0131\u015f. Tepesi olmayan kilise olarak da an\u0131lan kilisenin kubbesi sava\u015f\u0131n izlerini hat\u0131rlamak an\u0131s\u0131na tam olarak onar\u0131lmam\u0131\u015f.<\/p>\n<h3><span class=\"ez-toc-section\" id=\"4_yalnizlik_kalesi\"><\/span><strong>4. Yaln\u0131zl\u0131k Kalesi<\/strong><span class=\"ez-toc-section-end\"><\/span><\/h3>\n<p>W\u00fcrttember D\u00fck\u00fc Karl Eugen\u2019in av gezilerinde kullanmas\u0131 amac\u0131yla yapt\u0131r\u0131lan bu saray, kaleyi and\u0131rmas\u0131 sebebiyle <strong>Yaln\u0131zl\u0131k Kalesi<\/strong> ismiyle an\u0131l\u0131yor. G\u00fcn\u00fcm\u00fczde bir b\u00f6l\u00fcm\u00fc m\u00fcze olarak ziyaret edilen ve Rococo mimari \u00f6rne\u011fini bar\u0131nd\u0131ran saray ayn\u0131 zamanda 17.y\u00fczy\u0131l soylu ya\u015fam\u0131ndan da \u00f6rnekler sunuyor.<\/p>\n<h3><span class=\"ez-toc-section\" id=\"5_wilhelma_hayvanat_bahcesi\"><\/span><strong>5. Wilhelma Hayvanat Bah\u00e7esi<\/strong><span class=\"ez-toc-section-end\"><\/span><\/h3>\n<p>8000\u2019den fazla hayvan t\u00fcr\u00fc ve 5000\u2019den fazla bitki t\u00fcr\u00fcne ev sahipli\u011fi yapan <strong>Wilhelma Hayvanat Bah\u00e7esi<\/strong>, 19. y\u00fczy\u0131lda Kral I. Wilhem i\u00e7in in\u015fa edilmi\u015f. \u00d6zellikle \u00e7ocuklu aileler bu geziden olduk\u00e7a keyif alabilir.<\/p>\n<h3><span class=\"ez-toc-section\" id=\"6_saray_meydani_schlossplatz\"><\/span><strong>6. Saray Meydan\u0131 (Schlossplatz)<\/strong><span class=\"ez-toc-section-end\"><\/span><\/h3>\n<p><img width=\"800\" height=\"500\" data-public-id=\"Schlossplatz-Stuttgart_msfink\/Schlossplatz-Stuttgart_msfink.jpg\" decoding=\"async\" class=\"alignnone wp-post-8395 wp-image-9138\" src=\"https:\/\/res.cloudinary.com\/turna\/images\/w_800,h_500,c_scale\/f_auto,q_auto\/f_auto,q_auto:low\/v1501882781\/Schlossplatz-Stuttgart_msfink\/Schlossplatz-Stuttgart_msfink.jpg?_i=AA\" data-format=\"jpg\" data-transformations=\"f_auto,q_auto\/f_auto,q_auto:low\" data-version=\"1501882781\" data-seo=\"1\" srcset=\"https:\/\/res.cloudinary.com\/turna\/images\/f_auto,q_auto\/f_auto,q_auto\/f_auto,q_auto:low\/v1501882781\/Schlossplatz-Stuttgart_msfink\/Schlossplatz-Stuttgart_msfink.jpg?_i=AA 800w, https:\/\/res.cloudinary.com\/turna\/images\/w_300,h_188,c_scale\/f_auto,q_auto\/f_auto,q_auto\/f_auto,q_auto:low\/v1501882781\/Schlossplatz-Stuttgart_msfink\/Schlossplatz-Stuttgart_msfink.jpg?_i=AA 300w, https:\/\/res.cloudinary.com\/turna\/images\/w_672,h_420,c_scale\/f_auto,q_auto\/f_auto,q_auto\/f_auto,q_auto:low\/v1501882781\/Schlossplatz-Stuttgart_msfink\/Schlossplatz-Stuttgart_msfink.jpg?_i=AA 672w, https:\/\/res.cloudinary.com\/turna\/images\/w_640,h_400,c_scale\/f_auto,q_auto\/f_auto,q_auto\/f_auto,q_auto:low\/v1501882781\/Schlossplatz-Stuttgart_msfink\/Schlossplatz-Stuttgart_msfink.jpg?_i=AA 640w, https:\/\/res.cloudinary.com\/turna\/images\/w_681,h_426,c_scale\/f_auto,q_auto\/f_auto,q_auto\/f_auto,q_auto:low\/v1501882781\/Schlossplatz-Stuttgart_msfink\/Schlossplatz-Stuttgart_msfink.jpg?_i=AA 681w\" sizes=\"(max-width: 800px) 100vw, 800px\" \/><\/p>\n<p>Yeni Saray\u2019\u0131n ortas\u0131nda yer alan <strong>Saray Meydan\u0131 (Schlossplatz)<\/strong> ayn\u0131 zamanda Stuttgart \u015fehir merkezinin de ortas\u0131 say\u0131l\u0131r. 1746-1806 y\u0131llar\u0131 aras\u0131nda in\u015fa edilen Saray, bug\u00fcn Baden-Wuttermberg Eyalet merkezi olarak kullan\u0131lmakta. \u015eehrin en pop\u00fcler bulu\u015fma noktas\u0131 olan bu meydandaki Concordia Heykeli ve Melek \u00e7e\u015fmesi de g\u00f6r\u00fclmeye de\u011fer.<\/p>\n<h3><span class=\"ez-toc-section\" id=\"7_maulbronn_manastir_kompleksi\"><\/span><strong>7. Maulbronn Manast\u0131r Kompleksi<\/strong><span class=\"ez-toc-section-end\"><\/span><\/h3>\n<p>1993 y\u0131l\u0131ndan beri UNESCO D\u00fcnya Miras\u0131 Listesinde yer alan <strong>Maulbronn Manast\u0131r Kompleksi<\/strong>, ayn\u0131 zamanda en eski ve iyi korunmu\u015f manast\u0131rlar\u0131ndan da biri. \u015eehre yakla\u015f\u0131k 40 km uzakl\u0131ktaki manast\u0131r, 1147 y\u0131l\u0131nda Cistercian rahipleri taraf\u0131ndan kurulmu\u015f. Buraya Muhlacker y\u00f6n\u00fcne giden trenlerle ya da otob\u00fcsle gidebilirsiniz.<\/p>\n<p>Siz de <a href=\"https:\/\/www.turna.com\/ucak-bileti\/stuttgart\" target=\"_blank\" rel=\"noopener noreferrer\">Stuttgart u\u00e7ak bileti<\/a> f\u0131rsatlar\u0131na g\u00f6z atarak bu etkileyici \u015fehri ve turistik noktalar\u0131n\u0131 ke\u015ffedebilirsiniz.<\/p>\n\n\n<p> <strong>NOT<\/strong>: <strong><a rel=\"noreferrer noopener\" href=\"https:\/\/www.turna.com\/sikca-sorulan-sorular\/almanya-vizesi\" target=\"_blank\">Almanya vizesi<\/a><\/strong> hakk\u0131nda da Turna.com \u00fczerinden detayl\u0131 bilgi alabilirsiniz. <\/p>\n\n    <div class=\"xs_social_share_widget xs_share_url after_content \t\tmain_content  wslu-style-1 wslu-share-box-shaped wslu-fill-colored wslu-none wslu-share-horizontal wslu-theme-font-no wslu-main_content\">\n\n\t\t\n        <ul>\n\t\t\t        <\/ul>\n    <\/div> \n","protected":false},"excerpt":{"rendered":"<p>Almanya\u2019da otomobil sanayinin kalbinin att\u0131\u011f\u0131 Stuttgart\u2019ta hem otomobil d\u00fcnyas\u0131na ait \u00f6nemli m\u00fczeler hem de tarihi yap\u0131lar yer al\u0131yor. Almanya\u2019n\u0131n end\u00fcstriyel anlamda en aktif \u015fehri olan&nbsp;Stuttgart&nbsp;Porsche, Mercedes-Benz, Bosch, SAP gibi kendi alanlar\u0131nda d\u00fcnyan\u0131n en b\u00fcy\u00fck markalar\u0131 haline gelmi\u015f \u015firketlere ev sahipli\u011fi yap\u0131yor. Da\u011fl\u0131k bir b\u00f6lge \u00fczerine kurulu kent ayr\u0131ca do\u011fal g\u00fczelliklerin tarihi binalarla b\u00fct\u00fcnle\u015fti\u011fi yap\u0131s\u0131yla dikkat [&hellip;]<\/p>\n","protected":false},"author":8,"featured_media":9138,"comment_status":"open","ping_status":"open","sticky":false,"template":"","format":"standard","meta":{"rop_custom_images_group":[],"rop_custom_messages_group":[],"rop_publish_now":"initial","rop_publish_now_accounts":[],"rop_publish_now_history":[],"rop_publish_now_status":"pending","_cloudinary_featured_overwrite":false,"footnotes":""},"categories":[110],"tags":[120,2579,1198],"class_list":["post-8395","post","type-post","status-publish","format-standard","has-post-thumbnail","hentry","category-almanya","tag-almanya","tag-karlsruhe-baden-baden","tag-stuttgart"],"_links":{"self":[{"href":"https:\/\/www.turna.com\/blog\/wp-json\/wp\/v2\/posts\/8395","targetHints":{"allow":["GET"]}}],"collection":[{"href":"https:\/\/www.turna.com\/blog\/wp-json\/wp\/v2\/posts"}],"about":[{"href":"https:\/\/www.turna.com\/blog\/wp-json\/wp\/v2\/types\/post"}],"author":[{"embeddable":true,"href":"https:\/\/www.turna.com\/blog\/wp-json\/wp\/v2\/users\/8"}],"replies":[{"embeddable":true,"href":"https:\/\/www.turna.com\/blog\/wp-json\/wp\/v2\/comments?post=8395"}],"version-history":[{"count":0,"href":"https:\/\/www.turna.com\/blog\/wp-json\/wp\/v2\/posts\/8395\/revisions"}],"wp:featuredmedia":[{"embeddable":true,"href":"https:\/\/www.turna.com\/blog\/wp-json\/wp\/v2\/media\/9138"}],"wp:attachment":[{"href":"https:\/\/www.turna.com\/blog\/wp-json\/wp\/v2\/media?parent=8395"}],"wp:term":[{"taxonomy":"category","embeddable":true,"href":"https:\/\/www.turna.com\/blog\/wp-json\/wp\/v2\/categories?post=8395"},{"taxonomy":"post_tag","embeddable":true,"href":"https:\/\/www.turna.com\/blog\/wp-json\/wp\/v2\/tags?post=8395"}],"curies":[{"name":"wp","href":"https:\/\/api.w.org\/{rel}","templated":true}]}}