{"id":8386,"date":"2024-06-07T12:40:00","date_gmt":"2024-06-07T09:40:00","guid":{"rendered":"https:\/\/www.turna.com\/blog\/?p=8386"},"modified":"2025-12-08T18:35:39","modified_gmt":"2025-12-08T15:35:39","slug":"munih-gorulecek-yerler","status":"publish","type":"post","link":"https:\/\/www.turna.com\/blog\/munih-gorulecek-yerler","title":{"rendered":"M\u00fcnih Gezilecek Yerler: G\u00f6r\u00fclmesi Gereken 10 Yer"},"content":{"rendered":"<div id=\"ez-toc-container\" class=\"ez-toc-v2_0_82_2 counter-hierarchy ez-toc-counter ez-toc-black ez-toc-container-direction\">\n<div class=\"ez-toc-title-container\">\n<p class=\"ez-toc-title\" style=\"cursor:inherit\">\u0130\u00e7indekiler<\/p>\n<span class=\"ez-toc-title-toggle\"><a href=\"#\" class=\"ez-toc-pull-right ez-toc-btn ez-toc-btn-xs ez-toc-btn-default ez-toc-toggle\" aria-label=\"\u0130\u00e7indekiler Tablosunu A\u00e7\/Kapat\"><span class=\"ez-toc-js-icon-con\"><span class=\"\"><span class=\"eztoc-hide\" style=\"display:none;\">Toggle<\/span><span class=\"ez-toc-icon-toggle-span\"><svg style=\"fill: #ffffff;color:#ffffff\" xmlns=\"http:\/\/www.w3.org\/2000\/svg\" class=\"list-377408\" width=\"20px\" height=\"20px\" viewBox=\"0 0 24 24\" fill=\"none\"><path d=\"M6 6H4v2h2V6zm14 0H8v2h12V6zM4 11h2v2H4v-2zm16 0H8v2h12v-2zM4 16h2v2H4v-2zm16 0H8v2h12v-2z\" fill=\"currentColor\"><\/path><\/svg><svg style=\"fill: #ffffff;color:#ffffff\" class=\"arrow-unsorted-368013\" xmlns=\"http:\/\/www.w3.org\/2000\/svg\" width=\"10px\" height=\"10px\" viewBox=\"0 0 24 24\" version=\"1.2\" baseProfile=\"tiny\"><path d=\"M18.2 9.3l-6.2-6.3-6.2 6.3c-.2.2-.3.4-.3.7s.1.5.3.7c.2.2.4.3.7.3h11c.3 0 .5-.1.7-.3.2-.2.3-.5.3-.7s-.1-.5-.3-.7zM5.8 14.7l6.2 6.3 6.2-6.3c.2-.2.3-.5.3-.7s-.1-.5-.3-.7c-.2-.2-.4-.3-.7-.3h-11c-.3 0-.5.1-.7.3-.2.2-.3.5-.3.7s.1.5.3.7z\"\/><\/svg><\/span><\/span><\/span><\/a><\/span><\/div>\n<nav><ul class='ez-toc-list ez-toc-list-level-1 eztoc-toggle-hide-by-default' ><li class='ez-toc-page-1 ez-toc-heading-level-2'><a class=\"ez-toc-link ez-toc-heading-1\" href=\"https:\/\/www.turna.com\/blog\/munih-gorulecek-yerler\/#munihte_gorulmesi_gereken_yerler\" >M\u00fcnih\u2019te G\u00f6r\u00fclmesi Gereken Yerler<\/a><ul class='ez-toc-list-level-3' ><li class='ez-toc-heading-level-3'><a class=\"ez-toc-link ez-toc-heading-2\" href=\"https:\/\/www.turna.com\/blog\/munih-gorulecek-yerler\/#marienplatz\" >Marienplatz<\/a><\/li><li class='ez-toc-page-1 ez-toc-heading-level-3'><a class=\"ez-toc-link ez-toc-heading-3\" href=\"https:\/\/www.turna.com\/blog\/munih-gorulecek-yerler\/#neues_rathaus\" >Neues Rathaus<\/a><\/li><li class='ez-toc-page-1 ez-toc-heading-level-3'><a class=\"ez-toc-link ez-toc-heading-4\" href=\"https:\/\/www.turna.com\/blog\/munih-gorulecek-yerler\/#altes_rathaus\" >Altes Rathaus<\/a><\/li><li class='ez-toc-page-1 ez-toc-heading-level-3'><a class=\"ez-toc-link ez-toc-heading-5\" href=\"https:\/\/www.turna.com\/blog\/munih-gorulecek-yerler\/#st_peter_kilisesi\" >St. Peter Kilisesi<\/a><\/li><li class='ez-toc-page-1 ez-toc-heading-level-3'><a class=\"ez-toc-link ez-toc-heading-6\" href=\"https:\/\/www.turna.com\/blog\/munih-gorulecek-yerler\/#frauenkirche\" >Frauenkirche<\/a><\/li><li class='ez-toc-page-1 ez-toc-heading-level-3'><a class=\"ez-toc-link ez-toc-heading-7\" href=\"https:\/\/www.turna.com\/blog\/munih-gorulecek-yerler\/#maximilianstrasse\" >Maximilianstrasse<\/a><\/li><li class='ez-toc-page-1 ez-toc-heading-level-3'><a class=\"ez-toc-link ez-toc-heading-8\" href=\"https:\/\/www.turna.com\/blog\/munih-gorulecek-yerler\/#englischer_garten\" >Englischer Garten<\/a><\/li><li class='ez-toc-page-1 ez-toc-heading-level-3'><a class=\"ez-toc-link ez-toc-heading-9\" href=\"https:\/\/www.turna.com\/blog\/munih-gorulecek-yerler\/#nymphenburg_sarayi\" >Nymphenburg Saray\u0131<\/a><\/li><li class='ez-toc-page-1 ez-toc-heading-level-3'><a class=\"ez-toc-link ez-toc-heading-10\" href=\"https:\/\/www.turna.com\/blog\/munih-gorulecek-yerler\/#bmw_muzesi_ve_bmw_welt\" >BMW M\u00fczesi ve BMW Welt<\/a><\/li><li class='ez-toc-page-1 ez-toc-heading-level-3'><a class=\"ez-toc-link ez-toc-heading-11\" href=\"https:\/\/www.turna.com\/blog\/munih-gorulecek-yerler\/#deutsches_museum\" >Deutsches Museum<\/a><\/li><\/ul><\/li><\/ul><\/nav><\/div>\n\n<p><strong>M\u00fcnih gezilecek yerler<\/strong> denince akl\u0131n\u0131za ne geliyor? Tarih, k\u00fclt\u00fcr, do\u011fa ve modern ya\u015fam\u0131n m\u00fckemmel bir kar\u0131\u015f\u0131m\u0131 olan bu b\u00fcy\u00fcleyici \u015fehirde, her k\u00f6\u015fede ke\u015ffedilecek bir \u015feyler bulacaks\u0131n\u0131z. Marienplatz&#8217;\u0131n canl\u0131 atmosferinden, Englischer Garten&#8217;\u0131n huzur dolu ye\u015filliklerine; Nymphenburg Saray\u0131&#8217;n\u0131n ihti\u015fam\u0131ndan, BMW M\u00fczesi&#8217;nin yenilik\u00e7i d\u00fcnyas\u0131na kadar M\u00fcnih, her zevke hitap eden bir deneyim sunuyor. Haydi, bu enerjik ve dinamik \u015fehirde unutulmaz bir yolculu\u011fa \u00e7\u0131kal\u0131m!<\/p>\n\n\n\n<h2 class=\"wp-block-heading has-text-align-center has-neeon-button-dark-gray-color has-text-color has-link-color wp-elements-2436b2d5ded068f805a71002c1898d36\"><span class=\"ez-toc-section\" id=\"munihte_gorulmesi_gereken_yerler\"><\/span><strong>M\u00fcnih\u2019te G\u00f6r\u00fclmesi Gereken Yerler<\/strong><span class=\"ez-toc-section-end\"><\/span><\/h2>\n\n\n\n<figure class=\"wp-block-image size-large\"><img width=\"800\" height=\"500\" data-public-id=\"wordpress-contents\/m\u00fcnih_gezilecek_yerler\/m\u00fcnih_gezilecek_yerler.jpg\" decoding=\"async\" src=\"https:\/\/res.cloudinary.com\/turna\/images\/w_800,h_500,c_scale\/f_auto,q_auto:low\/v1717752826\/wordpress-contents\/m\u00fcnih_gezilecek_yerler\/m\u00fcnih_gezilecek_yerler.jpg?_i=AA\" alt=\"M\u00fcnih Gezilecek Yerler\" class=\"wp-post-0 wp-image-22660\" data-format=\"jpg\" data-transformations=\"f_auto,q_auto:low\" data-version=\"1717752826\" data-seo=\"1\" srcset=\"https:\/\/res.cloudinary.com\/turna\/images\/f_auto,q_auto:low\/v1717752826\/wordpress-contents\/m\u00fcnih_gezilecek_yerler\/m\u00fcnih_gezilecek_yerler.jpg?_i=AA 800w, https:\/\/res.cloudinary.com\/turna\/images\/w_300,h_188,c_scale\/f_auto,q_auto:low\/v1717752826\/wordpress-contents\/m\u00fcnih_gezilecek_yerler\/m\u00fcnih_gezilecek_yerler.jpg?_i=AA 300w, https:\/\/res.cloudinary.com\/turna\/images\/w_672,h_420,c_scale\/f_auto,q_auto:low\/v1717752826\/wordpress-contents\/m\u00fcnih_gezilecek_yerler\/m\u00fcnih_gezilecek_yerler.jpg?_i=AA 672w, https:\/\/res.cloudinary.com\/turna\/images\/w_640,h_400,c_scale\/f_auto,q_auto:low\/v1717752826\/wordpress-contents\/m\u00fcnih_gezilecek_yerler\/m\u00fcnih_gezilecek_yerler.jpg?_i=AA 640w, https:\/\/res.cloudinary.com\/turna\/images\/w_681,h_426,c_scale\/f_auto,q_auto:low\/v1717752826\/wordpress-contents\/m\u00fcnih_gezilecek_yerler\/m\u00fcnih_gezilecek_yerler.jpg?_i=AA 681w\" sizes=\"(max-width: 800px) 100vw, 800px\" \/><\/figure>\n\n\n\n<p>M\u00fcnih gezilecek yerler a\u00e7\u0131s\u0131ndan zengin ve \u00e7e\u015fitlilik dolu bir \u015fehir. Bavyera&#8217;n\u0131n ba\u015fkenti olan M\u00fcnih, hem tarihi hem de modern yap\u0131lar\u0131yla g\u00f6renleri kendine hayran b\u0131rak\u0131yor. Tarih merakl\u0131lar\u0131, do\u011fa severler, modern sanat ve bilimden ho\u015flanan gezginler yani herkes kendinden bir \u015feyler bulabilir bu \u015fehirde.<\/p>\n\n\n\n<p>M\u00fcnih, d\u00fcnyan\u0131n en \u00fcnl\u00fc bira festivali Oktoberfest&#8217;e ev sahipli\u011fi yap\u0131yor. Her y\u0131l Eyl\u00fcl sonu ve Ekim ba\u015f\u0131nda d\u00fczenlenen bu devasa etkinlik, milyonlarca ziyaret\u00e7iyi kendine \u00e7ekiyor. Theresienwiese alan\u0131nda kurulan dev \u00e7ad\u0131rlarda, geleneksel Bavyera k\u0131yafetleri giymi\u015f insanlarla birlikte litrelerce bira t\u00fcketiliyor, Alman mutfa\u011f\u0131n\u0131n en lezzetli yiyecekleri tad\u0131l\u0131yor. M\u00fcnih seyahatinizi Oktoberfest zaman\u0131na denk getirirseniz unutulmaz bir deneyim ya\u015fayabilirsiniz. Hem k\u00fclt\u00fcrel bir zenginlik hem de bir e\u011flence cenneti olan M\u00fcnih, her t\u00fcr gezgini cezbetmeyi ba\u015far\u0131yor.<\/p>\n\n\n\n<h3 class=\"wp-block-heading has-text-align-center has-neeon-button-dark-gray-color has-text-color has-link-color wp-elements-37d8e694fdcadf501f6d4001dde2fba9\"><span class=\"ez-toc-section\" id=\"marienplatz\"><\/span><strong>Marienplatz<\/strong><span class=\"ez-toc-section-end\"><\/span><\/h3>\n\n\n\n<figure class=\"wp-block-image\"><img width=\"800\" height=\"500\" data-public-id=\"Marientplatz-Munih_vm4mf2\/Marientplatz-Munih_vm4mf2.jpg\" fetchpriority=\"high\" decoding=\"async\" src=\"https:\/\/res.cloudinary.com\/turna\/images\/w_800,h_500,c_scale\/f_auto,q_auto:low\/v1500128425\/Marientplatz-Munih_vm4mf2\/Marientplatz-Munih_vm4mf2.jpg?_i=AA\" alt=\"M\u00fcnih Gezilecek Yerler Marienplatz\" class=\"wp-post-8386 wp-image-8951\" data-format=\"jpg\" data-transformations=\"f_auto,q_auto:low\" data-version=\"1500128425\" data-seo=\"1\" srcset=\"https:\/\/res.cloudinary.com\/turna\/images\/f_auto,q_auto:low\/v1500128425\/Marientplatz-Munih_vm4mf2\/Marientplatz-Munih_vm4mf2.jpg?_i=AA 800w, https:\/\/res.cloudinary.com\/turna\/images\/w_300,h_188,c_scale\/f_auto,q_auto:low\/v1500128425\/Marientplatz-Munih_vm4mf2\/Marientplatz-Munih_vm4mf2.jpg?_i=AA 300w, https:\/\/res.cloudinary.com\/turna\/images\/w_672,h_420,c_scale\/f_auto,q_auto:low\/v1500128425\/Marientplatz-Munih_vm4mf2\/Marientplatz-Munih_vm4mf2.jpg?_i=AA 672w, https:\/\/res.cloudinary.com\/turna\/images\/w_640,h_400,c_scale\/f_auto,q_auto:low\/v1500128425\/Marientplatz-Munih_vm4mf2\/Marientplatz-Munih_vm4mf2.jpg?_i=AA 640w, https:\/\/res.cloudinary.com\/turna\/images\/w_681,h_426,c_scale\/f_auto,q_auto:low\/v1500128425\/Marientplatz-Munih_vm4mf2\/Marientplatz-Munih_vm4mf2.jpg?_i=AA 681w\" sizes=\"(max-width: 800px) 100vw, 800px\" \/><\/figure>\n\n\n\n<p>\u015eehrin kuruldu\u011fu 1158 y\u0131l\u0131ndan bu yana \u00f6nemli bir meydan olan <strong>Marienplatz<\/strong> ge\u00e7mi\u015fte su\u00e7lular\u0131n idam edildi\u011fi noktalardan biri olsa da g\u00fcn\u00fcm\u00fczde sokak kafeleri ve \u00e7evresinde yer alan \u00f6nemli yap\u0131lar\u0131yla M\u00fcnih\u2019in en hareketli noktas\u0131. 1638 y\u0131l\u0131nda dikilen Mariensaule (Bakire Meryem S\u00fctunu) meydan\u0131n oras\u0131nda yer al\u0131yor.<\/p>\n\n\n\n<p>Konum <strong><a href=\"https:\/\/maps.app.goo.gl\/7Uo2Uw1icEpzec17A\" target=\"_blank\" rel=\"noreferrer noopener\">burada.<\/a><\/strong><\/p>\n\n\n\n<h3 class=\"wp-block-heading has-text-align-center has-neeon-button-dark-gray-color has-text-color has-link-color wp-elements-6331e0454cf275cc412c6211c8a329c9\"><span class=\"ez-toc-section\" id=\"neues_rathaus\"><\/span><strong><strong>Neues Rathaus<\/strong><\/strong><span class=\"ez-toc-section-end\"><\/span><\/h3>\n\n\n\n<figure class=\"wp-block-image\"><img width=\"800\" height=\"500\" data-public-id=\"Neues-Rathaus_kkqkht\/Neues-Rathaus_kkqkht.jpg\" decoding=\"async\" src=\"https:\/\/res.cloudinary.com\/turna\/images\/w_800,h_500,c_scale\/f_auto,q_auto:low\/v1500128452\/Neues-Rathaus_kkqkht\/Neues-Rathaus_kkqkht.jpg?_i=AA\" alt=\"M\u00fcnih Gezilecek Yerler Neues Rathaus\" class=\"wp-post-8386 wp-image-8953\" data-format=\"jpg\" data-transformations=\"f_auto,q_auto:low\" data-version=\"1500128452\" data-seo=\"1\" srcset=\"https:\/\/res.cloudinary.com\/turna\/images\/f_auto,q_auto:low\/v1500128452\/Neues-Rathaus_kkqkht\/Neues-Rathaus_kkqkht.jpg?_i=AA 800w, https:\/\/res.cloudinary.com\/turna\/images\/w_300,h_188,c_scale\/f_auto,q_auto:low\/v1500128452\/Neues-Rathaus_kkqkht\/Neues-Rathaus_kkqkht.jpg?_i=AA 300w, https:\/\/res.cloudinary.com\/turna\/images\/w_672,h_420,c_scale\/f_auto,q_auto:low\/v1500128452\/Neues-Rathaus_kkqkht\/Neues-Rathaus_kkqkht.jpg?_i=AA 672w, https:\/\/res.cloudinary.com\/turna\/images\/w_640,h_400,c_scale\/f_auto,q_auto:low\/v1500128452\/Neues-Rathaus_kkqkht\/Neues-Rathaus_kkqkht.jpg?_i=AA 640w, https:\/\/res.cloudinary.com\/turna\/images\/w_681,h_426,c_scale\/f_auto,q_auto:low\/v1500128452\/Neues-Rathaus_kkqkht\/Neues-Rathaus_kkqkht.jpg?_i=AA 681w\" sizes=\"(max-width: 800px) 100vw, 800px\" \/><\/figure>\n\n\n\n<p>Marienplatz Meydan\u0131\u2019n\u0131n k\u00f6\u015fesinde yer alan <strong>Neues Rathaus <\/strong>yani Yeni Belediye Saray\u0131, 1867 ile 1909 y\u0131llar\u0131 aras\u0131nda in\u015fa edilmi\u015f. 19. y\u00fczy\u0131l Neo-Gotik mimarisinin tipik bir \u00f6rne\u011fi olan yap\u0131da yer alan 85 metre uzunluktaki kule, muhte\u015fem M\u00fcnih manzaras\u0131n\u0131 seyredebilece\u011finiz g\u00fczel bir seyir teras\u0131na sahip.<\/p>\n\n\n\n<p>Konum <strong><a href=\"https:\/\/maps.app.goo.gl\/FZtAp3M8EPzeW6VF7\" target=\"_blank\" rel=\"noreferrer noopener\">burada.<\/a><\/strong><\/p>\n\n\n\n<h3 class=\"wp-block-heading has-text-align-center has-neeon-button-dark-gray-color has-text-color has-link-color wp-elements-d1354ee98e8009367ff1b2433fa8ab87\"><span class=\"ez-toc-section\" id=\"altes_rathaus\"><\/span><strong><strong><strong>Altes Rathaus<\/strong><\/strong><\/strong><span class=\"ez-toc-section-end\"><\/span><\/h3>\n\n\n\n<figure class=\"wp-block-image\"><img width=\"800\" height=\"500\" data-public-id=\"Altes-Rathaus_hkjsqy\/Altes-Rathaus_hkjsqy.jpg\" decoding=\"async\" src=\"https:\/\/res.cloudinary.com\/turna\/images\/w_800,h_500,c_scale\/f_auto,q_auto:low\/v1500128474\/Altes-Rathaus_hkjsqy\/Altes-Rathaus_hkjsqy.jpg?_i=AA\" alt=\"Altes Rathaus\" class=\"wp-post-8386 wp-image-8954\" data-format=\"jpg\" data-transformations=\"f_auto,q_auto:low\" data-version=\"1500128474\" data-seo=\"1\" srcset=\"https:\/\/res.cloudinary.com\/turna\/images\/f_auto,q_auto:low\/v1500128474\/Altes-Rathaus_hkjsqy\/Altes-Rathaus_hkjsqy.jpg?_i=AA 800w, https:\/\/res.cloudinary.com\/turna\/images\/w_300,h_188,c_scale\/f_auto,q_auto:low\/v1500128474\/Altes-Rathaus_hkjsqy\/Altes-Rathaus_hkjsqy.jpg?_i=AA 300w, https:\/\/res.cloudinary.com\/turna\/images\/w_672,h_420,c_scale\/f_auto,q_auto:low\/v1500128474\/Altes-Rathaus_hkjsqy\/Altes-Rathaus_hkjsqy.jpg?_i=AA 672w, https:\/\/res.cloudinary.com\/turna\/images\/w_640,h_400,c_scale\/f_auto,q_auto:low\/v1500128474\/Altes-Rathaus_hkjsqy\/Altes-Rathaus_hkjsqy.jpg?_i=AA 640w, https:\/\/res.cloudinary.com\/turna\/images\/w_681,h_426,c_scale\/f_auto,q_auto:low\/v1500128474\/Altes-Rathaus_hkjsqy\/Altes-Rathaus_hkjsqy.jpg?_i=AA 681w\" sizes=\"(max-width: 800px) 100vw, 800px\" \/><\/figure>\n\n\n\n<p>Marienplatz Meydan\u0131\u2019n\u0131n do\u011fusunda yer alan <strong>Altes Rathaus<\/strong> yani Eski Belediye Saray\u0131, J\u00f6rg von Halspach\u2019\u0131n 15. y\u00fczy\u0131lda yapt\u0131rd\u0131\u011f\u0131 orijinal tasar\u0131m\u0131n\u0131n ayn\u0131s\u0131 olmasa bile ruhunu ta\u015f\u0131yor. 2. D\u00fcnya Sava\u015f\u0131 s\u0131ras\u0131nda bombalanan yap\u0131n\u0131n kulesi g\u00fcn\u00fcm\u00fczde M\u00fcnih Oyuncak M\u00fczesi\u2019ne ev sahipli\u011fi yap\u0131yor.<\/p>\n\n\n\n<p>Konum <strong><a href=\"https:\/\/maps.app.goo.gl\/EX218T8wZMBnu2kx6\" target=\"_blank\" rel=\"noreferrer noopener\">burada.<\/a><\/strong><\/p>\n\n\n\n<h3 class=\"wp-block-heading has-text-align-center has-neeon-button-dark-gray-color has-text-color has-link-color wp-elements-fff1c5eede3796ad3d8efd148d1e4a6f\"><span class=\"ez-toc-section\" id=\"st_peter_kilisesi\"><\/span><strong><strong><strong><strong>St. Peter Kilisesi<\/strong><\/strong><\/strong><\/strong><span class=\"ez-toc-section-end\"><\/span><\/h3>\n\n\n\n<figure class=\"wp-block-image\"><img width=\"800\" height=\"500\" data-public-id=\"St-Peter-Church-Munich_npsrda\/St-Peter-Church-Munich_npsrda.jpg\" loading=\"lazy\" decoding=\"async\" src=\"https:\/\/res.cloudinary.com\/turna\/images\/w_800,h_500,c_scale\/f_auto,q_auto:low\/v1500128488\/St-Peter-Church-Munich_npsrda\/St-Peter-Church-Munich_npsrda.jpg?_i=AA\" alt=\"St. Peter Kilisesi\" class=\"wp-post-8386 wp-image-8955\" data-format=\"jpg\" data-transformations=\"f_auto,q_auto:low\" data-version=\"1500128488\" data-seo=\"1\" srcset=\"https:\/\/res.cloudinary.com\/turna\/images\/f_auto,q_auto:low\/v1500128488\/St-Peter-Church-Munich_npsrda\/St-Peter-Church-Munich_npsrda.jpg?_i=AA 800w, https:\/\/res.cloudinary.com\/turna\/images\/w_300,h_188,c_scale\/f_auto,q_auto:low\/v1500128488\/St-Peter-Church-Munich_npsrda\/St-Peter-Church-Munich_npsrda.jpg?_i=AA 300w, https:\/\/res.cloudinary.com\/turna\/images\/w_672,h_420,c_scale\/f_auto,q_auto:low\/v1500128488\/St-Peter-Church-Munich_npsrda\/St-Peter-Church-Munich_npsrda.jpg?_i=AA 672w, https:\/\/res.cloudinary.com\/turna\/images\/w_640,h_400,c_scale\/f_auto,q_auto:low\/v1500128488\/St-Peter-Church-Munich_npsrda\/St-Peter-Church-Munich_npsrda.jpg?_i=AA 640w, https:\/\/res.cloudinary.com\/turna\/images\/w_681,h_426,c_scale\/f_auto,q_auto:low\/v1500128488\/St-Peter-Church-Munich_npsrda\/St-Peter-Church-Munich_npsrda.jpg?_i=AA 681w\" sizes=\"(max-width: 800px) 100vw, 800px\" \/><\/figure>\n\n\n\n<p><strong>St. Peter Kilisesi (Alter Peter)<\/strong> de \u015fehrin di\u011fer \u00f6nemli yap\u0131lar\u0131 gibi Marienplatz\u2019de yer al\u0131yor. Sanatsal ve mimari \u015faheserlerle dolu olan bu kilisenin tarihi 11. y\u00fczy\u0131l\u0131n ba\u015flar\u0131na kadar gider. 1327 y\u0131l\u0131nda ya\u015fanan yang\u0131n sonras\u0131nda kule hari\u00e7 t\u00fcm bina Gotik tarzda yeniden in\u015fa edilmi\u015f. 17. y\u00fczy\u0131la gelindi\u011finde ise kilise R\u00f6nesans \u00e7izgilerine g\u00f6re yeniden \u015fekillendirilmi\u015f. Dilerseniz kulesinin kulesine \u00e7\u0131karak M\u00fcnih manzaras\u0131n\u0131 seyredebilirsiniz.<\/p>\n\n\n\n<p>Konum <strong><a href=\"https:\/\/maps.app.goo.gl\/JX25FPvPtjy4Vfwj8\" target=\"_blank\" rel=\"noreferrer noopener\">burada.<\/a><\/strong><\/p>\n\n\n\n<h3 class=\"wp-block-heading has-text-align-center has-neeon-button-dark-gray-color has-text-color has-link-color wp-elements-3f4506a402679f8abcef1f1b278899fb\"><span class=\"ez-toc-section\" id=\"frauenkirche\"><\/span><strong><strong><strong><strong><strong>Frauenkirche<\/strong><\/strong><\/strong><\/strong><\/strong><span class=\"ez-toc-section-end\"><\/span><\/h3>\n\n\n\n<figure class=\"wp-block-image\"><img width=\"800\" height=\"500\" data-public-id=\"Frauenkirche_oy8idm\/Frauenkirche_oy8idm.jpg\" loading=\"lazy\" decoding=\"async\" src=\"https:\/\/res.cloudinary.com\/turna\/images\/w_800,h_500,c_scale\/f_auto,q_auto:low\/v1500128501\/Frauenkirche_oy8idm\/Frauenkirche_oy8idm.jpg?_i=AA\" alt=\"Frauenkirche\" class=\"wp-post-8386 wp-image-8956\" data-format=\"jpg\" data-transformations=\"f_auto,q_auto:low\" data-version=\"1500128501\" data-seo=\"1\" srcset=\"https:\/\/res.cloudinary.com\/turna\/images\/f_auto,q_auto:low\/v1500128501\/Frauenkirche_oy8idm\/Frauenkirche_oy8idm.jpg?_i=AA 800w, https:\/\/res.cloudinary.com\/turna\/images\/w_300,h_188,c_scale\/f_auto,q_auto:low\/v1500128501\/Frauenkirche_oy8idm\/Frauenkirche_oy8idm.jpg?_i=AA 300w, https:\/\/res.cloudinary.com\/turna\/images\/w_672,h_420,c_scale\/f_auto,q_auto:low\/v1500128501\/Frauenkirche_oy8idm\/Frauenkirche_oy8idm.jpg?_i=AA 672w, https:\/\/res.cloudinary.com\/turna\/images\/w_640,h_400,c_scale\/f_auto,q_auto:low\/v1500128501\/Frauenkirche_oy8idm\/Frauenkirche_oy8idm.jpg?_i=AA 640w, https:\/\/res.cloudinary.com\/turna\/images\/w_681,h_426,c_scale\/f_auto,q_auto:low\/v1500128501\/Frauenkirche_oy8idm\/Frauenkirche_oy8idm.jpg?_i=AA 681w\" sizes=\"(max-width: 800px) 100vw, 800px\" \/><\/figure>\n\n\n\n<p>1468-1488 y\u0131llar\u0131 aras\u0131nda in\u015fa edilen Gotik tarzdaki <strong>Frauenkirche (Dom zu Unserer Lieben Frau)<\/strong>, \u015fehrin \u00f6nemli ve tarihi kiliselerinden. Kilisenin \u0130talyan R\u00f6nesans\u0131 \u00fcsluba sahip kubbesi 1524 y\u0131l\u0131nda eklenmi\u015f. Kilise i\u00e7erisinde \u00f6nemli isimlerin mezarlar\u0131 da yer al\u0131r. Bunlardan en \u00f6nemli olan\u0131 1347 y\u0131l\u0131nda \u00f6len Kral IV. Ludwig\u2019in mezar\u0131. Gotik pencereleri, birbirinden g\u00fczel heykelleri, \u00f6nemli altar panolar\u0131 ile kiliseye gitmek i\u00e7in Marienplatz Meydan\u0131\u2019ndan k\u0131sa bir y\u00fcr\u00fc\u015f yapman\u0131z yeterli.<\/p>\n\n\n\n<p>Konum <strong><a href=\"https:\/\/maps.app.goo.gl\/hHWWpCTGZFw6UBZT8\" target=\"_blank\" rel=\"noreferrer noopener\">burada.<\/a><\/strong><\/p>\n\n\n\n<h3 class=\"wp-block-heading has-text-align-center has-neeon-button-dark-gray-color has-text-color has-link-color wp-elements-4ede2076268037a8272611f8b6138f38\"><span class=\"ez-toc-section\" id=\"maximilianstrasse\"><\/span><strong><strong><strong><strong><strong><strong>Maximilianstrasse<\/strong><\/strong><\/strong><\/strong><\/strong><\/strong><span class=\"ez-toc-section-end\"><\/span><\/h3>\n\n\n\n<figure class=\"wp-block-image\"><img width=\"800\" height=\"500\" data-public-id=\"Maximilianstrasse_sllmwq\/Maximilianstrasse_sllmwq.jpg\" loading=\"lazy\" decoding=\"async\" src=\"https:\/\/res.cloudinary.com\/turna\/images\/w_800,h_500,c_scale\/f_auto,q_auto:low\/v1500128519\/Maximilianstrasse_sllmwq\/Maximilianstrasse_sllmwq.jpg?_i=AA\" alt=\"Maximilianstrasse\" class=\"wp-post-8386 wp-image-8957\" data-format=\"jpg\" data-transformations=\"f_auto,q_auto:low\" data-version=\"1500128519\" data-seo=\"1\" srcset=\"https:\/\/res.cloudinary.com\/turna\/images\/f_auto,q_auto:low\/v1500128519\/Maximilianstrasse_sllmwq\/Maximilianstrasse_sllmwq.jpg?_i=AA 800w, https:\/\/res.cloudinary.com\/turna\/images\/w_300,h_188,c_scale\/f_auto,q_auto:low\/v1500128519\/Maximilianstrasse_sllmwq\/Maximilianstrasse_sllmwq.jpg?_i=AA 300w, https:\/\/res.cloudinary.com\/turna\/images\/w_672,h_420,c_scale\/f_auto,q_auto:low\/v1500128519\/Maximilianstrasse_sllmwq\/Maximilianstrasse_sllmwq.jpg?_i=AA 672w, https:\/\/res.cloudinary.com\/turna\/images\/w_640,h_400,c_scale\/f_auto,q_auto:low\/v1500128519\/Maximilianstrasse_sllmwq\/Maximilianstrasse_sllmwq.jpg?_i=AA 640w, https:\/\/res.cloudinary.com\/turna\/images\/w_681,h_426,c_scale\/f_auto,q_auto:low\/v1500128519\/Maximilianstrasse_sllmwq\/Maximilianstrasse_sllmwq.jpg?_i=AA 681w\" sizes=\"(max-width: 800px) 100vw, 800px\" \/><\/figure>\n\n\n\n<p><strong>Maximilianstrasse<\/strong>, M\u00fcnih\u2019in en \u00f6nemli al\u0131\u015fveri\u015f caddelerinden biri. Rezidenz ve National Theatre binalar\u0131n\u0131n yer ald\u0131\u011f\u0131 Max-Joseph Platz\u2019den ba\u015flayan cadde \u00fczerinde bir\u00e7ok \u00f6nemli maza\u011fa yer al\u0131yor. \u00d6zellikle caddenin bat\u0131 kanad\u0131 sahip oldu\u011fu butikler, maza\u011falar, m\u00fccevhercileri ile \u00fcnl\u00fc. Dolce Gabbana, Versace, Louis Vuitton, Chanel ve Dior gibi bir\u00e7ok d\u00fcnyaca \u00fcnl\u00fc markan\u0131n ma\u011fazalar\u0131n\u0131 bu cadde \u00fczerinde bulabilirsiniz.<\/p>\n\n\n\n<p>Konum <strong><a href=\"https:\/\/maps.app.goo.gl\/dK7GPwUttcrCUNBGA\" target=\"_blank\" rel=\"noreferrer noopener\">burada.<\/a><\/strong><\/p>\n\n\n\n<h3 class=\"wp-block-heading has-text-align-center has-neeon-button-dark-gray-color has-text-color has-link-color wp-elements-a88eabbd57bfc669ce8b7ef11a82e805\"><span class=\"ez-toc-section\" id=\"englischer_garten\"><\/span><strong><strong><strong><strong><strong><strong>Englischer Garten<\/strong><\/strong><\/strong><\/strong><\/strong><\/strong><span class=\"ez-toc-section-end\"><\/span><\/h3>\n\n\n\n<figure class=\"wp-block-image size-large\"><img decoding=\"async\" src=\"https:\/\/res.cloudinary.com\/turna\/image\/upload\/v1717752825\/wordpress-contents\/Englischer_Garten.jpg\" alt=\"Englischer Garten\"\/><\/figure>\n\n\n\n<p>M\u00fcnih gezilecek yerler listesinde mutlaka yer almas\u0131 gereken Englischer Garten, d\u00fcnyan\u0131n en b\u00fcy\u00fck \u015fehir parklar\u0131ndan biri. \u015eehrin kalbinde yer alan bu muhte\u015fem park, hem do\u011fa severler hem de \u015fehir ya\u015fam\u0131ndan k\u0131sa bir ka\u00e7\u0131\u015f arayanlar i\u00e7in ideal bir destinasyon. Y\u00fcr\u00fcy\u00fc\u015f yollar\u0131, bisiklet parkurlar\u0131 ve geni\u015f \u00e7imenlik alanlar\u0131yla ziyaret\u00e7ilerine huzurlu bir ortam sunuyor. Ayr\u0131ca, park\u0131n i\u00e7inde yer alan \u00c7in Kulesi (Chinesischer Turm) ve \u00e7evresindeki bira bah\u00e7esi, geleneksel Bavyera biras\u0131 ve lezzetlerini tadabilece\u011finiz harika bir nokta. Yaz aylar\u0131nda parkta serinlemek isterseniz, Eisbach Nehri&#8217;nde s\u00f6rf yapanlar\u0131 izleyebilir veya kendiniz de suya dalabilirsiniz. \ud83d\ude0a<\/p>\n\n\n\n<p>Konum <strong><a href=\"https:\/\/maps.app.goo.gl\/4Lqvf7W4q3Vcp7Zb6\" target=\"_blank\" rel=\"noreferrer noopener\">burada.<\/a><\/strong><\/p>\n\n\n\n<h3 class=\"wp-block-heading has-text-align-center has-neeon-button-dark-gray-color has-text-color has-link-color wp-elements-039b67b3c5844ad3ddb73c2fb853578f\"><span class=\"ez-toc-section\" id=\"nymphenburg_sarayi\"><\/span><strong><strong><strong><strong><strong><strong>Nymphenburg Saray\u0131<\/strong><\/strong><\/strong><\/strong><\/strong><\/strong><span class=\"ez-toc-section-end\"><\/span><\/h3>\n\n\n\n<figure class=\"wp-block-image size-large\"><img decoding=\"async\" src=\"https:\/\/res.cloudinary.com\/turna\/image\/upload\/v1717752825\/wordpress-contents\/Nymphenburg_Saray%C4%B1.jpg\" alt=\"Nymphenburg Saray\u0131\"\/><\/figure>\n\n\n\n<p>G\u00f6rkemli duru\u015fuyla dikkat \u00e7eken Nymphenburg Saray\u0131, adeta masallardan f\u0131rlam\u0131\u015f gibi bir atmosfere sahip. Bavyera kraliyet ailesinin yazl\u0131k evi olarak in\u015fa edilen bu barok \u015faheser, geni\u015f ve bak\u0131ml\u0131 bah\u00e7eleri, zarif s\u00fcslemeleri ve tarihi \u00f6nemiyle ziyaret\u00e7ilerini b\u00fcy\u00fcl\u00fcyor. Saray\u0131n i\u00e7indeki m\u00fczeleri gezerken, kraliyet ailesinin g\u00f6rkemli ya\u015fam\u0131na tan\u0131k olabilirsiniz. Ayr\u0131ca, saray\u0131n b\u00fcy\u00fck park\u0131nda y\u00fcr\u00fcy\u00fc\u015f yapabilir, g\u00f6letlerin etraf\u0131nda dola\u015fabilir ve hatta \u015fansl\u0131ysan\u0131z bahar\u0131n ilk \u00e7i\u00e7eklerini g\u00f6rebilirsiniz. Birka\u00e7 saatli\u011fine bile olsa, Nymphenburg Saray\u0131&#8217;nda kendinizi bir kraliyet mensubu gibi hissetmek m\u00fcmk\u00fcn! Bu g\u00f6rkemli yap\u0131, tarih ve g\u00fczellik merakl\u0131lar\u0131n\u0131n M\u00fcnih&#8217;te mutlaka u\u011framas\u0131 gereken yerlerden biri.<\/p>\n\n\n\n<p>Konum <strong><a href=\"https:\/\/maps.app.goo.gl\/QpryMP7pV2bryrtz8\" target=\"_blank\" rel=\"noreferrer noopener\">burada.<\/a><\/strong><\/p>\n\n\n\n<h3 class=\"wp-block-heading has-text-align-center has-neeon-button-dark-gray-color has-text-color has-link-color wp-elements-7c9a3d5c67f14618754a06c07b18daa8\"><span class=\"ez-toc-section\" id=\"bmw_muzesi_ve_bmw_welt\"><\/span><strong><strong><strong><strong><strong><strong>BMW M\u00fczesi ve BMW Welt<\/strong><\/strong><\/strong><\/strong><\/strong><\/strong><span class=\"ez-toc-section-end\"><\/span><\/h3>\n\n\n\n<figure class=\"wp-block-image size-large\"><img decoding=\"async\" src=\"https:\/\/res.cloudinary.com\/turna\/image\/upload\/v1717752825\/wordpress-contents\/bmw_m%C3%BCzesi.jpg\" alt=\"BMW M\u00fczesi ve BMW Welt\"\/><\/figure>\n\n\n\n<p>Otomobil d\u00fcnyas\u0131n\u0131n ikonik markas\u0131 BMW&#8217;nin ge\u00e7mi\u015ften g\u00fcn\u00fcm\u00fcze uzanan b\u00fcy\u00fcleyici hikayesini ke\u015ffetmek i\u00e7in ideal bir mekan olan BMW M\u00fczesi, klasik modellerden gelece\u011fin teknolojilerine kadar geni\u015f bir yelpazede sergiler sunuyor. Parlayan krom ve deri kokusunun b\u00fcy\u00fcs\u00fcne kap\u0131laca\u011f\u0131n\u0131z bu yerde, g\u00f6z kama\u015ft\u0131r\u0131c\u0131 otomobillerin aras\u0131nda dola\u015f\u0131rken zaman\u0131n nas\u0131l ge\u00e7ti\u011fini anlamayacaks\u0131n\u0131z. BMW Welt ise, en yeni modelleri deneyimleyebilece\u011finiz, interaktif sergilerle dolu modern bir yap\u0131. Otomobilleri inceleyip, test s\u00fcr\u00fc\u015flerine kat\u0131larak adrenalin dolu anlar ya\u015fayabilirsiniz. Hem m\u00fchendislik harikas\u0131 otomobillere hayran kalacak, hem de gelece\u011fin ara\u00e7lar\u0131na bir ad\u0131m daha yakla\u015facaks\u0131n\u0131z. M\u00fcnih&#8217;te h\u0131z ve yenilik tutkusunu doyas\u0131ya ya\u015fayaca\u011f\u0131n\u0131z bu yerler, otomobil severler i\u00e7in ger\u00e7ek bir cennet!<\/p>\n\n\n\n<p>Konum <strong><a href=\"https:\/\/maps.app.goo.gl\/8TpiJnu521CTapwG8\" target=\"_blank\" rel=\"noreferrer noopener\">burada.<\/a><\/strong><\/p>\n\n\n\n<h3 class=\"wp-block-heading has-text-align-center has-neeon-button-dark-gray-color has-text-color has-link-color wp-elements-9ad7fb7b09b24c17ed9462efbb2d7968\"><span class=\"ez-toc-section\" id=\"deutsches_museum\"><\/span><strong><strong><strong><strong><strong><strong>Deutsches Museum<\/strong><\/strong><\/strong><\/strong><\/strong><\/strong><span class=\"ez-toc-section-end\"><\/span><\/h3>\n\n\n\n<figure class=\"wp-block-image size-large\"><img decoding=\"async\" src=\"https:\/\/res.cloudinary.com\/turna\/image\/upload\/v1717752825\/wordpress-contents\/Deutsches_Museum.jpg\" alt=\"Deutsches Museum\"\/><\/figure>\n\n\n\n<p>M\u00fcnih gezilecek yerler aras\u0131nda bilime ve teknolojiye merakl\u0131 olanlar\u0131n vazge\u00e7ilmezi olan Deutsches Museum, sizi adeta bilgi dolu bir maceraya davet ediyor! D\u00fcnyan\u0131n en b\u00fcy\u00fck bilim ve teknoloji m\u00fczesi olan bu devasa mekanda, insanl\u0131\u011f\u0131n teknolojik ilerlemesini yak\u0131ndan ke\u015ffedeceksiniz. U\u00e7aklardan denizalt\u0131lara, antik astronomi aletlerinden modern uzay ara\u015ft\u0131rmalar\u0131na kadar uzanan geni\u015f koleksiyonuyla her k\u00f6\u015fede yeni bir heyecanla kar\u015f\u0131la\u015fman\u0131z m\u00fcmk\u00fcn.<\/p>\n\n\n\n<p>Ayr\u0131ca, m\u00fczenin interaktif sergileri sayesinde sadece izlemekle kalmay\u0131p, bilimi bizzat deneyimleyebilirsiniz. Elektrik deneyleri yapabilir, robotik cihazlar\u0131 programlayabilir veya bir r\u00fczgar t\u00fcnelinde havac\u0131l\u0131k m\u00fchendisli\u011finin inceliklerini \u00f6\u011frenebilirsiniz. Deutsches Museum, her ya\u015ftan ziyaret\u00e7iye e\u011flenceli ve \u00f6\u011fretici anlar sunarak M\u00fcnih&#8217;teki en unutulmaz duraklardan biri olmay\u0131 ba\u015far\u0131yor.<\/p>\n\n\n\n<p>Konum <strong><a href=\"https:\/\/maps.app.goo.gl\/Ppn1kjLjjmfWyzFG7\" target=\"_blank\" rel=\"noreferrer noopener\">burada.<\/a><\/strong><\/p>\n\n\n\n<p>Siz de <a href=\"https:\/\/www.turna.com\/ucak-bileti\/munih\" target=\"_blank\" rel=\"noopener noreferrer\"><strong>M\u00fcnih u\u00e7ak bileti <\/strong><\/a>f\u0131rsatlar\u0131n\u0131 inceleyerek bu tarik ve k\u00fclt\u00fcr zengini \u015fehri ziyaret edebilirsiniz.<\/p>\n\n\n\n<p> <strong>NOT<\/strong>: <strong><a rel=\"noreferrer noopener\" href=\"https:\/\/www.turna.com\/sikca-sorulan-sorular\/almanya-vizesi\" target=\"_blank\">Almanya vizesi<\/a><\/strong> hakk\u0131nda da Turna.com \u00fczerinden detayl\u0131 bilgi alabilirsiniz. <\/p>\n\n    <div class=\"xs_social_share_widget xs_share_url after_content \t\tmain_content  wslu-style-1 wslu-share-box-shaped wslu-fill-colored wslu-none wslu-share-horizontal wslu-theme-font-no wslu-main_content\">\n\n\t\t\n        <ul>\n\t\t\t        <\/ul>\n    <\/div> \n","protected":false},"excerpt":{"rendered":"<p>M\u00fcnih gezilecek yerler denince akl\u0131n\u0131za ne geliyor? Tarih, k\u00fclt\u00fcr, do\u011fa ve modern ya\u015fam\u0131n m\u00fckemmel bir kar\u0131\u015f\u0131m\u0131 olan bu b\u00fcy\u00fcleyici \u015fehirde, her k\u00f6\u015fede ke\u015ffedilecek bir \u015feyler bulacaks\u0131n\u0131z. Marienplatz&#8217;\u0131n canl\u0131 atmosferinden, Englischer Garten&#8217;\u0131n huzur dolu ye\u015filliklerine; Nymphenburg Saray\u0131&#8217;n\u0131n ihti\u015fam\u0131ndan, BMW M\u00fczesi&#8217;nin yenilik\u00e7i d\u00fcnyas\u0131na kadar M\u00fcnih, her zevke hitap eden bir deneyim sunuyor. Haydi, bu enerjik ve dinamik \u015fehirde unutulmaz bir yolculu\u011fa \u00e7\u0131kal\u0131m!<\/p>\n","protected":false},"author":34,"featured_media":22660,"comment_status":"open","ping_status":"open","sticky":false,"template":"","format":"standard","meta":{"rop_custom_images_group":[],"rop_custom_messages_group":[],"rop_publish_now":"initial","rop_publish_now_accounts":[],"rop_publish_now_history":[],"rop_publish_now_status":"pending","_cloudinary_featured_overwrite":false,"footnotes":""},"categories":[110],"tags":[120,115],"class_list":["post-8386","post","type-post","status-publish","format-standard","has-post-thumbnail","hentry","category-almanya","tag-almanya","tag-munih"],"_links":{"self":[{"href":"https:\/\/www.turna.com\/blog\/wp-json\/wp\/v2\/posts\/8386","targetHints":{"allow":["GET"]}}],"collection":[{"href":"https:\/\/www.turna.com\/blog\/wp-json\/wp\/v2\/posts"}],"about":[{"href":"https:\/\/www.turna.com\/blog\/wp-json\/wp\/v2\/types\/post"}],"author":[{"embeddable":true,"href":"https:\/\/www.turna.com\/blog\/wp-json\/wp\/v2\/users\/34"}],"replies":[{"embeddable":true,"href":"https:\/\/www.turna.com\/blog\/wp-json\/wp\/v2\/comments?post=8386"}],"version-history":[{"count":0,"href":"https:\/\/www.turna.com\/blog\/wp-json\/wp\/v2\/posts\/8386\/revisions"}],"wp:featuredmedia":[{"embeddable":true,"href":"https:\/\/www.turna.com\/blog\/wp-json\/wp\/v2\/media\/22660"}],"wp:attachment":[{"href":"https:\/\/www.turna.com\/blog\/wp-json\/wp\/v2\/media?parent=8386"}],"wp:term":[{"taxonomy":"category","embeddable":true,"href":"https:\/\/www.turna.com\/blog\/wp-json\/wp\/v2\/categories?post=8386"},{"taxonomy":"post_tag","embeddable":true,"href":"https:\/\/www.turna.com\/blog\/wp-json\/wp\/v2\/tags?post=8386"}],"curies":[{"name":"wp","href":"https:\/\/api.w.org\/{rel}","templated":true}]}}