{"id":8359,"date":"2023-10-16T11:21:00","date_gmt":"2023-10-16T08:21:00","guid":{"rendered":"https:\/\/www.turna.com\/blog\/?p=8359"},"modified":"2025-12-08T14:56:00","modified_gmt":"2025-12-08T11:56:00","slug":"fas-yemekleri","status":"publish","type":"post","link":"https:\/\/www.turna.com\/blog\/fas-yemekleri","title":{"rendered":"Fas Yemekleri | Fas&#8217;ta Ne Yenir?"},"content":{"rendered":"<div id=\"ez-toc-container\" class=\"ez-toc-v2_0_82_2 counter-hierarchy ez-toc-counter ez-toc-black ez-toc-container-direction\">\n<div class=\"ez-toc-title-container\">\n<p class=\"ez-toc-title\" style=\"cursor:inherit\">\u0130\u00e7indekiler<\/p>\n<span class=\"ez-toc-title-toggle\"><a href=\"#\" class=\"ez-toc-pull-right ez-toc-btn ez-toc-btn-xs ez-toc-btn-default ez-toc-toggle\" aria-label=\"\u0130\u00e7indekiler Tablosunu A\u00e7\/Kapat\"><span class=\"ez-toc-js-icon-con\"><span class=\"\"><span class=\"eztoc-hide\" style=\"display:none;\">Toggle<\/span><span class=\"ez-toc-icon-toggle-span\"><svg style=\"fill: #ffffff;color:#ffffff\" xmlns=\"http:\/\/www.w3.org\/2000\/svg\" class=\"list-377408\" width=\"20px\" height=\"20px\" viewBox=\"0 0 24 24\" fill=\"none\"><path d=\"M6 6H4v2h2V6zm14 0H8v2h12V6zM4 11h2v2H4v-2zm16 0H8v2h12v-2zM4 16h2v2H4v-2zm16 0H8v2h12v-2z\" fill=\"currentColor\"><\/path><\/svg><svg style=\"fill: #ffffff;color:#ffffff\" class=\"arrow-unsorted-368013\" xmlns=\"http:\/\/www.w3.org\/2000\/svg\" width=\"10px\" height=\"10px\" viewBox=\"0 0 24 24\" version=\"1.2\" baseProfile=\"tiny\"><path d=\"M18.2 9.3l-6.2-6.3-6.2 6.3c-.2.2-.3.4-.3.7s.1.5.3.7c.2.2.4.3.7.3h11c.3 0 .5-.1.7-.3.2-.2.3-.5.3-.7s-.1-.5-.3-.7zM5.8 14.7l6.2 6.3 6.2-6.3c.2-.2.3-.5.3-.7s-.1-.5-.3-.7c-.2-.2-.4-.3-.7-.3h-11c-.3 0-.5.1-.7.3-.2.2-.3.5-.3.7s.1.5.3.7z\"\/><\/svg><\/span><\/span><\/span><\/a><\/span><\/div>\n<nav><ul class='ez-toc-list ez-toc-list-level-1 eztoc-toggle-hide-by-default' ><ul class='ez-toc-list-level-3' ><li class='ez-toc-heading-level-3'><a class=\"ez-toc-link ez-toc-heading-1\" href=\"https:\/\/www.turna.com\/blog\/fas-yemekleri\/#egzotik_fas_mutfagi_berberi_akdeniz_ve_arap_mutfaklarindan_bir_cesni%e2%80%a6\" >Egzotik Fas Mutfa\u011f\u0131: Berberi, Akdeniz ve Arap Mutfaklar\u0131ndan Bir \u00c7e\u015fni\u2026<\/a><\/li><\/ul><\/li><li class='ez-toc-page-1 ez-toc-heading-level-2'><a class=\"ez-toc-link ez-toc-heading-2\" href=\"https:\/\/www.turna.com\/blog\/fas-yemekleri\/#fasta_ne_yenir\" >Fas&#8217;ta Ne Yenir?<\/a><ul class='ez-toc-list-level-3' ><li class='ez-toc-heading-level-3'><a class=\"ez-toc-link ez-toc-heading-3\" href=\"https:\/\/www.turna.com\/blog\/fas-yemekleri\/#couscous\" >Couscous<\/a><\/li><li class='ez-toc-page-1 ez-toc-heading-level-3'><a class=\"ez-toc-link ez-toc-heading-4\" href=\"https:\/\/www.turna.com\/blog\/fas-yemekleri\/#tajine\" >Tajine<\/a><\/li><li class='ez-toc-page-1 ez-toc-heading-level-3'><a class=\"ez-toc-link ez-toc-heading-5\" href=\"https:\/\/www.turna.com\/blog\/fas-yemekleri\/#pastilla\" >Pastilla<\/a><\/li><li class='ez-toc-page-1 ez-toc-heading-level-3'><a class=\"ez-toc-link ez-toc-heading-6\" href=\"https:\/\/www.turna.com\/blog\/fas-yemekleri\/#harira\" >Harira<\/a><\/li><li class='ez-toc-page-1 ez-toc-heading-level-3'><a class=\"ez-toc-link ez-toc-heading-7\" href=\"https:\/\/www.turna.com\/blog\/fas-yemekleri\/#mechoui\" >Mechoui<\/a><\/li><li class='ez-toc-page-1 ez-toc-heading-level-3'><a class=\"ez-toc-link ez-toc-heading-8\" href=\"https:\/\/www.turna.com\/blog\/fas-yemekleri\/#zaalouk\" >Zaalouk<\/a><\/li><li class='ez-toc-page-1 ez-toc-heading-level-3'><a class=\"ez-toc-link ez-toc-heading-9\" href=\"https:\/\/www.turna.com\/blog\/fas-yemekleri\/#chermoula\" >Chermoula<\/a><\/li><li class='ez-toc-page-1 ez-toc-heading-level-3'><a class=\"ez-toc-link ez-toc-heading-10\" href=\"https:\/\/www.turna.com\/blog\/fas-yemekleri\/#kefta_tagine\" >Kefta Tagine<\/a><\/li><li class='ez-toc-page-1 ez-toc-heading-level-3'><a class=\"ez-toc-link ez-toc-heading-11\" href=\"https:\/\/www.turna.com\/blog\/fas-yemekleri\/#briouat\" >Briouat<\/a><\/li><li class='ez-toc-page-1 ez-toc-heading-level-3'><a class=\"ez-toc-link ez-toc-heading-12\" href=\"https:\/\/www.turna.com\/blog\/fas-yemekleri\/#mint_tea\" >Mint Tea<\/a><\/li><\/ul><\/li><\/ul><\/nav><\/div>\n\n<p><strong>Akdeniz<\/strong>&nbsp;ile&nbsp;Atlas Okyanusu&nbsp;aras\u0131nda, g\u00fczeller g\u00fczeli egzotik bir \u00fclke olan <a href=\"https:\/\/www.turna.com\/blog\/ulkeler\/afrika\/fas\" target=\"_blank\" rel=\"noopener noreferrer\"><strong>Fas<\/strong><\/a>, k\u00fclt\u00fcrel ve etnik \u00e7e\u015fitlili\u011fiyle rengarenk bir mutfak k\u00fclt\u00fcr\u00fcne sahip. D\u00fcnyan\u0131n en iyi mutfaklar\u0131ndan biri olarak kabul edilen ve d\u00fcnya mutfaklar\u0131 i\u00e7erisinde T\u00fcrk damak tad\u0131na en uygun lezzetleri son derece tatmin edici olan Fas\u2019\u0131n, aromatik, yo\u011fun ve lezzetli spesiyalleri ziyaret\u00e7ilerini olduk\u00e7a ho\u015fnut b\u0131rak\u0131yor. 40\u2019tan fazla baharat \u00e7e\u015fidinin kullan\u0131ld\u0131\u011f\u0131 yemekleri ve s\u0131cak iklim meyveleri ile yap\u0131lan tatl\u0131lar\u0131yla muazzam lezzetler bar\u0131nd\u0131r\u0131yor. Hadi gelin bu rehberde <strong>Fas yemekleri<\/strong> ile bir gastronomi turuna \u00e7\u0131kal\u0131m.<\/p>\n\n\n\n<h3 class=\"wp-block-heading has-text-align-center has-neeon-button-dark-gray-color has-text-color has-link-color wp-elements-315fc1b472f2a24df7d896ea0e93b202\"><span class=\"ez-toc-section\" id=\"egzotik_fas_mutfagi_berberi_akdeniz_ve_arap_mutfaklarindan_bir_cesni%e2%80%a6\"><\/span><strong>Egzotik Fas Mutfa\u011f\u0131: Berberi, Akdeniz ve Arap Mutfaklar\u0131ndan Bir \u00c7e\u015fni\u2026<\/strong><span class=\"ez-toc-section-end\"><\/span><\/h3>\n\n\n\n<figure class=\"wp-block-image size-large\"><img width=\"1024\" height=\"681\" data-public-id=\"fas_yemekleri\/fas_yemekleri.jpg\" decoding=\"async\" src=\"https:\/\/res.cloudinary.com\/turna\/images\/w_1024,h_681,c_scale\/f_auto,q_auto:low\/v1696183661\/fas_yemekleri\/fas_yemekleri.jpg?_i=AA\" alt=\"Fas yemekleri\" class=\"wp-post-0 wp-image-22085\" data-format=\"jpg\" data-transformations=\"f_auto,q_auto:low\" data-version=\"1696183661\" data-seo=\"1\" srcset=\"https:\/\/res.cloudinary.com\/turna\/images\/f_auto,q_auto:low\/v1696183661\/fas_yemekleri\/fas_yemekleri.jpg?_i=AA 1024w, https:\/\/res.cloudinary.com\/turna\/images\/w_800,h_532,c_scale\/f_auto,q_auto:low\/v1696183661\/fas_yemekleri\/fas_yemekleri.jpg?_i=AA 800w, https:\/\/res.cloudinary.com\/turna\/images\/w_300,h_200,c_scale\/f_auto,q_auto:low\/v1696183661\/fas_yemekleri\/fas_yemekleri.jpg?_i=AA 300w, https:\/\/res.cloudinary.com\/turna\/images\/w_632,h_420,c_scale\/f_auto,q_auto:low\/v1696183661\/fas_yemekleri\/fas_yemekleri.jpg?_i=AA 632w, https:\/\/res.cloudinary.com\/turna\/images\/w_640,h_426,c_scale\/f_auto,q_auto:low\/v1696183661\/fas_yemekleri\/fas_yemekleri.jpg?_i=AA 640w, https:\/\/res.cloudinary.com\/turna\/images\/w_681,h_453,c_scale\/f_auto,q_auto:low\/v1696183661\/fas_yemekleri\/fas_yemekleri.jpg?_i=AA 681w\" sizes=\"(max-width: 1024px) 100vw, 1024px\" \/><figcaption class=\"wp-element-caption\">Fas Yemekleri<\/figcaption><\/figure>\n\n\n\n<p>Tarih boyunca bir\u00e7ok farkl\u0131 k\u00fclt\u00fcr\u00fcn etkisi alt\u0131nda kalan Fas mutfa\u011f\u0131ndaki malzemeler, \u00e7o\u011funlukla sebze, meyve, kuzu eti, tav\u015fan eti, g\u00fcvercin eti, deniz \u00fcr\u00fcnleri, pirin\u00e7, kuskus, kurutulmu\u015f meyveler, zeytinya\u011f\u0131 ve baharat \u00e7e\u015fitlerini i\u00e7eriyor. Safran, zencefil, tar\u00e7\u0131n, kimyon, anason ve susam tohumlar\u0131, k\u0131rm\u0131z\u0131biber ve zerde\u00e7al ise \u00fclkede en \u00e7ok kullan\u0131lan bu mis kokulu baharatlardan.<\/p>\n\n\n\n<p>\u00c7ay k\u00fclt\u00fcr\u00fc geli\u015fmi\u015f bir mutfa\u011fa sahip Fas\u2019ta, nane \u00e7ay\u0131, Fas k\u00fclt\u00fcr\u00fcn\u00fcn \u00f6nemli simgelerinden biri. Nane \u00e7ay\u0131 demlemenin bir \u00e7e\u015fit seremoni oldu\u011fu \u00fclkede, uzun ibri\u011fe sahip demliklerden y\u00fcksek mesafeden \u00e7ay\u0131 bardaklar\u0131na k\u00f6p\u00fcrterek dolduruluyor. \u00d6zellikle de nane \u00e7ay\u0131n\u0131 k\u00f6p\u00fckl\u00fc i\u00e7meyi seven Fasl\u0131lar aras\u0131nda \u00e7ay i\u00e7mek ve \u00e7ay saati kavramlar\u0131 hayli \u00f6nemli.<\/p>\n\n\n\n<h2 class=\"wp-block-heading has-text-align-center has-neeon-button-dark-gray-color has-text-color has-link-color wp-elements-88270b1eeca31aae549200496599e0df\"><span class=\"ez-toc-section\" id=\"fasta_ne_yenir\"><\/span><strong>Fas&#8217;ta Ne Yenir?<\/strong><span class=\"ez-toc-section-end\"><\/span><\/h2>\n\n\n\n<p>Fas mutfa\u011f\u0131, zengin aromalar\u0131, \u00e7e\u015fitlili\u011fi ve geleneksel tarifleriyle d\u00fcnya genelinde b\u00fcy\u00fck bir ilgi \u00e7ekiyor. Fas&#8217;ta yemek yemek, lezzetleri ke\u015ffetmek ve bu b\u00fcy\u00fcleyici \u00fclkenin k\u00fclt\u00fcrel miras\u0131n\u0131 tatmak isteyen herkes i\u00e7in unutulmaz bir deneyim sunuyor.<\/p>\n\n\n\n<p><strong>Fas Me\u015fhur Yemekleri<\/strong><\/p>\n\n\n\n<ol class=\"wp-block-list\">\n<li>Couscous<\/li>\n\n\n\n<li>Tajine<\/li>\n\n\n\n<li>Pastilla<\/li>\n\n\n\n<li>Harira<\/li>\n\n\n\n<li>Mechoui<\/li>\n\n\n\n<li>Zaalouk<\/li>\n\n\n\n<li>Chermoula<\/li>\n\n\n\n<li>Kefta Tagine<\/li>\n\n\n\n<li>Briouat<\/li>\n\n\n\n<li>Mint Tea<\/li>\n<\/ol>\n\n\n\n<h3 class=\"wp-block-heading has-text-align-center has-neeon-button-dark-gray-color has-text-color has-link-color wp-elements-d73c56638f7befe22d216f33db50b409\"><span class=\"ez-toc-section\" id=\"couscous\"><\/span><strong>Couscous<\/strong><span class=\"ez-toc-section-end\"><\/span><\/h3>\n\n\n\n<figure class=\"wp-block-image size-large\"><img decoding=\"async\" src=\"https:\/\/res.cloudinary.com\/turna\/image\/upload\/v1696183660\/couscous_fas.jpg\" alt=\"Couscous\"\/><\/figure>\n\n\n\n<p><strong>Couscous<\/strong>, Fas mutfa\u011f\u0131n\u0131n en tan\u0131d\u0131k ve sembolik yemeklerinden biri. Bu yemek, Fas&#8217;\u0131n geleneksel ve lezzet dolu sofralar\u0131n\u0131n vazge\u00e7ilmez bir par\u00e7as\u0131. Couscous, \u00f6zel bir buhar tenceresinde pi\u015firilen ve ard\u0131ndan t\u00fcrl\u00fc sebzeler, et veya tavuk ile harmanlanan bir yemek.<\/p>\n\n\n\n<p>\u00d6zellikle cuma g\u00fcnleri ve \u00f6zel g\u00fcnlerde ailelerin bir araya geldi\u011fi bir yemek olan couscous, zengin baharatlar ve lezzetlerle bulu\u015fuyor. Fas&#8217;ta misafirperverli\u011fi ve payla\u015fmay\u0131 sembolize eden bu yemek, Fas k\u00fclt\u00fcr\u00fcn\u00fcn s\u0131cakl\u0131\u011f\u0131n\u0131 ve zenginli\u011fini yans\u0131t\u0131yor.<\/p>\n\n\n\n<h3 class=\"wp-block-heading has-text-align-center has-neeon-button-dark-gray-color has-text-color has-link-color wp-elements-c9aeabd0c23612eaabb2464eadb80db6\"><span class=\"ez-toc-section\" id=\"tajine\"><\/span><strong>Tajine<\/strong><span class=\"ez-toc-section-end\"><\/span><\/h3>\n\n\n\n<figure class=\"wp-block-image size-large\"><img decoding=\"async\" src=\"https:\/\/res.cloudinary.com\/turna\/image\/upload\/v1696183662\/fas_yemekleri_tajine.jpg\" alt=\"Tajine\"\/><\/figure>\n\n\n\n<p><strong>Tajine<\/strong>, Fas mutfa\u011f\u0131n\u0131n \u00f6z\u00fcn\u00fc ve zarafetini yans\u0131tan bir yemek. Ad\u0131n\u0131 karakteristik yemek kab\u0131ndan alan tajine, d\u00fc\u015f\u00fck \u0131s\u0131da uzun s\u00fcre pi\u015firilen bir tencere yeme\u011fi ve genellikle et (kuzu, tavuk, dana), bal\u0131k veya sebzelerle haz\u0131rlan\u0131yor. Bu yemek, bol miktarda baharat, zeytinya\u011f\u0131, taze otlar ve kurutulmu\u015f meyvelerle tatland\u0131r\u0131l\u0131yor ve \u00f6zel bir pi\u015firme tekni\u011fi ile lezzetini zirveye ta\u015f\u0131yor. Tajine, geleneksel seramik veya toprak kaplarda sunuluyor ve genellikle s\u0131cak taze ekmek veya couscous ile servis ediliyor.<\/p>\n\n\n\n<h3 class=\"wp-block-heading has-text-align-center has-neeon-button-dark-gray-color has-text-color has-link-color wp-elements-16a03b60844a334df967ef2f43bc7f65\"><span class=\"ez-toc-section\" id=\"pastilla\"><\/span><strong>Pastilla<\/strong><span class=\"ez-toc-section-end\"><\/span><\/h3>\n\n\n\n<figure class=\"wp-block-image size-large\"><img decoding=\"async\" src=\"https:\/\/res.cloudinary.com\/turna\/image\/upload\/v1696183660\/fas_pastilla.jpg\" alt=\"Pastilla\"\/><figcaption class=\"wp-element-caption\">Fas Yemekleri &#8211; Pastilla<\/figcaption><\/figure>\n\n\n\n<p>Pastilla, <strong>Fas&#8217;\u0131n en \u00fcnl\u00fc yeme\u011fi<\/strong> olmaya aday bir lezzet. Bu geleneksel yemek, ince bir hamur tabakas\u0131n\u0131n i\u00e7ine bademli tavuk (bazen g\u00fcvercin) kar\u0131\u015f\u0131m\u0131 doldurularak haz\u0131rlan\u0131yor. Pastilla, tuzlu ve tatl\u0131 lezzetlerin muhte\u015fem uyumunu sunuyor; i\u00e7indeki tavuk, safran ve baharatlarla pi\u015fen bu zengin yemek ard\u0131ndan pudra \u015fekeri ve tar\u00e7\u0131n serpilerek servis ediliyor. Geleneksel olarak \u00f6zel g\u00fcnlerde ve kutlamalarda servis edilen pastilla, Fas mutfa\u011f\u0131n\u0131n en sofistike ve \u00f6zenle haz\u0131rlanan yemeklerinden biri.<\/p>\n\n\n\n<h3 class=\"wp-block-heading has-text-align-center has-neeon-button-dark-gray-color has-text-color has-link-color wp-elements-5c7e09830391b58850bdb19920cd151f\"><span class=\"ez-toc-section\" id=\"harira\"><\/span><strong>Harira<\/strong><span class=\"ez-toc-section-end\"><\/span><\/h3>\n\n\n\n<figure class=\"wp-block-image size-large\"><img decoding=\"async\" src=\"https:\/\/res.cloudinary.com\/turna\/image\/upload\/v1696183660\/fas_harira.jpg\" alt=\"Harira\"\/><\/figure>\n\n\n\n<p><strong>Harira<\/strong>, Fas mutfa\u011f\u0131n\u0131n s\u0131cak bir y\u0131ld\u0131z\u0131. Bu doyurucu \u00e7orba, \u00f6zellikle Ramazan ay\u0131 boyunca iftar\u0131n ilk tercihlerinden biri, \u00e7\u00fcnk\u00fc i\u00e7eri\u011finde bulunan nohut, mercimek, kuzu eti, domates ve baharatlarla enerji dolu bir \u00f6\u011f\u00fcn sunuyor.<\/p>\n\n\n\n<h3 class=\"wp-block-heading has-text-align-center has-neeon-button-dark-gray-color has-text-color has-link-color wp-elements-e9ea51c841c1cea648045da462cc5080\"><span class=\"ez-toc-section\" id=\"mechoui\"><\/span><strong>Mechoui<\/strong><span class=\"ez-toc-section-end\"><\/span><\/h3>\n\n\n\n<p><strong>Mechoui<\/strong>, Fas mutfa\u011f\u0131n\u0131n lezzetli bir simgesi ve \u00f6zellikle \u00f6zel g\u00fcnlerde ve kutlamalarda servis edilen bir de\u011fer. Kuzu eti \u00f6zel baharat kar\u0131\u015f\u0131mlar\u0131 ve do\u011fal aromalarla marine ediliyor, ard\u0131ndan uzun saatler boyunca yava\u015f\u00e7a pi\u015firiliyor. D\u0131\u015f\u0131 \u00e7\u0131t\u0131r, i\u00e7i ise yumu\u015fak ve lezzet dolu bir tat ortaya \u00e7\u0131k\u0131yor.<\/p>\n\n\n\n<h3 class=\"wp-block-heading has-text-align-center has-neeon-button-dark-gray-color has-text-color has-link-color wp-elements-86eccb38752eb8f927d0587451095e70\"><span class=\"ez-toc-section\" id=\"zaalouk\"><\/span><strong>Zaalouk<\/strong><span class=\"ez-toc-section-end\"><\/span><\/h3>\n\n\n\n<p><strong>Zaalouk<\/strong>, Fas mutfa\u011f\u0131n\u0131n nefis ve sa\u011fl\u0131kl\u0131 bir sebze yeme\u011fi. Bu yemek, k\u00f6zlenmi\u015f patl\u0131can, domates, biber ve baharatlarla haz\u0131rlan\u0131yor. Sebzeler \u00f6nce k\u00f6zleniyor, ard\u0131ndan ezilip baharatlarla tatland\u0131r\u0131l\u0131p zeytinya\u011f\u0131 ile kar\u0131\u015ft\u0131r\u0131l\u0131yor. Zaalouk, s\u0131cak veya so\u011fuk olarak servis edilebilir ve tipik olarak Fas pidesi veya ekmekle birlikte sunulur.<\/p>\n\n\n\n<h3 class=\"wp-block-heading has-text-align-center has-neeon-button-dark-gray-color has-text-color has-link-color wp-elements-07b1d5f1b0c12a045b50005a78acaa4b\"><span class=\"ez-toc-section\" id=\"chermoula\"><\/span><strong>Chermoula<\/strong><span class=\"ez-toc-section-end\"><\/span><\/h3>\n\n\n\n<p><strong>Chermoula<\/strong>, \u00f6zellikle deniz \u00fcr\u00fcnlerinin yan\u0131nda sunulan \u00f6zel bir sos. Genellikle taze ki\u015fni\u015f, taze nane, sar\u0131msak, zeytinya\u011f\u0131, limon suyu ve baharatlar i\u00e7eren bir kar\u0131\u015f\u0131m olarak haz\u0131rlan\u0131yor. Chermoula, yemeklere karakteristik bir Fas aromas\u0131 kat\u0131yor. Baharatl\u0131 ve taze lezzeti sayesinde, Chermoula, Fas mutfa\u011f\u0131n\u0131n canl\u0131l\u0131\u011f\u0131n\u0131 ve lezzet \u00e7e\u015fitlili\u011fini vurguluyor.<\/p>\n\n\n\n<h3 class=\"wp-block-heading has-text-align-center has-neeon-button-dark-gray-color has-text-color has-link-color wp-elements-f1774ad2ec07d2a5487320ba946cb6a2\"><span class=\"ez-toc-section\" id=\"kefta_tagine\"><\/span><strong>Kefta Tagine<\/strong><span class=\"ez-toc-section-end\"><\/span><\/h3>\n\n\n\n<p><strong>Kefta Tagine<\/strong>, baharatlarla zenginle\u015ftirilmi\u015f k\u00f6ftelerin, sebzelerin ve sosun m\u00fckemmel bir birle\u015fimi. K\u00f6fteler genellikle dana veya kuzu k\u0131ymas\u0131ndan yap\u0131l\u0131yo ve ard\u0131ndan baharatlar, so\u011fan, ki\u015fni\u015f ve maydanoz ile bulu\u015fuyor. Sebzeler (genellikle domates, biber ve patates) k\u00f6ftelerin \u00fczerine yerle\u015ftiriliyor ve tajine pi\u015firme tekni\u011fiyle pi\u015firiliyor.<\/p>\n\n\n\n<h3 class=\"wp-block-heading has-text-align-center has-neeon-button-dark-gray-color has-text-color has-link-color wp-elements-cb02633a78b05a73bcf859dba818370f\"><span class=\"ez-toc-section\" id=\"briouat\"><\/span><strong>Briouat<\/strong><span class=\"ez-toc-section-end\"><\/span><\/h3>\n\n\n\n<p><strong>Briouat<\/strong>, Fas mutfa\u011f\u0131n\u0131n lezzetli bir at\u0131\u015ft\u0131rmal\u0131\u011f\u0131. Genellikle \u00fc\u00e7gen veya dikd\u00f6rtgen \u015feklindeki ince yufka tabakalar\u0131yla haz\u0131rlanan Briouat genellikle tatl\u0131 ve baharatl\u0131 aromalarla harmanlan\u0131r ve ard\u0131ndan k\u0131zart\u0131l\u0131r veya f\u0131r\u0131nlan\u0131r. \u00dczerine pudra \u015fekeri veya tar\u00e7\u0131n serpilerek servis edildi\u011finde, hem g\u00f6z al\u0131c\u0131 hem de lezzetli bir at\u0131\u015ft\u0131rmal\u0131k oluyor.<\/p>\n\n\n\n<h3 class=\"wp-block-heading has-text-align-center has-neeon-button-dark-gray-color has-text-color has-link-color wp-elements-f37e29e01159e189c276943f74955fe3\"><span class=\"ez-toc-section\" id=\"mint_tea\"><\/span><strong>Mint Tea<\/strong><span class=\"ez-toc-section-end\"><\/span><\/h3>\n\n\n\n<figure class=\"wp-block-image size-large\"><img decoding=\"async\" src=\"https:\/\/res.cloudinary.com\/turna\/image\/upload\/v1696183660\/fas_mint_tea.jpg\" alt=\"Mint Tea Fas yemekleri\"\/><\/figure>\n\n\n\n<p>Fas mutfa\u011f\u0131, sadece lezzetli yemekleriyle de\u011fil, ayn\u0131 zamanda geleneksel bir i\u00e7ece\u011fi olan &#8220;nane \u00e7ay\u0131&#8221; ile de \u00fcnl\u00fc. Fas&#8217;ta &#8220;Atay&#8221; olarak bilinen bu \u00e7ay, nane yapraklar\u0131, taze ye\u015fil \u00e7ay yapraklar\u0131 ve b\u00fcy\u00fck miktarda \u015feker ile haz\u0131rlan\u0131yor. Bu i\u00e7ece\u011fi haz\u0131rlamak, Fas k\u00fclt\u00fcr\u00fcnde bir merasim. Nane \u00e7ay\u0131, misafirlere ho\u015f geldiniz demek, sohbetleri s\u00fcslemek ve keyifli anlar\u0131 payla\u015fmak i\u00e7in kullan\u0131lan \u00f6nemli bir sembol.<\/p>\n\n\n\n<p>T\u00fcrkiye\u2019den <strong>Fas<\/strong>\u2019a direkt u\u00e7abilece\u011finiz \u015fehir olan <a href=\"https:\/\/www.turna.com\/ucak-bileti\/kazablanka\" target=\"_blank\" rel=\"noopener noreferrer\"><strong>Kazablanka<\/strong><\/a>\u2019ya T\u00fcrk Hava Yollar\u0131 ve Royal Air Maroc ile yakla\u015f\u0131k 5 saatlik u\u00e7u\u015flarla ula\u015fabilirsiniz. Bu rengarenk \u00fclkenin mutfa\u011f\u0131n\u0131 da tatmak isterseniz yapman\u0131z gereken tek \u015fey bir <a href=\"https:\/\/www.turna.com\/ucak-bileti\/fas\" target=\"_blank\" rel=\"noopener noreferrer\"><strong>Fas u\u00e7ak bileti<\/strong><\/a> almak!<\/p>\n\n\n\n<p><strong>NOT:<\/strong> <strong><a href=\"https:\/\/www.turna.com\/sikca-sorulan-sorular\/fas-vizesi\" target=\"_blank\" rel=\"noreferrer noopener\">Fas vizesi<\/a><\/strong> hakk\u0131nda detayl\u0131 bilgilere de Turna.com \u00fczerinden ula\u015fabilirsiniz.                                           <\/p>\n\n    <div class=\"xs_social_share_widget xs_share_url after_content \t\tmain_content  wslu-style-1 wslu-share-box-shaped wslu-fill-colored wslu-none wslu-share-horizontal wslu-theme-font-no wslu-main_content\">\n\n\t\t\n        <ul>\n\t\t\t        <\/ul>\n    <\/div> \n","protected":false},"excerpt":{"rendered":"<p>Akdeniz\u00a0ile\u00a0Atlas Okyanusu\u00a0aras\u0131nda, g\u00fczeller g\u00fczeli egzotik bir \u00fclke olan Fas, k\u00fclt\u00fcrel ve etnik \u00e7e\u015fitlili\u011fiyle rengarenk bir mutfak k\u00fclt\u00fcr\u00fcne sahip. D\u00fcnyan\u0131n en iyi mutfaklar\u0131ndan biri olarak kabul edilen ve d\u00fcnya mutfaklar\u0131 i\u00e7erisinde T\u00fcrk damak tad\u0131na en uygun lezzetleri son derece tatmin edici olan Fas\u2019\u0131n, aromatik, yo\u011fun ve lezzetli spesiyalleri ziyaret\u00e7ilerini olduk\u00e7a ho\u015fnut b\u0131rak\u0131yor. 40\u2019tan fazla baharat \u00e7e\u015fidinin kullan\u0131ld\u0131\u011f\u0131 yemekleri ve s\u0131cak iklim meyveleri ile yap\u0131lan tatl\u0131lar\u0131yla muazzam lezzetler bar\u0131nd\u0131r\u0131yor. Hadi gelin bu rehberde Fas yemekleri ile bir gastronomi turuna \u00e7\u0131kal\u0131m.<\/p>\n","protected":false},"author":34,"featured_media":22085,"comment_status":"open","ping_status":"open","sticky":false,"template":"","format":"standard","meta":{"rop_custom_images_group":[],"rop_custom_messages_group":[],"rop_publish_now":"initial","rop_publish_now_accounts":[],"rop_publish_now_history":[],"rop_publish_now_status":"pending","_cloudinary_featured_overwrite":false,"footnotes":""},"categories":[872,695],"tags":[857,2597],"class_list":["post-8359","post","type-post","status-publish","format-standard","has-post-thumbnail","hentry","category-fas","category-gurme","tag-fas","tag-oujda"],"_links":{"self":[{"href":"https:\/\/www.turna.com\/blog\/wp-json\/wp\/v2\/posts\/8359","targetHints":{"allow":["GET"]}}],"collection":[{"href":"https:\/\/www.turna.com\/blog\/wp-json\/wp\/v2\/posts"}],"about":[{"href":"https:\/\/www.turna.com\/blog\/wp-json\/wp\/v2\/types\/post"}],"author":[{"embeddable":true,"href":"https:\/\/www.turna.com\/blog\/wp-json\/wp\/v2\/users\/34"}],"replies":[{"embeddable":true,"href":"https:\/\/www.turna.com\/blog\/wp-json\/wp\/v2\/comments?post=8359"}],"version-history":[{"count":0,"href":"https:\/\/www.turna.com\/blog\/wp-json\/wp\/v2\/posts\/8359\/revisions"}],"wp:featuredmedia":[{"embeddable":true,"href":"https:\/\/www.turna.com\/blog\/wp-json\/wp\/v2\/media\/22085"}],"wp:attachment":[{"href":"https:\/\/www.turna.com\/blog\/wp-json\/wp\/v2\/media?parent=8359"}],"wp:term":[{"taxonomy":"category","embeddable":true,"href":"https:\/\/www.turna.com\/blog\/wp-json\/wp\/v2\/categories?post=8359"},{"taxonomy":"post_tag","embeddable":true,"href":"https:\/\/www.turna.com\/blog\/wp-json\/wp\/v2\/tags?post=8359"}],"curies":[{"name":"wp","href":"https:\/\/api.w.org\/{rel}","templated":true}]}}