{"id":827,"date":"2021-12-13T08:15:00","date_gmt":"2021-12-13T05:15:00","guid":{"rendered":"https:\/\/www.turna.com\/blog\/?p=827"},"modified":"2025-12-10T16:59:42","modified_gmt":"2025-12-10T13:59:42","slug":"topkapi-sarayi-gorulecek-yerler","status":"publish","type":"post","link":"https:\/\/www.turna.com\/blog\/topkapi-sarayi-gorulecek-yerler","title":{"rendered":"Topkap\u0131 Saray\u0131 G\u00f6r\u00fclecek Yerler"},"content":{"rendered":"<div id=\"ez-toc-container\" class=\"ez-toc-v2_0_82_2 counter-hierarchy ez-toc-counter ez-toc-black ez-toc-container-direction\">\n<div class=\"ez-toc-title-container\">\n<p class=\"ez-toc-title\" style=\"cursor:inherit\">\u0130\u00e7indekiler<\/p>\n<span class=\"ez-toc-title-toggle\"><a href=\"#\" class=\"ez-toc-pull-right ez-toc-btn ez-toc-btn-xs ez-toc-btn-default ez-toc-toggle\" aria-label=\"\u0130\u00e7indekiler Tablosunu A\u00e7\/Kapat\"><span class=\"ez-toc-js-icon-con\"><span class=\"\"><span class=\"eztoc-hide\" style=\"display:none;\">Toggle<\/span><span class=\"ez-toc-icon-toggle-span\"><svg style=\"fill: #ffffff;color:#ffffff\" xmlns=\"http:\/\/www.w3.org\/2000\/svg\" class=\"list-377408\" width=\"20px\" height=\"20px\" viewBox=\"0 0 24 24\" fill=\"none\"><path d=\"M6 6H4v2h2V6zm14 0H8v2h12V6zM4 11h2v2H4v-2zm16 0H8v2h12v-2zM4 16h2v2H4v-2zm16 0H8v2h12v-2z\" fill=\"currentColor\"><\/path><\/svg><svg style=\"fill: #ffffff;color:#ffffff\" class=\"arrow-unsorted-368013\" xmlns=\"http:\/\/www.w3.org\/2000\/svg\" width=\"10px\" height=\"10px\" viewBox=\"0 0 24 24\" version=\"1.2\" baseProfile=\"tiny\"><path d=\"M18.2 9.3l-6.2-6.3-6.2 6.3c-.2.2-.3.4-.3.7s.1.5.3.7c.2.2.4.3.7.3h11c.3 0 .5-.1.7-.3.2-.2.3-.5.3-.7s-.1-.5-.3-.7zM5.8 14.7l6.2 6.3 6.2-6.3c.2-.2.3-.5.3-.7s-.1-.5-.3-.7c-.2-.2-.4-.3-.7-.3h-11c-.3 0-.5.1-.7.3-.2.2-.3.5-.3.7s.1.5.3.7z\"\/><\/svg><\/span><\/span><\/span><\/a><\/span><\/div>\n<nav><ul class='ez-toc-list ez-toc-list-level-1 eztoc-toggle-hide-by-default' ><li class='ez-toc-page-1 ez-toc-heading-level-2'><a class=\"ez-toc-link ez-toc-heading-1\" href=\"https:\/\/www.turna.com\/blog\/topkapi-sarayi-gorulecek-yerler\/#topkapi_sarayi_istanbul\" >Topkap\u0131 Saray\u0131, \u0130stanbul<\/a><\/li><li class='ez-toc-page-1 ez-toc-heading-level-2'><a class=\"ez-toc-link ez-toc-heading-2\" href=\"https:\/\/www.turna.com\/blog\/topkapi-sarayi-gorulecek-yerler\/#topkapi_sarayinin_bolumleri\" >Topkap\u0131 Saray\u0131n\u0131n B\u00f6l\u00fcmleri<\/a><ul class='ez-toc-list-level-3' ><li class='ez-toc-heading-level-3'><a class=\"ez-toc-link ez-toc-heading-3\" href=\"https:\/\/www.turna.com\/blog\/topkapi-sarayi-gorulecek-yerler\/#1_saray-i_humayun_ve_ic_saray\" >1. Saray-\u0131 H\u00fcmayun ve \u0130\u00e7 Saray<\/a><\/li><li class='ez-toc-page-1 ez-toc-heading-level-3'><a class=\"ez-toc-link ez-toc-heading-4\" href=\"https:\/\/www.turna.com\/blog\/topkapi-sarayi-gorulecek-yerler\/#2_bab-i_humayun_saltanat_kapisi\" >2. Bab-\u0131 H\u00fcmayun (Saltanat Kap\u0131s\u0131)<\/a><\/li><li class='ez-toc-page-1 ez-toc-heading-level-3'><a class=\"ez-toc-link ez-toc-heading-5\" href=\"https:\/\/www.turna.com\/blog\/topkapi-sarayi-gorulecek-yerler\/#3_i_avlu_saray_meydani\" >3. I. Avlu (Saray Meydan\u0131)<\/a><\/li><li class='ez-toc-page-1 ez-toc-heading-level-3'><a class=\"ez-toc-link ez-toc-heading-6\" href=\"https:\/\/www.turna.com\/blog\/topkapi-sarayi-gorulecek-yerler\/#4_babusselam_selam_kapisi_orta_kapi\" >4. B\u00e2b\u00fcssel\u00e2m (Selam Kap\u0131s\u0131 \/ Orta Kap\u0131)<\/a><\/li><li class='ez-toc-page-1 ez-toc-heading-level-3'><a class=\"ez-toc-link ez-toc-heading-7\" href=\"https:\/\/www.turna.com\/blog\/topkapi-sarayi-gorulecek-yerler\/#5_ii_avlu_divan_meydani\" >5. II. Avlu (Divan Meydan\u0131)<\/a><\/li><li class='ez-toc-page-1 ez-toc-heading-level-3'><a class=\"ez-toc-link ez-toc-heading-8\" href=\"https:\/\/www.turna.com\/blog\/topkapi-sarayi-gorulecek-yerler\/#6_hazine-i_amire_divan-i_humayun_hazinesi\" >6. Hazine-\u0131 \u00c2mire (D\u00eev\u00e2n-\u0131 H\u00fcm\u00e2y\u00fbn Hazinesi)<\/a><\/li><li class='ez-toc-page-1 ez-toc-heading-level-3'><a class=\"ez-toc-link ez-toc-heading-9\" href=\"https:\/\/www.turna.com\/blog\/topkapi-sarayi-gorulecek-yerler\/#7_iii_avlu\" >7. III. Avlu<\/a><\/li><li class='ez-toc-page-1 ez-toc-heading-level-3'><a class=\"ez-toc-link ez-toc-heading-10\" href=\"https:\/\/www.turna.com\/blog\/topkapi-sarayi-gorulecek-yerler\/#8_iv_avlu\" >8. IV. Avlu<\/a><\/li><\/ul><\/li><li class='ez-toc-page-1 ez-toc-heading-level-2'><a class=\"ez-toc-link ez-toc-heading-11\" href=\"https:\/\/www.turna.com\/blog\/topkapi-sarayi-gorulecek-yerler\/#topkapi_sarayi_nerede\" >Topkap\u0131 Saray\u0131 Nerede<\/a><ul class='ez-toc-list-level-3' ><li class='ez-toc-heading-level-3'><a class=\"ez-toc-link ez-toc-heading-12\" href=\"https:\/\/www.turna.com\/blog\/topkapi-sarayi-gorulecek-yerler\/#topkapi_sarayi_giris_ucreti_ve_ziyaret_saatleri\" >Topkap\u0131 Saray\u0131 giri\u015f \u00fccreti ve ziyaret saatleri<\/a><\/li><\/ul><\/li><li class='ez-toc-page-1 ez-toc-heading-level-2'><a class=\"ez-toc-link ez-toc-heading-13\" href=\"https:\/\/www.turna.com\/blog\/topkapi-sarayi-gorulecek-yerler\/#topkapi_sarayina_nasil_gidilir\" >Topkap\u0131 Saray\u0131\u2019na nas\u0131l gidilir<\/a><\/li><\/ul><\/nav><\/div>\n\n<p><strong>Topkap\u0131 Saray\u0131<\/strong>, d\u00fcnyan\u0131n ve \u00fclkemizin say\u0131l\u0131 m\u00fczelerinden biri. \u0130stanbul&#8217;un UNESCO D\u00fcnya K\u00fclt\u00fcrel Miras\u0131 Listesinde yer alan Tarihi Yar\u0131mada b\u00f6lgesinde, Sarayburnu&#8217;nda yer alan saray, 700 bin metrekarelik bir alanda in\u015fa edilmi\u015f. \u0130stanbul&#8217;un siluetini olu\u015fturan en g\u00fczel manzaralardan birine sahip olan yap\u0131, konum itibariyle \u0130stanbul&#8217;un en eski tarihi b\u00f6lgelerinden birinde konumlan\u0131yor.<\/p>\n\n\n\n<p>Osmanl\u0131 padi\u015fahlar\u0131n\u0131n ailesiyle birlikte ya\u015fad\u0131\u011f\u0131 Topkap\u0131 Saray\u0131nda en ihti\u015faml\u0131 d\u00f6neminde 4 bine yak\u0131n insan bir arada ya\u015f\u0131yordu. Fatih Sultan Mehmet taraf\u0131ndan 1478&#8217;de in\u015fa edilen saray, Abd\u00fclmecid\u2019in Dolmabah\u00e7e Saray\u0131n\u0131 yapt\u0131rmas\u0131na kadar devletin idare merkezi ve Osmanl\u0131 padi\u015fahlar\u0131n\u0131n resmi ik\u00e2metg\u00e2h\u0131 olarak kullan\u0131ld\u0131.<\/p>\n\n\n\n<figure class=\"wp-block-image size-full is-style-default\"><img width=\"800\" height=\"500\" data-public-id=\"topkapi-sarayi-nerede\/topkapi-sarayi-nerede.jpg\" fetchpriority=\"high\" decoding=\"async\" src=\"https:\/\/res.cloudinary.com\/turna\/images\/w_800,h_500,c_scale\/f_auto,q_auto:low\/v1639208616\/topkapi-sarayi-nerede\/topkapi-sarayi-nerede.jpg?_i=AA\" alt=\"topkapi sarayi nerede\" class=\"wp-post-827 wp-image-20358\" data-format=\"jpg\" data-transformations=\"f_auto,q_auto:low\" data-version=\"1639208616\" data-seo=\"1\" srcset=\"https:\/\/res.cloudinary.com\/turna\/images\/f_auto,q_auto:low\/v1639208616\/topkapi-sarayi-nerede\/topkapi-sarayi-nerede.jpg?_i=AA 800w, https:\/\/res.cloudinary.com\/turna\/images\/w_300,h_188,c_scale\/f_auto,q_auto:low\/v1639208616\/topkapi-sarayi-nerede\/topkapi-sarayi-nerede.jpg?_i=AA 300w, https:\/\/res.cloudinary.com\/turna\/images\/w_672,h_420,c_scale\/f_auto,q_auto:low\/v1639208616\/topkapi-sarayi-nerede\/topkapi-sarayi-nerede.jpg?_i=AA 672w, https:\/\/res.cloudinary.com\/turna\/images\/w_640,h_400,c_scale\/f_auto,q_auto:low\/v1639208616\/topkapi-sarayi-nerede\/topkapi-sarayi-nerede.jpg?_i=AA 640w, https:\/\/res.cloudinary.com\/turna\/images\/w_681,h_426,c_scale\/f_auto,q_auto:low\/v1639208616\/topkapi-sarayi-nerede\/topkapi-sarayi-nerede.jpg?_i=AA 681w\" sizes=\"(max-width: 800px) 100vw, 800px\" \/><\/figure>\n\n\n\n<p>Osmanl\u0131 \u0130mparatorlu\u011fu\u2019nun 600 y\u0131ll\u0131k d\u00f6neminin 400 y\u0131l\u0131nda idare merkezi olan <strong>Topkap\u0131 Saray\u0131<\/strong>, \u0130stanbul\u2019da en \u00e7ok ziyaret edilen yerlerden biri. Osmanl\u0131 padi\u015fahlar\u0131n\u0131n ya\u015fad\u0131\u011f\u0131 saray, devletin en etkili d\u00f6neminde 4 bini a\u015fk\u0131n ki\u015fiye ya\u015fam alan\u0131 olmu\u015f.<\/p>\n\n\n\n<p>Fatih Sultan Mehmet taraf\u0131ndan 1478 y\u0131l\u0131nda yapt\u0131r\u0131lan, <strong><a href=\"https:\/\/www.turna.com\/blog\/tarihi-yarimada-istanbul\" target=\"_blank\" rel=\"noopener noreferrer\">Tarihi Yar\u0131mada<\/a><\/strong>\u2019n\u0131n en pop\u00fcler yap\u0131lar\u0131ndan biri olan saray, Dolmabah\u00e7e Saray\u0131 yap\u0131lana kadar Osmanl\u0131\u2019n\u0131n y\u00f6netim merkeziydi. Kurulu\u015funda 700 bin metrekare geni\u015fli\u011finde bir alan\u0131 bulunan saray, g\u00fcn\u00fcm\u00fczde 80 bin metrekare geni\u015fli\u011findeki alan\u0131n i\u00e7erisinde.<\/p>\n\n\n\n<h2 class=\"wp-block-heading\"><span class=\"ez-toc-section\" id=\"topkapi_sarayi_istanbul\"><\/span><strong>Topkap\u0131 Saray\u0131, \u0130stanbul<\/strong><span class=\"ez-toc-section-end\"><\/span><\/h2>\n\n\n\n<p><strong>Topkap\u0131 Saray\u0131<\/strong>, Marmara Denizi, \u0130stanbul Bo\u011faz\u0131 ve Hali\u00e7 aras\u0131nda kalan tarihi \u0130stanbul yar\u0131madas\u0131n\u0131n ucundaki Sarayburnu\u2019nda Bizans akropol\u00fc \u00fczerinde kurulu.<\/p>\n\n\n\n<p>Fatih Sultan Mehmed&#8217;in 1453 y\u0131l\u0131nda \u0130stanbul&#8217;u fethetmesinin ard\u0131ndan 1460&#8217;l\u0131 y\u0131llarda yap\u0131m\u0131na ba\u015flanan ve 1478 y\u0131l\u0131nda tamamlanan saray, Fatih Sultan Mehmed\u2019den itibaren 31. padi\u015fah Sultan Abd\u00fclmecid\u2019e kadar yakla\u015f\u0131k d\u00f6rt y\u00fcz y\u0131l s\u00fcreyle Osmanl\u0131 \u0130mparatorlu\u011fu&#8217;nun idare, e\u011fitim ve sanat merkezi olarak kullan\u0131lm\u0131\u015f.<\/p>\n\n\n\n<p>Dolmabah\u00e7e Saray\u0131&#8217;na hanedan\u0131n 19. y\u00fczy\u0131lda ta\u015f\u0131nmas\u0131n\u0131n ard\u0131ndan terk edilen Topkap\u0131 Saray\u0131, T\u00fcrkiye Cumhuriyeti&#8217;nin kurulu\u015fundan sonra 3 Nisan 1924 tarihinde m\u00fcze haline getirilmi\u015f.<\/p>\n\n\n\n<p>1465\u2019te yap\u0131m\u0131 ba\u015flat\u0131lan saray, Abd\u00fclmecit D\u00f6neminde yabanc\u0131 konuklara devletin ihti\u015fam\u0131n\u0131n g\u00f6sterildi\u011fi \u00f6nemli bir de\u011fere d\u00f6n\u00fc\u015fm\u00fc\u015f. 1924\u2019te Mustafa Kemal Atat\u00fcrk\u2019\u00fcn emriyle halk\u0131n ziyaretine a\u00e7\u0131lan bir m\u00fcze olan Topkap\u0131 Saray\u0131\u2019n\u0131n, o tarihte Kubbealt\u0131, Arz Odas\u0131, Mecidiye K\u00f6\u015fk\u00fc, Hekimba\u015f\u0131 Odas\u0131, Mustafa Pa\u015fa K\u00f6\u015fk\u00fc ve Ba\u011fdat K\u00f6\u015fk\u00fc b\u00f6l\u00fcmleri g\u00f6r\u00fcc\u00fcye \u00e7\u0131kar\u0131lm\u0131\u015f.<\/p>\n\n\n\n<p>Her y\u0131l d\u00fczenli onar\u0131mdan ge\u00e7irilen saray, T\u00fcrkiye\u2019nin en \u00e7ok ziyaret\u00e7i \u00e7eken m\u00fczelerinden biri. 1985 y\u0131l\u0131nda UNESCO D\u00fcnya Miraslar\u0131 Listesine giren \u0130stanbul Tarihi Yar\u0131mada\u2019n\u0131n en \u00f6nemli par\u00e7alar\u0131ndan biri olan Topkap\u0131 Saray\u0131, K\u00fclt\u00fcr ve Turizm Bakanl\u0131\u011f\u0131\u2019na ba\u011fl\u0131 bir m\u00fcze olarak ziyaret\u00e7ilerini a\u011f\u0131rl\u0131yor.<\/p>\n\n\n\n<p>300 bin metrekarelik bir alan\u0131 kaplayan, Cumhuriyet&#8217;in ilk m\u00fczesi olan <strong>Topkap\u0131 Saray\u0131 M\u00fczesi<\/strong>,&nbsp;mimari yap\u0131lar\u0131, koleksiyonlar\u0131 ve yakla\u015f\u0131k 300 bin ar\u015fiv belgesi ile d\u00fcnyan\u0131n en b\u00fcy\u00fck saray-m\u00fczelerinden biri olarak kabul ediliyor.<\/p>\n\n\n\n<h2 class=\"wp-block-heading\"><span class=\"ez-toc-section\" id=\"topkapi_sarayinin_bolumleri\"><\/span><strong>Topkap\u0131 Saray\u0131n\u0131n B\u00f6l\u00fcmleri<\/strong><span class=\"ez-toc-section-end\"><\/span><\/h2>\n\n\n\n<p><strong>Topkap\u0131 Saray\u0131<\/strong>, kara taraf\u0131ndan Fatih Sultan Mehmed\u2019in yapt\u0131rd\u0131\u011f\u0131 S\u00fbr-\u0131 Sult\u00e2ni, deniz taraf\u0131ndan ise Bizans surlar\u0131 ile \u015fehirden ayr\u0131l\u0131yor. \u00c7e\u015fitli kara kap\u0131lar\u0131yla ve deniz kap\u0131lar\u0131yla saray i\u00e7erisindeki de\u011fi\u015fik yerlere a\u00e7\u0131lan kap\u0131lar\u0131n haricinde, saray\u0131n an\u0131tsal giri\u015fi Ayasofya&#8217;n\u0131n arkas\u0131nda bulunan B\u00e2b-\u0131 H\u00fcm\u00e2y\u00fbn (Saltanat Kap\u0131s\u0131) kap\u0131s\u0131ndan yap\u0131l\u0131yor.<\/p>\n\n\n\n<p>Topkap\u0131 Saray\u0131 y\u00f6netim, e\u011fitim yeri ve padi\u015fah\u0131n ik\u00e2metg\u00e2h\u0131 olmas\u0131 sebebiyle olu\u015fturulan yap\u0131lanmaya uygun olarak iki ana b\u00f6l\u00fcme ayr\u0131lm\u0131\u015f durumda. Bunlar, birinci ve ikinci avludaki hizmet yap\u0131lar\u0131ndan olu\u015fan Birun ile i\u00e7 \u00f6rg\u00fctlenme ile ilgili yap\u0131lardan olu\u015fan Ender\u00fbn.<\/p>\n\n\n\n<h3 class=\"wp-block-heading\"><span class=\"ez-toc-section\" id=\"1_saray-i_humayun_ve_ic_saray\"><\/span><strong>1. Saray-\u0131 H\u00fcmayun ve \u0130\u00e7 Saray<\/strong><span class=\"ez-toc-section-end\"><\/span><\/h3>\n\n\n\n<p><strong>Saray-\u0131 H\u00fcmayun ve \u0130\u00e7 Saray<\/strong>&#8216;\u0131n etraf\u0131 surlarla \u00e7evrili. Saray-\u0131 H\u00fcmayun&#8217;un yap\u0131lar\u0131 \u00e7ok geni\u015f bir alana yay\u0131l\u0131yor. Saray-\u0131 H\u00fcmayun, Bab-\u0131 H\u00fcmayun (Saltanat Kap\u0131s\u0131), Hasbah\u00e7e (G\u00fclhane Park\u0131), Istabl-\u0131 \u00c2mire (Has Ah\u0131rlar), So\u011fuk\u00e7e\u015fme Kap\u0131s\u0131, Otluk Kap\u0131s\u0131, Odun Kap\u0131s\u0131, Bal\u0131khane Kap\u0131s\u0131, V\u00fckela Kap\u0131s\u0131&#8217;ndan olu\u015fuyor.<\/p>\n\n\n\n<p>Yal\u0131k\u00f6\u015fk\u00fc Kap\u0131s\u0131, Alay K\u00f6\u015fk\u00fc, Sepet\u00e7iler Kasr\u0131, Yal\u0131 K\u00f6\u015fk\u00fc, \u0130ncili K\u00f6\u015fk, \u015eevkiye K\u00f6\u015fk\u00fc, Eski Kay\u0131khaneler, Yeni Darphane, Darphane K\u00f6\u015fk\u00fc, G\u00fclhane Kasr\u0131, Gotlar S\u00fctunu, \u00c7inili K\u00f6\u015fk, Revan K\u00f6\u015fk\u00fc, Ba\u011fdat K\u00f6\u015fk\u00fc, III. Osman K\u00f6\u015fk\u00fc ve Sofa K\u00f6\u015fk\u00fc&#8217;de Saray-\u0131 Humayun&#8217;un di\u011fer yap\u0131lar\u0131. <\/p>\n\n\n\n<p>\u0130\u00e7 saraydaki yap\u0131lar ise B\u00e2b\u00fcssel\u00e2m (Selam Kap\u0131s\u0131), Mutfak kanad\u0131, Bab\u00fcssaade (Saadet Kap\u0131s\u0131), Arz Odas\u0131, Fatih K\u00f6\u015fk\u00fc, Hekimba\u015f\u0131 odas\u0131, A\u011falar Camii, \u0130\u00e7 hazine, Raht Hazinesi, Has Ah\u0131r, Kubbealt\u0131, III. Ahmet K\u00fct\u00fcphanesi, S\u00fcnnet odas\u0131 ve III. Murat K\u00f6\u015fk\u00fc&#8217;nden olu\u015fuyor.<\/p>\n\n\n\n<h3 class=\"wp-block-heading\"><span class=\"ez-toc-section\" id=\"2_bab-i_humayun_saltanat_kapisi\"><\/span><strong>2. Bab-\u0131 H\u00fcmayun (Saltanat Kap\u0131s\u0131)<\/strong><span class=\"ez-toc-section-end\"><\/span><\/h3>\n\n\n\n<figure class=\"wp-block-image size-full is-style-default\"><img width=\"1024\" height=\"640\" data-public-id=\"Bab-i-Humayun\/Bab-i-Humayun.jpg\" decoding=\"async\" src=\"https:\/\/res.cloudinary.com\/turna\/images\/w_1024,h_640,c_scale\/f_auto,q_auto:low\/v1639208774\/Bab-i-Humayun\/Bab-i-Humayun.jpg?_i=AA\" alt=\"Bab-i-Humayun\" class=\"wp-post-827 wp-image-20360\" data-format=\"jpg\" data-transformations=\"f_auto,q_auto:low\" data-version=\"1639208774\" data-seo=\"1\" srcset=\"https:\/\/res.cloudinary.com\/turna\/images\/f_auto,q_auto:low\/v1639208774\/Bab-i-Humayun\/Bab-i-Humayun.jpg?_i=AA 1024w, https:\/\/res.cloudinary.com\/turna\/images\/w_800,h_500,c_scale\/f_auto,q_auto:low\/v1639208774\/Bab-i-Humayun\/Bab-i-Humayun.jpg?_i=AA 800w, https:\/\/res.cloudinary.com\/turna\/images\/w_300,h_188,c_scale\/f_auto,q_auto:low\/v1639208774\/Bab-i-Humayun\/Bab-i-Humayun.jpg?_i=AA 300w, https:\/\/res.cloudinary.com\/turna\/images\/w_672,h_420,c_scale\/f_auto,q_auto:low\/v1639208774\/Bab-i-Humayun\/Bab-i-Humayun.jpg?_i=AA 672w, https:\/\/res.cloudinary.com\/turna\/images\/w_640,h_400,c_scale\/f_auto,q_auto:low\/v1639208774\/Bab-i-Humayun\/Bab-i-Humayun.jpg?_i=AA 640w, https:\/\/res.cloudinary.com\/turna\/images\/w_681,h_426,c_scale\/f_auto,q_auto:low\/v1639208774\/Bab-i-Humayun\/Bab-i-Humayun.jpg?_i=AA 681w\" sizes=\"(max-width: 1024px) 100vw, 1024px\" \/><\/figure>\n\n\n\n<p><strong>Bab-\u0131 H\u00fcmayun (Saltanat Kap\u0131s\u0131)<\/strong>, Fatih Sultan Mehmet taraf\u0131ndan yapt\u0131r\u0131lan Topkap\u0131 Saray\u0131na \u015fehirden giri\u015flerin yap\u0131ld\u0131\u011f\u0131 ana kap\u0131. Topkap\u0131 Saray\u0131n\u0131n genel dokusuyla mimari \u00fcslup a\u00e7\u0131s\u0131ndan uyum g\u00f6steren kap\u0131n\u0131n en \u00fcst\u00fcnde Ali bin Yahya Sofi taraf\u0131ndan yaz\u0131lm\u0131\u015f bulunan m\u00fcsemmen (kar\u015f\u0131l\u0131kl\u0131) tarzda, celi s\u00fcl\u00fcs hat ile Hicr Suresi&#8217;nin 45-48. ayetleri yaz\u0131l\u0131. <\/p>\n\n\n\n<p>Bab-\u0131 H\u00fcmayun\u2019un iki yan\u0131nda, kap\u0131c\u0131lara ayr\u0131lm\u0131\u015f k\u00fc\u00e7\u00fck odalar s\u0131ralan\u0131yor. Kap\u0131n\u0131n \u00fcst\u00fcnde 1866 y\u0131l\u0131nda yand\u0131\u011f\u0131 i\u00e7in g\u00fcn\u00fcm\u00fcze ula\u015famayan, Fatih Sultan Mehmed\u2019in kendisi i\u00e7in yapt\u0131rd\u0131\u011f\u0131 k\u00f6\u015fk bi\u00e7iminde k\u00fc\u00e7\u00fck bir daire bulunuyordu.<\/p>\n\n\n\n<h3 class=\"wp-block-heading\"><span class=\"ez-toc-section\" id=\"3_i_avlu_saray_meydani\"><\/span><strong>3. I. Avlu (Saray Meydan\u0131)<\/strong><span class=\"ez-toc-section-end\"><\/span><\/h3>\n\n\n\n<p><strong>I. Avlu (Saray Meydan\u0131)<\/strong>, Bab-\u0131 H\u00fcmayun&#8217;dan girilen, saray\u0131n en geni\u015f meydan\u0131. Meydan, halk\u0131n belirli g\u00fcnlerde girebildi\u011fi ve devletle olan ili\u015fkilerini y\u00fcr\u00fctt\u00fc\u011f\u00fc bir merkez konumundayd\u0131. Devlet g\u00f6revlilerinin at ile girebildi\u011fi tek alan olan Saray Meydan\u0131ndaki 300 metre uzunlu\u011fundaki a\u011fa\u00e7l\u0131 yol, tarih boyunca sultanlar\u0131n c\u00fclus, sefer, cuma selaml\u0131klar\u0131na ihti\u015famla ge\u00e7tikleri yer olarak tan\u0131n\u0131yor.<\/p>\n\n\n\n<p>Meydan\u0131n \u00e7evresinde Osmanl\u0131&#8217;n\u0131n \u00f6nemli kurumlar\u0131 s\u0131n\u0131rlan\u0131yor. Darphane-i Amire, odun ambar\u0131, has\u0131rc\u0131lar ocaklar\u0131, d\u0131\u015f karakol ve Aya \u0130rini Kilisesi saray meydan\u0131nda bulunan yap\u0131lar aras\u0131nda.<\/p>\n\n\n\n<h3 class=\"wp-block-heading\"><span class=\"ez-toc-section\" id=\"4_babusselam_selam_kapisi_orta_kapi\"><\/span><strong>4. B\u00e2b\u00fcssel\u00e2m (Selam Kap\u0131s\u0131 \/ Orta Kap\u0131)<\/strong><span class=\"ez-toc-section-end\"><\/span><\/h3>\n\n\n\n<figure class=\"wp-block-image size-full is-style-default\"><img width=\"800\" height=\"500\" data-public-id=\"topkapi-sarayi-hakkinda-bilgi\/topkapi-sarayi-hakkinda-bilgi.jpg\" decoding=\"async\" src=\"https:\/\/res.cloudinary.com\/turna\/images\/w_800,h_500,c_scale\/f_auto,q_auto:low\/v1639209051\/topkapi-sarayi-hakkinda-bilgi\/topkapi-sarayi-hakkinda-bilgi.jpg?_i=AA\" alt=\"topkapi-sarayi-hakkinda-bilgi\" class=\"wp-post-827 wp-image-20362\" data-format=\"jpg\" data-transformations=\"f_auto,q_auto:low\" data-version=\"1639209051\" data-seo=\"1\" srcset=\"https:\/\/res.cloudinary.com\/turna\/images\/f_auto,q_auto:low\/v1639209051\/topkapi-sarayi-hakkinda-bilgi\/topkapi-sarayi-hakkinda-bilgi.jpg?_i=AA 800w, https:\/\/res.cloudinary.com\/turna\/images\/w_300,h_188,c_scale\/f_auto,q_auto:low\/v1639209051\/topkapi-sarayi-hakkinda-bilgi\/topkapi-sarayi-hakkinda-bilgi.jpg?_i=AA 300w, https:\/\/res.cloudinary.com\/turna\/images\/w_672,h_420,c_scale\/f_auto,q_auto:low\/v1639209051\/topkapi-sarayi-hakkinda-bilgi\/topkapi-sarayi-hakkinda-bilgi.jpg?_i=AA 672w, https:\/\/res.cloudinary.com\/turna\/images\/w_640,h_400,c_scale\/f_auto,q_auto:low\/v1639209051\/topkapi-sarayi-hakkinda-bilgi\/topkapi-sarayi-hakkinda-bilgi.jpg?_i=AA 640w, https:\/\/res.cloudinary.com\/turna\/images\/w_681,h_426,c_scale\/f_auto,q_auto:low\/v1639209051\/topkapi-sarayi-hakkinda-bilgi\/topkapi-sarayi-hakkinda-bilgi.jpg?_i=AA 681w\" sizes=\"(max-width: 800px) 100vw, 800px\" \/><\/figure>\n\n\n\n<p><strong>B\u00e2b\u00fcssel\u00e2m (Selam Kap\u0131s\u0131)<\/strong>, Fatih Sultan Mehmed taraf\u0131ndan 1468 y\u0131l\u0131nda yapt\u0131r\u0131lm\u0131\u015f. Kanuni Sultan S\u00fcleyman d\u00f6neminde pek \u00e7ok kez onar\u0131m g\u00f6ren kap\u0131, 16. y\u00fczy\u0131l Osmanl\u0131 mimarisinin klasik unsurlar\u0131n\u0131 yans\u0131t\u0131yor.<\/p>\n\n\n\n<p>\u0130ki kulesiyle Avrupa kale kap\u0131lar\u0131n\u0131 and\u0131ran kap\u0131n\u0131n I. Avlu&#8217;ya bakan cephesinde Kelime-i Tevhid, Sultan II. Mahmud tu\u011fras\u0131, yanlarda 1758 tarihli tamir kitabeleri ve Sultan III. Mustafa tu\u011fralar\u0131 bulunuyor.<\/p>\n\n\n\n<h3 class=\"wp-block-heading\"><span class=\"ez-toc-section\" id=\"5_ii_avlu_divan_meydani\"><\/span><strong>5. II. Avlu (Divan Meydan\u0131)<\/strong><span class=\"ez-toc-section-end\"><\/span><\/h3>\n\n\n\n<p><strong>II. Avlu (Divan Meydan\u0131)<\/strong>, Fatih Sultan Mehmet d\u00f6neminde 1465 y\u0131l\u0131nda in\u015fa edilmi\u015f. Meydan\u0131n etraf\u0131nda saray hastanesi, pastane, Yeni\u00e7eri k\u0131\u015flalar\u0131, Istabl-\u0131 \u00c2mire adl\u0131 ah\u0131rlar ve Harem bulunuyor. Kuzeyde divan, g\u00fcneyde saray mutfa\u011f\u0131n\u0131n bulundu\u011fu meydanda yap\u0131lan arkeolojik kaz\u0131larda Bizans ve Roma kal\u0131nt\u0131lar\u0131 da bulunmu\u015f.<\/p>\n\n\n\n<p><strong>Saray Mutfaklar\u0131 ve Porselen Koleksiyonu<\/strong>, avluyla Marmara Denizi aras\u0131ndaki i\u00e7 k\u0131s\u0131mda bulunuyor. Edirne&#8217;deki saray mutfa\u011f\u0131ndan ilham alan saray mutfa\u011f\u0131 15. y\u00fczy\u0131lda in\u015fa edilmi\u015f. 1574 yang\u0131n\u0131ndan sonra b\u00fcy\u00fck hasar g\u00f6ren mutfaklar Mimar Sinan taraf\u0131ndan tekrar tasarlanm\u0131\u015f. Mutfaklarda say\u0131lar\u0131 800&#8217;e varan mutfak \u00e7al\u0131\u015fanlar\u0131 yakla\u015f\u0131k 4 bin insana yemek sa\u011flamaktan sorumluydu. <\/p>\n\n\n\n<h3 class=\"wp-block-heading\"><span class=\"ez-toc-section\" id=\"6_hazine-i_amire_divan-i_humayun_hazinesi\"><\/span><strong>6. Hazine-\u0131 \u00c2mire (D\u00eev\u00e2n-\u0131 H\u00fcm\u00e2y\u00fbn Hazinesi)<\/strong><span class=\"ez-toc-section-end\"><\/span><\/h3>\n\n\n\n<p><strong>Hazine-\u0131 \u00c2mire (D\u00eev\u00e2n-\u0131 H\u00fcm\u00e2y\u00fbn Hazinesi)<\/strong>, 15. y\u00fczy\u0131l\u0131n sonlar\u0131nda Kanuni d\u00f6neminde in\u015fa edilen bir yap\u0131. D\u0131\u015f hazine olarak da adland\u0131r\u0131lan, Hazine-\u0131 \u00c2mire&#8217;de imparatorlu\u011fun mali y\u00f6netimi yap\u0131l\u0131yordu.<\/p>\n\n\n\n<p>Mali y\u00f6neticilerin vezirlere, el\u00e7ilere ve saray sakinlerine verecekleri de\u011ferli kaftanlar, m\u00fccevherler ve di\u011fer hediyeler hazine dairesinde tutuluyordu. Yeni\u00e7erilerin \u00fc\u00e7 ayda bir ald\u0131klar\u0131 ulufe adl\u0131 maa\u015f da burada bulunuyordu.<\/p>\n\n\n\n<p>Topkap\u0131 Saray\u0131&#8217;n\u0131n m\u00fcze h\u00e2line getirilmesinden 4 y\u0131l sonra (1928) Topkap\u0131 Saray\u0131&#8217;n\u0131n silah ve z\u0131rh koleksiyonu bu binada sergilenmeye ba\u015flad\u0131. 1937&#8217;de yap\u0131lan arkeolojik \u00e7al\u0131\u015fmalarda ortaya \u00e7\u0131kar\u0131lan binan\u0131n \u00f6n\u00fcnde g\u00f6rebilece\u011finiz 5. y\u00fczy\u0131ldan kalma bir bazilika bulunuyor.<\/p>\n\n\n\n<h3 class=\"wp-block-heading\"><span class=\"ez-toc-section\" id=\"7_iii_avlu\"><\/span><strong>7. III. Avlu<\/strong><span class=\"ez-toc-section-end\"><\/span><\/h3>\n\n\n\n<figure class=\"wp-block-image size-full is-style-default\"><img width=\"1024\" height=\"640\" loading=\"lazy\" decoding=\"async\" src=\"data:image\/svg+xml;base64,PHN2ZyB4bWxucz0iaHR0cDovL3d3dy53My5vcmcvMjAwMC9zdmciIHdpZHRoPSIxMDI0IiBoZWlnaHQ9IjY0MCI+PHJlY3Qgd2lkdGg9IjEwMCUiIGhlaWdodD0iMTAwJSI+PGFuaW1hdGUgYXR0cmlidXRlTmFtZT0iZmlsbCIgdmFsdWVzPSJyZ2JhKDE1MywxNTMsMTUzLDAuNSk7cmdiYSgxNTMsMTUzLDE1MywwLjEpO3JnYmEoMTUzLDE1MywxNTMsMC41KSIgZHVyPSIycyIgcmVwZWF0Q291bnQ9ImluZGVmaW5pdGUiIC8+PC9yZWN0Pjwvc3ZnPg==\" alt=\"arz-odasi\" class=\"wp-post-827 wp-image-20361\" data-public-id=\"arz-odasi\/arz-odasi.jpg\" data-format=\"jpg\" data-transformations=\"f_auto,q_auto:low\" data-version=\"1639208833\" data-seo=\"1\" data-size=\"1024 640\" data-srcset=\"https:\/\/res.cloudinary.com\/turna\/images\/f_auto,q_auto:low\/v1639208833\/arz-odasi\/arz-odasi.jpg?_i=AA 1024w, https:\/\/res.cloudinary.com\/turna\/images\/w_800,h_500,c_scale\/f_auto,q_auto:low\/v1639208833\/arz-odasi\/arz-odasi.jpg?_i=AA 800w, https:\/\/res.cloudinary.com\/turna\/images\/w_300,h_188,c_scale\/f_auto,q_auto:low\/v1639208833\/arz-odasi\/arz-odasi.jpg?_i=AA 300w, https:\/\/res.cloudinary.com\/turna\/images\/w_672,h_420,c_scale\/f_auto,q_auto:low\/v1639208833\/arz-odasi\/arz-odasi.jpg?_i=AA 672w, https:\/\/res.cloudinary.com\/turna\/images\/w_640,h_400,c_scale\/f_auto,q_auto:low\/v1639208833\/arz-odasi\/arz-odasi.jpg?_i=AA 640w, https:\/\/res.cloudinary.com\/turna\/images\/w_681,h_426,c_scale\/f_auto,q_auto:low\/v1639208833\/arz-odasi\/arz-odasi.jpg?_i=AA 681w\" data-sizes=\"(max-width: 1024px) 100vw, 1024px\" data-delivery=\"upload\" onload=\";window.CLDBind?CLDBind(this):null;\" data-cloudinary=\"lazy\" \/><\/figure>\n\n\n\n<p><strong>III. Avlu<\/strong>, ayn\u0131 zamanda Enderun Avlusu olarak da adland\u0131r\u0131l\u0131yor. III. Avlu&#8217;da padi\u015faha ait Arz Odas\u0131, Enderun Hazinesi, Has Oda gibi yap\u0131lar\u0131n yan\u0131 s\u0131ra Sultan II. Murat d\u00f6neminde kurulan Saray Okuluna ait yap\u0131lar da bulunuyor.<\/p>\n\n\n\n<h3 class=\"wp-block-heading\"><span class=\"ez-toc-section\" id=\"8_iv_avlu\"><\/span><strong>8. IV. Avlu<\/strong><span class=\"ez-toc-section-end\"><\/span><\/h3>\n\n\n\n<p><strong>IV. Avlu<\/strong>, padi\u015faha ait k\u00f6\u015fkler ve asma bah\u00e7elerine ev sahipli\u011fi yap\u0131yor. Bu b\u00f6l\u00fcmde Osmanl\u0131 klasik k\u00f6\u015fk mimarisinin en se\u00e7kin ve estetik a\u00e7\u0131dan en geli\u015fkin \u00f6rnekleri olan Ba\u011fdat ve Revan K\u00f6\u015fkleri ile \u0130ftariye Kameriyesi bulunuyor. D\u00f6rd\u00fcnc\u00fc avlunun alt k\u0131sm\u0131nda ise saraya ait son yap\u0131lar olan Mecidiye K\u00f6\u015fk\u00fc ve Esvab Odas\u0131 s\u0131ralan\u0131yor.<\/p>\n\n\n\n<h2 class=\"wp-block-heading\"><span class=\"ez-toc-section\" id=\"topkapi_sarayi_nerede\"><\/span><strong>Topkap\u0131 Saray\u0131 Nerede<\/strong><span class=\"ez-toc-section-end\"><\/span><\/h2>\n\n\n\n<p>Topkap\u0131 Saray\u0131, Hali\u00e7, \u0130stanbul Bo\u011faz\u0131, Marmara Denizi aras\u0131nda kalan tarihi \u0130stanbul Yar\u0131madas\u0131\u2019n\u0131n ucundaki Sarayburnu\u2019nda, Bizans akropol\u00fc \u00fczerine kurulu. G\u00fcn\u00fcm\u00fczde Fatih il\u00e7esi s\u0131n\u0131rlar\u0131nda bulunan saray, Ayasofya, Sultanahmet, Yerebatan Sarn\u0131c\u0131 ve Dikilita\u015f\u2019\u0131n da yer ald\u0131\u011f\u0131 Tarihi Yar\u0131mada\u2019da.<\/p>\n\n\n\n<figure class=\"wp-block-image size-full is-style-default\"><img width=\"800\" height=\"500\" loading=\"lazy\" decoding=\"async\" src=\"data:image\/svg+xml;base64,PHN2ZyB4bWxucz0iaHR0cDovL3d3dy53My5vcmcvMjAwMC9zdmciIHdpZHRoPSI4MDAiIGhlaWdodD0iNTAwIj48cmVjdCB3aWR0aD0iMTAwJSIgaGVpZ2h0PSIxMDAlIj48YW5pbWF0ZSBhdHRyaWJ1dGVOYW1lPSJmaWxsIiB2YWx1ZXM9InJnYmEoMTUzLDE1MywxNTMsMC41KTtyZ2JhKDE1MywxNTMsMTUzLDAuMSk7cmdiYSgxNTMsMTUzLDE1MywwLjUpIiBkdXI9IjJzIiByZXBlYXRDb3VudD0iaW5kZWZpbml0ZSIgLz48L3JlY3Q+PC9zdmc+\" alt=\"topkapi sarayi\" class=\"wp-post-827 wp-image-20359\" data-public-id=\"topkapi-sarayi\/topkapi-sarayi.jpg\" data-format=\"jpg\" data-transformations=\"f_auto,q_auto:low\" data-version=\"1639208702\" data-seo=\"1\" data-size=\"800 500\" data-srcset=\"https:\/\/res.cloudinary.com\/turna\/images\/f_auto,q_auto:low\/v1639208702\/topkapi-sarayi\/topkapi-sarayi.jpg?_i=AA 800w, https:\/\/res.cloudinary.com\/turna\/images\/w_300,h_188,c_scale\/f_auto,q_auto:low\/v1639208702\/topkapi-sarayi\/topkapi-sarayi.jpg?_i=AA 300w, https:\/\/res.cloudinary.com\/turna\/images\/w_672,h_420,c_scale\/f_auto,q_auto:low\/v1639208702\/topkapi-sarayi\/topkapi-sarayi.jpg?_i=AA 672w, https:\/\/res.cloudinary.com\/turna\/images\/w_640,h_400,c_scale\/f_auto,q_auto:low\/v1639208702\/topkapi-sarayi\/topkapi-sarayi.jpg?_i=AA 640w, https:\/\/res.cloudinary.com\/turna\/images\/w_681,h_426,c_scale\/f_auto,q_auto:low\/v1639208702\/topkapi-sarayi\/topkapi-sarayi.jpg?_i=AA 681w\" data-sizes=\"(max-width: 800px) 100vw, 800px\" data-delivery=\"upload\" onload=\";window.CLDBind?CLDBind(this):null;\" data-cloudinary=\"lazy\" \/><\/figure>\n\n\n\n<h3 class=\"wp-block-heading\"><span class=\"ez-toc-section\" id=\"topkapi_sarayi_giris_ucreti_ve_ziyaret_saatleri\"><\/span><strong>Topkap\u0131 Saray\u0131 giri\u015f \u00fccreti ve ziyaret saatleri<\/strong><span class=\"ez-toc-section-end\"><\/span><\/h3>\n\n\n\n<iframe src=\"https:\/\/www.google.com\/maps\/embed?pb=!1m18!1m12!1m3!1d3010.627781721064!2d28.98118485096417!3d41.011519479198846!2m3!1f0!2f0!3f0!3m2!1i1024!2i768!4f13.1!3m3!1m2!1s0x14cab9b8afa5f833%3A0x15aa1943c3015300!2zVG9wa2FwxLEgU2FyYXnEsSBNw7x6ZXNp!5e0!3m2!1str!2str!4v1595945128946!5m2!1str!2str\" width=\"100%\" height=\"250\" frameborder=\"0\" style=\"border:0;\" allowfullscreen=\"\" aria-hidden=\"false\" tabindex=\"0\"><\/iframe>\n\n\n\n<div style=\"height:20px\" aria-hidden=\"true\" class=\"wp-block-spacer\"><\/div>\n\n\n\n<p>? <strong>Adres<\/strong>: Cankurtaran Mahallesi, 34122 Fatih, \u0130stanbul<br>? <a href=\"https:\/\/www.millisaraylar.gov.tr\" target=\"_blank\" rel=\"noreferrer noopener\">millisaraylar.org<\/a> \u260e\ufe0f 0 (212) 5120480<br>\u23f0 <strong>Topkap\u0131 Saray\u0131 ziyaret saatleri<\/strong>: Topkap\u0131 Saray\u0131 ziyaret saatleri 09.00-18.00. Saray, sal\u0131 g\u00fcnleri hari\u00e7 haftan\u0131n 6 g\u00fcn\u00fc ziyarete a\u00e7\u0131k.<br>? <strong>Topkap\u0131 Saray\u0131 giri\u015f \u00fccreti<\/strong>: Topkap\u0131 Saray\u0131 M\u00fczesi giri\u015f \u00fccreti 100TL. M\u00fcze Kart ge\u00e7erli. Harem Dairesi giri\u015f \u00fccreti 42TL, M\u00fcze Kart ge\u00e7erli de\u011fil. Aya \u0130rini Kilisesi giri\u015f \u00fccreti ise 60TL ve M\u00fcze kart ge\u00e7erli.<\/p>\n\n\n\n<p>? <strong>Topkap\u0131 Saray\u0131 \u00fccretsiz giri\u015f<\/strong>: Topkap\u0131 Saray\u0131 M\u00fczesi&#8217;ne \u00fccretsiz girebilecek ki\u015filer aras\u0131nda; 18 ya\u015f alt\u0131ndaki T\u00fcrk vatanda\u015flar\u0131, bu ya\u015f grubundaki \u00f6\u011frenci gruplar\u0131na refakat eden \u00f6\u011fretmenler, 65 ya\u015f ve \u00fcst\u00fcndeki T\u00fcrk vatanda\u015flar\u0131,&nbsp;gaziler ve refakatindeki anne, baba, e\u015f ve \u00e7ocuklar\u0131 ile \u015fehit yak\u0131n\u0131 kimlik kart\u0131 sahipleri, T\u00fcrk ve yabanc\u0131 engelliler ve bir refakat\u00e7isi, er ve erba\u015flar \u00fccretsiz girebiliyor.<br><br>Yerli ve yabanc\u0131 bas\u0131n kart\u0131 sahipleri, ICOM,&nbsp;ICOMOS ve UNESCO kart sahipleri, seyahat acentesi sahip veya sorumlu m\u00fcd\u00fcrleri, K\u00fclt\u00fcr ve Turizm Bakanl\u0131\u011f\u0131 personeli ve emeklileri ile refakatindeki anne, baba, e\u015f ve \u00e7ocuklar\u0131,&nbsp;12 ya\u015f ve alt\u0131ndaki yabanc\u0131 uyruklu \u00e7ocuklar, biletli refakat\u00e7isi e\u015fli\u011finde 6 ya\u015f ve alt\u0131ndaki t\u00fcm \u00e7ocuklar bulunuyor<\/p>\n\n\n\n<p><br>?<strong> Topkap\u0131 Saray\u0131 Bilet Matik<\/strong>: M\u00fcze bilet gi\u015felerinde zaman kaybetmek istemeyenler i\u00e7in kolayl\u0131k sa\u011flayan Topkap\u0131 Saray\u0131 Bilet Matik&#8217;ler bilet gi\u015feleri \u00f6n\u00fcnde, Sultanahmet Meydan\u0131 H\u00fcrrem Sultan Hamam\u0131 kar\u015f\u0131s\u0131nda yer al\u0131yor. Kredi kart\u0131 ile bilet sat\u0131\u015f\u0131 yapan bilet matiklerin kullan\u0131m\u0131 olduk\u00e7a kolay.<\/p>\n\n\n\n<p>Topkap\u0131 Saray\u0131 M\u00fczesinde, eserlerin fla\u015ftan etkilenmemesi ve ziyaret\u00e7i dola\u015f\u0131m\u0131n\u0131n rahatl\u0131\u011f\u0131n\u0131 sa\u011flamak amac\u0131yla foto\u011fraf \u00e7ekimi yasak. Harem, Divan-\u0131 H\u00fcmayun, Ba\u011fdat K\u00f6\u015fk\u00fc, Revan K\u00f6\u015fk\u00fc, S\u00fcnnet Odas\u0131, Sofa K\u00f6\u015fk\u00fc ve III. Ahmet K\u00fct\u00fcphanesi&#8217;nde foto\u011fraf \u00e7ekimi serbest.<\/p>\n\n\n\n<p>M\u00fczeye bebek arabas\u0131yla giri\u015f yap\u0131lmas\u0131na izin verilmiyor. Topkap\u0131 Saray\u0131 M\u00fczesi Kutsal Emanetler Dairesi ziyareti s\u0131ras\u0131nda \u015fort, mini etek, ask\u0131l\u0131 ve straples bluz giyilmemesi \u00f6nemli.<\/p>\n\n\n\n<h2 class=\"wp-block-heading\"><span class=\"ez-toc-section\" id=\"topkapi_sarayina_nasil_gidilir\"><\/span><strong>Topkap\u0131 Saray\u0131\u2019na nas\u0131l gidilir<\/strong><span class=\"ez-toc-section-end\"><\/span><\/h2>\n\n\n\n<p>T\u00fcrkiye\u2019nin en \u00e7ok turist \u00e7eken \u015fehri \u0130stanbul\u2019da bulunan Topkap\u0131 Saray\u0131\u2019n\u0131 ziyaret etmek isteyenlerin, T\u00fcrkiye\u2019nin d\u00f6rt bir yan\u0131ndan ve d\u00fcnyan\u0131n ba\u015fl\u0131ca kentlerinden \u0130stanbul\u2019a u\u00e7ak bileti almalar\u0131 gerekiyor.<\/p>\n\n\n\n<p>\u0130stanbul Atat\u00fcrk Havaliman\u0131 ve \u0130stanbul Sabiha G\u00f6k\u00e7en Havaliman\u0131, u\u00e7ak bileti alarak ba\u011flant\u0131 sa\u011flanacak havalimanlar\u0131 aras\u0131nda. Her iki havaliman\u0131ndan da Tarihi Yar\u0131mada\u2019ya ula\u015fmak olduk\u00e7a kolay. Ayr\u0131ca \u015fehirleraras\u0131 otob\u00fcs, tren ve \u0130DO gemileriyle de \u0130stanbul\u2019a gelinebiliyor.<\/p>\n\n\n\n<p>D\u00fcnyada iki k\u0131tada kurulan tek \u015fehir olan \u0130stanbul, do\u011fal g\u00fczellikleriyle birlikte d\u00fcnya tarihine y\u00f6n veren olaylar ve mekanlara da ev sahipli\u011fi yap\u0131yor. Ziyaret\u00e7ilerini zamanda yolculu\u011fa \u00e7\u0131karan bu mekanlar b\u00fcy\u00fcl\u00fc bir atmosfer sunuyor. Hava yolu \u015firketlerinin kampanyalar\u0131 ve <strong><a href=\"https:\/\/www.turna.com\/ucak-bileti\">uygun \u0130stanbul u\u00e7ak bileti<\/a><\/strong> f\u0131rsatlar\u0131ndan yararlanarak \u0130stanbul\u2019a gelmek \u00e7ok kolay.<\/p>\n\n    <div class=\"xs_social_share_widget xs_share_url after_content \t\tmain_content  wslu-style-1 wslu-share-box-shaped wslu-fill-colored wslu-none wslu-share-horizontal wslu-theme-font-no wslu-main_content\">\n\n\t\t\n        <ul>\n\t\t\t        <\/ul>\n    <\/div> \n","protected":false},"excerpt":{"rendered":"<p>Topkap\u0131 Saray\u0131, d\u00fcnyan\u0131n ve \u00fclkemizin say\u0131l\u0131 m\u00fczelerinden biri. \u0130stanbul&#8217;un UNESCO D\u00fcnya K\u00fclt\u00fcrel Miras\u0131 Listesinde yer alan Tarihi Yar\u0131mada b\u00f6lgesinde, Sarayburnu&#8217;nda yer alan saray, 700 bin metrekarelik bir alanda in\u015fa edilmi\u015f. \u0130stanbul&#8217;un siluetini olu\u015fturan en g\u00fczel manzaralardan birine sahip olan yap\u0131, konum itibariyle \u0130stanbul&#8217;un en eski tarihi b\u00f6lgelerinden birinde konumlan\u0131yor. Osmanl\u0131 padi\u015fahlar\u0131n\u0131n ailesiyle birlikte ya\u015fad\u0131\u011f\u0131 Topkap\u0131 [&hellip;]<\/p>\n","protected":false},"author":8,"featured_media":20358,"comment_status":"closed","ping_status":"closed","sticky":false,"template":"","format":"standard","meta":{"rop_custom_images_group":[],"rop_custom_messages_group":[],"rop_publish_now":"initial","rop_publish_now_accounts":[],"rop_publish_now_history":[],"rop_publish_now_status":"pending","_cloudinary_featured_overwrite":false,"footnotes":""},"categories":[1838],"tags":[204,241],"class_list":["post-827","post","type-post","status-publish","format-standard","has-post-thumbnail","hentry","category-istanbul","tag-istanbul","tag-tarihi-yarimada"],"_links":{"self":[{"href":"https:\/\/www.turna.com\/blog\/wp-json\/wp\/v2\/posts\/827","targetHints":{"allow":["GET"]}}],"collection":[{"href":"https:\/\/www.turna.com\/blog\/wp-json\/wp\/v2\/posts"}],"about":[{"href":"https:\/\/www.turna.com\/blog\/wp-json\/wp\/v2\/types\/post"}],"author":[{"embeddable":true,"href":"https:\/\/www.turna.com\/blog\/wp-json\/wp\/v2\/users\/8"}],"replies":[{"embeddable":true,"href":"https:\/\/www.turna.com\/blog\/wp-json\/wp\/v2\/comments?post=827"}],"version-history":[{"count":0,"href":"https:\/\/www.turna.com\/blog\/wp-json\/wp\/v2\/posts\/827\/revisions"}],"wp:featuredmedia":[{"embeddable":true,"href":"https:\/\/www.turna.com\/blog\/wp-json\/wp\/v2\/media\/20358"}],"wp:attachment":[{"href":"https:\/\/www.turna.com\/blog\/wp-json\/wp\/v2\/media?parent=827"}],"wp:term":[{"taxonomy":"category","embeddable":true,"href":"https:\/\/www.turna.com\/blog\/wp-json\/wp\/v2\/categories?post=827"},{"taxonomy":"post_tag","embeddable":true,"href":"https:\/\/www.turna.com\/blog\/wp-json\/wp\/v2\/tags?post=827"}],"curies":[{"name":"wp","href":"https:\/\/api.w.org\/{rel}","templated":true}]}}