{"id":7702,"date":"2017-05-22T15:33:07","date_gmt":"2017-05-22T12:33:07","guid":{"rendered":"https:\/\/www.turna.com\/blog\/?p=7702"},"modified":"2024-01-03T08:09:01","modified_gmt":"2024-01-03T05:09:01","slug":"namibyada-gezilmesi-gereken-5-sehir","status":"publish","type":"post","link":"https:\/\/www.turna.com\/blog\/namibyada-gezilmesi-gereken-5-sehir","title":{"rendered":"Namibya&#8217;da G\u00f6r\u00fclmesi Gereken \u015eehirler: En Tarihi 5 \u015eehir"},"content":{"rendered":"<div id=\"ez-toc-container\" class=\"ez-toc-v2_0_82_2 counter-hierarchy ez-toc-counter ez-toc-black ez-toc-container-direction\">\n<div class=\"ez-toc-title-container\">\n<p class=\"ez-toc-title\" style=\"cursor:inherit\">\u0130\u00e7indekiler<\/p>\n<span class=\"ez-toc-title-toggle\"><a href=\"#\" class=\"ez-toc-pull-right ez-toc-btn ez-toc-btn-xs ez-toc-btn-default ez-toc-toggle\" aria-label=\"\u0130\u00e7indekiler Tablosunu A\u00e7\/Kapat\"><span class=\"ez-toc-js-icon-con\"><span class=\"\"><span class=\"eztoc-hide\" style=\"display:none;\">Toggle<\/span><span class=\"ez-toc-icon-toggle-span\"><svg style=\"fill: #ffffff;color:#ffffff\" xmlns=\"http:\/\/www.w3.org\/2000\/svg\" class=\"list-377408\" width=\"20px\" height=\"20px\" viewBox=\"0 0 24 24\" fill=\"none\"><path d=\"M6 6H4v2h2V6zm14 0H8v2h12V6zM4 11h2v2H4v-2zm16 0H8v2h12v-2zM4 16h2v2H4v-2zm16 0H8v2h12v-2z\" fill=\"currentColor\"><\/path><\/svg><svg style=\"fill: #ffffff;color:#ffffff\" class=\"arrow-unsorted-368013\" xmlns=\"http:\/\/www.w3.org\/2000\/svg\" width=\"10px\" height=\"10px\" viewBox=\"0 0 24 24\" version=\"1.2\" baseProfile=\"tiny\"><path d=\"M18.2 9.3l-6.2-6.3-6.2 6.3c-.2.2-.3.4-.3.7s.1.5.3.7c.2.2.4.3.7.3h11c.3 0 .5-.1.7-.3.2-.2.3-.5.3-.7s-.1-.5-.3-.7zM5.8 14.7l6.2 6.3 6.2-6.3c.2-.2.3-.5.3-.7s-.1-.5-.3-.7c-.2-.2-.4-.3-.7-.3h-11c-.3 0-.5.1-.7.3-.2.2-.3.5-.3.7s.1.5.3.7z\"\/><\/svg><\/span><\/span><\/span><\/a><\/span><\/div>\n<nav><ul class='ez-toc-list ez-toc-list-level-1 eztoc-toggle-hide-by-default' ><li class='ez-toc-page-1 ez-toc-heading-level-2'><a class=\"ez-toc-link ez-toc-heading-1\" href=\"https:\/\/www.turna.com\/blog\/namibyada-gezilmesi-gereken-5-sehir\/#namibya_yolculugunda_gezilmesi_gereken_5_sehir\" >Namibya Yolculu\u011funda Gezilmesi Gereken 5 \u015eehir<\/a><ul class='ez-toc-list-level-3' ><li class='ez-toc-heading-level-3'><a class=\"ez-toc-link ez-toc-heading-2\" href=\"https:\/\/www.turna.com\/blog\/namibyada-gezilmesi-gereken-5-sehir\/#1_windhoek\" >1. Windhoek<\/a><\/li><li class='ez-toc-page-1 ez-toc-heading-level-3'><a class=\"ez-toc-link ez-toc-heading-3\" href=\"https:\/\/www.turna.com\/blog\/namibyada-gezilmesi-gereken-5-sehir\/#2_swakopmund\" >2. Swakopmund<\/a><\/li><li class='ez-toc-page-1 ez-toc-heading-level-3'><a class=\"ez-toc-link ez-toc-heading-4\" href=\"https:\/\/www.turna.com\/blog\/namibyada-gezilmesi-gereken-5-sehir\/#3_luderitz\" >3. L\u00fcderitz<\/a><\/li><li class='ez-toc-page-1 ez-toc-heading-level-3'><a class=\"ez-toc-link ez-toc-heading-5\" href=\"https:\/\/www.turna.com\/blog\/namibyada-gezilmesi-gereken-5-sehir\/#4_kolmanskop\" >4.\u00a0Kolmanskop<\/a><\/li><li class='ez-toc-page-1 ez-toc-heading-level-3'><a class=\"ez-toc-link ez-toc-heading-6\" href=\"https:\/\/www.turna.com\/blog\/namibyada-gezilmesi-gereken-5-sehir\/#5_walvis_bay\" >5.\u00a0Walvis Bay<\/a><\/li><\/ul><\/li><\/ul><\/nav><\/div>\n<p>U\u00e7suz bucaks\u0131z s\u0131n\u0131rlar\u0131yla <a href=\"https:\/\/www.turna.com\/blog\/ulkeler\/afrika\" target=\"_blank\" rel=\"noopener noreferrer\">Afrika<\/a> k\u0131tas\u0131n\u0131n cezbedici \u00fclkelerinden biri olan <strong>Namibya<\/strong>, modern d\u00fcnya ve yaban hayat\u0131n\u0131n birbiriyle harmanland\u0131\u011f\u0131 ilgin\u00e7 bir co\u011frafya. T\u00fcrk vatanda\u015flar\u0131ndan vize talep eden bu \u00fclke, maceraperest gezginler i\u00e7in olduk\u00e7a cazip bir seyahat rotas\u0131 olarak g\u00f6r\u00fcl\u00fcyor.\u00a0G\u00fcney Afrika\u2019n\u0131n en b\u00fcy\u00fck \u00fclkeleri aras\u0131nda bulunan Namibya&#8217;da, d\u00fcnyan\u0131n en eski \u00e7\u00f6l\u00fc olan Namib \u00c7\u00f6l\u00fc de yer al\u0131yor. Kum tepeleri \u00fczerinde y\u00fcr\u00fcy\u00fcp ve \u00e7\u00f6l safarisini deneyimleme \u015fans\u0131 bulaca\u011f\u0131n\u0131z bu \u00e7\u00f6lde, \u015fahane bir g\u00fcnbat\u0131m\u0131 manzaras\u0131 izleyebilirsiniz. Atlas Okyanusu boyunca uzanan bin 600 kilometrelik bir sahil\u00a0k\u0131sm\u0131 da bulunan Namib \u00c7\u00f6l\u00fc, su ve \u00e7\u00f6l\u00fcn bulu\u015ftu\u011fu nadir destinasyonlardan biri.<\/p>\n<h2><span class=\"ez-toc-section\" id=\"namibya_yolculugunda_gezilmesi_gereken_5_sehir\"><\/span><strong>Namibya Yolculu\u011funda Gez<\/strong><strong>ilmesi Gereken 5 \u015eehir<\/strong><span class=\"ez-toc-section-end\"><\/span><\/h2>\n<h3><span class=\"ez-toc-section\" id=\"1_windhoek\"><\/span><strong>1. <a href=\"https:\/\/www.turna.com\/ucak-bileti\/windhoek\" target=\"_blank\" rel=\"noopener noreferrer\">Windhoek<\/a><\/strong><span class=\"ez-toc-section-end\"><\/span><\/h3>\n<p><img width=\"800\" height=\"500\" data-public-id=\"Windhoek_fklamw\/Windhoek_fklamw.jpg\" fetchpriority=\"high\" decoding=\"async\" class=\"alignnone wp-post-7702 wp-image-8231\" src=\"https:\/\/res.cloudinary.com\/turna\/images\/w_800,h_500,c_scale\/f_auto,q_auto:low\/v1495542838\/Windhoek_fklamw\/Windhoek_fklamw.jpg?_i=AA\" data-format=\"jpg\" data-transformations=\"f_auto,q_auto:low\" data-version=\"1495542838\" data-seo=\"1\" srcset=\"https:\/\/res.cloudinary.com\/turna\/images\/f_auto,q_auto:low\/v1495542838\/Windhoek_fklamw\/Windhoek_fklamw.jpg?_i=AA 800w, https:\/\/res.cloudinary.com\/turna\/images\/w_300,h_188,c_scale\/f_auto,q_auto:low\/v1495542838\/Windhoek_fklamw\/Windhoek_fklamw.jpg?_i=AA 300w, https:\/\/res.cloudinary.com\/turna\/images\/w_672,h_420,c_scale\/f_auto,q_auto:low\/v1495542838\/Windhoek_fklamw\/Windhoek_fklamw.jpg?_i=AA 672w, https:\/\/res.cloudinary.com\/turna\/images\/w_640,h_400,c_scale\/f_auto,q_auto:low\/v1495542838\/Windhoek_fklamw\/Windhoek_fklamw.jpg?_i=AA 640w, https:\/\/res.cloudinary.com\/turna\/images\/w_681,h_426,c_scale\/f_auto,q_auto:low\/v1495542838\/Windhoek_fklamw\/Windhoek_fklamw.jpg?_i=AA 681w\" sizes=\"(max-width: 800px) 100vw, 800px\" \/><\/p>\n<p>Ba\u015fkent <strong>Windhoek<\/strong>, konumu ve geli\u015fmi\u015f yap\u0131s\u0131 sayesinde Namibya&#8217;ya gelenlerin ilk u\u011frad\u0131\u011f\u0131 adres oluyor. D\u00fczenli sokaklar\u0131 ve mimarisiyle ho\u015f bir g\u00f6r\u00fcn\u00fcme sahip olan \u015fehirde,\u00a0Christuskirche,\u00a0National Museum of Namibia, Parliament Gardens,\u00a0Parlemento Binas\u0131, Owela Museum\u00a0ve Afrika\u2019n\u0131n yerel ya\u015fam\u0131na tan\u0131kl\u0131k edece\u011finiz Katutura b\u00f6lgesini ziyaret edebilirsiniz.<\/p>\n<h3><span class=\"ez-toc-section\" id=\"2_swakopmund\"><\/span><strong>2. Swakopmund<\/strong><span class=\"ez-toc-section-end\"><\/span><\/h3>\n<p><img width=\"800\" height=\"500\" data-public-id=\"Swakopmund_weo24g\/Swakopmund_weo24g.jpg\" decoding=\"async\" class=\"alignnone wp-post-7702 wp-image-8232\" src=\"https:\/\/res.cloudinary.com\/turna\/images\/w_800,h_500,c_scale\/f_auto,q_auto:low\/v1495542860\/Swakopmund_weo24g\/Swakopmund_weo24g.jpg?_i=AA\" data-format=\"jpg\" data-transformations=\"f_auto,q_auto:low\" data-version=\"1495542860\" data-seo=\"1\" srcset=\"https:\/\/res.cloudinary.com\/turna\/images\/f_auto,q_auto:low\/v1495542860\/Swakopmund_weo24g\/Swakopmund_weo24g.jpg?_i=AA 800w, https:\/\/res.cloudinary.com\/turna\/images\/w_300,h_188,c_scale\/f_auto,q_auto:low\/v1495542860\/Swakopmund_weo24g\/Swakopmund_weo24g.jpg?_i=AA 300w, https:\/\/res.cloudinary.com\/turna\/images\/w_672,h_420,c_scale\/f_auto,q_auto:low\/v1495542860\/Swakopmund_weo24g\/Swakopmund_weo24g.jpg?_i=AA 672w, https:\/\/res.cloudinary.com\/turna\/images\/w_640,h_400,c_scale\/f_auto,q_auto:low\/v1495542860\/Swakopmund_weo24g\/Swakopmund_weo24g.jpg?_i=AA 640w, https:\/\/res.cloudinary.com\/turna\/images\/w_681,h_426,c_scale\/f_auto,q_auto:low\/v1495542860\/Swakopmund_weo24g\/Swakopmund_weo24g.jpg?_i=AA 681w\" sizes=\"(max-width: 800px) 100vw, 800px\" \/><\/p>\n<p>\u00dclkenin\u00a0ikinci b\u00fcy\u00fck \u015fehri olan <strong>Swakopmund<\/strong>, g\u00fcne\u015fli havas\u0131, palmiye a\u011fa\u00e7lar\u0131yla s\u00fcsl\u00fc sahil yolu ve plajlar\u0131yla, Namibya&#8217;da tatil denildi\u011finde akla gelen ilk yerlerden biri. Yaz aylar\u0131n\u0131n h\u00fck\u00fcm s\u00fcrd\u00fc\u011f\u00fc aral\u0131k-\u015fubat aras\u0131 d\u00f6nemde bir hayli kalabal\u0131kla\u015fan bu \u015fehirde, s\u00f6m\u00fcrge y\u0131llar\u0131ndan kalma tarihi binalar\u0131n,\u00a0Swakopmund M\u00fczesi&#8217;nin, fok s\u00fcr\u00fclerine ev sahipli\u011fi yapan Walvis Koyu&#8217;nun ve\u00a0Sandwich Koyu&#8217;nun tad\u0131n\u0131 \u00e7\u0131kar\u0131n.<\/p>\n<h3><span class=\"ez-toc-section\" id=\"3_luderitz\"><\/span><strong>3. L\u00fcderitz<\/strong><span class=\"ez-toc-section-end\"><\/span><\/h3>\n<p><img width=\"800\" height=\"500\" data-public-id=\"Luderitz_dwcqgv\/Luderitz_dwcqgv.jpg\" decoding=\"async\" class=\"alignnone wp-post-7702 wp-image-8235\" src=\"https:\/\/res.cloudinary.com\/turna\/images\/w_800,h_500,c_scale\/f_auto,q_auto:low\/v1495542898\/Luderitz_dwcqgv\/Luderitz_dwcqgv.jpg?_i=AA\" data-format=\"jpg\" data-transformations=\"f_auto,q_auto:low\" data-version=\"1495542898\" data-seo=\"1\" srcset=\"https:\/\/res.cloudinary.com\/turna\/images\/f_auto,q_auto:low\/v1495542898\/Luderitz_dwcqgv\/Luderitz_dwcqgv.jpg?_i=AA 800w, https:\/\/res.cloudinary.com\/turna\/images\/w_300,h_188,c_scale\/f_auto,q_auto:low\/v1495542898\/Luderitz_dwcqgv\/Luderitz_dwcqgv.jpg?_i=AA 300w, https:\/\/res.cloudinary.com\/turna\/images\/w_672,h_420,c_scale\/f_auto,q_auto:low\/v1495542898\/Luderitz_dwcqgv\/Luderitz_dwcqgv.jpg?_i=AA 672w, https:\/\/res.cloudinary.com\/turna\/images\/w_640,h_400,c_scale\/f_auto,q_auto:low\/v1495542898\/Luderitz_dwcqgv\/Luderitz_dwcqgv.jpg?_i=AA 640w, https:\/\/res.cloudinary.com\/turna\/images\/w_681,h_426,c_scale\/f_auto,q_auto:low\/v1495542898\/Luderitz_dwcqgv\/Luderitz_dwcqgv.jpg?_i=AA 681w\" sizes=\"(max-width: 800px) 100vw, 800px\" \/><\/p>\n<p>Namib \u00c7\u00f6l\u00fc ile Atlantik Okyanusu aras\u0131nda yer alan\u00a0<strong>L\u00fcderitz<\/strong>, Alman mimarisinin izlerini ta\u015f\u0131yan\u00a0Art Deco tarz\u0131 yap\u0131lar\u0131n\u0131n yan\u0131 s\u0131ra Bavyera tarz\u0131 kafe ve barlar\u0131yla da hayranl\u0131k uyand\u0131r\u0131yor. L\u00fcderitz&#8217;e gitmi\u015fken dev flamingo s\u00fcr\u00fclerinin ya\u015fam alan\u0131 olan\u00a0L\u00fcderitz Yar\u0131madas\u0131&#8217;na u\u011fray\u0131p muhte\u015fem bir manzaraya tan\u0131kl\u0131k etme \u015fans\u0131n\u0131 da ka\u00e7\u0131rmay\u0131n.<\/p>\n<h3><span class=\"ez-toc-section\" id=\"4_kolmanskop\"><\/span><strong>4.\u00a0Kolmanskop<\/strong><span class=\"ez-toc-section-end\"><\/span><\/h3>\n<p><img width=\"800\" height=\"500\" data-public-id=\"Kolmanskop_juh1i2\/Kolmanskop_juh1i2.jpg\" loading=\"lazy\" decoding=\"async\" class=\"alignnone wp-post-7702 wp-image-8234\" src=\"https:\/\/res.cloudinary.com\/turna\/images\/w_800,h_500,c_scale\/f_auto,q_auto:low\/v1495542880\/Kolmanskop_juh1i2\/Kolmanskop_juh1i2.jpg?_i=AA\" data-format=\"jpg\" data-transformations=\"f_auto,q_auto:low\" data-version=\"1495542880\" data-seo=\"1\" srcset=\"https:\/\/res.cloudinary.com\/turna\/images\/f_auto,q_auto:low\/v1495542880\/Kolmanskop_juh1i2\/Kolmanskop_juh1i2.jpg?_i=AA 800w, https:\/\/res.cloudinary.com\/turna\/images\/w_300,h_188,c_scale\/f_auto,q_auto:low\/v1495542880\/Kolmanskop_juh1i2\/Kolmanskop_juh1i2.jpg?_i=AA 300w, https:\/\/res.cloudinary.com\/turna\/images\/w_672,h_420,c_scale\/f_auto,q_auto:low\/v1495542880\/Kolmanskop_juh1i2\/Kolmanskop_juh1i2.jpg?_i=AA 672w, https:\/\/res.cloudinary.com\/turna\/images\/w_640,h_400,c_scale\/f_auto,q_auto:low\/v1495542880\/Kolmanskop_juh1i2\/Kolmanskop_juh1i2.jpg?_i=AA 640w, https:\/\/res.cloudinary.com\/turna\/images\/w_681,h_426,c_scale\/f_auto,q_auto:low\/v1495542880\/Kolmanskop_juh1i2\/Kolmanskop_juh1i2.jpg?_i=AA 681w\" sizes=\"(max-width: 800px) 100vw, 800px\" \/><\/p>\n<p>1956 y\u0131l\u0131na dek Namib elmas ticaretinin ba\u015fkenti olan\u00a0<strong>Kolmanskop<\/strong>, g\u00fcn\u00fcm\u00fczde \u00e7\u00f6l kumlar\u0131n\u0131n yuttu\u011fu bir hayalet \u015fehre d\u00f6n\u00fc\u015fm\u00fc\u015f durumda.\u00a0Ketmanshop ve\u00a0L\u00fcderitz aras\u0131nda konumlanan ve kumlar alt\u0131ndaki g\u00f6r\u00fcnt\u00fcs\u00fcyle film sahnelerini and\u0131ran bu \u015fehri g\u00f6rmek i\u00e7in, rehberler e\u015fli\u011finde yap\u0131lan turlara kat\u0131labilirsiniz.<\/p>\n<h3><span class=\"ez-toc-section\" id=\"5_walvis_bay\"><\/span><strong>5.\u00a0Walvis Bay<\/strong><span class=\"ez-toc-section-end\"><\/span><\/h3>\n<p><img width=\"800\" height=\"500\" data-public-id=\"Walvis-Bay_zr3x8i\/Walvis-Bay_zr3x8i.jpg\" loading=\"lazy\" decoding=\"async\" class=\"alignnone wp-post-7702 wp-image-8236\" src=\"https:\/\/res.cloudinary.com\/turna\/images\/w_800,h_500,c_scale\/f_auto,q_auto:low\/v1495542976\/Walvis-Bay_zr3x8i\/Walvis-Bay_zr3x8i.jpg?_i=AA\" data-format=\"jpg\" data-transformations=\"f_auto,q_auto:low\" data-version=\"1495542976\" data-seo=\"1\" srcset=\"https:\/\/res.cloudinary.com\/turna\/images\/f_auto,q_auto:low\/v1495542976\/Walvis-Bay_zr3x8i\/Walvis-Bay_zr3x8i.jpg?_i=AA 800w, https:\/\/res.cloudinary.com\/turna\/images\/w_300,h_188,c_scale\/f_auto,q_auto:low\/v1495542976\/Walvis-Bay_zr3x8i\/Walvis-Bay_zr3x8i.jpg?_i=AA 300w, https:\/\/res.cloudinary.com\/turna\/images\/w_672,h_420,c_scale\/f_auto,q_auto:low\/v1495542976\/Walvis-Bay_zr3x8i\/Walvis-Bay_zr3x8i.jpg?_i=AA 672w, https:\/\/res.cloudinary.com\/turna\/images\/w_640,h_400,c_scale\/f_auto,q_auto:low\/v1495542976\/Walvis-Bay_zr3x8i\/Walvis-Bay_zr3x8i.jpg?_i=AA 640w, https:\/\/res.cloudinary.com\/turna\/images\/w_681,h_426,c_scale\/f_auto,q_auto:low\/v1495542976\/Walvis-Bay_zr3x8i\/Walvis-Bay_zr3x8i.jpg?_i=AA 681w\" sizes=\"(max-width: 800px) 100vw, 800px\" \/><\/p>\n<p>T\u00fcrk\u00e7e anlam\u0131\u00a0Balina K\u00f6rfezi olan\u00a0<b>Walvis Bay<\/b>,\u00a085 bine yakla\u015fan n\u00fcfusuyla \u00fclkenin en kalabal\u0131k \u00fc\u00e7\u00fcnc\u00fc yerle\u015fim yeri. Atlas Okyanusu k\u0131y\u0131s\u0131nda yer alan bu etkileyici \u015fehir,\u00a0\u00fclkenin en \u00f6nemli liman \u015fehri olmas\u0131yla da biliniyor. En \u00f6nemli ge\u00e7im kayna\u011f\u0131 bal\u0131k\u00e7\u0131l\u0131k olan Walvis Bay&#8217;\u0131 ziyaret etmek i\u00e7in en uygun d\u00f6nemse kas\u0131m-ocak aylar\u0131 aras\u0131.<\/p>\n<p>Siz de, <a href=\"https:\/\/www.turna.com\/ucak-bileti\/namibya\" target=\"_blank\" rel=\"noopener noreferrer\">Namibya u\u00e7ak bileti<\/a> kampanyalar\u0131n\u0131 takip ederek, Afrika k\u0131tas\u0131n\u0131n hayranl\u0131k uyand\u0131ran d\u00fcnyas\u0131n\u0131 yak\u0131ndan tan\u0131ma f\u0131rsat\u0131 bulabilirsiniz.<\/p>\n\n    <div class=\"xs_social_share_widget xs_share_url after_content \t\tmain_content  wslu-style-1 wslu-share-box-shaped wslu-fill-colored wslu-none wslu-share-horizontal wslu-theme-font-no wslu-main_content\">\n\n\t\t\n        <ul>\n\t\t\t        <\/ul>\n    <\/div> \n","protected":false},"excerpt":{"rendered":"<p>U\u00e7suz bucaks\u0131z s\u0131n\u0131rlar\u0131yla Afrika k\u0131tas\u0131n\u0131n cezbedici \u00fclkelerinden biri olan Namibya, modern d\u00fcnya ve yaban hayat\u0131n\u0131n birbiriyle harmanland\u0131\u011f\u0131 ilgin\u00e7 bir co\u011frafya. T\u00fcrk vatanda\u015flar\u0131ndan vize talep eden bu \u00fclke, maceraperest gezginler i\u00e7in olduk\u00e7a cazip bir seyahat rotas\u0131 olarak g\u00f6r\u00fcl\u00fcyor.\u00a0G\u00fcney Afrika\u2019n\u0131n en b\u00fcy\u00fck \u00fclkeleri aras\u0131nda bulunan Namibya&#8217;da, d\u00fcnyan\u0131n en eski \u00e7\u00f6l\u00fc olan Namib \u00c7\u00f6l\u00fc de yer al\u0131yor. Kum [&hellip;]<\/p>\n","protected":false},"author":14,"featured_media":8235,"comment_status":"open","ping_status":"open","sticky":false,"template":"","format":"standard","meta":{"rop_custom_images_group":[],"rop_custom_messages_group":[],"rop_publish_now":"initial","rop_publish_now_accounts":[],"rop_publish_now_history":[],"rop_publish_now_status":"pending","_cloudinary_featured_overwrite":false,"footnotes":""},"categories":[1086],"tags":[1091,1090,921,1089,1087,1088],"class_list":["post-7702","post","type-post","status-publish","format-standard","has-post-thumbnail","hentry","category-namibya","tag-kolmanskop","tag-luderitz","tag-namibya","tag-swakopmund","tag-walvis-bay","tag-windhoek"],"_links":{"self":[{"href":"https:\/\/www.turna.com\/blog\/wp-json\/wp\/v2\/posts\/7702","targetHints":{"allow":["GET"]}}],"collection":[{"href":"https:\/\/www.turna.com\/blog\/wp-json\/wp\/v2\/posts"}],"about":[{"href":"https:\/\/www.turna.com\/blog\/wp-json\/wp\/v2\/types\/post"}],"author":[{"embeddable":true,"href":"https:\/\/www.turna.com\/blog\/wp-json\/wp\/v2\/users\/14"}],"replies":[{"embeddable":true,"href":"https:\/\/www.turna.com\/blog\/wp-json\/wp\/v2\/comments?post=7702"}],"version-history":[{"count":0,"href":"https:\/\/www.turna.com\/blog\/wp-json\/wp\/v2\/posts\/7702\/revisions"}],"wp:featuredmedia":[{"embeddable":true,"href":"https:\/\/www.turna.com\/blog\/wp-json\/wp\/v2\/media\/8235"}],"wp:attachment":[{"href":"https:\/\/www.turna.com\/blog\/wp-json\/wp\/v2\/media?parent=7702"}],"wp:term":[{"taxonomy":"category","embeddable":true,"href":"https:\/\/www.turna.com\/blog\/wp-json\/wp\/v2\/categories?post=7702"},{"taxonomy":"post_tag","embeddable":true,"href":"https:\/\/www.turna.com\/blog\/wp-json\/wp\/v2\/tags?post=7702"}],"curies":[{"name":"wp","href":"https:\/\/api.w.org\/{rel}","templated":true}]}}