{"id":7120,"date":"2017-03-15T00:09:43","date_gmt":"2017-03-14T21:09:43","guid":{"rendered":"https:\/\/www.turna.com\/blog\/?p=7120"},"modified":"2022-01-01T10:01:06","modified_gmt":"2022-01-01T07:01:06","slug":"sintrada-gormeniz-gereken-5-onemli-yapi","status":"publish","type":"post","link":"https:\/\/www.turna.com\/blog\/sintrada-gormeniz-gereken-5-onemli-yapi","title":{"rendered":"Sintra\u2019da G\u00f6rmeniz Gereken 5 \u00d6nemli Yap\u0131"},"content":{"rendered":"<div id=\"ez-toc-container\" class=\"ez-toc-v2_0_82_2 counter-hierarchy ez-toc-counter ez-toc-black ez-toc-container-direction\">\n<div class=\"ez-toc-title-container\">\n<p class=\"ez-toc-title\" style=\"cursor:inherit\">\u0130\u00e7indekiler<\/p>\n<span class=\"ez-toc-title-toggle\"><a href=\"#\" class=\"ez-toc-pull-right ez-toc-btn ez-toc-btn-xs ez-toc-btn-default ez-toc-toggle\" aria-label=\"\u0130\u00e7indekiler Tablosunu A\u00e7\/Kapat\"><span class=\"ez-toc-js-icon-con\"><span class=\"\"><span class=\"eztoc-hide\" style=\"display:none;\">Toggle<\/span><span class=\"ez-toc-icon-toggle-span\"><svg style=\"fill: #ffffff;color:#ffffff\" xmlns=\"http:\/\/www.w3.org\/2000\/svg\" class=\"list-377408\" width=\"20px\" height=\"20px\" viewBox=\"0 0 24 24\" fill=\"none\"><path d=\"M6 6H4v2h2V6zm14 0H8v2h12V6zM4 11h2v2H4v-2zm16 0H8v2h12v-2zM4 16h2v2H4v-2zm16 0H8v2h12v-2z\" fill=\"currentColor\"><\/path><\/svg><svg style=\"fill: #ffffff;color:#ffffff\" class=\"arrow-unsorted-368013\" xmlns=\"http:\/\/www.w3.org\/2000\/svg\" width=\"10px\" height=\"10px\" viewBox=\"0 0 24 24\" version=\"1.2\" baseProfile=\"tiny\"><path d=\"M18.2 9.3l-6.2-6.3-6.2 6.3c-.2.2-.3.4-.3.7s.1.5.3.7c.2.2.4.3.7.3h11c.3 0 .5-.1.7-.3.2-.2.3-.5.3-.7s-.1-.5-.3-.7zM5.8 14.7l6.2 6.3 6.2-6.3c.2-.2.3-.5.3-.7s-.1-.5-.3-.7c-.2-.2-.4-.3-.7-.3h-11c-.3 0-.5.1-.7.3-.2.2-.3.5-.3.7s.1.5.3.7z\"\/><\/svg><\/span><\/span><\/span><\/a><\/span><\/div>\n<nav><ul class='ez-toc-list ez-toc-list-level-1 eztoc-toggle-hide-by-default' ><li class='ez-toc-page-1 ez-toc-heading-level-2'><a class=\"ez-toc-link ez-toc-heading-1\" href=\"https:\/\/www.turna.com\/blog\/sintrada-gormeniz-gereken-5-onemli-yapi\/#sintrada_gormeniz_gereken_5_onemli_yapi\" >Sintra\u2019da G\u00f6rmeniz Gereken 5 \u00d6nemli Yap\u0131<\/a><ul class='ez-toc-list-level-3' ><li class='ez-toc-heading-level-3'><a class=\"ez-toc-link ez-toc-heading-2\" href=\"https:\/\/www.turna.com\/blog\/sintrada-gormeniz-gereken-5-onemli-yapi\/#1_sintra_ulusal_sarayi\" >1.\u00a0Sintra Ulusal Saray\u0131<\/a><\/li><li class='ez-toc-page-1 ez-toc-heading-level-3'><a class=\"ez-toc-link ez-toc-heading-3\" href=\"https:\/\/www.turna.com\/blog\/sintrada-gormeniz-gereken-5-onemli-yapi\/#2_quinta_da_regaleira\" >2.\u00a0Quinta da Regaleira<\/a><\/li><li class='ez-toc-page-1 ez-toc-heading-level-3'><a class=\"ez-toc-link ez-toc-heading-4\" href=\"https:\/\/www.turna.com\/blog\/sintrada-gormeniz-gereken-5-onemli-yapi\/#3_pena_sarayi\" >3.\u00a0Pena Saray\u0131<\/a><\/li><li class='ez-toc-page-1 ez-toc-heading-level-3'><a class=\"ez-toc-link ez-toc-heading-5\" href=\"https:\/\/www.turna.com\/blog\/sintrada-gormeniz-gereken-5-onemli-yapi\/#4_magribi_kalesi\" >4.\u00a0Ma\u011fribi Kalesi<\/a><\/li><li class='ez-toc-page-1 ez-toc-heading-level-3'><a class=\"ez-toc-link ez-toc-heading-6\" href=\"https:\/\/www.turna.com\/blog\/sintrada-gormeniz-gereken-5-onemli-yapi\/#5_monserrate_sarayi\" >5. Monserrate Saray\u0131<\/a><\/li><li class='ez-toc-page-1 ez-toc-heading-level-3'><a class=\"ez-toc-link ez-toc-heading-7\" href=\"https:\/\/www.turna.com\/blog\/sintrada-gormeniz-gereken-5-onemli-yapi\/#sintraya_nasil_gidilir\" >Sintra&#8217;ya nas\u0131l gidilir<\/a><\/li><\/ul><\/li><\/ul><\/nav><\/div>\n<p><strong>Lizbon<\/strong> B\u00f6lgesi\u2019ne ba\u011fl\u0131 belediyelerden biri olan <strong>Sintra<\/strong>, <a href=\"https:\/\/www.turna.com\/blog\/ulkeler\/avrupa\/portekiz\" target=\"_blank\" rel=\"noopener\"><strong>Portekiz<\/strong><\/a>\u2019in en turistik yerlerinden biri. Ad\u0131n\u0131 kendisini \u00e7evreleyen Sintra Da\u011flar\u0131\u2019ndan alan kent Lizbon \u015fehir merkezine yakla\u015f\u0131k 40 dakika mesafede bulunuyor. <a href=\"https:\/\/www.turna.com\/blog\/ulkeler\/avrupa\" target=\"_blank\" rel=\"noopener\"><strong>Avrupa<\/strong><\/a>\u2019n\u0131n en bat\u0131 noktas\u0131 olan <strong>Roca Burnu<\/strong>&#8216;nu i\u00e7inde bulunduran \u015fehir,\u00a01995\u2019den beri <strong>UNESCO D\u00fcnya Miras\u0131 Listesi<\/strong>\u2019nde yer al\u0131yor. Zarif saraylar\u0131, muhte\u015fem manzaras\u0131 ve b\u00fcy\u00fcleyici tarihi binalar\u0131yla b\u00fcy\u00fcleyici bir g\u00fczelli\u011fe sahip olan Sintra, Portekiz\u2019de mutlaka g\u00f6rmeniz gereken yerlerden.<\/p>\n<h2><span class=\"ez-toc-section\" id=\"sintrada_gormeniz_gereken_5_onemli_yapi\"><\/span><strong>Sintra\u2019da G\u00f6rmeniz Gereken 5 \u00d6nemli Yap\u0131<\/strong><span class=\"ez-toc-section-end\"><\/span><\/h2>\n<h3><span class=\"ez-toc-section\" id=\"1_sintra_ulusal_sarayi\"><\/span><strong>1.\u00a0Sintra Ulusal Saray\u0131<\/strong><span class=\"ez-toc-section-end\"><\/span><\/h3>\n<p><img width=\"800\" height=\"500\" data-public-id=\"Sintra-Ulusal-Sarayi_wkskfd\/Sintra-Ulusal-Sarayi_wkskfd.jpg\" fetchpriority=\"high\" decoding=\"async\" class=\"alignnone wp-post-7120 wp-image-7137\" src=\"https:\/\/res.cloudinary.com\/turna\/images\/w_800,h_500,c_scale\/f_auto,q_auto:low\/v1489615642\/Sintra-Ulusal-Sarayi_wkskfd\/Sintra-Ulusal-Sarayi_wkskfd.jpg?_i=AA\" data-format=\"jpg\" data-transformations=\"f_auto,q_auto:low\" data-version=\"1489615642\" data-seo=\"1\" srcset=\"https:\/\/res.cloudinary.com\/turna\/images\/f_auto,q_auto:low\/v1489615642\/Sintra-Ulusal-Sarayi_wkskfd\/Sintra-Ulusal-Sarayi_wkskfd.jpg?_i=AA 800w, https:\/\/res.cloudinary.com\/turna\/images\/w_300,h_188,c_scale\/f_auto,q_auto:low\/v1489615642\/Sintra-Ulusal-Sarayi_wkskfd\/Sintra-Ulusal-Sarayi_wkskfd.jpg?_i=AA 300w, https:\/\/res.cloudinary.com\/turna\/images\/w_672,h_420,c_scale\/f_auto,q_auto:low\/v1489615642\/Sintra-Ulusal-Sarayi_wkskfd\/Sintra-Ulusal-Sarayi_wkskfd.jpg?_i=AA 672w, https:\/\/res.cloudinary.com\/turna\/images\/w_640,h_400,c_scale\/f_auto,q_auto:low\/v1489615642\/Sintra-Ulusal-Sarayi_wkskfd\/Sintra-Ulusal-Sarayi_wkskfd.jpg?_i=AA 640w, https:\/\/res.cloudinary.com\/turna\/images\/w_681,h_426,c_scale\/f_auto,q_auto:low\/v1489615642\/Sintra-Ulusal-Sarayi_wkskfd\/Sintra-Ulusal-Sarayi_wkskfd.jpg?_i=AA 681w\" sizes=\"(max-width: 800px) 100vw, 800px\" \/><\/p>\n<p>Se\u00e7kin tarihi ve benzersiz mimarisiyle dikkat ge\u00e7en <strong>Sintra Ulusal Saray\u0131<\/strong>, <strong>Portekiz<\/strong>\u2019in en g\u00fczel yap\u0131lar\u0131ndan biri. Orta \u00c7a\u011f\u2019da in\u015fa edilmesine ra\u011fmen bozulmadan g\u00fcn\u00fcm\u00fcze kadar gelebilmi\u015f olan saray Gotik ve Arap mimarisinden etkilenerek tasarlanm\u0131\u015f. Uzun y\u0131llar Hristiyan krallar\u0131n kraliyet konutu olarak kulland\u0131\u011f\u0131 yap\u0131, Sintra\u2019n\u0131n\u00a0<strong>UNESCO D\u00fcnya Miras Listesi<\/strong>\u2019ne girebilmi\u015f yap\u0131lar\u0131ndan.<\/p>\n<h3><span class=\"ez-toc-section\" id=\"2_quinta_da_regaleira\"><\/span><strong>2.\u00a0Quinta da Regaleira<\/strong><span class=\"ez-toc-section-end\"><\/span><\/h3>\n<p><img width=\"800\" height=\"500\" data-public-id=\"Quinta-da-Regaleira_y1ryuh\/Quinta-da-Regaleira_y1ryuh.jpg\" decoding=\"async\" class=\"alignnone wp-post-7120 wp-image-7136\" src=\"https:\/\/res.cloudinary.com\/turna\/images\/w_800,h_500,c_scale\/f_auto,q_auto:low\/v1489615622\/Quinta-da-Regaleira_y1ryuh\/Quinta-da-Regaleira_y1ryuh.jpg?_i=AA\" data-format=\"jpg\" data-transformations=\"f_auto,q_auto:low\" data-version=\"1489615622\" data-seo=\"1\" srcset=\"https:\/\/res.cloudinary.com\/turna\/images\/f_auto,q_auto:low\/v1489615622\/Quinta-da-Regaleira_y1ryuh\/Quinta-da-Regaleira_y1ryuh.jpg?_i=AA 800w, https:\/\/res.cloudinary.com\/turna\/images\/w_300,h_188,c_scale\/f_auto,q_auto:low\/v1489615622\/Quinta-da-Regaleira_y1ryuh\/Quinta-da-Regaleira_y1ryuh.jpg?_i=AA 300w, https:\/\/res.cloudinary.com\/turna\/images\/w_672,h_420,c_scale\/f_auto,q_auto:low\/v1489615622\/Quinta-da-Regaleira_y1ryuh\/Quinta-da-Regaleira_y1ryuh.jpg?_i=AA 672w, https:\/\/res.cloudinary.com\/turna\/images\/w_640,h_400,c_scale\/f_auto,q_auto:low\/v1489615622\/Quinta-da-Regaleira_y1ryuh\/Quinta-da-Regaleira_y1ryuh.jpg?_i=AA 640w, https:\/\/res.cloudinary.com\/turna\/images\/w_681,h_426,c_scale\/f_auto,q_auto:low\/v1489615622\/Quinta-da-Regaleira_y1ryuh\/Quinta-da-Regaleira_y1ryuh.jpg?_i=AA 681w\" sizes=\"(max-width: 800px) 100vw, 800px\" \/><\/p>\n<p>Kentin\u00a0en etkileyici yap\u0131lar\u0131ndan biri olan <strong>Quinta da Regaleira<\/strong>, bah\u00e7eleri ve gizli t\u00fcnelleriyle \u00fcnl\u00fc. \u0130\u00e7inde saraylar, \u015fapel ve g\u00f6ller, kuyular, \u00e7e\u015fmeler bulunan yap\u0131 olduk\u00e7a geni\u015f bir alana yay\u0131l\u0131yor. S\u00fcsl\u00fc bir Gotik yap\u0131ya sahip olan Quinta da Regaleira, \u00f6zellikle Tap\u0131nak \u015e\u00f6valyeleri taraf\u0131ndan yap\u0131ld\u0131\u011f\u0131 d\u00fc\u015f\u00fcn\u00fclen 27 metrelik kuyusuyla dikkat \u00e7ekiyor.<\/p>\n<h3><span class=\"ez-toc-section\" id=\"3_pena_sarayi\"><\/span><strong>3.\u00a0Pena Saray\u0131<\/strong><span class=\"ez-toc-section-end\"><\/span><\/h3>\n<p><img width=\"800\" height=\"500\" data-public-id=\"Pena-Palace_mu3luw\/Pena-Palace_mu3luw.jpg\" decoding=\"async\" class=\"alignnone wp-post-7120 wp-image-7133\" src=\"https:\/\/res.cloudinary.com\/turna\/images\/w_800,h_500,c_scale\/f_auto,q_auto:low\/v1489615596\/Pena-Palace_mu3luw\/Pena-Palace_mu3luw.jpg?_i=AA\" data-format=\"jpg\" data-transformations=\"f_auto,q_auto:low\" data-version=\"1489615596\" data-seo=\"1\" srcset=\"https:\/\/res.cloudinary.com\/turna\/images\/f_auto,q_auto:low\/v1489615596\/Pena-Palace_mu3luw\/Pena-Palace_mu3luw.jpg?_i=AA 800w, https:\/\/res.cloudinary.com\/turna\/images\/w_300,h_188,c_scale\/f_auto,q_auto:low\/v1489615596\/Pena-Palace_mu3luw\/Pena-Palace_mu3luw.jpg?_i=AA 300w, https:\/\/res.cloudinary.com\/turna\/images\/w_672,h_420,c_scale\/f_auto,q_auto:low\/v1489615596\/Pena-Palace_mu3luw\/Pena-Palace_mu3luw.jpg?_i=AA 672w, https:\/\/res.cloudinary.com\/turna\/images\/w_640,h_400,c_scale\/f_auto,q_auto:low\/v1489615596\/Pena-Palace_mu3luw\/Pena-Palace_mu3luw.jpg?_i=AA 640w, https:\/\/res.cloudinary.com\/turna\/images\/w_681,h_426,c_scale\/f_auto,q_auto:low\/v1489615596\/Pena-Palace_mu3luw\/Pena-Palace_mu3luw.jpg?_i=AA 681w\" sizes=\"(max-width: 800px) 100vw, 800px\" \/><\/p>\n<p>Sintra Da\u011flar\u0131&#8217;ndaki bir tepenin \u00fczerinde yer alan <strong>Pena Saray\u0131<\/strong>, Portekiz\u2019in masals\u0131 yap\u0131lar\u0131ndan biri. Canl\u0131 renkleri, dekoratif s\u00fcslemeleri ve mitolojik heykelleriyle muhte\u015fem bir g\u00fczelli\u011fe sahip olan saray 19. Y\u00fczy\u0131lda Kral II Ferdinand taraf\u0131ndan in\u015fa edilmi\u015f. 1910\u2019da m\u00fczeye d\u00f6n\u00fc\u015ft\u00fcr\u00fclen yap\u0131 g\u00fcn\u00fcm\u00fczde Portekiz\u2019in en \u00e7ok ziyaret edilen yerlerinden biri.<\/p>\n<h3><span class=\"ez-toc-section\" id=\"4_magribi_kalesi\"><\/span><strong>4.\u00a0Ma\u011fribi Kalesi<\/strong><span class=\"ez-toc-section-end\"><\/span><\/h3>\n<p><img width=\"800\" height=\"500\" loading=\"lazy\" decoding=\"async\" class=\"alignnone wp-post-7120 wp-image-7138\" src=\"data:image\/svg+xml;base64,PHN2ZyB4bWxucz0iaHR0cDovL3d3dy53My5vcmcvMjAwMC9zdmciIHdpZHRoPSI4MDAiIGhlaWdodD0iNTAwIj48cmVjdCB3aWR0aD0iMTAwJSIgaGVpZ2h0PSIxMDAlIj48YW5pbWF0ZSBhdHRyaWJ1dGVOYW1lPSJmaWxsIiB2YWx1ZXM9InJnYmEoMTUzLDE1MywxNTMsMC41KTtyZ2JhKDE1MywxNTMsMTUzLDAuMSk7cmdiYSgxNTMsMTUzLDE1MywwLjUpIiBkdXI9IjJzIiByZXBlYXRDb3VudD0iaW5kZWZpbml0ZSIgLz48L3JlY3Q+PC9zdmc+\" data-public-id=\"Guzman-El-Bueno-_ya7fty\/Guzman-El-Bueno-_ya7fty.jpg\" data-format=\"jpg\" data-transformations=\"f_auto,q_auto:low\" data-version=\"1489615673\" data-seo=\"1\" data-size=\"800 500\" data-srcset=\"https:\/\/res.cloudinary.com\/turna\/images\/f_auto,q_auto:low\/v1489615673\/Guzman-El-Bueno-_ya7fty\/Guzman-El-Bueno-_ya7fty.jpg?_i=AA 800w, https:\/\/res.cloudinary.com\/turna\/images\/w_300,h_188,c_scale\/f_auto,q_auto:low\/v1489615673\/Guzman-El-Bueno-_ya7fty\/Guzman-El-Bueno-_ya7fty.jpg?_i=AA 300w, https:\/\/res.cloudinary.com\/turna\/images\/w_672,h_420,c_scale\/f_auto,q_auto:low\/v1489615673\/Guzman-El-Bueno-_ya7fty\/Guzman-El-Bueno-_ya7fty.jpg?_i=AA 672w, https:\/\/res.cloudinary.com\/turna\/images\/w_640,h_400,c_scale\/f_auto,q_auto:low\/v1489615673\/Guzman-El-Bueno-_ya7fty\/Guzman-El-Bueno-_ya7fty.jpg?_i=AA 640w, https:\/\/res.cloudinary.com\/turna\/images\/w_681,h_426,c_scale\/f_auto,q_auto:low\/v1489615673\/Guzman-El-Bueno-_ya7fty\/Guzman-El-Bueno-_ya7fty.jpg?_i=AA 681w\" data-sizes=\"(max-width: 800px) 100vw, 800px\" data-delivery=\"upload\" onload=\";window.CLDBind?CLDBind(this):null;\" data-cloudinary=\"lazy\" \/><strong>Sintra<\/strong>\u2019n\u0131n Orta \u00c7a\u011f\u2019dan kalma kalesi olan <strong>Ma\u011fribi Kalesi<\/strong>, kentin\u00a0tarihi merkezinde yer al\u0131yor. M\u00fcsl\u00fcmanlar\u0131n Iber Yar\u0131madas\u0131\u2019n\u0131 hakimiyeti s\u0131ras\u0131nda korunmak amac\u0131yla yap\u0131lan kale, panoramik bir \u015fehir\u00a0manzaras\u0131na sahip. 19. y\u00fczy\u0131lda II. Kral Ferdinand taraf\u0131ndan restore edilerek yenilenen kale haftan\u0131n her g\u00fcn\u00fc ziyarete edilebiliyor.<\/p>\n<h3><span class=\"ez-toc-section\" id=\"5_monserrate_sarayi\"><\/span><strong>5. Monserrate Saray\u0131<\/strong><span class=\"ez-toc-section-end\"><\/span><\/h3>\n<p><img width=\"800\" height=\"500\" loading=\"lazy\" decoding=\"async\" class=\"alignnone wp-post-7120 wp-image-7139\" src=\"data:image\/svg+xml;base64,PHN2ZyB4bWxucz0iaHR0cDovL3d3dy53My5vcmcvMjAwMC9zdmciIHdpZHRoPSI4MDAiIGhlaWdodD0iNTAwIj48cmVjdCB3aWR0aD0iMTAwJSIgaGVpZ2h0PSIxMDAlIj48YW5pbWF0ZSBhdHRyaWJ1dGVOYW1lPSJmaWxsIiB2YWx1ZXM9InJnYmEoMTUzLDE1MywxNTMsMC41KTtyZ2JhKDE1MywxNTMsMTUzLDAuMSk7cmdiYSgxNTMsMTUzLDE1MywwLjUpIiBkdXI9IjJzIiByZXBlYXRDb3VudD0iaW5kZWZpbml0ZSIgLz48L3JlY3Q+PC9zdmc+\" data-public-id=\"Monserrate-SArayi_llvijk\/Monserrate-SArayi_llvijk.jpg\" data-format=\"jpg\" data-transformations=\"f_auto,q_auto:low\" data-version=\"1489615687\" data-seo=\"1\" data-size=\"800 500\" data-srcset=\"https:\/\/res.cloudinary.com\/turna\/images\/f_auto,q_auto:low\/v1489615687\/Monserrate-SArayi_llvijk\/Monserrate-SArayi_llvijk.jpg?_i=AA 800w, https:\/\/res.cloudinary.com\/turna\/images\/w_300,h_188,c_scale\/f_auto,q_auto:low\/v1489615687\/Monserrate-SArayi_llvijk\/Monserrate-SArayi_llvijk.jpg?_i=AA 300w, https:\/\/res.cloudinary.com\/turna\/images\/w_672,h_420,c_scale\/f_auto,q_auto:low\/v1489615687\/Monserrate-SArayi_llvijk\/Monserrate-SArayi_llvijk.jpg?_i=AA 672w, https:\/\/res.cloudinary.com\/turna\/images\/w_640,h_400,c_scale\/f_auto,q_auto:low\/v1489615687\/Monserrate-SArayi_llvijk\/Monserrate-SArayi_llvijk.jpg?_i=AA 640w, https:\/\/res.cloudinary.com\/turna\/images\/w_681,h_426,c_scale\/f_auto,q_auto:low\/v1489615687\/Monserrate-SArayi_llvijk\/Monserrate-SArayi_llvijk.jpg?_i=AA 681w\" data-sizes=\"(max-width: 800px) 100vw, 800px\" data-delivery=\"upload\" onload=\";window.CLDBind?CLDBind(this):null;\" data-cloudinary=\"lazy\" \/>Sintra\u2019n\u0131n en g\u00f6rkemli yap\u0131lar\u0131ndan biri olan <strong>Monserrate Saray\u0131<\/strong>, merkeze 3,5 km mesafede bulunuyor. Arap ve Gotik mimarisinin e\u015fsiz birle\u015fimiyle tasarlanm\u0131\u015f olan yap\u0131, bir yazl\u0131k olarak in\u015fa edilmi\u015f. \u0130hti\u015faml\u0131 mimarisiyle olduk\u00e7a dikkat \u00e7eken Monserrate Saray\u0131, nadir t\u00fcrlerden olu\u015fturulmu\u015f bah\u00e7esiyle de bir hayli g\u00f6z al\u0131yor.<\/p>\n<h3><span class=\"ez-toc-section\" id=\"sintraya_nasil_gidilir\"><\/span><strong>Sintra&#8217;ya nas\u0131l gidilir<\/strong><span class=\"ez-toc-section-end\"><\/span><\/h3>\n<p>Avrupa&#8217;n\u0131n en g\u00fczel \u00fclkelerinden biri olan Portekiz&#8217;e gitmek i\u00e7in T\u00fcrk Hava Yollar\u0131, Lufthansa, KLM Royal Dutch Airlines gibi havayolu \u015firketlerinin aktarmal\u0131 ya da aktarmas\u0131z u\u00e7u\u015flar\u0131 bulunuyor. Sintra&#8217;ya en kolay yoldan gitmek i\u00e7in Lisbon Havaalan\u0131&#8217;na ula\u015fman\u0131z gerekiyor. Lisbon Havalan\u0131 ile Sintra aras\u0131nda yakla\u015f\u0131k 30 km bir mesafe bulunuyor. Siz de Sintra&#8217;n\u0131n e\u015fsiz g\u00fczelliklerini g\u00f6rmek isterseniz\u00a0uygun fiyatl\u0131\u00a0<a href=\"https:\/\/www.turna.com\/ucak-bileti\/portekiz\" target=\"_blank\" rel=\"noopener\"><strong>Portekiz u\u00e7ak bileti<\/strong><\/a>\u00a0se\u00e7eneklerine bakmay\u0131 sak\u0131n unutmay\u0131n!<\/p>\n\n    <div class=\"xs_social_share_widget xs_share_url after_content \t\tmain_content  wslu-style-1 wslu-share-box-shaped wslu-fill-colored wslu-none wslu-share-horizontal wslu-theme-font-no wslu-main_content\">\n\n\t\t\n        <ul>\n\t\t\t        <\/ul>\n    <\/div> \n","protected":false},"excerpt":{"rendered":"<p>Lizbon B\u00f6lgesi\u2019ne ba\u011fl\u0131 belediyelerden biri olan Sintra, Portekiz\u2019in en turistik yerlerinden biri. Ad\u0131n\u0131 kendisini \u00e7evreleyen Sintra Da\u011flar\u0131\u2019ndan alan kent Lizbon \u015fehir merkezine yakla\u015f\u0131k 40 dakika mesafede bulunuyor. Avrupa\u2019n\u0131n en bat\u0131 noktas\u0131 olan Roca Burnu&#8216;nu i\u00e7inde bulunduran \u015fehir,\u00a01995\u2019den beri UNESCO D\u00fcnya Miras\u0131 Listesi\u2019nde yer al\u0131yor. Zarif saraylar\u0131, muhte\u015fem manzaras\u0131 ve b\u00fcy\u00fcleyici tarihi binalar\u0131yla b\u00fcy\u00fcleyici bir g\u00fczelli\u011fe [&hellip;]<\/p>\n","protected":false},"author":29,"featured_media":7133,"comment_status":"open","ping_status":"open","sticky":false,"template":"","format":"standard","meta":{"rop_custom_images_group":[],"rop_custom_messages_group":[],"rop_publish_now":"initial","rop_publish_now_accounts":[],"rop_publish_now_history":[],"rop_publish_now_status":"pending","_cloudinary_featured_overwrite":false,"footnotes":""},"categories":[508],"tags":[509,2519,510,975],"class_list":["post-7120","post","type-post","status-publish","format-standard","has-post-thumbnail","hentry","category-portekiz","tag-lizbon","tag-ponta-delgada-azores","tag-portekiz","tag-sintra"],"_links":{"self":[{"href":"https:\/\/www.turna.com\/blog\/wp-json\/wp\/v2\/posts\/7120","targetHints":{"allow":["GET"]}}],"collection":[{"href":"https:\/\/www.turna.com\/blog\/wp-json\/wp\/v2\/posts"}],"about":[{"href":"https:\/\/www.turna.com\/blog\/wp-json\/wp\/v2\/types\/post"}],"author":[{"embeddable":true,"href":"https:\/\/www.turna.com\/blog\/wp-json\/wp\/v2\/users\/29"}],"replies":[{"embeddable":true,"href":"https:\/\/www.turna.com\/blog\/wp-json\/wp\/v2\/comments?post=7120"}],"version-history":[{"count":0,"href":"https:\/\/www.turna.com\/blog\/wp-json\/wp\/v2\/posts\/7120\/revisions"}],"wp:featuredmedia":[{"embeddable":true,"href":"https:\/\/www.turna.com\/blog\/wp-json\/wp\/v2\/media\/7133"}],"wp:attachment":[{"href":"https:\/\/www.turna.com\/blog\/wp-json\/wp\/v2\/media?parent=7120"}],"wp:term":[{"taxonomy":"category","embeddable":true,"href":"https:\/\/www.turna.com\/blog\/wp-json\/wp\/v2\/categories?post=7120"},{"taxonomy":"post_tag","embeddable":true,"href":"https:\/\/www.turna.com\/blog\/wp-json\/wp\/v2\/tags?post=7120"}],"curies":[{"name":"wp","href":"https:\/\/api.w.org\/{rel}","templated":true}]}}