{"id":7070,"date":"2017-03-14T00:05:03","date_gmt":"2017-03-13T22:05:03","guid":{"rendered":"https:\/\/www.turna.com\/blog\/?p=7070"},"modified":"2020-11-22T22:42:12","modified_gmt":"2020-11-22T19:42:12","slug":"balkanlarin-zarif-kenti-pristine","status":"publish","type":"post","link":"https:\/\/www.turna.com\/blog\/balkanlarin-zarif-kenti-pristine","title":{"rendered":"Pri\u015ftine Gezilecek Yerler: Pri\u015ftine G\u00f6r\u00fclmesi Gereken Yerler"},"content":{"rendered":"<p><strong>Pri\u015ftine<\/strong>,<strong> Kosova<\/strong>\u2019n\u0131n ba\u015fkenti ve en b\u00fcy\u00fck \u015fehri olmas\u0131n\u0131n yan\u0131 s\u0131ra, politik, k\u00fclt\u00fcrel ve ekonomik merkezi konumunda. Tarihi Orta \u00c7a\u011fa dek uzanan Pri\u015ftine 1459\u2019da Osmanl\u0131 h\u00e2kimiyetine giri\u015finin ard\u0131ndan 19. y\u00fczy\u0131lda Kosova\u2019ya ba\u011flanm\u0131\u015f. Ard\u0131ndan <a href=\"https:\/\/www.turna.com\/blog\/ulkeler\/avrupa\/sirbistan\" target=\"_blank\" rel=\"noopener noreferrer\"><strong>S\u0131rbistan<\/strong><\/a>, 2. D\u00fcnya Sava\u015f\u0131\u2019nda ise <a href=\"https:\/\/www.turna.com\/blog\/ulkeler\/avrupa\/almanya\" target=\"_blank\" rel=\"noopener noreferrer\"><strong>Almanya<\/strong><\/a> ve <a href=\"https:\/\/www.turna.com\/blog\/ulkeler\/avrupa\/italya\" target=\"_blank\" rel=\"noopener noreferrer\"><strong>\u0130talya<\/strong><\/a> y\u00f6netimlerine girmi\u015f. Yugoslavya\u2019ya d\u00e2hil edildikten sonra, 2008\u2019de Kosova ba\u011f\u0131ms\u0131zl\u0131\u011f\u0131n\u0131 ilan edene kadar ge\u00e7en 1999-2008 y\u0131llar\u0131 aras\u0131nda ise Birle\u015fmi\u015f Milletler kontrol\u00fcnde kalm\u0131\u015f. Avrupa\u2019n\u0131n en gen\u00e7 \u00fclkesine ba\u015fkentlik yapan Pri\u015ftine halk\u0131n\u0131 Arnavutlar, T\u00fcrkler, Bo\u015fnaklar, S\u0131rplar ve Romenler olu\u015fturuyor.<\/p>\n<h2><strong>Balkanlar\u0131n Zarif Kenti, Pri\u015ftine&nbsp;<\/strong><\/h2>\n<p><img width=\"800\" height=\"500\" data-public-id=\"Newborn-Pristina_colzjg\/Newborn-Pristina_colzjg.jpg\" fetchpriority=\"high\" decoding=\"async\" class=\"alignnone wp-post-7070 wp-image-7111\" src=\"https:\/\/res.cloudinary.com\/turna\/images\/w_800,h_500,c_scale\/f_auto,q_auto:low\/v1489405571\/Newborn-Pristina_colzjg\/Newborn-Pristina_colzjg.jpg?_i=AA\" data-format=\"jpg\" data-transformations=\"f_auto,q_auto:low\" data-version=\"1489405571\" data-seo=\"1\" srcset=\"https:\/\/res.cloudinary.com\/turna\/images\/f_auto,q_auto:low\/v1489405571\/Newborn-Pristina_colzjg\/Newborn-Pristina_colzjg.jpg?_i=AA 800w, https:\/\/res.cloudinary.com\/turna\/images\/w_300,h_188,c_scale\/f_auto,q_auto:low\/v1489405571\/Newborn-Pristina_colzjg\/Newborn-Pristina_colzjg.jpg?_i=AA 300w, https:\/\/res.cloudinary.com\/turna\/images\/w_672,h_420,c_scale\/f_auto,q_auto:low\/v1489405571\/Newborn-Pristina_colzjg\/Newborn-Pristina_colzjg.jpg?_i=AA 672w, https:\/\/res.cloudinary.com\/turna\/images\/w_640,h_400,c_scale\/f_auto,q_auto:low\/v1489405571\/Newborn-Pristina_colzjg\/Newborn-Pristina_colzjg.jpg?_i=AA 640w, https:\/\/res.cloudinary.com\/turna\/images\/w_681,h_426,c_scale\/f_auto,q_auto:low\/v1489405571\/Newborn-Pristina_colzjg\/Newborn-Pristina_colzjg.jpg?_i=AA 681w\" sizes=\"(max-width: 800px) 100vw, 800px\" \/><\/p>\n<p>Osmanl\u0131 d\u00f6neminde kalma tarihi yap\u0131lar\u0131, do\u011fal g\u00fczellikleri, mutfa\u011f\u0131 ve modernle\u015fen kent ya\u015fam\u0131yla dikkat \u00e7eken bir \u015fehir olan Pri\u015ftine&#8217;de, gen\u00e7 n\u00fcfus ve enerjik g\u00fcnl\u00fck ya\u015fam, Avrupal\u0131 ziyaret\u00e7ilerin ilgisini \u00e7ekiyor.<\/p>\n<p>Pri\u015ftine\u2019deki tarihi dokular\u0131n ve Osmanl\u0131 d\u00f6nemin yap\u0131lar\u0131n\u0131n \u00e7o\u011fu sava\u015flar s\u0131ras\u0131nda tahrip olsa da kentin ba\u015fl\u0131ca g\u00f6r\u00fclecek yerlerinden ilki, <strong>Lap Camii<\/strong>. 1470\u2019te yap\u0131lan ve 1999\u2019da \u00e7\u0131kan bir yang\u0131nda b\u00fcy\u00fck \u00f6l\u00e7\u00fcde zarar g\u00f6ren cami kentin tarihi dokular\u0131ndan biri. Fatih Sultan Mehmet\u2019in Balkanlar\u0131 fethinin ard\u0131ndan 1460\u2019ta in\u015fa edilen <strong>Fatih Sultan Mehmet Camii<\/strong> ise, eski kent merkezinde bulunuyor. Kentin en eski yap\u0131lar\u0131ndan olan cami, 18 y\u00fczy\u0131ldan kalan resim s\u00fcslemeleriyle \u00fcnl\u00fc. 15. Y\u00fczy\u0131lda in\u015fa edilen&nbsp;<strong>B\u00fcy\u00fck Hamam<\/strong>&nbsp;ise caminin \u00e7ok yak\u0131n\u0131nda bulunuyor.<\/p>\n<p>Halen ibadete a\u00e7\u0131k olan ve Ya\u015far Mehmet Pa\u015fa taraf\u0131ndan in\u015fa edilen&nbsp;<strong>Ya\u015far Pa\u015fa Camii<\/strong>&nbsp;ile 19. y\u00fczy\u0131lda yap\u0131lan&nbsp;Saat Kulesi&nbsp;\u015fehrin tarihi dokular\u0131 aras\u0131nda. \u00c7ok k\u00fclt\u00fcrl\u00fc yap\u0131s\u0131yla \u00f6ne \u00e7\u0131kan kentteki di\u011fer kutsal yap\u0131lar ise, 1321\u2019de Kral Stefan Milutin taraf\u0131ndan kurulmu\u015f olan&nbsp;<strong>Granica Manast\u0131r\u0131<\/strong>.&nbsp;<strong>Kurtar\u0131c\u0131 \u0130sa Kilisesi<\/strong>\u2019nin&nbsp;ise S\u0131rp y\u00f6netimi d\u00f6neminde ba\u015flanm\u0131\u015f olan yap\u0131m\u0131 hen\u00fcz bitirilememi\u015f.<\/p>\n<p><img width=\"800\" height=\"500\" data-public-id=\"Pristina-Kosoca_lzwisw\/Pristina-Kosoca_lzwisw.jpg\" decoding=\"async\" class=\"alignnone wp-post-7070 wp-image-7113\" src=\"https:\/\/res.cloudinary.com\/turna\/images\/w_800,h_500,c_scale\/f_auto,q_auto:low\/v1489405590\/Pristina-Kosoca_lzwisw\/Pristina-Kosoca_lzwisw.jpg?_i=AA\" data-format=\"jpg\" data-transformations=\"f_auto,q_auto:low\" data-version=\"1489405590\" data-seo=\"1\" srcset=\"https:\/\/res.cloudinary.com\/turna\/images\/f_auto,q_auto:low\/v1489405590\/Pristina-Kosoca_lzwisw\/Pristina-Kosoca_lzwisw.jpg?_i=AA 800w, https:\/\/res.cloudinary.com\/turna\/images\/w_300,h_188,c_scale\/f_auto,q_auto:low\/v1489405590\/Pristina-Kosoca_lzwisw\/Pristina-Kosoca_lzwisw.jpg?_i=AA 300w, https:\/\/res.cloudinary.com\/turna\/images\/w_672,h_420,c_scale\/f_auto,q_auto:low\/v1489405590\/Pristina-Kosoca_lzwisw\/Pristina-Kosoca_lzwisw.jpg?_i=AA 672w, https:\/\/res.cloudinary.com\/turna\/images\/w_640,h_400,c_scale\/f_auto,q_auto:low\/v1489405590\/Pristina-Kosoca_lzwisw\/Pristina-Kosoca_lzwisw.jpg?_i=AA 640w, https:\/\/res.cloudinary.com\/turna\/images\/w_681,h_426,c_scale\/f_auto,q_auto:low\/v1489405590\/Pristina-Kosoca_lzwisw\/Pristina-Kosoca_lzwisw.jpg?_i=AA 681w\" sizes=\"(max-width: 800px) 100vw, 800px\" \/><\/p>\n<p>Pri\u015ftine\u2019de kentin k\u00fclt\u00fcrel ya\u015fam\u0131n\u0131n g\u00fczel bir \u00f6rne\u011fi, ayn\u0131 zamanda bir Osmanl\u0131 eseri olan <strong>Kosova M\u00fczesi<\/strong> ile 18. ve 19. Y\u00fczy\u0131l evlerinin restore edilmesiyle meydana gelen&nbsp;<strong>Etnografya M\u00fczesi<\/strong>, kentin en \u00f6nemli m\u00fczeleri. T\u00fcrk arkeologlar taraf\u0131ndan bulunmas\u0131yla \u00f6nem ta\u015f\u0131yan bir Bizans kal\u0131nt\u0131s\u0131 olan&nbsp;<strong>Ulpiana Antik Kenti<\/strong>&nbsp;gezi listesine eklenmesi gereken yerler aras\u0131nda.<\/p>\n<p>Piri\u015ftine\u2019ye 20 km uzakl\u0131kta yer alan <strong>Gadime Mermer Ma\u011faras\u0131<\/strong>, kentin turistik b\u00f6lgelerinden biri. Kosova Vadisi\u2019nin \u015fekillendi\u011fi d\u00f6nemlere tarihlenen ma\u011faran\u0131n, 500 metrelik bir b\u00f6l\u00fcm\u00fc ziyarete a\u00e7\u0131k.<\/p>\n<h3><strong>Pri\u015ftine\u2019ye nas\u0131l gidilir?<\/strong><\/h3>\n<p><strong>Pri\u015ftine<\/strong>\u2019ye T\u00fcrkiye\u2019den direkt u\u00e7u\u015f seferleriyle ula\u015f\u0131m m\u00fcmk\u00fcn. \u015eehir merkezine 25 dakikal\u0131k mesafede yer alan Pri\u015ftine Uluslararas\u0131 Havaliman\u0131\u2019ndan kent merkezine hareket eden otob\u00fcs ve taksiler bulunuyor. Bu g\u00fczel Balkan \u015fehrini ke\u015ffetmek i\u00e7in yapman\u0131z gereken tek \u015fey bir <strong><a href=\"https:\/\/www.turna.com\/ucak-bileti\/pristina\">Pri\u015ftine u\u00e7ak bileti<\/a><\/strong> almak!<\/p>\n\n    <div class=\"xs_social_share_widget xs_share_url after_content \t\tmain_content  wslu-style-1 wslu-share-box-shaped wslu-fill-colored wslu-none wslu-share-horizontal wslu-theme-font-no wslu-main_content\">\n\n\t\t\n        <ul>\n\t\t\t        <\/ul>\n    <\/div> \n","protected":false},"excerpt":{"rendered":"<p>Pri\u015ftine, Kosova\u2019n\u0131n ba\u015fkenti ve en b\u00fcy\u00fck \u015fehri olmas\u0131n\u0131n yan\u0131 s\u0131ra, politik, k\u00fclt\u00fcrel ve ekonomik merkezi konumunda. Tarihi Orta \u00c7a\u011fa dek uzanan Pri\u015ftine 1459\u2019da Osmanl\u0131 h\u00e2kimiyetine giri\u015finin ard\u0131ndan 19. y\u00fczy\u0131lda Kosova\u2019ya ba\u011flanm\u0131\u015f. Ard\u0131ndan S\u0131rbistan, 2. D\u00fcnya Sava\u015f\u0131\u2019nda ise Almanya ve \u0130talya y\u00f6netimlerine girmi\u015f. Yugoslavya\u2019ya d\u00e2hil edildikten sonra, 2008\u2019de Kosova ba\u011f\u0131ms\u0131zl\u0131\u011f\u0131n\u0131 ilan edene kadar ge\u00e7en 1999-2008 y\u0131llar\u0131 [&hellip;]<\/p>\n","protected":false},"author":29,"featured_media":7111,"comment_status":"open","ping_status":"open","sticky":false,"template":"","format":"standard","meta":{"rop_custom_images_group":[],"rop_custom_messages_group":[],"rop_publish_now":"initial","rop_publish_now_accounts":[],"rop_publish_now_history":[],"rop_publish_now_status":"pending","_cloudinary_featured_overwrite":false,"footnotes":""},"categories":[1041],"tags":[1031,2007],"class_list":["post-7070","post","type-post","status-publish","format-standard","has-post-thumbnail","hentry","category-kosova","tag-kosova","tag-pristina"],"_links":{"self":[{"href":"https:\/\/www.turna.com\/blog\/wp-json\/wp\/v2\/posts\/7070","targetHints":{"allow":["GET"]}}],"collection":[{"href":"https:\/\/www.turna.com\/blog\/wp-json\/wp\/v2\/posts"}],"about":[{"href":"https:\/\/www.turna.com\/blog\/wp-json\/wp\/v2\/types\/post"}],"author":[{"embeddable":true,"href":"https:\/\/www.turna.com\/blog\/wp-json\/wp\/v2\/users\/29"}],"replies":[{"embeddable":true,"href":"https:\/\/www.turna.com\/blog\/wp-json\/wp\/v2\/comments?post=7070"}],"version-history":[{"count":0,"href":"https:\/\/www.turna.com\/blog\/wp-json\/wp\/v2\/posts\/7070\/revisions"}],"wp:featuredmedia":[{"embeddable":true,"href":"https:\/\/www.turna.com\/blog\/wp-json\/wp\/v2\/media\/7111"}],"wp:attachment":[{"href":"https:\/\/www.turna.com\/blog\/wp-json\/wp\/v2\/media?parent=7070"}],"wp:term":[{"taxonomy":"category","embeddable":true,"href":"https:\/\/www.turna.com\/blog\/wp-json\/wp\/v2\/categories?post=7070"},{"taxonomy":"post_tag","embeddable":true,"href":"https:\/\/www.turna.com\/blog\/wp-json\/wp\/v2\/tags?post=7070"}],"curies":[{"name":"wp","href":"https:\/\/api.w.org\/{rel}","templated":true}]}}