{"id":6491,"date":"2021-12-28T08:14:00","date_gmt":"2021-12-28T05:14:00","guid":{"rendered":"https:\/\/www.turna.com\/blog\/?p=6491"},"modified":"2024-02-18T17:05:54","modified_gmt":"2024-02-18T14:05:54","slug":"lviv-gezilecek-yerler","status":"publish","type":"post","link":"https:\/\/www.turna.com\/blog\/lviv-gezilecek-yerler","title":{"rendered":"Lviv Gezilecek Yerler"},"content":{"rendered":"<div id=\"ez-toc-container\" class=\"ez-toc-v2_0_82_2 counter-hierarchy ez-toc-counter ez-toc-black ez-toc-container-direction\">\n<div class=\"ez-toc-title-container\">\n<p class=\"ez-toc-title\" style=\"cursor:inherit\">\u0130\u00e7indekiler<\/p>\n<span class=\"ez-toc-title-toggle\"><a href=\"#\" class=\"ez-toc-pull-right ez-toc-btn ez-toc-btn-xs ez-toc-btn-default ez-toc-toggle\" aria-label=\"\u0130\u00e7indekiler Tablosunu A\u00e7\/Kapat\"><span class=\"ez-toc-js-icon-con\"><span class=\"\"><span class=\"eztoc-hide\" style=\"display:none;\">Toggle<\/span><span class=\"ez-toc-icon-toggle-span\"><svg style=\"fill: #ffffff;color:#ffffff\" xmlns=\"http:\/\/www.w3.org\/2000\/svg\" class=\"list-377408\" width=\"20px\" height=\"20px\" viewBox=\"0 0 24 24\" fill=\"none\"><path d=\"M6 6H4v2h2V6zm14 0H8v2h12V6zM4 11h2v2H4v-2zm16 0H8v2h12v-2zM4 16h2v2H4v-2zm16 0H8v2h12v-2z\" fill=\"currentColor\"><\/path><\/svg><svg style=\"fill: #ffffff;color:#ffffff\" class=\"arrow-unsorted-368013\" xmlns=\"http:\/\/www.w3.org\/2000\/svg\" width=\"10px\" height=\"10px\" viewBox=\"0 0 24 24\" version=\"1.2\" baseProfile=\"tiny\"><path d=\"M18.2 9.3l-6.2-6.3-6.2 6.3c-.2.2-.3.4-.3.7s.1.5.3.7c.2.2.4.3.7.3h11c.3 0 .5-.1.7-.3.2-.2.3-.5.3-.7s-.1-.5-.3-.7zM5.8 14.7l6.2 6.3 6.2-6.3c.2-.2.3-.5.3-.7s-.1-.5-.3-.7c-.2-.2-.4-.3-.7-.3h-11c-.3 0-.5.1-.7.3-.2.2-.3.5-.3.7s.1.5.3.7z\"\/><\/svg><\/span><\/span><\/span><\/a><\/span><\/div>\n<nav><ul class='ez-toc-list ez-toc-list-level-1 eztoc-toggle-hide-by-default' ><li class='ez-toc-page-1 ez-toc-heading-level-2'><a class=\"ez-toc-link ez-toc-heading-1\" href=\"https:\/\/www.turna.com\/blog\/lviv-gezilecek-yerler\/#lviv_gezilecek_yerler\" >Lviv Gezilecek Yerler<\/a><ul class='ez-toc-list-level-3' ><li class='ez-toc-heading-level-3'><a class=\"ez-toc-link ez-toc-heading-2\" href=\"https:\/\/www.turna.com\/blog\/lviv-gezilecek-yerler\/#1_lviv_old_town\" >1. Lviv Old Town<\/a><\/li><li class='ez-toc-page-1 ez-toc-heading-level-3'><a class=\"ez-toc-link ez-toc-heading-3\" href=\"https:\/\/www.turna.com\/blog\/lviv-gezilecek-yerler\/#2_dominican_katedrali_ve_manastiri\" >2. Dominican Katedrali ve Manast\u0131r\u0131<\/a><\/li><li class='ez-toc-page-1 ez-toc-heading-level-3'><a class=\"ez-toc-link ez-toc-heading-4\" href=\"https:\/\/www.turna.com\/blog\/lviv-gezilecek-yerler\/#3_rynok_meydani_ve_lviv_belediye_binasi\" >3. Rynok Meydan\u0131 ve Lviv Belediye Binas\u0131<\/a><\/li><li class='ez-toc-page-1 ez-toc-heading-level-3'><a class=\"ez-toc-link ez-toc-heading-5\" href=\"https:\/\/www.turna.com\/blog\/lviv-gezilecek-yerler\/#4_virmenska_caddesi_ve_ermeni_kilisesi\" >4. Virmenska Caddesi ve Ermeni Kilisesi<\/a><\/li><li class='ez-toc-page-1 ez-toc-heading-level-3'><a class=\"ez-toc-link ez-toc-heading-6\" href=\"https:\/\/www.turna.com\/blog\/lviv-gezilecek-yerler\/#5_lviv_tarih_muzesi_ve_italyan_avlusu\" >5. Lviv Tarih M\u00fczesi ve \u0130talyan Avlusu<\/a><\/li><li class='ez-toc-page-1 ez-toc-heading-level-3'><a class=\"ez-toc-link ez-toc-heading-7\" href=\"https:\/\/www.turna.com\/blog\/lviv-gezilecek-yerler\/#6_st_peter_ve_paul_garrison_kilisesi\" >6. St. Peter ve Paul Garrison Kilisesi<\/a><\/li><li class='ez-toc-page-1 ez-toc-heading-level-3'><a class=\"ez-toc-link ez-toc-heading-8\" href=\"https:\/\/www.turna.com\/blog\/lviv-gezilecek-yerler\/#7_coffee_manufacture\" >7. Coffee Manufacture<\/a><\/li><li class='ez-toc-page-1 ez-toc-heading-level-3'><a class=\"ez-toc-link ez-toc-heading-9\" href=\"https:\/\/www.turna.com\/blog\/lviv-gezilecek-yerler\/#8_lviv_cikolata_fabrikasi\" >8. Lviv \u00c7ikolata Fabrikas\u0131<\/a><\/li><li class='ez-toc-page-1 ez-toc-heading-level-3'><a class=\"ez-toc-link ez-toc-heading-10\" href=\"https:\/\/www.turna.com\/blog\/lviv-gezilecek-yerler\/#9_dormition_katedrali\" >9. Dormition Katedrali<\/a><\/li><li class='ez-toc-page-1 ez-toc-heading-level-3'><a class=\"ez-toc-link ez-toc-heading-11\" href=\"https:\/\/www.turna.com\/blog\/lviv-gezilecek-yerler\/#10_potocki_sarayi\" >10. Potocki Saray\u0131<\/a><\/li><li class='ez-toc-page-1 ez-toc-heading-level-3'><a class=\"ez-toc-link ez-toc-heading-12\" href=\"https:\/\/www.turna.com\/blog\/lviv-gezilecek-yerler\/#11_st_george_katedrali\" >11. St. George Katedrali<\/a><\/li><li class='ez-toc-page-1 ez-toc-heading-level-3'><a class=\"ez-toc-link ez-toc-heading-13\" href=\"https:\/\/www.turna.com\/blog\/lviv-gezilecek-yerler\/#12_lviv_opera_binasi\" >12. Lviv Opera Binas\u0131<\/a><\/li><li class='ez-toc-page-1 ez-toc-heading-level-3'><a class=\"ez-toc-link ez-toc-heading-14\" href=\"https:\/\/www.turna.com\/blog\/lviv-gezilecek-yerler\/#13_lychakiv_mezarligi\" >13. Lychakiv Mezarl\u0131\u011f\u0131<\/a><\/li><li class='ez-toc-page-1 ez-toc-heading-level-3'><a class=\"ez-toc-link ez-toc-heading-15\" href=\"https:\/\/www.turna.com\/blog\/lviv-gezilecek-yerler\/#14_shevchenko_meydani\" >14. Shevchenko Meydan\u0131<\/a><\/li><li class='ez-toc-page-1 ez-toc-heading-level-3'><a class=\"ez-toc-link ez-toc-heading-16\" href=\"https:\/\/www.turna.com\/blog\/lviv-gezilecek-yerler\/#15_yuksek_kale\" >15. Y\u00fcksek Kale<\/a><\/li><li class='ez-toc-page-1 ez-toc-heading-level-3'><a class=\"ez-toc-link ez-toc-heading-17\" href=\"https:\/\/www.turna.com\/blog\/lviv-gezilecek-yerler\/#16_yerel_mimari_muzesi\" >16. Yerel Mimari M\u00fczesi<\/a><\/li><\/ul><\/li><\/ul><\/nav><\/div>\n\n<p>Barok mimarisiyle g\u00f6z kama\u015ft\u0131ran Lviv\u2019in UNESCO D\u00fcnya K\u00fclt\u00fcr Miras\u0131 listesinde yer alan tarihi \u015fehir merkezi, Rynok Meydan\u0131 ve gece hayat\u0131 onu Avrupa\u2019n\u0131n en farkl\u0131 kentlerinden biri konumuna getiriyor. Ukrayna\u2019n\u0131n \u00f6nde gelen k\u00fclt\u00fcr \u015fehirlerinden olan \u015fehir tiyatro ve opera binalar\u0131yla sanatseverlerin g\u00f6zdesi. Lviv, tarihi \u015fehir merkeziyle de g\u00f6z dolduruyor.<\/p>\n\n\n\n<p>T\u00fcrk vatanda\u015flar\u0131 i\u00e7in vize uygulamas\u0131 bulunmayan \u00fclkelerden biri olan Ukrayna&#8217;n\u0131n g\u00f6zde turizm destinasyonlar\u0131 aras\u0131nda bulunan <strong>Lviv<\/strong>, renkli gece hayat\u0131n\u0131n yan\u0131 s\u0131ra gezilip g\u00f6r\u00fclecek turistik noktalar\u0131yla da ilgi \u00e7ekiyor.<\/p>\n\n\n\n<figure class=\"wp-block-image size-full is-style-default\"><img width=\"800\" height=\"500\" data-public-id=\"lviv-gezilecek-yerler\/lviv-gezilecek-yerler.jpg\" fetchpriority=\"high\" decoding=\"async\" src=\"https:\/\/res.cloudinary.com\/turna\/images\/w_800,h_500,c_scale\/f_auto,q_auto:low\/v1640256716\/lviv-gezilecek-yerler\/lviv-gezilecek-yerler.jpg?_i=AA\" alt=\"lviv gezilecek yerler\" class=\"wp-post-6491 wp-image-20390\" data-format=\"jpg\" data-transformations=\"f_auto,q_auto:low\" data-version=\"1640256716\" data-seo=\"1\" srcset=\"https:\/\/res.cloudinary.com\/turna\/images\/f_auto,q_auto:low\/v1640256716\/lviv-gezilecek-yerler\/lviv-gezilecek-yerler.jpg?_i=AA 800w, https:\/\/res.cloudinary.com\/turna\/images\/w_300,h_188,c_scale\/f_auto,q_auto:low\/v1640256716\/lviv-gezilecek-yerler\/lviv-gezilecek-yerler.jpg?_i=AA 300w, https:\/\/res.cloudinary.com\/turna\/images\/w_672,h_420,c_scale\/f_auto,q_auto:low\/v1640256716\/lviv-gezilecek-yerler\/lviv-gezilecek-yerler.jpg?_i=AA 672w, https:\/\/res.cloudinary.com\/turna\/images\/w_640,h_400,c_scale\/f_auto,q_auto:low\/v1640256716\/lviv-gezilecek-yerler\/lviv-gezilecek-yerler.jpg?_i=AA 640w, https:\/\/res.cloudinary.com\/turna\/images\/w_681,h_426,c_scale\/f_auto,q_auto:low\/v1640256716\/lviv-gezilecek-yerler\/lviv-gezilecek-yerler.jpg?_i=AA 681w\" sizes=\"(max-width: 800px) 100vw, 800px\" \/><figcaption class=\"wp-element-caption\"> <\/figcaption><\/figure>\n\n\n\n<p>G\u00f6steri\u015fli \u015fehir merkezi, mimarisi ile b\u00fcy\u00fcleyen binalar\u0131 ve birbirinden g\u00fczel k\u00fclt\u00fcr sanat etkinliklerine sahne olan sokaklar\u0131 ile g\u00f6z alan \u015fehir, g\u00f6rkemli dini yap\u0131lar\u0131yla da kendine hayran b\u0131rak\u0131yor. Konum olarak Polonya s\u0131n\u0131r\u0131 yak\u0131ndan yer alan bu etkileyici \u015fehir, Ukraynal\u0131lar taraf\u0131ndan Lvov ismi ile an\u0131l\u0131yor.<\/p>\n\n\n\n<h2 class=\"wp-block-heading\"><span class=\"ez-toc-section\" id=\"lviv_gezilecek_yerler\"><\/span><strong>Lviv Gezilecek Yerler<\/strong><span class=\"ez-toc-section-end\"><\/span><\/h2>\n\n\n\n<h3 class=\"wp-block-heading\"><span class=\"ez-toc-section\" id=\"1_lviv_old_town\"><\/span><strong>1. Lviv Old Town<\/strong><span class=\"ez-toc-section-end\"><\/span><\/h3>\n\n\n\n<p><strong>Lviv Old Town<\/strong>, 1998\u2019den bu yana UNESCO D\u00fcnya K\u00fclt\u00fcr Miras\u0131 Listesi\u2019nde koruma alt\u0131nda bulunuyor. 1256\u2019da kurulan Eski \u015eehir b\u00f6lgesinde pek \u00e7ok tarihi dokunun yan\u0131 s\u0131ra, bir\u00e7ok mimari ba\u015fyap\u0131t, m\u00fcze ve saray bulunuyor. Orta Avrupa, Balt\u0131k, Akdeniz ve Asya\u2019y\u0131 birbirine ba\u011flayan \u00f6nemli ticaret yollar\u0131n\u0131n kesi\u015fim noktas\u0131nda bulunan b\u00f6lge, kale ve \u00e7evresini kaps\u0131yor.<\/p>\n\n\n\n<p><strong>Ecza M\u00fczesi<\/strong> (Pharmacy Museum), eski eczane \u015fi\u015felerinden, ah\u015fap kavanozlara, antika terazilerden havanlara dek pek \u00e7ok objenin yer ald\u0131\u011f\u0131 bir m\u00fcze. Ecza M\u00fczesi, Ukrayna ve Avrupa\u2019n\u0131n tarihi \u00f6neme sahip en eski tek bilinen eczane m\u00fczesi. 1735\u2019te kurulan m\u00fcze, 1966\u2019da Eczac\u0131l\u0131k Tarihi M\u00fczesi olarak koruma alt\u0131na al\u0131nm\u0131\u015f. M\u00fcze, haftan\u0131n 7 g\u00fcn\u00fc 10.00-17.00 saatleri aras\u0131nda 20UAH kar\u015f\u0131l\u0131\u011f\u0131nda ziyaret edilebiliyor.<\/p>\n\n\n\n<h3 class=\"wp-block-heading\"><span class=\"ez-toc-section\" id=\"2_dominican_katedrali_ve_manastiri\"><\/span><strong>2. Dominican Katedrali ve Manast\u0131r\u0131<\/strong><span class=\"ez-toc-section-end\"><\/span><\/h3>\n\n\n\n<figure class=\"wp-block-image size-full is-resized is-style-default\"><img width=\"300\" height=\"188\" data-public-id=\"Dominican-Kilisesi-Lviv_qxghpl\/Dominican-Kilisesi-Lviv_qxghpl.jpg\" decoding=\"async\" src=\"https:\/\/res.cloudinary.com\/turna\/images\/w_300,h_188,c_scale\/f_auto,q_auto\/f_auto,q_auto:low\/v1486991958\/Dominican-Kilisesi-Lviv_qxghpl\/Dominican-Kilisesi-Lviv_qxghpl.jpg?_i=AA\" alt=\"Dominican Kilisesi Lviv\" class=\"wp-post-6491 wp-image-6542\" style=\"width:800px;height:500px\" data-format=\"jpg\" data-transformations=\"f_auto,q_auto\/f_auto,q_auto:low\" data-version=\"1486991958\" data-seo=\"1\" srcset=\"https:\/\/res.cloudinary.com\/turna\/images\/w_300,h_188,c_scale\/f_auto,q_auto\/f_auto,q_auto\/f_auto,q_auto:low\/v1486991958\/Dominican-Kilisesi-Lviv_qxghpl\/Dominican-Kilisesi-Lviv_qxghpl.jpg?_i=AA 300w, https:\/\/res.cloudinary.com\/turna\/images\/w_672,h_420,c_scale\/f_auto,q_auto\/f_auto,q_auto\/f_auto,q_auto:low\/v1486991958\/Dominican-Kilisesi-Lviv_qxghpl\/Dominican-Kilisesi-Lviv_qxghpl.jpg?_i=AA 672w, https:\/\/res.cloudinary.com\/turna\/images\/w_640,h_400,c_scale\/f_auto,q_auto\/f_auto,q_auto\/f_auto,q_auto:low\/v1486991958\/Dominican-Kilisesi-Lviv_qxghpl\/Dominican-Kilisesi-Lviv_qxghpl.jpg?_i=AA 640w, https:\/\/res.cloudinary.com\/turna\/images\/w_681,h_426,c_scale\/f_auto,q_auto\/f_auto,q_auto\/f_auto,q_auto:low\/v1486991958\/Dominican-Kilisesi-Lviv_qxghpl\/Dominican-Kilisesi-Lviv_qxghpl.jpg?_i=AA 681w, https:\/\/res.cloudinary.com\/turna\/images\/f_auto,q_auto\/f_auto,q_auto\/f_auto,q_auto:low\/v1486991958\/Dominican-Kilisesi-Lviv_qxghpl\/Dominican-Kilisesi-Lviv_qxghpl.jpg?_i=AA 800w\" sizes=\"(max-width: 300px) 100vw, 300px\" \/><\/figure>\n\n\n\n<p><strong>Dominikan Katedrali ve Manast\u0131r\u0131<\/strong>, 12. y\u00fczy\u0131la tarihlenen Lviv\u2019in en eski yap\u0131lar\u0131ndan biri. Dominikan Tarikat\u0131 \u00fcyelerinin ah\u015fap malzeme ile yapt\u0131rd\u0131\u011f\u0131 katedral yang\u0131nda zarar g\u00f6rse de 1749-1761 aras\u0131nda yeniden in\u015fa edilerek g\u00fcn\u00fcm\u00fczdeki g\u00f6r\u00fcn\u00fcm\u00fcne kavu\u015fmu\u015f.<\/p>\n\n\n\n<p>Dominican Katedrali ve Manast\u0131r\u0131, 1970\u2019lerden bu yana Lviv Din Tarihi M\u00fczesi olarak hizmet veriyor. Katedral, Ge\u00e7 Barok mimariye \u00f6zg\u00fc \u00e7ok say\u0131da detay\u0131yla bir sanat harikas\u0131.<\/p>\n\n\n\n<p>Dominikan Katedrali ve Manast\u0131r\u0131 ziyaret saatleri 10.00-18.00. Katedral, pazartesi g\u00fcnleri ziyarete kapal\u0131. Dominikan Katedrali ve Manast\u0131r\u0131 giri\u015f \u00fccreti 50UAH.<\/p>\n\n\n\n<h3 class=\"wp-block-heading\"><span class=\"ez-toc-section\" id=\"3_rynok_meydani_ve_lviv_belediye_binasi\"><\/span><strong>3. Rynok Meydan\u0131 ve Lviv Belediye Binas\u0131<\/strong><span class=\"ez-toc-section-end\"><\/span><\/h3>\n\n\n\n<p><strong>Rynok Meydan\u0131<\/strong> (Pazar Meydan\u0131), 16. ve 20. y\u00fczy\u0131l mimari \u00e7izgileri ile tasarlanm\u0131\u015f yap\u0131lar\u0131 ve Belediye Binas\u0131 \u00e7evresindeki Diana, Neptune, Adonise, Amphitrite Heykelleriyle \u00e7evrili. G\u00fcn\u00fcm\u00fczde ise, kafeler, restoranlar, \u015farap marketleri ve sanat galerileri ile \u00e7evrili meydan, Lviv&#8217;in 500 y\u0131l boyunca siyasi, k\u00fclt\u00fcr ve ticari merkezi olmu\u015f. Meydandaki yap\u0131lar\u0131n \u00e7o\u011fu \u0130talyan, Avusturyal\u0131 ve Alman mimarlar taraf\u0131ndan tasarlan\u0131p, in\u015fa edilmi\u015f.<\/p>\n\n\n\n<p><strong>Lviv Belediye Binas\u0131<\/strong>, 1357\u2019da ah\u015fap olarak in\u015fa edilen ve g\u00fcn\u00fcm\u00fczdeki g\u00f6r\u00fcn\u00fcm\u00fcne 1835\u2019te kavu\u015fan kulesiyle Rynok Meydan\u0131\u2019n\u0131n tam kalbinde bulunuyor. Tarih boyunca \u015fehrin y\u00f6netim merkezi olan yap\u0131, Ukrayna&#8217;n\u0131n en y\u00fcksek binas\u0131. 65 metre y\u00fcksekli\u011finde yakla\u015f\u0131k 300 basamak ile ula\u015f\u0131labilen kule UNESCO taraf\u0131ndan korunuyor. Kule, haftan\u0131n 7 g\u00fcn\u00fc 09.00-19.00 saatleri aras\u0131nda, 50UAH kar\u015f\u0131l\u0131\u011f\u0131nda ziyaret edilebiliyor.<\/p>\n\n\n\n<h3 class=\"wp-block-heading\"><span class=\"ez-toc-section\" id=\"4_virmenska_caddesi_ve_ermeni_kilisesi\"><\/span><strong>4. Virmenska Caddesi ve Ermeni Kilisesi<\/strong><span class=\"ez-toc-section-end\"><\/span><\/h3>\n\n\n\n<p><img width=\"800\" height=\"499\" data-public-id=\"armenian-church-lviv-ukraine_j7xkaq\/armenian-church-lviv-ukraine_j7xkaq.jpg\" decoding=\"async\" class=\"alignnone wp-post-6491 wp-image-6543\" src=\"https:\/\/res.cloudinary.com\/turna\/images\/w_800,h_499,c_scale\/f_auto,q_auto\/f_auto,q_auto:low\/v1486991973\/armenian-church-lviv-ukraine_j7xkaq\/armenian-church-lviv-ukraine_j7xkaq.jpg?_i=AA\" data-format=\"jpg\" data-transformations=\"f_auto,q_auto\/f_auto,q_auto:low\" data-version=\"1486991973\" data-seo=\"1\" srcset=\"https:\/\/res.cloudinary.com\/turna\/images\/w_300,h_187,c_scale\/f_auto,q_auto\/f_auto,q_auto\/f_auto,q_auto:low\/v1486991973\/armenian-church-lviv-ukraine_j7xkaq\/armenian-church-lviv-ukraine_j7xkaq.jpg?_i=AA 300w, https:\/\/res.cloudinary.com\/turna\/images\/w_673,h_420,c_scale\/f_auto,q_auto\/f_auto,q_auto\/f_auto,q_auto:low\/v1486991973\/armenian-church-lviv-ukraine_j7xkaq\/armenian-church-lviv-ukraine_j7xkaq.jpg?_i=AA 673w, https:\/\/res.cloudinary.com\/turna\/images\/w_640,h_399,c_scale\/f_auto,q_auto\/f_auto,q_auto\/f_auto,q_auto:low\/v1486991973\/armenian-church-lviv-ukraine_j7xkaq\/armenian-church-lviv-ukraine_j7xkaq.jpg?_i=AA 640w, https:\/\/res.cloudinary.com\/turna\/images\/w_681,h_425,c_scale\/f_auto,q_auto\/f_auto,q_auto\/f_auto,q_auto:low\/v1486991973\/armenian-church-lviv-ukraine_j7xkaq\/armenian-church-lviv-ukraine_j7xkaq.jpg?_i=AA 681w, https:\/\/res.cloudinary.com\/turna\/images\/f_auto,q_auto\/f_auto,q_auto\/f_auto,q_auto:low\/v1486991973\/armenian-church-lviv-ukraine_j7xkaq\/armenian-church-lviv-ukraine_j7xkaq.jpg?_i=AA 800w\" sizes=\"(max-width: 800px) 100vw, 800px\" \/><\/p>\n\n\n\n<p><strong>Virmenska Caddesi<\/strong> 13. y\u00fczy\u0131l\u0131n ortalar\u0131nda Ermenilerin yerle\u015fip geleneksel R\u00f6nesans ve Rokoko mimarisiyle in\u015fa ettikleri ve ticaret yapt\u0131klar\u0131 b\u00f6lge. G\u00fcn\u00fcm\u00fczde halen Ermenilerin ya\u015fad\u0131\u011f\u0131 b\u00f6lgede yer alan ve 1363\u2019te yap\u0131lan Ermeni Kilisesi, mozaikleri ve duvar resimleriyle ibadete a\u00e7\u0131k bulunuyor. <\/p>\n\n\n\n<p>1527&#8217;de \u00e7\u0131kan yang\u0131n\u0131n ard\u0131ndan 1630&#8217;da yeniden in\u015fa edilen Lviv Ermeni Kilisesi&#8217;nin tasar\u0131m\u0131nda Kars&#8217;taki Ani Katedrali \u00f6rnek al\u0131nm\u0131\u015f. Ermeni Kilisesi ziyaret saatleri haftan\u0131n 7 g\u00fcn\u00fc 10.00-17.00. Ermeni Kilisesi&#8217;ne giri\u015f \u00fccreti al\u0131nm\u0131yor. Ancak ziyaret\u00e7ilerin kiliseye ba\u011f\u0131\u015f yapmas\u0131 bekleniyor.<\/p>\n\n\n\n<h3 class=\"wp-block-heading\"><span class=\"ez-toc-section\" id=\"5_lviv_tarih_muzesi_ve_italyan_avlusu\"><\/span><strong>5. Lviv Tarih M\u00fczesi ve \u0130talyan Avlusu<\/strong><span class=\"ez-toc-section-end\"><\/span><\/h3>\n\n\n\n<p><strong>Lviv Tarih M\u00fczesi<\/strong> (King Jan Sobieski Palace), Polonya Kral\u0131 Jan Sobieski\u2019nin ikametgah\u0131 olan ve sonradan m\u00fczeye \u00e7evrilen bir yap\u0131. M\u00fczede kral ve ailesine ait ki\u015fisel e\u015fyalar\u0131n yan\u0131 s\u0131ra Lviv&#8217;in tarihi ge\u00e7mi\u015finde \u00f6nemli yer edinen olaylara ait belgeler, foto\u011fraflar ve resmi yaz\u0131\u015fmalar bulunuyor. Lviv Tarih M\u00fczesi ziyaret saatleri 10.00-17.30, M\u00fcze, haftan\u0131n 7 g\u00fcn\u00fc ziyarete a\u00e7\u0131k. Lviv Tarih M\u00fczesi giri\u015f \u00fccreti 2UAH.<\/p>\n\n\n\n<p><strong>\u0130talyan Avlusu<\/strong> (Italian Backyard) ise tipik \u0130talyan R\u00f6nesans\u2019\u0131n\u0131 yans\u0131tan balkonlardan olu\u015fmu\u015f bir alan. Yaz aylar\u0131nda film g\u00f6sterimlerinden caz konserlerine dek pek \u00e7ok etkinli\u011fe ev sahipli\u011fi yap\u0131yor. Lviv&#8217;de 16. y\u00fczy\u0131lda ya\u015fanan b\u00fcy\u00fck yang\u0131n\u0131n ard\u0131ndan kente hakim olan R\u00f6nesans stil mimarinin en g\u00fczel \u00f6rneklerinden biri olan ve Mimar Pietero Barbon taraf\u0131ndan 1580 y\u0131l\u0131nda in\u015fa edilen Korniakt Saray\u0131&#8217;n\u0131n bir b\u00f6l\u00fcm\u00fc olan avlu, bir d\u00f6nem mahkeme olarak da kullan\u0131lm\u0131\u015f.<\/p>\n\n\n\n<h3 class=\"wp-block-heading\"><span class=\"ez-toc-section\" id=\"6_st_peter_ve_paul_garrison_kilisesi\"><\/span><strong>6. St. Peter ve Paul Garrison Kilisesi<\/strong><span class=\"ez-toc-section-end\"><\/span><\/h3>\n\n\n\n<p><img width=\"800\" height=\"500\" loading=\"lazy\" decoding=\"async\" class=\"alignnone wp-post-6491 wp-image-6545\" src=\"data:image\/svg+xml;base64,PHN2ZyB4bWxucz0iaHR0cDovL3d3dy53My5vcmcvMjAwMC9zdmciIHdpZHRoPSI4MDAiIGhlaWdodD0iNTAwIj48cmVjdCB3aWR0aD0iMTAwJSIgaGVpZ2h0PSIxMDAlIj48YW5pbWF0ZSBhdHRyaWJ1dGVOYW1lPSJmaWxsIiB2YWx1ZXM9InJnYmEoMTUzLDE1MywxNTMsMC41KTtyZ2JhKDE1MywxNTMsMTUzLDAuMSk7cmdiYSgxNTMsMTUzLDE1MywwLjUpIiBkdXI9IjJzIiByZXBlYXRDb3VudD0iaW5kZWZpbml0ZSIgLz48L3JlY3Q+PC9zdmc+\" data-public-id=\"interior-of-the-garrison-church-in-lviv-credit-wadco-2_bb7j2j\/interior-of-the-garrison-church-in-lviv-credit-wadco-2_bb7j2j.jpg\" data-format=\"jpg\" data-transformations=\"f_auto,q_auto\/f_auto,q_auto:low\" data-version=\"1486992063\" data-seo=\"1\" data-size=\"800 500\" data-srcset=\"https:\/\/res.cloudinary.com\/turna\/images\/f_auto,q_auto\/f_auto,q_auto\/f_auto,q_auto:low\/v1486992063\/interior-of-the-garrison-church-in-lviv-credit-wadco-2_bb7j2j\/interior-of-the-garrison-church-in-lviv-credit-wadco-2_bb7j2j.jpg?_i=AA 800w, https:\/\/res.cloudinary.com\/turna\/images\/w_300,h_188,c_scale\/f_auto,q_auto\/f_auto,q_auto\/f_auto,q_auto:low\/v1486992063\/interior-of-the-garrison-church-in-lviv-credit-wadco-2_bb7j2j\/interior-of-the-garrison-church-in-lviv-credit-wadco-2_bb7j2j.jpg?_i=AA 300w, https:\/\/res.cloudinary.com\/turna\/images\/w_672,h_420,c_scale\/f_auto,q_auto\/f_auto,q_auto\/f_auto,q_auto:low\/v1486992063\/interior-of-the-garrison-church-in-lviv-credit-wadco-2_bb7j2j\/interior-of-the-garrison-church-in-lviv-credit-wadco-2_bb7j2j.jpg?_i=AA 672w, https:\/\/res.cloudinary.com\/turna\/images\/w_640,h_400,c_scale\/f_auto,q_auto\/f_auto,q_auto\/f_auto,q_auto:low\/v1486992063\/interior-of-the-garrison-church-in-lviv-credit-wadco-2_bb7j2j\/interior-of-the-garrison-church-in-lviv-credit-wadco-2_bb7j2j.jpg?_i=AA 640w, https:\/\/res.cloudinary.com\/turna\/images\/w_681,h_426,c_scale\/f_auto,q_auto\/f_auto,q_auto\/f_auto,q_auto:low\/v1486992063\/interior-of-the-garrison-church-in-lviv-credit-wadco-2_bb7j2j\/interior-of-the-garrison-church-in-lviv-credit-wadco-2_bb7j2j.jpg?_i=AA 681w\" data-sizes=\"(max-width: 800px) 100vw, 800px\" data-delivery=\"upload\" onload=\";window.CLDBind?CLDBind(this):null;\" data-cloudinary=\"lazy\" \/><\/p>\n\n\n\n<p>1610 &#8211; 1630 y\u0131llar\u0131 aras\u0131nda erken Barok tarz\u0131nda in\u015fa edilen <strong>Peter ve Paul Garrison Kilisesi<\/strong>, Lviv&#8217;deki en g\u00fczel dini yap\u0131lardan biri olarak kabul ediliyor. Yakla\u015f\u0131k 60 y\u0131l boyunca V. Stefanika K\u00fct\u00fcphanesi b\u00fcnyesinde kalan 5 bin ki\u015fi kapasiteli kilise, Ukraynal\u0131lar taraf\u0131ndan &#8216;Cizvit Kilisesi&#8217; ismiyle biliniyor.<\/p>\n\n\n\n<h3 class=\"wp-block-heading\"><span class=\"ez-toc-section\" id=\"7_coffee_manufacture\"><\/span><strong>7. Coffee Manufacture<\/strong><span class=\"ez-toc-section-end\"><\/span><\/h3>\n\n\n\n<p><strong>Lviv Kahve \u00dcreticisi<\/strong>, Rynok Meydan\u0131\u2019nda yer alan ve kahvesiyle \u00fcnl\u00fc Lviv\u2019in geni\u015f kahve aroma \u00e7e\u015fitlerini bulabilece\u011finiz adresi. Kahveleri tatman\u0131n d\u0131\u015f\u0131nda, y\u0131l i\u00e7erisinde d\u00fczenlenen kahve e\u011fitimleriyle sertifikal\u0131 bir kahve uzman\u0131 olman\u0131z bile m\u00fcmk\u00fcn. <\/p>\n\n\n\n<p>D\u00fckkanda k\u00f6kenleri Lviv&#8217;in Avusturya-Macaristan \u0130mparatorlu\u011fu y\u00f6netimi alt\u0131nda oldu\u011fu d\u00f6nemde at\u0131lan \u015fehrin kahve k\u00fclt\u00fcr\u00fc hakk\u0131nda bilgi veriliyor. Hediyelik e\u015fya ve kahve sat\u0131\u015f\u0131n\u0131n yap\u0131ld\u0131\u011f\u0131 b\u00f6l\u00fcme u\u011framay\u0131 unutmay\u0131n. Lviv Kahve \u00dcreticisi ziyaret saatleri 08.00-00.00. Kahve d\u00fckkan\u0131 haftan\u0131n 7 g\u00fcn\u00fc \u00fccretsiz ziyaret edilebiliyor.<\/p>\n\n\n\n<h3 class=\"wp-block-heading\"><span class=\"ez-toc-section\" id=\"8_lviv_cikolata_fabrikasi\"><\/span><strong>8. Lviv \u00c7ikolata Fabrikas\u0131<\/strong><span class=\"ez-toc-section-end\"><\/span><\/h3>\n\n\n\n<p><strong>Lviv \u00c7ikolata Fabrikas\u0131<\/strong> (Lviv Chocolate Factory), 19. y\u00fczy\u0131lda t\u00fcm Avrupa&#8217;y\u0131 birbirinden g\u00fczel \u00e7ikolatalar\u0131 ve \u015fekerlemeleriyle etkileyen Lviv&#8217;in en \u00f6nemli \u00e7ikolata \u00fcreticisi. \u00c7ikolataya dair e\u011fitim ve at\u00f6lyelerin d\u00fczenlendi\u011fi d\u00fckkanda 39 farkl\u0131 \u00e7ikolata \u00e7e\u015fidi sunuluyor.<\/p>\n\n\n\n<p>T\u00fcm \u00fcr\u00fcnlerin tamamen el yap\u0131m\u0131 oldu\u011fu d\u00fckkan\u0131n iki katl\u0131 sat\u0131\u015f b\u00f6l\u00fcm\u00fcn\u00fcn yan\u0131 s\u0131ra en \u00fcst kat\u0131nda kafesi de bulunuyor. Lviv \u00c7ikolata Festivali d\u00f6nemine denk gelirseniz, \u00e7e\u015fitli sanat\u00e7\u0131lar\u0131n haz\u0131rlad\u0131\u011f\u0131 \u00e7ikolata heykelleri g\u00f6rebilirsiniz. Lviv \u00c7ikolata Fabrikas\u0131 haftan\u0131n 7 g\u00fcn\u00fc 09.00-20.00 saatleri aras\u0131nda hizmet veriyor.<\/p>\n\n\n\n<h3 class=\"wp-block-heading\"><span class=\"ez-toc-section\" id=\"9_dormition_katedrali\"><\/span><strong>9. Dormition Katedrali<\/strong><span class=\"ez-toc-section-end\"><\/span><\/h3>\n\n\n\n<figure class=\"wp-block-image is-style-default\"><img width=\"800\" height=\"500\" loading=\"lazy\" decoding=\"async\" src=\"data:image\/svg+xml;base64,PHN2ZyB4bWxucz0iaHR0cDovL3d3dy53My5vcmcvMjAwMC9zdmciIHdpZHRoPSI4MDAiIGhlaWdodD0iNTAwIj48cmVjdCB3aWR0aD0iMTAwJSIgaGVpZ2h0PSIxMDAlIj48YW5pbWF0ZSBhdHRyaWJ1dGVOYW1lPSJmaWxsIiB2YWx1ZXM9InJnYmEoMTUzLDE1MywxNTMsMC41KTtyZ2JhKDE1MywxNTMsMTUzLDAuMSk7cmdiYSgxNTMsMTUzLDE1MywwLjUpIiBkdXI9IjJzIiByZXBlYXRDb3VudD0iaW5kZWZpbml0ZSIgLz48L3JlY3Q+PC9zdmc+\" alt=\"\" class=\"wp-post-6491 wp-image-6546\" data-public-id=\"Dormiton-Katerali-Lviv_atukog\/Dormiton-Katerali-Lviv_atukog.jpg\" data-format=\"jpg\" data-transformations=\"f_auto,q_auto\/f_auto,q_auto:low\" data-version=\"1486992077\" data-seo=\"1\" data-size=\"800 500\" data-srcset=\"https:\/\/res.cloudinary.com\/turna\/images\/f_auto,q_auto\/f_auto,q_auto\/f_auto,q_auto:low\/v1486992077\/Dormiton-Katerali-Lviv_atukog\/Dormiton-Katerali-Lviv_atukog.jpg?_i=AA 800w, https:\/\/res.cloudinary.com\/turna\/images\/w_300,h_188,c_scale\/f_auto,q_auto\/f_auto,q_auto\/f_auto,q_auto:low\/v1486992077\/Dormiton-Katerali-Lviv_atukog\/Dormiton-Katerali-Lviv_atukog.jpg?_i=AA 300w, https:\/\/res.cloudinary.com\/turna\/images\/w_672,h_420,c_scale\/f_auto,q_auto\/f_auto,q_auto\/f_auto,q_auto:low\/v1486992077\/Dormiton-Katerali-Lviv_atukog\/Dormiton-Katerali-Lviv_atukog.jpg?_i=AA 672w, https:\/\/res.cloudinary.com\/turna\/images\/w_640,h_400,c_scale\/f_auto,q_auto\/f_auto,q_auto\/f_auto,q_auto:low\/v1486992077\/Dormiton-Katerali-Lviv_atukog\/Dormiton-Katerali-Lviv_atukog.jpg?_i=AA 640w, https:\/\/res.cloudinary.com\/turna\/images\/w_681,h_426,c_scale\/f_auto,q_auto\/f_auto,q_auto\/f_auto,q_auto:low\/v1486992077\/Dormiton-Katerali-Lviv_atukog\/Dormiton-Katerali-Lviv_atukog.jpg?_i=AA 681w\" data-sizes=\"(max-width: 800px) 100vw, 800px\" data-delivery=\"upload\" onload=\";window.CLDBind?CLDBind(this):null;\" data-cloudinary=\"lazy\" \/><\/figure>\n\n\n\n<p>Eski \u015eehir (Old Town) b\u00f6lgesinde bulunan <strong>Dormition Katedrali<\/strong>, alt\u0131n rengi kubbeleri ile ihti\u015faml\u0131 bir g\u00f6r\u00fcn\u00fc\u015fe sahip. Kurulu\u015fu 13. y\u00fczy\u0131l d\u00f6nemine rastlayan ve ah\u015faptan yap\u0131ld\u0131\u011f\u0131 i\u00e7in 1340 y\u0131l\u0131nda ya\u015fanan bir yang\u0131n sonunda a\u011f\u0131r hasar alan bina, g\u00fcn\u00fcm\u00fczde Kutsal Eucharist Yunan Katolik Kilisesi olarak kullan\u0131l\u0131yor.<\/p>\n\n\n\n<h3 class=\"wp-block-heading\"><span class=\"ez-toc-section\" id=\"10_potocki_sarayi\"><\/span><strong>10. Potocki Saray\u0131<\/strong><span class=\"ez-toc-section-end\"><\/span><\/h3>\n\n\n\n<p><strong>Potocki Saray\u0131<\/strong>, \u015fehir merkezindeki Kopernika Caddesi\u2019nde yer al\u0131yor. Saray, Avrupa\u2019n\u0131n en g\u00fc\u00e7l\u00fc ailelerinden olan Potocki Ailesi&#8217;nin konutu olarak 1880\u2019lerde yap\u0131lm\u0131\u015f. Neo R\u00f6nesans mimarisinin en g\u00fczel \u00f6rneklerinden biri olarak kabul edilen saray, Gali\u00e7ya Valisi Alfred J\u00f3zef Potocki taraf\u0131ndan Frans\u0131z mimar Louis Dauvergne&#8217;ye yapt\u0131r\u0131lm\u0131\u015f. G\u00fcn\u00fcm\u00fczde Lviv Sanat Galerisi olarak hizmet veren saray, ge\u00e7ici ve kal\u0131c\u0131 sergilere ev sahipli\u011fi yap\u0131yor.<\/p>\n\n\n\n<p>Potocki Saray\u0131 ziyaret saatleri nisan-eyl\u00fcl 10.00-18.00, ekim-mart 10.00-17.00. Saray, pazartesi g\u00fcnleri ziyarete kapal\u0131. Potocki Saray\u0131 giri\u015f \u00fccreti 50UAH.<\/p>\n\n\n\n<h3 class=\"wp-block-heading\"><span class=\"ez-toc-section\" id=\"11_st_george_katedrali\"><\/span><strong>11. St. George Katedrali<\/strong><span class=\"ez-toc-section-end\"><\/span><\/h3>\n\n\n\n<p><img width=\"800\" height=\"500\" loading=\"lazy\" decoding=\"async\" class=\"alignnone wp-post-6491 wp-image-6547\" src=\"data:image\/svg+xml;base64,PHN2ZyB4bWxucz0iaHR0cDovL3d3dy53My5vcmcvMjAwMC9zdmciIHdpZHRoPSI4MDAiIGhlaWdodD0iNTAwIj48cmVjdCB3aWR0aD0iMTAwJSIgaGVpZ2h0PSIxMDAlIj48YW5pbWF0ZSBhdHRyaWJ1dGVOYW1lPSJmaWxsIiB2YWx1ZXM9InJnYmEoMTUzLDE1MywxNTMsMC41KTtyZ2JhKDE1MywxNTMsMTUzLDAuMSk7cmdiYSgxNTMsMTUzLDE1MywwLjUpIiBkdXI9IjJzIiByZXBlYXRDb3VudD0iaW5kZWZpbml0ZSIgLz48L3JlY3Q+PC9zdmc+\" data-public-id=\"St-George-KAtedrali-Lviv_hgvjh6\/St-George-KAtedrali-Lviv_hgvjh6.jpg\" data-format=\"jpg\" data-transformations=\"f_auto,q_auto\/f_auto,q_auto:low\" data-version=\"1486992091\" data-seo=\"1\" data-size=\"800 500\" data-srcset=\"https:\/\/res.cloudinary.com\/turna\/images\/f_auto,q_auto\/f_auto,q_auto\/f_auto,q_auto:low\/v1486992091\/St-George-KAtedrali-Lviv_hgvjh6\/St-George-KAtedrali-Lviv_hgvjh6.jpg?_i=AA 800w, https:\/\/res.cloudinary.com\/turna\/images\/w_300,h_188,c_scale\/f_auto,q_auto\/f_auto,q_auto\/f_auto,q_auto:low\/v1486992091\/St-George-KAtedrali-Lviv_hgvjh6\/St-George-KAtedrali-Lviv_hgvjh6.jpg?_i=AA 300w, https:\/\/res.cloudinary.com\/turna\/images\/w_672,h_420,c_scale\/f_auto,q_auto\/f_auto,q_auto\/f_auto,q_auto:low\/v1486992091\/St-George-KAtedrali-Lviv_hgvjh6\/St-George-KAtedrali-Lviv_hgvjh6.jpg?_i=AA 672w, https:\/\/res.cloudinary.com\/turna\/images\/w_640,h_400,c_scale\/f_auto,q_auto\/f_auto,q_auto\/f_auto,q_auto:low\/v1486992091\/St-George-KAtedrali-Lviv_hgvjh6\/St-George-KAtedrali-Lviv_hgvjh6.jpg?_i=AA 640w, https:\/\/res.cloudinary.com\/turna\/images\/w_681,h_426,c_scale\/f_auto,q_auto\/f_auto,q_auto\/f_auto,q_auto:low\/v1486992091\/St-George-KAtedrali-Lviv_hgvjh6\/St-George-KAtedrali-Lviv_hgvjh6.jpg?_i=AA 681w\" data-sizes=\"(max-width: 800px) 100vw, 800px\" data-delivery=\"upload\" onload=\";window.CLDBind?CLDBind(this):null;\" data-cloudinary=\"lazy\" \/><\/p>\n\n\n\n<p><strong>St. George Katedrali<\/strong>, kente h\u00e2kim bir tepenin \u00fczerinde St. Yura Meydan\u0131nda yer al\u0131yor. 1744-1760 y\u0131llar\u0131 aras\u0131nda in\u015fa edilen yap\u0131, Rokoko tarz\u0131 \u00e7an kulesi, Barok stili Metropolitan Saray\u0131 ve g\u00fczel bah\u00e7esiyle g\u00f6rkemli bir Lviv dokusu. St. George Katedrali&#8217;min kulesinde yer alan ve 1341\u2019de yap\u0131lan \u00e7an ise Ukrayna\u2019n\u0131n en eski kilise \u00e7an\u0131 olarak kabul ediliyor. Katedralin \u00e7an kulesinde e\u015fsiz bir Lviv\u2019in manzaras\u0131 var. <\/p>\n\n\n\n<p>Katedralde g\u00f6r\u00fclmesi gereken en \u00f6nemli eserler ise Ejderha Avc\u0131s\u0131 olarak da an\u0131lan St. George&#8217;u tasvir eden heykel, Meryem Ana&#8217;ya ait oldu\u011funa inan\u0131lan ikona ve Lviv&#8217;de g\u00f6rev yapan \u00f6nemli din adamlar\u0131n\u0131n mezarlar\u0131. St. George Katedrali ziyaret saatleri 10.00-18.00. Katedral, haftan\u0131n 7 g\u00fcn\u00fc ziyarete a\u00e7\u0131k. St. George Katedrali giri\u015f \u00fccreti 50UAH.<\/p>\n\n\n\n<h3 class=\"wp-block-heading\"><span class=\"ez-toc-section\" id=\"12_lviv_opera_binasi\"><\/span><strong>12. Lviv Opera Binas\u0131<\/strong><span class=\"ez-toc-section-end\"><\/span><\/h3>\n\n\n\n<p><strong>Lviv Opera Binas\u0131<\/strong>, 1897\u2019de Neo-R\u00f6nesans mimari tarzda yap\u0131lan Avrupa\u2019n\u0131n en g\u00fczel ve \u015f\u0131k tiyatro binalar\u0131ndan biri. Svobodi Meydan\u0131\u2019nda yer alan Opera Binas\u0131, \u00f6zellikle Aynal\u0131 Salon olarak bilinen b\u00f6l\u00fcm\u00fc ve g\u00f6z kama\u015ft\u0131ran mimarisi ile Lviv&#8217;in en etkileyici yap\u0131lar\u0131ndan. <\/p>\n\n\n\n<p>Tasar\u0131m\u0131 Mimar Zygmunt Gorgolewski\u2019nin imzas\u0131n\u0131 ta\u015f\u0131yan yap\u0131da y\u0131l boyunca yerli ve yabanc\u0131 opera ve bale topluluklar\u0131n\u0131n performanslar\u0131 sergileniyor. Opera Binas\u0131&#8217;n\u0131 ke\u015ffetmek i\u00e7in herhangi bir temsile bilet alabilir ya da yerel turizm acentelerinin rehberli turlar\u0131na kat\u0131labilirsiniz.<\/p>\n\n\n\n<h3 class=\"wp-block-heading\"><span class=\"ez-toc-section\" id=\"13_lychakiv_mezarligi\"><\/span><strong>13. Lychakiv Mezarl\u0131\u011f\u0131<\/strong><span class=\"ez-toc-section-end\"><\/span><\/h3>\n\n\n\n<figure class=\"wp-block-image size-full is-style-default\"><img width=\"800\" height=\"500\" loading=\"lazy\" decoding=\"async\" src=\"data:image\/svg+xml;base64,PHN2ZyB4bWxucz0iaHR0cDovL3d3dy53My5vcmcvMjAwMC9zdmciIHdpZHRoPSI4MDAiIGhlaWdodD0iNTAwIj48cmVjdCB3aWR0aD0iMTAwJSIgaGVpZ2h0PSIxMDAlIj48YW5pbWF0ZSBhdHRyaWJ1dGVOYW1lPSJmaWxsIiB2YWx1ZXM9InJnYmEoMTUzLDE1MywxNTMsMC41KTtyZ2JhKDE1MywxNTMsMTUzLDAuMSk7cmdiYSgxNTMsMTUzLDE1MywwLjUpIiBkdXI9IjJzIiByZXBlYXRDb3VudD0iaW5kZWZpbml0ZSIgLz48L3JlY3Q+PC9zdmc+\" alt=\"Lychakiv Mezarl\u0131\u011f\u0131\" class=\"wp-post-6491 wp-image-20392\" data-public-id=\"Lychakiv-Mezarligi_20392b406b\/Lychakiv-Mezarligi_20392b406b.jpg\" data-format=\"jpg\" data-transformations=\"f_auto,q_auto:low\" data-version=\"1640257247\" data-seo=\"1\" data-size=\"800 500\" data-srcset=\"https:\/\/res.cloudinary.com\/turna\/images\/f_auto,q_auto:low\/v1640257247\/Lychakiv-Mezarligi_20392b406b\/Lychakiv-Mezarligi_20392b406b.jpg?_i=AA 800w, https:\/\/res.cloudinary.com\/turna\/images\/w_300,h_188,c_scale\/f_auto,q_auto:low\/v1640257247\/Lychakiv-Mezarligi_20392b406b\/Lychakiv-Mezarligi_20392b406b.jpg?_i=AA 300w, https:\/\/res.cloudinary.com\/turna\/images\/w_672,h_420,c_scale\/f_auto,q_auto:low\/v1640257247\/Lychakiv-Mezarligi_20392b406b\/Lychakiv-Mezarligi_20392b406b.jpg?_i=AA 672w, https:\/\/res.cloudinary.com\/turna\/images\/w_640,h_400,c_scale\/f_auto,q_auto:low\/v1640257247\/Lychakiv-Mezarligi_20392b406b\/Lychakiv-Mezarligi_20392b406b.jpg?_i=AA 640w, https:\/\/res.cloudinary.com\/turna\/images\/w_681,h_426,c_scale\/f_auto,q_auto:low\/v1640257247\/Lychakiv-Mezarligi_20392b406b\/Lychakiv-Mezarligi_20392b406b.jpg?_i=AA 681w\" data-sizes=\"(max-width: 800px) 100vw, 800px\" data-delivery=\"upload\" onload=\";window.CLDBind?CLDBind(this):null;\" data-cloudinary=\"lazy\" \/><\/figure>\n\n\n\n<p><strong>Li\u00e7akiv Mezarl\u0131\u011f\u0131<\/strong> (Lychakiv Mezarl\u0131\u011f\u0131), Lviv kent merkezindeki t\u00fcm mezar alanlar\u0131n\u0131n \u015fehir d\u0131\u015f\u0131na \u00e7\u0131kar\u0131lmas\u0131 y\u00f6n\u00fcnde verilen imparatorluk emriyle 1787 y\u0131l\u0131nda kurulmu\u015f. \u00dclkenin \u00f6nemli politikac\u0131lar\u0131, yazarlar\u0131, oyuncular\u0131 ve d\u00fcnya \u00e7ap\u0131nda tan\u0131nan opera sanat\u00e7\u0131lar\u0131n\u0131n mezarlar\u0131n\u0131n yer ald\u0131\u011f\u0131 alan toplamda 42 hektar geni\u015fli\u011finde. Gotik tarazdaki mezarl\u0131\u011f\u0131n tasar\u0131m\u0131n\u0131 Lviv \u00dcniversitesi Botanik Bah\u00e7esi\u2019ni y\u00f6neten Karol Bauer yapm\u0131\u015f.<\/p>\n\n\n\n<p>400 binden mezara ev sahipli\u011fi yapan mezarl\u0131kta Ivan Franko, General Roman Abraham, Mimar Zygmunt Gorgolewski gibi isimlerinin mezarlar\u0131n\u0131n yan\u0131 s\u0131ra binlerce an\u0131t ve heykel de bulunuyor. Lychakiv Mezarl\u0131\u011f\u0131, 09.00-20.00 saatleri aras\u0131nda ziyarete a\u00e7\u0131k. Haftan\u0131n 7 g\u00fcn\u00fc ziyaret edilebilen mezarl\u0131\u011fa giri\u015f \u00fccreti 25UAH.<\/p>\n\n\n\n<h3 class=\"wp-block-heading\"><span class=\"ez-toc-section\" id=\"14_shevchenko_meydani\"><\/span><strong>14. Shevchenko Meydan\u0131<\/strong><span class=\"ez-toc-section-end\"><\/span><\/h3>\n\n\n\n<p><strong>Shevchenko Meydan\u0131<\/strong>, Lviv\u2019in t\u00fcm \u00fcnl\u00fc ma\u011faza, kafe, pub ve restoranlar\u0131n yer ald\u0131\u011f\u0131 rengarenk bir meydan. \u015eehrin en l\u00fcks b\u00f6lgesi olarak kabul edilen Shevchenko Meydan\u0131&#8217;nda bir \u015feyler yiyebilir veya bir fincan kahve ile soluklanabilirsiniz. Kendisiyle ayn\u0131 ad\u0131 ta\u015f\u0131yan \u015fehrin en l\u00fcks caddesi Shevchenko Caddesi&#8217;ne de ba\u011flanan meydanla caddeyi 15 dakika gibi bir k\u0131sa s\u00fcrede ba\u015ftan a\u015fa\u011f\u0131ya y\u00fcr\u00fcyerek ke\u015ffedebilirsiniz.<\/p>\n\n\n\n<h3 class=\"wp-block-heading\"><span class=\"ez-toc-section\" id=\"15_yuksek_kale\"><\/span><strong>15. Y\u00fcksek Kale<\/strong><span class=\"ez-toc-section-end\"><\/span><\/h3>\n\n\n\n<p><strong>Y\u00fcksek Kale<\/strong> (Lviv High Castle), Lviv merkezindeki en y\u00fcksek nokta olan bir tepe. 413 metre y\u00fcksekli\u011fe sahip, 13. y\u00fczy\u0131lda yerle\u015fimin bulundu\u011fu tepedeki kale y\u0131k\u0131nt\u0131lar\u0131n\u0131n bulundu\u011fu alan, g\u00fcn\u00fcm\u00fczde kentin en iyi g\u00f6r\u00fcnt\u00fclendi\u011fi nokta. 1250 y\u0131l\u0131nda in\u015fa edilen kale kal\u0131nt\u0131lar\u0131ndan ismini alan tepedeki askeri yap\u0131, 1704 y\u0131l\u0131nda \u0130sve\u00e7 ordusunun sald\u0131r\u0131s\u0131yla yerle bir olmu\u015f. Y\u00fcksek Kale, \u00f6zellikle g\u00fcn bat\u0131m\u0131nda e\u015fsiz bir manzaraya ev sahipli\u011fi yap\u0131yor.<\/p>\n\n\n\n<h3 class=\"wp-block-heading\"><span class=\"ez-toc-section\" id=\"16_yerel_mimari_muzesi\"><\/span><strong>16. Yerel Mimari M\u00fczesi<\/strong><span class=\"ez-toc-section-end\"><\/span><\/h3>\n\n\n\n<p><strong>Folk Architect Museum<\/strong>, \u015fair Ivan Franco\u2019nun kurulmas\u0131na \u00f6nc\u00fcl\u00fck etti\u011fi bir a\u00e7\u0131k hava m\u00fczesi. Shevchenko orman\u0131 i\u00e7inde, 60 hektarl\u0131k bir alana yay\u0131lan m\u00fcze 120 ah\u015fap eve ve 6 ah\u015fap kiliseye ev sahipli\u011fi yap\u0131yor. 1971 y\u0131l\u0131nda kurulan m\u00fczede Bat\u0131 Ukrayna&#8217;n\u0131n ah\u015fap i\u015f\u00e7ili\u011fi sanat\u0131 ve mimarisi ile geleneksel k\u0131rsal ya\u015fam\u0131n izleri sergileniyor. A\u00e7\u0131k hava m\u00fczesi i\u00e7erisinde hobi bah\u00e7elerinde tar\u0131msal \u00fcretim de yap\u0131l\u0131yor. Folk Architect Museum ziyaret saatleri haftan\u0131n 7 g\u00fcn\u00fc 09.00-18.00, giri\u015f \u00fccreti ise 30UAH.<\/p>\n\n\n\n<p>Lviv Havaliman\u0131ndan \u015fehir merkezine ula\u015fmak \u00e7ok kolay. Havaliman\u0131n\u0131n tam da \u00f6n\u00fcnden kalkan 9. numaral\u0131 troleyb\u00fcs sizi \u015fehir merkezine ula\u015ft\u0131r\u0131yor. Buradan her yere y\u00fcr\u00fcmek en fazla 15 dakika. Ula\u015f\u0131m i\u00e7in gerekirse Uber veya tramvaylar en uygun se\u00e7enekler.<\/p>\n\n\n\n<p>860 bini ge\u00e7en n\u00fcfusunun y\u00fczde 88&#8217;i Ukraynal\u0131lardan, geri kalan\u0131 ise Rus ve Polonya k\u00f6kenli ki\u015filerden olu\u015fan \u015fehir, Ukrayna denildi\u011finde ilk akla gelen yerle\u015fim yerlerinden biri oluyor. Siz de, bu cezbedici \u015fehri yak\u0131ndan g\u00f6rmek ve k\u00fclt\u00fcrel g\u00fczelliklerini tan\u0131mak istiyorsan\u0131z, <a href=\"https:\/\/www.turna.com\/yurtdisi-ucak-bileti\">Yurtd\u0131\u015f\u0131 u\u00e7ak bileti<\/a> f\u0131rsatlar\u0131na g\u00f6z atabilirsiniz. \u015eimdi, Lviv sokaklar\u0131n\u0131 ke\u015ffetmek i\u00e7in yola \u00e7\u0131kma zaman\u0131!<\/p>\n\n    <div class=\"xs_social_share_widget xs_share_url after_content \t\tmain_content  wslu-style-1 wslu-share-box-shaped wslu-fill-colored wslu-none wslu-share-horizontal wslu-theme-font-no wslu-main_content\">\n\n\t\t\n        <ul>\n\t\t\t        <\/ul>\n    <\/div> \n","protected":false},"excerpt":{"rendered":"<p>Barok mimarisiyle g\u00f6z kama\u015ft\u0131ran Lviv\u2019in UNESCO D\u00fcnya K\u00fclt\u00fcr Miras\u0131 listesinde yer alan tarihi \u015fehir merkezi, Rynok Meydan\u0131 ve gece hayat\u0131 onu Avrupa\u2019n\u0131n en farkl\u0131 kentlerinden biri konumuna getiriyor. Ukrayna\u2019n\u0131n \u00f6nde gelen k\u00fclt\u00fcr \u015fehirlerinden olan \u015fehir tiyatro ve opera binalar\u0131yla sanatseverlerin g\u00f6zdesi. Lviv, tarihi \u015fehir merkeziyle de g\u00f6z dolduruyor. T\u00fcrk vatanda\u015flar\u0131 i\u00e7in vize uygulamas\u0131 bulunmayan \u00fclkelerden [&hellip;]<\/p>\n","protected":false},"author":29,"featured_media":6542,"comment_status":"open","ping_status":"open","sticky":false,"template":"","format":"standard","meta":{"rop_custom_images_group":[],"rop_custom_messages_group":[],"rop_publish_now":"initial","rop_publish_now_accounts":[],"rop_publish_now_history":[],"rop_publish_now_status":"pending","_cloudinary_featured_overwrite":false,"footnotes":""},"categories":[986],"tags":[482,559],"class_list":["post-6491","post","type-post","status-publish","format-standard","has-post-thumbnail","hentry","category-ukrayna","tag-lviv","tag-ukrayna"],"_links":{"self":[{"href":"https:\/\/www.turna.com\/blog\/wp-json\/wp\/v2\/posts\/6491","targetHints":{"allow":["GET"]}}],"collection":[{"href":"https:\/\/www.turna.com\/blog\/wp-json\/wp\/v2\/posts"}],"about":[{"href":"https:\/\/www.turna.com\/blog\/wp-json\/wp\/v2\/types\/post"}],"author":[{"embeddable":true,"href":"https:\/\/www.turna.com\/blog\/wp-json\/wp\/v2\/users\/29"}],"replies":[{"embeddable":true,"href":"https:\/\/www.turna.com\/blog\/wp-json\/wp\/v2\/comments?post=6491"}],"version-history":[{"count":0,"href":"https:\/\/www.turna.com\/blog\/wp-json\/wp\/v2\/posts\/6491\/revisions"}],"wp:featuredmedia":[{"embeddable":true,"href":"https:\/\/www.turna.com\/blog\/wp-json\/wp\/v2\/media\/6542"}],"wp:attachment":[{"href":"https:\/\/www.turna.com\/blog\/wp-json\/wp\/v2\/media?parent=6491"}],"wp:term":[{"taxonomy":"category","embeddable":true,"href":"https:\/\/www.turna.com\/blog\/wp-json\/wp\/v2\/categories?post=6491"},{"taxonomy":"post_tag","embeddable":true,"href":"https:\/\/www.turna.com\/blog\/wp-json\/wp\/v2\/tags?post=6491"}],"curies":[{"name":"wp","href":"https:\/\/api.w.org\/{rel}","templated":true}]}}