{"id":6266,"date":"2024-09-12T08:13:00","date_gmt":"2024-09-12T05:13:00","guid":{"rendered":"https:\/\/www.turna.com\/blog\/?p=6266"},"modified":"2026-01-02T15:42:55","modified_gmt":"2026-01-02T12:42:55","slug":"avrupada-vize-istemeyen-ulkeler","status":"publish","type":"post","link":"https:\/\/www.turna.com\/blog\/avrupada-vize-istemeyen-ulkeler","title":{"rendered":"Avrupa&#8217;da Vize \u0130stemeyen \u00dclkeler: 2026 G\u00fcncel Liste"},"content":{"rendered":"<div id=\"ez-toc-container\" class=\"ez-toc-v2_0_82_2 counter-hierarchy ez-toc-counter ez-toc-black ez-toc-container-direction\">\n<div class=\"ez-toc-title-container\">\n<p class=\"ez-toc-title\" style=\"cursor:inherit\">\u0130\u00e7indekiler<\/p>\n<span class=\"ez-toc-title-toggle\"><a href=\"#\" class=\"ez-toc-pull-right ez-toc-btn ez-toc-btn-xs ez-toc-btn-default ez-toc-toggle\" aria-label=\"\u0130\u00e7indekiler Tablosunu A\u00e7\/Kapat\"><span class=\"ez-toc-js-icon-con\"><span class=\"\"><span class=\"eztoc-hide\" style=\"display:none;\">Toggle<\/span><span class=\"ez-toc-icon-toggle-span\"><svg style=\"fill: #ffffff;color:#ffffff\" xmlns=\"http:\/\/www.w3.org\/2000\/svg\" class=\"list-377408\" width=\"20px\" height=\"20px\" viewBox=\"0 0 24 24\" fill=\"none\"><path d=\"M6 6H4v2h2V6zm14 0H8v2h12V6zM4 11h2v2H4v-2zm16 0H8v2h12v-2zM4 16h2v2H4v-2zm16 0H8v2h12v-2z\" fill=\"currentColor\"><\/path><\/svg><svg style=\"fill: #ffffff;color:#ffffff\" class=\"arrow-unsorted-368013\" xmlns=\"http:\/\/www.w3.org\/2000\/svg\" width=\"10px\" height=\"10px\" viewBox=\"0 0 24 24\" version=\"1.2\" baseProfile=\"tiny\"><path d=\"M18.2 9.3l-6.2-6.3-6.2 6.3c-.2.2-.3.4-.3.7s.1.5.3.7c.2.2.4.3.7.3h11c.3 0 .5-.1.7-.3.2-.2.3-.5.3-.7s-.1-.5-.3-.7zM5.8 14.7l6.2 6.3 6.2-6.3c.2-.2.3-.5.3-.7s-.1-.5-.3-.7c-.2-.2-.4-.3-.7-.3h-11c-.3 0-.5.1-.7.3-.2.2-.3.5-.3.7s.1.5.3.7z\"\/><\/svg><\/span><\/span><\/span><\/a><\/span><\/div>\n<nav><ul class='ez-toc-list ez-toc-list-level-1 eztoc-toggle-hide-by-default' ><li class='ez-toc-page-1 ez-toc-heading-level-2'><a class=\"ez-toc-link ez-toc-heading-1\" href=\"https:\/\/www.turna.com\/blog\/avrupada-vize-istemeyen-ulkeler\/#avrupada_vizesiz_gidilen_ulkeler\" >Avrupa&#8217;da Vizesiz Gidilen \u00dclkeler<\/a><ul class='ez-toc-list-level-3' ><li class='ez-toc-heading-level-3'><a class=\"ez-toc-link ez-toc-heading-2\" href=\"https:\/\/www.turna.com\/blog\/avrupada-vize-istemeyen-ulkeler\/#azerbaycan\" >Azerbaycan<\/a><\/li><li class='ez-toc-page-1 ez-toc-heading-level-3'><a class=\"ez-toc-link ez-toc-heading-3\" href=\"https:\/\/www.turna.com\/blog\/avrupada-vize-istemeyen-ulkeler\/#arnavutluk\" >Arnavutluk<\/a><\/li><li class='ez-toc-page-1 ez-toc-heading-level-3'><a class=\"ez-toc-link ez-toc-heading-4\" href=\"https:\/\/www.turna.com\/blog\/avrupada-vize-istemeyen-ulkeler\/#belarus_beyaz_rusya\" >Belarus \/ Beyaz Rusya<\/a><\/li><li class='ez-toc-page-1 ez-toc-heading-level-3'><a class=\"ez-toc-link ez-toc-heading-5\" href=\"https:\/\/www.turna.com\/blog\/avrupada-vize-istemeyen-ulkeler\/#bosna-hersek\" >Bosna-Hersek<\/a><\/li><li class='ez-toc-page-1 ez-toc-heading-level-3'><a class=\"ez-toc-link ez-toc-heading-6\" href=\"https:\/\/www.turna.com\/blog\/avrupada-vize-istemeyen-ulkeler\/#ermenistan\" >Ermenistan<\/a><\/li><li class='ez-toc-page-1 ez-toc-heading-level-3'><a class=\"ez-toc-link ez-toc-heading-7\" href=\"https:\/\/www.turna.com\/blog\/avrupada-vize-istemeyen-ulkeler\/#gurcistan\" >G\u00fcrcistan<\/a><\/li><li class='ez-toc-page-1 ez-toc-heading-level-3'><a class=\"ez-toc-link ez-toc-heading-8\" href=\"https:\/\/www.turna.com\/blog\/avrupada-vize-istemeyen-ulkeler\/#karadag\" >Karada\u011f<\/a><\/li><li class='ez-toc-page-1 ez-toc-heading-level-3'><a class=\"ez-toc-link ez-toc-heading-9\" href=\"https:\/\/www.turna.com\/blog\/avrupada-vize-istemeyen-ulkeler\/#kosova\" >Kosova<\/a><\/li><li class='ez-toc-page-1 ez-toc-heading-level-3'><a class=\"ez-toc-link ez-toc-heading-10\" href=\"https:\/\/www.turna.com\/blog\/avrupada-vize-istemeyen-ulkeler\/#kuzey_kibris_turk_cumhuriyeti\" >Kuzey K\u0131br\u0131s T\u00fcrk Cumhuriyeti<\/a><\/li><li class='ez-toc-page-1 ez-toc-heading-level-3'><a class=\"ez-toc-link ez-toc-heading-11\" href=\"https:\/\/www.turna.com\/blog\/avrupada-vize-istemeyen-ulkeler\/#makedonya\" >Makedonya<\/a><\/li><li class='ez-toc-page-1 ez-toc-heading-level-3'><a class=\"ez-toc-link ez-toc-heading-12\" href=\"https:\/\/www.turna.com\/blog\/avrupada-vize-istemeyen-ulkeler\/#moldova\" >Moldova<\/a><\/li><li class='ez-toc-page-1 ez-toc-heading-level-3'><a class=\"ez-toc-link ez-toc-heading-13\" href=\"https:\/\/www.turna.com\/blog\/avrupada-vize-istemeyen-ulkeler\/#rusya\" >Rusya<\/a><\/li><li class='ez-toc-page-1 ez-toc-heading-level-3'><a class=\"ez-toc-link ez-toc-heading-14\" href=\"https:\/\/www.turna.com\/blog\/avrupada-vize-istemeyen-ulkeler\/#sirbistan\" >S\u0131rbistan<\/a><\/li><li class='ez-toc-page-1 ez-toc-heading-level-3'><a class=\"ez-toc-link ez-toc-heading-15\" href=\"https:\/\/www.turna.com\/blog\/avrupada-vize-istemeyen-ulkeler\/#ukrayna\" >Ukrayna<\/a><\/li><li class='ez-toc-page-1 ez-toc-heading-level-3'><a class=\"ez-toc-link ez-toc-heading-16\" href=\"https:\/\/www.turna.com\/blog\/avrupada-vize-istemeyen-ulkeler\/#andorra\" >Andorra<\/a><\/li><li class='ez-toc-page-1 ez-toc-heading-level-3'><a class=\"ez-toc-link ez-toc-heading-17\" href=\"https:\/\/www.turna.com\/blog\/avrupada-vize-istemeyen-ulkeler\/#hangi_avrupa_ulkelerine_vize_yok\" >Hangi Avrupa \u00fclkelerine vize yok?<\/a><\/li><li class='ez-toc-page-1 ez-toc-heading-level-3'><a class=\"ez-toc-link ez-toc-heading-18\" href=\"https:\/\/www.turna.com\/blog\/avrupada-vize-istemeyen-ulkeler\/#avrupa_birligi_hangi_ulkelerden_vize_istemiyor\" >Avrupa Birli\u011fi hangi \u00fclkelerden vize istemiyor?<\/a><\/li><\/ul><\/li><\/ul><\/nav><\/div>\n\n<p>&#8216;Vizem \u00e7\u0131kt\u0131 m\u0131&#8217;, &#8216;\u00e7\u0131kmazsa biletlerim yanar m\u0131&#8217; gibi kayg\u0131lardan uzak, yaln\u0131zca g\u00f6rece\u011finiz g\u00fczel yerleri hayal edece\u011finiz bir seyahat i\u00e7in vizesiz seyahat edilebilen Avrupa \u00fclkeleri olduk\u00e7a ideal. <strong>Avrupa\u2019da vize istemeyen \u00fclkeler<\/strong> say\u0131ca maalesef \u00e7ok az.<\/p>\n\n\n\n<p>D\u00fcnyan\u0131n en \u00e7ok turist \u00e7eken \u015fehirleri bu k\u0131tada, ancak bunun i\u00e7in al\u0131nmas\u0131 zor olan Schengen vizesi gerekiyor. Avrupa \u00fclkelerini gezmek isteyen bizler bir\u00e7ok b\u00fcrokratik i\u015flemle kar\u015f\u0131la\u015f\u0131yoruz. Do\u011fal g\u00fczellikleri ve etkileyici tarihi dokular\u0131 ile g\u00f6z alan bu \u015fahane \u00fclkelerde keyifli bir seyahat i\u00e7in tek yapman\u0131z gereken \u015feyse gidece\u011finiz \u00fclkeye karar vermek.<\/p>\n\n\n\n<h2 class=\"wp-block-heading has-text-align-center has-neeon-button-dark-gray-color has-text-color has-link-color wp-elements-86ffeeb4e6c625de4b27d1e6a4d9f5b1\"><span class=\"ez-toc-section\" id=\"avrupada_vizesiz_gidilen_ulkeler\"><\/span><strong>Avrupa&#8217;da Vizesiz Gidilen \u00dclkeler<\/strong><span class=\"ez-toc-section-end\"><\/span><\/h2>\n\n\n\n<p>Avrupa&#8217;n\u0131n g\u00fczellikleri ve k\u00fclt\u00fcrel zenginliklerini ke\u015ffetmek isteyen bir\u00e7ok seyahat sever i\u00e7in vize gereklili\u011fi s\u0131k\u00e7a kar\u015f\u0131lar\u0131na \u00e7\u0131kan bir engel. Ancak, \u015fansl\u0131 bir \u015fekilde, Avrupa&#8217;da vizesiz gidilen \u00fclkeler say\u0131ca olduk\u00e7a fazla ve bu \u00fclkelerde seyahat etmek olduk\u00e7a kolay. Vize s\u00fcre\u00e7leri ile u\u011fra\u015fmadan, sadece pasaportunuzla bu \u00fclkeleri ziyaret edebilirsiniz. \u0130ster tarihi mekanlar\u0131 gezmek, ister muhte\u015fem do\u011fal g\u00fczellikleri ke\u015ffetmek isteyin, bu <strong>vizesiz \u00fclkeler 2026<\/strong> listesi Avrupa&#8217;y\u0131 ke\u015ffetmek i\u00e7in harika bir ba\u015flang\u0131\u00e7 \u200b\u200bnoktas\u0131 olabilir.<\/p>\n\n\n\n<p><strong>Avrupa\u2019da Vize \u0130stemeyen \u00dclkeler Listesi<\/strong><\/p>\n\n\n\n<ol class=\"wp-block-list\">\n<li>Azerbaycan<\/li>\n\n\n\n<li>Arnavutluk<\/li>\n\n\n\n<li>Belarus<\/li>\n\n\n\n<li>Bosna Hersek<\/li>\n\n\n\n<li>Ermenistan<\/li>\n\n\n\n<li>G\u00fcrcistan<\/li>\n\n\n\n<li>Karada\u011f<\/li>\n\n\n\n<li>Kosova<\/li>\n\n\n\n<li>Kuzey K\u0131br\u0131s T\u00fcrk Cumhuriyeti<\/li>\n\n\n\n<li>Makedonya<\/li>\n\n\n\n<li>Moldova<\/li>\n\n\n\n<li>Rusya<\/li>\n\n\n\n<li>S\u0131rbistan<\/li>\n\n\n\n<li>Ukrayna<\/li>\n\n\n\n<li>Andorra<\/li>\n<\/ol>\n\n\n\n<h3 class=\"wp-block-heading has-text-align-center has-neeon-button-dark-gray-color has-text-color has-link-color wp-elements-ec41a08018df47d0355b37d6f43d1c56\"><span class=\"ez-toc-section\" id=\"azerbaycan\"><\/span><strong>Azerbaycan<\/strong><span class=\"ez-toc-section-end\"><\/span><\/h3>\n\n\n\n<figure class=\"wp-block-image size-large\"><img decoding=\"async\" src=\"https:\/\/res.cloudinary.com\/turna\/image\/upload\/v1649895183\/azerbaycan_r9nngk.jpg\" alt=\"Avrupa'da Vize \u0130stemeyen \u00dclkeler Azerbaycan\"\/><\/figure>\n\n\n\n<p>Avrupa&#8217;n\u0131n en do\u011fusunda yer alan <strong>Azerbaycan<\/strong>, T\u00fcrkiye ile yak\u0131n ili\u015fkiler nedeniyle &#8220;Bir millet, \u0130ki devlet&#8221; olarak an\u0131l\u0131yor. <a href=\"https:\/\/maps.app.goo.gl\/9zRk4ShLFC95zudX6\" target=\"_blank\" rel=\"noreferrer noopener\">Bak\u00fc Haydar Aliyev Havaliman\u0131ndan<\/a> \u00fclkeye giri\u015f yapacak olan T\u00fcrk vatanda\u015flar\u0131na 30 g\u00fcnl\u00fck vize veriliyor. Havayolu d\u0131\u015f\u0131ndaki alternatifleri kullanarak seyahat edecek ki\u015filerin \u00fclke temsilciliklerinden vize ba\u015fvurusu yapmalar\u0131 gerekiyor. <strong>T\u00fcrkiye&#8217;den vizesiz gidilen&nbsp;\u00fclkeler<\/strong> i\u00e7inde Azerbaycan mutlaka ziyaret edilmesi gereken bir \u00fclke.<a href=\"https:\/\/www.google.com\/search?sca_esv=91e3e3360bc36966&amp;rlz=1C1CHBD_trTR1069TR1069&amp;sxsrf=ADLYWILlwdWIg_0Vlh4MoB4yDaaGO1TNug:1726139530627&amp;q=t%C3%BCrkiye%27den+vizesiz+gidilen+%C3%BClkeler&amp;sa=X&amp;ved=2ahUKEwjT2bjsor2IAxUCQ_EDHdqUMEsQ1QJ6BAgZEAE\" target=\"_blank\" rel=\"noopener\"><\/a><a href=\"https:\/\/www.google.com\/search?sca_esv=91e3e3360bc36966&amp;rlz=1C1CHBD_trTR1069TR1069&amp;sxsrf=ADLYWILlwdWIg_0Vlh4MoB4yDaaGO1TNug:1726139530627&amp;q=Vizesiz+%C3%BClkeler&amp;sa=X&amp;ved=2ahUKEwjT2bjsor2IAxUCQ_EDHdqUMEsQ1QJ6BAgYEAE\" target=\"_blank\" rel=\"noopener\"><\/a><\/p>\n\n\n\n<p><strong><a href=\"https:\/\/www.turna.com\/ucak-bileti\/azerbaycan\" target=\"_blank\" rel=\"noreferrer noopener\">Azerbaycan u\u00e7ak bileti<\/a><\/strong> se\u00e7enekleri i\u00e7in Turna.com&#8217;u ziyaret edin.<\/p>\n\n\n\n<h3 class=\"wp-block-heading has-text-align-center has-neeon-button-dark-gray-color has-text-color has-link-color wp-elements-9dc460d188578f008ff0a8d9df4549c2\"><span class=\"ez-toc-section\" id=\"arnavutluk\"><\/span><strong>Arnavutluk<\/strong><span class=\"ez-toc-section-end\"><\/span><\/h3>\n\n\n\n<figure class=\"wp-block-image size-large\"><img width=\"800\" height=\"500\" data-public-id=\"Vizesiz-Balkan-Ulkeleri-Arnavutluk\/Vizesiz-Balkan-Ulkeleri-Arnavutluk.jpg\" decoding=\"async\" src=\"https:\/\/res.cloudinary.com\/turna\/images\/w_800,h_500,c_scale\/f_auto,q_auto:low\/v1637568369\/Vizesiz-Balkan-Ulkeleri-Arnavutluk\/Vizesiz-Balkan-Ulkeleri-Arnavutluk.jpg?_i=AA\" alt=\"Avrupa&#039;da Vize \u0130stemeyen \u00dclkeler Arnavutluk\" class=\"wp-post-0 wp-image-20344\" data-format=\"jpg\" data-transformations=\"f_auto,q_auto:low\" data-version=\"1637568369\" data-seo=\"1\" srcset=\"https:\/\/res.cloudinary.com\/turna\/images\/f_auto,q_auto:low\/v1637568369\/Vizesiz-Balkan-Ulkeleri-Arnavutluk\/Vizesiz-Balkan-Ulkeleri-Arnavutluk.jpg?_i=AA 800w, https:\/\/res.cloudinary.com\/turna\/images\/w_300,h_188,c_scale\/f_auto,q_auto:low\/v1637568369\/Vizesiz-Balkan-Ulkeleri-Arnavutluk\/Vizesiz-Balkan-Ulkeleri-Arnavutluk.jpg?_i=AA 300w, https:\/\/res.cloudinary.com\/turna\/images\/w_672,h_420,c_scale\/f_auto,q_auto:low\/v1637568369\/Vizesiz-Balkan-Ulkeleri-Arnavutluk\/Vizesiz-Balkan-Ulkeleri-Arnavutluk.jpg?_i=AA 672w, https:\/\/res.cloudinary.com\/turna\/images\/w_640,h_400,c_scale\/f_auto,q_auto:low\/v1637568369\/Vizesiz-Balkan-Ulkeleri-Arnavutluk\/Vizesiz-Balkan-Ulkeleri-Arnavutluk.jpg?_i=AA 640w, https:\/\/res.cloudinary.com\/turna\/images\/w_681,h_426,c_scale\/f_auto,q_auto:low\/v1637568369\/Vizesiz-Balkan-Ulkeleri-Arnavutluk\/Vizesiz-Balkan-Ulkeleri-Arnavutluk.jpg?_i=AA 681w\" sizes=\"(max-width: 800px) 100vw, 800px\" \/><\/figure>\n\n\n\n<p><strong>Adriyatik<\/strong> k\u0131y\u0131lar\u0131nda ke\u015ffedilmeyi bekleyen muhte\u015fem manzaralara sahip <strong>Arnavutluk<\/strong>, e\u015fsiz sahilleri, ve ye\u015filin her tonuna sahip ormanlar\u0131yla dikkat \u00e7ekiyor. T\u00fcrk vatanda\u015flar\u0131na 90 g\u00fcne kadar giri\u015flerde vizesiz seyahat imkan\u0131 tan\u0131yan \u00fclke, turizm alan\u0131nda geli\u015fmeye a\u00e7\u0131k bir yap\u0131 ta\u015f\u0131yor. Yerel mutfa\u011f\u0131 ve korunmay\u0131 ba\u015faran do\u011fal g\u00fczellikleri ile \u00fclke denemeye de\u011fer. Tiran, Kruje, Durres, Berat, \u0130\u015fkodra, Vlore g\u00f6r\u00fclmesi gereken \u015fehirler.<\/p>\n\n\n\n<p><strong><a href=\"https:\/\/www.turna.com\/ucak-bileti\/arnavutluk\" target=\"_blank\" rel=\"noreferrer noopener\">Arnavutluk u\u00e7ak bileti<\/a><\/strong> se\u00e7enekleri i\u00e7in Turna.com&#8217;u ziyaret edin.<\/p>\n\n\n\n<h3 class=\"wp-block-heading has-text-align-center has-neeon-button-dark-gray-color has-text-color has-link-color wp-elements-e9433bf652c13572250bd45b39a9241c\"><span class=\"ez-toc-section\" id=\"belarus_beyaz_rusya\"><\/span><strong>Belarus \/ Beyaz Rusya<\/strong><span class=\"ez-toc-section-end\"><\/span><\/h3>\n\n\n\n<figure class=\"wp-block-image is-style-default\"><img width=\"800\" height=\"500\" data-public-id=\"Belarus_ybxza3\/Belarus_ybxza3.jpg\" fetchpriority=\"high\" decoding=\"async\" src=\"https:\/\/res.cloudinary.com\/turna\/images\/w_800,h_500,c_scale\/f_auto,q_auto\/f_auto,q_auto:low\/v1486065769\/Belarus_ybxza3\/Belarus_ybxza3.jpg?_i=AA\" alt=\"Avrupa&#039;da Vize \u0130stemeyen \u00dclkeler Belarus\" class=\"wp-post-6266 wp-image-6381\" data-format=\"jpg\" data-transformations=\"f_auto,q_auto\/f_auto,q_auto:low\" data-version=\"1486065769\" data-seo=\"1\" srcset=\"https:\/\/res.cloudinary.com\/turna\/images\/f_auto,q_auto\/f_auto,q_auto\/f_auto,q_auto:low\/v1486065769\/Belarus_ybxza3\/Belarus_ybxza3.jpg?_i=AA 800w, https:\/\/res.cloudinary.com\/turna\/images\/w_300,h_188,c_scale\/f_auto,q_auto\/f_auto,q_auto\/f_auto,q_auto:low\/v1486065769\/Belarus_ybxza3\/Belarus_ybxza3.jpg?_i=AA 300w, https:\/\/res.cloudinary.com\/turna\/images\/w_672,h_420,c_scale\/f_auto,q_auto\/f_auto,q_auto\/f_auto,q_auto:low\/v1486065769\/Belarus_ybxza3\/Belarus_ybxza3.jpg?_i=AA 672w, https:\/\/res.cloudinary.com\/turna\/images\/w_640,h_400,c_scale\/f_auto,q_auto\/f_auto,q_auto\/f_auto,q_auto:low\/v1486065769\/Belarus_ybxza3\/Belarus_ybxza3.jpg?_i=AA 640w, https:\/\/res.cloudinary.com\/turna\/images\/w_681,h_426,c_scale\/f_auto,q_auto\/f_auto,q_auto\/f_auto,q_auto:low\/v1486065769\/Belarus_ybxza3\/Belarus_ybxza3.jpg?_i=AA 681w\" sizes=\"(max-width: 800px) 100vw, 800px\" \/><\/figure>\n\n\n\n<p>Kuzeydo\u011fu Avrupa&#8217;n\u0131n yakla\u015f\u0131k 10 milyon n\u00fcfusa sahip etkileyici bir \u00fclkesi olan&nbsp;<strong>Belarus<\/strong>, 1991 y\u0131l\u0131nda Sovyetler Birli\u011fi&#8217;nin da\u011f\u0131lmas\u0131 ile ba\u011f\u0131ms\u0131zl\u0131\u011f\u0131n\u0131 ilan etti. Topraklar\u0131n\u0131n y\u00fczde 40&#8217;\u0131ndan fazlas\u0131 ormanlarla kapl\u0131 <strong>Beyaz Rusya<\/strong>, T\u00fcrkiye ile geli\u015fen olumlu ili\u015fkilerin ard\u0131ndan kar\u015f\u0131l\u0131kl\u0131 olarak vizelerin kald\u0131r\u0131ld\u0131\u011f\u0131 bir \u00fclke oldu.<\/p>\n\n\n\n<p>Sovyet D\u00f6nemi yans\u0131malar\u0131n\u0131n rahatl\u0131kla g\u00f6zlemlenebildi\u011fi \u00fclke, ziyaret\u00e7ilerine farkl\u0131 bir deneyim ya\u015fat\u0131yor. T\u00fcrkler i\u00e7in 30 g\u00fcn boyunca vizesiz seyahat imkan\u0131 sunan bu \u015firin \u00fclkede; ba\u015fkent <strong>Minsk<\/strong>, <strong>Mazyr<\/strong>, <strong>Gomel&nbsp;<\/strong>ve <strong>Navapolatsk<\/strong> gibi \u015fehirler ile&nbsp;<strong>Brest Kalesi<\/strong>, <strong>Nesvizh Saray\u0131<\/strong> ve <strong>Mir Kalesi<\/strong> gibi tarihi yap\u0131lar da olduk\u00e7a be\u011feni topluyor.<\/p>\n\n\n\n<p><strong><a href=\"https:\/\/www.turna.com\/ucak-bileti\/belarus\" target=\"_blank\" rel=\"noreferrer noopener\">Belarus u\u00e7ak bileti<\/a><\/strong> se\u00e7enekleri i\u00e7in Turna.com&#8217;u ziyaret edin.<\/p>\n\n\n\n<h3 class=\"wp-block-heading has-text-align-center has-neeon-button-dark-gray-color has-text-color has-link-color wp-elements-9b82a063d21e43d145a41015a709a862\"><span class=\"ez-toc-section\" id=\"bosna-hersek\"><\/span><strong>Bosna-Hersek<\/strong><span class=\"ez-toc-section-end\"><\/span><\/h3>\n\n\n\n<p><img width=\"800\" height=\"500\" data-public-id=\"Bosna-Hersek_v6ots5\/Bosna-Hersek_v6ots5.jpg\" decoding=\"async\" class=\"alignnone wp-post-6266 wp-image-6382\" src=\"https:\/\/res.cloudinary.com\/turna\/images\/w_800,h_500,c_scale\/f_auto,q_auto\/f_auto,q_auto:low\/v1486065787\/Bosna-Hersek_v6ots5\/Bosna-Hersek_v6ots5.jpg?_i=AA\" data-format=\"jpg\" data-transformations=\"f_auto,q_auto\/f_auto,q_auto:low\" data-version=\"1486065787\" data-seo=\"1\" srcset=\"https:\/\/res.cloudinary.com\/turna\/images\/f_auto,q_auto\/f_auto,q_auto\/f_auto,q_auto:low\/v1486065787\/Bosna-Hersek_v6ots5\/Bosna-Hersek_v6ots5.jpg?_i=AA 800w, https:\/\/res.cloudinary.com\/turna\/images\/w_300,h_188,c_scale\/f_auto,q_auto\/f_auto,q_auto\/f_auto,q_auto:low\/v1486065787\/Bosna-Hersek_v6ots5\/Bosna-Hersek_v6ots5.jpg?_i=AA 300w, https:\/\/res.cloudinary.com\/turna\/images\/w_672,h_420,c_scale\/f_auto,q_auto\/f_auto,q_auto\/f_auto,q_auto:low\/v1486065787\/Bosna-Hersek_v6ots5\/Bosna-Hersek_v6ots5.jpg?_i=AA 672w, https:\/\/res.cloudinary.com\/turna\/images\/w_640,h_400,c_scale\/f_auto,q_auto\/f_auto,q_auto\/f_auto,q_auto:low\/v1486065787\/Bosna-Hersek_v6ots5\/Bosna-Hersek_v6ots5.jpg?_i=AA 640w, https:\/\/res.cloudinary.com\/turna\/images\/w_681,h_426,c_scale\/f_auto,q_auto\/f_auto,q_auto\/f_auto,q_auto:low\/v1486065787\/Bosna-Hersek_v6ots5\/Bosna-Hersek_v6ots5.jpg?_i=AA 681w\" sizes=\"(max-width: 800px) 100vw, 800px\" \/><\/p>\n\n\n\n<p>\u00c7o\u011funlukla Bo\u015fnaklar, S\u0131rplar ve H\u0131rvatlar&#8217;dan olu\u015fan&nbsp;\u00fc\u00e7 etnik gruba ait insanlar\u0131n ya\u015fad\u0131\u011f\u0131 <strong>Bosna-Hersek<\/strong>, ba\u015fkent Saraybosna, Mostar, Neum gibi \u015fehirleri ile ekonomik bir tatil hayal edenlerin vazge\u00e7ilmez rotalar\u0131ndan. <\/p>\n\n\n\n<p>Avrupa&#8217;da en \u00e7ok M\u00fcsl\u00fcman n\u00fcfusu bar\u0131nd\u0131ran \u00fclkelerden biri olan Bosna-Hersek Federasyonu son y\u0131llarda turizmde ata\u011fa ge\u00e7ti. 90&#8217;l\u0131 y\u0131llarda ya\u015fanan S\u0131rp Sava\u015f\u0131&#8217;nda ortaya \u00e7\u0131kan g\u00f6r\u00fcnt\u00fcler ak\u0131llardan silinmezken, sava\u015f\u0131 an\u0131msatan semboller ziyarete a\u00e7\u0131k.<\/p>\n\n\n\n<p>Bu tarihi \u00fclkeyi ziyaret etti\u011finizde;&nbsp;Srebrenica An\u0131tsal Galerisi,&nbsp;Saraybosna Sava\u015f T\u00fcneli M\u00fczesi, Mostar K\u00f6pr\u00fcs\u00fc gibi \u00f6nemli noktalar\u0131 g\u00f6rmeyi unutmay\u0131n. T\u00fcrk vatanda\u015flar\u0131 180 g\u00fcn i\u00e7inde 90 g\u00fcn\u00fc a\u015fmamak kayd\u0131yla \u00fclkeye vizesiz olarak seyahat edebiliyor. Saraybosna, Mostar g\u00f6r\u00fclmesi gereken \u015fehirler.<\/p>\n\n\n\n<p><strong><a href=\"https:\/\/www.turna.com\/ucak-bileti\/bosna-hersek\" target=\"_blank\" rel=\"noreferrer noopener\">Bosna Hersek u\u00e7ak bileti<\/a><\/strong> se\u00e7enekleri i\u00e7in Turna.com&#8217;u ziyaret edin.<\/p>\n\n\n\n<h3 class=\"wp-block-heading has-text-align-center has-neeon-button-dark-gray-color has-text-color has-link-color wp-elements-96e2c64b95deecd52d2bb77320946a4b\"><span class=\"ez-toc-section\" id=\"ermenistan\"><\/span><strong>Ermenistan<\/strong><span class=\"ez-toc-section-end\"><\/span><\/h3>\n\n\n\n<figure class=\"wp-block-image size-large\"><img width=\"800\" height=\"500\" data-public-id=\"Erivan-Ermenistan_vxfjhf\/Erivan-Ermenistan_vxfjhf.jpg\" decoding=\"async\" src=\"https:\/\/res.cloudinary.com\/turna\/images\/w_800,h_500,c_scale\/f_auto,q_auto:low\/v1498912862\/Erivan-Ermenistan_vxfjhf\/Erivan-Ermenistan_vxfjhf.jpg?_i=AA\" alt=\"Ermenistan\" class=\"wp-post-6266 wp-image-8738\" data-format=\"jpg\" data-transformations=\"f_auto,q_auto:low\" data-version=\"1498912862\" data-seo=\"1\" srcset=\"https:\/\/res.cloudinary.com\/turna\/images\/f_auto,q_auto:low\/v1498912862\/Erivan-Ermenistan_vxfjhf\/Erivan-Ermenistan_vxfjhf.jpg?_i=AA 800w, https:\/\/res.cloudinary.com\/turna\/images\/w_300,h_188,c_scale\/f_auto,q_auto:low\/v1498912862\/Erivan-Ermenistan_vxfjhf\/Erivan-Ermenistan_vxfjhf.jpg?_i=AA 300w, https:\/\/res.cloudinary.com\/turna\/images\/w_672,h_420,c_scale\/f_auto,q_auto:low\/v1498912862\/Erivan-Ermenistan_vxfjhf\/Erivan-Ermenistan_vxfjhf.jpg?_i=AA 672w, https:\/\/res.cloudinary.com\/turna\/images\/w_640,h_400,c_scale\/f_auto,q_auto:low\/v1498912862\/Erivan-Ermenistan_vxfjhf\/Erivan-Ermenistan_vxfjhf.jpg?_i=AA 640w, https:\/\/res.cloudinary.com\/turna\/images\/w_681,h_426,c_scale\/f_auto,q_auto:low\/v1498912862\/Erivan-Ermenistan_vxfjhf\/Erivan-Ermenistan_vxfjhf.jpg?_i=AA 681w\" sizes=\"(max-width: 800px) 100vw, 800px\" \/><\/figure>\n\n\n\n<p>T\u00fcrkiye&#8217;nin resmi olarak diplomatik ili\u015fkisinin bulunmad\u0131\u011f\u0131 <strong>Ermenistan<\/strong>, t\u00fcm pasaport t\u00fcrlerine vize uyguluyor. \u00dclkeye havaliman\u0131ndan giri\u015f yap\u0131lmas\u0131 halinde (sadece umuma mahsus -bordo- pasaport sahipleri) 120 g\u00fcnl\u00fck vize veriliyor. B\u00f6lgede ekonomik s\u0131k\u0131nt\u0131lar nedeniyle zor g\u00fcnler ge\u00e7iren Ermenistan&#8217;\u0131 ziyaret edenler adeta 80&#8217;li y\u0131llar\u0131 deneyimliyor.<\/p>\n\n\n\n<p><strong><a href=\"https:\/\/www.turna.com\/ucak-bileti\/ermenistan\" target=\"_blank\" rel=\"noreferrer noopener\">Ermenistan u\u00e7ak bileti<\/a><\/strong> se\u00e7enekleri i\u00e7in Turna.com&#8217;u ziyaret edin.<\/p>\n\n\n\n<h3 class=\"wp-block-heading has-text-align-center has-neeon-button-dark-gray-color has-text-color has-link-color wp-elements-d16c52a1d55d84fc71600c0a28d8d495\"><span class=\"ez-toc-section\" id=\"gurcistan\"><\/span><strong>G\u00fcrcistan<\/strong><span class=\"ez-toc-section-end\"><\/span><\/h3>\n\n\n\n<figure class=\"wp-block-image size-large\"><img decoding=\"async\" src=\"https:\/\/res.cloudinary.com\/turna\/image\/upload\/v1649895183\/g%C3%BCrcistan_ntrpyb.jpg\" alt=\"G\u00fcrcistan\"\/><\/figure>\n\n\n\n<p><strong>G\u00fcrcistan<\/strong>&#8216;a seyahat edecek T\u00fcrk vatanda\u015flar\u0131n\u0131n yanlar\u0131nda n\u00fcfus c\u00fczdanlar\u0131n\u0131 ta\u015f\u0131malar\u0131 yeterli. \u0130ki \u00fclke aras\u0131nda yap\u0131lan anla\u015fma 2011 y\u0131l\u0131ndan bu yana s\u00fcrd\u00fcr\u00fcl\u00fcyor. \u00d6zellikle Do\u011fu Karadeniz turlar\u0131 ile birlikte pazarlanan <strong>Batum<\/strong> ve ba\u015fkent <strong>Tiflis<\/strong> en \u00e7ok ilgi \u00e7eken G\u00fcrc\u00fc \u015fehirleri aras\u0131nda yer al\u0131yor.<\/p>\n\n\n\n<p>Do\u011fal g\u00fczellikleri, Karadeniz k\u0131y\u0131s\u0131ndaki plajlar\u0131 ile G\u00fcrcistan, farkl\u0131 bir deneyim ya\u015famak isteyenlerin tercihi. \u00dclkeye ilk giri\u015f tarihinden itibaren bir y\u0131la kadar kalmak m\u00fcmk\u00fcn.<\/p>\n\n\n\n<p><strong><a href=\"https:\/\/www.turna.com\/ucak-bileti\/gurcistan\" target=\"_blank\" rel=\"noreferrer noopener\">G\u00fcrcistan u\u00e7ak bileti<\/a><\/strong> se\u00e7enekleri i\u00e7in Turna.com&#8217;u ziyaret edin.<\/p>\n\n\n\n<h3 class=\"wp-block-heading has-text-align-center has-neeon-button-dark-gray-color has-text-color has-link-color wp-elements-b9ab2da3dc08f0949f14fe70b274a4e6\"><span class=\"ez-toc-section\" id=\"karadag\"><\/span><strong>Karada\u011f<\/strong><span class=\"ez-toc-section-end\"><\/span><\/h3>\n\n\n\n<figure class=\"wp-block-image is-style-default\"><img width=\"800\" height=\"500\" data-public-id=\"Montenegro_xpvcfw\/Montenegro_xpvcfw.jpg\" decoding=\"async\" src=\"https:\/\/res.cloudinary.com\/turna\/images\/w_800,h_500,c_scale\/f_auto,q_auto\/f_auto,q_auto:low\/v1486065723\/Montenegro_xpvcfw\/Montenegro_xpvcfw.jpg?_i=AA\" alt=\"Avrupa&#039;da Vize \u0130stemeyen \u00dclkeler Karada\u011f\" class=\"wp-post-6266 wp-image-6377\" data-format=\"jpg\" data-transformations=\"f_auto,q_auto\/f_auto,q_auto:low\" data-version=\"1486065723\" data-seo=\"1\" srcset=\"https:\/\/res.cloudinary.com\/turna\/images\/f_auto,q_auto\/f_auto,q_auto\/f_auto,q_auto:low\/v1486065723\/Montenegro_xpvcfw\/Montenegro_xpvcfw.jpg?_i=AA 800w, https:\/\/res.cloudinary.com\/turna\/images\/w_300,h_188,c_scale\/f_auto,q_auto\/f_auto,q_auto\/f_auto,q_auto:low\/v1486065723\/Montenegro_xpvcfw\/Montenegro_xpvcfw.jpg?_i=AA 300w, https:\/\/res.cloudinary.com\/turna\/images\/w_672,h_420,c_scale\/f_auto,q_auto\/f_auto,q_auto\/f_auto,q_auto:low\/v1486065723\/Montenegro_xpvcfw\/Montenegro_xpvcfw.jpg?_i=AA 672w, https:\/\/res.cloudinary.com\/turna\/images\/w_640,h_400,c_scale\/f_auto,q_auto\/f_auto,q_auto\/f_auto,q_auto:low\/v1486065723\/Montenegro_xpvcfw\/Montenegro_xpvcfw.jpg?_i=AA 640w, https:\/\/res.cloudinary.com\/turna\/images\/w_681,h_426,c_scale\/f_auto,q_auto\/f_auto,q_auto\/f_auto,q_auto:low\/v1486065723\/Montenegro_xpvcfw\/Montenegro_xpvcfw.jpg?_i=AA 681w\" sizes=\"(max-width: 800px) 100vw, 800px\" \/><figcaption class=\"wp-element-caption\">Avrupa&#8217;da Vize \u0130stemeyen \u00dclkeler &#8211; Karada\u011f<\/figcaption><\/figure>\n\n\n\n<p>Adriyatik&#8217;in incisi <strong>Karada\u011f<\/strong>, Budva, Kotor gibi \u015fehirlerdeki kumsallar\u0131yla Avrupa&#8217;da y\u00fckselen de\u011fere d\u00f6n\u00fc\u015ft\u00fc. Uygun konaklama se\u00e7enekleri ve bozulmam\u0131\u015f do\u011fal yap\u0131s\u0131yla turistleri cezbeden \u00fclkede, tarihin izleri ke\u015ffediliyor.<\/p>\n\n\n\n<p>B\u00fcy\u00fcleyici manzaralara sahip Adriyatik k\u0131y\u0131lar\u0131n\u0131n yan\u0131 s\u0131ra Orta \u00c7a\u011f&#8217;dan kalma mimarisiyle UNESCO D\u00fcnya Miras\u0131 Listesinde yer alan&nbsp;<strong>Kotor<\/strong> \u015fehriyle de ad\u0131ndan s\u00f6z ettiren&nbsp;Karada\u011f, vizesiz seyahat eden turistlerin en g\u00f6zde adreslerinden biri. <\/p>\n\n\n\n<p>Muhte\u015fem ta\u015f binalar\u0131 ve \u00f6nemli festivallerle Karada\u011f, gen\u00e7lerin de rotas\u0131nda. T\u00fcrk vatanda\u015flar\u0131 90 g\u00fcne kadar giri\u015flerde vizesiz seyahat edebiliyor. T\u00fcrkiye&#8217;ye yaln\u0131zca iki saat uzakl\u0131ktaki bu \u015fahane \u00fclkede; ba\u015fkent <strong>Podgorica <\/strong>ve e\u015fsiz sahilleri ile \u00fcnlenen&nbsp;<strong>Budva<\/strong>&nbsp;b\u00f6lgesini de ziyaret edebilirsiniz.<\/p>\n\n\n\n<p><strong><a href=\"https:\/\/www.turna.com\/ucak-bileti\/karadag\" target=\"_blank\" rel=\"noreferrer noopener\">Karada\u011f u\u00e7ak bileti<\/a><\/strong> se\u00e7enekleri i\u00e7in Turna.com&#8217;u ziyaret edin.<\/p>\n\n\n\n<h3 class=\"wp-block-heading has-text-align-center has-neeon-button-dark-gray-color has-text-color has-link-color wp-elements-83f803f3a0bfc2a8f5a481404206f9aa\"><span class=\"ez-toc-section\" id=\"kosova\"><\/span><strong>Kosova<\/strong><span class=\"ez-toc-section-end\"><\/span><\/h3>\n\n\n\n<figure class=\"wp-block-image size-large\"><img width=\"800\" height=\"500\" data-public-id=\"Vizesiz-Balkan-Ulkeleri-Kosova\/Vizesiz-Balkan-Ulkeleri-Kosova.jpg\" decoding=\"async\" src=\"https:\/\/res.cloudinary.com\/turna\/images\/w_800,h_500,c_scale\/f_auto,q_auto:low\/v1637568276\/Vizesiz-Balkan-Ulkeleri-Kosova\/Vizesiz-Balkan-Ulkeleri-Kosova.jpg?_i=AA\" alt=\"Kosova\" class=\"wp-post-6266 wp-image-20343\" data-format=\"jpg\" data-transformations=\"f_auto,q_auto:low\" data-version=\"1637568276\" data-seo=\"1\" srcset=\"https:\/\/res.cloudinary.com\/turna\/images\/f_auto,q_auto:low\/v1637568276\/Vizesiz-Balkan-Ulkeleri-Kosova\/Vizesiz-Balkan-Ulkeleri-Kosova.jpg?_i=AA 800w, https:\/\/res.cloudinary.com\/turna\/images\/w_300,h_188,c_scale\/f_auto,q_auto:low\/v1637568276\/Vizesiz-Balkan-Ulkeleri-Kosova\/Vizesiz-Balkan-Ulkeleri-Kosova.jpg?_i=AA 300w, https:\/\/res.cloudinary.com\/turna\/images\/w_672,h_420,c_scale\/f_auto,q_auto:low\/v1637568276\/Vizesiz-Balkan-Ulkeleri-Kosova\/Vizesiz-Balkan-Ulkeleri-Kosova.jpg?_i=AA 672w, https:\/\/res.cloudinary.com\/turna\/images\/w_640,h_400,c_scale\/f_auto,q_auto:low\/v1637568276\/Vizesiz-Balkan-Ulkeleri-Kosova\/Vizesiz-Balkan-Ulkeleri-Kosova.jpg?_i=AA 640w, https:\/\/res.cloudinary.com\/turna\/images\/w_681,h_426,c_scale\/f_auto,q_auto:low\/v1637568276\/Vizesiz-Balkan-Ulkeleri-Kosova\/Vizesiz-Balkan-Ulkeleri-Kosova.jpg?_i=AA 681w\" sizes=\"(max-width: 800px) 100vw, 800px\" \/><\/figure>\n\n\n\n<p>Avrupa&#8217;n\u0131n en gen\u00e7 \u00fclkelerinden <strong>Kosova<\/strong>, 2008 y\u0131l\u0131ndan bu yana ba\u011f\u0131ms\u0131z. Bir\u00e7ok T\u00fcrk-Osmanl\u0131 eserine sahip olan \u00fclkeye, 180 g\u00fcn i\u00e7inde 90 g\u00fcne kadar vizesiz seyahat edilebiliyor. \u00dclkeye havayolu ile giri\u015f yap\u0131labilen tek nokta olan ba\u015fkent <strong>Pri\u015ftine<\/strong>, kiliseler, saat kuleleri ve tarihi yap\u0131lar\u0131yla dikkat \u00e7ekici. Yugoslavya&#8217;n\u0131n en fakir b\u00f6lgesi olarak tan\u0131nan Kosova&#8217;da ekonomik yapt\u0131r\u0131mlar a\u015f\u0131lmaya \u00e7al\u0131\u015f\u0131l\u0131yor.<\/p>\n\n\n\n<p><strong><a href=\"https:\/\/www.turna.com\/ucak-bileti\/kosova\" target=\"_blank\" rel=\"noreferrer noopener\">Kosova u\u00e7ak bileti<\/a><\/strong> se\u00e7enekleri i\u00e7in Turna.com&#8217;u ziyaret edin.<\/p>\n\n\n\n<h3 class=\"wp-block-heading has-text-align-center has-neeon-button-dark-gray-color has-text-color has-link-color wp-elements-eddf969d1bb627c58ce8d58b61ef5e04\"><span class=\"ez-toc-section\" id=\"kuzey_kibris_turk_cumhuriyeti\"><\/span><strong>Kuzey K\u0131br\u0131s T\u00fcrk Cumhuriyeti<\/strong><span class=\"ez-toc-section-end\"><\/span><\/h3>\n\n\n\n<figure class=\"wp-block-image size-large\"><img width=\"800\" height=\"500\" data-public-id=\"Kibris-Gezilecek-Yerler\/Kibris-Gezilecek-Yerler.jpg\" decoding=\"async\" src=\"https:\/\/res.cloudinary.com\/turna\/images\/w_800,h_500,c_scale\/f_auto,q_auto:low\/v1630314392\/Kibris-Gezilecek-Yerler\/Kibris-Gezilecek-Yerler.jpg?_i=AA\" alt=\"kktc\" class=\"wp-post-6266 wp-image-19800\" data-format=\"jpg\" data-transformations=\"f_auto,q_auto:low\" data-version=\"1630314392\" data-seo=\"1\" srcset=\"https:\/\/res.cloudinary.com\/turna\/images\/f_auto,q_auto:low\/v1630314392\/Kibris-Gezilecek-Yerler\/Kibris-Gezilecek-Yerler.jpg?_i=AA 800w, https:\/\/res.cloudinary.com\/turna\/images\/w_300,h_188,c_scale\/f_auto,q_auto:low\/v1630314392\/Kibris-Gezilecek-Yerler\/Kibris-Gezilecek-Yerler.jpg?_i=AA 300w, https:\/\/res.cloudinary.com\/turna\/images\/w_672,h_420,c_scale\/f_auto,q_auto:low\/v1630314392\/Kibris-Gezilecek-Yerler\/Kibris-Gezilecek-Yerler.jpg?_i=AA 672w, https:\/\/res.cloudinary.com\/turna\/images\/w_640,h_400,c_scale\/f_auto,q_auto:low\/v1630314392\/Kibris-Gezilecek-Yerler\/Kibris-Gezilecek-Yerler.jpg?_i=AA 640w, https:\/\/res.cloudinary.com\/turna\/images\/w_681,h_426,c_scale\/f_auto,q_auto:low\/v1630314392\/Kibris-Gezilecek-Yerler\/Kibris-Gezilecek-Yerler.jpg?_i=AA 681w\" sizes=\"(max-width: 800px) 100vw, 800px\" \/><\/figure>\n\n\n\n<p>T\u00fcrk vatanda\u015flar\u0131n\u0131n uzun s\u00fcreli ziyaretler d\u0131\u015f\u0131nda kimlikle giri\u015f yapabildi\u011fi iki \u00fclkeden biri olan <strong>Kuzey K\u0131br\u0131s T\u00fcrk Cumhuriyeti<\/strong>, farkl\u0131 konseptdeki bir\u00e7ok tatil alternatifini bir arada sunuyor. Balay\u0131, deniz-kum-g\u00fcne\u015f, casino gibi se\u00e7eneklere ilgi g\u00f6steren T\u00fcrk turistler, bir\u00e7ok \u015fehirden yap\u0131lan u\u00e7u\u015flarla \u00fclkeye ula\u015fabiliyor. Mersin&#8217;den vapur ile ula\u015f\u0131m se\u00e7ene\u011fi de bulunuyor.<\/p>\n\n\n\n<p><strong><a href=\"https:\/\/www.turna.com\/ucak-bileti\/kibris\" target=\"_blank\" rel=\"noreferrer noopener\">K\u0131br\u0131s u\u00e7ak bileti<\/a><\/strong> se\u00e7enekleri i\u00e7in Turna.com&#8217;u ziyaret edin.<\/p>\n\n\n\n<h3 class=\"wp-block-heading has-text-align-center has-neeon-button-dark-gray-color has-text-color has-link-color wp-elements-2d0abfbe1045d8068282d42de00bcafc\"><span class=\"ez-toc-section\" id=\"makedonya\"><\/span><strong>Makedonya<\/strong><span class=\"ez-toc-section-end\"><\/span><\/h3>\n\n\n\n<figure class=\"wp-block-image is-style-default\"><img width=\"800\" height=\"500\" data-public-id=\"Uskup_zai38z\/Uskup_zai38z.jpg\" loading=\"lazy\" decoding=\"async\" src=\"https:\/\/res.cloudinary.com\/turna\/images\/w_800,h_500,c_scale\/f_auto,q_auto\/f_auto,q_auto:low\/v1486065741\/Uskup_zai38z\/Uskup_zai38z.jpg?_i=AA\" alt=\"Makedonya\" class=\"wp-post-6266 wp-image-6378\" data-format=\"jpg\" data-transformations=\"f_auto,q_auto\/f_auto,q_auto:low\" data-version=\"1486065741\" data-seo=\"1\" srcset=\"https:\/\/res.cloudinary.com\/turna\/images\/f_auto,q_auto\/f_auto,q_auto\/f_auto,q_auto:low\/v1486065741\/Uskup_zai38z\/Uskup_zai38z.jpg?_i=AA 800w, https:\/\/res.cloudinary.com\/turna\/images\/w_300,h_188,c_scale\/f_auto,q_auto\/f_auto,q_auto\/f_auto,q_auto:low\/v1486065741\/Uskup_zai38z\/Uskup_zai38z.jpg?_i=AA 300w, https:\/\/res.cloudinary.com\/turna\/images\/w_672,h_420,c_scale\/f_auto,q_auto\/f_auto,q_auto\/f_auto,q_auto:low\/v1486065741\/Uskup_zai38z\/Uskup_zai38z.jpg?_i=AA 672w, https:\/\/res.cloudinary.com\/turna\/images\/w_640,h_400,c_scale\/f_auto,q_auto\/f_auto,q_auto\/f_auto,q_auto:low\/v1486065741\/Uskup_zai38z\/Uskup_zai38z.jpg?_i=AA 640w, https:\/\/res.cloudinary.com\/turna\/images\/w_681,h_426,c_scale\/f_auto,q_auto\/f_auto,q_auto\/f_auto,q_auto:low\/v1486065741\/Uskup_zai38z\/Uskup_zai38z.jpg?_i=AA 681w\" sizes=\"(max-width: 800px) 100vw, 800px\" \/><\/figure>\n\n\n\n<p>542 y\u0131l boyunca Osmanl\u0131 egemenli\u011finde kalan <strong>Makedonya<\/strong>, g\u00fcn\u00fcm\u00fczde hala o d\u00f6nemlerin k\u00fclt\u00fcrel ve mimari \u00f6zelliklerini yans\u0131tmaya devam ediyor. Ba\u015fta <strong>\u00dcsk\u00fcp<\/strong> ve <strong>Ohri<\/strong> \u015fehri olmak \u00fczere gezilip g\u00f6r\u00fclecek \u00e7ok say\u0131da turistik noktas\u0131 bulunan \u00fclkede 90 g\u00fcne kadar vizesiz kalabilmek m\u00fcmk\u00fcn.<\/p>\n\n\n\n<p>Ayr\u0131ca Mustafa Pa\u015fa Camii, Eski \u00c7ar\u015f\u0131, Ta\u015f K\u00f6pr\u00fc,&nbsp;\u00dcsk\u00fcp Kalesi ve Ohri G\u00f6l\u00fc de Makedonya&#8217;n\u0131n pop\u00fcler ziyaret adreslerinden. Uygun fiyatlar\u0131 ile ekonomik bir tatil isteyenlerin ilk tercihleri aras\u0131nda yer alan Makedonya, Avrupa&#8217;da farkl\u0131 bir k\u00fclt\u00fcr deneyimi ya\u015fat\u0131yor.<\/p>\n\n\n\n<p><strong><a href=\"https:\/\/www.turna.com\/ucak-bileti\/makedonya\" target=\"_blank\" rel=\"noreferrer noopener\">Makedonya u\u00e7ak bileti<\/a><\/strong> se\u00e7enekleri i\u00e7in Turna.com&#8217;u ziyaret edin.<\/p>\n\n\n\n<h3 class=\"wp-block-heading has-text-align-center has-neeon-button-dark-gray-color has-text-color has-link-color wp-elements-4c804775ee9361a432777329f7efc270\"><span class=\"ez-toc-section\" id=\"moldova\"><\/span><strong>Moldova<\/strong><span class=\"ez-toc-section-end\"><\/span><\/h3>\n\n\n\n<figure class=\"wp-block-image size-large\"><img decoding=\"async\" src=\"https:\/\/res.cloudinary.com\/turna\/image\/upload\/v1649895183\/moldova_rxnxhp.jpg\" alt=\"Moldova\"\/><\/figure>\n\n\n\n<p>Prut ve Dinyester nehirlerinin sulad\u0131\u011f\u0131 vadide kurulan <strong>Moldova<\/strong>, do\u011fu Avrupa&#8217;da <strong>Ukrayna<\/strong> ve <strong>Romanya<\/strong> aras\u0131nda konumlan\u0131yor. T\u00fcrk vatanda\u015flar\u0131na 90 g\u00fcne kadar vizesiz seyahat hakk\u0131 tan\u0131yan \u00fclkede, Sovyet D\u00f6nemi izleri g\u00f6zlemleniyor. Avrupa&#8217;n\u0131n en fakir \u00fclkelerinden biri olan Moldova, a\u011f\u0131rl\u0131kl\u0131 olarak tar\u0131m ekonomisi ile ayakta. Asma bah\u00e7eleri ve \u015farab\u0131 ile tan\u0131nan \u00fclkede, gece hayat\u0131 olduk\u00e7a pop\u00fcler.<\/p>\n\n\n\n<p><strong><a href=\"https:\/\/www.turna.com\/ucak-bileti\/moldovya\" target=\"_blank\" rel=\"noreferrer noopener\">Moldova u\u00e7ak bileti <\/a><\/strong>se\u00e7enekleri i\u00e7in Turna.com&#8217;u ziyaret edin.<\/p>\n\n\n\n<h3 class=\"wp-block-heading has-text-align-center has-neeon-button-dark-gray-color has-text-color has-link-color wp-elements-e4ec8addf67f575f16c1ee1c86bf770e\"><span class=\"ez-toc-section\" id=\"rusya\"><\/span><strong><span style=\"text-decoration: underline;\">Rusya<\/span><\/strong><span class=\"ez-toc-section-end\"><\/span><\/h3>\n\n\n\n<figure class=\"wp-block-image size-large\"><img decoding=\"async\" src=\"https:\/\/res.cloudinary.com\/turna\/image\/upload\/v1461249087\/Images\/Pictures\/Content\/City\/rusya-header.jpg\" alt=\"Avrupa'da Vize \u0130stemeyen \u00dclkeler Rusya\"\/><\/figure>\n\n\n\n<p>Farkl\u0131 k\u00fclt\u00fcr ve ya\u015fam tarzlar\u0131 ile her b\u00f6lgesinde ayr\u0131 bir deneyim ya\u015fanabilen <strong>Rusya<\/strong>, T\u00fcrk vatanda\u015flar\u0131n\u0131n <del>vizesiz seyahat edebildi\u011fi \u00fclkeler aras\u0131nda<\/del>. 180 g\u00fcn i\u00e7erisinde 90 g\u00fcn\u00fc a\u015fmayan giri\u015fler vizesiz yap\u0131labiliyor. M\u00fczik, sanat, felsefe, sinema ve mimari anlamda d\u00fcnyada bir\u00e7ok ilke sahne olan \u00fclke, T\u00fcrk turistlerin ilgi g\u00f6sterdi\u011fi destinasyonlardan biri. <strong>Moskova<\/strong>, <strong>St.Petersburg<\/strong>, <strong>So\u00e7i<\/strong> s\u0131k\u00e7a tercih edilen \u015fehirlerden. Yap\u0131lan son de\u011fi\u015fikliklere g\u00f6re Rusya i\u00e7in vize al\u0131nmas\u0131 gerekiyor.<\/p>\n\n\n\n<p><strong><a href=\"https:\/\/www.turna.com\/ucak-bileti\/rusya\" target=\"_blank\" rel=\"noreferrer noopener\">Rusya u\u00e7ak bileti<\/a><\/strong> se\u00e7enekleri i\u00e7in Turna.com&#8217;u ziyaret edin.<\/p>\n\n\n\n<h3 class=\"wp-block-heading has-text-align-center has-neeon-button-dark-gray-color has-text-color has-link-color wp-elements-56c86e923b75c21368c4fa19e27ebc8f\"><span class=\"ez-toc-section\" id=\"sirbistan\"><\/span><strong>S\u0131rbistan<\/strong><span class=\"ez-toc-section-end\"><\/span><\/h3>\n\n\n\n<figure class=\"wp-block-image size-large\"><img width=\"1024\" height=\"640\" data-public-id=\"nis-sirbistan\/nis-sirbistan.jpg\" decoding=\"async\" src=\"https:\/\/res.cloudinary.com\/turna\/images\/w_1024,h_640,c_scale\/f_auto,q_auto:low\/v1609405221\/nis-sirbistan\/nis-sirbistan.jpg?_i=AA\" alt=\"S\u0131rbistan\" class=\"wp-post-6266 wp-image-18210\" data-format=\"jpg\" data-transformations=\"f_auto,q_auto:low\" data-version=\"1609405221\" data-seo=\"1\" srcset=\"https:\/\/res.cloudinary.com\/turna\/images\/f_auto,q_auto:low\/v1609405221\/nis-sirbistan\/nis-sirbistan.jpg?_i=AA 1024w, https:\/\/res.cloudinary.com\/turna\/images\/w_800,h_500,c_scale\/f_auto,q_auto:low\/v1609405221\/nis-sirbistan\/nis-sirbistan.jpg?_i=AA 800w, https:\/\/res.cloudinary.com\/turna\/images\/w_300,h_188,c_scale\/f_auto,q_auto:low\/v1609405221\/nis-sirbistan\/nis-sirbistan.jpg?_i=AA 300w, https:\/\/res.cloudinary.com\/turna\/images\/w_672,h_420,c_scale\/f_auto,q_auto:low\/v1609405221\/nis-sirbistan\/nis-sirbistan.jpg?_i=AA 672w, https:\/\/res.cloudinary.com\/turna\/images\/w_640,h_400,c_scale\/f_auto,q_auto:low\/v1609405221\/nis-sirbistan\/nis-sirbistan.jpg?_i=AA 640w, https:\/\/res.cloudinary.com\/turna\/images\/w_681,h_426,c_scale\/f_auto,q_auto:low\/v1609405221\/nis-sirbistan\/nis-sirbistan.jpg?_i=AA 681w\" sizes=\"(max-width: 1024px) 100vw, 1024px\" \/><\/figure>\n\n\n\n<p>Avrupa&#8217;da en ekonomik tatil yap\u0131labilen destinasyonlar aras\u0131nda bulunan <strong>S\u0131rbistan<\/strong>, Makedonya, Karada\u011f, Bosna-Hersek, Macaristan, H\u0131rvatistan, Arnavutluk ve Romanya ile kom\u015fu.<\/p>\n\n\n\n<p>90 g\u00fcne kadar seyahatlerde vizesiz giri\u015f imkan\u0131 tan\u0131yan S\u0131rbistan, s\u0131cakkanl\u0131, a\u00e7\u0131k g\u00f6r\u00fc\u015fl\u00fc insanlar\u0131 ile misafirperverlik g\u00f6steriyor. Yemek k\u00fclt\u00fcr\u00fc ile T\u00fcrk mutfa\u011f\u0131na yak\u0131nl\u0131k g\u00f6steren \u00fclkede, mimari ve k\u00fclt\u00fcrel bir\u00e7ok eser mevcut. <\/p>\n\n\n\n<p><strong>S\u0131rbistan<\/strong>, Avrupa&#8217;da gen\u00e7 n\u00fcfusun en fazla oldu\u011fu \u00fclkelerden biri. Renkli gece&nbsp;hayat\u0131 ve e\u011flenceli m\u00fczik festivalleri ile dikkat \u00e7eken \u00fclkede;&nbsp;ba\u015fkent Belgrad, Nova, Sad ve Nis gibi \u00fcnl\u00fc \u015fehirler ile Tuna Nehri, Petrovaradin Kalesi ve Kalemegdan b\u00f6lgesi de turistlerin olduk\u00e7a ilgisini \u00e7ekiyor.<\/p>\n\n\n\n<p><strong><a href=\"https:\/\/www.turna.com\/ucak-bileti\/sirbistan\" target=\"_blank\" rel=\"noreferrer noopener\">S\u0131rbistan u\u00e7ak bileti<\/a><\/strong> se\u00e7enekleri i\u00e7in Turna.com&#8217;u ziyaret edin.<\/p>\n\n\n\n<h3 class=\"wp-block-heading has-text-align-center has-neeon-button-dark-gray-color has-text-color has-link-color wp-elements-4ccd0a40e0ea068dc53eaf86fe15fa79\"><span class=\"ez-toc-section\" id=\"ukrayna\"><\/span><strong>Ukrayna<\/strong><span class=\"ez-toc-section-end\"><\/span><\/h3>\n\n\n\n<figure class=\"wp-block-image size-large\"><img width=\"800\" height=\"500\" data-public-id=\"guzel-yerler-tunnel-love-ask-tuneli-ukrayna\/guzel-yerler-tunnel-love-ask-tuneli-ukrayna.jpg\" decoding=\"async\" src=\"https:\/\/res.cloudinary.com\/turna\/images\/w_800,h_500,c_scale\/f_auto,q_auto:low\/v1636535843\/guzel-yerler-tunnel-love-ask-tuneli-ukrayna\/guzel-yerler-tunnel-love-ask-tuneli-ukrayna.jpg?_i=AA\" alt=\"Ukrayna\" class=\"wp-post-6266 wp-image-20104\" data-format=\"jpg\" data-transformations=\"f_auto,q_auto:low\" data-version=\"1636535843\" data-seo=\"1\" srcset=\"https:\/\/res.cloudinary.com\/turna\/images\/f_auto,q_auto:low\/v1636535843\/guzel-yerler-tunnel-love-ask-tuneli-ukrayna\/guzel-yerler-tunnel-love-ask-tuneli-ukrayna.jpg?_i=AA 800w, https:\/\/res.cloudinary.com\/turna\/images\/w_300,h_188,c_scale\/f_auto,q_auto:low\/v1636535843\/guzel-yerler-tunnel-love-ask-tuneli-ukrayna\/guzel-yerler-tunnel-love-ask-tuneli-ukrayna.jpg?_i=AA 300w, https:\/\/res.cloudinary.com\/turna\/images\/w_672,h_420,c_scale\/f_auto,q_auto:low\/v1636535843\/guzel-yerler-tunnel-love-ask-tuneli-ukrayna\/guzel-yerler-tunnel-love-ask-tuneli-ukrayna.jpg?_i=AA 672w, https:\/\/res.cloudinary.com\/turna\/images\/w_640,h_400,c_scale\/f_auto,q_auto:low\/v1636535843\/guzel-yerler-tunnel-love-ask-tuneli-ukrayna\/guzel-yerler-tunnel-love-ask-tuneli-ukrayna.jpg?_i=AA 640w, https:\/\/res.cloudinary.com\/turna\/images\/w_681,h_426,c_scale\/f_auto,q_auto:low\/v1636535843\/guzel-yerler-tunnel-love-ask-tuneli-ukrayna\/guzel-yerler-tunnel-love-ask-tuneli-ukrayna.jpg?_i=AA 681w\" sizes=\"(max-width: 800px) 100vw, 800px\" \/><\/figure>\n\n\n\n<p>Do\u011fu Avrupa &#8216;da <strong>Karadeniz<\/strong> ve Azak Denizi&#8217;ne k\u0131y\u0131s\u0131&nbsp;olan <strong>Ukrayna<\/strong>, T\u00fcrk vatanda\u015flar\u0131n\u0131 60 g\u00fcne kadar vizesiz olarak konuk ediyor. Son d\u00f6nemde siyasi \u00e7alkant\u0131larla an\u0131lan \u00fclke do\u011fal g\u00fczellikleri ile Avrupa&#8217;da en \u00e7ok turist \u00e7eken 8. \u00fclke. \u00d6zellikle Amerika ve Kanadal\u0131lar\u0131n yo\u011fun ilgi g\u00f6sterdi\u011fi \u00fclkede, ba\u015fkent Kiev, Lviv, Odessa, Kharkiv kentleri ilgi g\u00f6r\u00fcyor. Geni\u015f caddeleri ve ekonomik alternatifleri ile ba\u015fkent tatilcilerin g\u00f6zdesi.<\/p>\n\n\n\n<p>D\u00fcnyada en \u00e7ok turist \u00e7eken b\u00f6lgelerin ba\u015f\u0131nda gelen Avrupa, T\u00fcrk gezginlerin de en \u00f6nemli <strong>tatil<\/strong> rotalar\u0131 aras\u0131nda yer al\u0131yor. Avrupa&#8217;da bir\u00e7ok \u00fclkeye vize engeli nedeniyle gidemeyenlerin tercihi vizesiz destinasyonlar oluyor.<\/p>\n\n\n\n<p>Turna <strong><a href=\"https:\/\/www.turna.com\/ucak-bileti\">u\u00e7ak bileti<\/a> <\/strong>kampanyalar\u0131n\u0131 de\u011ferlendirerek, Avrupa&#8217;n\u0131n birbirinden g\u00fczel ve etkileyici vizesiz \u00fclkelerini ke\u015ffetmeye ba\u015flayabilirsiniz.<\/p>\n\n\n\n<h3 class=\"wp-block-heading has-text-align-center has-neeon-button-dark-gray-color has-text-color has-link-color wp-elements-62f5efdb11c58cde1f4fab661fe27f09\"><span class=\"ez-toc-section\" id=\"andorra\"><\/span><strong>Andorra<\/strong><span class=\"ez-toc-section-end\"><\/span><\/h3>\n\n\n\n<figure class=\"wp-block-image size-large\"><img width=\"800\" height=\"500\" data-public-id=\"Ordino-Andorra\/Ordino-Andorra.jpg\" decoding=\"async\" src=\"https:\/\/res.cloudinary.com\/turna\/images\/w_800,h_500,c_scale\/f_auto,q_auto:low\/v1618422798\/Ordino-Andorra\/Ordino-Andorra.jpg?_i=AA\" alt=\"Avrupa&#039;da Vize \u0130stemeyen \u00dclkeler Andorra\" class=\"wp-post-6266 wp-image-18882\" data-format=\"jpg\" data-transformations=\"f_auto,q_auto:low\" data-version=\"1618422798\" data-seo=\"1\" srcset=\"https:\/\/res.cloudinary.com\/turna\/images\/f_auto,q_auto:low\/v1618422798\/Ordino-Andorra\/Ordino-Andorra.jpg?_i=AA 800w, https:\/\/res.cloudinary.com\/turna\/images\/w_300,h_188,c_scale\/f_auto,q_auto:low\/v1618422798\/Ordino-Andorra\/Ordino-Andorra.jpg?_i=AA 300w, https:\/\/res.cloudinary.com\/turna\/images\/w_672,h_420,c_scale\/f_auto,q_auto:low\/v1618422798\/Ordino-Andorra\/Ordino-Andorra.jpg?_i=AA 672w, https:\/\/res.cloudinary.com\/turna\/images\/w_640,h_400,c_scale\/f_auto,q_auto:low\/v1618422798\/Ordino-Andorra\/Ordino-Andorra.jpg?_i=AA 640w, https:\/\/res.cloudinary.com\/turna\/images\/w_681,h_426,c_scale\/f_auto,q_auto:low\/v1618422798\/Ordino-Andorra\/Ordino-Andorra.jpg?_i=AA 681w\" sizes=\"(max-width: 800px) 100vw, 800px\" \/><figcaption class=\"wp-element-caption\">Avrupa&#8217;da Vize \u0130stemeyen \u00dclkeler &#8211; Andorra<\/figcaption><\/figure>\n\n\n\n<p><strong>Fransa<\/strong> ve <strong>\u0130spanya<\/strong> aras\u0131nda kalan, k\u00fc\u00e7\u00fck bir \u00fclke olan <strong>Andorra Prensli\u011fi<\/strong>, turizm ve vergi cenneti olarak tan\u0131n\u0131yor. <strong>Pirene Da\u011flar\u0131<\/strong> \u00fczerinde denize k\u0131y\u0131s\u0131 olmayan co\u011frafyada kurulan Andorra&#8217;ya, do\u011frudan ula\u015f\u0131m olmad\u0131\u011f\u0131ndan \u0130spanya ya da Fransa \u00fczerinden ge\u00e7i\u015f yapmak gerek.<\/p>\n\n\n\n<p>Her ne kadar T\u00fcrkiye i\u00e7in vizesiz bir yer olsa da \u00f6ncelikle Fransa&#8217;ya gitmeniz gerekti\u011finden <strong>Schengen vizesi<\/strong> almak \u015fart! Normal \u015fartlarda \u00fclkeye 90 g\u00fcne kadar vizesiz giri\u015f yapabilmek m\u00fcmk\u00fcn.<\/p>\n\n\n\n<p><strong><a href=\"https:\/\/www.turna.com\/ucak-bileti\/fransa\" target=\"_blank\" rel=\"noreferrer noopener\">Fransa u\u00e7ak bileti<\/a><\/strong> se\u00e7enekleri i\u00e7in Turna.com&#8217;u ziyaret edin.<\/p>\n\n\n<div id=\"rank-math-faq\" class=\"rank-math-block\">\n<div class=\"rank-math-list \">\n<div id=\"faq-question-685a8038f334c\" class=\"rank-math-list-item\">\n<h3 class=\"rank-math-question \"><span class=\"ez-toc-section\" id=\"hangi_avrupa_ulkelerine_vize_yok\"><\/span>Hangi Avrupa \u00fclkelerine vize yok?<br \/><span class=\"ez-toc-section-end\"><\/span><\/h3>\n<div class=\"rank-math-answer \">\n\n<p>Azerbaycan, Arnavutluk, Belarus, Bosna Hersek, Ermenistan, G\u00fcrcistan, Karada\u011f, Kosova, Kuzey K\u0131br\u0131s T\u00fcrk Cumhuriyeti, Makedonya, Moldova, Rusya, S\u0131rbistan, Ukrayna, Andorra \u00fclkeleri vizesiz gidilebilen Avrupa \u00fclkeleri.<\/p>\n\n<\/div>\n<\/div>\n<div id=\"faq-question-685a8038f334f\" class=\"rank-math-list-item\">\n<h3 class=\"rank-math-question \"><span class=\"ez-toc-section\" id=\"avrupa_birligi_hangi_ulkelerden_vize_istemiyor\"><\/span>Avrupa Birli\u011fi hangi \u00fclkelerden vize istemiyor?<br \/><span class=\"ez-toc-section-end\"><\/span><\/h3>\n<div class=\"rank-math-answer \">\n\n<p>Avrupa birli\u011fi Schengen \u00fclkelerinden vize istemiyor. Schengen \u00fclkeleri ise; Almanya, Avusturya, Bel\u00e7ika, \u00c7ek Cumhuriyeti, Danimarka, Estonya, Finlandiya, Fransa, Hollanda, \u0130talya, \u0130spanya, \u0130sve\u00e7, \u0130svi\u00e7re, \u0130zlanda, Letonya, Lihten\u015ftayn, Litvanya, L\u00fcksemburg, Macaristan, Malta, Norve\u00e7, Polonya, Portekiz, Slovakya, Slovenya, Yunanistan&#8217;d\u0131r.<\/p>\n\n<\/div>\n<\/div>\n<\/div>\n<\/div>\n    <div class=\"xs_social_share_widget xs_share_url after_content \t\tmain_content  wslu-style-1 wslu-share-box-shaped wslu-fill-colored wslu-none wslu-share-horizontal wslu-theme-font-no wslu-main_content\">\n\n\t\t\n        <ul>\n\t\t\t        <\/ul>\n    <\/div> \n","protected":false},"excerpt":{"rendered":"<p>&#8216;Vizem \u00e7\u0131kt\u0131 m\u0131&#8217;, &#8216;\u00e7\u0131kmazsa biletlerim yanar m\u0131&#8217; gibi kayg\u0131lardan uzak, yaln\u0131zca g\u00f6rece\u011finiz g\u00fczel yerleri hayal edece\u011finiz bir seyahat i\u00e7in vizesiz seyahat edilebilen Avrupa \u00fclkeleri olduk\u00e7a ideal. Avrupa\u2019da vize istemeyen \u00fclkeler say\u0131ca maalesef \u00e7ok az.<\/p>\n","protected":false},"author":34,"featured_media":20344,"comment_status":"open","ping_status":"open","sticky":false,"template":"","format":"standard","meta":{"rop_custom_images_group":[],"rop_custom_messages_group":[],"rop_publish_now":"initial","rop_publish_now_accounts":[],"rop_publish_now_history":[],"rop_publish_now_status":"pending","_cloudinary_featured_overwrite":false,"footnotes":""},"categories":[398,1],"tags":[657,974,339,660,2164,659,1319,2007,658],"class_list":["post-6266","post","type-post","status-publish","format-standard","has-post-thumbnail","hentry","category-avrupa","category-seyahat-rehberi","tag-avrupa","tag-belarus","tag-bosna-hersek","tag-karadag","tag-kisinev","tag-makedonya","tag-moldovya","tag-pristina","tag-sirbistan"],"_links":{"self":[{"href":"https:\/\/www.turna.com\/blog\/wp-json\/wp\/v2\/posts\/6266","targetHints":{"allow":["GET"]}}],"collection":[{"href":"https:\/\/www.turna.com\/blog\/wp-json\/wp\/v2\/posts"}],"about":[{"href":"https:\/\/www.turna.com\/blog\/wp-json\/wp\/v2\/types\/post"}],"author":[{"embeddable":true,"href":"https:\/\/www.turna.com\/blog\/wp-json\/wp\/v2\/users\/34"}],"replies":[{"embeddable":true,"href":"https:\/\/www.turna.com\/blog\/wp-json\/wp\/v2\/comments?post=6266"}],"version-history":[{"count":0,"href":"https:\/\/www.turna.com\/blog\/wp-json\/wp\/v2\/posts\/6266\/revisions"}],"wp:featuredmedia":[{"embeddable":true,"href":"https:\/\/www.turna.com\/blog\/wp-json\/wp\/v2\/media\/20344"}],"wp:attachment":[{"href":"https:\/\/www.turna.com\/blog\/wp-json\/wp\/v2\/media?parent=6266"}],"wp:term":[{"taxonomy":"category","embeddable":true,"href":"https:\/\/www.turna.com\/blog\/wp-json\/wp\/v2\/categories?post=6266"},{"taxonomy":"post_tag","embeddable":true,"href":"https:\/\/www.turna.com\/blog\/wp-json\/wp\/v2\/tags?post=6266"}],"curies":[{"name":"wp","href":"https:\/\/api.w.org\/{rel}","templated":true}]}}