{"id":6209,"date":"2023-08-25T14:00:00","date_gmt":"2023-08-25T11:00:00","guid":{"rendered":"https:\/\/www.turna.com\/blog\/?p=6209"},"modified":"2025-12-08T16:00:00","modified_gmt":"2025-12-08T13:00:00","slug":"balikesir-tatil-yerleri","status":"publish","type":"post","link":"https:\/\/www.turna.com\/blog\/balikesir-tatil-yerleri","title":{"rendered":"Bal\u0131kesir Tatil Yerleri: 5 Harika Destinasyon"},"content":{"rendered":"<div id=\"ez-toc-container\" class=\"ez-toc-v2_0_82_2 counter-hierarchy ez-toc-counter ez-toc-black ez-toc-container-direction\">\n<div class=\"ez-toc-title-container\">\n<p class=\"ez-toc-title\" style=\"cursor:inherit\">\u0130\u00e7indekiler<\/p>\n<span class=\"ez-toc-title-toggle\"><a href=\"#\" class=\"ez-toc-pull-right ez-toc-btn ez-toc-btn-xs ez-toc-btn-default ez-toc-toggle\" aria-label=\"\u0130\u00e7indekiler Tablosunu A\u00e7\/Kapat\"><span class=\"ez-toc-js-icon-con\"><span class=\"\"><span class=\"eztoc-hide\" style=\"display:none;\">Toggle<\/span><span class=\"ez-toc-icon-toggle-span\"><svg style=\"fill: #ffffff;color:#ffffff\" xmlns=\"http:\/\/www.w3.org\/2000\/svg\" class=\"list-377408\" width=\"20px\" height=\"20px\" viewBox=\"0 0 24 24\" fill=\"none\"><path d=\"M6 6H4v2h2V6zm14 0H8v2h12V6zM4 11h2v2H4v-2zm16 0H8v2h12v-2zM4 16h2v2H4v-2zm16 0H8v2h12v-2z\" fill=\"currentColor\"><\/path><\/svg><svg style=\"fill: #ffffff;color:#ffffff\" class=\"arrow-unsorted-368013\" xmlns=\"http:\/\/www.w3.org\/2000\/svg\" width=\"10px\" height=\"10px\" viewBox=\"0 0 24 24\" version=\"1.2\" baseProfile=\"tiny\"><path d=\"M18.2 9.3l-6.2-6.3-6.2 6.3c-.2.2-.3.4-.3.7s.1.5.3.7c.2.2.4.3.7.3h11c.3 0 .5-.1.7-.3.2-.2.3-.5.3-.7s-.1-.5-.3-.7zM5.8 14.7l6.2 6.3 6.2-6.3c.2-.2.3-.5.3-.7s-.1-.5-.3-.7c-.2-.2-.4-.3-.7-.3h-11c-.3 0-.5.1-.7.3-.2.2-.3.5-.3.7s.1.5.3.7z\"\/><\/svg><\/span><\/span><\/span><\/a><\/span><\/div>\n<nav><ul class='ez-toc-list ez-toc-list-level-1 eztoc-toggle-hide-by-default' ><li class='ez-toc-page-1 ez-toc-heading-level-2'><a class=\"ez-toc-link ez-toc-heading-1\" href=\"https:\/\/www.turna.com\/blog\/balikesir-tatil-yerleri\/#balikesir_tatil_yerleri\" >Bal\u0131kesir Tatil Yerleri<\/a><ul class='ez-toc-list-level-3' ><li class='ez-toc-heading-level-3'><a class=\"ez-toc-link ez-toc-heading-2\" href=\"https:\/\/www.turna.com\/blog\/balikesir-tatil-yerleri\/#1_kaz_daglari_doganin_kucakladigi_buyulu_kacis\" >1. Kaz Da\u011flar\u0131: Do\u011fan\u0131n Kucaklad\u0131\u011f\u0131 B\u00fcy\u00fcl\u00fc Ka\u00e7\u0131\u015f<\/a><\/li><li class='ez-toc-page-1 ez-toc-heading-level-3'><a class=\"ez-toc-link ez-toc-heading-3\" href=\"https:\/\/www.turna.com\/blog\/balikesir-tatil-yerleri\/#2_ayvalik_tarihin_izleriyle_dolu_egenin_incisi\" >2. Ayval\u0131k: Tarihin \u0130zleriyle Dolu Ege&#8217;nin \u0130ncisi<\/a><\/li><li class='ez-toc-page-1 ez-toc-heading-level-3'><a class=\"ez-toc-link ez-toc-heading-4\" href=\"https:\/\/www.turna.com\/blog\/balikesir-tatil-yerleri\/#3_erdek_maviyle_yesilin_bulustugu_huzur_dolu_ruya_kosesi\" >3. Erdek: Maviyle Ye\u015filin Bulu\u015ftu\u011fu Huzur Dolu R\u00fcya K\u00f6\u015fesi<\/a><\/li><li class='ez-toc-page-1 ez-toc-heading-level-3'><a class=\"ez-toc-link ez-toc-heading-5\" href=\"https:\/\/www.turna.com\/blog\/balikesir-tatil-yerleri\/#4_edremit_masalsi_korfezin_essiz_kucaklamasi\" >4. Edremit: Masals\u0131 K\u00f6rfezin E\u015fsiz Kucaklamas\u0131<\/a><\/li><li class='ez-toc-page-1 ez-toc-heading-level-3'><a class=\"ez-toc-link ez-toc-heading-6\" href=\"https:\/\/www.turna.com\/blog\/balikesir-tatil-yerleri\/#5_altinoluk_deniz_kum_ve_gunesin_essiz_dansi\" >5. Alt\u0131noluk: Deniz, Kum ve G\u00fcne\u015fin E\u015fsiz Dans\u0131<\/a><\/li><\/ul><\/li><\/ul><\/nav><\/div>\n\n<p>Rengarenk \u00e7i\u00e7ek tarlalar\u0131n\u0131n r\u00fczgarla dans etti\u011fi, masmavi denizinin k\u0131y\u0131s\u0131nda huzurun adeta yeni bir anlam kazand\u0131\u011f\u0131 bir tatil hayal edin: \u0130\u015fte size <strong>Bal\u0131kesir tatil yerleri<\/strong>! E\u015fsiz do\u011fas\u0131, tarihi zenginlikleri ve s\u0131cac\u0131k insanlar\u0131yla Bal\u0131kesir, tatil i\u00e7in adeta bir cennet k\u00f6\u015fesi. Her ad\u0131mda tarih kokan sokaklar\u0131, leziz y\u00f6resel lezzetleri ve unutulmaz deneyimleriyle Bal\u0131kesir, tatil ka\u00e7ama\u011f\u0131n\u0131z\u0131 unutulmaz k\u0131lacak. Gelin, beraber bu benzersiz destinasyonu ke\u015ffedelim ve Bal\u0131kesir&#8217;in gizli g\u00fczelliklerini birlikte a\u00e7\u0131\u011fa \u00e7\u0131karal\u0131m.<\/p>\n\n\n\n<h2 class=\"wp-block-heading has-text-align-center has-neeon-button-dark-gray-color has-text-color has-link-color wp-elements-8944f2e34443ecc312ec9939cbbccae0\"><span class=\"ez-toc-section\" id=\"balikesir_tatil_yerleri\"><\/span><strong>Bal\u0131kesir Tatil Yerleri<\/strong><span class=\"ez-toc-section-end\"><\/span><\/h2>\n\n\n\n<figure class=\"wp-block-image size-large\"><img width=\"800\" height=\"500\" decoding=\"async\" src=\"data:image\/svg+xml;base64,PHN2ZyB4bWxucz0iaHR0cDovL3d3dy53My5vcmcvMjAwMC9zdmciIHdpZHRoPSI4MDAiIGhlaWdodD0iNTAwIj48cmVjdCB3aWR0aD0iMTAwJSIgaGVpZ2h0PSIxMDAlIj48YW5pbWF0ZSBhdHRyaWJ1dGVOYW1lPSJmaWxsIiB2YWx1ZXM9InJnYmEoMTUzLDE1MywxNTMsMC41KTtyZ2JhKDE1MywxNTMsMTUzLDAuMSk7cmdiYSgxNTMsMTUzLDE1MywwLjUpIiBkdXI9IjJzIiByZXBlYXRDb3VudD0iaW5kZWZpbml0ZSIgLz48L3JlY3Q+PC9zdmc+\" alt=\"Bal\u0131kesir Tatil Yerleri\" data-public-id=\"bal\u0131kesir_tatil_yerleri\/bal\u0131kesir_tatil_yerleri.jpg\" class=\"wp-post-6209 wp-image-21974\" data-format=\"jpg\" data-transformations=\"f_auto,q_auto:low\" data-version=\"1692961060\" data-seo=\"1\" data-size=\"800 500\" data-srcset=\"https:\/\/res.cloudinary.com\/turna\/images\/f_auto,q_auto:low\/v1692961060\/bal\u0131kesir_tatil_yerleri\/bal\u0131kesir_tatil_yerleri.jpg?_i=AA 800w, https:\/\/res.cloudinary.com\/turna\/images\/w_300,h_188,c_scale\/f_auto,q_auto:low\/v1692961060\/bal\u0131kesir_tatil_yerleri\/bal\u0131kesir_tatil_yerleri.jpg?_i=AA 300w, https:\/\/res.cloudinary.com\/turna\/images\/w_672,h_420,c_scale\/f_auto,q_auto:low\/v1692961060\/bal\u0131kesir_tatil_yerleri\/bal\u0131kesir_tatil_yerleri.jpg?_i=AA 672w, https:\/\/res.cloudinary.com\/turna\/images\/w_640,h_400,c_scale\/f_auto,q_auto:low\/v1692961060\/bal\u0131kesir_tatil_yerleri\/bal\u0131kesir_tatil_yerleri.jpg?_i=AA 640w, https:\/\/res.cloudinary.com\/turna\/images\/w_681,h_426,c_scale\/f_auto,q_auto:low\/v1692961060\/bal\u0131kesir_tatil_yerleri\/bal\u0131kesir_tatil_yerleri.jpg?_i=AA 681w\" data-sizes=\"(max-width: 800px) 100vw, 800px\" data-delivery=\"upload\" onload=\";window.CLDBind?CLDBind(this):null;\" data-cloudinary=\"lazy\" \/><\/figure>\n\n\n\n<p>Sakin ve huzurlu plajlar\u0131yla \u00fcnl\u00fc Ayval\u0131k, tarihi dokusuyla sizi ge\u00e7mi\u015fe g\u00f6t\u00fcrecek olan Edremit, do\u011fan\u0131n t\u00fcm renklerini bir araya getiren Alt\u0131noluk&#8230; Bal\u0131kesir tatil yerleri, \u00e7e\u015fitlili\u011fiyle her tatil severin kalbini \u00e7almaya haz\u0131r. E\u011fer tarihe ilgi duyuyorsan\u0131z, Antik Smyrna&#8217;n\u0131n izlerini ta\u015f\u0131yan Daskyleion&#8217;u ziyaret edebilirsiniz. Do\u011fa ile i\u00e7 i\u00e7e olmak isterseniz, Kaz Da\u011flar\u0131&#8217;n\u0131n zirvesinde y\u00fcr\u00fcy\u00fc\u015f yapabilir, do\u011fan\u0131n huzur dolu kollar\u0131na kendinizi b\u0131rakabilirsiniz.<\/p>\n\n\n\n<p>Lezzet tutkunlar\u0131 i\u00e7in Bal\u0131kesir&#8217;in zengin mutfa\u011f\u0131 da adeta bir cazibe merkezi. Zeytinya\u011fl\u0131lar\u0131yla \u00fcnl\u00fc Ayval\u0131k, deniz \u00fcr\u00fcnleriyle me\u015fhur G\u00fcre ve Edremit, her damak zevkine hitap eden lezzetler sunuyor. Ayn\u0131 zamanda y\u00f6resel pazarlar\u0131 ve el sanatlar\u0131yla bezeli sokaklar\u0131yla da size kendinizi \u00f6zel hissettirecek. Bal\u0131kesir, t\u00fcm bu \u00f6zellikleriyle sadece bir tatil b\u00f6lgesi olman\u0131n \u00f6tesine ge\u00e7iyor; adeta bir tatil maceras\u0131n\u0131n anahtar\u0131. Siz de unutulmaz an\u0131lar biriktirmek ve huzur dolu bir tatilin tad\u0131n\u0131 \u00e7\u0131karmak i\u00e7in Bal\u0131kesir&#8217;i ke\u015ffetmeye haz\u0131r m\u0131s\u0131n\u0131z?<\/p>\n\n\n\n<h3 class=\"wp-block-heading has-text-align-center has-neeon-button-dark-gray-color has-text-color has-link-color wp-elements-d11dc81ff9bc239542d5580ef7b66f24\"><span class=\"ez-toc-section\" id=\"1_kaz_daglari_doganin_kucakladigi_buyulu_kacis\"><\/span><strong>1. Kaz Da\u011flar\u0131: Do\u011fan\u0131n Kucaklad\u0131\u011f\u0131 B\u00fcy\u00fcl\u00fc Ka\u00e7\u0131\u015f<\/strong><span class=\"ez-toc-section-end\"><\/span><\/h3>\n\n\n\n<figure class=\"wp-block-image size-large\"><img decoding=\"async\" src=\"https:\/\/res.cloudinary.com\/turna\/image\/upload\/v1692961061\/kaz_da%C4%9Flar%C4%B1.jpg\" alt=\"Bal\u0131kesir Tatil Yerleri Kazda\u011flar\u0131\"\/><\/figure>\n\n\n\n<p><strong><a href=\"https:\/\/goo.gl\/maps\/aLN6ZskJCLZZz6YMA\" target=\"_blank\" rel=\"noreferrer noopener\">Kaz Da\u011flar\u0131<\/a><\/strong>, ad\u0131n\u0131 efsanevi Kral Midas&#8217;\u0131n hikayesinden alan ve tarihin derinliklerine uzanan mistik bir co\u011frafyada konumlanm\u0131\u015f bir cennet k\u00f6\u015fesi. Bal\u0131kesir&#8217;in gizemli g\u00fczelliklerinden biri olan bu da\u011flar, do\u011faseverler ve macera aray\u0131\u015f\u0131ndakiler i\u00e7in vazge\u00e7ilmez bir tatil noktas\u0131 haline gelmi\u015f durumda.<\/p>\n\n\n\n<p>Y\u00fcr\u00fcy\u00fc\u015f parkurlar\u0131, bisiklet rotalar\u0131 ve kamp alanlar\u0131yla donat\u0131lm\u0131\u015f bu do\u011fa harikas\u0131, her seviyeden do\u011fa tutkununa hitap ediyor. Do\u011fan\u0131n t\u00fcm renklerini bir araya getiren Kaz Da\u011flar\u0131, piknik yapmak isteyen ailelerden, y\u0131ld\u0131zlar\u0131n alt\u0131nda \u00e7ad\u0131r kuran maceraperestlere kadar herkesin unutulmaz an\u0131lar biriktirmesine imkan tan\u0131yor.<\/p>\n\n\n\n<p>Kaz Da\u011flar\u0131&#8217;n\u0131n sadece do\u011fa ile de\u011fil, ayn\u0131 zamanda yerel k\u00fclt\u00fcr ve ya\u015fam tarz\u0131yla da b\u00fct\u00fcnle\u015fmi\u015f bir yap\u0131s\u0131 bulunuyor. K\u00f6ylerdeki y\u00f6resel pazarlar\u0131 gezerek el yap\u0131m\u0131 \u00fcr\u00fcnleri ke\u015ffedebilir, halk\u0131n samimi ve s\u0131cakkanl\u0131 misafirperverli\u011fini deneyimleyebilirsiniz. Ayn\u0131 zamanda y\u00f6resel lezzetlerin tad\u0131na bakarken, bu b\u00f6lgenin zengin mutfak k\u00fclt\u00fcr\u00fcn\u00fc yak\u0131ndan tan\u0131ma f\u0131rsat\u0131 bulabilirsiniz.<\/p>\n\n\n\n<p>K\u0131sacas\u0131, Kaz Da\u011flar\u0131 sadece bir tatil yerinden \u00e7ok daha fazlas\u0131n\u0131 sunuyor. Do\u011fan\u0131n sizi kucaklad\u0131\u011f\u0131, tarih ve k\u00fclt\u00fcrle i\u00e7 i\u00e7e ge\u00e7en bir macera i\u00e7in, Kaz Da\u011flar\u0131&#8217;nda sizleri bekleyen bir d\u00fcnya var. Kendinizi do\u011fan\u0131n b\u00fcy\u00fcs\u00fcne b\u0131rakarak, bu b\u00fcy\u00fcl\u00fc ka\u00e7\u0131\u015f\u0131n tad\u0131n\u0131 \u00e7\u0131karabilirsiniz.<\/p>\n\n\n\n<p><strong><a href=\"https:\/\/www.turna.com\/blog\/kazdaglari-milli-parki?swcfpc=1\" target=\"_blank\" rel=\"noreferrer noopener\">Kazda\u011flar\u0131 Milli Park\u0131 <\/a><\/strong>i\u00e7eri\u011fimi okuyarak daha detayl\u0131 bilgi edinebilirsiniz.<\/p>\n\n\n\n<h3 class=\"wp-block-heading has-text-align-center has-neeon-button-dark-gray-color has-text-color has-link-color wp-elements-a6aaf980da02df1389b16b7339fdbad6\"><span class=\"ez-toc-section\" id=\"2_ayvalik_tarihin_izleriyle_dolu_egenin_incisi\"><\/span><strong>2. Ayval\u0131k: Tarihin \u0130zleriyle Dolu Ege&#8217;nin \u0130ncisi<\/strong><span class=\"ez-toc-section-end\"><\/span><\/h3>\n\n\n\n<figure class=\"wp-block-image size-large\"><img width=\"800\" height=\"500\" decoding=\"async\" src=\"data:image\/svg+xml;base64,PHN2ZyB4bWxucz0iaHR0cDovL3d3dy53My5vcmcvMjAwMC9zdmciIHdpZHRoPSI4MDAiIGhlaWdodD0iNTAwIj48cmVjdCB3aWR0aD0iMTAwJSIgaGVpZ2h0PSIxMDAlIj48YW5pbWF0ZSBhdHRyaWJ1dGVOYW1lPSJmaWxsIiB2YWx1ZXM9InJnYmEoMTUzLDE1MywxNTMsMC41KTtyZ2JhKDE1MywxNTMsMTUzLDAuMSk7cmdiYSgxNTMsMTUzLDE1MywwLjUpIiBkdXI9IjJzIiByZXBlYXRDb3VudD0iaW5kZWZpbml0ZSIgLz48L3JlY3Q+PC9zdmc+\" alt=\"Bal\u0131kesir Tatil Yerleri Ayval\u0131k\" data-public-id=\"Ayval\u0131k_eyjvuu\/Ayval\u0131k_eyjvuu.jpg\" class=\"wp-post-6209 wp-image-22020\" data-format=\"jpg\" data-transformations=\"f_auto,q_auto:low\" data-version=\"1562720661\" data-seo=\"1\" data-size=\"800 500\" data-srcset=\"https:\/\/res.cloudinary.com\/turna\/images\/f_auto,q_auto:low\/v1562720661\/Ayval\u0131k_eyjvuu\/Ayval\u0131k_eyjvuu.jpg?_i=AA 800w, https:\/\/res.cloudinary.com\/turna\/images\/w_300,h_188,c_scale\/f_auto,q_auto:low\/v1562720661\/Ayval\u0131k_eyjvuu\/Ayval\u0131k_eyjvuu.jpg?_i=AA 300w, https:\/\/res.cloudinary.com\/turna\/images\/w_672,h_420,c_scale\/f_auto,q_auto:low\/v1562720661\/Ayval\u0131k_eyjvuu\/Ayval\u0131k_eyjvuu.jpg?_i=AA 672w, https:\/\/res.cloudinary.com\/turna\/images\/w_640,h_400,c_scale\/f_auto,q_auto:low\/v1562720661\/Ayval\u0131k_eyjvuu\/Ayval\u0131k_eyjvuu.jpg?_i=AA 640w, https:\/\/res.cloudinary.com\/turna\/images\/w_681,h_426,c_scale\/f_auto,q_auto:low\/v1562720661\/Ayval\u0131k_eyjvuu\/Ayval\u0131k_eyjvuu.jpg?_i=AA 681w\" data-sizes=\"(max-width: 800px) 100vw, 800px\" data-delivery=\"upload\" onload=\";window.CLDBind?CLDBind(this):null;\" data-cloudinary=\"lazy\" \/><\/figure>\n\n\n\n<p>Ege&#8217;nin masmavi sular\u0131n\u0131n k\u0131y\u0131s\u0131nda, tarihle i\u00e7 i\u00e7e bir tatil hayal ediyorsan\u0131z <strong><a href=\"https:\/\/goo.gl\/maps\/Q9TXtKzKWSeVHsn86\" target=\"_blank\" rel=\"noreferrer noopener\">Ayval\u0131k<\/a><\/strong> tam da arad\u0131\u011f\u0131n\u0131z yer. Renkli ta\u015f evleri, dar sokaklar\u0131 ve tarihi dokusuyla Ayval\u0131k, hem g\u00f6zleri hem de ruhu doyuran bir tatil deneyimi sunuyor. Eski Rum evlerinin rengarenk kap\u0131lar\u0131 aras\u0131nda kaybolmak, sokaklarda dola\u015f\u0131rken tarihin derinliklerine yolculuk yapmak isteyenler i\u00e7in e\u015fsiz bir f\u0131rsat.<\/p>\n\n\n\n<p>Ayval\u0131k&#8217;ta tatil yapmak sadece tarih ve denizle s\u0131n\u0131rl\u0131 de\u011fil. Ada \u00e7evresindeki adalar\u0131 gezip ke\u015ffe \u00e7\u0131kmak, su sporlar\u0131 yapmak veya bisiklet turlar\u0131yla do\u011fayla i\u00e7 i\u00e7e olmak da m\u00fcmk\u00fcn. Ayn\u0131 zamanda Ayval\u0131k&#8217;\u0131n yerel pazarlar\u0131nda el yap\u0131m\u0131 \u00fcr\u00fcnleri incelemek ve y\u00f6resel lezzetleri tatmak da tatilinizi daha da renklendirecek. Ayval\u0131k&#8217;\u0131n dingin atmosferinde ruhunuzu dinlendirirken, ge\u00e7mi\u015ften gelen tarihi miras\u0131 da ke\u015ffetmek isterseniz, bu \u015firin Ege kasabas\u0131 sizi bekliyor.<\/p>\n\n\n\n<h3 class=\"wp-block-heading has-text-align-center has-neeon-button-dark-gray-color has-text-color has-link-color wp-elements-0ede9a1b050c7a1dd53abcd08868f440\"><span class=\"ez-toc-section\" id=\"3_erdek_maviyle_yesilin_bulustugu_huzur_dolu_ruya_kosesi\"><\/span><strong>3. Erdek: Maviyle Ye\u015filin Bulu\u015ftu\u011fu Huzur Dolu R\u00fcya K\u00f6\u015fesi<\/strong><span class=\"ez-toc-section-end\"><\/span><\/h3>\n\n\n\n<figure class=\"wp-block-image size-large\"><img decoding=\"async\" src=\"https:\/\/res.cloudinary.com\/turna\/image\/upload\/v1692961060\/erdek.jpg\" alt=\"Erdek\"\/><\/figure>\n\n\n\n<p>Bal\u0131kesir&#8217;in enfes g\u00fczelliklerini yans\u0131tan bir inci daha: <strong><a href=\"https:\/\/goo.gl\/maps\/LDvqhdGxHP2k1ZGU9\" target=\"_blank\" rel=\"noreferrer noopener\">Erdek<\/a><\/strong>. Marmara Denizi&#8217;nin k\u0131y\u0131s\u0131nda yer alan bu huzur dolu beldede, mavinin tonlar\u0131yla ye\u015filin dans\u0131n\u0131 izlemeye haz\u0131r olun. Erdek, kumsallar\u0131, tertemiz denizi ve do\u011fal g\u00fczellikleriyle sakin bir tatil aray\u0131\u015f\u0131nda olanlar\u0131 kendine \u00e7ekiyor. Sahip oldu\u011fu b\u00fcy\u00fcleyici plajlar\u0131 ve g\u00f6z al\u0131c\u0131 deniz manzaralar\u0131yla tatilcileri kucaklayan Erdek, \u015fehir ya\u015fam\u0131n\u0131n karma\u015fas\u0131ndan uzakla\u015fmak isteyenlere m\u00fckemmel bir ka\u00e7\u0131\u015f sunuyor.<\/p>\n\n\n\n<p>Erdek&#8217;in plajlar\u0131, deniz sporlar\u0131na ilgi duyanlar\u0131 ve denizin tad\u0131n\u0131 \u00e7\u0131karmak isteyenleri bekliyor. Dileyenler kumsalda g\u00fcne\u015flenip denize girebilirken, dileyenler su kaya\u011f\u0131, r\u00fczgar s\u00f6rf\u00fc gibi su aktiviteleriyle enerji dolu anlar ya\u015fayabilirler. Ayr\u0131ca Erdek, do\u011fa y\u00fcr\u00fcy\u00fc\u015fleri ve bisiklet turlar\u0131 i\u00e7in de elveri\u015fli rotalara sahip. \u015eehrin g\u00fcr\u00fclt\u00fcs\u00fcnden uzakla\u015f\u0131p do\u011fan\u0131n kuca\u011f\u0131nda keyifli bir zaman ge\u00e7irmek isteyenler i\u00e7in m\u00fckemmel bir se\u00e7enek.<\/p>\n\n\n\n<p><strong><a href=\"https:\/\/www.turna.com\/blog\/erdek-gezilecek-yerler-plajlardan-antik-kentlere-7-yer?swcfpc=1\" target=\"_blank\" rel=\"noreferrer noopener\">Erdek Gezilecek Yerler<\/a><\/strong> ve <strong><a href=\"https:\/\/www.turna.com\/blog\/erdek-plajlari-erdekte-denize-girilecek-12-yer?swcfpc=1\" target=\"_blank\" rel=\"noreferrer noopener\">Erdek Plajlar\u0131<\/a><\/strong> yaz\u0131lar\u0131m Erdek tatili \u00f6ncesi mutlaka okuman\u0131z gereken i\u00e7erikler.<\/p>\n\n\n\n<h3 class=\"wp-block-heading has-text-align-center has-neeon-button-dark-gray-color has-text-color has-link-color wp-elements-f41f4644e04cbd9281ae5e04e374e020\"><span class=\"ez-toc-section\" id=\"4_edremit_masalsi_korfezin_essiz_kucaklamasi\"><\/span><strong>4. Edremit: Masals\u0131 K\u00f6rfezin E\u015fsiz Kucaklamas\u0131<\/strong><span class=\"ez-toc-section-end\"><\/span><\/h3>\n\n\n\n<figure class=\"wp-block-image size-large\"><img decoding=\"async\" src=\"https:\/\/res.cloudinary.com\/turna\/image\/upload\/v1692961061\/edremit.jpg\" alt=\"Edremit\"\/><\/figure>\n\n\n\n<p>Bal\u0131kesir&#8217;in do\u011fal ve k\u00fclt\u00fcrel zenginliklerinin en g\u00fczel yans\u0131d\u0131\u011f\u0131 destinasyonlardan biri olan <strong><a href=\"https:\/\/goo.gl\/maps\/zXmbeZ8Nnzc6Ziij7\" target=\"_blank\" rel=\"noreferrer noopener\">Edremit<\/a><\/strong>, huzur dolu bir tatil deneyimi vaat ediyor. E\u015fsiz g\u00fczellikteki Edremit K\u00f6rfezi&#8217;nin k\u0131y\u0131s\u0131nda yer alan bu \u015firin il\u00e7e, hem tarihi hem de do\u011fal cazibesiyle her t\u00fcrden tatilciyi kendine \u00e7ekiyor. Edremit&#8217;in en g\u00f6z al\u0131c\u0131 yan\u0131, T\u00fcrkiye&#8217;nin en g\u00fczel plajlar\u0131ndan biri olarak kabul edilen Alt\u0131noluk Plaj\u0131 ve G\u00fcre Plaj\u0131 gibi p\u0131r\u0131l p\u0131r\u0131l sahillere sahip olmas\u0131. Bu plajlarda g\u00fcne\u015flenmek, denizin keyfini \u00e7\u0131karmak ve e\u015fsiz manzaran\u0131n tad\u0131n\u0131 \u00e7\u0131karmak tatilcileri bekliyor.<\/p>\n\n\n\n<p>Edremit&#8217;in kendine has lezzetleri de tatilcileri cezbetmeye yetiyor. Zeytinya\u011fl\u0131lar, taptaze deniz \u00fcr\u00fcnleri, yerel otlarla haz\u0131rlanan y\u00f6resel yemekler, damaklar\u0131 \u015fenlendiren lezzetler aras\u0131nda. Ayr\u0131ca Edremit&#8217;in tarihi ve k\u00fclt\u00fcrel miras\u0131 da ke\u015ffedilmeye de\u011fer. Antik kentler, tarihi yap\u0131lar ve k\u00f6y pazarlar\u0131, b\u00f6lgenin zengin ge\u00e7mi\u015fine tan\u0131kl\u0131k etmenizi sa\u011flayacak.<\/p>\n\n\n\n<h3 class=\"wp-block-heading has-text-align-center has-neeon-button-dark-gray-color has-text-color has-link-color wp-elements-73136e722314af6b87e51f39ef221f0a\"><span class=\"ez-toc-section\" id=\"5_altinoluk_deniz_kum_ve_gunesin_essiz_dansi\"><\/span><strong>5. Alt\u0131noluk: Deniz, Kum ve G\u00fcne\u015fin E\u015fsiz Dans\u0131<\/strong><span class=\"ez-toc-section-end\"><\/span><\/h3>\n\n\n\n<figure class=\"wp-block-image size-large\"><img decoding=\"async\" src=\"https:\/\/res.cloudinary.com\/turna\/image\/upload\/v1692961061\/alt%C4%B1noluk.jpg\" alt=\"Alt\u0131noluk\"\/><\/figure>\n\n\n\n<p>Bal\u0131kesir&#8217;in tatil denilince akla gelen ilk adreslerinden biri olan <strong><a href=\"https:\/\/goo.gl\/maps\/rxzvpsEq6UXRUBG18\" target=\"_blank\" rel=\"noreferrer noopener\">Alt\u0131noluk<\/a><\/strong>, adeta masal gibi bir tatil deneyimi sunuyor. E\u015fsiz do\u011fal g\u00fczellikleri ve berrak deniziyle \u00fcnl\u00fc olan Alt\u0131noluk, tatilcilerin hayallerini s\u00fcsleyen bir destinasyon. Geni\u015f ve alt\u0131n rengi kumsallar\u0131yla \u00fcnl\u00fc olan bu b\u00f6lge, denizin tad\u0131n\u0131 \u00e7\u0131karmak ve g\u00fcne\u015fin alt\u0131nda keyif yapmak isteyenler i\u00e7in m\u00fckemmel bir tercih.<\/p>\n\n\n\n<p>Alt\u0131noluk&#8217;ta tatil yapanlar, sadece deniz ve g\u00fcne\u015fin tad\u0131n\u0131 \u00e7\u0131karmakla kalm\u0131yor, ayn\u0131 zamanda b\u00f6lgenin do\u011fal g\u00fczellikleriyle de tan\u0131\u015fma f\u0131rsat\u0131 buluyor. Kaz Da\u011flar\u0131&#8217;n\u0131n eteklerine kurulu olan Alt\u0131noluk, yemye\u015fil ormanlar\u0131 ve do\u011fa y\u00fcr\u00fcy\u00fc\u015f rotalar\u0131yla do\u011faseverleri cezbediyor. Ayr\u0131ca su sporlar\u0131na merakl\u0131 olanlar da Alt\u0131noluk&#8217;un sakin sular\u0131nda r\u00fczgar s\u00f6rf\u00fc veya deniz bisikleti gibi aktivitelerle enerji dolu anlar ya\u015fayabilirler.<\/p>\n\n\n\n<p>Bal\u0131kesir&#8217;in bu e\u015fsiz g\u00fczelliklerini yak\u0131ndan g\u00f6rmek i\u00e7in kullanabilece\u011finiz en yak\u0131n havaliman\u0131, \u0130zmir&#8217;de hizmet veren Adnan Menderes Havaliman\u0131. \u0130zmir&#8217;den karayolu ile yakla\u015f\u0131k 2-4 saat s\u00fcren bu tatil noktalar\u0131n\u0131 ke\u015ffetmek i\u00e7in <a href=\"https:\/\/www.turna.com\/ucak-bileti\/izmir\" target=\"_blank\" rel=\"noopener noreferrer\">\u0130zmir u\u00e7ak bileti <\/a>kampanyalar\u0131na g\u00f6z atabilirsiniz.<\/p>\n\n    <div class=\"xs_social_share_widget xs_share_url after_content \t\tmain_content  wslu-style-1 wslu-share-box-shaped wslu-fill-colored wslu-none wslu-share-horizontal wslu-theme-font-no wslu-main_content\">\n\n\t\t\n        <ul>\n\t\t\t        <\/ul>\n    <\/div> \n","protected":false},"excerpt":{"rendered":"<p>Rengarenk \u00e7i\u00e7ek tarlalar\u0131n\u0131n r\u00fczgarla dans etti\u011fi, masmavi denizinin k\u0131y\u0131s\u0131nda huzurun adeta yeni bir anlam kazand\u0131\u011f\u0131 bir tatil hayal edin: \u0130\u015fte size Bal\u0131kesir tatil yerleri! E\u015fsiz do\u011fas\u0131, tarihi zenginlikleri ve s\u0131cac\u0131k insanlar\u0131yla Bal\u0131kesir, tatil i\u00e7in adeta bir cennet k\u00f6\u015fesi. Her ad\u0131mda tarih kokan sokaklar\u0131, leziz y\u00f6resel lezzetleri ve unutulmaz deneyimleriyle Bal\u0131kesir, tatil ka\u00e7ama\u011f\u0131n\u0131z\u0131 unutulmaz k\u0131lacak. Gelin, beraber bu benzersiz destinasyonu ke\u015ffedelim ve Bal\u0131kesir&#8217;in gizli g\u00fczelliklerini birlikte a\u00e7\u0131\u011fa \u00e7\u0131karal\u0131m.<\/p>\n","protected":false},"author":34,"featured_media":21974,"comment_status":"open","ping_status":"open","sticky":false,"template":"","format":"standard","meta":{"rop_custom_images_group":[],"rop_custom_messages_group":[],"rop_publish_now":"initial","rop_publish_now_accounts":[],"rop_publish_now_history":[],"rop_publish_now_status":"pending","_cloudinary_featured_overwrite":false,"footnotes":""},"categories":[84,1814,1839],"tags":[2435,287,259,261,976,257],"class_list":["post-6209","post","type-post","status-publish","format-standard","has-post-thumbnail","hentry","category-turkiye","category-balikesir","category-izmir","tag-altinoluk-edremit-balikesir","tag-ayvalik","tag-balikesir","tag-edremit","tag-erdek","tag-kaz-daglari"],"_links":{"self":[{"href":"https:\/\/www.turna.com\/blog\/wp-json\/wp\/v2\/posts\/6209","targetHints":{"allow":["GET"]}}],"collection":[{"href":"https:\/\/www.turna.com\/blog\/wp-json\/wp\/v2\/posts"}],"about":[{"href":"https:\/\/www.turna.com\/blog\/wp-json\/wp\/v2\/types\/post"}],"author":[{"embeddable":true,"href":"https:\/\/www.turna.com\/blog\/wp-json\/wp\/v2\/users\/34"}],"replies":[{"embeddable":true,"href":"https:\/\/www.turna.com\/blog\/wp-json\/wp\/v2\/comments?post=6209"}],"version-history":[{"count":0,"href":"https:\/\/www.turna.com\/blog\/wp-json\/wp\/v2\/posts\/6209\/revisions"}],"wp:featuredmedia":[{"embeddable":true,"href":"https:\/\/www.turna.com\/blog\/wp-json\/wp\/v2\/media\/21974"}],"wp:attachment":[{"href":"https:\/\/www.turna.com\/blog\/wp-json\/wp\/v2\/media?parent=6209"}],"wp:term":[{"taxonomy":"category","embeddable":true,"href":"https:\/\/www.turna.com\/blog\/wp-json\/wp\/v2\/categories?post=6209"},{"taxonomy":"post_tag","embeddable":true,"href":"https:\/\/www.turna.com\/blog\/wp-json\/wp\/v2\/tags?post=6209"}],"curies":[{"name":"wp","href":"https:\/\/api.w.org\/{rel}","templated":true}]}}