{"id":5706,"date":"2023-11-10T14:30:00","date_gmt":"2023-11-10T11:30:00","guid":{"rendered":"https:\/\/www.turna.com\/blog\/?p=5706"},"modified":"2025-12-08T14:37:35","modified_gmt":"2025-12-08T11:37:35","slug":"afyonkarahisarin-en-unlu-geleneksel-el-sanatlari","status":"publish","type":"post","link":"https:\/\/www.turna.com\/blog\/afyonkarahisarin-en-unlu-geleneksel-el-sanatlari","title":{"rendered":"Afyonkarahisar&#8217;\u0131n En \u00dcnl\u00fc Geleneksel El Sanatlar\u0131"},"content":{"rendered":"<div id=\"ez-toc-container\" class=\"ez-toc-v2_0_82_2 counter-hierarchy ez-toc-counter ez-toc-black ez-toc-container-direction\">\n<div class=\"ez-toc-title-container\">\n<p class=\"ez-toc-title\" style=\"cursor:inherit\">\u0130\u00e7indekiler<\/p>\n<span class=\"ez-toc-title-toggle\"><a href=\"#\" class=\"ez-toc-pull-right ez-toc-btn ez-toc-btn-xs ez-toc-btn-default ez-toc-toggle\" aria-label=\"\u0130\u00e7indekiler Tablosunu A\u00e7\/Kapat\"><span class=\"ez-toc-js-icon-con\"><span class=\"\"><span class=\"eztoc-hide\" style=\"display:none;\">Toggle<\/span><span class=\"ez-toc-icon-toggle-span\"><svg style=\"fill: #ffffff;color:#ffffff\" xmlns=\"http:\/\/www.w3.org\/2000\/svg\" class=\"list-377408\" width=\"20px\" height=\"20px\" viewBox=\"0 0 24 24\" fill=\"none\"><path d=\"M6 6H4v2h2V6zm14 0H8v2h12V6zM4 11h2v2H4v-2zm16 0H8v2h12v-2zM4 16h2v2H4v-2zm16 0H8v2h12v-2z\" fill=\"currentColor\"><\/path><\/svg><svg style=\"fill: #ffffff;color:#ffffff\" class=\"arrow-unsorted-368013\" xmlns=\"http:\/\/www.w3.org\/2000\/svg\" width=\"10px\" height=\"10px\" viewBox=\"0 0 24 24\" version=\"1.2\" baseProfile=\"tiny\"><path d=\"M18.2 9.3l-6.2-6.3-6.2 6.3c-.2.2-.3.4-.3.7s.1.5.3.7c.2.2.4.3.7.3h11c.3 0 .5-.1.7-.3.2-.2.3-.5.3-.7s-.1-.5-.3-.7zM5.8 14.7l6.2 6.3 6.2-6.3c.2-.2.3-.5.3-.7s-.1-.5-.3-.7c-.2-.2-.4-.3-.7-.3h-11c-.3 0-.5.1-.7.3-.2.2-.3.5-.3.7s.1.5.3.7z\"\/><\/svg><\/span><\/span><\/span><\/a><\/span><\/div>\n<nav><ul class='ez-toc-list ez-toc-list-level-1 eztoc-toggle-hide-by-default' ><li class='ez-toc-page-1 ez-toc-heading-level-2'><a class=\"ez-toc-link ez-toc-heading-1\" href=\"https:\/\/www.turna.com\/blog\/afyonkarahisarin-en-unlu-geleneksel-el-sanatlari\/#afyonun_geleneksel_el_sanatlari\" >Afyon&#8217;un Geleneksel El Sanatlar\u0131<\/a><ul class='ez-toc-list-level-3' ><li class='ez-toc-heading-level-3'><a class=\"ez-toc-link ez-toc-heading-2\" href=\"https:\/\/www.turna.com\/blog\/afyonkarahisarin-en-unlu-geleneksel-el-sanatlari\/#1_comlek_yapimi\" >1. \u00c7\u00f6mlek Yap\u0131m\u0131<\/a><\/li><li class='ez-toc-page-1 ez-toc-heading-level-3'><a class=\"ez-toc-link ez-toc-heading-3\" href=\"https:\/\/www.turna.com\/blog\/afyonkarahisarin-en-unlu-geleneksel-el-sanatlari\/#2_kececilik\" >2. Ke\u00e7ecilik<\/a><\/li><li class='ez-toc-page-1 ez-toc-heading-level-3'><a class=\"ez-toc-link ez-toc-heading-4\" href=\"https:\/\/www.turna.com\/blog\/afyonkarahisarin-en-unlu-geleneksel-el-sanatlari\/#3_semercilik\" >3. Semercilik<\/a><\/li><li class='ez-toc-page-1 ez-toc-heading-level-3'><a class=\"ez-toc-link ez-toc-heading-5\" href=\"https:\/\/www.turna.com\/blog\/afyonkarahisarin-en-unlu-geleneksel-el-sanatlari\/#4_at_arabaciligi\" >4. At Arabac\u0131l\u0131\u011f\u0131<\/a><\/li><li class='ez-toc-page-1 ez-toc-heading-level-3'><a class=\"ez-toc-link ez-toc-heading-6\" href=\"https:\/\/www.turna.com\/blog\/afyonkarahisarin-en-unlu-geleneksel-el-sanatlari\/#5_yemenicilik\" >5. Yemenicilik<\/a><\/li><li class='ez-toc-page-1 ez-toc-heading-level-3'><a class=\"ez-toc-link ez-toc-heading-7\" href=\"https:\/\/www.turna.com\/blog\/afyonkarahisarin-en-unlu-geleneksel-el-sanatlari\/#6_kilim_dokumaciligi\" >6. Kilim Dokumac\u0131l\u0131\u011f\u0131<\/a><\/li><\/ul><\/li><\/ul><\/nav><\/div>\n\n<p><strong><a href=\"https:\/\/maps.app.goo.gl\/VvuSBBDTLvH2Ljyb6\" target=\"_blank\" rel=\"noreferrer noopener\">Afyon<\/a><\/strong> mistik da\u011flar\u0131, tarihi zenginlikleri ve e\u015fsiz k\u00fclt\u00fcr\u00fcyle bezeli bir \u015fehir olarak, bu topraklarda birbirinden de\u011ferli el sanatlar\u0131 da filizlenmi\u015f. <strong>Afyon el sanatlar\u0131<\/strong>, adeta bir b\u00fcy\u00fc gibi dokunuyor ge\u00e7mi\u015fin izlerine, g\u00fcn\u00fcm\u00fczde ise sanat\u0131n \u00f6zg\u00fcn bir ifadesine d\u00f6n\u00fc\u015f\u00fcyor. \u015eehrin s\u0131cak dokusunu ve binlerce y\u0131ll\u0131k ge\u00e7mi\u015fin miras\u0131n\u0131 ta\u015f\u0131yan bu el eme\u011fi \u00fcr\u00fcnler, Afyon&#8217;u hem ge\u00e7mi\u015fteki zanaatk\u00e2rlar\u0131n ustal\u0131\u011f\u0131na bir sayg\u0131 duru\u015fu haline getiriyor hem de g\u00fcn\u00fcm\u00fcz sanatseverlerine benzersiz bir deneyim sunuyor. \u015eimdi, Afyon&#8217;un mistik d\u00fcnyas\u0131nda, el sanatlar\u0131yla bulu\u015fmaya davetlisiniz.<\/p>\n\n\n\n<h2 class=\"wp-block-heading has-text-align-center has-neeon-button-dark-gray-color has-text-color has-link-color wp-elements-1cbfbe3837d292e606c38f72e0eed5a0\"><span class=\"ez-toc-section\" id=\"afyonun_geleneksel_el_sanatlari\"><\/span><strong>Afyon&#8217;un Geleneksel El Sanatlar\u0131<\/strong><span class=\"ez-toc-section-end\"><\/span><\/h2>\n\n\n\n<p>Afyon&#8217;un geleneksel el sanatlar\u0131, ge\u00e7mi\u015ften g\u00fcn\u00fcm\u00fcze uzanan k\u00f6kl\u00fc bir miras\u0131 yans\u0131t\u0131yor. Bu zengin gelene\u011fin temelinde, ustalar\u0131n nesiller boyunca aktard\u0131\u011f\u0131 bilgi ve beceri yat\u0131yor. \u015eehir, ta\u015f i\u015f\u00e7ili\u011fi, hal\u0131c\u0131l\u0131k, seramik yap\u0131m\u0131 gibi \u00e7e\u015fitli el sanatlar\u0131yla \u00f6ne \u00e7\u0131k\u0131yor. Afyonlu zanaatk\u00e2rlar\u0131n ellerinden \u00e7\u0131kan ta\u015f i\u015flemeler, adeta do\u011fan\u0131n ta kendisinden yontulmu\u015f gibi, detayl\u0131 oyma ve i\u015fleme teknikleriyle s\u00fcsleniyor.<\/p>\n\n\n\n<p>Hal\u0131c\u0131l\u0131k, Anadolu&#8217;nun zengin desenlerini ve renk paletini bar\u0131nd\u0131ran \u00f6zg\u00fcn dokumalarla ifade buluyor. Afyon&#8217;un seramik gelene\u011fi ise, \u015fehrin tarihini ve k\u00fclt\u00fcr\u00fcn\u00fc geometrik desenler ve canl\u0131 renklerle anlatan bir sanat eserine d\u00f6n\u00fc\u015f\u00fcyor. Geleneksel el sanatlar\u0131, Afyon&#8217;un k\u00fclt\u00fcrel kimli\u011fini ya\u015fatman\u0131n yan\u0131 s\u0131ra, sanatseverlere benzersiz ve \u00f6zg\u00fcn eserler sunarak bu k\u00f6kl\u00fc miras\u0131 gelecek nesillere ta\u015f\u0131ma misyonunu \u00fcstleniyor.<\/p>\n\n\n\n<h3 class=\"wp-block-heading has-text-align-center has-neeon-button-dark-gray-color has-text-color has-link-color wp-elements-6e3e2c68fee06acb2c58c4d70cd96cf2\"><span class=\"ez-toc-section\" id=\"1_comlek_yapimi\"><\/span><strong>1. \u00c7\u00f6mlek Yap\u0131m\u0131<\/strong><span class=\"ez-toc-section-end\"><\/span><\/h3>\n\n\n\n<figure class=\"wp-block-image\"><img width=\"800\" height=\"500\" data-public-id=\"Afyon-Comlgei_thdhwu\/Afyon-Comlgei_thdhwu.jpg\" fetchpriority=\"high\" decoding=\"async\" src=\"https:\/\/res.cloudinary.com\/turna\/images\/w_800,h_500,c_scale\/f_auto,q_auto:low\/v1483544748\/Afyon-Comlgei_thdhwu\/Afyon-Comlgei_thdhwu.jpg?_i=AA\" alt=\"Afyon el sanatlar\u0131 \u00e7\u00f6mlek\" class=\"wp-post-5706 wp-image-5943\" data-format=\"jpg\" data-transformations=\"f_auto,q_auto:low\" data-version=\"1483544748\" data-seo=\"1\" srcset=\"https:\/\/res.cloudinary.com\/turna\/images\/f_auto,q_auto:low\/v1483544748\/Afyon-Comlgei_thdhwu\/Afyon-Comlgei_thdhwu.jpg?_i=AA 800w, https:\/\/res.cloudinary.com\/turna\/images\/w_300,h_188,c_scale\/f_auto,q_auto:low\/v1483544748\/Afyon-Comlgei_thdhwu\/Afyon-Comlgei_thdhwu.jpg?_i=AA 300w, https:\/\/res.cloudinary.com\/turna\/images\/w_672,h_420,c_scale\/f_auto,q_auto:low\/v1483544748\/Afyon-Comlgei_thdhwu\/Afyon-Comlgei_thdhwu.jpg?_i=AA 672w, https:\/\/res.cloudinary.com\/turna\/images\/w_640,h_400,c_scale\/f_auto,q_auto:low\/v1483544748\/Afyon-Comlgei_thdhwu\/Afyon-Comlgei_thdhwu.jpg?_i=AA 640w, https:\/\/res.cloudinary.com\/turna\/images\/w_681,h_426,c_scale\/f_auto,q_auto:low\/v1483544748\/Afyon-Comlgei_thdhwu\/Afyon-Comlgei_thdhwu.jpg?_i=AA 681w\" sizes=\"(max-width: 800px) 100vw, 800px\" \/><\/figure>\n\n\n\n<p>Afyon el sanatlar\u0131 aras\u0131nda \u00f6ne \u00e7\u0131kan \u00f6nemli bir zanaat, \u00e7\u00f6mlek yap\u0131m\u0131. Bu antik meslek, \u015fehrin toprak zenginli\u011fiyle b\u00fct\u00fcnle\u015fmi\u015f ve ge\u00e7mi\u015ften g\u00fcn\u00fcm\u00fcze ta\u015f\u0131narak g\u00fcn\u00fcm\u00fczde de \u00f6nemli bir yer tutuyor. Afyonlu \u00e7\u00f6mlek ustalar\u0131, kilden yarat\u0131c\u0131 elleriyle, geleneksel y\u00f6ntemleri kullanarak e\u015fsiz \u00e7\u00f6mlekler meydana getiriyorlar. Bu el i\u015f\u00e7ili\u011fi \u00fcr\u00fcnler, sadece i\u015flevsellikleriyle de\u011fil, ayn\u0131 zamanda \u00f6zg\u00fcn desenleri, renkleri ve formlar\u0131yla da dikkat \u00e7ekiyor.<\/p>\n\n\n\n<h3 class=\"wp-block-heading has-text-align-center has-neeon-button-dark-gray-color has-text-color has-link-color wp-elements-da17be1e8df968d604a5e7dcd9fb5bd5\"><span class=\"ez-toc-section\" id=\"2_kececilik\"><\/span><strong>2. Ke\u00e7ecilik<\/strong><span class=\"ez-toc-section-end\"><\/span><\/h3>\n\n\n\n<figure class=\"wp-block-image size-large\"><img width=\"800\" height=\"500\" data-public-id=\"Kececilik_o5fr8e\/Kececilik_o5fr8e.jpg\" decoding=\"async\" src=\"https:\/\/res.cloudinary.com\/turna\/images\/w_800,h_500,c_scale\/f_auto,q_auto:low\/v1483544776\/Kececilik_o5fr8e\/Kececilik_o5fr8e.jpg?_i=AA\" alt=\"Afyon el sanatlar\u0131 ke\u00e7ecilik\" class=\"wp-post-5706 wp-image-5945\" data-format=\"jpg\" data-transformations=\"f_auto,q_auto:low\" data-version=\"1483544776\" data-seo=\"1\" srcset=\"https:\/\/res.cloudinary.com\/turna\/images\/f_auto,q_auto:low\/v1483544776\/Kececilik_o5fr8e\/Kececilik_o5fr8e.jpg?_i=AA 800w, https:\/\/res.cloudinary.com\/turna\/images\/w_300,h_188,c_scale\/f_auto,q_auto:low\/v1483544776\/Kececilik_o5fr8e\/Kececilik_o5fr8e.jpg?_i=AA 300w, https:\/\/res.cloudinary.com\/turna\/images\/w_672,h_420,c_scale\/f_auto,q_auto:low\/v1483544776\/Kececilik_o5fr8e\/Kececilik_o5fr8e.jpg?_i=AA 672w, https:\/\/res.cloudinary.com\/turna\/images\/w_640,h_400,c_scale\/f_auto,q_auto:low\/v1483544776\/Kececilik_o5fr8e\/Kececilik_o5fr8e.jpg?_i=AA 640w, https:\/\/res.cloudinary.com\/turna\/images\/w_681,h_426,c_scale\/f_auto,q_auto:low\/v1483544776\/Kececilik_o5fr8e\/Kececilik_o5fr8e.jpg?_i=AA 681w\" sizes=\"(max-width: 800px) 100vw, 800px\" \/><\/figure>\n\n\n\n<p>Afyon&#8217;un geleneksel el sanatlar\u0131 aras\u0131nda \u00f6nemli bir yer tutan bir di\u011fer zanaat dal\u0131 da ke\u00e7ecilik. Ke\u00e7e, do\u011fal y\u00fcn liflerinin \u00f6zel bir i\u015flemden ge\u00e7irilmesiyle elde edilen bir malzeme olup, Afyonlu zanaatk\u00e2rlar taraf\u0131ndan ustal\u0131kla i\u015fleniyor. Bu antik sanat, \u015fehrin so\u011fuk iklimine ve k\u0131rsal ya\u015fam\u0131n ihtiya\u00e7lar\u0131na uygun olarak do\u011fmu\u015f ve zaman i\u00e7inde estetik bir sanata d\u00f6n\u00fc\u015fm\u00fc\u015f. Afyonlu ke\u00e7e ustalar\u0131, renkli y\u00fcnleri ustal\u0131kl\u0131 bir \u015fekilde bir araya getirerek geleneksel desenler ve motiflerle bezeli \u015faheserler ortaya \u00e7\u0131kar\u0131yorlar.<\/p>\n\n\n\n<h3 class=\"wp-block-heading has-text-align-center has-neeon-button-dark-gray-color has-text-color has-link-color wp-elements-e06dbaa7951147bcf42baf5010656347\"><span class=\"ez-toc-section\" id=\"3_semercilik\"><\/span><strong>3. Semercilik<\/strong><span class=\"ez-toc-section-end\"><\/span><\/h3>\n\n\n\n<p>Semercilik, deri i\u015flemecili\u011fi olarak bilinen bu antik meslek, Afyon&#8217;un zengin do\u011fal kaynaklar\u0131ndan elde edilen derilerin ustal\u0131kla i\u015flenmesiyle ortaya \u00e7\u0131k\u0131yor. Afyonlu semerciler, deri malzemeyi sa\u011flamla\u015ft\u0131rmak, renklendirmek ve desenlendirmek i\u00e7in geleneksel teknikleri kullanarak e\u015fsiz eserler ortaya \u00e7\u0131kar\u0131yorlar. Bu zanaat, \u015fehrin k\u00fclt\u00fcrel ge\u00e7mi\u015fini ve tar\u0131msal miras\u0131n\u0131 da yans\u0131tarak yerel bir kimlik olu\u015fturuyor.<\/p>\n\n\n\n<h3 class=\"wp-block-heading has-text-align-center has-neeon-button-dark-gray-color has-text-color has-link-color wp-elements-029d4dffd881935a3a4af1ef8a2b1976\"><span class=\"ez-toc-section\" id=\"4_at_arabaciligi\"><\/span><strong>4. At Arabac\u0131l\u0131\u011f\u0131<\/strong><span class=\"ez-toc-section-end\"><\/span><\/h3>\n\n\n\n<figure class=\"wp-block-image\"><img width=\"800\" height=\"500\" data-public-id=\"At-Arabaciligi_mkjdn5\/At-Arabaciligi_mkjdn5.jpg\" decoding=\"async\" src=\"https:\/\/res.cloudinary.com\/turna\/images\/w_800,h_500,c_scale\/f_auto,q_auto:low\/v1483544813\/At-Arabaciligi_mkjdn5\/At-Arabaciligi_mkjdn5.jpg?_i=AA\" alt=\"At arabac\u0131l\u0131\u011f\u0131\" class=\"wp-post-5706 wp-image-5947\" data-format=\"jpg\" data-transformations=\"f_auto,q_auto:low\" data-version=\"1483544813\" data-seo=\"1\" srcset=\"https:\/\/res.cloudinary.com\/turna\/images\/f_auto,q_auto:low\/v1483544813\/At-Arabaciligi_mkjdn5\/At-Arabaciligi_mkjdn5.jpg?_i=AA 800w, https:\/\/res.cloudinary.com\/turna\/images\/w_300,h_188,c_scale\/f_auto,q_auto:low\/v1483544813\/At-Arabaciligi_mkjdn5\/At-Arabaciligi_mkjdn5.jpg?_i=AA 300w, https:\/\/res.cloudinary.com\/turna\/images\/w_672,h_420,c_scale\/f_auto,q_auto:low\/v1483544813\/At-Arabaciligi_mkjdn5\/At-Arabaciligi_mkjdn5.jpg?_i=AA 672w, https:\/\/res.cloudinary.com\/turna\/images\/w_640,h_400,c_scale\/f_auto,q_auto:low\/v1483544813\/At-Arabaciligi_mkjdn5\/At-Arabaciligi_mkjdn5.jpg?_i=AA 640w, https:\/\/res.cloudinary.com\/turna\/images\/w_681,h_426,c_scale\/f_auto,q_auto:low\/v1483544813\/At-Arabaciligi_mkjdn5\/At-Arabaciligi_mkjdn5.jpg?_i=AA 681w\" sizes=\"(max-width: 800px) 100vw, 800px\" \/><\/figure>\n\n\n\n<p>Bu zanaat \u015fehrin tarih boyunca tar\u0131m ve ta\u015f\u0131mac\u0131l\u0131k alan\u0131ndaki ihtiya\u00e7lar\u0131na cevap vermi\u015f, ayn\u0131 zamanda bir k\u00fclt\u00fcr miras\u0131 olarak da \u015fekillenmi\u015f. At arabac\u0131lar\u0131, y\u00fck ta\u015f\u0131mac\u0131l\u0131\u011f\u0131ndan tar\u0131m i\u015flerine kadar geni\u015f bir yelpazede kullan\u0131lan ara\u00e7lar\u0131 ustal\u0131kla tasarl\u0131yor ve imal ediyorlar. Geleneksel ah\u015fap i\u015f\u00e7ili\u011fi, demir i\u015fleme becerisi ve detayl\u0131 s\u00fcsleme teknikleri, bu el eme\u011fi \u00fcr\u00fcnlerine benzersiz bir estetik kat\u0131yor. G\u00fcn\u00fcm\u00fczde bile, Afyon&#8217;un sokaklar\u0131nda dola\u015fan geleneksel at arabalar\u0131, bu sanat\u0131n ya\u015fayan bir izd\u00fc\u015f\u00fcm\u00fc olarak \u015fehrin dokusunu zenginle\u015ftirmeye devam ediyor.&nbsp;Geli\u015fen teknolojiye yenik d\u00fc\u015fse de bu meslek&nbsp;g\u00fcn\u00fcm\u00fczde birka\u00e7 usta ile devam ettirilmeye \u00e7al\u0131\u015f\u0131l\u0131yor.<\/p>\n\n\n\n<h3 class=\"wp-block-heading has-text-align-center has-neeon-button-dark-gray-color has-text-color has-link-color wp-elements-332aac6eb8533ab3133b0f50a17e169a\"><span class=\"ez-toc-section\" id=\"5_yemenicilik\"><\/span><strong>5. Yemenicilik<\/strong><span class=\"ez-toc-section-end\"><\/span><\/h3>\n\n\n\n<figure class=\"wp-block-image\"><img width=\"800\" height=\"500\" data-public-id=\"Yemenicilik_ut30xi\/Yemenicilik_ut30xi.jpg\" decoding=\"async\" src=\"https:\/\/res.cloudinary.com\/turna\/images\/w_800,h_500,c_scale\/f_auto,q_auto\/f_auto,q_auto:low\/v1483544833\/Yemenicilik_ut30xi\/Yemenicilik_ut30xi.jpg?_i=AA\" alt=\"yemenicilik\" class=\"wp-post-5706 wp-image-5948\" data-format=\"jpg\" data-transformations=\"f_auto,q_auto\/f_auto,q_auto:low\" data-version=\"1483544833\" data-seo=\"1\" srcset=\"https:\/\/res.cloudinary.com\/turna\/images\/f_auto,q_auto\/f_auto,q_auto\/f_auto,q_auto:low\/v1483544833\/Yemenicilik_ut30xi\/Yemenicilik_ut30xi.jpg?_i=AA 800w, https:\/\/res.cloudinary.com\/turna\/images\/w_300,h_188,c_scale\/f_auto,q_auto\/f_auto,q_auto\/f_auto,q_auto:low\/v1483544833\/Yemenicilik_ut30xi\/Yemenicilik_ut30xi.jpg?_i=AA 300w, https:\/\/res.cloudinary.com\/turna\/images\/w_672,h_420,c_scale\/f_auto,q_auto\/f_auto,q_auto\/f_auto,q_auto:low\/v1483544833\/Yemenicilik_ut30xi\/Yemenicilik_ut30xi.jpg?_i=AA 672w, https:\/\/res.cloudinary.com\/turna\/images\/w_640,h_400,c_scale\/f_auto,q_auto\/f_auto,q_auto\/f_auto,q_auto:low\/v1483544833\/Yemenicilik_ut30xi\/Yemenicilik_ut30xi.jpg?_i=AA 640w, https:\/\/res.cloudinary.com\/turna\/images\/w_681,h_426,c_scale\/f_auto,q_auto\/f_auto,q_auto\/f_auto,q_auto:low\/v1483544833\/Yemenicilik_ut30xi\/Yemenicilik_ut30xi.jpg?_i=AA 681w\" sizes=\"(max-width: 800px) 100vw, 800px\" \/><\/figure>\n\n\n\n<p>Yemenicilik, geleneksel T\u00fcrk ayakkab\u0131lar\u0131 olan yemenilerin el yap\u0131m\u0131 \u00fcretimi demek. Afyonlu yemeniciler, y\u0131llar\u0131n tecr\u00fcbesini ve ustal\u0131\u011f\u0131n\u0131 kullanarak deriden \u00f6zenle i\u015flenmi\u015f yemeni modelleri ortaya koyarlar. Buralara yolunuz d\u00fc\u015ft\u00fc\u011f\u00fcnde kendinize ve sevdiklerinize bu otantik yemenilerden hediye almay\u0131 ihmal etmeyin.<\/p>\n\n\n\n<h3 class=\"wp-block-heading has-text-align-center has-neeon-button-dark-gray-color has-text-color has-link-color wp-elements-ecfff06b487084d77e589ab80aa8807d\"><span class=\"ez-toc-section\" id=\"6_kilim_dokumaciligi\"><\/span><strong>6. Kilim Dokumac\u0131l\u0131\u011f\u0131<\/strong><span class=\"ez-toc-section-end\"><\/span><\/h3>\n\n\n\n<p>Motifleri, y\u00fcn malzemesi ve kaliteli boyas\u0131 ile ad\u0131ndan s\u00f6z ettiren \u00f6nemli el sanatlar\u0131ndan biri olan kilim dokumac\u0131l\u0131\u011f\u0131, bug\u00fcn halk e\u011fitim merkezleri ve vak\u0131flarda a\u00e7\u0131lan kurslar ile ya\u015fat\u0131lmaya&nbsp;\u00e7al\u0131\u015f\u0131l\u0131yor.<\/p>\n\n\n\n<p>Siz de, bu harika el sanatlar\u0131n\u0131 ke\u015ffetmek i\u00e7in&nbsp;<strong><a href=\"https:\/\/www.turna.com\/ucak-bileti\/kutahya\" target=\"_blank\" rel=\"noopener noreferrer\">K\u00fctahya u\u00e7ak bileti<\/a>&nbsp;<\/strong>kampanyalar\u0131na g\u00f6z atmay\u0131 ihmal etmeyin. Afyonkarahisar&#8217;a en yak\u0131n havaliman\u0131&nbsp;K\u00fctahya&#8217;n\u0131n Alt\u0131nta\u015f il\u00e7esinde yer alan <strong>Zafer Havaliman\u0131<\/strong>. Buradan Afyonkarahisar \u015fehir merkezine gitmek i\u00e7inse havaliman\u0131ndan kalkan servis ara\u00e7lar\u0131n\u0131 kullanabilirsiniz.<\/p>\n\n\n\n<p>Afyon ile ilgili di\u011fer i\u00e7eriklerimize de muhakkak g\u00f6z at\u0131n.<\/p>\n\n\n\n<p><strong><a href=\"https:\/\/www.turna.com\/blog\/baskomutan-tarihi-milli-parki\" target=\"_blank\" rel=\"noreferrer noopener\">Ba\u015fkomutan Tarihi Milli Park\u0131<\/a><\/strong><\/p>\n\n    <div class=\"xs_social_share_widget xs_share_url after_content \t\tmain_content  wslu-style-1 wslu-share-box-shaped wslu-fill-colored wslu-none wslu-share-horizontal wslu-theme-font-no wslu-main_content\">\n\n\t\t\n        <ul>\n\t\t\t        <\/ul>\n    <\/div> \n","protected":false},"excerpt":{"rendered":"<p>Afyon mistik da\u011flar\u0131, tarihi zenginlikleri ve e\u015fsiz k\u00fclt\u00fcr\u00fcyle bezeli bir \u015fehir olarak, bu topraklarda birbirinden de\u011ferli el sanatlar\u0131 da filizlenmi\u015f. Afyon el sanatlar\u0131, adeta bir b\u00fcy\u00fc gibi dokunuyor ge\u00e7mi\u015fin izlerine, g\u00fcn\u00fcm\u00fczde ise sanat\u0131n \u00f6zg\u00fcn bir ifadesine d\u00f6n\u00fc\u015f\u00fcyor. \u015eehrin s\u0131cak dokusunu ve binlerce y\u0131ll\u0131k ge\u00e7mi\u015fin miras\u0131n\u0131 ta\u015f\u0131yan bu el eme\u011fi \u00fcr\u00fcnler, Afyon&#8217;u hem ge\u00e7mi\u015fteki zanaatk\u00e2rlar\u0131n ustal\u0131\u011f\u0131na bir sayg\u0131 duru\u015fu haline getiriyor hem de g\u00fcn\u00fcm\u00fcz sanatseverlerine benzersiz bir deneyim sunuyor. \u015eimdi, Afyon&#8217;un mistik d\u00fcnyas\u0131nda, el sanatlar\u0131yla bulu\u015fmaya davetlisiniz.<\/p>\n","protected":false},"author":34,"featured_media":5948,"comment_status":"open","ping_status":"open","sticky":false,"template":"","format":"standard","meta":{"rop_custom_images_group":[],"rop_custom_messages_group":[],"rop_publish_now":"initial","rop_publish_now_accounts":[],"rop_publish_now_history":[],"rop_publish_now_status":"pending","_cloudinary_featured_overwrite":false,"footnotes":""},"categories":[84,1807,1847],"tags":[929],"class_list":["post-5706","post","type-post","status-publish","format-standard","has-post-thumbnail","hentry","category-turkiye","category-afyon","category-kutahya","tag-afyonkarahisar"],"_links":{"self":[{"href":"https:\/\/www.turna.com\/blog\/wp-json\/wp\/v2\/posts\/5706","targetHints":{"allow":["GET"]}}],"collection":[{"href":"https:\/\/www.turna.com\/blog\/wp-json\/wp\/v2\/posts"}],"about":[{"href":"https:\/\/www.turna.com\/blog\/wp-json\/wp\/v2\/types\/post"}],"author":[{"embeddable":true,"href":"https:\/\/www.turna.com\/blog\/wp-json\/wp\/v2\/users\/34"}],"replies":[{"embeddable":true,"href":"https:\/\/www.turna.com\/blog\/wp-json\/wp\/v2\/comments?post=5706"}],"version-history":[{"count":0,"href":"https:\/\/www.turna.com\/blog\/wp-json\/wp\/v2\/posts\/5706\/revisions"}],"wp:featuredmedia":[{"embeddable":true,"href":"https:\/\/www.turna.com\/blog\/wp-json\/wp\/v2\/media\/5948"}],"wp:attachment":[{"href":"https:\/\/www.turna.com\/blog\/wp-json\/wp\/v2\/media?parent=5706"}],"wp:term":[{"taxonomy":"category","embeddable":true,"href":"https:\/\/www.turna.com\/blog\/wp-json\/wp\/v2\/categories?post=5706"},{"taxonomy":"post_tag","embeddable":true,"href":"https:\/\/www.turna.com\/blog\/wp-json\/wp\/v2\/tags?post=5706"}],"curies":[{"name":"wp","href":"https:\/\/api.w.org\/{rel}","templated":true}]}}