{"id":5699,"date":"2022-07-27T15:00:00","date_gmt":"2022-07-27T12:00:00","guid":{"rendered":"https:\/\/www.turna.com\/blog\/?p=5699"},"modified":"2025-06-27T14:22:09","modified_gmt":"2025-06-27T11:22:09","slug":"sivastan-ne-alinir","status":"publish","type":"post","link":"https:\/\/www.turna.com\/blog\/sivastan-ne-alinir","title":{"rendered":"Sivas&#8217;tan Ne Al\u0131n\u0131r? 8 Hediyelik E\u015fya \u00d6nerisi"},"content":{"rendered":"<div id=\"ez-toc-container\" class=\"ez-toc-v2_0_82_2 counter-hierarchy ez-toc-counter ez-toc-black ez-toc-container-direction\">\n<div class=\"ez-toc-title-container\">\n<p class=\"ez-toc-title\" style=\"cursor:inherit\">\u0130\u00e7indekiler<\/p>\n<span class=\"ez-toc-title-toggle\"><a href=\"#\" class=\"ez-toc-pull-right ez-toc-btn ez-toc-btn-xs ez-toc-btn-default ez-toc-toggle\" aria-label=\"\u0130\u00e7indekiler Tablosunu A\u00e7\/Kapat\"><span class=\"ez-toc-js-icon-con\"><span class=\"\"><span class=\"eztoc-hide\" style=\"display:none;\">Toggle<\/span><span class=\"ez-toc-icon-toggle-span\"><svg style=\"fill: #ffffff;color:#ffffff\" xmlns=\"http:\/\/www.w3.org\/2000\/svg\" class=\"list-377408\" width=\"20px\" height=\"20px\" viewBox=\"0 0 24 24\" fill=\"none\"><path d=\"M6 6H4v2h2V6zm14 0H8v2h12V6zM4 11h2v2H4v-2zm16 0H8v2h12v-2zM4 16h2v2H4v-2zm16 0H8v2h12v-2z\" fill=\"currentColor\"><\/path><\/svg><svg style=\"fill: #ffffff;color:#ffffff\" class=\"arrow-unsorted-368013\" xmlns=\"http:\/\/www.w3.org\/2000\/svg\" width=\"10px\" height=\"10px\" viewBox=\"0 0 24 24\" version=\"1.2\" baseProfile=\"tiny\"><path d=\"M18.2 9.3l-6.2-6.3-6.2 6.3c-.2.2-.3.4-.3.7s.1.5.3.7c.2.2.4.3.7.3h11c.3 0 .5-.1.7-.3.2-.2.3-.5.3-.7s-.1-.5-.3-.7zM5.8 14.7l6.2 6.3 6.2-6.3c.2-.2.3-.5.3-.7s-.1-.5-.3-.7c-.2-.2-.4-.3-.7-.3h-11c-.3 0-.5.1-.7.3-.2.2-.3.5-.3.7s.1.5.3.7z\"\/><\/svg><\/span><\/span><\/span><\/a><\/span><\/div>\n<nav><ul class='ez-toc-list ez-toc-list-level-1 eztoc-toggle-hide-by-default' ><li class='ez-toc-page-1 ez-toc-heading-level-2'><a class=\"ez-toc-link ez-toc-heading-1\" href=\"https:\/\/www.turna.com\/blog\/sivastan-ne-alinir\/#sivastan_ne_alinir\" >Sivas&#8217;tan Ne Al\u0131n\u0131r?<\/a><ul class='ez-toc-list-level-3' ><li class='ez-toc-heading-level-3'><a class=\"ez-toc-link ez-toc-heading-2\" href=\"https:\/\/www.turna.com\/blog\/sivastan-ne-alinir\/#1_hali\" >1.\u00a0Hal\u0131<\/a><\/li><li class='ez-toc-page-1 ez-toc-heading-level-3'><a class=\"ez-toc-link ez-toc-heading-3\" href=\"https:\/\/www.turna.com\/blog\/sivastan-ne-alinir\/#2_nakisli_corap\" >2. Nak\u0131\u015fl\u0131\u00a0\u00c7orap<\/a><\/li><li class='ez-toc-page-1 ez-toc-heading-level-3'><a class=\"ez-toc-link ez-toc-heading-4\" href=\"https:\/\/www.turna.com\/blog\/sivastan-ne-alinir\/#3_sivas_bicagi\" >3. Sivas B\u0131\u00e7a\u011f\u0131<\/a><\/li><li class='ez-toc-page-1 ez-toc-heading-level-3'><a class=\"ez-toc-link ez-toc-heading-5\" href=\"https:\/\/www.turna.com\/blog\/sivastan-ne-alinir\/#4_zara_bali\" >4. Zara Bal\u0131<\/a><\/li><li class='ez-toc-page-1 ez-toc-heading-level-3'><a class=\"ez-toc-link ez-toc-heading-6\" href=\"https:\/\/www.turna.com\/blog\/sivastan-ne-alinir\/#5_imranli_bali\" >5. \u0130mranl\u0131 Bal\u0131<\/a><\/li><li class='ez-toc-page-1 ez-toc-heading-level-3'><a class=\"ez-toc-link ez-toc-heading-7\" href=\"https:\/\/www.turna.com\/blog\/sivastan-ne-alinir\/#6_kemik_tarak\" >6. Kemik Tarak<\/a><\/li><li class='ez-toc-page-1 ez-toc-heading-level-3'><a class=\"ez-toc-link ez-toc-heading-8\" href=\"https:\/\/www.turna.com\/blog\/sivastan-ne-alinir\/#7_gumus_takilar\" >7. G\u00fcm\u00fc\u015f Tak\u0131lar<\/a><\/li><li class='ez-toc-page-1 ez-toc-heading-level-3'><a class=\"ez-toc-link ez-toc-heading-9\" href=\"https:\/\/www.turna.com\/blog\/sivastan-ne-alinir\/#8_cubukculuk\" >8. \u00c7ubuk\u00e7uluk<\/a><\/li><\/ul><\/li><\/ul><\/nav><\/div>\n\n<p>Kim sevmez ki seyahatten d\u00f6nen arkada\u015f\u0131n\u0131n kendine hediye getirmesini. Ben hem hediye almay\u0131 hem de vermeyi sevenlerdenim. O nedenle seyahatlerimde mutlaka \u015fehre \u00f6zg\u00fc bir e\u015fya ya da ta\u015f\u0131nabilecek bir lezzet varsa izini s\u00fcrerim. Hediyelik e\u015fya satan o renkli d\u00fckkanlar vazge\u00e7ilmezim. \ud83d\ude0d Sivas&#8217;tan da al\u0131nacak birbirinden g\u00fczel hediye alternatifleri var. El&nbsp;eme\u011fi e\u015fyalar ve damaklarda ho\u015f tatlar b\u0131rakan lezzetler <strong>Sivas&#8217;tan ne al\u0131n\u0131r<\/strong> sorumuza cevap oluyor.<\/p>\n\n\n\n<h2 class=\"wp-block-heading has-text-align-center has-neeon-button-dark-gray-color has-text-color has-link-color wp-elements-84f786ba149a4f76a1e8e2d7ba8be021\"><span class=\"ez-toc-section\" id=\"sivastan_ne_alinir\"><\/span><strong><strong><strong><strong><strong><strong>Sivas&#8217;tan Ne Al\u0131n\u0131r?<\/strong><\/strong><\/strong><\/strong><\/strong><\/strong><span class=\"ez-toc-section-end\"><\/span><\/h2>\n\n\n\n<p>Bir \u015fehri gezerken oradan hat\u0131ra kalacak bir \u015feyler almay\u0131 \u00e7ok seviyorum. Bu \u00e7o\u011fu zaman magnet ve ona e\u015flik eden fincan, biblo ya da y\u00f6resel e\u015fyalar oluyor. Bazen de yine o y\u00f6reye \u00f6zg\u00fc bir lezzet oluyor. Hem kendinizi hem sevdiklerinizi \u015f\u0131martmak isterseniz Sivas&#8217;tan eli bo\u015f d\u00f6nmeyece\u011finizi s\u00f6yleyebilirim. Bu \u015fehirden alabilece\u011finiz neler varm\u0131\u015f hadi gelin bir g\u00f6z atal\u0131m.<\/p>\n\n\n\n<p><strong>Sivas&#8217;tan Ne Al\u0131n\u0131r?<\/strong><\/p>\n\n\n\n<ul class=\"wp-block-list\">\n<li>Hal\u0131<\/li>\n\n\n\n<li>Nak\u0131\u015fl\u0131 \u00c7orap<\/li>\n\n\n\n<li>Sivas B\u0131\u00e7a\u011f\u0131<\/li>\n\n\n\n<li>Zara Bal\u0131<\/li>\n\n\n\n<li>\u0130mranl\u0131 Bal\u0131<\/li>\n\n\n\n<li>Kemik Tarak<\/li>\n\n\n\n<li>G\u00fcm\u00fc\u015f Tak\u0131lar<\/li>\n\n\n\n<li>\u00c7ubuk\u00e7uluk<\/li>\n<\/ul>\n\n\n\n<h3 class=\"wp-block-heading has-text-align-center has-neeon-button-dark-gray-color has-text-color has-link-color wp-elements-495de1a64c7d804ff53faa8a1c540cac\"><span class=\"ez-toc-section\" id=\"1_hali\"><\/span><strong><strong><strong><strong>1.\u00a0Hal\u0131<\/strong><\/strong><\/strong><\/strong><span class=\"ez-toc-section-end\"><\/span><\/h3>\n\n\n\n<figure class=\"wp-block-image\"><img width=\"800\" height=\"500\" data-public-id=\"Sivas-Halisi_qdh6cm\/Sivas-Halisi_qdh6cm.jpg\" fetchpriority=\"high\" decoding=\"async\" src=\"https:\/\/res.cloudinary.com\/turna\/images\/w_800,h_500,c_scale\/f_auto,q_auto:low\/v1483274363\/Sivas-Halisi_qdh6cm\/Sivas-Halisi_qdh6cm.jpg?_i=AA\" alt=\"sivas&#039;tan ne al\u0131n\u0131r sivas hal\u0131s\u0131\" class=\"wp-post-5699 wp-image-5894\" data-format=\"jpg\" data-transformations=\"f_auto,q_auto:low\" data-version=\"1483274363\" data-seo=\"1\" srcset=\"https:\/\/res.cloudinary.com\/turna\/images\/f_auto,q_auto:low\/v1483274363\/Sivas-Halisi_qdh6cm\/Sivas-Halisi_qdh6cm.jpg?_i=AA 800w, https:\/\/res.cloudinary.com\/turna\/images\/w_300,h_188,c_scale\/f_auto,q_auto:low\/v1483274363\/Sivas-Halisi_qdh6cm\/Sivas-Halisi_qdh6cm.jpg?_i=AA 300w, https:\/\/res.cloudinary.com\/turna\/images\/w_672,h_420,c_scale\/f_auto,q_auto:low\/v1483274363\/Sivas-Halisi_qdh6cm\/Sivas-Halisi_qdh6cm.jpg?_i=AA 672w, https:\/\/res.cloudinary.com\/turna\/images\/w_640,h_400,c_scale\/f_auto,q_auto:low\/v1483274363\/Sivas-Halisi_qdh6cm\/Sivas-Halisi_qdh6cm.jpg?_i=AA 640w, https:\/\/res.cloudinary.com\/turna\/images\/w_681,h_426,c_scale\/f_auto,q_auto:low\/v1483274363\/Sivas-Halisi_qdh6cm\/Sivas-Halisi_qdh6cm.jpg?_i=AA 681w\" sizes=\"(max-width: 800px) 100vw, 800px\" \/><\/figure>\n\n\n\n<p><span id=\"banner_ad\" class=\"postbody\">T\u00fcrkiye&#8217;de oldu\u011fu kadar d\u00fcnyadaki hal\u0131 sanayinde de se\u00e7kin bir yeri bulunan <strong>Sivas hal\u0131lar\u0131, <\/strong>Sel\u00e7uklu zaman\u0131ndan bu yana evleri s\u00fcsl\u00fcyor. Hal\u0131 dokunurken kullan\u0131lan ipin inceli\u011fi, motifleri ve ilmek say\u0131s\u0131n\u0131n fazlal\u0131\u011f\u0131 ile di\u011ferlerinden ayr\u0131lan bu hal\u0131lar, \u015fehirden al\u0131nabilecek en g\u00fczel hediyelik e\u015fyalardan biri.<\/span><\/p>\n\n\n\n<p>Sivas hal\u0131s\u0131n\u0131n \u201clalezar\u201d, \u201c\u00e7e\u015fmib\u00fclb\u00fcl\u201d, \u201cy\u0131lanl\u0131\u201d, \u201c\u00e7amurlu\u201d gibi isimleri olan desenleri var. Ba\u015fka bir \u00f6zelli\u011fi de desenlerde z\u0131t renklerden ka\u00e7\u0131n\u0131lmas\u0131. Hal\u0131larda en az 12-25 aras\u0131 farkl\u0131 renkler kullan\u0131l\u0131yor ve ortaya renk c\u00fcmb\u00fc\u015f\u00fc \u00e7\u0131k\u0131yor. Yaln\u0131zca normal hal\u0131 olarak d\u00fc\u015f\u00fcnmeyin, duvar hal\u0131s\u0131, \u00e7anta gibi se\u00e7enekler de var. O nedenle g\u00fczel bir hediye alternatifi.<\/p>\n\n\n\n<p>Ayn\u0131 zamanda kilimler de y\u00f6rede yayg\u0131n olarak kullan\u0131l\u0131yor. Daha \u00e7ok k\u00f6ylerde geli\u015fmi\u015f olan kilim dokumac\u0131l\u0131\u011f\u0131n\u0131n yan kilim, kebir orta kilim, \u00e7ul kilim, devet\u00fcyl\u00fc kilim, nak\u0131\u015fl\u0131 kilim, k\u0131rm\u0131z\u0131 ve beyaz kilim gibi t\u00fcrleri bulunuyor.<\/p>\n\n\n\n<h3 class=\"wp-block-heading has-text-align-center has-neeon-button-dark-gray-color has-text-color has-link-color wp-elements-c174d25ea01f97649f3c7373a06ab90d\"><span class=\"ez-toc-section\" id=\"2_nakisli_corap\"><\/span><strong><strong><strong><strong>2. Nak\u0131\u015fl\u0131\u00a0\u00c7orap<\/strong><\/strong><\/strong><\/strong><span class=\"ez-toc-section-end\"><\/span><\/h3>\n\n\n\n<p><strong>Sivas&#8217;a \u00f6zg\u00fc hediyeler<\/strong> arayanlar i\u00e7in \u015fahane bir se\u00e7enek <strong>nak\u0131\u015fl\u0131 \u00e7orap<\/strong>. Diz kapa\u011f\u0131na kadar \u00f6r\u00fclen nak\u0131\u015fl\u0131 \u00e7orap, Do\u011fan\u015far, Zara, Hafik, \u0130mranl\u0131 il\u00e7elerinde hala devam ettirilen gelenek bir el sanat\u0131 \u00fcr\u00fcn\u00fc.<\/p>\n\n\n\n<p>Bu \u00e7oraplarda kullan\u0131lan en yayg\u0131n motifler ise &#8216;yand\u0131m alamad\u0131m, yarimi eller ald\u0131, kak\u00fcl, ergen b\u0131y\u0131\u011f\u0131, eli mektuplu, elif-b, a\u015f\u0131k kirpi\u011fi, g\u00f6n\u00fcl kilidi, katip \u00e7imdi\u011fi ve civan Ka\u015f\u0131&#8217; gibi ilgin\u00e7 isimlere sahip.<\/p>\n\n\n\n<h3 class=\"wp-block-heading has-text-align-center has-neeon-button-dark-gray-color has-text-color has-link-color wp-elements-60c65df4eaada8ea3a3ab163c1fb966c\"><span class=\"ez-toc-section\" id=\"3_sivas_bicagi\"><\/span><strong><strong><strong><strong>3. Sivas B\u0131\u00e7a\u011f\u0131<\/strong><\/strong><\/strong><\/strong><span class=\"ez-toc-section-end\"><\/span><\/h3>\n\n\n\n<figure class=\"wp-block-image\"><img width=\"800\" height=\"500\" data-public-id=\"Sivas-Bicagi_xan6n5\/Sivas-Bicagi_xan6n5.jpg\" decoding=\"async\" src=\"https:\/\/res.cloudinary.com\/turna\/images\/w_800,h_500,c_scale\/f_auto,q_auto:low\/v1483274389\/Sivas-Bicagi_xan6n5\/Sivas-Bicagi_xan6n5.jpg?_i=AA\" alt=\"sivas b\u0131\u00e7a\u011f\u0131\" class=\"wp-post-5699 wp-image-5895\" data-format=\"jpg\" data-transformations=\"f_auto,q_auto:low\" data-version=\"1483274389\" data-seo=\"1\" srcset=\"https:\/\/res.cloudinary.com\/turna\/images\/f_auto,q_auto:low\/v1483274389\/Sivas-Bicagi_xan6n5\/Sivas-Bicagi_xan6n5.jpg?_i=AA 800w, https:\/\/res.cloudinary.com\/turna\/images\/w_300,h_188,c_scale\/f_auto,q_auto:low\/v1483274389\/Sivas-Bicagi_xan6n5\/Sivas-Bicagi_xan6n5.jpg?_i=AA 300w, https:\/\/res.cloudinary.com\/turna\/images\/w_672,h_420,c_scale\/f_auto,q_auto:low\/v1483274389\/Sivas-Bicagi_xan6n5\/Sivas-Bicagi_xan6n5.jpg?_i=AA 672w, https:\/\/res.cloudinary.com\/turna\/images\/w_640,h_400,c_scale\/f_auto,q_auto:low\/v1483274389\/Sivas-Bicagi_xan6n5\/Sivas-Bicagi_xan6n5.jpg?_i=AA 640w, https:\/\/res.cloudinary.com\/turna\/images\/w_681,h_426,c_scale\/f_auto,q_auto:low\/v1483274389\/Sivas-Bicagi_xan6n5\/Sivas-Bicagi_xan6n5.jpg?_i=AA 681w\" sizes=\"(max-width: 800px) 100vw, 800px\" \/><\/figure>\n\n\n\n<p>Sivas&#8217;\u0131n unutulmaya&nbsp;y\u00fcz tutmu\u015f geleneksel el sanatlar\u0131ndan olan b\u0131\u00e7ak\u00e7\u0131l\u0131k, bug\u00fcn eski ihti\u015faml\u0131 g\u00fcnlerinden uzak olsa da, ortaya \u00e7\u0131kan \u00fcr\u00fcnler \u015fehre gelenlerin be\u011fenisini&nbsp;kazanmaya&nbsp;devam ediyor.&nbsp;Sivas B\u0131\u00e7aklar\u0131n\u0131n kalitesi T\u00fcrkiye\u2019de ilk \u00fc\u00e7 i\u00e7erisinde yer al\u0131yor.<\/p>\n\n\n\n<p>Genellikle k\u0131l\u0131\u00e7 tipi b\u0131\u00e7aklar, ba\u011f b\u0131\u00e7aklar\u0131, ekmek b\u0131\u00e7aklar\u0131 ve bir-iki a\u011f\u0131zl\u0131 ya da ustura tipi b\u0131\u00e7aklar yap\u0131l\u0131yor. \u201cNamlu\u201d kesici metal \u00e7elik k\u0131s\u0131m, hayvan boynuzundan yap\u0131lan sapa tak\u0131l\u0131yor ve b\u0131\u00e7ak son halini al\u0131yor.&nbsp;Keskinli\u011fi ve kalitesi ile dikkat \u00e7eken bu b\u0131\u00e7aklar, \u015fehirden al\u0131nabilecek de\u011ferli hediyeliklerden.<\/p>\n\n\n\n<h3 class=\"wp-block-heading has-text-align-center has-neeon-button-dark-gray-color has-text-color has-link-color wp-elements-a7f187593f093e84d716be41de01e16f\"><span class=\"ez-toc-section\" id=\"4_zara_bali\"><\/span><strong><strong><strong><strong>4. Zara Bal\u0131<\/strong><\/strong><\/strong><\/strong><span class=\"ez-toc-section-end\"><\/span><\/h3>\n\n\n\n<p>B\u00f6lgede \u00e7i\u00e7ek floras\u0131n\u0131n ve bal aromas\u0131n\u0131n y\u00fcksek oldu\u011fu keven ve kekik bitkilerinden elde edilen ballarla haz\u0131rlanan <strong>Zara Bal\u0131<\/strong>, \u015fehre mal olmu\u015f bir marka. Zara Bal\u0131n\u0131n yayg\u0131nla\u015ft\u0131r\u0131lmas\u0131 amac\u0131yla her y\u0131l Zara Bal ve K\u00fclt\u00fcr Festivali d\u00fczenleniyor. <\/p>\n\n\n\n<p>\u00d6mr\u00fc uzatt\u0131\u011f\u0131, stresi giderdi\u011fi, haf\u0131zay\u0131 g\u00fc\u00e7lendirdi\u011fi, mide yanmalar\u0131na ve \u00fclsere iyi geldi\u011fi ve daha bir \u00e7ok rahats\u0131zl\u0131\u011fa \u015fifa oldu\u011fu biliniyor. Yeti\u015fti\u011fi y\u00f6rede olduk\u00e7a sevilen bu bal, \u015fehirden ayr\u0131l\u0131rken al\u0131nabilecek en tatl\u0131 \u015feylerden biri.<\/p>\n\n\n\n<h3 class=\"wp-block-heading has-text-align-center has-neeon-button-dark-gray-color has-text-color has-link-color wp-elements-3c363cea048fd6894ad04df1370f193c\"><span class=\"ez-toc-section\" id=\"5_imranli_bali\"><\/span><strong><strong><strong><strong>5. \u0130mranl\u0131 Bal\u0131<\/strong><\/strong><\/strong><\/strong><span class=\"ez-toc-section-end\"><\/span><\/h3>\n\n\n\n<p><img width=\"800\" height=\"500\" data-public-id=\"Sivas-Bali_affqag\/Sivas-Bali_affqag.jpg\" decoding=\"async\" class=\"alignnone wp-post-5699 wp-image-5897\" src=\"https:\/\/res.cloudinary.com\/turna\/images\/w_800,h_500,c_scale\/f_auto,q_auto:low\/v1483274415\/Sivas-Bali_affqag\/Sivas-Bali_affqag.jpg?_i=AA\" data-format=\"jpg\" data-transformations=\"f_auto,q_auto:low\" data-version=\"1483274415\" data-seo=\"1\" srcset=\"https:\/\/res.cloudinary.com\/turna\/images\/f_auto,q_auto:low\/v1483274415\/Sivas-Bali_affqag\/Sivas-Bali_affqag.jpg?_i=AA 800w, https:\/\/res.cloudinary.com\/turna\/images\/w_300,h_188,c_scale\/f_auto,q_auto:low\/v1483274415\/Sivas-Bali_affqag\/Sivas-Bali_affqag.jpg?_i=AA 300w, https:\/\/res.cloudinary.com\/turna\/images\/w_672,h_420,c_scale\/f_auto,q_auto:low\/v1483274415\/Sivas-Bali_affqag\/Sivas-Bali_affqag.jpg?_i=AA 672w, https:\/\/res.cloudinary.com\/turna\/images\/w_640,h_400,c_scale\/f_auto,q_auto:low\/v1483274415\/Sivas-Bali_affqag\/Sivas-Bali_affqag.jpg?_i=AA 640w, https:\/\/res.cloudinary.com\/turna\/images\/w_681,h_426,c_scale\/f_auto,q_auto:low\/v1483274415\/Sivas-Bali_affqag\/Sivas-Bali_affqag.jpg?_i=AA 681w\" sizes=\"(max-width: 800px) 100vw, 800px\" \/><\/p>\n\n\n\n<p>1995 y\u0131l\u0131ndan bu yana ar\u0131c\u0131l\u0131k ve bal \u00fcreticili\u011fi yap\u0131lan\u00a0\u0130mranl\u0131&#8217;da, kekik ve keven bitkileri olduk\u00e7a yo\u011fun olarak bulunuyor. Bu bitkilerden \u00fcretilen \u015fifal\u0131 ve leziz bal ise keven bal\u0131 olarak biliniyor.<\/p>\n\n\n\n<h3 class=\"wp-block-heading has-text-align-center has-neeon-button-dark-gray-color has-text-color has-link-color wp-elements-496db3adeb0903825e326560bf544005\"><span class=\"ez-toc-section\" id=\"6_kemik_tarak\"><\/span><strong><strong><strong><strong>6. Kemik Tarak<\/strong><\/strong><\/strong><\/strong><span class=\"ez-toc-section-end\"><\/span><\/h3>\n\n\n\n<figure class=\"wp-block-image size-large\"><img decoding=\"async\" src=\"https:\/\/res.cloudinary.com\/turna\/image\/upload\/v1658925845\/kemik_tarak_sivas.jpg\" alt=\"kemik tarak\"\/><\/figure>\n\n\n\n<p>Kemik Tarak Sivas&#8217;tan ne al\u0131n\u0131r sorusunun en bilinen yan\u0131tlar\u0131ndan biri. Hayvan boynuzundan yap\u0131lan bu tarak\u00e7\u0131l\u0131k kaybolmaya y\u00fcz tutmu\u015f k\u0131ymetli bir el sanat\u0131. Sivas&#8217;ta bu sanat\u0131 icra eden tek bir ki\u015fi kalm\u0131\u015f. Tarihe g\u00f6m\u00fclmeden, siz de bu taraklardan bir tane edinmelisiniz.<\/p>\n\n\n\n<h3 class=\"wp-block-heading has-text-align-center has-neeon-button-dark-gray-color has-text-color has-link-color wp-elements-b78758e2914352655b87220c34cbb385\"><span class=\"ez-toc-section\" id=\"7_gumus_takilar\"><\/span><strong><strong><strong><strong>7. G\u00fcm\u00fc\u015f Tak\u0131lar<\/strong><\/strong><\/strong><\/strong><span class=\"ez-toc-section-end\"><\/span><\/h3>\n\n\n\n<figure class=\"wp-block-image size-large\"><img decoding=\"async\" src=\"https:\/\/res.cloudinary.com\/turna\/image\/upload\/v1658925845\/g%C3%BCm%C3%BC%C5%9F_tak%C4%B1lar_sivas%C4%B1n_neyi_me%C5%9Fhur.jpg\" alt=\"g\u00fcm\u00fc\u015f tak\u0131lar\"\/><\/figure>\n\n\n\n<p>G\u00fcm\u00fc\u015f\u00e7\u00fcl\u00fck Sivas&#8217;ta geli\u015fmi\u015f el sanatlar\u0131ndan biri. G\u00fcm\u00fc\u015f kemerler, bilezikler, bardak ve fincan zarflar\u0131, \u00e7ay tabaklar\u0131, \u00e7ay tepsileri, bro\u015flar, a\u011f\u0131zl\u0131klar ve tesbih s\u00fcsleri gibi e\u015fyalar yap\u0131l\u0131yor. Sivas&#8217;\u0131n neyi me\u015fhur diyenler g\u00fcm\u00fc\u015flere bir g\u00f6z atabilirler. <\/p>\n\n\n\n<h3 class=\"wp-block-heading has-text-align-center has-neeon-button-dark-gray-color has-text-color has-link-color wp-elements-75acad907c4c4544545241caeb9c2d1f\"><span class=\"ez-toc-section\" id=\"8_cubukculuk\"><\/span><strong><strong><strong><strong>8. \u00c7ubuk\u00e7uluk<\/strong><\/strong><\/strong><\/strong><span class=\"ez-toc-section-end\"><\/span><\/h3>\n\n\n\n<figure class=\"wp-block-image size-large\"><img decoding=\"async\" src=\"https:\/\/res.cloudinary.com\/turna\/image\/upload\/v1658925845\/%C3%A7ubuk%C3%A7uluk_sivastan_ne_al%C4%B1n%C4%B1r.jpg\" alt=\"\u00c7ubuk\u00e7uluk\"\/><\/figure>\n\n\n\n<p>&nbsp;&#8220;A\u011f\u0131zl\u0131k\u00e7\u0131l\u0131k&#8221; veya &#8220;\u00c7ubuk\u00e7uluk&#8221; ismiyle an\u0131lan bir el sanat\u0131 daha var Sivas&#8217;ta. Bu sanat\u0131n ba\u015flang\u0131c\u0131 1800 y\u0131l\u0131na kadar gidiyor. Sivas a\u011f\u0131zl\u0131klar\u0131n\u0131n yap\u0131m\u0131nda Tokat-Erzincan-Erzurum-Kars ve A\u011fr\u0131 y\u00f6relerinden temin edilen &#8220;Germi\u015fek&#8221; ad\u0131 verilen bir a\u011fa\u00e7 cinsi kullan\u0131l\u0131yor.<\/p>\n\n\n\n<p>Son zamanlarda Sivas&#8217;taki a\u011f\u0131zl\u0131k\u00e7\u0131lar kalemlik, isimlik, t\u0131\u011f sap\u0131, \u015famdan, minare maketi ve t\u00fckenmez kalem gibi hediyelik e\u015fyalar da yap\u0131yorlar. Ve bize de ister kendimize ister sevdiklerimize bu hediyeliklerden almak d\u00fc\u015f\u00fcyor.<\/p>\n\n\n\n<p>Siz de, sevdiklerinizin y\u00fcz\u00fcnde ho\u015f bir g\u00fcl\u00fcmseme b\u0131rakmak i\u00e7in<strong>&nbsp;<a href=\"https:\/\/www.turna.com\/ucak-bileti\/sivas\" target=\"_blank\" rel=\"noopener noreferrer\">Sivas u\u00e7ak bileti<\/a> <\/strong>f\u0131rsatlar\u0131na&nbsp;g\u00f6z atmay\u0131 ihmal etmeyin. Ayr\u0131ca <strong><a href=\"https:\/\/www.turna.com\/blog\/sivasta-ne-yenir\" target=\"_blank\" rel=\"noreferrer noopener\">Sivas&#8217;ta ne yenir<\/a><\/strong> ve <strong><a href=\"https:\/\/www.turna.com\/blog\/sivas-gezilecek-yerler\" target=\"_blank\" rel=\"noreferrer noopener\">Sivas gezilecek yerler <\/a><\/strong>yaz\u0131lar\u0131m\u0131 da okumay\u0131 unutmay\u0131n.<\/p>\n\n    <div class=\"xs_social_share_widget xs_share_url after_content \t\tmain_content  wslu-style-1 wslu-share-box-shaped wslu-fill-colored wslu-none wslu-share-horizontal wslu-theme-font-no wslu-main_content\">\n\n\t\t\n        <ul>\n\t\t\t        <\/ul>\n    <\/div> \n","protected":false},"excerpt":{"rendered":"<p> Sivas&#8217;tan da al\u0131nacak birbirinden g\u00fczel hediye alternatifleri var. El\u00a0eme\u011fi e\u015fyalar ve damaklarda ho\u015f tatlar b\u0131rakan lezzetler Sivas&#8217;tan ne al\u0131n\u0131r sorumuza cevap oluyor.<\/p>\n","protected":false},"author":34,"featured_media":5894,"comment_status":"open","ping_status":"open","sticky":false,"template":"","format":"standard","meta":{"rop_custom_images_group":[],"rop_custom_messages_group":[],"rop_publish_now":"initial","rop_publish_now_accounts":[],"rop_publish_now_history":[],"rop_publish_now_status":"pending","_cloudinary_featured_overwrite":false,"footnotes":""},"categories":[84,1862],"tags":[935],"class_list":["post-5699","post","type-post","status-publish","format-standard","has-post-thumbnail","hentry","category-turkiye","category-sivas","tag-sivas"],"_links":{"self":[{"href":"https:\/\/www.turna.com\/blog\/wp-json\/wp\/v2\/posts\/5699","targetHints":{"allow":["GET"]}}],"collection":[{"href":"https:\/\/www.turna.com\/blog\/wp-json\/wp\/v2\/posts"}],"about":[{"href":"https:\/\/www.turna.com\/blog\/wp-json\/wp\/v2\/types\/post"}],"author":[{"embeddable":true,"href":"https:\/\/www.turna.com\/blog\/wp-json\/wp\/v2\/users\/34"}],"replies":[{"embeddable":true,"href":"https:\/\/www.turna.com\/blog\/wp-json\/wp\/v2\/comments?post=5699"}],"version-history":[{"count":0,"href":"https:\/\/www.turna.com\/blog\/wp-json\/wp\/v2\/posts\/5699\/revisions"}],"wp:featuredmedia":[{"embeddable":true,"href":"https:\/\/www.turna.com\/blog\/wp-json\/wp\/v2\/media\/5894"}],"wp:attachment":[{"href":"https:\/\/www.turna.com\/blog\/wp-json\/wp\/v2\/media?parent=5699"}],"wp:term":[{"taxonomy":"category","embeddable":true,"href":"https:\/\/www.turna.com\/blog\/wp-json\/wp\/v2\/categories?post=5699"},{"taxonomy":"post_tag","embeddable":true,"href":"https:\/\/www.turna.com\/blog\/wp-json\/wp\/v2\/tags?post=5699"}],"curies":[{"name":"wp","href":"https:\/\/api.w.org\/{rel}","templated":true}]}}