{"id":5152,"date":"2023-10-17T11:05:00","date_gmt":"2023-10-17T08:05:00","guid":{"rendered":"https:\/\/www.turna.com\/blog\/?p=5152"},"modified":"2025-12-08T14:46:03","modified_gmt":"2025-12-08T11:46:03","slug":"fas-sehirleri","status":"publish","type":"post","link":"https:\/\/www.turna.com\/blog\/fas-sehirleri","title":{"rendered":"Fas \u015eehirleri Hakk\u0131nda Bilgiler: G\u00f6r\u00fclmesi Gereken 5 Kent"},"content":{"rendered":"<div id=\"ez-toc-container\" class=\"ez-toc-v2_0_82_2 counter-hierarchy ez-toc-counter ez-toc-black ez-toc-container-direction\">\n<div class=\"ez-toc-title-container\">\n<p class=\"ez-toc-title\" style=\"cursor:inherit\">\u0130\u00e7indekiler<\/p>\n<span class=\"ez-toc-title-toggle\"><a href=\"#\" class=\"ez-toc-pull-right ez-toc-btn ez-toc-btn-xs ez-toc-btn-default ez-toc-toggle\" aria-label=\"\u0130\u00e7indekiler Tablosunu A\u00e7\/Kapat\"><span class=\"ez-toc-js-icon-con\"><span class=\"\"><span class=\"eztoc-hide\" style=\"display:none;\">Toggle<\/span><span class=\"ez-toc-icon-toggle-span\"><svg style=\"fill: #ffffff;color:#ffffff\" xmlns=\"http:\/\/www.w3.org\/2000\/svg\" class=\"list-377408\" width=\"20px\" height=\"20px\" viewBox=\"0 0 24 24\" fill=\"none\"><path d=\"M6 6H4v2h2V6zm14 0H8v2h12V6zM4 11h2v2H4v-2zm16 0H8v2h12v-2zM4 16h2v2H4v-2zm16 0H8v2h12v-2z\" fill=\"currentColor\"><\/path><\/svg><svg style=\"fill: #ffffff;color:#ffffff\" class=\"arrow-unsorted-368013\" xmlns=\"http:\/\/www.w3.org\/2000\/svg\" width=\"10px\" height=\"10px\" viewBox=\"0 0 24 24\" version=\"1.2\" baseProfile=\"tiny\"><path d=\"M18.2 9.3l-6.2-6.3-6.2 6.3c-.2.2-.3.4-.3.7s.1.5.3.7c.2.2.4.3.7.3h11c.3 0 .5-.1.7-.3.2-.2.3-.5.3-.7s-.1-.5-.3-.7zM5.8 14.7l6.2 6.3 6.2-6.3c.2-.2.3-.5.3-.7s-.1-.5-.3-.7c-.2-.2-.4-.3-.7-.3h-11c-.3 0-.5.1-.7.3-.2.2-.3.5-.3.7s.1.5.3.7z\"\/><\/svg><\/span><\/span><\/span><\/a><\/span><\/div>\n<nav><ul class='ez-toc-list ez-toc-list-level-1 eztoc-toggle-hide-by-default' ><li class='ez-toc-page-1 ez-toc-heading-level-2'><a class=\"ez-toc-link ez-toc-heading-1\" href=\"https:\/\/www.turna.com\/blog\/fas-sehirleri\/#fasta_gormeniz_gereken_5_egzotik_sehir\" >Fas\u2019ta G\u00f6rmeniz Gereken 5 Egzotik \u015eehir<\/a><ul class='ez-toc-list-level-3' ><li class='ez-toc-heading-level-3'><a class=\"ez-toc-link ez-toc-heading-2\" href=\"https:\/\/www.turna.com\/blog\/fas-sehirleri\/#1_marakes\" >1. Marake\u015f<\/a><\/li><li class='ez-toc-page-1 ez-toc-heading-level-3'><a class=\"ez-toc-link ez-toc-heading-3\" href=\"https:\/\/www.turna.com\/blog\/fas-sehirleri\/#2_rabat\" >2. Rabat<\/a><\/li><li class='ez-toc-page-1 ez-toc-heading-level-3'><a class=\"ez-toc-link ez-toc-heading-4\" href=\"https:\/\/www.turna.com\/blog\/fas-sehirleri\/#3_fes\" >3. Fes<\/a><\/li><li class='ez-toc-page-1 ez-toc-heading-level-3'><a class=\"ez-toc-link ez-toc-heading-5\" href=\"https:\/\/www.turna.com\/blog\/fas-sehirleri\/#4_kazablanka\" >4. Kazablanka<\/a><\/li><li class='ez-toc-page-1 ez-toc-heading-level-3'><a class=\"ez-toc-link ez-toc-heading-6\" href=\"https:\/\/www.turna.com\/blog\/fas-sehirleri\/#5_meknes\" >5. Meknes<\/a><\/li><\/ul><\/li><\/ul><\/nav><\/div>\n\n<p><strong>Fas \u015fehirleri<\/strong>, benzersiz k\u00fclt\u00fcrel miras\u0131, b\u00fcy\u00fcleyici tarihi yap\u0131lar\u0131 ve gizemli sokaklar\u0131yla \u00fcnl\u00fc olan harika yerler. Kuzey Afrika&#8217;n\u0131n bu b\u00fcy\u00fcleyici \u00fclkesi, tarihsel zenginli\u011fi ve modern cazibesiyle gezginler i\u00e7in muhte\u015fem bir deneyim sunuyor. Fas \u015fehirleri, her biri kendi benzersiz \u00f6zellikleri ve b\u00fcy\u00fcs\u00fc ile dolu, tam anlam\u0131yla birer m\u00fccevher gibi. Bu yaz\u0131da, Fas&#8217;\u0131n b\u00fcy\u00fcleyici \u015fehirlerini ke\u015ffedecek ve bu yerlerin e\u015fsiz g\u00fczelliklerine dalaca\u011f\u0131z. Haz\u0131r m\u0131s\u0131n\u0131z? \u00d6yleyse, Fas \u015fehirlerinin b\u00fcy\u00fcl\u00fc d\u00fcnyas\u0131na birlikte ad\u0131m atal\u0131m.<\/p>\n\n\n\n<h2 class=\"wp-block-heading has-text-align-center has-neeon-button-dark-gray-color has-text-color has-link-color wp-elements-d8c0c270d017ce82e20a1e97b8e064c3\"><span class=\"ez-toc-section\" id=\"fasta_gormeniz_gereken_5_egzotik_sehir\"><\/span><strong>Fas\u2019ta G\u00f6rmeniz Gereken 5 Egzotik \u015eehir<\/strong><span class=\"ez-toc-section-end\"><\/span><\/h2>\n\n\n\n<figure class=\"wp-block-image size-large is-resized\"><img width=\"800\" height=\"500\" data-public-id=\"Fas_funkjk\/Fas_funkjk.jpg\" decoding=\"async\" src=\"https:\/\/res.cloudinary.com\/turna\/images\/w_800,h_500,c_scale\/f_auto,q_auto:low\/v1537954858\/Fas_funkjk\/Fas_funkjk.jpg?_i=AA\" alt=\"Fas \u015fehirleri\" style=\"width:670px;height:419px\" class=\"wp-post-0 wp-image-22093\" data-format=\"jpg\" data-transformations=\"f_auto,q_auto:low\" data-version=\"1537954858\" data-seo=\"1\" srcset=\"https:\/\/res.cloudinary.com\/turna\/images\/f_auto,q_auto:low\/v1537954858\/Fas_funkjk\/Fas_funkjk.jpg?_i=AA 800w, https:\/\/res.cloudinary.com\/turna\/images\/w_300,h_188,c_scale\/f_auto,q_auto:low\/v1537954858\/Fas_funkjk\/Fas_funkjk.jpg?_i=AA 300w, https:\/\/res.cloudinary.com\/turna\/images\/w_672,h_420,c_scale\/f_auto,q_auto:low\/v1537954858\/Fas_funkjk\/Fas_funkjk.jpg?_i=AA 672w, https:\/\/res.cloudinary.com\/turna\/images\/w_640,h_400,c_scale\/f_auto,q_auto:low\/v1537954858\/Fas_funkjk\/Fas_funkjk.jpg?_i=AA 640w, https:\/\/res.cloudinary.com\/turna\/images\/w_681,h_426,c_scale\/f_auto,q_auto:low\/v1537954858\/Fas_funkjk\/Fas_funkjk.jpg?_i=AA 681w\" sizes=\"(max-width: 800px) 100vw, 800px\" \/><\/figure>\n\n\n\n<p>Fas, Orta Do\u011fu&#8217;nun gizemini ve Kuzey Afrika&#8217;n\u0131n b\u00fcy\u00fcleyici atmosferini bir araya getiren benzersiz bir destinasyon olarak tan\u0131n\u0131yor. Bu \u00fclke, tarihi ve k\u00fclt\u00fcrel zenginli\u011fi ile \u00fcnl\u00fc ve her biri kendi b\u00fcy\u00fcs\u00fcne sahip olan bir\u00e7ok egzotik \u015fehre sahip. Fas&#8217;ta g\u00f6rmeniz gereken be\u015f egzotik \u015fehir, her biri size benzersiz bir deneyim sunacak ve sizi b\u00fcy\u00fcleyici bir yolculu\u011fa \u00e7\u0131karacak.<\/p>\n\n\n\n<h3 class=\"wp-block-heading has-text-align-center has-neeon-button-dark-gray-color has-text-color has-link-color wp-elements-a8233a7d8f9033047230bd3397ab45e9\"><span class=\"ez-toc-section\" id=\"1_marakes\"><\/span><strong>1. Marake\u015f<\/strong><span class=\"ez-toc-section-end\"><\/span><\/h3>\n\n\n\n<figure class=\"wp-block-image\"><img width=\"800\" height=\"500\" data-public-id=\"Marakes-Fas_st4lqe\/Marakes-Fas_st4lqe.jpg\" fetchpriority=\"high\" decoding=\"async\" src=\"https:\/\/res.cloudinary.com\/turna\/images\/w_800,h_500,c_scale\/f_auto,q_auto:low\/v1478541659\/Marakes-Fas_st4lqe\/Marakes-Fas_st4lqe.jpg?_i=AA\" alt=\"Fas \u015fehirleri Marake\u015f\" class=\"wp-post-5152 wp-image-5218\" data-format=\"jpg\" data-transformations=\"f_auto,q_auto:low\" data-version=\"1478541659\" data-seo=\"1\" srcset=\"https:\/\/res.cloudinary.com\/turna\/images\/f_auto,q_auto:low\/v1478541659\/Marakes-Fas_st4lqe\/Marakes-Fas_st4lqe.jpg?_i=AA 800w, https:\/\/res.cloudinary.com\/turna\/images\/w_300,h_188,c_scale\/f_auto,q_auto:low\/v1478541659\/Marakes-Fas_st4lqe\/Marakes-Fas_st4lqe.jpg?_i=AA 300w, https:\/\/res.cloudinary.com\/turna\/images\/w_672,h_420,c_scale\/f_auto,q_auto:low\/v1478541659\/Marakes-Fas_st4lqe\/Marakes-Fas_st4lqe.jpg?_i=AA 672w, https:\/\/res.cloudinary.com\/turna\/images\/w_640,h_400,c_scale\/f_auto,q_auto:low\/v1478541659\/Marakes-Fas_st4lqe\/Marakes-Fas_st4lqe.jpg?_i=AA 640w, https:\/\/res.cloudinary.com\/turna\/images\/w_681,h_426,c_scale\/f_auto,q_auto:low\/v1478541659\/Marakes-Fas_st4lqe\/Marakes-Fas_st4lqe.jpg?_i=AA 681w\" sizes=\"(max-width: 800px) 100vw, 800px\" \/><\/figure>\n\n\n\n<p class=\"has-text-align-left\">Fas&#8217;\u0131n Kazablanka ve Rabat&#8217;tan sonra en b\u00fcy\u00fck \u00fc\u00e7\u00fcnc\u00fc kenti olan <strong><a href=\"https:\/\/maps.app.goo.gl\/webJt6sE6bF7crmJ7\" target=\"_blank\" rel=\"noreferrer noopener\">Marake\u015f<\/a><\/strong>, Berberice &#8220;Tanr\u0131&#8217;n\u0131n yeri&#8221; anlam\u0131na geliyor. B\u00f6lgeye has do\u011fal k\u0131rm\u0131z\u0131 ta\u015flardan in\u015fa edilen tarihi yap\u0131lar\u0131yla \u201cK\u0131rm\u0131z\u0131 \u015eehir\u201d olarak bilinen kent, Fas\u2019\u0131n en \u00e7ok ziyaret edilen en turistik yerle\u015fimi.<\/p>\n\n\n\n<p class=\"has-text-align-left\">Can al\u0131c\u0131 eski \u015fehir b\u00f6lgesi olan Medina ve Frans\u0131z kolonisi d\u00f6neminde in\u015fa edilmeye ba\u015flanan yeni \u015fehir Gueliz olmak \u00fczere ikiye ayr\u0131lan Marake\u015f,&nbsp;kalabal\u0131\u011f\u0131 ve karma\u015fas\u0131 ile me\u015fhur Jemaa El-Fna Meydan\u0131; rengarenk, canl\u0131, egzotik Majorelle Bah\u00e7eleri ba\u015fta olmak \u00fczere gezilip g\u00f6r\u00fclecek pek \u00e7ok yere sahip.<\/p>\n\n\n\n<p><strong><a href=\"https:\/\/www.turna.com\/ucak-bileti\/marakes\" target=\"_blank\" rel=\"noreferrer noopener\">Marake\u015f u\u00e7ak bileti<\/a><\/strong> i\u00e7in Turna.com u ziyaret edin.<\/p>\n\n\n\n<h3 class=\"wp-block-heading has-text-align-center has-neeon-button-dark-gray-color has-text-color has-link-color wp-elements-674ece44552a1089e1f153807486805b\"><span class=\"ez-toc-section\" id=\"2_rabat\"><\/span><strong>2. Rabat<\/strong><span class=\"ez-toc-section-end\"><\/span><\/h3>\n\n\n\n<p class=\"has-text-align-left\">Fas\u2019\u0131n ba\u015fkenti ve ayn\u0131 zamanda da \u00fclkenin finans merkezi olan <strong><a href=\"https:\/\/maps.app.goo.gl\/QpjCA95WBuKKN2Cs9\" target=\"_blank\" rel=\"noreferrer noopener\">Rabat<\/a><\/strong>, global firmalar\u0131n\u0131n ofislerine ev sahipli\u011fi yap\u0131yor. End\u00fcl\u00fcs Bah\u00e7eleri ve \u00fcnl\u00fc mavi boyal\u0131 evleriyle Fas\u2019\u0131n en g\u00fczel \u015fehirlerinden biri olan Rabat\u2019ta Mohamed V Bulvar\u0131 ba\u015fkentin&nbsp;modern y\u00fcz\u00fc. Kasbah of the Udayas, Atlas Okyanusu\u2019nun kenar\u0131nda eski bir kale ve kalenin i\u00e7inde yer alan mahalle. Yap\u0131m\u0131 tamamlanamayan ancak k\u0131rm\u0131z\u0131 kum ta\u015f\u0131ndan yap\u0131lm\u0131\u015f 44 metre y\u00fcksekli\u011findeki minaresiyle,&nbsp;Sultan V. Muhammed&#8217;in mozelesi&nbsp;ve&nbsp;Hassan Kulesi g\u00f6r\u00fclmesi gereken \u00f6nemli yerlerden. Di\u011fer yandan Regreg Irma\u011f\u0131\u2019n\u0131n d\u00f6k\u00fcld\u00fc\u011f\u00fc yerde kurulan Rabat\u2019ta muhte\u015fem bir do\u011fayla ve e\u015fsiz bir tarihle tan\u0131\u015fmaya haz\u0131r olun.<\/p>\n\n\n\n<p><strong><a href=\"https:\/\/www.turna.com\/ucak-bileti\/rabat\" target=\"_blank\" rel=\"noreferrer noopener\">Rabat u\u00e7ak bileti<\/a><\/strong> se\u00e7enekleri Turna.com da sizi bekliyor.<\/p>\n\n\n\n<h3 class=\"wp-block-heading has-text-align-center has-neeon-button-dark-gray-color has-text-color has-link-color wp-elements-2a4e2b11232118f0dd4b2ef6cd0b4e24\"><span class=\"ez-toc-section\" id=\"3_fes\"><\/span><strong>3. Fes<\/strong><span class=\"ez-toc-section-end\"><\/span><\/h3>\n\n\n\n<figure class=\"wp-block-image\"><img width=\"800\" height=\"500\" data-public-id=\"Fes-Fas_wrmzrd\/Fes-Fas_wrmzrd.jpg\" decoding=\"async\" src=\"https:\/\/res.cloudinary.com\/turna\/images\/w_800,h_500,c_scale\/f_auto,q_auto:low\/v1478541696\/Fes-Fas_wrmzrd\/Fes-Fas_wrmzrd.jpg?_i=AA\" alt=\"Fes\" class=\"wp-post-5152 wp-image-5220\" data-format=\"jpg\" data-transformations=\"f_auto,q_auto:low\" data-version=\"1478541696\" data-seo=\"1\" srcset=\"https:\/\/res.cloudinary.com\/turna\/images\/f_auto,q_auto:low\/v1478541696\/Fes-Fas_wrmzrd\/Fes-Fas_wrmzrd.jpg?_i=AA 800w, https:\/\/res.cloudinary.com\/turna\/images\/w_300,h_188,c_scale\/f_auto,q_auto:low\/v1478541696\/Fes-Fas_wrmzrd\/Fes-Fas_wrmzrd.jpg?_i=AA 300w, https:\/\/res.cloudinary.com\/turna\/images\/w_672,h_420,c_scale\/f_auto,q_auto:low\/v1478541696\/Fes-Fas_wrmzrd\/Fes-Fas_wrmzrd.jpg?_i=AA 672w, https:\/\/res.cloudinary.com\/turna\/images\/w_640,h_400,c_scale\/f_auto,q_auto:low\/v1478541696\/Fes-Fas_wrmzrd\/Fes-Fas_wrmzrd.jpg?_i=AA 640w, https:\/\/res.cloudinary.com\/turna\/images\/w_681,h_426,c_scale\/f_auto,q_auto:low\/v1478541696\/Fes-Fas_wrmzrd\/Fes-Fas_wrmzrd.jpg?_i=AA 681w\" sizes=\"(max-width: 800px) 100vw, 800px\" \/><\/figure>\n\n\n\n<p class=\"has-text-align-left\">Fas\u2019\u0131n \u00fc\u00e7\u00fcnc\u00fc b\u00fcy\u00fck \u015fehri olan <strong><a href=\"https:\/\/maps.app.goo.gl\/modLcwcaJN5kjdJU9\" target=\"_blank\" rel=\"noreferrer noopener\">Fes<\/a><\/strong>, \u00fclkenin Rabat&#8217;tan \u00f6nceki ba\u015fkenti. Fas\u2019\u0131n en otantik \u015fehirlerinden biri olan Fes, d\u00fcnyan\u0131n en b\u00fcy\u00fck trafi\u011fe kapal\u0131 \u015fehir yerle\u015fimi olarak biliniyor. Unesco\u2019nun D\u00fcnya K\u00fclt\u00fcr Miras\u0131 Listesi\u2019ne ald\u0131\u011f\u0131 Eski \u015fehir olarak ge\u00e7en b\u00f6lge Fes el Bali, \u00e7evresi surlarla \u00e7evrili eski kent meydan\u0131. Tam bir labirent olan bu b\u00f6lgeyi ke\u015ffe \u00e7\u0131karken, eski evlerin restore edilerek olu\u015fturulan&nbsp;Riad&nbsp;Konaklar\u0131n\u0131 da mutlaka g\u00f6r\u00fclmeli.<\/p>\n\n\n\n<p>Bu g\u00fczel \u015fehri ziyaret etmek isterseniz <strong><a href=\"https:\/\/www.turna.com\/ucak-bileti\/fes\" target=\"_blank\" rel=\"noreferrer noopener\">Fes u\u00e7ak bileti<\/a><\/strong> fiyatlar\u0131n\u0131 inceleyin.<\/p>\n\n\n\n<h3 class=\"wp-block-heading has-text-align-center has-neeon-button-dark-gray-color has-text-color has-link-color wp-elements-b7c1aee2fe4aac47d5c95ac241eb32fe\"><span class=\"ez-toc-section\" id=\"4_kazablanka\"><\/span><strong>4. Kazablanka<\/strong><span class=\"ez-toc-section-end\"><\/span><\/h3>\n\n\n\n<figure class=\"wp-block-image\"><img width=\"800\" height=\"500\" data-public-id=\"KAzablanka-Fas_ncomcm\/KAzablanka-Fas_ncomcm.jpg\" decoding=\"async\" src=\"https:\/\/res.cloudinary.com\/turna\/images\/w_800,h_500,c_scale\/f_auto,q_auto:low\/v1478541709\/KAzablanka-Fas_ncomcm\/KAzablanka-Fas_ncomcm.jpg?_i=AA\" alt=\"Kazablanka\" class=\"wp-post-5152 wp-image-5222\" data-format=\"jpg\" data-transformations=\"f_auto,q_auto:low\" data-version=\"1478541709\" data-seo=\"1\" srcset=\"https:\/\/res.cloudinary.com\/turna\/images\/f_auto,q_auto:low\/v1478541709\/KAzablanka-Fas_ncomcm\/KAzablanka-Fas_ncomcm.jpg?_i=AA 800w, https:\/\/res.cloudinary.com\/turna\/images\/w_300,h_188,c_scale\/f_auto,q_auto:low\/v1478541709\/KAzablanka-Fas_ncomcm\/KAzablanka-Fas_ncomcm.jpg?_i=AA 300w, https:\/\/res.cloudinary.com\/turna\/images\/w_672,h_420,c_scale\/f_auto,q_auto:low\/v1478541709\/KAzablanka-Fas_ncomcm\/KAzablanka-Fas_ncomcm.jpg?_i=AA 672w, https:\/\/res.cloudinary.com\/turna\/images\/w_640,h_400,c_scale\/f_auto,q_auto:low\/v1478541709\/KAzablanka-Fas_ncomcm\/KAzablanka-Fas_ncomcm.jpg?_i=AA 640w, https:\/\/res.cloudinary.com\/turna\/images\/w_681,h_426,c_scale\/f_auto,q_auto:low\/v1478541709\/KAzablanka-Fas_ncomcm\/KAzablanka-Fas_ncomcm.jpg?_i=AA 681w\" sizes=\"(max-width: 800px) 100vw, 800px\" \/><\/figure>\n\n\n\n<p class=\"has-text-align-left\">Fas&#8217;\u0131n bat\u0131s\u0131nda,&nbsp;Atlas Okyanusu&nbsp;k\u0131y\u0131s\u0131nda yer alan liman kenti olan <strong><a href=\"https:\/\/maps.app.goo.gl\/3z7s2dQjYzae2PLN7\" target=\"_blank\" rel=\"noreferrer noopener\">Kazablanka<\/a><\/strong> ayn\u0131 zamanda \u00fclkenin en b\u00fcy\u00fck \u015fehri. \u00dc\u00e7 milyonluk n\u00fcfusuyla, Libya\u2019dan Moritanya\u2019ya kadar uzanan Ma\u011frip \u00fclkeleri i\u00e7inde en b\u00fcy\u00fck \u015fehir olan Kazablanka, ayn\u0131 zamanda b\u00f6lgenin en \u00f6nemli ticaret merkezi. Hollywood filmlerine konu olan, mimarisi, do\u011fas\u0131 ve k\u00fclt\u00fcr\u00fcyle ba\u015f d\u00f6nd\u00fcren Kazablanka, yaz\u0131n deniz tatili yapmak i\u00e7in de olduk\u00e7a pop\u00fcler.<\/p>\n\n\n\n<p>Fas \u015fehirleri listesinin en g\u00fczel maddelerinden birine tik atmak <strong><a href=\"https:\/\/www.turna.com\/ucak-bileti\/kazablanka\" target=\"_blank\" rel=\"noreferrer noopener\">Kazablanka u\u00e7ak bileti <\/a><\/strong>almaktan ge\u00e7iyor.<\/p>\n\n\n\n<h3 class=\"wp-block-heading has-text-align-center has-neeon-button-dark-gray-color has-text-color has-link-color wp-elements-ed71b8f1890854a58a18150d9ec6d4cb\"><span class=\"ez-toc-section\" id=\"5_meknes\"><\/span><strong>5. Meknes<\/strong><span class=\"ez-toc-section-end\"><\/span><\/h3>\n\n\n\n<figure class=\"wp-block-image\"><img width=\"800\" height=\"500\" data-public-id=\"Meknes-Fas_canqab\/Meknes-Fas_canqab.jpg\" loading=\"lazy\" decoding=\"async\" src=\"https:\/\/res.cloudinary.com\/turna\/images\/w_800,h_500,c_scale\/f_auto,q_auto:low\/v1478541725\/Meknes-Fas_canqab\/Meknes-Fas_canqab.jpg?_i=AA\" alt=\"Meknes\" class=\"wp-post-5152 wp-image-5223\" data-format=\"jpg\" data-transformations=\"f_auto,q_auto:low\" data-version=\"1478541725\" data-seo=\"1\" srcset=\"https:\/\/res.cloudinary.com\/turna\/images\/f_auto,q_auto:low\/v1478541725\/Meknes-Fas_canqab\/Meknes-Fas_canqab.jpg?_i=AA 800w, https:\/\/res.cloudinary.com\/turna\/images\/w_300,h_188,c_scale\/f_auto,q_auto:low\/v1478541725\/Meknes-Fas_canqab\/Meknes-Fas_canqab.jpg?_i=AA 300w, https:\/\/res.cloudinary.com\/turna\/images\/w_672,h_420,c_scale\/f_auto,q_auto:low\/v1478541725\/Meknes-Fas_canqab\/Meknes-Fas_canqab.jpg?_i=AA 672w, https:\/\/res.cloudinary.com\/turna\/images\/w_640,h_400,c_scale\/f_auto,q_auto:low\/v1478541725\/Meknes-Fas_canqab\/Meknes-Fas_canqab.jpg?_i=AA 640w, https:\/\/res.cloudinary.com\/turna\/images\/w_681,h_426,c_scale\/f_auto,q_auto:low\/v1478541725\/Meknes-Fas_canqab\/Meknes-Fas_canqab.jpg?_i=AA 681w\" sizes=\"(max-width: 800px) 100vw, 800px\" \/><\/figure>\n\n\n\n<p class=\"has-text-align-left\">Fas\u2019\u0131n kuzeyinde, \u00fclkenin turistik \u015fehirlerinden ziyade yerel ya\u015fam\u0131 daha iyi g\u00f6zlemleyebilece\u011finiz bir kent olan<strong> <a href=\"https:\/\/maps.app.goo.gl\/ENvzQVU3WHLieUMA9\" target=\"_blank\" rel=\"noreferrer noopener\">Meknes<\/a><\/strong>\u2019in en \u00f6nemli simgesi ise Mansur Kap\u0131s\u0131. Meknes\u2019e&nbsp;alt\u0131n&nbsp;\u00e7a\u011f\u0131n\u0131 ya\u015fatan Mulay \u0130smail\u2019in emriyle yap\u0131lan kap\u0131, olduk\u00e7a etkileyici i\u015flemelere sahip. Kap\u0131n\u0131n hemen kar\u015f\u0131s\u0131nda ise, seyyar sat\u0131c\u0131lar, y\u0131lan oynat\u0131c\u0131lar\u0131yla dolu El Hedim Meydan\u0131 yer al\u0131yor.<\/p>\n\n\n\n<p class=\"has-text-align-left\">T\u00fcrkiye\u2019den Fas\u2019a direkt u\u00e7abilece\u011finiz \u015fehir <strong>Kazablanka<\/strong>. T\u00fcrk Hava Yollar\u0131 ve&nbsp;Royal Air Maroc\u2019un \u0130stanbul Havaliman\u0131\u2019ndan; Air Maroc ise \u0130stanbul Sabiha G\u00f6k\u00e7en Havaliman\u0131\u2019ndan yakla\u015f\u0131k be\u015f saat s\u00fcren u\u00e7u\u015flarla Kazablanka\u2019da olabilirsiniz. Fas\u2019\u0131n egzotik, canl\u0131 ve b\u00fcy\u00fcleyici \u015fehirlerini g\u00f6rmek i\u00e7in bir <strong><a href=\"https:\/\/www.turna.com\/ucak-bileti\/fas\" target=\"_blank\" rel=\"noopener noreferrer\">Fas u\u00e7ak bileti<\/a><\/strong> alman\u0131z yeterli.<\/p>\n\n\n\n<p><strong>NOT:<\/strong> <strong><a href=\"https:\/\/www.turna.com\/sikca-sorulan-sorular\/fas-vizesi\" target=\"_blank\" rel=\"noreferrer noopener\">Fas vizesi<\/a><\/strong> hakk\u0131nda detayl\u0131 bilgilere de Turna.com \u00fczerinden ula\u015fabilirsiniz.                                           <\/p>\n\n    <div class=\"xs_social_share_widget xs_share_url after_content \t\tmain_content  wslu-style-1 wslu-share-box-shaped wslu-fill-colored wslu-none wslu-share-horizontal wslu-theme-font-no wslu-main_content\">\n\n\t\t\n        <ul>\n\t\t\t        <\/ul>\n    <\/div> \n","protected":false},"excerpt":{"rendered":"<p>Fas \u015fehirleri, benzersiz k\u00fclt\u00fcrel miras\u0131, b\u00fcy\u00fcleyici tarihi yap\u0131lar\u0131 ve gizemli sokaklar\u0131yla \u00fcnl\u00fc olan harika yerler. Kuzey Afrika&#8217;n\u0131n bu b\u00fcy\u00fcleyici \u00fclkesi, tarihsel zenginli\u011fi ve modern cazibesiyle gezginler i\u00e7in muhte\u015fem bir deneyim sunuyor. Fas \u015fehirleri, her biri kendi benzersiz \u00f6zellikleri ve b\u00fcy\u00fcs\u00fc ile dolu, tam anlam\u0131yla birer m\u00fccevher gibi. Bu yaz\u0131da, Fas&#8217;\u0131n b\u00fcy\u00fcleyici \u015fehirlerini ke\u015ffedecek ve bu yerlerin e\u015fsiz g\u00fczelliklerine dalaca\u011f\u0131z. Haz\u0131r m\u0131s\u0131n\u0131z? \u00d6yleyse, Fas \u015fehirlerinin b\u00fcy\u00fcl\u00fc d\u00fcnyas\u0131na birlikte ad\u0131m atal\u0131m.<\/p>\n","protected":false},"author":34,"featured_media":22093,"comment_status":"open","ping_status":"open","sticky":false,"template":"","format":"standard","meta":{"rop_custom_images_group":[],"rop_custom_messages_group":[],"rop_publish_now":"initial","rop_publish_now_accounts":[],"rop_publish_now_history":[],"rop_publish_now_status":"pending","_cloudinary_featured_overwrite":false,"footnotes":""},"categories":[872],"tags":[857,873,875,2597,874],"class_list":["post-5152","post","type-post","status-publish","format-standard","has-post-thumbnail","hentry","category-fas","tag-fas","tag-kazablanka","tag-marakes","tag-oujda","tag-rabat"],"_links":{"self":[{"href":"https:\/\/www.turna.com\/blog\/wp-json\/wp\/v2\/posts\/5152","targetHints":{"allow":["GET"]}}],"collection":[{"href":"https:\/\/www.turna.com\/blog\/wp-json\/wp\/v2\/posts"}],"about":[{"href":"https:\/\/www.turna.com\/blog\/wp-json\/wp\/v2\/types\/post"}],"author":[{"embeddable":true,"href":"https:\/\/www.turna.com\/blog\/wp-json\/wp\/v2\/users\/34"}],"replies":[{"embeddable":true,"href":"https:\/\/www.turna.com\/blog\/wp-json\/wp\/v2\/comments?post=5152"}],"version-history":[{"count":0,"href":"https:\/\/www.turna.com\/blog\/wp-json\/wp\/v2\/posts\/5152\/revisions"}],"wp:featuredmedia":[{"embeddable":true,"href":"https:\/\/www.turna.com\/blog\/wp-json\/wp\/v2\/media\/22093"}],"wp:attachment":[{"href":"https:\/\/www.turna.com\/blog\/wp-json\/wp\/v2\/media?parent=5152"}],"wp:term":[{"taxonomy":"category","embeddable":true,"href":"https:\/\/www.turna.com\/blog\/wp-json\/wp\/v2\/categories?post=5152"},{"taxonomy":"post_tag","embeddable":true,"href":"https:\/\/www.turna.com\/blog\/wp-json\/wp\/v2\/tags?post=5152"}],"curies":[{"name":"wp","href":"https:\/\/api.w.org\/{rel}","templated":true}]}}