{"id":4998,"date":"2016-11-22T21:58:23","date_gmt":"2016-11-22T19:58:23","guid":{"rendered":"https:\/\/www.turna.com\/blog\/?p=4998"},"modified":"2019-09-05T15:13:49","modified_gmt":"2019-09-05T12:13:49","slug":"diyarbakirda-gorulecek-5-tarihi-yapi","status":"publish","type":"post","link":"https:\/\/www.turna.com\/blog\/diyarbakirda-gorulecek-5-tarihi-yapi","title":{"rendered":"Diyarbak\u0131r&#8217;da G\u00f6r\u00fclecek 5 Tarihi Yap\u0131"},"content":{"rendered":"<div id=\"ez-toc-container\" class=\"ez-toc-v2_0_82_2 counter-hierarchy ez-toc-counter ez-toc-black ez-toc-container-direction\">\n<div class=\"ez-toc-title-container\">\n<p class=\"ez-toc-title\" style=\"cursor:inherit\">\u0130\u00e7indekiler<\/p>\n<span class=\"ez-toc-title-toggle\"><a href=\"#\" class=\"ez-toc-pull-right ez-toc-btn ez-toc-btn-xs ez-toc-btn-default ez-toc-toggle\" aria-label=\"\u0130\u00e7indekiler Tablosunu A\u00e7\/Kapat\"><span class=\"ez-toc-js-icon-con\"><span class=\"\"><span class=\"eztoc-hide\" style=\"display:none;\">Toggle<\/span><span class=\"ez-toc-icon-toggle-span\"><svg style=\"fill: #ffffff;color:#ffffff\" xmlns=\"http:\/\/www.w3.org\/2000\/svg\" class=\"list-377408\" width=\"20px\" height=\"20px\" viewBox=\"0 0 24 24\" fill=\"none\"><path d=\"M6 6H4v2h2V6zm14 0H8v2h12V6zM4 11h2v2H4v-2zm16 0H8v2h12v-2zM4 16h2v2H4v-2zm16 0H8v2h12v-2z\" fill=\"currentColor\"><\/path><\/svg><svg style=\"fill: #ffffff;color:#ffffff\" class=\"arrow-unsorted-368013\" xmlns=\"http:\/\/www.w3.org\/2000\/svg\" width=\"10px\" height=\"10px\" viewBox=\"0 0 24 24\" version=\"1.2\" baseProfile=\"tiny\"><path d=\"M18.2 9.3l-6.2-6.3-6.2 6.3c-.2.2-.3.4-.3.7s.1.5.3.7c.2.2.4.3.7.3h11c.3 0 .5-.1.7-.3.2-.2.3-.5.3-.7s-.1-.5-.3-.7zM5.8 14.7l6.2 6.3 6.2-6.3c.2-.2.3-.5.3-.7s-.1-.5-.3-.7c-.2-.2-.4-.3-.7-.3h-11c-.3 0-.5.1-.7.3-.2.2-.3.5-.3.7s.1.5.3.7z\"\/><\/svg><\/span><\/span><\/span><\/a><\/span><\/div>\n<nav><ul class='ez-toc-list ez-toc-list-level-1 eztoc-toggle-hide-by-default' ><li class='ez-toc-page-1 ez-toc-heading-level-3'><a class=\"ez-toc-link ez-toc-heading-1\" href=\"https:\/\/www.turna.com\/blog\/diyarbakirda-gorulecek-5-tarihi-yapi\/#diyarbakirda_gorulmesi_gereken_5_tarihi_yapi\" >Diyarbak\u0131r&#8217;da G\u00f6r\u00fclmesi Gereken 5 Tarihi Yap\u0131<\/a><\/li><li class='ez-toc-page-1 ez-toc-heading-level-3'><a class=\"ez-toc-link ez-toc-heading-2\" href=\"https:\/\/www.turna.com\/blog\/diyarbakirda-gorulecek-5-tarihi-yapi\/#1_diyarbakir_surlari\" >1. Diyarbak\u0131r Surlar\u0131<\/a><\/li><li class='ez-toc-page-1 ez-toc-heading-level-3'><a class=\"ez-toc-link ez-toc-heading-3\" href=\"https:\/\/www.turna.com\/blog\/diyarbakirda-gorulecek-5-tarihi-yapi\/#2_malabadi_koprusu\" >2. Malabadi K\u00f6pr\u00fcs\u00fc<\/a><\/li><li class='ez-toc-page-1 ez-toc-heading-level-3'><a class=\"ez-toc-link ez-toc-heading-4\" href=\"https:\/\/www.turna.com\/blog\/diyarbakirda-gorulecek-5-tarihi-yapi\/#3_cayonu_hoyugu\" >3. \u00c7ay\u00f6n\u00fc H\u00f6y\u00fc\u011f\u00fc<\/a><\/li><li class='ez-toc-page-1 ez-toc-heading-level-3'><a class=\"ez-toc-link ez-toc-heading-5\" href=\"https:\/\/www.turna.com\/blog\/diyarbakirda-gorulecek-5-tarihi-yapi\/#4_on_gozlu_kopru\" >4. On G\u00f6zl\u00fc K\u00f6pr\u00fc<\/a><\/li><li class='ez-toc-page-1 ez-toc-heading-level-3'><a class=\"ez-toc-link ez-toc-heading-6\" href=\"https:\/\/www.turna.com\/blog\/diyarbakirda-gorulecek-5-tarihi-yapi\/#5_meryem_ana_kilisesi\" >5. Meryem Ana Kilisesi<\/a><\/li><\/ul><\/nav><\/div>\n<p>Do\u011fu&#8217;nun tarihi dokusu ve k\u00fclt\u00fcr\u00fcyle kendine hayran b\u0131rakan \u015fehirleri aras\u0131nda yer alan\u00a0Diyarbak\u0131r&#8217;da, her biri birbirinden etkileyici g\u00fczelli\u011fe sahip\u00a0\u00e7ok say\u0131da <strong>tarihi yap\u0131<\/strong> bulunuyor. 9000 y\u0131ll\u0131k ge\u00e7mi\u015fi ile tam bir tarih hazinesi olan \u015fehirde, farkl\u0131 medeniyetlerden kalma \u00e7ok say\u0131da kilise, cami, k\u00f6pr\u00fc ve kona\u011f\u0131 ziyaret etmek m\u00fcmk\u00fcn.<\/p>\n<h3><span class=\"ez-toc-section\" id=\"diyarbakirda_gorulmesi_gereken_5_tarihi_yapi\"><\/span><strong>Diyarbak\u0131r&#8217;da G\u00f6r\u00fclmesi Gereken 5 Tarihi Yap\u0131<\/strong><span class=\"ez-toc-section-end\"><\/span><\/h3>\n<h3><span class=\"ez-toc-section\" id=\"1_diyarbakir_surlari\"><\/span><strong>1. Diyarbak\u0131r Surlar\u0131<\/strong><span class=\"ez-toc-section-end\"><\/span><\/h3>\n<p><img width=\"800\" height=\"500\" data-public-id=\"Siyarbakir-Surlari_fbhpxn\/Siyarbakir-Surlari_fbhpxn.jpg\" fetchpriority=\"high\" decoding=\"async\" class=\"alignnone wp-post-4998 wp-image-5387\" src=\"https:\/\/res.cloudinary.com\/turna\/images\/w_800,h_500,c_scale\/f_auto,q_auto:low\/v1479851889\/Siyarbakir-Surlari_fbhpxn\/Siyarbakir-Surlari_fbhpxn.jpg?_i=AA\" data-format=\"jpg\" data-transformations=\"f_auto,q_auto:low\" data-version=\"1479851889\" data-seo=\"1\" \/><\/p>\n<p>\u00c7in Seddi&#8217;nden sonra d\u00fcnyan\u0131n b\u00fcy\u00fck suru olma \u00f6zelli\u011fi ta\u015f\u0131yan <strong>Diyarbak\u0131r Surlar\u0131<\/strong>, 5 bu\u00e7uk kilometre uzunlu\u011fa ve yakla\u015f\u0131k 8 metre y\u00fcksekli\u011fe sahip. D\u00fcnyan\u0131n d\u00f6rt bir yan\u0131ndan turist \u00e7eken bu g\u00f6rkemli yap\u0131,\u00a0Orta \u00c7a\u011f askeri mimarisinin en g\u00f6steri\u015fli \u00f6rne\u011fi olarak g\u00f6steriliyor.<\/p>\n<h3><span class=\"ez-toc-section\" id=\"2_malabadi_koprusu\"><\/span><strong>2. Malabadi K\u00f6pr\u00fcs\u00fc<\/strong><span class=\"ez-toc-section-end\"><\/span><\/h3>\n<p>Diyarbak\u0131r-Batman aras\u0131ndaki Batman \u00c7ay\u0131 \u00fczerinde bulunan <strong>Malabadi K\u00f6pr\u00fcs\u00fc<\/strong>, 1147-1148 tarihleri aras\u0131nda Artuko\u011fullar\u0131ndan Timurta\u015f taraf\u0131ndan in\u015fa ettirilmi\u015f. Sadece ula\u015f\u0131m\u00a0de\u011fil, konaklama i\u00e7in de kullan\u0131lan k\u00f6pr\u00fcn\u00fcn kemer b\u00f6l\u00fcm\u00fcnde iki oda yer al\u0131yor. Sar\u0131 kalker ta\u015f\u0131 ile yap\u0131lan bu e\u015fsiz k\u00f6pr\u00fc, Diyarbak\u0131r&#8217;\u0131n en \u00fcnl\u00fc tarihi yap\u0131lar\u0131ndan.<\/p>\n<h3><span class=\"ez-toc-section\" id=\"3_cayonu_hoyugu\"><\/span><strong>3. \u00c7ay\u00f6n\u00fc H\u00f6y\u00fc\u011f\u00fc<\/strong><span class=\"ez-toc-section-end\"><\/span><\/h3>\n<p><img width=\"800\" height=\"500\" data-public-id=\"Cayonu-Hoyugu_sjdvm5\/Cayonu-Hoyugu_sjdvm5.jpg\" decoding=\"async\" class=\"alignnone wp-post-4998 wp-image-5388\" src=\"https:\/\/res.cloudinary.com\/turna\/images\/w_800,h_500,c_scale\/f_auto,q_auto:low\/v1479851903\/Cayonu-Hoyugu_sjdvm5\/Cayonu-Hoyugu_sjdvm5.jpg?_i=AA\" data-format=\"jpg\" data-transformations=\"f_auto,q_auto:low\" data-version=\"1479851903\" data-seo=\"1\" \/>Neolitik \u00c7a\u011f&#8217;da i\u00e7erisinde 600 n\u00fcfuslu bir k\u00f6y bulundu\u011fu s\u00f6ylenen\u00a0<strong>\u00c7ay\u00f6n\u00fc H\u00f6y\u00fc\u011f\u00fc<\/strong>,\u00a01963 y\u0131l\u0131nda\u00a0y\u00fcr\u00fct\u00fclen &#8216;G\u00fcneydo\u011fu Anadolu Tarih \u00f6ncesi Ara\u015ft\u0131rmalar\u0131&#8217; projesinin\u00a0y\u00fczey ara\u015ft\u0131rmalar\u0131 s\u0131ras\u0131nda tespit edilmi\u015f ve 1964 y\u0131l\u0131nda kaz\u0131 \u00e7al\u0131\u015fmalar\u0131 ba\u015flat\u0131lm\u0131\u015f. H\u00f6y\u00fck, Diyarbak\u0131r&#8217;\u0131n\u00a0Ergani il\u00e7esindeki Sesveren P\u0131nar\u0131 K\u00f6y\u00fc&#8217;nde bulunuyor.<\/p>\n<h3><span class=\"ez-toc-section\" id=\"4_on_gozlu_kopru\"><\/span><strong>4. On G\u00f6zl\u00fc K\u00f6pr\u00fc<\/strong><span class=\"ez-toc-section-end\"><\/span><\/h3>\n<p>Dicle, Mervani ya da Silvan K\u00f6pr\u00fcs\u00fc olarak da an\u0131lan <strong>On G\u00f6zl\u00fc K\u00f6pr\u00fc<\/strong>&#8216;n\u00fcn<strong>\u00a0<\/strong>g\u00fcneybat\u0131 b\u00f6l\u00fcm\u00fcndeki ilk \u00fc\u00e7 g\u00f6z\u00fcnde yer alan kitabeye g\u00f6re bu g\u00f6rkemli yap\u0131 1065-1067 y\u0131llar\u0131 aras\u0131nda in\u015fa edilmi\u015f. Bazalt kesme ta\u015f\u0131 ve moloz ta\u015f kullan\u0131larak yap\u0131lan k\u00f6pr\u00fc, y\u0131llar i\u00e7inde pek \u00e7ok kez hasar g\u00f6r\u00fcp, yeniden onar\u0131lm\u0131\u015f.<\/p>\n<h3><span class=\"ez-toc-section\" id=\"5_meryem_ana_kilisesi\"><\/span><strong>5. Meryem Ana Kilisesi<\/strong><span class=\"ez-toc-section-end\"><\/span><\/h3>\n<p><img width=\"800\" height=\"500\" data-public-id=\"Meryemana-Diyarbakir_dol1tu\/Meryemana-Diyarbakir_dol1tu.jpg\" decoding=\"async\" class=\"alignnone wp-post-4998 wp-image-5384\" src=\"https:\/\/res.cloudinary.com\/turna\/images\/w_800,h_500,c_scale\/f_auto,q_auto:low\/v1479851857\/Meryemana-Diyarbakir_dol1tu\/Meryemana-Diyarbakir_dol1tu.jpg?_i=AA\" data-format=\"jpg\" data-transformations=\"f_auto,q_auto:low\" data-version=\"1479851857\" data-seo=\"1\" \/><\/p>\n<p>D\u00f6rt avlu ve divanhanenin yan\u0131 s\u0131ra din adamlar\u0131n\u0131n ya\u015fad\u0131\u011f\u0131 b\u00f6l\u00fcmlerden meydana gelen\u00a0<strong>Meryem Ana Kilisesi<\/strong>,\u00a0Diyarbak\u0131rl\u0131 S\u00fcryanilerin giri\u015fimiyle 2005 y\u0131l\u0131nda restore ettirilerek bug\u00fcnk\u00fc g\u00f6r\u00fcn\u00fcm\u00fcne kavu\u015fturulmu\u015f. Kilise,\u00a0ah\u015fap i\u015f\u00e7ili\u011fi, s\u00fctunlar\u0131, s\u00fctun ba\u015fl\u0131klar\u0131, parmakl\u0131klar\u0131, k\u00fcrs\u00fcleri ve ikonalar\u0131yla ad\u0131n\u0131 duyurmu\u015f bir yap\u0131.<\/p>\n<p><strong><a href=\"https:\/\/www.turna.com\/ucak-bileti\/diyarbakir\" target=\"_blank\" rel=\"noopener noreferrer\">Diyarbak\u0131r u\u00e7ak bileti<\/a><\/strong> f\u0131rsatlar\u0131n\u0131 inceleyerek, \u015fehrin zengin tarihine ve k\u00fclt\u00fcrel dokusuna yak\u0131ndan tan\u0131k olabilirsiniz.<\/p>\n\n    <div class=\"xs_social_share_widget xs_share_url after_content \t\tmain_content  wslu-style-1 wslu-share-box-shaped wslu-fill-colored wslu-none wslu-share-horizontal wslu-theme-font-no wslu-main_content\">\n\n\t\t\n        <ul>\n\t\t\t        <\/ul>\n    <\/div> \n","protected":false},"excerpt":{"rendered":"<p>Do\u011fu&#8217;nun tarihi dokusu ve k\u00fclt\u00fcr\u00fcyle kendine hayran b\u0131rakan \u015fehirleri aras\u0131nda yer alan\u00a0Diyarbak\u0131r&#8217;da, her biri birbirinden etkileyici g\u00fczelli\u011fe sahip\u00a0\u00e7ok say\u0131da tarihi yap\u0131 bulunuyor. 9000 y\u0131ll\u0131k ge\u00e7mi\u015fi ile tam bir tarih hazinesi olan \u015fehirde, farkl\u0131 medeniyetlerden kalma \u00e7ok say\u0131da kilise, cami, k\u00f6pr\u00fc ve kona\u011f\u0131 ziyaret etmek m\u00fcmk\u00fcn. Diyarbak\u0131r&#8217;da G\u00f6r\u00fclmesi Gereken 5 Tarihi Yap\u0131 1. Diyarbak\u0131r Surlar\u0131 \u00c7in [&hellip;]<\/p>\n","protected":false},"author":8,"featured_media":5387,"comment_status":"open","ping_status":"open","sticky":false,"template":"","format":"standard","meta":{"rop_custom_images_group":[],"rop_custom_messages_group":[],"rop_publish_now":"initial","rop_publish_now_accounts":[],"rop_publish_now_history":[],"rop_publish_now_status":"pending","_cloudinary_featured_overwrite":false,"footnotes":""},"categories":[84,1825],"tags":[463],"class_list":["post-4998","post","type-post","status-publish","format-standard","has-post-thumbnail","hentry","category-turkiye","category-diyarbakir","tag-diyarbakir"],"_links":{"self":[{"href":"https:\/\/www.turna.com\/blog\/wp-json\/wp\/v2\/posts\/4998","targetHints":{"allow":["GET"]}}],"collection":[{"href":"https:\/\/www.turna.com\/blog\/wp-json\/wp\/v2\/posts"}],"about":[{"href":"https:\/\/www.turna.com\/blog\/wp-json\/wp\/v2\/types\/post"}],"author":[{"embeddable":true,"href":"https:\/\/www.turna.com\/blog\/wp-json\/wp\/v2\/users\/8"}],"replies":[{"embeddable":true,"href":"https:\/\/www.turna.com\/blog\/wp-json\/wp\/v2\/comments?post=4998"}],"version-history":[{"count":0,"href":"https:\/\/www.turna.com\/blog\/wp-json\/wp\/v2\/posts\/4998\/revisions"}],"wp:featuredmedia":[{"embeddable":true,"href":"https:\/\/www.turna.com\/blog\/wp-json\/wp\/v2\/media\/5387"}],"wp:attachment":[{"href":"https:\/\/www.turna.com\/blog\/wp-json\/wp\/v2\/media?parent=4998"}],"wp:term":[{"taxonomy":"category","embeddable":true,"href":"https:\/\/www.turna.com\/blog\/wp-json\/wp\/v2\/categories?post=4998"},{"taxonomy":"post_tag","embeddable":true,"href":"https:\/\/www.turna.com\/blog\/wp-json\/wp\/v2\/tags?post=4998"}],"curies":[{"name":"wp","href":"https:\/\/api.w.org\/{rel}","templated":true}]}}