{"id":4981,"date":"2024-11-22T11:25:33","date_gmt":"2024-11-22T08:25:33","guid":{"rendered":"https:\/\/www.turna.com\/blog\/?p=4981"},"modified":"2025-07-11T15:35:32","modified_gmt":"2025-07-11T12:35:32","slug":"ayvalik-seyahatinde-yapilacak-5-sey","status":"publish","type":"post","link":"https:\/\/www.turna.com\/blog\/ayvalik-seyahatinde-yapilacak-5-sey","title":{"rendered":"Ayval\u0131k&#8217;ta Yap\u0131lacak 13 \u015eey"},"content":{"rendered":"<div id=\"ez-toc-container\" class=\"ez-toc-v2_0_82_2 counter-hierarchy ez-toc-counter ez-toc-black ez-toc-container-direction\">\n<div class=\"ez-toc-title-container\">\n<p class=\"ez-toc-title\" style=\"cursor:inherit\">\u0130\u00e7indekiler<\/p>\n<span class=\"ez-toc-title-toggle\"><a href=\"#\" class=\"ez-toc-pull-right ez-toc-btn ez-toc-btn-xs ez-toc-btn-default ez-toc-toggle\" aria-label=\"\u0130\u00e7indekiler Tablosunu A\u00e7\/Kapat\"><span class=\"ez-toc-js-icon-con\"><span class=\"\"><span class=\"eztoc-hide\" style=\"display:none;\">Toggle<\/span><span class=\"ez-toc-icon-toggle-span\"><svg style=\"fill: #ffffff;color:#ffffff\" xmlns=\"http:\/\/www.w3.org\/2000\/svg\" class=\"list-377408\" width=\"20px\" height=\"20px\" viewBox=\"0 0 24 24\" fill=\"none\"><path d=\"M6 6H4v2h2V6zm14 0H8v2h12V6zM4 11h2v2H4v-2zm16 0H8v2h12v-2zM4 16h2v2H4v-2zm16 0H8v2h12v-2z\" fill=\"currentColor\"><\/path><\/svg><svg style=\"fill: #ffffff;color:#ffffff\" class=\"arrow-unsorted-368013\" xmlns=\"http:\/\/www.w3.org\/2000\/svg\" width=\"10px\" height=\"10px\" viewBox=\"0 0 24 24\" version=\"1.2\" baseProfile=\"tiny\"><path d=\"M18.2 9.3l-6.2-6.3-6.2 6.3c-.2.2-.3.4-.3.7s.1.5.3.7c.2.2.4.3.7.3h11c.3 0 .5-.1.7-.3.2-.2.3-.5.3-.7s-.1-.5-.3-.7zM5.8 14.7l6.2 6.3 6.2-6.3c.2-.2.3-.5.3-.7s-.1-.5-.3-.7c-.2-.2-.4-.3-.7-.3h-11c-.3 0-.5.1-.7.3-.2.2-.3.5-.3.7s.1.5.3.7z\"\/><\/svg><\/span><\/span><\/span><\/a><\/span><\/div>\n<nav><ul class='ez-toc-list ez-toc-list-level-1 eztoc-toggle-hide-by-default' ><li class='ez-toc-page-1 ez-toc-heading-level-2'><a class=\"ez-toc-link ez-toc-heading-1\" href=\"https:\/\/www.turna.com\/blog\/ayvalik-seyahatinde-yapilacak-5-sey\/#ayvalikta_ne_yapilir\" >Ayval\u0131k&#8217;ta Ne Yap\u0131l\u0131r?<\/a><ul class='ez-toc-list-level-3' ><li class='ez-toc-heading-level-3'><a class=\"ez-toc-link ez-toc-heading-2\" href=\"https:\/\/www.turna.com\/blog\/ayvalik-seyahatinde-yapilacak-5-sey\/#1_kucukkoyu_ziyaret_edin\" >1. K\u00fc\u00e7\u00fckk\u00f6y&#8217;\u00fc Ziyaret Edin<\/a><\/li><li class='ez-toc-page-1 ez-toc-heading-level-3'><a class=\"ez-toc-link ez-toc-heading-3\" href=\"https:\/\/www.turna.com\/blog\/ayvalik-seyahatinde-yapilacak-5-sey\/#2_seytan_sofrasinda_gun_batimini_izleyin\" >2. \u015eeytan Sofras\u0131&#8217;nda G\u00fcn Bat\u0131m\u0131n\u0131 \u0130zleyin<\/a><\/li><li class='ez-toc-page-1 ez-toc-heading-level-3'><a class=\"ez-toc-link ez-toc-heading-4\" href=\"https:\/\/www.turna.com\/blog\/ayvalik-seyahatinde-yapilacak-5-sey\/#3_cunda_adasinda_yoresel_mutfagi_tadin\" >3. Cunda Adas\u0131&#8217;nda Y\u00f6resel Mutfa\u011f\u0131 Tad\u0131n<\/a><\/li><li class='ez-toc-page-1 ez-toc-heading-level-3'><a class=\"ez-toc-link ez-toc-heading-5\" href=\"https:\/\/www.turna.com\/blog\/ayvalik-seyahatinde-yapilacak-5-sey\/#4_ayvalik_pazarinda_alisveris_yapin\" >4. Ayval\u0131k Pazar\u0131nda Al\u0131\u015fveri\u015f Yap\u0131n<\/a><\/li><li class='ez-toc-page-1 ez-toc-heading-level-3'><a class=\"ez-toc-link ez-toc-heading-6\" href=\"https:\/\/www.turna.com\/blog\/ayvalik-seyahatinde-yapilacak-5-sey\/#5_tarihi_kahvelerinde_koruk_suyu_icin\" >5. Tarihi Kahvelerinde Koruk Suyu \u0130\u00e7in<\/a><\/li><li class='ez-toc-page-1 ez-toc-heading-level-3'><a class=\"ez-toc-link ez-toc-heading-7\" href=\"https:\/\/www.turna.com\/blog\/ayvalik-seyahatinde-yapilacak-5-sey\/#6_ayvalik_tekne_turu_ile_harika_koylarda_yuzun\" >6. Ayval\u0131k Tekne Turu \u0130le Harika Koylarda Y\u00fcz\u00fcn<\/a><\/li><li class='ez-toc-page-1 ez-toc-heading-level-3'><a class=\"ez-toc-link ez-toc-heading-8\" href=\"https:\/\/www.turna.com\/blog\/ayvalik-seyahatinde-yapilacak-5-sey\/#7_eski_ayvalik_sokaklarinda_dolasin\" >7. \u00a0Eski Ayval\u0131k Sokaklar\u0131nda Dola\u015f\u0131n<\/a><\/li><li class='ez-toc-page-1 ez-toc-heading-level-3'><a class=\"ez-toc-link ez-toc-heading-9\" href=\"https:\/\/www.turna.com\/blog\/ayvalik-seyahatinde-yapilacak-5-sey\/#8_tabiat_parkina_ugrayin\" >8. Tabiat Park\u0131na U\u011fray\u0131n<\/a><\/li><li class='ez-toc-page-1 ez-toc-heading-level-3'><a class=\"ez-toc-link ez-toc-heading-10\" href=\"https:\/\/www.turna.com\/blog\/ayvalik-seyahatinde-yapilacak-5-sey\/#9_sarimsakli_plajinda_bir_sezlonga_uzanin\" >9. Sar\u0131msakl\u0131 Plaj\u0131\u2019nda Bir \u015eezlonga Uzan\u0131n<\/a><\/li><li class='ez-toc-page-1 ez-toc-heading-level-3'><a class=\"ez-toc-link ez-toc-heading-11\" href=\"https:\/\/www.turna.com\/blog\/ayvalik-seyahatinde-yapilacak-5-sey\/#10_saatli_camiiyi_ziyaret_edin\" >10. Saatli Camii&#8217;yi Ziyaret Edin<\/a><\/li><li class='ez-toc-page-1 ez-toc-heading-level-3'><a class=\"ez-toc-link ez-toc-heading-12\" href=\"https:\/\/www.turna.com\/blog\/ayvalik-seyahatinde-yapilacak-5-sey\/#11_cunda_yel_degirmenine_cikin\" >11. Cunda Yel De\u011firmeni&#8217;ne \u00c7\u0131k\u0131n<\/a><\/li><li class='ez-toc-page-1 ez-toc-heading-level-3'><a class=\"ez-toc-link ez-toc-heading-13\" href=\"https:\/\/www.turna.com\/blog\/ayvalik-seyahatinde-yapilacak-5-sey\/#12_gercek_ayvalik_tostu_deneyin\" >12. Ger\u00e7ek Ayval\u0131k Tostu Deneyin<\/a><\/li><li class='ez-toc-page-1 ez-toc-heading-level-3'><a class=\"ez-toc-link ez-toc-heading-14\" href=\"https:\/\/www.turna.com\/blog\/ayvalik-seyahatinde-yapilacak-5-sey\/#13_taksiyarhis_kilisesine_gidin\" >13. Taksiyarhis Kilisesi\u2019ne Gidin<\/a><\/li><\/ul><\/li><\/ul><\/nav><\/div>\n\n<p>Ayval\u0131k, Ege&#8217;nin masmavi sular\u0131 ile s\u00fcz\u00fclen bir hazine adeta. Bu g\u00fczel kasabada yapacak o kadar \u00e7ok \u015fey var ki, &#8220;<strong>Ayval\u0131k&#8217;ta ne yap\u0131l\u0131r<\/strong>?&#8221; sorusu adeta bir hazinenin anahtar\u0131n\u0131 \u00e7evirmek gibi. Deniz, tarih, do\u011fa ve lezzetin bir araya geldi\u011fi bu yerde, her zevke ve ilgi alan\u0131na uygun aktiviteler bulabilirsiniz. Ben de size bu benzersiz cenneti ke\u015ffetmek i\u00e7in neden buraya gelmelisiniz, burada neler yapabilirsiniz gibi sorular\u0131n cevaplar\u0131n\u0131 sunmak i\u00e7in buraday\u0131m. Ayval\u0131k&#8217;ta unutulmaz an\u0131lara ve ke\u015fiflere haz\u0131r olun, \u00e7\u00fcnk\u00fc bu cennet par\u00e7as\u0131 sizi bekliyor.<\/p>\n\n\n\n<h2 class=\"wp-block-heading has-text-align-center has-neeon-button-dark-gray-color has-text-color has-link-color wp-elements-f276a1e3b4befd78d366038ea535b949\"><span class=\"ez-toc-section\" id=\"ayvalikta_ne_yapilir\"><\/span><strong><strong>Ayval\u0131k&#8217;ta Ne Yap\u0131l\u0131r?<\/strong><\/strong><span class=\"ez-toc-section-end\"><\/span><\/h2>\n\n\n\n<figure class=\"wp-block-image size-large\"><img width=\"800\" height=\"500\" decoding=\"async\" src=\"data:image\/svg+xml;base64,PHN2ZyB4bWxucz0iaHR0cDovL3d3dy53My5vcmcvMjAwMC9zdmciIHdpZHRoPSI4MDAiIGhlaWdodD0iNTAwIj48cmVjdCB3aWR0aD0iMTAwJSIgaGVpZ2h0PSIxMDAlIj48YW5pbWF0ZSBhdHRyaWJ1dGVOYW1lPSJmaWxsIiB2YWx1ZXM9InJnYmEoMTUzLDE1MywxNTMsMC41KTtyZ2JhKDE1MywxNTMsMTUzLDAuMSk7cmdiYSgxNTMsMTUzLDE1MywwLjUpIiBkdXI9IjJzIiByZXBlYXRDb3VudD0iaW5kZWZpbml0ZSIgLz48L3JlY3Q+PC9zdmc+\" alt=\"Ayval\u0131k&#039;ta Ne Yap\u0131l\u0131r\" data-public-id=\"Ayval\u0131k_eyjvuu\/Ayval\u0131k_eyjvuu.jpg\" class=\"wp-post-4981 wp-image-22020\" data-format=\"jpg\" data-transformations=\"f_auto,q_auto:low\" data-version=\"1562720661\" data-seo=\"1\" data-size=\"800 500\" data-srcset=\"https:\/\/res.cloudinary.com\/turna\/images\/f_auto,q_auto:low\/v1562720661\/Ayval\u0131k_eyjvuu\/Ayval\u0131k_eyjvuu.jpg?_i=AA 800w, https:\/\/res.cloudinary.com\/turna\/images\/w_300,h_188,c_scale\/f_auto,q_auto:low\/v1562720661\/Ayval\u0131k_eyjvuu\/Ayval\u0131k_eyjvuu.jpg?_i=AA 300w, https:\/\/res.cloudinary.com\/turna\/images\/w_672,h_420,c_scale\/f_auto,q_auto:low\/v1562720661\/Ayval\u0131k_eyjvuu\/Ayval\u0131k_eyjvuu.jpg?_i=AA 672w, https:\/\/res.cloudinary.com\/turna\/images\/w_640,h_400,c_scale\/f_auto,q_auto:low\/v1562720661\/Ayval\u0131k_eyjvuu\/Ayval\u0131k_eyjvuu.jpg?_i=AA 640w, https:\/\/res.cloudinary.com\/turna\/images\/w_681,h_426,c_scale\/f_auto,q_auto:low\/v1562720661\/Ayval\u0131k_eyjvuu\/Ayval\u0131k_eyjvuu.jpg?_i=AA 681w\" data-sizes=\"(max-width: 800px) 100vw, 800px\" data-delivery=\"upload\" onload=\";window.CLDBind?CLDBind(this):null;\" data-cloudinary=\"lazy\" \/><\/figure>\n\n\n\n<p>Ayval\u0131k&#8217;ta ge\u00e7irdi\u011fim zaman boyunca, bu muhte\u015fem kasaban\u0131n ger\u00e7ekten herkesin tad\u0131n\u0131 \u00e7\u0131karabilece\u011fi bir\u00e7ok farkl\u0131 aktivite sunan \u00e7ok y\u00f6nl\u00fc bir destinasyon oldu\u011funu ke\u015ffettim. \u0130ster do\u011fan\u0131n i\u00e7inde huzurlu bir tatil ar\u0131yor olun, ister tarihi ve k\u00fclt\u00fcrel zenginliklere ilgi duyuyor olun, ister lezzet dolu bir mutfak deneyimi ya\u015famak isteyin, Ayval\u0131k size arad\u0131\u011f\u0131n\u0131z her \u015feyi sunmaya haz\u0131r.<\/p>\n\n\n\n<p>Ege&#8217;nin berrak sular\u0131nda serinlemek, eski Rum mahallesinde dar sokaklarda tarihi evleri ke\u015ffetmek veya zeytinya\u011f\u0131 ile haz\u0131rlanan enfes yerel yemeklerin tad\u0131n\u0131 \u00e7\u0131karmak sadece birka\u00e7 \u00f6rnek. Bu yaz\u0131da, Ayval\u0131k&#8217;\u0131n sundu\u011fu \u00e7e\u015fitlili\u011fi ve bu benzersiz kasaban\u0131n b\u00fcy\u00fcs\u00fcn\u00fc daha yak\u0131ndan ke\u015ffetmeye devam edece\u011fiz.<\/p>\n\n\n\n<h3 class=\"wp-block-heading has-text-align-center has-neeon-button-dark-gray-color has-text-color has-link-color wp-elements-39fe3e68b5d270b2b04d2f45b850bdd5\"><span class=\"ez-toc-section\" id=\"1_kucukkoyu_ziyaret_edin\"><\/span><strong><strong><strong>1. K\u00fc\u00e7\u00fckk\u00f6y&#8217;\u00fc Ziyaret Edin<\/strong><\/strong><\/strong><span class=\"ez-toc-section-end\"><\/span><\/h3>\n\n\n\n<figure class=\"wp-block-image\"><img width=\"800\" height=\"500\" data-public-id=\"Kucukkoy-Ayvalik_fl6fky\/Kucukkoy-Ayvalik_fl6fky.jpg\" fetchpriority=\"high\" decoding=\"async\" src=\"https:\/\/res.cloudinary.com\/turna\/images\/w_800,h_500,c_scale\/f_auto,q_auto:low\/v1479401509\/Kucukkoy-Ayvalik_fl6fky\/Kucukkoy-Ayvalik_fl6fky.jpg?_i=AA\" alt=\"Ayval\u0131k&#039;ta Ne Yap\u0131l\u0131r K\u00fc\u00e7\u00fckk\u00f6y\" class=\"wp-post-4981 wp-image-5348\" data-format=\"jpg\" data-transformations=\"f_auto,q_auto:low\" data-version=\"1479401509\" data-seo=\"1\" srcset=\"https:\/\/res.cloudinary.com\/turna\/images\/f_auto,q_auto:low\/v1479401509\/Kucukkoy-Ayvalik_fl6fky\/Kucukkoy-Ayvalik_fl6fky.jpg?_i=AA 800w, https:\/\/res.cloudinary.com\/turna\/images\/w_300,h_188,c_scale\/f_auto,q_auto:low\/v1479401509\/Kucukkoy-Ayvalik_fl6fky\/Kucukkoy-Ayvalik_fl6fky.jpg?_i=AA 300w, https:\/\/res.cloudinary.com\/turna\/images\/w_672,h_420,c_scale\/f_auto,q_auto:low\/v1479401509\/Kucukkoy-Ayvalik_fl6fky\/Kucukkoy-Ayvalik_fl6fky.jpg?_i=AA 672w, https:\/\/res.cloudinary.com\/turna\/images\/w_640,h_400,c_scale\/f_auto,q_auto:low\/v1479401509\/Kucukkoy-Ayvalik_fl6fky\/Kucukkoy-Ayvalik_fl6fky.jpg?_i=AA 640w, https:\/\/res.cloudinary.com\/turna\/images\/w_681,h_426,c_scale\/f_auto,q_auto:low\/v1479401509\/Kucukkoy-Ayvalik_fl6fky\/Kucukkoy-Ayvalik_fl6fky.jpg?_i=AA 681w\" sizes=\"(max-width: 800px) 100vw, 800px\" \/><\/figure>\n\n\n\n<p>Daha \u00e7ok Bo\u015fnak k\u00f6kenli vatanda\u015flar\u0131n ya\u015fad\u0131\u011f\u0131 bir k\u00f6y&nbsp;olan <strong><a href=\"https:\/\/goo.gl\/maps\/A3BBTEXFQotRjtyG9\" target=\"_blank\" rel=\"noopener\">K\u00fc\u00e7\u00fckk\u00f6y<\/a> (Yeni\u00e7arohori)<\/strong>, gelece\u011fin Ala\u00e7at\u0131s\u0131 olarak nitelendiriliyor. K\u00f6y i\u00e7erisinde bulunan eski Rum evleri g\u00fcn\u00fcm\u00fczde sanat at\u00f6lyeleri ve butik otellere d\u00f6n\u00fc\u015ft\u00fcr\u00fcl\u00fcyor. \u0130l\u00e7e&nbsp;merkezine yaln\u0131zca 15 dakika uzakl\u0131ktaki beldede ya\u015fanan d\u00f6n\u00fc\u015f\u00fcmle, K\u00fc\u00e7\u00fckk\u00f6y&#8217;\u00fcn&nbsp;bir sanat ve tasar\u0131m k\u00f6y\u00fc&nbsp;haline getirilmesi planlan\u0131yor.<\/p>\n\n\n\n<h3 class=\"wp-block-heading has-text-align-center has-neeon-button-dark-gray-color has-text-color has-link-color wp-elements-6a7a5ccc4233dbb68bd14c3430ae4913\"><span class=\"ez-toc-section\" id=\"2_seytan_sofrasinda_gun_batimini_izleyin\"><\/span><strong><strong><strong>2. \u015eeytan Sofras\u0131&#8217;nda G\u00fcn Bat\u0131m\u0131n\u0131 \u0130zleyin<\/strong><\/strong><\/strong><span class=\"ez-toc-section-end\"><\/span><\/h3>\n\n\n\n<p>T\u00fcrkiye&#8217;nin en g\u00fczel manzaralar\u0131ndan birine sahip olan<strong> \u015eeytan Sofras\u0131<\/strong>, \u00f6zellikle g\u00fcnbat\u0131m\u0131 manzaras\u0131 izlemek i\u00e7in muhte\u015fem bir adres. S\u00f6nm\u00fc\u015f bir volkan\u0131n olu\u015fturdu\u011fu bu tepenin \u00fczerinde \u015feytan\u0131n ayak izi oldu\u011funa inan\u0131l\u0131yor. Buraya gelenler, bu ayak izinin oldu\u011fu yere para at\u0131p dilekte bulunuyor. \u015eeytan Sofras\u0131 \u015fehir merkezine yakla\u015f\u0131k 8 kilometre uzakl\u0131kta yer al\u0131yor.<\/p>\n\n\n\n<h3 class=\"wp-block-heading has-text-align-center has-neeon-button-dark-gray-color has-text-color has-link-color wp-elements-59608fd10458a5764438b2d12876302f\"><span class=\"ez-toc-section\" id=\"3_cunda_adasinda_yoresel_mutfagi_tadin\"><\/span><strong><strong><strong>3. Cunda Adas\u0131&#8217;nda Y\u00f6resel Mutfa\u011f\u0131 Tad\u0131n<\/strong><\/strong><\/strong><span class=\"ez-toc-section-end\"><\/span><\/h3>\n\n\n\n<figure class=\"wp-block-image\"><img width=\"800\" height=\"500\" data-public-id=\"Cunda-Adasi_lqnhcd\/Cunda-Adasi_lqnhcd.jpg\" decoding=\"async\" src=\"https:\/\/res.cloudinary.com\/turna\/images\/w_800,h_500,c_scale\/f_auto,q_auto:low\/v1479401525\/Cunda-Adasi_lqnhcd\/Cunda-Adasi_lqnhcd.jpg?_i=AA\" alt=\"Cunda\" class=\"wp-post-4981 wp-image-5349\" data-format=\"jpg\" data-transformations=\"f_auto,q_auto:low\" data-version=\"1479401525\" data-seo=\"1\" srcset=\"https:\/\/res.cloudinary.com\/turna\/images\/f_auto,q_auto:low\/v1479401525\/Cunda-Adasi_lqnhcd\/Cunda-Adasi_lqnhcd.jpg?_i=AA 800w, https:\/\/res.cloudinary.com\/turna\/images\/w_300,h_188,c_scale\/f_auto,q_auto:low\/v1479401525\/Cunda-Adasi_lqnhcd\/Cunda-Adasi_lqnhcd.jpg?_i=AA 300w, https:\/\/res.cloudinary.com\/turna\/images\/w_672,h_420,c_scale\/f_auto,q_auto:low\/v1479401525\/Cunda-Adasi_lqnhcd\/Cunda-Adasi_lqnhcd.jpg?_i=AA 672w, https:\/\/res.cloudinary.com\/turna\/images\/w_640,h_400,c_scale\/f_auto,q_auto:low\/v1479401525\/Cunda-Adasi_lqnhcd\/Cunda-Adasi_lqnhcd.jpg?_i=AA 640w, https:\/\/res.cloudinary.com\/turna\/images\/w_681,h_426,c_scale\/f_auto,q_auto:low\/v1479401525\/Cunda-Adasi_lqnhcd\/Cunda-Adasi_lqnhcd.jpg?_i=AA 681w\" sizes=\"(max-width: 800px) 100vw, 800px\" \/><\/figure>\n\n\n\n<p>Ayval\u0131k \u00e7evresindeki 22 ada ve adac\u0131k aras\u0131nda, \u00fczerinde yerle\u015fim bulunan&nbsp;tek ada olan&nbsp;<strong>Cunda Adas\u0131<\/strong>, birbirinden g\u00fczel bal\u0131k lokantalar\u0131yla &#8216;Rak\u0131-Bal\u0131k-Ayval\u0131k&#8217; \u00fc\u00e7lemesinin tad\u0131n\u0131 \u00e7\u0131karaca\u011f\u0131n\u0131z en g\u00fczel noktalardan biri. Cunda Adas\u0131&#8217;na gitti\u011finizde, Osmanl\u0131 zaman\u0131ndan bu yana ayakta duran Ta\u015f Kahve&#8217;nin leziz kahvesini yudumlamay\u0131 da ihmal etmeyin.<\/p>\n\n\n\n<h3 class=\"wp-block-heading has-text-align-center has-neeon-button-dark-gray-color has-text-color has-link-color wp-elements-9bae1f3474cc7b095c7636bac9bd4592\"><span class=\"ez-toc-section\" id=\"4_ayvalik_pazarinda_alisveris_yapin\"><\/span><strong><strong><strong>4. Ayval\u0131k Pazar\u0131nda Al\u0131\u015fveri\u015f Yap\u0131n<\/strong><\/strong><\/strong><span class=\"ez-toc-section-end\"><\/span><\/h3>\n\n\n\n<p>\u0130l\u00e7e&nbsp;merkezinde per\u015fembe g\u00fcnleri kurulan pazar, sebze ve meyvenin yan\u0131 s\u0131ra k\u0131yafet&nbsp;ve antika e\u015fyalar\u0131n da sat\u0131ld\u0131\u011f\u0131 geni\u015f ve renkli bir al\u0131\u015fveri\u015f adresi. Yaln\u0131zca il\u00e7e&nbsp;merkezinde ya\u015fayanlar\u0131n de\u011fil, civar belde ve mahallelerdeki insanlar\u0131n da ak\u0131n etti\u011fi bu pazarda, Ayval\u0131k&#8217;\u0131n renkli d\u00fcnyas\u0131na tan\u0131k olun.<\/p>\n\n\n\n<h3 class=\"wp-block-heading has-text-align-center has-neeon-button-dark-gray-color has-text-color has-link-color wp-elements-467b111a5f4593e519cd4145949b655e\"><span class=\"ez-toc-section\" id=\"5_tarihi_kahvelerinde_koruk_suyu_icin\"><\/span><strong><strong><strong>5. Tarihi Kahvelerinde Koruk Suyu \u0130\u00e7in<\/strong><\/strong><\/strong><span class=\"ez-toc-section-end\"><\/span><\/h3>\n\n\n\n<figure class=\"wp-block-image\"><img width=\"800\" height=\"500\" data-public-id=\"Ayvalik-Sokaklari_i7qn0e\/Ayvalik-Sokaklari_i7qn0e.jpg\" decoding=\"async\" src=\"https:\/\/res.cloudinary.com\/turna\/images\/w_800,h_500,c_scale\/f_auto,q_auto:low\/v1479401546\/Ayvalik-Sokaklari_i7qn0e\/Ayvalik-Sokaklari_i7qn0e.jpg?_i=AA\" alt=\"Ayval\u0131k\" class=\"wp-post-4981 wp-image-5350\" data-format=\"jpg\" data-transformations=\"f_auto,q_auto:low\" data-version=\"1479401546\" data-seo=\"1\" srcset=\"https:\/\/res.cloudinary.com\/turna\/images\/f_auto,q_auto:low\/v1479401546\/Ayvalik-Sokaklari_i7qn0e\/Ayvalik-Sokaklari_i7qn0e.jpg?_i=AA 800w, https:\/\/res.cloudinary.com\/turna\/images\/w_300,h_188,c_scale\/f_auto,q_auto:low\/v1479401546\/Ayvalik-Sokaklari_i7qn0e\/Ayvalik-Sokaklari_i7qn0e.jpg?_i=AA 300w, https:\/\/res.cloudinary.com\/turna\/images\/w_672,h_420,c_scale\/f_auto,q_auto:low\/v1479401546\/Ayvalik-Sokaklari_i7qn0e\/Ayvalik-Sokaklari_i7qn0e.jpg?_i=AA 672w, https:\/\/res.cloudinary.com\/turna\/images\/w_640,h_400,c_scale\/f_auto,q_auto:low\/v1479401546\/Ayvalik-Sokaklari_i7qn0e\/Ayvalik-Sokaklari_i7qn0e.jpg?_i=AA 640w, https:\/\/res.cloudinary.com\/turna\/images\/w_681,h_426,c_scale\/f_auto,q_auto:low\/v1479401546\/Ayvalik-Sokaklari_i7qn0e\/Ayvalik-Sokaklari_i7qn0e.jpg?_i=AA 681w\" sizes=\"(max-width: 800px) 100vw, 800px\" \/><\/figure>\n\n\n\n<p>Ayval\u0131k&#8217;ta mutlaka tarihi kahvelerde bir mola verip geleneksel bir i\u00e7ece\u011fi tatmal\u0131s\u0131n\u0131z: Koruk Suyu. Bu serinletici i\u00e7ecek, yaz\u0131n s\u0131cak g\u00fcnlerinde sizi canland\u0131racak bir lezzet sunuyor. Koruk suyu, ham \u00fcz\u00fcmlerin su ile fermente edilmesiyle elde edilen bir i\u00e7ecek. Ayval\u0131k&#8217;taki tarihi kahvehanelerde, bu e\u015fsiz i\u00e7ece\u011fi geleneksel bir atmosferde deneyimlemek m\u00fcmk\u00fcn. Tarihi duvarlar aras\u0131nda serinleyip, bu e\u015fsiz tat ile tarih ve k\u00fclt\u00fcr\u00fc ayn\u0131 anda tadabilirsiniz.<\/p>\n\n\n\n<h3 class=\"wp-block-heading has-text-align-center has-neeon-button-dark-gray-color has-text-color has-link-color wp-elements-b5a6ec3e6f3ba29ed6f56061a9243401\"><span class=\"ez-toc-section\" id=\"6_ayvalik_tekne_turu_ile_harika_koylarda_yuzun\"><\/span><strong><strong><strong>6. Ayval\u0131k Tekne Turu \u0130le Harika Koylarda Y\u00fcz\u00fcn<\/strong><\/strong><\/strong><span class=\"ez-toc-section-end\"><\/span><\/h3>\n\n\n\n<p>Ayval\u0131k&#8217;\u0131n sakin sular\u0131 ve muhte\u015fem sahil manzaras\u0131, tekne turlar\u0131 i\u00e7in adeta bir cennet. Ayval\u0131k&#8217;a geldi\u011finizde, bu e\u015fsiz deneyimi ya\u015famadan d\u00f6nmemelisiniz. Ayval\u0131k Tekne Turu, size bu kasaban\u0131n en g\u00fczel koylar\u0131n\u0131 ve adalar\u0131n\u0131 ke\u015ffetme f\u0131rsat\u0131 sunuyor. Masals\u0131 G\u00fczelceada, gizemli Yellice Adas\u0131, \u015fahane alt\u0131n kumsallar\u0131yla \u00fcnl\u00fc Cennet Ada ve daha bir\u00e7ok yer, bu turlar\u0131n rotas\u0131nda yer al\u0131yor. Tekne turu s\u0131ras\u0131nda berrak Ege sular\u0131nda y\u00fczebilir, g\u00fcne\u015fin tad\u0131n\u0131 \u00e7\u0131karabilir ve sakin koylarda huzur dolu anlar ya\u015fayabilirsiniz.<\/p>\n\n\n\n<h3 class=\"wp-block-heading has-text-align-center has-neeon-button-dark-gray-color has-text-color has-link-color wp-elements-a36c749a42960ec0dbe7bab235980266\"><span class=\"ez-toc-section\" id=\"7_eski_ayvalik_sokaklarinda_dolasin\"><\/span><strong><strong><strong>7. \u00a0Eski Ayval\u0131k Sokaklar\u0131nda Dola\u015f\u0131n<\/strong><\/strong><\/strong><span class=\"ez-toc-section-end\"><\/span><\/h3>\n\n\n\n<p class=\"has-text-align-left\">\u0130l\u00e7e, T\u00fcrkiye genelinde en \u00e7ok tescilli yap\u0131y\u0131 bulunduran yer \u00f6zelli\u011fini ta\u015f\u0131yor. Son y\u0131llarda bilin\u00e7li bir kesimin \u00f6nc\u00fcl\u00fc\u011f\u00fcn\u00fc yapt\u0131\u011f\u0131 restorasyon hamleleriyle il\u00e7e merkezinde ciddi bir hareketlilik ya\u015fan\u0131yor. Hala mahalle ya\u015fam\u0131n\u0131n g\u00f6r\u00fcld\u00fc\u011f\u00fc sokaklarda eski yap\u0131lara baka baka gezin.<\/p>\n\n\n\n<h3 class=\"wp-block-heading has-text-align-center has-neeon-button-dark-gray-color has-text-color has-link-color wp-elements-90a30bdf84573b32e93c650dcdaa55ca\"><span class=\"ez-toc-section\" id=\"8_tabiat_parkina_ugrayin\"><\/span><strong><strong><strong>8. Tabiat Park\u0131na U\u011fray\u0131n<\/strong><\/strong><\/strong><span class=\"ez-toc-section-end\"><\/span><\/h3>\n\n\n\n<p>Deniz, dal\u0131\u015f ve do\u011fayla b\u00fct\u00fcnle\u015fme arayanlar i\u00e7in Ayval\u0131k Adalar\u0131 Tabiat Park\u0131 do\u011fru adres. Tam 22 adadan meydana gelen bir b\u00f6lgeyi i\u00e7erisinde bar\u0131nd\u0131ran bu tatil merkezinde tabiat park\u0131, do\u011fan\u0131n korundu\u011fu ve farkl\u0131 aktivitelerle insan\u0131n huzuru deneyimledi\u011fi bir yer.<\/p>\n\n\n\n<h3 class=\"wp-block-heading has-text-align-center has-neeon-button-dark-gray-color has-text-color has-link-color wp-elements-764c7568774361c337e59d0cddd54b47\"><span class=\"ez-toc-section\" id=\"9_sarimsakli_plajinda_bir_sezlonga_uzanin\"><\/span><strong><strong><strong>9. Sar\u0131msakl\u0131 Plaj\u0131\u2019nda Bir \u015eezlonga Uzan\u0131n<\/strong><\/strong><\/strong><span class=\"ez-toc-section-end\"><\/span><\/h3>\n\n\n\n<figure class=\"wp-block-image size-large\"><img decoding=\"async\" src=\"https:\/\/res.cloudinary.com\/turna\/image\/upload\/v1732263798\/wordpress-contents\/sezlong.jpg \" alt=\"\"\/><\/figure>\n\n\n\n<p>Ayval\u0131k&#8217;\u0131n en \u00fcnl\u00fc plaj\u0131 olan Sar\u0131msakl\u0131 Plaj\u0131, incecik alt\u0131n kumlar\u0131 ve berrak deniziyle hem yerli hem de yabanc\u0131 turistlerin favori adresi. Ege Denizi&#8217;nin serin sular\u0131nda y\u00fczd\u00fckten sonra, bir \u015fezlonga uzan\u0131p denizin hafif esintisi e\u015fli\u011finde kitab\u0131n\u0131z\u0131 okuyabilir ya da g\u00fcne\u015fin keyfini \u00e7\u0131karabilirsiniz. Plaj boyunca yer alan kafe ve restoranlarda, b\u00f6lgenin lezzetlerini tadarken manzaray\u0131 seyretmek de ayr\u0131 bir keyif.<\/p>\n\n\n\n<h3 class=\"wp-block-heading has-text-align-center has-neeon-button-dark-gray-color has-text-color has-link-color wp-elements-0e5b455852c88b0843f9e835a746c31c\"><span class=\"ez-toc-section\" id=\"10_saatli_camiiyi_ziyaret_edin\"><\/span><strong><strong><strong>10. Saatli Camii&#8217;yi Ziyaret Edin<\/strong><\/strong><\/strong><span class=\"ez-toc-section-end\"><\/span><\/h3>\n\n\n\n<p>Eski bir kiliseden camiye d\u00f6n\u00fc\u015ft\u00fcr\u00fclen Saatli Camii, Ayval\u0131k\u2019\u0131n tarihine tan\u0131kl\u0131k eden e\u015fsiz yap\u0131lar\u0131ndan biri. Y\u00fcksek saat kulesiyle dikkat \u00e7eken bu yap\u0131, g\u00f6rkemli mimarisi ve detayl\u0131 s\u00fcslemeleriyle ziyaret\u00e7ilerini b\u00fcy\u00fcl\u00fcyor. Sessiz bir mola vermek ve tarihle ba\u015f ba\u015fa kalmak i\u00e7in bu dura\u011f\u0131 mutlaka listenize ekleyin.<\/p>\n\n\n\n<h3 class=\"wp-block-heading has-text-align-center has-neeon-button-dark-gray-color has-text-color has-link-color wp-elements-f8b92a5589a2d8a3621d7542d5c58e53\"><span class=\"ez-toc-section\" id=\"11_cunda_yel_degirmenine_cikin\"><\/span><strong><strong><strong>11. Cunda Yel De\u011firmeni&#8217;ne \u00c7\u0131k\u0131n<\/strong><\/strong><\/strong><span class=\"ez-toc-section-end\"><\/span><\/h3>\n\n\n\n<figure class=\"wp-block-image size-large\"><img decoding=\"async\" src=\"https:\/\/res.cloudinary.com\/turna\/image\/upload\/v1732263798\/wordpress-contents\/yeldegirmeni.jpg\" alt=\"\"\/><\/figure>\n\n\n\n<p>Cunda Adas\u0131\u2019n\u0131n sembollerinden biri olan yel de\u011firmeni, hem tarihi hem de manzaras\u0131yla b\u00fcy\u00fcleyici. Tepeden bak\u0131ld\u0131\u011f\u0131nda Cunda\u2019n\u0131n e\u015fsiz g\u00fczellikteki koylar\u0131 ve \u00e7evredeki adalar g\u00f6z kama\u015ft\u0131r\u0131yor. De\u011firmenin \u00e7evresinde y\u00fcr\u00fcy\u00fc\u015f yapabilir, ta\u015f yap\u0131lar\u0131n aras\u0131nda nostaljik bir atmosferde vakit ge\u00e7irebilirsiniz. G\u00fcn bat\u0131m\u0131nda buradan manzara izlemek, unutulmaz bir Ayval\u0131k an\u0131s\u0131.<\/p>\n\n\n\n<h3 class=\"wp-block-heading has-text-align-center has-neeon-button-dark-gray-color has-text-color has-link-color wp-elements-465b86c431ab5d5f550c705d07615c51\"><span class=\"ez-toc-section\" id=\"12_gercek_ayvalik_tostu_deneyin\"><\/span><strong><strong><strong>12. Ger\u00e7ek Ayval\u0131k Tostu Deneyin<\/strong><\/strong><\/strong><span class=\"ez-toc-section-end\"><\/span><\/h3>\n\n\n\n<p>Ayval\u0131k\u2019a gelmi\u015fken me\u015fhur Ayval\u0131k tostunu denemeden d\u00f6nmek olmaz! Bol malzemeli, \u00e7\u0131t\u0131r \u00e7\u0131t\u0131r ekmekle haz\u0131rlanan bu tost, genellikle ka\u015far peyniri, sucuk, tur\u015fu, domates ve \u00f6zel soslarla haz\u0131rlan\u0131yor. Tostun yan\u0131na bir bardak buz gibi ayran da ekledi\u011finizde lezzet \u015f\u00f6leni tamamlan\u0131yor.<\/p>\n\n\n\n<h3 class=\"wp-block-heading has-text-align-center has-neeon-button-dark-gray-color has-text-color has-link-color wp-elements-8958e0f6e2f53af075da436c22d30830\"><span class=\"ez-toc-section\" id=\"13_taksiyarhis_kilisesine_gidin\"><\/span><strong><strong><strong>13. Taksiyarhis Kilisesi\u2019ne Gidin<\/strong><\/strong><\/strong><span class=\"ez-toc-section-end\"><\/span><\/h3>\n\n\n\n<p>Cunda Adas\u0131\u2019n\u0131n bir di\u011fer tarihi yap\u0131s\u0131 olan Taksiyarhis Kilisesi, b\u00f6lgedeki Rum-Ortodoks mimarisinin en g\u00fczel \u00f6rneklerinden biri. 19. y\u00fczy\u0131lda in\u015fa edilen bu kilise, restore edilerek Ayval\u0131k Rahmi M. Ko\u00e7 M\u00fczesi\u2019ne d\u00f6n\u00fc\u015ft\u00fcr\u00fclm\u00fc\u015f. Rahmi M. Ko\u00e7 M\u00fczesi, denizcilik tarihine ve end\u00fcstriyel mirasa ilgi duyanlar i\u00e7in bir hazine niteli\u011finde. M\u00fcze, antika teknelerden eski makinelere, denizcilik ekipmanlar\u0131ndan otomobillere kadar zengin bir koleksiyona ev sahipli\u011fi yap\u0131yor. M\u00fcze turunuzun ard\u0131ndan sahilde k\u0131sa bir y\u00fcr\u00fcy\u00fc\u015f yaparak g\u00fcn\u00fc ta\u00e7land\u0131rabilirsiniz.&nbsp;<\/p>\n\n\n\n<p>E\u011fer siz de, seyahatlerinde huzuru arayanlardansan\u0131z&nbsp;<a href=\"https:\/\/www.turna.com\/ucak-bileti\" target=\"_blank\" rel=\"noreferrer noopener\">u\u00e7ak bileti<\/a> kampanyalar\u0131na g\u00f6z atarak, bu muhte\u015fem il\u00e7ede ruhunuza hitap eden bir tatil ge\u00e7irebilirsiniz.<\/p>\n\n    <div class=\"xs_social_share_widget xs_share_url after_content \t\tmain_content  wslu-style-1 wslu-share-box-shaped wslu-fill-colored wslu-none wslu-share-horizontal wslu-theme-font-no wslu-main_content\">\n\n\t\t\n        <ul>\n\t\t\t        <\/ul>\n    <\/div> \n","protected":false},"excerpt":{"rendered":"<p>Ayval\u0131k, Ege&#8217;nin masmavi sular\u0131 ile s\u00fcz\u00fclen bir hazine adeta. Bu g\u00fczel kasabada yapacak o kadar \u00e7ok \u015fey var ki, &#8220;Ayval\u0131k&#8217;ta ne yap\u0131l\u0131r?&#8221; sorusu adeta bir hazinenin anahtar\u0131n\u0131 \u00e7evirmek gibi. Deniz, tarih, do\u011fa ve lezzetin bir araya geldi\u011fi bu yerde, her zevke ve ilgi alan\u0131na uygun aktiviteler bulabilirsiniz. Ben de size bu benzersiz cenneti ke\u015ffetmek i\u00e7in neden buraya gelmelisiniz, burada neler yapabilirsiniz gibi sorular\u0131n cevaplar\u0131n\u0131 sunmak i\u00e7in buraday\u0131m. Ayval\u0131k&#8217;ta unutulmaz an\u0131lara ve ke\u015fiflere haz\u0131r olun, \u00e7\u00fcnk\u00fc bu cennet par\u00e7as\u0131 sizi bekliyor.<\/p>\n","protected":false},"author":34,"featured_media":22020,"comment_status":"open","ping_status":"open","sticky":false,"template":"","format":"standard","meta":{"rop_custom_images_group":[],"rop_custom_messages_group":[],"rop_publish_now":"initial","rop_publish_now_accounts":[],"rop_publish_now_history":[],"rop_publish_now_status":"pending","_cloudinary_featured_overwrite":false,"footnotes":""},"categories":[84,1814],"tags":[287,259,5340,261],"class_list":["post-4981","post","type-post","status-publish","format-standard","has-post-thumbnail","hentry","category-turkiye","category-balikesir","tag-ayvalik","tag-balikesir","tag-bus","tag-edremit"],"_links":{"self":[{"href":"https:\/\/www.turna.com\/blog\/wp-json\/wp\/v2\/posts\/4981","targetHints":{"allow":["GET"]}}],"collection":[{"href":"https:\/\/www.turna.com\/blog\/wp-json\/wp\/v2\/posts"}],"about":[{"href":"https:\/\/www.turna.com\/blog\/wp-json\/wp\/v2\/types\/post"}],"author":[{"embeddable":true,"href":"https:\/\/www.turna.com\/blog\/wp-json\/wp\/v2\/users\/34"}],"replies":[{"embeddable":true,"href":"https:\/\/www.turna.com\/blog\/wp-json\/wp\/v2\/comments?post=4981"}],"version-history":[{"count":0,"href":"https:\/\/www.turna.com\/blog\/wp-json\/wp\/v2\/posts\/4981\/revisions"}],"wp:featuredmedia":[{"embeddable":true,"href":"https:\/\/www.turna.com\/blog\/wp-json\/wp\/v2\/media\/22020"}],"wp:attachment":[{"href":"https:\/\/www.turna.com\/blog\/wp-json\/wp\/v2\/media?parent=4981"}],"wp:term":[{"taxonomy":"category","embeddable":true,"href":"https:\/\/www.turna.com\/blog\/wp-json\/wp\/v2\/categories?post=4981"},{"taxonomy":"post_tag","embeddable":true,"href":"https:\/\/www.turna.com\/blog\/wp-json\/wp\/v2\/tags?post=4981"}],"curies":[{"name":"wp","href":"https:\/\/api.w.org\/{rel}","templated":true}]}}