{"id":4958,"date":"2016-11-18T00:05:33","date_gmt":"2016-11-17T21:05:33","guid":{"rendered":"https:\/\/www.turna.com\/blog\/?p=4958"},"modified":"2022-01-04T09:50:00","modified_gmt":"2022-01-04T06:50:00","slug":"japonyada-gorulecek-4-dunya-mirasi","status":"publish","type":"post","link":"https:\/\/www.turna.com\/blog\/japonyada-gorulecek-4-dunya-mirasi","title":{"rendered":"Japonya&#8217;da G\u00f6r\u00fclecek 4 D\u00fcnya Miras\u0131"},"content":{"rendered":"<div id=\"ez-toc-container\" class=\"ez-toc-v2_0_82_2 counter-hierarchy ez-toc-counter ez-toc-black ez-toc-container-direction\">\n<div class=\"ez-toc-title-container\">\n<p class=\"ez-toc-title\" style=\"cursor:inherit\">\u0130\u00e7indekiler<\/p>\n<span class=\"ez-toc-title-toggle\"><a href=\"#\" class=\"ez-toc-pull-right ez-toc-btn ez-toc-btn-xs ez-toc-btn-default ez-toc-toggle\" aria-label=\"\u0130\u00e7indekiler Tablosunu A\u00e7\/Kapat\"><span class=\"ez-toc-js-icon-con\"><span class=\"\"><span class=\"eztoc-hide\" style=\"display:none;\">Toggle<\/span><span class=\"ez-toc-icon-toggle-span\"><svg style=\"fill: #ffffff;color:#ffffff\" xmlns=\"http:\/\/www.w3.org\/2000\/svg\" class=\"list-377408\" width=\"20px\" height=\"20px\" viewBox=\"0 0 24 24\" fill=\"none\"><path d=\"M6 6H4v2h2V6zm14 0H8v2h12V6zM4 11h2v2H4v-2zm16 0H8v2h12v-2zM4 16h2v2H4v-2zm16 0H8v2h12v-2z\" fill=\"currentColor\"><\/path><\/svg><svg style=\"fill: #ffffff;color:#ffffff\" class=\"arrow-unsorted-368013\" xmlns=\"http:\/\/www.w3.org\/2000\/svg\" width=\"10px\" height=\"10px\" viewBox=\"0 0 24 24\" version=\"1.2\" baseProfile=\"tiny\"><path d=\"M18.2 9.3l-6.2-6.3-6.2 6.3c-.2.2-.3.4-.3.7s.1.5.3.7c.2.2.4.3.7.3h11c.3 0 .5-.1.7-.3.2-.2.3-.5.3-.7s-.1-.5-.3-.7zM5.8 14.7l6.2 6.3 6.2-6.3c.2-.2.3-.5.3-.7s-.1-.5-.3-.7c-.2-.2-.4-.3-.7-.3h-11c-.3 0-.5.1-.7.3-.2.2-.3.5-.3.7s.1.5.3.7z\"\/><\/svg><\/span><\/span><\/span><\/a><\/span><\/div>\n<nav><ul class='ez-toc-list ez-toc-list-level-1 eztoc-toggle-hide-by-default' ><li class='ez-toc-page-1 ez-toc-heading-level-2'><a class=\"ez-toc-link ez-toc-heading-1\" href=\"https:\/\/www.turna.com\/blog\/japonyada-gorulecek-4-dunya-mirasi\/#japonyada_gorulmesi_gereken_4_muhtesem_dunya_mirasi\" >Japonya&#8217;da G\u00f6r\u00fclmesi Gereken 4\u00a0Muhte\u015fem D\u00fcnya\u00a0Miras\u0131<\/a><ul class='ez-toc-list-level-3' ><li class='ez-toc-heading-level-3'><a class=\"ez-toc-link ez-toc-heading-2\" href=\"https:\/\/www.turna.com\/blog\/japonyada-gorulecek-4-dunya-mirasi\/#1_shirakawa-go\" >1. Shirakawa-Go\u00a0<\/a><\/li><li class='ez-toc-page-1 ez-toc-heading-level-3'><a class=\"ez-toc-link ez-toc-heading-3\" href=\"https:\/\/www.turna.com\/blog\/japonyada-gorulecek-4-dunya-mirasi\/#2_siretoko_yarimadasi\" >2. Siretoko Yar\u0131madas\u0131<\/a><\/li><li class='ez-toc-page-1 ez-toc-heading-level-3'><a class=\"ez-toc-link ez-toc-heading-4\" href=\"https:\/\/www.turna.com\/blog\/japonyada-gorulecek-4-dunya-mirasi\/#3_todai-ji_tapinagi\" >3. T\u014ddai-ji Tap\u0131na\u011f\u0131<\/a><\/li><li class='ez-toc-page-1 ez-toc-heading-level-3'><a class=\"ez-toc-link ez-toc-heading-5\" href=\"https:\/\/www.turna.com\/blog\/japonyada-gorulecek-4-dunya-mirasi\/#4_hirosima_baris_aniti\" >4. Hiro\u015fima Bar\u0131\u015f An\u0131t\u0131<\/a><\/li><\/ul><\/li><\/ul><\/nav><\/div>\n<p class=\"firstHeading\" lang=\"tr\">Do\u011fu Asya&#8217;da bulunan bir ada \u00fclkesi olan Japonya, tertemiz sokaklar\u0131, renkli gece hayat\u0131 ve m\u00fckemmel k\u00fclt\u00fcr\u00fcn\u00fcn yan\u0131 s\u0131ra kibar ve sayg\u0131l\u0131 insanlar\u0131yla da e\u015fsiz bir \u00fclke. UNESCO <strong>D\u00fcnya Miras\u0131<\/strong> Listesi&#8217;ne say\u0131s\u0131z yap\u0131 ve \u015fehir kazand\u0131ran bu b\u00fcy\u00fcleyici \u00fclkede g\u00f6r\u00fclmesi gereken \u00e7ok say\u0131da etkileyici yer bulunuyor.<\/p>\n<h2><span class=\"ez-toc-section\" id=\"japonyada_gorulmesi_gereken_4_muhtesem_dunya_mirasi\"><\/span><strong>Japonya&#8217;da G\u00f6r\u00fclmesi Gereken 4\u00a0<\/strong><strong>Muhte\u015fem D\u00fcnya\u00a0Miras\u0131<\/strong><span class=\"ez-toc-section-end\"><\/span><\/h2>\n<h3 id=\"firstHeading\" class=\"firstHeading\" lang=\"tr\"><span class=\"ez-toc-section\" id=\"1_shirakawa-go\"><\/span><strong>1. Shirakawa-Go\u00a0<\/strong><span class=\"ez-toc-section-end\"><\/span><\/h3>\n<p><img width=\"800\" height=\"500\" data-public-id=\"Shirakawago-Japonya_dzwuyp\/Shirakawago-Japonya_dzwuyp.jpg\" fetchpriority=\"high\" decoding=\"async\" class=\"alignnone wp-post-4958 wp-image-5357\" src=\"https:\/\/res.cloudinary.com\/turna\/images\/w_800,h_500,c_scale\/f_auto,q_auto\/f_auto,q_auto:low\/v1479470204\/Shirakawago-Japonya_dzwuyp\/Shirakawago-Japonya_dzwuyp.jpg?_i=AA\" data-format=\"jpg\" data-transformations=\"f_auto,q_auto\/f_auto,q_auto:low\" data-version=\"1479470204\" data-seo=\"1\" srcset=\"https:\/\/res.cloudinary.com\/turna\/images\/f_auto,q_auto\/f_auto,q_auto\/f_auto,q_auto:low\/v1479470204\/Shirakawago-Japonya_dzwuyp\/Shirakawago-Japonya_dzwuyp.jpg?_i=AA 800w, https:\/\/res.cloudinary.com\/turna\/images\/w_300,h_188,c_scale\/f_auto,q_auto\/f_auto,q_auto\/f_auto,q_auto:low\/v1479470204\/Shirakawago-Japonya_dzwuyp\/Shirakawago-Japonya_dzwuyp.jpg?_i=AA 300w, https:\/\/res.cloudinary.com\/turna\/images\/w_672,h_420,c_scale\/f_auto,q_auto\/f_auto,q_auto\/f_auto,q_auto:low\/v1479470204\/Shirakawago-Japonya_dzwuyp\/Shirakawago-Japonya_dzwuyp.jpg?_i=AA 672w, https:\/\/res.cloudinary.com\/turna\/images\/w_640,h_400,c_scale\/f_auto,q_auto\/f_auto,q_auto\/f_auto,q_auto:low\/v1479470204\/Shirakawago-Japonya_dzwuyp\/Shirakawago-Japonya_dzwuyp.jpg?_i=AA 640w, https:\/\/res.cloudinary.com\/turna\/images\/w_681,h_426,c_scale\/f_auto,q_auto\/f_auto,q_auto\/f_auto,q_auto:low\/v1479470204\/Shirakawago-Japonya_dzwuyp\/Shirakawago-Japonya_dzwuyp.jpg?_i=AA 681w\" sizes=\"(max-width: 800px) 100vw, 800px\" \/><\/p>\n<p>Muhte\u015fem do\u011fas\u0131 ve mimarisiyle Japon k\u00fclt\u00fcr\u00fcn\u00fc ya\u015fatan g\u00fczel yerlerden biri olan <strong>Shirakawa-Go<\/strong>, her y\u0131l milyonlarca turist taraf\u0131ndan ziyaret ediliyor. UNESCO D\u00fcnya Miras\u0131 Listesi&#8217;nde bulunan bu k\u00f6yde ilk g\u00f6ze \u00e7arpan \u015feylerden biri ise evlerin ilgin\u00e7 g\u00f6r\u00fcn\u00fcml\u00fc \u00e7at\u0131lar\u0131. Shogawa Vadisi&#8217;nde yer alan bu evlerin baz\u0131lar\u0131, g\u00fcn\u00fcm\u00fczde k\u00f6ye gelen turistlerin de konaklayabilece\u011fi otellere d\u00f6n\u00fc\u015ft\u00fcr\u00fclm\u00fc\u015f.<\/p>\n<h3><span class=\"ez-toc-section\" id=\"2_siretoko_yarimadasi\"><\/span><strong>2. Siretoko Yar\u0131madas\u0131<\/strong><span class=\"ez-toc-section-end\"><\/span><\/h3>\n<p><img width=\"800\" height=\"500\" data-public-id=\"Shiretoko-Japonya_cvweeo\/Shiretoko-Japonya_cvweeo.jpg\" decoding=\"async\" class=\"alignnone wp-post-4958 wp-image-5354\" src=\"https:\/\/res.cloudinary.com\/turna\/images\/w_800,h_500,c_scale\/f_auto,q_auto\/f_auto,q_auto:low\/v1479470048\/Shiretoko-Japonya_cvweeo\/Shiretoko-Japonya_cvweeo.jpg?_i=AA\" data-format=\"jpg\" data-transformations=\"f_auto,q_auto\/f_auto,q_auto:low\" data-version=\"1479470048\" data-seo=\"1\" srcset=\"https:\/\/res.cloudinary.com\/turna\/images\/f_auto,q_auto\/f_auto,q_auto\/f_auto,q_auto:low\/v1479470048\/Shiretoko-Japonya_cvweeo\/Shiretoko-Japonya_cvweeo.jpg?_i=AA 800w, https:\/\/res.cloudinary.com\/turna\/images\/w_300,h_188,c_scale\/f_auto,q_auto\/f_auto,q_auto\/f_auto,q_auto:low\/v1479470048\/Shiretoko-Japonya_cvweeo\/Shiretoko-Japonya_cvweeo.jpg?_i=AA 300w, https:\/\/res.cloudinary.com\/turna\/images\/w_672,h_420,c_scale\/f_auto,q_auto\/f_auto,q_auto\/f_auto,q_auto:low\/v1479470048\/Shiretoko-Japonya_cvweeo\/Shiretoko-Japonya_cvweeo.jpg?_i=AA 672w, https:\/\/res.cloudinary.com\/turna\/images\/w_640,h_400,c_scale\/f_auto,q_auto\/f_auto,q_auto\/f_auto,q_auto:low\/v1479470048\/Shiretoko-Japonya_cvweeo\/Shiretoko-Japonya_cvweeo.jpg?_i=AA 640w, https:\/\/res.cloudinary.com\/turna\/images\/w_681,h_426,c_scale\/f_auto,q_auto\/f_auto,q_auto\/f_auto,q_auto:low\/v1479470048\/Shiretoko-Japonya_cvweeo\/Shiretoko-Japonya_cvweeo.jpg?_i=AA 681w\" sizes=\"(max-width: 800px) 100vw, 800px\" \/>Hokkaydo Adas\u0131&#8217;nda bulunan 70 kilometre uzunlu\u011fundaki <strong>Siretoko Yar\u0131madas\u0131<\/strong>, kendisi ile ayn\u0131 ismi ta\u015f\u0131yan\u00a0<strong>Siretoko Milli Park\u0131<\/strong>&#8216;n\u0131n muhte\u015fem g\u00fczelli\u011fi sayesinde\u00a0d\u00fcnya miras\u0131 olmaya de\u011fer g\u00f6r\u00fclm\u00fc\u015f. Japonya seyahatinde, bu park\u0131n \u00e7evresini saran heybetli da\u011flar\u0131n ve yemye\u015fil orman\u0131n olu\u015fturdu\u011fu b\u00fcy\u00fcleyici atmosferi ke\u015ffetmek gerek.<\/p>\n<h3 id=\"firstHeading\" class=\"firstHeading\" lang=\"tr\"><span class=\"ez-toc-section\" id=\"3_todai-ji_tapinagi\"><\/span><strong>3. T\u014ddai-ji Tap\u0131na\u011f\u0131<\/strong><span class=\"ez-toc-section-end\"><\/span><\/h3>\n<p><img width=\"800\" height=\"500\" data-public-id=\"Todai-ji_wj1gh7\/Todai-ji_wj1gh7.jpg\" decoding=\"async\" class=\"alignnone wp-post-4958 wp-image-5352\" src=\"https:\/\/res.cloudinary.com\/turna\/images\/w_800,h_500,c_scale\/f_auto,q_auto\/f_auto,q_auto:low\/v1479470032\/Todai-ji_wj1gh7\/Todai-ji_wj1gh7.jpg?_i=AA\" data-format=\"jpg\" data-transformations=\"f_auto,q_auto\/f_auto,q_auto:low\" data-version=\"1479470032\" data-seo=\"1\" srcset=\"https:\/\/res.cloudinary.com\/turna\/images\/f_auto,q_auto\/f_auto,q_auto\/f_auto,q_auto:low\/v1479470032\/Todai-ji_wj1gh7\/Todai-ji_wj1gh7.jpg?_i=AA 800w, https:\/\/res.cloudinary.com\/turna\/images\/w_300,h_188,c_scale\/f_auto,q_auto\/f_auto,q_auto\/f_auto,q_auto:low\/v1479470032\/Todai-ji_wj1gh7\/Todai-ji_wj1gh7.jpg?_i=AA 300w, https:\/\/res.cloudinary.com\/turna\/images\/w_672,h_420,c_scale\/f_auto,q_auto\/f_auto,q_auto\/f_auto,q_auto:low\/v1479470032\/Todai-ji_wj1gh7\/Todai-ji_wj1gh7.jpg?_i=AA 672w, https:\/\/res.cloudinary.com\/turna\/images\/w_640,h_400,c_scale\/f_auto,q_auto\/f_auto,q_auto\/f_auto,q_auto:low\/v1479470032\/Todai-ji_wj1gh7\/Todai-ji_wj1gh7.jpg?_i=AA 640w, https:\/\/res.cloudinary.com\/turna\/images\/w_681,h_426,c_scale\/f_auto,q_auto\/f_auto,q_auto\/f_auto,q_auto:low\/v1479470032\/Todai-ji_wj1gh7\/Todai-ji_wj1gh7.jpg?_i=AA 681w\" sizes=\"(max-width: 800px) 100vw, 800px\" \/><\/p>\n<p>D\u00fcnyan\u0131n en b\u00fcy\u00fck Buda heykeli olan Daibutsu&#8217;ya ev sahipli\u011fi yapan <strong>T\u014ddai-ji Tap\u0131na\u011f\u0131<\/strong>, Japonya&#8217;n\u0131n Nara \u015fehrinde yer al\u0131yor. Ayn\u0131 zamanda d\u00fcnyan\u0131n en b\u00fcy\u00fck ah\u015fap yap\u0131s\u0131 olma \u00f6zelli\u011fi de bulunan bu g\u00f6rkemli tap\u0131nak, \u00fclkenin en pop\u00fcler turizm destinasyonlar\u0131 aras\u0131nda g\u00f6steriliyor.<\/p>\n<h3><span class=\"ez-toc-section\" id=\"4_hirosima_baris_aniti\"><\/span><strong>4. Hiro\u015fima Bar\u0131\u015f An\u0131t\u0131<\/strong><span class=\"ez-toc-section-end\"><\/span><\/h3>\n<p><img width=\"800\" height=\"500\" data-public-id=\"Hiroshima-Peace_nt7nd9\/Hiroshima-Peace_nt7nd9.jpg\" loading=\"lazy\" decoding=\"async\" class=\"alignnone wp-post-4958 wp-image-5356\" src=\"https:\/\/res.cloudinary.com\/turna\/images\/w_800,h_500,c_scale\/f_auto,q_auto\/f_auto,q_auto:low\/v1479470178\/Hiroshima-Peace_nt7nd9\/Hiroshima-Peace_nt7nd9.jpg?_i=AA\" data-format=\"jpg\" data-transformations=\"f_auto,q_auto\/f_auto,q_auto:low\" data-version=\"1479470178\" data-seo=\"1\" srcset=\"https:\/\/res.cloudinary.com\/turna\/images\/f_auto,q_auto\/f_auto,q_auto\/f_auto,q_auto:low\/v1479470178\/Hiroshima-Peace_nt7nd9\/Hiroshima-Peace_nt7nd9.jpg?_i=AA 800w, https:\/\/res.cloudinary.com\/turna\/images\/w_300,h_188,c_scale\/f_auto,q_auto\/f_auto,q_auto\/f_auto,q_auto:low\/v1479470178\/Hiroshima-Peace_nt7nd9\/Hiroshima-Peace_nt7nd9.jpg?_i=AA 300w, https:\/\/res.cloudinary.com\/turna\/images\/w_672,h_420,c_scale\/f_auto,q_auto\/f_auto,q_auto\/f_auto,q_auto:low\/v1479470178\/Hiroshima-Peace_nt7nd9\/Hiroshima-Peace_nt7nd9.jpg?_i=AA 672w, https:\/\/res.cloudinary.com\/turna\/images\/w_640,h_400,c_scale\/f_auto,q_auto\/f_auto,q_auto\/f_auto,q_auto:low\/v1479470178\/Hiroshima-Peace_nt7nd9\/Hiroshima-Peace_nt7nd9.jpg?_i=AA 640w, https:\/\/res.cloudinary.com\/turna\/images\/w_681,h_426,c_scale\/f_auto,q_auto\/f_auto,q_auto\/f_auto,q_auto:low\/v1479470178\/Hiroshima-Peace_nt7nd9\/Hiroshima-Peace_nt7nd9.jpg?_i=AA 681w\" sizes=\"(max-width: 800px) 100vw, 800px\" \/><\/p>\n<p><strong>Atom Bombas\u0131 Kubbesi<\/strong> olarak da bilinen <strong>Hiro\u015fima Bar\u0131\u015f An\u0131t\u0131<\/strong>, Japonya&#8217;n\u0131n Hiro\u015fima \u015fehrinde yer al\u0131yor. Hiro\u015fima&#8217;ya at\u0131lan atom bombas\u0131n\u0131n bu binan\u0131n neredeyse\u00a0hemen \u00fczerinde patlat\u0131ld\u0131\u011f\u0131 s\u00f6yleniyor. \u0130\u00e7erisinde ya\u015fayan herkes \u00f6lmesine ra\u011fmen ayakta kalmay\u0131 ba\u015faran bina, g\u00fcn\u00fcm\u00fczde bu \u00f6l\u00fcmc\u00fcl bomban\u0131n etkilerini unutturmamak\u00a0i\u00e7in bir simge g\u00f6revi \u00fcstleniyor.<\/p>\n<p>Japonya&#8217;n\u0131n birbirinden de\u011ferli UNESCO Miraslar\u0131n\u0131 yerinde g\u00f6rmek ve bu m\u00fckemmel eserleri incelemek istiyorsan\u0131z, <a href=\"https:\/\/www.turna.com\/ucak-bileti\/japonya\" target=\"_blank\" rel=\"noopener\">Japonya u\u00e7ak bileti<\/a> kampanyalar\u0131n\u0131 de\u011ferlendirebilirsiniz.<\/p>\n\n    <div class=\"xs_social_share_widget xs_share_url after_content \t\tmain_content  wslu-style-1 wslu-share-box-shaped wslu-fill-colored wslu-none wslu-share-horizontal wslu-theme-font-no wslu-main_content\">\n\n\t\t\n        <ul>\n\t\t\t        <\/ul>\n    <\/div> \n","protected":false},"excerpt":{"rendered":"<p>Do\u011fu Asya&#8217;da bulunan bir ada \u00fclkesi olan Japonya, tertemiz sokaklar\u0131, renkli gece hayat\u0131 ve m\u00fckemmel k\u00fclt\u00fcr\u00fcn\u00fcn yan\u0131 s\u0131ra kibar ve sayg\u0131l\u0131 insanlar\u0131yla da e\u015fsiz bir \u00fclke. UNESCO D\u00fcnya Miras\u0131 Listesi&#8217;ne say\u0131s\u0131z yap\u0131 ve \u015fehir kazand\u0131ran bu b\u00fcy\u00fcleyici \u00fclkede g\u00f6r\u00fclmesi gereken \u00e7ok say\u0131da etkileyici yer bulunuyor. Japonya&#8217;da G\u00f6r\u00fclmesi Gereken 4\u00a0Muhte\u015fem D\u00fcnya\u00a0Miras\u0131 1. Shirakawa-Go\u00a0 Muhte\u015fem do\u011fas\u0131 ve [&hellip;]<\/p>\n","protected":false},"author":14,"featured_media":5357,"comment_status":"open","ping_status":"open","sticky":false,"template":"","format":"standard","meta":{"rop_custom_images_group":[],"rop_custom_messages_group":[],"rop_publish_now":"initial","rop_publish_now_accounts":[],"rop_publish_now_history":[],"rop_publish_now_status":"pending","_cloudinary_featured_overwrite":false,"footnotes":""},"categories":[817],"tags":[2617,2412,616,2554,2596],"class_list":["post-4958","post","type-post","status-publish","format-standard","has-post-thumbnail","hentry","category-japonya","tag-asahikawa","tag-fukuoka","tag-japonya","tag-nagoya","tag-okinawa"],"_links":{"self":[{"href":"https:\/\/www.turna.com\/blog\/wp-json\/wp\/v2\/posts\/4958","targetHints":{"allow":["GET"]}}],"collection":[{"href":"https:\/\/www.turna.com\/blog\/wp-json\/wp\/v2\/posts"}],"about":[{"href":"https:\/\/www.turna.com\/blog\/wp-json\/wp\/v2\/types\/post"}],"author":[{"embeddable":true,"href":"https:\/\/www.turna.com\/blog\/wp-json\/wp\/v2\/users\/14"}],"replies":[{"embeddable":true,"href":"https:\/\/www.turna.com\/blog\/wp-json\/wp\/v2\/comments?post=4958"}],"version-history":[{"count":0,"href":"https:\/\/www.turna.com\/blog\/wp-json\/wp\/v2\/posts\/4958\/revisions"}],"wp:featuredmedia":[{"embeddable":true,"href":"https:\/\/www.turna.com\/blog\/wp-json\/wp\/v2\/media\/5357"}],"wp:attachment":[{"href":"https:\/\/www.turna.com\/blog\/wp-json\/wp\/v2\/media?parent=4958"}],"wp:term":[{"taxonomy":"category","embeddable":true,"href":"https:\/\/www.turna.com\/blog\/wp-json\/wp\/v2\/categories?post=4958"},{"taxonomy":"post_tag","embeddable":true,"href":"https:\/\/www.turna.com\/blog\/wp-json\/wp\/v2\/tags?post=4958"}],"curies":[{"name":"wp","href":"https:\/\/api.w.org\/{rel}","templated":true}]}}