{"id":4804,"date":"2024-09-30T08:14:00","date_gmt":"2024-09-30T05:14:00","guid":{"rendered":"https:\/\/www.turna.com\/blog\/?p=4804"},"modified":"2025-12-08T10:17:38","modified_gmt":"2025-12-08T07:17:38","slug":"koln-gezilecek-yerler","status":"publish","type":"post","link":"https:\/\/www.turna.com\/blog\/koln-gezilecek-yerler","title":{"rendered":"K\u00f6ln Gezilecek Yerler: G\u00f6r\u00fclecek 16 Nokta"},"content":{"rendered":"<div id=\"ez-toc-container\" class=\"ez-toc-v2_0_82_2 counter-hierarchy ez-toc-counter ez-toc-black ez-toc-container-direction\">\n<div class=\"ez-toc-title-container\">\n<p class=\"ez-toc-title\" style=\"cursor:inherit\">\u0130\u00e7indekiler<\/p>\n<span class=\"ez-toc-title-toggle\"><a href=\"#\" class=\"ez-toc-pull-right ez-toc-btn ez-toc-btn-xs ez-toc-btn-default ez-toc-toggle\" aria-label=\"\u0130\u00e7indekiler Tablosunu A\u00e7\/Kapat\"><span class=\"ez-toc-js-icon-con\"><span class=\"\"><span class=\"eztoc-hide\" style=\"display:none;\">Toggle<\/span><span class=\"ez-toc-icon-toggle-span\"><svg style=\"fill: #ffffff;color:#ffffff\" xmlns=\"http:\/\/www.w3.org\/2000\/svg\" class=\"list-377408\" width=\"20px\" height=\"20px\" viewBox=\"0 0 24 24\" fill=\"none\"><path d=\"M6 6H4v2h2V6zm14 0H8v2h12V6zM4 11h2v2H4v-2zm16 0H8v2h12v-2zM4 16h2v2H4v-2zm16 0H8v2h12v-2z\" fill=\"currentColor\"><\/path><\/svg><svg style=\"fill: #ffffff;color:#ffffff\" class=\"arrow-unsorted-368013\" xmlns=\"http:\/\/www.w3.org\/2000\/svg\" width=\"10px\" height=\"10px\" viewBox=\"0 0 24 24\" version=\"1.2\" baseProfile=\"tiny\"><path d=\"M18.2 9.3l-6.2-6.3-6.2 6.3c-.2.2-.3.4-.3.7s.1.5.3.7c.2.2.4.3.7.3h11c.3 0 .5-.1.7-.3.2-.2.3-.5.3-.7s-.1-.5-.3-.7zM5.8 14.7l6.2 6.3 6.2-6.3c.2-.2.3-.5.3-.7s-.1-.5-.3-.7c-.2-.2-.4-.3-.7-.3h-11c-.3 0-.5.1-.7.3-.2.2-.3.5-.3.7s.1.5.3.7z\"\/><\/svg><\/span><\/span><\/span><\/a><\/span><\/div>\n<nav><ul class='ez-toc-list ez-toc-list-level-1 eztoc-toggle-hide-by-default' ><li class='ez-toc-page-1 ez-toc-heading-level-2'><a class=\"ez-toc-link ez-toc-heading-1\" href=\"https:\/\/www.turna.com\/blog\/koln-gezilecek-yerler\/#48_saatte_koln_gezi_planlamasi\" >48 Saatte K\u00f6ln Gezi Planlamas\u0131<\/a><\/li><li class='ez-toc-page-1 ez-toc-heading-level-2'><a class=\"ez-toc-link ez-toc-heading-2\" href=\"https:\/\/www.turna.com\/blog\/koln-gezilecek-yerler\/#kolnde_gorulmesi_gereken_yerler\" >K\u00f6ln&#8217;de G\u00f6r\u00fclmesi Gereken Yerler<\/a><ul class='ez-toc-list-level-3' ><li class='ez-toc-heading-level-3'><a class=\"ez-toc-link ez-toc-heading-3\" href=\"https:\/\/www.turna.com\/blog\/koln-gezilecek-yerler\/#koln_katedrali\" >K\u00f6ln Katedrali<\/a><\/li><li class='ez-toc-page-1 ez-toc-heading-level-3'><a class=\"ez-toc-link ez-toc-heading-4\" href=\"https:\/\/www.turna.com\/blog\/koln-gezilecek-yerler\/#ludwig_muzesi\" >Ludwig M\u00fczesi<\/a><\/li><li class='ez-toc-page-1 ez-toc-heading-level-3'><a class=\"ez-toc-link ez-toc-heading-5\" href=\"https:\/\/www.turna.com\/blog\/koln-gezilecek-yerler\/#eski_pazar_meydani\" >Eski Pazar Meydan\u0131<\/a><\/li><li class='ez-toc-page-1 ez-toc-heading-level-3'><a class=\"ez-toc-link ez-toc-heading-6\" href=\"https:\/\/www.turna.com\/blog\/koln-gezilecek-yerler\/#cikolata_muzesi\" >\u00c7ikolata M\u00fczesi<\/a><\/li><li class='ez-toc-page-1 ez-toc-heading-level-3'><a class=\"ez-toc-link ez-toc-heading-7\" href=\"https:\/\/www.turna.com\/blog\/koln-gezilecek-yerler\/#roma_germen_muzesi\" >Roma Germen M\u00fczesi<\/a><\/li><li class='ez-toc-page-1 ez-toc-heading-level-3'><a class=\"ez-toc-link ez-toc-heading-8\" href=\"https:\/\/www.turna.com\/blog\/koln-gezilecek-yerler\/#st_gereon_kilisesi\" >St. Gereon Kilisesi<\/a><\/li><li class='ez-toc-page-1 ez-toc-heading-level-3'><a class=\"ez-toc-link ez-toc-heading-9\" href=\"https:\/\/www.turna.com\/blog\/koln-gezilecek-yerler\/#farina_parfum_muzesi\" >Farina Parf\u00fcm M\u00fczesi<\/a><\/li><li class='ez-toc-page-1 ez-toc-heading-level-3'><a class=\"ez-toc-link ez-toc-heading-10\" href=\"https:\/\/www.turna.com\/blog\/koln-gezilecek-yerler\/#buyuk_st_martin_kilisesi\" >B\u00fcy\u00fck St. Martin Kilisesi<\/a><\/li><li class='ez-toc-page-1 ez-toc-heading-level-3'><a class=\"ez-toc-link ez-toc-heading-11\" href=\"https:\/\/www.turna.com\/blog\/koln-gezilecek-yerler\/#flora_ve_botanik_bahcesi\" >Flora ve Botanik Bah\u00e7esi<\/a><\/li><li class='ez-toc-page-1 ez-toc-heading-level-3'><a class=\"ez-toc-link ez-toc-heading-12\" href=\"https:\/\/www.turna.com\/blog\/koln-gezilecek-yerler\/#romisch-germanisches_muzesi\" >R\u00f6misch-Germanisches M\u00fczesi<\/a><\/li><li class='ez-toc-page-1 ez-toc-heading-level-3'><a class=\"ez-toc-link ez-toc-heading-13\" href=\"https:\/\/www.turna.com\/blog\/koln-gezilecek-yerler\/#belgisches_viertel_belcika_mahallesi\" >Belgisches Viertel (Bel\u00e7ika Mahallesi)<\/a><\/li><li class='ez-toc-page-1 ez-toc-heading-level-3'><a class=\"ez-toc-link ez-toc-heading-14\" href=\"https:\/\/www.turna.com\/blog\/koln-gezilecek-yerler\/#teleferik\" >Teleferik<\/a><\/li><li class='ez-toc-page-1 ez-toc-heading-level-3'><a class=\"ez-toc-link ez-toc-heading-15\" href=\"https:\/\/www.turna.com\/blog\/koln-gezilecek-yerler\/#sualti_tuneli\" >Sualt\u0131 T\u00fcneli<\/a><\/li><li class='ez-toc-page-1 ez-toc-heading-level-3'><a class=\"ez-toc-link ez-toc-heading-16\" href=\"https:\/\/www.turna.com\/blog\/koln-gezilecek-yerler\/#hohenzollern_koprusu\" >Hohenzollern K\u00f6pr\u00fcs\u00fc<\/a><\/li><li class='ez-toc-page-1 ez-toc-heading-level-3'><a class=\"ez-toc-link ez-toc-heading-17\" href=\"https:\/\/www.turna.com\/blog\/koln-gezilecek-yerler\/#koln_hayvanat_bahcesi\" >K\u00f6ln Hayvanat Bah\u00e7esi<\/a><\/li><li class='ez-toc-page-1 ez-toc-heading-level-3'><a class=\"ez-toc-link ez-toc-heading-18\" href=\"https:\/\/www.turna.com\/blog\/koln-gezilecek-yerler\/#koln_merkez_camii\" >K\u00f6ln Merkez Camii<\/a><\/li><\/ul><\/li><\/ul><\/nav><\/div>\n\n<p>Almanya&#8217;n\u0131n kalbinde, tarihle modernli\u011fin i\u00e7 i\u00e7e ge\u00e7ti\u011fi bir \u015fehir d\u00fc\u015f\u00fcn\u00fcn: <strong>K\u00f6ln<\/strong>! Rengarenk sokaklar\u0131, g\u00f6z al\u0131c\u0131 gotik mimarisi ve nehir kenar\u0131ndaki huzurlu y\u00fcr\u00fcy\u00fc\u015f rotalar\u0131yla bu \u015fehir, hem ruhunuzu hem de ke\u015ffetme arzunuzu beslemeye haz\u0131r. Tabii ki, K\u00f6ln deyince akla ilk gelen o me\u015fhur katedrali olsa da, bu b\u00fcy\u00fcleyici \u015fehirde sizi \u015fa\u015f\u0131rtacak o kadar \u00e7ok \u015fey var ki! M\u00fcze severler, tarih merakl\u0131lar\u0131, lezzet avc\u0131lar\u0131 ve e\u011flence d\u00fc\u015fk\u00fcnleri i\u00e7in her k\u00f6\u015fe ba\u015f\u0131nda bir s\u00fcrpriz var. Haydi, <strong>K\u00f6ln gezilecek yerler<\/strong> listesine birlikte dalal\u0131m ve bu b\u00fcy\u00fcleyici \u015fehri ke\u015ffetmenin keyfini \u00e7\u0131karal\u0131m!<\/p>\n\n\n\n<h2 class=\"wp-block-heading has-text-align-center has-neeon-button-dark-gray-color has-text-color has-link-color wp-elements-961b186c1e8d1b391a47b2383620d33a\"><span class=\"ez-toc-section\" id=\"48_saatte_koln_gezi_planlamasi\"><\/span>48 Saatte <strong>K\u00f6ln Gezi Planlamas\u0131<\/strong><span class=\"ez-toc-section-end\"><\/span><\/h2>\n\n\n\n<p><strong>1. G\u00fcn: Tarih ve K\u00fclt\u00fcr Ke\u015ffi<\/strong><\/p>\n\n\n\n<ul class=\"wp-block-list\">\n<li><strong>K\u00f6ln Katedrali (K\u00f6lner Dom)<\/strong>: G\u00fcne K\u00f6ln\u2019\u00fcn simgesi olan bu devasa gotik katedrali gezerek ba\u015flay\u0131n. Kulelerine \u00e7\u0131k\u0131p \u015fehrin panoramik manzaras\u0131n\u0131 mutlaka g\u00f6r\u00fcn.<\/li>\n\n\n\n<li><strong>Hohenzollern K\u00f6pr\u00fcs\u00fc<\/strong>: Katedralden k\u0131sa bir y\u00fcr\u00fcy\u00fc\u015fle ula\u015faca\u011f\u0131n\u0131z bu k\u00f6pr\u00fcde, \u00fcnl\u00fc a\u015fk kilitlerini g\u00f6r\u00fcn ve Ren Nehri\u2019ne kar\u015f\u0131 foto\u011fraf \u00e7ekin.<\/li>\n\n\n\n<li><strong>Ren Nehri K\u0131y\u0131s\u0131nda \u00d6\u011fle Yeme\u011fi<\/strong>: Ren Nehri manzaral\u0131 bir restoranda oturun ve <strong>Sauerbraten<\/strong> (marineli dana eti) veya <strong>Himmel un \u00c4\u00e4d<\/strong> (patates p\u00fcresi ve elma p\u00fcresi) gibi yerel yemekleri deneyin.<\/li>\n\n\n\n<li><strong>R\u00f6misch-Germanisches M\u00fczesi<\/strong>: Roma d\u00f6nemine dair etkileyici eserleri g\u00f6rebilece\u011finiz bu m\u00fcze, sizi \u015fehrin antik ge\u00e7mi\u015fine do\u011fru b\u00fcy\u00fcleyici bir yolculu\u011fa \u00e7\u0131karacak.<\/li>\n\n\n\n<li><strong>Ludwig M\u00fczesi<\/strong>: K\u00f6ln\u2019\u00fcn sanat d\u00fcnyas\u0131n\u0131 ke\u015ffetmek i\u00e7in modern sanat eserlerine ev sahipli\u011fi yapan Ludwig M\u00fczesi\u2019ni gezin. Picasso ve Warhol gibi sanat\u00e7\u0131lar\u0131n eserlerini g\u00f6rebilirsiniz.<\/li>\n\n\n\n<li><strong>Belgisches Viertel (Bel\u00e7ika Mahallesi)<\/strong>: Ak\u015fam\u00fcst\u00fc enerjinizi Bel\u00e7ika Mahallesi&#8217;nde tazeleyin. Butiklerde al\u0131\u015fveri\u015f yap\u0131n, sokak kafelerinde kahvenizi yudumlay\u0131n ve b\u00f6lgenin canl\u0131 atmosferinin tad\u0131n\u0131 \u00e7\u0131kar\u0131n.<\/li>\n\n\n\n<li><strong>Ak\u015fam Yeme\u011fi &#8211; Brauhaus\u2019ta Yerel Lezzetler<\/strong>: Bir K\u00f6ln birahanesinde geleneksel yemekler ve me\u015fhur <strong>K\u00f6lsch biras\u0131<\/strong> e\u015fli\u011finde keyifli bir ak\u015fam ge\u00e7irin.<\/li>\n<\/ul>\n\n\n\n<p><strong>2. G\u00fcn: Do\u011fa ve E\u011flence<\/strong><\/p>\n\n\n\n<ul class=\"wp-block-list\">\n<li><strong>Flora ve Botanik Bah\u00e7esi<\/strong>: G\u00fcne \u015fehrin en huzurlu yerlerinden biri olan Flora ve Botanik Bah\u00e7esi\u2019nde y\u00fcr\u00fcy\u00fc\u015fle ba\u015flay\u0131n. Do\u011fan\u0131n ve ye\u015filin tad\u0131n\u0131 \u00e7\u0131kar\u0131n.<\/li>\n\n\n\n<li><strong>K\u00f6ln Hayvanat Bah\u00e7esi<\/strong>: K\u00f6ln&#8217;\u00fcn \u00fcnl\u00fc hayvanat bah\u00e7esini gezin, \u00f6zellikle \u00e7ocuklarla seyahat ediyorsan\u0131z harika bir durak. Egzotik hayvanlar ve do\u011fa dolu bir ke\u015fif sizi bekliyor.<\/li>\n\n\n\n<li><strong>K\u00f6ln \u00c7ikolata M\u00fczesi<\/strong>: \u00d6\u011fleden sonran\u0131zda tatl\u0131 bir mola verin ve bu harika m\u00fczede \u00e7ikolatan\u0131n b\u00fcy\u00fcl\u00fc d\u00fcnyas\u0131na dal\u0131n. \u00c7ikolata \u015felalesi sizi \u00e7ok \u015fa\u015f\u0131rtacak!<\/li>\n\n\n\n<li><strong>Ren Nehri Turu<\/strong>: Ren Nehri\u2019nde bir tekne turu yaparak \u015fehri su \u00fczerinden ke\u015ffedin. Hem dinlenin hem de \u015fehrin \u00f6nemli yap\u0131lar\u0131n\u0131n nehirden sundu\u011fu manzaray\u0131 izleyin.<\/li>\n\n\n\n<li><strong>Farina Parf\u00fcm M\u00fczesi<\/strong>: K\u00f6ln&#8217;\u00fcn d\u00fcnyaya arma\u011fan etti\u011fi Eau de Cologne\u2019un do\u011fdu\u011fu yeri ke\u015ffedin. Farina ailesinin tarihini \u00f6\u011frenip, b\u00fcy\u00fcleyici koku deneyimleri ya\u015fay\u0131n.<\/li>\n\n\n\n<li><strong>Eski Pazar Meydan\u0131 (Alter Markt)<\/strong>: Ak\u015fam\u00fcst\u00fc bu tarihi meydanda gezin. Binalar\u0131n renkli cepheleri ve hareketli atmosferiyle K\u00f6ln\u2019\u00fcn canl\u0131 ruhunu hissedin.<\/li>\n\n\n\n<li><strong>Gece Hayat\u0131: K\u00f6ln Barlar\u0131<\/strong>: Geceyi sonland\u0131rmak i\u00e7in <strong>Altstadt<\/strong> b\u00f6lgesindeki barlara u\u011fray\u0131n. Rahat bir ortamda birka\u00e7 i\u00e7kiyle g\u00fcn\u00fc noktalay\u0131n ve K\u00f6ln\u2019\u00fcn e\u011flenceli gece hayat\u0131na dal\u0131n.<\/li>\n<\/ul>\n\n\n\n<h2 class=\"wp-block-heading has-text-align-center has-neeon-button-dark-gray-color has-text-color has-link-color wp-elements-69b8967e60a31951487188217cc17c22\"><span class=\"ez-toc-section\" id=\"kolnde_gorulmesi_gereken_yerler\"><\/span><strong>K\u00f6ln&#8217;de G\u00f6r\u00fclmesi Gereken Yerler<\/strong><span class=\"ez-toc-section-end\"><\/span><\/h2>\n\n\n\n<figure class=\"wp-block-image size-large\"><img width=\"1600\" height=\"1000\" decoding=\"async\" src=\"data:image\/svg+xml;base64,PHN2ZyB4bWxucz0iaHR0cDovL3d3dy53My5vcmcvMjAwMC9zdmciIHdpZHRoPSIxNjAwIiBoZWlnaHQ9IjEwMDAiPjxyZWN0IHdpZHRoPSIxMDAlIiBoZWlnaHQ9IjEwMCUiPjxhbmltYXRlIGF0dHJpYnV0ZU5hbWU9ImZpbGwiIHZhbHVlcz0icmdiYSgxNTMsMTUzLDE1MywwLjUpO3JnYmEoMTUzLDE1MywxNTMsMC4xKTtyZ2JhKDE1MywxNTMsMTUzLDAuNSkiIGR1cj0iMnMiIHJlcGVhdENvdW50PSJpbmRlZmluaXRlIiAvPjwvcmVjdD48L3N2Zz4=\" alt=\"K\u00f6ln gezilecek yerler\" data-public-id=\"wordpress-contents\/koln_gezilecek_yerler\/koln_gezilecek_yerler.jpg\" class=\"wp-post-4804 wp-image-23218\" data-format=\"jpg\" data-transformations=\"f_auto,q_auto:low\" data-version=\"1727700703\" data-seo=\"1\" data-size=\"1600 1000\" data-srcset=\"https:\/\/res.cloudinary.com\/turna\/images\/f_auto,q_auto:low\/v1727700703\/wordpress-contents\/koln_gezilecek_yerler\/koln_gezilecek_yerler.jpg?_i=AA 1600w, https:\/\/res.cloudinary.com\/turna\/images\/w_800,h_500,c_scale\/f_auto,q_auto:low\/v1727700703\/wordpress-contents\/koln_gezilecek_yerler\/koln_gezilecek_yerler.jpg?_i=AA 800w, https:\/\/res.cloudinary.com\/turna\/images\/w_1024,h_640,c_scale\/f_auto,q_auto:low\/v1727700703\/wordpress-contents\/koln_gezilecek_yerler\/koln_gezilecek_yerler.jpg?_i=AA 1024w, https:\/\/res.cloudinary.com\/turna\/images\/w_300,h_188,c_scale\/f_auto,q_auto:low\/v1727700703\/wordpress-contents\/koln_gezilecek_yerler\/koln_gezilecek_yerler.jpg?_i=AA 300w, https:\/\/res.cloudinary.com\/turna\/images\/w_1536,h_960,c_scale\/f_auto,q_auto:low\/v1727700703\/wordpress-contents\/koln_gezilecek_yerler\/koln_gezilecek_yerler.jpg?_i=AA 1536w, https:\/\/res.cloudinary.com\/turna\/images\/w_672,h_420,c_scale\/f_auto,q_auto:low\/v1727700703\/wordpress-contents\/koln_gezilecek_yerler\/koln_gezilecek_yerler.jpg?_i=AA 672w, https:\/\/res.cloudinary.com\/turna\/images\/w_640,h_400,c_scale\/f_auto,q_auto:low\/v1727700703\/wordpress-contents\/koln_gezilecek_yerler\/koln_gezilecek_yerler.jpg?_i=AA 640w, https:\/\/res.cloudinary.com\/turna\/images\/w_681,h_426,c_scale\/f_auto,q_auto:low\/v1727700703\/wordpress-contents\/koln_gezilecek_yerler\/koln_gezilecek_yerler.jpg?_i=AA 681w\" data-sizes=\"(max-width: 1600px) 100vw, 1600px\" data-delivery=\"upload\" onload=\";window.CLDBind?CLDBind(this):null;\" data-cloudinary=\"lazy\" \/><\/figure>\n\n\n\n<p class=\"has-text-align-left\"><strong>K\u00f6ln<\/strong>, <strong>Almanya<\/strong>\u2019n\u0131n Ren Nehri k\u0131y\u0131s\u0131nda, sanat\u0131, k\u00fclt\u00fcr\u00fc, karnavallar\u0131 ile kendine \u00f6zg\u00fc tarihi bir katedral \u015fehri. Sembol\u00fc K\u00f6ln Katedrali olan K\u00f6ln\u2019\u00fcn \u015fehir ya\u015fam\u0131ndaki hareket bir an bile eksilmiyor. Ren Nehri \u00fczerinde bulunan <strong>K\u00f6ln<\/strong> \u015fehri, Milattan \u00d6nce 30&#8217;lu y\u0131llara dayanan tarihi ile Almanya&#8217;n\u0131n en k\u00f6kl\u00fc ve etkileyici yerle\u015fim yerlerinden biri olarak an\u0131l\u0131yor. \u015eehir, birbirinden e\u015fsiz m\u00fczeleri, tarihi yap\u0131lar\u0131, renkli gece hayat\u0131, k\u00fclt\u00fcrel&nbsp;dokusu ve muhte\u015fem manzaralar\u0131yla Almanya&#8217;ya&nbsp;gelen konuklar\u0131 b\u00fcy\u00fclemeye devam ediyor.<\/p>\n\n\n\n<p class=\"has-text-align-left\">\u00dcnl\u00fc <strong>K\u00f6ln Katedrali<\/strong>, g\u00f6ky\u00fcz\u00fcne uzanan ihti\u015faml\u0131 mimarisiyle \u015fehre damgas\u0131n\u0131 vururken, \u015fehrin d\u00f6rt bir yan\u0131na yay\u0131lm\u0131\u015f m\u00fczeler, sizi K\u00f6ln\u2019\u00fcn tarihine ve sanat d\u00fcnyas\u0131na do\u011fru b\u00fcy\u00fcl\u00fc bir yolculu\u011fa \u00e7\u0131kar\u0131yor. Ama K\u00f6ln yaln\u0131zca tarihi yap\u0131lar\u0131yla de\u011fil, nehir kenar\u0131ndaki g\u00fcnl\u00fck ya\u015fam\u0131n enerjisiyle de b\u00fcy\u00fcl\u00fcyor. Ren Nehri boyunca bisiklet s\u00fcrenler, parklarda g\u00fcne\u015flenenler ve \u015fehrin me\u015fhur kafelerinde kahve keyfi yapanlarla dolu bir atmosferde buluyorsunuz kendinizi. Tabii, \u015fehrin d\u00fcnyaca \u00fcnl\u00fc festivalleri de cabas\u0131! Renkli karnavallar ve sanat etkinlikleri sayesinde her mevsim ke\u015ffetmeye de\u011fer. <strong>K\u00f6ln gezilecek yerler<\/strong> listesinin ba\u015f\u0131nda gelen bu e\u015fsiz deneyimlerle dolu \u015fehir, her k\u00f6\u015fesinde ayr\u0131 bir deneyim sunuyor.<\/p>\n\n\n\n<p class=\"has-text-align-left\"><strong>K\u00f6ln Gezilecek Yerler Listesi<\/strong><\/p>\n\n\n\n<ol class=\"wp-block-list\">\n<li>K\u00f6ln Katedrali<\/li>\n\n\n\n<li>Ludwig M\u00fczesi<\/li>\n\n\n\n<li>Eski Pazar Meydan\u0131<\/li>\n\n\n\n<li>\u00c7ikolata M\u00fczesi<\/li>\n\n\n\n<li>Roma Germen M\u00fczesi<\/li>\n\n\n\n<li>St. Gereon Kilisesi<\/li>\n\n\n\n<li>Farina Parf\u00fcm M\u00fczesi<\/li>\n\n\n\n<li>B\u00fcy\u00fck St. Martin Kilisesi<\/li>\n\n\n\n<li>Flora ve Botanik Bah\u00e7esi<\/li>\n\n\n\n<li>R\u00f6misch-Germanisches M\u00fczesi<\/li>\n\n\n\n<li>Belgisches Viertel (Bel\u00e7ika Mahallesi)<\/li>\n\n\n\n<li>Teleferik<\/li>\n\n\n\n<li>Sualt\u0131 T\u00fcneli<\/li>\n\n\n\n<li>Hohenzollern K\u00f6pr\u00fcs\u00fc<\/li>\n\n\n\n<li>K\u00f6ln Hayvanat Bah\u00e7esi<\/li>\n\n\n\n<li>K\u00f6ln Merkez Camii<\/li>\n<\/ol>\n\n\n\n<h3 class=\"wp-block-heading has-text-align-center has-neeon-button-dark-gray-color has-text-color has-link-color wp-elements-f0586cefda7f07b0edd311703ed9012c\"><span class=\"ez-toc-section\" id=\"koln_katedrali\"><\/span><strong>K\u00f6ln Katedrali<\/strong><span class=\"ez-toc-section-end\"><\/span><\/h3>\n\n\n\n<figure class=\"wp-block-image size-large\"><img decoding=\"async\" src=\"https:\/\/res.cloudinary.com\/turna\/image\/upload\/v1727700703\/wordpress-contents\/koln_katedrali.jpg\" alt=\"K\u00f6ln gezilecek yerler K\u00f6ln katedrali\"\/><\/figure>\n\n\n\n<p><strong>K\u00f6ln Katedrali<\/strong> (K\u00f6lner Dom), \u015fehrin en g\u00f6z al\u0131c\u0131 yap\u0131s\u0131 ve sembol\u00fc. Tamamlanmas\u0131 632&nbsp;y\u0131l s\u00fcren, ikiz kuleli gotik bir yap\u0131 olan K\u00f6ln Katedrali\u2019nin hem d\u0131\u015f cephesi hem de i\u00e7 tasar\u0131m\u0131 b\u00fcy\u00fcleyici. G\u00fcn\u00fcm\u00fczde yaln\u0131zca Almanya&#8217;n\u0131n de\u011fil, Avrupa&#8217;n\u0131n da en \u00f6nemli dini yap\u0131lar\u0131ndan biri olarak g\u00f6sterilen K\u00f6ln Katedrali&#8217;nin yap\u0131m\u0131&nbsp;1880 y\u0131l\u0131nda tamamland\u0131.<\/p>\n\n\n\n<p>UNESCO\u2019nun D\u00fcnya K\u00fclt\u00fcr Miras\u0131 Listesinde bulunan yap\u0131, kent merkezindeki Merkez Gar\u2019\u0131n hemen yan\u0131nda yer al\u0131yor. Y\u0131lda yakla\u015f\u0131k 6 milyon ki\u015fi taraf\u0131ndan ziyaret edilen katedral, g\u00f6rkemli mimarisi ve sanat eserlerinin yan\u0131 s\u0131ra 500 basamak t\u0131rmanmay\u0131 g\u00f6ze alanlar\u0131 bekleyen muhte\u015fem manzaras\u0131yla da biliniyor.<\/p>\n\n\n\n<p>Y\u0131l i\u00e7erisinde konserlere ve g\u00f6sterilere ev sahipli\u011fi yapan katedral Almanya\u2019n\u0131n en b\u00fcy\u00fck ikinci, d\u00fcnyan\u0131n da \u00fc\u00e7\u00fcnc\u00fc b\u00fcy\u00fck kilisesi. Dilerseniz 500 basamakl\u0131 merdivenleri t\u0131rman\u0131p tepedeki muazzam \u015fehir manzaras\u0131n\u0131n tad\u0131n\u0131 \u00e7\u0131karabilirsiniz.<\/p>\n\n\n\n<h3 class=\"wp-block-heading has-text-align-center has-neeon-button-dark-gray-color has-text-color has-link-color wp-elements-cd7f52326b1d25ea71f8e3372e509650\"><span class=\"ez-toc-section\" id=\"ludwig_muzesi\"><\/span><strong>Ludwig M\u00fczesi<\/strong><span class=\"ez-toc-section-end\"><\/span><\/h3>\n\n\n\n<p><img width=\"800\" height=\"500\" data-public-id=\"Ludwig-Muzesi-Koln_y78txg\/Ludwig-Muzesi-Koln_y78txg.jpg\" fetchpriority=\"high\" decoding=\"async\" class=\"alignnone wp-post-4804 wp-image-4855\" src=\"https:\/\/res.cloudinary.com\/turna\/images\/w_800,h_500,c_scale\/f_auto,q_auto:low\/v1476795847\/Ludwig-Muzesi-Koln_y78txg\/Ludwig-Muzesi-Koln_y78txg.jpg?_i=AA\" data-format=\"jpg\" data-transformations=\"f_auto,q_auto:low\" data-version=\"1476795847\" data-seo=\"1\" srcset=\"https:\/\/res.cloudinary.com\/turna\/images\/w_300,h_188,c_scale\/f_auto,q_auto:low\/v1476795847\/Ludwig-Muzesi-Koln_y78txg\/Ludwig-Muzesi-Koln_y78txg.jpg?_i=AA 300w, https:\/\/res.cloudinary.com\/turna\/images\/w_672,h_420,c_scale\/f_auto,q_auto:low\/v1476795847\/Ludwig-Muzesi-Koln_y78txg\/Ludwig-Muzesi-Koln_y78txg.jpg?_i=AA 672w, https:\/\/res.cloudinary.com\/turna\/images\/w_640,h_400,c_scale\/f_auto,q_auto:low\/v1476795847\/Ludwig-Muzesi-Koln_y78txg\/Ludwig-Muzesi-Koln_y78txg.jpg?_i=AA 640w, https:\/\/res.cloudinary.com\/turna\/images\/w_681,h_426,c_scale\/f_auto,q_auto:low\/v1476795847\/Ludwig-Muzesi-Koln_y78txg\/Ludwig-Muzesi-Koln_y78txg.jpg?_i=AA 681w, https:\/\/res.cloudinary.com\/turna\/images\/f_auto,q_auto:low\/v1476795847\/Ludwig-Muzesi-Koln_y78txg\/Ludwig-Muzesi-Koln_y78txg.jpg?_i=AA 800w\" sizes=\"(max-width: 800px) 100vw, 800px\" \/><\/p>\n\n\n\n<p>1976 y\u0131l\u0131nda ac\u0327\u0131lan ve Almanya\u2019n\u0131n \u00f6nde gelen koleksiyonlar\u0131ndan baz\u0131lar\u0131na ev sahipli\u011fi yapan&nbsp;<strong>Ludwig M\u00fczesi<\/strong>,&nbsp;modern ve \u00e7a\u011fda\u015f eserlerin sergilendi\u011fi b\u00fcy\u00fcleyici bir yer. \u015eehre gelenlerin u\u011frak adresi olan m\u00fcze, i\u00e7erisinde sergilenen \u00e7arp\u0131c\u0131 Pop Art Koleksiyonlar\u0131 ile d\u00fcnya \u00e7ap\u0131nda \u00fcne sahip bir sanat merkezi.<\/p>\n\n\n\n<h3 class=\"wp-block-heading has-text-align-center has-neeon-button-dark-gray-color has-text-color has-link-color wp-elements-77ec5d9e8b7a97f934f5cbe7f7dd64cf\"><span class=\"ez-toc-section\" id=\"eski_pazar_meydani\"><\/span><strong>Eski Pazar Meydan\u0131<\/strong><span class=\"ez-toc-section-end\"><\/span><\/h3>\n\n\n\n<figure class=\"wp-block-image size-large is-style-default\"><img width=\"800\" height=\"500\" data-public-id=\"Eski-Sehir-Bolgesi-Koln\/Eski-Sehir-Bolgesi-Koln.jpg\" decoding=\"async\" src=\"https:\/\/res.cloudinary.com\/turna\/images\/w_800,h_500,c_scale\/f_auto,q_auto:low\/v1624686022\/Eski-Sehir-Bolgesi-Koln\/Eski-Sehir-Bolgesi-Koln.jpg?_i=AA\" alt=\"Eski-Sehir-Bolgesi-Koln\" class=\"wp-post-4804 wp-image-19488\" data-format=\"jpg\" data-transformations=\"f_auto,q_auto:low\" data-version=\"1624686022\" data-seo=\"1\" srcset=\"https:\/\/res.cloudinary.com\/turna\/images\/f_auto,q_auto:low\/v1624686022\/Eski-Sehir-Bolgesi-Koln\/Eski-Sehir-Bolgesi-Koln.jpg?_i=AA 800w, https:\/\/res.cloudinary.com\/turna\/images\/w_300,h_188,c_scale\/f_auto,q_auto:low\/v1624686022\/Eski-Sehir-Bolgesi-Koln\/Eski-Sehir-Bolgesi-Koln.jpg?_i=AA 300w, https:\/\/res.cloudinary.com\/turna\/images\/w_672,h_420,c_scale\/f_auto,q_auto:low\/v1624686022\/Eski-Sehir-Bolgesi-Koln\/Eski-Sehir-Bolgesi-Koln.jpg?_i=AA 672w, https:\/\/res.cloudinary.com\/turna\/images\/w_640,h_400,c_scale\/f_auto,q_auto:low\/v1624686022\/Eski-Sehir-Bolgesi-Koln\/Eski-Sehir-Bolgesi-Koln.jpg?_i=AA 640w, https:\/\/res.cloudinary.com\/turna\/images\/w_681,h_426,c_scale\/f_auto,q_auto:low\/v1624686022\/Eski-Sehir-Bolgesi-Koln\/Eski-Sehir-Bolgesi-Koln.jpg?_i=AA 681w\" sizes=\"(max-width: 800px) 100vw, 800px\" \/><\/figure>\n\n\n\n<p>K\u00f6ln\u2019\u00fcn Eski \u015eehir B\u00f6lgesi (Alter Markt), yan yana biti\u015fik ve dar yap\u0131lardan olu\u015fan K\u00f6ln\u2019\u00fcn tarihi merkezi. Karnavallara ev sahipli\u011fi yapan, Roma d\u00f6neminden itibaren de pazar yeri olarak kullan\u0131lan b\u00f6lge, g\u00fcn\u00fcm\u00fczde kafe, bar ve \u015firin hediyelik e\u015fya d\u00fckkanlar\u0131na ev sahipli\u011fi yap\u0131yor. A\u00e7\u0131k teraslar\u0131 ile \u00fcnl\u00fc bir meydan olan Eski \u015eehir B\u00f6lgesi, kiliseler, m\u00fczeler, \u00e7e\u015fme ve an\u0131tlar da g\u00f6r\u00fcp gezebilece\u011finiz \u015fehrin en i\u015flek meydanlar\u0131ndan.<\/p>\n\n\n\n<h3 class=\"wp-block-heading has-text-align-center has-neeon-button-dark-gray-color has-text-color has-link-color wp-elements-7029d4f4e9bba2694496ff1dc0e89e4e\"><span class=\"ez-toc-section\" id=\"cikolata_muzesi\"><\/span><strong>\u00c7ikolata M\u00fczesi<\/strong><span class=\"ez-toc-section-end\"><\/span><\/h3>\n\n\n\n<figure class=\"wp-block-image size-large is-style-default\"><img width=\"800\" height=\"500\" data-public-id=\"Cikolata-Muzesi-Koln\/Cikolata-Muzesi-Koln.jpg\" decoding=\"async\" src=\"https:\/\/res.cloudinary.com\/turna\/images\/w_800,h_500,c_scale\/f_auto,q_auto:low\/v1624686048\/Cikolata-Muzesi-Koln\/Cikolata-Muzesi-Koln.jpg?_i=AA\" alt=\"Cikolata-Muzesi-Koln\" class=\"wp-post-4804 wp-image-19489\" data-format=\"jpg\" data-transformations=\"f_auto,q_auto:low\" data-version=\"1624686048\" data-seo=\"1\" srcset=\"https:\/\/res.cloudinary.com\/turna\/images\/f_auto,q_auto:low\/v1624686048\/Cikolata-Muzesi-Koln\/Cikolata-Muzesi-Koln.jpg?_i=AA 800w, https:\/\/res.cloudinary.com\/turna\/images\/w_300,h_188,c_scale\/f_auto,q_auto:low\/v1624686048\/Cikolata-Muzesi-Koln\/Cikolata-Muzesi-Koln.jpg?_i=AA 300w, https:\/\/res.cloudinary.com\/turna\/images\/w_672,h_420,c_scale\/f_auto,q_auto:low\/v1624686048\/Cikolata-Muzesi-Koln\/Cikolata-Muzesi-Koln.jpg?_i=AA 672w, https:\/\/res.cloudinary.com\/turna\/images\/w_640,h_400,c_scale\/f_auto,q_auto:low\/v1624686048\/Cikolata-Muzesi-Koln\/Cikolata-Muzesi-Koln.jpg?_i=AA 640w, https:\/\/res.cloudinary.com\/turna\/images\/w_681,h_426,c_scale\/f_auto,q_auto:low\/v1624686048\/Cikolata-Muzesi-Koln\/Cikolata-Muzesi-Koln.jpg?_i=AA 681w\" sizes=\"(max-width: 800px) 100vw, 800px\" \/><\/figure>\n\n\n\n<p>1993\u2019te kurulan ve K\u00f6ln Eski \u015eehir B\u00f6lgesine olduk\u00e7a yak\u0131n konumdaki \u00c7ikolata M\u00fczesi (<a href=\"https:\/\/www.schokoladenmuseum.de\/en\/\" target=\"_blank\" rel=\"noopener noreferrer\">Imhoff &#8211; Schokoladenmuseum<\/a>), nehir k\u0131y\u0131s\u0131ndaki e\u015fsiz manzaras\u0131yla olduk\u00e7a dikkat \u00e7ekici. Kakao \u00e7ekirde\u011finden ba\u015flayarak \u00e7ikolatan\u0131n yap\u0131m\u0131na ve tarih\u00e7esine ait bilgileri uygulamal\u0131 olarak g\u00f6rebilece\u011finiz m\u00fczenin i\u00e7erisinde hediyelik \u00fcr\u00fcnler alabilece\u011finiz bir d\u00fckk\u00e2n ve kafe de bulunuyor.<\/p>\n\n\n\n<p>\u00c7ikolata M\u00fczesi\u2019nde \u00e7ikolatan\u0131n tarihi hakk\u0131nda bilgilenebilir, \u00e7ikolata \u00e7e\u015fmeleri ile hem g\u00f6rsel hem de tatl\u0131 bir \u015f\u00f6len ya\u015fayabilirsiniz.<\/p>\n\n\n\n<h3 class=\"wp-block-heading has-text-align-center has-neeon-button-dark-gray-color has-text-color has-link-color wp-elements-b631cc777a61319fdce88d6498295ec6\"><span class=\"ez-toc-section\" id=\"roma_germen_muzesi\"><\/span><strong>Roma Germen M\u00fczesi<\/strong><span class=\"ez-toc-section-end\"><\/span><\/h3>\n\n\n\n<figure class=\"wp-block-image size-large is-style-default\"><img width=\"800\" height=\"500\" loading=\"lazy\" decoding=\"async\" src=\"data:image\/svg+xml;base64,PHN2ZyB4bWxucz0iaHR0cDovL3d3dy53My5vcmcvMjAwMC9zdmciIHdpZHRoPSI4MDAiIGhlaWdodD0iNTAwIj48cmVjdCB3aWR0aD0iMTAwJSIgaGVpZ2h0PSIxMDAlIj48YW5pbWF0ZSBhdHRyaWJ1dGVOYW1lPSJmaWxsIiB2YWx1ZXM9InJnYmEoMTUzLDE1MywxNTMsMC41KTtyZ2JhKDE1MywxNTMsMTUzLDAuMSk7cmdiYSgxNTMsMTUzLDE1MywwLjUpIiBkdXI9IjJzIiByZXBlYXRDb3VudD0iaW5kZWZpbml0ZSIgLz48L3JlY3Q+PC9zdmc+\" alt=\"Roma-Germen-Muzesi-Koln\" class=\"wp-post-4804 wp-image-19490\" data-public-id=\"Roma-Germen-Muzesi-Koln\/Roma-Germen-Muzesi-Koln.jpg\" data-format=\"jpg\" data-transformations=\"f_auto,q_auto:low\" data-version=\"1624686073\" data-seo=\"1\" data-size=\"800 500\" data-srcset=\"https:\/\/res.cloudinary.com\/turna\/images\/f_auto,q_auto:low\/v1624686073\/Roma-Germen-Muzesi-Koln\/Roma-Germen-Muzesi-Koln.jpg?_i=AA 800w, https:\/\/res.cloudinary.com\/turna\/images\/w_300,h_188,c_scale\/f_auto,q_auto:low\/v1624686073\/Roma-Germen-Muzesi-Koln\/Roma-Germen-Muzesi-Koln.jpg?_i=AA 300w, https:\/\/res.cloudinary.com\/turna\/images\/w_672,h_420,c_scale\/f_auto,q_auto:low\/v1624686073\/Roma-Germen-Muzesi-Koln\/Roma-Germen-Muzesi-Koln.jpg?_i=AA 672w, https:\/\/res.cloudinary.com\/turna\/images\/w_640,h_400,c_scale\/f_auto,q_auto:low\/v1624686073\/Roma-Germen-Muzesi-Koln\/Roma-Germen-Muzesi-Koln.jpg?_i=AA 640w, https:\/\/res.cloudinary.com\/turna\/images\/w_681,h_426,c_scale\/f_auto,q_auto:low\/v1624686073\/Roma-Germen-Muzesi-Koln\/Roma-Germen-Muzesi-Koln.jpg?_i=AA 681w\" data-sizes=\"(max-width: 800px) 100vw, 800px\" data-delivery=\"upload\" onload=\";window.CLDBind?CLDBind(this):null;\" data-cloudinary=\"lazy\" \/><\/figure>\n\n\n\n<p>K\u00f6ln Katedrali\u2019ne birka\u00e7 dakika uzakl\u0131kta bulunan Roma Germen M\u00fczesi (R\u00f6misch-Germanisches Museum), Paleolitik d\u00f6nemden erken Orta \u00c7a\u011f\u2019a kadar uzanan geni\u015f bir yelpazede zengin bir arkeolojik mirasa ev sahipli\u011fi yap\u0131yor.<\/p>\n\n\n\n<p>Roma d\u00f6nemine ait cam ve seramikler, heykeller ve Germen d\u00f6nemine ait m\u00fccevherlerin sergilendi\u011fi m\u00fczede, K\u00f6ln Ba\u015fpiskoposlu\u011funa ait eserler ve antikalar da bulunuyor.<\/p>\n\n\n\n<h3 class=\"wp-block-heading has-text-align-center has-neeon-button-dark-gray-color has-text-color has-link-color wp-elements-87fc8483ca48bc825a3d42cfb4044486\"><span class=\"ez-toc-section\" id=\"st_gereon_kilisesi\"><\/span><strong>St. Gereon Kilisesi<\/strong><span class=\"ez-toc-section-end\"><\/span><\/h3>\n\n\n\n<figure class=\"wp-block-image size-large is-style-default\"><img width=\"800\" height=\"500\" loading=\"lazy\" decoding=\"async\" src=\"data:image\/svg+xml;base64,PHN2ZyB4bWxucz0iaHR0cDovL3d3dy53My5vcmcvMjAwMC9zdmciIHdpZHRoPSI4MDAiIGhlaWdodD0iNTAwIj48cmVjdCB3aWR0aD0iMTAwJSIgaGVpZ2h0PSIxMDAlIj48YW5pbWF0ZSBhdHRyaWJ1dGVOYW1lPSJmaWxsIiB2YWx1ZXM9InJnYmEoMTUzLDE1MywxNTMsMC41KTtyZ2JhKDE1MywxNTMsMTUzLDAuMSk7cmdiYSgxNTMsMTUzLDE1MywwLjUpIiBkdXI9IjJzIiByZXBlYXRDb3VudD0iaW5kZWZpbml0ZSIgLz48L3JlY3Q+PC9zdmc+\" alt=\"St.Gereon-Kilisesi\" class=\"wp-post-4804 wp-image-19491\" data-public-id=\"St.-Gereon-Kilisesi\/St.-Gereon-Kilisesi.jpg\" data-format=\"jpg\" data-transformations=\"f_auto,q_auto:low\" data-version=\"1624686098\" data-seo=\"1\" data-size=\"800 500\" data-srcset=\"https:\/\/res.cloudinary.com\/turna\/images\/f_auto,q_auto:low\/v1624686098\/St.-Gereon-Kilisesi\/St.-Gereon-Kilisesi.jpg?_i=AA 800w, https:\/\/res.cloudinary.com\/turna\/images\/w_300,h_188,c_scale\/f_auto,q_auto:low\/v1624686098\/St.-Gereon-Kilisesi\/St.-Gereon-Kilisesi.jpg?_i=AA 300w, https:\/\/res.cloudinary.com\/turna\/images\/w_672,h_420,c_scale\/f_auto,q_auto:low\/v1624686098\/St.-Gereon-Kilisesi\/St.-Gereon-Kilisesi.jpg?_i=AA 672w, https:\/\/res.cloudinary.com\/turna\/images\/w_640,h_400,c_scale\/f_auto,q_auto:low\/v1624686098\/St.-Gereon-Kilisesi\/St.-Gereon-Kilisesi.jpg?_i=AA 640w, https:\/\/res.cloudinary.com\/turna\/images\/w_681,h_426,c_scale\/f_auto,q_auto:low\/v1624686098\/St.-Gereon-Kilisesi\/St.-Gereon-Kilisesi.jpg?_i=AA 681w\" data-sizes=\"(max-width: 800px) 100vw, 800px\" data-delivery=\"upload\" onload=\";window.CLDBind?CLDBind(this):null;\" data-cloudinary=\"lazy\" \/><\/figure>\n\n\n\n<p>K\u00f6ln Katedrali\u2019nden sonra \u015fehrin k\u00fclt\u00fcrel miraslar\u0131ndan en \u00f6nemlileri aras\u0131nda yer alan 12 Roman Kilisesi, \u00f6zel rehberli turlarla da gezilebiliyor. Kentin en s\u0131ra d\u0131\u015f\u0131 romanesk yap\u0131s\u0131 olan St. Gereon Kilisesi, 7. y\u00fczy\u0131ldan kalma eski bir kilisenin \u00fczerine in\u015fa edilmi\u015f bir yap\u0131. 10 cepheli bina \u00fczerinde oturtulan kubbeden olu\u015fan kilisede \u00e7ok say\u0131da Orta \u00c7a\u011f duvar resimleri, mozaikler ve antik emanetler bulunuyor.<\/p>\n\n\n\n<p>Hristiyanl\u0131k d\u00fcnyas\u0131n\u0131n kutsal \u015fehirlerinden biri olan K\u00f6ln\u2019de, St. Andreas, St.Aposteln, St. Cecilia, St.George, Grob St.artin, St.Kunibert, St.Maria im Kapitol, St.Maria Lyskirchen, St. Panteleon, St. Severin ve St. Ursula\u2019y\u0131 da ziyaret edebilirsiniz.<\/p>\n\n\n\n<h3 class=\"wp-block-heading has-text-align-center has-neeon-button-dark-gray-color has-text-color has-link-color wp-elements-9a0ac6186a042a014707e227aaf791ea\"><span class=\"ez-toc-section\" id=\"farina_parfum_muzesi\"><\/span><strong>Farina Parf\u00fcm M\u00fczesi<\/strong><span class=\"ez-toc-section-end\"><\/span><\/h3>\n\n\n\n<figure class=\"wp-block-image size-large\"><img decoding=\"async\" src=\"https:\/\/res.cloudinary.com\/turna\/image\/upload\/v1727700703\/wordpress-contents\/koln_farina_parfum_muzesi.jpg\" alt=\"K\u00f6ln gezilecek yerler Farina parf\u00fcm m\u00fczesi\"\/><\/figure>\n\n\n\n<p class=\"has-text-align-left\">K\u00f6ln\u2019\u00fcn d\u00fcnyaya arma\u011fan etti\u011fi en g\u00fczel kokulardan biri: Eau de Cologne! \u0130\u015fte bu \u00fcnl\u00fc kokunun do\u011fdu\u011fu yer olan <strong>Farina Parf\u00fcm M\u00fczesi<\/strong>, parf\u00fcm merakl\u0131lar\u0131 i\u00e7in adeta bir cennet. 1709 y\u0131l\u0131nda Johann Maria Farina taraf\u0131ndan yarat\u0131lan ve d\u00fcnyan\u0131n ilk tuvalet suyu olan bu efsanevi parf\u00fcm, hala ayn\u0131 form\u00fclle \u00fcretiliyor! M\u00fcze turunda hem Farina ailesinin b\u00fcy\u00fcleyici tarihine dalacak hem de parf\u00fcm yap\u0131m\u0131n\u0131n ince s\u0131rlar\u0131n\u0131 ke\u015ffedeceksiniz. Orijinal \u015fi\u015feler, tarihi belgeler ve nostaljik parf\u00fcm \u015fi\u015feleriyle dolu bu m\u00fcze, koku duyunuzu harekete ge\u00e7irip sizi zaman yolculu\u011funa \u00e7\u0131karacak. <strong>K\u00f6ln gezilecek yerler<\/strong> listenizin mutlaka \u00fcst s\u0131ralar\u0131nda olmal\u0131!<\/p>\n\n\n\n<h3 class=\"wp-block-heading has-text-align-center has-neeon-button-dark-gray-color has-text-color has-link-color wp-elements-38e446b06ccd7200ec61909284312dd1\"><span class=\"ez-toc-section\" id=\"buyuk_st_martin_kilisesi\"><\/span><strong>B\u00fcy\u00fck St. Martin Kilisesi<\/strong><span class=\"ez-toc-section-end\"><\/span><\/h3>\n\n\n\n<figure class=\"wp-block-image size-large\"><img decoding=\"async\" src=\"https:\/\/res.cloudinary.com\/turna\/image\/upload\/v1727700703\/wordpress-contents\/Buyuk_St._Martin_Kilisesi.jpg\" alt=\"K\u00f6ln gezilecek yerler b\u00fcy\u00fck st martin kilisesi\"\/><\/figure>\n\n\n\n<p>K\u00f6ln&#8217;\u00fcn siluetine h\u00fckmeden bir ba\u015fka mimari \u015faheser: <strong>B\u00fcy\u00fck St. Martin Kilisesi<\/strong>! Ren Nehri k\u0131y\u0131s\u0131nda y\u00fckselen bu g\u00f6rkemli yap\u0131, Romanesk tarz\u0131yla g\u00f6renleri b\u00fcy\u00fcl\u00fcyor. 12. y\u00fczy\u0131lda in\u015fa edilen kilise, zarif kuleleri ve devasa yap\u0131s\u0131yla K\u00f6ln&#8217;\u00fcn ruhunu en iyi yans\u0131tan tarihi noktalardan biri.<\/p>\n\n\n\n<p>\u0130kinci D\u00fcnya Sava\u015f\u0131&#8217;nda ciddi zarar g\u00f6rmesine ra\u011fmen, bug\u00fcn hala ihti\u015fam\u0131n\u0131 koruyor. \u0130\u00e7eri girdi\u011finizde sizi saran dingin atmosfer, d\u0131\u015f d\u00fcnyadan kopman\u0131z\u0131 sa\u011fl\u0131yor. \u015eehirdeki en fotojenik yerlerden biri olan bu kilise, tarih ve esteti\u011fin muhte\u015fem bir birle\u015fimi.<\/p>\n\n\n\n<h3 class=\"wp-block-heading has-text-align-center has-neeon-button-dark-gray-color has-text-color has-link-color wp-elements-548ba8bbabbbffbb1922e9ed4d08bcf2\"><span class=\"ez-toc-section\" id=\"flora_ve_botanik_bahcesi\"><\/span><strong>Flora ve Botanik Bah\u00e7esi<\/strong><span class=\"ez-toc-section-end\"><\/span><\/h3>\n\n\n\n<figure class=\"wp-block-image size-large\"><img decoding=\"async\" src=\"https:\/\/res.cloudinary.com\/turna\/image\/upload\/v1727700703\/wordpress-contents\/Flora_ve_Botanik_Bahcesi.jpg\" alt=\"K\u00f6ln gezilecek yerler botanik bah\u00e7esi\"\/><\/figure>\n\n\n\n<p>Do\u011fayla i\u00e7 i\u00e7e huzurlu bir mola m\u0131 ar\u0131yorsunuz? O zaman <strong>Flora ve Botanik Bah\u00e7esi<\/strong> tam size g\u00f6re! 1864 y\u0131l\u0131nda kurulan bu b\u00fcy\u00fcleyici bah\u00e7e, K\u00f6ln\u2019\u00fcn ye\u015fil kalbi olarak biliniyor. 10 binden fazla bitki t\u00fcr\u00fcne ev sahipli\u011fi yapan bah\u00e7ede, rengarenk \u00e7i\u00e7ekler aras\u0131nda y\u00fcr\u00fcy\u00fc\u015f yapabilir, devasa seralarda tropikal bitkilerin b\u00fcy\u00fcs\u00fcne kap\u0131labilirsiniz. Her mevsim ayr\u0131 bir g\u00fczellik sunan bu botanik cennet, \u015fehirdeki g\u00fcr\u00fclt\u00fcden uzakla\u015f\u0131p do\u011fayla ba\u015f ba\u015fa kalmak isteyenler i\u00e7in ideal bir ka\u00e7\u0131\u015f noktas\u0131. \u00d6zellikle yaz aylar\u0131nda d\u00fczenlenen a\u00e7\u0131k hava etkinlikleri de ayr\u0131 bir keyif!<\/p>\n\n\n\n<h3 class=\"wp-block-heading has-text-align-center has-neeon-button-dark-gray-color has-text-color has-link-color wp-elements-13fce7b5abd8dcf373d66974da53ca27\"><span class=\"ez-toc-section\" id=\"romisch-germanisches_muzesi\"><\/span><strong>R\u00f6misch-Germanisches M\u00fczesi<\/strong><span class=\"ez-toc-section-end\"><\/span><\/h3>\n\n\n\n<figure class=\"wp-block-image size-large\"><img decoding=\"async\" src=\"https:\/\/res.cloudinary.com\/turna\/image\/upload\/v1727700703\/wordpress-contents\/Romisch-Germanisches_Muzesi.jpg\" alt=\"R\u00f6misch-Germanisches M\u00fczesi\"\/><\/figure>\n\n\n\n<p>Tarihe do\u011fru b\u00fcy\u00fcleyici bir yolculuk yapmak ister misiniz? O zaman <strong>R\u00f6misch-Germanisches M\u00fczesi<\/strong> tam da arad\u0131\u011f\u0131n\u0131z yer. Bu etkileyici m\u00fcze, K\u00f6ln\u2019\u00fcn Roma d\u00f6nemine uzanan k\u00f6kl\u00fc tarihini g\u00f6zler \u00f6n\u00fcne seriyor. \u0130\u00e7eri ad\u0131m att\u0131\u011f\u0131n\u0131z anda sizi 2000 y\u0131ll\u0131k mozaikler, Roma d\u00f6nemine ait g\u00fcnl\u00fck e\u015fyalar ve devasa heykeller kar\u015f\u0131l\u0131yor. \u00d6zellikle \u00fcnl\u00fc Dionysos Mozai\u011fi ve Roma cam eserleri mutlaka g\u00f6r\u00fclmeli! M\u00fcze, \u015fehrin alt\u0131nda yatan kadim ge\u00e7mi\u015fi ke\u015ffetmek isteyenler i\u00e7in tam bir hazine sand\u0131\u011f\u0131. K\u00f6ln\u2019\u00fcn gizemli tarihi sizi burada bekliyor. K\u00f6ln gezilecek yerler aras\u0131nda kesinlikle unutulmayacak bir durak, tarih severlerin ba\u015f\u0131n\u0131 d\u00f6nd\u00fcrecek!<\/p>\n\n\n\n<h3 class=\"wp-block-heading has-text-align-center has-neeon-button-dark-gray-color has-text-color has-link-color wp-elements-a2a7a801c84c7195b2373820a1fd0949\"><span class=\"ez-toc-section\" id=\"belgisches_viertel_belcika_mahallesi\"><\/span><strong>Belgisches Viertel (Bel\u00e7ika Mahallesi)<\/strong><span class=\"ez-toc-section-end\"><\/span><\/h3>\n\n\n\n<figure class=\"wp-block-image size-large\"><img decoding=\"async\" src=\"https:\/\/res.cloudinary.com\/turna\/image\/upload\/v1727700702\/wordpress-contents\/Belgisches_Viertel.jpg\" alt=\"Belgisches Viertel (Bel\u00e7ika Mahallesi)\"\/><\/figure>\n\n\n\n<p>K\u00f6ln\u2019\u00fcn en haval\u0131 ve bohem noktalar\u0131ndan biri olan <strong>Belgisches Viertel (Bel\u00e7ika Mahallesi)<\/strong>, yarat\u0131c\u0131l\u0131\u011f\u0131n ve enerjinin merkezi! Sanat galerileri, butik ma\u011fazalar ve sokak kafeleriyle dolu bu mahalle, \u015fehrin gen\u00e7 ve dinamik ruhunu en iyi yans\u0131tan yerlerden biri. Darac\u0131k sokaklar\u0131nda gezerken, rengarenk duvar resimleri ve s\u0131rad\u0131\u015f\u0131 d\u00fckkanlarla kar\u015f\u0131la\u015f\u0131p kendinizi adeta bir sanat galerisinde hissedeceksiniz. Ak\u015famlar\u0131 ise mahalle, canl\u0131 barlar\u0131 ve m\u00fczik dolu mekanlar\u0131yla bamba\u015fka bir atmosfere b\u00fcr\u00fcn\u00fcyor. Hem al\u0131\u015fveri\u015f hem de keyifli bir kahve molas\u0131 i\u00e7in ideal.<\/p>\n\n\n\n<h3 class=\"wp-block-heading has-text-align-center has-neeon-button-dark-gray-color has-text-color has-link-color wp-elements-a10e2db0ba4a9d087e7da68720096ce8\"><span class=\"ez-toc-section\" id=\"teleferik\"><\/span><strong> Teleferik<\/strong><span class=\"ez-toc-section-end\"><\/span><\/h3>\n\n\n\n<p><img width=\"800\" height=\"500\" data-public-id=\"Cologne-Cable-Car_ndkwiz\/Cologne-Cable-Car_ndkwiz.jpg\" loading=\"lazy\" decoding=\"async\" class=\"alignnone wp-post-4804 wp-image-4858\" src=\"data:image\/svg+xml;base64,PHN2ZyB4bWxucz0iaHR0cDovL3d3dy53My5vcmcvMjAwMC9zdmciIHdpZHRoPSI4MDAiIGhlaWdodD0iNTAwIj48cmVjdCB3aWR0aD0iMTAwJSIgaGVpZ2h0PSIxMDAlIj48YW5pbWF0ZSBhdHRyaWJ1dGVOYW1lPSJmaWxsIiB2YWx1ZXM9InJnYmEoMTUzLDE1MywxNTMsMC41KTtyZ2JhKDE1MywxNTMsMTUzLDAuMSk7cmdiYSgxNTMsMTUzLDE1MywwLjUpIiBkdXI9IjJzIiByZXBlYXRDb3VudD0iaW5kZWZpbml0ZSIgLz48L3JlY3Q+PC9zdmc+\" data-format=\"jpg\" data-transformations=\"f_auto,q_auto:low\" data-version=\"1476795893\" data-seo=\"1\" data-size=\"800 500\" data-srcset=\"https:\/\/res.cloudinary.com\/turna\/images\/f_auto,q_auto:low\/v1476795893\/Cologne-Cable-Car_ndkwiz\/Cologne-Cable-Car_ndkwiz.jpg?_i=AA 800w, https:\/\/res.cloudinary.com\/turna\/images\/w_300,h_188,c_scale\/f_auto,q_auto:low\/v1476795893\/Cologne-Cable-Car_ndkwiz\/Cologne-Cable-Car_ndkwiz.jpg?_i=AA 300w, https:\/\/res.cloudinary.com\/turna\/images\/w_672,h_420,c_scale\/f_auto,q_auto:low\/v1476795893\/Cologne-Cable-Car_ndkwiz\/Cologne-Cable-Car_ndkwiz.jpg?_i=AA 672w, https:\/\/res.cloudinary.com\/turna\/images\/w_640,h_400,c_scale\/f_auto,q_auto:low\/v1476795893\/Cologne-Cable-Car_ndkwiz\/Cologne-Cable-Car_ndkwiz.jpg?_i=AA 640w, https:\/\/res.cloudinary.com\/turna\/images\/w_681,h_426,c_scale\/f_auto,q_auto:low\/v1476795893\/Cologne-Cable-Car_ndkwiz\/Cologne-Cable-Car_ndkwiz.jpg?_i=AA 681w\" data-sizes=\"(max-width: 800px) 100vw, 800px\" data-delivery=\"upload\" onload=\";window.CLDBind?CLDBind(this):null;\" data-cloudinary=\"lazy\" \/><\/p>\n\n\n\n<p>K\u00f6ln\u2019de 50 y\u0131ld\u0131r, 935 m y\u00fckseklikte faaliyet g\u00f6steren ve K\u00f6ln Katedrali manzaras\u0131yla b\u00fcy\u00fcleyici Hava Tramvay\u0131na binerek kenti ku\u015fbak\u0131\u015f\u0131 izleyebilirsiniz. Ayn\u0131 zamanda Ren Nehri\u2019nin muhte\u015fem manzaras\u0131n\u0131 da g\u00f6rebilece\u011finiz tramvay, nisan ve ekim aylar\u0131 aras\u0131nda 1957\u2019den bu yana hizmet veriyor.<\/p>\n\n\n\n<p>Y\u0131lda ortalama&nbsp;15 milyon yolcu ta\u015f\u0131yan<strong> teleferik,<\/strong>&nbsp;g\u00f6renleri kendine hayran b\u0131rakan bir \u015fehir manzaras\u0131na sahip. Avrupa\u2019n\u0131n nehir \u00fczerinden ge\u00e7en&nbsp;ilk teleferi\u011fi olan tesis i\u00e7erisinde, romantizmi ve heyecan\u0131 bir arada ya\u015famak isteyenler i\u00e7in&nbsp;bir restoran da mevcut. Bu restoran,&nbsp;yakla\u015f\u0131k 243 metre y\u00fcksekli\u011finde bir kule i\u00e7erisinde yer al\u0131yor.<\/p>\n\n\n\n<h3 class=\"wp-block-heading has-text-align-center has-neeon-button-dark-gray-color has-text-color has-link-color wp-elements-70284bcc6eb7ddccfcc95090c63c1073\"><span class=\"ez-toc-section\" id=\"sualti_tuneli\"><\/span><strong>Sualt\u0131 T\u00fcneli<\/strong><span class=\"ez-toc-section-end\"><\/span><\/h3>\n\n\n\n<figure class=\"wp-block-image size-large is-style-default\"><img width=\"800\" height=\"500\" loading=\"lazy\" decoding=\"async\" src=\"data:image\/svg+xml;base64,PHN2ZyB4bWxucz0iaHR0cDovL3d3dy53My5vcmcvMjAwMC9zdmciIHdpZHRoPSI4MDAiIGhlaWdodD0iNTAwIj48cmVjdCB3aWR0aD0iMTAwJSIgaGVpZ2h0PSIxMDAlIj48YW5pbWF0ZSBhdHRyaWJ1dGVOYW1lPSJmaWxsIiB2YWx1ZXM9InJnYmEoMTUzLDE1MywxNTMsMC41KTtyZ2JhKDE1MywxNTMsMTUzLDAuMSk7cmdiYSgxNTMsMTUzLDE1MywwLjUpIiBkdXI9IjJzIiByZXBlYXRDb3VudD0iaW5kZWZpbml0ZSIgLz48L3JlY3Q+PC9zdmc+\" alt=\"Sualti-Tuneli-Koln\" class=\"wp-post-4804 wp-image-19512\" data-public-id=\"Sualti-Tuneli-Koln\/Sualti-Tuneli-Koln.jpg\" data-format=\"jpg\" data-transformations=\"f_auto,q_auto:low\" data-version=\"1624775322\" data-seo=\"1\" data-size=\"800 500\" data-srcset=\"https:\/\/res.cloudinary.com\/turna\/images\/f_auto,q_auto:low\/v1624775322\/Sualti-Tuneli-Koln\/Sualti-Tuneli-Koln.jpg?_i=AA 800w, https:\/\/res.cloudinary.com\/turna\/images\/w_300,h_188,c_scale\/f_auto,q_auto:low\/v1624775322\/Sualti-Tuneli-Koln\/Sualti-Tuneli-Koln.jpg?_i=AA 300w, https:\/\/res.cloudinary.com\/turna\/images\/w_672,h_420,c_scale\/f_auto,q_auto:low\/v1624775322\/Sualti-Tuneli-Koln\/Sualti-Tuneli-Koln.jpg?_i=AA 672w, https:\/\/res.cloudinary.com\/turna\/images\/w_640,h_400,c_scale\/f_auto,q_auto:low\/v1624775322\/Sualti-Tuneli-Koln\/Sualti-Tuneli-Koln.jpg?_i=AA 640w, https:\/\/res.cloudinary.com\/turna\/images\/w_681,h_426,c_scale\/f_auto,q_auto:low\/v1624775322\/Sualti-Tuneli-Koln\/Sualti-Tuneli-Koln.jpg?_i=AA 681w\" data-sizes=\"(max-width: 800px) 100vw, 800px\" data-delivery=\"upload\" onload=\";window.CLDBind?CLDBind(this):null;\" data-cloudinary=\"lazy\" \/><\/figure>\n\n\n\n<p>Ren Nehri\u2019nden ba\u015flay\u0131p, Kuzey Denizi yerle\u015fim alanlar\u0131 ve Atlantik Okyanusu\u2019na dek devam eden&nbsp;K\u00f6ln Sualt\u0131 T\u00fcneli\u2019ni (Sea Life K\u00f6nigswinter) ziyaret ederseniz k\u00f6pek bal\u0131klar\u0131 ve say\u0131s\u0131z deniz canl\u0131s\u0131yla kar\u015f\u0131la\u015fma \u015fans\u0131n\u0131z var. Zoobr\u00fcck b\u00f6lgesinde yer alan Sualt\u0131 T\u00fcneli\u2019ni mutlaka gezilecek yerler listenize ekleyin.<\/p>\n\n\n\n<h3 class=\"wp-block-heading has-text-align-center has-neeon-button-dark-gray-color has-text-color has-link-color wp-elements-51a43ce459141b376f0d977eada171bc\"><span class=\"ez-toc-section\" id=\"hohenzollern_koprusu\"><\/span><strong>Hohenzollern K\u00f6pr\u00fcs\u00fc<\/strong><span class=\"ez-toc-section-end\"><\/span><\/h3>\n\n\n\n<figure class=\"wp-block-image size-large is-style-default\"><img width=\"800\" height=\"500\" loading=\"lazy\" decoding=\"async\" src=\"data:image\/svg+xml;base64,PHN2ZyB4bWxucz0iaHR0cDovL3d3dy53My5vcmcvMjAwMC9zdmciIHdpZHRoPSI4MDAiIGhlaWdodD0iNTAwIj48cmVjdCB3aWR0aD0iMTAwJSIgaGVpZ2h0PSIxMDAlIj48YW5pbWF0ZSBhdHRyaWJ1dGVOYW1lPSJmaWxsIiB2YWx1ZXM9InJnYmEoMTUzLDE1MywxNTMsMC41KTtyZ2JhKDE1MywxNTMsMTUzLDAuMSk7cmdiYSgxNTMsMTUzLDE1MywwLjUpIiBkdXI9IjJzIiByZXBlYXRDb3VudD0iaW5kZWZpbml0ZSIgLz48L3JlY3Q+PC9zdmc+\" alt=\"Hohenzollern-Koprusu-Koln\" class=\"wp-post-4804 wp-image-19493\" data-public-id=\"Hohenzollern-Koprusu-Koln\/Hohenzollern-Koprusu-Koln.jpg\" data-format=\"jpg\" data-transformations=\"f_auto,q_auto:low\" data-version=\"1624686308\" data-seo=\"1\" data-size=\"800 500\" data-srcset=\"https:\/\/res.cloudinary.com\/turna\/images\/f_auto,q_auto:low\/v1624686308\/Hohenzollern-Koprusu-Koln\/Hohenzollern-Koprusu-Koln.jpg?_i=AA 800w, https:\/\/res.cloudinary.com\/turna\/images\/w_300,h_188,c_scale\/f_auto,q_auto:low\/v1624686308\/Hohenzollern-Koprusu-Koln\/Hohenzollern-Koprusu-Koln.jpg?_i=AA 300w, https:\/\/res.cloudinary.com\/turna\/images\/w_672,h_420,c_scale\/f_auto,q_auto:low\/v1624686308\/Hohenzollern-Koprusu-Koln\/Hohenzollern-Koprusu-Koln.jpg?_i=AA 672w, https:\/\/res.cloudinary.com\/turna\/images\/w_640,h_400,c_scale\/f_auto,q_auto:low\/v1624686308\/Hohenzollern-Koprusu-Koln\/Hohenzollern-Koprusu-Koln.jpg?_i=AA 640w, https:\/\/res.cloudinary.com\/turna\/images\/w_681,h_426,c_scale\/f_auto,q_auto:low\/v1624686308\/Hohenzollern-Koprusu-Koln\/Hohenzollern-Koprusu-Koln.jpg?_i=AA 681w\" data-sizes=\"(max-width: 800px) 100vw, 800px\" data-delivery=\"upload\" onload=\";window.CLDBind?CLDBind(this):null;\" data-cloudinary=\"lazy\" \/><\/figure>\n\n\n\n<p>Ren Nehri \u00fczerindeki yap\u0131 ilk olarak&nbsp;Dom K\u00f6pr\u00fcs\u00fc\u2019n\u00fcn yerine&nbsp;1907-1911&nbsp;y\u0131llar\u0131 aras\u0131nda in\u015fa edilen Hohenzollern K\u00f6pr\u00fcs\u00fc, hem tren yolu hem de ara\u00e7 yolu olarak kullan\u0131l\u0131yor. K\u00f6ln\u2019\u00fcn simgelerinden biri olan k\u00f6pr\u00fc ayn\u0131 zamanda nefis bir manzaraya sahip. <\/p>\n\n\n\n<p>II. D\u00fcnya Sava\u015f\u0131 s\u0131ras\u0131ndaki i\u015fgalinde havaya u\u00e7urulmas\u0131n\u0131n ard\u0131ndan 1945\u2019te yaya yolu olarak yeniden yap\u0131lan k\u00f6pr\u00fcn\u00fcn uzunlu\u011fu 410 m. G\u00fcn\u00fcm\u00fczde Almanya\u2019n\u0131n en yo\u011fun kullan\u0131lan demir yolu k\u00f6pr\u00fcs\u00fc olan Hohenzollern, panoramik manzaras\u0131 ve \u00fczerindeki binlerce kilit ile \u00e7ok ilgi \u00e7ekici bir yap\u0131.<\/p>\n\n\n\n<h3 class=\"wp-block-heading has-text-align-center has-neeon-button-dark-gray-color has-text-color has-link-color wp-elements-f89435dc6ab65ccc7ab43aa1f380d9ea\"><span class=\"ez-toc-section\" id=\"koln_hayvanat_bahcesi\"><\/span><strong>K\u00f6ln Hayvanat Bah\u00e7esi<\/strong><span class=\"ez-toc-section-end\"><\/span><\/h3>\n\n\n\n<h3 class=\"wp-block-heading\"><img width=\"800\" height=\"500\" data-public-id=\"Cologne-Zoo_fdychx\/Cologne-Zoo_fdychx.jpg\" loading=\"lazy\" decoding=\"async\" class=\"alignnone wp-post-4804 wp-image-4856\" src=\"data:image\/svg+xml;base64,PHN2ZyB4bWxucz0iaHR0cDovL3d3dy53My5vcmcvMjAwMC9zdmciIHdpZHRoPSI4MDAiIGhlaWdodD0iNTAwIj48cmVjdCB3aWR0aD0iMTAwJSIgaGVpZ2h0PSIxMDAlIj48YW5pbWF0ZSBhdHRyaWJ1dGVOYW1lPSJmaWxsIiB2YWx1ZXM9InJnYmEoMTUzLDE1MywxNTMsMC41KTtyZ2JhKDE1MywxNTMsMTUzLDAuMSk7cmdiYSgxNTMsMTUzLDE1MywwLjUpIiBkdXI9IjJzIiByZXBlYXRDb3VudD0iaW5kZWZpbml0ZSIgLz48L3JlY3Q+PC9zdmc+\" data-format=\"jpg\" data-transformations=\"f_auto,q_auto:low\" data-version=\"1476795862\" data-seo=\"1\" data-size=\"800 500\" data-srcset=\"https:\/\/res.cloudinary.com\/turna\/images\/w_300,h_188,c_scale\/f_auto,q_auto:low\/v1476795862\/Cologne-Zoo_fdychx\/Cologne-Zoo_fdychx.jpg?_i=AA 300w, https:\/\/res.cloudinary.com\/turna\/images\/w_672,h_420,c_scale\/f_auto,q_auto:low\/v1476795862\/Cologne-Zoo_fdychx\/Cologne-Zoo_fdychx.jpg?_i=AA 672w, https:\/\/res.cloudinary.com\/turna\/images\/w_640,h_400,c_scale\/f_auto,q_auto:low\/v1476795862\/Cologne-Zoo_fdychx\/Cologne-Zoo_fdychx.jpg?_i=AA 640w, https:\/\/res.cloudinary.com\/turna\/images\/w_681,h_426,c_scale\/f_auto,q_auto:low\/v1476795862\/Cologne-Zoo_fdychx\/Cologne-Zoo_fdychx.jpg?_i=AA 681w, https:\/\/res.cloudinary.com\/turna\/images\/f_auto,q_auto:low\/v1476795862\/Cologne-Zoo_fdychx\/Cologne-Zoo_fdychx.jpg?_i=AA 800w\" data-sizes=\"(max-width: 800px) 100vw, 800px\" data-delivery=\"upload\" onload=\";window.CLDBind?CLDBind(this):null;\" data-cloudinary=\"lazy\" \/><\/h3>\n\n\n\n<p>Almanya\u2019n\u0131n en eski 3. hayvanat bah\u00e7esi olan ve 1860\u2019ta kurulan K\u00f6ln Hayvanat Bah\u00e7esi (Koelner Zoo), 500\u2019den fazla hayvan t\u00fcr\u00fcne ve dev bir akvaryuma ev sahipli\u011fi yap\u0131yor. K\u00f6ln Hayvanat Bah\u00e7esi\u2019nde, 2000\u2019de eklenen ya\u011fmur orman\u0131 b\u00f6l\u00fcm\u00fc toplam 20 hektarl\u0131k alan \u00fczerine kurulu.<\/p>\n\n\n\n<p>\u0130\u00e7erisinde oyun, yemek ve dinlenme alanlar\u0131n\u0131n da bulundu\u011fu bu cezbedici yer, Avrupa&#8217;n\u0131n en eski hayvanat bah\u00e7elerinden biri olarak an\u0131l\u0131yor.<\/p>\n\n\n\n<h3 class=\"wp-block-heading has-text-align-center has-neeon-button-dark-gray-color has-text-color has-link-color wp-elements-48684d5ff450c3b9c740e29cbfc86973\"><span class=\"ez-toc-section\" id=\"koln_merkez_camii\"><\/span><strong>K\u00f6ln Merkez Camii<\/strong><span class=\"ez-toc-section-end\"><\/span><\/h3>\n\n\n\n<figure class=\"wp-block-image size-large is-style-default\"><img width=\"800\" height=\"500\" loading=\"lazy\" decoding=\"async\" src=\"data:image\/svg+xml;base64,PHN2ZyB4bWxucz0iaHR0cDovL3d3dy53My5vcmcvMjAwMC9zdmciIHdpZHRoPSI4MDAiIGhlaWdodD0iNTAwIj48cmVjdCB3aWR0aD0iMTAwJSIgaGVpZ2h0PSIxMDAlIj48YW5pbWF0ZSBhdHRyaWJ1dGVOYW1lPSJmaWxsIiB2YWx1ZXM9InJnYmEoMTUzLDE1MywxNTMsMC41KTtyZ2JhKDE1MywxNTMsMTUzLDAuMSk7cmdiYSgxNTMsMTUzLDE1MywwLjUpIiBkdXI9IjJzIiByZXBlYXRDb3VudD0iaW5kZWZpbml0ZSIgLz48L3JlY3Q+PC9zdmc+\" alt=\"Koln-Merkez-Camii\" class=\"wp-post-4804 wp-image-19492\" data-public-id=\"Koln-Merkez-Camii\/Koln-Merkez-Camii.jpg\" data-format=\"jpg\" data-transformations=\"f_auto,q_auto:low\" data-version=\"1624686201\" data-seo=\"1\" data-size=\"800 500\" data-srcset=\"https:\/\/res.cloudinary.com\/turna\/images\/f_auto,q_auto:low\/v1624686201\/Koln-Merkez-Camii\/Koln-Merkez-Camii.jpg?_i=AA 800w, https:\/\/res.cloudinary.com\/turna\/images\/w_300,h_188,c_scale\/f_auto,q_auto:low\/v1624686201\/Koln-Merkez-Camii\/Koln-Merkez-Camii.jpg?_i=AA 300w, https:\/\/res.cloudinary.com\/turna\/images\/w_672,h_420,c_scale\/f_auto,q_auto:low\/v1624686201\/Koln-Merkez-Camii\/Koln-Merkez-Camii.jpg?_i=AA 672w, https:\/\/res.cloudinary.com\/turna\/images\/w_640,h_400,c_scale\/f_auto,q_auto:low\/v1624686201\/Koln-Merkez-Camii\/Koln-Merkez-Camii.jpg?_i=AA 640w, https:\/\/res.cloudinary.com\/turna\/images\/w_681,h_426,c_scale\/f_auto,q_auto:low\/v1624686201\/Koln-Merkez-Camii\/Koln-Merkez-Camii.jpg?_i=AA 681w\" data-sizes=\"(max-width: 800px) 100vw, 800px\" data-delivery=\"upload\" onload=\";window.CLDBind?CLDBind(this):null;\" data-cloudinary=\"lazy\" \/><\/figure>\n\n\n\n<p>2009\u2019da Diyanet \u0130\u015fleri T\u00fcrk \u0130slam Birli\u011fi taraf\u0131ndan yapt\u0131r\u0131lan K\u00f6ln Merkez Camii&nbsp;(Cologne Central Mosque), yakla\u015f\u0131k 17 bin metrekare alan \u00fczerine kurulu. Osmanl\u0131 mimarisinin temel al\u0131nd\u0131\u011f\u0131 modern yap\u0131n\u0131n, 55 m uzunlu\u011funda iki minaresi bulunuyor. K\u00fclliye tarz\u0131ndaki binada k\u00fct\u00fcphane, sergi salonu, m\u00fcze, kapal\u0131 \u00e7ar\u015f\u0131 gibi b\u00f6l\u00fcmler bulunuyor.<\/p>\n\n\n\n<p>K\u00f6ln u\u00e7ak bileti kampanyalar\u0131n\u0131 takip ederek, Avrupa&#8217;n\u0131n en etkileyici \u015fehirlerinden birini gezip,&nbsp;hayat\u0131n\u0131z boyunca unutamayaca\u011f\u0131n\u0131z an\u0131lar biriktirebilirsiniz. <a href=\"https:\/\/www.turna.com\/sikca-sorulan-sorular\/almanya-vizesi\">Almanya vizesi<\/a> hakk\u0131nda da Turna.com \u00fczerinden detayl\u0131 bilgi alabilirsiniz.<\/p>\n\n    <div class=\"xs_social_share_widget xs_share_url after_content \t\tmain_content  wslu-style-1 wslu-share-box-shaped wslu-fill-colored wslu-none wslu-share-horizontal wslu-theme-font-no wslu-main_content\">\n\n\t\t\n        <ul>\n\t\t\t        <\/ul>\n    <\/div> \n","protected":false},"excerpt":{"rendered":"<p>Almanya&#8217;n\u0131n kalbinde, tarihle modernli\u011fin i\u00e7 i\u00e7e ge\u00e7ti\u011fi bir \u015fehir d\u00fc\u015f\u00fcn\u00fcn: K\u00f6ln! Rengarenk sokaklar\u0131, g\u00f6z al\u0131c\u0131 gotik mimarisi ve nehir kenar\u0131ndaki huzurlu y\u00fcr\u00fcy\u00fc\u015f rotalar\u0131yla bu \u015fehir, hem ruhunuzu hem de ke\u015ffetme arzunuzu beslemeye haz\u0131r. Tabii ki, K\u00f6ln deyince akla ilk gelen o me\u015fhur katedrali olsa da, bu b\u00fcy\u00fcleyici \u015fehirde sizi \u015fa\u015f\u0131rtacak o kadar \u00e7ok \u015fey var ki! M\u00fcze severler, tarih merakl\u0131lar\u0131, lezzet avc\u0131lar\u0131 ve e\u011flence d\u00fc\u015fk\u00fcnleri i\u00e7in her k\u00f6\u015fe ba\u015f\u0131nda bir s\u00fcrpriz var. Haydi, K\u00f6ln gezilecek yerler listesine birlikte dalal\u0131m ve bu b\u00fcy\u00fcleyici \u015fehri ke\u015ffetmenin keyfini \u00e7\u0131karal\u0131m!<\/p>\n","protected":false},"author":34,"featured_media":23218,"comment_status":"open","ping_status":"open","sticky":false,"template":"","format":"standard","meta":{"rop_custom_images_group":[],"rop_custom_messages_group":[],"rop_publish_now":"initial","rop_publish_now_accounts":[],"rop_publish_now_history":[],"rop_publish_now_status":"pending","_cloudinary_featured_overwrite":false,"footnotes":""},"categories":[110,2],"tags":[120,486],"class_list":["post-4804","post","type-post","status-publish","format-standard","has-post-thumbnail","hentry","category-almanya","category-ulkeler","tag-almanya","tag-koln"],"_links":{"self":[{"href":"https:\/\/www.turna.com\/blog\/wp-json\/wp\/v2\/posts\/4804","targetHints":{"allow":["GET"]}}],"collection":[{"href":"https:\/\/www.turna.com\/blog\/wp-json\/wp\/v2\/posts"}],"about":[{"href":"https:\/\/www.turna.com\/blog\/wp-json\/wp\/v2\/types\/post"}],"author":[{"embeddable":true,"href":"https:\/\/www.turna.com\/blog\/wp-json\/wp\/v2\/users\/34"}],"replies":[{"embeddable":true,"href":"https:\/\/www.turna.com\/blog\/wp-json\/wp\/v2\/comments?post=4804"}],"version-history":[{"count":0,"href":"https:\/\/www.turna.com\/blog\/wp-json\/wp\/v2\/posts\/4804\/revisions"}],"wp:featuredmedia":[{"embeddable":true,"href":"https:\/\/www.turna.com\/blog\/wp-json\/wp\/v2\/media\/23218"}],"wp:attachment":[{"href":"https:\/\/www.turna.com\/blog\/wp-json\/wp\/v2\/media?parent=4804"}],"wp:term":[{"taxonomy":"category","embeddable":true,"href":"https:\/\/www.turna.com\/blog\/wp-json\/wp\/v2\/categories?post=4804"},{"taxonomy":"post_tag","embeddable":true,"href":"https:\/\/www.turna.com\/blog\/wp-json\/wp\/v2\/tags?post=4804"}],"curies":[{"name":"wp","href":"https:\/\/api.w.org\/{rel}","templated":true}]}}