{"id":4506,"date":"2025-04-24T15:55:20","date_gmt":"2025-04-24T12:55:20","guid":{"rendered":"https:\/\/www.turna.com\/blog\/?p=4506"},"modified":"2025-06-30T17:16:00","modified_gmt":"2025-06-30T14:16:00","slug":"kibris-gezilecek-yerler","status":"publish","type":"post","link":"https:\/\/www.turna.com\/blog\/kibris-gezilecek-yerler","title":{"rendered":"K\u0131br\u0131s Gezilecek Yerler"},"content":{"rendered":"<div id=\"ez-toc-container\" class=\"ez-toc-v2_0_82_2 counter-hierarchy ez-toc-counter ez-toc-black ez-toc-container-direction\">\n<div class=\"ez-toc-title-container\">\n<p class=\"ez-toc-title\" style=\"cursor:inherit\">\u0130\u00e7indekiler<\/p>\n<span class=\"ez-toc-title-toggle\"><a href=\"#\" class=\"ez-toc-pull-right ez-toc-btn ez-toc-btn-xs ez-toc-btn-default ez-toc-toggle\" aria-label=\"\u0130\u00e7indekiler Tablosunu A\u00e7\/Kapat\"><span class=\"ez-toc-js-icon-con\"><span class=\"\"><span class=\"eztoc-hide\" style=\"display:none;\">Toggle<\/span><span class=\"ez-toc-icon-toggle-span\"><svg style=\"fill: #ffffff;color:#ffffff\" xmlns=\"http:\/\/www.w3.org\/2000\/svg\" class=\"list-377408\" width=\"20px\" height=\"20px\" viewBox=\"0 0 24 24\" fill=\"none\"><path d=\"M6 6H4v2h2V6zm14 0H8v2h12V6zM4 11h2v2H4v-2zm16 0H8v2h12v-2zM4 16h2v2H4v-2zm16 0H8v2h12v-2z\" fill=\"currentColor\"><\/path><\/svg><svg style=\"fill: #ffffff;color:#ffffff\" class=\"arrow-unsorted-368013\" xmlns=\"http:\/\/www.w3.org\/2000\/svg\" width=\"10px\" height=\"10px\" viewBox=\"0 0 24 24\" version=\"1.2\" baseProfile=\"tiny\"><path d=\"M18.2 9.3l-6.2-6.3-6.2 6.3c-.2.2-.3.4-.3.7s.1.5.3.7c.2.2.4.3.7.3h11c.3 0 .5-.1.7-.3.2-.2.3-.5.3-.7s-.1-.5-.3-.7zM5.8 14.7l6.2 6.3 6.2-6.3c.2-.2.3-.5.3-.7s-.1-.5-.3-.7c-.2-.2-.4-.3-.7-.3h-11c-.3 0-.5.1-.7.3-.2.2-.3.5-.3.7s.1.5.3.7z\"\/><\/svg><\/span><\/span><\/span><\/a><\/span><\/div>\n<nav><ul class='ez-toc-list ez-toc-list-level-1 eztoc-toggle-hide-by-default' ><li class='ez-toc-page-1 ez-toc-heading-level-2'><a class=\"ez-toc-link ez-toc-heading-1\" href=\"https:\/\/www.turna.com\/blog\/kibris-gezilecek-yerler\/#kibris_gezilecek_21_yer\" >K\u0131br\u0131s Gezilecek 21 Yer<\/a><ul class='ez-toc-list-level-3' ><li class='ez-toc-heading-level-3'><a class=\"ez-toc-link ez-toc-heading-2\" href=\"https:\/\/www.turna.com\/blog\/kibris-gezilecek-yerler\/#1_girne\" >1. Girne<\/a><\/li><li class='ez-toc-page-1 ez-toc-heading-level-3'><a class=\"ez-toc-link ez-toc-heading-3\" href=\"https:\/\/www.turna.com\/blog\/kibris-gezilecek-yerler\/#2_bellapais_manastiri\" >2. Bellapais Manast\u0131r\u0131<\/a><\/li><li class='ez-toc-page-1 ez-toc-heading-level-3'><a class=\"ez-toc-link ez-toc-heading-4\" href=\"https:\/\/www.turna.com\/blog\/kibris-gezilecek-yerler\/#3_girne_kalesi\" >3. Girne Kalesi<\/a><\/li><li class='ez-toc-page-1 ez-toc-heading-level-3'><a class=\"ez-toc-link ez-toc-heading-5\" href=\"https:\/\/www.turna.com\/blog\/kibris-gezilecek-yerler\/#4_girne_yat_limani\" >4. Girne Yat Liman\u0131<\/a><\/li><li class='ez-toc-page-1 ez-toc-heading-level-3'><a class=\"ez-toc-link ez-toc-heading-6\" href=\"https:\/\/www.turna.com\/blog\/kibris-gezilecek-yerler\/#5_karaoglanoglu_sehitligi\" >5. Karao\u011flano\u011flu \u015eehitli\u011fi<\/a><\/li><li class='ez-toc-page-1 ez-toc-heading-level-3'><a class=\"ez-toc-link ez-toc-heading-7\" href=\"https:\/\/www.turna.com\/blog\/kibris-gezilecek-yerler\/#6_lefkosa\" >6. Lefko\u015fa<\/a><\/li><li class='ez-toc-page-1 ez-toc-heading-level-3'><a class=\"ez-toc-link ez-toc-heading-8\" href=\"https:\/\/www.turna.com\/blog\/kibris-gezilecek-yerler\/#7_barbarlik_muzesi\" >7. Barbarl\u0131k M\u00fczesi<\/a><\/li><li class='ez-toc-page-1 ez-toc-heading-level-3'><a class=\"ez-toc-link ez-toc-heading-9\" href=\"https:\/\/www.turna.com\/blog\/kibris-gezilecek-yerler\/#8_venedik_sutunu\" >8. Venedik S\u00fctunu<\/a><\/li><li class='ez-toc-page-1 ez-toc-heading-level-3'><a class=\"ez-toc-link ez-toc-heading-10\" href=\"https:\/\/www.turna.com\/blog\/kibris-gezilecek-yerler\/#9_gazimagusa\" >9. Gazimagusa<\/a><\/li><li class='ez-toc-page-1 ez-toc-heading-level-3'><a class=\"ez-toc-link ez-toc-heading-11\" href=\"https:\/\/www.turna.com\/blog\/kibris-gezilecek-yerler\/#10_othello_kalesi\" >10. Othello Kalesi<\/a><\/li><li class='ez-toc-page-1 ez-toc-heading-level-3'><a class=\"ez-toc-link ez-toc-heading-12\" href=\"https:\/\/www.turna.com\/blog\/kibris-gezilecek-yerler\/#11_salamis_harabeleri\" >11. Salamis Harabeleri<\/a><\/li><li class='ez-toc-page-1 ez-toc-heading-level-3'><a class=\"ez-toc-link ez-toc-heading-13\" href=\"https:\/\/www.turna.com\/blog\/kibris-gezilecek-yerler\/#12_guzelyurt\" >12. G\u00fczelyurt<\/a><\/li><li class='ez-toc-page-1 ez-toc-heading-level-3'><a class=\"ez-toc-link ez-toc-heading-14\" href=\"https:\/\/www.turna.com\/blog\/kibris-gezilecek-yerler\/#13_mamas_manastiri\" >13. Mamas Manast\u0131r\u0131<\/a><\/li><li class='ez-toc-page-1 ez-toc-heading-level-3'><a class=\"ez-toc-link ez-toc-heading-15\" href=\"https:\/\/www.turna.com\/blog\/kibris-gezilecek-yerler\/#14_pigades_tapinagi\" >14. Pigades Tap\u0131na\u011f\u0131<\/a><\/li><li class='ez-toc-page-1 ez-toc-heading-level-3'><a class=\"ez-toc-link ez-toc-heading-16\" href=\"https:\/\/www.turna.com\/blog\/kibris-gezilecek-yerler\/#15_dipkarpaz\" >15. Dipkarpaz<\/a><\/li><li class='ez-toc-page-1 ez-toc-heading-level-3'><a class=\"ez-toc-link ez-toc-heading-17\" href=\"https:\/\/www.turna.com\/blog\/kibris-gezilecek-yerler\/#16_altin_kumsal\" >16. Alt\u0131n Kumsal<\/a><\/li><li class='ez-toc-page-1 ez-toc-heading-level-3'><a class=\"ez-toc-link ez-toc-heading-18\" href=\"https:\/\/www.turna.com\/blog\/kibris-gezilecek-yerler\/#17_iskele\" >17. \u0130skele<\/a><\/li><li class='ez-toc-page-1 ez-toc-heading-level-3'><a class=\"ez-toc-link ez-toc-heading-19\" href=\"https:\/\/www.turna.com\/blog\/kibris-gezilecek-yerler\/#18_lefke\" >18. Lefke<\/a><\/li><li class='ez-toc-page-1 ez-toc-heading-level-3'><a class=\"ez-toc-link ez-toc-heading-20\" href=\"https:\/\/www.turna.com\/blog\/kibris-gezilecek-yerler\/#19_soli_antik_kenti\" >19. Soli Antik Kenti<\/a><\/li><li class='ez-toc-page-1 ez-toc-heading-level-3'><a class=\"ez-toc-link ez-toc-heading-21\" href=\"https:\/\/www.turna.com\/blog\/kibris-gezilecek-yerler\/#20_soli_bazilikasi\" >20. Soli Bazilikas\u0131<\/a><\/li><li class='ez-toc-page-1 ez-toc-heading-level-3'><a class=\"ez-toc-link ez-toc-heading-22\" href=\"https:\/\/www.turna.com\/blog\/kibris-gezilecek-yerler\/#21_soli_tiyatrosu\" >21. Soli Tiyatrosu<\/a><\/li><\/ul><\/li><\/ul><\/nav><\/div>\n\n<p><strong><meta charset=\"utf-8\"><a href=\"https:\/\/www.turna.com\/blog\/ulkeler\/avrupa\/kibris\"><strong>K\u0131br\u0131s<\/strong><\/a><\/strong>, Akdeniz&#8217;in \u00fc\u00e7\u00fcnc\u00fc b\u00fcy\u00fck&nbsp;adas\u0131. Anadolu\u2019nun 65&nbsp;km g\u00fcneyinde yer alan ve yaln\u0131zca T\u00fcrkiye\u2019nin tan\u0131d\u0131\u011f\u0131 ba\u011f\u0131ms\u0131z bir devlet olan <strong>Kuzey K\u0131br\u0131s T\u00fcrk Cumhuriyeti<\/strong>, T\u00fcrkiye\u2019nin tatil cenneti. Karadan yaln\u0131zca G\u00fcney K\u0131br\u0131s Rum Y\u00f6netimi ile s\u0131n\u0131r\u0131 olan&nbsp;KKTC, Akdeniz&#8217;in kuzeyinde&nbsp;T\u00fcrkiye, do\u011fusunda&nbsp;Suriye, \u0130srail ve&nbsp;L\u00fcbnan, g\u00fcneyinde&nbsp;M\u0131s\u0131r ve kuzeybat\u0131s\u0131nda ise&nbsp;Yunanistan&nbsp;ile \u00e7evrili.<\/p>\n\n\n\n<p>T\u00fcrkiye\u2019den vize ve pasaporta ihtiya\u00e7 duymadan kolayca giri\u015f yap\u0131labilen K\u0131br\u0131s, renkli gece hayat\u0131 ve l\u00fcks otellerin yer ald\u0131\u011f\u0131 e\u015fsiz kumsallar\u0131 ile biliniyor.<\/p>\n\n\n\n<figure class=\"wp-block-image size-full is-style-default\"><img width=\"800\" height=\"500\" data-public-id=\"Kibris-Gezilecek-Yerler\/Kibris-Gezilecek-Yerler.jpg\" fetchpriority=\"high\" decoding=\"async\" src=\"https:\/\/res.cloudinary.com\/turna\/images\/w_800,h_500,c_scale\/f_auto,q_auto:low\/v1630314392\/Kibris-Gezilecek-Yerler\/Kibris-Gezilecek-Yerler.jpg?_i=AA\" alt=\"K\u0131br\u0131s gezilecek yerler\" class=\"wp-post-4506 wp-image-19800\" data-format=\"jpg\" data-transformations=\"f_auto,q_auto:low\" data-version=\"1630314392\" data-seo=\"1\" srcset=\"https:\/\/res.cloudinary.com\/turna\/images\/f_auto,q_auto:low\/v1630314392\/Kibris-Gezilecek-Yerler\/Kibris-Gezilecek-Yerler.jpg?_i=AA 800w, https:\/\/res.cloudinary.com\/turna\/images\/w_300,h_188,c_scale\/f_auto,q_auto:low\/v1630314392\/Kibris-Gezilecek-Yerler\/Kibris-Gezilecek-Yerler.jpg?_i=AA 300w, https:\/\/res.cloudinary.com\/turna\/images\/w_672,h_420,c_scale\/f_auto,q_auto:low\/v1630314392\/Kibris-Gezilecek-Yerler\/Kibris-Gezilecek-Yerler.jpg?_i=AA 672w, https:\/\/res.cloudinary.com\/turna\/images\/w_640,h_400,c_scale\/f_auto,q_auto:low\/v1630314392\/Kibris-Gezilecek-Yerler\/Kibris-Gezilecek-Yerler.jpg?_i=AA 640w, https:\/\/res.cloudinary.com\/turna\/images\/w_681,h_426,c_scale\/f_auto,q_auto:low\/v1630314392\/Kibris-Gezilecek-Yerler\/Kibris-Gezilecek-Yerler.jpg?_i=AA 681w\" sizes=\"(max-width: 800px) 100vw, 800px\" \/><\/figure>\n\n\n\n<p>Sardunya ve Sicilya&#8217;dan sonra Akdeniz&#8217;deki en b\u00fcy\u00fck ada olan K\u0131br\u0131s, bakir koylar\u0131, incecik kumlarla kapl\u0131 plajlar\u0131, d\u00fcnyan\u0131n d\u00f6rt bir yan\u0131ndan turist \u00e7eken e\u011flence mekanlar\u0131yla g\u00f6z al\u0131yor.<\/p>\n\n\n\n<p>Do\u011fu Akdeniz&#8217;in en \u00f6nemli turizm destinasyonlar\u0131ndan biri olan K\u0131br\u0131s&#8217;\u0131n resmi ismi, Kuzey K\u0131br\u0131s T\u00fcrk Cumhuriyeti olarak ge\u00e7iyor.&nbsp;Ba\u011f\u0131ms\u0131zl\u0131\u011f\u0131 T\u00fcrkiye d\u0131\u015f\u0131nda ba\u015fka bir \u00fclke taraf\u0131ndan tan\u0131nmayan Kuzey K\u0131br\u0131s halk\u0131, \u00fczerinde bulundu\u011fu adan\u0131n g\u00fcney kesimini Rumlarla payla\u015f\u0131yor.<\/p>\n\n\n\n<p>Adada tatil i\u00e7in en uygun zaman dilimi ise may\u0131s-haziran ve eyl\u00fcl-ekim aylar\u0131 aras\u0131ndaki d\u00f6nem. Temmuz ve A\u011fustos aylar\u0131nda 40 dereceleri bulan s\u0131caklardan bunalmamak i\u00e7in tatil planlar\u0131n\u0131z\u0131 bu tarihlere \u00e7ekmekte yarar var.<\/p>\n\n\n\n<p>K\u0131br\u0131s\u2019ta pek \u00e7ok gezilecek adres mevcut. Yedinci y\u00fczy\u0131lda Arap ak\u0131nlar\u0131na kar\u015f\u0131 kentin korunmas\u0131 i\u00e7in yap\u0131lan Girne Kalesi, L\u00fczinyanl\u0131lar d\u00f6neminde hapishane olarak kullan\u0131lan ve Girne Da\u011flar\u0131\u2019nda 950 metre y\u00fcksekli\u011fe kurulan&nbsp;Buffaveneto Kalesi, Gotik mimarinin g\u00fczel \u00f6rneklerinden olan&nbsp;Bellepais Manast\u0131r\u0131 ba\u015fl\u0131ca tarihi dokular. <\/p>\n\n\n\n<p>Onlar\u0131 ise, Girne ve \u00e7evresinden elde edilen buluntular\u0131n sergilendi\u011fi bir ikon m\u00fczesi olarak kullan\u0131lan Eski&nbsp;Arkhangelos Kilisesi; K\u0131br\u0131s&#8217;\u0131n en g\u00f6rkemli ibadethanesi olarak kabul edilen Selimiye Cami takip ediyor.<\/p>\n\n\n\n<p>Venediklilerin Lefko\u015fa\u2019y\u0131 savunabilmek i\u00e7in in\u015fa ettikleri&nbsp;<strong>Lefko\u015fa Surlar\u0131<\/strong> ise mutlaka g\u00f6r\u00fclmesi gereken nokta. Daire \u015feklinde \u00fc\u00e7 mil \u00e7evresi olan bu surlar\u0131n \u00fczerinde her biri bir kale say\u0131labilecek on bir bur\u00e7 ve 3 kap\u0131 bulunuyor.<\/p>\n\n\n\n<h2 class=\"wp-block-heading has-text-align-center has-neeon-button-dark-gray-color has-text-color has-link-color wp-elements-e2a9e721f0975d6a4a672a79b1fb4f65\"><span class=\"ez-toc-section\" id=\"kibris_gezilecek_21_yer\"><\/span><strong><strong>K\u0131br\u0131s Gezilecek 21 Yer<\/strong><\/strong><span class=\"ez-toc-section-end\"><\/span><\/h2>\n\n\n\n<h3 class=\"wp-block-heading has-text-align-center has-neeon-button-dark-gray-color has-text-color has-link-color wp-elements-d79bc5f487fd5fedcad58459c6d7915a\"><span class=\"ez-toc-section\" id=\"1_girne\"><\/span><strong><strong>1. Girne<\/strong><\/strong><span class=\"ez-toc-section-end\"><\/span><\/h3>\n\n\n\n<figure class=\"wp-block-image is-style-default\"><img width=\"800\" height=\"500\" data-public-id=\"Girne-Kibris_pwrp2z\/Girne-Kibris_pwrp2z.jpg\" decoding=\"async\" src=\"https:\/\/res.cloudinary.com\/turna\/images\/w_800,h_500,c_scale\/f_auto,q_auto\/f_auto,q_auto:low\/v1474466526\/Girne-Kibris_pwrp2z\/Girne-Kibris_pwrp2z.jpg?_i=AA\" alt=\"\" class=\"wp-post-4506 wp-image-4511\" data-format=\"jpg\" data-transformations=\"f_auto,q_auto\/f_auto,q_auto:low\" data-version=\"1474466526\" data-seo=\"1\" srcset=\"https:\/\/res.cloudinary.com\/turna\/images\/f_auto,q_auto\/f_auto,q_auto\/f_auto,q_auto:low\/v1474466526\/Girne-Kibris_pwrp2z\/Girne-Kibris_pwrp2z.jpg?_i=AA 800w, https:\/\/res.cloudinary.com\/turna\/images\/w_300,h_188,c_scale\/f_auto,q_auto\/f_auto,q_auto\/f_auto,q_auto:low\/v1474466526\/Girne-Kibris_pwrp2z\/Girne-Kibris_pwrp2z.jpg?_i=AA 300w, https:\/\/res.cloudinary.com\/turna\/images\/w_672,h_420,c_scale\/f_auto,q_auto\/f_auto,q_auto\/f_auto,q_auto:low\/v1474466526\/Girne-Kibris_pwrp2z\/Girne-Kibris_pwrp2z.jpg?_i=AA 672w, https:\/\/res.cloudinary.com\/turna\/images\/w_640,h_400,c_scale\/f_auto,q_auto\/f_auto,q_auto\/f_auto,q_auto:low\/v1474466526\/Girne-Kibris_pwrp2z\/Girne-Kibris_pwrp2z.jpg?_i=AA 640w, https:\/\/res.cloudinary.com\/turna\/images\/w_681,h_426,c_scale\/f_auto,q_auto\/f_auto,q_auto\/f_auto,q_auto:low\/v1474466526\/Girne-Kibris_pwrp2z\/Girne-Kibris_pwrp2z.jpg?_i=AA 681w\" sizes=\"(max-width: 800px) 100vw, 800px\" \/><\/figure>\n\n\n\n<p><strong>Girne<\/strong>, K\u0131br\u0131s\u2019\u0131n incisi. Adan\u0131n en g\u00f6zde tatil beldesi olan ve milattan \u00f6nce onuncu y\u00fczy\u0131lda Akalar taraf\u0131ndan Kyrenia ismi ile kuruldu\u011fu d\u00fc\u015f\u00fcn\u00fclen Girne, Roma kaynaklar\u0131nda Corineum olarak ge\u00e7iyor. K\u0131br\u0131s\u2019\u0131n tarihi ile ayn\u0131 olan kent, Bizans d\u00f6neminde birka\u00e7 kez Arap korsanlar\u0131 taraf\u0131ndan ya\u011fma edilmi\u015f.<\/p>\n\n\n\n<p>Adan\u0131n en&nbsp;kuzeyindeki liman kenti Girne, ayn\u0131 zamanda birbirinden g\u00fczel be\u015f y\u0131ld\u0131zl\u0131 otellere sahip. Girne Kalesi, plajlar ve nefis mekanlar\u0131yla gece hayat\u0131 ve e\u011flenceli yap\u0131s\u0131yla da tan\u0131n\u0131yor. Bir\u00e7ok otel y\u0131l\u0131n her d\u00f6neminde \u00f6zel programlar d\u00fczenliyor. Bu y\u00fczden Girne&#8217;ye adan\u0131n e\u011flence merkezi benzetmesi yap\u0131l\u0131yor.<\/p>\n\n\n\n<p>G\u00fcneyinde Girne Da\u011flar\u0131, kuzeyinde ise Akdeniz bulunan bir liman \u015fehri olan<strong> Girne<\/strong>, \u00fclkenin&nbsp;en pop\u00fcler turistik noktalar\u0131ndan. Sahil boyunca uzanan restoranlar\u0131yla \u00fcnlenen b\u00f6lgede,&nbsp;Girne Kalesi, Beylerbeyi, St. Hilarion Kalesi, Hazreti \u00d6mer T\u00fcrbesi gibi yerler de ziyaret edilebilir.<\/p>\n\n\n\n<h3 class=\"wp-block-heading has-text-align-center has-neeon-button-dark-gray-color has-text-color has-link-color wp-elements-3c251b8c4e7f1c3726bb7122dfa815b1\"><span class=\"ez-toc-section\" id=\"2_bellapais_manastiri\"><\/span><strong><strong>2. <strong>Bellapais Manast\u0131r\u0131<\/strong><\/strong><\/strong><span class=\"ez-toc-section-end\"><\/span><\/h3>\n\n\n\n<p>K\u0131br\u0131s\u2019ta tarih ve manzaran\u0131n bulu\u015ftu\u011fu noktalardan biri de <strong>Bellapais Manast\u0131r\u0131<\/strong>. Girne\u2019ye \u00e7ok yak\u0131n bir konumda, Be\u015fparmak Da\u011flar\u0131\u2019n\u0131n yamac\u0131na kurulmu\u015f bu gotik yap\u0131, adeta ge\u00e7mi\u015ften bug\u00fcne \u0131\u015f\u0131nlanm\u0131\u015f gibi. 13. y\u00fczy\u0131lda yap\u0131lm\u0131\u015f bu manast\u0131ra \u00e7\u0131kt\u0131\u011f\u0131n\u0131zda muhte\u015fem bir Akdeniz manzaras\u0131n\u0131 da kar\u015f\u0131n\u0131zda buluyorsunuz. Hele g\u00fcn bat\u0131m\u0131nda\u2026 Manast\u0131rdan Girne\u2019ye do\u011fru uzanan manzara, telefonunuzun kameras\u0131n\u0131 me\u015fgul edecek cinsten.<\/p>\n\n\n\n<h3 class=\"wp-block-heading has-text-align-center has-neeon-button-dark-gray-color has-text-color has-link-color wp-elements-cf424fda318f31d55ed11596e9e668ff\"><span class=\"ez-toc-section\" id=\"3_girne_kalesi\"><\/span>3. Girne Kalesi<span class=\"ez-toc-section-end\"><\/span><\/h3>\n\n\n\n<p class=\"has-text-align-left\"><strong>Girne Kalesi<\/strong>, hem g\u00f6rkemli yap\u0131s\u0131yla hem de i\u00e7inde saklad\u0131\u011f\u0131 s\u00fcrprizlerle sizi kendine hayran b\u0131rakacak yerlerden biri. Liman\u0131n hemen yan\u0131 ba\u015f\u0131nda, heybetiyle g\u00f6z dolduran bu kale, Bizans d\u00f6nemine kadar uzanan bir ge\u00e7mi\u015fe sahip. Kale i\u00e7ine ad\u0131m att\u0131\u011f\u0131n\u0131zda bir m\u00fcze gezisine \u00e7\u0131k\u0131yorsunuz adeta. En ilgin\u00e7 par\u00e7a ise 2300 y\u0131l \u00f6ncesine ait bat\u0131k bir gemi! Kalenin surlar\u0131na \u00e7\u0131kt\u0131\u011f\u0131n\u0131zda, Girne Liman\u0131&#8217;n\u0131n renkli manzaras\u0131 ayaklar\u0131n\u0131z\u0131n alt\u0131nda. Kaleyi gezdikten sonra limanda bir kahve molas\u0131 da vermek \u015fart.<\/p>\n\n\n\n<h3 class=\"wp-block-heading has-text-align-center has-neeon-button-dark-gray-color has-text-color has-link-color wp-elements-fa5815df96a5c2e0dcf90e852f3b46e4\"><span class=\"ez-toc-section\" id=\"4_girne_yat_limani\"><\/span><strong><strong>4. <strong>Girne Yat Liman\u0131<\/strong><\/strong><\/strong><span class=\"ez-toc-section-end\"><\/span><\/h3>\n\n\n\n<figure class=\"wp-block-image size-large\"><img decoding=\"async\" src=\"https:\/\/res.cloudinary.com\/turna\/image\/upload\/v1745475677\/wordpress-contents\/girne_liman%C4%B1.jpg\" alt=\"\"\/><\/figure>\n\n\n\n<p><strong>Girne Yat Liman\u0131<\/strong>, K\u0131br\u0131s\u2019\u0131n en canl\u0131, en fotojenik k\u00f6\u015felerinden biri. Rengarenk tekneler, ta\u015f binalar, kafeler ve restoranlarla \u00e7evrili bu liman, mutlaka listenizde olmal\u0131. G\u00fcn\u00fcn her saati ayr\u0131 bir havas\u0131 var ama \u00f6zellikle ak\u015famlar\u0131, \u0131\u015f\u0131klar yand\u0131\u011f\u0131nda ve hafif bir meltem e\u015fli\u011finde y\u00fcr\u00fcy\u00fc\u015f yapt\u0131\u011f\u0131n\u0131zda, K\u0131br\u0131s\u2019\u0131n o b\u00fcy\u00fcl\u00fc atmosferini tam anlam\u0131yla hissediyorsunuz. Deniz kenar\u0131nda oturup bir \u015feyler i\u00e7mek, bal\u0131k restoranlar\u0131nda lezzetli bir ak\u015fam yeme\u011fi yemek\u2026 K\u0131sacas\u0131 buras\u0131, her K\u0131br\u0131s gezisinin olmazsa olmaz\u0131.<\/p>\n\n\n\n<h3 class=\"wp-block-heading has-text-align-center has-neeon-button-dark-gray-color has-text-color has-link-color wp-elements-6da434151604ee8485f03e2b4b80b365\"><span class=\"ez-toc-section\" id=\"5_karaoglanoglu_sehitligi\"><\/span><strong><strong>5. <strong>Karao\u011flano\u011flu \u015eehitli\u011fi<\/strong><\/strong><\/strong><span class=\"ez-toc-section-end\"><\/span><\/h3>\n\n\n\n<p>K\u0131br\u0131s Bar\u0131\u015f Harekat\u0131&#8217;n\u0131n izlerini ta\u015f\u0131yan Karao\u011flano\u011flu \u015eehitli\u011fi, hem h\u00fcz\u00fcnl\u00fc hem de gurur verici bir durak. Bu topraklarda ya\u015fanan m\u00fccadeleyi ve kahramanl\u0131klar\u0131 daha yak\u0131ndan hissedebilmeniz i\u00e7in mutlaka g\u00f6r\u00fclmesi gereken bir yer. \u015eehitli\u011fe girdi\u011finizde, her \u015fey sizi biraz durup d\u00fc\u015f\u00fcnmeye davet ediyor. Buras\u0131, tarihle y\u00fczle\u015fme ve minnet duyma yeri.<\/p>\n\n\n\n<h3 class=\"wp-block-heading has-text-align-center has-neeon-button-dark-gray-color has-text-color has-link-color wp-elements-341d9a93ef9dda71078886eac0eefb8d\"><span class=\"ez-toc-section\" id=\"6_lefkosa\"><\/span><strong><strong><strong>6. Lefko\u015fa<\/strong><\/strong><\/strong><span class=\"ez-toc-section-end\"><\/span><\/h3>\n\n\n\n<figure class=\"wp-block-image is-style-default\"><img width=\"800\" height=\"500\" data-public-id=\"Lefkosa-Kuzey_nkuevg\/Lefkosa-Kuzey_nkuevg.jpg\" decoding=\"async\" src=\"https:\/\/res.cloudinary.com\/turna\/images\/w_800,h_500,c_scale\/f_auto,q_auto\/f_auto,q_auto:low\/v1474466475\/Lefkosa-Kuzey_nkuevg\/Lefkosa-Kuzey_nkuevg.jpg?_i=AA\" alt=\"\" class=\"wp-post-4506 wp-image-4509\" data-format=\"jpg\" data-transformations=\"f_auto,q_auto\/f_auto,q_auto:low\" data-version=\"1474466475\" data-seo=\"1\" srcset=\"https:\/\/res.cloudinary.com\/turna\/images\/f_auto,q_auto\/f_auto,q_auto\/f_auto,q_auto:low\/v1474466475\/Lefkosa-Kuzey_nkuevg\/Lefkosa-Kuzey_nkuevg.jpg?_i=AA 800w, https:\/\/res.cloudinary.com\/turna\/images\/w_300,h_188,c_scale\/f_auto,q_auto\/f_auto,q_auto\/f_auto,q_auto:low\/v1474466475\/Lefkosa-Kuzey_nkuevg\/Lefkosa-Kuzey_nkuevg.jpg?_i=AA 300w, https:\/\/res.cloudinary.com\/turna\/images\/w_672,h_420,c_scale\/f_auto,q_auto\/f_auto,q_auto\/f_auto,q_auto:low\/v1474466475\/Lefkosa-Kuzey_nkuevg\/Lefkosa-Kuzey_nkuevg.jpg?_i=AA 672w, https:\/\/res.cloudinary.com\/turna\/images\/w_640,h_400,c_scale\/f_auto,q_auto\/f_auto,q_auto\/f_auto,q_auto:low\/v1474466475\/Lefkosa-Kuzey_nkuevg\/Lefkosa-Kuzey_nkuevg.jpg?_i=AA 640w, https:\/\/res.cloudinary.com\/turna\/images\/w_681,h_426,c_scale\/f_auto,q_auto\/f_auto,q_auto\/f_auto,q_auto:low\/v1474466475\/Lefkosa-Kuzey_nkuevg\/Lefkosa-Kuzey_nkuevg.jpg?_i=AA 681w\" sizes=\"(max-width: 800px) 100vw, 800px\" \/><\/figure>\n\n\n\n<p>Ba\u015fkent Lefko\u015fa, adaya hava yoluyla seyahat edenlerin ilk u\u011frad\u0131\u011f\u0131 nokta. Ercan Havaliman\u0131, Lefko\u015fa yak\u0131nlar\u0131nda bulunuyor. Avrupa&#8217;n\u0131n b\u00f6l\u00fcnm\u00fc\u015f tek ba\u015fkenti unvan\u0131n\u0131 ta\u015f\u0131yan Lefko\u015fa&#8217;n\u0131n kuzeyi T\u00fcrk y\u00f6netiminde. \u00d6zellikle Birle\u015fmi\u015f Milletler taraf\u0131ndan y\u00f6netilen Ye\u015fil Hat ve G\u00fcney K\u0131br\u0131s&#8217;a ge\u00e7i\u015f noktas\u0131 ba\u015fkentin en ilgin\u00e7 noktalar\u0131 aras\u0131nda.<\/p>\n\n\n\n<p>Adan\u0131n&nbsp;ortas\u0131nda yer alan ve Kuzey K\u0131br\u0131s T\u00fcrk Cumhuriyeti&#8217;nin ba\u015fkentli\u011fini y\u00fcr\u00fcten<strong> Lefko\u015fa<\/strong>, \u00fclkenin en kalabal\u0131k ve hareketli \u015fehri olarak biliniyor. \u00dclkenin&nbsp;k\u00fclt\u00fcr, sanayi, ticaret ve ula\u015f\u0131m merkezi konumundaki bu \u015fehirde,&nbsp;Arap Ahmet Soka\u011f\u0131, Selimiye Camii, Barbarl\u0131k M\u00fczesi, Arasta Sokak ve Haydar Pa\u015fa Camisi gibi yerler&nbsp;g\u00f6r\u00fclebilir.<\/p>\n\n\n\n<h3 class=\"wp-block-heading has-text-align-center has-neeon-button-dark-gray-color has-text-color has-link-color wp-elements-39ebef75bcd626c5efa25a2758fe8a50\"><span class=\"ez-toc-section\" id=\"7_barbarlik_muzesi\"><\/span><strong><strong>7. <strong>Barbarl\u0131k M\u00fczesi<\/strong><\/strong><\/strong><span class=\"ez-toc-section-end\"><\/span><\/h3>\n\n\n\n<p>K\u0131br\u0131s\u2019\u0131n yak\u0131n tarihine \u0131\u015f\u0131k tutan en \u00e7arp\u0131c\u0131 yerlerden biri de Barbarl\u0131k M\u00fczesi. Bu m\u00fcze, 1963 y\u0131l\u0131nda ya\u015fanan ac\u0131 olaylar\u0131 anlat\u0131yor ve asl\u0131nda bir binba\u015f\u0131n\u0131n eviymi\u015f. Evin duvarlar\u0131nda mermi izleri hala duruyor. Bu m\u00fcze biraz y\u00fcrek burksa da, K\u0131br\u0131s\u2019\u0131n ge\u00e7mi\u015fini daha iyi anlayabilmek i\u00e7in mutlaka ziyaret edilmeli.&nbsp;<\/p>\n\n\n\n<h3 class=\"wp-block-heading has-text-align-center has-neeon-button-dark-gray-color has-text-color has-link-color wp-elements-6eefeae8bafd6763ed7c4a9bb328a17c\"><span class=\"ez-toc-section\" id=\"8_venedik_sutunu\"><\/span><strong><strong>8. <strong>Venedik S\u00fctunu<\/strong><\/strong><\/strong><span class=\"ez-toc-section-end\"><\/span><\/h3>\n\n\n\n<p>Lefko\u015fa\u2019n\u0131n tam merkezinde, Selimiye Camii&#8217;nin hemen yak\u0131n\u0131nda yer alan <strong>Venedik S\u00fctunu<\/strong>, zaman\u0131n i\u00e7inden f\u0131rlam\u0131\u015f bir hat\u0131ra gibi. 16. y\u00fczy\u0131lda Venedikliler taraf\u0131ndan dikilmi\u015f bu mermer s\u00fctunun \u00fczerinde eskiden bir aslan fig\u00fcr\u00fc varm\u0131\u015f ama zamanla o k\u0131s\u0131m kaybolmu\u015f. Yine de \u015fehrin tarihi atmosferini tamamlayan g\u00fczel bir detay. Etraf\u0131nda biraz dola\u015ft\u0131ktan sonra, hemen yak\u0131nlardaki kafelerden birinde bir kahve molas\u0131 verip bu an\u0131 tatland\u0131rabilirsiniz.<\/p>\n\n\n\n<h3 class=\"wp-block-heading has-text-align-center has-neeon-button-dark-gray-color has-text-color has-link-color wp-elements-53e4dd4f67b00d4e13087a3ce0513642\"><span class=\"ez-toc-section\" id=\"9_gazimagusa\"><\/span><strong><strong><strong>9. Gazimagusa<\/strong><\/strong><\/strong><span class=\"ez-toc-section-end\"><\/span><\/h3>\n\n\n\n<figure class=\"wp-block-image is-style-default\"><img width=\"800\" height=\"500\" loading=\"lazy\" decoding=\"async\" src=\"data:image\/svg+xml;base64,PHN2ZyB4bWxucz0iaHR0cDovL3d3dy53My5vcmcvMjAwMC9zdmciIHdpZHRoPSI4MDAiIGhlaWdodD0iNTAwIj48cmVjdCB3aWR0aD0iMTAwJSIgaGVpZ2h0PSIxMDAlIj48YW5pbWF0ZSBhdHRyaWJ1dGVOYW1lPSJmaWxsIiB2YWx1ZXM9InJnYmEoMTUzLDE1MywxNTMsMC41KTtyZ2JhKDE1MywxNTMsMTUzLDAuMSk7cmdiYSgxNTMsMTUzLDE1MywwLjUpIiBkdXI9IjJzIiByZXBlYXRDb3VudD0iaW5kZWZpbml0ZSIgLz48L3JlY3Q+PC9zdmc+\" alt=\"\" class=\"wp-post-4506 wp-image-4512\" data-public-id=\"Gazimagusa_aor7z2\/Gazimagusa_aor7z2.jpg\" data-format=\"jpg\" data-transformations=\"f_auto,q_auto\/f_auto,q_auto:low\" data-version=\"1474466540\" data-seo=\"1\" data-size=\"800 500\" data-srcset=\"https:\/\/res.cloudinary.com\/turna\/images\/f_auto,q_auto\/f_auto,q_auto\/f_auto,q_auto:low\/v1474466540\/Gazimagusa_aor7z2\/Gazimagusa_aor7z2.jpg?_i=AA 800w, https:\/\/res.cloudinary.com\/turna\/images\/w_300,h_188,c_scale\/f_auto,q_auto\/f_auto,q_auto\/f_auto,q_auto:low\/v1474466540\/Gazimagusa_aor7z2\/Gazimagusa_aor7z2.jpg?_i=AA 300w, https:\/\/res.cloudinary.com\/turna\/images\/w_672,h_420,c_scale\/f_auto,q_auto\/f_auto,q_auto\/f_auto,q_auto:low\/v1474466540\/Gazimagusa_aor7z2\/Gazimagusa_aor7z2.jpg?_i=AA 672w, https:\/\/res.cloudinary.com\/turna\/images\/w_640,h_400,c_scale\/f_auto,q_auto\/f_auto,q_auto\/f_auto,q_auto:low\/v1474466540\/Gazimagusa_aor7z2\/Gazimagusa_aor7z2.jpg?_i=AA 640w, https:\/\/res.cloudinary.com\/turna\/images\/w_681,h_426,c_scale\/f_auto,q_auto\/f_auto,q_auto\/f_auto,q_auto:low\/v1474466540\/Gazimagusa_aor7z2\/Gazimagusa_aor7z2.jpg?_i=AA 681w\" data-sizes=\"(max-width: 800px) 100vw, 800px\" data-delivery=\"upload\" onload=\";window.CLDBind?CLDBind(this):null;\" data-cloudinary=\"lazy\" \/><\/figure>\n\n\n\n<p>K\u00fc\u00e7\u00fck bir ticaret liman\u0131 olan <strong>Gazimagusa<\/strong>, adan\u0131n&nbsp;do\u011fusunda yer al\u0131yor. Akdeniz&#8217;in en g\u00fc\u00e7l\u00fc limanlar\u0131ndan birine sahip olan Gazimagusa, T\u00fcrkiye&#8217;nin ger\u00e7ekle\u015ftirdi\u011fi Bar\u0131\u015f Harekat\u0131&#8217;n\u0131n ard\u0131ndan ya\u015fanan s\u00fcre\u00e7te belirsizlik nedeniyle hayalet \u015fehre d\u00f6n\u00fc\u015fm\u00fc\u015f durumda.<\/p>\n\n\n\n<p>Do\u011fu Akdeniz \u00dcniversitesi&#8217;nin bulundu\u011fu \u015fehir, b\u00f6lgenin &#8216;alt\u0131n&#8217; plajlar\u0131na sahip. Ge\u00e7mi\u015fte d\u00fcnyan\u0131n her b\u00f6lgesinden turist \u00e7eken \u015fehirde 1974 y\u0131l\u0131ndan beri aynen kalan yap\u0131lar insan\u0131 hayrete d\u00fc\u015f\u00fcr\u00fcyor. \u00dclkenin&nbsp;tek derin su liman\u0131na sahip olan \u015fehir, Akdeniz\u2019in en \u00e7ok g\u00fc\u00e7lendirilmi\u015f limanlar\u0131 aras\u0131nda bulunuyor.<\/p>\n\n\n\n<p>Alt\u0131n rengi kumsallar\u0131 ve uluslararas\u0131 festivalleriyle g\u00f6renleri kendine hayran b\u0131rakan bu \u015fehir, \u00fclkenin turizm alan\u0131ndaki en \u00f6nemli yerle\u015fim yerlerinden biri. Gazima\u011fusa&#8217;da g\u00f6r\u00fclebilecek olduk\u00e7a fazla say\u0131da turistik ve tarihi yer bulunuyor. <\/p>\n\n\n\n<p>Lala Mustafa Pa\u015faCamii, Salamis Harabeleri, Othello Kulesi, Canbulat M\u00fczesi, Sinan Pa\u015fa Camii, Nam\u0131k Kemal Hapishanesi ile \u00e7e\u015fitli kilise ve manast\u0131rlar kentin gezilecek yerlerinde ilk s\u0131ralarda.<\/p>\n\n\n\n<h3 class=\"wp-block-heading has-text-align-center has-neeon-button-dark-gray-color has-text-color has-link-color wp-elements-f37d42f718914ea76870a63f42535559\"><span class=\"ez-toc-section\" id=\"10_othello_kalesi\"><\/span><strong><strong>10. <strong>Othello Kalesi<\/strong><\/strong><\/strong><span class=\"ez-toc-section-end\"><\/span><\/h3>\n\n\n\n<p>Shakespeare&#8217;in me\u015fhur karakteri Othello&#8217;nun ad\u0131n\u0131 ta\u015f\u0131yan bu kale, Ma\u011fusa\u2019n\u0131n kalbinde sizi bekliyor. Hem tarihi hem edebi bir havas\u0131 var. Venedikliler taraf\u0131ndan in\u015fa edilmi\u015f ve zamanla Osmanl\u0131 izleriyle bezenmi\u015f. \u0130\u00e7eri girdi\u011finizde kal\u0131n ta\u015f duvarlar, kuleler ve geni\u015f avlular aras\u0131nda dola\u015f\u0131rken kendinizi bir film setinde gibi hissedebilirsiniz. Zaten buras\u0131 y\u0131llar i\u00e7inde pek \u00e7ok tiyatro oyununa ve k\u00fclt\u00fcrel etkinli\u011fe de ev sahipli\u011fi yapm\u0131\u015f.&nbsp;<\/p>\n\n\n\n<h3 class=\"wp-block-heading has-text-align-center has-neeon-button-dark-gray-color has-text-color has-link-color wp-elements-8b4eda5cd66770fb518c08cd5f20be46\"><span class=\"ez-toc-section\" id=\"11_salamis_harabeleri\"><\/span><strong>11. Salamis Harabeleri<\/strong><span class=\"ez-toc-section-end\"><\/span><\/h3>\n\n\n\n<p>Antik \u00e7a\u011flara bir yolculuk yapmak istiyorsan\u0131z rotan\u0131z\u0131 <strong>Salamis Harabeleri<\/strong>\u2019ne \u00e7evirmelisiniz. Buras\u0131 ger\u00e7ekten etkileyici! K\u0131br\u0131s\u2019\u0131n en \u00f6nemli arkeolojik alanlar\u0131ndan biri olan bu antik kent, Roma d\u00f6neminden kalma yap\u0131lar\u0131yla sizi b\u00fcy\u00fcl\u00fcyor. Mozaikler, s\u00fctunlar, antik tiyatro, hamam kal\u0131nt\u0131lar\u0131. Her bir k\u00f6\u015fesi foto\u011frafl\u0131k. Tertemiz g\u00f6ky\u00fcz\u00fc ve masmavi deniz manzaras\u0131 e\u015fli\u011finde, ta\u015flar\u0131n aras\u0131nda dola\u015fmak insana zamanda yolculuk hissi veriyor.&nbsp;<\/p>\n\n\n\n<h3 class=\"wp-block-heading has-text-align-center has-neeon-button-dark-gray-color has-text-color has-link-color wp-elements-070b2d947cd0d0ce91e22f1f410ccf25\"><span class=\"ez-toc-section\" id=\"12_guzelyurt\"><\/span><strong><strong><strong>12. G\u00fczelyurt<\/strong><\/strong><\/strong><span class=\"ez-toc-section-end\"><\/span><\/h3>\n\n\n\n<figure class=\"wp-block-image is-style-default\"><img width=\"800\" height=\"500\" loading=\"lazy\" decoding=\"async\" src=\"data:image\/svg+xml;base64,PHN2ZyB4bWxucz0iaHR0cDovL3d3dy53My5vcmcvMjAwMC9zdmciIHdpZHRoPSI4MDAiIGhlaWdodD0iNTAwIj48cmVjdCB3aWR0aD0iMTAwJSIgaGVpZ2h0PSIxMDAlIj48YW5pbWF0ZSBhdHRyaWJ1dGVOYW1lPSJmaWxsIiB2YWx1ZXM9InJnYmEoMTUzLDE1MywxNTMsMC41KTtyZ2JhKDE1MywxNTMsMTUzLDAuMSk7cmdiYSgxNTMsMTUzLDE1MywwLjUpIiBkdXI9IjJzIiByZXBlYXRDb3VudD0iaW5kZWZpbml0ZSIgLz48L3JlY3Q+PC9zdmc+\" alt=\"\" class=\"wp-post-4506 wp-image-4513\" data-public-id=\"Guzelyurt_mmwnmt\/Guzelyurt_mmwnmt.jpg\" data-format=\"jpg\" data-transformations=\"f_auto,q_auto\/f_auto,q_auto:low\" data-version=\"1474466554\" data-seo=\"1\" data-size=\"800 500\" data-srcset=\"https:\/\/res.cloudinary.com\/turna\/images\/f_auto,q_auto\/f_auto,q_auto\/f_auto,q_auto:low\/v1474466554\/Guzelyurt_mmwnmt\/Guzelyurt_mmwnmt.jpg?_i=AA 800w, https:\/\/res.cloudinary.com\/turna\/images\/w_300,h_188,c_scale\/f_auto,q_auto\/f_auto,q_auto\/f_auto,q_auto:low\/v1474466554\/Guzelyurt_mmwnmt\/Guzelyurt_mmwnmt.jpg?_i=AA 300w, https:\/\/res.cloudinary.com\/turna\/images\/w_672,h_420,c_scale\/f_auto,q_auto\/f_auto,q_auto\/f_auto,q_auto:low\/v1474466554\/Guzelyurt_mmwnmt\/Guzelyurt_mmwnmt.jpg?_i=AA 672w, https:\/\/res.cloudinary.com\/turna\/images\/w_640,h_400,c_scale\/f_auto,q_auto\/f_auto,q_auto\/f_auto,q_auto:low\/v1474466554\/Guzelyurt_mmwnmt\/Guzelyurt_mmwnmt.jpg?_i=AA 640w, https:\/\/res.cloudinary.com\/turna\/images\/w_681,h_426,c_scale\/f_auto,q_auto\/f_auto,q_auto\/f_auto,q_auto:low\/v1474466554\/Guzelyurt_mmwnmt\/Guzelyurt_mmwnmt.jpg?_i=AA 681w\" data-sizes=\"(max-width: 800px) 100vw, 800px\" data-delivery=\"upload\" onload=\";window.CLDBind?CLDBind(this):null;\" data-cloudinary=\"lazy\" \/><\/figure>\n\n\n\n<p><strong>G\u00fczelyurt<\/strong>, K\u0131br\u0131s&nbsp;Adas\u0131\u2019n\u0131n kuzeybat\u0131s\u0131nda bulunan ve turun\u00e7 bah\u00e7eleriyle \u00e7evrili \u015firin bir yerle\u015fimi. Verimli topraklar\u0131 bulunan G\u00fczelyurt&#8217;ta portakal, greyfurt, kavun, karpuz, mandalina ile \u00e7e\u015fitli sebzeler yeti\u015ftirilerek, turun\u00e7gillerin bir k\u0131sm\u0131 meyve suyu olarak ada genelinde t\u00fcketilmekte bir k\u0131sm\u0131 ise ihra\u00e7 ediliyor.<\/p>\n\n\n\n<p>\u0130smini do\u011fas\u0131n\u0131n zenginli\u011fi ve g\u00fczelli\u011finden alan G\u00fczelyurt, 1998 y\u0131l\u0131na kadar Lefko\u015fa&#8217;ya ba\u011fl\u0131 bir yerle\u015fim yeriydi. \u00c7\u0131kar\u0131lan yasa ile il\u00e7e stat\u00fcs\u00fcne \u00e7\u0131kar\u0131lan G\u00fczelyurt, \u00fclkeye giden yabanc\u0131 turistlerin oldu\u011fu kadar yerel halk\u0131n da g\u00f6zde ziyaret noktalar\u0131ndan biri.<\/p>\n\n\n\n<p>Kuzey K\u0131br\u0131s&#8217;\u0131n bat\u0131s\u0131nda bulunan G\u00fczelyurt, narenciye \u00fcretimiyle tan\u0131n\u0131yor. \u015eehrin b\u00fcy\u00fck b\u00f6l\u00fcm\u00fcnde narenciye bah\u00e7elerinin mis gibi kokusunu duymak m\u00fcmk\u00fcn. Tarihi ve k\u00fclt\u00fcrel miras a\u00e7\u0131s\u0131ndan olduk\u00e7a zengin bir varl\u0131\u011fa sahip olan \u015fehirde Soli Bazilikas\u0131, Pigades Tap\u0131na\u011f\u0131 gibi tarihi yap\u0131lar her y\u0131l binlerce ziyaret\u00e7iyi a\u011f\u0131rl\u0131yor. <\/p>\n\n\n\n<p>G\u00fczelyurt bakir do\u011fas\u0131yla da ilgi \u00e7ekiyor. Mamas Manast\u0131r\u0131, Pigades Tap\u0131na\u011f\u0131, Toumba Tu Skouru, G\u00fczelyurt\u2019un ba\u015fl\u0131ca gezilecek yerleri.<\/p>\n\n\n\n<h3 class=\"wp-block-heading has-text-align-center has-neeon-button-dark-gray-color has-text-color has-link-color wp-elements-217da6c933d46fc5f0c04058f5fa325b\"><span class=\"ez-toc-section\" id=\"13_mamas_manastiri\"><\/span><strong><strong>13. <strong>Mamas Manast\u0131r\u0131<\/strong><\/strong><\/strong><span class=\"ez-toc-section-end\"><\/span><\/h3>\n\n\n\n<p><strong>Mamas Manast\u0131r\u0131<\/strong>, on ikinci y\u00fczy\u0131lda ya\u015fam\u0131\u015f bir H\u0131ristiyan bir aziz ad\u0131na, G\u00fczelyurt kent merkezinde yer alan bir manast\u0131r. L\u00fczinyan d\u00f6neminde Bizans kilisesi kal\u0131nt\u0131lar\u0131 \u00fczerinde in\u015fa edilen ve son halini on sekizinci y\u00fczy\u0131lda alm\u0131\u015f bir yap\u0131. <\/p>\n\n\n\n<p>On ikinci y\u00fczy\u0131lda G\u00fczelyurt \u00e7evresinde ya\u015fam\u0131\u015f bir H\u0131ristiyan olan Aziz Mamas\u2019\u0131n mezar\u0131 ise kilisenin kuzey giri\u015finin hemen sol taraf\u0131nda yer al\u0131yor. \u0130kon b\u00f6l\u00fcm\u00fc L\u00fczinyan ve Venedik d\u00f6nemine de\u011fin uzanan mezar\u0131n d\u00f6rt Venedik s\u00fctunundan biri \u00fcz\u00fcm, incir ve kalkan motifleri ile bezenmi\u015f. Kilisenin kuzey ve do\u011fusunda yer alan manast\u0131r yap\u0131lar\u0131 g\u00fcn\u00fcm\u00fczde ofis olarak kullan\u0131l\u0131yor.<\/p>\n\n\n\n<h3 class=\"wp-block-heading has-text-align-center has-neeon-button-dark-gray-color has-text-color has-link-color wp-elements-df8eca230737d6f52e54debc84af1af5\"><span class=\"ez-toc-section\" id=\"14_pigades_tapinagi\"><\/span><strong><strong>14. <strong>Pigades Tap\u0131na\u011f\u0131<\/strong><\/strong><\/strong><span class=\"ez-toc-section-end\"><\/span><\/h3>\n\n\n\n<p><strong>Pigades Tap\u0131na\u011f\u0131<\/strong>, G\u00fczelyurt il\u00e7e s\u0131n\u0131rlar\u0131 i\u00e7erisinde, Y\u0131lmazk\u00f6y-\u00c7aml\u0131bel yolu \u00fczerinde, Hisark\u00f6y yak\u0131nlar\u0131nda yer al\u0131yor. Pigades Tap\u0131na\u011f\u0131 ile birlikte Tumba Tu Skuru Mezarlar\u0131, Karmi K\u00f6y\u00fc\u2019nde yer alan Tun\u00e7 \u00c7a\u011f\u0131 Mezarl\u0131\u011f\u0131, Tuzla K\u00f6y\u00fc yak\u0131nlar\u0131ndaki Engomi Tap\u0131na\u011f\u0131 adan\u0131n, 3500 y\u0131l \u00f6ncesinden kalma en \u00f6nemli kal\u0131nt\u0131lar\u0131 olarak kabul ediliyor.&nbsp;<\/p>\n\n\n\n<p>Ge\u00e7 Tun\u00e7 \u00c7a\u011f\u0131\u2019na (M\u00d6 1600-1050) tarihlenen Pigades Tap\u0131na\u011f\u0131, ilk kez 1951-1952 y\u0131llar\u0131nda Oxford Ashmolean \u00dcniversitesi Sanat ve Arkeoloji M\u00fczesi ile Avustralya Sydney \u00dcniversitesi ekipleri taraf\u0131ndan kaz\u0131lm\u0131\u015f. Kaz\u0131lar s\u0131ras\u0131nda alanda saptanan sunak ise 1969\u2019da yeniden in\u015fa edilmi\u015f. Kaz\u0131lardan elde edilen bilgiye g\u00f6re, in\u015fa edildi\u011fi d\u00f6nemde tap\u0131na\u011f\u0131n Yunan adalar\u0131, \u00f6zellikle de Girit ile dini temele dayal\u0131 politik ve ticari ili\u015fkiler i\u00e7inde oldu\u011fu g\u00f6r\u00fc\u015f\u00fc hakim.<\/p>\n\n\n\n<h3 class=\"wp-block-heading has-text-align-center has-neeon-button-dark-gray-color has-text-color has-link-color wp-elements-53d63968b4db91e64a7621911787e824\"><span class=\"ez-toc-section\" id=\"15_dipkarpaz\"><\/span><strong><strong><strong>15. Dipkarpaz<\/strong><\/strong><\/strong><span class=\"ez-toc-section-end\"><\/span><\/h3>\n\n\n\n<figure class=\"wp-block-image is-style-default\"><img width=\"800\" height=\"500\" loading=\"lazy\" decoding=\"async\" src=\"data:image\/svg+xml;base64,PHN2ZyB4bWxucz0iaHR0cDovL3d3dy53My5vcmcvMjAwMC9zdmciIHdpZHRoPSI4MDAiIGhlaWdodD0iNTAwIj48cmVjdCB3aWR0aD0iMTAwJSIgaGVpZ2h0PSIxMDAlIj48YW5pbWF0ZSBhdHRyaWJ1dGVOYW1lPSJmaWxsIiB2YWx1ZXM9InJnYmEoMTUzLDE1MywxNTMsMC41KTtyZ2JhKDE1MywxNTMsMTUzLDAuMSk7cmdiYSgxNTMsMTUzLDE1MywwLjUpIiBkdXI9IjJzIiByZXBlYXRDb3VudD0iaW5kZWZpbml0ZSIgLz48L3JlY3Q+PC9zdmc+\" alt=\"\" class=\"wp-post-4506 wp-image-4514\" data-public-id=\"Dipkarpaz_ix5trw\/Dipkarpaz_ix5trw.jpg\" data-format=\"jpg\" data-transformations=\"f_auto,q_auto\/f_auto,q_auto:low\" data-version=\"1474466568\" data-seo=\"1\" data-size=\"800 500\" data-srcset=\"https:\/\/res.cloudinary.com\/turna\/images\/f_auto,q_auto\/f_auto,q_auto\/f_auto,q_auto:low\/v1474466568\/Dipkarpaz_ix5trw\/Dipkarpaz_ix5trw.jpg?_i=AA 800w, https:\/\/res.cloudinary.com\/turna\/images\/w_300,h_188,c_scale\/f_auto,q_auto\/f_auto,q_auto\/f_auto,q_auto:low\/v1474466568\/Dipkarpaz_ix5trw\/Dipkarpaz_ix5trw.jpg?_i=AA 300w, https:\/\/res.cloudinary.com\/turna\/images\/w_672,h_420,c_scale\/f_auto,q_auto\/f_auto,q_auto\/f_auto,q_auto:low\/v1474466568\/Dipkarpaz_ix5trw\/Dipkarpaz_ix5trw.jpg?_i=AA 672w, https:\/\/res.cloudinary.com\/turna\/images\/w_640,h_400,c_scale\/f_auto,q_auto\/f_auto,q_auto\/f_auto,q_auto:low\/v1474466568\/Dipkarpaz_ix5trw\/Dipkarpaz_ix5trw.jpg?_i=AA 640w, https:\/\/res.cloudinary.com\/turna\/images\/w_681,h_426,c_scale\/f_auto,q_auto\/f_auto,q_auto\/f_auto,q_auto:low\/v1474466568\/Dipkarpaz_ix5trw\/Dipkarpaz_ix5trw.jpg?_i=AA 681w\" data-sizes=\"(max-width: 800px) 100vw, 800px\" data-delivery=\"upload\" onload=\";window.CLDBind?CLDBind(this):null;\" data-cloudinary=\"lazy\" \/><\/figure>\n\n\n\n<p><meta charset=\"utf-8\"><strong>Karpaz<\/strong>,&nbsp;K\u0131br\u0131s\u2019\u0131n kuzeydo\u011fu ucundan&nbsp;Anadolu&#8217;ya do\u011fru uzanan, sivri ve uzun b\u00f6lge. Y\u00fcz\u00f6l\u00e7\u00fcm\u00fcne oranla k\u00fc\u00e7\u00fck bir n\u00fcfusun ya\u015fad\u0131\u011f\u0131 Karpaz Yar\u0131madas\u0131,&nbsp;milli park&nbsp;stat\u00fcs\u00fcnde oldu\u011fundan koruma alt\u0131nda bulunuyor.<\/p>\n\n\n\n<p>Karpaz Yar\u0131madas\u0131 huzur veren sessizli\u011fi, ye\u015filliklerin s\u00fcsledi\u011fi masmavi koylar\u0131, upuzun kumsallar\u0131, el de\u011fmemi\u015f do\u011fas\u0131 ve ge\u00e7mi\u015fin g\u00f6rkemine tan\u0131kl\u0131k eden tarihi kal\u0131nt\u0131lar\u0131 ile cennetten bir par\u00e7a. <meta charset=\"utf-8\">Kuzey K\u0131br\u0131s\u2019taki tek Milli Park olan Karpaz, son y\u0131llarda yap\u0131lan yat\u0131r\u0131mlarla \u00e7ok farkl\u0131 turizm aktivitelerinin de yap\u0131labildi\u011fi bir \u00e7ekim merkezi durumuna gelmi\u015f durumda.<\/p>\n\n\n\n<p>Tarih\u00ee ve do\u011fal g\u00f6r\u00fcn\u00fcm\u00fcyle K\u0131br\u0131s&#8217;\u0131n \u00f6nemli b\u00f6lgelerinden biri olan Karpaz, tarih boyunca medeniyetten ka\u00e7mak ya da inzivaya \u00e7ekilmek isteyenlerin u\u011frak yeri olmu\u015f. Bir\u00e7ok antik kenti, manast\u0131r\u0131 ve \u00e7e\u015fitli uygarl\u0131klar\u0131n izlerini bar\u0131nd\u0131ran Karpaz Yar\u0131madas\u0131\u2019ndaki manast\u0131rlar\u0131n en \u00fcnl\u00fcs\u00fc de&nbsp;Apostolos Andreas Manast\u0131r\u0131. Karpaz\u2019\u0131n en \u00f6nemli antik kal\u0131nt\u0131 ise,&nbsp;Karpasia&nbsp;Antik Kenti.<\/p>\n\n\n\n<p>Kuzey K\u0131br\u0131s&#8217;\u0131n en bakir yerle\u015fim yerlerinden Dipkarpaz, Rumlar i\u00e7in manevi anlam ta\u015f\u0131yan \u00e7ok say\u0131da tarihi varl\u0131\u011fa da sahip. Apostolos Andrea Manast\u0131r\u0131&#8217;n\u0131 g\u00f6rmek i\u00e7in her y\u0131l binlerce Rum b\u00f6lgeye ak\u0131n ediyor. K\u00fc\u00e7\u00fck k\u00f6y ve kasabalar\u0131, do\u011fal g\u00fczellikleri ve leziz tar\u0131m \u00fcr\u00fcnleri ile haz\u0131rlanan yemekleri Dipkarpaz&#8217;\u0131n \u00f6ne \u00e7\u0131kan \u00f6zelliklerinden.<\/p>\n\n\n\n<h3 class=\"wp-block-heading has-text-align-center has-neeon-button-dark-gray-color has-text-color has-link-color wp-elements-c0ec85e62043f7ecb6e14a81f4a7f031\"><span class=\"ez-toc-section\" id=\"16_altin_kumsal\"><\/span><strong><strong>16. <strong>Alt\u0131n Kumsal<\/strong><\/strong><\/strong><span class=\"ez-toc-section-end\"><\/span><\/h3>\n\n\n\n<p>\u0130smi gibi kendisi de alt\u0131n rengiyle parlayan bir sahil: <strong>Alt\u0131n Kumsal<\/strong>! Karpaz Yar\u0131madas\u0131\u2019nda yer alan ve Alt\u0131nkum olarak da bilinen plaj, bakirli\u011fiyle ve do\u011fal g\u00fczelli\u011fiyle sizi kendine hayran b\u0131rakacak. \u0130ncecik kumlar, turkuaz deniz ve uzanan sahil. \u00dcstelik kalabal\u0131ktan uzak, huzur dolu bir yer ar\u0131yorsan\u0131z tam size g\u00f6re. Denize girin, g\u00fcne\u015fin keyfini \u00e7\u0131kar\u0131n, hatta \u015fansl\u0131ysan\u0131z caretta carettalar\u0131 bile g\u00f6rebilirsiniz!&nbsp;<\/p>\n\n\n\n<h3 class=\"wp-block-heading has-text-align-center has-neeon-button-dark-gray-color has-text-color has-link-color wp-elements-82300250488745326f9fd24c18b44a7e\"><span class=\"ez-toc-section\" id=\"17_iskele\"><\/span><strong><strong><strong>17. \u0130skele<\/strong><\/strong><\/strong><span class=\"ez-toc-section-end\"><\/span><\/h3>\n\n\n\n<p>Yakla\u015f\u0131k 25 bin n\u00fcfuslu bir yerle\u015fim yeri olan<strong> \u0130skele<\/strong>&#8216;de bulunan Agios Iakovos Kilisesi b\u00f6lgenin en \u00f6nemli turistik yap\u0131lar\u0131ndan biri. Olduk\u00e7a sakin ve huzurlu bir atmosfere sahip olan \u0130skele, yolu K\u0131br\u0131s&#8217;a d\u00fc\u015fenler i\u00e7in harika bir dinlenme adresi.<\/p>\n\n\n\n<h3 class=\"wp-block-heading has-text-align-center has-neeon-button-dark-gray-color has-text-color has-link-color wp-elements-001af88d3a1fb7e9ec192c6a71b74d8a\"><span class=\"ez-toc-section\" id=\"18_lefke\"><\/span><strong><strong><strong>18. Lefke<\/strong><\/strong><\/strong><span class=\"ez-toc-section-end\"><\/span><\/h3>\n\n\n\n<figure class=\"wp-block-image size-full is-style-default\"><img width=\"800\" height=\"500\" loading=\"lazy\" decoding=\"async\" src=\"data:image\/svg+xml;base64,PHN2ZyB4bWxucz0iaHR0cDovL3d3dy53My5vcmcvMjAwMC9zdmciIHdpZHRoPSI4MDAiIGhlaWdodD0iNTAwIj48cmVjdCB3aWR0aD0iMTAwJSIgaGVpZ2h0PSIxMDAlIj48YW5pbWF0ZSBhdHRyaWJ1dGVOYW1lPSJmaWxsIiB2YWx1ZXM9InJnYmEoMTUzLDE1MywxNTMsMC41KTtyZ2JhKDE1MywxNTMsMTUzLDAuMSk7cmdiYSgxNTMsMTUzLDE1MywwLjUpIiBkdXI9IjJzIiByZXBlYXRDb3VudD0iaW5kZWZpbml0ZSIgLz48L3JlY3Q+PC9zdmc+\" alt=\"Lefke-Kibris\" class=\"wp-post-4506 wp-image-19803\" data-public-id=\"Lefke-Kibris\/Lefke-Kibris.jpg\" data-format=\"jpg\" data-transformations=\"f_auto,q_auto:low\" data-version=\"1630315114\" data-seo=\"1\" data-size=\"800 500\" data-srcset=\"https:\/\/res.cloudinary.com\/turna\/images\/f_auto,q_auto:low\/v1630315114\/Lefke-Kibris\/Lefke-Kibris.jpg?_i=AA 800w, https:\/\/res.cloudinary.com\/turna\/images\/w_300,h_188,c_scale\/f_auto,q_auto:low\/v1630315114\/Lefke-Kibris\/Lefke-Kibris.jpg?_i=AA 300w, https:\/\/res.cloudinary.com\/turna\/images\/w_672,h_420,c_scale\/f_auto,q_auto:low\/v1630315114\/Lefke-Kibris\/Lefke-Kibris.jpg?_i=AA 672w, https:\/\/res.cloudinary.com\/turna\/images\/w_640,h_400,c_scale\/f_auto,q_auto:low\/v1630315114\/Lefke-Kibris\/Lefke-Kibris.jpg?_i=AA 640w, https:\/\/res.cloudinary.com\/turna\/images\/w_681,h_426,c_scale\/f_auto,q_auto:low\/v1630315114\/Lefke-Kibris\/Lefke-Kibris.jpg?_i=AA 681w\" data-sizes=\"(max-width: 800px) 100vw, 800px\" data-delivery=\"upload\" onload=\";window.CLDBind?CLDBind(this):null;\" data-cloudinary=\"lazy\" \/><\/figure>\n\n\n\n<p><strong>Lefke<\/strong>, adan\u0131n kuzeyinde,&nbsp;G\u00fczelyurt K\u00f6rfezi&#8217;ne bakan ve G\u00fczelyurt\u2019a ba\u011fl\u0131 bir kasaba. Lefke, Venedikliler&nbsp;d\u00f6neminde \u0130talyan Katoliklerin yerle\u015fti\u011fi bir b\u00f6lge iken Osmanl\u0131 hakimiyetinde \u00e7o\u011funlukla T\u00fcrk sakinlerinin yerle\u015fti\u011fi bir b\u00f6lge olmu\u015f. Gemikona\u011f\u0131&#8217;ndan ba\u015flayarak Osmanl\u0131&nbsp;d\u00f6nemine ait mimar\u00ee yap\u0131 \u00f6rneklerini g\u00f6rebilece\u011finiz Lefke&#8217;de, modern evler, sar\u0131 ta\u015ftan yap\u0131lan b\u00fcy\u00fck konaklar, Osmanl\u0131 mimar\u00ee \u00f6rnekleri, maden oca\u011f\u0131n\u0131n faal oldu\u011fu d\u00f6nemlerde yap\u0131lan i\u015f\u00e7i evleri, kasaban\u0131n dokusunu olu\u015fturuyor. <\/p>\n\n\n\n<p>Lefke, Soli&nbsp;ve&nbsp;Vouni&nbsp;Antik Kentleri ile tam bir antik kent cenneti. Ye\u015fil\u0131rmak&#8217;taki Ye\u015fil\u0131rmak Ta\u015f\u0131 (Petra Tou Limniti) ise Lefke\u2019nin en \u00f6nemli tarihi kal\u0131nt\u0131lar\u0131 aras\u0131nda. Bunlar\u0131n yan\u0131 s\u0131ra,&nbsp;su kemerleri,&nbsp;Piri Mehmet Pa\u015fa Camii, Orta ve A\u015fa\u011f\u0131 Camiiler de Lafke\u2019nin ziyaret edebilece\u011finiz yap\u0131lar\u0131 aras\u0131nda.<\/p>\n\n\n\n<h3 class=\"wp-block-heading has-text-align-center has-neeon-button-dark-gray-color has-text-color has-link-color wp-elements-c0cbe9bf0222b4d99390aa6077f4471f\"><span class=\"ez-toc-section\" id=\"19_soli_antik_kenti\"><\/span><strong>19.<\/strong> <strong><strong><strong>Soli Antik Kenti<\/strong><\/strong><\/strong><span class=\"ez-toc-section-end\"><\/span><\/h3>\n\n\n\n<p><strong>Soli Antik Kenti<\/strong>, Lefke\u2019de, verimli topraklar \u00fczerinde, bak\u0131r yataklar\u0131 ve liman\u0131yla, adan\u0131n \u00f6nemli konuma sahip kenti. Koruma alt\u0131nda bulunan Soli, milattan \u00f6nce kurulan 9 dokuz K\u0131br\u0131s krall\u0131\u011f\u0131ndan biri. Tarihi M\u00d6 700\u2019lere tarihlenen Soli, en parlak y\u0131llar\u0131n\u0131 Roma d\u00f6neminde ya\u015fam\u0131\u015f. Soli\u2019de yap\u0131lan kaz\u0131larda Helenistik d\u00f6neme ait alt\u0131n ve g\u00fcm\u00fc\u015f tak\u0131lar, M\u00d6 1\u2019inci y\u00fczy\u0131la ait olan ve G\u00fcney K\u0131br\u0131s\u2019taki K\u0131br\u0131s M\u00fczesi\u2019nde yer alan Afrodit Heykeli ile M\u00d6 2\u2019inci y\u00fczy\u0131la ait amazonlarla&nbsp;sava\u015f\u0131 betimleyen kabartmalar\u0131n bulunmu\u015f. <\/p>\n\n\n\n<p>Agoraya a\u00e7\u0131lan s\u00fctunlu cadde, mermer an\u0131tsal \u00e7e\u015fme, tatl\u0131 su kaynaklar\u0131, korunakl\u0131 bir liman, ayr\u0131ca bak\u0131r yataklar\u0131 ve bak\u0131r\u0131 i\u015fleyecek bol miktarda odunun bulunmas\u0131 Soli\u2019nin burada kurulan ilk yerle\u015fim olmayabilece\u011fini g\u00f6stermektedir. Nitekim arkeolojik kaz\u0131larda \u0130.\u00d6. 11. y\u00fczy\u0131la \u00f6nemini ortaya koyuyor. Soli&#8217;de g\u00fcn\u00fcm\u00fcze kadar gelen en \u00f6nemli eserlerin ba\u015f\u0131nda Soli Bazilikas\u0131 ve sonrada restore edilen Soli Tiyatrosu geliyor.<\/p>\n\n\n\n<h3 class=\"wp-block-heading has-text-align-center has-neeon-button-dark-gray-color has-text-color has-link-color wp-elements-a6b585adc00f2a9d639844f78d490f5b\"><span class=\"ez-toc-section\" id=\"20_soli_bazilikasi\"><\/span><strong><strong>20. <strong>Soli Bazilikas\u0131<\/strong><\/strong><\/strong><span class=\"ez-toc-section-end\"><\/span><\/h3>\n\n\n\n<p><strong>Soli Bazilikas\u0131<\/strong>, K\u0131br\u0131s&#8217;ta in\u015fa edilen ilk kiliselerden biri. \u00dc\u00e7 kap\u0131l\u0131 bir giri\u015fle ba\u015flayan ve bunu d\u00f6rt taraf\u0131 s\u00fctunlarla \u00e7evrili, \u00e7e\u015fmeli bir avlunun izledi\u011fi bazilika iki y\u00fcz metre uzunlu\u011funda. Hristiyanl\u0131k gelene\u011finde Soli Saint Mark\u2019\u0131n, Saint Auxibus taraf\u0131ndan vaftiz edildi\u011fi yer olarak kabul ediliyor.<\/p>\n\n\n\n<h3 class=\"wp-block-heading has-text-align-center has-neeon-button-dark-gray-color has-text-color has-link-color wp-elements-3ba144d75712d13a03f1fc80e14dcda3\"><span class=\"ez-toc-section\" id=\"21_soli_tiyatrosu\"><\/span><strong><strong>21. <strong>Soli Tiyatrosu<\/strong><\/strong><\/strong><span class=\"ez-toc-section-end\"><\/span><\/h3>\n\n\n\n<p><strong>Soli Tiyatrosu<\/strong>, Roma d\u00f6neminde bir zamanlar ayn\u0131 yerde bulunan Yunan tiyatrosunun yerine yap\u0131lm\u0131\u015f. MS 2\u2019inci ila 3\u2019\u00fcnc\u00fc y\u00fczy\u0131la tarihlenen yap\u0131 d\u00f6rt bin ki\u015filik kapasiteye sahip. \u0130zleyicilere ayr\u0131lan yar\u0131m daire \u015feklindeki oturma s\u0131ralar\u0131n\u0131n oldu\u011fu antik tiyatronun mermer sahnesi heykellerle s\u00fcsl\u00fc. Tiyatronun bat\u0131s\u0131ndaki bir tepe \u00fczerinde \u0130sis ve Afrodit&#8217;e adanm\u0131\u015f bir tap\u0131na\u011f\u0131n izleri bulunuyor.<\/p>\n\n\n\n<p>\u00dclkeye girmek isteyen T\u00fcrk vatanda\u015flar\u0131ndan vize ve pasaport istemeyen Kuzey K\u0131br\u0131s T\u00fcrk Cumhuriyeti&#8217;ne&nbsp;gitmek i\u00e7in kimli\u011finizi yan\u0131n\u0131za alman\u0131z yeterli. Kimli\u011finizle yapaca\u011f\u0131n\u0131z giri\u015flerde, 90 g\u00fcn boyunca \u00fclkede kalma hakk\u0131n\u0131z bulunuyor. Do\u011fas\u0131 ve masmavi koylar\u0131yla g\u00f6renleri b\u00fcy\u00fcs\u00fc alt\u0131na alan bu \u015fahane \u00fclkeye dair plan yaparken,&nbsp;<strong><a href=\"https:\/\/www.turna.com\/ucak-bileti\/kibris\">K\u0131br\u0131s u\u00e7ak bileti<\/a> <\/strong>f\u0131rsatlar\u0131n\u0131 takip etmeyi ihmal etmeyin.<\/p>\n\n\n\n<p><\/p>\n\n    <div class=\"xs_social_share_widget xs_share_url after_content \t\tmain_content  wslu-style-1 wslu-share-box-shaped wslu-fill-colored wslu-none wslu-share-horizontal wslu-theme-font-no wslu-main_content\">\n\n\t\t\n        <ul>\n\t\t\t        <\/ul>\n    <\/div> \n","protected":false},"excerpt":{"rendered":"<p>K\u0131br\u0131s, Akdeniz&#8217;in \u00fc\u00e7\u00fcnc\u00fc b\u00fcy\u00fck&nbsp;adas\u0131. Anadolu\u2019nun 65&nbsp;km g\u00fcneyinde yer alan ve yaln\u0131zca T\u00fcrkiye\u2019nin tan\u0131d\u0131\u011f\u0131 ba\u011f\u0131ms\u0131z bir devlet olan Kuzey K\u0131br\u0131s T\u00fcrk Cumhuriyeti, T\u00fcrkiye\u2019nin tatil cenneti. Karadan yaln\u0131zca G\u00fcney K\u0131br\u0131s Rum Y\u00f6netimi ile s\u0131n\u0131r\u0131 olan&nbsp;KKTC, Akdeniz&#8217;in kuzeyinde&nbsp;T\u00fcrkiye, do\u011fusunda&nbsp;Suriye, \u0130srail ve&nbsp;L\u00fcbnan, g\u00fcneyinde&nbsp;M\u0131s\u0131r ve kuzeybat\u0131s\u0131nda ise&nbsp;Yunanistan&nbsp;ile \u00e7evrili. T\u00fcrkiye\u2019den vize ve pasaporta ihtiya\u00e7 duymadan kolayca giri\u015f yap\u0131labilen K\u0131br\u0131s, renkli gece [&hellip;]<\/p>\n","protected":false},"author":9,"featured_media":4512,"comment_status":"open","ping_status":"open","sticky":false,"template":"","format":"standard","meta":{"rop_custom_images_group":[],"rop_custom_messages_group":[],"rop_publish_now":"initial","rop_publish_now_accounts":[],"rop_publish_now_history":[],"rop_publish_now_status":"pending","_cloudinary_featured_overwrite":false,"footnotes":""},"categories":[331],"tags":[333,468],"class_list":["post-4506","post","type-post","status-publish","format-standard","has-post-thumbnail","hentry","category-kibris","tag-kibris","tag-lefkose"],"_links":{"self":[{"href":"https:\/\/www.turna.com\/blog\/wp-json\/wp\/v2\/posts\/4506","targetHints":{"allow":["GET"]}}],"collection":[{"href":"https:\/\/www.turna.com\/blog\/wp-json\/wp\/v2\/posts"}],"about":[{"href":"https:\/\/www.turna.com\/blog\/wp-json\/wp\/v2\/types\/post"}],"author":[{"embeddable":true,"href":"https:\/\/www.turna.com\/blog\/wp-json\/wp\/v2\/users\/9"}],"replies":[{"embeddable":true,"href":"https:\/\/www.turna.com\/blog\/wp-json\/wp\/v2\/comments?post=4506"}],"version-history":[{"count":0,"href":"https:\/\/www.turna.com\/blog\/wp-json\/wp\/v2\/posts\/4506\/revisions"}],"wp:featuredmedia":[{"embeddable":true,"href":"https:\/\/www.turna.com\/blog\/wp-json\/wp\/v2\/media\/4512"}],"wp:attachment":[{"href":"https:\/\/www.turna.com\/blog\/wp-json\/wp\/v2\/media?parent=4506"}],"wp:term":[{"taxonomy":"category","embeddable":true,"href":"https:\/\/www.turna.com\/blog\/wp-json\/wp\/v2\/categories?post=4506"},{"taxonomy":"post_tag","embeddable":true,"href":"https:\/\/www.turna.com\/blog\/wp-json\/wp\/v2\/tags?post=4506"}],"curies":[{"name":"wp","href":"https:\/\/api.w.org\/{rel}","templated":true}]}}