{"id":4495,"date":"2025-10-23T12:42:48","date_gmt":"2025-10-23T09:42:48","guid":{"rendered":"https:\/\/www.turna.com\/blog\/?p=4495"},"modified":"2025-10-23T12:42:50","modified_gmt":"2025-10-23T09:42:50","slug":"sezon-disi-tatiller","status":"publish","type":"post","link":"https:\/\/www.turna.com\/blog\/sezon-disi-tatiller","title":{"rendered":"\u00d6n\u00fcm\u00fczdeki Yaza Kadar Ka\u00e7\u0131r\u0131lmamas\u0131 Gereken Mini Tatil Zamanlar\u0131"},"content":{"rendered":"<div id=\"ez-toc-container\" class=\"ez-toc-v2_0_82_2 counter-hierarchy ez-toc-counter ez-toc-black ez-toc-container-direction\">\n<div class=\"ez-toc-title-container\">\n<p class=\"ez-toc-title\" style=\"cursor:inherit\">\u0130\u00e7indekiler<\/p>\n<span class=\"ez-toc-title-toggle\"><a href=\"#\" class=\"ez-toc-pull-right ez-toc-btn ez-toc-btn-xs ez-toc-btn-default ez-toc-toggle\" aria-label=\"\u0130\u00e7indekiler Tablosunu A\u00e7\/Kapat\"><span class=\"ez-toc-js-icon-con\"><span class=\"\"><span class=\"eztoc-hide\" style=\"display:none;\">Toggle<\/span><span class=\"ez-toc-icon-toggle-span\"><svg style=\"fill: #ffffff;color:#ffffff\" xmlns=\"http:\/\/www.w3.org\/2000\/svg\" class=\"list-377408\" width=\"20px\" height=\"20px\" viewBox=\"0 0 24 24\" fill=\"none\"><path d=\"M6 6H4v2h2V6zm14 0H8v2h12V6zM4 11h2v2H4v-2zm16 0H8v2h12v-2zM4 16h2v2H4v-2zm16 0H8v2h12v-2z\" fill=\"currentColor\"><\/path><\/svg><svg style=\"fill: #ffffff;color:#ffffff\" class=\"arrow-unsorted-368013\" xmlns=\"http:\/\/www.w3.org\/2000\/svg\" width=\"10px\" height=\"10px\" viewBox=\"0 0 24 24\" version=\"1.2\" baseProfile=\"tiny\"><path d=\"M18.2 9.3l-6.2-6.3-6.2 6.3c-.2.2-.3.4-.3.7s.1.5.3.7c.2.2.4.3.7.3h11c.3 0 .5-.1.7-.3.2-.2.3-.5.3-.7s-.1-.5-.3-.7zM5.8 14.7l6.2 6.3 6.2-6.3c.2-.2.3-.5.3-.7s-.1-.5-.3-.7c-.2-.2-.4-.3-.7-.3h-11c-.3 0-.5.1-.7.3-.2.2-.3.5-.3.7s.1.5.3.7z\"\/><\/svg><\/span><\/span><\/span><\/a><\/span><\/div>\n<nav><ul class='ez-toc-list ez-toc-list-level-1 eztoc-toggle-hide-by-default' ><li class='ez-toc-page-1 ez-toc-heading-level-2'><a class=\"ez-toc-link ez-toc-heading-1\" href=\"https:\/\/www.turna.com\/blog\/sezon-disi-tatiller\/#yaza_kadar_kacirilmamasi_gereken_tatil_zamanlari\" >Yaza Kadar Ka\u00e7\u0131r\u0131lmamas\u0131 Gereken Tatil Zamanlar\u0131<\/a><ul class='ez-toc-list-level-3' ><li class='ez-toc-heading-level-3'><a class=\"ez-toc-link ez-toc-heading-2\" href=\"https:\/\/www.turna.com\/blog\/sezon-disi-tatiller\/#29_ekim_cumhuriyet_bayrami\" >29 Ekim Cumhuriyet Bayram\u0131\u00a0<\/a><\/li><li class='ez-toc-page-1 ez-toc-heading-level-3'><a class=\"ez-toc-link ez-toc-heading-3\" href=\"https:\/\/www.turna.com\/blog\/sezon-disi-tatiller\/#1_ocak_yilbasi_tatili\" >1 Ocak Y\u0131lba\u015f\u0131 Tatili\u00a0\u00a0\u00a0<\/a><\/li><li class='ez-toc-page-1 ez-toc-heading-level-3'><a class=\"ez-toc-link ez-toc-heading-4\" href=\"https:\/\/www.turna.com\/blog\/sezon-disi-tatiller\/#19_mart_%e2%80%93_22_mart_ramazan_bayrami\" >19 Mart &#8211; 22 Mart Ramazan Bayram\u0131<\/a><\/li><li class='ez-toc-page-1 ez-toc-heading-level-3'><a class=\"ez-toc-link ez-toc-heading-5\" href=\"https:\/\/www.turna.com\/blog\/sezon-disi-tatiller\/#23_nisan_ulusal_egemenlik_ve_cocuk_bayrami\" >23 Nisan Ulusal Egemenlik ve \u00c7ocuk Bayram\u0131\u00a0\u00a0<\/a><\/li><li class='ez-toc-page-1 ez-toc-heading-level-3'><a class=\"ez-toc-link ez-toc-heading-6\" href=\"https:\/\/www.turna.com\/blog\/sezon-disi-tatiller\/#1_mayis_emek_ve_dayanisma_gunu\" >1 May\u0131s Emek ve Dayan\u0131\u015fma G\u00fcn\u00fc<\/a><\/li><li class='ez-toc-page-1 ez-toc-heading-level-3'><a class=\"ez-toc-link ez-toc-heading-7\" href=\"https:\/\/www.turna.com\/blog\/sezon-disi-tatiller\/#19_mayis_ataturku_anma_genclik_ve_spor_bayrami\" >19 May\u0131s Atat\u00fcrk\u2019\u00fc Anma, Gen\u00e7lik ve Spor Bayram\u0131\u00a0\u00a0<\/a><\/li><li class='ez-toc-page-1 ez-toc-heading-level-3'><a class=\"ez-toc-link ez-toc-heading-8\" href=\"https:\/\/www.turna.com\/blog\/sezon-disi-tatiller\/#26-30_mayis_kurban_bayrami\" >26-30 May\u0131s Kurban Bayram\u0131\u00a0<\/a><\/li><li class='ez-toc-page-1 ez-toc-heading-level-3'><a class=\"ez-toc-link ez-toc-heading-9\" href=\"https:\/\/www.turna.com\/blog\/sezon-disi-tatiller\/#ozel_gunler\" >\u00d6zel G\u00fcnler<\/a><\/li><\/ul><\/li><\/ul><\/nav><\/div>\n\n<p>Yaz bitti, yeni y\u0131l yakla\u015f\u0131rken de seyahatseverlerin akl\u0131nda ayn\u0131 soru var: \u201cBiraz nefes alabilece\u011fimiz o tatil g\u00fcnleri ne zaman geliyor?\u201d. Turna\u2019dan size g\u00fczel haber! 2026 yaz\u0131na kadar \u00f6yle g\u00fczel, \u00f6yle denk gelen tatiller var ki, sadece bir iki g\u00fcn izin alarak minik ka\u00e7amaklar yapabilirsiniz. \u00dcstelik bazen bu spontane geli\u015fen k\u0131sa tatiller, uzun yaz tatillerinden bile daha iyi geliyor insana.<\/p>\n\n\n\n<p>Bir d\u00fc\u015f\u00fcn\u00fcn; k\u0131\u015f\u0131n ortas\u0131nda bir termal otelde s\u0131cac\u0131k bir mola, baharda do\u011fada bir hafta sonu, May\u0131s\u2019ta erken yaz havas\u0131\u2026 Hem kalabal\u0131k yok, hem fiyatlar daha uygun, hem de enerji depolamak i\u00e7in birebir. Turna&#8217;dan <strong><a href=\"https:\/\/www.turna.com\/ucak-bileti\">u\u00e7ak bileti<\/a><\/strong>, <strong><a href=\"https:\/\/www.turna.com\/otel\">otel rezervasyonu<\/a><\/strong> ve \u00e7ok daha fazla i\u015fleminizi kolayl\u0131kla halledin \u00e7\u00fcnk\u00fc yaz\u0131 beklemeden g\u00fczel anlar biriktirmenin ve plan yapman\u0131n tam zaman\u0131. <\/p>\n\n\n\n<h2 class=\"wp-block-heading has-text-align-center has-neeon-button-dark-gray-color has-text-color has-link-color wp-elements-fe4977bcd396d9184069372975dafbbd\"><span class=\"ez-toc-section\" id=\"yaza_kadar_kacirilmamasi_gereken_tatil_zamanlari\"><\/span><strong><strong><strong><strong><strong><strong>Yaza Kadar Ka\u00e7\u0131r\u0131lmamas\u0131 Gereken Tatil Zamanlar\u0131<\/strong><\/strong><\/strong><\/strong><\/strong><\/strong><span class=\"ez-toc-section-end\"><\/span><\/h2>\n\n\n\n<h3 class=\"wp-block-heading has-text-align-center has-neeon-button-dark-gray-color has-text-color has-link-color wp-elements-5e3885c2d1c4bf6853503e61ccc674a5\"><span class=\"ez-toc-section\" id=\"29_ekim_cumhuriyet_bayrami\"><\/span><strong><strong><strong><strong><strong><strong>29 Ekim Cumhuriyet Bayram\u0131\u00a0<\/strong><\/strong><\/strong><\/strong><\/strong><\/strong><span class=\"ez-toc-section-end\"><\/span><\/h3>\n\n\n\n<figure class=\"wp-block-image size-large\"><img decoding=\"async\" src=\"https:\/\/res.cloudinary.com\/turna\/image\/upload\/v1526401616\/Images\/Blog\/Anitkabir-Ankara-800x500.jpg\" alt=\"\"\/><\/figure>\n\n\n\n<p>Sonbahar\u0131n en g\u00fczel zaman\u0131, hem de y\u0131l\u0131n en anlaml\u0131 g\u00fcnlerinden biri: Cumhuriyet Bayram\u0131! 2025\u2019te 29 Ekim \u00c7ar\u015famba g\u00fcn\u00fcne denk geliyor ve tatil Sal\u0131 \u00f6\u011fleden sonra ba\u015fl\u0131yor. Yani e\u011fer Pazartesi g\u00fcn\u00fcyle birlikte Sal\u0131 \u00f6\u011fleden sonras\u0131n\u0131 da izin olarak ayarlarsan\u0131z, elinizde tam be\u015f g\u00fcnl\u00fck \u015fahane bir tatil olur!<\/p>\n\n\n\n<p>Cumhuriyet Bayram\u0131\u2019nda Ankara\u2019da bir k\u00fclt\u00fcr turu \u00e7ok keyifli olacakt\u0131r. An\u0131tkabir, Anadolu Medeniyetleri M\u00fczesi, I. TBMM Binas\u0131 mutlaka g\u00f6r\u00fclmesi gereken yerler. \u00dcstelik cumhurtiyet co\u015fkusunu kutlayabilece\u011finiz bir\u00e7ok etkinlik ve konser de bu d\u00f6nemde yap\u0131l\u0131yor. Tatilinizi hem biraz gezmek hem de Cumhuriyet Bayram\u0131\u2019n\u0131n ruhunu dolu dolu ya\u015famak i\u00e7in de\u011ferlendirin. Hem kutlay\u0131n, hem de iyi bir mola verin.<\/p>\n\n\n\n<h3 class=\"wp-block-heading has-text-align-center has-neeon-button-dark-gray-color has-text-color has-link-color wp-elements-fab65b370782ff044e0c116ae6d24689\"><span class=\"ez-toc-section\" id=\"1_ocak_yilbasi_tatili\"><\/span><strong><strong><strong><strong><strong><strong>1 Ocak Y\u0131lba\u015f\u0131 Tatili\u00a0\u00a0\u00a0<\/strong><\/strong><\/strong><\/strong><\/strong><\/strong><span class=\"ez-toc-section-end\"><\/span><\/h3>\n\n\n\n<figure class=\"wp-block-image size-large\"><img decoding=\"async\" src=\"https:\/\/res.cloudinary.com\/turna\/image\/upload\/v1670088483\/uluda%C4%9F_y%C4%B1lba%C5%9F%C4%B1.jpg\" alt=\"\"\/><\/figure>\n\n\n\n<p>Yeni y\u0131la g\u00fczel bir ba\u015flang\u0131\u00e7 yapman\u0131n en keyifli yolu: K\u00fc\u00e7\u00fck bir tatil plan\u0131! 2026\u2019da Y\u0131lba\u015f\u0131 Per\u015fembe g\u00fcn\u00fcne denk geliyor. E\u011fer Cuma g\u00fcn\u00fc izin al\u0131rsan\u0131z, d\u00f6rt g\u00fcnl\u00fck bir tatil sizi bekliyor. Hani o ke\u015fke birka\u00e7 g\u00fcn kafam\u0131 dinlesem dedi\u011finiz anlar var ya, tam o f\u0131rsat.<\/p>\n\n\n\n<p>K\u0131\u015f\u0131n en g\u00fczel yanlar\u0131ndan biri karla kapl\u0131 do\u011fa manzaralar\u0131. Uluda\u011f, Kartepe ya da Erciyes gibi yerlerde bembeyaz bir manzaran\u0131n tad\u0131n\u0131 \u00e7\u0131karabilir, s\u0131cak \u00e7ikolatan\u0131zla \u015f\u00f6mine ba\u015f\u0131nda rahatlayabilirsiniz. E\u011fer ben kar yerine sessizlik isterim diyorsan\u0131z, Kapadokya\u2019n\u0131n k\u0131\u015f hali de efsanedir. Sabah\u0131n erken saatlerinde g\u00f6ky\u00fcz\u00fcne s\u00fcz\u00fclen balonlar\u0131 izlerken, yeni y\u0131la \u201ciyi ki\u201dlerle girmek garanti.<\/p>\n\n\n\n<h3 class=\"wp-block-heading has-text-align-center has-neeon-button-dark-gray-color has-text-color has-link-color wp-elements-4fc126c93b4c8abc0f135301d28c603f\"><span class=\"ez-toc-section\" id=\"19_mart_%e2%80%93_22_mart_ramazan_bayrami\"><\/span><strong><strong><strong><strong><strong><strong>19 Mart &#8211; 22 Mart Ramazan Bayram\u0131<\/strong><\/strong><\/strong><\/strong><\/strong><\/strong><span class=\"ez-toc-section-end\"><\/span><\/h3>\n\n\n\n<figure class=\"wp-block-image size-large\"><img decoding=\"async\" src=\"https:\/\/res.cloudinary.com\/turna\/image\/upload\/v1655828234\/ka%C5%9F.jpg\" alt=\"\"\/><\/figure>\n\n\n\n<p>Mart sonunda gelen Ramazan Bayram\u0131, y\u0131l\u0131n ilk ciddi tatil f\u0131rsatlar\u0131ndan biri. Per\u015fembe\u2019den Pazar\u2019a kadar uzan\u0131yor, yani \u00c7ar\u015famba ve Per\u015fembe \u00f6\u011fleden \u00f6nce izin al\u0131rsan\u0131z, be\u015f g\u00fcn boyunca keyfinize bakabilirsiniz.<\/p>\n\n\n\n<p>Hava art\u0131k \u0131s\u0131n\u0131yor ama kalabal\u0131klar hen\u00fcz ba\u015flamam\u0131\u015f oluyor. Tam da bahar ka\u00e7ama\u011f\u0131 zaman\u0131! Dat\u00e7a, Ka\u015f, Fethiye gibi yerlerde deniz kenar\u0131nda y\u00fcr\u00fcy\u00fc\u015fler yapabilir, sakin otellerde huzurlu birka\u00e7 g\u00fcn ge\u00e7irebilirsiniz. Hatta yeterince cesursan\u0131z so\u011fuk ilkbahar denizinin tad\u0131na da bakabilirsiniz. Bir Ege kasabas\u0131na gidip zeytinya\u011fl\u0131 sofralarla kendinizi \u015f\u0131mart\u0131n ya da \u015fehirden \u00e7ok uzakla\u015fmadan k\u0131sa bir konaklama planlay\u0131n. Bahar\u0131n ilk enerjisini hissetmek i\u00e7in bundan iyisi yok. Dilerseniz Karada\u011f gibi vizesiz ve yak\u0131n rotalar\u0131 da de\u011ferlendirebilirsiniz.<\/p>\n\n\n\n<h3 class=\"wp-block-heading has-text-align-center has-neeon-button-dark-gray-color has-text-color has-link-color wp-elements-1f6634de9be59e5cbc2a764a6c0283bd\"><span class=\"ez-toc-section\" id=\"23_nisan_ulusal_egemenlik_ve_cocuk_bayrami\"><\/span><strong><strong><strong><strong><strong><strong>23 Nisan Ulusal Egemenlik ve \u00c7ocuk Bayram\u0131\u00a0\u00a0<\/strong><\/strong><\/strong><\/strong><\/strong><\/strong><span class=\"ez-toc-section-end\"><\/span><\/h3>\n\n\n\n<figure class=\"wp-block-image size-large\"><img decoding=\"async\" src=\"https:\/\/res.cloudinary.com\/turna\/image\/upload\/v1720728798\/wordpress-contents\/abant_blou.jpg\" alt=\"\"\/><\/figure>\n\n\n\n<p>Nisan sonu geldi mi, do\u011fa resmen sizi \u00e7a\u011f\u0131r\u0131yor. 23 Nisan 2026\u2019da Per\u015fembe g\u00fcn\u00fcne denk geliyor. Cuma g\u00fcn\u00fc izin alabilirseniz, elinizde d\u00f6rt g\u00fcnl\u00fck mis gibi bir tatil olur.<\/p>\n\n\n\n<p>Bu d\u00f6nem, do\u011fayla bulu\u015fmak i\u00e7in birebir. Abant, Yedig\u00f6ller, Kazda\u011flar\u0131 gibi yerler yemye\u015fil olur. Ku\u015f sesleri, mis gibi toprak kokusu, tertemiz hava&#8230; E\u015finizle, \u00e7ocuklarla k\u00fc\u00e7\u00fck bir bahar tatili yap\u0131n veya arkada\u015flar\u0131n\u0131zla e\u011flenceli bir tatile \u00e7\u0131k\u0131n; bu d\u00f6nemde \u015fehirden uzakla\u015fmak insana \u00e7ok iyi geliyor. \u00dcstelik \u00e7ocuklar i\u00e7in de unutulmaz bir bayram hat\u0131ras\u0131 olur.<\/p>\n\n\n\n<h3 class=\"wp-block-heading has-text-align-center has-neeon-button-dark-gray-color has-text-color has-link-color wp-elements-a9a8dd2c4b1c7d737693c31dbddc9e99\"><span class=\"ez-toc-section\" id=\"1_mayis_emek_ve_dayanisma_gunu\"><\/span><strong><strong><strong><strong><strong><strong>1 May\u0131s Emek ve Dayan\u0131\u015fma G\u00fcn\u00fc<\/strong><\/strong><\/strong><\/strong><\/strong><\/strong><span class=\"ez-toc-section-end\"><\/span><\/h3>\n\n\n\n<figure class=\"wp-block-image size-large\"><img decoding=\"async\" src=\"https:\/\/res.cloudinary.com\/turna\/image\/upload\/v1713356479\/wordpress-contents\/tiflis.jpg\" alt=\"\"\/><\/figure>\n\n\n\n<p>May\u0131s ay\u0131 geldi mi, herkesin i\u00e7i k\u0131p\u0131r k\u0131p\u0131r olur zaten. 1 May\u0131s 2026\u2019da Cuma g\u00fcn\u00fcne denk geliyor, yani \u00fc\u00e7 g\u00fcnl\u00fck mini bir tatil f\u0131rsat\u0131 sizi bekliyor. Hem hava g\u00fczel, hem mevsim bahar; k\u0131sa bir \u015fehir ka\u00e7ama\u011f\u0131 yapmak i\u00e7in m\u00fckemmel zaman.<\/p>\n\n\n\n<p>\u0130stanbul\u2019a yak\u0131n rotalar bu d\u00f6nemde \u00e7ok reva\u00e7ta olur. \u015eile, A\u011fva, Ma\u015fukiye, Mudanya, G\u00f6lyaz\u0131 gibi yerlerde hem do\u011fan\u0131n i\u00e7inde olursunuz hem de ula\u015f\u0131m derdi yok. \u0130ki g\u00fcnl\u00fc\u011f\u00fcne bile gitseniz, d\u00f6n\u00fc\u015fte sanki uzun bir tatilden gelmi\u015f gibi hissedeceksiniz. Bu 3 g\u00fcnl\u00fck tatilde yine vizesiz ve yak\u0131n Tiflis gibi rotalar da harika bir se\u00e7im olabilir sizin i\u00e7in.<\/p>\n\n\n\n<h3 class=\"wp-block-heading has-text-align-center has-neeon-button-dark-gray-color has-text-color has-link-color wp-elements-4b59f57f9fb5c47118db19c00aac0002\"><span class=\"ez-toc-section\" id=\"19_mayis_ataturku_anma_genclik_ve_spor_bayrami\"><\/span><strong><strong><strong><strong><strong><strong>19 May\u0131s Atat\u00fcrk\u2019\u00fc Anma, Gen\u00e7lik ve Spor Bayram\u0131\u00a0\u00a0<\/strong><\/strong><\/strong><\/strong><\/strong><\/strong><span class=\"ez-toc-section-end\"><\/span><\/h3>\n\n\n\n<figure class=\"wp-block-image size-large\"><img width=\"800\" height=\"500\" decoding=\"async\" src=\"data:image\/svg+xml;base64,PHN2ZyB4bWxucz0iaHR0cDovL3d3dy53My5vcmcvMjAwMC9zdmciIHdpZHRoPSI4MDAiIGhlaWdodD0iNTAwIj48cmVjdCB3aWR0aD0iMTAwJSIgaGVpZ2h0PSIxMDAlIj48YW5pbWF0ZSBhdHRyaWJ1dGVOYW1lPSJmaWxsIiB2YWx1ZXM9InJnYmEoMTUzLDE1MywxNTMsMC41KTtyZ2JhKDE1MywxNTMsMTUzLDAuMSk7cmdiYSgxNTMsMTUzLDE1MywwLjUpIiBkdXI9IjJzIiByZXBlYXRDb3VudD0iaW5kZWZpbml0ZSIgLz48L3JlY3Q+PC9zdmc+\" alt=\"\" data-public-id=\"mardin-evleri\/mardin-evleri.jpg\" class=\"wp-post-4495 wp-image-20544\" data-format=\"jpg\" data-transformations=\"f_auto,q_auto:low\" data-version=\"1643452180\" data-seo=\"1\" data-size=\"800 500\" data-srcset=\"https:\/\/res.cloudinary.com\/turna\/images\/f_auto,q_auto:low\/v1643452180\/mardin-evleri\/mardin-evleri.jpg?_i=AA 800w, https:\/\/res.cloudinary.com\/turna\/images\/w_300,h_188,c_scale\/f_auto,q_auto:low\/v1643452180\/mardin-evleri\/mardin-evleri.jpg?_i=AA 300w, https:\/\/res.cloudinary.com\/turna\/images\/w_672,h_420,c_scale\/f_auto,q_auto:low\/v1643452180\/mardin-evleri\/mardin-evleri.jpg?_i=AA 672w, https:\/\/res.cloudinary.com\/turna\/images\/w_640,h_400,c_scale\/f_auto,q_auto:low\/v1643452180\/mardin-evleri\/mardin-evleri.jpg?_i=AA 640w, https:\/\/res.cloudinary.com\/turna\/images\/w_681,h_426,c_scale\/f_auto,q_auto:low\/v1643452180\/mardin-evleri\/mardin-evleri.jpg?_i=AA 681w\" data-sizes=\"(max-width: 800px) 100vw, 800px\" data-delivery=\"upload\" onload=\";window.CLDBind?CLDBind(this):null;\" data-cloudinary=\"lazy\" \/><\/figure>\n\n\n\n<p>19 May\u0131s 2026 Sal\u0131 g\u00fcn\u00fcne denk geliyor. Pazartesi izin alarak bu tatili d\u00f6rt g\u00fcne uzatabilirsiniz. Art\u0131k yaz mevsimi kendini g\u00f6stermeye ba\u015flad\u0131\u011f\u0131 i\u00e7in, bu tatil tam erken yaz ka\u00e7ama\u011f\u0131 havas\u0131nda ge\u00e7er.<\/p>\n\n\n\n<p>Antalya, Alanya, Bodrum, \u00c7e\u015fme\u2026 Denizin s\u0131cakl\u0131\u011f\u0131 tam karar\u0131nda, kalabal\u0131klar hen\u00fcz yok. Deniz kenar\u0131nda y\u00fcr\u00fcy\u00fc\u015f yapmak, sabah serinli\u011finde kahvenizi i\u00e7mek, ak\u015famlar\u0131 uzun sohbetler etmek\u2026 Bu d\u00f6nemde yap\u0131lan tatillerin ayr\u0131 bir huzuru olur. Tatilden d\u00f6nd\u00fc\u011f\u00fcn\u00fczde herkes \u2018biraz bronzla\u015fm\u0131\u015fs\u0131n\u2019 bile diyecektir. Bu d\u00f6nemde, havalar \u00e7ok \u0131s\u0131nmadan Mardin, Gaziantep, G\u00f6beklitepe rotalar\u0131n\u0131n keyfi de bir ba\u015fka olacakt\u0131r.<\/p>\n\n\n\n<h3 class=\"wp-block-heading has-text-align-center has-neeon-button-dark-gray-color has-text-color has-link-color wp-elements-4edcbed4ff9de7d469c8694100bc2b56\"><span class=\"ez-toc-section\" id=\"26-30_mayis_kurban_bayrami\"><\/span><strong><strong><strong><strong><strong><strong>26-30 May\u0131s Kurban Bayram\u0131\u00a0<\/strong><\/strong><\/strong><\/strong><\/strong><\/strong><span class=\"ez-toc-section-end\"><\/span><\/h3>\n\n\n\n<figure class=\"wp-block-image size-large\"><img width=\"800\" height=\"500\" decoding=\"async\" src=\"data:image\/svg+xml;base64,PHN2ZyB4bWxucz0iaHR0cDovL3d3dy53My5vcmcvMjAwMC9zdmciIHdpZHRoPSI4MDAiIGhlaWdodD0iNTAwIj48cmVjdCB3aWR0aD0iMTAwJSIgaGVpZ2h0PSIxMDAlIj48YW5pbWF0ZSBhdHRyaWJ1dGVOYW1lPSJmaWxsIiB2YWx1ZXM9InJnYmEoMTUzLDE1MywxNTMsMC41KTtyZ2JhKDE1MywxNTMsMTUzLDAuMSk7cmdiYSgxNTMsMTUzLDE1MywwLjUpIiBkdXI9IjJzIiByZXBlYXRDb3VudD0iaW5kZWZpbml0ZSIgLz48L3JlY3Q+PC9zdmc+\" alt=\"\" data-public-id=\"wordpress-contents\/feribotla_gidilen_yunan_adalar\u0131\/feribotla_gidilen_yunan_adalar\u0131.jpg\" class=\"wp-post-4495 wp-image-22586\" data-format=\"jpg\" data-transformations=\"f_auto,q_auto:low\" data-version=\"1715112728\" data-seo=\"1\" data-size=\"800 500\" data-srcset=\"https:\/\/res.cloudinary.com\/turna\/images\/f_auto,q_auto:low\/v1715112728\/wordpress-contents\/feribotla_gidilen_yunan_adalar\u0131\/feribotla_gidilen_yunan_adalar\u0131.jpg?_i=AA 800w, https:\/\/res.cloudinary.com\/turna\/images\/w_300,h_188,c_scale\/f_auto,q_auto:low\/v1715112728\/wordpress-contents\/feribotla_gidilen_yunan_adalar\u0131\/feribotla_gidilen_yunan_adalar\u0131.jpg?_i=AA 300w, https:\/\/res.cloudinary.com\/turna\/images\/w_672,h_420,c_scale\/f_auto,q_auto:low\/v1715112728\/wordpress-contents\/feribotla_gidilen_yunan_adalar\u0131\/feribotla_gidilen_yunan_adalar\u0131.jpg?_i=AA 672w, https:\/\/res.cloudinary.com\/turna\/images\/w_640,h_400,c_scale\/f_auto,q_auto:low\/v1715112728\/wordpress-contents\/feribotla_gidilen_yunan_adalar\u0131\/feribotla_gidilen_yunan_adalar\u0131.jpg?_i=AA 640w, https:\/\/res.cloudinary.com\/turna\/images\/w_681,h_426,c_scale\/f_auto,q_auto:low\/v1715112728\/wordpress-contents\/feribotla_gidilen_yunan_adalar\u0131\/feribotla_gidilen_yunan_adalar\u0131.jpg?_i=AA 681w\" data-sizes=\"(max-width: 800px) 100vw, 800px\" data-delivery=\"upload\" onload=\";window.CLDBind?CLDBind(this):null;\" data-cloudinary=\"lazy\" \/><\/figure>\n\n\n\n<p>Y\u0131l\u0131n en uzun ve belki de en \u00e7ok beklenen tatili: Kurban Bayram\u0131! Bu y\u0131l Sal\u0131 \u00f6\u011fleden sonra ba\u015fl\u0131yor ve Cumartesiye kadar s\u00fcr\u00fcyor. E\u011fer Pazartesi g\u00fcn\u00fcn\u00fc ve Sal\u0131 \u00f6\u011fleden \u00f6nceyi de izinle birle\u015ftirirseniz, 9 g\u00fcn boyunca diledi\u011finiz gibi tatil yapabilirsiniz.<\/p>\n\n\n\n<p>Bu kadar uzun bir tatilde se\u00e7enek bol. Yurt d\u0131\u015f\u0131na ka\u00e7ar\u0131m diyenler i\u00e7in Yunan adalar\u0131, Balkanlar ya da \u0130talya harika olur. Ben denizsiz yapamam diyenler i\u00e7in ise Fethiye, Kemer, Bozcaada gibi yerlerde sezon tam a\u00e7\u0131l\u0131yor. Kalabal\u0131k hen\u00fcz rahats\u0131z edecek boyutta de\u011fil ama yaz havas\u0131 tam yerinde. Uzun tatilin hakk\u0131n\u0131 sonuna kadar \u00e7\u0131karabilirsiniz.<\/p>\n\n\n\n<h3 class=\"wp-block-heading has-text-align-center has-neeon-button-dark-gray-color has-text-color has-link-color wp-elements-286f6b392558b77faf4d9d3dd3499281\"><span class=\"ez-toc-section\" id=\"ozel_gunler\"><\/span><strong><strong><strong><strong><strong><strong>\u00d6zel G\u00fcnler<\/strong><\/strong><\/strong><\/strong><\/strong><\/strong><span class=\"ez-toc-section-end\"><\/span><\/h3>\n\n\n\n<figure class=\"wp-block-image size-large\"><img width=\"800\" height=\"500\" decoding=\"async\" src=\"data:image\/svg+xml;base64,PHN2ZyB4bWxucz0iaHR0cDovL3d3dy53My5vcmcvMjAwMC9zdmciIHdpZHRoPSI4MDAiIGhlaWdodD0iNTAwIj48cmVjdCB3aWR0aD0iMTAwJSIgaGVpZ2h0PSIxMDAlIj48YW5pbWF0ZSBhdHRyaWJ1dGVOYW1lPSJmaWxsIiB2YWx1ZXM9InJnYmEoMTUzLDE1MywxNTMsMC41KTtyZ2JhKDE1MywxNTMsMTUzLDAuMSk7cmdiYSgxNTMsMTUzLDE1MywwLjUpIiBkdXI9IjJzIiByZXBlYXRDb3VudD0iaW5kZWZpbml0ZSIgLz48L3JlY3Q+PC9zdmc+\" alt=\"\" data-public-id=\"Kapadokya-Kayseri-Gezilecek-Yerler\/Kapadokya-Kayseri-Gezilecek-Yerler.jpg\" class=\"wp-post-4495 wp-image-20436\" data-format=\"jpg\" data-transformations=\"f_auto,q_auto:low\" data-version=\"1641116881\" data-seo=\"1\" data-size=\"800 500\" data-srcset=\"https:\/\/res.cloudinary.com\/turna\/images\/f_auto,q_auto:low\/v1641116881\/Kapadokya-Kayseri-Gezilecek-Yerler\/Kapadokya-Kayseri-Gezilecek-Yerler.jpg?_i=AA 800w, https:\/\/res.cloudinary.com\/turna\/images\/w_300,h_188,c_scale\/f_auto,q_auto:low\/v1641116881\/Kapadokya-Kayseri-Gezilecek-Yerler\/Kapadokya-Kayseri-Gezilecek-Yerler.jpg?_i=AA 300w, https:\/\/res.cloudinary.com\/turna\/images\/w_672,h_420,c_scale\/f_auto,q_auto:low\/v1641116881\/Kapadokya-Kayseri-Gezilecek-Yerler\/Kapadokya-Kayseri-Gezilecek-Yerler.jpg?_i=AA 672w, https:\/\/res.cloudinary.com\/turna\/images\/w_640,h_400,c_scale\/f_auto,q_auto:low\/v1641116881\/Kapadokya-Kayseri-Gezilecek-Yerler\/Kapadokya-Kayseri-Gezilecek-Yerler.jpg?_i=AA 640w, https:\/\/res.cloudinary.com\/turna\/images\/w_681,h_426,c_scale\/f_auto,q_auto:low\/v1641116881\/Kapadokya-Kayseri-Gezilecek-Yerler\/Kapadokya-Kayseri-Gezilecek-Yerler.jpg?_i=AA 681w\" data-sizes=\"(max-width: 800px) 100vw, 800px\" data-delivery=\"upload\" onload=\";window.CLDBind?CLDBind(this):null;\" data-cloudinary=\"lazy\" \/><\/figure>\n\n\n\n<p>Tatil illa resmi olmas\u0131na gerek yok, bazen kendi bahanenizi kendiniz yarat\u0131rs\u0131n\u0131z. Sevgililer G\u00fcn\u00fc, y\u0131ld\u00f6n\u00fcm\u00fc, do\u011fum g\u00fcn\u00fc ya da tamamen biraz uzakla\u015fmam laz\u0131m dedi\u011finiz bir hafta sonu\u2026 \u0130\u015fte en g\u00fczel tatiller genelde b\u00f6yle do\u011far.<\/p>\n\n\n\n<p>\u015eubat ortas\u0131nda Kapadokya\u2019da romantik bir ka\u00e7amak, ilkbaharda Ala\u00e7at\u0131 sokaklar\u0131nda el ele y\u00fcr\u00fcy\u00fc\u015fler ya da \u0130stanbul\u2019a yak\u0131n veya Afyon\u2019da bir spa otelinde iki g\u00fcnl\u00fck y\u0131ld\u00f6n\u00fcm\u00fc tatili. Bunlar\u0131n hepsi k\u00fc\u00e7\u00fck ama unutulmaz ka\u00e7amaklar. Bazen bir g\u00fcn bile yeter insana iyi gelmeye.<\/p>\n\n\n\n<p>Uzun tatiller hep g\u00fczel ama bazen size en iyi gelen \u015fey k\u0131sa ama dolu dolu ge\u00e7en bir ka\u00e7amakt\u0131r. 2026 yaz\u0131na kadar kar\u015f\u0131n\u0131za \u00e7\u0131kan bu tatil f\u0131rsatlar\u0131n\u0131 ka\u00e7\u0131rmay\u0131n. \u015eimdiden takvimi a\u00e7\u0131n, izin g\u00fcnlerinizi i\u015faretleyin ve plan yapmaya ba\u015flay\u0131n. \u00c7\u00fcnk\u00fc g\u00fczel tatiller planlanmazsa u\u00e7ar gider. Unutmay\u0131n, tatil dedi\u011finiz \u015fey sadece bavul haz\u0131rlamak de\u011fil; biraz yava\u015flamak, biraz kendinize d\u00f6nmek, biraz da an\u0131n tad\u0131n\u0131 \u00e7\u0131karmak. Tatilde de en b\u00fcy\u00fck yard\u0131mc\u0131n\u0131z tabii ki Turna! \ud83d\udc99<\/p>\n\n\n\n<p><\/p>\n\n    <div class=\"xs_social_share_widget xs_share_url after_content \t\tmain_content  wslu-style-1 wslu-share-box-shaped wslu-fill-colored wslu-none wslu-share-horizontal wslu-theme-font-no wslu-main_content\">\n\n\t\t\n        <ul>\n\t\t\t        <\/ul>\n    <\/div> \n","protected":false},"excerpt":{"rendered":"<p>Yaz bitti, yeni y\u0131l yakla\u015f\u0131rken de seyahatseverlerin akl\u0131nda ayn\u0131 soru var: \u201cBiraz nefes alabilece\u011fimiz o tatil g\u00fcnleri ne zaman geliyor?\u201d. Turna\u2019dan size g\u00fczel haber! 2026 yaz\u0131na kadar \u00f6yle g\u00fczel, \u00f6yle denk gelen tatiller var ki, sadece bir iki g\u00fcn izin alarak minik ka\u00e7amaklar yapabilirsiniz. \u00dcstelik bazen bu spontane geli\u015fen k\u0131sa tatiller, uzun yaz tatillerinden bile [&hellip;]<\/p>\n","protected":false},"author":45,"featured_media":4496,"comment_status":"open","ping_status":"open","sticky":false,"template":"","format":"standard","meta":{"rop_custom_images_group":[],"rop_custom_messages_group":[],"rop_publish_now":"initial","rop_publish_now_accounts":[],"rop_publish_now_history":[],"rop_publish_now_status":"pending","_cloudinary_featured_overwrite":false,"footnotes":""},"categories":[1],"tags":[831],"class_list":["post-4495","post","type-post","status-publish","format-standard","has-post-thumbnail","hentry","category-seyahat-rehberi","tag-resmi-tatiller"],"_links":{"self":[{"href":"https:\/\/www.turna.com\/blog\/wp-json\/wp\/v2\/posts\/4495","targetHints":{"allow":["GET"]}}],"collection":[{"href":"https:\/\/www.turna.com\/blog\/wp-json\/wp\/v2\/posts"}],"about":[{"href":"https:\/\/www.turna.com\/blog\/wp-json\/wp\/v2\/types\/post"}],"author":[{"embeddable":true,"href":"https:\/\/www.turna.com\/blog\/wp-json\/wp\/v2\/users\/45"}],"replies":[{"embeddable":true,"href":"https:\/\/www.turna.com\/blog\/wp-json\/wp\/v2\/comments?post=4495"}],"version-history":[{"count":0,"href":"https:\/\/www.turna.com\/blog\/wp-json\/wp\/v2\/posts\/4495\/revisions"}],"wp:featuredmedia":[{"embeddable":true,"href":"https:\/\/www.turna.com\/blog\/wp-json\/wp\/v2\/media\/4496"}],"wp:attachment":[{"href":"https:\/\/www.turna.com\/blog\/wp-json\/wp\/v2\/media?parent=4495"}],"wp:term":[{"taxonomy":"category","embeddable":true,"href":"https:\/\/www.turna.com\/blog\/wp-json\/wp\/v2\/categories?post=4495"},{"taxonomy":"post_tag","embeddable":true,"href":"https:\/\/www.turna.com\/blog\/wp-json\/wp\/v2\/tags?post=4495"}],"curies":[{"name":"wp","href":"https:\/\/api.w.org\/{rel}","templated":true}]}}