{"id":4149,"date":"2025-02-19T10:58:50","date_gmt":"2025-02-19T07:58:50","guid":{"rendered":"https:\/\/www.turna.com\/blog\/?p=4149"},"modified":"2025-07-07T15:37:34","modified_gmt":"2025-07-07T12:37:34","slug":"floransa-gezilecek-yerler","status":"publish","type":"post","link":"https:\/\/www.turna.com\/blog\/floransa-gezilecek-yerler","title":{"rendered":"Floransa Gezilecek Yerler"},"content":{"rendered":"<div id=\"ez-toc-container\" class=\"ez-toc-v2_0_82_2 counter-hierarchy ez-toc-counter ez-toc-black ez-toc-container-direction\">\n<div class=\"ez-toc-title-container\">\n<p class=\"ez-toc-title\" style=\"cursor:inherit\">\u0130\u00e7indekiler<\/p>\n<span class=\"ez-toc-title-toggle\"><a href=\"#\" class=\"ez-toc-pull-right ez-toc-btn ez-toc-btn-xs ez-toc-btn-default ez-toc-toggle\" aria-label=\"\u0130\u00e7indekiler Tablosunu A\u00e7\/Kapat\"><span class=\"ez-toc-js-icon-con\"><span class=\"\"><span class=\"eztoc-hide\" style=\"display:none;\">Toggle<\/span><span class=\"ez-toc-icon-toggle-span\"><svg style=\"fill: #ffffff;color:#ffffff\" xmlns=\"http:\/\/www.w3.org\/2000\/svg\" class=\"list-377408\" width=\"20px\" height=\"20px\" viewBox=\"0 0 24 24\" fill=\"none\"><path d=\"M6 6H4v2h2V6zm14 0H8v2h12V6zM4 11h2v2H4v-2zm16 0H8v2h12v-2zM4 16h2v2H4v-2zm16 0H8v2h12v-2z\" fill=\"currentColor\"><\/path><\/svg><svg style=\"fill: #ffffff;color:#ffffff\" class=\"arrow-unsorted-368013\" xmlns=\"http:\/\/www.w3.org\/2000\/svg\" width=\"10px\" height=\"10px\" viewBox=\"0 0 24 24\" version=\"1.2\" baseProfile=\"tiny\"><path d=\"M18.2 9.3l-6.2-6.3-6.2 6.3c-.2.2-.3.4-.3.7s.1.5.3.7c.2.2.4.3.7.3h11c.3 0 .5-.1.7-.3.2-.2.3-.5.3-.7s-.1-.5-.3-.7zM5.8 14.7l6.2 6.3 6.2-6.3c.2-.2.3-.5.3-.7s-.1-.5-.3-.7c-.2-.2-.4-.3-.7-.3h-11c-.3 0-.5.1-.7.3-.2.2-.3.5-.3.7s.1.5.3.7z\"\/><\/svg><\/span><\/span><\/span><\/a><\/span><\/div>\n<nav><ul class='ez-toc-list ez-toc-list-level-1 eztoc-toggle-hide-by-default' ><li class='ez-toc-page-1 ez-toc-heading-level-2'><a class=\"ez-toc-link ez-toc-heading-1\" href=\"https:\/\/www.turna.com\/blog\/floransa-gezilecek-yerler\/#floransa_gezilecek_yerler\" >Floransa Gezilecek Yerler<\/a><ul class='ez-toc-list-level-3' ><li class='ez-toc-heading-level-3'><a class=\"ez-toc-link ez-toc-heading-2\" href=\"https:\/\/www.turna.com\/blog\/floransa-gezilecek-yerler\/#1_piazza_del_duomo\" >1. Piazza Del Duomo<\/a><\/li><li class='ez-toc-page-1 ez-toc-heading-level-3'><a class=\"ez-toc-link ez-toc-heading-3\" href=\"https:\/\/www.turna.com\/blog\/floransa-gezilecek-yerler\/#2_uffizi_galerisi\" >2. Uffizi Galerisi<\/a><\/li><li class='ez-toc-page-1 ez-toc-heading-level-3'><a class=\"ez-toc-link ez-toc-heading-4\" href=\"https:\/\/www.turna.com\/blog\/floransa-gezilecek-yerler\/#3_accademia_galerisi\" >3. Accademia Galerisi<\/a><\/li><li class='ez-toc-page-1 ez-toc-heading-level-3'><a class=\"ez-toc-link ez-toc-heading-5\" href=\"https:\/\/www.turna.com\/blog\/floransa-gezilecek-yerler\/#4_floransa_katedrali\" >4. Floransa Katedrali<\/a><\/li><li class='ez-toc-page-1 ez-toc-heading-level-3'><a class=\"ez-toc-link ez-toc-heading-6\" href=\"https:\/\/www.turna.com\/blog\/floransa-gezilecek-yerler\/#5_medici_sapeli\" >5. Medici \u015eapeli<\/a><\/li><li class='ez-toc-page-1 ez-toc-heading-level-3'><a class=\"ez-toc-link ez-toc-heading-7\" href=\"https:\/\/www.turna.com\/blog\/floransa-gezilecek-yerler\/#6_piazzale_michelangelo\" >6. Piazzale Michelangelo<\/a><\/li><li class='ez-toc-page-1 ez-toc-heading-level-3'><a class=\"ez-toc-link ez-toc-heading-8\" href=\"https:\/\/www.turna.com\/blog\/floransa-gezilecek-yerler\/#7_palazzo_pitti\" >7. Palazzo Pitti<\/a><\/li><li class='ez-toc-page-1 ez-toc-heading-level-3'><a class=\"ez-toc-link ez-toc-heading-9\" href=\"https:\/\/www.turna.com\/blog\/floransa-gezilecek-yerler\/#8_piazza_della_signoria\" >8. Piazza Della Signoria<\/a><\/li><li class='ez-toc-page-1 ez-toc-heading-level-3'><a class=\"ez-toc-link ez-toc-heading-10\" href=\"https:\/\/www.turna.com\/blog\/floransa-gezilecek-yerler\/#9_vecchio_koprusu\" >9. Vecchio K\u00f6pr\u00fcs\u00fc<\/a><\/li><li class='ez-toc-page-1 ez-toc-heading-level-3'><a class=\"ez-toc-link ez-toc-heading-11\" href=\"https:\/\/www.turna.com\/blog\/floransa-gezilecek-yerler\/#10_santa_croce_bazilikasi\" >10. Santa Croce Bazilikas\u0131<\/a><\/li><li class='ez-toc-page-1 ez-toc-heading-level-3'><a class=\"ez-toc-link ez-toc-heading-12\" href=\"https:\/\/www.turna.com\/blog\/floransa-gezilecek-yerler\/#11_san_lorenzo_kilisesi\" >11. San Lorenzo Kilisesi<\/a><\/li><li class='ez-toc-page-1 ez-toc-heading-level-3'><a class=\"ez-toc-link ez-toc-heading-13\" href=\"https:\/\/www.turna.com\/blog\/floransa-gezilecek-yerler\/#12_boboli_bahceleri\" >12. Boboli Bah\u00e7eleri<\/a><\/li><li class='ez-toc-page-1 ez-toc-heading-level-3'><a class=\"ez-toc-link ez-toc-heading-14\" href=\"https:\/\/www.turna.com\/blog\/floransa-gezilecek-yerler\/#13_santa_maria_novelia_bazilikasi\" >13. Santa Maria Novelia Bazilikas\u0131<\/a><\/li><li class='ez-toc-page-1 ez-toc-heading-level-3'><a class=\"ez-toc-link ez-toc-heading-15\" href=\"https:\/\/www.turna.com\/blog\/floransa-gezilecek-yerler\/#14_giottonun_can_kulesi\" >14. Giotto\u2019nun \u00c7an Kulesi<\/a><\/li><li class='ez-toc-page-1 ez-toc-heading-level-3'><a class=\"ez-toc-link ez-toc-heading-16\" href=\"https:\/\/www.turna.com\/blog\/floransa-gezilecek-yerler\/#15_museo_dellopera_del_duomo\" >15. Museo dell\u2019Opera del Duomo<\/a><\/li><\/ul><\/li><li class='ez-toc-page-1 ez-toc-heading-level-2'><a class=\"ez-toc-link ez-toc-heading-17\" href=\"https:\/\/www.turna.com\/blog\/floransa-gezilecek-yerler\/#floransada_nerede_kalinir\" >Floransa\u2019da Nerede Kal\u0131n\u0131r?<\/a><\/li><li class='ez-toc-page-1 ez-toc-heading-level-2'><a class=\"ez-toc-link ez-toc-heading-18\" href=\"https:\/\/www.turna.com\/blog\/floransa-gezilecek-yerler\/#floransa_yeme-icme_ve_alisveris\" >Floransa Yeme-\u0130\u00e7me ve Al\u0131\u015fveri\u015f<\/a><\/li><\/ul><\/nav><\/div>\n\n<p><strong>Floransa<\/strong>, ola\u011fan\u00fcst\u00fc tarihi ge\u00e7mi\u015fi ve neredeyse kusursuz sanat\u0131 ve estetik dokusu ile Avrupa\u2019n\u0131n en g\u00fczel \u015fehirlerinden biri. Her noktas\u0131ndan sanat f\u0131\u015fk\u0131ran bamba\u015fka bir yer. K\u00f6pr\u00fclerine \u00e7\u0131k\u0131p sokak manzaralar\u0131n\u0131 izledi\u011finiz zaman, \u00fczerinden ne kadar vakit ge\u00e7erse ge\u00e7sin her zaman g\u00f6zlerinizi kapat\u0131nca oray\u0131 hat\u0131rlars\u0131n\u0131z.<\/p>\n\n\n\n<p>\u0130talya\u2019da hemen her \u015fehir, sanat\u0131 alt\u0131n bir tepside \u00f6n\u00fcn\u00fcze sunuyor ancak Floransa tam manas\u0131yla sanatla  yo\u011frulmu\u015f. Floransa\u2019da R\u00f6nesans mimarisinin en g\u00fczel \u00f6rneklerine tan\u0131kl\u0131k ederken, m\u00fcze ve kiliselerde pek \u00e7ok \u00f6nemli ressam ve heykelt\u0131ra\u015f\u0131n eserleri ile kar\u015f\u0131la\u015f\u0131yorsunuz.<\/p>\n\n\n\n<figure class=\"wp-block-image size-full is-style-default\"><img width=\"800\" height=\"500\" data-public-id=\"floransa-gezilecek-yerler\/floransa-gezilecek-yerler.jpg\" fetchpriority=\"high\" decoding=\"async\" src=\"https:\/\/res.cloudinary.com\/turna\/images\/w_800,h_500,c_scale\/f_auto,q_auto:low\/v1633103248\/floransa-gezilecek-yerler\/floransa-gezilecek-yerler.jpg?_i=AA\" alt=\"floransa gezilecek yerler\" class=\"wp-post-4149 wp-image-20002\" data-format=\"jpg\" data-transformations=\"f_auto,q_auto:low\" data-version=\"1633103248\" data-seo=\"1\" srcset=\"https:\/\/res.cloudinary.com\/turna\/images\/f_auto,q_auto:low\/v1633103248\/floransa-gezilecek-yerler\/floransa-gezilecek-yerler.jpg?_i=AA 800w, https:\/\/res.cloudinary.com\/turna\/images\/w_300,h_188,c_scale\/f_auto,q_auto:low\/v1633103248\/floransa-gezilecek-yerler\/floransa-gezilecek-yerler.jpg?_i=AA 300w, https:\/\/res.cloudinary.com\/turna\/images\/w_672,h_420,c_scale\/f_auto,q_auto:low\/v1633103248\/floransa-gezilecek-yerler\/floransa-gezilecek-yerler.jpg?_i=AA 672w, https:\/\/res.cloudinary.com\/turna\/images\/w_640,h_400,c_scale\/f_auto,q_auto:low\/v1633103248\/floransa-gezilecek-yerler\/floransa-gezilecek-yerler.jpg?_i=AA 640w, https:\/\/res.cloudinary.com\/turna\/images\/w_681,h_426,c_scale\/f_auto,q_auto:low\/v1633103248\/floransa-gezilecek-yerler\/floransa-gezilecek-yerler.jpg?_i=AA 681w\" sizes=\"(max-width: 800px) 100vw, 800px\" \/><\/figure>\n\n\n\n<p><a href=\"https:\/\/www.turna.com\/blog\/ulkeler\/avrupa\/italya\"><strong>\u0130talya<\/strong><\/a>&#8216;da R\u00f6nesans&#8217;\u0131n do\u011fdu\u011fu yer olarak an\u0131lan ve d\u00fcnyan\u0131n en \u00fcnl\u00fc sanat\u00e7\u0131lar\u0131ndan Da Vinci ve Michelangelo&#8217;nun da yeti\u015fti\u011fi bir sanat \u015fehri olan<strong> Floransa<\/strong>, d\u00fcnyan\u0131n d\u00f6rt bir yan\u0131ndan gelen sanatseverleri a\u011f\u0131rlamaya devam ediyor.<\/p>\n\n\n\n<p>G\u00f6rkemli tarihi yap\u0131lar\u0131, birbirinden etkileyici eserlerin sergilendi\u011fi sanat merkezleri ve m\u00fczelerin yan\u0131 s\u0131ra do\u011fal g\u00fczellikleriyle de ba\u015f d\u00f6nd\u00fcren \u015fehir, \u0130talya&#8217;n\u0131n en \u00e7ok ziyaret\u00e7i \u00e7eken yerle\u015fim yerleri aras\u0131nda yer al\u0131yor. \u0130\u015fte, masal diyarlar\u0131n\u0131 and\u0131ran bu \u015firin ve b\u00fcy\u00fcl\u00fc \u015fehirde g\u00f6r\u00fclecek yerlerden baz\u0131lar\u0131.<\/p>\n\n\n\n<h2 class=\"wp-block-heading has-text-align-center has-neeon-button-dark-gray-color has-text-color has-link-color wp-elements-fed94453265099fc50cf3364e6d36acf\"><span class=\"ez-toc-section\" id=\"floransa_gezilecek_yerler\"><\/span>Floransa Gezilecek Yerler<span class=\"ez-toc-section-end\"><\/span><\/h2>\n\n\n\n<p>\u0130talya&#8217;n\u0131n en g\u00fczel \u015fehirleri aras\u0131ndaki Floransa&#8217;y\u0131 doyas\u0131ya ya\u015famak i\u00e7in Duomo Katedrali&#8217;nin g\u00f6rkemli mimarisini dola\u015fmak, Uffizi Galerisi&#8217;ndeki eserleri incelemek, R\u00f6nenans heykelleriyle dolu San Miniato al Monte Kilisesi&#8217;ne t\u0131rmanmak ve Santa Croce\u2019nin sokaklar\u0131nda y\u00fcr\u00fcmek yeterli de\u011fil ne yaz\u0131k ki. <\/p>\n\n\n\n<p>Ger\u00e7ek olamayacak kadar b\u00fcy\u00fcleyici olan bu kentte&nbsp;her \u015feyi g\u00f6rmek, her yeri gezmek i\u00e7in haftalar gerekiyor. \u00c7o\u011fu gezilecek yerleri bir arada sunan \u015fehir merkezini y\u00fcr\u00fcyerek ke\u015ffetmek en g\u00fczeli.<\/p>\n\n\n\n<p>Sanat eserlerinin zenginli\u011fi ve mimarisi ile g\u00f6z dolduran Ufizzi Galerisi; \u015fehrin simgesi Santa Maria del Fiore Katedrali, bunun tam kar\u015f\u0131s\u0131nda yer alan, g\u00f6z kama\u015ft\u0131r\u0131c\u0131 kap\u0131lar\u0131yla Battistero (vaftizhane), adeta a\u00e7\u0131k hava m\u00fczesi g\u00f6r\u00fcn\u00fcm\u00fcndeki Piazza della Signoria Floransa\u2019da g\u00f6r\u00fclmesi gereken yerlerin ba\u015f\u0131nda geliyor.<\/p>\n\n\n\n<p>Ponte Vecchio&nbsp;olarak bilinen Eski K\u00f6pr\u00fc; Santa Croce Kilisesi; belediye saray\u0131 olarak kullan\u0131lan&nbsp;Palazzo Vecchio; Michelangelo, Machiavelli ve Galileo gibi Floransal\u0131 \u00fcnl\u00fclerin de mezar\u0131n\u0131n yer ald\u0131\u011f\u0131&nbsp;Santa Croce Kilisesi g\u00f6r\u00fclmeye de\u011fer.<\/p>\n\n\n\n<p>Tek seferde bu muhte\u015fem yerlerin hepsini g\u00f6rmek m\u00fcmk\u00fcn olmad\u0131\u011f\u0131ndan mutlaka tekrar gelmek isteyeceksiniz. Acele etmeyin, Duomo ve Uddizi Galerisi\u2019nin bulundu\u011fu tarihi mekan\u0131 ziyaret edin ve geri kalan vakitleri de arka sokaklarda damak tad\u0131n\u0131za uygun restoranlar\u0131 ke\u015ffetmekle ge\u00e7irin.<\/p>\n\n\n\n<h3 class=\"wp-block-heading has-text-align-center has-neeon-button-dark-gray-color has-text-color has-link-color wp-elements-7f8b6099bfe3dadfdc356898b08aaaf6\"><span class=\"ez-toc-section\" id=\"1_piazza_del_duomo\"><\/span><strong>1. Piazza Del Duomo<\/strong><span class=\"ez-toc-section-end\"><\/span><\/h3>\n\n\n\n<p><img width=\"800\" height=\"500\" data-public-id=\"Piazza-Del-Duoma-Firenze_vbxega\/Piazza-Del-Duoma-Firenze_vbxega.jpg\" decoding=\"async\" class=\"alignnone wp-post-4149 wp-image-4695\" src=\"https:\/\/res.cloudinary.com\/turna\/images\/w_800,h_500,c_scale\/f_auto,q_auto:low\/v1475661085\/Piazza-Del-Duoma-Firenze_vbxega\/Piazza-Del-Duoma-Firenze_vbxega.jpg?_i=AA\" data-format=\"jpg\" data-transformations=\"f_auto,q_auto:low\" data-version=\"1475661085\" data-seo=\"1\" srcset=\"https:\/\/res.cloudinary.com\/turna\/images\/w_300,h_188,c_scale\/f_auto,q_auto:low\/v1475661085\/Piazza-Del-Duoma-Firenze_vbxega\/Piazza-Del-Duoma-Firenze_vbxega.jpg?_i=AA 300w, https:\/\/res.cloudinary.com\/turna\/images\/w_672,h_420,c_scale\/f_auto,q_auto:low\/v1475661085\/Piazza-Del-Duoma-Firenze_vbxega\/Piazza-Del-Duoma-Firenze_vbxega.jpg?_i=AA 672w, https:\/\/res.cloudinary.com\/turna\/images\/w_640,h_400,c_scale\/f_auto,q_auto:low\/v1475661085\/Piazza-Del-Duoma-Firenze_vbxega\/Piazza-Del-Duoma-Firenze_vbxega.jpg?_i=AA 640w, https:\/\/res.cloudinary.com\/turna\/images\/w_681,h_426,c_scale\/f_auto,q_auto:low\/v1475661085\/Piazza-Del-Duoma-Firenze_vbxega\/Piazza-Del-Duoma-Firenze_vbxega.jpg?_i=AA 681w, https:\/\/res.cloudinary.com\/turna\/images\/f_auto,q_auto:low\/v1475661085\/Piazza-Del-Duoma-Firenze_vbxega\/Piazza-Del-Duoma-Firenze_vbxega.jpg?_i=AA 800w\" sizes=\"(max-width: 800px) 100vw, 800px\" \/><\/p>\n\n\n\n<p><strong>Duomo Meydan\u0131<\/strong>&nbsp;(Piazza del Duomo), Floransa&#8217;n\u0131n en hareketli noktas\u0131. \u0130smini \u00fcnl\u00fc Floransa Katedrali&#8217;nden alan meydan \u015fehrin zengin tarihi ge\u00e7mi\u015finin sembol\u00fc olan \u00e7ok say\u0131da yap\u0131yla \u00e7evrili. Meydan, ayn\u0131 zamanda Floransa&#8217;y\u0131 ke\u015ffetmek isteyen turistler i\u00e7in de iyi bir ba\u015flang\u0131\u00e7 noktas\u0131.<\/p>\n\n\n\n<p>Meydan ve \u00e7evresindeki yap\u0131lar\u0131n olu\u015fturdu\u011fu gruba Santa Maria del Fiore Katedral kompleksi deniyor. K\u00fc\u00e7\u00fck bir alanda sanat eserleri ile bezeli bu alan\u0131n i\u00e7erisinde Vaftizhane, \u00e7an kulesi, katedral ve m\u00fczenin yan\u0131 s\u0131ra Ghiberti, Brunelleschi, Donatello, Giotto ve Michelangelo gibi \u00fcnl\u00fc sanat\u00e7\u0131lar\u0131n ba\u015f yap\u0131tlar\u0131n\u0131 g\u00f6rebiliyorsunuz. B\u00fcy\u00fcleyici g\u00f6r\u00fcn\u00fcm\u00fc ile dikkat \u00e7eken bu meydan, turistlerin vazge\u00e7ilmez ziyaret yerlerinden.<\/p>\n\n\n\n<h3 class=\"wp-block-heading has-text-align-center has-neeon-button-dark-gray-color has-text-color has-link-color wp-elements-641f45240cc4f8dfe057e771bdcc6c51\"><span class=\"ez-toc-section\" id=\"2_uffizi_galerisi\"><\/span><strong>2. Uffizi Galerisi<\/strong><span class=\"ez-toc-section-end\"><\/span><\/h3>\n\n\n\n<p><strong>Uffizi Galerisi<\/strong>, d\u00fcnyan\u0131n en eski ve en \u00f6nemli sanat galerilerinden biri. Floransa tarihine damgas\u0131n\u0131 vuran, \u015fehrin en \u00fcnl\u00fc ailelerinden Medici Ailesi&#8217;nin sanat koleksiyonunun sergilendi\u011fi galeride r\u00f6nesans d\u00f6nemine ait \u00e7ok say\u0131da heykel ve resim bulunuyor.<\/p>\n\n\n\n<p>Sandro Boticelli\u2019nin \u2018The Birth of Venus and Primavera\u2019 adl\u0131 eseri ve Titian\u2019\u0131n \u2018Venus of Urbino\u2019 adl\u0131 \u00e7al\u0131\u015fmas\u0131 gibi onlarca de\u011ferli koleksiyonu burada g\u00f6rebilirsiniz.<\/p>\n\n\n\n<h3 class=\"wp-block-heading has-text-align-center has-neeon-button-dark-gray-color has-text-color has-link-color wp-elements-06b35d720c62a1125dc332a5922e55ce\"><span class=\"ez-toc-section\" id=\"3_accademia_galerisi\"><\/span><strong>3. Accademia Galerisi<\/strong><span class=\"ez-toc-section-end\"><\/span><\/h3>\n\n\n\n<p><strong>Akademia Galerisi<\/strong> (Galleria dell\u2019Accademia), Floransa&#8217;n\u0131n en \u00fcnl\u00fc sembol\u00fc olarak kabul edilen Michelangelo\u2019nun David Heykeli&#8217;nin sergilendi\u011fi m\u00fcze. Eserin orijinalinin sergilendi\u011fi m\u00fczede sanat\u00e7\u0131n\u0131n bir\u00e7ok farkl\u0131 eserini de g\u00f6rmek m\u00fcmk\u00fcn. Roma&#8217;da mezar ta\u015f\u0131 olarak tasarlad\u0131\u011f\u0131 ancak tamamlayamad\u0131\u011f\u0131 &#8216;D\u00f6rt K\u00f6le&#8217; eseri, galeride David Heykeli&#8217;nden sonra en \u00e7ok ilgi g\u00f6sterilen par\u00e7a.<\/p>\n\n\n\n<h3 class=\"wp-block-heading has-text-align-center has-neeon-button-dark-gray-color has-text-color has-link-color wp-elements-ad85f1ab73f8066bec3fae3eaedca8b7\"><span class=\"ez-toc-section\" id=\"4_floransa_katedrali\"><\/span><strong>4. Floransa Katedrali<\/strong><span class=\"ez-toc-section-end\"><\/span><\/h3>\n\n\n\n<p><img width=\"800\" height=\"500\" data-public-id=\"Florence-Cathedral_q86wjh\/Florence-Cathedral_q86wjh.jpg\" decoding=\"async\" class=\"alignnone wp-post-4149 wp-image-4696\" src=\"https:\/\/res.cloudinary.com\/turna\/images\/w_800,h_500,c_scale\/f_auto,q_auto:low\/v1475661103\/Florence-Cathedral_q86wjh\/Florence-Cathedral_q86wjh.jpg?_i=AA\" data-format=\"jpg\" data-transformations=\"f_auto,q_auto:low\" data-version=\"1475661103\" data-seo=\"1\" srcset=\"https:\/\/res.cloudinary.com\/turna\/images\/f_auto,q_auto:low\/v1475661103\/Florence-Cathedral_q86wjh\/Florence-Cathedral_q86wjh.jpg?_i=AA 800w, https:\/\/res.cloudinary.com\/turna\/images\/w_300,h_188,c_scale\/f_auto,q_auto:low\/v1475661103\/Florence-Cathedral_q86wjh\/Florence-Cathedral_q86wjh.jpg?_i=AA 300w, https:\/\/res.cloudinary.com\/turna\/images\/w_672,h_420,c_scale\/f_auto,q_auto:low\/v1475661103\/Florence-Cathedral_q86wjh\/Florence-Cathedral_q86wjh.jpg?_i=AA 672w, https:\/\/res.cloudinary.com\/turna\/images\/w_640,h_400,c_scale\/f_auto,q_auto:low\/v1475661103\/Florence-Cathedral_q86wjh\/Florence-Cathedral_q86wjh.jpg?_i=AA 640w, https:\/\/res.cloudinary.com\/turna\/images\/w_681,h_426,c_scale\/f_auto,q_auto:low\/v1475661103\/Florence-Cathedral_q86wjh\/Florence-Cathedral_q86wjh.jpg?_i=AA 681w\" sizes=\"(max-width: 800px) 100vw, 800px\" \/><\/p>\n\n\n\n<p>13. y\u00fczy\u0131ldan g\u00fcn\u00fcm\u00fcze kadar uzanan muhte\u015fem bir mimariye sahip olan <strong>Floransa Katedrali<\/strong>&#8216;nin&nbsp;renkli mermerleri g\u00f6z al\u0131rken,&nbsp;bu tarihi yap\u0131n\u0131n 463 basamakl\u0131 kubbesine \u00e7\u0131karak, \u015fehir manzaras\u0131n\u0131 izlemek de m\u00fcmk\u00fcn.<\/p>\n\n\n\n<p>Tamamland\u0131\u011f\u0131 1359 y\u0131l\u0131ndan bu yana \u015fehrin&nbsp;g\u00f6r\u00fcn\u00fcm\u00fcn\u00fc s\u00fcsleyen <strong>Giotto&#8217;nun \u00c7an Kulesi<\/strong>, 414 basamakla \u00e7\u0131k\u0131lan yakla\u015f\u0131k 85 metre y\u00fcksekli\u011finde bir yap\u0131. Kulenin seyir teras\u0131na \u00e7\u0131k\u0131p manzara izlemek isteyenlerin burada asans\u00f6r olmad\u0131\u011f\u0131n\u0131 bilmesinde yarar var.<\/p>\n\n\n\n<h3 class=\"wp-block-heading has-text-align-center has-neeon-button-dark-gray-color has-text-color has-link-color wp-elements-81cca905e03c41a5cd72d8061b3dfe98\"><span class=\"ez-toc-section\" id=\"5_medici_sapeli\"><\/span><strong>5. Medici \u015eapeli<\/strong><span class=\"ez-toc-section-end\"><\/span><\/h3>\n\n\n\n<p><strong>Medici \u015eapeli<\/strong> (Cappelle Medicee), soylu Medici Ailesi&#8217;nin Floransa&#8217;ya en b\u00fcy\u00fck arma\u011fanlar\u0131ndan biri. Ailenin g\u00fcc\u00fcn\u00fc g\u00f6zler \u00f6n\u00fcne seren \u015fapelin Prensler \u015eapeli b\u00f6l\u00fcm\u00fcn\u00fcn duvarlar\u0131 yar\u0131 de\u011ferli ta\u015flarla s\u00fcsl\u00fc.<\/p>\n\n\n\n<p>Michelangelo taraf\u0131ndan tasarlanan New Sacristy b\u00f6l\u00fcm\u00fc ise sanat\u00e7\u0131n\u0131n \u00fcnl\u00fc heykellerinden Dawn and Dusk, Night and Day ve Madonna and Child gibi \u00f6nemli eserlerine ev sahipli\u011fi yap\u0131yor.<\/p>\n\n\n\n<h3 class=\"wp-block-heading has-text-align-center has-neeon-button-dark-gray-color has-text-color has-link-color wp-elements-a3ed70fa7f327fcd0447aebbfefa8c8d\"><span class=\"ez-toc-section\" id=\"6_piazzale_michelangelo\"><\/span><strong>6. Piazzale Michelangelo<\/strong><span class=\"ez-toc-section-end\"><\/span><\/h3>\n\n\n\n<figure class=\"wp-block-image is-style-default\"><img width=\"800\" height=\"500\" data-public-id=\"Piazzale-Michelangelo_ucp04n\/Piazzale-Michelangelo_ucp04n.jpg\" loading=\"lazy\" decoding=\"async\" src=\"https:\/\/res.cloudinary.com\/turna\/images\/w_800,h_500,c_scale\/f_auto,q_auto:low\/v1475661148\/Piazzale-Michelangelo_ucp04n\/Piazzale-Michelangelo_ucp04n.jpg?_i=AA\" alt=\"\" class=\"wp-post-4149 wp-image-4698\" data-format=\"jpg\" data-transformations=\"f_auto,q_auto:low\" data-version=\"1475661148\" data-seo=\"1\" srcset=\"https:\/\/res.cloudinary.com\/turna\/images\/f_auto,q_auto:low\/v1475661148\/Piazzale-Michelangelo_ucp04n\/Piazzale-Michelangelo_ucp04n.jpg?_i=AA 800w, https:\/\/res.cloudinary.com\/turna\/images\/w_300,h_188,c_scale\/f_auto,q_auto:low\/v1475661148\/Piazzale-Michelangelo_ucp04n\/Piazzale-Michelangelo_ucp04n.jpg?_i=AA 300w, https:\/\/res.cloudinary.com\/turna\/images\/w_672,h_420,c_scale\/f_auto,q_auto:low\/v1475661148\/Piazzale-Michelangelo_ucp04n\/Piazzale-Michelangelo_ucp04n.jpg?_i=AA 672w, https:\/\/res.cloudinary.com\/turna\/images\/w_640,h_400,c_scale\/f_auto,q_auto:low\/v1475661148\/Piazzale-Michelangelo_ucp04n\/Piazzale-Michelangelo_ucp04n.jpg?_i=AA 640w, https:\/\/res.cloudinary.com\/turna\/images\/w_681,h_426,c_scale\/f_auto,q_auto:low\/v1475661148\/Piazzale-Michelangelo_ucp04n\/Piazzale-Michelangelo_ucp04n.jpg?_i=AA 681w\" sizes=\"(max-width: 800px) 100vw, 800px\" \/><\/figure>\n\n\n\n<p>Konuklar\u0131na yemek ya da kahve molas\u0131 i\u00e7in k\u00fc\u00e7\u00fck bir ka\u00e7amak yapma \u015fans\u0131 sunan <strong>Piazzale Michalegelo<\/strong> (Michalegelo Meydan\u0131), panaromik \u015fehir manzaras\u0131 izlemek isteyenler i\u00e7in de e\u015fsiz bir g\u00f6r\u00fcn\u00fcme sahip.<\/p>\n\n\n\n<h3 class=\"wp-block-heading has-text-align-center has-neeon-button-dark-gray-color has-text-color has-link-color wp-elements-c4714e2f20fd6967ab63fbf56a74dec8\"><span class=\"ez-toc-section\" id=\"7_palazzo_pitti\"><\/span>7. Palazzo Pitti<span class=\"ez-toc-section-end\"><\/span><\/h3>\n\n\n\n<p><strong>Palazzo Pitti<\/strong> (Palazzo Pitti), Arno Nehri&#8217;nin k\u0131y\u0131s\u0131nda yer alan Floransa&#8217;n\u0131n en g\u00f6rkemli yap\u0131lar\u0131ndan. Saray i\u00e7erisinde ihti\u015faml\u0131 bir sanat galerisi, Medici Saray\u0131, m\u00fcze, tarihi kraliyet daireleri ve pr\u00f6miyer bir bah\u00e7e bulunuyor.<\/p>\n\n\n\n<p>R\u00f6nesans d\u00f6neminde in\u015fa edilen Pitti Saray\u0131&#8217;nda Medici Ailesi&#8217;nin tablolar\u0131, m\u00fccevherleri ve g\u00fcnl\u00fck hayatta kulland\u0131klar\u0131 e\u015fyalar sergileniyor. Saray\u0131n arkas\u0131nda ise muazzam g\u00fczellikte Boboli Bah\u00e7eleri yer al\u0131yor.<\/p>\n\n\n\n<h3 class=\"wp-block-heading has-text-align-center has-neeon-button-dark-gray-color has-text-color has-link-color wp-elements-fadd74af7fb261e3591c0beb0410c8c3\"><span class=\"ez-toc-section\" id=\"8_piazza_della_signoria\"><\/span><strong>8. Piazza Della Signoria<\/strong><span class=\"ez-toc-section-end\"><\/span><\/h3>\n\n\n\n<p><strong>Piazza Della Signoria<\/strong> (Signoria Meydan\u0131), Floransa&#8217;n\u0131n tam g\u00f6be\u011finde yer alan bir meydan. Davud Heykeli&#8217;nin bir kopyas\u0131n\u0131 da bulabilece\u011finiz bu yer \u015fehrin en pop\u00fcler bulu\u015fma noktas\u0131. Di\u011fer g\u00f6z al\u0131c\u0131 heykellerle birlikte bu heykel de meydana bir a\u00e7\u0131k hava m\u00fczesi atmosferi kat\u0131yor.<\/p>\n\n\n\n<p>Floransa&#8217;da 14. y\u00fczy\u0131ldan beri g\u00fcc\u00fcn sembol\u00fc olan meydanda Nept\u00fcn havuzu ve havuzda da Nept\u00fcn heykeli; di\u011fer yan\u0131nda ise halen H\u00fckumet Binas\u0131 olarak kullan\u0131lan Palazzo Vecchio bulunuyor.<\/p>\n\n\n\n<p>Meydan\u0131n bir ucundaki Uffizi duvar\u0131ndaki&nbsp;Loggia dei Lanzi&nbsp;heykel galerisinde, Benvenuto Cellini\u2019nin en tan\u0131nm\u0131\u015f eseri olan Medusa ba\u015fl\u0131 Perseus Heykeli sergileniyor. Michelangelo David&#8217;i kopyas\u0131 ise Palazzo Vecchio \u00f6n\u00fcnde yer al\u0131yor.<\/p>\n\n\n\n<h3 class=\"wp-block-heading has-text-align-center has-neeon-button-dark-gray-color has-text-color has-link-color wp-elements-d1c367c5f780de450b3d6c899dce1ee8\"><span class=\"ez-toc-section\" id=\"9_vecchio_koprusu\"><\/span><strong>9. Vecchio K\u00f6pr\u00fcs\u00fc<\/strong><span class=\"ez-toc-section-end\"><\/span><\/h3>\n\n\n\n<figure class=\"wp-block-image size-full is-style-default\"><img width=\"800\" height=\"500\" data-public-id=\"Vecchio-Koprusu\/Vecchio-Koprusu.jpg\" loading=\"lazy\" decoding=\"async\" src=\"https:\/\/res.cloudinary.com\/turna\/images\/w_800,h_500,c_scale\/f_auto,q_auto:low\/v1633103157\/Vecchio-Koprusu\/Vecchio-Koprusu.jpg?_i=AA\" alt=\"Vecchio K\u00f6pr\u00fcs\u00fc\" class=\"wp-post-4149 wp-image-20001\" data-format=\"jpg\" data-transformations=\"f_auto,q_auto:low\" data-version=\"1633103157\" data-seo=\"1\" srcset=\"https:\/\/res.cloudinary.com\/turna\/images\/f_auto,q_auto:low\/v1633103157\/Vecchio-Koprusu\/Vecchio-Koprusu.jpg?_i=AA 800w, https:\/\/res.cloudinary.com\/turna\/images\/w_300,h_188,c_scale\/f_auto,q_auto:low\/v1633103157\/Vecchio-Koprusu\/Vecchio-Koprusu.jpg?_i=AA 300w, https:\/\/res.cloudinary.com\/turna\/images\/w_672,h_420,c_scale\/f_auto,q_auto:low\/v1633103157\/Vecchio-Koprusu\/Vecchio-Koprusu.jpg?_i=AA 672w, https:\/\/res.cloudinary.com\/turna\/images\/w_640,h_400,c_scale\/f_auto,q_auto:low\/v1633103157\/Vecchio-Koprusu\/Vecchio-Koprusu.jpg?_i=AA 640w, https:\/\/res.cloudinary.com\/turna\/images\/w_681,h_426,c_scale\/f_auto,q_auto:low\/v1633103157\/Vecchio-Koprusu\/Vecchio-Koprusu.jpg?_i=AA 681w\" sizes=\"(max-width: 800px) 100vw, 800px\" \/><\/figure>\n\n\n\n<p>Floransa&#8217;n\u0131n en bilinen simgesi olan<strong> Ponte Vecchio<\/strong>, zarif kemerleriyle bir \u00e7ok d\u00fckkana ev sahipli\u011fi yapan, \u015fehrin en g\u00fczel yerlerinden biri. <strong>Arno Nehri<\/strong> \u00fczerindeki k\u00f6pr\u00fcde \u00e7ok say\u0131da hediyelik e\u015fya d\u00fckk\u00e2n\u0131 bulunuyor.<\/p>\n\n\n\n<p>Kentin yetenekli kuyumcular\u0131 taraf\u0131ndan \u00fcretilmi\u015f g\u00f6z kama\u015ft\u0131r\u0131c\u0131 m\u00fccevherlerin sergilendi\u011fi k\u00f6pr\u00fc,&nbsp;kuyumcular\u0131n geleneksel mekan\u0131 olarak biliniyor.<\/p>\n\n\n\n<p>Medici ailesinin Ponte Vecchio&#8217;daki ofislerinden, Piti Palace&#8217;taki daireleri aras\u0131nda, halka kar\u0131\u015fmadan gidip gelmelerini sa\u011flamak i\u00e7in&nbsp;Arno Nehri&#8217;nin iki yakas\u0131n\u0131 birle\u015ftiren bir koridor yer al\u0131yor. Aile taraf\u0131ndan g\u00f6revlendirilen mimar Vasari&#8217;nin in\u015fa etti\u011fi bu koridorun resmi ad\u0131 Prensin Koridoru olsa da daha \u00e7ok Vasari Coridor olarak biniyor.<\/p>\n\n\n\n<p>Koridorun y\u00fcksek duvarlar\u0131nda, Rembrandt, Leonardo da Vinci, Raphael, Michelangelo ve Velasquez gibi sanat\u00e7\u0131lar\u0131n yapt\u0131\u011f\u0131 de\u011ferli portreler ve \u00f6nemli bir portre koleksiyonu yer al\u0131yor. Floransa gezilecek yerler aras\u0131nda yer alan&nbsp;Ponte Vecchio<strong> <\/strong>k\u00f6pr\u00fcs\u00fcne ve \u00fczerindeki d\u00fckkanlara zaman ay\u0131r\u0131n.<\/p>\n\n\n\n<h3 class=\"wp-block-heading has-text-align-center has-neeon-button-dark-gray-color has-text-color has-link-color wp-elements-24a5caa6b98e88a2e3a3947c8a630f26\"><span class=\"ez-toc-section\" id=\"10_santa_croce_bazilikasi\"><\/span><strong>10. Santa Croce Bazilikas\u0131<\/strong><span class=\"ez-toc-section-end\"><\/span><\/h3>\n\n\n\n<p><strong>Santa Croce Bazilikas\u0131<\/strong>, Michelangelo\u2019nun mezar\u0131n\u0131n bulundu\u011fu, \u015fehrin en \u00e7ok ziyaret edilen yap\u0131lar\u0131ndan biri. D\u00fcnyadaki en b\u00fcy\u00fck Fransiskan Kilisesi unvan\u0131na da sahip olan bazilika, Floransa\u2019n\u0131n sanat eserleriyle dolu en \u00fcnl\u00fc yerlerinden biri.<\/p>\n\n\n\n<p>Bu eserler aras\u0131nda r\u00f6nesans d\u00f6nemine ait, Giotto\u2019nun freskleri, Capella Bardi\u2019ni ile Masaccio ve Michelangelo\u2019ya ilham kayna\u011f\u0131 olan Cappella Peruzzi yer al\u0131yor. Donatello\u2019nun \u0130sa\u2019n\u0131n \u00c7arm\u0131ha Gerili\u015fi ve Cappella Baroncelli\u2019deki fresklerini mutlaka g\u00f6r\u00fcn.<\/p>\n\n\n\n<h3 class=\"wp-block-heading has-text-align-center has-neeon-button-dark-gray-color has-text-color has-link-color wp-elements-3d8fe24f122e045dbf090ca6a9a46279\"><span class=\"ez-toc-section\" id=\"11_san_lorenzo_kilisesi\"><\/span><strong>11. San Lorenzo Kilisesi<\/strong><span class=\"ez-toc-section-end\"><\/span><\/h3>\n\n\n\n<p><strong>San Lorenzo Kilisesi<\/strong>, Floransa&#8217;n\u0131n en eski kilisesi. Medici Ailesi&#8217;nin mezar\u0131n\u0131n da bulundu\u011fu yap\u0131, Medici Ailesi&#8217;nin iste\u011fiyle kilise b\u00f6l\u00fcm\u00fc Brunellesch, mezarl\u0131k \u015fapeli ise Michelangelo taraf\u0131ndan in\u015fa edilmi\u015f.<\/p>\n\n\n\n<p>Her iki sanat\u00e7\u0131n\u0131n \u00f6l\u00fcm\u00fcyle yar\u0131m kalan yap\u0131, plan\u0131na uygun bir \u015fekilde tamamlanm\u0131\u015f. Kilisede, Eski Kutsal, Yeni Kutsal, Prensin \u015eapeli ve Laurenziana K\u00fct\u00fcphanesi ile birlikte Donatello ve Lippi gibi r\u00f6nesans ustalar\u0131n\u0131n eserlerini g\u00f6rebilirsiniz.<\/p>\n\n\n\n<h3 class=\"wp-block-heading has-text-align-center has-neeon-button-dark-gray-color has-text-color has-link-color wp-elements-8705259f73078faf8fc7e1b2f61cb2ac\"><span class=\"ez-toc-section\" id=\"12_boboli_bahceleri\"><\/span><strong>12. Boboli Bah\u00e7eleri<\/strong><span class=\"ez-toc-section-end\"><\/span><\/h3>\n\n\n\n<p><img width=\"800\" height=\"500\" data-public-id=\"Boboli-Cesmesi_dvfe8n\/Boboli-Cesmesi_dvfe8n.jpg\" loading=\"lazy\" decoding=\"async\" class=\"alignnone wp-post-4149 wp-image-4700\" src=\"https:\/\/res.cloudinary.com\/turna\/images\/w_800,h_500,c_scale\/f_auto,q_auto:low\/v1475661193\/Boboli-Cesmesi_dvfe8n\/Boboli-Cesmesi_dvfe8n.jpg?_i=AA\" data-format=\"jpg\" data-transformations=\"f_auto,q_auto:low\" data-version=\"1475661193\" data-seo=\"1\" srcset=\"https:\/\/res.cloudinary.com\/turna\/images\/f_auto,q_auto:low\/v1475661193\/Boboli-Cesmesi_dvfe8n\/Boboli-Cesmesi_dvfe8n.jpg?_i=AA 800w, https:\/\/res.cloudinary.com\/turna\/images\/w_300,h_188,c_scale\/f_auto,q_auto:low\/v1475661193\/Boboli-Cesmesi_dvfe8n\/Boboli-Cesmesi_dvfe8n.jpg?_i=AA 300w, https:\/\/res.cloudinary.com\/turna\/images\/w_672,h_420,c_scale\/f_auto,q_auto:low\/v1475661193\/Boboli-Cesmesi_dvfe8n\/Boboli-Cesmesi_dvfe8n.jpg?_i=AA 672w, https:\/\/res.cloudinary.com\/turna\/images\/w_640,h_400,c_scale\/f_auto,q_auto:low\/v1475661193\/Boboli-Cesmesi_dvfe8n\/Boboli-Cesmesi_dvfe8n.jpg?_i=AA 640w, https:\/\/res.cloudinary.com\/turna\/images\/w_681,h_426,c_scale\/f_auto,q_auto:low\/v1475661193\/Boboli-Cesmesi_dvfe8n\/Boboli-Cesmesi_dvfe8n.jpg?_i=AA 681w\" sizes=\"(max-width: 800px) 100vw, 800px\" \/><\/p>\n\n\n\n<p>1500&#8217;l\u00fc y\u0131llardan sonra in\u015fa edilen&nbsp;ancak halk\u0131n kullan\u0131m\u0131na a\u00e7\u0131lmas\u0131 19. y\u00fczy\u0131l\u0131 bulan&nbsp;<strong>Boboli Bah\u00e7eleri<\/strong>&#8216;nde, ihti\u015faml\u0131 g\u00fczelli\u011fiyle nefes kesen bitki \u00f6rt\u00fcs\u00fcn\u00fcn yan\u0131 s\u0131ra pek \u00e7ok antik eser ve tarihi yap\u0131 da yer al\u0131yor.<\/p>\n\n\n\n<h3 class=\"wp-block-heading has-text-align-center has-neeon-button-dark-gray-color has-text-color has-link-color wp-elements-e2c79aa21b72839deeddb65a919f2b34\"><span class=\"ez-toc-section\" id=\"13_santa_maria_novelia_bazilikasi\"><\/span><strong>13. Santa Maria Novelia Bazilikas\u0131<\/strong><span class=\"ez-toc-section-end\"><\/span><\/h3>\n\n\n\n<p><strong>Santa Maria Novelia Bazilikas\u0131<\/strong>, zarif k\u0131vr\u0131ml\u0131 mimari tasar\u0131m\u0131 ile \u015fehrin g\u00f6z al\u0131c\u0131 eserlerinden biri. Bazilikan\u0131n d\u0131\u015f tasar\u0131m\u0131 kadar i\u00e7erisindeki freskler de olduk\u00e7a \u00fcnl\u00fc.<\/p>\n\n\n\n<p>Bazilikan\u0131n freskleri Masaccio, Ciotto, Dominico Ghirlandaio, Lippi, Paolo Uccello gibi ustalar taraf\u0131ndan yap\u0131lm\u0131\u015f. Bazilikan\u0131n mermer minberi ve ah\u015fap ha\u00e7\u0131 g\u00f6r\u00fclmeye de\u011fer. Manast\u0131r\u0131n tarihi eczanesinde ise bitkisel ila\u00e7lar ve \u00e7e\u015fitli bitkilerden elde edilen losyonlar sat\u0131l\u0131yor.<\/p>\n\n\n\n<h3 class=\"wp-block-heading has-text-align-center has-neeon-button-dark-gray-color has-text-color has-link-color wp-elements-132ec1363e6901f35cbcf7185e0055d5\"><span class=\"ez-toc-section\" id=\"14_giottonun_can_kulesi\"><\/span><strong>14. Giotto\u2019nun \u00c7an Kulesi<\/strong><span class=\"ez-toc-section-end\"><\/span><\/h3>\n\n\n\n<p>Floransa\u2019n\u0131n siluetini s\u00fcsleyen en etkileyici yap\u0131lardan biri de Giotto\u2019nun \u00c7an Kulesi. 14. y\u00fczy\u0131lda \u00fcnl\u00fc sanat\u00e7\u0131 Giotto di Bondone taraf\u0131ndan tasarlanan bu kule, Gotik tarz\u0131n en g\u00fczel \u00f6rneklerinden biri olarak kabul ediliyor. E\u011fer \u015fehri ku\u015fbak\u0131\u015f\u0131 g\u00f6rmek istiyorsan, buras\u0131 tam senlik! Ama ufak bir uyar\u0131: Zirveye ula\u015fmak i\u00e7in tam 414 basamak t\u0131rmanman gerekiyor. Asans\u00f6r yok, bu y\u00fczden spor ayakkab\u0131lar\u0131n\u0131 giymeyi unutma!<\/p>\n\n\n\n<p>Yukar\u0131 vard\u0131\u011f\u0131nda ise t\u00fcm yorgunlu\u011funu unutturacak bir manzara seni bekliyor. K\u0131rm\u0131z\u0131 kiremitli \u00e7at\u0131lar\u0131, Arno Nehri\u2019ni ve Floransa Katedrali\u2019nin g\u00f6rkemli kubbesini izlerken kendini Orta \u00c7a\u011f\u2019da ya\u015fayan bir sanat\u00e7\u0131 gibi hissedebilirsin. Hele g\u00fcn bat\u0131m\u0131na denk gelirsen, \u015fehir alt\u0131n tonlar\u0131na b\u00fcr\u00fcn\u00fcyor ve ortaya kartpostall\u0131k bir manzara \u00e7\u0131k\u0131yor. Foto\u011fraf makineni haz\u0131rlamay\u0131 unutma!<\/p>\n\n\n\n<h3 class=\"wp-block-heading has-text-align-center has-neeon-button-dark-gray-color has-text-color has-link-color wp-elements-0246bdde1fe6ec42e3b6baf2aed27db8\"><span class=\"ez-toc-section\" id=\"15_museo_dellopera_del_duomo\"><\/span>15. <strong>Museo dell\u2019Opera del Duomo<\/strong><span class=\"ez-toc-section-end\"><\/span><\/h3>\n\n\n\n<p>Floransa Katedrali\u2019nin ihti\u015fam\u0131na hayran kald\u0131ysan, onun hikayesini ve arkas\u0131ndaki sanat\u0131 ke\u015ffetmek i\u00e7in Museo dell\u2019Opera del Duomo\u2019ya mutlaka u\u011framal\u0131s\u0131n. Buras\u0131, katedralin in\u015fas\u0131nda kullan\u0131lan orijinal heykellerin, r\u00f6lyeflerin ve sanat eserlerinin sergilendi\u011fi bir m\u00fcze.<\/p>\n\n\n\n<p>Michelangelo\u2019nun Piet\u00e0 heykelinin etkileyici bir versiyonu burada sergileniyor. Ustan\u0131n ya\u015fl\u0131l\u0131k d\u00f6neminde yapt\u0131\u011f\u0131 bu eser, onun derin duygular\u0131n\u0131 ve yorgunlu\u011funu yans\u0131t\u0131yor. Ayr\u0131ca Lorenzo Ghiberti\u2019nin \u00fcnl\u00fc Cennetin Kap\u0131lar\u0131 adl\u0131 bronz kap\u0131 panellerini de burada yak\u0131ndan inceleyebilirsin. Orijinalleri m\u00fczede sergilense de, replikalar\u0131 hala Vaftizhane\u2019nin giri\u015finde yer al\u0131yor. E\u011fer Floransa\u2019n\u0131n en \u00f6nemli yap\u0131lar\u0131ndan birinin nas\u0131l in\u015fa edildi\u011fini ve zaman i\u00e7inde nas\u0131l de\u011fi\u015fti\u011fini \u00f6\u011frenmek istiyorsan, buraya mutlaka zaman ay\u0131rmal\u0131s\u0131n.<\/p>\n\n\n\n<h2 class=\"wp-block-heading has-text-align-center has-neeon-button-dark-gray-color has-text-color has-link-color wp-elements-95e7852eb8f937929514d6238aff481e\"><span class=\"ez-toc-section\" id=\"floransada_nerede_kalinir\"><\/span><strong>Floransa\u2019da Nerede Kal\u0131n\u0131r<\/strong>?<span class=\"ez-toc-section-end\"><\/span><\/h2>\n\n\n\n<figure class=\"wp-block-image size-large\"><img decoding=\"async\" src=\"https:\/\/res.cloudinary.com\/turna\/image\/upload\/v1735114730\/wordpress-contents\/floransaa.jpg\" alt=\"\"\/><\/figure>\n\n\n\n<p>Katedral, Vaftizhane, Ciotti\u2019nin \u00c7an Kulesi\u2019nden, Pitti Palace M\u00fczesi ve Bah\u00e7eleri\u2019ne kadar, Arno Nehri\u2019nin kar\u015f\u0131 taraf\u0131nda Floransa\u2019n\u0131n turistik alanlar\u0131na y\u00fcr\u00fcme mesafesinde konaklama alanlar\u0131 bulunuyor. Tarihi merkezlerde ise fazlas\u0131yla konaklama yerleri mevcut.<\/p>\n\n\n\n<p>Tarihi binas\u0131n\u0131n yak\u0131n bir zamanda yenilendi\u011fi Otel Burnelleschi, Katedrale ve en iyi al\u0131\u015fveri\u015f caddelerinden baz\u0131lar\u0131na biti\u015fik olup \u00fcst\u00fcn hizmet, Duomo manzaras\u0131 ve \u00fccretsiz kahvalt\u0131 imkanlar\u0131yla cazip bir otel.<\/p>\n\n\n\n<p>Gezilecek yerlere yak\u0131n olup ancak turist kalabal\u0131\u011f\u0131n\u0131n d\u0131\u015f\u0131nda kalan bir lokasyonda, d\u00f6rt sezon hizmet veren Otel Firenze\u2019ninse odalar\u0131ndan t\u00fcm Floransa manzaras\u0131 ve bah\u00e7eleri g\u00f6r\u00fclebiliyor.<\/p>\n\n\n\n<p>Uffizi Galerisi\u2019nin bir blok arkas\u0131nda yer alan ve misafirlerine \u00f6zel hizmeti ile tan\u0131nan Portrit Firenze, Arno Nehri k\u0131y\u0131s\u0131nda, Ponte Vechio\u2019ya bak\u0131yor.<\/p>\n\n\n\n<p>Katedralin sa\u011f taraf\u0131nda bulunan ve Santa Maria Novella \u0130stasyonuna yak\u0131n olan konuma sahip olan Otel Spadai balkonlu odalar\u0131yla tan\u0131n\u0131yor. Otel Berchielli ise, \u00fccretsiz kahvalt\u0131yla birlikte Arno Nehri ile Ponte Vechio manzaras\u0131na davet ediyor.<\/p>\n\n\n\n<p>\u00dccretsiz kahvalt\u0131 ve verandas\u0131 olan ancak asans\u00f6r\u00fc bulunmayan Otel Davanzati, Piazza della Signoria ve kadetralin yak\u0131n\u0131nda yer alan bir aile i\u015fletmesi.<\/p>\n\n\n\n<p>Misafirperver aileler taraf\u0131ndan i\u015fletilen Otel Casci, San Lorenzo, Medici Palazzo Riccardi ve \u00e7ok say\u0131da restorana yak\u0131n olan bir otel. Santa Croce ve Piazza della Signoria aras\u0131ndaki tarihi bir bina olan Otel Santa Croce cappuccino ise, asans\u00f6r\u00fc olmasa da personelin bagaj ta\u015f\u0131mada yard\u0131mc\u0131 oldu\u011fu ve \u00fccretsiz kahvalt\u0131 da sunan bir konaklama mekan\u0131.<\/p>\n\n\n\n<p>16\u2019\u0131nc\u0131 y\u00fczy\u0131lda in\u015fa edilen binada yer alan Otel Europa\u2019n\u0131n geni\u015f odalar\u0131n\u0131n baz\u0131lar\u0131 katedral manzaras\u0131na sahip olmakla birlikte San Lorenzo, Palazzo Riccardi \u2018ye de \u00e7ok yak\u0131n.<\/p>\n\n\n\n<h2 class=\"wp-block-heading has-text-align-center has-neeon-button-dark-gray-color has-text-color has-link-color wp-elements-54fd229500075b20a6b6b486d3317c02\"><span class=\"ez-toc-section\" id=\"floransa_yeme-icme_ve_alisveris\"><\/span><strong>Floransa Yeme-\u0130\u00e7me ve Al\u0131\u015fveri\u015f<\/strong><span class=\"ez-toc-section-end\"><\/span><\/h2>\n\n\n\n<figure class=\"wp-block-image size-large\"><img decoding=\"async\" src=\"https:\/\/res.cloudinary.com\/turna\/image\/upload\/v1739947632\/wordpress-contents\/pizza.jpg\" alt=\"\"\/><\/figure>\n\n\n\n<p>Floransa\u2019da herhangi bir yerde, \u00f6zellikle Piazza della Signoria taraf\u0131nda, d\u00fcnyan\u0131n en iyi dondurmas\u0131n\u0131 bulabilir, bir fincan kahve yada s\u0131cak \u00e7ikolatayla rahatlayabilir ve Tuskan mutfa\u011f\u0131n\u0131n en leziz yemeklerini tadabilirsiniz. Fiyatlar normal ile \u00e7ok pahal\u0131 aras\u0131nda gidip gelir. Ancak \u015fehrin d\u00f6rt bir yan\u0131nda her b\u00fct\u00e7eye uygun g\u00fczel \u0130talyan pizzas\u0131 bulabilirsiniz.<\/p>\n\n\n\n<p>Floransa\u2019da sandvi\u00e7 i\u00e7ine yerle\u015ftirilmi\u015f i\u015fkembe s\u0131ra d\u0131\u015f\u0131 bir deneyim. Pizza, bir sandvi\u00e7 t\u00fcr\u00fc olan panini, espresso, makarna ve peynir \u00e7e\u015fitleri de birer \u0130talya klasi\u011fi. Tiramisu da Floransa\u2019da denemesi gereken bir lezzet. 1733\u2019te a\u00e7\u0131lan Gilli \u015fehrin en eski ve en \u00fcnl\u00fc pastanesi ve tiramisular\u0131 ger\u00e7ekten \u00e7ok lezzetli.<\/p>\n\n\n\n<p>\u0130talya\u2019da dev markalar\u0131n ma\u011fazalar\u0131na bakmadan durmak imkans\u0131z ve Floransa\u2019da bunlar\u0131n \u00e7o\u011fu Via Tornabuoni\u2019de bulunuyor. T\u00fcm b\u00fcy\u00fck ma\u011fazalar\u0131 gezdikten sonra \u00e7evresindeki sokaklara bakt\u0131\u011f\u0131n\u0131zda yine birbirinden \u00e7ekici camekanlar g\u00f6receksiniz.<\/p>\n\n\n\n<p>R\u00f6nesans\u2019tan bu yana g\u00fczel i\u015f\u00e7ili\u011fin mekan\u0131 olarak bilinen&nbsp;<strong>Oltrarno<\/strong>, deri, mermer, ka\u011f\u0131t ve di\u011fer dekoratif \u00fcr\u00fcnlerle birlikte cilt, alt\u0131n kaplama ve de\u011ferli ta\u015flardan olu\u015fan mozaikleri ile tan\u0131n\u0131yor. Hala uygulanmakta ve de\u011ferini korumakta olan bu i\u015f\u00e7ilik, nehrin \u00f6teki yakas\u0131nda Oltrarno Mahallesi\u2019nde s\u00fcrd\u00fcr\u00fcl\u00fcyor.<\/p>\n\n\n\n<p>Pitti Palace ve Piazza Sato Spirito aras\u0131ndaki sokaklarda, at\u00f6lyelerdeki kadar iyi i\u015f \u00e7\u0131karan sanat\u00e7\u0131lar\u0131 i\u015f ba\u015f\u0131nda izleyebilir, bunlar\u0131 satan k\u00fc\u00e7\u00fck d\u00fckkanlarda di\u011fer g\u00fczel i\u015f\u00e7ilikleri bulabilirsiniz.<\/p>\n\n\n\n<p>Floransa\u2019n\u0131n g\u0131da pazar\u0131 olan Mercato Centrale, kentin a\u00e7\u0131khava m\u00fczesi olmas\u0131ndan endi\u015felenmeye ba\u015flayanlar i\u00e7in iyi bir adres. Floransal\u0131lar\u0131n g\u00fcnl\u00fck rutinlerine d\u00f6nd\u00fc\u011f\u00fc bu b\u00fcy\u00fck g\u0131da pazar\u0131nda, ucuz plastikten tutun da otantik \u0130talyan el sanatlar\u0131na kadar her \u015feyi bulabilece\u011finiz tezgahlar\u0131ndaki \u00fcr\u00fcnlerin \u00e7o\u011fu Asya\u2019dan geliyor.<\/p>\n\n\n\n<p>Ancak dikkatli olun. Pazar\u0131n i\u00e7inde taze otlar\u0131n, \u00e7i\u00e7eklerin ve bah\u00e7e \u00fcr\u00fcnlerinin kokusu aras\u0131nda al\u0131\u015fveri\u015fe \u00e7\u0131kan bayanlarla dirsek dirse\u011fe al\u0131\u015fveri\u015f yapabilirsiniz.<\/p>\n\n\n\n<p>En ucuz&nbsp;<strong><a href=\"https:\/\/www.turna.com\/ucak-bileti\/floransa\"><strong>Floransa<\/strong> u\u00e7ak bileti<\/a><\/strong>&nbsp;i\u00e7in turna.com sayfas\u0131n\u0131 ziyaret edin. Geli\u015fmi\u015f arama teknolojisi, g\u00fcvenli \u00f6deme, komisyonsuz al\u0131\u015fveri\u015f, kesintisiz iade garantisi ve daha fazla turna.com sayfalar\u0131nda.<\/p>\n\n    <div class=\"xs_social_share_widget xs_share_url after_content \t\tmain_content  wslu-style-1 wslu-share-box-shaped wslu-fill-colored wslu-none wslu-share-horizontal wslu-theme-font-no wslu-main_content\">\n\n\t\t\n        <ul>\n\t\t\t        <\/ul>\n    <\/div> \n","protected":false},"excerpt":{"rendered":"<p>Floransa, ola\u011fan\u00fcst\u00fc tarihi ge\u00e7mi\u015fi ve neredeyse kusursuz sanat\u0131 ve estetik dokusu ile Avrupa\u2019n\u0131n en g\u00fczel \u015fehirlerinden biri. Her noktas\u0131ndan sanat f\u0131\u015fk\u0131ran bamba\u015fka bir yer. K\u00f6pr\u00fclerine \u00e7\u0131k\u0131p sokak manzaralar\u0131n\u0131 izledi\u011finiz zaman, \u00fczerinden ne kadar vakit ge\u00e7erse ge\u00e7sin her zaman g\u00f6zlerinizi kapat\u0131nca oray\u0131 hat\u0131rlars\u0131n\u0131z. \u0130talya\u2019da hemen her \u015fehir, sanat\u0131 alt\u0131n bir tepside \u00f6n\u00fcn\u00fcze sunuyor ancak Floransa tam [&hellip;]<\/p>\n","protected":false},"author":8,"featured_media":4696,"comment_status":"open","ping_status":"open","sticky":false,"template":"","format":"standard","meta":{"rop_custom_images_group":[],"rop_custom_messages_group":[],"rop_publish_now":"initial","rop_publish_now_accounts":[],"rop_publish_now_history":[],"rop_publish_now_status":"pending","_cloudinary_featured_overwrite":false,"footnotes":""},"categories":[27],"tags":[5339,141],"class_list":["post-4149","post","type-post","status-publish","format-standard","has-post-thumbnail","hentry","category-italya","tag-flight","tag-floransa"],"_links":{"self":[{"href":"https:\/\/www.turna.com\/blog\/wp-json\/wp\/v2\/posts\/4149","targetHints":{"allow":["GET"]}}],"collection":[{"href":"https:\/\/www.turna.com\/blog\/wp-json\/wp\/v2\/posts"}],"about":[{"href":"https:\/\/www.turna.com\/blog\/wp-json\/wp\/v2\/types\/post"}],"author":[{"embeddable":true,"href":"https:\/\/www.turna.com\/blog\/wp-json\/wp\/v2\/users\/8"}],"replies":[{"embeddable":true,"href":"https:\/\/www.turna.com\/blog\/wp-json\/wp\/v2\/comments?post=4149"}],"version-history":[{"count":0,"href":"https:\/\/www.turna.com\/blog\/wp-json\/wp\/v2\/posts\/4149\/revisions"}],"wp:featuredmedia":[{"embeddable":true,"href":"https:\/\/www.turna.com\/blog\/wp-json\/wp\/v2\/media\/4696"}],"wp:attachment":[{"href":"https:\/\/www.turna.com\/blog\/wp-json\/wp\/v2\/media?parent=4149"}],"wp:term":[{"taxonomy":"category","embeddable":true,"href":"https:\/\/www.turna.com\/blog\/wp-json\/wp\/v2\/categories?post=4149"},{"taxonomy":"post_tag","embeddable":true,"href":"https:\/\/www.turna.com\/blog\/wp-json\/wp\/v2\/tags?post=4149"}],"curies":[{"name":"wp","href":"https:\/\/api.w.org\/{rel}","templated":true}]}}