{"id":4129,"date":"2022-04-21T15:03:00","date_gmt":"2022-04-21T12:03:00","guid":{"rendered":"https:\/\/www.turna.com\/blog\/?p=4129"},"modified":"2025-12-10T11:44:13","modified_gmt":"2025-12-10T08:44:13","slug":"iztuzu-plaji","status":"publish","type":"post","link":"https:\/\/www.turna.com\/blog\/iztuzu-plaji","title":{"rendered":"\u0130ztuzu Plaj\u0131 Hakk\u0131nda Bilgiler"},"content":{"rendered":"<div id=\"ez-toc-container\" class=\"ez-toc-v2_0_82_2 counter-hierarchy ez-toc-counter ez-toc-black ez-toc-container-direction\">\n<div class=\"ez-toc-title-container\">\n<p class=\"ez-toc-title\" style=\"cursor:inherit\">\u0130\u00e7indekiler<\/p>\n<span class=\"ez-toc-title-toggle\"><a href=\"#\" class=\"ez-toc-pull-right ez-toc-btn ez-toc-btn-xs ez-toc-btn-default ez-toc-toggle\" aria-label=\"\u0130\u00e7indekiler Tablosunu A\u00e7\/Kapat\"><span class=\"ez-toc-js-icon-con\"><span class=\"\"><span class=\"eztoc-hide\" style=\"display:none;\">Toggle<\/span><span class=\"ez-toc-icon-toggle-span\"><svg style=\"fill: #ffffff;color:#ffffff\" xmlns=\"http:\/\/www.w3.org\/2000\/svg\" class=\"list-377408\" width=\"20px\" height=\"20px\" viewBox=\"0 0 24 24\" fill=\"none\"><path d=\"M6 6H4v2h2V6zm14 0H8v2h12V6zM4 11h2v2H4v-2zm16 0H8v2h12v-2zM4 16h2v2H4v-2zm16 0H8v2h12v-2z\" fill=\"currentColor\"><\/path><\/svg><svg style=\"fill: #ffffff;color:#ffffff\" class=\"arrow-unsorted-368013\" xmlns=\"http:\/\/www.w3.org\/2000\/svg\" width=\"10px\" height=\"10px\" viewBox=\"0 0 24 24\" version=\"1.2\" baseProfile=\"tiny\"><path d=\"M18.2 9.3l-6.2-6.3-6.2 6.3c-.2.2-.3.4-.3.7s.1.5.3.7c.2.2.4.3.7.3h11c.3 0 .5-.1.7-.3.2-.2.3-.5.3-.7s-.1-.5-.3-.7zM5.8 14.7l6.2 6.3 6.2-6.3c.2-.2.3-.5.3-.7s-.1-.5-.3-.7c-.2-.2-.4-.3-.7-.3h-11c-.3 0-.5.1-.7.3-.2.2-.3.5-.3.7s.1.5.3.7z\"\/><\/svg><\/span><\/span><\/span><\/a><\/span><\/div>\n<nav><ul class='ez-toc-list ez-toc-list-level-1 eztoc-toggle-hide-by-default' ><li class='ez-toc-page-1 ez-toc-heading-level-2'><a class=\"ez-toc-link ez-toc-heading-1\" href=\"https:\/\/www.turna.com\/blog\/iztuzu-plaji\/#iztuzu_plaji_hakkinda_bilgi\" >\u0130ztuzu Plaj\u0131 Hakk\u0131nda Bilgi<\/a><ul class='ez-toc-list-level-3' ><li class='ez-toc-heading-level-3'><a class=\"ez-toc-link ez-toc-heading-2\" href=\"https:\/\/www.turna.com\/blog\/iztuzu-plaji\/#iztuzu_plaji_nerede\" >\u0130ztuzu Plaj\u0131 Nerede?<\/a><\/li><li class='ez-toc-page-1 ez-toc-heading-level-3'><a class=\"ez-toc-link ez-toc-heading-3\" href=\"https:\/\/www.turna.com\/blog\/iztuzu-plaji\/#iztuzu_plajina_nasil_gidilir\" >\u0130ztuzu Plaj\u0131\u2019na Nas\u0131l Gidilir?<\/a><\/li><li class='ez-toc-page-1 ez-toc-heading-level-3'><a class=\"ez-toc-link ez-toc-heading-4\" href=\"https:\/\/www.turna.com\/blog\/iztuzu-plaji\/#iztuzu_plaji_ozellikleri\" >\u0130ztuzu Plaj\u0131 \u00d6zellikleri<\/a><\/li><li class='ez-toc-page-1 ez-toc-heading-level-3'><a class=\"ez-toc-link ez-toc-heading-5\" href=\"https:\/\/www.turna.com\/blog\/iztuzu-plaji\/#iztuzu_plaji_hakkinda_sikca_sorulan_sorular\" >\u0130ztuzu Plaj\u0131 Hakk\u0131nda S\u0131k\u00e7a Sorulan Sorular<\/a><\/li><li class='ez-toc-page-1 ez-toc-heading-level-3'><a class=\"ez-toc-link ez-toc-heading-6\" href=\"https:\/\/www.turna.com\/blog\/iztuzu-plaji\/#iztuzu_plaji_giris_ucreti_ne_kadar\" >\u0130ztuzu Plaj\u0131 giri\u015f \u00fccreti ne kadar?<\/a><\/li><li class='ez-toc-page-1 ez-toc-heading-level-3'><a class=\"ez-toc-link ez-toc-heading-7\" href=\"https:\/\/www.turna.com\/blog\/iztuzu-plaji\/#iztuzu_plaji_saat_kacta_kapaniyor\" >\u0130ztuzu Plaj\u0131 saat ka\u00e7ta kapan\u0131yor?<\/a><\/li><li class='ez-toc-page-1 ez-toc-heading-level-3'><a class=\"ez-toc-link ez-toc-heading-8\" href=\"https:\/\/www.turna.com\/blog\/iztuzu-plaji\/#iztuzu_plaji_uzunlugu_kac_km\" >\u0130ztuzu Plaj\u0131 uzunlu\u011fu ka\u00e7 km?<\/a><\/li><li class='ez-toc-page-1 ez-toc-heading-level-3'><a class=\"ez-toc-link ez-toc-heading-9\" href=\"https:\/\/www.turna.com\/blog\/iztuzu-plaji\/#dalyan_iztuzu_plaji_acik_mi\" >Dalyan \u0130ztuzu Plaj\u0131 a\u00e7\u0131k m\u0131?<\/a><\/li><\/ul><\/li><\/ul><\/nav><\/div>\n\n<p><a href=\"https:\/\/www.turna.com\/blog\/ulkeler\/avrupa\" target=\"_blank\" rel=\"noopener noreferrer\"><strong>Avrupa<\/strong><\/a>&#8216;n\u0131n en iyi plajlar\u0131 aras\u0131nda g\u00f6sterilen <strong>\u0130ztuzu Plaj\u0131<\/strong>, 4 bu\u00e7uk kilometrelik e\u015fsiz kumsal\u0131, sazl\u0131klar aras\u0131nda bulunan muhte\u015fem Dalyan&#8217;\u0131 ve Caretta Caretta yuvalar\u0131yla g\u00f6z al\u0131c\u0131 bir turizm destinasyonu.<\/p>\n\n\n\n<p>G\u00f6z alabildi\u011fine uzanan incecik kumlarla \u00e7evrili&nbsp;plaj\u0131 ve metrelerce ilerlemenize ra\u011fmen bir t\u00fcrl\u00fc derinle\u015fmeyen deniziyle farkl\u0131 bir atmosfere sahip olan \u0130ztuzu, tekneden inip sahile do\u011fru y\u00fcr\u00fcrken kar\u015f\u0131la\u015f\u0131lan kum birikintileri nedeniyle ilk bak\u0131\u015fta \u00e7\u00f6le girmi\u015f hissi uyand\u0131rsa da, \u00e7evreyi saran tepeler ve irili ufakl\u0131 a\u011fa\u00e7lar bu havay\u0131 da\u011f\u0131t\u0131yor.<\/p>\n\n\n\n<p>The Times gazetesi taraf\u0131ndan \u201cAvrupa\u2019n\u0131n En \u0130yi A\u00e7\u0131k Alan\u0131\u201d ilan edilen bu g\u00fczel plaj yaln\u0131zca sahip oldu\u011fu do\u011fas\u0131 ve g\u00fczel deniziyle de\u011fil. Ayn\u0131 zamanda caretta carettalar\u0131 ile de me\u015fhur. Caretta Caretta kaplumba\u011falar\u0131n\u0131n d\u00fcnyadaki nadir \u00fcreme alanlar\u0131ndan biri Dalyan \u0130ztuzu Plaj\u0131.<\/p>\n\n\n\n<p>Kaplumba\u011fa yumurtalar\u0131na zarar vermemek ve kaplumba\u011falar\u0131 rahats\u0131z etmemek i\u00e7in ak\u015fam 20.00 ile sabah 08.00 aras\u0131nda plaja giri\u015f yap\u0131lam\u0131yor. Plajda yaral\u0131 kaplumba\u011falar\u0131n\u0131n tedavilerinin yap\u0131ld\u0131\u011f\u0131 bir kaplumba\u011fa hastanesi de yer al\u0131yor.<\/p>\n\n\n\n<p>Tuzlu ve tatl\u0131 suyu bir arada bulabilece\u011finiz ender plajlardan biri olan plaj, Dalyan gezilecek yerler listesinde mutlaka g\u00f6r\u00fclmesi gereken bir g\u00fczellik. Bu yaz\u0131mda \u0130ztuzu Plaj\u0131 nerede, nas\u0131l gidilir, giri\u015f \u00fccreti gibi sorulara yan\u0131t vermeye \u00e7al\u0131\u015faca\u011f\u0131m.<\/p>\n\n\n\n<h2 class=\"wp-block-heading has-text-align-center has-neeon-button-dark-gray-color has-text-color has-link-color wp-elements-bbebab845c4f0c7171b206705b6c7a9c\"><span class=\"ez-toc-section\" id=\"iztuzu_plaji_hakkinda_bilgi\"><\/span><strong><strong><strong><strong>\u0130ztuzu Plaj\u0131 Hakk\u0131nda Bilgi<\/strong><\/strong><\/strong><\/strong><span class=\"ez-toc-section-end\"><\/span><\/h2>\n\n\n\n<h3 class=\"wp-block-heading has-text-align-center has-neeon-button-dark-gray-color has-text-color has-link-color wp-elements-4cb6c12cd096030ed1e442b9d3558df2\"><span class=\"ez-toc-section\" id=\"iztuzu_plaji_nerede\"><\/span><strong><strong><strong><strong>\u0130ztuzu Plaj\u0131 Nerede?<\/strong><\/strong><\/strong><\/strong><span class=\"ez-toc-section-end\"><\/span><\/h3>\n\n\n\n<figure class=\"wp-block-image size-large\"><img decoding=\"async\" src=\"https:\/\/res.cloudinary.com\/turna\/image\/upload\/v1650584451\/iztuzu_plaj%C4%B1_nerede_tjztkl.jpg\" alt=\"\"\/><\/figure>\n\n\n\n<p>\u0130ztuzu, T\u00fcrkiye\u2019nin en turistik il\u00e7elerine sahip Mu\u011fla\u2019n\u0131n Ortaca il\u00e7esindeki Dalyan beldesinde buluyor. Dalyan, Marmaris ve Fethiye\u2019nin aras\u0131nda kal\u0131yor. \u0130ztuzu\u2019na Dalyan&#8217;dan 20 dakikal\u0131k bir ara\u00e7 yolculu\u011fu ile ula\u015f\u0131labiliyor.<\/p>\n\n\n\n<p><strong>Dalyan-\u0130ztuzu Plaj\u0131 aras\u0131 <\/strong>13 km.<\/p>\n\n\n\n<p><strong>Fethiye-\u0130ztuzu Plaj\u0131 aras\u0131<\/strong> 66 km.<\/p>\n\n\n\n<p><strong>Mu\u011fla-\u0130ztuzu Plaj\u0131 aras\u0131<\/strong> 89 km.<\/p>\n\n\n\n<ul class=\"wp-block-list\">\n<li>\u0130ztuzu Plaj\u0131 konumu <strong><a href=\"https:\/\/goo.gl\/maps\/x7RuraPKRFAD3VSZ6\" target=\"_blank\" rel=\"noreferrer noopener\">burada.<\/a><\/strong><\/li>\n<\/ul>\n\n\n\n<h3 class=\"wp-block-heading has-text-align-center has-neeon-button-dark-gray-color has-text-color has-link-color wp-elements-0157f896cc602c1c121b8317bf46605e\"><span class=\"ez-toc-section\" id=\"iztuzu_plajina_nasil_gidilir\"><\/span><strong><strong><strong><strong>\u0130ztuzu Plaj\u0131\u2019na Nas\u0131l Gidilir?<\/strong><\/strong><\/strong><\/strong><span class=\"ez-toc-section-end\"><\/span><\/h3>\n\n\n\n<figure class=\"wp-block-image size-large\"><img decoding=\"async\" src=\"https:\/\/res.cloudinary.com\/turna\/image\/upload\/v1650584450\/iztuzu_plaj%C4%B1_caretta_lsy7nu.jpg\" alt=\"\"\/><\/figure>\n\n\n\n<p>Plaja en yak\u0131n havaliman\u0131 Dalaman&#8217;da bulunuyor. Bu nedenle <a href=\"https:\/\/www.turna.com\/ucak-bileti\/dalaman\" target=\"_blank\" rel=\"noopener noreferrer\">Dalaman u\u00e7ak bileti<\/a> kampanyalar\u0131n\u0131 takip ederek, \u0130ztuzu&#8217;na daha&nbsp;uygun fiyatl\u0131&nbsp;bir u\u00e7u\u015f ger\u00e7ekle\u015ftirebilirsiniz. Havaliman\u0131na indikten sonra yakla\u015f\u0131k&nbsp;27 kilometre s\u00fcren bir araba yolculu\u011fu yaparak,&nbsp;bu \u015fahane plaja&nbsp;ula\u015fabilirsiniz.<\/p>\n\n\n\n<p>Dalyan&#8217;dan hareket eden tekneleri kullanarak da plaja kolayl\u0131kla gidebilirsiniz. Plaj\u0131n 2 u\u00e7ta 2 ayr\u0131 tesisi bulunuyor. Teknenin yana\u015ft\u0131\u011f\u0131 k\u0131s\u0131m bat\u0131 k\u0131sm\u0131ndaki Dalyana\u011fz\u0131 Plaj\u0131. Karayolu ile ula\u015f\u0131m sa\u011flan\u0131lan yer ise \u0130ztuzu.<\/p>\n\n\n\n<p>Karayolu ile gidecekseniz ve arac\u0131n\u0131z yoksa Dalyan&#8217;dan kalkan minib\u00fcslerle de plaja ula\u015fabilirsiniz.<\/p>\n\n\n\n<p><a href=\"https:\/\/www.turna.com\/otobus-bileti\/mugla\"><strong>Mu\u011fla otob\u00fcs bileti<\/strong><\/a> se\u00e7eneklerine g\u00f6z at\u0131n.<\/p>\n\n\n\n<h3 class=\"wp-block-heading has-text-align-center has-neeon-button-dark-gray-color has-text-color has-link-color wp-elements-30e588ac49527e548e613e54945a455f\"><span class=\"ez-toc-section\" id=\"iztuzu_plaji_ozellikleri\"><\/span><strong><strong><strong><strong>\u0130ztuzu Plaj\u0131 \u00d6zellikleri<\/strong><\/strong><\/strong><\/strong><span class=\"ez-toc-section-end\"><\/span><\/h3>\n\n\n\n<figure class=\"wp-block-image size-large\"><img decoding=\"async\" src=\"https:\/\/res.cloudinary.com\/turna\/image\/upload\/v1650584451\/iztuzu_plaj%C4%B1_si7ynv.jpg\" alt=\"\"\/><\/figure>\n\n\n\n<p>\u0130ztuzu, kumsal bir plaj. \u00d6zellikle kumla oynamay\u0131 seven \u00e7ocuklar i\u00e7in olduk\u00e7a uygun. Ayr\u0131ca denizin olduk\u00e7a s\u0131\u011f oldu\u011funu belirteyim. Metrelerce ilerleseniz dahi su \u00e7ok fazla derinle\u015fmiyor. Bu da \u00e7ok iyi y\u00fczme bilmeyenler i\u00e7in plaj\u0131 ideal k\u0131l\u0131yor. Hava burada biraz r\u00fczgarl\u0131 ve deniz de dalgal\u0131 olabiliyor. G\u00f6z \u00f6n\u00fcnde bulundurman\u0131zda fayda var.<\/p>\n\n\n\n<p>\u0130ztuzu yukar\u0131da da bahsetti\u011fim gibi carettalardan dolay\u0131 korunan bir plaj oldu\u011fundan sahilde konaklama tesisi bulunmuyor. \u00c7evredeki kamp alanlar\u0131 ve otelleri tercih edebilirsiniz. Plajda belediyenin bir i\u015fletmesi bulunuyor. Uygun fiyatl\u0131 yeme-i\u00e7me se\u00e7enekleri bulunan self-servis bir b\u00fcfesi var. \u015eezlong \u015femsiye kiralama imkan\u0131 ve du\u015f, tuvalet, soyunma kabinleri de mevcut.<\/p>\n\n\n\n<h3 class=\"wp-block-heading has-text-align-center has-neeon-button-dark-gray-color has-text-color has-link-color wp-elements-6f6db9059a51888dd028efcb12a4b213\"><span class=\"ez-toc-section\" id=\"iztuzu_plaji_hakkinda_sikca_sorulan_sorular\"><\/span><strong><strong><strong><strong>\u0130ztuzu Plaj\u0131 Hakk\u0131nda S\u0131k\u00e7a Sorulan Sorular<\/strong><\/strong><\/strong><\/strong><span class=\"ez-toc-section-end\"><\/span><\/h3>\n\n\n<div id=\"rank-math-faq\" class=\"rank-math-block\">\n<div class=\"rank-math-list \">\n<div id=\"faq-question-685a806a10286\" class=\"rank-math-list-item\">\n<h3 class=\"rank-math-question \"><span class=\"ez-toc-section\" id=\"iztuzu_plaji_giris_ucreti_ne_kadar\"><\/span>\u0130ztuzu Plaj\u0131 giri\u015f \u00fccreti ne kadar?<span class=\"ez-toc-section-end\"><\/span><\/h3>\n<div class=\"rank-math-answer \">\n\n<p>\u0130ztuzu Plaj\u0131 giri\u015fi \u00fccretsiz. Ancak arac\u0131n\u0131z\u0131 park etmek i\u00e7in otoparka 15 TL \u00f6d\u00fcyorsunuz.<\/p>\n\n<\/div>\n<\/div>\n<div id=\"faq-question-685a806a10288\" class=\"rank-math-list-item\">\n<h3 class=\"rank-math-question \"><span class=\"ez-toc-section\" id=\"iztuzu_plaji_saat_kacta_kapaniyor\"><\/span>\u0130ztuzu Plaj\u0131 saat ka\u00e7ta kapan\u0131yor?<span class=\"ez-toc-section-end\"><\/span><\/h3>\n<div class=\"rank-math-answer \">\n\n<p>\u0130ztuzu Plaj\u0131 caretta carettalar\u0131n g\u00fcvenli\u011fi i\u00e7in sabah 08.00&#8217;de a\u00e7\u0131l\u0131yor, 20.00&#8217;de kapan\u0131yor.<\/p>\n\n<\/div>\n<\/div>\n<div id=\"faq-question-685a806a10289\" class=\"rank-math-list-item\">\n<h3 class=\"rank-math-question \"><span class=\"ez-toc-section\" id=\"iztuzu_plaji_uzunlugu_kac_km\"><\/span>\u0130ztuzu Plaj\u0131 uzunlu\u011fu ka\u00e7 km?<span class=\"ez-toc-section-end\"><\/span><\/h3>\n<div class=\"rank-math-answer \">\n\n<p>\u0130ztuzu Plaj\u0131&#8217;n\u0131n uzunlu\u011fu 4,5 kilometre olarak biliniyor.<\/p>\n\n<\/div>\n<\/div>\n<div id=\"faq-question-685a806a1028a\" class=\"rank-math-list-item\">\n<h3 class=\"rank-math-question \"><span class=\"ez-toc-section\" id=\"dalyan_iztuzu_plaji_acik_mi\"><\/span>Dalyan \u0130ztuzu Plaj\u0131 a\u00e7\u0131k m\u0131?<span class=\"ez-toc-section-end\"><\/span><\/h3>\n<div class=\"rank-math-answer \">\n\n<p>\u0130ztuzu Plaj\u0131 y\u0131l\u0131n her d\u00f6nemi ziyarete a\u00e7\u0131k.<\/p>\n\n<\/div>\n<\/div>\n<\/div>\n<\/div>\n    <div class=\"xs_social_share_widget xs_share_url after_content \t\tmain_content  wslu-style-1 wslu-share-box-shaped wslu-fill-colored wslu-none wslu-share-horizontal wslu-theme-font-no wslu-main_content\">\n\n\t\t\n        <ul>\n\t\t\t        <\/ul>\n    <\/div> \n","protected":false},"excerpt":{"rendered":"<p>Avrupa&#8217;n\u0131n en iyi plajlar\u0131 aras\u0131nda g\u00f6sterilen \u0130ztuzu Plaj\u0131, 4 bu\u00e7uk kilometrelik e\u015fsiz kumsal\u0131&#8230;.<\/p>\n","protected":false},"author":34,"featured_media":20857,"comment_status":"open","ping_status":"open","sticky":false,"template":"","format":"standard","meta":{"rop_custom_images_group":[],"rop_custom_messages_group":[],"rop_publish_now":"initial","rop_publish_now_accounts":[],"rop_publish_now_history":[],"rop_publish_now_status":"pending","_cloudinary_featured_overwrite":false,"footnotes":""},"categories":[84,1852],"tags":[359,808,809],"class_list":["post-4129","post","type-post","status-publish","format-standard","has-post-thumbnail","hentry","category-turkiye","category-mugla","tag-dalaman","tag-dalyan","tag-iztuzu"],"_links":{"self":[{"href":"https:\/\/www.turna.com\/blog\/wp-json\/wp\/v2\/posts\/4129","targetHints":{"allow":["GET"]}}],"collection":[{"href":"https:\/\/www.turna.com\/blog\/wp-json\/wp\/v2\/posts"}],"about":[{"href":"https:\/\/www.turna.com\/blog\/wp-json\/wp\/v2\/types\/post"}],"author":[{"embeddable":true,"href":"https:\/\/www.turna.com\/blog\/wp-json\/wp\/v2\/users\/34"}],"replies":[{"embeddable":true,"href":"https:\/\/www.turna.com\/blog\/wp-json\/wp\/v2\/comments?post=4129"}],"version-history":[{"count":0,"href":"https:\/\/www.turna.com\/blog\/wp-json\/wp\/v2\/posts\/4129\/revisions"}],"wp:featuredmedia":[{"embeddable":true,"href":"https:\/\/www.turna.com\/blog\/wp-json\/wp\/v2\/media\/20857"}],"wp:attachment":[{"href":"https:\/\/www.turna.com\/blog\/wp-json\/wp\/v2\/media?parent=4129"}],"wp:term":[{"taxonomy":"category","embeddable":true,"href":"https:\/\/www.turna.com\/blog\/wp-json\/wp\/v2\/categories?post=4129"},{"taxonomy":"post_tag","embeddable":true,"href":"https:\/\/www.turna.com\/blog\/wp-json\/wp\/v2\/tags?post=4129"}],"curies":[{"name":"wp","href":"https:\/\/api.w.org\/{rel}","templated":true}]}}