{"id":412,"date":"2023-05-15T15:10:00","date_gmt":"2023-05-15T12:10:00","guid":{"rendered":"https:\/\/www.turna.com\/blog\/?p=412"},"modified":"2025-12-09T12:22:32","modified_gmt":"2025-12-09T09:22:32","slug":"praga-nasil-gidilir","status":"publish","type":"post","link":"https:\/\/www.turna.com\/blog\/praga-nasil-gidilir","title":{"rendered":"Prag&#8217;a Nas\u0131l Gidilir? Prag Nerede?"},"content":{"rendered":"<div id=\"ez-toc-container\" class=\"ez-toc-v2_0_82_2 counter-hierarchy ez-toc-counter ez-toc-black ez-toc-container-direction\">\n<div class=\"ez-toc-title-container\">\n<p class=\"ez-toc-title\" style=\"cursor:inherit\">\u0130\u00e7indekiler<\/p>\n<span class=\"ez-toc-title-toggle\"><a href=\"#\" class=\"ez-toc-pull-right ez-toc-btn ez-toc-btn-xs ez-toc-btn-default ez-toc-toggle\" aria-label=\"\u0130\u00e7indekiler Tablosunu A\u00e7\/Kapat\"><span class=\"ez-toc-js-icon-con\"><span class=\"\"><span class=\"eztoc-hide\" style=\"display:none;\">Toggle<\/span><span class=\"ez-toc-icon-toggle-span\"><svg style=\"fill: #ffffff;color:#ffffff\" xmlns=\"http:\/\/www.w3.org\/2000\/svg\" class=\"list-377408\" width=\"20px\" height=\"20px\" viewBox=\"0 0 24 24\" fill=\"none\"><path d=\"M6 6H4v2h2V6zm14 0H8v2h12V6zM4 11h2v2H4v-2zm16 0H8v2h12v-2zM4 16h2v2H4v-2zm16 0H8v2h12v-2z\" fill=\"currentColor\"><\/path><\/svg><svg style=\"fill: #ffffff;color:#ffffff\" class=\"arrow-unsorted-368013\" xmlns=\"http:\/\/www.w3.org\/2000\/svg\" width=\"10px\" height=\"10px\" viewBox=\"0 0 24 24\" version=\"1.2\" baseProfile=\"tiny\"><path d=\"M18.2 9.3l-6.2-6.3-6.2 6.3c-.2.2-.3.4-.3.7s.1.5.3.7c.2.2.4.3.7.3h11c.3 0 .5-.1.7-.3.2-.2.3-.5.3-.7s-.1-.5-.3-.7zM5.8 14.7l6.2 6.3 6.2-6.3c.2-.2.3-.5.3-.7s-.1-.5-.3-.7c-.2-.2-.4-.3-.7-.3h-11c-.3 0-.5.1-.7.3-.2.2-.3.5-.3.7s.1.5.3.7z\"\/><\/svg><\/span><\/span><\/span><\/a><\/span><\/div>\n<nav><ul class='ez-toc-list ez-toc-list-level-1 eztoc-toggle-hide-by-default' ><li class='ez-toc-page-1 ez-toc-heading-level-3'><a class=\"ez-toc-link ez-toc-heading-1\" href=\"https:\/\/www.turna.com\/blog\/praga-nasil-gidilir\/#prag_nerede\" >Prag Nerede ?<\/a><\/li><li class='ez-toc-page-1 ez-toc-heading-level-3'><a class=\"ez-toc-link ez-toc-heading-2\" href=\"https:\/\/www.turna.com\/blog\/praga-nasil-gidilir\/#praga_nasil_gidilir\" >Prag\u2019a Nas\u0131l Gidilir ?<\/a><\/li><li class='ez-toc-page-1 ez-toc-heading-level-3'><a class=\"ez-toc-link ez-toc-heading-3\" href=\"https:\/\/www.turna.com\/blog\/praga-nasil-gidilir\/#praga_ne_zaman_gidilir\" >Prag\u2019a Ne Zaman Gidilir ?<\/a><\/li><\/ul><\/nav><\/div>\n\n<p><strong>\u00c7ekya<\/strong>&#8216;n\u0131n ba\u015fkenti ve en kalabal\u0131k \u015fehri <strong>Prag<\/strong>, d\u00fcnyan\u0131n en \u00e7ok ziyaret edilen \u015fehirleri aras\u0131nda. Orta \u00c7a\u011f esintileri ta\u015f\u0131yan \u015fehir, Avrupa\u2019n\u0131n kalbi, \u015eehirlerin anas\u0131, Masal \u015fehir, Alt\u0131n \u015fehir gibi isimlerle an\u0131l\u0131yor. Kente turistleri \u00e7eken en \u00f6nemli etken ise, sahip oldu\u011fu zengin tarih\u00ee mimarisini g\u00fcn\u00fcm\u00fcze dek bozulmadan koruyabilmi\u015f olmas\u0131. D\u00fcnyan\u0131n her yerinden gezginleri kendine \u00e7eken bu \u015fehir sizin de planlar\u0131n\u0131z aras\u0131ndaysa <strong>Prag&#8217;a nas\u0131l gidilir<\/strong> yaz\u0131m\u0131 okumadan yola \u00e7\u0131kmay\u0131n derim. \ud83d\ude0a<\/p>\n\n\n\n<h3 class=\"wp-block-heading has-text-align-center has-neeon-button-dark-gray-color has-text-color has-link-color wp-elements-3fe93c4f4c3e22491bf6584a72c52f5e\"><span class=\"ez-toc-section\" id=\"prag_nerede\"><\/span><strong><strong><strong><strong>Prag Nerede ?<\/strong><\/strong><\/strong><\/strong><span class=\"ez-toc-section-end\"><\/span><\/h3>\n\n\n\n<figure class=\"wp-block-image size-large\"><img decoding=\"async\" src=\"https:\/\/res.cloudinary.com\/turna\/image\/upload\/v1684152106\/prag_nerede.jpg\" alt=\"Prag Nerede\"\/><\/figure>\n\n\n\n<p>\u00c7ekya&#8217;n\u0131n ba\u015fkenti, Orta Avrupa&#8217;n\u0131n pop\u00fcler turizm rotalar\u0131ndan Prag, \u00fclkenin kuzeybat\u0131s\u0131nda yer al\u0131yor. Vltava Nehri k\u0131y\u0131s\u0131nda 9. y\u00fczy\u0131lda kurulan bu \u015fahane \u015fehir, \u00c7ek Cumhuriyeti&#8217;nin Orta Bohemya B\u00f6lgesi&#8217;nde konumlan\u0131yor.<\/p>\n\n\n\n<p>Prag \u015fehrinin haritadaki konumu <strong><a href=\"https:\/\/goo.gl\/maps\/47f3V9b5JHC9TxfU9\" target=\"_blank\" rel=\"noreferrer noopener\">burada.<\/a><\/strong><\/p>\n\n\n\n<h3 class=\"wp-block-heading has-text-align-center has-neeon-button-dark-gray-color has-text-color has-link-color wp-elements-20e853381da1efae76e69146b55c77fa\"><span class=\"ez-toc-section\" id=\"praga_nasil_gidilir\"><\/span><strong><strong><strong><strong>Prag\u2019a Nas\u0131l Gidilir ?<\/strong><\/strong><\/strong><\/strong><span class=\"ez-toc-section-end\"><\/span><\/h3>\n\n\n\n<figure class=\"wp-block-image size-large\"><img decoding=\"async\" src=\"https:\/\/res.cloudinary.com\/turna\/image\/upload\/v1684152105\/prag_a_nas%C4%B1l_gidilir.jpg\" alt=\"Prag\u2019a Nas\u0131l Gidilir\"\/><\/figure>\n\n\n\n<p>Prag\u2019a T\u00fcrkiye\u2019den ula\u015fmak \u00e7ok kolay. \u0130stanbul Atat\u00fcrk ve \u0130stanbul Sabiha G\u00f6k\u00e7en havalimanlar\u0131ndan farkl\u0131 havayolu \u015firketleri Prag\u2019a u\u00e7uyor. Do\u011frudan seferlerle V\u00e1clav Havel Havaliman\u0131&#8217;na gidiliyor. \u015eehir merkezine 19 kilometre uzakl\u0131kta olan havaliman\u0131ndan otob\u00fcs ve taksi ile merkeze ula\u015f\u0131labiliyor.<\/p>\n\n\n\n<p>En az 3 g\u00fcn ay\u0131rman\u0131z gereken Prag\u2019a \u00c7ek Havayollar\u0131, THY ve Pegasus\u2019un \u0130stanbul \u00fczerinden kalkan direkt u\u00e7u\u015flar\u0131yla 2,5 saatte ula\u015fmak m\u00fcmk\u00fcn.<\/p>\n\n\n\n<p>Kale, k\u00f6pr\u00fc ve katedralleri, 300\u2019e yak\u0131n yerel biras\u0131 ve otantik sokaklar\u0131 ile Prag, ziyaret\u00e7ilerini b\u00fcy\u00fcl\u00fcyor. Prag u\u00e7ak bileti ile T\u00fcrkiye\u2019den 2 saat 40 dakikada ula\u015f\u0131labilen bir \u015fehir. \u015eehri ke\u015ffetmek i\u00e7in ilk olarak u\u00e7ak biletlerine g\u00f6z atabilirsiniz.<\/p>\n\n\n\n<ul class=\"wp-block-list\">\n<li>En uygun <strong><a href=\"https:\/\/www.turna.com\/ucak-bileti\/prag\">Prag u\u00e7ak bileti<\/a><\/strong> i\u00e7in turna.com sayfas\u0131n\u0131 ziyaret edin. Geli\u015fmi\u015f arama teknolojisi, g\u00fcvenli \u00f6deme, komisyonsuz al\u0131\u015fveri\u015f, kesintisiz iade garantisi ve daha fazla turna.com sayfalar\u0131nda.<\/li>\n\n\n\n<li><strong><a href=\"https:\/\/www.turna.com\/sikca-sorulan-sorular\/cekya-vizesi\">\u00c7ekya vizesi<\/a> <\/strong>hakk\u0131nda detayl\u0131 bilgilere de Turna.com \u00fczerinden ula\u015fabilirsiniz.<\/li>\n<\/ul>\n\n\n\n<p>Prag Havaliman\u0131n\u0131n \u015fehir merkezine metro ba\u011flant\u0131s\u0131 yok. Ula\u015f\u0131m i\u00e7in otob\u00fcsleri kullanabilirsiniz. 100, 119 ve 191 numaral\u0131 otob\u00fcsler ile hem \u015fehir merkezine hem de B Metro Hatt\u0131\u2019ndaki Zli\u010d\u00edn istasyonuna ula\u015fabiliyorsunuz.<\/p>\n\n\n\n<p>\u00c7ekya&#8217;n\u0131n Ostrava ba\u015fta olmak \u00fczere di\u011fer enfes \u015fehirleri Plzen, Brno, Karlovy Vary gibi yerlerden ba\u015fkente \u00c7ekya Demiryollar\u0131, RegioJet ve Leo Express seferleriyle 4 Euro\u2019dan ba\u015flayan fiyatlarla ula\u015f\u0131m m\u00fcmk\u00fcn.<\/p>\n\n\n\n<h3 class=\"wp-block-heading has-text-align-center has-neeon-button-dark-gray-color has-text-color has-link-color wp-elements-1b7cae162dfcbfa27780109c22f22b77\"><span class=\"ez-toc-section\" id=\"praga_ne_zaman_gidilir\"><\/span><strong><strong><strong><strong>Prag\u2019a Ne Zaman Gidilir ?<\/strong><\/strong><\/strong><\/strong><span class=\"ez-toc-section-end\"><\/span><\/h3>\n\n\n\n<figure class=\"wp-block-image size-large\"><img decoding=\"async\" src=\"https:\/\/res.cloudinary.com\/turna\/image\/upload\/v1684152105\/prag_ula%C5%9F%C4%B1m.jpg\" alt=\"Prag\u2019a Ne Zaman Gidilir\"\/><\/figure>\n\n\n\n<p>Prag\u2019a gitmek i\u00e7in en uygun zaman aral\u0131\u011f\u0131 sonbahar\u0131n ilk zamanlar\u0131 ve ilkbahar aylar\u0131. Bu d\u00f6nemlerde gezmek i\u00e7in hem hava daha ideal hem de \u015fehir daha az kalabal\u0131k oluyor. \u015eehrin y\u0131l i\u00e7erisindeki genel hava durumu \u00e7o\u011funlukla serin ya da so\u011fuk oldu\u011fundan, yaz\u0131n s\u0131cak havalarda otel fiyatlar\u0131 olduk\u00e7a y\u00fckseliyor. <\/p>\n\n\n\n<p>Bu nedenle Prag\u2019\u0131 makul fiyatlar \u00e7er\u00e7evesinde gezmek istiyorsan\u0131z, sonbahar\u0131n ilk zamanlar\u0131 ve ilkbahar sizin i\u00e7in en ideal se\u00e7enek olabilir. Bunun yan\u0131 s\u0131ra Noel d\u00f6neminde de Prag\u2019\u0131n ayr\u0131 bir g\u00fczelli\u011fi oldu\u011funu belirtmek gerekiyor.<\/p>\n\n\n\n<p><\/p>\n\n\n\n<p>K\u00f6pr\u00fcleri, kaleleri, kiliseleri, m\u00fczeleri ve saraylar\u0131yla b\u00fcy\u00fcleyen, sanat ve k\u00fclt\u00fcr kokan Orta Avrupa\u2019n\u0131n masal \u015fehri <strong>Prag<\/strong>, rotan\u0131za mutlaka eklemeniz gereken seyahat duraklar\u0131ndan biri. \u015eahane gezilecek yerleri ve kolay ula\u015f\u0131m\u0131 sayesinde k\u0131sa tatil planlar\u0131n\u0131z i\u00e7in ideal bir tercih!<\/p>\n\n\n\n<p>Prag hakk\u0131nda di\u011fer i\u00e7eriklerimi de mutlaka okuyun.<\/p>\n\n\n\n<p><strong><a href=\"https:\/\/www.turna.com\/blog\/pragda-gorulmesi-gereken-yerler?swcfpc=1\" target=\"_blank\" rel=\"noreferrer noopener\">Prag&#8217;da G\u00f6r\u00fclmesi Gereken Yerler<\/a><\/strong><\/p>\n\n    <div class=\"xs_social_share_widget xs_share_url after_content \t\tmain_content  wslu-style-1 wslu-share-box-shaped wslu-fill-colored wslu-none wslu-share-horizontal wslu-theme-font-no wslu-main_content\">\n\n\t\t\n        <ul>\n\t\t\t        <\/ul>\n    <\/div> \n","protected":false},"excerpt":{"rendered":"<p>\u00c7ekya&#8217;n\u0131n ba\u015fkenti ve en kalabal\u0131k \u015fehri Prag, d\u00fcnyan\u0131n en \u00e7ok ziyaret edilen \u015fehirleri aras\u0131nda. Orta \u00c7a\u011f esintileri ta\u015f\u0131yan \u015fehir, Avrupa\u2019n\u0131n kalbi, \u015eehirlerin anas\u0131, Masal \u015fehir, Alt\u0131n \u015fehir gibi isimlerle an\u0131l\u0131yor. Kente turistleri \u00e7eken en \u00f6nemli etken ise, sahip oldu\u011fu zengin tarih\u00ee mimarisini g\u00fcn\u00fcm\u00fcze dek bozulmadan koruyabilmi\u015f olmas\u0131. D\u00fcnyan\u0131n her yerinden gezginleri kendine \u00e7eken bu \u015fehir sizin de planlar\u0131n\u0131z aras\u0131ndaysa Prag&#8217;a nas\u0131l gidilir yaz\u0131m\u0131 okumadan yola \u00e7\u0131kmay\u0131n derim. \ud83d\ude0a<\/p>\n","protected":false},"author":34,"featured_media":19350,"comment_status":"closed","ping_status":"closed","sticky":false,"template":"","format":"standard","meta":{"rop_custom_images_group":[],"rop_custom_messages_group":[],"rop_publish_now":"initial","rop_publish_now_accounts":[],"rop_publish_now_history":[],"rop_publish_now_status":"pending","_cloudinary_featured_overwrite":false,"footnotes":""},"categories":[95],"tags":[96],"class_list":["post-412","post","type-post","status-publish","format-standard","has-post-thumbnail","hentry","category-cek-cumhuriyeti","tag-prag"],"_links":{"self":[{"href":"https:\/\/www.turna.com\/blog\/wp-json\/wp\/v2\/posts\/412","targetHints":{"allow":["GET"]}}],"collection":[{"href":"https:\/\/www.turna.com\/blog\/wp-json\/wp\/v2\/posts"}],"about":[{"href":"https:\/\/www.turna.com\/blog\/wp-json\/wp\/v2\/types\/post"}],"author":[{"embeddable":true,"href":"https:\/\/www.turna.com\/blog\/wp-json\/wp\/v2\/users\/34"}],"replies":[{"embeddable":true,"href":"https:\/\/www.turna.com\/blog\/wp-json\/wp\/v2\/comments?post=412"}],"version-history":[{"count":0,"href":"https:\/\/www.turna.com\/blog\/wp-json\/wp\/v2\/posts\/412\/revisions"}],"wp:featuredmedia":[{"embeddable":true,"href":"https:\/\/www.turna.com\/blog\/wp-json\/wp\/v2\/media\/19350"}],"wp:attachment":[{"href":"https:\/\/www.turna.com\/blog\/wp-json\/wp\/v2\/media?parent=412"}],"wp:term":[{"taxonomy":"category","embeddable":true,"href":"https:\/\/www.turna.com\/blog\/wp-json\/wp\/v2\/categories?post=412"},{"taxonomy":"post_tag","embeddable":true,"href":"https:\/\/www.turna.com\/blog\/wp-json\/wp\/v2\/tags?post=412"}],"curies":[{"name":"wp","href":"https:\/\/api.w.org\/{rel}","templated":true}]}}