{"id":4060,"date":"2016-09-02T01:29:42","date_gmt":"2016-09-01T22:29:42","guid":{"rendered":"https:\/\/www.turna.com\/blog\/?p=4060"},"modified":"2019-09-05T14:58:26","modified_gmt":"2019-09-05T11:58:26","slug":"kas-seyahatinde-gidilecek-3-muhtesem-plaj","status":"publish","type":"post","link":"https:\/\/www.turna.com\/blog\/kas-seyahatinde-gidilecek-3-muhtesem-plaj","title":{"rendered":"Ka\u015f Seyahatinde Gidilecek 3 Muhte\u015fem Plaj"},"content":{"rendered":"<div id=\"ez-toc-container\" class=\"ez-toc-v2_0_82_2 counter-hierarchy ez-toc-counter ez-toc-black ez-toc-container-direction\">\n<div class=\"ez-toc-title-container\">\n<p class=\"ez-toc-title\" style=\"cursor:inherit\">\u0130\u00e7indekiler<\/p>\n<span class=\"ez-toc-title-toggle\"><a href=\"#\" class=\"ez-toc-pull-right ez-toc-btn ez-toc-btn-xs ez-toc-btn-default ez-toc-toggle\" aria-label=\"\u0130\u00e7indekiler Tablosunu A\u00e7\/Kapat\"><span class=\"ez-toc-js-icon-con\"><span class=\"\"><span class=\"eztoc-hide\" style=\"display:none;\">Toggle<\/span><span class=\"ez-toc-icon-toggle-span\"><svg style=\"fill: #ffffff;color:#ffffff\" xmlns=\"http:\/\/www.w3.org\/2000\/svg\" class=\"list-377408\" width=\"20px\" height=\"20px\" viewBox=\"0 0 24 24\" fill=\"none\"><path d=\"M6 6H4v2h2V6zm14 0H8v2h12V6zM4 11h2v2H4v-2zm16 0H8v2h12v-2zM4 16h2v2H4v-2zm16 0H8v2h12v-2z\" fill=\"currentColor\"><\/path><\/svg><svg style=\"fill: #ffffff;color:#ffffff\" class=\"arrow-unsorted-368013\" xmlns=\"http:\/\/www.w3.org\/2000\/svg\" width=\"10px\" height=\"10px\" viewBox=\"0 0 24 24\" version=\"1.2\" baseProfile=\"tiny\"><path d=\"M18.2 9.3l-6.2-6.3-6.2 6.3c-.2.2-.3.4-.3.7s.1.5.3.7c.2.2.4.3.7.3h11c.3 0 .5-.1.7-.3.2-.2.3-.5.3-.7s-.1-.5-.3-.7zM5.8 14.7l6.2 6.3 6.2-6.3c.2-.2.3-.5.3-.7s-.1-.5-.3-.7c-.2-.2-.4-.3-.7-.3h-11c-.3 0-.5.1-.7.3-.2.2-.3.5-.3.7s.1.5.3.7z\"\/><\/svg><\/span><\/span><\/span><\/a><\/span><\/div>\n<nav><ul class='ez-toc-list ez-toc-list-level-1 eztoc-toggle-hide-by-default' ><li class='ez-toc-page-1 ez-toc-heading-level-2'><a class=\"ez-toc-link ez-toc-heading-1\" href=\"https:\/\/www.turna.com\/blog\/kas-seyahatinde-gidilecek-3-muhtesem-plaj\/#kasta_gorulmesi_gereken_3_muhtesem_plaj\" >Ka\u015f&#8217;ta G\u00f6r\u00fclmesi Gereken 3\u00a0Muhte\u015fem Plaj<\/a><ul class='ez-toc-list-level-3' ><li class='ez-toc-heading-level-3'><a class=\"ez-toc-link ez-toc-heading-2\" href=\"https:\/\/www.turna.com\/blog\/kas-seyahatinde-gidilecek-3-muhtesem-plaj\/#1_kaputas_plaji\" >1. Kaputa\u015f Plaj\u0131<\/a><\/li><li class='ez-toc-page-1 ez-toc-heading-level-3'><a class=\"ez-toc-link ez-toc-heading-3\" href=\"https:\/\/www.turna.com\/blog\/kas-seyahatinde-gidilecek-3-muhtesem-plaj\/#2_patara_plaji\" >2. Patara Plaj\u0131<\/a><\/li><li class='ez-toc-page-1 ez-toc-heading-level-3'><a class=\"ez-toc-link ez-toc-heading-4\" href=\"https:\/\/www.turna.com\/blog\/kas-seyahatinde-gidilecek-3-muhtesem-plaj\/#3_seyrek_cakili_plaji\" >3.\u00a0Seyrek \u00c7ak\u0131l\u0131 Plaj\u0131<\/a><\/li><\/ul><\/li><\/ul><\/nav><\/div>\n<p>Mavinin bin bir tonunu e\u015fsiz bir uyumla birle\u015ftiren <strong>Ka\u015f<\/strong>, gezginlerin, tatilcilerin ve \u00f6zellikle de dal\u0131\u015f tutkunlar\u0131n\u0131n en g\u00f6zde adresleri aras\u0131nda yer al\u0131yor. Bu nedenle <a href=\"https:\/\/www.turna.com\/blog\/turkiye\" target=\"_blank\" rel=\"noopener noreferrer\">T\u00fcrkiye<\/a>&#8216;de &#8216;plaj&#8217; denildi\u011finde akla gelen ilk yerlerden birinin Ka\u015f olmas\u0131na \u015fa\u015f\u0131rmamak gerek. Sonu\u00e7ta, Ka\u015f&#8217;\u0131n mavili\u011fi ile b\u00fcy\u00fcleyen e\u015fsiz plajlar\u0131nda y\u00fczmeyi ve\u00a0g\u00fcne\u015f banyosu yap\u0131p herkesin k\u0131skanaca\u011f\u0131 bir bronzlu\u011fa sahip olmay\u0131 kim istemez ki.<\/p>\n<p>Sahil boyunca masmavi rengi ile g\u00f6z alan sular\u0131na\u00a0ad\u0131m atmak i\u00e7in adeta zamanla yar\u0131\u015faca\u011f\u0131n\u0131z Ka\u015f, T\u00fcrkiye&#8217;nin en g\u00fczel plajlar\u0131na ev sahipli\u011fi yap\u0131yor. \u0130\u015fte Ka\u015f yolculu\u011funda, denizin tad\u0131n\u0131 \u00e7\u0131karabilece\u011finiz harika plajlardan baz\u0131lar\u0131.<\/p>\n<h2><span class=\"ez-toc-section\" id=\"kasta_gorulmesi_gereken_3_muhtesem_plaj\"><\/span><strong>Ka\u015f&#8217;ta G\u00f6r\u00fclmesi Gereken 3\u00a0Muhte\u015fem Plaj<\/strong><span class=\"ez-toc-section-end\"><\/span><\/h2>\n<h3><span class=\"ez-toc-section\" id=\"1_kaputas_plaji\"><\/span><strong>1. Kaputa\u015f Plaj\u0131<\/strong><span class=\"ez-toc-section-end\"><\/span><\/h3>\n<p><img width=\"800\" height=\"500\" data-public-id=\"Kaputas-Plaji-Kas_lnncc0\/Kaputas-Plaji-Kas_lnncc0.jpg\" fetchpriority=\"high\" decoding=\"async\" class=\"alignnone wp-post-4060 wp-image-4213\" src=\"https:\/\/res.cloudinary.com\/turna\/images\/w_800,h_500,c_scale\/f_auto,q_auto\/f_auto,q_auto:low\/v1472908440\/Kaputas-Plaji-Kas_lnncc0\/Kaputas-Plaji-Kas_lnncc0.jpg?_i=AA\" data-format=\"jpg\" data-transformations=\"f_auto,q_auto\/f_auto,q_auto:low\" data-version=\"1472908440\" data-seo=\"1\" \/><\/p>\n<p>H\u0131r\u00e7\u0131n dalgalar\u0131, ufac\u0131k \u00e7ak\u0131l ta\u015flar\u0131yla kar\u0131\u015fm\u0131\u015f kumlar\u0131 ve en g\u00fczeli de sular\u0131n\u0131n tertemiz mavili\u011fi ile kendine hayran b\u0131rakan <strong>Kaputa\u015f Plaj\u0131<\/strong>, sadece T\u00fcrkiye&#8217;nin de\u011fil, d\u00fcnyan\u0131n da en g\u00fczel plajlar\u0131 aras\u0131nda g\u00f6steriliyor. Yer alt\u0131 sular\u0131 nedeni ile turkuaz rengi ile b\u00fct\u00fcnle\u015fmi\u015f bir mavili\u011fe b\u00fcr\u00fcnen Kaputa\u015f&#8217;ta dalgalarla e\u011flenmenin tad\u0131n\u0131 \u00e7\u0131karabilirsiniz.<\/p>\n<h3><span class=\"ez-toc-section\" id=\"2_patara_plaji\"><\/span><strong>2. Patara Plaj\u0131<\/strong><span class=\"ez-toc-section-end\"><\/span><\/h3>\n<p><img width=\"800\" height=\"500\" data-public-id=\"Patara-Plaj-Kas_yj0iqu\/Patara-Plaj-Kas_yj0iqu.jpg\" decoding=\"async\" class=\"alignnone wp-post-4060 wp-image-4214\" src=\"https:\/\/res.cloudinary.com\/turna\/images\/w_800,h_500,c_scale\/f_auto,q_auto\/f_auto,q_auto:low\/v1472908461\/Patara-Plaj-Kas_yj0iqu\/Patara-Plaj-Kas_yj0iqu.jpg?_i=AA\" data-format=\"jpg\" data-transformations=\"f_auto,q_auto\/f_auto,q_auto:low\" data-version=\"1472908461\" data-seo=\"1\" \/><\/p>\n<p>Ka\u015f&#8217;\u0131n Kalkan il\u00e7esi yak\u0131nlar\u0131ndaki Patara Antik Kenti i\u00e7erisinde yer alan\u00a0<strong>Patara Plaj\u0131<\/strong>, T\u00fcrkiye&#8217;nin en etkileyici plajlar\u0131 aras\u0131nda bulunuyor. Yakla\u015f\u0131k 12 kilometreyi bulan sahil \u015feridi, incecik kumlar\u0131, s\u0131\u011f sular\u0131yla g\u00f6z alan plaj, Caretta Caretta&#8217;lar\u0131n da g\u00f6zdesi.<\/p>\n<h3><span class=\"ez-toc-section\" id=\"3_seyrek_cakili_plaji\"><\/span><strong>3.\u00a0Seyrek \u00c7ak\u0131l\u0131 Plaj\u0131<\/strong><span class=\"ez-toc-section-end\"><\/span><\/h3>\n<p><img width=\"800\" height=\"500\" data-public-id=\"Seyrek-Cakili-Kas_srlo2m\/Seyrek-Cakili-Kas_srlo2m.jpg\" decoding=\"async\" class=\"alignnone wp-post-4060 wp-image-4215\" src=\"https:\/\/res.cloudinary.com\/turna\/images\/w_800,h_500,c_scale\/f_auto,q_auto\/f_auto,q_auto:low\/v1472908477\/Seyrek-Cakili-Kas_srlo2m\/Seyrek-Cakili-Kas_srlo2m.jpg?_i=AA\" data-format=\"jpg\" data-transformations=\"f_auto,q_auto\/f_auto,q_auto:low\" data-version=\"1472908477\" data-seo=\"1\" \/><\/p>\n<p>Kaputa\u015f Plaj\u0131 ile g\u00fczergahta\u00a0bulunan <strong>Seyrek \u00c7ak\u0131l\u0131 Plaj\u0131<\/strong>, hemen yol kenar\u0131nda yer alan ufak bir alan\u0131 kaps\u0131yor. Herhangi bir i\u015fletme ya da du\u015f, tuvalet gibi hizmetlerin olmad\u0131\u011f\u0131 plaj, \u00f6zellikle y\u00f6re halk\u0131 taraf\u0131ndan \u00e7ok tercih ediliyor. Buras\u0131\u00a0Kaputa\u015f&#8217;a g\u00f6re daha sakin ve dalgas\u0131z olmas\u0131na ra\u011fmen mavili\u011fi ile oradan eksik kalm\u0131yor.<\/p>\n<p>Birbirinden harika plajlar\u0131 ve do\u011fas\u0131yla d\u00fcnyadaki emsalleri ile yar\u0131\u015fan bu \u015firin il\u00e7e, sahip oldu\u011fu do\u011fal g\u00fczellikleri ile ke\u015ffedilmeyi bekleyen bir cennet k\u00f6\u015fesi. Siz de bu \u015fahane yerlerden daha fazla mahrum kalmak istemiyorsan\u0131z <a href=\"https:\/\/www.turna.com\" target=\"_blank\" rel=\"noopener noreferrer\">u\u00e7ak bileti<\/a> kampanyalar\u0131na g\u00f6z atabilirsiniz.<\/p>\n\n    <div class=\"xs_social_share_widget xs_share_url after_content \t\tmain_content  wslu-style-1 wslu-share-box-shaped wslu-fill-colored wslu-none wslu-share-horizontal wslu-theme-font-no wslu-main_content\">\n\n\t\t\n        <ul>\n\t\t\t        <\/ul>\n    <\/div> \n","protected":false},"excerpt":{"rendered":"<p>Mavinin bin bir tonunu e\u015fsiz bir uyumla birle\u015ftiren Ka\u015f, gezginlerin, tatilcilerin ve \u00f6zellikle de dal\u0131\u015f tutkunlar\u0131n\u0131n en g\u00f6zde adresleri aras\u0131nda yer al\u0131yor. Bu nedenle T\u00fcrkiye&#8216;de &#8216;plaj&#8217; denildi\u011finde akla gelen ilk yerlerden birinin Ka\u015f olmas\u0131na \u015fa\u015f\u0131rmamak gerek. Sonu\u00e7ta, Ka\u015f&#8217;\u0131n mavili\u011fi ile b\u00fcy\u00fcleyen e\u015fsiz plajlar\u0131nda y\u00fczmeyi ve\u00a0g\u00fcne\u015f banyosu yap\u0131p herkesin k\u0131skanaca\u011f\u0131 bir bronzlu\u011fa sahip olmay\u0131 kim istemez [&hellip;]<\/p>\n","protected":false},"author":29,"featured_media":4213,"comment_status":"open","ping_status":"open","sticky":false,"template":"","format":"standard","meta":{"rop_custom_images_group":[],"rop_custom_messages_group":[],"rop_publish_now":"initial","rop_publish_now_accounts":[],"rop_publish_now_history":[],"rop_publish_now_status":"pending","_cloudinary_featured_overwrite":false,"footnotes":""},"categories":[84,1811],"tags":[306,290,359,358],"class_list":["post-4060","post","type-post","status-publish","format-standard","has-post-thumbnail","hentry","category-turkiye","category-antalya","tag-antalya","tag-bodrum","tag-dalaman","tag-kas"],"_links":{"self":[{"href":"https:\/\/www.turna.com\/blog\/wp-json\/wp\/v2\/posts\/4060","targetHints":{"allow":["GET"]}}],"collection":[{"href":"https:\/\/www.turna.com\/blog\/wp-json\/wp\/v2\/posts"}],"about":[{"href":"https:\/\/www.turna.com\/blog\/wp-json\/wp\/v2\/types\/post"}],"author":[{"embeddable":true,"href":"https:\/\/www.turna.com\/blog\/wp-json\/wp\/v2\/users\/29"}],"replies":[{"embeddable":true,"href":"https:\/\/www.turna.com\/blog\/wp-json\/wp\/v2\/comments?post=4060"}],"version-history":[{"count":0,"href":"https:\/\/www.turna.com\/blog\/wp-json\/wp\/v2\/posts\/4060\/revisions"}],"wp:featuredmedia":[{"embeddable":true,"href":"https:\/\/www.turna.com\/blog\/wp-json\/wp\/v2\/media\/4213"}],"wp:attachment":[{"href":"https:\/\/www.turna.com\/blog\/wp-json\/wp\/v2\/media?parent=4060"}],"wp:term":[{"taxonomy":"category","embeddable":true,"href":"https:\/\/www.turna.com\/blog\/wp-json\/wp\/v2\/categories?post=4060"},{"taxonomy":"post_tag","embeddable":true,"href":"https:\/\/www.turna.com\/blog\/wp-json\/wp\/v2\/tags?post=4060"}],"curies":[{"name":"wp","href":"https:\/\/api.w.org\/{rel}","templated":true}]}}