{"id":3536,"date":"2016-08-04T00:05:24","date_gmt":"2016-08-03T21:05:24","guid":{"rendered":"https:\/\/www.turna.com\/blog\/?p=3536"},"modified":"2024-01-30T09:44:37","modified_gmt":"2024-01-30T06:44:37","slug":"avrupada-gezilecek-15-etkileyici-baskent","status":"publish","type":"post","link":"https:\/\/www.turna.com\/blog\/avrupada-gezilecek-15-etkileyici-baskent","title":{"rendered":"Avrupa&#8217;da Gezilecek 15 Ba\u015fkent"},"content":{"rendered":"<div id=\"ez-toc-container\" class=\"ez-toc-v2_0_82_2 counter-hierarchy ez-toc-counter ez-toc-black ez-toc-container-direction\">\n<div class=\"ez-toc-title-container\">\n<p class=\"ez-toc-title\" style=\"cursor:inherit\">\u0130\u00e7indekiler<\/p>\n<span class=\"ez-toc-title-toggle\"><a href=\"#\" class=\"ez-toc-pull-right ez-toc-btn ez-toc-btn-xs ez-toc-btn-default ez-toc-toggle\" aria-label=\"\u0130\u00e7indekiler Tablosunu A\u00e7\/Kapat\"><span class=\"ez-toc-js-icon-con\"><span class=\"\"><span class=\"eztoc-hide\" style=\"display:none;\">Toggle<\/span><span class=\"ez-toc-icon-toggle-span\"><svg style=\"fill: #ffffff;color:#ffffff\" xmlns=\"http:\/\/www.w3.org\/2000\/svg\" class=\"list-377408\" width=\"20px\" height=\"20px\" viewBox=\"0 0 24 24\" fill=\"none\"><path d=\"M6 6H4v2h2V6zm14 0H8v2h12V6zM4 11h2v2H4v-2zm16 0H8v2h12v-2zM4 16h2v2H4v-2zm16 0H8v2h12v-2z\" fill=\"currentColor\"><\/path><\/svg><svg style=\"fill: #ffffff;color:#ffffff\" class=\"arrow-unsorted-368013\" xmlns=\"http:\/\/www.w3.org\/2000\/svg\" width=\"10px\" height=\"10px\" viewBox=\"0 0 24 24\" version=\"1.2\" baseProfile=\"tiny\"><path d=\"M18.2 9.3l-6.2-6.3-6.2 6.3c-.2.2-.3.4-.3.7s.1.5.3.7c.2.2.4.3.7.3h11c.3 0 .5-.1.7-.3.2-.2.3-.5.3-.7s-.1-.5-.3-.7zM5.8 14.7l6.2 6.3 6.2-6.3c.2-.2.3-.5.3-.7s-.1-.5-.3-.7c-.2-.2-.4-.3-.7-.3h-11c-.3 0-.5.1-.7.3-.2.2-.3.5-.3.7s.1.5.3.7z\"\/><\/svg><\/span><\/span><\/span><\/a><\/span><\/div>\n<nav><ul class='ez-toc-list ez-toc-list-level-1 eztoc-toggle-hide-by-default' ><li class='ez-toc-page-1 ez-toc-heading-level-2'><a class=\"ez-toc-link ez-toc-heading-1\" href=\"https:\/\/www.turna.com\/blog\/avrupada-gezilecek-15-etkileyici-baskent\/#avrupada_gorulmesi_gereken_15_baskent\" >Avrupa&#8217;da G\u00f6r\u00fclmesi Gereken 15&nbsp;Ba\u015fkent<\/a><ul class='ez-toc-list-level-3' ><li class='ez-toc-heading-level-3'><a class=\"ez-toc-link ez-toc-heading-2\" href=\"https:\/\/www.turna.com\/blog\/avrupada-gezilecek-15-etkileyici-baskent\/#1_roma_italya\" >1. Roma,&nbsp;\u0130talya&nbsp;<\/a><\/li><li class='ez-toc-page-1 ez-toc-heading-level-3'><a class=\"ez-toc-link ez-toc-heading-3\" href=\"https:\/\/www.turna.com\/blog\/avrupada-gezilecek-15-etkileyici-baskent\/#2_paris_fransa\" >2. Paris,&nbsp;Fransa<\/a><\/li><li class='ez-toc-page-1 ez-toc-heading-level-3'><a class=\"ez-toc-link ez-toc-heading-4\" href=\"https:\/\/www.turna.com\/blog\/avrupada-gezilecek-15-etkileyici-baskent\/#3_amsterdam_hollanda\" >3. Amsterdam,&nbsp;Hollanda<\/a><\/li><li class='ez-toc-page-1 ez-toc-heading-level-3'><a class=\"ez-toc-link ez-toc-heading-5\" href=\"https:\/\/www.turna.com\/blog\/avrupada-gezilecek-15-etkileyici-baskent\/#4_madrid_ispanya\" >4. Madrid,&nbsp;\u0130spanya<\/a><\/li><li class='ez-toc-page-1 ez-toc-heading-level-3'><a class=\"ez-toc-link ez-toc-heading-6\" href=\"https:\/\/www.turna.com\/blog\/avrupada-gezilecek-15-etkileyici-baskent\/#5_berlin_almanya\" >5. Berlin,&nbsp;Almanya<\/a><\/li><li class='ez-toc-page-1 ez-toc-heading-level-3'><a class=\"ez-toc-link ez-toc-heading-7\" href=\"https:\/\/www.turna.com\/blog\/avrupada-gezilecek-15-etkileyici-baskent\/#6_bruksel_belcika\" >6. Br\u00fcksel,&nbsp;Bel\u00e7ika<\/a><\/li><li class='ez-toc-page-1 ez-toc-heading-level-3'><a class=\"ez-toc-link ez-toc-heading-8\" href=\"https:\/\/www.turna.com\/blog\/avrupada-gezilecek-15-etkileyici-baskent\/#7_viyana_avusturya\" >7. Viyana,&nbsp;Avusturya<\/a><\/li><li class='ez-toc-page-1 ez-toc-heading-level-3'><a class=\"ez-toc-link ez-toc-heading-9\" href=\"https:\/\/www.turna.com\/blog\/avrupada-gezilecek-15-etkileyici-baskent\/#8_bern_isvicre\" >8. Bern,&nbsp;\u0130svi\u00e7re<\/a><\/li><li class='ez-toc-page-1 ez-toc-heading-level-3'><a class=\"ez-toc-link ez-toc-heading-10\" href=\"https:\/\/www.turna.com\/blog\/avrupada-gezilecek-15-etkileyici-baskent\/#9_kopenhag_danimarka\" >9. Kopenhag,&nbsp;Danimarka<\/a><\/li><li class='ez-toc-page-1 ez-toc-heading-level-3'><a class=\"ez-toc-link ez-toc-heading-11\" href=\"https:\/\/www.turna.com\/blog\/avrupada-gezilecek-15-etkileyici-baskent\/#10_atina_yunanistan\" >10. Atina, Yunanistan&nbsp;<\/a><\/li><li class='ez-toc-page-1 ez-toc-heading-level-3'><a class=\"ez-toc-link ez-toc-heading-12\" href=\"https:\/\/www.turna.com\/blog\/avrupada-gezilecek-15-etkileyici-baskent\/#11_stockholm_isvec\" >11. Stockholm,&nbsp;\u0130sve\u00e7<\/a><\/li><li class='ez-toc-page-1 ez-toc-heading-level-3'><a class=\"ez-toc-link ez-toc-heading-13\" href=\"https:\/\/www.turna.com\/blog\/avrupada-gezilecek-15-etkileyici-baskent\/#12_tiran_arnavutluk\" >12. Tiran,&nbsp;Arnavutluk<\/a><\/li><li class='ez-toc-page-1 ez-toc-heading-level-3'><a class=\"ez-toc-link ez-toc-heading-14\" href=\"https:\/\/www.turna.com\/blog\/avrupada-gezilecek-15-etkileyici-baskent\/#13_uskup_makedonya\" >13. \u00dcsk\u00fcp,&nbsp;Makedonya<\/a><\/li><li class='ez-toc-page-1 ez-toc-heading-level-3'><a class=\"ez-toc-link ez-toc-heading-15\" href=\"https:\/\/www.turna.com\/blog\/avrupada-gezilecek-15-etkileyici-baskent\/#14_andorra_la_vella_andorra\" >14. Andorra La Vella,&nbsp;Andorra<\/a><\/li><li class='ez-toc-page-1 ez-toc-heading-level-3'><a class=\"ez-toc-link ez-toc-heading-16\" href=\"https:\/\/www.turna.com\/blog\/avrupada-gezilecek-15-etkileyici-baskent\/#15_bratislava_slovakya\" >15. Bratislava,&nbsp;Slovakya<\/a><\/li><\/ul><\/li><\/ul><\/nav><\/div>\n\n<p>Avrupa&#8217;n\u0131n birbirinden g\u00fczel yerle\u015fim yerleri&nbsp;aras\u0131ndan &#8216;<strong>ba\u015fkent&#8217;&nbsp;<\/strong>olma \u00f6zelli\u011fi ile s\u0131yr\u0131lan \u015fehirler, her y\u0131l milyonlarca ki\u015fi taraf\u0131ndan ziyaret ediliyor.&nbsp;Siz de, bulunduklar\u0131 \u00fclkelerin en \u00f6nemli yap\u0131lar\u0131na ev sahipli\u011fi yapan bu etkileyici \u015fehirleri gezip, do\u011fal ve tarihi g\u00fczellikleriyle tan\u0131\u015fma f\u0131rsat\u0131 bulabilirsiniz.<\/p>\n\n\n\n<p>Say\u0131s\u0131z medeniyete ev sahipli\u011fi yapan ve k\u00f6kl\u00fc tarihleri sayesinde olduk\u00e7a zengin bir k\u00fclt\u00fcrel dokuya kavu\u015fan bu e\u015fsiz \u015fehirleri ke\u015ffetmek i\u00e7in yola \u00e7\u0131kma zaman\u0131!<\/p>\n\n\n\n<h2 class=\"wp-block-heading\"><span class=\"ez-toc-section\" id=\"avrupada_gorulmesi_gereken_15_baskent\"><\/span><strong>Avrupa&#8217;da G\u00f6r\u00fclmesi Gereken 15&nbsp;Ba\u015fkent<\/strong><span class=\"ez-toc-section-end\"><\/span><\/h2>\n\n\n\n<h3 class=\"wp-block-heading\"><span class=\"ez-toc-section\" id=\"1_roma_italya\"><\/span><strong>1. Roma,&nbsp;\u0130talya&nbsp;<\/strong><span class=\"ez-toc-section-end\"><\/span><\/h3>\n\n\n\n<figure class=\"wp-block-image\"><img width=\"800\" height=\"500\" data-public-id=\"Italya-Roma_ubi16m\/Italya-Roma_ubi16m.jpg\" fetchpriority=\"high\" decoding=\"async\" src=\"https:\/\/res.cloudinary.com\/turna\/images\/w_800,h_500,c_scale\/f_auto,q_auto:low\/v1469540954\/Italya-Roma_ubi16m\/Italya-Roma_ubi16m.jpg?_i=AA\" alt=\"\" class=\"wp-post-3536 wp-image-3655\" data-format=\"jpg\" data-transformations=\"f_auto,q_auto:low\" data-version=\"1469540954\" data-seo=\"1\" srcset=\"https:\/\/res.cloudinary.com\/turna\/images\/f_auto,q_auto:low\/v1469540954\/Italya-Roma_ubi16m\/Italya-Roma_ubi16m.jpg?_i=AA 800w, https:\/\/res.cloudinary.com\/turna\/images\/w_300,h_188,c_scale\/f_auto,q_auto:low\/v1469540954\/Italya-Roma_ubi16m\/Italya-Roma_ubi16m.jpg?_i=AA 300w, https:\/\/res.cloudinary.com\/turna\/images\/w_672,h_420,c_scale\/f_auto,q_auto:low\/v1469540954\/Italya-Roma_ubi16m\/Italya-Roma_ubi16m.jpg?_i=AA 672w, https:\/\/res.cloudinary.com\/turna\/images\/w_640,h_400,c_scale\/f_auto,q_auto:low\/v1469540954\/Italya-Roma_ubi16m\/Italya-Roma_ubi16m.jpg?_i=AA 640w, https:\/\/res.cloudinary.com\/turna\/images\/w_681,h_426,c_scale\/f_auto,q_auto:low\/v1469540954\/Italya-Roma_ubi16m\/Italya-Roma_ubi16m.jpg?_i=AA 681w\" sizes=\"(max-width: 800px) 100vw, 800px\" \/><\/figure>\n\n\n\n<p>A\u015fk\u0131n ve tarihin vazge\u00e7ilmez \u015fehri <strong>Roma<\/strong>, Kolezyum, Vatikan, Roma Forumu, Trevi (A\u015fk) \u00c7e\u015fmesi, \u0130spanyol Merdivenleri ve Vatikan M\u00fczesi gibi muhte\u015fem yap\u0131lar\u0131 ile g\u00f6z al\u0131yor.<\/p>\n\n\n\n<p><a href=\"https:\/\/www.turna.com\/ucak-bileti\/roma\">Roma u\u00e7ak bileti<\/a> turna.com&#8217;da.<\/p>\n\n\n\n<h3 class=\"wp-block-heading\"><span class=\"ez-toc-section\" id=\"2_paris_fransa\"><\/span><strong>2. Paris,&nbsp;Fransa<\/strong><span class=\"ez-toc-section-end\"><\/span><\/h3>\n\n\n\n<figure class=\"wp-block-image\"><img width=\"800\" height=\"500\" data-public-id=\"Eyfel-Paris_qtoog3\/Eyfel-Paris_qtoog3.jpg\" decoding=\"async\" src=\"https:\/\/res.cloudinary.com\/turna\/images\/w_800,h_500,c_scale\/f_auto,q_auto:low\/v1469540971\/Eyfel-Paris_qtoog3\/Eyfel-Paris_qtoog3.jpg?_i=AA\" alt=\"\" class=\"wp-post-3536 wp-image-3656\" data-format=\"jpg\" data-transformations=\"f_auto,q_auto:low\" data-version=\"1469540971\" data-seo=\"1\" srcset=\"https:\/\/res.cloudinary.com\/turna\/images\/f_auto,q_auto:low\/v1469540971\/Eyfel-Paris_qtoog3\/Eyfel-Paris_qtoog3.jpg?_i=AA 800w, https:\/\/res.cloudinary.com\/turna\/images\/w_300,h_188,c_scale\/f_auto,q_auto:low\/v1469540971\/Eyfel-Paris_qtoog3\/Eyfel-Paris_qtoog3.jpg?_i=AA 300w, https:\/\/res.cloudinary.com\/turna\/images\/w_672,h_420,c_scale\/f_auto,q_auto:low\/v1469540971\/Eyfel-Paris_qtoog3\/Eyfel-Paris_qtoog3.jpg?_i=AA 672w, https:\/\/res.cloudinary.com\/turna\/images\/w_640,h_400,c_scale\/f_auto,q_auto:low\/v1469540971\/Eyfel-Paris_qtoog3\/Eyfel-Paris_qtoog3.jpg?_i=AA 640w, https:\/\/res.cloudinary.com\/turna\/images\/w_681,h_426,c_scale\/f_auto,q_auto:low\/v1469540971\/Eyfel-Paris_qtoog3\/Eyfel-Paris_qtoog3.jpg?_i=AA 681w\" sizes=\"(max-width: 800px) 100vw, 800px\" \/><\/figure>\n\n\n\n<p>&#8216;A\u015f\u0131klar \u015fehri&#8217; olarak an\u0131lan <strong>Paris<\/strong>, me\u015fhur Eyfel Kulesi&#8217;nin yan\u0131 s\u0131ra Notre Dame Katedrali, Disneyland, Louvre M\u00fczesi&nbsp;ve&nbsp;\u015eanzelize Caddesiyle&nbsp;turistlerin g\u00f6zdesi olmay\u0131 s\u00fcrd\u00fcr\u00fcyor.<\/p>\n\n\n\n<p>Paris&#8217;e ucuz ula\u015f\u0131m\u0131n adresi <a href=\"https:\/\/www.turna.com\/ucak-bileti\/paris\">Paris u\u00e7ak biletleri<\/a> fiyatlar\u0131na g\u00f6z at\u0131n.<\/p>\n\n\n\n<h3 class=\"wp-block-heading\"><span class=\"ez-toc-section\" id=\"3_amsterdam_hollanda\"><\/span><strong>3. Amsterdam,&nbsp;Hollanda<\/strong><span class=\"ez-toc-section-end\"><\/span><\/h3>\n\n\n\n<p><img width=\"800\" height=\"500\" data-public-id=\"Amsterdam-Kanal_gj1of3\/Amsterdam-Kanal_gj1of3.jpg\" decoding=\"async\" class=\"alignnone wp-post-3536 wp-image-3657\" src=\"https:\/\/res.cloudinary.com\/turna\/images\/w_800,h_500,c_scale\/f_auto,q_auto:low\/v1469540985\/Amsterdam-Kanal_gj1of3\/Amsterdam-Kanal_gj1of3.jpg?_i=AA\" data-format=\"jpg\" data-transformations=\"f_auto,q_auto:low\" data-version=\"1469540985\" data-seo=\"1\" srcset=\"https:\/\/res.cloudinary.com\/turna\/images\/f_auto,q_auto:low\/v1469540985\/Amsterdam-Kanal_gj1of3\/Amsterdam-Kanal_gj1of3.jpg?_i=AA 800w, https:\/\/res.cloudinary.com\/turna\/images\/w_300,h_188,c_scale\/f_auto,q_auto:low\/v1469540985\/Amsterdam-Kanal_gj1of3\/Amsterdam-Kanal_gj1of3.jpg?_i=AA 300w, https:\/\/res.cloudinary.com\/turna\/images\/w_672,h_420,c_scale\/f_auto,q_auto:low\/v1469540985\/Amsterdam-Kanal_gj1of3\/Amsterdam-Kanal_gj1of3.jpg?_i=AA 672w, https:\/\/res.cloudinary.com\/turna\/images\/w_640,h_400,c_scale\/f_auto,q_auto:low\/v1469540985\/Amsterdam-Kanal_gj1of3\/Amsterdam-Kanal_gj1of3.jpg?_i=AA 640w, https:\/\/res.cloudinary.com\/turna\/images\/w_681,h_426,c_scale\/f_auto,q_auto:low\/v1469540985\/Amsterdam-Kanal_gj1of3\/Amsterdam-Kanal_gj1of3.jpg?_i=AA 681w\" sizes=\"(max-width: 800px) 100vw, 800px\" \/>D\u00fcnyaca \u00fcnl\u00fc kanallar\u0131, Dam Meydan\u0131, Kraliyet Saray\u0131 ve dillerden d\u00fc\u015fmeyen Red Light District ile an\u0131lan <strong>Amsterdam&nbsp;<\/strong>\u015fehri, her y\u0131l milyonlarca turiste ev sahipli\u011fi yap\u0131yor.<\/p>\n\n\n\n<h3 class=\"wp-block-heading\"><span class=\"ez-toc-section\" id=\"4_madrid_ispanya\"><\/span><strong>4. Madrid,&nbsp;\u0130spanya<\/strong><span class=\"ez-toc-section-end\"><\/span><\/h3>\n\n\n\n<p><img width=\"800\" height=\"500\" data-public-id=\"Madrid-I%CC%87spanya_vtrzxr\/Madrid-I%CC%87spanya_vtrzxr.jpg\" loading=\"lazy\" decoding=\"async\" class=\"alignnone wp-post-3536 wp-image-3658\" src=\"data:image\/svg+xml;base64,PHN2ZyB4bWxucz0iaHR0cDovL3d3dy53My5vcmcvMjAwMC9zdmciIHdpZHRoPSI4MDAiIGhlaWdodD0iNTAwIj48cmVjdCB3aWR0aD0iMTAwJSIgaGVpZ2h0PSIxMDAlIj48YW5pbWF0ZSBhdHRyaWJ1dGVOYW1lPSJmaWxsIiB2YWx1ZXM9InJnYmEoMTUzLDE1MywxNTMsMC41KTtyZ2JhKDE1MywxNTMsMTUzLDAuMSk7cmdiYSgxNTMsMTUzLDE1MywwLjUpIiBkdXI9IjJzIiByZXBlYXRDb3VudD0iaW5kZWZpbml0ZSIgLz48L3JlY3Q+PC9zdmc+\" data-format=\"jpg\" data-transformations=\"f_auto,q_auto:low\" data-version=\"1469541008\" data-seo=\"1\" data-size=\"800 500\" data-delivery=\"upload\" onload=\";window.CLDBind?CLDBind(this):null;\" data-cloudinary=\"lazy\" \/><strong>Madrid<\/strong>, Puerto Del Sol ve Plaz Mayor Meydanlar\u0131, Kraliyet Saray\u0131 ve d\u00fcnyan\u0131n en me\u015fhur parklar\u0131ndan olan El Retiro Park\u0131 ile \u0130spanya&#8217;n\u0131n en g\u00fczel \u015fehirlerinden biri.<\/p>\n\n\n\n<h3 class=\"wp-block-heading\"><span class=\"ez-toc-section\" id=\"5_berlin_almanya\"><\/span><strong>5. Berlin,&nbsp;Almanya<\/strong><span class=\"ez-toc-section-end\"><\/span><\/h3>\n\n\n\n<p><img width=\"800\" height=\"500\" loading=\"lazy\" decoding=\"async\" class=\"alignnone wp-post-3536 wp-image-3659\" src=\"data:image\/svg+xml;base64,PHN2ZyB4bWxucz0iaHR0cDovL3d3dy53My5vcmcvMjAwMC9zdmciIHdpZHRoPSI4MDAiIGhlaWdodD0iNTAwIj48cmVjdCB3aWR0aD0iMTAwJSIgaGVpZ2h0PSIxMDAlIj48YW5pbWF0ZSBhdHRyaWJ1dGVOYW1lPSJmaWxsIiB2YWx1ZXM9InJnYmEoMTUzLDE1MywxNTMsMC41KTtyZ2JhKDE1MywxNTMsMTUzLDAuMSk7cmdiYSgxNTMsMTUzLDE1MywwLjUpIiBkdXI9IjJzIiByZXBlYXRDb3VudD0iaW5kZWZpbml0ZSIgLz48L3JlY3Q+PC9zdmc+\" data-public-id=\"Almanya-Berlin_pxy4l8\/Almanya-Berlin_pxy4l8.jpg\" data-format=\"jpg\" data-transformations=\"f_auto,q_auto:low\" data-version=\"1469541142\" data-seo=\"1\" data-size=\"800 500\" data-srcset=\"https:\/\/res.cloudinary.com\/turna\/images\/f_auto,q_auto:low\/v1469541142\/Almanya-Berlin_pxy4l8\/Almanya-Berlin_pxy4l8.jpg?_i=AA 800w, https:\/\/res.cloudinary.com\/turna\/images\/w_300,h_188,c_scale\/f_auto,q_auto:low\/v1469541142\/Almanya-Berlin_pxy4l8\/Almanya-Berlin_pxy4l8.jpg?_i=AA 300w, https:\/\/res.cloudinary.com\/turna\/images\/w_672,h_420,c_scale\/f_auto,q_auto:low\/v1469541142\/Almanya-Berlin_pxy4l8\/Almanya-Berlin_pxy4l8.jpg?_i=AA 672w, https:\/\/res.cloudinary.com\/turna\/images\/w_640,h_400,c_scale\/f_auto,q_auto:low\/v1469541142\/Almanya-Berlin_pxy4l8\/Almanya-Berlin_pxy4l8.jpg?_i=AA 640w, https:\/\/res.cloudinary.com\/turna\/images\/w_681,h_426,c_scale\/f_auto,q_auto:low\/v1469541142\/Almanya-Berlin_pxy4l8\/Almanya-Berlin_pxy4l8.jpg?_i=AA 681w\" data-sizes=\"(max-width: 800px) 100vw, 800px\" data-delivery=\"upload\" onload=\";window.CLDBind?CLDBind(this):null;\" data-cloudinary=\"lazy\" \/>Pek \u00e7ok g\u00f6rkemli yap\u0131y\u0131 bar\u0131nd\u0131ran <strong>Berlin<\/strong>&#8216;de, g\u00fcn\u00fcm\u00fczde bir sanat galerisine d\u00f6n\u00fc\u015ft\u00fcr\u00fclen&nbsp;\u00fcnl\u00fc Berlin Duvar\u0131&nbsp;d\u00fcnyan\u0131n d\u00f6rt bir yan\u0131ndan ziyaret\u00e7i \u00e7ekmeye devam ediyor.<\/p>\n\n\n\n<h3 class=\"wp-block-heading\"><span class=\"ez-toc-section\" id=\"6_bruksel_belcika\"><\/span><strong>6. Br\u00fcksel,&nbsp;Bel\u00e7ika<\/strong><span class=\"ez-toc-section-end\"><\/span><\/h3>\n\n\n\n<figure class=\"wp-block-image\"><img width=\"800\" height=\"500\" loading=\"lazy\" decoding=\"async\" src=\"data:image\/svg+xml;base64,PHN2ZyB4bWxucz0iaHR0cDovL3d3dy53My5vcmcvMjAwMC9zdmciIHdpZHRoPSI4MDAiIGhlaWdodD0iNTAwIj48cmVjdCB3aWR0aD0iMTAwJSIgaGVpZ2h0PSIxMDAlIj48YW5pbWF0ZSBhdHRyaWJ1dGVOYW1lPSJmaWxsIiB2YWx1ZXM9InJnYmEoMTUzLDE1MywxNTMsMC41KTtyZ2JhKDE1MywxNTMsMTUzLDAuMSk7cmdiYSgxNTMsMTUzLDE1MywwLjUpIiBkdXI9IjJzIiByZXBlYXRDb3VudD0iaW5kZWZpbml0ZSIgLz48L3JlY3Q+PC9zdmc+\" alt=\"\" class=\"wp-post-3536 wp-image-3660\" data-public-id=\"Bruksel-Grand_ovvmkm\/Bruksel-Grand_ovvmkm.jpg\" data-format=\"jpg\" data-transformations=\"f_auto,q_auto:low\" data-version=\"1469541164\" data-seo=\"1\" data-size=\"800 500\" data-srcset=\"https:\/\/res.cloudinary.com\/turna\/images\/f_auto,q_auto:low\/v1469541164\/Bruksel-Grand_ovvmkm\/Bruksel-Grand_ovvmkm.jpg?_i=AA 800w, https:\/\/res.cloudinary.com\/turna\/images\/w_300,h_188,c_scale\/f_auto,q_auto:low\/v1469541164\/Bruksel-Grand_ovvmkm\/Bruksel-Grand_ovvmkm.jpg?_i=AA 300w, https:\/\/res.cloudinary.com\/turna\/images\/w_672,h_420,c_scale\/f_auto,q_auto:low\/v1469541164\/Bruksel-Grand_ovvmkm\/Bruksel-Grand_ovvmkm.jpg?_i=AA 672w, https:\/\/res.cloudinary.com\/turna\/images\/w_640,h_400,c_scale\/f_auto,q_auto:low\/v1469541164\/Bruksel-Grand_ovvmkm\/Bruksel-Grand_ovvmkm.jpg?_i=AA 640w, https:\/\/res.cloudinary.com\/turna\/images\/w_681,h_426,c_scale\/f_auto,q_auto:low\/v1469541164\/Bruksel-Grand_ovvmkm\/Bruksel-Grand_ovvmkm.jpg?_i=AA 681w\" data-sizes=\"(max-width: 800px) 100vw, 800px\" data-delivery=\"upload\" onload=\";window.CLDBind?CLDBind(this):null;\" data-cloudinary=\"lazy\" \/><\/figure>\n\n\n\n<p>&#8216;<strong>Br\u00fcksel<\/strong>, hani \u015fu lahanas\u0131 olan m\u0131&#8217; demeyi bitirenler, \u015fehrin \u00fcnl\u00fc m\u00fczelerinden biri olan&nbsp;Bel\u00e7ika Karikat\u00fcr&nbsp;M\u00fczesi ve&nbsp;Grand Place Meydan\u0131n\u0131n da&nbsp;aralar\u0131nda oldu\u011fu etkileyici yerlerini ke\u015ffe \u00e7\u0131kabilir.<\/p>\n\n\n\n<h3 class=\"wp-block-heading\"><span class=\"ez-toc-section\" id=\"7_viyana_avusturya\"><\/span><strong>7. Viyana,&nbsp;Avusturya<\/strong><span class=\"ez-toc-section-end\"><\/span><\/h3>\n\n\n\n<figure class=\"wp-block-image\"><img width=\"800\" height=\"500\" loading=\"lazy\" decoding=\"async\" src=\"data:image\/svg+xml;base64,PHN2ZyB4bWxucz0iaHR0cDovL3d3dy53My5vcmcvMjAwMC9zdmciIHdpZHRoPSI4MDAiIGhlaWdodD0iNTAwIj48cmVjdCB3aWR0aD0iMTAwJSIgaGVpZ2h0PSIxMDAlIj48YW5pbWF0ZSBhdHRyaWJ1dGVOYW1lPSJmaWxsIiB2YWx1ZXM9InJnYmEoMTUzLDE1MywxNTMsMC41KTtyZ2JhKDE1MywxNTMsMTUzLDAuMSk7cmdiYSgxNTMsMTUzLDE1MywwLjUpIiBkdXI9IjJzIiByZXBlYXRDb3VudD0iaW5kZWZpbml0ZSIgLz48L3JlY3Q+PC9zdmc+\" alt=\"\" class=\"wp-post-3536 wp-image-3661\" data-public-id=\"Viyana-Avusturya_wcov65\/Viyana-Avusturya_wcov65.jpg\" data-format=\"jpg\" data-transformations=\"f_auto,q_auto:low\" data-version=\"1469541185\" data-seo=\"1\" data-size=\"800 500\" data-srcset=\"https:\/\/res.cloudinary.com\/turna\/images\/f_auto,q_auto:low\/v1469541185\/Viyana-Avusturya_wcov65\/Viyana-Avusturya_wcov65.jpg?_i=AA 800w, https:\/\/res.cloudinary.com\/turna\/images\/w_300,h_188,c_scale\/f_auto,q_auto:low\/v1469541185\/Viyana-Avusturya_wcov65\/Viyana-Avusturya_wcov65.jpg?_i=AA 300w, https:\/\/res.cloudinary.com\/turna\/images\/w_672,h_420,c_scale\/f_auto,q_auto:low\/v1469541185\/Viyana-Avusturya_wcov65\/Viyana-Avusturya_wcov65.jpg?_i=AA 672w, https:\/\/res.cloudinary.com\/turna\/images\/w_640,h_400,c_scale\/f_auto,q_auto:low\/v1469541185\/Viyana-Avusturya_wcov65\/Viyana-Avusturya_wcov65.jpg?_i=AA 640w, https:\/\/res.cloudinary.com\/turna\/images\/w_681,h_426,c_scale\/f_auto,q_auto:low\/v1469541185\/Viyana-Avusturya_wcov65\/Viyana-Avusturya_wcov65.jpg?_i=AA 681w\" data-sizes=\"(max-width: 800px) 100vw, 800px\" data-delivery=\"upload\" onload=\";window.CLDBind?CLDBind(this):null;\" data-cloudinary=\"lazy\" \/><\/figure>\n\n\n\n<p>Ba\u015fkent<strong> Viyana<\/strong>, di\u011fer Avrupa \u015fehirlerine g\u00f6re biraz daha pahal\u0131 olmas\u0131na ra\u011fmen turistlerin en s\u0131k ziyaret etti\u011fi \u015fehirler aras\u0131nda yer almaya devam ediyor.<\/p>\n\n\n\n<h3 class=\"wp-block-heading\"><span class=\"ez-toc-section\" id=\"8_bern_isvicre\"><\/span><strong>8. Bern,&nbsp;\u0130svi\u00e7re<\/strong><span class=\"ez-toc-section-end\"><\/span><\/h3>\n\n\n\n<figure class=\"wp-block-image\"><img width=\"800\" height=\"500\" data-public-id=\"Bern-I%CC%87svicre_o3cmu1\/Bern-I%CC%87svicre_o3cmu1.jpg\" decoding=\"async\" src=\"data:image\/svg+xml;base64,PHN2ZyB4bWxucz0iaHR0cDovL3d3dy53My5vcmcvMjAwMC9zdmciIHdpZHRoPSI4MDAiIGhlaWdodD0iNTAwIj48cmVjdCB3aWR0aD0iMTAwJSIgaGVpZ2h0PSIxMDAlIj48YW5pbWF0ZSBhdHRyaWJ1dGVOYW1lPSJmaWxsIiB2YWx1ZXM9InJnYmEoMTUzLDE1MywxNTMsMC41KTtyZ2JhKDE1MywxNTMsMTUzLDAuMSk7cmdiYSgxNTMsMTUzLDE1MywwLjUpIiBkdXI9IjJzIiByZXBlYXRDb3VudD0iaW5kZWZpbml0ZSIgLz48L3JlY3Q+PC9zdmc+\" alt=\"\" class=\"wp-post-3536 wp-image-3662\" data-format=\"jpg\" data-transformations=\"f_auto,q_auto:low\" data-version=\"1469541198\" data-seo=\"1\" data-size=\"800 500\" data-delivery=\"upload\" onload=\";window.CLDBind?CLDBind(this):null;\" data-cloudinary=\"lazy\" \/><\/figure>\n\n\n\n<p>Orta \u00c7a\u011f&#8217;\u0131n izlerini ta\u015f\u0131yan mimarisi&nbsp;ve&nbsp;b\u00fcy\u00fcl\u00fc atmosferiyle \u015fehre gelenleri etkisi alt\u0131na alan&nbsp;<strong>Bern<\/strong>,&nbsp;seyahat tutkunlar\u0131n\u0131n Avrupa&#8217;da en s\u0131k u\u011frad\u0131\u011f\u0131 noktalardan&nbsp;biri.<\/p>\n\n\n\n<h3 class=\"wp-block-heading\"><span class=\"ez-toc-section\" id=\"9_kopenhag_danimarka\"><\/span><strong>9. Kopenhag,&nbsp;Danimarka<\/strong><span class=\"ez-toc-section-end\"><\/span><\/h3>\n\n\n\n<figure class=\"wp-block-image\"><img width=\"800\" height=\"500\" loading=\"lazy\" decoding=\"async\" src=\"data:image\/svg+xml;base64,PHN2ZyB4bWxucz0iaHR0cDovL3d3dy53My5vcmcvMjAwMC9zdmciIHdpZHRoPSI4MDAiIGhlaWdodD0iNTAwIj48cmVjdCB3aWR0aD0iMTAwJSIgaGVpZ2h0PSIxMDAlIj48YW5pbWF0ZSBhdHRyaWJ1dGVOYW1lPSJmaWxsIiB2YWx1ZXM9InJnYmEoMTUzLDE1MywxNTMsMC41KTtyZ2JhKDE1MywxNTMsMTUzLDAuMSk7cmdiYSgxNTMsMTUzLDE1MywwLjUpIiBkdXI9IjJzIiByZXBlYXRDb3VudD0iaW5kZWZpbml0ZSIgLz48L3JlY3Q+PC9zdmc+\" alt=\"\" class=\"wp-post-3536 wp-image-3666\" data-public-id=\"Kopenhag-Danimarka_t9mio4\/Kopenhag-Danimarka_t9mio4.jpg\" data-format=\"jpg\" data-transformations=\"f_auto,q_auto:low\" data-version=\"1469541284\" data-seo=\"1\" data-size=\"800 500\" data-srcset=\"https:\/\/res.cloudinary.com\/turna\/images\/f_auto,q_auto:low\/v1469541284\/Kopenhag-Danimarka_t9mio4\/Kopenhag-Danimarka_t9mio4.jpg?_i=AA 800w, https:\/\/res.cloudinary.com\/turna\/images\/w_300,h_188,c_scale\/f_auto,q_auto:low\/v1469541284\/Kopenhag-Danimarka_t9mio4\/Kopenhag-Danimarka_t9mio4.jpg?_i=AA 300w, https:\/\/res.cloudinary.com\/turna\/images\/w_672,h_420,c_scale\/f_auto,q_auto:low\/v1469541284\/Kopenhag-Danimarka_t9mio4\/Kopenhag-Danimarka_t9mio4.jpg?_i=AA 672w, https:\/\/res.cloudinary.com\/turna\/images\/w_640,h_400,c_scale\/f_auto,q_auto:low\/v1469541284\/Kopenhag-Danimarka_t9mio4\/Kopenhag-Danimarka_t9mio4.jpg?_i=AA 640w, https:\/\/res.cloudinary.com\/turna\/images\/w_681,h_426,c_scale\/f_auto,q_auto:low\/v1469541284\/Kopenhag-Danimarka_t9mio4\/Kopenhag-Danimarka_t9mio4.jpg?_i=AA 681w\" data-sizes=\"(max-width: 800px) 100vw, 800px\" data-delivery=\"upload\" onload=\";window.CLDBind?CLDBind(this):null;\" data-cloudinary=\"lazy\" \/><\/figure>\n\n\n\n<p>D\u00fcnyada ya\u015fam standartlar\u0131 en y\u00fcksek \u00fclkelerden biri olan Danimarka&#8217;n\u0131n ba\u015fkenti <strong>Kopenhag<\/strong>, yaln\u0131zca seyahat i\u00e7in de\u011fil, ya\u015famak i\u00e7in de olduk\u00e7a muhte\u015fem bir \u015fehir.<\/p>\n\n\n\n<h3 class=\"wp-block-heading\"><span class=\"ez-toc-section\" id=\"10_atina_yunanistan\"><\/span><strong>10. Atina, Yunanistan&nbsp;<\/strong><span class=\"ez-toc-section-end\"><\/span><\/h3>\n\n\n\n<figure class=\"wp-block-image\"><img width=\"800\" height=\"500\" loading=\"lazy\" decoding=\"async\" src=\"data:image\/svg+xml;base64,PHN2ZyB4bWxucz0iaHR0cDovL3d3dy53My5vcmcvMjAwMC9zdmciIHdpZHRoPSI4MDAiIGhlaWdodD0iNTAwIj48cmVjdCB3aWR0aD0iMTAwJSIgaGVpZ2h0PSIxMDAlIj48YW5pbWF0ZSBhdHRyaWJ1dGVOYW1lPSJmaWxsIiB2YWx1ZXM9InJnYmEoMTUzLDE1MywxNTMsMC41KTtyZ2JhKDE1MywxNTMsMTUzLDAuMSk7cmdiYSgxNTMsMTUzLDE1MywwLjUpIiBkdXI9IjJzIiByZXBlYXRDb3VudD0iaW5kZWZpbml0ZSIgLz48L3JlY3Q+PC9zdmc+\" alt=\"\" class=\"wp-post-3536 wp-image-3665\" data-public-id=\"Atina-Yunanistan-Genel_hx2ie9\/Atina-Yunanistan-Genel_hx2ie9.jpg\" data-format=\"jpg\" data-transformations=\"f_auto,q_auto:low\" data-version=\"1469541254\" data-seo=\"1\" data-size=\"800 500\" data-srcset=\"https:\/\/res.cloudinary.com\/turna\/images\/f_auto,q_auto:low\/v1469541254\/Atina-Yunanistan-Genel_hx2ie9\/Atina-Yunanistan-Genel_hx2ie9.jpg?_i=AA 800w, https:\/\/res.cloudinary.com\/turna\/images\/w_300,h_188,c_scale\/f_auto,q_auto:low\/v1469541254\/Atina-Yunanistan-Genel_hx2ie9\/Atina-Yunanistan-Genel_hx2ie9.jpg?_i=AA 300w, https:\/\/res.cloudinary.com\/turna\/images\/w_672,h_420,c_scale\/f_auto,q_auto:low\/v1469541254\/Atina-Yunanistan-Genel_hx2ie9\/Atina-Yunanistan-Genel_hx2ie9.jpg?_i=AA 672w, https:\/\/res.cloudinary.com\/turna\/images\/w_640,h_400,c_scale\/f_auto,q_auto:low\/v1469541254\/Atina-Yunanistan-Genel_hx2ie9\/Atina-Yunanistan-Genel_hx2ie9.jpg?_i=AA 640w, https:\/\/res.cloudinary.com\/turna\/images\/w_681,h_426,c_scale\/f_auto,q_auto:low\/v1469541254\/Atina-Yunanistan-Genel_hx2ie9\/Atina-Yunanistan-Genel_hx2ie9.jpg?_i=AA 681w\" data-sizes=\"(max-width: 800px) 100vw, 800px\" data-delivery=\"upload\" onload=\";window.CLDBind?CLDBind(this):null;\" data-cloudinary=\"lazy\" \/><\/figure>\n\n\n\n<p>Do\u011fu ve Bat\u0131&#8217;n\u0131n birle\u015fme noktas\u0131 \u00fczerinde yer alan <strong>Atina<\/strong>, zengin k\u00fclt\u00fcr\u00fc, muhte\u015fem lezzetlere sahip mutfa\u011f\u0131 ve tarihi yap\u0131lar\u0131 ile Avrupa&#8217;n\u0131n en g\u00fczel ba\u015fkentlerinden.<\/p>\n\n\n\n<h3 class=\"wp-block-heading\"><span class=\"ez-toc-section\" id=\"11_stockholm_isvec\"><\/span><strong>11. Stockholm,&nbsp;\u0130sve\u00e7<\/strong><span class=\"ez-toc-section-end\"><\/span><\/h3>\n\n\n\n<p><img width=\"800\" height=\"500\" loading=\"lazy\" decoding=\"async\" class=\"alignnone wp-post-3536 wp-image-3664\" src=\"data:image\/svg+xml;base64,PHN2ZyB4bWxucz0iaHR0cDovL3d3dy53My5vcmcvMjAwMC9zdmciIHdpZHRoPSI4MDAiIGhlaWdodD0iNTAwIj48cmVjdCB3aWR0aD0iMTAwJSIgaGVpZ2h0PSIxMDAlIj48YW5pbWF0ZSBhdHRyaWJ1dGVOYW1lPSJmaWxsIiB2YWx1ZXM9InJnYmEoMTUzLDE1MywxNTMsMC41KTtyZ2JhKDE1MywxNTMsMTUzLDAuMSk7cmdiYSgxNTMsMTUzLDE1MywwLjUpIiBkdXI9IjJzIiByZXBlYXRDb3VudD0iaW5kZWZpbml0ZSIgLz48L3JlY3Q+PC9zdmc+\" data-public-id=\"Stockholm-Isvec_y74hf4\/Stockholm-Isvec_y74hf4.jpg\" data-format=\"jpg\" data-transformations=\"f_auto,q_auto:low\" data-version=\"1469541233\" data-seo=\"1\" data-size=\"800 500\" data-srcset=\"https:\/\/res.cloudinary.com\/turna\/images\/f_auto,q_auto:low\/v1469541233\/Stockholm-Isvec_y74hf4\/Stockholm-Isvec_y74hf4.jpg?_i=AA 800w, https:\/\/res.cloudinary.com\/turna\/images\/w_300,h_188,c_scale\/f_auto,q_auto:low\/v1469541233\/Stockholm-Isvec_y74hf4\/Stockholm-Isvec_y74hf4.jpg?_i=AA 300w, https:\/\/res.cloudinary.com\/turna\/images\/w_672,h_420,c_scale\/f_auto,q_auto:low\/v1469541233\/Stockholm-Isvec_y74hf4\/Stockholm-Isvec_y74hf4.jpg?_i=AA 672w, https:\/\/res.cloudinary.com\/turna\/images\/w_640,h_400,c_scale\/f_auto,q_auto:low\/v1469541233\/Stockholm-Isvec_y74hf4\/Stockholm-Isvec_y74hf4.jpg?_i=AA 640w, https:\/\/res.cloudinary.com\/turna\/images\/w_681,h_426,c_scale\/f_auto,q_auto:low\/v1469541233\/Stockholm-Isvec_y74hf4\/Stockholm-Isvec_y74hf4.jpg?_i=AA 681w\" data-sizes=\"(max-width: 800px) 100vw, 800px\" data-delivery=\"upload\" onload=\";window.CLDBind?CLDBind(this):null;\" data-cloudinary=\"lazy\" \/>So\u011fuk havas\u0131na ra\u011fmen d\u00fczenli g\u00f6r\u00fcn\u00fcm\u00fc ve do\u011fas\u0131 ile ba\u015ftan \u00e7\u0131karan bir g\u00fczelli\u011fe sahip olan <strong>\u0130sve\u00e7<\/strong>&#8216;in en g\u00fczel \u015fehirleri aras\u0131ndaki Stockholm, g\u00f6renleri kendine hayran b\u0131rak\u0131yor.<\/p>\n\n\n\n<h3 class=\"wp-block-heading\"><span class=\"ez-toc-section\" id=\"12_tiran_arnavutluk\"><\/span><strong>12. Tiran,&nbsp;Arnavutluk<\/strong><span class=\"ez-toc-section-end\"><\/span><\/h3>\n\n\n\n<p><img width=\"800\" height=\"500\" loading=\"lazy\" decoding=\"async\" class=\"alignnone wp-post-3536 wp-image-3667\" src=\"data:image\/svg+xml;base64,PHN2ZyB4bWxucz0iaHR0cDovL3d3dy53My5vcmcvMjAwMC9zdmciIHdpZHRoPSI4MDAiIGhlaWdodD0iNTAwIj48cmVjdCB3aWR0aD0iMTAwJSIgaGVpZ2h0PSIxMDAlIj48YW5pbWF0ZSBhdHRyaWJ1dGVOYW1lPSJmaWxsIiB2YWx1ZXM9InJnYmEoMTUzLDE1MywxNTMsMC41KTtyZ2JhKDE1MywxNTMsMTUzLDAuMSk7cmdiYSgxNTMsMTUzLDE1MywwLjUpIiBkdXI9IjJzIiByZXBlYXRDb3VudD0iaW5kZWZpbml0ZSIgLz48L3JlY3Q+PC9zdmc+\" data-public-id=\"Tiran-Arnavutluk_bcczjx\/Tiran-Arnavutluk_bcczjx.jpg\" data-format=\"jpg\" data-transformations=\"f_auto,q_auto:low\" data-version=\"1469541328\" data-seo=\"1\" data-size=\"800 500\" data-srcset=\"https:\/\/res.cloudinary.com\/turna\/images\/f_auto,q_auto:low\/v1469541328\/Tiran-Arnavutluk_bcczjx\/Tiran-Arnavutluk_bcczjx.jpg?_i=AA 800w, https:\/\/res.cloudinary.com\/turna\/images\/w_300,h_188,c_scale\/f_auto,q_auto:low\/v1469541328\/Tiran-Arnavutluk_bcczjx\/Tiran-Arnavutluk_bcczjx.jpg?_i=AA 300w, https:\/\/res.cloudinary.com\/turna\/images\/w_672,h_420,c_scale\/f_auto,q_auto:low\/v1469541328\/Tiran-Arnavutluk_bcczjx\/Tiran-Arnavutluk_bcczjx.jpg?_i=AA 672w, https:\/\/res.cloudinary.com\/turna\/images\/w_640,h_400,c_scale\/f_auto,q_auto:low\/v1469541328\/Tiran-Arnavutluk_bcczjx\/Tiran-Arnavutluk_bcczjx.jpg?_i=AA 640w, https:\/\/res.cloudinary.com\/turna\/images\/w_681,h_426,c_scale\/f_auto,q_auto:low\/v1469541328\/Tiran-Arnavutluk_bcczjx\/Tiran-Arnavutluk_bcczjx.jpg?_i=AA 681w\" data-sizes=\"(max-width: 800px) 100vw, 800px\" data-delivery=\"upload\" onload=\";window.CLDBind?CLDBind(this):null;\" data-cloudinary=\"lazy\" \/>Arnavutluk&#8217;un en b\u00fcy\u00fck \u015fehri olan <strong>Tiran<\/strong>, \u0130skender Bey Meydan\u0131 \u00e7evresinde konumlanan b\u00fcy\u00fcleyici tarihi yap\u0131lar\u0131 ile k\u00fclt\u00fcr turu yapmaktan ho\u015flanan gezginlerin vazge\u00e7ilmez\u00a0duraklar\u0131ndan.<\/p>\n\n\n\n<p><a href=\"https:\/\/www.turna.com\/ucak-bileti\/tiran\">Tiran u\u00e7ak bileti<\/a> fiyatlar\u0131n\u0131 g\u00f6zden ge\u00e7irin.<\/p>\n\n\n\n<h3 class=\"wp-block-heading\"><span class=\"ez-toc-section\" id=\"13_uskup_makedonya\"><\/span><strong>13. \u00dcsk\u00fcp,&nbsp;Makedonya<\/strong><span class=\"ez-toc-section-end\"><\/span><\/h3>\n\n\n\n<p><img width=\"800\" height=\"500\" loading=\"lazy\" decoding=\"async\" class=\"alignnone wp-post-3536 wp-image-3663\" src=\"data:image\/svg+xml;base64,PHN2ZyB4bWxucz0iaHR0cDovL3d3dy53My5vcmcvMjAwMC9zdmciIHdpZHRoPSI4MDAiIGhlaWdodD0iNTAwIj48cmVjdCB3aWR0aD0iMTAwJSIgaGVpZ2h0PSIxMDAlIj48YW5pbWF0ZSBhdHRyaWJ1dGVOYW1lPSJmaWxsIiB2YWx1ZXM9InJnYmEoMTUzLDE1MywxNTMsMC41KTtyZ2JhKDE1MywxNTMsMTUzLDAuMSk7cmdiYSgxNTMsMTUzLDE1MywwLjUpIiBkdXI9IjJzIiByZXBlYXRDb3VudD0iaW5kZWZpbml0ZSIgLz48L3JlY3Q+PC9zdmc+\" data-public-id=\"Uskup-Makedonya_heu04x\/Uskup-Makedonya_heu04x.jpg\" data-format=\"jpg\" data-transformations=\"f_auto,q_auto:low\" data-version=\"1469541213\" data-seo=\"1\" data-size=\"800 500\" data-srcset=\"https:\/\/res.cloudinary.com\/turna\/images\/f_auto,q_auto:low\/v1469541213\/Uskup-Makedonya_heu04x\/Uskup-Makedonya_heu04x.jpg?_i=AA 800w, https:\/\/res.cloudinary.com\/turna\/images\/w_300,h_188,c_scale\/f_auto,q_auto:low\/v1469541213\/Uskup-Makedonya_heu04x\/Uskup-Makedonya_heu04x.jpg?_i=AA 300w, https:\/\/res.cloudinary.com\/turna\/images\/w_672,h_420,c_scale\/f_auto,q_auto:low\/v1469541213\/Uskup-Makedonya_heu04x\/Uskup-Makedonya_heu04x.jpg?_i=AA 672w, https:\/\/res.cloudinary.com\/turna\/images\/w_640,h_400,c_scale\/f_auto,q_auto:low\/v1469541213\/Uskup-Makedonya_heu04x\/Uskup-Makedonya_heu04x.jpg?_i=AA 640w, https:\/\/res.cloudinary.com\/turna\/images\/w_681,h_426,c_scale\/f_auto,q_auto:low\/v1469541213\/Uskup-Makedonya_heu04x\/Uskup-Makedonya_heu04x.jpg?_i=AA 681w\" data-sizes=\"(max-width: 800px) 100vw, 800px\" data-delivery=\"upload\" onload=\";window.CLDBind?CLDBind(this):null;\" data-cloudinary=\"lazy\" \/>15. y\u00fczy\u0131ldan kalma Ta\u015f K\u00f6pr\u00fcs\u00fc, \u00dcsk\u00fcp Kalesi&#8217;nin yan\u0131 s\u0131ra birbirinden g\u00fczel han, hamam ve camileriyle de dikkat \u00e7eken <strong>\u00dcsk\u00fcp<\/strong>, zengin bir tarihe ve k\u00fclt\u00fcrel ge\u00e7mi\u015fe sahip.<\/p>\n\n\n\n<p><a href=\"https:\/\/www.turna.com\/ucak-bileti\/uskup\">\u00dcsk\u00fcp u\u00e7ak bileti<\/a> se\u00e7enekleri en iyi fiyatlarla turna.com&#8217;da.<\/p>\n\n\n\n<h3 class=\"wp-block-heading\"><span class=\"ez-toc-section\" id=\"14_andorra_la_vella_andorra\"><\/span><strong>14. Andorra La Vella,&nbsp;Andorra<\/strong><span class=\"ez-toc-section-end\"><\/span><\/h3>\n\n\n\n<p><img width=\"800\" height=\"500\" loading=\"lazy\" decoding=\"async\" class=\"alignnone wp-post-3536 wp-image-3654\" src=\"data:image\/svg+xml;base64,PHN2ZyB4bWxucz0iaHR0cDovL3d3dy53My5vcmcvMjAwMC9zdmciIHdpZHRoPSI4MDAiIGhlaWdodD0iNTAwIj48cmVjdCB3aWR0aD0iMTAwJSIgaGVpZ2h0PSIxMDAlIj48YW5pbWF0ZSBhdHRyaWJ1dGVOYW1lPSJmaWxsIiB2YWx1ZXM9InJnYmEoMTUzLDE1MywxNTMsMC41KTtyZ2JhKDE1MywxNTMsMTUzLDAuMSk7cmdiYSgxNTMsMTUzLDE1MywwLjUpIiBkdXI9IjJzIiByZXBlYXRDb3VudD0iaW5kZWZpbml0ZSIgLz48L3JlY3Q+PC9zdmc+\" data-public-id=\"Andorra-La-Vella_binyxk\/Andorra-La-Vella_binyxk.jpg\" data-format=\"jpg\" data-transformations=\"f_auto,q_auto:low\" data-version=\"1469540930\" data-seo=\"1\" data-size=\"800 500\" data-srcset=\"https:\/\/res.cloudinary.com\/turna\/images\/f_auto,q_auto:low\/v1469540930\/Andorra-La-Vella_binyxk\/Andorra-La-Vella_binyxk.jpg?_i=AA 800w, https:\/\/res.cloudinary.com\/turna\/images\/w_300,h_188,c_scale\/f_auto,q_auto:low\/v1469540930\/Andorra-La-Vella_binyxk\/Andorra-La-Vella_binyxk.jpg?_i=AA 300w, https:\/\/res.cloudinary.com\/turna\/images\/w_672,h_420,c_scale\/f_auto,q_auto:low\/v1469540930\/Andorra-La-Vella_binyxk\/Andorra-La-Vella_binyxk.jpg?_i=AA 672w, https:\/\/res.cloudinary.com\/turna\/images\/w_640,h_400,c_scale\/f_auto,q_auto:low\/v1469540930\/Andorra-La-Vella_binyxk\/Andorra-La-Vella_binyxk.jpg?_i=AA 640w, https:\/\/res.cloudinary.com\/turna\/images\/w_681,h_426,c_scale\/f_auto,q_auto:low\/v1469540930\/Andorra-La-Vella_binyxk\/Andorra-La-Vella_binyxk.jpg?_i=AA 681w\" data-sizes=\"(max-width: 800px) 100vw, 800px\" data-delivery=\"upload\" onload=\";window.CLDBind?CLDBind(this):null;\" data-cloudinary=\"lazy\" \/>Avrupa&#8217;ya kayak turizmi i\u00e7in gelenlerin en s\u0131k ziyaret etti\u011fi \u015fehirlerden biri olan <strong>Andorra la Vella<\/strong>, al\u0131\u015fveri\u015f yapmay\u0131 sevenler i\u00e7in de olduk\u00e7a uygun ma\u011fazalara sahip.<\/p>\n\n\n\n<h3 class=\"wp-block-heading\"><span class=\"ez-toc-section\" id=\"15_bratislava_slovakya\"><\/span><strong>15. Bratislava,&nbsp;Slovakya<\/strong><span class=\"ez-toc-section-end\"><\/span><\/h3>\n\n\n\n<figure class=\"wp-block-image\"><img width=\"800\" height=\"500\" loading=\"lazy\" decoding=\"async\" src=\"data:image\/svg+xml;base64,PHN2ZyB4bWxucz0iaHR0cDovL3d3dy53My5vcmcvMjAwMC9zdmciIHdpZHRoPSI4MDAiIGhlaWdodD0iNTAwIj48cmVjdCB3aWR0aD0iMTAwJSIgaGVpZ2h0PSIxMDAlIj48YW5pbWF0ZSBhdHRyaWJ1dGVOYW1lPSJmaWxsIiB2YWx1ZXM9InJnYmEoMTUzLDE1MywxNTMsMC41KTtyZ2JhKDE1MywxNTMsMTUzLDAuMSk7cmdiYSgxNTMsMTUzLDE1MywwLjUpIiBkdXI9IjJzIiByZXBlYXRDb3VudD0iaW5kZWZpbml0ZSIgLz48L3JlY3Q+PC9zdmc+\" alt=\"\" class=\"wp-post-3536 wp-image-3653\" data-public-id=\"Slovakya-Bratislava_zxb5ub\/Slovakya-Bratislava_zxb5ub.jpg\" data-format=\"jpg\" data-transformations=\"f_auto,q_auto\/f_auto,q_auto:low\" data-version=\"1469540904\" data-seo=\"1\" data-size=\"800 500\" data-srcset=\"https:\/\/res.cloudinary.com\/turna\/images\/f_auto,q_auto\/f_auto,q_auto\/f_auto,q_auto:low\/v1469540904\/Slovakya-Bratislava_zxb5ub\/Slovakya-Bratislava_zxb5ub.jpg?_i=AA 800w, https:\/\/res.cloudinary.com\/turna\/images\/w_300,h_188,c_scale\/f_auto,q_auto\/f_auto,q_auto\/f_auto,q_auto:low\/v1469540904\/Slovakya-Bratislava_zxb5ub\/Slovakya-Bratislava_zxb5ub.jpg?_i=AA 300w, https:\/\/res.cloudinary.com\/turna\/images\/w_672,h_420,c_scale\/f_auto,q_auto\/f_auto,q_auto\/f_auto,q_auto:low\/v1469540904\/Slovakya-Bratislava_zxb5ub\/Slovakya-Bratislava_zxb5ub.jpg?_i=AA 672w, https:\/\/res.cloudinary.com\/turna\/images\/w_640,h_400,c_scale\/f_auto,q_auto\/f_auto,q_auto\/f_auto,q_auto:low\/v1469540904\/Slovakya-Bratislava_zxb5ub\/Slovakya-Bratislava_zxb5ub.jpg?_i=AA 640w, https:\/\/res.cloudinary.com\/turna\/images\/w_681,h_426,c_scale\/f_auto,q_auto\/f_auto,q_auto\/f_auto,q_auto:low\/v1469540904\/Slovakya-Bratislava_zxb5ub\/Slovakya-Bratislava_zxb5ub.jpg?_i=AA 681w\" data-sizes=\"(max-width: 800px) 100vw, 800px\" data-delivery=\"upload\" onload=\";window.CLDBind?CLDBind(this):null;\" data-cloudinary=\"lazy\" \/><\/figure>\n\n\n\n<p>Ufak bir \u015fehir olmas\u0131na ra\u011fmen, insan\u0131 i\u00e7ine \u00e7eken etkileyici bir g\u00f6r\u00fcn\u00fcme sahip olan <strong>Bratislava<\/strong>, dar sokaklar\u0131ndaki ilgin\u00e7 heykelleri ve eski yap\u0131lar\u0131 ile \u015firin bir ba\u015fkent.<\/p>\n\n\n\n<p>Avrupa&#8217;n\u0131n en g\u00f6rkemli ba\u015fkentlerini ziyaret edip, bu \u015fehirlerin zengin k\u00fclt\u00fcrlerine ve tarihi\u00a0g\u00fczelliklerine yak\u0131ndan tan\u0131k olmak istiyorsan\u0131z <a href=\"https:\/\/www.turna.com\/ucak-bileti\" target=\"_blank\" rel=\"noreferrer noopener\">u\u00e7ak bileti<\/a> f\u0131rsatlar\u0131na g\u00f6z atmay\u0131 unutmay\u0131n.<\/p>\n\n\n\n<p> <strong>NOT<\/strong>: <strong><a rel=\"noreferrer noopener\" href=\"https:\/\/www.turna.com\/sikca-sorulan-sorular\/almanya-vizesi\" target=\"_blank\">Almanya vizesi<\/a><\/strong> hakk\u0131nda da Turna.com \u00fczerinden detayl\u0131 bilgi alabilirsiniz. <\/p>\n\n    <div class=\"xs_social_share_widget xs_share_url after_content \t\tmain_content  wslu-style-1 wslu-share-box-shaped wslu-fill-colored wslu-none wslu-share-horizontal wslu-theme-font-no wslu-main_content\">\n\n\t\t\n        <ul>\n\t\t\t        <\/ul>\n    <\/div> \n","protected":false},"excerpt":{"rendered":"<p>Avrupa&#8217;n\u0131n birbirinden g\u00fczel yerle\u015fim yerleri&nbsp;aras\u0131ndan &#8216;ba\u015fkent&#8217;&nbsp;olma \u00f6zelli\u011fi ile s\u0131yr\u0131lan \u015fehirler, her y\u0131l milyonlarca ki\u015fi taraf\u0131ndan ziyaret ediliyor.&nbsp;Siz de, bulunduklar\u0131 \u00fclkelerin en \u00f6nemli yap\u0131lar\u0131na ev sahipli\u011fi yapan bu etkileyici \u015fehirleri gezip, do\u011fal ve tarihi g\u00fczellikleriyle tan\u0131\u015fma f\u0131rsat\u0131 bulabilirsiniz. Say\u0131s\u0131z medeniyete ev sahipli\u011fi yapan ve k\u00f6kl\u00fc tarihleri sayesinde olduk\u00e7a zengin bir k\u00fclt\u00fcrel dokuya kavu\u015fan bu e\u015fsiz \u015fehirleri [&hellip;]<\/p>\n","protected":false},"author":8,"featured_media":3653,"comment_status":"open","ping_status":"open","sticky":false,"template":"","format":"standard","meta":{"rop_custom_images_group":[],"rop_custom_messages_group":[],"rop_publish_now":"initial","rop_publish_now_accounts":[],"rop_publish_now_history":[],"rop_publish_now_status":"pending","_cloudinary_featured_overwrite":false,"footnotes":""},"categories":[398,110,735,161,33,95,101,29,165,169,27,177,18],"tags":[120,30,529,513,11,485,35,111,170,179,36,736,379,188,317,561,887,40,617,166,659,102,73,178,1329,990,376,162,10],"class_list":["post-3536","post","type-post","status-publish","format-standard","has-post-thumbnail","hentry","category-avrupa","category-almanya","category-arnavutluk","category-avusturya","category-belcika","category-cek-cumhuriyeti","category-fransa","category-hollanda","category-ispanya","category-isvicre","category-italya","category-slovakya","category-yunanistan","tag-almanya","tag-amsterdam","tag-andorra","tag-arnavutluk","tag-atina","tag-avusturya","tag-belcika","tag-berlin","tag-bern","tag-bratislava","tag-bruksel","tag-danimarka","tag-fransa","tag-hollanda","tag-ispanya","tag-isvec","tag-isvicre","tag-italya","tag-kopenhag","tag-madrid","tag-makedonya","tag-paris","tag-rome","tag-slovakya","tag-stokholm","tag-tiran","tag-uskup","tag-viyana","tag-yunanistan"],"_links":{"self":[{"href":"https:\/\/www.turna.com\/blog\/wp-json\/wp\/v2\/posts\/3536","targetHints":{"allow":["GET"]}}],"collection":[{"href":"https:\/\/www.turna.com\/blog\/wp-json\/wp\/v2\/posts"}],"about":[{"href":"https:\/\/www.turna.com\/blog\/wp-json\/wp\/v2\/types\/post"}],"author":[{"embeddable":true,"href":"https:\/\/www.turna.com\/blog\/wp-json\/wp\/v2\/users\/8"}],"replies":[{"embeddable":true,"href":"https:\/\/www.turna.com\/blog\/wp-json\/wp\/v2\/comments?post=3536"}],"version-history":[{"count":0,"href":"https:\/\/www.turna.com\/blog\/wp-json\/wp\/v2\/posts\/3536\/revisions"}],"wp:featuredmedia":[{"embeddable":true,"href":"https:\/\/www.turna.com\/blog\/wp-json\/wp\/v2\/media\/3653"}],"wp:attachment":[{"href":"https:\/\/www.turna.com\/blog\/wp-json\/wp\/v2\/media?parent=3536"}],"wp:term":[{"taxonomy":"category","embeddable":true,"href":"https:\/\/www.turna.com\/blog\/wp-json\/wp\/v2\/categories?post=3536"},{"taxonomy":"post_tag","embeddable":true,"href":"https:\/\/www.turna.com\/blog\/wp-json\/wp\/v2\/tags?post=3536"}],"curies":[{"name":"wp","href":"https:\/\/api.w.org\/{rel}","templated":true}]}}