{"id":3514,"date":"2016-08-01T00:05:56","date_gmt":"2016-07-31T21:05:56","guid":{"rendered":"https:\/\/www.turna.com\/blog\/?p=3514"},"modified":"2021-12-26T22:39:36","modified_gmt":"2021-12-26T19:39:36","slug":"selanike-gitmek-icin-5-neden","status":"publish","type":"post","link":"https:\/\/www.turna.com\/blog\/selanike-gitmek-icin-5-neden","title":{"rendered":"Selanik&#8217;e Gitmek \u0130\u00e7in 5 Neden"},"content":{"rendered":"<div id=\"ez-toc-container\" class=\"ez-toc-v2_0_82_2 counter-hierarchy ez-toc-counter ez-toc-black ez-toc-container-direction\">\n<div class=\"ez-toc-title-container\">\n<p class=\"ez-toc-title\" style=\"cursor:inherit\">\u0130\u00e7indekiler<\/p>\n<span class=\"ez-toc-title-toggle\"><a href=\"#\" class=\"ez-toc-pull-right ez-toc-btn ez-toc-btn-xs ez-toc-btn-default ez-toc-toggle\" aria-label=\"\u0130\u00e7indekiler Tablosunu A\u00e7\/Kapat\"><span class=\"ez-toc-js-icon-con\"><span class=\"\"><span class=\"eztoc-hide\" style=\"display:none;\">Toggle<\/span><span class=\"ez-toc-icon-toggle-span\"><svg style=\"fill: #ffffff;color:#ffffff\" xmlns=\"http:\/\/www.w3.org\/2000\/svg\" class=\"list-377408\" width=\"20px\" height=\"20px\" viewBox=\"0 0 24 24\" fill=\"none\"><path d=\"M6 6H4v2h2V6zm14 0H8v2h12V6zM4 11h2v2H4v-2zm16 0H8v2h12v-2zM4 16h2v2H4v-2zm16 0H8v2h12v-2z\" fill=\"currentColor\"><\/path><\/svg><svg style=\"fill: #ffffff;color:#ffffff\" class=\"arrow-unsorted-368013\" xmlns=\"http:\/\/www.w3.org\/2000\/svg\" width=\"10px\" height=\"10px\" viewBox=\"0 0 24 24\" version=\"1.2\" baseProfile=\"tiny\"><path d=\"M18.2 9.3l-6.2-6.3-6.2 6.3c-.2.2-.3.4-.3.7s.1.5.3.7c.2.2.4.3.7.3h11c.3 0 .5-.1.7-.3.2-.2.3-.5.3-.7s-.1-.5-.3-.7zM5.8 14.7l6.2 6.3 6.2-6.3c.2-.2.3-.5.3-.7s-.1-.5-.3-.7c-.2-.2-.4-.3-.7-.3h-11c-.3 0-.5.1-.7.3-.2.2-.3.5-.3.7s.1.5.3.7z\"\/><\/svg><\/span><\/span><\/span><\/a><\/span><\/div>\n<nav><ul class='ez-toc-list ez-toc-list-level-1 eztoc-toggle-hide-by-default' ><li class='ez-toc-page-1 ez-toc-heading-level-2'><a class=\"ez-toc-link ez-toc-heading-1\" href=\"https:\/\/www.turna.com\/blog\/selanike-gitmek-icin-5-neden\/#selanike_gitmek_icin_5_neden\" >Selanik&#8217;e Gitmek \u0130\u00e7in 5 Neden<\/a><ul class='ez-toc-list-level-3' ><li class='ez-toc-heading-level-3'><a class=\"ez-toc-link ez-toc-heading-2\" href=\"https:\/\/www.turna.com\/blog\/selanike-gitmek-icin-5-neden\/#1_yakin_mesafe\" >1. Yak\u0131n mesafe<\/a><\/li><li class='ez-toc-page-1 ez-toc-heading-level-3'><a class=\"ez-toc-link ez-toc-heading-3\" href=\"https:\/\/www.turna.com\/blog\/selanike-gitmek-icin-5-neden\/#2_ataturkun_dogdugu_yer\" >2. Atat\u00fcrk&#8217;\u00fcn do\u011fdu\u011fu yer<\/a><\/li><li class='ez-toc-page-1 ez-toc-heading-level-3'><a class=\"ez-toc-link ez-toc-heading-4\" href=\"https:\/\/www.turna.com\/blog\/selanike-gitmek-icin-5-neden\/#3_muhtesem_doga\" >3. Muhte\u015fem do\u011fa<\/a><\/li><li class='ez-toc-page-1 ez-toc-heading-level-3'><a class=\"ez-toc-link ez-toc-heading-5\" href=\"https:\/\/www.turna.com\/blog\/selanike-gitmek-icin-5-neden\/#4_tarihle_bas_basa\" >4. Tarihle ba\u015f ba\u015fa<\/a><\/li><li class='ez-toc-page-1 ez-toc-heading-level-3'><a class=\"ez-toc-link ez-toc-heading-6\" href=\"https:\/\/www.turna.com\/blog\/selanike-gitmek-icin-5-neden\/#5_sicakkanli_insanlar\" >5. S\u0131cakkanl\u0131 insanlar<\/a><\/li><\/ul><\/li><\/ul><\/nav><\/div>\n<p>Yunanistan&#8217;\u0131n en b\u00fcy\u00fck ikinci kenti Selanik, Yunan dilinde Thessaloniki olarak isimlendiriliyor. T\u00fcrkiye Cumhuriyeti&#8217;nin kurucusu Mustafa Kemal Atat\u00fcrk&#8217;\u00fcn de do\u011fdu\u011fu bu kent Balkanlar\u0131n en \u00f6nemli k\u00fclt\u00fcrel ve ticari merkezlerinden biri.<\/p>\n<p>Osmanl\u0131 \u0130mparatorlu\u011fu d\u00f6neminde de \u00f6nemini s\u00fcrd\u00fcren Selanik, Hristiyan, M\u00fcsl\u00fcman ve Yahudilerin bir arada ya\u015fad\u0131\u011f\u0131 ho\u015fg\u00f6r\u00fc kentleri aras\u0131ndayd\u0131. Bu g\u00fczel \u015fehri ke\u015ffetmek isteyen ve merak edenler i\u00e7in 5 farkl\u0131 nedeni bir araya getirdik.<\/p>\n<h2><span class=\"ez-toc-section\" id=\"selanike_gitmek_icin_5_neden\"><\/span><strong>Selanik&#8217;e Gitmek \u0130\u00e7in 5 Neden<\/strong><span class=\"ez-toc-section-end\"><\/span><\/h2>\n<h3><span class=\"ez-toc-section\" id=\"1_yakin_mesafe\"><\/span><strong>1. Yak\u0131n mesafe<\/strong><span class=\"ez-toc-section-end\"><\/span><\/h3>\n<p><img width=\"800\" height=\"500\" data-public-id=\"Selanik-Yunanistan_rdgqdk\/Selanik-Yunanistan_rdgqdk.jpg\" fetchpriority=\"high\" decoding=\"async\" class=\"alignnone wp-post-3514 wp-image-3706\" src=\"https:\/\/res.cloudinary.com\/turna\/images\/w_800,h_500,c_scale\/f_auto,q_auto:low\/v1470034338\/Selanik-Yunanistan_rdgqdk\/Selanik-Yunanistan_rdgqdk.jpg?_i=AA\" data-format=\"jpg\" data-transformations=\"f_auto,q_auto:low\" data-version=\"1470034338\" data-seo=\"1\" srcset=\"https:\/\/res.cloudinary.com\/turna\/images\/f_auto,q_auto:low\/v1470034338\/Selanik-Yunanistan_rdgqdk\/Selanik-Yunanistan_rdgqdk.jpg?_i=AA 800w, https:\/\/res.cloudinary.com\/turna\/images\/w_300,h_188,c_scale\/f_auto,q_auto:low\/v1470034338\/Selanik-Yunanistan_rdgqdk\/Selanik-Yunanistan_rdgqdk.jpg?_i=AA 300w, https:\/\/res.cloudinary.com\/turna\/images\/w_672,h_420,c_scale\/f_auto,q_auto:low\/v1470034338\/Selanik-Yunanistan_rdgqdk\/Selanik-Yunanistan_rdgqdk.jpg?_i=AA 672w, https:\/\/res.cloudinary.com\/turna\/images\/w_640,h_400,c_scale\/f_auto,q_auto:low\/v1470034338\/Selanik-Yunanistan_rdgqdk\/Selanik-Yunanistan_rdgqdk.jpg?_i=AA 640w, https:\/\/res.cloudinary.com\/turna\/images\/w_681,h_426,c_scale\/f_auto,q_auto:low\/v1470034338\/Selanik-Yunanistan_rdgqdk\/Selanik-Yunanistan_rdgqdk.jpg?_i=AA 681w\" sizes=\"(max-width: 800px) 100vw, 800px\" \/><\/p>\n<p>\u0130stanbul&#8217;dan d\u00fczenli hava yolu ba\u011flant\u0131s\u0131 bulunan \u015fehre, karayolu ve tren ile de ula\u015f\u0131m m\u00fcmk\u00fcn. \u00d6zel ara\u00e7la \u0130stanbul&#8217;dan 8 saatte gidilen kent, u\u00e7akla yaln\u0131zca 50 dakika s\u00fcr\u00fcyor. \u015eehir i\u00e7inde trafikte harcanan s\u00fcreden daha k\u0131sa s\u00fcrede bu g\u00fczel kenti g\u00f6rmek m\u00fcmk\u00fcn.<\/p>\n<h3><span class=\"ez-toc-section\" id=\"2_ataturkun_dogdugu_yer\"><\/span><strong>2. Atat\u00fcrk&#8217;\u00fcn do\u011fdu\u011fu yer<\/strong><span class=\"ez-toc-section-end\"><\/span><\/h3>\n<p>Cumhuriyetimizin kurucusu Atat\u00fcrk&#8217;\u00fcn 1881&#8217;de d\u00fcnyaya geldi\u011fi yer olan Selanik&#8217;te Atat\u00fcrk&#8217;\u00fcn evini ziyaret edebilirsiniz. T\u00fcrkiye Cumhuriyeti&#8217;nin Ba\u015fkonsoloslu\u011fu&#8217;nun da yer ald\u0131\u011f\u0131 komplekste Atat\u00fcrk Evi ve M\u00fczesi ziyaret edilebiliyor.<\/p>\n<h3><span class=\"ez-toc-section\" id=\"3_muhtesem_doga\"><\/span><strong>3. Muhte\u015fem do\u011fa<\/strong><span class=\"ez-toc-section-end\"><\/span><\/h3>\n<p><img width=\"800\" height=\"500\" data-public-id=\"Selanik-Greece_v9oefh\/Selanik-Greece_v9oefh.jpg\" decoding=\"async\" class=\"alignnone wp-post-3514 wp-image-3707\" src=\"https:\/\/res.cloudinary.com\/turna\/images\/w_800,h_500,c_scale\/f_auto,q_auto:low\/v1470034357\/Selanik-Greece_v9oefh\/Selanik-Greece_v9oefh.jpg?_i=AA\" data-format=\"jpg\" data-transformations=\"f_auto,q_auto:low\" data-version=\"1470034357\" data-seo=\"1\" srcset=\"https:\/\/res.cloudinary.com\/turna\/images\/f_auto,q_auto:low\/v1470034357\/Selanik-Greece_v9oefh\/Selanik-Greece_v9oefh.jpg?_i=AA 800w, https:\/\/res.cloudinary.com\/turna\/images\/w_300,h_188,c_scale\/f_auto,q_auto:low\/v1470034357\/Selanik-Greece_v9oefh\/Selanik-Greece_v9oefh.jpg?_i=AA 300w, https:\/\/res.cloudinary.com\/turna\/images\/w_672,h_420,c_scale\/f_auto,q_auto:low\/v1470034357\/Selanik-Greece_v9oefh\/Selanik-Greece_v9oefh.jpg?_i=AA 672w, https:\/\/res.cloudinary.com\/turna\/images\/w_640,h_400,c_scale\/f_auto,q_auto:low\/v1470034357\/Selanik-Greece_v9oefh\/Selanik-Greece_v9oefh.jpg?_i=AA 640w, https:\/\/res.cloudinary.com\/turna\/images\/w_681,h_426,c_scale\/f_auto,q_auto:low\/v1470034357\/Selanik-Greece_v9oefh\/Selanik-Greece_v9oefh.jpg?_i=AA 681w\" sizes=\"(max-width: 800px) 100vw, 800px\" \/><\/p>\n<p>Yunanistan&#8217;\u0131n Makedonya B\u00f6lgesi&#8217;nin kalbinde yer alan Selanik ve \u00e7evresinde birbirinden g\u00fczel do\u011fa harikalar\u0131 bulunuyor. Halkidiki Yar\u0131madas\u0131, Ta\u015foz Adas\u0131, ho\u015f kumsallar ve milli parklar kentin d\u00f6rt bir yan\u0131na da\u011f\u0131lm\u0131\u015f durumda. \u00d6zellikle do\u011fayla b\u00fct\u00fcnle\u015fmek isteyenler bu f\u0131rsat\u0131 ka\u00e7\u0131rmamal\u0131.<\/p>\n<h3><span class=\"ez-toc-section\" id=\"4_tarihle_bas_basa\"><\/span><strong>4. Tarihle ba\u015f ba\u015fa<\/strong><span class=\"ez-toc-section-end\"><\/span><\/h3>\n<p>\u00dc\u00e7 semavi dinin izlerini ta\u015f\u0131yan \u015fehirde bu inan\u00e7lar\u0131n mabedleri etkileyici g\u00fczellikte. Bir\u00e7o\u011fu hala ayakta olan yap\u0131lar\u0131n bir k\u0131sm\u0131 m\u00fcze olarak kullan\u0131l\u0131yor. \u015eehir ayn\u0131 zamanda Balkanlar\u0131n en b\u00fcy\u00fck arkeoloji m\u00fczelerinden birine de ev sahipli\u011fi yap\u0131yor.<\/p>\n<h3><span class=\"ez-toc-section\" id=\"5_sicakkanli_insanlar\"><\/span><strong>5. S\u0131cakkanl\u0131 insanlar<\/strong><span class=\"ez-toc-section-end\"><\/span><\/h3>\n<p><img width=\"800\" height=\"500\" data-public-id=\"Selanik-Yunanistan-Greece_gs4wtb\/Selanik-Yunanistan-Greece_gs4wtb.jpg\" decoding=\"async\" class=\"alignnone wp-post-3514 wp-image-3708\" src=\"https:\/\/res.cloudinary.com\/turna\/images\/w_800,h_500,c_scale\/f_auto,q_auto:low\/v1470034374\/Selanik-Yunanistan-Greece_gs4wtb\/Selanik-Yunanistan-Greece_gs4wtb.jpg?_i=AA\" data-format=\"jpg\" data-transformations=\"f_auto,q_auto:low\" data-version=\"1470034374\" data-seo=\"1\" srcset=\"https:\/\/res.cloudinary.com\/turna\/images\/f_auto,q_auto:low\/v1470034374\/Selanik-Yunanistan-Greece_gs4wtb\/Selanik-Yunanistan-Greece_gs4wtb.jpg?_i=AA 800w, https:\/\/res.cloudinary.com\/turna\/images\/w_300,h_188,c_scale\/f_auto,q_auto:low\/v1470034374\/Selanik-Yunanistan-Greece_gs4wtb\/Selanik-Yunanistan-Greece_gs4wtb.jpg?_i=AA 300w, https:\/\/res.cloudinary.com\/turna\/images\/w_672,h_420,c_scale\/f_auto,q_auto:low\/v1470034374\/Selanik-Yunanistan-Greece_gs4wtb\/Selanik-Yunanistan-Greece_gs4wtb.jpg?_i=AA 672w, https:\/\/res.cloudinary.com\/turna\/images\/w_640,h_400,c_scale\/f_auto,q_auto:low\/v1470034374\/Selanik-Yunanistan-Greece_gs4wtb\/Selanik-Yunanistan-Greece_gs4wtb.jpg?_i=AA 640w, https:\/\/res.cloudinary.com\/turna\/images\/w_681,h_426,c_scale\/f_auto,q_auto:low\/v1470034374\/Selanik-Yunanistan-Greece_gs4wtb\/Selanik-Yunanistan-Greece_gs4wtb.jpg?_i=AA 681w\" sizes=\"(max-width: 800px) 100vw, 800px\" \/><\/p>\n<p>Yunan halk\u0131 ve \u00f6zellikle Selanikliler T\u00fcrk vatanda\u015flar\u0131na kar\u015f\u0131 olduk\u00e7a yard\u0131msever ve s\u0131cakkanl\u0131 bir anlay\u0131\u015fla yakla\u015f\u0131yor. Her sokakta hissedilen bu ilgi ve sevgi kenti ziyaret etmek i\u00e7in en \u00f6nemli sebepler aras\u0131nda.<\/p>\n<p><a href=\"https:\/\/www.turna.com\/ucak-bileti\/selanik\" target=\"_blank\" rel=\"noopener\"><strong>Selanik u\u00e7ak bileti<\/strong><\/a> se\u00e7eneklerine g\u00f6z atarak bu etkileyici \u015fehri ziyaret yolunda ilk ad\u0131m\u0131 ger\u00e7ekle\u015ftirmek m\u00fcmk\u00fcn. Yunanistan&#8217;\u0131n d\u00f6rt bir yan\u0131 birbirinden g\u00fczel ve etkileyici \u015fehirlerle ziyaret\u00e7ilerini bekliyor.<\/p>\n\n    <div class=\"xs_social_share_widget xs_share_url after_content \t\tmain_content  wslu-style-1 wslu-share-box-shaped wslu-fill-colored wslu-none wslu-share-horizontal wslu-theme-font-no wslu-main_content\">\n\n\t\t\n        <ul>\n\t\t\t        <\/ul>\n    <\/div> \n","protected":false},"excerpt":{"rendered":"<p>Yunanistan&#8217;\u0131n en b\u00fcy\u00fck ikinci kenti Selanik, Yunan dilinde Thessaloniki olarak isimlendiriliyor. T\u00fcrkiye Cumhuriyeti&#8217;nin kurucusu Mustafa Kemal Atat\u00fcrk&#8217;\u00fcn de do\u011fdu\u011fu bu kent Balkanlar\u0131n en \u00f6nemli k\u00fclt\u00fcrel ve ticari merkezlerinden biri. Osmanl\u0131 \u0130mparatorlu\u011fu d\u00f6neminde de \u00f6nemini s\u00fcrd\u00fcren Selanik, Hristiyan, M\u00fcsl\u00fcman ve Yahudilerin bir arada ya\u015fad\u0131\u011f\u0131 ho\u015fg\u00f6r\u00fc kentleri aras\u0131ndayd\u0131. Bu g\u00fczel \u015fehri ke\u015ffetmek isteyen ve merak edenler i\u00e7in [&hellip;]<\/p>\n","protected":false},"author":9,"featured_media":3706,"comment_status":"open","ping_status":"open","sticky":false,"template":"","format":"standard","meta":{"rop_custom_images_group":[],"rop_custom_messages_group":[],"rop_publish_now":"initial","rop_publish_now_accounts":[],"rop_publish_now_history":[],"rop_publish_now_status":"pending","_cloudinary_featured_overwrite":false,"footnotes":""},"categories":[18],"tags":[7,2446,10],"class_list":["post-3514","post","type-post","status-publish","format-standard","has-post-thumbnail","hentry","category-yunanistan","tag-selanik","tag-selanik-yunanistan","tag-yunanistan"],"_links":{"self":[{"href":"https:\/\/www.turna.com\/blog\/wp-json\/wp\/v2\/posts\/3514","targetHints":{"allow":["GET"]}}],"collection":[{"href":"https:\/\/www.turna.com\/blog\/wp-json\/wp\/v2\/posts"}],"about":[{"href":"https:\/\/www.turna.com\/blog\/wp-json\/wp\/v2\/types\/post"}],"author":[{"embeddable":true,"href":"https:\/\/www.turna.com\/blog\/wp-json\/wp\/v2\/users\/9"}],"replies":[{"embeddable":true,"href":"https:\/\/www.turna.com\/blog\/wp-json\/wp\/v2\/comments?post=3514"}],"version-history":[{"count":0,"href":"https:\/\/www.turna.com\/blog\/wp-json\/wp\/v2\/posts\/3514\/revisions"}],"wp:featuredmedia":[{"embeddable":true,"href":"https:\/\/www.turna.com\/blog\/wp-json\/wp\/v2\/media\/3706"}],"wp:attachment":[{"href":"https:\/\/www.turna.com\/blog\/wp-json\/wp\/v2\/media?parent=3514"}],"wp:term":[{"taxonomy":"category","embeddable":true,"href":"https:\/\/www.turna.com\/blog\/wp-json\/wp\/v2\/categories?post=3514"},{"taxonomy":"post_tag","embeddable":true,"href":"https:\/\/www.turna.com\/blog\/wp-json\/wp\/v2\/tags?post=3514"}],"curies":[{"name":"wp","href":"https:\/\/api.w.org\/{rel}","templated":true}]}}